{"id":3151,"date":"2009-04-24T10:10:27","date_gmt":"2009-04-24T08:10:27","guid":{"rendered":""},"modified":"2016-04-13T14:51:50","modified_gmt":"2016-04-13T12:51:50","slug":"israele-rischia-a-nome-di-tutto-loccidente","status":"publish","type":"post","link":"https:\/\/www.rassegnastampa-totustuus.it\/cattolica\/israele-rischia-a-nome-di-tutto-loccidente\/","title":{"rendered":"Israele rischia a nome di tutto l&#8217;occidente"},"content":{"rendered":"<div style=\"text-align: center;\"><strong><img loading=\"lazy\" decoding=\"async\" class=\"alignright wp-image-32825\" src=\"https:\/\/www.rassegnastampa-totustuus.it\/cattolica\/wp-content\/uploads\/2009\/04\/israele_palestina.jpg\" alt=\"israele_palestina\" width=\"250\" height=\"125\" srcset=\"https:\/\/www.rassegnastampa-totustuus.it\/cattolica\/wp-content\/uploads\/2009\/04\/israele_palestina.jpg 318w, https:\/\/www.rassegnastampa-totustuus.it\/cattolica\/wp-content\/uploads\/2009\/04\/israele_palestina-300x150.jpg 300w\" sizes=\"auto, (max-width: 250px) 100vw, 250px\" \/>Il Foglio,<\/strong> 30 dicembre 2008<\/div>\n<p style=\"text-align: center;\">\u00a0di <strong>Carlo Panella<\/strong><\/p>\n<p style=\"text-align: justify;\">Gaza non \u00e8 un problema del solo Israele, Hamas padrona di Gaza \u00e8 un pericolo per tutto il mondo, ma Israele \u00e8 lasciato solo a contrastare il virus jihadista di Hamas.<\/p>\n<p><!--more--><\/p>\n<div style=\"text-align: justify;\">Non \u00e8 la prima volta, non sar\u00e0 l\u2019ultima che gli ebrei sono lasciati solo a contrastare un insorgenza nazista. E\u2019 gi\u00e0 successo a Varsavia; gi\u00e0 nel 1948 e nel 1956 e nel 1967.<\/div>\n<p style=\"text-align: justify;\">Pure, basta leggere la stampa araba, per capire che Hamas a Gaza \u00e8 una minaccia jihadista mortale per tutti i paesi arabi. Basta guardare la ferocia con cui la guardia di frontiera egiziana tiene alla larga il palestinesi che vorrebbero lasciare Gaza, per capire che Hosni Mubarak \u2013e con lui re Abdullah dell\u2019Arabia Saudita- sono ben contenti che Israele \u2013al solito- faccia quel \u201clavoro sporco\u201d che loro per imbelle ignavia non sanno fare: contrastare e combattere l\u2019Internazionale del jihad sta che ha nell\u2019Iran il suo caposaldo e in Hamas a Gaza la sua testa di ponte sul Mediterraneo.<\/p>\n<p style=\"text-align: justify;\">Solo la congenita vilt\u00e0 dell\u2019Europa unita, pu\u00f2 fingere che Gaza sia problema degli ebrei di Israele e non della sua stessa sicurezza, pu\u00f2 far fingere di non vedere che Hamas \u00e8 parte della strategia dell\u2019atomica iraniana. Solo una diplomazia mondiale ormai indefinibile, alla pari con l\u2019intellighenzjia progressista pi\u00f9 sterile della storia, pu\u00f2 pensare che sia ancora possibile, a Gaza, lo schema \u201cpace in cambio di territori\u201d.<\/p>\n<p style=\"text-align: justify;\">Hamas incarna la negazione assoluta di quella prospettiva, e l\u2019ha dimostrato ad un mondo che non vuole prenderne atto, perch\u00e9 allora dovrebbe agire e reagire. Hamas ha avuto il territorio di Gaza e l\u2019ha usato non per implementare una trattativa che l\u2019avrebbe vista trionfante nel 2006, ma per spiegare a tutto il mondo che la sua strategia \u00e8 il jihad, versione Ahmadinejiad e il suo fine ultimo \u00e8 la distruzione di Israele, nel nome di un \u201cUomo nuovo islamico\u201d, che mette i brividi, lo stesso che condanna a morte le bimbe che vanno a scuola a Kabul.<\/p>\n<p style=\"text-align: justify;\">Hamas ha sempre rifiutato di riconoscere il diritto a esistere di Israele e ha estirpato da Gaza tutti i palestinesi che intendevano perseguire la politica di \u201cpace contro territori\u201d. Dal giugno del 2007. dalle stragi di palestinesi compiute da palestinesi, dal \u201cgolpe di Hamas\u201d denunciato da Abu Mazen, tutto il mondo arabo sa, tutta l\u2019Europa sa, che Gaza \u00e8 in mano ad un partito che predica l\u2019odio jihadista, che vuole distruggere Israele e abbattere tutti i regimi arabi, in piena sintonia con i deliri della rivoluzione iraniana diretta dall\u2019ayatollah Khamenei.<\/p>\n<p style=\"text-align: justify;\">Ma, a fronte dell\u2019evidenza del pericolo universale costituito dai deliri di Hamas, i paesi arabi hanno solo saputo erigere una frontiera di ferro attorno a Gaza (ricordate i palestinesi morti per mano dei mitra egiziani ?) e proporre inutili trattative di pace tra Abu Mazen e Hamas. Trattative che Hamas ha sabotato proprio quando ha iniziato a lanciare razzi su Israele.<\/p>\n<p style=\"text-align: justify;\">L\u2019Europa ha fatto di peggio, ha mandato un Tony Blair nella veste del costoso e inutilissimo mediatore a fare finta che si possa ancora parlare di \u201cPace contro territori\u201d, ipocritamente e falsamente sostenendo che un accordo tra Abu Mazen e Israele risolverebbe il \u201cproblema Hamas\u201d.<\/p>\n<p style=\"text-align: justify;\">Ma Hamas ha come obbiettivo prioritario quello di impedire l\u2019accordo tra Gerusalemme e Ramallah, in una continuit\u00e0 di ormai 80 anni con quell\u2019Ezzedin al Kassem che combatt\u00e8 negli anni venti agli ordini del filonazista Gran Muft\u2019, contro i palestinesi Nashashibi che invece cercavano l\u2019accordo con i sionisti. Il mondo intero \u2013Usa esclusi- ha fatto finta che dei nazisti islamici di Hamas si dovesse occupare solo Israele. E Israele se ne occupa. Come pu\u00f2. Come deve.<\/p>\n<p style=\"text-align: justify;\">(A.C. Valdera)<\/p>\n","protected":false},"excerpt":{"rendered":"<p>Il Foglio, 30 dicembre 2008 \u00a0di Carlo Panella Gaza non \u00e8 un problema del solo Israele, Hamas padrona di Gaza \u00e8 un pericolo per tutto il mondo, ma Israele \u00e8 lasciato solo a contrastare il virus jihadista di Hamas.<\/p><p><a class=\"more-link btn\" href=\"https:\/\/www.rassegnastampa-totustuus.it\/cattolica\/israele-rischia-a-nome-di-tutto-loccidente\/\">Continua a leggere<\/a><\/p>\n","protected":false},"author":6,"featured_media":32825,"comment_status":"closed","ping_status":"open","sticky":false,"template":"","format":"standard","meta":{"footnotes":""},"categories":[75,108,19],"tags":[732],"class_list":["post-3151","post","type-post","status-publish","format-standard","has-post-thumbnail","hentry","category-israele","category-paesi-e-continenti","category-politica-internazionale","tag-hamas","item-wrap"],"yoast_head":"<!-- This site is optimized with the Yoast SEO plugin v27.5 - https:\/\/yoast.com\/product\/yoast-seo-wordpress\/ -->\n<title>Israele rischia a nome di tutto l&#039;occidente - Rassegna Stampa Cattolica<\/title>\n<meta name=\"description\" content=\"Rassegna Stampa Cattolica - Per una cultura che nasce dalla Rivelazione cristiana in conformit\u00e0 alla tradizione e al Magistero della Chiesa in opposizione ad ogni relativismo e totalitarismo\" \/>\n<meta name=\"robots\" content=\"index, follow, max-snippet:-1, max-image-preview:large, max-video-preview:-1\" \/>\n<link rel=\"canonical\" href=\"https:\/\/www.rassegnastampa-totustuus.it\/cattolica\/israele-rischia-a-nome-di-tutto-loccidente\/\" \/>\n<meta property=\"og:locale\" content=\"it_IT\" \/>\n<meta property=\"og:type\" content=\"article\" \/>\n<meta property=\"og:title\" content=\"Israele rischia a nome di tutto l&#039;occidente - Rassegna Stampa Cattolica\" \/>\n<meta property=\"og:description\" content=\"Rassegna Stampa Cattolica - Per una cultura che nasce dalla Rivelazione cristiana in conformit\u00e0 alla tradizione e al Magistero della Chiesa in opposizione ad ogni relativismo e totalitarismo\" \/>\n<meta property=\"og:url\" content=\"https:\/\/www.rassegnastampa-totustuus.it\/cattolica\/israele-rischia-a-nome-di-tutto-loccidente\/\" \/>\n<meta property=\"og:site_name\" content=\"Rassegna Stampa Cattolica\" \/>\n<meta property=\"article:publisher\" content=\"https:\/\/www.facebook.com\/rassegnastampacattolica\" \/>\n<meta property=\"article:published_time\" content=\"2009-04-24T08:10:27+00:00\" \/>\n<meta property=\"article:modified_time\" content=\"2016-04-13T12:51:50+00:00\" \/>\n<meta property=\"og:image\" content=\"https:\/\/www.rassegnastampa-totustuus.it\/cattolica\/wp-content\/uploads\/2009\/04\/israele_palestina.jpg\" \/>\n\t<meta property=\"og:image:width\" content=\"318\" \/>\n\t<meta property=\"og:image:height\" content=\"159\" \/>\n\t<meta property=\"og:image:type\" content=\"image\/jpeg\" \/>\n<meta name=\"author\" content=\"Redazione\" \/>\n<meta name=\"twitter:card\" content=\"summary_large_image\" \/>\n<meta name=\"twitter:creator\" content=\"@rassegnastampa9\" \/>\n<meta name=\"twitter:site\" content=\"@rassegnastampa9\" \/>\n<meta name=\"twitter:label1\" content=\"Scritto da\" \/>\n\t<meta name=\"twitter:data1\" content=\"Redazione\" \/>\n\t<meta name=\"twitter:label2\" content=\"Tempo di lettura stimato\" \/>\n\t<meta name=\"twitter:data2\" content=\"3 minuti\" \/>\n<script type=\"application\/ld+json\" class=\"yoast-schema-graph\">{\"@context\":\"https:\\\/\\\/schema.org\",\"@graph\":[{\"@type\":\"Article\",\"@id\":\"https:\\\/\\\/www.rassegnastampa-totustuus.it\\\/cattolica\\\/israele-rischia-a-nome-di-tutto-loccidente\\\/#article\",\"isPartOf\":{\"@id\":\"https:\\\/\\\/www.rassegnastampa-totustuus.it\\\/cattolica\\\/israele-rischia-a-nome-di-tutto-loccidente\\\/\"},\"author\":{\"name\":\"Redazione\",\"@id\":\"https:\\\/\\\/www.rassegnastampa-totustuus.it\\\/cattolica\\\/#\\\/schema\\\/person\\\/08f319d2bd1a0904ad9e2bfb7b15e5c3\"},\"headline\":\"Israele rischia a nome di tutto l&#8217;occidente\",\"datePublished\":\"2009-04-24T08:10:27+00:00\",\"dateModified\":\"2016-04-13T12:51:50+00:00\",\"mainEntityOfPage\":{\"@id\":\"https:\\\/\\\/www.rassegnastampa-totustuus.it\\\/cattolica\\\/israele-rischia-a-nome-di-tutto-loccidente\\\/\"},\"wordCount\":615,\"publisher\":{\"@id\":\"https:\\\/\\\/www.rassegnastampa-totustuus.it\\\/cattolica\\\/#organization\"},\"image\":{\"@id\":\"https:\\\/\\\/www.rassegnastampa-totustuus.it\\\/cattolica\\\/israele-rischia-a-nome-di-tutto-loccidente\\\/#primaryimage\"},\"thumbnailUrl\":\"https:\\\/\\\/www.rassegnastampa-totustuus.it\\\/cattolica\\\/wp-content\\\/uploads\\\/2009\\\/04\\\/israele_palestina.jpg\",\"keywords\":[\"hamas\"],\"articleSection\":[\"Israele\",\"Paesi e continenti\",\"Politica internazionale\"],\"inLanguage\":\"it-IT\"},{\"@type\":\"WebPage\",\"@id\":\"https:\\\/\\\/www.rassegnastampa-totustuus.it\\\/cattolica\\\/israele-rischia-a-nome-di-tutto-loccidente\\\/\",\"url\":\"https:\\\/\\\/www.rassegnastampa-totustuus.it\\\/cattolica\\\/israele-rischia-a-nome-di-tutto-loccidente\\\/\",\"name\":\"Israele rischia a nome di tutto l'occidente - Rassegna Stampa Cattolica\",\"isPartOf\":{\"@id\":\"https:\\\/\\\/www.rassegnastampa-totustuus.it\\\/cattolica\\\/#website\"},\"primaryImageOfPage\":{\"@id\":\"https:\\\/\\\/www.rassegnastampa-totustuus.it\\\/cattolica\\\/israele-rischia-a-nome-di-tutto-loccidente\\\/#primaryimage\"},\"image\":{\"@id\":\"https:\\\/\\\/www.rassegnastampa-totustuus.it\\\/cattolica\\\/israele-rischia-a-nome-di-tutto-loccidente\\\/#primaryimage\"},\"thumbnailUrl\":\"https:\\\/\\\/www.rassegnastampa-totustuus.it\\\/cattolica\\\/wp-content\\\/uploads\\\/2009\\\/04\\\/israele_palestina.jpg\",\"datePublished\":\"2009-04-24T08:10:27+00:00\",\"dateModified\":\"2016-04-13T12:51:50+00:00\",\"description\":\"Rassegna Stampa Cattolica - Per una cultura che nasce dalla Rivelazione cristiana in conformit\u00e0 alla tradizione e al Magistero della Chiesa in opposizione ad ogni relativismo e totalitarismo\",\"breadcrumb\":{\"@id\":\"https:\\\/\\\/www.rassegnastampa-totustuus.it\\\/cattolica\\\/israele-rischia-a-nome-di-tutto-loccidente\\\/#breadcrumb\"},\"inLanguage\":\"it-IT\",\"potentialAction\":[{\"@type\":\"ReadAction\",\"target\":[\"https:\\\/\\\/www.rassegnastampa-totustuus.it\\\/cattolica\\\/israele-rischia-a-nome-di-tutto-loccidente\\\/\"]}]},{\"@type\":\"ImageObject\",\"inLanguage\":\"it-IT\",\"@id\":\"https:\\\/\\\/www.rassegnastampa-totustuus.it\\\/cattolica\\\/israele-rischia-a-nome-di-tutto-loccidente\\\/#primaryimage\",\"url\":\"https:\\\/\\\/www.rassegnastampa-totustuus.it\\\/cattolica\\\/wp-content\\\/uploads\\\/2009\\\/04\\\/israele_palestina.jpg\",\"contentUrl\":\"https:\\\/\\\/www.rassegnastampa-totustuus.it\\\/cattolica\\\/wp-content\\\/uploads\\\/2009\\\/04\\\/israele_palestina.jpg\",\"width\":318,\"height\":159},{\"@type\":\"BreadcrumbList\",\"@id\":\"https:\\\/\\\/www.rassegnastampa-totustuus.it\\\/cattolica\\\/israele-rischia-a-nome-di-tutto-loccidente\\\/#breadcrumb\",\"itemListElement\":[{\"@type\":\"ListItem\",\"position\":1,\"name\":\"Home\",\"item\":\"https:\\\/\\\/www.rassegnastampa-totustuus.it\\\/cattolica\\\/\"},{\"@type\":\"ListItem\",\"position\":2,\"name\":\"Israele rischia a nome di tutto l&#8217;occidente\"}]},{\"@type\":\"WebSite\",\"@id\":\"https:\\\/\\\/www.rassegnastampa-totustuus.it\\\/cattolica\\\/#website\",\"url\":\"https:\\\/\\\/www.rassegnastampa-totustuus.it\\\/cattolica\\\/\",\"name\":\"Rassegna Stampa Cattolica\",\"description\":\"Per una cultura che nasce dalla Rivelazione cristiana in conformit\u00e0 alla tradizione e al Magistero della Chiesa in opposizione ad ogni relativismo e totalitarismo\",\"publisher\":{\"@id\":\"https:\\\/\\\/www.rassegnastampa-totustuus.it\\\/cattolica\\\/#organization\"},\"alternateName\":\"Rass. Cattolica\",\"potentialAction\":[{\"@type\":\"SearchAction\",\"target\":{\"@type\":\"EntryPoint\",\"urlTemplate\":\"https:\\\/\\\/www.rassegnastampa-totustuus.it\\\/cattolica\\\/?s={search_term_string}\"},\"query-input\":{\"@type\":\"PropertyValueSpecification\",\"valueRequired\":true,\"valueName\":\"search_term_string\"}}],\"inLanguage\":\"it-IT\"},{\"@type\":\"Organization\",\"@id\":\"https:\\\/\\\/www.rassegnastampa-totustuus.it\\\/cattolica\\\/#organization\",\"name\":\"Rassegna Stampa Cattolica\",\"url\":\"https:\\\/\\\/www.rassegnastampa-totustuus.it\\\/cattolica\\\/\",\"logo\":{\"@type\":\"ImageObject\",\"inLanguage\":\"it-IT\",\"@id\":\"https:\\\/\\\/www.rassegnastampa-totustuus.it\\\/cattolica\\\/#\\\/schema\\\/logo\\\/image\\\/\",\"url\":\"https:\\\/\\\/www.rassegnastampa-totustuus.it\\\/cattolica\\\/wp-content\\\/uploads\\\/2014\\\/04\\\/logo-rassegna1.gif\",\"contentUrl\":\"https:\\\/\\\/www.rassegnastampa-totustuus.it\\\/cattolica\\\/wp-content\\\/uploads\\\/2014\\\/04\\\/logo-rassegna1.gif\",\"width\":600,\"height\":163,\"caption\":\"Rassegna Stampa Cattolica\"},\"image\":{\"@id\":\"https:\\\/\\\/www.rassegnastampa-totustuus.it\\\/cattolica\\\/#\\\/schema\\\/logo\\\/image\\\/\"},\"sameAs\":[\"https:\\\/\\\/www.facebook.com\\\/rassegnastampacattolica\",\"https:\\\/\\\/x.com\\\/rassegnastampa9\"]},{\"@type\":\"Person\",\"@id\":\"https:\\\/\\\/www.rassegnastampa-totustuus.it\\\/cattolica\\\/#\\\/schema\\\/person\\\/08f319d2bd1a0904ad9e2bfb7b15e5c3\",\"name\":\"Redazione\",\"image\":{\"@type\":\"ImageObject\",\"inLanguage\":\"it-IT\",\"@id\":\"https:\\\/\\\/secure.gravatar.com\\\/avatar\\\/2fcdf27c78ea025fbdb44e914cc63c72249ffec9dc8aafd5c82b26240ef3f346?s=96&d=mm&r=g\",\"url\":\"https:\\\/\\\/secure.gravatar.com\\\/avatar\\\/2fcdf27c78ea025fbdb44e914cc63c72249ffec9dc8aafd5c82b26240ef3f346?s=96&d=mm&r=g\",\"contentUrl\":\"https:\\\/\\\/secure.gravatar.com\\\/avatar\\\/2fcdf27c78ea025fbdb44e914cc63c72249ffec9dc8aafd5c82b26240ef3f346?s=96&d=mm&r=g\",\"caption\":\"Redazione\"},\"url\":\"https:\\\/\\\/www.rassegnastampa-totustuus.it\\\/cattolica\\\/author\\\/pietroelle\\\/\"}]}<\/script>\n<!-- \/ Yoast SEO plugin. -->","yoast_head_json":{"title":"Israele rischia a nome di tutto l'occidente - Rassegna Stampa Cattolica","description":"Rassegna Stampa Cattolica - Per una cultura che nasce dalla Rivelazione cristiana in conformit\u00e0 alla tradizione e al Magistero della Chiesa in opposizione ad ogni relativismo e totalitarismo","robots":{"index":"index","follow":"follow","max-snippet":"max-snippet:-1","max-image-preview":"max-image-preview:large","max-video-preview":"max-video-preview:-1"},"canonical":"https:\/\/www.rassegnastampa-totustuus.it\/cattolica\/israele-rischia-a-nome-di-tutto-loccidente\/","og_locale":"it_IT","og_type":"article","og_title":"Israele rischia a nome di tutto l'occidente - Rassegna Stampa Cattolica","og_description":"Rassegna Stampa Cattolica - Per una cultura che nasce dalla Rivelazione cristiana in conformit\u00e0 alla tradizione e al Magistero della Chiesa in opposizione ad ogni relativismo e totalitarismo","og_url":"https:\/\/www.rassegnastampa-totustuus.it\/cattolica\/israele-rischia-a-nome-di-tutto-loccidente\/","og_site_name":"Rassegna Stampa Cattolica","article_publisher":"https:\/\/www.facebook.com\/rassegnastampacattolica","article_published_time":"2009-04-24T08:10:27+00:00","article_modified_time":"2016-04-13T12:51:50+00:00","og_image":[{"width":318,"height":159,"url":"https:\/\/www.rassegnastampa-totustuus.it\/cattolica\/wp-content\/uploads\/2009\/04\/israele_palestina.jpg","type":"image\/jpeg"}],"author":"Redazione","twitter_card":"summary_large_image","twitter_creator":"@rassegnastampa9","twitter_site":"@rassegnastampa9","twitter_misc":{"Scritto da":"Redazione","Tempo di lettura stimato":"3 minuti"},"schema":{"@context":"https:\/\/schema.org","@graph":[{"@type":"Article","@id":"https:\/\/www.rassegnastampa-totustuus.it\/cattolica\/israele-rischia-a-nome-di-tutto-loccidente\/#article","isPartOf":{"@id":"https:\/\/www.rassegnastampa-totustuus.it\/cattolica\/israele-rischia-a-nome-di-tutto-loccidente\/"},"author":{"name":"Redazione","@id":"https:\/\/www.rassegnastampa-totustuus.it\/cattolica\/#\/schema\/person\/08f319d2bd1a0904ad9e2bfb7b15e5c3"},"headline":"Israele rischia a nome di tutto l&#8217;occidente","datePublished":"2009-04-24T08:10:27+00:00","dateModified":"2016-04-13T12:51:50+00:00","mainEntityOfPage":{"@id":"https:\/\/www.rassegnastampa-totustuus.it\/cattolica\/israele-rischia-a-nome-di-tutto-loccidente\/"},"wordCount":615,"publisher":{"@id":"https:\/\/www.rassegnastampa-totustuus.it\/cattolica\/#organization"},"image":{"@id":"https:\/\/www.rassegnastampa-totustuus.it\/cattolica\/israele-rischia-a-nome-di-tutto-loccidente\/#primaryimage"},"thumbnailUrl":"https:\/\/www.rassegnastampa-totustuus.it\/cattolica\/wp-content\/uploads\/2009\/04\/israele_palestina.jpg","keywords":["hamas"],"articleSection":["Israele","Paesi e continenti","Politica internazionale"],"inLanguage":"it-IT"},{"@type":"WebPage","@id":"https:\/\/www.rassegnastampa-totustuus.it\/cattolica\/israele-rischia-a-nome-di-tutto-loccidente\/","url":"https:\/\/www.rassegnastampa-totustuus.it\/cattolica\/israele-rischia-a-nome-di-tutto-loccidente\/","name":"Israele rischia a nome di tutto l'occidente - Rassegna Stampa Cattolica","isPartOf":{"@id":"https:\/\/www.rassegnastampa-totustuus.it\/cattolica\/#website"},"primaryImageOfPage":{"@id":"https:\/\/www.rassegnastampa-totustuus.it\/cattolica\/israele-rischia-a-nome-di-tutto-loccidente\/#primaryimage"},"image":{"@id":"https:\/\/www.rassegnastampa-totustuus.it\/cattolica\/israele-rischia-a-nome-di-tutto-loccidente\/#primaryimage"},"thumbnailUrl":"https:\/\/www.rassegnastampa-totustuus.it\/cattolica\/wp-content\/uploads\/2009\/04\/israele_palestina.jpg","datePublished":"2009-04-24T08:10:27+00:00","dateModified":"2016-04-13T12:51:50+00:00","description":"Rassegna Stampa Cattolica - Per una cultura che nasce dalla Rivelazione cristiana in conformit\u00e0 alla tradizione e al Magistero della Chiesa in opposizione ad ogni relativismo e totalitarismo","breadcrumb":{"@id":"https:\/\/www.rassegnastampa-totustuus.it\/cattolica\/israele-rischia-a-nome-di-tutto-loccidente\/#breadcrumb"},"inLanguage":"it-IT","potentialAction":[{"@type":"ReadAction","target":["https:\/\/www.rassegnastampa-totustuus.it\/cattolica\/israele-rischia-a-nome-di-tutto-loccidente\/"]}]},{"@type":"ImageObject","inLanguage":"it-IT","@id":"https:\/\/www.rassegnastampa-totustuus.it\/cattolica\/israele-rischia-a-nome-di-tutto-loccidente\/#primaryimage","url":"https:\/\/www.rassegnastampa-totustuus.it\/cattolica\/wp-content\/uploads\/2009\/04\/israele_palestina.jpg","contentUrl":"https:\/\/www.rassegnastampa-totustuus.it\/cattolica\/wp-content\/uploads\/2009\/04\/israele_palestina.jpg","width":318,"height":159},{"@type":"BreadcrumbList","@id":"https:\/\/www.rassegnastampa-totustuus.it\/cattolica\/israele-rischia-a-nome-di-tutto-loccidente\/#breadcrumb","itemListElement":[{"@type":"ListItem","position":1,"name":"Home","item":"https:\/\/www.rassegnastampa-totustuus.it\/cattolica\/"},{"@type":"ListItem","position":2,"name":"Israele rischia a nome di tutto l&#8217;occidente"}]},{"@type":"WebSite","@id":"https:\/\/www.rassegnastampa-totustuus.it\/cattolica\/#website","url":"https:\/\/www.rassegnastampa-totustuus.it\/cattolica\/","name":"Rassegna Stampa Cattolica","description":"Per una cultura che nasce dalla Rivelazione cristiana in conformit\u00e0 alla tradizione e al Magistero della Chiesa in opposizione ad ogni relativismo e totalitarismo","publisher":{"@id":"https:\/\/www.rassegnastampa-totustuus.it\/cattolica\/#organization"},"alternateName":"Rass. Cattolica","potentialAction":[{"@type":"SearchAction","target":{"@type":"EntryPoint","urlTemplate":"https:\/\/www.rassegnastampa-totustuus.it\/cattolica\/?s={search_term_string}"},"query-input":{"@type":"PropertyValueSpecification","valueRequired":true,"valueName":"search_term_string"}}],"inLanguage":"it-IT"},{"@type":"Organization","@id":"https:\/\/www.rassegnastampa-totustuus.it\/cattolica\/#organization","name":"Rassegna Stampa Cattolica","url":"https:\/\/www.rassegnastampa-totustuus.it\/cattolica\/","logo":{"@type":"ImageObject","inLanguage":"it-IT","@id":"https:\/\/www.rassegnastampa-totustuus.it\/cattolica\/#\/schema\/logo\/image\/","url":"https:\/\/www.rassegnastampa-totustuus.it\/cattolica\/wp-content\/uploads\/2014\/04\/logo-rassegna1.gif","contentUrl":"https:\/\/www.rassegnastampa-totustuus.it\/cattolica\/wp-content\/uploads\/2014\/04\/logo-rassegna1.gif","width":600,"height":163,"caption":"Rassegna Stampa Cattolica"},"image":{"@id":"https:\/\/www.rassegnastampa-totustuus.it\/cattolica\/#\/schema\/logo\/image\/"},"sameAs":["https:\/\/www.facebook.com\/rassegnastampacattolica","https:\/\/x.com\/rassegnastampa9"]},{"@type":"Person","@id":"https:\/\/www.rassegnastampa-totustuus.it\/cattolica\/#\/schema\/person\/08f319d2bd1a0904ad9e2bfb7b15e5c3","name":"Redazione","image":{"@type":"ImageObject","inLanguage":"it-IT","@id":"https:\/\/secure.gravatar.com\/avatar\/2fcdf27c78ea025fbdb44e914cc63c72249ffec9dc8aafd5c82b26240ef3f346?s=96&d=mm&r=g","url":"https:\/\/secure.gravatar.com\/avatar\/2fcdf27c78ea025fbdb44e914cc63c72249ffec9dc8aafd5c82b26240ef3f346?s=96&d=mm&r=g","contentUrl":"https:\/\/secure.gravatar.com\/avatar\/2fcdf27c78ea025fbdb44e914cc63c72249ffec9dc8aafd5c82b26240ef3f346?s=96&d=mm&r=g","caption":"Redazione"},"url":"https:\/\/www.rassegnastampa-totustuus.it\/cattolica\/author\/pietroelle\/"}]}},"_links":{"self":[{"href":"https:\/\/www.rassegnastampa-totustuus.it\/cattolica\/wp-json\/wp\/v2\/posts\/3151","targetHints":{"allow":["GET"]}}],"collection":[{"href":"https:\/\/www.rassegnastampa-totustuus.it\/cattolica\/wp-json\/wp\/v2\/posts"}],"about":[{"href":"https:\/\/www.rassegnastampa-totustuus.it\/cattolica\/wp-json\/wp\/v2\/types\/post"}],"author":[{"embeddable":true,"href":"https:\/\/www.rassegnastampa-totustuus.it\/cattolica\/wp-json\/wp\/v2\/users\/6"}],"replies":[{"embeddable":true,"href":"https:\/\/www.rassegnastampa-totustuus.it\/cattolica\/wp-json\/wp\/v2\/comments?post=3151"}],"version-history":[{"count":4,"href":"https:\/\/www.rassegnastampa-totustuus.it\/cattolica\/wp-json\/wp\/v2\/posts\/3151\/revisions"}],"predecessor-version":[{"id":32826,"href":"https:\/\/www.rassegnastampa-totustuus.it\/cattolica\/wp-json\/wp\/v2\/posts\/3151\/revisions\/32826"}],"wp:featuredmedia":[{"embeddable":true,"href":"https:\/\/www.rassegnastampa-totustuus.it\/cattolica\/wp-json\/wp\/v2\/media\/32825"}],"wp:attachment":[{"href":"https:\/\/www.rassegnastampa-totustuus.it\/cattolica\/wp-json\/wp\/v2\/media?parent=3151"}],"wp:term":[{"taxonomy":"category","embeddable":true,"href":"https:\/\/www.rassegnastampa-totustuus.it\/cattolica\/wp-json\/wp\/v2\/categories?post=3151"},{"taxonomy":"post_tag","embeddable":true,"href":"https:\/\/www.rassegnastampa-totustuus.it\/cattolica\/wp-json\/wp\/v2\/tags?post=3151"}],"curies":[{"name":"wp","href":"https:\/\/api.w.org\/{rel}","templated":true}]}}