{"id":315,"date":"2005-01-20T18:25:30","date_gmt":"2005-01-20T17:25:30","guid":{"rendered":""},"modified":"2025-07-06T16:39:41","modified_gmt":"2025-07-06T14:39:41","slug":"brigate-contro-il-biancofiore","status":"publish","type":"post","link":"https:\/\/www.rassegnastampa-totustuus.it\/cattolica\/brigate-contro-il-biancofiore\/","title":{"rendered":"Brigate contro il Biancofiore"},"content":{"rendered":"\n<p class=\"has-text-align-center\">pubblicato su<a href=\"https:\/\/www.avvenire.it\/\" target=\"_blank\" rel=\"noreferrer noopener\"> <strong>Avvenire<\/strong> <\/a>del 10 febbraio 2004<\/p>\n\n\n\n<p><strong>INCHIESTA\/5&nbsp;<\/strong><em>Molti semplici cattolici e dirigenti dc uccisi nel dopoguerra in Emilia Il caso di Giorgio Morelli, ex partigiano fatto eliminare dai suoi<\/em><\/p>\n\n\n\n<p class=\"has-text-align-center\">di <strong>Roberto Beretta<\/strong><\/p>\n\n\n<div class=\"wp-block-image\">\n<figure class=\"aligncenter size-full\"><a href=\"https:\/\/www.rassegnastampa-totustuus.it\/cattolica\/wp-content\/uploads\/2005\/01\/Giorgio-Morelli.jpg\"><img loading=\"lazy\" decoding=\"async\" width=\"220\" height=\"330\" src=\"https:\/\/www.rassegnastampa-totustuus.it\/cattolica\/wp-content\/uploads\/2005\/01\/Giorgio-Morelli.jpg\" alt=\"\" class=\"wp-image-30863\" srcset=\"https:\/\/www.rassegnastampa-totustuus.it\/cattolica\/wp-content\/uploads\/2005\/01\/Giorgio-Morelli.jpg 220w, https:\/\/www.rassegnastampa-totustuus.it\/cattolica\/wp-content\/uploads\/2005\/01\/Giorgio-Morelli-200x300.jpg 200w\" sizes=\"auto, (max-width: 220px) 100vw, 220px\" \/><\/a><figcaption class=\"wp-element-caption\">Giorgio Morelli<\/figcaption><\/figure><\/div>\n\n\n<!--more-->\n\n\n\n<p>Il primo partigiano a entrare in Reggio Emilia, alle 16.30 del 24 aprile 1945, fu un cattolico: Giorgio Morelli, nome di battaglia \u00abIl Solitario\u00bb. Si era fatto prestare una bicicletta da donna da Ermanno Dossetti (fratello del pi\u00f9 noto futuro deputato-monaco Giuseppe) ed a cavallo dello scalcagnato mezzo si era spinto nella citt\u00e0 ormai quasi abbandonata dai tedeschi. Issato il tricolore sul balcone del municipio.<\/p>\n\n\n\n<p>Reggio \u00abla rossa\u00bb liberata da un \u00abbianco\u00bb&#8230; O da una \u00abFiamma verde\u00bb, se si preferisce: tale era infatti la denominazione delle formazioni partigiane cattoliche attivissime nel Reggiano, dove furono comandate addirittura da un coraggioso e lungimirante sacerdote, don Domenico Orlandini detto \u00abCarlo\u00bb. <\/p>\n\n\n\n<p>Cos\u00ec la montagna a Reggio era \u00abverde\u00bb, la pianura invece \u00abrossa\u00bb: ovvero sottoposta al controllo delle locali Brigate Garibaldi, guidate dal commissario politico \u00abEros\u00bb Didimo Ferrari. E l&#8217;esplicita dialettica tra le due anime della resistenza non attese certo la liberazione per manifestarsi.<\/p>\n\n\n\n<p>Dopo il 25 aprile, tuttavia, i nodi &#8211; fin allora dipanati attraverso la mediazione del comando militare unico &#8211; vennero al pettine delle rispettive direttive ideologiche. Che per i comunisti sembravano assolutamente chiare e gi\u00e0 erano state inculcate con capillare lavoro politico fin dalla clandestinit\u00e0; mentre infatti i quadri superiori del Partito raccomandavano (come in questa direttiva del novembre 1944) di mantenere l&#8217;unit\u00e0 \u00abcolle masse cattoliche\u00bb e \u00abricordarsi sempre che l&#8217;insurrezione che noi vogliamo non ha lo scopo di imporre trasformazioni sociali e politiche in senso socialista e comunista\u00bb, nel dettaglio era ben viva la sensazione che &#8211; subito dopo la fine del regime &#8211; i comunisti avrebbero usato le medesime armi per occupare il potere.<\/p>\n\n\n\n<p>Cos\u00ec, se \u00abEros\u00bb protesta contro la scarsa opportunit\u00e0 di potenziare le Fiamme Verdi, il battagliero \u00abCarlo\u00bb fa sapere in giro che \u00abse i comunisti scateneranno la rivoluzione, le formazioni montanare armate di cristiano-sociali piomberebbero loro alle spalle\u00bb.<\/p>\n\n\n\n<p> Lo stesso Giuseppe Dossetti, che pure di nome di battaglia faceva \u00abBenigno\u00bb e che nel dopoguerra sar\u00e0 tra i democristiani pi\u00f9 aperti alle sinistre, deve pi\u00f9 volte stigmatizzare i metodi scorretti dei combattenti comunisti \u00abper l&#8217;intensificarsi delle azioni arbitrarie di rapina&#8230; per l&#8217;aumentare delle uccisioni arbitrarie e senza controllo di pretese spie\u00bb.<\/p>\n\n\n\n<p>Ma proprio \u00abIl Solitario\u00bb era destinato ad essere prima il testimone, poi il martire delle stragi comuniste. Morelli (di famiglia molto cattolica: un fratello diventer\u00e0 prete, una sorella missionaria) a 19 anni \u00e8 l&#8217;anima del giornale partigiano La Penna, che uscir\u00e0 solo per 4 numeri tra marzo e aprile del 1945, suscitando subito la massima riprovazione dei comunisti. <\/p>\n\n\n\n<p>In quel periodo Mario Simonazzi, gi\u00e0 vicecomandante di una formazione partigiana \u00abrossa\u00bb e amico di Giorgio Morelli, viene giustiziato con un colpo alla nuca; \u00abIl Solitario\u00bb decide allora di indagare su quello strano assassinio (il corpo di Simonazzi, che non era comunista, verr\u00e0 ritrovato a estate inoltrata) e sulle giustizie sommarie di cui Reggio diventa presto teatro.<\/p>\n\n\n\n<p>La Nuova Penna, rinata nell&#8217;autunno 1945, era cos\u00ec temuta che dovevano stamparla dai Benedettini di Parma, perch\u00e9 in provincia di Reggio nessuna tipografia poteva permettersi uno sgarro del genere ai comunisti. <\/p>\n\n\n\n<p>Gli articoli de \u00abIl Solitario\u00bb sono ogni volta denunce documentate, con tanto di nomi di mandanti ed esecutori; e c&#8217;\u00e8, fin nei titoli, anche quello del potentissimo capo avversario, divenuto nel frattempo presidente dell&#8217;Associazione Partigiani provinciale: \u00abEros, per chi suoner\u00e0 la campana?\u00bb, \u00e8 intestato un celebre articolo.<\/p>\n\n\n\n<p>Nel testo le accuse si rincorrono pesanti: \u00abLa nostra voce che chiede libert\u00e0 ed invoca giustizia \u00e8 una voce che ti fa male e che ti \u00e8 nemica. <\/p>\n\n\n\n<p>Quell'&#8221;Inchiesta sui delitti&#8221; che tu, se fossi un uomo d&#8217;onore ed un uomo puro avresti per primo dovuto esigere e portare a termine \u00e8 la vera causa della nostra cacciata dalla tua organizzazione. Noi abbiamo semplicemente chiesto che tra i patrioti veri della resistenza pi\u00f9 non avessero a rimanere i delinquenti comuni, i ladri di professione, gli uomini con le mani sporche di sangue innocente\u00bb&#8230;<\/p>\n\n\n\n<p>E invece in Emilia gli omicidi \u00abcannibalistici\u00bb &#8211; ovvero esercitati da antifascisti (ma comunisti) su antifascisti (spesso cattolici) &#8211; non cessarono per mesi; sul numero stesso delle esecuzioni sommarie le parti continuano ad accapigliarsi: per Reggio si va dai 2000 di fonte repubblichina agli oltre 400 calcolati dagli \u00abantifascisti\u00bb.<\/p>\n\n\n\n<p> Ancora una decina d&#8217;anni or sono l&#8217;uscita di un Martirologio, curato dall&#8217;Associazione delle Famiglie dei caduti della Rsi, provoc\u00f2 sui giornali locali un&#8217;aspra contestazione nome per nome.<\/p>\n\n\n\n<p>Comunque, anche lasciando da parte le uccisioni di sacerdoti, nel famoso \u00abtriangolo rosso\u00bb furono molti i trucidati dagli ex compagni solo perch\u00e9 credenti ovvero democristiani: per esempio il giovane partigiano dc Saturno Gagliardelli, il sindacalista Giuseppe Fanin (ammazzato nel novembre 1948), il segretario dc di Anzola Emilia (Bo) Luigi Zavattaro assassinato il 7 febbraio 1946&#8230; In provincia di Modena tra maggio e luglio 1945 vengono uccisi ben 4 dirigenti dc.<\/p>\n\n\n\n<p>I partigiani cattolici dunque sono stati doppiamente nel mirino: prima dei nazifascisti, poi dei comunisti. Come accusava il giornalista-partigiano Morelli, rivolgendosi ad Eros: \u00abNel nostro ultimo colloquio hai pronunciato queste parole: &#8220;Preferirei darvi un colpo di pistola che discutere con voi!&#8221;\u00bb. <\/p>\n\n\n\n<p>Auspicio che si realizza anche per \u00abIl Solitario\u00bb una sera di gennaio 1946; i colpi di pistola del solito agguato per\u00f2 non uccidono l&#8217;intrepido cercatore della verit\u00e0, che fa in tempo a farsi vedere in Reggio con addosso l&#8217;impermeabile sforacchiato, a mo&#8217; di sfida e di memento. <\/p>\n\n\n\n<p>La morte arriva il 9 agosto 1947, in un sanatorio del Trentino dove \u00abIl Solitario\u00bb tenta di curare la tubercolosi nata dalla ferita. Sul suo diario \u00e8 rimasta questa frase: \u00abL&#8217;odio non \u00e8 mai stato ospite della mia casa. Ho creduto in Dio, perch\u00e9 la sua fede \u00e8 stata la sola ed unica forza che mi ha sorretto\u00bb<\/p>\n\n\n\n<p class=\"has-text-align-center\">_______________________<\/p>\n\n\n\n<p><strong>Le altre puntate dell\u2019inchiesta:<\/strong><\/p>\n\n\n\n<p><strong>1 &#8211; <a href=\"https:\/\/www.rassegnastampa-totustuus.it\/cattolica\/?p=311\" target=\"_blank\" rel=\"noreferrer noopener\">Stragi partigiane: il triangolo dei preti<\/a><\/strong><\/p>\n\n\n\n<p><strong>2 &#8211; <a href=\"https:\/\/www.rassegnastampa-totustuus.it\/cattolica\/?p=312\" target=\"_blank\" rel=\"noreferrer noopener\">Partigiani all\u2019assalto del don<\/a><\/strong><\/p>\n\n\n\n<p><strong>3 &#8211; <a href=\"https:\/\/www.rassegnastampa-totustuus.it\/cattolica\/?p=313\" target=\"_blank\" rel=\"noreferrer noopener\">Ombre rosse in canonica<\/a><\/strong><\/p>\n\n\n\n<p><strong>4 &#8211; <a href=\"https:\/\/www.rassegnastampa-totustuus.it\/cattolica\/?p=314\" target=\"_blank\" rel=\"noreferrer noopener\">E Peppone spar\u00f2 a don Camillo<\/a><\/strong><\/p>\n\n\n\n<p><strong>6 &#8211; <a href=\"https:\/\/www.rassegnastampa-totustuus.it\/cattolica\/?p=316\">Falce &amp; coppola, la repubblica del Sud<\/a><\/strong><\/p>\n\n\n\n<p><strong>7 &#8211; <a href=\"https:\/\/www.rassegnastampa-totustuus.it\/cattolica\/?p=317\" target=\"_blank\" rel=\"noreferrer noopener\">La resistenza cannibale<\/a><\/strong><\/p>\n\n\n\n<p><strong>8 &#8211; <a href=\"https:\/\/www.rassegnastampa-totustuus.it\/cattolica\/?p=318\" target=\"_blank\" rel=\"noreferrer noopener\">Quei preti martiri del 18 aprile<\/a><\/strong><\/p>\n\n\n\n<p><strong>Nota:<\/strong> <strong><em>Leggi anche:<\/em><\/strong><\/p>\n\n\n\n<p><strong><em><a href=\"https:\/\/www.rassegnastampa-totustuus.it\/cattolica\/?p=1063\" target=\"_blank\" rel=\"noreferrer noopener\">Dimenticati<\/a> <\/em><\/strong><em>Paolo De Marchi, <strong>Il Timone<\/strong> &#8211; n. 11 Gennaio\/Febbraio 2001<\/em><\/p>\n\n\n\n<p><em>Una pagina rimossa della nostra storia. Centinaia di cattolici, sacerdoti e laici, uccisi dai partigiani comunisti nell&#8217;immediato dopoguerra. In odio alla fede e alla Chiesa. I testimoni tacciono. I libri di testo nascondono la verit\u00e0. Vilt\u00e0, paura o complicit\u00e0?<\/em><\/p>\n","protected":false},"excerpt":{"rendered":"<p>pubblicato su Avvenire del 10 febbraio 2004 INCHIESTA\/5&nbsp;Molti semplici cattolici e dirigenti dc uccisi nel dopoguerra in Emilia Il caso di Giorgio Morelli, ex partigiano fatto eliminare dai suoi di Roberto Beretta<\/p><p><a class=\"more-link btn\" href=\"https:\/\/www.rassegnastampa-totustuus.it\/cattolica\/brigate-contro-il-biancofiore\/\">Continua a leggere<\/a><\/p>\n","protected":false},"author":6,"featured_media":30863,"comment_status":"closed","ping_status":"open","sticky":false,"template":"","format":"standard","meta":{"footnotes":""},"categories":[82,44,100,96],"tags":[3193,866],"class_list":["post-315","post","type-post","status-publish","format-standard","has-post-thumbnail","hentry","category-comunismo-in-italia","category-cristiani-perseguitati","category-resistenza","category-storia-italiana","tag-brigate-garibaldi","tag-partigiani","item-wrap"],"yoast_head":"<!-- This site is optimized with the Yoast SEO plugin v27.5 - https:\/\/yoast.com\/product\/yoast-seo-wordpress\/ -->\n<title>Brigate contro il Biancofiore - Rassegna Stampa Cattolica<\/title>\n<meta name=\"description\" content=\"Brigate contro il Biancofiore. Molti semplici cattolici e dirigenti dc uccisi nel dopoguerra in Emilia Il caso di Giorgio Morelli\" \/>\n<meta name=\"robots\" content=\"index, follow, max-snippet:-1, max-image-preview:large, max-video-preview:-1\" \/>\n<link rel=\"canonical\" href=\"https:\/\/www.rassegnastampa-totustuus.it\/cattolica\/brigate-contro-il-biancofiore\/\" \/>\n<meta property=\"og:locale\" content=\"it_IT\" \/>\n<meta property=\"og:type\" content=\"article\" \/>\n<meta property=\"og:title\" content=\"Brigate contro il Biancofiore - Rassegna Stampa Cattolica\" \/>\n<meta property=\"og:description\" content=\"Brigate contro il Biancofiore. Molti semplici cattolici e dirigenti dc uccisi nel dopoguerra in Emilia Il caso di Giorgio Morelli\" \/>\n<meta property=\"og:url\" content=\"https:\/\/www.rassegnastampa-totustuus.it\/cattolica\/brigate-contro-il-biancofiore\/\" \/>\n<meta property=\"og:site_name\" content=\"Rassegna Stampa Cattolica\" \/>\n<meta property=\"article:publisher\" content=\"https:\/\/www.facebook.com\/rassegnastampacattolica\" \/>\n<meta property=\"article:published_time\" content=\"2005-01-20T17:25:30+00:00\" \/>\n<meta property=\"article:modified_time\" content=\"2025-07-06T14:39:41+00:00\" \/>\n<meta property=\"og:image\" content=\"https:\/\/www.rassegnastampa-totustuus.it\/cattolica\/wp-content\/uploads\/2005\/01\/Giorgio-Morelli.jpg\" \/>\n\t<meta property=\"og:image:width\" content=\"220\" \/>\n\t<meta property=\"og:image:height\" content=\"330\" \/>\n\t<meta property=\"og:image:type\" content=\"image\/jpeg\" \/>\n<meta name=\"author\" content=\"Redazione\" \/>\n<meta name=\"twitter:card\" content=\"summary_large_image\" \/>\n<meta name=\"twitter:creator\" content=\"@rassegnastampa9\" \/>\n<meta name=\"twitter:site\" content=\"@rassegnastampa9\" \/>\n<meta name=\"twitter:label1\" content=\"Scritto da\" \/>\n\t<meta name=\"twitter:data1\" content=\"Redazione\" \/>\n\t<meta name=\"twitter:label2\" content=\"Tempo di lettura stimato\" \/>\n\t<meta name=\"twitter:data2\" content=\"7 minuti\" \/>\n<script type=\"application\/ld+json\" class=\"yoast-schema-graph\">{\"@context\":\"https:\\\/\\\/schema.org\",\"@graph\":[{\"@type\":\"Article\",\"@id\":\"https:\\\/\\\/www.rassegnastampa-totustuus.it\\\/cattolica\\\/brigate-contro-il-biancofiore\\\/#article\",\"isPartOf\":{\"@id\":\"https:\\\/\\\/www.rassegnastampa-totustuus.it\\\/cattolica\\\/brigate-contro-il-biancofiore\\\/\"},\"author\":{\"name\":\"Redazione\",\"@id\":\"https:\\\/\\\/www.rassegnastampa-totustuus.it\\\/cattolica\\\/#\\\/schema\\\/person\\\/08f319d2bd1a0904ad9e2bfb7b15e5c3\"},\"headline\":\"Brigate contro il Biancofiore\",\"datePublished\":\"2005-01-20T17:25:30+00:00\",\"dateModified\":\"2025-07-06T14:39:41+00:00\",\"mainEntityOfPage\":{\"@id\":\"https:\\\/\\\/www.rassegnastampa-totustuus.it\\\/cattolica\\\/brigate-contro-il-biancofiore\\\/\"},\"wordCount\":1061,\"publisher\":{\"@id\":\"https:\\\/\\\/www.rassegnastampa-totustuus.it\\\/cattolica\\\/#organization\"},\"image\":{\"@id\":\"https:\\\/\\\/www.rassegnastampa-totustuus.it\\\/cattolica\\\/brigate-contro-il-biancofiore\\\/#primaryimage\"},\"thumbnailUrl\":\"https:\\\/\\\/www.rassegnastampa-totustuus.it\\\/cattolica\\\/wp-content\\\/uploads\\\/2005\\\/01\\\/Giorgio-Morelli.jpg\",\"keywords\":[\"brigate Garibaldi\",\"partigiani\"],\"articleSection\":[\"Comunismo in Italia\",\"Cristiani perseguitati\",\"Resistenza\",\"Storia italiana\"],\"inLanguage\":\"it-IT\"},{\"@type\":\"WebPage\",\"@id\":\"https:\\\/\\\/www.rassegnastampa-totustuus.it\\\/cattolica\\\/brigate-contro-il-biancofiore\\\/\",\"url\":\"https:\\\/\\\/www.rassegnastampa-totustuus.it\\\/cattolica\\\/brigate-contro-il-biancofiore\\\/\",\"name\":\"Brigate contro il Biancofiore - Rassegna Stampa Cattolica\",\"isPartOf\":{\"@id\":\"https:\\\/\\\/www.rassegnastampa-totustuus.it\\\/cattolica\\\/#website\"},\"primaryImageOfPage\":{\"@id\":\"https:\\\/\\\/www.rassegnastampa-totustuus.it\\\/cattolica\\\/brigate-contro-il-biancofiore\\\/#primaryimage\"},\"image\":{\"@id\":\"https:\\\/\\\/www.rassegnastampa-totustuus.it\\\/cattolica\\\/brigate-contro-il-biancofiore\\\/#primaryimage\"},\"thumbnailUrl\":\"https:\\\/\\\/www.rassegnastampa-totustuus.it\\\/cattolica\\\/wp-content\\\/uploads\\\/2005\\\/01\\\/Giorgio-Morelli.jpg\",\"datePublished\":\"2005-01-20T17:25:30+00:00\",\"dateModified\":\"2025-07-06T14:39:41+00:00\",\"description\":\"Brigate contro il Biancofiore. Molti semplici cattolici e dirigenti dc uccisi nel dopoguerra in Emilia Il caso di Giorgio Morelli\",\"breadcrumb\":{\"@id\":\"https:\\\/\\\/www.rassegnastampa-totustuus.it\\\/cattolica\\\/brigate-contro-il-biancofiore\\\/#breadcrumb\"},\"inLanguage\":\"it-IT\",\"potentialAction\":[{\"@type\":\"ReadAction\",\"target\":[\"https:\\\/\\\/www.rassegnastampa-totustuus.it\\\/cattolica\\\/brigate-contro-il-biancofiore\\\/\"]}]},{\"@type\":\"ImageObject\",\"inLanguage\":\"it-IT\",\"@id\":\"https:\\\/\\\/www.rassegnastampa-totustuus.it\\\/cattolica\\\/brigate-contro-il-biancofiore\\\/#primaryimage\",\"url\":\"https:\\\/\\\/www.rassegnastampa-totustuus.it\\\/cattolica\\\/wp-content\\\/uploads\\\/2005\\\/01\\\/Giorgio-Morelli.jpg\",\"contentUrl\":\"https:\\\/\\\/www.rassegnastampa-totustuus.it\\\/cattolica\\\/wp-content\\\/uploads\\\/2005\\\/01\\\/Giorgio-Morelli.jpg\",\"width\":220,\"height\":330},{\"@type\":\"BreadcrumbList\",\"@id\":\"https:\\\/\\\/www.rassegnastampa-totustuus.it\\\/cattolica\\\/brigate-contro-il-biancofiore\\\/#breadcrumb\",\"itemListElement\":[{\"@type\":\"ListItem\",\"position\":1,\"name\":\"Home\",\"item\":\"https:\\\/\\\/www.rassegnastampa-totustuus.it\\\/cattolica\\\/\"},{\"@type\":\"ListItem\",\"position\":2,\"name\":\"Brigate contro il Biancofiore\"}]},{\"@type\":\"WebSite\",\"@id\":\"https:\\\/\\\/www.rassegnastampa-totustuus.it\\\/cattolica\\\/#website\",\"url\":\"https:\\\/\\\/www.rassegnastampa-totustuus.it\\\/cattolica\\\/\",\"name\":\"Rassegna Stampa Cattolica\",\"description\":\"Per una cultura che nasce dalla Rivelazione cristiana in conformit\u00e0 alla tradizione e al Magistero della Chiesa in opposizione ad ogni relativismo e totalitarismo\",\"publisher\":{\"@id\":\"https:\\\/\\\/www.rassegnastampa-totustuus.it\\\/cattolica\\\/#organization\"},\"alternateName\":\"Rass. Cattolica\",\"potentialAction\":[{\"@type\":\"SearchAction\",\"target\":{\"@type\":\"EntryPoint\",\"urlTemplate\":\"https:\\\/\\\/www.rassegnastampa-totustuus.it\\\/cattolica\\\/?s={search_term_string}\"},\"query-input\":{\"@type\":\"PropertyValueSpecification\",\"valueRequired\":true,\"valueName\":\"search_term_string\"}}],\"inLanguage\":\"it-IT\"},{\"@type\":\"Organization\",\"@id\":\"https:\\\/\\\/www.rassegnastampa-totustuus.it\\\/cattolica\\\/#organization\",\"name\":\"Rassegna Stampa Cattolica\",\"url\":\"https:\\\/\\\/www.rassegnastampa-totustuus.it\\\/cattolica\\\/\",\"logo\":{\"@type\":\"ImageObject\",\"inLanguage\":\"it-IT\",\"@id\":\"https:\\\/\\\/www.rassegnastampa-totustuus.it\\\/cattolica\\\/#\\\/schema\\\/logo\\\/image\\\/\",\"url\":\"https:\\\/\\\/www.rassegnastampa-totustuus.it\\\/cattolica\\\/wp-content\\\/uploads\\\/2014\\\/04\\\/logo-rassegna1.gif\",\"contentUrl\":\"https:\\\/\\\/www.rassegnastampa-totustuus.it\\\/cattolica\\\/wp-content\\\/uploads\\\/2014\\\/04\\\/logo-rassegna1.gif\",\"width\":600,\"height\":163,\"caption\":\"Rassegna Stampa Cattolica\"},\"image\":{\"@id\":\"https:\\\/\\\/www.rassegnastampa-totustuus.it\\\/cattolica\\\/#\\\/schema\\\/logo\\\/image\\\/\"},\"sameAs\":[\"https:\\\/\\\/www.facebook.com\\\/rassegnastampacattolica\",\"https:\\\/\\\/x.com\\\/rassegnastampa9\"]},{\"@type\":\"Person\",\"@id\":\"https:\\\/\\\/www.rassegnastampa-totustuus.it\\\/cattolica\\\/#\\\/schema\\\/person\\\/08f319d2bd1a0904ad9e2bfb7b15e5c3\",\"name\":\"Redazione\",\"image\":{\"@type\":\"ImageObject\",\"inLanguage\":\"it-IT\",\"@id\":\"https:\\\/\\\/secure.gravatar.com\\\/avatar\\\/2fcdf27c78ea025fbdb44e914cc63c72249ffec9dc8aafd5c82b26240ef3f346?s=96&d=mm&r=g\",\"url\":\"https:\\\/\\\/secure.gravatar.com\\\/avatar\\\/2fcdf27c78ea025fbdb44e914cc63c72249ffec9dc8aafd5c82b26240ef3f346?s=96&d=mm&r=g\",\"contentUrl\":\"https:\\\/\\\/secure.gravatar.com\\\/avatar\\\/2fcdf27c78ea025fbdb44e914cc63c72249ffec9dc8aafd5c82b26240ef3f346?s=96&d=mm&r=g\",\"caption\":\"Redazione\"},\"url\":\"https:\\\/\\\/www.rassegnastampa-totustuus.it\\\/cattolica\\\/author\\\/pietroelle\\\/\"}]}<\/script>\n<!-- \/ Yoast SEO plugin. -->","yoast_head_json":{"title":"Brigate contro il Biancofiore - Rassegna Stampa Cattolica","description":"Brigate contro il Biancofiore. Molti semplici cattolici e dirigenti dc uccisi nel dopoguerra in Emilia Il caso di Giorgio Morelli","robots":{"index":"index","follow":"follow","max-snippet":"max-snippet:-1","max-image-preview":"max-image-preview:large","max-video-preview":"max-video-preview:-1"},"canonical":"https:\/\/www.rassegnastampa-totustuus.it\/cattolica\/brigate-contro-il-biancofiore\/","og_locale":"it_IT","og_type":"article","og_title":"Brigate contro il Biancofiore - Rassegna Stampa Cattolica","og_description":"Brigate contro il Biancofiore. Molti semplici cattolici e dirigenti dc uccisi nel dopoguerra in Emilia Il caso di Giorgio Morelli","og_url":"https:\/\/www.rassegnastampa-totustuus.it\/cattolica\/brigate-contro-il-biancofiore\/","og_site_name":"Rassegna Stampa Cattolica","article_publisher":"https:\/\/www.facebook.com\/rassegnastampacattolica","article_published_time":"2005-01-20T17:25:30+00:00","article_modified_time":"2025-07-06T14:39:41+00:00","og_image":[{"width":220,"height":330,"url":"https:\/\/www.rassegnastampa-totustuus.it\/cattolica\/wp-content\/uploads\/2005\/01\/Giorgio-Morelli.jpg","type":"image\/jpeg"}],"author":"Redazione","twitter_card":"summary_large_image","twitter_creator":"@rassegnastampa9","twitter_site":"@rassegnastampa9","twitter_misc":{"Scritto da":"Redazione","Tempo di lettura stimato":"7 minuti"},"schema":{"@context":"https:\/\/schema.org","@graph":[{"@type":"Article","@id":"https:\/\/www.rassegnastampa-totustuus.it\/cattolica\/brigate-contro-il-biancofiore\/#article","isPartOf":{"@id":"https:\/\/www.rassegnastampa-totustuus.it\/cattolica\/brigate-contro-il-biancofiore\/"},"author":{"name":"Redazione","@id":"https:\/\/www.rassegnastampa-totustuus.it\/cattolica\/#\/schema\/person\/08f319d2bd1a0904ad9e2bfb7b15e5c3"},"headline":"Brigate contro il Biancofiore","datePublished":"2005-01-20T17:25:30+00:00","dateModified":"2025-07-06T14:39:41+00:00","mainEntityOfPage":{"@id":"https:\/\/www.rassegnastampa-totustuus.it\/cattolica\/brigate-contro-il-biancofiore\/"},"wordCount":1061,"publisher":{"@id":"https:\/\/www.rassegnastampa-totustuus.it\/cattolica\/#organization"},"image":{"@id":"https:\/\/www.rassegnastampa-totustuus.it\/cattolica\/brigate-contro-il-biancofiore\/#primaryimage"},"thumbnailUrl":"https:\/\/www.rassegnastampa-totustuus.it\/cattolica\/wp-content\/uploads\/2005\/01\/Giorgio-Morelli.jpg","keywords":["brigate Garibaldi","partigiani"],"articleSection":["Comunismo in Italia","Cristiani perseguitati","Resistenza","Storia italiana"],"inLanguage":"it-IT"},{"@type":"WebPage","@id":"https:\/\/www.rassegnastampa-totustuus.it\/cattolica\/brigate-contro-il-biancofiore\/","url":"https:\/\/www.rassegnastampa-totustuus.it\/cattolica\/brigate-contro-il-biancofiore\/","name":"Brigate contro il Biancofiore - Rassegna Stampa Cattolica","isPartOf":{"@id":"https:\/\/www.rassegnastampa-totustuus.it\/cattolica\/#website"},"primaryImageOfPage":{"@id":"https:\/\/www.rassegnastampa-totustuus.it\/cattolica\/brigate-contro-il-biancofiore\/#primaryimage"},"image":{"@id":"https:\/\/www.rassegnastampa-totustuus.it\/cattolica\/brigate-contro-il-biancofiore\/#primaryimage"},"thumbnailUrl":"https:\/\/www.rassegnastampa-totustuus.it\/cattolica\/wp-content\/uploads\/2005\/01\/Giorgio-Morelli.jpg","datePublished":"2005-01-20T17:25:30+00:00","dateModified":"2025-07-06T14:39:41+00:00","description":"Brigate contro il Biancofiore. Molti semplici cattolici e dirigenti dc uccisi nel dopoguerra in Emilia Il caso di Giorgio Morelli","breadcrumb":{"@id":"https:\/\/www.rassegnastampa-totustuus.it\/cattolica\/brigate-contro-il-biancofiore\/#breadcrumb"},"inLanguage":"it-IT","potentialAction":[{"@type":"ReadAction","target":["https:\/\/www.rassegnastampa-totustuus.it\/cattolica\/brigate-contro-il-biancofiore\/"]}]},{"@type":"ImageObject","inLanguage":"it-IT","@id":"https:\/\/www.rassegnastampa-totustuus.it\/cattolica\/brigate-contro-il-biancofiore\/#primaryimage","url":"https:\/\/www.rassegnastampa-totustuus.it\/cattolica\/wp-content\/uploads\/2005\/01\/Giorgio-Morelli.jpg","contentUrl":"https:\/\/www.rassegnastampa-totustuus.it\/cattolica\/wp-content\/uploads\/2005\/01\/Giorgio-Morelli.jpg","width":220,"height":330},{"@type":"BreadcrumbList","@id":"https:\/\/www.rassegnastampa-totustuus.it\/cattolica\/brigate-contro-il-biancofiore\/#breadcrumb","itemListElement":[{"@type":"ListItem","position":1,"name":"Home","item":"https:\/\/www.rassegnastampa-totustuus.it\/cattolica\/"},{"@type":"ListItem","position":2,"name":"Brigate contro il Biancofiore"}]},{"@type":"WebSite","@id":"https:\/\/www.rassegnastampa-totustuus.it\/cattolica\/#website","url":"https:\/\/www.rassegnastampa-totustuus.it\/cattolica\/","name":"Rassegna Stampa Cattolica","description":"Per una cultura che nasce dalla Rivelazione cristiana in conformit\u00e0 alla tradizione e al Magistero della Chiesa in opposizione ad ogni relativismo e totalitarismo","publisher":{"@id":"https:\/\/www.rassegnastampa-totustuus.it\/cattolica\/#organization"},"alternateName":"Rass. Cattolica","potentialAction":[{"@type":"SearchAction","target":{"@type":"EntryPoint","urlTemplate":"https:\/\/www.rassegnastampa-totustuus.it\/cattolica\/?s={search_term_string}"},"query-input":{"@type":"PropertyValueSpecification","valueRequired":true,"valueName":"search_term_string"}}],"inLanguage":"it-IT"},{"@type":"Organization","@id":"https:\/\/www.rassegnastampa-totustuus.it\/cattolica\/#organization","name":"Rassegna Stampa Cattolica","url":"https:\/\/www.rassegnastampa-totustuus.it\/cattolica\/","logo":{"@type":"ImageObject","inLanguage":"it-IT","@id":"https:\/\/www.rassegnastampa-totustuus.it\/cattolica\/#\/schema\/logo\/image\/","url":"https:\/\/www.rassegnastampa-totustuus.it\/cattolica\/wp-content\/uploads\/2014\/04\/logo-rassegna1.gif","contentUrl":"https:\/\/www.rassegnastampa-totustuus.it\/cattolica\/wp-content\/uploads\/2014\/04\/logo-rassegna1.gif","width":600,"height":163,"caption":"Rassegna Stampa Cattolica"},"image":{"@id":"https:\/\/www.rassegnastampa-totustuus.it\/cattolica\/#\/schema\/logo\/image\/"},"sameAs":["https:\/\/www.facebook.com\/rassegnastampacattolica","https:\/\/x.com\/rassegnastampa9"]},{"@type":"Person","@id":"https:\/\/www.rassegnastampa-totustuus.it\/cattolica\/#\/schema\/person\/08f319d2bd1a0904ad9e2bfb7b15e5c3","name":"Redazione","image":{"@type":"ImageObject","inLanguage":"it-IT","@id":"https:\/\/secure.gravatar.com\/avatar\/2fcdf27c78ea025fbdb44e914cc63c72249ffec9dc8aafd5c82b26240ef3f346?s=96&d=mm&r=g","url":"https:\/\/secure.gravatar.com\/avatar\/2fcdf27c78ea025fbdb44e914cc63c72249ffec9dc8aafd5c82b26240ef3f346?s=96&d=mm&r=g","contentUrl":"https:\/\/secure.gravatar.com\/avatar\/2fcdf27c78ea025fbdb44e914cc63c72249ffec9dc8aafd5c82b26240ef3f346?s=96&d=mm&r=g","caption":"Redazione"},"url":"https:\/\/www.rassegnastampa-totustuus.it\/cattolica\/author\/pietroelle\/"}]}},"_links":{"self":[{"href":"https:\/\/www.rassegnastampa-totustuus.it\/cattolica\/wp-json\/wp\/v2\/posts\/315","targetHints":{"allow":["GET"]}}],"collection":[{"href":"https:\/\/www.rassegnastampa-totustuus.it\/cattolica\/wp-json\/wp\/v2\/posts"}],"about":[{"href":"https:\/\/www.rassegnastampa-totustuus.it\/cattolica\/wp-json\/wp\/v2\/types\/post"}],"author":[{"embeddable":true,"href":"https:\/\/www.rassegnastampa-totustuus.it\/cattolica\/wp-json\/wp\/v2\/users\/6"}],"replies":[{"embeddable":true,"href":"https:\/\/www.rassegnastampa-totustuus.it\/cattolica\/wp-json\/wp\/v2\/comments?post=315"}],"version-history":[{"count":6,"href":"https:\/\/www.rassegnastampa-totustuus.it\/cattolica\/wp-json\/wp\/v2\/posts\/315\/revisions"}],"predecessor-version":[{"id":62964,"href":"https:\/\/www.rassegnastampa-totustuus.it\/cattolica\/wp-json\/wp\/v2\/posts\/315\/revisions\/62964"}],"wp:featuredmedia":[{"embeddable":true,"href":"https:\/\/www.rassegnastampa-totustuus.it\/cattolica\/wp-json\/wp\/v2\/media\/30863"}],"wp:attachment":[{"href":"https:\/\/www.rassegnastampa-totustuus.it\/cattolica\/wp-json\/wp\/v2\/media?parent=315"}],"wp:term":[{"taxonomy":"category","embeddable":true,"href":"https:\/\/www.rassegnastampa-totustuus.it\/cattolica\/wp-json\/wp\/v2\/categories?post=315"},{"taxonomy":"post_tag","embeddable":true,"href":"https:\/\/www.rassegnastampa-totustuus.it\/cattolica\/wp-json\/wp\/v2\/tags?post=315"}],"curies":[{"name":"wp","href":"https:\/\/api.w.org\/{rel}","templated":true}]}}