{"id":3149,"date":"2009-04-24T09:57:52","date_gmt":"2009-04-24T07:57:52","guid":{"rendered":""},"modified":"2016-06-07T14:48:30","modified_gmt":"2016-06-07T12:48:30","slug":"islamismo-e-sinistra-la-minaccia-alleata","status":"publish","type":"post","link":"https:\/\/www.rassegnastampa-totustuus.it\/cattolica\/islamismo-e-sinistra-la-minaccia-alleata\/","title":{"rendered":"Islamismo e sinistra: la minaccia alleata"},"content":{"rendered":"<div style=\"text-align: center;\"><strong><img loading=\"lazy\" decoding=\"async\" class=\"alignright wp-image-34258\" src=\"https:\/\/www.rassegnastampa-totustuus.it\/cattolica\/wp-content\/uploads\/2009\/04\/Islam_sinistra.jpg\" alt=\"Islam_sinistra\" width=\"189\" height=\"200\" \/>National Review<\/strong>, 14 luglio 2008<\/div>\n<p style=\"text-align: center;\">Articolo in lingua originale inglese:<\/p>\n<p style=\"text-align: center;\"><a href=\"http:\/\/it.danielpipes.org\/article\/5720\" target=\"_blank\">[The Islamist-Leftist] Allied Menace<\/a>]<\/p>\n<p style=\"text-align: center;\">di <strong>Daniel Pipes<\/strong><\/p>\n<p style=\"text-align: justify;\">&#8220;Ecco due paesi fratelli uniti come fossero le dita di una mano&#8221;, ha detto il socialista Hugo Chavez, nel corso di una visita a Teheran tenutasi nel novembre 2007, in celebrazione della sua alleanza con l&#8217;islamista Mahmoud Ahmadinejad. Camillo, il figlio di Che Guevara, anch&#8217;egli recatosi in visita a Teheran lo scorso anno, ha dichiarato che suo padre avrebbe &#8220;appoggiato il paese nella sua attuale lotta contro gli Stati Uniti&#8221;.<\/p>\n<p><!--more--><\/p>\n<div style=\"text-align: justify;\">Costoro hanno ripercosso le orme di Fidel Castro, che in una visita del 2001 disse ai suoi ospiti che &#8220;Iran e Cuba, insieme, possono mettere l&#8217;America in ginocchio&#8221;. Da parte sua, Ilich Ramirez S\u00e1nchez (alias &#8220;Carlos lo Sciacallo&#8221;), nel suo libro <em>L&#8217;islam r\u00e9volutionnaire<\/em>, ha scritto che &#8220;solamente una coalizione di marxisti e islamisti pu\u00f2 distruggere gli Stati Uniti&#8221;.<\/div>\n<p style=\"text-align: justify;\">E non \u00e8 solamente la sinistra dell&#8217;America Latina a ravvisare un potenziale nell&#8217;Islam. Ken Livingstone, l&#8217;ex sindaco trotskista di Londra, abbracci\u00f2 nel vero senso della parola il famoso pensatore islamista Yusuf al-Qaradawi. Ramsey Clark, l&#8217;ex ministro americano della Giustizia, si \u00e8 recato in visita dall&#8217;ayatollah Khomeini e gli ha offerto il suo appoggio.<\/p>\n<p style=\"text-align: justify;\">Noam Chomsky, docente del MIT, si \u00e8 incontrato con il leader hezbollah Hassan Nasrallah e ha approvato la decisione di Hezbollah di mantenere le armi. Ella Vogelaar, il ministro olandese per l&#8217;edilizia e l&#8217;integrazione, \u00e8 cos\u00ec ben disposta verso l&#8217;islamismo che un critico, il docente di origine iraniana Afshin Ellian, l&#8217;ha chiamata &#8220;il ministro dell&#8217;islamizzazione&#8221;.<\/p>\n<p style=\"text-align: justify;\">Dennis Kucinich, nel corso della sua prima campagna presidenziale americana del 2004, ha parafrasato il Corano e ha incitato un pubblico di musulmani a salmodiare &#8220;Allahu akbar&#8221; (&#8220;Allah \u00e8 grande&#8221;) ed \u00e8 arrivato perfino a dire: &#8220;Ho una copia del Corano nel mio ufficio&#8221;. <em>Spark<\/em>, la rivista dei giovani membri del Socialist Labour Party britannico, ha elogiato Asif Mohammed Hanif \u2013 l&#8217;attentatore suicida britannico che perpetr\u00f2 un attacco contro un bar di Tel Aviv \u2013 come fosse &#8220;un eroe della giovent\u00f9 rivoluzionaria&#8221; che aveva compiuto la sua missione &#8220;nello spirito dell&#8217;internazionalismo&#8221;. <em>Workers World<\/em>, un quotidiano comunista americano, ha pubblicato un necrologio che tesseva le lodi del capo-terrorista di Hezbollah, Imad Mughniyeh,.<\/p>\n<p style=\"text-align: justify;\">Alcuni membri della sinistra vanno oltre. Diversi di loro \u2013 Carlos lo Sciacallo, Roger Garaudy, Jacques Verg\u00e8s, Yvonne Ridley e H. Rap Brown \u2013 si sono di fatto convertiti all&#8217;Islam. Altri reagiscono con euforia alla violenza e alla brutalit\u00e0 dell&#8217;islamismo. Il compositore tedesco Karlheinz Stockhausen ha definito l&#8217;11 settembre come &#8220;la pi\u00f9 grande opera d&#8217;arte di tutto l&#8217;universo&#8221;, mentre lo scomparso scrittore americano Norman Mailer ha detto che i suoi perpetratori sono stati [degli individui] &#8220;brillanti&#8221;.<\/p>\n<p style=\"text-align: justify;\">E niente di tutto questo rappresenta una novit\u00e0. Durante la Guerra fredda, gli islamisti preferirono l&#8217;Unione Sovietica agli Stati Uniti. Come disse nel 1964 l&#8217;ayatollah Khomeini: &#8220;l&#8217;America \u00e8 peggiore della Gran Bretagna, la Gran Bretagna \u00e8 peggiore dell&#8217;America, e l&#8217;Unione Sovietica \u00e8 peggiore di entrambe. Ogni paese \u00e8 peggiore dell&#8217;altro, ognuno \u00e8 pi\u00f9 abominevole dell&#8217;altro. Ma oggi ci preoccupiamo di questa malevola entit\u00e0 che \u00e8 l&#8217;America&#8221;. Nel 1986 io scrissi che &#8220;l&#8217;Urss riceve solo una piccola dose di odio e veleno diretti agli Stati Uniti&#8221;.<\/p>\n<p style=\"text-align: justify;\">E la sinistra ha ricambiato questi sentimenti. Nel 1978-79 il filosofo francese Michel Foucault manifest\u00f2 un enorme entusiasmo per la Rivoluzione iraniana. Janet Afary e Kevin B. Anderson spiegano:<\/p>\n<p style=\"text-align: justify;\">Per tutta la vita, il concetto di autenticit\u00e0 di Michel Foucault ha inteso ravvisare in quelle situazioni in cui la gente ha vissuto in modo imprudente e ha flirtato con la morte la causa della creativit\u00e0. Nel solco della tradizione di Friedrich Nietzsche e George Bataille, Foucault ha abbracciato l&#8217;artista che ha spinto i limiti della razionalit\u00e0 e ha scritto con grande passione in difesa delle irrazionalit\u00e0 che hanno oltrepassato nuovi confini.<\/p>\n<p style=\"text-align: justify;\">Nel 1978, Foucault rinvenne tali forze trasgressive nella figura rivoluzionaria dell&#8217;ayatollah Khomeini e nei milioni di persone che mettendo a repentaglio la propria vita lo seguirono nella Rivoluzione islamica. Egli sapeva che tali esperienze &#8220;limite&#8221; potevano condurre a nuove forme di creativit\u00e0 e cos\u00ec dette il suo sostegno con passione.<\/p>\n<p style=\"text-align: justify;\">Un altro filosofo francese, Jean Baudrillard, ha ritratto gli islamisti come schiavi che si ribellano a un ordine repressivo. Nel 1978 Foucault defin\u00ec l&#8217;ayatollah Khomeini un &#8220;santo&#8221; e un anno dopo, Andrew Young, l&#8217;ambasciatore presso le Nazioni Unite sotto l&#8217;amministrazione Carter, disse che era &#8220;una specie di santo&#8221;.<\/p>\n<p style=\"text-align: justify;\">Questa buona volont\u00e0 pu\u00f2 apparire sorprendente, viste le profonde differenze tra i due movimenti. I comunisti sono dei laici atei e di sinistra; gli islamisti giustiziano gli atei e impongono la legge religiosa. La sinistra esalta i lavoratori, l&#8217;islamismo privilegia i musulmani. La prima sogna un paradiso dei lavoratori, l&#8217;altro il califfato. I socialisti vogliono il socialismo; gli islamisti accettano il libero scambio. Il marxismo implica l&#8217;eguaglianza tra i sessi; l&#8217;islamismo opprime le donne. La sinistra disprezza la schiavit\u00f9; alcuni islamisti l&#8217;approvano.<\/p>\n<p style=\"text-align: justify;\">Come osserva il giornalista Bret Stephens, la sinistra ha trascorso &#8220;gli ultimi quattro decenni a battersi in difesa delle libert\u00e0 alle quali l&#8217;Islam si oppone maggiormente: la libert\u00e0 sessuale e di procreare, i diritti degli omosessuali, la libert\u00e0 dalla religione, la pornografia e varie forme di trasgressione artistica, il pacifismo e cos\u00ec via&#8221;.<\/p>\n<p style=\"text-align: justify;\">Tali divergenze sembrano sminuire le poche similitudini che Oskar Lafontaine, ex leader del Partito socialdemocratico tedesco, \u00e8 riuscito a trovare: &#8220;l&#8217;Islam fa affidamento sulla comunit\u00e0, il che la pone in opposizione a un individualismo estremo, che rischia di fallire in Occidente. [Inoltre,] il pio musulmano \u00e8 tenuto a condividere i suo beni con gli altri. Anche la sinistra vuole che il forte aiuti il debole&#8221;.<\/p>\n<p style=\"text-align: justify;\">Perch\u00e9, allora, la creazione di ci\u00f2 che David Horowitz chiama &#8220;la scellerata alleanza&#8221; tra la sinistra e l&#8217;islamismo? Essenzialmente per quattro ragioni.<\/p>\n<p style=\"text-align: justify;\">Innanzitutto, come spiega il politico britannico George Galloway, &#8220;il movimento progressista nel mondo e i musulmani condividono gli stessi nemici&#8221;, vale a dire la civilt\u00e0 occidentale, in generale, e gli Stati Uniti, la Gran Bretagna e Israele, in particolare, pi\u00f9 gli ebrei, i credenti cristiani e i capitalisti internazionali. In Iran, secondo l&#8217;analista politico di Teheran Saeed Leylaz, &#8220;da cinque anni a questa parte, il governo ha permesso alla sinistra di agire allo scopo di far fronte ai religiosi progressisti&#8221;.<\/p>\n<p style=\"text-align: justify;\">I loro discorsi sono intercambiabili. Harold Pinter descrive l&#8217;America come &#8220;un paese retto da un branco di pazzi criminali&#8221; e Osama bin Laden definisce il paese &#8220;ingiusto, criminale e tirannico&#8221;. Noam Chomsky dice che l&#8217;America \u00e8 uno &#8220;dei principali stati terroristi&#8221; e Hafiz Hussain Ahmed, un leader politico pachistano, ne parla come &#8220;il pi\u00f9 grande stato terrorista&#8221;. Queste affinit\u00e0 sono sufficienti a convincere le due parti ad accantonare le loro innumerevoli differenze in favore della cooperazione.<\/p>\n<p style=\"text-align: justify;\">In secondo luogo, le due parti condividono alcuni obiettivi politici. Una grande manifestazione organizzata a Londra nel 2003 contro la guerra in Iraq ha simbolicamente suggellato la loro alleanza. Entrambe le parti vorrebbero che le forze di coalizione fossero battute in Iraq, che la guerra al terrore finisse, che l&#8217;anti-americanismo dilagasse e che Israele venisse eliminato. Esse sono a favore dell&#8217;immigrazione di massa e del multiculturalismo in Occidente; cooperano a questi obiettivi nell&#8217;ambito di incontri come la Conferenza contro la guerra, che si tiene annualmente al Cairo, in occasione della quale la sinistra e gli islamisti si riuniscono per formare &#8220;un&#8217;alleanza internazionale contro l&#8217;imperialismo e il sionismo&#8221;.<\/p>\n<p style=\"text-align: justify;\">In terzo luogo, l&#8217;islamismo ha dei legami storici e filosofici con il marxismo-leninismo. Sayyid Qutb, il pensatore islamista egiziano, ha accettato la nozione marxista delle fasi storiche, limitandosi ad aggiungere una postilla islamica: egli ha previsto l&#8217;inizio di un&#8217;era islamica eterna, successivamente al crollo del capitalismo e del comunismo.<\/p>\n<p style=\"text-align: justify;\">Ali Shariati, il principale ideologo della Rivoluzione iraniana del 1978-79, ha tradotto in persiano gli scritti di Franz Fanon, Che Guevara e Jean-Paul Sartre. Pi\u00f9 in generale, l&#8217;analista iraniano Azar Nafisi osserva che l&#8217;islamismo &#8220;trae il suo linguaggio, gli obiettivi e le aspirazioni tanto dalle forme pi\u00f9 grossolane del marxismo quanto dalla religione. I suoi leader sono influenzati tanto da Lenin, Sartre, Stalin e Fanon, quanto dal Profeta&#8221;.<\/p>\n<p style=\"text-align: justify;\">Passando dalla teoria alla pratica, i marxisti vedono negli islamisti uno strano compimento delle loro profezie. Marx aveva previsto che i profitti commerciali sarebbero crollati nei paesi industriali, inducendo i padroni a spremere i lavoratori; il proletariato si sarebbe impoverito, fino a ribellarsi e a instaurare un ordine socialista. Ma, in realt\u00e0, il proletariato dei paesi industriali \u00e8 diventato ancor pi\u00f9 ricco e il suo potenziale rivoluzionario si \u00e8 inaridito.<\/p>\n<p style=\"text-align: justify;\">Come ha notato lo scrittore Lee Harris, per un secolo e mezzo, i marxisti hanno atteso invano la crisi del capitalismo. Poi, sono arrivati gli islamisti, a partire con la rivoluzione iraniana e in seguito con l&#8217;11 settembre e con altri attacchi contro l&#8217;Occidente. E per finire, il Terzo mondo aveva iniziato la sua rivolta contro l&#8217;Occidente, realizzando le previsioni marxiste \u2013 anche se sotto la bandiera sbagliata e con degli obiettivi erronei.<\/p>\n<p style=\"text-align: justify;\">Olivier Besan\u00e7onneau, un esponente della sinistra francese, considera gli islamisti come dei &#8220;nuovi schiavi&#8221; del capitalismo e si chiede se non sia naturale che &#8220;essi dovrebbero unirsi alla classe lavoratrice per distruggere il sistema capitalista&#8221;. Nel momento in cui il movimento comunista \u00e8 &#8220;in rovina&#8221;, come osservano l&#8217;analista Lorenzo Vidino e il giornalista Andrea Morigi, le Nuove Brigate Rosse in Italia ammettono di fatto &#8220;il ruolo dominante dei religiosi reazionari&#8221;.<\/p>\n<p style=\"text-align: justify;\">Il quarto motivo \u00e8 il potere. Gli islamisti e la sinistra possono conseguire pi\u00f9 risultati se marceranno insieme, e non separatamente. In Gran Bretagna, essi hanno dato vita a &#8220;Stop the War Coalition&#8221; , il cui comitato direttivo annovera dei rappresentanti appartenenti a organizzazioni come il partito comunista britannico e la Muslim Association of Britain.<\/p>\n<p style=\"text-align: justify;\">Il Respect Party inglese coniuga il socialismo internazionale radicale con l&#8217;ideologia islamista. Le due parti hanno unito le forze nel marzo 2008, allo scopo di creare liste comuni di candidati per le elezioni parlamentati europee in Francia e in Gran Bretagna, camuffate sotto nomi di partiti poco rivelatori dei loro intenti.<\/p>\n<p style=\"text-align: justify;\">Gli islamisti, in particolare, traggono beneficio dall&#8217;accesso, dalla legittimit\u00e0, dalle competenze e dall&#8217;impatto che la sinistra fornisce loro. Cherie Booth, moglie delle ex premier britannico Tony Blair, ha dibattuto una causa in appello per aiutare una ragazza, Shabina Begum, a indossare lo jilhab, un indumento islamico, in una scuola britannica.<\/p>\n<p style=\"text-align: justify;\">Lynne Stewart, un avvocato di sinistra, ha infranto la legge statunitense ed \u00e8 finita in galera per aver aiutato Omar Abdel Rahman, lo sceicco cieco, a fomentare la rivoluzione in Egitto. Volkert van der Graaf, un fanatico animalista, ha ucciso il politico olandese Pim Fortuyn per bloccare il tentativo di quest&#8217;ultimo di trasformare i musulmani in &#8220;capri espiatori&#8221;.<\/p>\n<p style=\"text-align: justify;\">Vanessa Redgrave ha pagato 50.000 sterline, la met\u00e0 della cauzione fissata per concedere la libert\u00e0 provvisoria a Jamil el-Banna, un sospettato di Guantanamo accusato di reclutare jihadisti per combattere in Afghanistan e in Indonesia. La Redgrave ha asserito che aiutare el-Banna sia stato &#8220;un profondo onore&#8221;, malgrado l&#8217;uomo fosse ricercato in Spagna per reati legati al terrorismo e sospettato di avere legami con al-Qaeda.<\/p>\n<p style=\"text-align: justify;\">Su scala pi\u00f9 vasta, il partito comunista indiano ha fatto il lavoro sporco per conto di Teheran, procrastinando per quattro mesi il lancio in India del satellite spia israeliano TecSar. E infine, esponenti della sinistra hanno fondato il Movimento di Solidariet\u00e0 Internazionale per impedire alle forze di sicurezza israeliane di proteggere il paese da Hamas e da altri gruppi terroristici palestinesi.<\/p>\n<p style=\"text-align: justify;\">Sulle pagine dello <em>Spectator<\/em> di Londra, Douglas Davis definisce la coalizione &#8220;una manna per entrambe le parti&#8221;. La sinistra \u2013 un tempo una esigua banda di comunisti, di trotskisti, maoisti e castristi \u2013 si era legata alla feccia di una causa persa; gli islamisti potevano fornire numeri e passioni, ma avevano bisogno di un veicolo che desse loro un appiglio sul terreno politico.<\/p>\n<p style=\"text-align: justify;\">Un&#8217;alleanza tattica \u00e8 divenuta un imperativo strategico. Semplificando, un esponente della sinistra britannica concorda: &#8220;I vantaggi pratici del lavorare insieme permettono di compensare le differenze&#8221;.<\/p>\n<p style=\"text-align: justify;\">L&#8217;alleanza in nuce tra la sinistra occidentale e gli islamisti va considerata come uno dei pi\u00f9 inquietanti sviluppi politici, che ostacola i tentativi dell&#8217;Occidente di tutelare se stesso. Quando Stalin e Hitler siglarono il loro infame patto nel 1939, l&#8217;alleanza rosso-bruna costitu\u00ec un pericolo mortale per l&#8217;Occidente e anche per la stessa civilt\u00e0. In modo meno spettacolare, ma con la stessa certezza, l&#8217;odierna coalizione pone la stessa minaccia. Come settant&#8217;anni or sono questo nuovo sodalizio deve essere denunciato, ricusato, respinto e sconfitto.<\/p>\n<p style=\"text-align: justify;\">(A.C. Valdera)<\/p>\n","protected":false},"excerpt":{"rendered":"<p>National Review, 14 luglio 2008 Articolo in lingua originale inglese: [The Islamist-Leftist] Allied Menace] di Daniel Pipes &#8220;Ecco due paesi fratelli uniti come fossero le dita di una mano&#8221;, ha detto il socialista Hugo Chavez, nel corso di una visita a Teheran tenutasi nel novembre 2007, in celebrazione della sua alleanza con l&#8217;islamista Mahmoud Ahmadinejad. &hellip; <\/p>\n<p><a class=\"more-link btn\" href=\"https:\/\/www.rassegnastampa-totustuus.it\/cattolica\/islamismo-e-sinistra-la-minaccia-alleata\/\">Continua a leggere<\/a><\/p>\n","protected":false},"author":6,"featured_media":34258,"comment_status":"closed","ping_status":"open","sticky":false,"template":"","format":"standard","meta":{"footnotes":""},"categories":[32,16],"tags":[161,1231],"class_list":["post-3149","post","type-post","status-publish","format-standard","has-post-thumbnail","hentry","category-filosofia-del-comunismo","category-islam","tag-islam-2","tag-sinistre","item-wrap"],"yoast_head":"<!-- This site is optimized with the Yoast SEO plugin v27.5 - https:\/\/yoast.com\/product\/yoast-seo-wordpress\/ -->\n<title>Islamismo e sinistra: la minaccia alleata - Rassegna Stampa Cattolica<\/title>\n<meta name=\"description\" content=\"Rassegna Stampa Cattolica - Per una cultura che nasce dalla Rivelazione cristiana in conformit\u00e0 alla tradizione e al Magistero della Chiesa in opposizione ad ogni relativismo e totalitarismo\" \/>\n<meta name=\"robots\" content=\"index, follow, max-snippet:-1, max-image-preview:large, max-video-preview:-1\" \/>\n<link rel=\"canonical\" href=\"https:\/\/www.rassegnastampa-totustuus.it\/cattolica\/islamismo-e-sinistra-la-minaccia-alleata\/\" \/>\n<meta property=\"og:locale\" content=\"it_IT\" \/>\n<meta property=\"og:type\" content=\"article\" \/>\n<meta property=\"og:title\" content=\"Islamismo e sinistra: la minaccia alleata - Rassegna Stampa Cattolica\" \/>\n<meta property=\"og:description\" content=\"Rassegna Stampa Cattolica - Per una cultura che nasce dalla Rivelazione cristiana in conformit\u00e0 alla tradizione e al Magistero della Chiesa in opposizione ad ogni relativismo e totalitarismo\" \/>\n<meta property=\"og:url\" content=\"https:\/\/www.rassegnastampa-totustuus.it\/cattolica\/islamismo-e-sinistra-la-minaccia-alleata\/\" \/>\n<meta property=\"og:site_name\" content=\"Rassegna Stampa Cattolica\" \/>\n<meta property=\"article:publisher\" content=\"https:\/\/www.facebook.com\/rassegnastampacattolica\" \/>\n<meta property=\"article:published_time\" content=\"2009-04-24T07:57:52+00:00\" \/>\n<meta property=\"article:modified_time\" content=\"2016-06-07T12:48:30+00:00\" \/>\n<meta property=\"og:image\" content=\"https:\/\/www.rassegnastampa-totustuus.it\/cattolica\/wp-content\/uploads\/2009\/04\/Islam_sinistra.jpg\" \/>\n\t<meta property=\"og:image:width\" content=\"218\" \/>\n\t<meta property=\"og:image:height\" content=\"231\" \/>\n\t<meta property=\"og:image:type\" content=\"image\/jpeg\" \/>\n<meta name=\"author\" content=\"Redazione\" \/>\n<meta name=\"twitter:card\" content=\"summary_large_image\" \/>\n<meta name=\"twitter:creator\" content=\"@rassegnastampa9\" \/>\n<meta name=\"twitter:site\" content=\"@rassegnastampa9\" \/>\n<meta name=\"twitter:label1\" content=\"Scritto da\" \/>\n\t<meta name=\"twitter:data1\" content=\"Redazione\" \/>\n\t<meta name=\"twitter:label2\" content=\"Tempo di lettura stimato\" \/>\n\t<meta name=\"twitter:data2\" content=\"10 minuti\" \/>\n<script type=\"application\/ld+json\" class=\"yoast-schema-graph\">{\"@context\":\"https:\\\/\\\/schema.org\",\"@graph\":[{\"@type\":\"Article\",\"@id\":\"https:\\\/\\\/www.rassegnastampa-totustuus.it\\\/cattolica\\\/islamismo-e-sinistra-la-minaccia-alleata\\\/#article\",\"isPartOf\":{\"@id\":\"https:\\\/\\\/www.rassegnastampa-totustuus.it\\\/cattolica\\\/islamismo-e-sinistra-la-minaccia-alleata\\\/\"},\"author\":{\"name\":\"Redazione\",\"@id\":\"https:\\\/\\\/www.rassegnastampa-totustuus.it\\\/cattolica\\\/#\\\/schema\\\/person\\\/08f319d2bd1a0904ad9e2bfb7b15e5c3\"},\"headline\":\"Islamismo e sinistra: la minaccia alleata\",\"datePublished\":\"2009-04-24T07:57:52+00:00\",\"dateModified\":\"2016-06-07T12:48:30+00:00\",\"mainEntityOfPage\":{\"@id\":\"https:\\\/\\\/www.rassegnastampa-totustuus.it\\\/cattolica\\\/islamismo-e-sinistra-la-minaccia-alleata\\\/\"},\"wordCount\":2089,\"publisher\":{\"@id\":\"https:\\\/\\\/www.rassegnastampa-totustuus.it\\\/cattolica\\\/#organization\"},\"image\":{\"@id\":\"https:\\\/\\\/www.rassegnastampa-totustuus.it\\\/cattolica\\\/islamismo-e-sinistra-la-minaccia-alleata\\\/#primaryimage\"},\"thumbnailUrl\":\"https:\\\/\\\/www.rassegnastampa-totustuus.it\\\/cattolica\\\/wp-content\\\/uploads\\\/2009\\\/04\\\/Islam_sinistra.jpg\",\"keywords\":[\"islam\",\"sinistre\"],\"articleSection\":[\"Comunismo\",\"Islam\"],\"inLanguage\":\"it-IT\"},{\"@type\":\"WebPage\",\"@id\":\"https:\\\/\\\/www.rassegnastampa-totustuus.it\\\/cattolica\\\/islamismo-e-sinistra-la-minaccia-alleata\\\/\",\"url\":\"https:\\\/\\\/www.rassegnastampa-totustuus.it\\\/cattolica\\\/islamismo-e-sinistra-la-minaccia-alleata\\\/\",\"name\":\"Islamismo e sinistra: la minaccia alleata - Rassegna Stampa Cattolica\",\"isPartOf\":{\"@id\":\"https:\\\/\\\/www.rassegnastampa-totustuus.it\\\/cattolica\\\/#website\"},\"primaryImageOfPage\":{\"@id\":\"https:\\\/\\\/www.rassegnastampa-totustuus.it\\\/cattolica\\\/islamismo-e-sinistra-la-minaccia-alleata\\\/#primaryimage\"},\"image\":{\"@id\":\"https:\\\/\\\/www.rassegnastampa-totustuus.it\\\/cattolica\\\/islamismo-e-sinistra-la-minaccia-alleata\\\/#primaryimage\"},\"thumbnailUrl\":\"https:\\\/\\\/www.rassegnastampa-totustuus.it\\\/cattolica\\\/wp-content\\\/uploads\\\/2009\\\/04\\\/Islam_sinistra.jpg\",\"datePublished\":\"2009-04-24T07:57:52+00:00\",\"dateModified\":\"2016-06-07T12:48:30+00:00\",\"description\":\"Rassegna Stampa Cattolica - Per una cultura che nasce dalla Rivelazione cristiana in conformit\u00e0 alla tradizione e al Magistero della Chiesa in opposizione ad ogni relativismo e totalitarismo\",\"breadcrumb\":{\"@id\":\"https:\\\/\\\/www.rassegnastampa-totustuus.it\\\/cattolica\\\/islamismo-e-sinistra-la-minaccia-alleata\\\/#breadcrumb\"},\"inLanguage\":\"it-IT\",\"potentialAction\":[{\"@type\":\"ReadAction\",\"target\":[\"https:\\\/\\\/www.rassegnastampa-totustuus.it\\\/cattolica\\\/islamismo-e-sinistra-la-minaccia-alleata\\\/\"]}]},{\"@type\":\"ImageObject\",\"inLanguage\":\"it-IT\",\"@id\":\"https:\\\/\\\/www.rassegnastampa-totustuus.it\\\/cattolica\\\/islamismo-e-sinistra-la-minaccia-alleata\\\/#primaryimage\",\"url\":\"https:\\\/\\\/www.rassegnastampa-totustuus.it\\\/cattolica\\\/wp-content\\\/uploads\\\/2009\\\/04\\\/Islam_sinistra.jpg\",\"contentUrl\":\"https:\\\/\\\/www.rassegnastampa-totustuus.it\\\/cattolica\\\/wp-content\\\/uploads\\\/2009\\\/04\\\/Islam_sinistra.jpg\",\"width\":218,\"height\":231},{\"@type\":\"BreadcrumbList\",\"@id\":\"https:\\\/\\\/www.rassegnastampa-totustuus.it\\\/cattolica\\\/islamismo-e-sinistra-la-minaccia-alleata\\\/#breadcrumb\",\"itemListElement\":[{\"@type\":\"ListItem\",\"position\":1,\"name\":\"Home\",\"item\":\"https:\\\/\\\/www.rassegnastampa-totustuus.it\\\/cattolica\\\/\"},{\"@type\":\"ListItem\",\"position\":2,\"name\":\"Islamismo e sinistra: la minaccia alleata\"}]},{\"@type\":\"WebSite\",\"@id\":\"https:\\\/\\\/www.rassegnastampa-totustuus.it\\\/cattolica\\\/#website\",\"url\":\"https:\\\/\\\/www.rassegnastampa-totustuus.it\\\/cattolica\\\/\",\"name\":\"Rassegna Stampa Cattolica\",\"description\":\"Per una cultura che nasce dalla Rivelazione cristiana in conformit\u00e0 alla tradizione e al Magistero della Chiesa in opposizione ad ogni relativismo e totalitarismo\",\"publisher\":{\"@id\":\"https:\\\/\\\/www.rassegnastampa-totustuus.it\\\/cattolica\\\/#organization\"},\"alternateName\":\"Rass. Cattolica\",\"potentialAction\":[{\"@type\":\"SearchAction\",\"target\":{\"@type\":\"EntryPoint\",\"urlTemplate\":\"https:\\\/\\\/www.rassegnastampa-totustuus.it\\\/cattolica\\\/?s={search_term_string}\"},\"query-input\":{\"@type\":\"PropertyValueSpecification\",\"valueRequired\":true,\"valueName\":\"search_term_string\"}}],\"inLanguage\":\"it-IT\"},{\"@type\":\"Organization\",\"@id\":\"https:\\\/\\\/www.rassegnastampa-totustuus.it\\\/cattolica\\\/#organization\",\"name\":\"Rassegna Stampa Cattolica\",\"url\":\"https:\\\/\\\/www.rassegnastampa-totustuus.it\\\/cattolica\\\/\",\"logo\":{\"@type\":\"ImageObject\",\"inLanguage\":\"it-IT\",\"@id\":\"https:\\\/\\\/www.rassegnastampa-totustuus.it\\\/cattolica\\\/#\\\/schema\\\/logo\\\/image\\\/\",\"url\":\"https:\\\/\\\/www.rassegnastampa-totustuus.it\\\/cattolica\\\/wp-content\\\/uploads\\\/2014\\\/04\\\/logo-rassegna1.gif\",\"contentUrl\":\"https:\\\/\\\/www.rassegnastampa-totustuus.it\\\/cattolica\\\/wp-content\\\/uploads\\\/2014\\\/04\\\/logo-rassegna1.gif\",\"width\":600,\"height\":163,\"caption\":\"Rassegna Stampa Cattolica\"},\"image\":{\"@id\":\"https:\\\/\\\/www.rassegnastampa-totustuus.it\\\/cattolica\\\/#\\\/schema\\\/logo\\\/image\\\/\"},\"sameAs\":[\"https:\\\/\\\/www.facebook.com\\\/rassegnastampacattolica\",\"https:\\\/\\\/x.com\\\/rassegnastampa9\"]},{\"@type\":\"Person\",\"@id\":\"https:\\\/\\\/www.rassegnastampa-totustuus.it\\\/cattolica\\\/#\\\/schema\\\/person\\\/08f319d2bd1a0904ad9e2bfb7b15e5c3\",\"name\":\"Redazione\",\"image\":{\"@type\":\"ImageObject\",\"inLanguage\":\"it-IT\",\"@id\":\"https:\\\/\\\/secure.gravatar.com\\\/avatar\\\/2fcdf27c78ea025fbdb44e914cc63c72249ffec9dc8aafd5c82b26240ef3f346?s=96&d=mm&r=g\",\"url\":\"https:\\\/\\\/secure.gravatar.com\\\/avatar\\\/2fcdf27c78ea025fbdb44e914cc63c72249ffec9dc8aafd5c82b26240ef3f346?s=96&d=mm&r=g\",\"contentUrl\":\"https:\\\/\\\/secure.gravatar.com\\\/avatar\\\/2fcdf27c78ea025fbdb44e914cc63c72249ffec9dc8aafd5c82b26240ef3f346?s=96&d=mm&r=g\",\"caption\":\"Redazione\"},\"url\":\"https:\\\/\\\/www.rassegnastampa-totustuus.it\\\/cattolica\\\/author\\\/pietroelle\\\/\"}]}<\/script>\n<!-- \/ Yoast SEO plugin. -->","yoast_head_json":{"title":"Islamismo e sinistra: la minaccia alleata - Rassegna Stampa Cattolica","description":"Rassegna Stampa Cattolica - Per una cultura che nasce dalla Rivelazione cristiana in conformit\u00e0 alla tradizione e al Magistero della Chiesa in opposizione ad ogni relativismo e totalitarismo","robots":{"index":"index","follow":"follow","max-snippet":"max-snippet:-1","max-image-preview":"max-image-preview:large","max-video-preview":"max-video-preview:-1"},"canonical":"https:\/\/www.rassegnastampa-totustuus.it\/cattolica\/islamismo-e-sinistra-la-minaccia-alleata\/","og_locale":"it_IT","og_type":"article","og_title":"Islamismo e sinistra: la minaccia alleata - Rassegna Stampa Cattolica","og_description":"Rassegna Stampa Cattolica - Per una cultura che nasce dalla Rivelazione cristiana in conformit\u00e0 alla tradizione e al Magistero della Chiesa in opposizione ad ogni relativismo e totalitarismo","og_url":"https:\/\/www.rassegnastampa-totustuus.it\/cattolica\/islamismo-e-sinistra-la-minaccia-alleata\/","og_site_name":"Rassegna Stampa Cattolica","article_publisher":"https:\/\/www.facebook.com\/rassegnastampacattolica","article_published_time":"2009-04-24T07:57:52+00:00","article_modified_time":"2016-06-07T12:48:30+00:00","og_image":[{"width":218,"height":231,"url":"https:\/\/www.rassegnastampa-totustuus.it\/cattolica\/wp-content\/uploads\/2009\/04\/Islam_sinistra.jpg","type":"image\/jpeg"}],"author":"Redazione","twitter_card":"summary_large_image","twitter_creator":"@rassegnastampa9","twitter_site":"@rassegnastampa9","twitter_misc":{"Scritto da":"Redazione","Tempo di lettura stimato":"10 minuti"},"schema":{"@context":"https:\/\/schema.org","@graph":[{"@type":"Article","@id":"https:\/\/www.rassegnastampa-totustuus.it\/cattolica\/islamismo-e-sinistra-la-minaccia-alleata\/#article","isPartOf":{"@id":"https:\/\/www.rassegnastampa-totustuus.it\/cattolica\/islamismo-e-sinistra-la-minaccia-alleata\/"},"author":{"name":"Redazione","@id":"https:\/\/www.rassegnastampa-totustuus.it\/cattolica\/#\/schema\/person\/08f319d2bd1a0904ad9e2bfb7b15e5c3"},"headline":"Islamismo e sinistra: la minaccia alleata","datePublished":"2009-04-24T07:57:52+00:00","dateModified":"2016-06-07T12:48:30+00:00","mainEntityOfPage":{"@id":"https:\/\/www.rassegnastampa-totustuus.it\/cattolica\/islamismo-e-sinistra-la-minaccia-alleata\/"},"wordCount":2089,"publisher":{"@id":"https:\/\/www.rassegnastampa-totustuus.it\/cattolica\/#organization"},"image":{"@id":"https:\/\/www.rassegnastampa-totustuus.it\/cattolica\/islamismo-e-sinistra-la-minaccia-alleata\/#primaryimage"},"thumbnailUrl":"https:\/\/www.rassegnastampa-totustuus.it\/cattolica\/wp-content\/uploads\/2009\/04\/Islam_sinistra.jpg","keywords":["islam","sinistre"],"articleSection":["Comunismo","Islam"],"inLanguage":"it-IT"},{"@type":"WebPage","@id":"https:\/\/www.rassegnastampa-totustuus.it\/cattolica\/islamismo-e-sinistra-la-minaccia-alleata\/","url":"https:\/\/www.rassegnastampa-totustuus.it\/cattolica\/islamismo-e-sinistra-la-minaccia-alleata\/","name":"Islamismo e sinistra: la minaccia alleata - Rassegna Stampa Cattolica","isPartOf":{"@id":"https:\/\/www.rassegnastampa-totustuus.it\/cattolica\/#website"},"primaryImageOfPage":{"@id":"https:\/\/www.rassegnastampa-totustuus.it\/cattolica\/islamismo-e-sinistra-la-minaccia-alleata\/#primaryimage"},"image":{"@id":"https:\/\/www.rassegnastampa-totustuus.it\/cattolica\/islamismo-e-sinistra-la-minaccia-alleata\/#primaryimage"},"thumbnailUrl":"https:\/\/www.rassegnastampa-totustuus.it\/cattolica\/wp-content\/uploads\/2009\/04\/Islam_sinistra.jpg","datePublished":"2009-04-24T07:57:52+00:00","dateModified":"2016-06-07T12:48:30+00:00","description":"Rassegna Stampa Cattolica - Per una cultura che nasce dalla Rivelazione cristiana in conformit\u00e0 alla tradizione e al Magistero della Chiesa in opposizione ad ogni relativismo e totalitarismo","breadcrumb":{"@id":"https:\/\/www.rassegnastampa-totustuus.it\/cattolica\/islamismo-e-sinistra-la-minaccia-alleata\/#breadcrumb"},"inLanguage":"it-IT","potentialAction":[{"@type":"ReadAction","target":["https:\/\/www.rassegnastampa-totustuus.it\/cattolica\/islamismo-e-sinistra-la-minaccia-alleata\/"]}]},{"@type":"ImageObject","inLanguage":"it-IT","@id":"https:\/\/www.rassegnastampa-totustuus.it\/cattolica\/islamismo-e-sinistra-la-minaccia-alleata\/#primaryimage","url":"https:\/\/www.rassegnastampa-totustuus.it\/cattolica\/wp-content\/uploads\/2009\/04\/Islam_sinistra.jpg","contentUrl":"https:\/\/www.rassegnastampa-totustuus.it\/cattolica\/wp-content\/uploads\/2009\/04\/Islam_sinistra.jpg","width":218,"height":231},{"@type":"BreadcrumbList","@id":"https:\/\/www.rassegnastampa-totustuus.it\/cattolica\/islamismo-e-sinistra-la-minaccia-alleata\/#breadcrumb","itemListElement":[{"@type":"ListItem","position":1,"name":"Home","item":"https:\/\/www.rassegnastampa-totustuus.it\/cattolica\/"},{"@type":"ListItem","position":2,"name":"Islamismo e sinistra: la minaccia alleata"}]},{"@type":"WebSite","@id":"https:\/\/www.rassegnastampa-totustuus.it\/cattolica\/#website","url":"https:\/\/www.rassegnastampa-totustuus.it\/cattolica\/","name":"Rassegna Stampa Cattolica","description":"Per una cultura che nasce dalla Rivelazione cristiana in conformit\u00e0 alla tradizione e al Magistero della Chiesa in opposizione ad ogni relativismo e totalitarismo","publisher":{"@id":"https:\/\/www.rassegnastampa-totustuus.it\/cattolica\/#organization"},"alternateName":"Rass. Cattolica","potentialAction":[{"@type":"SearchAction","target":{"@type":"EntryPoint","urlTemplate":"https:\/\/www.rassegnastampa-totustuus.it\/cattolica\/?s={search_term_string}"},"query-input":{"@type":"PropertyValueSpecification","valueRequired":true,"valueName":"search_term_string"}}],"inLanguage":"it-IT"},{"@type":"Organization","@id":"https:\/\/www.rassegnastampa-totustuus.it\/cattolica\/#organization","name":"Rassegna Stampa Cattolica","url":"https:\/\/www.rassegnastampa-totustuus.it\/cattolica\/","logo":{"@type":"ImageObject","inLanguage":"it-IT","@id":"https:\/\/www.rassegnastampa-totustuus.it\/cattolica\/#\/schema\/logo\/image\/","url":"https:\/\/www.rassegnastampa-totustuus.it\/cattolica\/wp-content\/uploads\/2014\/04\/logo-rassegna1.gif","contentUrl":"https:\/\/www.rassegnastampa-totustuus.it\/cattolica\/wp-content\/uploads\/2014\/04\/logo-rassegna1.gif","width":600,"height":163,"caption":"Rassegna Stampa Cattolica"},"image":{"@id":"https:\/\/www.rassegnastampa-totustuus.it\/cattolica\/#\/schema\/logo\/image\/"},"sameAs":["https:\/\/www.facebook.com\/rassegnastampacattolica","https:\/\/x.com\/rassegnastampa9"]},{"@type":"Person","@id":"https:\/\/www.rassegnastampa-totustuus.it\/cattolica\/#\/schema\/person\/08f319d2bd1a0904ad9e2bfb7b15e5c3","name":"Redazione","image":{"@type":"ImageObject","inLanguage":"it-IT","@id":"https:\/\/secure.gravatar.com\/avatar\/2fcdf27c78ea025fbdb44e914cc63c72249ffec9dc8aafd5c82b26240ef3f346?s=96&d=mm&r=g","url":"https:\/\/secure.gravatar.com\/avatar\/2fcdf27c78ea025fbdb44e914cc63c72249ffec9dc8aafd5c82b26240ef3f346?s=96&d=mm&r=g","contentUrl":"https:\/\/secure.gravatar.com\/avatar\/2fcdf27c78ea025fbdb44e914cc63c72249ffec9dc8aafd5c82b26240ef3f346?s=96&d=mm&r=g","caption":"Redazione"},"url":"https:\/\/www.rassegnastampa-totustuus.it\/cattolica\/author\/pietroelle\/"}]}},"_links":{"self":[{"href":"https:\/\/www.rassegnastampa-totustuus.it\/cattolica\/wp-json\/wp\/v2\/posts\/3149","targetHints":{"allow":["GET"]}}],"collection":[{"href":"https:\/\/www.rassegnastampa-totustuus.it\/cattolica\/wp-json\/wp\/v2\/posts"}],"about":[{"href":"https:\/\/www.rassegnastampa-totustuus.it\/cattolica\/wp-json\/wp\/v2\/types\/post"}],"author":[{"embeddable":true,"href":"https:\/\/www.rassegnastampa-totustuus.it\/cattolica\/wp-json\/wp\/v2\/users\/6"}],"replies":[{"embeddable":true,"href":"https:\/\/www.rassegnastampa-totustuus.it\/cattolica\/wp-json\/wp\/v2\/comments?post=3149"}],"version-history":[{"count":5,"href":"https:\/\/www.rassegnastampa-totustuus.it\/cattolica\/wp-json\/wp\/v2\/posts\/3149\/revisions"}],"predecessor-version":[{"id":34259,"href":"https:\/\/www.rassegnastampa-totustuus.it\/cattolica\/wp-json\/wp\/v2\/posts\/3149\/revisions\/34259"}],"wp:featuredmedia":[{"embeddable":true,"href":"https:\/\/www.rassegnastampa-totustuus.it\/cattolica\/wp-json\/wp\/v2\/media\/34258"}],"wp:attachment":[{"href":"https:\/\/www.rassegnastampa-totustuus.it\/cattolica\/wp-json\/wp\/v2\/media?parent=3149"}],"wp:term":[{"taxonomy":"category","embeddable":true,"href":"https:\/\/www.rassegnastampa-totustuus.it\/cattolica\/wp-json\/wp\/v2\/categories?post=3149"},{"taxonomy":"post_tag","embeddable":true,"href":"https:\/\/www.rassegnastampa-totustuus.it\/cattolica\/wp-json\/wp\/v2\/tags?post=3149"}],"curies":[{"name":"wp","href":"https:\/\/api.w.org\/{rel}","templated":true}]}}