{"id":3142,"date":"2009-04-23T00:00:00","date_gmt":"2009-04-22T22:00:00","guid":{"rendered":""},"modified":"2016-01-27T13:19:18","modified_gmt":"2016-01-27T12:19:18","slug":"obama-ha-forse-paura-della-parola-g","status":"publish","type":"post","link":"https:\/\/www.rassegnastampa-totustuus.it\/cattolica\/obama-ha-forse-paura-della-parola-g\/","title":{"rendered":"Obama ha forse paura della &quot;Parola G&quot;?"},"content":{"rendered":"<div style=\"text-align: center;\"><a href=\"http:\/\/www.humanevents.com\/\" target=\"_blank\"><strong><a href=\"https:\/\/www.rassegnastampa-totustuus.it\/cattolica\/wp-content\/uploads\/2009\/04\/Chuck-Norris.jpg\"><img loading=\"lazy\" decoding=\"async\" class=\"alignleft wp-image-29969\" src=\"https:\/\/www.rassegnastampa-totustuus.it\/cattolica\/wp-content\/uploads\/2009\/04\/Chuck-Norris.jpg\" alt=\"Chuck Norris\" width=\"137\" height=\"200\" \/><\/a>Human Events<\/strong><\/a> 7 aprile 2009<\/div>\n<p style=\"text-align: center;\">di <strong>Chuck Norris<\/strong><\/p>\n<p style=\"text-align: center;\"><a href=\"http:\/\/www.humanevents.com\/article.php?id=31375\" target=\"_blank\"><strong>articolo originale in inglese<\/strong><\/a><\/p>\n<p style=\"text-align: justify;\">Alla luce di un recente sondaggio compiuto su base nazionale dal Pew Research Center for the People &amp; the Press, l\u00b411 % degli americani ancora crede che il presidente Barack Obama sia musulmano. In \u00a0particolare lo crede il 7 %dei democratici e il 20 % degli evangelici.<\/p>\n<p style=\"text-align: justify;\">Ci\u00f2 che trovo veramente intrigante \u00e8 che lo stesso studio mostra che solo il 55 % dei democratici sa o crede che Obama \u00e8 cristiano, anche dopo due anni di una campagna elettorale che ha visto Obama esibire alla luce del Sole i suoi punti di vista e le sue convinzioni su ogni minimo dettaglio.<\/p>\n<p style=\"text-align: justify;\"><!--more--><\/p>\n<p style=\"text-align: justify;\">Di pi\u00f9, circa una persona su tre non ha idea di quali siano le sue convinzioni religiose. \u00c8 normale una percentuale tanto alta?<\/p>\n<p style=\"text-align: justify;\">Sicuramente il credo religioso appartiene alla sfera privata, ma \u00e8 \u00a0normale che sia un segreto quando si tratta di un leader?<\/p>\n<p style=\"text-align: justify;\">Sebbene queste statistiche dicano qualcosa della neutralit\u00e0 e del rispetto di Obama dinanzi al pluralismo religioso della nostra nazione, evidenziano pure il clima di &#8220;correttezza politica&#8221; che serpeggia per l\u00b4intero paese, nel quale le persone hanno paura di manifestare le proprie convinzioni, temendo accuse di intolleranza o di bigotteria. Siamo diventati una nazione che ha paura di esprimere opinioni. Anche la settimana santa, che un tempo si celebrava nei corridoi del Campidoglio, \u00e8 ora una commemorazione clandestina piena di sante esitazioni.<\/p>\n<p style=\"text-align: justify;\">I padri fondatori dell\u00b4America hanno costruito questa nazione sulla libert\u00e0 religiosa. Apprezzavano il pluralismo delle denominazioni. Erano uniti nella diversit\u00e0. Tutti loro credevano in un Dio Creatore \u00a0e, con qualche eccezione, non facevano segreto del loro essere \u00a0cristiani. Nessuno si sarebbe vergognato di esserlo, specialmente in occasioni come la prossimit\u00e0 della Pasqua.<\/p>\n<p style=\"text-align: justify;\">Io credo in Dio, proprio come i nostri padri fondatori. Come notava Benjamin Franklin nel suo pamphlet scritto nel 1787 indirizzato a quegli europei che stavano pensando di trasferirsi in America: \u00abA ci\u00f2 va in verit\u00e0 aggiunto che la religione, sotto le sue varie denominazioni, non \u00e8 solo tollerata, ma rispettata e praticata. L\u00b4ateismo \u00e8 praticamente sconosciuto\u00bb.<\/p>\n<p style=\"text-align: justify;\">Io credo anche nel Primo Emendamento che recita: \u00abIl Congresso non \u00a0promulgher\u00e0 alcuna legge che non sia rispettosa dei dettami di una religione, o che ne limiti l\u00b4esercizio\u00bb L\u00b4Unione Americana per le Libert\u00e0 Civili [la famigerata ACLU, di orientamento molto progressista n. d.T.] o altri gruppi di simile orientamento non rispettano i diritti tutelati dal Primo Emendamento; si appellano, tradendone il vero significato, alla \u201cclausola di establishment\u201d (che era stata pensata per evitare l\u00b4istituzione di una chiesa nazionale alla stregua della Chiesa d\u00b4Inghilterra) per limitare gli effetti della &#8220;Clausola di libero esercizio&#8221; (che tutela il diritto di pregare nelle modalit\u00e0 preferite da ciascuno, privatamente o pubblicamente).<\/p>\n<p style=\"text-align: justify;\">Entrambe le clausole erano state pensate per la salvaguardia della libert\u00e0 religiosa, non per limitare la sua pratica. I padri fondatori volevano garantire la libert\u00e0 della religione, non la libert\u00e0 dalla religione. Sono d\u00b4accordo con John Jay &#8211; che fu il primo giudice a capo di una corte federale negli Stati Uniti, nominato da George Washington &#8211; su quanto scriveva a Jedidiah Morse il 28 Febbraio 1797 (lo stesso anno del Trattato di Tripoli): \u00abLa Provvidenza ha dato al nostro popolo la possibilit\u00e0 di scegliersi i governanti. Ed \u00e8 un dovere, e un privilegio, e nell\u00b4interesse della nostra nazione cristiana, quello di scegliere e preferire cristiani per i ruoli di governo\u00bb. Non credo che si debba temere una diversit\u00e0 di religioni, n\u00e9, per\u00f2, che si debba dimenticare che siamo nati come nazione cristiana.<\/p>\n<p style=\"text-align: justify;\">Secondo l\u00b4articolo VI, sezione 3, della nuova Costituzione, \u00e8 proibito negare uffici pubblici in base all\u00b4appartenenza religiosa, tuttavia, l\u00b4idea che convinzioni e pratiche giudaico-cristiane debbano essere separate dall\u00b4esercizio di chi governa sarebbe apparsa ridicola ai padre fondatori; che intendevano costruire posando sulle fondamenta costituite da quei diritti sanciti per noi dal nostro Creatore.<\/p>\n<p style=\"text-align: justify;\">Molti potrebbero anche non sapere che tra i firmatari della Dichiarazione d\u00b4Indipendenza c\u00b4era un ecclesiastico nel pieno delle sue funzioni (il ministro presbiteriano John Witherspoon). Ed altri due erano stati pastori in precedenza. Altri erano figli di ministri di culto. Di fatto erano tutti cristiani protestanti.<\/p>\n<p style=\"text-align: justify;\">Tra i firmatari della Costituzione, pure troviamo un reverendo, Abraham Baldwin. Altri avevano studiato teologia, pur non essendo ordinati. Ancora una volta, la maggior parte dei firmatari della Costituzione erano cristiani protestanti. Due &#8211; Charles Carroll e Thomas Fitzsimons &#8211; erano cattolici. Anche io rispetto tutte le religioni, ma ce ne una a cui aderisco.<\/p>\n<p style=\"text-align: justify;\">Credo in quello che scriveva Benjamin Rush, un firmatario della Dichiarazione di Indipendenza che fu anche un membro delle amministrazioni presidenziali di Adams, Jefferson e Madison: &#8220;\u00c8 tale il mio rispetto per ogni religione che aiuti a conoscere qualche aspetto della Divinit\u00e0, o che parli di ricompense e punizioni nella vita che verr\u00e0, che preferirei vedere i nostri giovani educati ai principi di Confucio o di Maometto, piuttosto che vederli crescere privi di un qualsivoglia inquadramento religioso. In ogni caso, la religione che raccomando per questo posto \u00e8 quella del Nuovo Testamento.&#8221;<\/p>\n<p style=\"text-align: justify;\">Come George Washington, non credo che un qualunque standard civile o morale potr\u00e0 essere mantenuto rinunciando a un fondamento religioso: \u00abDi tutte le disposizioni e i costumi che portano alla prosperit\u00e0 politica, la religione e la moralit\u00e0 sono supporti indispensabili&#8230; Qualunque merito si voglia concedere all\u00b4influenza di un\u00b4educazione raffinata ispirata a questa o a quella mentalit\u00e0, sia la ragione sia l\u00b4esperienza ci impediscono di aspettarci che la moralit\u00e0 della nazione possa reggersi escludendo un principio religioso\u00bb<\/p>\n<p style=\"text-align: justify;\">E, soprattutto, credo nei vari e tanto poetici articoli del Credo degli Apostoli: \u00abCredo in Dio Padre Onnipotente, Creatore del cielo e della terra, e in Ges\u00f9 Cristo suo unico figlio e Signore Nostro; il quale fu concepito dallo Spirito Santo, nato da Maria Vergine; pat\u00ec sotto Ponzio Pilato, fu crocifisso, mor\u00ec e fu sepolto; discese agli inferi; il terzo giorno resuscit\u00f2 da morte; sal\u00ec al cielo, siede alla destra di Dio Padre Onnipotente; di l\u00e0 verr\u00e0 a giudicare i vivi e i morti. Credo nello Spirito Santo; la santa Chiesa Cristiana, la comunione dei Santi, la remissione dei peccati, la risurrezione della carne, la vita eterna. Amen\u00bb<\/p>\n<p style=\"text-align: justify;\">Non c\u00b4\u00e8 spazio per le esitazioni a cui abbiamo assistito nella Settimana Santa. Ges\u00f9 \u00e8 il suo nome, e credo che sia venuto in questo mondo per morire per i peccati dell\u00b4umanit\u00e0, che chiunque creda in lui avr\u00e0 la vita eterna &#8211; faccio pubblicamente questa professione di fede oggi esattamente come ritenni opportuno di farla anni fa, partecipando a una crociata di Billy Graham a Los Angeles.<\/p>\n<p style=\"text-align: justify;\">Obama ha forse paura della parola &#8220;Ges\u00f9&#8221;? Io no, e spero sia l\u00ec che trovi dimora il mio cuore e la mia mente durante questo periodo in cui un miliardo di persone nel mondo vanno commemorando la sua Via Dolorosa.<\/p>\n<p style=\"text-align: justify;\">Piuttosto che chiederci quale sia la religione di Obama, cerchiamo di capire bene quale sia la nostra.<\/p>\n<p style=\"text-align: justify;\">Qualunque sia il vostro credo religioso, non vergognatevene. E non esitate a far s\u00ec che gli altri ne siano a conoscenza, a patto di farlo con rispetto. Questa \u00e8 l\u00b4America e questo \u00e8 ci\u00f2 che ancora fa di noi una grande nazione. <em>In God we trust<\/em>.<\/p>\n","protected":false},"excerpt":{"rendered":"<p>Human Events 7 aprile 2009 di Chuck Norris articolo originale in inglese Alla luce di un recente sondaggio compiuto su base nazionale dal Pew Research Center for the People &amp; the Press, l\u00b411 % degli americani ancora crede che il presidente Barack Obama sia musulmano. In \u00a0particolare lo crede il 7 %dei democratici e il &hellip; <\/p>\n<p><a class=\"more-link btn\" href=\"https:\/\/www.rassegnastampa-totustuus.it\/cattolica\/obama-ha-forse-paura-della-parola-g\/\">Continua a leggere<\/a><\/p>\n","protected":false},"author":6,"featured_media":29969,"comment_status":"open","ping_status":"open","sticky":false,"template":"","format":"standard","meta":{"footnotes":""},"categories":[108,76],"tags":[1582],"class_list":["post-3142","post","type-post","status-publish","format-standard","has-post-thumbnail","hentry","category-paesi-e-continenti","category-stati-uniti","tag-barak-obama","item-wrap"],"yoast_head":"<!-- This site is optimized with the Yoast SEO plugin v27.5 - https:\/\/yoast.com\/product\/yoast-seo-wordpress\/ -->\n<title>Obama ha forse paura della &quot;Parola G&quot;? - Rassegna Stampa Cattolica<\/title>\n<meta name=\"description\" content=\"Rassegna Stampa Cattolica - Per una cultura che nasce dalla Rivelazione cristiana in conformit\u00e0 alla tradizione e al Magistero della Chiesa in opposizione ad ogni relativismo e totalitarismo\" \/>\n<meta name=\"robots\" content=\"index, follow, max-snippet:-1, max-image-preview:large, max-video-preview:-1\" \/>\n<link rel=\"canonical\" href=\"https:\/\/www.rassegnastampa-totustuus.it\/cattolica\/obama-ha-forse-paura-della-parola-g\/\" \/>\n<meta property=\"og:locale\" content=\"it_IT\" \/>\n<meta property=\"og:type\" content=\"article\" \/>\n<meta property=\"og:title\" content=\"Obama ha forse paura della &quot;Parola G&quot;? - Rassegna Stampa Cattolica\" \/>\n<meta property=\"og:description\" content=\"Rassegna Stampa Cattolica - Per una cultura che nasce dalla Rivelazione cristiana in conformit\u00e0 alla tradizione e al Magistero della Chiesa in opposizione ad ogni relativismo e totalitarismo\" \/>\n<meta property=\"og:url\" content=\"https:\/\/www.rassegnastampa-totustuus.it\/cattolica\/obama-ha-forse-paura-della-parola-g\/\" \/>\n<meta property=\"og:site_name\" content=\"Rassegna Stampa Cattolica\" \/>\n<meta property=\"article:publisher\" content=\"https:\/\/www.facebook.com\/rassegnastampacattolica\" \/>\n<meta property=\"article:published_time\" content=\"2009-04-22T22:00:00+00:00\" \/>\n<meta property=\"article:modified_time\" content=\"2016-01-27T12:19:18+00:00\" \/>\n<meta property=\"og:image\" content=\"https:\/\/www.rassegnastampa-totustuus.it\/cattolica\/wp-content\/uploads\/2009\/04\/Chuck-Norris.jpg\" \/>\n\t<meta property=\"og:image:width\" content=\"186\" \/>\n\t<meta property=\"og:image:height\" content=\"271\" \/>\n\t<meta property=\"og:image:type\" content=\"image\/jpeg\" \/>\n<meta name=\"author\" content=\"Redazione\" \/>\n<meta name=\"twitter:card\" content=\"summary_large_image\" \/>\n<meta name=\"twitter:creator\" content=\"@rassegnastampa9\" \/>\n<meta name=\"twitter:site\" content=\"@rassegnastampa9\" \/>\n<meta name=\"twitter:label1\" content=\"Scritto da\" \/>\n\t<meta name=\"twitter:data1\" content=\"Redazione\" \/>\n\t<meta name=\"twitter:label2\" content=\"Tempo di lettura stimato\" \/>\n\t<meta name=\"twitter:data2\" content=\"6 minuti\" \/>\n<script type=\"application\/ld+json\" class=\"yoast-schema-graph\">{\"@context\":\"https:\\\/\\\/schema.org\",\"@graph\":[{\"@type\":\"Article\",\"@id\":\"https:\\\/\\\/www.rassegnastampa-totustuus.it\\\/cattolica\\\/obama-ha-forse-paura-della-parola-g\\\/#article\",\"isPartOf\":{\"@id\":\"https:\\\/\\\/www.rassegnastampa-totustuus.it\\\/cattolica\\\/obama-ha-forse-paura-della-parola-g\\\/\"},\"author\":{\"name\":\"Redazione\",\"@id\":\"https:\\\/\\\/www.rassegnastampa-totustuus.it\\\/cattolica\\\/#\\\/schema\\\/person\\\/08f319d2bd1a0904ad9e2bfb7b15e5c3\"},\"headline\":\"Obama ha forse paura della &quot;Parola G&quot;?\",\"datePublished\":\"2009-04-22T22:00:00+00:00\",\"dateModified\":\"2016-01-27T12:19:18+00:00\",\"mainEntityOfPage\":{\"@id\":\"https:\\\/\\\/www.rassegnastampa-totustuus.it\\\/cattolica\\\/obama-ha-forse-paura-della-parola-g\\\/\"},\"wordCount\":1191,\"commentCount\":0,\"publisher\":{\"@id\":\"https:\\\/\\\/www.rassegnastampa-totustuus.it\\\/cattolica\\\/#organization\"},\"image\":{\"@id\":\"https:\\\/\\\/www.rassegnastampa-totustuus.it\\\/cattolica\\\/obama-ha-forse-paura-della-parola-g\\\/#primaryimage\"},\"thumbnailUrl\":\"https:\\\/\\\/www.rassegnastampa-totustuus.it\\\/cattolica\\\/wp-content\\\/uploads\\\/2009\\\/04\\\/Chuck-Norris.jpg\",\"keywords\":[\"Barak Obama\"],\"articleSection\":[\"Paesi e continenti\",\"Stati Uniti\"],\"inLanguage\":\"it-IT\",\"potentialAction\":[{\"@type\":\"CommentAction\",\"name\":\"Comment\",\"target\":[\"https:\\\/\\\/www.rassegnastampa-totustuus.it\\\/cattolica\\\/obama-ha-forse-paura-della-parola-g\\\/#respond\"]}]},{\"@type\":\"WebPage\",\"@id\":\"https:\\\/\\\/www.rassegnastampa-totustuus.it\\\/cattolica\\\/obama-ha-forse-paura-della-parola-g\\\/\",\"url\":\"https:\\\/\\\/www.rassegnastampa-totustuus.it\\\/cattolica\\\/obama-ha-forse-paura-della-parola-g\\\/\",\"name\":\"Obama ha forse paura della &quot;Parola G&quot;? - Rassegna Stampa Cattolica\",\"isPartOf\":{\"@id\":\"https:\\\/\\\/www.rassegnastampa-totustuus.it\\\/cattolica\\\/#website\"},\"primaryImageOfPage\":{\"@id\":\"https:\\\/\\\/www.rassegnastampa-totustuus.it\\\/cattolica\\\/obama-ha-forse-paura-della-parola-g\\\/#primaryimage\"},\"image\":{\"@id\":\"https:\\\/\\\/www.rassegnastampa-totustuus.it\\\/cattolica\\\/obama-ha-forse-paura-della-parola-g\\\/#primaryimage\"},\"thumbnailUrl\":\"https:\\\/\\\/www.rassegnastampa-totustuus.it\\\/cattolica\\\/wp-content\\\/uploads\\\/2009\\\/04\\\/Chuck-Norris.jpg\",\"datePublished\":\"2009-04-22T22:00:00+00:00\",\"dateModified\":\"2016-01-27T12:19:18+00:00\",\"description\":\"Rassegna Stampa Cattolica - Per una cultura che nasce dalla Rivelazione cristiana in conformit\u00e0 alla tradizione e al Magistero della Chiesa in opposizione ad ogni relativismo e totalitarismo\",\"breadcrumb\":{\"@id\":\"https:\\\/\\\/www.rassegnastampa-totustuus.it\\\/cattolica\\\/obama-ha-forse-paura-della-parola-g\\\/#breadcrumb\"},\"inLanguage\":\"it-IT\",\"potentialAction\":[{\"@type\":\"ReadAction\",\"target\":[\"https:\\\/\\\/www.rassegnastampa-totustuus.it\\\/cattolica\\\/obama-ha-forse-paura-della-parola-g\\\/\"]}]},{\"@type\":\"ImageObject\",\"inLanguage\":\"it-IT\",\"@id\":\"https:\\\/\\\/www.rassegnastampa-totustuus.it\\\/cattolica\\\/obama-ha-forse-paura-della-parola-g\\\/#primaryimage\",\"url\":\"https:\\\/\\\/www.rassegnastampa-totustuus.it\\\/cattolica\\\/wp-content\\\/uploads\\\/2009\\\/04\\\/Chuck-Norris.jpg\",\"contentUrl\":\"https:\\\/\\\/www.rassegnastampa-totustuus.it\\\/cattolica\\\/wp-content\\\/uploads\\\/2009\\\/04\\\/Chuck-Norris.jpg\",\"width\":186,\"height\":271},{\"@type\":\"BreadcrumbList\",\"@id\":\"https:\\\/\\\/www.rassegnastampa-totustuus.it\\\/cattolica\\\/obama-ha-forse-paura-della-parola-g\\\/#breadcrumb\",\"itemListElement\":[{\"@type\":\"ListItem\",\"position\":1,\"name\":\"Home\",\"item\":\"https:\\\/\\\/www.rassegnastampa-totustuus.it\\\/cattolica\\\/\"},{\"@type\":\"ListItem\",\"position\":2,\"name\":\"Obama ha forse paura della &quot;Parola G&quot;?\"}]},{\"@type\":\"WebSite\",\"@id\":\"https:\\\/\\\/www.rassegnastampa-totustuus.it\\\/cattolica\\\/#website\",\"url\":\"https:\\\/\\\/www.rassegnastampa-totustuus.it\\\/cattolica\\\/\",\"name\":\"Rassegna Stampa Cattolica\",\"description\":\"Per una cultura che nasce dalla Rivelazione cristiana in conformit\u00e0 alla tradizione e al Magistero della Chiesa in opposizione ad ogni relativismo e totalitarismo\",\"publisher\":{\"@id\":\"https:\\\/\\\/www.rassegnastampa-totustuus.it\\\/cattolica\\\/#organization\"},\"alternateName\":\"Rass. Cattolica\",\"potentialAction\":[{\"@type\":\"SearchAction\",\"target\":{\"@type\":\"EntryPoint\",\"urlTemplate\":\"https:\\\/\\\/www.rassegnastampa-totustuus.it\\\/cattolica\\\/?s={search_term_string}\"},\"query-input\":{\"@type\":\"PropertyValueSpecification\",\"valueRequired\":true,\"valueName\":\"search_term_string\"}}],\"inLanguage\":\"it-IT\"},{\"@type\":\"Organization\",\"@id\":\"https:\\\/\\\/www.rassegnastampa-totustuus.it\\\/cattolica\\\/#organization\",\"name\":\"Rassegna Stampa Cattolica\",\"url\":\"https:\\\/\\\/www.rassegnastampa-totustuus.it\\\/cattolica\\\/\",\"logo\":{\"@type\":\"ImageObject\",\"inLanguage\":\"it-IT\",\"@id\":\"https:\\\/\\\/www.rassegnastampa-totustuus.it\\\/cattolica\\\/#\\\/schema\\\/logo\\\/image\\\/\",\"url\":\"https:\\\/\\\/www.rassegnastampa-totustuus.it\\\/cattolica\\\/wp-content\\\/uploads\\\/2014\\\/04\\\/logo-rassegna1.gif\",\"contentUrl\":\"https:\\\/\\\/www.rassegnastampa-totustuus.it\\\/cattolica\\\/wp-content\\\/uploads\\\/2014\\\/04\\\/logo-rassegna1.gif\",\"width\":600,\"height\":163,\"caption\":\"Rassegna Stampa Cattolica\"},\"image\":{\"@id\":\"https:\\\/\\\/www.rassegnastampa-totustuus.it\\\/cattolica\\\/#\\\/schema\\\/logo\\\/image\\\/\"},\"sameAs\":[\"https:\\\/\\\/www.facebook.com\\\/rassegnastampacattolica\",\"https:\\\/\\\/x.com\\\/rassegnastampa9\"]},{\"@type\":\"Person\",\"@id\":\"https:\\\/\\\/www.rassegnastampa-totustuus.it\\\/cattolica\\\/#\\\/schema\\\/person\\\/08f319d2bd1a0904ad9e2bfb7b15e5c3\",\"name\":\"Redazione\",\"image\":{\"@type\":\"ImageObject\",\"inLanguage\":\"it-IT\",\"@id\":\"https:\\\/\\\/secure.gravatar.com\\\/avatar\\\/2fcdf27c78ea025fbdb44e914cc63c72249ffec9dc8aafd5c82b26240ef3f346?s=96&d=mm&r=g\",\"url\":\"https:\\\/\\\/secure.gravatar.com\\\/avatar\\\/2fcdf27c78ea025fbdb44e914cc63c72249ffec9dc8aafd5c82b26240ef3f346?s=96&d=mm&r=g\",\"contentUrl\":\"https:\\\/\\\/secure.gravatar.com\\\/avatar\\\/2fcdf27c78ea025fbdb44e914cc63c72249ffec9dc8aafd5c82b26240ef3f346?s=96&d=mm&r=g\",\"caption\":\"Redazione\"},\"url\":\"https:\\\/\\\/www.rassegnastampa-totustuus.it\\\/cattolica\\\/author\\\/pietroelle\\\/\"}]}<\/script>\n<!-- \/ Yoast SEO plugin. -->","yoast_head_json":{"title":"Obama ha forse paura della &quot;Parola G&quot;? - Rassegna Stampa Cattolica","description":"Rassegna Stampa Cattolica - Per una cultura che nasce dalla Rivelazione cristiana in conformit\u00e0 alla tradizione e al Magistero della Chiesa in opposizione ad ogni relativismo e totalitarismo","robots":{"index":"index","follow":"follow","max-snippet":"max-snippet:-1","max-image-preview":"max-image-preview:large","max-video-preview":"max-video-preview:-1"},"canonical":"https:\/\/www.rassegnastampa-totustuus.it\/cattolica\/obama-ha-forse-paura-della-parola-g\/","og_locale":"it_IT","og_type":"article","og_title":"Obama ha forse paura della &quot;Parola G&quot;? - Rassegna Stampa Cattolica","og_description":"Rassegna Stampa Cattolica - Per una cultura che nasce dalla Rivelazione cristiana in conformit\u00e0 alla tradizione e al Magistero della Chiesa in opposizione ad ogni relativismo e totalitarismo","og_url":"https:\/\/www.rassegnastampa-totustuus.it\/cattolica\/obama-ha-forse-paura-della-parola-g\/","og_site_name":"Rassegna Stampa Cattolica","article_publisher":"https:\/\/www.facebook.com\/rassegnastampacattolica","article_published_time":"2009-04-22T22:00:00+00:00","article_modified_time":"2016-01-27T12:19:18+00:00","og_image":[{"width":186,"height":271,"url":"https:\/\/www.rassegnastampa-totustuus.it\/cattolica\/wp-content\/uploads\/2009\/04\/Chuck-Norris.jpg","type":"image\/jpeg"}],"author":"Redazione","twitter_card":"summary_large_image","twitter_creator":"@rassegnastampa9","twitter_site":"@rassegnastampa9","twitter_misc":{"Scritto da":"Redazione","Tempo di lettura stimato":"6 minuti"},"schema":{"@context":"https:\/\/schema.org","@graph":[{"@type":"Article","@id":"https:\/\/www.rassegnastampa-totustuus.it\/cattolica\/obama-ha-forse-paura-della-parola-g\/#article","isPartOf":{"@id":"https:\/\/www.rassegnastampa-totustuus.it\/cattolica\/obama-ha-forse-paura-della-parola-g\/"},"author":{"name":"Redazione","@id":"https:\/\/www.rassegnastampa-totustuus.it\/cattolica\/#\/schema\/person\/08f319d2bd1a0904ad9e2bfb7b15e5c3"},"headline":"Obama ha forse paura della &quot;Parola G&quot;?","datePublished":"2009-04-22T22:00:00+00:00","dateModified":"2016-01-27T12:19:18+00:00","mainEntityOfPage":{"@id":"https:\/\/www.rassegnastampa-totustuus.it\/cattolica\/obama-ha-forse-paura-della-parola-g\/"},"wordCount":1191,"commentCount":0,"publisher":{"@id":"https:\/\/www.rassegnastampa-totustuus.it\/cattolica\/#organization"},"image":{"@id":"https:\/\/www.rassegnastampa-totustuus.it\/cattolica\/obama-ha-forse-paura-della-parola-g\/#primaryimage"},"thumbnailUrl":"https:\/\/www.rassegnastampa-totustuus.it\/cattolica\/wp-content\/uploads\/2009\/04\/Chuck-Norris.jpg","keywords":["Barak Obama"],"articleSection":["Paesi e continenti","Stati Uniti"],"inLanguage":"it-IT","potentialAction":[{"@type":"CommentAction","name":"Comment","target":["https:\/\/www.rassegnastampa-totustuus.it\/cattolica\/obama-ha-forse-paura-della-parola-g\/#respond"]}]},{"@type":"WebPage","@id":"https:\/\/www.rassegnastampa-totustuus.it\/cattolica\/obama-ha-forse-paura-della-parola-g\/","url":"https:\/\/www.rassegnastampa-totustuus.it\/cattolica\/obama-ha-forse-paura-della-parola-g\/","name":"Obama ha forse paura della &quot;Parola G&quot;? - Rassegna Stampa Cattolica","isPartOf":{"@id":"https:\/\/www.rassegnastampa-totustuus.it\/cattolica\/#website"},"primaryImageOfPage":{"@id":"https:\/\/www.rassegnastampa-totustuus.it\/cattolica\/obama-ha-forse-paura-della-parola-g\/#primaryimage"},"image":{"@id":"https:\/\/www.rassegnastampa-totustuus.it\/cattolica\/obama-ha-forse-paura-della-parola-g\/#primaryimage"},"thumbnailUrl":"https:\/\/www.rassegnastampa-totustuus.it\/cattolica\/wp-content\/uploads\/2009\/04\/Chuck-Norris.jpg","datePublished":"2009-04-22T22:00:00+00:00","dateModified":"2016-01-27T12:19:18+00:00","description":"Rassegna Stampa Cattolica - Per una cultura che nasce dalla Rivelazione cristiana in conformit\u00e0 alla tradizione e al Magistero della Chiesa in opposizione ad ogni relativismo e totalitarismo","breadcrumb":{"@id":"https:\/\/www.rassegnastampa-totustuus.it\/cattolica\/obama-ha-forse-paura-della-parola-g\/#breadcrumb"},"inLanguage":"it-IT","potentialAction":[{"@type":"ReadAction","target":["https:\/\/www.rassegnastampa-totustuus.it\/cattolica\/obama-ha-forse-paura-della-parola-g\/"]}]},{"@type":"ImageObject","inLanguage":"it-IT","@id":"https:\/\/www.rassegnastampa-totustuus.it\/cattolica\/obama-ha-forse-paura-della-parola-g\/#primaryimage","url":"https:\/\/www.rassegnastampa-totustuus.it\/cattolica\/wp-content\/uploads\/2009\/04\/Chuck-Norris.jpg","contentUrl":"https:\/\/www.rassegnastampa-totustuus.it\/cattolica\/wp-content\/uploads\/2009\/04\/Chuck-Norris.jpg","width":186,"height":271},{"@type":"BreadcrumbList","@id":"https:\/\/www.rassegnastampa-totustuus.it\/cattolica\/obama-ha-forse-paura-della-parola-g\/#breadcrumb","itemListElement":[{"@type":"ListItem","position":1,"name":"Home","item":"https:\/\/www.rassegnastampa-totustuus.it\/cattolica\/"},{"@type":"ListItem","position":2,"name":"Obama ha forse paura della &quot;Parola G&quot;?"}]},{"@type":"WebSite","@id":"https:\/\/www.rassegnastampa-totustuus.it\/cattolica\/#website","url":"https:\/\/www.rassegnastampa-totustuus.it\/cattolica\/","name":"Rassegna Stampa Cattolica","description":"Per una cultura che nasce dalla Rivelazione cristiana in conformit\u00e0 alla tradizione e al Magistero della Chiesa in opposizione ad ogni relativismo e totalitarismo","publisher":{"@id":"https:\/\/www.rassegnastampa-totustuus.it\/cattolica\/#organization"},"alternateName":"Rass. Cattolica","potentialAction":[{"@type":"SearchAction","target":{"@type":"EntryPoint","urlTemplate":"https:\/\/www.rassegnastampa-totustuus.it\/cattolica\/?s={search_term_string}"},"query-input":{"@type":"PropertyValueSpecification","valueRequired":true,"valueName":"search_term_string"}}],"inLanguage":"it-IT"},{"@type":"Organization","@id":"https:\/\/www.rassegnastampa-totustuus.it\/cattolica\/#organization","name":"Rassegna Stampa Cattolica","url":"https:\/\/www.rassegnastampa-totustuus.it\/cattolica\/","logo":{"@type":"ImageObject","inLanguage":"it-IT","@id":"https:\/\/www.rassegnastampa-totustuus.it\/cattolica\/#\/schema\/logo\/image\/","url":"https:\/\/www.rassegnastampa-totustuus.it\/cattolica\/wp-content\/uploads\/2014\/04\/logo-rassegna1.gif","contentUrl":"https:\/\/www.rassegnastampa-totustuus.it\/cattolica\/wp-content\/uploads\/2014\/04\/logo-rassegna1.gif","width":600,"height":163,"caption":"Rassegna Stampa Cattolica"},"image":{"@id":"https:\/\/www.rassegnastampa-totustuus.it\/cattolica\/#\/schema\/logo\/image\/"},"sameAs":["https:\/\/www.facebook.com\/rassegnastampacattolica","https:\/\/x.com\/rassegnastampa9"]},{"@type":"Person","@id":"https:\/\/www.rassegnastampa-totustuus.it\/cattolica\/#\/schema\/person\/08f319d2bd1a0904ad9e2bfb7b15e5c3","name":"Redazione","image":{"@type":"ImageObject","inLanguage":"it-IT","@id":"https:\/\/secure.gravatar.com\/avatar\/2fcdf27c78ea025fbdb44e914cc63c72249ffec9dc8aafd5c82b26240ef3f346?s=96&d=mm&r=g","url":"https:\/\/secure.gravatar.com\/avatar\/2fcdf27c78ea025fbdb44e914cc63c72249ffec9dc8aafd5c82b26240ef3f346?s=96&d=mm&r=g","contentUrl":"https:\/\/secure.gravatar.com\/avatar\/2fcdf27c78ea025fbdb44e914cc63c72249ffec9dc8aafd5c82b26240ef3f346?s=96&d=mm&r=g","caption":"Redazione"},"url":"https:\/\/www.rassegnastampa-totustuus.it\/cattolica\/author\/pietroelle\/"}]}},"_links":{"self":[{"href":"https:\/\/www.rassegnastampa-totustuus.it\/cattolica\/wp-json\/wp\/v2\/posts\/3142","targetHints":{"allow":["GET"]}}],"collection":[{"href":"https:\/\/www.rassegnastampa-totustuus.it\/cattolica\/wp-json\/wp\/v2\/posts"}],"about":[{"href":"https:\/\/www.rassegnastampa-totustuus.it\/cattolica\/wp-json\/wp\/v2\/types\/post"}],"author":[{"embeddable":true,"href":"https:\/\/www.rassegnastampa-totustuus.it\/cattolica\/wp-json\/wp\/v2\/users\/6"}],"replies":[{"embeddable":true,"href":"https:\/\/www.rassegnastampa-totustuus.it\/cattolica\/wp-json\/wp\/v2\/comments?post=3142"}],"version-history":[{"count":3,"href":"https:\/\/www.rassegnastampa-totustuus.it\/cattolica\/wp-json\/wp\/v2\/posts\/3142\/revisions"}],"predecessor-version":[{"id":29970,"href":"https:\/\/www.rassegnastampa-totustuus.it\/cattolica\/wp-json\/wp\/v2\/posts\/3142\/revisions\/29970"}],"wp:featuredmedia":[{"embeddable":true,"href":"https:\/\/www.rassegnastampa-totustuus.it\/cattolica\/wp-json\/wp\/v2\/media\/29969"}],"wp:attachment":[{"href":"https:\/\/www.rassegnastampa-totustuus.it\/cattolica\/wp-json\/wp\/v2\/media?parent=3142"}],"wp:term":[{"taxonomy":"category","embeddable":true,"href":"https:\/\/www.rassegnastampa-totustuus.it\/cattolica\/wp-json\/wp\/v2\/categories?post=3142"},{"taxonomy":"post_tag","embeddable":true,"href":"https:\/\/www.rassegnastampa-totustuus.it\/cattolica\/wp-json\/wp\/v2\/tags?post=3142"}],"curies":[{"name":"wp","href":"https:\/\/api.w.org\/{rel}","templated":true}]}}