{"id":314,"date":"2005-01-20T18:22:19","date_gmt":"2005-01-20T17:22:19","guid":{"rendered":""},"modified":"2025-07-06T16:57:39","modified_gmt":"2025-07-06T14:57:39","slug":"e-peppone-spar-a-don-camillo","status":"publish","type":"post","link":"https:\/\/www.rassegnastampa-totustuus.it\/cattolica\/e-peppone-spar-a-don-camillo\/","title":{"rendered":"E Peppone spar&ograve; a don Camillo"},"content":{"rendered":"\n<p class=\"has-text-align-center\">\u00a0pubblicato su <strong><a href=\"https:\/\/www.avvenire.it\/\" target=\"_blank\" rel=\"noreferrer noopener\">Avvenire<\/a><\/strong> del 3 febbraio 2004<\/p>\n\n\n\n<p><strong>INCHIESTA\/4<\/strong> I<em>n Emilia si susseguivano le stragi di cattolici e Guareschi inventava il \u00abMondo piccolo\u00bb, dove parroco e comunisti sono nemici-amici Il sindaco si chiama Bottazzi: come il capo di una squadraccia rossa<\/em><\/p>\n\n\n\n<p class=\"has-text-align-center\">di <strong>Roberto Beretta<\/strong><\/p>\n\n\n\n<p><em>Il caso di don Tarozzi, anziano parroco di Riolo trucidato nel maggio 1945: la sua salma non \u00e8 pi\u00f9 stata trovata e il suo nome tra i morti della guerra non esiste<\/em><\/p>\n\n\n<div class=\"wp-block-image\">\n<figure class=\"aligncenter size-full is-resized\"><a href=\"https:\/\/www.rassegnastampa-totustuus.it\/cattolica\/wp-content\/uploads\/2005\/01\/Giuseppe_Tarozzi.jpg\"><img loading=\"lazy\" decoding=\"async\" width=\"187\" height=\"270\" src=\"https:\/\/www.rassegnastampa-totustuus.it\/cattolica\/wp-content\/uploads\/2005\/01\/Giuseppe_Tarozzi.jpg\" alt=\"\" class=\"wp-image-30861\" style=\"width:219px;height:auto\"\/><\/a><figcaption class=\"wp-element-caption\">don Giuseppe Tarozzi<\/figcaption><\/figure><\/div>\n\n\n<!--more-->\n\n\n\n<p>C&#8217;erano due rubriche sul <em>Candido<\/em> di Giovannino Guareschi: il Guareschi di Don Camillo. Una s&#8217;intitolava \u00abMessico d&#8217;Italia\u00bb, l&#8217;altra \u00abVia Emilia\u00bb. Una scritta, l&#8217;altra disegnata. Seguendole &#8211; numero dopo numero del settimanale umoristico (non meno che di costume e politica) fondato nel gennaio 1946 &#8211; si percorre per frasi secche e amare lo stillicidio delle stragi di cattolici nel dopoguerra. <\/p>\n\n\n\n<p>Luglio 1946: \u00abAlla Consulta si \u00e8 discusso di vacche e cittadini sgozzati nell&#8217;Emilia, 1000 vacche e 127 cittadini. Di Vittorio ha chiarito che le 127 persone decedute &#8220;non erano che spie giustiziate dai partigiani per la causa della libert\u00e0&#8221;. Cos\u00ec la polemica sugli uomini \u00e8 chiusa: resta aperta quella delle vacche\u00bb.<\/p>\n\n\n\n<p>Giugno 1946: \u00abNel parmense, a Varano Melegari, il parroco don Anelli si affaccia di sera sulla porta di casa e viene freddato con alcuni colpi di rivoltella, mentre a Travazzano di Carpaneto in quel di Piacenza ignoti progressivi chiamano fuori di casa il parroco don Viazzani e gli scaricano addosso alcune pistole\u00bb. <\/p>\n\n\n\n<p>Luglio 1946: \u00abNel bolognese, a San Martino di Casola, il solito parroco assassinato dai soliti progressisti\u00bb. E cos\u00ec via, con l&#8217;antifrastica chiosa: \u00abIn Italia tutto bene\u00bb.<\/p>\n\n\n\n<p>Qualcosa non torna, tuttavia. Guareschi l&#8217;emiliano. Guareschi uomo di destra. Guareschi cattolico: perch\u00e9 proprio lui, polemista aduso alle stilettate di pennino, nonch\u00e9 reduce dai lager nazisti con le carte antifasciste a postissimo, non va mai in affondo nella denuncia dei misfatti? <\/p>\n\n\n\n<p>Perch\u00e9 solo si affida a un dolente elenco, quasi senza commenti se non di paradossale ironia? <\/p>\n\n\n\n<p><\/p>\n\n\n\n<p>N\u00e9 basta: proprio nel Natale 1946 nasce la saga di \u00abMondo Piccolo\u00bb, il paese della Bassa dove un don Camillo e un Peppone figurano tutto l&#8217;opposto di quel che davvero parroci e sindaci comunisti &#8211; nel medesimo torno di mesi &#8211; si sentivano per opposte fazioni. Poteva l&#8217;umanit\u00e0 sensibilissima di Giovannino essere quasi estranea a quanto accadeva nell&#8217;Emilia delle stragi?<\/p>\n\n\n\n<p>Eppure, proprio mentre Giuseppe Bottazzi &#8211; in arte Peppone &#8211; intreccia le sue schermaglie (sempre concluse in amicizia) con don Camillo, un altro Bottazzi &#8211; tale Dante &#8211; spadroneggia con la sua feroce banda nel \u00abtriangolo della morte\u00bb nel Modenese. <\/p>\n\n\n\n<p>Tra le sue vittime ci fu don Giuseppe Tarozzi, 63 anni, parroco di Riolo di Castelfranco (Mo), \u00abprelevato\u00bb da 8 uomini armati la notte del 25 maggio 1945 e mai pi\u00f9 ritrovato; la ronda della \u00abpolizia partigiana\u00bb era giunta con due auto, ma il parroco si era barricato in canonica con la perpetua e la figlia di lei: dovettero sfondare il portone con un&#8217;ascia per trascinarlo fuori in camicia da notte.<\/p>\n\n\n\n<p>Enzo Biagi nel 1951, quando si celebr\u00f2 il processo alla banda (comandata anche da Vittorio Bolognini, importante ex partigiano comunista della famosa Repubblica di Montefiorino), cos\u00ec romanzava un po&#8217; la morte del parroco: \u00abFu trucidato una sera, al lume dell&#8217;acetilene, sulla scala della canonica. La perpetua, immobile e sconvolta, spettrale nella lunga camicia da notte, assist\u00e9 alla tragica scena, ma non ricorda il volto degli esecutori. Erano entrati chiedendo i conforti spirituali per un moribondo. Non si \u00e8 neppure ritrovata la salma\u00bb.<\/p>\n\n\n\n<p>Qualcuno invece sapeva dov&#8217;era il corpo di don Tarozzi. L&#8217;ha affermato nel 1990 a una giornalista lo storico cattolico Alberto Fornaciari: \u00abPer evitare che si cercasse il corpo, si mise in giro la voce che era stato bruciato in un forno da pane. Non \u00e8 vero, ho saputo dov&#8217;\u00e8 stato sepolto: sotto un albero in un fondo adiacente alla chiesa. Lo sanno tutti. Ho chiesto anche all&#8217;arcivescovo di Bologna se era possibile recuperare la salma, ma tutti mi rispondono che non \u00e8 il momento, che si rischia di creare tensioni. Tremano come foglie, a sentir parlare di quella storia. Recentemente il parroco ha chiesto di poter aggiungere il nome di don Tarozzi su una lapide che commemorava tutti i caduti della guerra, senza specificare &#8211; beninteso &#8211; che era stato ucciso dai partigiani. Il paese \u00e8 insorto, il parroco \u00e8 stato minacciato\u00bb. <\/p>\n\n\n\n<p>Di fatto, la procura di Modena nel 1991 riprese per breve tempo le ricerche della salma di don Tarozzi; ma sul monumento ai caduti della Resistenza il suo nome non c&#8217;\u00e8 ancora e una lapide, pronta per essere collocata sui muri della chiesa, ha dovuto trovar posto in sacrestia.<\/p>\n\n\n\n<p>Don Tarozzi non figura nemmeno tra i preti per cui la diocesi (quella di Bologna) ha avviato il processo di beatificazione. <\/p>\n\n\n\n<p>Il processo giudiziario vero e proprio, invece, si \u00e8 svolto nel 1951 e si \u00e8 concluso &#8211; i giornali comunisti s&#8217;inalberarono: \u00abLa sentenza ha suscitato viva indignazione fra i combattenti&#8230;\u00bb &#8211; con la condanna a 22 anni di tre imputati e a 18 anni e 6 mesi di altri tre, tra cui Dante Bottazzi. Il quale tra l&#8217;altro &#8211; l&#8217;ha ricostruito Giovanni Fantozzi in <em>Vittime dell&#8217;odio<\/em>, libro ormai fuori commercio &#8211; era un ex seminarista, avviato alla vocazione ecclesiastica proprio da monsignor Giuseppe Tarozzi.<\/p>\n\n\n\n<p>Fu per questa antica conoscenza che l&#8217;anziano sacerdote venne ucciso? Di fatto, ancora oggi il motivo per cui la scelta della banda Bottazzi-Bolognini &#8211; descritta dai giornali dell&#8217;epoca come \u00abun piccolo esercito di malfattori, pronti a battersi con cappi e cartucce, contro le persone danarose, i benestanti, i padroni di poderi in nome di alti principi sociali\u00bb &#8211; cadde sul parroco di Riolo non \u00e8 noto. Ci\u00f2 che don Cleto Mazzanti, suo successore tra il 1991 e il 2002, sa e dice \u00e8 che \u00abquell&#8217;evento brucia ancora sulla pelle della gente. \u00c8 un fattaccio che ha diviso la popolazione, e c&#8217;\u00e8 pi\u00f9 voglia di dimenticarlo che di ricordare. Nemmeno l&#8217;autorit\u00e0 giudiziaria ha dimostrato la volont\u00e0 di cercare davvero il corpo della vittima\u00bb.<\/p>\n\n\n\n<p>Cos\u00ec don Tarozzi rientra tuttora nella categoria degli insepolti per la quale Guareschi smosse tutta la sua <em>pietas<\/em> umana e cristiana, chiedendo dalle pagine del <em>Candido<\/em> a De Gasperi e a Togliatti nel novembre 1946 un&#8217;\u00abamnistia per i morti\u00bb: \u00abIo ho visto in Germania gli enormi cimiteri dei Russi morti in prigionia&#8230; sulla targhetta un&#8217;identica parola: &#8220;Unbekannt&#8221;. Sconosciuto&#8230;<\/p>\n\n\n\n<p>Quanti morti irregolari, quanti morti clandestini sono nascosti nei campi del Nord (Italia)? Io sento nell&#8217;aria agitarsi questo carosello di fantasmi che non possono avere requie&#8230; Bisogna ricercare queste spoglie come si cercano i corpi travolti da un fiume in piena. <\/p>\n\n\n\n<p>Bisogna ritrovare tutte le vittime di questo fiume di sangue. E ridare a ognuna il suo nome. Bisogna liberare questi morti&#8230; Bisogna ritrovarli a ogni costo. Avete amnistiato chi ha ucciso: perch\u00e9 non amnistiare chi ha pagato con la vita gli errori degli altri?\u00bb. Quasi sessant&#8217;anni dopo, l&#8217;amnistia dei morti non c&#8217;\u00e8 ancora stata.<\/p>\n\n\n\n<p class=\"has-text-align-center\"><em>________________________<\/em><\/p>\n\n\n\n<p><strong>Le altre puntate dell\u2019inchiesta:<\/strong><\/p>\n\n\n\n<p><strong>1 &#8211; <a href=\"https:\/\/www.rassegnastampa-totustuus.it\/cattolica\/?p=311\" target=\"_blank\" rel=\"noreferrer noopener\">Stragi partigiane: il triangolo dei preti<\/a><\/strong><\/p>\n\n\n\n<p><strong>2 &#8211; <a href=\"https:\/\/www.rassegnastampa-totustuus.it\/cattolica\/?p=312\" target=\"_blank\" rel=\"noreferrer noopener\">Partigiani all\u2019assalto del don<\/a><\/strong><\/p>\n\n\n\n<p><strong>3 &#8211; <a href=\"https:\/\/www.rassegnastampa-totustuus.it\/cattolica\/?p=313\" target=\"_blank\" rel=\"noreferrer noopener\">Ombre rosse in canonica<\/a><\/strong><\/p>\n\n\n\n<p><strong>5 &#8211; <a href=\"https:\/\/www.rassegnastampa-totustuus.it\/cattolica\/?p=315\" target=\"_blank\" rel=\"noreferrer noopener\">Brigate contro il Biancofiore<\/a><\/strong><\/p>\n\n\n\n<p><strong>6 &#8211; <a href=\"https:\/\/www.rassegnastampa-totustuus.it\/cattolica\/?p=316\" target=\"_blank\" rel=\"noreferrer noopener\">Falce &amp; coppola, la repubblica del Sud<\/a><\/strong><\/p>\n\n\n\n<p><strong>7 &#8211; <a href=\"https:\/\/www.rassegnastampa-totustuus.it\/cattolica\/?p=317\" target=\"_blank\" rel=\"noreferrer noopener\">La resistenza cannibale<\/a><\/strong><\/p>\n\n\n\n<p><strong>8 &#8211; <a href=\"https:\/\/www.rassegnastampa-totustuus.it\/cattolica\/?p=318\" target=\"_blank\" rel=\"noreferrer noopener\">Quei preti martiri del 18 aprile<\/a><\/strong><\/p>\n\n\n\n<p><strong>Nota:<\/strong> <strong><em>Leggi anche:<\/em><\/strong><\/p>\n\n\n\n<p><strong><em><a href=\"https:\/\/www.rassegnastampa-totustuus.it\/cattolica\/?p=1063\" target=\"_blank\" rel=\"noreferrer noopener\">Dimenticati<\/a> <\/em><\/strong><em>Paolo De Marchi, <strong>Il Timone<\/strong> &#8211; n. 11 Gennaio\/Febbraio 2001<\/em><\/p>\n\n\n\n<p><em>Una pagina rimossa della nostra storia. Centinaia di cattolici, sacerdoti e laici, uccisi dai partigiani comunisti nell&#8217;immediato dopoguerra. In odio alla fede e alla Chiesa. I testimoni tacciono. I libri di testo nascondono la verit\u00e0. Vilt\u00e0, paura o complicit\u00e0?<\/em><\/p>\n","protected":false},"excerpt":{"rendered":"<p>\u00a0pubblicato su Avvenire del 3 febbraio 2004 INCHIESTA\/4 In Emilia si susseguivano le stragi di cattolici e Guareschi inventava il \u00abMondo piccolo\u00bb, dove parroco e comunisti sono nemici-amici Il sindaco si chiama Bottazzi: come il capo di una squadraccia rossa di Roberto Beretta Il caso di don Tarozzi, anziano parroco di Riolo trucidato nel maggio &hellip; <\/p>\n<p><a class=\"more-link btn\" href=\"https:\/\/www.rassegnastampa-totustuus.it\/cattolica\/e-peppone-spar-a-don-camillo\/\">Continua a leggere<\/a><\/p>\n","protected":false},"author":6,"featured_media":30861,"comment_status":"closed","ping_status":"open","sticky":false,"template":"","format":"standard","meta":{"footnotes":""},"categories":[82,44,100,96],"tags":[866],"class_list":["post-314","post","type-post","status-publish","format-standard","has-post-thumbnail","hentry","category-comunismo-in-italia","category-cristiani-perseguitati","category-resistenza","category-storia-italiana","tag-partigiani","item-wrap"],"yoast_head":"<!-- This site is optimized with the Yoast SEO plugin v27.5 - https:\/\/yoast.com\/product\/yoast-seo-wordpress\/ -->\n<title>E Peppone spar&ograve; a don Camillo - Rassegna Stampa Cattolica<\/title>\n<meta name=\"description\" content=\"E Peppone spar\u00f2 a don Camillo. In Emilia si susseguivano le stragi di cattolici e Guareschi inventava il \u00abMondo piccolo\u00bb\" \/>\n<meta name=\"robots\" content=\"index, follow, max-snippet:-1, max-image-preview:large, max-video-preview:-1\" \/>\n<link rel=\"canonical\" href=\"https:\/\/www.rassegnastampa-totustuus.it\/cattolica\/e-peppone-spar-a-don-camillo\/\" \/>\n<meta property=\"og:locale\" content=\"it_IT\" \/>\n<meta property=\"og:type\" content=\"article\" \/>\n<meta property=\"og:title\" content=\"E Peppone spar&ograve; a don Camillo - Rassegna Stampa Cattolica\" \/>\n<meta property=\"og:description\" content=\"E Peppone spar\u00f2 a don Camillo. In Emilia si susseguivano le stragi di cattolici e Guareschi inventava il \u00abMondo piccolo\u00bb\" \/>\n<meta property=\"og:url\" content=\"https:\/\/www.rassegnastampa-totustuus.it\/cattolica\/e-peppone-spar-a-don-camillo\/\" \/>\n<meta property=\"og:site_name\" content=\"Rassegna Stampa Cattolica\" \/>\n<meta property=\"article:publisher\" content=\"https:\/\/www.facebook.com\/rassegnastampacattolica\" \/>\n<meta property=\"article:published_time\" content=\"2005-01-20T17:22:19+00:00\" \/>\n<meta property=\"article:modified_time\" content=\"2025-07-06T14:57:39+00:00\" \/>\n<meta property=\"og:image\" content=\"https:\/\/www.rassegnastampa-totustuus.it\/cattolica\/wp-content\/uploads\/2005\/01\/Giuseppe_Tarozzi.jpg\" \/>\n\t<meta property=\"og:image:width\" content=\"187\" \/>\n\t<meta property=\"og:image:height\" content=\"270\" \/>\n\t<meta property=\"og:image:type\" content=\"image\/jpeg\" \/>\n<meta name=\"author\" content=\"Redazione\" \/>\n<meta name=\"twitter:card\" content=\"summary_large_image\" \/>\n<meta name=\"twitter:creator\" content=\"@rassegnastampa9\" \/>\n<meta name=\"twitter:site\" content=\"@rassegnastampa9\" \/>\n<meta name=\"twitter:label1\" content=\"Scritto da\" \/>\n\t<meta name=\"twitter:data1\" content=\"Redazione\" \/>\n\t<meta name=\"twitter:label2\" content=\"Tempo di lettura stimato\" \/>\n\t<meta name=\"twitter:data2\" content=\"7 minuti\" \/>\n<script type=\"application\/ld+json\" class=\"yoast-schema-graph\">{\"@context\":\"https:\\\/\\\/schema.org\",\"@graph\":[{\"@type\":\"Article\",\"@id\":\"https:\\\/\\\/www.rassegnastampa-totustuus.it\\\/cattolica\\\/e-peppone-spar-a-don-camillo\\\/#article\",\"isPartOf\":{\"@id\":\"https:\\\/\\\/www.rassegnastampa-totustuus.it\\\/cattolica\\\/e-peppone-spar-a-don-camillo\\\/\"},\"author\":{\"name\":\"Redazione\",\"@id\":\"https:\\\/\\\/www.rassegnastampa-totustuus.it\\\/cattolica\\\/#\\\/schema\\\/person\\\/08f319d2bd1a0904ad9e2bfb7b15e5c3\"},\"headline\":\"E Peppone spar&ograve; a don Camillo\",\"datePublished\":\"2005-01-20T17:22:19+00:00\",\"dateModified\":\"2025-07-06T14:57:39+00:00\",\"mainEntityOfPage\":{\"@id\":\"https:\\\/\\\/www.rassegnastampa-totustuus.it\\\/cattolica\\\/e-peppone-spar-a-don-camillo\\\/\"},\"wordCount\":1244,\"publisher\":{\"@id\":\"https:\\\/\\\/www.rassegnastampa-totustuus.it\\\/cattolica\\\/#organization\"},\"image\":{\"@id\":\"https:\\\/\\\/www.rassegnastampa-totustuus.it\\\/cattolica\\\/e-peppone-spar-a-don-camillo\\\/#primaryimage\"},\"thumbnailUrl\":\"https:\\\/\\\/www.rassegnastampa-totustuus.it\\\/cattolica\\\/wp-content\\\/uploads\\\/2005\\\/01\\\/Giuseppe_Tarozzi.jpg\",\"keywords\":[\"partigiani\"],\"articleSection\":[\"Comunismo in Italia\",\"Cristiani perseguitati\",\"Resistenza\",\"Storia italiana\"],\"inLanguage\":\"it-IT\"},{\"@type\":\"WebPage\",\"@id\":\"https:\\\/\\\/www.rassegnastampa-totustuus.it\\\/cattolica\\\/e-peppone-spar-a-don-camillo\\\/\",\"url\":\"https:\\\/\\\/www.rassegnastampa-totustuus.it\\\/cattolica\\\/e-peppone-spar-a-don-camillo\\\/\",\"name\":\"E Peppone spar&ograve; a don Camillo - Rassegna Stampa Cattolica\",\"isPartOf\":{\"@id\":\"https:\\\/\\\/www.rassegnastampa-totustuus.it\\\/cattolica\\\/#website\"},\"primaryImageOfPage\":{\"@id\":\"https:\\\/\\\/www.rassegnastampa-totustuus.it\\\/cattolica\\\/e-peppone-spar-a-don-camillo\\\/#primaryimage\"},\"image\":{\"@id\":\"https:\\\/\\\/www.rassegnastampa-totustuus.it\\\/cattolica\\\/e-peppone-spar-a-don-camillo\\\/#primaryimage\"},\"thumbnailUrl\":\"https:\\\/\\\/www.rassegnastampa-totustuus.it\\\/cattolica\\\/wp-content\\\/uploads\\\/2005\\\/01\\\/Giuseppe_Tarozzi.jpg\",\"datePublished\":\"2005-01-20T17:22:19+00:00\",\"dateModified\":\"2025-07-06T14:57:39+00:00\",\"description\":\"E Peppone spar\u00f2 a don Camillo. In Emilia si susseguivano le stragi di cattolici e Guareschi inventava il \u00abMondo piccolo\u00bb\",\"breadcrumb\":{\"@id\":\"https:\\\/\\\/www.rassegnastampa-totustuus.it\\\/cattolica\\\/e-peppone-spar-a-don-camillo\\\/#breadcrumb\"},\"inLanguage\":\"it-IT\",\"potentialAction\":[{\"@type\":\"ReadAction\",\"target\":[\"https:\\\/\\\/www.rassegnastampa-totustuus.it\\\/cattolica\\\/e-peppone-spar-a-don-camillo\\\/\"]}]},{\"@type\":\"ImageObject\",\"inLanguage\":\"it-IT\",\"@id\":\"https:\\\/\\\/www.rassegnastampa-totustuus.it\\\/cattolica\\\/e-peppone-spar-a-don-camillo\\\/#primaryimage\",\"url\":\"https:\\\/\\\/www.rassegnastampa-totustuus.it\\\/cattolica\\\/wp-content\\\/uploads\\\/2005\\\/01\\\/Giuseppe_Tarozzi.jpg\",\"contentUrl\":\"https:\\\/\\\/www.rassegnastampa-totustuus.it\\\/cattolica\\\/wp-content\\\/uploads\\\/2005\\\/01\\\/Giuseppe_Tarozzi.jpg\",\"width\":187,\"height\":270},{\"@type\":\"BreadcrumbList\",\"@id\":\"https:\\\/\\\/www.rassegnastampa-totustuus.it\\\/cattolica\\\/e-peppone-spar-a-don-camillo\\\/#breadcrumb\",\"itemListElement\":[{\"@type\":\"ListItem\",\"position\":1,\"name\":\"Home\",\"item\":\"https:\\\/\\\/www.rassegnastampa-totustuus.it\\\/cattolica\\\/\"},{\"@type\":\"ListItem\",\"position\":2,\"name\":\"E Peppone spar&ograve; a don Camillo\"}]},{\"@type\":\"WebSite\",\"@id\":\"https:\\\/\\\/www.rassegnastampa-totustuus.it\\\/cattolica\\\/#website\",\"url\":\"https:\\\/\\\/www.rassegnastampa-totustuus.it\\\/cattolica\\\/\",\"name\":\"Rassegna Stampa Cattolica\",\"description\":\"Per una cultura che nasce dalla Rivelazione cristiana in conformit\u00e0 alla tradizione e al Magistero della Chiesa in opposizione ad ogni relativismo e totalitarismo\",\"publisher\":{\"@id\":\"https:\\\/\\\/www.rassegnastampa-totustuus.it\\\/cattolica\\\/#organization\"},\"alternateName\":\"Rass. Cattolica\",\"potentialAction\":[{\"@type\":\"SearchAction\",\"target\":{\"@type\":\"EntryPoint\",\"urlTemplate\":\"https:\\\/\\\/www.rassegnastampa-totustuus.it\\\/cattolica\\\/?s={search_term_string}\"},\"query-input\":{\"@type\":\"PropertyValueSpecification\",\"valueRequired\":true,\"valueName\":\"search_term_string\"}}],\"inLanguage\":\"it-IT\"},{\"@type\":\"Organization\",\"@id\":\"https:\\\/\\\/www.rassegnastampa-totustuus.it\\\/cattolica\\\/#organization\",\"name\":\"Rassegna Stampa Cattolica\",\"url\":\"https:\\\/\\\/www.rassegnastampa-totustuus.it\\\/cattolica\\\/\",\"logo\":{\"@type\":\"ImageObject\",\"inLanguage\":\"it-IT\",\"@id\":\"https:\\\/\\\/www.rassegnastampa-totustuus.it\\\/cattolica\\\/#\\\/schema\\\/logo\\\/image\\\/\",\"url\":\"https:\\\/\\\/www.rassegnastampa-totustuus.it\\\/cattolica\\\/wp-content\\\/uploads\\\/2014\\\/04\\\/logo-rassegna1.gif\",\"contentUrl\":\"https:\\\/\\\/www.rassegnastampa-totustuus.it\\\/cattolica\\\/wp-content\\\/uploads\\\/2014\\\/04\\\/logo-rassegna1.gif\",\"width\":600,\"height\":163,\"caption\":\"Rassegna Stampa Cattolica\"},\"image\":{\"@id\":\"https:\\\/\\\/www.rassegnastampa-totustuus.it\\\/cattolica\\\/#\\\/schema\\\/logo\\\/image\\\/\"},\"sameAs\":[\"https:\\\/\\\/www.facebook.com\\\/rassegnastampacattolica\",\"https:\\\/\\\/x.com\\\/rassegnastampa9\"]},{\"@type\":\"Person\",\"@id\":\"https:\\\/\\\/www.rassegnastampa-totustuus.it\\\/cattolica\\\/#\\\/schema\\\/person\\\/08f319d2bd1a0904ad9e2bfb7b15e5c3\",\"name\":\"Redazione\",\"image\":{\"@type\":\"ImageObject\",\"inLanguage\":\"it-IT\",\"@id\":\"https:\\\/\\\/secure.gravatar.com\\\/avatar\\\/2fcdf27c78ea025fbdb44e914cc63c72249ffec9dc8aafd5c82b26240ef3f346?s=96&d=mm&r=g\",\"url\":\"https:\\\/\\\/secure.gravatar.com\\\/avatar\\\/2fcdf27c78ea025fbdb44e914cc63c72249ffec9dc8aafd5c82b26240ef3f346?s=96&d=mm&r=g\",\"contentUrl\":\"https:\\\/\\\/secure.gravatar.com\\\/avatar\\\/2fcdf27c78ea025fbdb44e914cc63c72249ffec9dc8aafd5c82b26240ef3f346?s=96&d=mm&r=g\",\"caption\":\"Redazione\"},\"url\":\"https:\\\/\\\/www.rassegnastampa-totustuus.it\\\/cattolica\\\/author\\\/pietroelle\\\/\"}]}<\/script>\n<!-- \/ Yoast SEO plugin. -->","yoast_head_json":{"title":"E Peppone spar&ograve; a don Camillo - Rassegna Stampa Cattolica","description":"E Peppone spar\u00f2 a don Camillo. In Emilia si susseguivano le stragi di cattolici e Guareschi inventava il \u00abMondo piccolo\u00bb","robots":{"index":"index","follow":"follow","max-snippet":"max-snippet:-1","max-image-preview":"max-image-preview:large","max-video-preview":"max-video-preview:-1"},"canonical":"https:\/\/www.rassegnastampa-totustuus.it\/cattolica\/e-peppone-spar-a-don-camillo\/","og_locale":"it_IT","og_type":"article","og_title":"E Peppone spar&ograve; a don Camillo - Rassegna Stampa Cattolica","og_description":"E Peppone spar\u00f2 a don Camillo. In Emilia si susseguivano le stragi di cattolici e Guareschi inventava il \u00abMondo piccolo\u00bb","og_url":"https:\/\/www.rassegnastampa-totustuus.it\/cattolica\/e-peppone-spar-a-don-camillo\/","og_site_name":"Rassegna Stampa Cattolica","article_publisher":"https:\/\/www.facebook.com\/rassegnastampacattolica","article_published_time":"2005-01-20T17:22:19+00:00","article_modified_time":"2025-07-06T14:57:39+00:00","og_image":[{"width":187,"height":270,"url":"https:\/\/www.rassegnastampa-totustuus.it\/cattolica\/wp-content\/uploads\/2005\/01\/Giuseppe_Tarozzi.jpg","type":"image\/jpeg"}],"author":"Redazione","twitter_card":"summary_large_image","twitter_creator":"@rassegnastampa9","twitter_site":"@rassegnastampa9","twitter_misc":{"Scritto da":"Redazione","Tempo di lettura stimato":"7 minuti"},"schema":{"@context":"https:\/\/schema.org","@graph":[{"@type":"Article","@id":"https:\/\/www.rassegnastampa-totustuus.it\/cattolica\/e-peppone-spar-a-don-camillo\/#article","isPartOf":{"@id":"https:\/\/www.rassegnastampa-totustuus.it\/cattolica\/e-peppone-spar-a-don-camillo\/"},"author":{"name":"Redazione","@id":"https:\/\/www.rassegnastampa-totustuus.it\/cattolica\/#\/schema\/person\/08f319d2bd1a0904ad9e2bfb7b15e5c3"},"headline":"E Peppone spar&ograve; a don Camillo","datePublished":"2005-01-20T17:22:19+00:00","dateModified":"2025-07-06T14:57:39+00:00","mainEntityOfPage":{"@id":"https:\/\/www.rassegnastampa-totustuus.it\/cattolica\/e-peppone-spar-a-don-camillo\/"},"wordCount":1244,"publisher":{"@id":"https:\/\/www.rassegnastampa-totustuus.it\/cattolica\/#organization"},"image":{"@id":"https:\/\/www.rassegnastampa-totustuus.it\/cattolica\/e-peppone-spar-a-don-camillo\/#primaryimage"},"thumbnailUrl":"https:\/\/www.rassegnastampa-totustuus.it\/cattolica\/wp-content\/uploads\/2005\/01\/Giuseppe_Tarozzi.jpg","keywords":["partigiani"],"articleSection":["Comunismo in Italia","Cristiani perseguitati","Resistenza","Storia italiana"],"inLanguage":"it-IT"},{"@type":"WebPage","@id":"https:\/\/www.rassegnastampa-totustuus.it\/cattolica\/e-peppone-spar-a-don-camillo\/","url":"https:\/\/www.rassegnastampa-totustuus.it\/cattolica\/e-peppone-spar-a-don-camillo\/","name":"E Peppone spar&ograve; a don Camillo - Rassegna Stampa Cattolica","isPartOf":{"@id":"https:\/\/www.rassegnastampa-totustuus.it\/cattolica\/#website"},"primaryImageOfPage":{"@id":"https:\/\/www.rassegnastampa-totustuus.it\/cattolica\/e-peppone-spar-a-don-camillo\/#primaryimage"},"image":{"@id":"https:\/\/www.rassegnastampa-totustuus.it\/cattolica\/e-peppone-spar-a-don-camillo\/#primaryimage"},"thumbnailUrl":"https:\/\/www.rassegnastampa-totustuus.it\/cattolica\/wp-content\/uploads\/2005\/01\/Giuseppe_Tarozzi.jpg","datePublished":"2005-01-20T17:22:19+00:00","dateModified":"2025-07-06T14:57:39+00:00","description":"E Peppone spar\u00f2 a don Camillo. In Emilia si susseguivano le stragi di cattolici e Guareschi inventava il \u00abMondo piccolo\u00bb","breadcrumb":{"@id":"https:\/\/www.rassegnastampa-totustuus.it\/cattolica\/e-peppone-spar-a-don-camillo\/#breadcrumb"},"inLanguage":"it-IT","potentialAction":[{"@type":"ReadAction","target":["https:\/\/www.rassegnastampa-totustuus.it\/cattolica\/e-peppone-spar-a-don-camillo\/"]}]},{"@type":"ImageObject","inLanguage":"it-IT","@id":"https:\/\/www.rassegnastampa-totustuus.it\/cattolica\/e-peppone-spar-a-don-camillo\/#primaryimage","url":"https:\/\/www.rassegnastampa-totustuus.it\/cattolica\/wp-content\/uploads\/2005\/01\/Giuseppe_Tarozzi.jpg","contentUrl":"https:\/\/www.rassegnastampa-totustuus.it\/cattolica\/wp-content\/uploads\/2005\/01\/Giuseppe_Tarozzi.jpg","width":187,"height":270},{"@type":"BreadcrumbList","@id":"https:\/\/www.rassegnastampa-totustuus.it\/cattolica\/e-peppone-spar-a-don-camillo\/#breadcrumb","itemListElement":[{"@type":"ListItem","position":1,"name":"Home","item":"https:\/\/www.rassegnastampa-totustuus.it\/cattolica\/"},{"@type":"ListItem","position":2,"name":"E Peppone spar&ograve; a don Camillo"}]},{"@type":"WebSite","@id":"https:\/\/www.rassegnastampa-totustuus.it\/cattolica\/#website","url":"https:\/\/www.rassegnastampa-totustuus.it\/cattolica\/","name":"Rassegna Stampa Cattolica","description":"Per una cultura che nasce dalla Rivelazione cristiana in conformit\u00e0 alla tradizione e al Magistero della Chiesa in opposizione ad ogni relativismo e totalitarismo","publisher":{"@id":"https:\/\/www.rassegnastampa-totustuus.it\/cattolica\/#organization"},"alternateName":"Rass. Cattolica","potentialAction":[{"@type":"SearchAction","target":{"@type":"EntryPoint","urlTemplate":"https:\/\/www.rassegnastampa-totustuus.it\/cattolica\/?s={search_term_string}"},"query-input":{"@type":"PropertyValueSpecification","valueRequired":true,"valueName":"search_term_string"}}],"inLanguage":"it-IT"},{"@type":"Organization","@id":"https:\/\/www.rassegnastampa-totustuus.it\/cattolica\/#organization","name":"Rassegna Stampa Cattolica","url":"https:\/\/www.rassegnastampa-totustuus.it\/cattolica\/","logo":{"@type":"ImageObject","inLanguage":"it-IT","@id":"https:\/\/www.rassegnastampa-totustuus.it\/cattolica\/#\/schema\/logo\/image\/","url":"https:\/\/www.rassegnastampa-totustuus.it\/cattolica\/wp-content\/uploads\/2014\/04\/logo-rassegna1.gif","contentUrl":"https:\/\/www.rassegnastampa-totustuus.it\/cattolica\/wp-content\/uploads\/2014\/04\/logo-rassegna1.gif","width":600,"height":163,"caption":"Rassegna Stampa Cattolica"},"image":{"@id":"https:\/\/www.rassegnastampa-totustuus.it\/cattolica\/#\/schema\/logo\/image\/"},"sameAs":["https:\/\/www.facebook.com\/rassegnastampacattolica","https:\/\/x.com\/rassegnastampa9"]},{"@type":"Person","@id":"https:\/\/www.rassegnastampa-totustuus.it\/cattolica\/#\/schema\/person\/08f319d2bd1a0904ad9e2bfb7b15e5c3","name":"Redazione","image":{"@type":"ImageObject","inLanguage":"it-IT","@id":"https:\/\/secure.gravatar.com\/avatar\/2fcdf27c78ea025fbdb44e914cc63c72249ffec9dc8aafd5c82b26240ef3f346?s=96&d=mm&r=g","url":"https:\/\/secure.gravatar.com\/avatar\/2fcdf27c78ea025fbdb44e914cc63c72249ffec9dc8aafd5c82b26240ef3f346?s=96&d=mm&r=g","contentUrl":"https:\/\/secure.gravatar.com\/avatar\/2fcdf27c78ea025fbdb44e914cc63c72249ffec9dc8aafd5c82b26240ef3f346?s=96&d=mm&r=g","caption":"Redazione"},"url":"https:\/\/www.rassegnastampa-totustuus.it\/cattolica\/author\/pietroelle\/"}]}},"_links":{"self":[{"href":"https:\/\/www.rassegnastampa-totustuus.it\/cattolica\/wp-json\/wp\/v2\/posts\/314","targetHints":{"allow":["GET"]}}],"collection":[{"href":"https:\/\/www.rassegnastampa-totustuus.it\/cattolica\/wp-json\/wp\/v2\/posts"}],"about":[{"href":"https:\/\/www.rassegnastampa-totustuus.it\/cattolica\/wp-json\/wp\/v2\/types\/post"}],"author":[{"embeddable":true,"href":"https:\/\/www.rassegnastampa-totustuus.it\/cattolica\/wp-json\/wp\/v2\/users\/6"}],"replies":[{"embeddable":true,"href":"https:\/\/www.rassegnastampa-totustuus.it\/cattolica\/wp-json\/wp\/v2\/comments?post=314"}],"version-history":[{"count":7,"href":"https:\/\/www.rassegnastampa-totustuus.it\/cattolica\/wp-json\/wp\/v2\/posts\/314\/revisions"}],"predecessor-version":[{"id":62966,"href":"https:\/\/www.rassegnastampa-totustuus.it\/cattolica\/wp-json\/wp\/v2\/posts\/314\/revisions\/62966"}],"wp:featuredmedia":[{"embeddable":true,"href":"https:\/\/www.rassegnastampa-totustuus.it\/cattolica\/wp-json\/wp\/v2\/media\/30861"}],"wp:attachment":[{"href":"https:\/\/www.rassegnastampa-totustuus.it\/cattolica\/wp-json\/wp\/v2\/media?parent=314"}],"wp:term":[{"taxonomy":"category","embeddable":true,"href":"https:\/\/www.rassegnastampa-totustuus.it\/cattolica\/wp-json\/wp\/v2\/categories?post=314"},{"taxonomy":"post_tag","embeddable":true,"href":"https:\/\/www.rassegnastampa-totustuus.it\/cattolica\/wp-json\/wp\/v2\/tags?post=314"}],"curies":[{"name":"wp","href":"https:\/\/api.w.org\/{rel}","templated":true}]}}