{"id":313,"date":"2005-01-20T18:18:58","date_gmt":"2005-01-20T17:18:58","guid":{"rendered":""},"modified":"2025-07-06T17:04:58","modified_gmt":"2025-07-06T15:04:58","slug":"ombre-rosse-in-canonica","status":"publish","type":"post","link":"https:\/\/www.rassegnastampa-totustuus.it\/cattolica\/ombre-rosse-in-canonica\/","title":{"rendered":"Ombre rosse in canonica"},"content":{"rendered":"\n<p class=\"has-text-align-center\">pubblicato su <a href=\"https:\/\/www.avvenire.it\/\" target=\"_blank\" rel=\"noreferrer noopener\"><strong>Avvenire<\/strong> <\/a>del 29 gennaio 2004<\/p>\n\n\n\n<p><strong>INCHIESTA\/3<\/strong> <em>Dopo la liberazione la guerra partigiana si mut\u00f2 spesso in lotta di classe. Bisognava eliminare i \u00abnemici\u00bb: possidenti e sacerdoti<\/em><\/p>\n\n\n\n<p class=\"has-text-align-center\">di <strong>Roberto Beretta<\/strong><\/p>\n\n\n\n<p><em>Numerosi preti antifascisti furono uccisi per aver invitato dal pulpito a non cedere alle vendette<\/em><\/p>\n\n\n<div class=\"wp-block-image\">\n<figure class=\"aligncenter size-full is-resized\"><a href=\"https:\/\/www.rassegnastampa-totustuus.it\/cattolica\/wp-content\/uploads\/2005\/01\/partigiani.jpg\"><img loading=\"lazy\" decoding=\"async\" width=\"398\" height=\"340\" src=\"https:\/\/www.rassegnastampa-totustuus.it\/cattolica\/wp-content\/uploads\/2005\/01\/partigiani.jpg\" alt=\"\" class=\"wp-image-30857\" style=\"width:298px;height:auto\" srcset=\"https:\/\/www.rassegnastampa-totustuus.it\/cattolica\/wp-content\/uploads\/2005\/01\/partigiani.jpg 398w, https:\/\/www.rassegnastampa-totustuus.it\/cattolica\/wp-content\/uploads\/2005\/01\/partigiani-300x256.jpg 300w\" sizes=\"auto, (max-width: 398px) 100vw, 398px\" \/><\/a><\/figure><\/div>\n\n\n<!--more-->\n\n\n\n<p>\u00abSe, dopo la liberazione, ogni compagno avesse ucciso il proprio parroco, ogni contadino il padrone, a quest&#8217;ora avremmo risolto il problema!\u00bb. Citazione anonima da un discorso pronunciato nella Casa del popolo di San Giovanni in Persiceto (Bo), anno 1946. Altro che Peppone e don Camillo, nemici sulla carta ma &#8211; in fondo in fondo &#8211; tutti tonaca e camicia (rossa)&#8230; I massacri dei preti nel dopoguerra da parte di partigiani comunisti sembrano testimoniare un preciso progetto, tutt&#8217;altro che democratico: il passaggio dalla guerra di liberazione alla lotta di classe; la conquista del potere con le armi ancor calde del 25 aprile in pugno; la trasformazione dello Stato in repubblica socialista e magari anche un po&#8217; sovietica.<\/p>\n\n\n\n<p>Storia vecchia, ipotesi controversa e tanto spessa smentita: gli eccidi furono malvagia farina del sacco di pochi masnadieri, non della maggioranza dei partigiani; le vendette private vennero deplorate e anzi vigorosamente proibite dai quadri dirigenti del Partito comunista; le violenze, insomma, non furono n\u00e9 autorizzate, n\u00e9 pianificate, n\u00e9 volute. E la soprascritta frase pronunciata a San Giovanni in Persiceto, cos\u00ec come tante altre similari, sono da attribuirsi agli eccessi di un periodo in cui il desiderio di ripristinare la giustizia e costruire una patria \u00abnuova\u00bb faceva aggio persino sui tempi e i mezzi da usarsi. Ma fu davvero cos\u00ec?<\/p>\n\n\n\n<p>Il parere di storici e testimoni contrasta tale versione, per lo meno in due dei triangoli pi\u00f9 \u00abcaldi\u00bb della lotta anti-cattolica: l&#8217;Emilia e l&#8217;Istria (ma che dire, peraltro, dei crimini della cosiddetta \u00abvolante rossa\u00bb lombarda o di altre uccisioni in Piemonte?). Anzitutto la storiografia, anche quella pi\u00f9 aperta a sinistra (vedi Norberto Bobbio o Claudio Pavone), sembra aver ormai acquisito che &#8211; accanto a una guerra di liberazione e a una guerra civile, contro i repubblichini di Sal\u00f2 &#8211; dal 1943 in poi venne combattuta una \u00abguerra di classe\u00bb che non termin\u00f2 affatto col 25 aprile.<\/p>\n\n\n\n<p>Ermanno Gorrieri, partigiano \u00abbianco\u00bb e in seguito ministro, in un&#8217;intervista ricordava cos\u00ec il clima del tempo: \u00abMolti comunisti pensavano di arrivare al potere con la violenza, come era avvenuto in Russia nel 1917, e credevano che ci\u00f2 fosse una conseguenza logica della lotta partigiana in montagna. A Modena i partigiani comunisti erano ancora armati e molti, ritenendo imminente la rivoluzione proletaria, uccidevano la gente, soprattutto preti, padroni agrari, esponenti democristiani\u00bb. \u00abIn generale, \u00e8 diffusa la convinzione che dopo la vittoria debba il nostro partito, e possa, fare la rivoluzione comunista per distruggere la borghesia\u00bb, scriveva a met\u00e0 1944 un partigiano \u00abrosso\u00bb in un rapporto al comando delle Brigate Garibaldi.<\/p>\n\n\n\n<p>L&#8217;ex magistrato Paolo Scalini, autore di uno studio recente sulle esecuzioni sommarie in provincia di Ravenna, esprime parere non dissimile: \u00abLa violenza dei partigiani si \u00e8 sviluppata non solo contro coloro che erano ritenuti complici dei fascisti, ma anche ed in misura notevole contro i &#8220;padroni&#8221; e i &#8220;capitalisti&#8221;\u00bb. Giampaolo Pansa, nel best seller sui \u00abvinti\u00bb, sembra incline alla medesima posizione: \u00abBisognava prepararsi alla famosa ora X. Era ci\u00f2 che pensavano molti ex partigiani dell&#8217;Emilia e della Romagna, e non solo loro&#8230; Anche i sacerdoti eliminati dopo la liberazione credo vadano messi sul conto della medesima, spietata convinzione. Prete uguale a borghese uguale a fascista: per molti, era un&#8217;equazione convincente\u00bb.<\/p>\n\n\n\n<p>Forse \u00e8 eccessivo sostenere &#8211; come ritiene lo storico Marco Pirina &#8211; che \u00abchi pianific\u00f2 l&#8217;uccisione di preti lo fece con uno scopo ben preciso: scardinare il controllo culturale sulle masse proletarie. Furono scelti soprattutto parroci di campagna, dove pi\u00f9 radicata era la tradizione religiosa\u00bb; per\u00f2 \u00e8 difficile negare che \u00abil movente &#8211; testimoni\u00f2 un sacerdote emiliano &#8211; \u00e8 stato identico per tutti: liberarsi di una presenza scomoda, castigare chi predicava pace, chi si adoperava per salvare vite umane, chi deplorava l&#8217;odio e le stragi. Tanti nostri preti hanno pagato con la vita una semplice espressione di dissenso pronunciata durante una predica, in chiesa. Molti altri sono stati uccisi solo perch\u00e9 indossavano una tonaca\u00bb.<\/p>\n\n\n\n<p>Non si tratta di sole opinioni, bens\u00ec di fatti che parlano da s\u00e9. \u00abA quanto mi consta &#8211; not\u00f2 il valente storico degli eccidi del clero emiliano, don Mino Martelli &#8211; n\u00e9 i partigiani democristiani (80 mila in Italia), n\u00e9 i repubblicani, n\u00e9 i socialisti, n\u00e9 i liberali hanno continuato a sparare dopo la guerra\u00bb. Anche le modalit\u00e0 degli assassinii parlano chiaro: don Giuseppe Jemmi, per esempio, giovanissimo viceparroco di Felina (Re) con diversi agganci partigiani, viene ucciso nell&#8217;aprile 1945 due giorni dopo aver deprecato dal pulpito le violenze rosse: \u00abFratelli non ascoltate la tentazione della vendetta. Non siate i figli di Caino\u00bb.<\/p>\n\n\n\n<p>Lo stesso accade a don Giuseppe Lenzini, parroco a Crocette di Pavullo sull&#8217;Appennino modenese, che criticava in predica i \u00abmetodi estremisti di far fuori la gente\u00bb: una notte di luglio 1945 lo svegliano col solito pretesto del moribondo da confessare ma &#8211; siccome lui non abbocca &#8211; penetrano con una scala in canonica, lo scovano nascosto nel campanile, gli fracassano il cranio e lo finiscono col mitra.<\/p>\n\n\n\n<p>Ma persino gli avvenimenti <em>post mortem<\/em> dei poveri martiri &#8211; ben raccolti da Giovanni Fantozzi in uno studio ancora inedito &#8211; fanno da teste a carico per un&#8217;imputazione ideologica. Ai funerali di don Alfonso Reggiani, per esempio, ucciso ad Amola di Piano (Bo) nel dicembre 1945 sulla base di un falso sospetto di delazione, osano partecipare solo 5 bambini e qualche donna: tale era il potere e la paura del Partito Comunista.<\/p>\n\n\n\n<p>Idem per don Tiso Galletti, trucidato dai due killer della \u00abmotocicletta della morte\u00bb a Spazzate Sassatelli (Im) il 18 maggio 1945: il parroco vicino testimonier\u00e0 al processo che \u00abper il funerale non c&#8217;era nessuno, tranne i famigliari e il campanaro. In fondo al viale c&#8217;era un giovane in bicicletta con il fazzoletto rosso al collo per controllare i presenti\u00bb.<\/p>\n\n\n\n<p>Addirittura due intellettuali di fede progressista, Davide Ferrario e Daniele Vicari autori del film <em>Comunisti<\/em> che indaga sulle ombre della Resistenza, ammettono che \u00abil Pci allora non era un partito che poteva andare verso una democrazia borghese. Al tempo stesso faticava a lasciarsi alle spalle una cultura antidemocratica\u00bb. Cos\u00ec se il 2 giugno 1945 &#8211; dopo l&#8217;uccisione a Nonantola di padre e figlio democristiani (e il pi\u00f9 giovane partigiano) &#8211; fu il Pci stesso a distribuire a Reggio Emilia un manifesto: \u00abBasta con i delitti\u00bb; subito la Dc pot\u00e8 replicare con analoga affissione: \u00abChi \u00e8 l&#8217;autore di tutti i delitti?\u00bb.<\/p>\n\n\n\n<p>_____________________________<\/p>\n\n\n\n<p><strong>Le altre puntate dell\u2019inchiesta:<\/strong><\/p>\n\n\n\n<p><strong>1 &#8211; <a href=\"https:\/\/www.rassegnastampa-totustuus.it\/cattolica\/?p=311\" target=\"_blank\" rel=\"noreferrer noopener\">Stragi partigiane: il triangolo dei preti<\/a><\/strong><\/p>\n\n\n\n<p><strong>2 &#8211; <a href=\"https:\/\/www.rassegnastampa-totustuus.it\/cattolica\/?p=312\" target=\"_blank\" rel=\"noreferrer noopener\">Partigiani all\u2019assalto del don<\/a><\/strong><\/p>\n\n\n\n<p><strong>4 &#8211; <a href=\"https:\/\/www.rassegnastampa-totustuus.it\/cattolica\/?p=314\" target=\"_blank\" rel=\"noreferrer noopener\">E Peppone spar\u00f2 a don Camillo<\/a><\/strong><\/p>\n\n\n\n<p><strong>5 &#8211; <a href=\"https:\/\/www.rassegnastampa-totustuus.it\/cattolica\/?p=315\" target=\"_blank\" rel=\"noreferrer noopener\">Brigate contro il Biancofiore<\/a><\/strong><\/p>\n\n\n\n<p><strong>6 &#8211; <a href=\"https:\/\/www.rassegnastampa-totustuus.it\/cattolica\/?p=316\" target=\"_blank\" rel=\"noreferrer noopener\">Falce &amp; coppola, la repubblica del Sud<\/a><\/strong><\/p>\n\n\n\n<p><strong>7 &#8211; <a href=\"https:\/\/www.rassegnastampa-totustuus.it\/cattolica\/?p=317\" target=\"_blank\" rel=\"noreferrer noopener\">La resistenza cannibale<\/a><\/strong><\/p>\n\n\n\n<p><strong>8 &#8211; <a href=\"https:\/\/www.rassegnastampa-totustuus.it\/cattolica\/?p=318\" target=\"_blank\" rel=\"noreferrer noopener\">Quei preti martiri del 18 aprile<\/a><\/strong><\/p>\n\n\n\n<p><b>Nota:<\/b> <strong><i>Leggi anche:<\/i><\/strong><\/p>\n\n\n\n<p><strong><i><a href=\"https:\/\/www.rassegnastampa-totustuus.it\/cattolica\/?p=1063\" target=\"_blank\" rel=\"noreferrer noopener\">Dimenticati<\/a> <\/i><\/strong><i>Paolo De Marchi, <strong>Il Timone<\/strong> &#8211; n. 11 Gennaio\/Febbraio 2001<\/i><\/p>\n\n\n\n<p><em>Una pagina rimossa della nostra storia. Centinaia di cattolici, sacerdoti e laici, uccisi dai partigiani comunisti nell&#8217;immediato dopoguerra. In odio alla fede e alla Chiesa. I testimoni tacciono. I libri di testo nascondono la verit\u00e0. Vilt\u00e0, paura o complicit\u00e0?<\/em><i><\/i><\/p>\n","protected":false},"excerpt":{"rendered":"<p>pubblicato su Avvenire del 29 gennaio 2004 INCHIESTA\/3 Dopo la liberazione la guerra partigiana si mut\u00f2 spesso in lotta di classe. Bisognava eliminare i \u00abnemici\u00bb: possidenti e sacerdoti di Roberto Beretta Numerosi preti antifascisti furono uccisi per aver invitato dal pulpito a non cedere alle vendette<\/p><p><a class=\"more-link btn\" href=\"https:\/\/www.rassegnastampa-totustuus.it\/cattolica\/ombre-rosse-in-canonica\/\">Continua a leggere<\/a><\/p>\n","protected":false},"author":6,"featured_media":30857,"comment_status":"closed","ping_status":"open","sticky":false,"template":"","format":"standard","meta":{"footnotes":""},"categories":[82,44,100,96],"tags":[866],"class_list":["post-313","post","type-post","status-publish","format-standard","has-post-thumbnail","hentry","category-comunismo-in-italia","category-cristiani-perseguitati","category-resistenza","category-storia-italiana","tag-partigiani","item-wrap"],"yoast_head":"<!-- This site is optimized with the Yoast SEO plugin v27.5 - https:\/\/yoast.com\/product\/yoast-seo-wordpress\/ -->\n<title>Ombre rosse in canonica - Rassegna Stampa Cattolica<\/title>\n<meta name=\"description\" content=\"Ombre rosse in canonica. Dopo la liberazione la guerra partigiana si mut\u00f2 spesso in lotta di classe eliminando possidenti e sacerdoti\" \/>\n<meta name=\"robots\" content=\"index, follow, max-snippet:-1, max-image-preview:large, max-video-preview:-1\" \/>\n<link rel=\"canonical\" href=\"https:\/\/www.rassegnastampa-totustuus.it\/cattolica\/ombre-rosse-in-canonica\/\" \/>\n<meta property=\"og:locale\" content=\"it_IT\" \/>\n<meta property=\"og:type\" content=\"article\" \/>\n<meta property=\"og:title\" content=\"Ombre rosse in canonica - Rassegna Stampa Cattolica\" \/>\n<meta property=\"og:description\" content=\"Ombre rosse in canonica. Dopo la liberazione la guerra partigiana si mut\u00f2 spesso in lotta di classe eliminando possidenti e sacerdoti\" \/>\n<meta property=\"og:url\" content=\"https:\/\/www.rassegnastampa-totustuus.it\/cattolica\/ombre-rosse-in-canonica\/\" \/>\n<meta property=\"og:site_name\" content=\"Rassegna Stampa Cattolica\" \/>\n<meta property=\"article:publisher\" content=\"https:\/\/www.facebook.com\/rassegnastampacattolica\" \/>\n<meta property=\"article:published_time\" content=\"2005-01-20T17:18:58+00:00\" \/>\n<meta property=\"article:modified_time\" content=\"2025-07-06T15:04:58+00:00\" \/>\n<meta property=\"og:image\" content=\"https:\/\/www.rassegnastampa-totustuus.it\/cattolica\/wp-content\/uploads\/2005\/01\/partigiani.jpg\" \/>\n\t<meta property=\"og:image:width\" content=\"398\" \/>\n\t<meta property=\"og:image:height\" content=\"340\" \/>\n\t<meta property=\"og:image:type\" content=\"image\/jpeg\" \/>\n<meta name=\"author\" content=\"Redazione\" \/>\n<meta name=\"twitter:card\" content=\"summary_large_image\" \/>\n<meta name=\"twitter:creator\" content=\"@rassegnastampa9\" \/>\n<meta name=\"twitter:site\" content=\"@rassegnastampa9\" \/>\n<meta name=\"twitter:label1\" content=\"Scritto da\" \/>\n\t<meta name=\"twitter:data1\" content=\"Redazione\" \/>\n\t<meta name=\"twitter:label2\" content=\"Tempo di lettura stimato\" \/>\n\t<meta name=\"twitter:data2\" content=\"7 minuti\" \/>\n<script type=\"application\/ld+json\" class=\"yoast-schema-graph\">{\"@context\":\"https:\\\/\\\/schema.org\",\"@graph\":[{\"@type\":\"Article\",\"@id\":\"https:\\\/\\\/www.rassegnastampa-totustuus.it\\\/cattolica\\\/ombre-rosse-in-canonica\\\/#article\",\"isPartOf\":{\"@id\":\"https:\\\/\\\/www.rassegnastampa-totustuus.it\\\/cattolica\\\/ombre-rosse-in-canonica\\\/\"},\"author\":{\"name\":\"Redazione\",\"@id\":\"https:\\\/\\\/www.rassegnastampa-totustuus.it\\\/cattolica\\\/#\\\/schema\\\/person\\\/08f319d2bd1a0904ad9e2bfb7b15e5c3\"},\"headline\":\"Ombre rosse in canonica\",\"datePublished\":\"2005-01-20T17:18:58+00:00\",\"dateModified\":\"2025-07-06T15:04:58+00:00\",\"mainEntityOfPage\":{\"@id\":\"https:\\\/\\\/www.rassegnastampa-totustuus.it\\\/cattolica\\\/ombre-rosse-in-canonica\\\/\"},\"wordCount\":1190,\"publisher\":{\"@id\":\"https:\\\/\\\/www.rassegnastampa-totustuus.it\\\/cattolica\\\/#organization\"},\"image\":{\"@id\":\"https:\\\/\\\/www.rassegnastampa-totustuus.it\\\/cattolica\\\/ombre-rosse-in-canonica\\\/#primaryimage\"},\"thumbnailUrl\":\"https:\\\/\\\/www.rassegnastampa-totustuus.it\\\/cattolica\\\/wp-content\\\/uploads\\\/2005\\\/01\\\/partigiani.jpg\",\"keywords\":[\"partigiani\"],\"articleSection\":[\"Comunismo in Italia\",\"Cristiani perseguitati\",\"Resistenza\",\"Storia italiana\"],\"inLanguage\":\"it-IT\"},{\"@type\":\"WebPage\",\"@id\":\"https:\\\/\\\/www.rassegnastampa-totustuus.it\\\/cattolica\\\/ombre-rosse-in-canonica\\\/\",\"url\":\"https:\\\/\\\/www.rassegnastampa-totustuus.it\\\/cattolica\\\/ombre-rosse-in-canonica\\\/\",\"name\":\"Ombre rosse in canonica - Rassegna Stampa Cattolica\",\"isPartOf\":{\"@id\":\"https:\\\/\\\/www.rassegnastampa-totustuus.it\\\/cattolica\\\/#website\"},\"primaryImageOfPage\":{\"@id\":\"https:\\\/\\\/www.rassegnastampa-totustuus.it\\\/cattolica\\\/ombre-rosse-in-canonica\\\/#primaryimage\"},\"image\":{\"@id\":\"https:\\\/\\\/www.rassegnastampa-totustuus.it\\\/cattolica\\\/ombre-rosse-in-canonica\\\/#primaryimage\"},\"thumbnailUrl\":\"https:\\\/\\\/www.rassegnastampa-totustuus.it\\\/cattolica\\\/wp-content\\\/uploads\\\/2005\\\/01\\\/partigiani.jpg\",\"datePublished\":\"2005-01-20T17:18:58+00:00\",\"dateModified\":\"2025-07-06T15:04:58+00:00\",\"description\":\"Ombre rosse in canonica. Dopo la liberazione la guerra partigiana si mut\u00f2 spesso in lotta di classe eliminando possidenti e sacerdoti\",\"breadcrumb\":{\"@id\":\"https:\\\/\\\/www.rassegnastampa-totustuus.it\\\/cattolica\\\/ombre-rosse-in-canonica\\\/#breadcrumb\"},\"inLanguage\":\"it-IT\",\"potentialAction\":[{\"@type\":\"ReadAction\",\"target\":[\"https:\\\/\\\/www.rassegnastampa-totustuus.it\\\/cattolica\\\/ombre-rosse-in-canonica\\\/\"]}]},{\"@type\":\"ImageObject\",\"inLanguage\":\"it-IT\",\"@id\":\"https:\\\/\\\/www.rassegnastampa-totustuus.it\\\/cattolica\\\/ombre-rosse-in-canonica\\\/#primaryimage\",\"url\":\"https:\\\/\\\/www.rassegnastampa-totustuus.it\\\/cattolica\\\/wp-content\\\/uploads\\\/2005\\\/01\\\/partigiani.jpg\",\"contentUrl\":\"https:\\\/\\\/www.rassegnastampa-totustuus.it\\\/cattolica\\\/wp-content\\\/uploads\\\/2005\\\/01\\\/partigiani.jpg\",\"width\":398,\"height\":340},{\"@type\":\"BreadcrumbList\",\"@id\":\"https:\\\/\\\/www.rassegnastampa-totustuus.it\\\/cattolica\\\/ombre-rosse-in-canonica\\\/#breadcrumb\",\"itemListElement\":[{\"@type\":\"ListItem\",\"position\":1,\"name\":\"Home\",\"item\":\"https:\\\/\\\/www.rassegnastampa-totustuus.it\\\/cattolica\\\/\"},{\"@type\":\"ListItem\",\"position\":2,\"name\":\"Ombre rosse in canonica\"}]},{\"@type\":\"WebSite\",\"@id\":\"https:\\\/\\\/www.rassegnastampa-totustuus.it\\\/cattolica\\\/#website\",\"url\":\"https:\\\/\\\/www.rassegnastampa-totustuus.it\\\/cattolica\\\/\",\"name\":\"Rassegna Stampa Cattolica\",\"description\":\"Per una cultura che nasce dalla Rivelazione cristiana in conformit\u00e0 alla tradizione e al Magistero della Chiesa in opposizione ad ogni relativismo e totalitarismo\",\"publisher\":{\"@id\":\"https:\\\/\\\/www.rassegnastampa-totustuus.it\\\/cattolica\\\/#organization\"},\"alternateName\":\"Rass. Cattolica\",\"potentialAction\":[{\"@type\":\"SearchAction\",\"target\":{\"@type\":\"EntryPoint\",\"urlTemplate\":\"https:\\\/\\\/www.rassegnastampa-totustuus.it\\\/cattolica\\\/?s={search_term_string}\"},\"query-input\":{\"@type\":\"PropertyValueSpecification\",\"valueRequired\":true,\"valueName\":\"search_term_string\"}}],\"inLanguage\":\"it-IT\"},{\"@type\":\"Organization\",\"@id\":\"https:\\\/\\\/www.rassegnastampa-totustuus.it\\\/cattolica\\\/#organization\",\"name\":\"Rassegna Stampa Cattolica\",\"url\":\"https:\\\/\\\/www.rassegnastampa-totustuus.it\\\/cattolica\\\/\",\"logo\":{\"@type\":\"ImageObject\",\"inLanguage\":\"it-IT\",\"@id\":\"https:\\\/\\\/www.rassegnastampa-totustuus.it\\\/cattolica\\\/#\\\/schema\\\/logo\\\/image\\\/\",\"url\":\"https:\\\/\\\/www.rassegnastampa-totustuus.it\\\/cattolica\\\/wp-content\\\/uploads\\\/2014\\\/04\\\/logo-rassegna1.gif\",\"contentUrl\":\"https:\\\/\\\/www.rassegnastampa-totustuus.it\\\/cattolica\\\/wp-content\\\/uploads\\\/2014\\\/04\\\/logo-rassegna1.gif\",\"width\":600,\"height\":163,\"caption\":\"Rassegna Stampa Cattolica\"},\"image\":{\"@id\":\"https:\\\/\\\/www.rassegnastampa-totustuus.it\\\/cattolica\\\/#\\\/schema\\\/logo\\\/image\\\/\"},\"sameAs\":[\"https:\\\/\\\/www.facebook.com\\\/rassegnastampacattolica\",\"https:\\\/\\\/x.com\\\/rassegnastampa9\"]},{\"@type\":\"Person\",\"@id\":\"https:\\\/\\\/www.rassegnastampa-totustuus.it\\\/cattolica\\\/#\\\/schema\\\/person\\\/08f319d2bd1a0904ad9e2bfb7b15e5c3\",\"name\":\"Redazione\",\"image\":{\"@type\":\"ImageObject\",\"inLanguage\":\"it-IT\",\"@id\":\"https:\\\/\\\/secure.gravatar.com\\\/avatar\\\/2fcdf27c78ea025fbdb44e914cc63c72249ffec9dc8aafd5c82b26240ef3f346?s=96&d=mm&r=g\",\"url\":\"https:\\\/\\\/secure.gravatar.com\\\/avatar\\\/2fcdf27c78ea025fbdb44e914cc63c72249ffec9dc8aafd5c82b26240ef3f346?s=96&d=mm&r=g\",\"contentUrl\":\"https:\\\/\\\/secure.gravatar.com\\\/avatar\\\/2fcdf27c78ea025fbdb44e914cc63c72249ffec9dc8aafd5c82b26240ef3f346?s=96&d=mm&r=g\",\"caption\":\"Redazione\"},\"url\":\"https:\\\/\\\/www.rassegnastampa-totustuus.it\\\/cattolica\\\/author\\\/pietroelle\\\/\"}]}<\/script>\n<!-- \/ Yoast SEO plugin. -->","yoast_head_json":{"title":"Ombre rosse in canonica - Rassegna Stampa Cattolica","description":"Ombre rosse in canonica. Dopo la liberazione la guerra partigiana si mut\u00f2 spesso in lotta di classe eliminando possidenti e sacerdoti","robots":{"index":"index","follow":"follow","max-snippet":"max-snippet:-1","max-image-preview":"max-image-preview:large","max-video-preview":"max-video-preview:-1"},"canonical":"https:\/\/www.rassegnastampa-totustuus.it\/cattolica\/ombre-rosse-in-canonica\/","og_locale":"it_IT","og_type":"article","og_title":"Ombre rosse in canonica - Rassegna Stampa Cattolica","og_description":"Ombre rosse in canonica. Dopo la liberazione la guerra partigiana si mut\u00f2 spesso in lotta di classe eliminando possidenti e sacerdoti","og_url":"https:\/\/www.rassegnastampa-totustuus.it\/cattolica\/ombre-rosse-in-canonica\/","og_site_name":"Rassegna Stampa Cattolica","article_publisher":"https:\/\/www.facebook.com\/rassegnastampacattolica","article_published_time":"2005-01-20T17:18:58+00:00","article_modified_time":"2025-07-06T15:04:58+00:00","og_image":[{"width":398,"height":340,"url":"https:\/\/www.rassegnastampa-totustuus.it\/cattolica\/wp-content\/uploads\/2005\/01\/partigiani.jpg","type":"image\/jpeg"}],"author":"Redazione","twitter_card":"summary_large_image","twitter_creator":"@rassegnastampa9","twitter_site":"@rassegnastampa9","twitter_misc":{"Scritto da":"Redazione","Tempo di lettura stimato":"7 minuti"},"schema":{"@context":"https:\/\/schema.org","@graph":[{"@type":"Article","@id":"https:\/\/www.rassegnastampa-totustuus.it\/cattolica\/ombre-rosse-in-canonica\/#article","isPartOf":{"@id":"https:\/\/www.rassegnastampa-totustuus.it\/cattolica\/ombre-rosse-in-canonica\/"},"author":{"name":"Redazione","@id":"https:\/\/www.rassegnastampa-totustuus.it\/cattolica\/#\/schema\/person\/08f319d2bd1a0904ad9e2bfb7b15e5c3"},"headline":"Ombre rosse in canonica","datePublished":"2005-01-20T17:18:58+00:00","dateModified":"2025-07-06T15:04:58+00:00","mainEntityOfPage":{"@id":"https:\/\/www.rassegnastampa-totustuus.it\/cattolica\/ombre-rosse-in-canonica\/"},"wordCount":1190,"publisher":{"@id":"https:\/\/www.rassegnastampa-totustuus.it\/cattolica\/#organization"},"image":{"@id":"https:\/\/www.rassegnastampa-totustuus.it\/cattolica\/ombre-rosse-in-canonica\/#primaryimage"},"thumbnailUrl":"https:\/\/www.rassegnastampa-totustuus.it\/cattolica\/wp-content\/uploads\/2005\/01\/partigiani.jpg","keywords":["partigiani"],"articleSection":["Comunismo in Italia","Cristiani perseguitati","Resistenza","Storia italiana"],"inLanguage":"it-IT"},{"@type":"WebPage","@id":"https:\/\/www.rassegnastampa-totustuus.it\/cattolica\/ombre-rosse-in-canonica\/","url":"https:\/\/www.rassegnastampa-totustuus.it\/cattolica\/ombre-rosse-in-canonica\/","name":"Ombre rosse in canonica - Rassegna Stampa Cattolica","isPartOf":{"@id":"https:\/\/www.rassegnastampa-totustuus.it\/cattolica\/#website"},"primaryImageOfPage":{"@id":"https:\/\/www.rassegnastampa-totustuus.it\/cattolica\/ombre-rosse-in-canonica\/#primaryimage"},"image":{"@id":"https:\/\/www.rassegnastampa-totustuus.it\/cattolica\/ombre-rosse-in-canonica\/#primaryimage"},"thumbnailUrl":"https:\/\/www.rassegnastampa-totustuus.it\/cattolica\/wp-content\/uploads\/2005\/01\/partigiani.jpg","datePublished":"2005-01-20T17:18:58+00:00","dateModified":"2025-07-06T15:04:58+00:00","description":"Ombre rosse in canonica. Dopo la liberazione la guerra partigiana si mut\u00f2 spesso in lotta di classe eliminando possidenti e sacerdoti","breadcrumb":{"@id":"https:\/\/www.rassegnastampa-totustuus.it\/cattolica\/ombre-rosse-in-canonica\/#breadcrumb"},"inLanguage":"it-IT","potentialAction":[{"@type":"ReadAction","target":["https:\/\/www.rassegnastampa-totustuus.it\/cattolica\/ombre-rosse-in-canonica\/"]}]},{"@type":"ImageObject","inLanguage":"it-IT","@id":"https:\/\/www.rassegnastampa-totustuus.it\/cattolica\/ombre-rosse-in-canonica\/#primaryimage","url":"https:\/\/www.rassegnastampa-totustuus.it\/cattolica\/wp-content\/uploads\/2005\/01\/partigiani.jpg","contentUrl":"https:\/\/www.rassegnastampa-totustuus.it\/cattolica\/wp-content\/uploads\/2005\/01\/partigiani.jpg","width":398,"height":340},{"@type":"BreadcrumbList","@id":"https:\/\/www.rassegnastampa-totustuus.it\/cattolica\/ombre-rosse-in-canonica\/#breadcrumb","itemListElement":[{"@type":"ListItem","position":1,"name":"Home","item":"https:\/\/www.rassegnastampa-totustuus.it\/cattolica\/"},{"@type":"ListItem","position":2,"name":"Ombre rosse in canonica"}]},{"@type":"WebSite","@id":"https:\/\/www.rassegnastampa-totustuus.it\/cattolica\/#website","url":"https:\/\/www.rassegnastampa-totustuus.it\/cattolica\/","name":"Rassegna Stampa Cattolica","description":"Per una cultura che nasce dalla Rivelazione cristiana in conformit\u00e0 alla tradizione e al Magistero della Chiesa in opposizione ad ogni relativismo e totalitarismo","publisher":{"@id":"https:\/\/www.rassegnastampa-totustuus.it\/cattolica\/#organization"},"alternateName":"Rass. Cattolica","potentialAction":[{"@type":"SearchAction","target":{"@type":"EntryPoint","urlTemplate":"https:\/\/www.rassegnastampa-totustuus.it\/cattolica\/?s={search_term_string}"},"query-input":{"@type":"PropertyValueSpecification","valueRequired":true,"valueName":"search_term_string"}}],"inLanguage":"it-IT"},{"@type":"Organization","@id":"https:\/\/www.rassegnastampa-totustuus.it\/cattolica\/#organization","name":"Rassegna Stampa Cattolica","url":"https:\/\/www.rassegnastampa-totustuus.it\/cattolica\/","logo":{"@type":"ImageObject","inLanguage":"it-IT","@id":"https:\/\/www.rassegnastampa-totustuus.it\/cattolica\/#\/schema\/logo\/image\/","url":"https:\/\/www.rassegnastampa-totustuus.it\/cattolica\/wp-content\/uploads\/2014\/04\/logo-rassegna1.gif","contentUrl":"https:\/\/www.rassegnastampa-totustuus.it\/cattolica\/wp-content\/uploads\/2014\/04\/logo-rassegna1.gif","width":600,"height":163,"caption":"Rassegna Stampa Cattolica"},"image":{"@id":"https:\/\/www.rassegnastampa-totustuus.it\/cattolica\/#\/schema\/logo\/image\/"},"sameAs":["https:\/\/www.facebook.com\/rassegnastampacattolica","https:\/\/x.com\/rassegnastampa9"]},{"@type":"Person","@id":"https:\/\/www.rassegnastampa-totustuus.it\/cattolica\/#\/schema\/person\/08f319d2bd1a0904ad9e2bfb7b15e5c3","name":"Redazione","image":{"@type":"ImageObject","inLanguage":"it-IT","@id":"https:\/\/secure.gravatar.com\/avatar\/2fcdf27c78ea025fbdb44e914cc63c72249ffec9dc8aafd5c82b26240ef3f346?s=96&d=mm&r=g","url":"https:\/\/secure.gravatar.com\/avatar\/2fcdf27c78ea025fbdb44e914cc63c72249ffec9dc8aafd5c82b26240ef3f346?s=96&d=mm&r=g","contentUrl":"https:\/\/secure.gravatar.com\/avatar\/2fcdf27c78ea025fbdb44e914cc63c72249ffec9dc8aafd5c82b26240ef3f346?s=96&d=mm&r=g","caption":"Redazione"},"url":"https:\/\/www.rassegnastampa-totustuus.it\/cattolica\/author\/pietroelle\/"}]}},"_links":{"self":[{"href":"https:\/\/www.rassegnastampa-totustuus.it\/cattolica\/wp-json\/wp\/v2\/posts\/313","targetHints":{"allow":["GET"]}}],"collection":[{"href":"https:\/\/www.rassegnastampa-totustuus.it\/cattolica\/wp-json\/wp\/v2\/posts"}],"about":[{"href":"https:\/\/www.rassegnastampa-totustuus.it\/cattolica\/wp-json\/wp\/v2\/types\/post"}],"author":[{"embeddable":true,"href":"https:\/\/www.rassegnastampa-totustuus.it\/cattolica\/wp-json\/wp\/v2\/users\/6"}],"replies":[{"embeddable":true,"href":"https:\/\/www.rassegnastampa-totustuus.it\/cattolica\/wp-json\/wp\/v2\/comments?post=313"}],"version-history":[{"count":6,"href":"https:\/\/www.rassegnastampa-totustuus.it\/cattolica\/wp-json\/wp\/v2\/posts\/313\/revisions"}],"predecessor-version":[{"id":62969,"href":"https:\/\/www.rassegnastampa-totustuus.it\/cattolica\/wp-json\/wp\/v2\/posts\/313\/revisions\/62969"}],"wp:featuredmedia":[{"embeddable":true,"href":"https:\/\/www.rassegnastampa-totustuus.it\/cattolica\/wp-json\/wp\/v2\/media\/30857"}],"wp:attachment":[{"href":"https:\/\/www.rassegnastampa-totustuus.it\/cattolica\/wp-json\/wp\/v2\/media?parent=313"}],"wp:term":[{"taxonomy":"category","embeddable":true,"href":"https:\/\/www.rassegnastampa-totustuus.it\/cattolica\/wp-json\/wp\/v2\/categories?post=313"},{"taxonomy":"post_tag","embeddable":true,"href":"https:\/\/www.rassegnastampa-totustuus.it\/cattolica\/wp-json\/wp\/v2\/tags?post=313"}],"curies":[{"name":"wp","href":"https:\/\/api.w.org\/{rel}","templated":true}]}}