{"id":312,"date":"2005-01-20T18:15:03","date_gmt":"2005-01-20T17:15:03","guid":{"rendered":""},"modified":"2025-07-06T17:48:19","modified_gmt":"2025-07-06T15:48:19","slug":"partigiani-allassalto-del-don","status":"publish","type":"post","link":"https:\/\/www.rassegnastampa-totustuus.it\/cattolica\/partigiani-allassalto-del-don\/","title":{"rendered":"Partigiani all&#8217;assalto del don"},"content":{"rendered":"\n<p class=\"has-text-align-center\">pubblicato su <a href=\"https:\/\/www.avvenire.it\/\" target=\"_blank\" rel=\"noreferrer noopener\"><strong>Avvenire<\/strong> <\/a>del 23 gennaio 2004<\/p>\n\n\n\n<p><strong>INCHIESTA\/2<\/strong> <em>Ecco la lista ufficiale dei 108 preti italiani uccisi dai militanti comunisti in Emilia e in Istria, ma anche nel Veneto, in Toscana e Piemonte e persino in Calabria Pochissimi avevano un passato fascista e l&#8217;ultimo fu assassinato ben 6 anni dopo la fine della guerra. <\/em><em>Fu un&#8217;incredibile mattanza di sacerdoti, e senza motivi militari Ma lo Stato italiano non ha premiato nessuno dei martiri con una medaglia<\/em><\/p>\n\n\n\n<p class=\"has-text-align-center\">di <strong>Roberto Beretta<\/strong><\/p>\n\n\n<div class=\"wp-block-image\">\n<figure class=\"aligncenter size-full\"><a href=\"https:\/\/www.rassegnastampa-totustuus.it\/cattolica\/wp-content\/uploads\/2005\/01\/preti_uccisi_partigiani.png\"><img loading=\"lazy\" decoding=\"async\" width=\"534\" height=\"295\" src=\"https:\/\/www.rassegnastampa-totustuus.it\/cattolica\/wp-content\/uploads\/2005\/01\/preti_uccisi_partigiani.png\" alt=\"\" class=\"wp-image-30859\" srcset=\"https:\/\/www.rassegnastampa-totustuus.it\/cattolica\/wp-content\/uploads\/2005\/01\/preti_uccisi_partigiani.png 534w, https:\/\/www.rassegnastampa-totustuus.it\/cattolica\/wp-content\/uploads\/2005\/01\/preti_uccisi_partigiani-300x165.png 300w\" sizes=\"auto, (max-width: 534px) 100vw, 534px\" \/><\/a><\/figure><\/div>\n\n\n<!--more-->\n\n\n\n<p>C&#8217;era una volta una casa &#8211; alla Giovecca di Lugo, tra Ferrara e Ravenna &#8211; dove, una mattina del maggio 1945, fuori dalla porta fu appesa una tonaca. <\/p>\n\n\n\n<p>C&#8217;era una volta, ma non \u00e8 una favola. In quella dimora, la Casa Scardovi, si regolavano i conti malmessi di vent&#8217;anni di fascismo.<\/p>\n\n\n\n<p>In pratica, i \u00abtribunali del popolo\u00bb partigiani e comunisti interrogavano, seviziavano e passavano per le armi i presunti \u00abfascisti\u00bb rastrellati in varie localit\u00e0, anche lontane; si dice ne siano passate 300, di vittime, da quella casa. E il giorno dopo dagli indumenti appesi al gancio si capiva chi era stato giustiziato.<\/p>\n\n\n\n<p>\u00c8 rimasto anonimo il prete ucciso quella notte; un giornale scrisse che fu frustato con catene di bicicletta da un gruppo di donne. Comunque sia, la sua figura di \u00absacerdote ignoto\u00bb ben si presta a simboleggiare i confratelli vittima nell&#8217;incerto, sanguinoso crepuscolo tra dittatura e libert\u00e0.<\/p>\n\n\n\n<p>Ufficialmente sono stati 729 i membri del clero italiano &#8211; dai vescovi ai seminaristi, dai religiosi ai fratelli laici &#8211; morti a causa della seconda guerra mondiale. 422 morirono prima dell&#8217;8 settembre 1943: cappellani militari uccisi in combattimento, parroci periti sotto i bombardamenti. <\/p>\n\n\n\n<p>191 invece risultano morti durante la Resistenza, di cui la maggior parte (158) trucidati dai tedeschi e 33 dai repubblichini. Infine 108 furono le vittime dei comunisti: 53 caduti durante la Resistenza, 14 immediatamente prima del 25 aprile e 41 dopo. Addirittura 7 furono ammazzati nel 1946, uno nel 1947 e un altro nel &#8217;51.<\/p>\n\n\n\n<p>Analizzando le stesse cifre da un altro punto di vista, l&#8217;impressione di stranezza non muta: a fronte di 57 sacerdoti morti in combattimento, infatti, di 31 defunti in prigionia e 18 nei campi di concentramento; di contro ai 265 religiosi morti durante i bombardamenti, ai 49 scomparsi in servizio per malattia e ai 30 dispersi; ben 279 appartenenti al clero italiano sono rubricati alla voce \u00abassassinati per rappresaglia o per odio di parte\u00bb: come dire che quasi il 40 % delle vittime belliche con la talare non furono stroncate dai colpi diretti della guerra, bens\u00ec per motivi pi\u00f9 ideologici o addirittura \u00abpolitici\u00bb, che siano neri oppure rossi.<\/p>\n\n\n\n<p>Per fare un altro paragone significativo, almeno in cifre assolute: i decessi dei cappellani militari durante tutto il conflitto sono stati 148, mentre i parroci italiani morti violentemente furono 238 (pi\u00f9 41 viceparroci e 129 tra seminaristi, novizi e religiosi laici); quasi che per i sacerdoti il fronte sia stato meno pericoloso dell&#8217;ombra del campanile.<\/p>\n\n\n\n<p>Restringendoci alle sole vittime dell&#8217;estremismo comunista, subito viene alla mente il famoso \u00abtriangolo della morte\u00bb, dove i partigiani uccisero una trentina di preti: 8 in diocesi di Bologna, 4 a Modena, 8 a Reggio Emilia, 4 a Imola, 1 a Ravenna, uno a Carpi&#8230; <\/p>\n\n\n\n<p>Non c&#8217;\u00e8 solo l&#8217;Emilia Romagna, tuttavia: la geografia del martirio sacerdotale si estende da Torino a Locri (dove un parroco fu ucciso nell&#8217;ottobre 1943 dai militi della \u00abrepubblica comunista\u00bb di Caulonia); dal Veneto alla Toscana.<\/p>\n\n\n\n<p>Un&#8217;altra zona di molte uccisioni \u00e8 quella di Gorizia e l&#8217;Istria, dove non meno di una quindicina di religiosi finirono infoibati dai partigiani titini o dai comunisti italiani. Perch\u00e9 questa vera e propria strage di sacerdoti, che qualcuno (il \u00ablaico\u00bb Paolo Mieli) oggi taccia d&#8217;\u00abincredibile mattanza\u00bb? <\/p>\n\n\n\n<p>Per le vittime dei nazifascisti la risposta \u00e8 quasi sempre chiara, delineata entro un orizzonte &#8211; se non giustificabile moralmente &#8211; almeno comprensibile dal punto di vista storico: si trattava in prevalenza di parroci che tentavano di difendere la loro gente dalle rappresaglie, era clero accomunato al suo popolo nelle stragi di interi paesi.<\/p>\n\n\n\n<p>Mentre per i 108 sterminati dai partigiani le ragioni degli assassinii sono ben pi\u00f9 sottili e nascoste, spesso indicibili. Epurazione? <\/p>\n\n\n\n<p>In verit\u00e0, i sacerdoti il cui passato poteva essere ricondotto a un legame con la dittatura si contano su una sola mano: e si va in gradazioni assai varie dal fanatico don Tullio Calcagno, fucilato a Milano il 29 aprile 1945 (tuttavia era gi\u00e0 stato scomunicato per i suoi eccessi mussoliniani), all&#8217;emiliano don Carlo Terenziani, cui s&#8217;addebitava solamente un antico servizio pastorale per la milizia fascista; un&#8217;altra quindicina erano stati cappellani militari, se questo da solo pu\u00f2 essere segno d&#8217;adesione al regime.<\/p>\n\n\n\n<p>Fu sommaria \u00abgiustizia di popolo\u00bb, insorto contro l&#8217;oppressore? Ma la maggioranza dei parroci venne piuttosto uccisa da isolati sicari, da anonimi killer che agivano di notte, a volte con l&#8217;inganno, a volte saccheggiando le canoniche&#8230; <\/p>\n\n\n\n<p>Togliamo dunque dall&#8217;elenco dei 108 i sospetti fascisti e un&#8217;altra ventina di preti uccisi all&#8217;estero: i missionari fucilati dalle guardie rossi cinesi o ammazzati da partigiani albanesi o russi. Restano comunque almeno 70 sacerdoti assassinati dai \u00abrossi\u00bb senza un motivo direttamente militare.<\/p>\n\n\n\n<p>Perch\u00e9, allora? Per aiutare a spiegarlo ecco un altro numero, che nello stesso tempo \u00e8 indice ideologico: 9 sacerdoti uccisi dai tedeschi sono stati insigniti di medaglie dalla Repubblica italiana; 5 sono le onorificenze destinate a preti uccisi dai nazifascisti. <\/p>\n\n\n\n<p>E ai 108 confratelli massacrati dai partigiani comunisti? Nulla! Sette martiri risultano bens\u00ec decorati dallo Stato, ma da quello fascista e prima dell&#8217;8 settembre<\/p>\n\n\n\n<p>Un&#8217;artefatta ideologia della Resistenza ha finora impedito, in oltre cinquant&#8217;anni, di riconoscere che almeno qualcuno di questi italiani con la tonaca ha eroicamente difeso la democrazia, la giustizia, la libert\u00e0 di tutti. Il 60\u00b0 della Liberazione, ormai vicino, sarebbe un&#8217;occasione per dare una medaglia anche ai preti delle foibe e del \u00abtriangolo rosso\u00bb.<\/p>\n\n\n\n<p class=\"has-text-align-center\">__________________________<\/p>\n\n\n\n<p><strong>Le altre puntate dell\u2019inchiesta:<\/strong><\/p>\n\n\n\n<p><strong>1 &#8211; <a href=\"https:\/\/www.rassegnastampa-totustuus.it\/cattolica\/?p=311\" target=\"_blank\" rel=\"noreferrer noopener\">Stragi partigiane: il triangolo dei preti<\/a><\/strong><\/p>\n\n\n\n<p><strong>3 &#8211; <a href=\"https:\/\/www.rassegnastampa-totustuus.it\/cattolica\/?p=313\" target=\"_blank\" rel=\"noreferrer noopener\">Ombre rosse in canonica<\/a><\/strong><\/p>\n\n\n\n<p><strong>4 &#8211; <a href=\"https:\/\/www.rassegnastampa-totustuus.it\/cattolica\/?p=314\" target=\"_blank\" rel=\"noreferrer noopener\">E Peppone spar\u00f2 a don Camillo<\/a><\/strong><\/p>\n\n\n\n<p><strong>5 &#8211; <a href=\"https:\/\/www.rassegnastampa-totustuus.it\/cattolica\/?p=315\" target=\"_blank\" rel=\"noreferrer noopener\">Brigate contro il Biancofiore<\/a><\/strong><\/p>\n\n\n\n<p><strong>6 &#8211; <a href=\"https:\/\/www.rassegnastampa-totustuus.it\/cattolica\/?p=316\" target=\"_blank\" rel=\"noreferrer noopener\">Falce &amp; coppola, la repubblica del Sud<\/a><\/strong><\/p>\n\n\n\n<p><strong>7 &#8211; <a href=\"https:\/\/www.rassegnastampa-totustuus.it\/cattolica\/?p=317\" target=\"_blank\" rel=\"noreferrer noopener\">La resistenza cannibale<\/a><\/strong><\/p>\n\n\n\n<p><strong>8 &#8211; <a href=\"https:\/\/www.rassegnastampa-totustuus.it\/cattolica\/?p=318\" target=\"_blank\" rel=\"noreferrer noopener\">Quei preti martiri del 18 aprile<\/a><\/strong><\/p>\n\n\n\n<p><b>Nota:<\/b> <strong><i>Leggi anche<\/i><\/strong><\/p>\n\n\n\n<p><strong><i><a href=\"https:\/\/www.rassegnastampa-totustuus.it\/cattolica\/?p=1063\" target=\"_blank\" rel=\"noreferrer noopener\">Dimenticati<\/a> <\/i><\/strong><i>Paolo De Marchi, <strong>Il Timone<\/strong> &#8211; n. 11 Gennaio\/Febbraio 2001<\/i><\/p>\n\n\n\n<p><em>Una pagina rimossa della nostra storia. Centinaia di cattolici, sacerdoti e laici, uccisi dai partigiani comunisti nell&#8217;immediato dopoguerra. In odio alla fede e alla Chiesa. I testimoni tacciono. I libri di testo nascondono la verit\u00e0. Vilt\u00e0, paura o complicit\u00e0?<\/em><i><\/i><\/p>\n","protected":false},"excerpt":{"rendered":"<p>pubblicato su Avvenire del 23 gennaio 2004 INCHIESTA\/2 Ecco la lista ufficiale dei 108 preti italiani uccisi dai militanti comunisti in Emilia e in Istria, ma anche nel Veneto, in Toscana e Piemonte e persino in Calabria Pochissimi avevano un passato fascista e l&#8217;ultimo fu assassinato ben 6 anni dopo la fine della guerra. Fu &hellip; <\/p>\n<p><a class=\"more-link btn\" href=\"https:\/\/www.rassegnastampa-totustuus.it\/cattolica\/partigiani-allassalto-del-don\/\">Continua a leggere<\/a><\/p>\n","protected":false},"author":6,"featured_media":30859,"comment_status":"closed","ping_status":"open","sticky":false,"template":"","format":"standard","meta":{"footnotes":""},"categories":[82,44,100,96],"tags":[866],"class_list":["post-312","post","type-post","status-publish","format-standard","has-post-thumbnail","hentry","category-comunismo-in-italia","category-cristiani-perseguitati","category-resistenza","category-storia-italiana","tag-partigiani","item-wrap"],"yoast_head":"<!-- This site is optimized with the Yoast SEO plugin v27.5 - https:\/\/yoast.com\/product\/yoast-seo-wordpress\/ -->\n<title>Partigiani all&#039;assalto del don - Rassegna Stampa Cattolica<\/title>\n<meta name=\"description\" content=\"Partigiani all&#039;assalto del don; Ecco la lista ufficiale dei 108 preti italiani uccisi dai militanti comunisti non solo in Emilia e in Istria\" \/>\n<meta name=\"robots\" content=\"index, follow, max-snippet:-1, max-image-preview:large, max-video-preview:-1\" \/>\n<link rel=\"canonical\" href=\"https:\/\/www.rassegnastampa-totustuus.it\/cattolica\/partigiani-allassalto-del-don\/\" \/>\n<meta property=\"og:locale\" content=\"it_IT\" \/>\n<meta property=\"og:type\" content=\"article\" \/>\n<meta property=\"og:title\" content=\"Partigiani all&#039;assalto del don - Rassegna Stampa Cattolica\" \/>\n<meta property=\"og:description\" content=\"Partigiani all&#039;assalto del don; Ecco la lista ufficiale dei 108 preti italiani uccisi dai militanti comunisti non solo in Emilia e in Istria\" \/>\n<meta property=\"og:url\" content=\"https:\/\/www.rassegnastampa-totustuus.it\/cattolica\/partigiani-allassalto-del-don\/\" \/>\n<meta property=\"og:site_name\" content=\"Rassegna Stampa Cattolica\" \/>\n<meta property=\"article:publisher\" content=\"https:\/\/www.facebook.com\/rassegnastampacattolica\" \/>\n<meta property=\"article:published_time\" content=\"2005-01-20T17:15:03+00:00\" \/>\n<meta property=\"article:modified_time\" content=\"2025-07-06T15:48:19+00:00\" \/>\n<meta property=\"og:image\" content=\"https:\/\/www.rassegnastampa-totustuus.it\/cattolica\/wp-content\/uploads\/2005\/01\/preti_uccisi_partigiani.png\" \/>\n\t<meta property=\"og:image:width\" content=\"534\" \/>\n\t<meta property=\"og:image:height\" content=\"295\" \/>\n\t<meta property=\"og:image:type\" content=\"image\/png\" \/>\n<meta name=\"author\" content=\"Redazione\" \/>\n<meta name=\"twitter:card\" content=\"summary_large_image\" \/>\n<meta name=\"twitter:creator\" content=\"@rassegnastampa9\" \/>\n<meta name=\"twitter:site\" content=\"@rassegnastampa9\" \/>\n<meta name=\"twitter:label1\" content=\"Scritto da\" \/>\n\t<meta name=\"twitter:data1\" content=\"Redazione\" \/>\n\t<meta name=\"twitter:label2\" content=\"Tempo di lettura stimato\" \/>\n\t<meta name=\"twitter:data2\" content=\"7 minuti\" \/>\n<script type=\"application\/ld+json\" class=\"yoast-schema-graph\">{\"@context\":\"https:\\\/\\\/schema.org\",\"@graph\":[{\"@type\":\"Article\",\"@id\":\"https:\\\/\\\/www.rassegnastampa-totustuus.it\\\/cattolica\\\/partigiani-allassalto-del-don\\\/#article\",\"isPartOf\":{\"@id\":\"https:\\\/\\\/www.rassegnastampa-totustuus.it\\\/cattolica\\\/partigiani-allassalto-del-don\\\/\"},\"author\":{\"name\":\"Redazione\",\"@id\":\"https:\\\/\\\/www.rassegnastampa-totustuus.it\\\/cattolica\\\/#\\\/schema\\\/person\\\/08f319d2bd1a0904ad9e2bfb7b15e5c3\"},\"headline\":\"Partigiani all&#8217;assalto del don\",\"datePublished\":\"2005-01-20T17:15:03+00:00\",\"dateModified\":\"2025-07-06T15:48:19+00:00\",\"mainEntityOfPage\":{\"@id\":\"https:\\\/\\\/www.rassegnastampa-totustuus.it\\\/cattolica\\\/partigiani-allassalto-del-don\\\/\"},\"wordCount\":1039,\"publisher\":{\"@id\":\"https:\\\/\\\/www.rassegnastampa-totustuus.it\\\/cattolica\\\/#organization\"},\"image\":{\"@id\":\"https:\\\/\\\/www.rassegnastampa-totustuus.it\\\/cattolica\\\/partigiani-allassalto-del-don\\\/#primaryimage\"},\"thumbnailUrl\":\"https:\\\/\\\/www.rassegnastampa-totustuus.it\\\/cattolica\\\/wp-content\\\/uploads\\\/2005\\\/01\\\/preti_uccisi_partigiani.png\",\"keywords\":[\"partigiani\"],\"articleSection\":[\"Comunismo in Italia\",\"Cristiani perseguitati\",\"Resistenza\",\"Storia italiana\"],\"inLanguage\":\"it-IT\"},{\"@type\":\"WebPage\",\"@id\":\"https:\\\/\\\/www.rassegnastampa-totustuus.it\\\/cattolica\\\/partigiani-allassalto-del-don\\\/\",\"url\":\"https:\\\/\\\/www.rassegnastampa-totustuus.it\\\/cattolica\\\/partigiani-allassalto-del-don\\\/\",\"name\":\"Partigiani all'assalto del don - Rassegna Stampa Cattolica\",\"isPartOf\":{\"@id\":\"https:\\\/\\\/www.rassegnastampa-totustuus.it\\\/cattolica\\\/#website\"},\"primaryImageOfPage\":{\"@id\":\"https:\\\/\\\/www.rassegnastampa-totustuus.it\\\/cattolica\\\/partigiani-allassalto-del-don\\\/#primaryimage\"},\"image\":{\"@id\":\"https:\\\/\\\/www.rassegnastampa-totustuus.it\\\/cattolica\\\/partigiani-allassalto-del-don\\\/#primaryimage\"},\"thumbnailUrl\":\"https:\\\/\\\/www.rassegnastampa-totustuus.it\\\/cattolica\\\/wp-content\\\/uploads\\\/2005\\\/01\\\/preti_uccisi_partigiani.png\",\"datePublished\":\"2005-01-20T17:15:03+00:00\",\"dateModified\":\"2025-07-06T15:48:19+00:00\",\"description\":\"Partigiani all'assalto del don; Ecco la lista ufficiale dei 108 preti italiani uccisi dai militanti comunisti non solo in Emilia e in Istria\",\"breadcrumb\":{\"@id\":\"https:\\\/\\\/www.rassegnastampa-totustuus.it\\\/cattolica\\\/partigiani-allassalto-del-don\\\/#breadcrumb\"},\"inLanguage\":\"it-IT\",\"potentialAction\":[{\"@type\":\"ReadAction\",\"target\":[\"https:\\\/\\\/www.rassegnastampa-totustuus.it\\\/cattolica\\\/partigiani-allassalto-del-don\\\/\"]}]},{\"@type\":\"ImageObject\",\"inLanguage\":\"it-IT\",\"@id\":\"https:\\\/\\\/www.rassegnastampa-totustuus.it\\\/cattolica\\\/partigiani-allassalto-del-don\\\/#primaryimage\",\"url\":\"https:\\\/\\\/www.rassegnastampa-totustuus.it\\\/cattolica\\\/wp-content\\\/uploads\\\/2005\\\/01\\\/preti_uccisi_partigiani.png\",\"contentUrl\":\"https:\\\/\\\/www.rassegnastampa-totustuus.it\\\/cattolica\\\/wp-content\\\/uploads\\\/2005\\\/01\\\/preti_uccisi_partigiani.png\",\"width\":534,\"height\":295},{\"@type\":\"BreadcrumbList\",\"@id\":\"https:\\\/\\\/www.rassegnastampa-totustuus.it\\\/cattolica\\\/partigiani-allassalto-del-don\\\/#breadcrumb\",\"itemListElement\":[{\"@type\":\"ListItem\",\"position\":1,\"name\":\"Home\",\"item\":\"https:\\\/\\\/www.rassegnastampa-totustuus.it\\\/cattolica\\\/\"},{\"@type\":\"ListItem\",\"position\":2,\"name\":\"Partigiani all&#8217;assalto del don\"}]},{\"@type\":\"WebSite\",\"@id\":\"https:\\\/\\\/www.rassegnastampa-totustuus.it\\\/cattolica\\\/#website\",\"url\":\"https:\\\/\\\/www.rassegnastampa-totustuus.it\\\/cattolica\\\/\",\"name\":\"Rassegna Stampa Cattolica\",\"description\":\"Per una cultura che nasce dalla Rivelazione cristiana in conformit\u00e0 alla tradizione e al Magistero della Chiesa in opposizione ad ogni relativismo e totalitarismo\",\"publisher\":{\"@id\":\"https:\\\/\\\/www.rassegnastampa-totustuus.it\\\/cattolica\\\/#organization\"},\"alternateName\":\"Rass. Cattolica\",\"potentialAction\":[{\"@type\":\"SearchAction\",\"target\":{\"@type\":\"EntryPoint\",\"urlTemplate\":\"https:\\\/\\\/www.rassegnastampa-totustuus.it\\\/cattolica\\\/?s={search_term_string}\"},\"query-input\":{\"@type\":\"PropertyValueSpecification\",\"valueRequired\":true,\"valueName\":\"search_term_string\"}}],\"inLanguage\":\"it-IT\"},{\"@type\":\"Organization\",\"@id\":\"https:\\\/\\\/www.rassegnastampa-totustuus.it\\\/cattolica\\\/#organization\",\"name\":\"Rassegna Stampa Cattolica\",\"url\":\"https:\\\/\\\/www.rassegnastampa-totustuus.it\\\/cattolica\\\/\",\"logo\":{\"@type\":\"ImageObject\",\"inLanguage\":\"it-IT\",\"@id\":\"https:\\\/\\\/www.rassegnastampa-totustuus.it\\\/cattolica\\\/#\\\/schema\\\/logo\\\/image\\\/\",\"url\":\"https:\\\/\\\/www.rassegnastampa-totustuus.it\\\/cattolica\\\/wp-content\\\/uploads\\\/2014\\\/04\\\/logo-rassegna1.gif\",\"contentUrl\":\"https:\\\/\\\/www.rassegnastampa-totustuus.it\\\/cattolica\\\/wp-content\\\/uploads\\\/2014\\\/04\\\/logo-rassegna1.gif\",\"width\":600,\"height\":163,\"caption\":\"Rassegna Stampa Cattolica\"},\"image\":{\"@id\":\"https:\\\/\\\/www.rassegnastampa-totustuus.it\\\/cattolica\\\/#\\\/schema\\\/logo\\\/image\\\/\"},\"sameAs\":[\"https:\\\/\\\/www.facebook.com\\\/rassegnastampacattolica\",\"https:\\\/\\\/x.com\\\/rassegnastampa9\"]},{\"@type\":\"Person\",\"@id\":\"https:\\\/\\\/www.rassegnastampa-totustuus.it\\\/cattolica\\\/#\\\/schema\\\/person\\\/08f319d2bd1a0904ad9e2bfb7b15e5c3\",\"name\":\"Redazione\",\"image\":{\"@type\":\"ImageObject\",\"inLanguage\":\"it-IT\",\"@id\":\"https:\\\/\\\/secure.gravatar.com\\\/avatar\\\/2fcdf27c78ea025fbdb44e914cc63c72249ffec9dc8aafd5c82b26240ef3f346?s=96&d=mm&r=g\",\"url\":\"https:\\\/\\\/secure.gravatar.com\\\/avatar\\\/2fcdf27c78ea025fbdb44e914cc63c72249ffec9dc8aafd5c82b26240ef3f346?s=96&d=mm&r=g\",\"contentUrl\":\"https:\\\/\\\/secure.gravatar.com\\\/avatar\\\/2fcdf27c78ea025fbdb44e914cc63c72249ffec9dc8aafd5c82b26240ef3f346?s=96&d=mm&r=g\",\"caption\":\"Redazione\"},\"url\":\"https:\\\/\\\/www.rassegnastampa-totustuus.it\\\/cattolica\\\/author\\\/pietroelle\\\/\"}]}<\/script>\n<!-- \/ Yoast SEO plugin. -->","yoast_head_json":{"title":"Partigiani all'assalto del don - Rassegna Stampa Cattolica","description":"Partigiani all'assalto del don; Ecco la lista ufficiale dei 108 preti italiani uccisi dai militanti comunisti non solo in Emilia e in Istria","robots":{"index":"index","follow":"follow","max-snippet":"max-snippet:-1","max-image-preview":"max-image-preview:large","max-video-preview":"max-video-preview:-1"},"canonical":"https:\/\/www.rassegnastampa-totustuus.it\/cattolica\/partigiani-allassalto-del-don\/","og_locale":"it_IT","og_type":"article","og_title":"Partigiani all'assalto del don - Rassegna Stampa Cattolica","og_description":"Partigiani all'assalto del don; Ecco la lista ufficiale dei 108 preti italiani uccisi dai militanti comunisti non solo in Emilia e in Istria","og_url":"https:\/\/www.rassegnastampa-totustuus.it\/cattolica\/partigiani-allassalto-del-don\/","og_site_name":"Rassegna Stampa Cattolica","article_publisher":"https:\/\/www.facebook.com\/rassegnastampacattolica","article_published_time":"2005-01-20T17:15:03+00:00","article_modified_time":"2025-07-06T15:48:19+00:00","og_image":[{"width":534,"height":295,"url":"https:\/\/www.rassegnastampa-totustuus.it\/cattolica\/wp-content\/uploads\/2005\/01\/preti_uccisi_partigiani.png","type":"image\/png"}],"author":"Redazione","twitter_card":"summary_large_image","twitter_creator":"@rassegnastampa9","twitter_site":"@rassegnastampa9","twitter_misc":{"Scritto da":"Redazione","Tempo di lettura stimato":"7 minuti"},"schema":{"@context":"https:\/\/schema.org","@graph":[{"@type":"Article","@id":"https:\/\/www.rassegnastampa-totustuus.it\/cattolica\/partigiani-allassalto-del-don\/#article","isPartOf":{"@id":"https:\/\/www.rassegnastampa-totustuus.it\/cattolica\/partigiani-allassalto-del-don\/"},"author":{"name":"Redazione","@id":"https:\/\/www.rassegnastampa-totustuus.it\/cattolica\/#\/schema\/person\/08f319d2bd1a0904ad9e2bfb7b15e5c3"},"headline":"Partigiani all&#8217;assalto del don","datePublished":"2005-01-20T17:15:03+00:00","dateModified":"2025-07-06T15:48:19+00:00","mainEntityOfPage":{"@id":"https:\/\/www.rassegnastampa-totustuus.it\/cattolica\/partigiani-allassalto-del-don\/"},"wordCount":1039,"publisher":{"@id":"https:\/\/www.rassegnastampa-totustuus.it\/cattolica\/#organization"},"image":{"@id":"https:\/\/www.rassegnastampa-totustuus.it\/cattolica\/partigiani-allassalto-del-don\/#primaryimage"},"thumbnailUrl":"https:\/\/www.rassegnastampa-totustuus.it\/cattolica\/wp-content\/uploads\/2005\/01\/preti_uccisi_partigiani.png","keywords":["partigiani"],"articleSection":["Comunismo in Italia","Cristiani perseguitati","Resistenza","Storia italiana"],"inLanguage":"it-IT"},{"@type":"WebPage","@id":"https:\/\/www.rassegnastampa-totustuus.it\/cattolica\/partigiani-allassalto-del-don\/","url":"https:\/\/www.rassegnastampa-totustuus.it\/cattolica\/partigiani-allassalto-del-don\/","name":"Partigiani all'assalto del don - Rassegna Stampa Cattolica","isPartOf":{"@id":"https:\/\/www.rassegnastampa-totustuus.it\/cattolica\/#website"},"primaryImageOfPage":{"@id":"https:\/\/www.rassegnastampa-totustuus.it\/cattolica\/partigiani-allassalto-del-don\/#primaryimage"},"image":{"@id":"https:\/\/www.rassegnastampa-totustuus.it\/cattolica\/partigiani-allassalto-del-don\/#primaryimage"},"thumbnailUrl":"https:\/\/www.rassegnastampa-totustuus.it\/cattolica\/wp-content\/uploads\/2005\/01\/preti_uccisi_partigiani.png","datePublished":"2005-01-20T17:15:03+00:00","dateModified":"2025-07-06T15:48:19+00:00","description":"Partigiani all'assalto del don; Ecco la lista ufficiale dei 108 preti italiani uccisi dai militanti comunisti non solo in Emilia e in Istria","breadcrumb":{"@id":"https:\/\/www.rassegnastampa-totustuus.it\/cattolica\/partigiani-allassalto-del-don\/#breadcrumb"},"inLanguage":"it-IT","potentialAction":[{"@type":"ReadAction","target":["https:\/\/www.rassegnastampa-totustuus.it\/cattolica\/partigiani-allassalto-del-don\/"]}]},{"@type":"ImageObject","inLanguage":"it-IT","@id":"https:\/\/www.rassegnastampa-totustuus.it\/cattolica\/partigiani-allassalto-del-don\/#primaryimage","url":"https:\/\/www.rassegnastampa-totustuus.it\/cattolica\/wp-content\/uploads\/2005\/01\/preti_uccisi_partigiani.png","contentUrl":"https:\/\/www.rassegnastampa-totustuus.it\/cattolica\/wp-content\/uploads\/2005\/01\/preti_uccisi_partigiani.png","width":534,"height":295},{"@type":"BreadcrumbList","@id":"https:\/\/www.rassegnastampa-totustuus.it\/cattolica\/partigiani-allassalto-del-don\/#breadcrumb","itemListElement":[{"@type":"ListItem","position":1,"name":"Home","item":"https:\/\/www.rassegnastampa-totustuus.it\/cattolica\/"},{"@type":"ListItem","position":2,"name":"Partigiani all&#8217;assalto del don"}]},{"@type":"WebSite","@id":"https:\/\/www.rassegnastampa-totustuus.it\/cattolica\/#website","url":"https:\/\/www.rassegnastampa-totustuus.it\/cattolica\/","name":"Rassegna Stampa Cattolica","description":"Per una cultura che nasce dalla Rivelazione cristiana in conformit\u00e0 alla tradizione e al Magistero della Chiesa in opposizione ad ogni relativismo e totalitarismo","publisher":{"@id":"https:\/\/www.rassegnastampa-totustuus.it\/cattolica\/#organization"},"alternateName":"Rass. Cattolica","potentialAction":[{"@type":"SearchAction","target":{"@type":"EntryPoint","urlTemplate":"https:\/\/www.rassegnastampa-totustuus.it\/cattolica\/?s={search_term_string}"},"query-input":{"@type":"PropertyValueSpecification","valueRequired":true,"valueName":"search_term_string"}}],"inLanguage":"it-IT"},{"@type":"Organization","@id":"https:\/\/www.rassegnastampa-totustuus.it\/cattolica\/#organization","name":"Rassegna Stampa Cattolica","url":"https:\/\/www.rassegnastampa-totustuus.it\/cattolica\/","logo":{"@type":"ImageObject","inLanguage":"it-IT","@id":"https:\/\/www.rassegnastampa-totustuus.it\/cattolica\/#\/schema\/logo\/image\/","url":"https:\/\/www.rassegnastampa-totustuus.it\/cattolica\/wp-content\/uploads\/2014\/04\/logo-rassegna1.gif","contentUrl":"https:\/\/www.rassegnastampa-totustuus.it\/cattolica\/wp-content\/uploads\/2014\/04\/logo-rassegna1.gif","width":600,"height":163,"caption":"Rassegna Stampa Cattolica"},"image":{"@id":"https:\/\/www.rassegnastampa-totustuus.it\/cattolica\/#\/schema\/logo\/image\/"},"sameAs":["https:\/\/www.facebook.com\/rassegnastampacattolica","https:\/\/x.com\/rassegnastampa9"]},{"@type":"Person","@id":"https:\/\/www.rassegnastampa-totustuus.it\/cattolica\/#\/schema\/person\/08f319d2bd1a0904ad9e2bfb7b15e5c3","name":"Redazione","image":{"@type":"ImageObject","inLanguage":"it-IT","@id":"https:\/\/secure.gravatar.com\/avatar\/2fcdf27c78ea025fbdb44e914cc63c72249ffec9dc8aafd5c82b26240ef3f346?s=96&d=mm&r=g","url":"https:\/\/secure.gravatar.com\/avatar\/2fcdf27c78ea025fbdb44e914cc63c72249ffec9dc8aafd5c82b26240ef3f346?s=96&d=mm&r=g","contentUrl":"https:\/\/secure.gravatar.com\/avatar\/2fcdf27c78ea025fbdb44e914cc63c72249ffec9dc8aafd5c82b26240ef3f346?s=96&d=mm&r=g","caption":"Redazione"},"url":"https:\/\/www.rassegnastampa-totustuus.it\/cattolica\/author\/pietroelle\/"}]}},"_links":{"self":[{"href":"https:\/\/www.rassegnastampa-totustuus.it\/cattolica\/wp-json\/wp\/v2\/posts\/312","targetHints":{"allow":["GET"]}}],"collection":[{"href":"https:\/\/www.rassegnastampa-totustuus.it\/cattolica\/wp-json\/wp\/v2\/posts"}],"about":[{"href":"https:\/\/www.rassegnastampa-totustuus.it\/cattolica\/wp-json\/wp\/v2\/types\/post"}],"author":[{"embeddable":true,"href":"https:\/\/www.rassegnastampa-totustuus.it\/cattolica\/wp-json\/wp\/v2\/users\/6"}],"replies":[{"embeddable":true,"href":"https:\/\/www.rassegnastampa-totustuus.it\/cattolica\/wp-json\/wp\/v2\/comments?post=312"}],"version-history":[{"count":8,"href":"https:\/\/www.rassegnastampa-totustuus.it\/cattolica\/wp-json\/wp\/v2\/posts\/312\/revisions"}],"predecessor-version":[{"id":62971,"href":"https:\/\/www.rassegnastampa-totustuus.it\/cattolica\/wp-json\/wp\/v2\/posts\/312\/revisions\/62971"}],"wp:featuredmedia":[{"embeddable":true,"href":"https:\/\/www.rassegnastampa-totustuus.it\/cattolica\/wp-json\/wp\/v2\/media\/30859"}],"wp:attachment":[{"href":"https:\/\/www.rassegnastampa-totustuus.it\/cattolica\/wp-json\/wp\/v2\/media?parent=312"}],"wp:term":[{"taxonomy":"category","embeddable":true,"href":"https:\/\/www.rassegnastampa-totustuus.it\/cattolica\/wp-json\/wp\/v2\/categories?post=312"},{"taxonomy":"post_tag","embeddable":true,"href":"https:\/\/www.rassegnastampa-totustuus.it\/cattolica\/wp-json\/wp\/v2\/tags?post=312"}],"curies":[{"name":"wp","href":"https:\/\/api.w.org\/{rel}","templated":true}]}}