{"id":31122,"date":"2016-03-03T00:00:03","date_gmt":"2016-03-02T23:00:03","guid":{"rendered":"http:\/\/www.rassegnastampa-totustuus.it\/cattolica\/?p=31122"},"modified":"2016-02-29T09:51:41","modified_gmt":"2016-02-29T08:51:41","slug":"meno-neonati-e-piu-anziani-questo-e-il-futuro","status":"publish","type":"post","link":"https:\/\/www.rassegnastampa-totustuus.it\/cattolica\/meno-neonati-e-piu-anziani-questo-e-il-futuro\/","title":{"rendered":"Meno neonati e pi\u00f9 anziani Questo \u00e8 il futuro"},"content":{"rendered":"<p style=\"text-align: center;\"><strong><a href=\"https:\/\/www.rassegnastampa-totustuus.it\/cattolica\/wp-content\/uploads\/2016\/02\/culle_vuote.jpg\"><img loading=\"lazy\" decoding=\"async\" class=\"alignright wp-image-31123\" src=\"https:\/\/www.rassegnastampa-totustuus.it\/cattolica\/wp-content\/uploads\/2016\/02\/culle_vuote.jpg\" alt=\"culle_vuote\" width=\"240\" height=\"155\" \/><\/a>La Nuova Bussola quotidiana<\/strong><\/p>\n<p style=\"text-align: center;\">21 febbraio 2016<\/p>\n<p style=\"text-align: center;\">di <strong>Tommaso Scandroglio<\/strong><\/p>\n<p style=\"text-align: justify;\">Si nasce di meno, si vive di pi\u00f9 e si muore di meno. Questa, in sintesi, l\u2019istantanea scattata dall\u2019Istat su nascite e decessi in Italia per l\u2019anno 2014. In particolare, si contano 5.000 culle vuote in pi\u00f9 e 4.000 bare in meno rispetto all\u2019anno precedente. I nati sono stati 509mila e i morti 597mila. Il tasso di natalit\u00e0 continua a scendere: nel 2014 siamo arrivati a 1,39 figli per donna, quando il tasso di sopravvivenza per un Paese dovrebbe essere di 2,1.<\/p>\n<p style=\"text-align: justify;\"><!--more--><\/p>\n<p style=\"text-align: justify;\"><strong>Tale trend negativo secondo l\u2019Istat \u00e8 ovviamente <\/strong>\u00abinsufficiente a garantire il necessario ricambio generazionale\u00bb. Questo accade anche perch\u00e9 l\u2019et\u00e0 media in cui una donna diventa per la prima volta mamma sale, arrivando quasi a 32 anni. Si allunga poi la vita media. Gli uomini superano di poco gli 80 anni, le donne arrivano quasi a 85. Cresce inoltre il numero di stranieri in Italia. Questi ormai sono l\u20198,3% della popolazione. Nonostante siano quindi meno di un decimo degli italiani, il 19% dei neonati \u00e8 figlio di una straniera. Ci\u00f2 a dire che un quinto dell\u2019ultimissima generazione che vede la luce sul suolo italico vanta almeno un genitore straniero. Gli islamici ci colonizzeranno senza sparare un colpo, ma a suon di nascite.<\/p>\n<p style=\"text-align: justify;\"><strong>Lo scenario futuro \u00e8 a tinte fosche: sempre meno italiani, sempre pi\u00f9 stranieri <\/strong>e quindi sempre meno cattolici, uno stivale che comunque, nonostante l\u2019iniezione di nuovi immigrati, da una parte si svuoter\u00e0 e dall\u2019altra vedr\u00e0 come abitanti un gruppo sempre pi\u00f9 longevo di anziani. Pochi, ma vecchi, verrebbe da chiosare. Perch\u00e9 gli italiani nutrono poca propensione a fare figli? In primis \u00e8 da ricordare che se fosse proibito l\u2019aborto, avremmo un incremento delle nascite tra il 20 e il 25%, senza poi contare i moltissimi aborti prodotti da pilloline varie. Altro che incentivi economici per la natalit\u00e0. Servirebbero disincentivi giuridici all\u2019aborto se si avesse a cuore davvero il futuro dell\u2019Italia.<\/p>\n<p style=\"text-align: justify;\"><strong>In secondo luogo \u00e8 da rilevare che <\/strong><strong>il figlio \u2013 sempre pi\u00f9 progettato e sempre meno accolto \u2013 <\/strong>\u00e8 l\u2019esito di un rapporto che si deve sentire solido. Se il rapporto \u00e8 quello matrimoniale questo si concretizza sempre pi\u00f9 in l\u00e0 nel tempo e le donne a 30-35 non sono cos\u00ec fertili come a 20-25. Senza poi contare che la generazione femminile attuale \u00e8 cresciuta a pane e contraccettivi orali e l\u2019efficacia contraccettiva di questi ultimi, anche se non pi\u00f9 assunti, continua nel tempo compromettendo spesso molte speranze di diventare genitori.<\/p>\n<p style=\"text-align: justify;\"><strong>Se invece il rapporto affettivo si assesta sulla convivenza anche questa sar\u00e0 idonea ad accogliere <\/strong>il figlio solo dopo molti anni. C\u2019\u00e8 poi da rilevare che la tendenza a sposarsi sempre meno e a convivere sempre pi\u00f9 incide anche su alcuni aspetti legati alla natalit\u00e0. I nati all\u2019interno del matrimonio scendono nel corso degli anni: nel 2014 sono stati 363.916, circa 100mila in meno rispetto al 2008. Di contro crescono i nati da genitori non coniugati: oltre 138mila nel 2014, quasi 26mila in pi\u00f9 del 2008. Questi sono il 27,6% del totale delle nascite. Ci\u00f2 accade sia perch\u00e9 il numero di matrimoni diminuiscono sia perch\u00e9, nella percezione collettiva, matrimonio e convivenza pari sono, anche sotto il profilo della genitorialit\u00e0, perch\u00e9 \u201clove is love\u201d, il resto \u00e8 solo sovrastruttura formale.<\/p>\n<p style=\"text-align: justify;\"><strong>Altro motivo della scarsit\u00e0 di fiocchi azzurri \u00e8 rosa fa riferimento a come i coniugi e i conviventi intendono<\/strong> <strong>la vita a due.<\/strong> Non pi\u00f9 donazione gratuita, bens\u00ec costituzione di una s.p.a in cui ogni partner mette una propria quota e si aspetta, da l\u00ec a poco, di incassare molti utili in termini di felicit\u00e0, soddisfazioni personali e benessere. In questa prospettiva individualistica, dove la coppia \u00e8 la somma aritmetica di due monadi e non una sola carne, il figlio \u00e8 un rischio, un investimento ad alto tasso di incertezza, un titolo sospetto di essere tossico perch\u00e9 sottrae risorse, tempo e spazi. Quindi bene avere il figlio, ma pensandoci a fondo, con prudenza e non pi\u00f9 di uno, al massimo uno e mezzo. L\u2019abbandono poi della pratica di fede mina in radice la propensione alla maternit\u00e0 e paternit\u00e0. Il futuro, visto senza pi\u00f9 gli occhiali della Provvidenza, appare in un orizzonte solo umano come minaccioso e gravido di incertezze.<\/p>\n<p style=\"text-align: justify;\"><strong>Il figlio non viene pi\u00f9 inteso come dono, ma come diritto ad arredare la propria esistenza <\/strong>umana con un bel beb\u00e8. La secolarizzazione incide poi sui comportamenti morali: sessualit\u00e0 sregolata che porta a gravidanze impreviste e quindi rifiutate, piena accettazione di contraccezione e aborto, mancanza di maturit\u00e0 personale che fa slittare il momento di decisioni importanti come sposarsi o diventare madri e padri, rifiuto dell\u2019indissolubilit\u00e0 del matrimonio e precariet\u00e0 dei rapporti personali che rendono difficile far nascere nel cuore delle persone il desiderio di mettere al mondo un bambino, che necessita come ovvio di rapporti stabili e duraturi.<\/p>\n<p style=\"text-align: justify;\">Cosa ci salver\u00e0 da questo deserto demografico? Ma ovviamente le coppie omosessuali, le uniche oggi che pare non abbiano in testa altro che \u201csposarsi\u201d e fare figli.<\/p>\n","protected":false},"excerpt":{"rendered":"<p>La Nuova Bussola quotidiana 21 febbraio 2016 di Tommaso Scandroglio Si nasce di meno, si vive di pi\u00f9 e si muore di meno. Questa, in sintesi, l\u2019istantanea scattata dall\u2019Istat su nascite e decessi in Italia per l\u2019anno 2014. In particolare, si contano 5.000 culle vuote in pi\u00f9 e 4.000 bare in meno rispetto all\u2019anno precedente. &hellip; <\/p>\n<p><a class=\"more-link btn\" href=\"https:\/\/www.rassegnastampa-totustuus.it\/cattolica\/meno-neonati-e-piu-anziani-questo-e-il-futuro\/\">Continua a leggere<\/a><\/p>\n","protected":false},"author":6,"featured_media":31123,"comment_status":"closed","ping_status":"closed","sticky":false,"template":"","format":"standard","meta":{"footnotes":""},"categories":[9],"tags":[1261],"class_list":["post-31122","post","type-post","status-publish","format-standard","has-post-thumbnail","hentry","category-demografia","tag-denatalita","item-wrap"],"yoast_head":"<!-- This site is optimized with the Yoast SEO plugin v27.5 - https:\/\/yoast.com\/product\/yoast-seo-wordpress\/ -->\n<title>Meno neonati e pi\u00f9 anziani Questo \u00e8 il futuro - Rassegna Stampa Cattolica<\/title>\n<meta name=\"description\" content=\"Rassegna Stampa Cattolica - Per una cultura che nasce dalla Rivelazione cristiana in conformit\u00e0 alla tradizione e al Magistero della Chiesa in opposizione ad ogni relativismo e totalitarismo\" \/>\n<meta name=\"robots\" content=\"index, follow, max-snippet:-1, max-image-preview:large, max-video-preview:-1\" \/>\n<link rel=\"canonical\" href=\"https:\/\/www.rassegnastampa-totustuus.it\/cattolica\/meno-neonati-e-piu-anziani-questo-e-il-futuro\/\" \/>\n<meta property=\"og:locale\" content=\"it_IT\" \/>\n<meta property=\"og:type\" content=\"article\" \/>\n<meta property=\"og:title\" content=\"Meno neonati e pi\u00f9 anziani Questo \u00e8 il futuro - Rassegna Stampa Cattolica\" \/>\n<meta property=\"og:description\" content=\"Rassegna Stampa Cattolica - Per una cultura che nasce dalla Rivelazione cristiana in conformit\u00e0 alla tradizione e al Magistero della Chiesa in opposizione ad ogni relativismo e totalitarismo\" \/>\n<meta property=\"og:url\" content=\"https:\/\/www.rassegnastampa-totustuus.it\/cattolica\/meno-neonati-e-piu-anziani-questo-e-il-futuro\/\" \/>\n<meta property=\"og:site_name\" content=\"Rassegna Stampa Cattolica\" \/>\n<meta property=\"article:publisher\" content=\"https:\/\/www.facebook.com\/rassegnastampacattolica\" \/>\n<meta property=\"article:published_time\" content=\"2016-03-02T23:00:03+00:00\" \/>\n<meta property=\"og:image\" content=\"https:\/\/www.rassegnastampa-totustuus.it\/cattolica\/wp-content\/uploads\/2016\/02\/culle_vuote.jpg\" \/>\n\t<meta property=\"og:image:width\" content=\"279\" \/>\n\t<meta property=\"og:image:height\" content=\"180\" \/>\n\t<meta property=\"og:image:type\" content=\"image\/jpeg\" \/>\n<meta name=\"author\" content=\"Redazione\" \/>\n<meta name=\"twitter:card\" content=\"summary_large_image\" \/>\n<meta name=\"twitter:creator\" content=\"@rassegnastampa9\" \/>\n<meta name=\"twitter:site\" content=\"@rassegnastampa9\" \/>\n<meta name=\"twitter:label1\" content=\"Scritto da\" \/>\n\t<meta name=\"twitter:data1\" content=\"Redazione\" \/>\n\t<meta name=\"twitter:label2\" content=\"Tempo di lettura stimato\" \/>\n\t<meta name=\"twitter:data2\" content=\"4 minuti\" \/>\n<script type=\"application\/ld+json\" class=\"yoast-schema-graph\">{\"@context\":\"https:\\\/\\\/schema.org\",\"@graph\":[{\"@type\":\"Article\",\"@id\":\"https:\\\/\\\/www.rassegnastampa-totustuus.it\\\/cattolica\\\/meno-neonati-e-piu-anziani-questo-e-il-futuro\\\/#article\",\"isPartOf\":{\"@id\":\"https:\\\/\\\/www.rassegnastampa-totustuus.it\\\/cattolica\\\/meno-neonati-e-piu-anziani-questo-e-il-futuro\\\/\"},\"author\":{\"name\":\"Redazione\",\"@id\":\"https:\\\/\\\/www.rassegnastampa-totustuus.it\\\/cattolica\\\/#\\\/schema\\\/person\\\/08f319d2bd1a0904ad9e2bfb7b15e5c3\"},\"headline\":\"Meno neonati e pi\u00f9 anziani Questo \u00e8 il futuro\",\"datePublished\":\"2016-03-02T23:00:03+00:00\",\"mainEntityOfPage\":{\"@id\":\"https:\\\/\\\/www.rassegnastampa-totustuus.it\\\/cattolica\\\/meno-neonati-e-piu-anziani-questo-e-il-futuro\\\/\"},\"wordCount\":820,\"publisher\":{\"@id\":\"https:\\\/\\\/www.rassegnastampa-totustuus.it\\\/cattolica\\\/#organization\"},\"image\":{\"@id\":\"https:\\\/\\\/www.rassegnastampa-totustuus.it\\\/cattolica\\\/meno-neonati-e-piu-anziani-questo-e-il-futuro\\\/#primaryimage\"},\"thumbnailUrl\":\"https:\\\/\\\/www.rassegnastampa-totustuus.it\\\/cattolica\\\/wp-content\\\/uploads\\\/2016\\\/02\\\/culle_vuote.jpg\",\"keywords\":[\"denatalit\u00e0\"],\"articleSection\":[\"Demografia\"],\"inLanguage\":\"it-IT\"},{\"@type\":\"WebPage\",\"@id\":\"https:\\\/\\\/www.rassegnastampa-totustuus.it\\\/cattolica\\\/meno-neonati-e-piu-anziani-questo-e-il-futuro\\\/\",\"url\":\"https:\\\/\\\/www.rassegnastampa-totustuus.it\\\/cattolica\\\/meno-neonati-e-piu-anziani-questo-e-il-futuro\\\/\",\"name\":\"Meno neonati e pi\u00f9 anziani Questo \u00e8 il futuro - Rassegna Stampa Cattolica\",\"isPartOf\":{\"@id\":\"https:\\\/\\\/www.rassegnastampa-totustuus.it\\\/cattolica\\\/#website\"},\"primaryImageOfPage\":{\"@id\":\"https:\\\/\\\/www.rassegnastampa-totustuus.it\\\/cattolica\\\/meno-neonati-e-piu-anziani-questo-e-il-futuro\\\/#primaryimage\"},\"image\":{\"@id\":\"https:\\\/\\\/www.rassegnastampa-totustuus.it\\\/cattolica\\\/meno-neonati-e-piu-anziani-questo-e-il-futuro\\\/#primaryimage\"},\"thumbnailUrl\":\"https:\\\/\\\/www.rassegnastampa-totustuus.it\\\/cattolica\\\/wp-content\\\/uploads\\\/2016\\\/02\\\/culle_vuote.jpg\",\"datePublished\":\"2016-03-02T23:00:03+00:00\",\"description\":\"Rassegna Stampa Cattolica - Per una cultura che nasce dalla Rivelazione cristiana in conformit\u00e0 alla tradizione e al Magistero della Chiesa in opposizione ad ogni relativismo e totalitarismo\",\"breadcrumb\":{\"@id\":\"https:\\\/\\\/www.rassegnastampa-totustuus.it\\\/cattolica\\\/meno-neonati-e-piu-anziani-questo-e-il-futuro\\\/#breadcrumb\"},\"inLanguage\":\"it-IT\",\"potentialAction\":[{\"@type\":\"ReadAction\",\"target\":[\"https:\\\/\\\/www.rassegnastampa-totustuus.it\\\/cattolica\\\/meno-neonati-e-piu-anziani-questo-e-il-futuro\\\/\"]}]},{\"@type\":\"ImageObject\",\"inLanguage\":\"it-IT\",\"@id\":\"https:\\\/\\\/www.rassegnastampa-totustuus.it\\\/cattolica\\\/meno-neonati-e-piu-anziani-questo-e-il-futuro\\\/#primaryimage\",\"url\":\"https:\\\/\\\/www.rassegnastampa-totustuus.it\\\/cattolica\\\/wp-content\\\/uploads\\\/2016\\\/02\\\/culle_vuote.jpg\",\"contentUrl\":\"https:\\\/\\\/www.rassegnastampa-totustuus.it\\\/cattolica\\\/wp-content\\\/uploads\\\/2016\\\/02\\\/culle_vuote.jpg\",\"width\":279,\"height\":180},{\"@type\":\"BreadcrumbList\",\"@id\":\"https:\\\/\\\/www.rassegnastampa-totustuus.it\\\/cattolica\\\/meno-neonati-e-piu-anziani-questo-e-il-futuro\\\/#breadcrumb\",\"itemListElement\":[{\"@type\":\"ListItem\",\"position\":1,\"name\":\"Home\",\"item\":\"https:\\\/\\\/www.rassegnastampa-totustuus.it\\\/cattolica\\\/\"},{\"@type\":\"ListItem\",\"position\":2,\"name\":\"Meno neonati e pi\u00f9 anziani Questo \u00e8 il futuro\"}]},{\"@type\":\"WebSite\",\"@id\":\"https:\\\/\\\/www.rassegnastampa-totustuus.it\\\/cattolica\\\/#website\",\"url\":\"https:\\\/\\\/www.rassegnastampa-totustuus.it\\\/cattolica\\\/\",\"name\":\"Rassegna Stampa Cattolica\",\"description\":\"Per una cultura che nasce dalla Rivelazione cristiana in conformit\u00e0 alla tradizione e al Magistero della Chiesa in opposizione ad ogni relativismo e totalitarismo\",\"publisher\":{\"@id\":\"https:\\\/\\\/www.rassegnastampa-totustuus.it\\\/cattolica\\\/#organization\"},\"alternateName\":\"Rass. Cattolica\",\"potentialAction\":[{\"@type\":\"SearchAction\",\"target\":{\"@type\":\"EntryPoint\",\"urlTemplate\":\"https:\\\/\\\/www.rassegnastampa-totustuus.it\\\/cattolica\\\/?s={search_term_string}\"},\"query-input\":{\"@type\":\"PropertyValueSpecification\",\"valueRequired\":true,\"valueName\":\"search_term_string\"}}],\"inLanguage\":\"it-IT\"},{\"@type\":\"Organization\",\"@id\":\"https:\\\/\\\/www.rassegnastampa-totustuus.it\\\/cattolica\\\/#organization\",\"name\":\"Rassegna Stampa Cattolica\",\"url\":\"https:\\\/\\\/www.rassegnastampa-totustuus.it\\\/cattolica\\\/\",\"logo\":{\"@type\":\"ImageObject\",\"inLanguage\":\"it-IT\",\"@id\":\"https:\\\/\\\/www.rassegnastampa-totustuus.it\\\/cattolica\\\/#\\\/schema\\\/logo\\\/image\\\/\",\"url\":\"https:\\\/\\\/www.rassegnastampa-totustuus.it\\\/cattolica\\\/wp-content\\\/uploads\\\/2014\\\/04\\\/logo-rassegna1.gif\",\"contentUrl\":\"https:\\\/\\\/www.rassegnastampa-totustuus.it\\\/cattolica\\\/wp-content\\\/uploads\\\/2014\\\/04\\\/logo-rassegna1.gif\",\"width\":600,\"height\":163,\"caption\":\"Rassegna Stampa Cattolica\"},\"image\":{\"@id\":\"https:\\\/\\\/www.rassegnastampa-totustuus.it\\\/cattolica\\\/#\\\/schema\\\/logo\\\/image\\\/\"},\"sameAs\":[\"https:\\\/\\\/www.facebook.com\\\/rassegnastampacattolica\",\"https:\\\/\\\/x.com\\\/rassegnastampa9\"]},{\"@type\":\"Person\",\"@id\":\"https:\\\/\\\/www.rassegnastampa-totustuus.it\\\/cattolica\\\/#\\\/schema\\\/person\\\/08f319d2bd1a0904ad9e2bfb7b15e5c3\",\"name\":\"Redazione\",\"image\":{\"@type\":\"ImageObject\",\"inLanguage\":\"it-IT\",\"@id\":\"https:\\\/\\\/secure.gravatar.com\\\/avatar\\\/2fcdf27c78ea025fbdb44e914cc63c72249ffec9dc8aafd5c82b26240ef3f346?s=96&d=mm&r=g\",\"url\":\"https:\\\/\\\/secure.gravatar.com\\\/avatar\\\/2fcdf27c78ea025fbdb44e914cc63c72249ffec9dc8aafd5c82b26240ef3f346?s=96&d=mm&r=g\",\"contentUrl\":\"https:\\\/\\\/secure.gravatar.com\\\/avatar\\\/2fcdf27c78ea025fbdb44e914cc63c72249ffec9dc8aafd5c82b26240ef3f346?s=96&d=mm&r=g\",\"caption\":\"Redazione\"},\"url\":\"https:\\\/\\\/www.rassegnastampa-totustuus.it\\\/cattolica\\\/author\\\/pietroelle\\\/\"}]}<\/script>\n<!-- \/ Yoast SEO plugin. -->","yoast_head_json":{"title":"Meno neonati e pi\u00f9 anziani Questo \u00e8 il futuro - Rassegna Stampa Cattolica","description":"Rassegna Stampa Cattolica - Per una cultura che nasce dalla Rivelazione cristiana in conformit\u00e0 alla tradizione e al Magistero della Chiesa in opposizione ad ogni relativismo e totalitarismo","robots":{"index":"index","follow":"follow","max-snippet":"max-snippet:-1","max-image-preview":"max-image-preview:large","max-video-preview":"max-video-preview:-1"},"canonical":"https:\/\/www.rassegnastampa-totustuus.it\/cattolica\/meno-neonati-e-piu-anziani-questo-e-il-futuro\/","og_locale":"it_IT","og_type":"article","og_title":"Meno neonati e pi\u00f9 anziani Questo \u00e8 il futuro - Rassegna Stampa Cattolica","og_description":"Rassegna Stampa Cattolica - Per una cultura che nasce dalla Rivelazione cristiana in conformit\u00e0 alla tradizione e al Magistero della Chiesa in opposizione ad ogni relativismo e totalitarismo","og_url":"https:\/\/www.rassegnastampa-totustuus.it\/cattolica\/meno-neonati-e-piu-anziani-questo-e-il-futuro\/","og_site_name":"Rassegna Stampa Cattolica","article_publisher":"https:\/\/www.facebook.com\/rassegnastampacattolica","article_published_time":"2016-03-02T23:00:03+00:00","og_image":[{"width":279,"height":180,"url":"https:\/\/www.rassegnastampa-totustuus.it\/cattolica\/wp-content\/uploads\/2016\/02\/culle_vuote.jpg","type":"image\/jpeg"}],"author":"Redazione","twitter_card":"summary_large_image","twitter_creator":"@rassegnastampa9","twitter_site":"@rassegnastampa9","twitter_misc":{"Scritto da":"Redazione","Tempo di lettura stimato":"4 minuti"},"schema":{"@context":"https:\/\/schema.org","@graph":[{"@type":"Article","@id":"https:\/\/www.rassegnastampa-totustuus.it\/cattolica\/meno-neonati-e-piu-anziani-questo-e-il-futuro\/#article","isPartOf":{"@id":"https:\/\/www.rassegnastampa-totustuus.it\/cattolica\/meno-neonati-e-piu-anziani-questo-e-il-futuro\/"},"author":{"name":"Redazione","@id":"https:\/\/www.rassegnastampa-totustuus.it\/cattolica\/#\/schema\/person\/08f319d2bd1a0904ad9e2bfb7b15e5c3"},"headline":"Meno neonati e pi\u00f9 anziani Questo \u00e8 il futuro","datePublished":"2016-03-02T23:00:03+00:00","mainEntityOfPage":{"@id":"https:\/\/www.rassegnastampa-totustuus.it\/cattolica\/meno-neonati-e-piu-anziani-questo-e-il-futuro\/"},"wordCount":820,"publisher":{"@id":"https:\/\/www.rassegnastampa-totustuus.it\/cattolica\/#organization"},"image":{"@id":"https:\/\/www.rassegnastampa-totustuus.it\/cattolica\/meno-neonati-e-piu-anziani-questo-e-il-futuro\/#primaryimage"},"thumbnailUrl":"https:\/\/www.rassegnastampa-totustuus.it\/cattolica\/wp-content\/uploads\/2016\/02\/culle_vuote.jpg","keywords":["denatalit\u00e0"],"articleSection":["Demografia"],"inLanguage":"it-IT"},{"@type":"WebPage","@id":"https:\/\/www.rassegnastampa-totustuus.it\/cattolica\/meno-neonati-e-piu-anziani-questo-e-il-futuro\/","url":"https:\/\/www.rassegnastampa-totustuus.it\/cattolica\/meno-neonati-e-piu-anziani-questo-e-il-futuro\/","name":"Meno neonati e pi\u00f9 anziani Questo \u00e8 il futuro - Rassegna Stampa Cattolica","isPartOf":{"@id":"https:\/\/www.rassegnastampa-totustuus.it\/cattolica\/#website"},"primaryImageOfPage":{"@id":"https:\/\/www.rassegnastampa-totustuus.it\/cattolica\/meno-neonati-e-piu-anziani-questo-e-il-futuro\/#primaryimage"},"image":{"@id":"https:\/\/www.rassegnastampa-totustuus.it\/cattolica\/meno-neonati-e-piu-anziani-questo-e-il-futuro\/#primaryimage"},"thumbnailUrl":"https:\/\/www.rassegnastampa-totustuus.it\/cattolica\/wp-content\/uploads\/2016\/02\/culle_vuote.jpg","datePublished":"2016-03-02T23:00:03+00:00","description":"Rassegna Stampa Cattolica - Per una cultura che nasce dalla Rivelazione cristiana in conformit\u00e0 alla tradizione e al Magistero della Chiesa in opposizione ad ogni relativismo e totalitarismo","breadcrumb":{"@id":"https:\/\/www.rassegnastampa-totustuus.it\/cattolica\/meno-neonati-e-piu-anziani-questo-e-il-futuro\/#breadcrumb"},"inLanguage":"it-IT","potentialAction":[{"@type":"ReadAction","target":["https:\/\/www.rassegnastampa-totustuus.it\/cattolica\/meno-neonati-e-piu-anziani-questo-e-il-futuro\/"]}]},{"@type":"ImageObject","inLanguage":"it-IT","@id":"https:\/\/www.rassegnastampa-totustuus.it\/cattolica\/meno-neonati-e-piu-anziani-questo-e-il-futuro\/#primaryimage","url":"https:\/\/www.rassegnastampa-totustuus.it\/cattolica\/wp-content\/uploads\/2016\/02\/culle_vuote.jpg","contentUrl":"https:\/\/www.rassegnastampa-totustuus.it\/cattolica\/wp-content\/uploads\/2016\/02\/culle_vuote.jpg","width":279,"height":180},{"@type":"BreadcrumbList","@id":"https:\/\/www.rassegnastampa-totustuus.it\/cattolica\/meno-neonati-e-piu-anziani-questo-e-il-futuro\/#breadcrumb","itemListElement":[{"@type":"ListItem","position":1,"name":"Home","item":"https:\/\/www.rassegnastampa-totustuus.it\/cattolica\/"},{"@type":"ListItem","position":2,"name":"Meno neonati e pi\u00f9 anziani Questo \u00e8 il futuro"}]},{"@type":"WebSite","@id":"https:\/\/www.rassegnastampa-totustuus.it\/cattolica\/#website","url":"https:\/\/www.rassegnastampa-totustuus.it\/cattolica\/","name":"Rassegna Stampa Cattolica","description":"Per una cultura che nasce dalla Rivelazione cristiana in conformit\u00e0 alla tradizione e al Magistero della Chiesa in opposizione ad ogni relativismo e totalitarismo","publisher":{"@id":"https:\/\/www.rassegnastampa-totustuus.it\/cattolica\/#organization"},"alternateName":"Rass. Cattolica","potentialAction":[{"@type":"SearchAction","target":{"@type":"EntryPoint","urlTemplate":"https:\/\/www.rassegnastampa-totustuus.it\/cattolica\/?s={search_term_string}"},"query-input":{"@type":"PropertyValueSpecification","valueRequired":true,"valueName":"search_term_string"}}],"inLanguage":"it-IT"},{"@type":"Organization","@id":"https:\/\/www.rassegnastampa-totustuus.it\/cattolica\/#organization","name":"Rassegna Stampa Cattolica","url":"https:\/\/www.rassegnastampa-totustuus.it\/cattolica\/","logo":{"@type":"ImageObject","inLanguage":"it-IT","@id":"https:\/\/www.rassegnastampa-totustuus.it\/cattolica\/#\/schema\/logo\/image\/","url":"https:\/\/www.rassegnastampa-totustuus.it\/cattolica\/wp-content\/uploads\/2014\/04\/logo-rassegna1.gif","contentUrl":"https:\/\/www.rassegnastampa-totustuus.it\/cattolica\/wp-content\/uploads\/2014\/04\/logo-rassegna1.gif","width":600,"height":163,"caption":"Rassegna Stampa Cattolica"},"image":{"@id":"https:\/\/www.rassegnastampa-totustuus.it\/cattolica\/#\/schema\/logo\/image\/"},"sameAs":["https:\/\/www.facebook.com\/rassegnastampacattolica","https:\/\/x.com\/rassegnastampa9"]},{"@type":"Person","@id":"https:\/\/www.rassegnastampa-totustuus.it\/cattolica\/#\/schema\/person\/08f319d2bd1a0904ad9e2bfb7b15e5c3","name":"Redazione","image":{"@type":"ImageObject","inLanguage":"it-IT","@id":"https:\/\/secure.gravatar.com\/avatar\/2fcdf27c78ea025fbdb44e914cc63c72249ffec9dc8aafd5c82b26240ef3f346?s=96&d=mm&r=g","url":"https:\/\/secure.gravatar.com\/avatar\/2fcdf27c78ea025fbdb44e914cc63c72249ffec9dc8aafd5c82b26240ef3f346?s=96&d=mm&r=g","contentUrl":"https:\/\/secure.gravatar.com\/avatar\/2fcdf27c78ea025fbdb44e914cc63c72249ffec9dc8aafd5c82b26240ef3f346?s=96&d=mm&r=g","caption":"Redazione"},"url":"https:\/\/www.rassegnastampa-totustuus.it\/cattolica\/author\/pietroelle\/"}]}},"_links":{"self":[{"href":"https:\/\/www.rassegnastampa-totustuus.it\/cattolica\/wp-json\/wp\/v2\/posts\/31122","targetHints":{"allow":["GET"]}}],"collection":[{"href":"https:\/\/www.rassegnastampa-totustuus.it\/cattolica\/wp-json\/wp\/v2\/posts"}],"about":[{"href":"https:\/\/www.rassegnastampa-totustuus.it\/cattolica\/wp-json\/wp\/v2\/types\/post"}],"author":[{"embeddable":true,"href":"https:\/\/www.rassegnastampa-totustuus.it\/cattolica\/wp-json\/wp\/v2\/users\/6"}],"replies":[{"embeddable":true,"href":"https:\/\/www.rassegnastampa-totustuus.it\/cattolica\/wp-json\/wp\/v2\/comments?post=31122"}],"version-history":[{"count":1,"href":"https:\/\/www.rassegnastampa-totustuus.it\/cattolica\/wp-json\/wp\/v2\/posts\/31122\/revisions"}],"predecessor-version":[{"id":31124,"href":"https:\/\/www.rassegnastampa-totustuus.it\/cattolica\/wp-json\/wp\/v2\/posts\/31122\/revisions\/31124"}],"wp:featuredmedia":[{"embeddable":true,"href":"https:\/\/www.rassegnastampa-totustuus.it\/cattolica\/wp-json\/wp\/v2\/media\/31123"}],"wp:attachment":[{"href":"https:\/\/www.rassegnastampa-totustuus.it\/cattolica\/wp-json\/wp\/v2\/media?parent=31122"}],"wp:term":[{"taxonomy":"category","embeddable":true,"href":"https:\/\/www.rassegnastampa-totustuus.it\/cattolica\/wp-json\/wp\/v2\/categories?post=31122"},{"taxonomy":"post_tag","embeddable":true,"href":"https:\/\/www.rassegnastampa-totustuus.it\/cattolica\/wp-json\/wp\/v2\/tags?post=31122"}],"curies":[{"name":"wp","href":"https:\/\/api.w.org\/{rel}","templated":true}]}}