{"id":311,"date":"2005-01-20T18:12:26","date_gmt":"2005-01-20T17:12:26","guid":{"rendered":""},"modified":"2025-07-06T17:55:15","modified_gmt":"2025-07-06T15:55:15","slug":"stragi-partigiane-il-triangolo-dei-preti","status":"publish","type":"post","link":"https:\/\/www.rassegnastampa-totustuus.it\/cattolica\/stragi-partigiane-il-triangolo-dei-preti\/","title":{"rendered":"Stragi partigiane: il triangolo dei preti"},"content":{"rendered":"\n<p class=\"has-text-align-center\">pubblicato su<a href=\"https:\/\/www.avvenire.it\/\" target=\"_blank\" rel=\"noreferrer noopener\"> <strong>Avvenire<\/strong><\/a> del 20 gennaio 2004<\/p>\n\n\n\n<p><span style=\"color: #000000;\"><strong>INCHIESTA\/1<\/strong> <em>Tornano alla ribalta gli eccidi di sacerdoti e credenti da parte dei partigiani &#8220;rossi&#8221; subito dopo la guerra<\/em><\/span><\/p>\n\n\n\n<p class=\"has-text-align-center\"><span style=\"color: #000000;\">di &nbsp;<strong>Roberto Beretta<\/strong><\/span><\/p>\n\n\n\n<p><span style=\"color: #000000;\"><em>Non solo Pansa e Mieli: molti studi locali, ma ancora poco serena la valutazione storica dei misfatti di quel periodo E a volte nemmeno i cattolici ricordano i loro martiri<\/em><\/span><\/p>\n\n\n<div class=\"wp-block-image\">\n<figure class=\"aligncenter size-full\"><a href=\"https:\/\/www.rassegnastampa-totustuus.it\/cattolica\/wp-content\/uploads\/2005\/01\/triangolo-rosso.jpg\"><img loading=\"lazy\" decoding=\"async\" width=\"446\" height=\"275\" src=\"https:\/\/www.rassegnastampa-totustuus.it\/cattolica\/wp-content\/uploads\/2005\/01\/triangolo-rosso.jpg\" alt=\"\" class=\"wp-image-30855\" srcset=\"https:\/\/www.rassegnastampa-totustuus.it\/cattolica\/wp-content\/uploads\/2005\/01\/triangolo-rosso.jpg 446w, https:\/\/www.rassegnastampa-totustuus.it\/cattolica\/wp-content\/uploads\/2005\/01\/triangolo-rosso-300x184.jpg 300w\" sizes=\"auto, (max-width: 446px) 100vw, 446px\" \/><\/a><\/figure><\/div>\n\n\n<!--more-->\n\n\n\n<p><span style=\"color: #000000;\"><\/span><wp-block data-block=\"core\/more\"><\/wp-block><span style=\"color: #000000;\">\u00abOgni proda \u00e8 cimitero, in Emilia e dappertutto\u00bb. Lo scriveva un prete &#8220;di sinistra&#8221; come don Primo Mazzolari. E per molti anni, dopo la guerra, tra i comunisti della pianura padana si sent\u00ec il sacrilego motteggio, ogniqualvolta capitasse un <em>d\u00e9jeuner sur l&#8217;herbe<\/em> con lambrusco e salami: \u00abNon mettere la mano per terra, potrebbe morderti!\u00bb&#8230;<\/span><\/p>\n\n\n<div class=\"wp-block-image\">\n<figure class=\"aligncenter is-resized\"><a href=\"https:\/\/www.rassegnastampa-totustuus.it\/cattolica\/wp-content\/uploads\/2005\/01\/preti_assassinati.jpg\"><img loading=\"lazy\" decoding=\"async\" width=\"220\" height=\"161\" src=\"https:\/\/www.rassegnastampa-totustuus.it\/cattolica\/wp-content\/uploads\/2005\/01\/preti_assassinati.jpg\" alt=\"\" class=\"wp-image-33269\" style=\"width:340px;height:auto\"\/><\/a><figcaption class=\"wp-element-caption\"><span style=\"color: #000000;\">due sacerdoti assassinati<\/span><\/figcaption><\/figure><\/div>\n\n\n<p><span style=\"color: #000000;\">Anche l&#8217;Italia ha avuto il suo triangolo delle Bermude: un \u00abtriangolo rosso\u00bb, come un segno di pericolo, che negli anni della \u00abguerra civile\u00bb talvolta inghiott\u00ec le sue vittime senza pi\u00f9 risputarne neppure le ossa; se non dopo anni, o decenni. Un \u00abtriangolo rosso\u00bb anche perch\u00e9 annaffiato col \u00absangue dei vinti\u00bb e &#8211; tra questi &#8211; molti cattolici e molti preti. L&#8217;ha scritto anche Giampaolo Pansa nel suo recente best seller sul \u00absangue dei vinti\u00bb, appunto: \u00abPrete uguale a borghese uguale a fascista: per molti, era un&#8217;equazione convincente&#8230;<\/span><\/p>\n\n\n\n<p><span style=\"color: #000000;\">Stava davvero cominciando un&#8217;altra guerra civile. E a tutto campo: partigiani comunisti contro preti, padroni e democristiani\u00bb. L&#8217;ha ribadito recentemente Paolo Mieli: \u00abIl numero di preti fatti fuori in quegli anni perch\u00e9 vicini alla Democrazia cristiana \u00e8 davvero incredibile. Don Pessina, don Galletti, don Donati e tanti altri: non c&#8217;entravano nulla con i fascisti, al massimo avevano benedetto qualche salma di fascista ucciso, forse aiutavano la Dc a raccogliere voti&#8230; La verit\u00e0 \u00e8 che furono uccisi da comunisti e che nessun assassino fu denunciato dal Pci. Ci\u00f2 potr\u00e0 un giorno essere serenamente studiato? Io spero di s\u00ec\u00bb.<\/span><\/p>\n\n\n<div class=\"wp-block-image\">\n<figure class=\"aligncenter\"><a href=\"https:\/\/www.rassegnastampa-totustuus.it\/cattolica\/wp-content\/uploads\/2005\/01\/preti_uccisi_partigiani.png\"><img loading=\"lazy\" decoding=\"async\" width=\"300\" height=\"165\" src=\"https:\/\/www.rassegnastampa-totustuus.it\/cattolica\/wp-content\/uploads\/2005\/01\/preti_uccisi_partigiani-300x165.png\" alt=\"\" class=\"wp-image-30859\" srcset=\"https:\/\/www.rassegnastampa-totustuus.it\/cattolica\/wp-content\/uploads\/2005\/01\/preti_uccisi_partigiani-300x165.png 300w, https:\/\/www.rassegnastampa-totustuus.it\/cattolica\/wp-content\/uploads\/2005\/01\/preti_uccisi_partigiani.png 534w\" sizes=\"auto, (max-width: 300px) 100vw, 300px\" \/><\/a><\/figure><\/div>\n\n\n<p><span style=\"color: #000000;\">Il giorno non dev&#8217;essere ancora giunto, tuttavia, se il livore e la cecit\u00e0 ideologica raggiungono tuttora i livelli d&#8217;accanimento degli infamanti, bestiali commenti di alcuni lettori a un articolo di Paolo De Marchi apparso su Internet e dedicato ai sacerdoti uccisi nell&#8217;immediato dopoguerra: \u00abNe hanno uccisi pochi!\u00bb, scrive uno; e un secondo: \u00abI sacerdoti ne fanno di tutti i colori da centinaia di anni, che sar\u00e0 mai se ne hanno ammazzato qualcuno.<\/span><\/p>\n\n\n\n<p><span style=\"color: #000000;\">Durante la guerra poi alcuni hanno chiacchierato troppo e hanno mandato gente alla forca che faceva resistenza\u00bb; infine: \u00abSarebbe utile capire il perch\u00e9 di quelle &#8220;uccisioni&#8221; (tra virgolette nell&#8217;originale, <em>ndr<\/em>), il motivo per cui partigiani (comunisti e cattolici) uccisero esponenti del mondo cattolico, soprattutto durante il periodo di guerra e nel periodo successivo. In guerra ci ha portato il governo fascista, contro la Francia e l&#8217;Inghilterra come nella campagna di Russia&#8230; Chi \u00e8 responsabile di tutti quei morti se non il governo fascista??? Chi ha taciuto forse \u00e8 parimenti responsabile ed in primo luogo chi ha taciuto erano proprio i preti collusi con un regime totalitario che con i valori cristiani aveva poco, anzi niente da spartire\u00bb.<\/span><\/p>\n\n\n<div class=\"wp-block-image\">\n<figure class=\"aligncenter\"><a href=\"https:\/\/www.rassegnastampa-totustuus.it\/cattolica\/wp-content\/uploads\/2006\/01\/Rolando_Rivi.jpg\"><img loading=\"lazy\" decoding=\"async\" width=\"223\" height=\"226\" src=\"https:\/\/www.rassegnastampa-totustuus.it\/cattolica\/wp-content\/uploads\/2006\/01\/Rolando_Rivi.jpg\" alt=\"\" class=\"wp-image-32257\"\/><\/a><\/figure><\/div>\n\n\n<p><span style=\"color: #000000;\">Gi\u00e0: la colpa \u00e8 comunque dei \u00abfascisti\u00bb&#8230; Ma &#8211; certo &#8211; finora nemmeno i cattolici hanno fatto abbastanza per \u00abstudiare serenamente\u00bb i loro martiri nel \u00abtriangolo rosso\u00bb o comunque i sacerdoti e i credenti uccisi nella post-Resistenza. Dopo la guerra, per esempio, intorno al vescovo di Reggio Emilia Beniamino Socche (non a caso contestato perch\u00e9 troppo anti-comunista) si radun\u00f2 un comitato per erigere un monumento commemorativo, una sorta di cippo al \u00abprete ignoto\u00bb (in realt\u00e0 ben noto, tuttavia&#8230;): ma l&#8217;iniziativa non riusc\u00ec a trovare esito. Anche alcuni coraggiosi memoriali, stampati negli anni Quaranta e Cinquanta (vedi box), lo furono sempre presso editrici minori, assimilati alla stampa \u00abapologetica\u00bb o comunque ideologica e senza troppa diffusione.<\/span><\/p>\n\n\n<div class=\"wp-block-image\">\n<figure class=\"aligncenter\"><a href=\"https:\/\/www.rassegnastampa-totustuus.it\/cattolica\/wp-content\/uploads\/2005\/01\/martelli_cover.jpg\"><img loading=\"lazy\" decoding=\"async\" width=\"187\" height=\"270\" src=\"https:\/\/www.rassegnastampa-totustuus.it\/cattolica\/wp-content\/uploads\/2005\/01\/martelli_cover.jpg\" alt=\"\" class=\"wp-image-46370\"\/><\/a><\/figure><\/div>\n\n\n<p><span style=\"color: #000000;\">Ancora nel 1982 un sacerdote e storico imolese, don Mino Martelli, che aveva pubblicato una sua ricerca documentatissima e precisa (<em>Una guerra e due resistenze<\/em>, Paoline 1976) ancorch\u00e9 quasi ignorata dai cattolici e vituperata dai comunisti, sent\u00ec definire \u00abinsensato e provocatorio\u00bb l&#8217;intervento in cui ricordava i martiri cattolici durante un dibattito sulla Resistenza. E replic\u00f2 sul giornale locale: \u00abBenedetti compagni comunisti, imborghesiti ma ancora irrimediabilmente staliniani, che vedono sempre in chi dissente dalle loro idee un insensato provocatore, se non proprio un &#8220;nemico del popolo&#8221; da eliminare! Beati e miti agnellini, primi della classe del partigianesimo nostrano, ma, a mio &#8220;insensato e provocatorio&#8221; parere, del tutto fuori dall&#8217;orbita resistenziale!<\/span><\/p>\n\n\n\n<p><span style=\"color: #000000;\">I partigiani comunisti innocui e umanitari, indulgenti e idealisti nell&#8217;ottica staliniana, mai torsero un capello ad alcuno. Non hanno mai odiato e mai razziato, mai minacciato, mai terrorizzato, mai torturato neppure un passerotto. Spedirono solo in Paradiso con un bel rosario di piombo durante e dopo la guerra, presumibilmente 110 sacerdoti, l&#8217;ultimo dei quali nel 1951 per via diretta dalla Toscana\u2026 A quanto mi consta n\u00e9 i partigiani democristiani (80.000 in Italia), n\u00e9 i repubblicani, n\u00e9 i socialisti, n\u00e9 i liberali hanno continuato a sparare dopo la guerra. Solo i comunisti &#8211; non tutti per fortuna &#8211; hanno abbondantemente e impunemente ucciso anche nel dopo guerra e fino al 1951\u00bb.<\/span><\/p>\n\n\n<div class=\"wp-block-image\">\n<figure class=\"aligncenter\"><a href=\"https:\/\/www.rassegnastampa-totustuus.it\/cattolica\/wp-content\/uploads\/2010\/02\/partigiani.jpg\"><img loading=\"lazy\" decoding=\"async\" width=\"195\" height=\"259\" src=\"https:\/\/www.rassegnastampa-totustuus.it\/cattolica\/wp-content\/uploads\/2010\/02\/partigiani.jpg\" alt=\"\" class=\"wp-image-46311\"\/><\/a><\/figure><\/div>\n\n\n<p><span style=\"color: #000000;\">Ma neppure oggi, anno decimoquinto della caduta del Muro di Berlino, l&#8217;argomento dei morti cattolici del dopoguerra sembra pi\u00f9 frequentato di ieri. Basta cliccare su Internet il nome di qualcuna delle 110 tonache insanguinate nella \u00abguerra civile\u00bb per vedersi apparire solo poche citazioni, spesso col marchio di una rievocazione della Repubblica sociale, oppure sotto la sigla di un partito di gran destra. E i cattolici?<\/span><\/p>\n\n\n\n<p><span style=\"color: #000000;\">\u00c8 pur vero che per alcuni dei martiri &#8211; vedi il sindacalista bolognese \u00abbianco\u00bb Giuseppe Fanin &#8211; \u00e8 aperto il processo di beatificazione; \u00e8 ancora vero che certuni dei sacerdoti uccisi hanno avuto l&#8217;onore di commemorazioni e pubblicazioni almeno nei luoghi d&#8217;origine; ma si tratta in gran parte di iniziative solo locali. Lo stesso fiammante libro dello storico friulano Marco Pirina <em>1945-1947 Guerra civile. La rivoluzione rossa<\/em>, nel quale si parla anche degli assassinii di preti, \u00e8 stampato da un Centro studi periferico come il \u00abSilentes loquimur\u00bb di Pordenone.<\/span><\/p>\n\n\n<div class=\"wp-block-image\">\n<figure class=\"aligncenter\"><a href=\"https:\/\/www.rassegnastampa-totustuus.it\/cattolica\/wp-content\/uploads\/2009\/03\/No_comunismo.jpg\"><img loading=\"lazy\" decoding=\"async\" width=\"251\" height=\"201\" src=\"https:\/\/www.rassegnastampa-totustuus.it\/cattolica\/wp-content\/uploads\/2009\/03\/No_comunismo.jpg\" alt=\"\" class=\"wp-image-33791\"\/><\/a><\/figure><\/div>\n\n\n<p><span style=\"color: #000000;\">Nessuno &#8211; a quanto consta &#8211; ha seguito l&#8217;esempio del cardinale Giacomo Biffi, che nel 50\u00b0 della Liberazione (1994) promosse una serie di celebrazioni nelle parrocchie dei trucidati bolognesi. Con tutte le meritorie e doverose rievocazioni dei martiri di ogni causa e religione, cui oggi la Chiesa offre albergo, possibile che non ci sia posto per un <em>Sangue dei vinti<\/em> solo cristiano?<\/span><\/p>\n\n\n\n<p class=\"has-text-align-center\">____________________________________________<\/p>\n\n\n\n<p><strong>Le altre puntate dell\u2019inchiesta:<\/strong><\/p>\n\n\n\n<p><strong>2 &#8211; <a href=\"https:\/\/www.rassegnastampa-totustuus.it\/cattolica\/?p=312\" target=\"_blank\" rel=\"noreferrer noopener\">Partigiani all\u2019assalto del don<\/a><\/strong><\/p>\n\n\n\n<p><strong>3 &#8211; <a href=\"https:\/\/www.rassegnastampa-totustuus.it\/cattolica\/?p=313\" target=\"_blank\" rel=\"noreferrer noopener\">Ombre rosse in canonica<\/a><\/strong><\/p>\n\n\n\n<p><strong>4 &#8211; <a href=\"https:\/\/www.rassegnastampa-totustuus.it\/cattolica\/?p=314\" target=\"_blank\" rel=\"noreferrer noopener\">E Peppone spar\u00f2 a don Camillo<\/a><\/strong><\/p>\n\n\n\n<p><strong>5 &#8211; <a href=\"https:\/\/www.rassegnastampa-totustuus.it\/cattolica\/?p=315\" target=\"_blank\" rel=\"noreferrer noopener\">Brigate contro il Biancofiore<\/a><\/strong><\/p>\n\n\n\n<p><strong>6 &#8211; <a href=\"https:\/\/www.rassegnastampa-totustuus.it\/cattolica\/?p=316\" target=\"_blank\" rel=\"noreferrer noopener\">Falce &amp; coppola, la repubblica del Sud<\/a><\/strong><\/p>\n\n\n\n<p><strong>7 &#8211; <a href=\"https:\/\/www.rassegnastampa-totustuus.it\/cattolica\/?p=317\" target=\"_blank\" rel=\"noreferrer noopener\">La resistenza cannibale<\/a><\/strong><\/p>\n\n\n\n<p><strong>8 &#8211; <a href=\"https:\/\/www.rassegnastampa-totustuus.it\/cattolica\/?p=318\" target=\"_blank\" rel=\"noreferrer noopener\">Quei preti martiri del 18 aprile<\/a><\/strong><\/p>\n\n\n\n<p><strong>Nota:<\/strong> <strong><em>Leggi anche:<\/em><\/strong><\/p>\n\n\n\n<p><strong><em><a href=\"https:\/\/www.rassegnastampa-totustuus.it\/cattolica\/?p=1063\" target=\"_blank\" rel=\"noreferrer noopener\">Dimenticati<\/a> <\/em><\/strong><em>Paolo De Marchi, <strong>Il Timone<\/strong> &#8211; n. 11 Gennaio\/Febbraio 2001<\/em><\/p>\n\n\n\n<p><em>Una pagina rimossa della nostra storia. Centinaia di cattolici, sacerdoti e laici, uccisi dai partigiani comunisti nell&#8217;immediato dopoguerra. In odio alla fede e alla Chiesa. I testimoni tacciono. I libri di testo nascondono la verit\u00e0. Vilt\u00e0, paura o complicit\u00e0?<\/em><\/p>\n","protected":false},"excerpt":{"rendered":"<p>pubblicato su Avvenire del 20 gennaio 2004 INCHIESTA\/1 Tornano alla ribalta gli eccidi di sacerdoti e credenti da parte dei partigiani &#8220;rossi&#8221; subito dopo la guerra di &nbsp;Roberto Beretta Non solo Pansa e Mieli: molti studi locali, ma ancora poco serena la valutazione storica dei misfatti di quel periodo E a volte nemmeno i cattolici &hellip; <\/p>\n<p><a class=\"more-link btn\" href=\"https:\/\/www.rassegnastampa-totustuus.it\/cattolica\/stragi-partigiane-il-triangolo-dei-preti\/\">Continua a leggere<\/a><\/p>\n","protected":false},"author":6,"featured_media":30855,"comment_status":"closed","ping_status":"open","sticky":false,"template":"","format":"standard","meta":{"footnotes":""},"categories":[82,44,100,96],"tags":[866],"class_list":["post-311","post","type-post","status-publish","format-standard","has-post-thumbnail","hentry","category-comunismo-in-italia","category-cristiani-perseguitati","category-resistenza","category-storia-italiana","tag-partigiani","item-wrap"],"yoast_head":"<!-- This site is optimized with the Yoast SEO plugin v27.5 - https:\/\/yoast.com\/product\/yoast-seo-wordpress\/ -->\n<title>Stragi partigiane: il triangolo dei preti - Rassegna Stampa Cattolica<\/title>\n<meta name=\"description\" content=\"Stragi partigiane: il triangolo dei preti. Gli eccidi di sacerdoti e credenti da parte dei partigiani &quot;rossi&quot; subito dopo la guerra\" \/>\n<meta name=\"robots\" content=\"index, follow, max-snippet:-1, max-image-preview:large, max-video-preview:-1\" \/>\n<link rel=\"canonical\" href=\"https:\/\/www.rassegnastampa-totustuus.it\/cattolica\/stragi-partigiane-il-triangolo-dei-preti\/\" \/>\n<meta property=\"og:locale\" content=\"it_IT\" \/>\n<meta property=\"og:type\" content=\"article\" \/>\n<meta property=\"og:title\" content=\"Stragi partigiane: il triangolo dei preti - Rassegna Stampa Cattolica\" \/>\n<meta property=\"og:description\" content=\"Stragi partigiane: il triangolo dei preti. Gli eccidi di sacerdoti e credenti da parte dei partigiani &quot;rossi&quot; subito dopo la guerra\" \/>\n<meta property=\"og:url\" content=\"https:\/\/www.rassegnastampa-totustuus.it\/cattolica\/stragi-partigiane-il-triangolo-dei-preti\/\" \/>\n<meta property=\"og:site_name\" content=\"Rassegna Stampa Cattolica\" \/>\n<meta property=\"article:publisher\" content=\"https:\/\/www.facebook.com\/rassegnastampacattolica\" \/>\n<meta property=\"article:published_time\" content=\"2005-01-20T17:12:26+00:00\" \/>\n<meta property=\"article:modified_time\" content=\"2025-07-06T15:55:15+00:00\" \/>\n<meta property=\"og:image\" content=\"https:\/\/www.rassegnastampa-totustuus.it\/cattolica\/wp-content\/uploads\/2005\/01\/triangolo-rosso.jpg\" \/>\n\t<meta property=\"og:image:width\" content=\"446\" \/>\n\t<meta property=\"og:image:height\" content=\"275\" \/>\n\t<meta property=\"og:image:type\" content=\"image\/jpeg\" \/>\n<meta name=\"author\" content=\"Redazione\" \/>\n<meta name=\"twitter:card\" content=\"summary_large_image\" \/>\n<meta name=\"twitter:creator\" content=\"@rassegnastampa9\" \/>\n<meta name=\"twitter:site\" content=\"@rassegnastampa9\" \/>\n<meta name=\"twitter:label1\" content=\"Scritto da\" \/>\n\t<meta name=\"twitter:data1\" content=\"Redazione\" \/>\n\t<meta name=\"twitter:label2\" content=\"Tempo di lettura stimato\" \/>\n\t<meta name=\"twitter:data2\" content=\"8 minuti\" \/>\n<script type=\"application\/ld+json\" class=\"yoast-schema-graph\">{\"@context\":\"https:\\\/\\\/schema.org\",\"@graph\":[{\"@type\":\"Article\",\"@id\":\"https:\\\/\\\/www.rassegnastampa-totustuus.it\\\/cattolica\\\/stragi-partigiane-il-triangolo-dei-preti\\\/#article\",\"isPartOf\":{\"@id\":\"https:\\\/\\\/www.rassegnastampa-totustuus.it\\\/cattolica\\\/stragi-partigiane-il-triangolo-dei-preti\\\/\"},\"author\":{\"name\":\"Redazione\",\"@id\":\"https:\\\/\\\/www.rassegnastampa-totustuus.it\\\/cattolica\\\/#\\\/schema\\\/person\\\/08f319d2bd1a0904ad9e2bfb7b15e5c3\"},\"headline\":\"Stragi partigiane: il triangolo dei preti\",\"datePublished\":\"2005-01-20T17:12:26+00:00\",\"dateModified\":\"2025-07-06T15:55:15+00:00\",\"mainEntityOfPage\":{\"@id\":\"https:\\\/\\\/www.rassegnastampa-totustuus.it\\\/cattolica\\\/stragi-partigiane-il-triangolo-dei-preti\\\/\"},\"wordCount\":1145,\"publisher\":{\"@id\":\"https:\\\/\\\/www.rassegnastampa-totustuus.it\\\/cattolica\\\/#organization\"},\"image\":{\"@id\":\"https:\\\/\\\/www.rassegnastampa-totustuus.it\\\/cattolica\\\/stragi-partigiane-il-triangolo-dei-preti\\\/#primaryimage\"},\"thumbnailUrl\":\"https:\\\/\\\/www.rassegnastampa-totustuus.it\\\/cattolica\\\/wp-content\\\/uploads\\\/2005\\\/01\\\/triangolo-rosso.jpg\",\"keywords\":[\"partigiani\"],\"articleSection\":[\"Comunismo in Italia\",\"Cristiani perseguitati\",\"Resistenza\",\"Storia italiana\"],\"inLanguage\":\"it-IT\"},{\"@type\":\"WebPage\",\"@id\":\"https:\\\/\\\/www.rassegnastampa-totustuus.it\\\/cattolica\\\/stragi-partigiane-il-triangolo-dei-preti\\\/\",\"url\":\"https:\\\/\\\/www.rassegnastampa-totustuus.it\\\/cattolica\\\/stragi-partigiane-il-triangolo-dei-preti\\\/\",\"name\":\"Stragi partigiane: il triangolo dei preti - Rassegna Stampa Cattolica\",\"isPartOf\":{\"@id\":\"https:\\\/\\\/www.rassegnastampa-totustuus.it\\\/cattolica\\\/#website\"},\"primaryImageOfPage\":{\"@id\":\"https:\\\/\\\/www.rassegnastampa-totustuus.it\\\/cattolica\\\/stragi-partigiane-il-triangolo-dei-preti\\\/#primaryimage\"},\"image\":{\"@id\":\"https:\\\/\\\/www.rassegnastampa-totustuus.it\\\/cattolica\\\/stragi-partigiane-il-triangolo-dei-preti\\\/#primaryimage\"},\"thumbnailUrl\":\"https:\\\/\\\/www.rassegnastampa-totustuus.it\\\/cattolica\\\/wp-content\\\/uploads\\\/2005\\\/01\\\/triangolo-rosso.jpg\",\"datePublished\":\"2005-01-20T17:12:26+00:00\",\"dateModified\":\"2025-07-06T15:55:15+00:00\",\"description\":\"Stragi partigiane: il triangolo dei preti. Gli eccidi di sacerdoti e credenti da parte dei partigiani \\\"rossi\\\" subito dopo la guerra\",\"breadcrumb\":{\"@id\":\"https:\\\/\\\/www.rassegnastampa-totustuus.it\\\/cattolica\\\/stragi-partigiane-il-triangolo-dei-preti\\\/#breadcrumb\"},\"inLanguage\":\"it-IT\",\"potentialAction\":[{\"@type\":\"ReadAction\",\"target\":[\"https:\\\/\\\/www.rassegnastampa-totustuus.it\\\/cattolica\\\/stragi-partigiane-il-triangolo-dei-preti\\\/\"]}]},{\"@type\":\"ImageObject\",\"inLanguage\":\"it-IT\",\"@id\":\"https:\\\/\\\/www.rassegnastampa-totustuus.it\\\/cattolica\\\/stragi-partigiane-il-triangolo-dei-preti\\\/#primaryimage\",\"url\":\"https:\\\/\\\/www.rassegnastampa-totustuus.it\\\/cattolica\\\/wp-content\\\/uploads\\\/2005\\\/01\\\/triangolo-rosso.jpg\",\"contentUrl\":\"https:\\\/\\\/www.rassegnastampa-totustuus.it\\\/cattolica\\\/wp-content\\\/uploads\\\/2005\\\/01\\\/triangolo-rosso.jpg\",\"width\":446,\"height\":275},{\"@type\":\"BreadcrumbList\",\"@id\":\"https:\\\/\\\/www.rassegnastampa-totustuus.it\\\/cattolica\\\/stragi-partigiane-il-triangolo-dei-preti\\\/#breadcrumb\",\"itemListElement\":[{\"@type\":\"ListItem\",\"position\":1,\"name\":\"Home\",\"item\":\"https:\\\/\\\/www.rassegnastampa-totustuus.it\\\/cattolica\\\/\"},{\"@type\":\"ListItem\",\"position\":2,\"name\":\"Stragi partigiane: il triangolo dei preti\"}]},{\"@type\":\"WebSite\",\"@id\":\"https:\\\/\\\/www.rassegnastampa-totustuus.it\\\/cattolica\\\/#website\",\"url\":\"https:\\\/\\\/www.rassegnastampa-totustuus.it\\\/cattolica\\\/\",\"name\":\"Rassegna Stampa Cattolica\",\"description\":\"Per una cultura che nasce dalla Rivelazione cristiana in conformit\u00e0 alla tradizione e al Magistero della Chiesa in opposizione ad ogni relativismo e totalitarismo\",\"publisher\":{\"@id\":\"https:\\\/\\\/www.rassegnastampa-totustuus.it\\\/cattolica\\\/#organization\"},\"alternateName\":\"Rass. Cattolica\",\"potentialAction\":[{\"@type\":\"SearchAction\",\"target\":{\"@type\":\"EntryPoint\",\"urlTemplate\":\"https:\\\/\\\/www.rassegnastampa-totustuus.it\\\/cattolica\\\/?s={search_term_string}\"},\"query-input\":{\"@type\":\"PropertyValueSpecification\",\"valueRequired\":true,\"valueName\":\"search_term_string\"}}],\"inLanguage\":\"it-IT\"},{\"@type\":\"Organization\",\"@id\":\"https:\\\/\\\/www.rassegnastampa-totustuus.it\\\/cattolica\\\/#organization\",\"name\":\"Rassegna Stampa Cattolica\",\"url\":\"https:\\\/\\\/www.rassegnastampa-totustuus.it\\\/cattolica\\\/\",\"logo\":{\"@type\":\"ImageObject\",\"inLanguage\":\"it-IT\",\"@id\":\"https:\\\/\\\/www.rassegnastampa-totustuus.it\\\/cattolica\\\/#\\\/schema\\\/logo\\\/image\\\/\",\"url\":\"https:\\\/\\\/www.rassegnastampa-totustuus.it\\\/cattolica\\\/wp-content\\\/uploads\\\/2014\\\/04\\\/logo-rassegna1.gif\",\"contentUrl\":\"https:\\\/\\\/www.rassegnastampa-totustuus.it\\\/cattolica\\\/wp-content\\\/uploads\\\/2014\\\/04\\\/logo-rassegna1.gif\",\"width\":600,\"height\":163,\"caption\":\"Rassegna Stampa Cattolica\"},\"image\":{\"@id\":\"https:\\\/\\\/www.rassegnastampa-totustuus.it\\\/cattolica\\\/#\\\/schema\\\/logo\\\/image\\\/\"},\"sameAs\":[\"https:\\\/\\\/www.facebook.com\\\/rassegnastampacattolica\",\"https:\\\/\\\/x.com\\\/rassegnastampa9\"]},{\"@type\":\"Person\",\"@id\":\"https:\\\/\\\/www.rassegnastampa-totustuus.it\\\/cattolica\\\/#\\\/schema\\\/person\\\/08f319d2bd1a0904ad9e2bfb7b15e5c3\",\"name\":\"Redazione\",\"image\":{\"@type\":\"ImageObject\",\"inLanguage\":\"it-IT\",\"@id\":\"https:\\\/\\\/secure.gravatar.com\\\/avatar\\\/2fcdf27c78ea025fbdb44e914cc63c72249ffec9dc8aafd5c82b26240ef3f346?s=96&d=mm&r=g\",\"url\":\"https:\\\/\\\/secure.gravatar.com\\\/avatar\\\/2fcdf27c78ea025fbdb44e914cc63c72249ffec9dc8aafd5c82b26240ef3f346?s=96&d=mm&r=g\",\"contentUrl\":\"https:\\\/\\\/secure.gravatar.com\\\/avatar\\\/2fcdf27c78ea025fbdb44e914cc63c72249ffec9dc8aafd5c82b26240ef3f346?s=96&d=mm&r=g\",\"caption\":\"Redazione\"},\"url\":\"https:\\\/\\\/www.rassegnastampa-totustuus.it\\\/cattolica\\\/author\\\/pietroelle\\\/\"}]}<\/script>\n<!-- \/ Yoast SEO plugin. -->","yoast_head_json":{"title":"Stragi partigiane: il triangolo dei preti - Rassegna Stampa Cattolica","description":"Stragi partigiane: il triangolo dei preti. Gli eccidi di sacerdoti e credenti da parte dei partigiani \"rossi\" subito dopo la guerra","robots":{"index":"index","follow":"follow","max-snippet":"max-snippet:-1","max-image-preview":"max-image-preview:large","max-video-preview":"max-video-preview:-1"},"canonical":"https:\/\/www.rassegnastampa-totustuus.it\/cattolica\/stragi-partigiane-il-triangolo-dei-preti\/","og_locale":"it_IT","og_type":"article","og_title":"Stragi partigiane: il triangolo dei preti - Rassegna Stampa Cattolica","og_description":"Stragi partigiane: il triangolo dei preti. Gli eccidi di sacerdoti e credenti da parte dei partigiani \"rossi\" subito dopo la guerra","og_url":"https:\/\/www.rassegnastampa-totustuus.it\/cattolica\/stragi-partigiane-il-triangolo-dei-preti\/","og_site_name":"Rassegna Stampa Cattolica","article_publisher":"https:\/\/www.facebook.com\/rassegnastampacattolica","article_published_time":"2005-01-20T17:12:26+00:00","article_modified_time":"2025-07-06T15:55:15+00:00","og_image":[{"width":446,"height":275,"url":"https:\/\/www.rassegnastampa-totustuus.it\/cattolica\/wp-content\/uploads\/2005\/01\/triangolo-rosso.jpg","type":"image\/jpeg"}],"author":"Redazione","twitter_card":"summary_large_image","twitter_creator":"@rassegnastampa9","twitter_site":"@rassegnastampa9","twitter_misc":{"Scritto da":"Redazione","Tempo di lettura stimato":"8 minuti"},"schema":{"@context":"https:\/\/schema.org","@graph":[{"@type":"Article","@id":"https:\/\/www.rassegnastampa-totustuus.it\/cattolica\/stragi-partigiane-il-triangolo-dei-preti\/#article","isPartOf":{"@id":"https:\/\/www.rassegnastampa-totustuus.it\/cattolica\/stragi-partigiane-il-triangolo-dei-preti\/"},"author":{"name":"Redazione","@id":"https:\/\/www.rassegnastampa-totustuus.it\/cattolica\/#\/schema\/person\/08f319d2bd1a0904ad9e2bfb7b15e5c3"},"headline":"Stragi partigiane: il triangolo dei preti","datePublished":"2005-01-20T17:12:26+00:00","dateModified":"2025-07-06T15:55:15+00:00","mainEntityOfPage":{"@id":"https:\/\/www.rassegnastampa-totustuus.it\/cattolica\/stragi-partigiane-il-triangolo-dei-preti\/"},"wordCount":1145,"publisher":{"@id":"https:\/\/www.rassegnastampa-totustuus.it\/cattolica\/#organization"},"image":{"@id":"https:\/\/www.rassegnastampa-totustuus.it\/cattolica\/stragi-partigiane-il-triangolo-dei-preti\/#primaryimage"},"thumbnailUrl":"https:\/\/www.rassegnastampa-totustuus.it\/cattolica\/wp-content\/uploads\/2005\/01\/triangolo-rosso.jpg","keywords":["partigiani"],"articleSection":["Comunismo in Italia","Cristiani perseguitati","Resistenza","Storia italiana"],"inLanguage":"it-IT"},{"@type":"WebPage","@id":"https:\/\/www.rassegnastampa-totustuus.it\/cattolica\/stragi-partigiane-il-triangolo-dei-preti\/","url":"https:\/\/www.rassegnastampa-totustuus.it\/cattolica\/stragi-partigiane-il-triangolo-dei-preti\/","name":"Stragi partigiane: il triangolo dei preti - Rassegna Stampa Cattolica","isPartOf":{"@id":"https:\/\/www.rassegnastampa-totustuus.it\/cattolica\/#website"},"primaryImageOfPage":{"@id":"https:\/\/www.rassegnastampa-totustuus.it\/cattolica\/stragi-partigiane-il-triangolo-dei-preti\/#primaryimage"},"image":{"@id":"https:\/\/www.rassegnastampa-totustuus.it\/cattolica\/stragi-partigiane-il-triangolo-dei-preti\/#primaryimage"},"thumbnailUrl":"https:\/\/www.rassegnastampa-totustuus.it\/cattolica\/wp-content\/uploads\/2005\/01\/triangolo-rosso.jpg","datePublished":"2005-01-20T17:12:26+00:00","dateModified":"2025-07-06T15:55:15+00:00","description":"Stragi partigiane: il triangolo dei preti. Gli eccidi di sacerdoti e credenti da parte dei partigiani \"rossi\" subito dopo la guerra","breadcrumb":{"@id":"https:\/\/www.rassegnastampa-totustuus.it\/cattolica\/stragi-partigiane-il-triangolo-dei-preti\/#breadcrumb"},"inLanguage":"it-IT","potentialAction":[{"@type":"ReadAction","target":["https:\/\/www.rassegnastampa-totustuus.it\/cattolica\/stragi-partigiane-il-triangolo-dei-preti\/"]}]},{"@type":"ImageObject","inLanguage":"it-IT","@id":"https:\/\/www.rassegnastampa-totustuus.it\/cattolica\/stragi-partigiane-il-triangolo-dei-preti\/#primaryimage","url":"https:\/\/www.rassegnastampa-totustuus.it\/cattolica\/wp-content\/uploads\/2005\/01\/triangolo-rosso.jpg","contentUrl":"https:\/\/www.rassegnastampa-totustuus.it\/cattolica\/wp-content\/uploads\/2005\/01\/triangolo-rosso.jpg","width":446,"height":275},{"@type":"BreadcrumbList","@id":"https:\/\/www.rassegnastampa-totustuus.it\/cattolica\/stragi-partigiane-il-triangolo-dei-preti\/#breadcrumb","itemListElement":[{"@type":"ListItem","position":1,"name":"Home","item":"https:\/\/www.rassegnastampa-totustuus.it\/cattolica\/"},{"@type":"ListItem","position":2,"name":"Stragi partigiane: il triangolo dei preti"}]},{"@type":"WebSite","@id":"https:\/\/www.rassegnastampa-totustuus.it\/cattolica\/#website","url":"https:\/\/www.rassegnastampa-totustuus.it\/cattolica\/","name":"Rassegna Stampa Cattolica","description":"Per una cultura che nasce dalla Rivelazione cristiana in conformit\u00e0 alla tradizione e al Magistero della Chiesa in opposizione ad ogni relativismo e totalitarismo","publisher":{"@id":"https:\/\/www.rassegnastampa-totustuus.it\/cattolica\/#organization"},"alternateName":"Rass. Cattolica","potentialAction":[{"@type":"SearchAction","target":{"@type":"EntryPoint","urlTemplate":"https:\/\/www.rassegnastampa-totustuus.it\/cattolica\/?s={search_term_string}"},"query-input":{"@type":"PropertyValueSpecification","valueRequired":true,"valueName":"search_term_string"}}],"inLanguage":"it-IT"},{"@type":"Organization","@id":"https:\/\/www.rassegnastampa-totustuus.it\/cattolica\/#organization","name":"Rassegna Stampa Cattolica","url":"https:\/\/www.rassegnastampa-totustuus.it\/cattolica\/","logo":{"@type":"ImageObject","inLanguage":"it-IT","@id":"https:\/\/www.rassegnastampa-totustuus.it\/cattolica\/#\/schema\/logo\/image\/","url":"https:\/\/www.rassegnastampa-totustuus.it\/cattolica\/wp-content\/uploads\/2014\/04\/logo-rassegna1.gif","contentUrl":"https:\/\/www.rassegnastampa-totustuus.it\/cattolica\/wp-content\/uploads\/2014\/04\/logo-rassegna1.gif","width":600,"height":163,"caption":"Rassegna Stampa Cattolica"},"image":{"@id":"https:\/\/www.rassegnastampa-totustuus.it\/cattolica\/#\/schema\/logo\/image\/"},"sameAs":["https:\/\/www.facebook.com\/rassegnastampacattolica","https:\/\/x.com\/rassegnastampa9"]},{"@type":"Person","@id":"https:\/\/www.rassegnastampa-totustuus.it\/cattolica\/#\/schema\/person\/08f319d2bd1a0904ad9e2bfb7b15e5c3","name":"Redazione","image":{"@type":"ImageObject","inLanguage":"it-IT","@id":"https:\/\/secure.gravatar.com\/avatar\/2fcdf27c78ea025fbdb44e914cc63c72249ffec9dc8aafd5c82b26240ef3f346?s=96&d=mm&r=g","url":"https:\/\/secure.gravatar.com\/avatar\/2fcdf27c78ea025fbdb44e914cc63c72249ffec9dc8aafd5c82b26240ef3f346?s=96&d=mm&r=g","contentUrl":"https:\/\/secure.gravatar.com\/avatar\/2fcdf27c78ea025fbdb44e914cc63c72249ffec9dc8aafd5c82b26240ef3f346?s=96&d=mm&r=g","caption":"Redazione"},"url":"https:\/\/www.rassegnastampa-totustuus.it\/cattolica\/author\/pietroelle\/"}]}},"_links":{"self":[{"href":"https:\/\/www.rassegnastampa-totustuus.it\/cattolica\/wp-json\/wp\/v2\/posts\/311","targetHints":{"allow":["GET"]}}],"collection":[{"href":"https:\/\/www.rassegnastampa-totustuus.it\/cattolica\/wp-json\/wp\/v2\/posts"}],"about":[{"href":"https:\/\/www.rassegnastampa-totustuus.it\/cattolica\/wp-json\/wp\/v2\/types\/post"}],"author":[{"embeddable":true,"href":"https:\/\/www.rassegnastampa-totustuus.it\/cattolica\/wp-json\/wp\/v2\/users\/6"}],"replies":[{"embeddable":true,"href":"https:\/\/www.rassegnastampa-totustuus.it\/cattolica\/wp-json\/wp\/v2\/comments?post=311"}],"version-history":[{"count":10,"href":"https:\/\/www.rassegnastampa-totustuus.it\/cattolica\/wp-json\/wp\/v2\/posts\/311\/revisions"}],"predecessor-version":[{"id":62973,"href":"https:\/\/www.rassegnastampa-totustuus.it\/cattolica\/wp-json\/wp\/v2\/posts\/311\/revisions\/62973"}],"wp:featuredmedia":[{"embeddable":true,"href":"https:\/\/www.rassegnastampa-totustuus.it\/cattolica\/wp-json\/wp\/v2\/media\/30855"}],"wp:attachment":[{"href":"https:\/\/www.rassegnastampa-totustuus.it\/cattolica\/wp-json\/wp\/v2\/media?parent=311"}],"wp:term":[{"taxonomy":"category","embeddable":true,"href":"https:\/\/www.rassegnastampa-totustuus.it\/cattolica\/wp-json\/wp\/v2\/categories?post=311"},{"taxonomy":"post_tag","embeddable":true,"href":"https:\/\/www.rassegnastampa-totustuus.it\/cattolica\/wp-json\/wp\/v2\/tags?post=311"}],"curies":[{"name":"wp","href":"https:\/\/api.w.org\/{rel}","templated":true}]}}