{"id":3109,"date":"2009-04-22T11:55:44","date_gmt":"2009-04-22T09:55:44","guid":{"rendered":""},"modified":"2015-11-27T10:01:05","modified_gmt":"2015-11-27T09:01:05","slug":"gran-nostalgia-dellavvenire","status":"publish","type":"post","link":"https:\/\/www.rassegnastampa-totustuus.it\/cattolica\/gran-nostalgia-dellavvenire\/","title":{"rendered":"Gran nostalgia dell\u2019avvenire"},"content":{"rendered":"<div style=\"text-align: center;\"><strong><a href=\"https:\/\/www.rassegnastampa-totustuus.it\/cattolica\/wp-content\/uploads\/2009\/04\/Cantoni_cover.gif\"><img loading=\"lazy\" decoding=\"async\" class=\"alignleft wp-image-28183\" src=\"https:\/\/www.rassegnastampa-totustuus.it\/cattolica\/wp-content\/uploads\/2009\/04\/Cantoni_cover.gif\" alt=\"Cantoni_cover\" width=\"95\" height=\"139\" \/><\/a>Il Domenicale,<\/strong> 12 luglio 2008<\/div>\n<p style=\"text-align: justify;\"><em>\u201cL\u2019Europa fuori dall\u2019Europa\u201d e l\u2019agonia dell\u2019Occidente fra Cristianit\u00e0 perduta e Modernit\u00e0 morente. Istruzioni su come usare il passato nel presente onde rilanciare il futuro. Un bel libro di Giovanni Cantoni<\/em><\/p>\n<p style=\"text-align: center;\">\u00a0di <strong>Marco Respinti<\/strong><\/p>\n<p><!--more--><\/p>\n<div style=\"text-align: justify;\">Nel 2006 Giovanni Cantoni cur\u00f2, con Francesco Pappalardo, il volume Magna Europa. L\u2019Europa fuori dall\u2019Europa, edito a Crotone da D\u2019Ettoris, un galleria di scenari, di momenti e di figure lungo l\u2019itinerario storico da cui \u00e8 nato, e da cui si \u00e8 sviluppato, ci\u00f2 che oggi viene definito \u201cOccidente\u201d; e questo secondo l\u2019idea \u2013 formulata dallo storico francese Pierre Chaunu \u2013 dell\u2019\u201cespansione dell\u2019Europa\u201d.<\/div>\n<p style=\"text-align: justify;\">Il prolungarsi, cio\u00e8 (certamente fisico, ma precipuamente culturale), del Vecchio Continente nel Nuovo Mondo, anzi nei molti \u201cmondi nuovi\u201d con cui, a partire dall\u2019epoca delle grandi scoperte geografiche, l\u2019Europa e la sua cultura hanno impattato.<\/p>\n<p style=\"text-align: justify;\">Ora, proprio come la vecchia Europa, la nuova Europa allargata non si lascia costringere facilmente entro confini fisici (l\u2019Europa resta sempre un\u2019appendice del continente asiatico, di cui peraltro sente costantemente la pressione); pi\u00f9 efficace \u00e8 dunque disegnarne i contorni in termini culturali. Da qui l\u2019idea di un Occidente inteso come \u201ccontinente di cultura\u201d e la realt\u00e0 di un caleidoscopio di geografie e di storie solo apparentemente labirintico ma in realt\u00e0 ordinato (anche oltre la comprensione dei suoi stessi protagonisti) nello schema intelligibile di un mosaico.<\/p>\n<p style=\"text-align: justify;\">Esistente la \u201ccosa\u201d, segue dunque il \u201cbattesimo\u201d, e il nome prescelto e oramai accreditato (da che lo storico neerlandese della cultura Hendrik Brugmans lo formul\u00f2 a met\u00e0 del secolo scorso) \u00e8 \u201cMagna Europa\u201d. Una patria pi\u00f9 grande, insomma, ma soprattutto una eredit\u00e0 trasmessa e quindi una storia condivisa, la quale viene definita per analogia al rapporto che nella classicit\u00e0 esistette fra Grecia metropolitana e Grecia delle colonie.<\/p>\n<p style=\"text-align: justify;\">Ebbene, di questa concezione legata all\u2019universitas delle molte \u201cEurope nel mondo\u201d Cantoni si \u00e8 fatto cosciente interprete e diffusore, anzitutto progettando e realizzando il volume succitato, quindi dando ora alle stampe un nuovo libro, Per una civilt\u00e0 cristiana nel terzo millennio. La coscienza della Magna Europa e il quinto viaggio di Colombo (SugarCo, Milano, pp.264, E18,50).<\/p>\n<p style=\"text-align: justify;\"><strong>Vita militia<\/strong><\/p>\n<p style=\"text-align: justify;\">Negli anni caldi del Sessantotto Cantoni diede vita ad Alleanza Cattolica, l\u2019associazione civico-culturale impegnata nello studio e nella diffusione del magistero sociale della Chiesa che da allora ininterrottamente dirige. Sono almeno 40 anni, cio\u00e8, che Cantoni esplora il senso politico della militanza cattolica. Oggigiorno questa espressione \u2013 dopo le stagioni dei \u201ccattolici adulti\u201d, delle \u201cscelte religiose\u201d\u00a0 e dei compromessi democristiani \u2013 suona ai molti esotica, pi\u00f9 che ostica, ma \u00e8 il proprium della vita cristiana.<\/p>\n<p style=\"text-align: justify;\">Il cristianesimo non \u00e8 infatti \u201cuna religione\u201d, ma la vita umana investita dal mistero dell\u2019Incarnazione. L\u2019impegno diretto all\u2019animazione dell\u2019ordine temporale alla luce della fede ne \u00e8 dunque, rispetto a ogni altra religione, il tratto distintivo. E peculiare al cristiano (all\u2019uomo cio\u00e8 che si sforza di prendere sul serio il contenuto della Rivelazione) \u00e8 il generare istituti e istituzioni frutto dell\u2019impegno concreto contratto con la fede che lo anima, dunque quella civilt\u00e0 in cui il motivo della sua speranza assume e carne e sangue e nome di \u201cCristianit\u00e0\u201d.<\/p>\n<p style=\"text-align: justify;\"><strong>Il virus e l\u2019agonia<\/strong><\/p>\n<p style=\"text-align: justify;\">L\u2019Europa ha conosciuto una Cristianit\u00e0 e poi l\u2019Occidente una nuova Cristianit\u00e0 magnoeuropea, ma la dialettizzazione e poi la netta separazione tra fede e vita, ragione ed esperienza, vita e cultura operata dalla Modernit\u00e0 ne ha prodotto uno stato di crisi profonda. Una malattia, insomma, che ha attaccato un corpo sano, erodendolo a lungo dall\u2019interno.<\/p>\n<p style=\"text-align: justify;\">Osserva per\u00f2 acutamente Cantoni che se oggi il malato \u00e8 giunto al termine dei propri travagli, anche la malattia che lo devasta langue. Il virus che da secoli lo aggredisce si avvia cio\u00e8 pure esso a morte, esattamente come accade alla sua vittima. Ucciso il corpo un tempo sano e poi ammalato, il morbo non ha pi\u00f9 infatti di che nutrirsi e si approssima all\u2019esaurimento.<\/p>\n<p style=\"text-align: justify;\">Fuor di metafora, insomma, ma di metafora assai sapida, anche la Modernit\u00e0 perviene oggi a quello stesso capolinea in cui ha trascinato a forza e con violenza la Cristianit\u00e0. Restano in piedi, dell\u2019una e dell\u2019altra, dei brandelli, dei muri divelti, qualche resto, un po\u2019 di vestigia sparse. Inservibili entrambe per ricostruire e la Modernit\u00e0 e la Cristianit\u00e0, epper\u00f2 tutt\u2019e due indispensabili da un lato per immaginare una Cristianit\u00e0 completamente nuova per il tempo a venire, dall\u2019altro per guarnirsi contro assalitori nuovi ed eternamente vecchi.<\/p>\n<p style=\"text-align: justify;\"><strong>La nostra casa<\/strong><\/p>\n<p style=\"text-align: justify;\">Il libro di Cantoni immagina dunque la possibilit\u00e0 di una Cristianit\u00e0 nuova, adatta al Terzo Millennio, fatta di conservazione, certo, ma soprattutto di ricostruzione. Il momento della conservazione s\u2019impernia sulla consapevolezza dell\u2019agonia della vecchia Cristianit\u00e0 ma anche sulla (presa di) coscienza di quel che ne resta: sulla consapevolezza, cio\u00e8, delle sue dimensioni culturali, bene espresse appunto dal concetto di Magna Europa qui intesa soprattutto come eredit\u00e0.<\/p>\n<p style=\"text-align: justify;\">Viene alla mente una espressione dello storico statunitense delle idee Russell Kirk, il quale \u2013 di fronte al mondo che Cantoni, con Brugmans, chiama Magna Europa, e dunque di fronte certamente alla sua agonia ma pure alla sua eredit\u00e0 \u2013 ricordava che l\u2019Occidente resta comunque la nostra casa; per decrepita e cadente che sia, \u00e8 la casa che non possiamo n\u00e9 vogliamo abbandonare, e che quindi ci sforziamo \u2013 dobbiamo sforzarci \u2013, come meglio riusciamo, di riparare e di rammodernare.<\/p>\n<p style=\"text-align: justify;\"><strong>Ritorno in patria<\/strong><\/p>\n<p style=\"text-align: justify;\">Con il libro Per una civilt\u00e0 cristiana nel terzo millennio. La coscienza della Magna Europa e il quinto viaggio di Colombo Cantoni offre dunque un \u201cpercorso d\u2019ispirazione\u201d per chi abbia ancora voglia, e quindi ancora creda, nella possibilit\u00e0 di ricostruire quella casa, e nella bellezza e nella dignit\u00e0 dell\u2019operazione. Un itinerario, il suo, proposto per spunti, cammei, testimoni e testimonianze, collezionati per quattro decenni e interpretati in perfetta continuit\u00e0 ideale.<\/p>\n<p style=\"text-align: justify;\">Assolutamente imprescindibili sono i ritratti, analitici, di alcuni \u201cmaestri\u201d quali il brasiliano Plinio Corr\u00eaa de Oliveira, il colombiano Nicol\u00e1s G\u00f3mez D\u00e1vila e il nicaraguense Julio C\u00e9zar Ycaza Tigerino. Pensatori della \u201criserva coloniale\u201d, questi, che incarnano il senso vero della metafora (mutuata dal filosofo argentino Alberto Caturelli) del \u201cquinto viaggio di Colombo\u201d: il ritorno nella patria europea di un impegno di costruzione e di un orizzonte di civilt\u00e0 che nelle province della Magna Europa \u00e8 talvolta rimasto pi\u00f9 desto che da noi.<\/p>\n<p style=\"text-align: justify;\">Preziosissime sono pure le riflessioni occasionate dalla tragedia dell\u2019Undici Settembre, quella che per contraccolpo ha suscitato, almeno di desiderio, una coscienza nuova della eredit\u00e0 da cui il nostro mondo proviene.<\/p>\n<p style=\"text-align: justify;\">Per costruire i futuro, pensa Cantoni, \u00e8 indispensabilie partire da qui. Un sogno passatista quello della Cristianit\u00e0? Niente affatto. Seguendo uno dei suoi maestri, il pensatore e letterato svizzero Gonzague de Reynold Cantoni ama comprendersi come un \u201cnostalgico dell\u2019avvenire\u201d. In questo suo grande sforzo in forma di libro mostra come, ma soprattutto perch\u00e9.<\/p>\n<p style=\"text-align: justify;\">(A.C. Valdera)<\/p>\n","protected":false},"excerpt":{"rendered":"<p>Il Domenicale, 12 luglio 2008 \u201cL\u2019Europa fuori dall\u2019Europa\u201d e l\u2019agonia dell\u2019Occidente fra Cristianit\u00e0 perduta e Modernit\u00e0 morente. Istruzioni su come usare il passato nel presente onde rilanciare il futuro. Un bel libro di Giovanni Cantoni \u00a0di Marco Respinti<\/p><p><a class=\"more-link btn\" href=\"https:\/\/www.rassegnastampa-totustuus.it\/cattolica\/gran-nostalgia-dellavvenire\/\">Continua a leggere<\/a><\/p>\n","protected":false},"author":6,"featured_media":28183,"comment_status":"closed","ping_status":"open","sticky":false,"template":"","format":"standard","meta":{"footnotes":""},"categories":[14,17],"tags":[1280],"class_list":["post-3109","post","type-post","status-publish","format-standard","has-post-thumbnail","hentry","category-europa-e-ue","category-libri","tag-declino-europeo","item-wrap"],"yoast_head":"<!-- This site is optimized with the Yoast SEO plugin v27.4 - https:\/\/yoast.com\/product\/yoast-seo-wordpress\/ -->\n<title>Gran nostalgia dell\u2019avvenire - Rassegna Stampa Cattolica<\/title>\n<meta name=\"description\" content=\"Rassegna Stampa Cattolica - Per una cultura che nasce dalla Rivelazione cristiana in conformit\u00e0 alla tradizione e al Magistero della Chiesa in opposizione ad ogni relativismo e totalitarismo\" \/>\n<meta name=\"robots\" content=\"index, follow, max-snippet:-1, max-image-preview:large, max-video-preview:-1\" \/>\n<link rel=\"canonical\" href=\"https:\/\/www.rassegnastampa-totustuus.it\/cattolica\/gran-nostalgia-dellavvenire\/\" \/>\n<meta property=\"og:locale\" content=\"it_IT\" \/>\n<meta property=\"og:type\" content=\"article\" \/>\n<meta property=\"og:title\" content=\"Gran nostalgia dell\u2019avvenire - Rassegna Stampa Cattolica\" \/>\n<meta property=\"og:description\" content=\"Rassegna Stampa Cattolica - Per una cultura che nasce dalla Rivelazione cristiana in conformit\u00e0 alla tradizione e al Magistero della Chiesa in opposizione ad ogni relativismo e totalitarismo\" \/>\n<meta property=\"og:url\" content=\"https:\/\/www.rassegnastampa-totustuus.it\/cattolica\/gran-nostalgia-dellavvenire\/\" \/>\n<meta property=\"og:site_name\" content=\"Rassegna Stampa Cattolica\" \/>\n<meta property=\"article:publisher\" content=\"https:\/\/www.facebook.com\/rassegnastampacattolica\" \/>\n<meta property=\"article:published_time\" content=\"2009-04-22T09:55:44+00:00\" \/>\n<meta property=\"article:modified_time\" content=\"2015-11-27T09:01:05+00:00\" \/>\n<meta property=\"og:image\" content=\"https:\/\/www.rassegnastampa-totustuus.it\/cattolica\/wp-content\/uploads\/2009\/04\/Cantoni_cover.gif\" \/>\n\t<meta property=\"og:image:width\" content=\"113\" \/>\n\t<meta property=\"og:image:height\" content=\"165\" \/>\n\t<meta property=\"og:image:type\" content=\"image\/gif\" \/>\n<meta name=\"author\" content=\"Redazione\" \/>\n<meta name=\"twitter:card\" content=\"summary_large_image\" \/>\n<meta name=\"twitter:creator\" content=\"@rassegnastampa9\" \/>\n<meta name=\"twitter:site\" content=\"@rassegnastampa9\" \/>\n<meta name=\"twitter:label1\" content=\"Scritto da\" \/>\n\t<meta name=\"twitter:data1\" content=\"Redazione\" \/>\n\t<meta name=\"twitter:label2\" content=\"Tempo di lettura stimato\" \/>\n\t<meta name=\"twitter:data2\" content=\"6 minuti\" \/>\n<script type=\"application\/ld+json\" class=\"yoast-schema-graph\">{\"@context\":\"https:\\\/\\\/schema.org\",\"@graph\":[{\"@type\":\"Article\",\"@id\":\"https:\\\/\\\/www.rassegnastampa-totustuus.it\\\/cattolica\\\/gran-nostalgia-dellavvenire\\\/#article\",\"isPartOf\":{\"@id\":\"https:\\\/\\\/www.rassegnastampa-totustuus.it\\\/cattolica\\\/gran-nostalgia-dellavvenire\\\/\"},\"author\":{\"name\":\"Redazione\",\"@id\":\"https:\\\/\\\/www.rassegnastampa-totustuus.it\\\/cattolica\\\/#\\\/schema\\\/person\\\/08f319d2bd1a0904ad9e2bfb7b15e5c3\"},\"headline\":\"Gran nostalgia dell\u2019avvenire\",\"datePublished\":\"2009-04-22T09:55:44+00:00\",\"dateModified\":\"2015-11-27T09:01:05+00:00\",\"mainEntityOfPage\":{\"@id\":\"https:\\\/\\\/www.rassegnastampa-totustuus.it\\\/cattolica\\\/gran-nostalgia-dellavvenire\\\/\"},\"wordCount\":1127,\"publisher\":{\"@id\":\"https:\\\/\\\/www.rassegnastampa-totustuus.it\\\/cattolica\\\/#organization\"},\"image\":{\"@id\":\"https:\\\/\\\/www.rassegnastampa-totustuus.it\\\/cattolica\\\/gran-nostalgia-dellavvenire\\\/#primaryimage\"},\"thumbnailUrl\":\"https:\\\/\\\/www.rassegnastampa-totustuus.it\\\/cattolica\\\/wp-content\\\/uploads\\\/2009\\\/04\\\/Cantoni_cover.gif\",\"keywords\":[\"declino europeo\"],\"articleSection\":[\"Europa e UE\",\"Libri\"],\"inLanguage\":\"it-IT\"},{\"@type\":\"WebPage\",\"@id\":\"https:\\\/\\\/www.rassegnastampa-totustuus.it\\\/cattolica\\\/gran-nostalgia-dellavvenire\\\/\",\"url\":\"https:\\\/\\\/www.rassegnastampa-totustuus.it\\\/cattolica\\\/gran-nostalgia-dellavvenire\\\/\",\"name\":\"Gran nostalgia dell\u2019avvenire - Rassegna Stampa Cattolica\",\"isPartOf\":{\"@id\":\"https:\\\/\\\/www.rassegnastampa-totustuus.it\\\/cattolica\\\/#website\"},\"primaryImageOfPage\":{\"@id\":\"https:\\\/\\\/www.rassegnastampa-totustuus.it\\\/cattolica\\\/gran-nostalgia-dellavvenire\\\/#primaryimage\"},\"image\":{\"@id\":\"https:\\\/\\\/www.rassegnastampa-totustuus.it\\\/cattolica\\\/gran-nostalgia-dellavvenire\\\/#primaryimage\"},\"thumbnailUrl\":\"https:\\\/\\\/www.rassegnastampa-totustuus.it\\\/cattolica\\\/wp-content\\\/uploads\\\/2009\\\/04\\\/Cantoni_cover.gif\",\"datePublished\":\"2009-04-22T09:55:44+00:00\",\"dateModified\":\"2015-11-27T09:01:05+00:00\",\"description\":\"Rassegna Stampa Cattolica - Per una cultura che nasce dalla Rivelazione cristiana in conformit\u00e0 alla tradizione e al Magistero della Chiesa in opposizione ad ogni relativismo e totalitarismo\",\"breadcrumb\":{\"@id\":\"https:\\\/\\\/www.rassegnastampa-totustuus.it\\\/cattolica\\\/gran-nostalgia-dellavvenire\\\/#breadcrumb\"},\"inLanguage\":\"it-IT\",\"potentialAction\":[{\"@type\":\"ReadAction\",\"target\":[\"https:\\\/\\\/www.rassegnastampa-totustuus.it\\\/cattolica\\\/gran-nostalgia-dellavvenire\\\/\"]}]},{\"@type\":\"ImageObject\",\"inLanguage\":\"it-IT\",\"@id\":\"https:\\\/\\\/www.rassegnastampa-totustuus.it\\\/cattolica\\\/gran-nostalgia-dellavvenire\\\/#primaryimage\",\"url\":\"https:\\\/\\\/www.rassegnastampa-totustuus.it\\\/cattolica\\\/wp-content\\\/uploads\\\/2009\\\/04\\\/Cantoni_cover.gif\",\"contentUrl\":\"https:\\\/\\\/www.rassegnastampa-totustuus.it\\\/cattolica\\\/wp-content\\\/uploads\\\/2009\\\/04\\\/Cantoni_cover.gif\",\"width\":113,\"height\":165},{\"@type\":\"BreadcrumbList\",\"@id\":\"https:\\\/\\\/www.rassegnastampa-totustuus.it\\\/cattolica\\\/gran-nostalgia-dellavvenire\\\/#breadcrumb\",\"itemListElement\":[{\"@type\":\"ListItem\",\"position\":1,\"name\":\"Home\",\"item\":\"https:\\\/\\\/www.rassegnastampa-totustuus.it\\\/cattolica\\\/\"},{\"@type\":\"ListItem\",\"position\":2,\"name\":\"Gran nostalgia dell\u2019avvenire\"}]},{\"@type\":\"WebSite\",\"@id\":\"https:\\\/\\\/www.rassegnastampa-totustuus.it\\\/cattolica\\\/#website\",\"url\":\"https:\\\/\\\/www.rassegnastampa-totustuus.it\\\/cattolica\\\/\",\"name\":\"Rassegna Stampa Cattolica\",\"description\":\"Per una cultura che nasce dalla Rivelazione cristiana in conformit\u00e0 alla tradizione e al Magistero della Chiesa in opposizione ad ogni relativismo e totalitarismo\",\"publisher\":{\"@id\":\"https:\\\/\\\/www.rassegnastampa-totustuus.it\\\/cattolica\\\/#organization\"},\"alternateName\":\"Rass. Cattolica\",\"potentialAction\":[{\"@type\":\"SearchAction\",\"target\":{\"@type\":\"EntryPoint\",\"urlTemplate\":\"https:\\\/\\\/www.rassegnastampa-totustuus.it\\\/cattolica\\\/?s={search_term_string}\"},\"query-input\":{\"@type\":\"PropertyValueSpecification\",\"valueRequired\":true,\"valueName\":\"search_term_string\"}}],\"inLanguage\":\"it-IT\"},{\"@type\":\"Organization\",\"@id\":\"https:\\\/\\\/www.rassegnastampa-totustuus.it\\\/cattolica\\\/#organization\",\"name\":\"Rassegna Stampa Cattolica\",\"url\":\"https:\\\/\\\/www.rassegnastampa-totustuus.it\\\/cattolica\\\/\",\"logo\":{\"@type\":\"ImageObject\",\"inLanguage\":\"it-IT\",\"@id\":\"https:\\\/\\\/www.rassegnastampa-totustuus.it\\\/cattolica\\\/#\\\/schema\\\/logo\\\/image\\\/\",\"url\":\"https:\\\/\\\/www.rassegnastampa-totustuus.it\\\/cattolica\\\/wp-content\\\/uploads\\\/2014\\\/04\\\/logo-rassegna1.gif\",\"contentUrl\":\"https:\\\/\\\/www.rassegnastampa-totustuus.it\\\/cattolica\\\/wp-content\\\/uploads\\\/2014\\\/04\\\/logo-rassegna1.gif\",\"width\":600,\"height\":163,\"caption\":\"Rassegna Stampa Cattolica\"},\"image\":{\"@id\":\"https:\\\/\\\/www.rassegnastampa-totustuus.it\\\/cattolica\\\/#\\\/schema\\\/logo\\\/image\\\/\"},\"sameAs\":[\"https:\\\/\\\/www.facebook.com\\\/rassegnastampacattolica\",\"https:\\\/\\\/x.com\\\/rassegnastampa9\"]},{\"@type\":\"Person\",\"@id\":\"https:\\\/\\\/www.rassegnastampa-totustuus.it\\\/cattolica\\\/#\\\/schema\\\/person\\\/08f319d2bd1a0904ad9e2bfb7b15e5c3\",\"name\":\"Redazione\",\"image\":{\"@type\":\"ImageObject\",\"inLanguage\":\"it-IT\",\"@id\":\"https:\\\/\\\/secure.gravatar.com\\\/avatar\\\/2fcdf27c78ea025fbdb44e914cc63c72249ffec9dc8aafd5c82b26240ef3f346?s=96&d=mm&r=g\",\"url\":\"https:\\\/\\\/secure.gravatar.com\\\/avatar\\\/2fcdf27c78ea025fbdb44e914cc63c72249ffec9dc8aafd5c82b26240ef3f346?s=96&d=mm&r=g\",\"contentUrl\":\"https:\\\/\\\/secure.gravatar.com\\\/avatar\\\/2fcdf27c78ea025fbdb44e914cc63c72249ffec9dc8aafd5c82b26240ef3f346?s=96&d=mm&r=g\",\"caption\":\"Redazione\"},\"url\":\"https:\\\/\\\/www.rassegnastampa-totustuus.it\\\/cattolica\\\/author\\\/pietroelle\\\/\"}]}<\/script>\n<!-- \/ Yoast SEO plugin. -->","yoast_head_json":{"title":"Gran nostalgia dell\u2019avvenire - Rassegna Stampa Cattolica","description":"Rassegna Stampa Cattolica - Per una cultura che nasce dalla Rivelazione cristiana in conformit\u00e0 alla tradizione e al Magistero della Chiesa in opposizione ad ogni relativismo e totalitarismo","robots":{"index":"index","follow":"follow","max-snippet":"max-snippet:-1","max-image-preview":"max-image-preview:large","max-video-preview":"max-video-preview:-1"},"canonical":"https:\/\/www.rassegnastampa-totustuus.it\/cattolica\/gran-nostalgia-dellavvenire\/","og_locale":"it_IT","og_type":"article","og_title":"Gran nostalgia dell\u2019avvenire - Rassegna Stampa Cattolica","og_description":"Rassegna Stampa Cattolica - Per una cultura che nasce dalla Rivelazione cristiana in conformit\u00e0 alla tradizione e al Magistero della Chiesa in opposizione ad ogni relativismo e totalitarismo","og_url":"https:\/\/www.rassegnastampa-totustuus.it\/cattolica\/gran-nostalgia-dellavvenire\/","og_site_name":"Rassegna Stampa Cattolica","article_publisher":"https:\/\/www.facebook.com\/rassegnastampacattolica","article_published_time":"2009-04-22T09:55:44+00:00","article_modified_time":"2015-11-27T09:01:05+00:00","og_image":[{"width":113,"height":165,"url":"https:\/\/www.rassegnastampa-totustuus.it\/cattolica\/wp-content\/uploads\/2009\/04\/Cantoni_cover.gif","type":"image\/gif"}],"author":"Redazione","twitter_card":"summary_large_image","twitter_creator":"@rassegnastampa9","twitter_site":"@rassegnastampa9","twitter_misc":{"Scritto da":"Redazione","Tempo di lettura stimato":"6 minuti"},"schema":{"@context":"https:\/\/schema.org","@graph":[{"@type":"Article","@id":"https:\/\/www.rassegnastampa-totustuus.it\/cattolica\/gran-nostalgia-dellavvenire\/#article","isPartOf":{"@id":"https:\/\/www.rassegnastampa-totustuus.it\/cattolica\/gran-nostalgia-dellavvenire\/"},"author":{"name":"Redazione","@id":"https:\/\/www.rassegnastampa-totustuus.it\/cattolica\/#\/schema\/person\/08f319d2bd1a0904ad9e2bfb7b15e5c3"},"headline":"Gran nostalgia dell\u2019avvenire","datePublished":"2009-04-22T09:55:44+00:00","dateModified":"2015-11-27T09:01:05+00:00","mainEntityOfPage":{"@id":"https:\/\/www.rassegnastampa-totustuus.it\/cattolica\/gran-nostalgia-dellavvenire\/"},"wordCount":1127,"publisher":{"@id":"https:\/\/www.rassegnastampa-totustuus.it\/cattolica\/#organization"},"image":{"@id":"https:\/\/www.rassegnastampa-totustuus.it\/cattolica\/gran-nostalgia-dellavvenire\/#primaryimage"},"thumbnailUrl":"https:\/\/www.rassegnastampa-totustuus.it\/cattolica\/wp-content\/uploads\/2009\/04\/Cantoni_cover.gif","keywords":["declino europeo"],"articleSection":["Europa e UE","Libri"],"inLanguage":"it-IT"},{"@type":"WebPage","@id":"https:\/\/www.rassegnastampa-totustuus.it\/cattolica\/gran-nostalgia-dellavvenire\/","url":"https:\/\/www.rassegnastampa-totustuus.it\/cattolica\/gran-nostalgia-dellavvenire\/","name":"Gran nostalgia dell\u2019avvenire - Rassegna Stampa Cattolica","isPartOf":{"@id":"https:\/\/www.rassegnastampa-totustuus.it\/cattolica\/#website"},"primaryImageOfPage":{"@id":"https:\/\/www.rassegnastampa-totustuus.it\/cattolica\/gran-nostalgia-dellavvenire\/#primaryimage"},"image":{"@id":"https:\/\/www.rassegnastampa-totustuus.it\/cattolica\/gran-nostalgia-dellavvenire\/#primaryimage"},"thumbnailUrl":"https:\/\/www.rassegnastampa-totustuus.it\/cattolica\/wp-content\/uploads\/2009\/04\/Cantoni_cover.gif","datePublished":"2009-04-22T09:55:44+00:00","dateModified":"2015-11-27T09:01:05+00:00","description":"Rassegna Stampa Cattolica - Per una cultura che nasce dalla Rivelazione cristiana in conformit\u00e0 alla tradizione e al Magistero della Chiesa in opposizione ad ogni relativismo e totalitarismo","breadcrumb":{"@id":"https:\/\/www.rassegnastampa-totustuus.it\/cattolica\/gran-nostalgia-dellavvenire\/#breadcrumb"},"inLanguage":"it-IT","potentialAction":[{"@type":"ReadAction","target":["https:\/\/www.rassegnastampa-totustuus.it\/cattolica\/gran-nostalgia-dellavvenire\/"]}]},{"@type":"ImageObject","inLanguage":"it-IT","@id":"https:\/\/www.rassegnastampa-totustuus.it\/cattolica\/gran-nostalgia-dellavvenire\/#primaryimage","url":"https:\/\/www.rassegnastampa-totustuus.it\/cattolica\/wp-content\/uploads\/2009\/04\/Cantoni_cover.gif","contentUrl":"https:\/\/www.rassegnastampa-totustuus.it\/cattolica\/wp-content\/uploads\/2009\/04\/Cantoni_cover.gif","width":113,"height":165},{"@type":"BreadcrumbList","@id":"https:\/\/www.rassegnastampa-totustuus.it\/cattolica\/gran-nostalgia-dellavvenire\/#breadcrumb","itemListElement":[{"@type":"ListItem","position":1,"name":"Home","item":"https:\/\/www.rassegnastampa-totustuus.it\/cattolica\/"},{"@type":"ListItem","position":2,"name":"Gran nostalgia dell\u2019avvenire"}]},{"@type":"WebSite","@id":"https:\/\/www.rassegnastampa-totustuus.it\/cattolica\/#website","url":"https:\/\/www.rassegnastampa-totustuus.it\/cattolica\/","name":"Rassegna Stampa Cattolica","description":"Per una cultura che nasce dalla Rivelazione cristiana in conformit\u00e0 alla tradizione e al Magistero della Chiesa in opposizione ad ogni relativismo e totalitarismo","publisher":{"@id":"https:\/\/www.rassegnastampa-totustuus.it\/cattolica\/#organization"},"alternateName":"Rass. Cattolica","potentialAction":[{"@type":"SearchAction","target":{"@type":"EntryPoint","urlTemplate":"https:\/\/www.rassegnastampa-totustuus.it\/cattolica\/?s={search_term_string}"},"query-input":{"@type":"PropertyValueSpecification","valueRequired":true,"valueName":"search_term_string"}}],"inLanguage":"it-IT"},{"@type":"Organization","@id":"https:\/\/www.rassegnastampa-totustuus.it\/cattolica\/#organization","name":"Rassegna Stampa Cattolica","url":"https:\/\/www.rassegnastampa-totustuus.it\/cattolica\/","logo":{"@type":"ImageObject","inLanguage":"it-IT","@id":"https:\/\/www.rassegnastampa-totustuus.it\/cattolica\/#\/schema\/logo\/image\/","url":"https:\/\/www.rassegnastampa-totustuus.it\/cattolica\/wp-content\/uploads\/2014\/04\/logo-rassegna1.gif","contentUrl":"https:\/\/www.rassegnastampa-totustuus.it\/cattolica\/wp-content\/uploads\/2014\/04\/logo-rassegna1.gif","width":600,"height":163,"caption":"Rassegna Stampa Cattolica"},"image":{"@id":"https:\/\/www.rassegnastampa-totustuus.it\/cattolica\/#\/schema\/logo\/image\/"},"sameAs":["https:\/\/www.facebook.com\/rassegnastampacattolica","https:\/\/x.com\/rassegnastampa9"]},{"@type":"Person","@id":"https:\/\/www.rassegnastampa-totustuus.it\/cattolica\/#\/schema\/person\/08f319d2bd1a0904ad9e2bfb7b15e5c3","name":"Redazione","image":{"@type":"ImageObject","inLanguage":"it-IT","@id":"https:\/\/secure.gravatar.com\/avatar\/2fcdf27c78ea025fbdb44e914cc63c72249ffec9dc8aafd5c82b26240ef3f346?s=96&d=mm&r=g","url":"https:\/\/secure.gravatar.com\/avatar\/2fcdf27c78ea025fbdb44e914cc63c72249ffec9dc8aafd5c82b26240ef3f346?s=96&d=mm&r=g","contentUrl":"https:\/\/secure.gravatar.com\/avatar\/2fcdf27c78ea025fbdb44e914cc63c72249ffec9dc8aafd5c82b26240ef3f346?s=96&d=mm&r=g","caption":"Redazione"},"url":"https:\/\/www.rassegnastampa-totustuus.it\/cattolica\/author\/pietroelle\/"}]}},"_links":{"self":[{"href":"https:\/\/www.rassegnastampa-totustuus.it\/cattolica\/wp-json\/wp\/v2\/posts\/3109","targetHints":{"allow":["GET"]}}],"collection":[{"href":"https:\/\/www.rassegnastampa-totustuus.it\/cattolica\/wp-json\/wp\/v2\/posts"}],"about":[{"href":"https:\/\/www.rassegnastampa-totustuus.it\/cattolica\/wp-json\/wp\/v2\/types\/post"}],"author":[{"embeddable":true,"href":"https:\/\/www.rassegnastampa-totustuus.it\/cattolica\/wp-json\/wp\/v2\/users\/6"}],"replies":[{"embeddable":true,"href":"https:\/\/www.rassegnastampa-totustuus.it\/cattolica\/wp-json\/wp\/v2\/comments?post=3109"}],"version-history":[{"count":4,"href":"https:\/\/www.rassegnastampa-totustuus.it\/cattolica\/wp-json\/wp\/v2\/posts\/3109\/revisions"}],"predecessor-version":[{"id":28184,"href":"https:\/\/www.rassegnastampa-totustuus.it\/cattolica\/wp-json\/wp\/v2\/posts\/3109\/revisions\/28184"}],"wp:featuredmedia":[{"embeddable":true,"href":"https:\/\/www.rassegnastampa-totustuus.it\/cattolica\/wp-json\/wp\/v2\/media\/28183"}],"wp:attachment":[{"href":"https:\/\/www.rassegnastampa-totustuus.it\/cattolica\/wp-json\/wp\/v2\/media?parent=3109"}],"wp:term":[{"taxonomy":"category","embeddable":true,"href":"https:\/\/www.rassegnastampa-totustuus.it\/cattolica\/wp-json\/wp\/v2\/categories?post=3109"},{"taxonomy":"post_tag","embeddable":true,"href":"https:\/\/www.rassegnastampa-totustuus.it\/cattolica\/wp-json\/wp\/v2\/tags?post=3109"}],"curies":[{"name":"wp","href":"https:\/\/api.w.org\/{rel}","templated":true}]}}