{"id":310,"date":"2005-01-20T18:08:17","date_gmt":"2005-01-20T17:08:17","guid":{"rendered":""},"modified":"2025-07-06T18:05:04","modified_gmt":"2025-07-06T16:05:04","slug":"india-il-battesimo-chiedilo-alla-polizia","status":"publish","type":"post","link":"https:\/\/www.rassegnastampa-totustuus.it\/cattolica\/india-il-battesimo-chiedilo-alla-polizia\/","title":{"rendered":"India: il battesimo? Chiedilo alla polizia"},"content":{"rendered":"\n<p class=\"has-text-align-center\"><a href=\"https:\/\/www.avvenire.it\/\" target=\"_blank\" rel=\"noreferrer noopener\"><strong>\u00a0Avvenire<\/strong> <\/a>24 febbraio 2004<\/p>\n\n\n\n<p><em>Non solo integralismo islamico: in India cresce l&#8217;intolleranza nei confronti delle religioni, soprattutto della minoranza cristiana Per convertirsi un adulto deve domandare il permesso allo Stato Sacerdoti uccisi, cappelle distrutte, violenze su credenti e suore&#8230; La Chiesa denuncia persecuzioni dietro le quali c&#8217;\u00e8 il nazionalismo del partito al governo: che strumentalizza l&#8217;induismo<\/em><\/p>\n\n\n\n<p class=\"has-text-align-center\">di <strong>Piero Gheddo<\/strong><\/p>\n\n\n<div class=\"wp-block-image\">\n<figure class=\"aligncenter size-full is-resized\"><a href=\"https:\/\/www.rassegnastampa-totustuus.it\/cattolica\/wp-content\/uploads\/2005\/01\/India_cristian.jpg\"><img loading=\"lazy\" decoding=\"async\" width=\"295\" height=\"171\" src=\"https:\/\/www.rassegnastampa-totustuus.it\/cattolica\/wp-content\/uploads\/2005\/01\/India_cristian.jpg\" alt=\"\" class=\"wp-image-28933\" style=\"width:359px;height:auto\"\/><\/a><\/figure><\/div>\n\n\n<!--more-->\n\n\n\n<p>Il fondamentalismo islamico \u00e8 alla ribalta delle cronache quotidiane, ma si ignora quello ind\u00f9 che sta crescendo: e chi paga il prezzo massimo sono proprio i musulmani, con migliaia di ammazzati negli ultimi dieci anni; ma anche i cristiani, nel loro piccolo (il 4% del miliardo e 30 milioni di indiani, mentre i musulmani arrivano al 12-13%), sono fortemente penalizzati.<\/p>\n\n\n\n<p>Nel 2002 ci sono stati 8 casi di preti, suore o laici cristiani uccisi da estremisti ind\u00f9; oltre a chiese e cappelle distrutte, suore violentate, testi sacri e oggetti religiosi dati alle fiamme. Un fatto recente: in una scuola cattolica una ragazzina viene violentata e uccisa in un bagno. <\/p>\n\n\n\n<p>Corre voce che i responsabili siano i sacerdoti della scuola. Sommosse popolari obbligano la polizia ad arrestare tre preti. Alcuni giorni dopo viene scoperto il colpevole confesso, del tutto estraneo alla scuola cattolica. Ma i preti rimangono in prigione alcuni giorni.<\/p>\n\n\n\n<p>Quel che preoccupa la Chiesa indiana non sono solo casi come questi, ma l&#8217;atmosfera generale d&#8217;intolleranza che sta crescendo nei confronti dei fedeli di altre religioni; il partito al governo, pur condannando i fatti criminali, sembra appoggiare l&#8217;indutva (nazionalismo culturale-religioso ind\u00f9). <\/p>\n\n\n\n<p>Alcuni danno di questo fenomeno una lettura almeno in parte positiva: il popolo indiano sta prendendo coscienza della sua tradizione religiosa e dei suoi valori, liberandosi da un complesso d&#8217;inferiorit\u00e0 che ha maturato fin dal tempo coloniale verso l&#8217;Occidente e la sua religione. <\/p>\n\n\n\n<p>Nella prossima primavera si avranno in India le elezioni politiche generali e si teme che il Bharatiya Janata Part, (Bjp, \u00abPartito del popolo indiano\u00bb) avr\u00e0 un numero ancor maggiore di voti, aumenteranno le pressioni giuridico-amministrative nei confronti delle religioni minoritarie e i gruppi fanatici saranno ancor pi\u00f9 tollerati.<\/p>\n\n\n\n<p>La riforma religiosa dell&#8217;induismo \u00e8 nata all&#8217;inizio dell&#8217;800 (\u00abneo-induismo\u00bb) come reazione al forte influsso dell&#8217;Occidente e poi della colonizzazione inglese e delle missioni cristiane; poi \u00e8 diventato il movimento del \u00abrisveglio ind\u00f9\u00bb (hindu jagaran), di carattere religioso ma anche culturale e politico, nel quale si iscrivono grandi personalit\u00e0 indiane degli ultimi due secoli: Ram Mohan Roy, Saraswati, Ramakrishna, Vivekananda, Gandhi, Vinoba Bhave, eccetera.<\/p>\n\n\n\n<p> Questa rinascita ind\u00f9 ha purificato la tradizione da pratiche oggi impresentabili: le caste, l&#8217;intoccabilit\u00e0 (i fuori casta), il sati (immolazione della moglie sulla pira del marito), l&#8217;idolatria e il politeismo, per ricordarne alcune.<\/p>\n\n\n\n<p>Dopo l&#8217;indipendenza (1947) l&#8217;India divenne uno Stato laico (secondo la Costituzione), ma fin dall&#8217;inizio si sono affermati gruppi radicali e spesso violenti che inalberano l&#8217;orgoglio ind\u00f9 come bandiera per una saffronization of politics (\u00abzafferano\u00bb \u00e8 il vestito dei santoni ind\u00f9), creando il movimento definito \u00abHindu communalism\u00bb (politicizzazione dell&#8217;induismo). <\/p>\n\n\n\n<p>Dopo la morte di Indira e del figlio Raijv Gandhi e la decadenza del Congress Party artefice dell&#8217;indipendenza indiana, negli anni Novanta si \u00e8 affermato il Bjp, che congiunge l&#8217;integralismo religioso con un orientamento politico nazionalista ispirato al fascismo e al nazismo (almeno ai loro filosofi e pensatori).<\/p>\n\n\n\n<p>Il nemico da combattere non sono gli ebrei, ma musulmani e cristiani.<\/p>\n\n\n\n<p>Su questo nazionalismo che strumentalizza la religione sono poi cresciuti i gruppi estremisti. <\/p>\n\n\n\n<p>Il primo fatto macroscopico \u00e8 stata la distruzione della grande e antica moschea di Ayodhya il 6 dicembre 1992, con circa duemila musulmani ammazzati nello Stato di Gujarat. L\u00ec i gruppi violenti hanno dimostrato di saper usare la forza e averla vinta sulla polizia e la legge. <\/p>\n\n\n\n<p>Da allora in poi questi gruppi sono cresciuti. Varie personalit\u00e0 del Bjp si sono compromesse con gli estremisti, anche se ufficialmente si dissociano.<\/p>\n\n\n\n<p>E i cristiani? Essi in India hanno grande visibilit\u00e0 perch\u00e9 da un terzo a un quarto delle opere educative e sociali per la gente pi\u00f9 povera (ma anche molte scuole per le \u00e9lites) sono gestite dalle Chiese cristiane, specie dalla cattolica, che in campo scolastico d\u00e0 una testimonianza straordinaria (tutti vorrebbero andare a scuola da preti e suore!). <\/p>\n\n\n\n<p>Una statistica di trent&#8217;anni fa dice che l&#8217;80% dei lebbrosari erano cattolici.<\/p>\n\n\n\n<p>Oggi no, perch\u00e9 lo Stato ha fatto molto. Fin che l&#8217;estremismo ind\u00f9 usava violenza contro i musulmani, le Chiese cristiane tacevano. <\/p>\n\n\n\n<p>Adesso sono loro le vittime e si sono svegliate, specie da quando nel gennaio 1999 nell&#8217; Orissa venne ucciso il medico australiano protestante Graham Staines e i suoi due figli, da quarant&#8217;anni viveva in India: ucciso in modo macabro con l&#8217;accusa di fare proselitismo curando i lebbrosi e i poveri.<\/p>\n\n\n\n<p>Oggi le violenze anti-cristiane non sono pi\u00f9 isolate in certi Stati del nord (Gujarat, Bihar, Madhya Pradesh, Orissa, Uttar Pradesh, Bengala), ma sono diffuse in tutto il Paese, anche nel sud. <\/p>\n\n\n\n<p>Ne d\u00e0 spesso notizia l&#8217;agenzia Asia News (www.AsiaNews.it). L&#8217;ultimo fatto grave sono le leggi contro le conversioni, gi\u00e0 approvate almeno in tre Stati: Orissa, Gujarat, Tamil Nadu. Se vuoi battezzare una persona adulta, devi chiedere il permesso alla polizia e al giudice. E il permesso lo danno solo dopo indagini e interrogatori. <\/p>\n\n\n\n<p>La legge \u00e8 motivo di pressioni contro la Chiesa e quelli che vogliono convertirsi. Gli estremisti vanno nelle case a fare il lavaggio del cervello ai catecumeni. I giornali scrivono: \u00abNo alle conversioni forzate!\u00bb. La parola magica \u00e8 \u00abproselitismo\u00bb.<\/p>\n\n\n\n<p>I cristiani vivono col timore che succedano altre violenze, c&#8217;\u00e8 una pressione crescente. Se ne parla, si fanno convegni, la Chiesa pubblica ogni anno un elenco dei fatti di intolleranza contro cattolici e protestanti, decine e decine di casi; in alcuni si parla apertamente di persecuzione. Anche se, in certi casi, la leva per contrastare le altre religioni \u00e8 il nazionalismo; e l&#8217;induismo viene solo strumentalizzato a questo fine<strong>.<\/strong><\/p>\n","protected":false},"excerpt":{"rendered":"<p>\u00a0Avvenire 24 febbraio 2004 Non solo integralismo islamico: in India cresce l&#8217;intolleranza nei confronti delle religioni, soprattutto della minoranza cristiana Per convertirsi un adulto deve domandare il permesso allo Stato Sacerdoti uccisi, cappelle distrutte, violenze su credenti e suore&#8230; La Chiesa denuncia persecuzioni dietro le quali c&#8217;\u00e8 il nazionalismo del partito al governo: che strumentalizza &hellip; <\/p>\n<p><a class=\"more-link btn\" href=\"https:\/\/www.rassegnastampa-totustuus.it\/cattolica\/india-il-battesimo-chiedilo-alla-polizia\/\">Continua a leggere<\/a><\/p>\n","protected":false},"author":6,"featured_media":28933,"comment_status":"closed","ping_status":"open","sticky":false,"template":"","format":"standard","meta":{"footnotes":""},"categories":[44],"tags":[2398],"class_list":["post-310","post","type-post","status-publish","format-standard","has-post-thumbnail","hentry","category-cristiani-perseguitati","tag-india","item-wrap"],"yoast_head":"<!-- This site is optimized with the Yoast SEO plugin v27.5 - https:\/\/yoast.com\/product\/yoast-seo-wordpress\/ -->\n<title>India: il battesimo? Chiedilo alla polizia - Rassegna Stampa Cattolica<\/title>\n<meta name=\"description\" content=\"India: il battesimo? Chiedilo alla polizia. In India cresce l&#039;intolleranza soprattutto contro la minoranza cristiana\" \/>\n<meta name=\"robots\" content=\"index, follow, max-snippet:-1, max-image-preview:large, max-video-preview:-1\" \/>\n<link rel=\"canonical\" href=\"https:\/\/www.rassegnastampa-totustuus.it\/cattolica\/india-il-battesimo-chiedilo-alla-polizia\/\" \/>\n<meta property=\"og:locale\" content=\"it_IT\" \/>\n<meta property=\"og:type\" content=\"article\" \/>\n<meta property=\"og:title\" content=\"India: il battesimo? Chiedilo alla polizia - Rassegna Stampa Cattolica\" \/>\n<meta property=\"og:description\" content=\"India: il battesimo? Chiedilo alla polizia. In India cresce l&#039;intolleranza soprattutto contro la minoranza cristiana\" \/>\n<meta property=\"og:url\" content=\"https:\/\/www.rassegnastampa-totustuus.it\/cattolica\/india-il-battesimo-chiedilo-alla-polizia\/\" \/>\n<meta property=\"og:site_name\" content=\"Rassegna Stampa Cattolica\" \/>\n<meta property=\"article:publisher\" content=\"https:\/\/www.facebook.com\/rassegnastampacattolica\" \/>\n<meta property=\"article:published_time\" content=\"2005-01-20T17:08:17+00:00\" \/>\n<meta property=\"article:modified_time\" content=\"2025-07-06T16:05:04+00:00\" \/>\n<meta property=\"og:image\" content=\"https:\/\/www.rassegnastampa-totustuus.it\/cattolica\/wp-content\/uploads\/2005\/01\/India_cristian.jpg\" \/>\n\t<meta property=\"og:image:width\" content=\"295\" \/>\n\t<meta property=\"og:image:height\" content=\"171\" \/>\n\t<meta property=\"og:image:type\" content=\"image\/jpeg\" \/>\n<meta name=\"author\" content=\"Redazione\" \/>\n<meta name=\"twitter:card\" content=\"summary_large_image\" \/>\n<meta name=\"twitter:creator\" content=\"@rassegnastampa9\" \/>\n<meta name=\"twitter:site\" content=\"@rassegnastampa9\" \/>\n<meta name=\"twitter:label1\" content=\"Scritto da\" \/>\n\t<meta name=\"twitter:data1\" content=\"Redazione\" \/>\n\t<meta name=\"twitter:label2\" content=\"Tempo di lettura stimato\" \/>\n\t<meta name=\"twitter:data2\" content=\"6 minuti\" \/>\n<script type=\"application\/ld+json\" class=\"yoast-schema-graph\">{\"@context\":\"https:\\\/\\\/schema.org\",\"@graph\":[{\"@type\":\"Article\",\"@id\":\"https:\\\/\\\/www.rassegnastampa-totustuus.it\\\/cattolica\\\/india-il-battesimo-chiedilo-alla-polizia\\\/#article\",\"isPartOf\":{\"@id\":\"https:\\\/\\\/www.rassegnastampa-totustuus.it\\\/cattolica\\\/india-il-battesimo-chiedilo-alla-polizia\\\/\"},\"author\":{\"name\":\"Redazione\",\"@id\":\"https:\\\/\\\/www.rassegnastampa-totustuus.it\\\/cattolica\\\/#\\\/schema\\\/person\\\/08f319d2bd1a0904ad9e2bfb7b15e5c3\"},\"headline\":\"India: il battesimo? Chiedilo alla polizia\",\"datePublished\":\"2005-01-20T17:08:17+00:00\",\"dateModified\":\"2025-07-06T16:05:04+00:00\",\"mainEntityOfPage\":{\"@id\":\"https:\\\/\\\/www.rassegnastampa-totustuus.it\\\/cattolica\\\/india-il-battesimo-chiedilo-alla-polizia\\\/\"},\"wordCount\":975,\"publisher\":{\"@id\":\"https:\\\/\\\/www.rassegnastampa-totustuus.it\\\/cattolica\\\/#organization\"},\"image\":{\"@id\":\"https:\\\/\\\/www.rassegnastampa-totustuus.it\\\/cattolica\\\/india-il-battesimo-chiedilo-alla-polizia\\\/#primaryimage\"},\"thumbnailUrl\":\"https:\\\/\\\/www.rassegnastampa-totustuus.it\\\/cattolica\\\/wp-content\\\/uploads\\\/2005\\\/01\\\/India_cristian.jpg\",\"keywords\":[\"India\"],\"articleSection\":[\"Cristiani perseguitati\"],\"inLanguage\":\"it-IT\"},{\"@type\":\"WebPage\",\"@id\":\"https:\\\/\\\/www.rassegnastampa-totustuus.it\\\/cattolica\\\/india-il-battesimo-chiedilo-alla-polizia\\\/\",\"url\":\"https:\\\/\\\/www.rassegnastampa-totustuus.it\\\/cattolica\\\/india-il-battesimo-chiedilo-alla-polizia\\\/\",\"name\":\"India: il battesimo? Chiedilo alla polizia - Rassegna Stampa Cattolica\",\"isPartOf\":{\"@id\":\"https:\\\/\\\/www.rassegnastampa-totustuus.it\\\/cattolica\\\/#website\"},\"primaryImageOfPage\":{\"@id\":\"https:\\\/\\\/www.rassegnastampa-totustuus.it\\\/cattolica\\\/india-il-battesimo-chiedilo-alla-polizia\\\/#primaryimage\"},\"image\":{\"@id\":\"https:\\\/\\\/www.rassegnastampa-totustuus.it\\\/cattolica\\\/india-il-battesimo-chiedilo-alla-polizia\\\/#primaryimage\"},\"thumbnailUrl\":\"https:\\\/\\\/www.rassegnastampa-totustuus.it\\\/cattolica\\\/wp-content\\\/uploads\\\/2005\\\/01\\\/India_cristian.jpg\",\"datePublished\":\"2005-01-20T17:08:17+00:00\",\"dateModified\":\"2025-07-06T16:05:04+00:00\",\"description\":\"India: il battesimo? Chiedilo alla polizia. In India cresce l'intolleranza soprattutto contro la minoranza cristiana\",\"breadcrumb\":{\"@id\":\"https:\\\/\\\/www.rassegnastampa-totustuus.it\\\/cattolica\\\/india-il-battesimo-chiedilo-alla-polizia\\\/#breadcrumb\"},\"inLanguage\":\"it-IT\",\"potentialAction\":[{\"@type\":\"ReadAction\",\"target\":[\"https:\\\/\\\/www.rassegnastampa-totustuus.it\\\/cattolica\\\/india-il-battesimo-chiedilo-alla-polizia\\\/\"]}]},{\"@type\":\"ImageObject\",\"inLanguage\":\"it-IT\",\"@id\":\"https:\\\/\\\/www.rassegnastampa-totustuus.it\\\/cattolica\\\/india-il-battesimo-chiedilo-alla-polizia\\\/#primaryimage\",\"url\":\"https:\\\/\\\/www.rassegnastampa-totustuus.it\\\/cattolica\\\/wp-content\\\/uploads\\\/2005\\\/01\\\/India_cristian.jpg\",\"contentUrl\":\"https:\\\/\\\/www.rassegnastampa-totustuus.it\\\/cattolica\\\/wp-content\\\/uploads\\\/2005\\\/01\\\/India_cristian.jpg\",\"width\":295,\"height\":171},{\"@type\":\"BreadcrumbList\",\"@id\":\"https:\\\/\\\/www.rassegnastampa-totustuus.it\\\/cattolica\\\/india-il-battesimo-chiedilo-alla-polizia\\\/#breadcrumb\",\"itemListElement\":[{\"@type\":\"ListItem\",\"position\":1,\"name\":\"Home\",\"item\":\"https:\\\/\\\/www.rassegnastampa-totustuus.it\\\/cattolica\\\/\"},{\"@type\":\"ListItem\",\"position\":2,\"name\":\"India: il battesimo? Chiedilo alla polizia\"}]},{\"@type\":\"WebSite\",\"@id\":\"https:\\\/\\\/www.rassegnastampa-totustuus.it\\\/cattolica\\\/#website\",\"url\":\"https:\\\/\\\/www.rassegnastampa-totustuus.it\\\/cattolica\\\/\",\"name\":\"Rassegna Stampa Cattolica\",\"description\":\"Per una cultura che nasce dalla Rivelazione cristiana in conformit\u00e0 alla tradizione e al Magistero della Chiesa in opposizione ad ogni relativismo e totalitarismo\",\"publisher\":{\"@id\":\"https:\\\/\\\/www.rassegnastampa-totustuus.it\\\/cattolica\\\/#organization\"},\"alternateName\":\"Rass. Cattolica\",\"potentialAction\":[{\"@type\":\"SearchAction\",\"target\":{\"@type\":\"EntryPoint\",\"urlTemplate\":\"https:\\\/\\\/www.rassegnastampa-totustuus.it\\\/cattolica\\\/?s={search_term_string}\"},\"query-input\":{\"@type\":\"PropertyValueSpecification\",\"valueRequired\":true,\"valueName\":\"search_term_string\"}}],\"inLanguage\":\"it-IT\"},{\"@type\":\"Organization\",\"@id\":\"https:\\\/\\\/www.rassegnastampa-totustuus.it\\\/cattolica\\\/#organization\",\"name\":\"Rassegna Stampa Cattolica\",\"url\":\"https:\\\/\\\/www.rassegnastampa-totustuus.it\\\/cattolica\\\/\",\"logo\":{\"@type\":\"ImageObject\",\"inLanguage\":\"it-IT\",\"@id\":\"https:\\\/\\\/www.rassegnastampa-totustuus.it\\\/cattolica\\\/#\\\/schema\\\/logo\\\/image\\\/\",\"url\":\"https:\\\/\\\/www.rassegnastampa-totustuus.it\\\/cattolica\\\/wp-content\\\/uploads\\\/2014\\\/04\\\/logo-rassegna1.gif\",\"contentUrl\":\"https:\\\/\\\/www.rassegnastampa-totustuus.it\\\/cattolica\\\/wp-content\\\/uploads\\\/2014\\\/04\\\/logo-rassegna1.gif\",\"width\":600,\"height\":163,\"caption\":\"Rassegna Stampa Cattolica\"},\"image\":{\"@id\":\"https:\\\/\\\/www.rassegnastampa-totustuus.it\\\/cattolica\\\/#\\\/schema\\\/logo\\\/image\\\/\"},\"sameAs\":[\"https:\\\/\\\/www.facebook.com\\\/rassegnastampacattolica\",\"https:\\\/\\\/x.com\\\/rassegnastampa9\"]},{\"@type\":\"Person\",\"@id\":\"https:\\\/\\\/www.rassegnastampa-totustuus.it\\\/cattolica\\\/#\\\/schema\\\/person\\\/08f319d2bd1a0904ad9e2bfb7b15e5c3\",\"name\":\"Redazione\",\"image\":{\"@type\":\"ImageObject\",\"inLanguage\":\"it-IT\",\"@id\":\"https:\\\/\\\/secure.gravatar.com\\\/avatar\\\/2fcdf27c78ea025fbdb44e914cc63c72249ffec9dc8aafd5c82b26240ef3f346?s=96&d=mm&r=g\",\"url\":\"https:\\\/\\\/secure.gravatar.com\\\/avatar\\\/2fcdf27c78ea025fbdb44e914cc63c72249ffec9dc8aafd5c82b26240ef3f346?s=96&d=mm&r=g\",\"contentUrl\":\"https:\\\/\\\/secure.gravatar.com\\\/avatar\\\/2fcdf27c78ea025fbdb44e914cc63c72249ffec9dc8aafd5c82b26240ef3f346?s=96&d=mm&r=g\",\"caption\":\"Redazione\"},\"url\":\"https:\\\/\\\/www.rassegnastampa-totustuus.it\\\/cattolica\\\/author\\\/pietroelle\\\/\"}]}<\/script>\n<!-- \/ Yoast SEO plugin. -->","yoast_head_json":{"title":"India: il battesimo? Chiedilo alla polizia - Rassegna Stampa Cattolica","description":"India: il battesimo? Chiedilo alla polizia. In India cresce l'intolleranza soprattutto contro la minoranza cristiana","robots":{"index":"index","follow":"follow","max-snippet":"max-snippet:-1","max-image-preview":"max-image-preview:large","max-video-preview":"max-video-preview:-1"},"canonical":"https:\/\/www.rassegnastampa-totustuus.it\/cattolica\/india-il-battesimo-chiedilo-alla-polizia\/","og_locale":"it_IT","og_type":"article","og_title":"India: il battesimo? Chiedilo alla polizia - Rassegna Stampa Cattolica","og_description":"India: il battesimo? Chiedilo alla polizia. In India cresce l'intolleranza soprattutto contro la minoranza cristiana","og_url":"https:\/\/www.rassegnastampa-totustuus.it\/cattolica\/india-il-battesimo-chiedilo-alla-polizia\/","og_site_name":"Rassegna Stampa Cattolica","article_publisher":"https:\/\/www.facebook.com\/rassegnastampacattolica","article_published_time":"2005-01-20T17:08:17+00:00","article_modified_time":"2025-07-06T16:05:04+00:00","og_image":[{"width":295,"height":171,"url":"https:\/\/www.rassegnastampa-totustuus.it\/cattolica\/wp-content\/uploads\/2005\/01\/India_cristian.jpg","type":"image\/jpeg"}],"author":"Redazione","twitter_card":"summary_large_image","twitter_creator":"@rassegnastampa9","twitter_site":"@rassegnastampa9","twitter_misc":{"Scritto da":"Redazione","Tempo di lettura stimato":"6 minuti"},"schema":{"@context":"https:\/\/schema.org","@graph":[{"@type":"Article","@id":"https:\/\/www.rassegnastampa-totustuus.it\/cattolica\/india-il-battesimo-chiedilo-alla-polizia\/#article","isPartOf":{"@id":"https:\/\/www.rassegnastampa-totustuus.it\/cattolica\/india-il-battesimo-chiedilo-alla-polizia\/"},"author":{"name":"Redazione","@id":"https:\/\/www.rassegnastampa-totustuus.it\/cattolica\/#\/schema\/person\/08f319d2bd1a0904ad9e2bfb7b15e5c3"},"headline":"India: il battesimo? Chiedilo alla polizia","datePublished":"2005-01-20T17:08:17+00:00","dateModified":"2025-07-06T16:05:04+00:00","mainEntityOfPage":{"@id":"https:\/\/www.rassegnastampa-totustuus.it\/cattolica\/india-il-battesimo-chiedilo-alla-polizia\/"},"wordCount":975,"publisher":{"@id":"https:\/\/www.rassegnastampa-totustuus.it\/cattolica\/#organization"},"image":{"@id":"https:\/\/www.rassegnastampa-totustuus.it\/cattolica\/india-il-battesimo-chiedilo-alla-polizia\/#primaryimage"},"thumbnailUrl":"https:\/\/www.rassegnastampa-totustuus.it\/cattolica\/wp-content\/uploads\/2005\/01\/India_cristian.jpg","keywords":["India"],"articleSection":["Cristiani perseguitati"],"inLanguage":"it-IT"},{"@type":"WebPage","@id":"https:\/\/www.rassegnastampa-totustuus.it\/cattolica\/india-il-battesimo-chiedilo-alla-polizia\/","url":"https:\/\/www.rassegnastampa-totustuus.it\/cattolica\/india-il-battesimo-chiedilo-alla-polizia\/","name":"India: il battesimo? Chiedilo alla polizia - Rassegna Stampa Cattolica","isPartOf":{"@id":"https:\/\/www.rassegnastampa-totustuus.it\/cattolica\/#website"},"primaryImageOfPage":{"@id":"https:\/\/www.rassegnastampa-totustuus.it\/cattolica\/india-il-battesimo-chiedilo-alla-polizia\/#primaryimage"},"image":{"@id":"https:\/\/www.rassegnastampa-totustuus.it\/cattolica\/india-il-battesimo-chiedilo-alla-polizia\/#primaryimage"},"thumbnailUrl":"https:\/\/www.rassegnastampa-totustuus.it\/cattolica\/wp-content\/uploads\/2005\/01\/India_cristian.jpg","datePublished":"2005-01-20T17:08:17+00:00","dateModified":"2025-07-06T16:05:04+00:00","description":"India: il battesimo? Chiedilo alla polizia. In India cresce l'intolleranza soprattutto contro la minoranza cristiana","breadcrumb":{"@id":"https:\/\/www.rassegnastampa-totustuus.it\/cattolica\/india-il-battesimo-chiedilo-alla-polizia\/#breadcrumb"},"inLanguage":"it-IT","potentialAction":[{"@type":"ReadAction","target":["https:\/\/www.rassegnastampa-totustuus.it\/cattolica\/india-il-battesimo-chiedilo-alla-polizia\/"]}]},{"@type":"ImageObject","inLanguage":"it-IT","@id":"https:\/\/www.rassegnastampa-totustuus.it\/cattolica\/india-il-battesimo-chiedilo-alla-polizia\/#primaryimage","url":"https:\/\/www.rassegnastampa-totustuus.it\/cattolica\/wp-content\/uploads\/2005\/01\/India_cristian.jpg","contentUrl":"https:\/\/www.rassegnastampa-totustuus.it\/cattolica\/wp-content\/uploads\/2005\/01\/India_cristian.jpg","width":295,"height":171},{"@type":"BreadcrumbList","@id":"https:\/\/www.rassegnastampa-totustuus.it\/cattolica\/india-il-battesimo-chiedilo-alla-polizia\/#breadcrumb","itemListElement":[{"@type":"ListItem","position":1,"name":"Home","item":"https:\/\/www.rassegnastampa-totustuus.it\/cattolica\/"},{"@type":"ListItem","position":2,"name":"India: il battesimo? Chiedilo alla polizia"}]},{"@type":"WebSite","@id":"https:\/\/www.rassegnastampa-totustuus.it\/cattolica\/#website","url":"https:\/\/www.rassegnastampa-totustuus.it\/cattolica\/","name":"Rassegna Stampa Cattolica","description":"Per una cultura che nasce dalla Rivelazione cristiana in conformit\u00e0 alla tradizione e al Magistero della Chiesa in opposizione ad ogni relativismo e totalitarismo","publisher":{"@id":"https:\/\/www.rassegnastampa-totustuus.it\/cattolica\/#organization"},"alternateName":"Rass. Cattolica","potentialAction":[{"@type":"SearchAction","target":{"@type":"EntryPoint","urlTemplate":"https:\/\/www.rassegnastampa-totustuus.it\/cattolica\/?s={search_term_string}"},"query-input":{"@type":"PropertyValueSpecification","valueRequired":true,"valueName":"search_term_string"}}],"inLanguage":"it-IT"},{"@type":"Organization","@id":"https:\/\/www.rassegnastampa-totustuus.it\/cattolica\/#organization","name":"Rassegna Stampa Cattolica","url":"https:\/\/www.rassegnastampa-totustuus.it\/cattolica\/","logo":{"@type":"ImageObject","inLanguage":"it-IT","@id":"https:\/\/www.rassegnastampa-totustuus.it\/cattolica\/#\/schema\/logo\/image\/","url":"https:\/\/www.rassegnastampa-totustuus.it\/cattolica\/wp-content\/uploads\/2014\/04\/logo-rassegna1.gif","contentUrl":"https:\/\/www.rassegnastampa-totustuus.it\/cattolica\/wp-content\/uploads\/2014\/04\/logo-rassegna1.gif","width":600,"height":163,"caption":"Rassegna Stampa Cattolica"},"image":{"@id":"https:\/\/www.rassegnastampa-totustuus.it\/cattolica\/#\/schema\/logo\/image\/"},"sameAs":["https:\/\/www.facebook.com\/rassegnastampacattolica","https:\/\/x.com\/rassegnastampa9"]},{"@type":"Person","@id":"https:\/\/www.rassegnastampa-totustuus.it\/cattolica\/#\/schema\/person\/08f319d2bd1a0904ad9e2bfb7b15e5c3","name":"Redazione","image":{"@type":"ImageObject","inLanguage":"it-IT","@id":"https:\/\/secure.gravatar.com\/avatar\/2fcdf27c78ea025fbdb44e914cc63c72249ffec9dc8aafd5c82b26240ef3f346?s=96&d=mm&r=g","url":"https:\/\/secure.gravatar.com\/avatar\/2fcdf27c78ea025fbdb44e914cc63c72249ffec9dc8aafd5c82b26240ef3f346?s=96&d=mm&r=g","contentUrl":"https:\/\/secure.gravatar.com\/avatar\/2fcdf27c78ea025fbdb44e914cc63c72249ffec9dc8aafd5c82b26240ef3f346?s=96&d=mm&r=g","caption":"Redazione"},"url":"https:\/\/www.rassegnastampa-totustuus.it\/cattolica\/author\/pietroelle\/"}]}},"_links":{"self":[{"href":"https:\/\/www.rassegnastampa-totustuus.it\/cattolica\/wp-json\/wp\/v2\/posts\/310","targetHints":{"allow":["GET"]}}],"collection":[{"href":"https:\/\/www.rassegnastampa-totustuus.it\/cattolica\/wp-json\/wp\/v2\/posts"}],"about":[{"href":"https:\/\/www.rassegnastampa-totustuus.it\/cattolica\/wp-json\/wp\/v2\/types\/post"}],"author":[{"embeddable":true,"href":"https:\/\/www.rassegnastampa-totustuus.it\/cattolica\/wp-json\/wp\/v2\/users\/6"}],"replies":[{"embeddable":true,"href":"https:\/\/www.rassegnastampa-totustuus.it\/cattolica\/wp-json\/wp\/v2\/comments?post=310"}],"version-history":[{"count":4,"href":"https:\/\/www.rassegnastampa-totustuus.it\/cattolica\/wp-json\/wp\/v2\/posts\/310\/revisions"}],"predecessor-version":[{"id":62975,"href":"https:\/\/www.rassegnastampa-totustuus.it\/cattolica\/wp-json\/wp\/v2\/posts\/310\/revisions\/62975"}],"wp:featuredmedia":[{"embeddable":true,"href":"https:\/\/www.rassegnastampa-totustuus.it\/cattolica\/wp-json\/wp\/v2\/media\/28933"}],"wp:attachment":[{"href":"https:\/\/www.rassegnastampa-totustuus.it\/cattolica\/wp-json\/wp\/v2\/media?parent=310"}],"wp:term":[{"taxonomy":"category","embeddable":true,"href":"https:\/\/www.rassegnastampa-totustuus.it\/cattolica\/wp-json\/wp\/v2\/categories?post=310"},{"taxonomy":"post_tag","embeddable":true,"href":"https:\/\/www.rassegnastampa-totustuus.it\/cattolica\/wp-json\/wp\/v2\/tags?post=310"}],"curies":[{"name":"wp","href":"https:\/\/api.w.org\/{rel}","templated":true}]}}