{"id":30889,"date":"2016-02-25T08:24:31","date_gmt":"2016-02-25T07:24:31","guid":{"rendered":"http:\/\/www.rassegnastampa-totustuus.it\/cattolica\/?p=30889"},"modified":"2016-02-25T08:24:31","modified_gmt":"2016-02-25T07:24:31","slug":"noi-in-libia-saremo-mai-pronti","status":"publish","type":"post","link":"https:\/\/www.rassegnastampa-totustuus.it\/cattolica\/noi-in-libia-saremo-mai-pronti\/","title":{"rendered":"Noi in Libia saremo mai pronti?"},"content":{"rendered":"<p style=\"text-align: center;\"><strong><a href=\"https:\/\/www.rassegnastampa-totustuus.it\/cattolica\/wp-content\/uploads\/2016\/02\/Italia_Libia.jpg\"><img loading=\"lazy\" decoding=\"async\" class=\"alignleft wp-image-30890\" src=\"https:\/\/www.rassegnastampa-totustuus.it\/cattolica\/wp-content\/uploads\/2016\/02\/Italia_Libia.jpg\" alt=\"Italia_Libia\" width=\"250\" height=\"197\" \/><\/a>Correre della Sera<\/strong> 14 febbraio 2016<\/p>\n<p style=\"text-align: center;\">di <strong>Angelo Panebianco<\/strong><\/p>\n<p style=\"text-align: justify;\">L\u2019<span style=\"font-style: inherit; font-weight: inherit;\">accordo russo-americano per il cessate il fuoco in Siria era scritto sulla sabbia. I russi, grazie alla loro posizione di forza, continueranno ad aiutare, insieme agli iraniani, fino alla vittoria, il dittatore siriano nella lotta contro i \u00abterroristi\u00bb (tutti gli oppositori armati del regime) e l\u2019America, debole, ondeggiante e boccheggiante non sembra in grado di impedirlo. Anche l\u2019impegno assunto con gli americani dalle potenze sunnite Turchia e Arabia Saudita di combattere lo Stato islamico (pure lui sunnita e con gli stessi nemici di turchi e sauditi) non \u00e8 credibile. Lo Stato islamico \u00e8 ancora l\u00ec a minacciarci (come ha ricordato il primo ministro francese Manuel Valls) e niente lascia pensare che possa essere neutralizzato in tempi brevi.<\/span><\/p>\n<p style=\"text-align: justify;\"><!--more--><\/p>\n<p style=\"text-align: justify;\"><strong>In Italia, pare, non abbiamo ancora <\/strong>compreso che cosa significhi, per la nostra sicurezza, il declino politico-militare degli Stati Uniti, la loro perdita di influenza in Medio Oriente (e non soltanto). Un declino che, a giudicare dai primi risultati delle primarie presidenziali, potrebbe anche approfondirsi: i due candidati che al momento spopolano nelle primarie democratiche e repubblicane, Sanders e Trump, sono entrambi protezionisti e isolazionisti. Se anche, alla fine, come \u00e8 possibile, a vincere le nomination saranno candidati di establishment anzich\u00e9 di protesta, \u00e8 poco plausibile che quegli \u00abumori\u00bb popolari non lascino alcuna traccia.<\/p>\n<p style=\"text-align: justify;\"><strong>E noi italiani, allora, che facciamo?<\/strong> Dal dopoguerra in poi ci siamo abituati a dipendere per la nostra sicurezza dall\u2019America. Il vantaggio \u00e8 la protezione di cui abbiamo goduto. Lo svantaggio \u00e8 che non siamo stati in grado di sviluppare una adeguata \u00abcultura della sicurezza\u00bb: assomigliamo a quei ragazzini che, avendo avuto genitori troppo protettivi, non sono capaci di cavarsela da soli. Anche i \u00abbuoni sentimenti\u00bb pacifisti che abbiamo sviluppato (non solo la sanissima idea che bisogna fare di tutto per evitare le guerre ma anche l\u2019idea malata che non ci si debba attrezzare per difendersi) sono un lusso che ci siamo potuti permettere grazie a quella protezione.<\/p>\n<p style=\"text-align: justify;\"><strong>Facciamo un esempio<\/strong> della nostra inadeguatezza di fronte ai nuovi pericoli. L\u2019ennesima sentenza della magistratura ha dato ragione a mamme preoccupate e ambientalisti vari che cercano di impedire che il Muos, il sistema militare americano di comunicazioni satellitari entri in funzione a Niscemi, in Sicilia. Il Muos potrebbe essere uno strumento prezioso per anticipare eventuali attacchi missilistici ma c\u2019\u00e8 chi ipotizza che il suo funzionamento danneggerebbe la salute. Ma lo Stato islamico si \u00e8 insediato sulla costa libica, a un passo da noi, e non gli mancherebbero i mezzi, se un giorno lo decidesse, per procurare alla salute danni assai pi\u00f9 gravi.<\/p>\n<p style=\"text-align: justify;\"><strong>Continuiamo a dire che quando<\/strong>, con modi e tempi da stabilire, si interverr\u00e0 apertamente in Libia a sostegno dei libici impegnati contro lo Stato islamico (ufficiosamente siamo gi\u00e0 l\u00ec da un pezzo), all\u2019Italia spetter\u00e0 un ruolo di leadership. Una rivendicazione apparentemente ineccepibile: per la continuit\u00e0 dei nostri rapporti con la Libia e per la nostra esperienza. Ma pesa la difficolt\u00e0 dell\u2019Italia pubblica (politica e mediatica) ad affrontare con conoscenze e competenza le questioni della sicurezza. C\u2019\u00e8 da temere che, quando arriver\u00e0 il momento dell\u2019intervento, il governo non sia riuscito a preparare l\u2019opinione pubblica, non l\u2019abbia resa edotta dei pericoli che correremo se non verr\u00e0 fermata la deriva libica. Se arriveremo a quell\u2019appuntamento con una opinione pubblica impreparata, ci saranno forti contraccolpi nelle piazze e in Parlamento.<\/p>\n<p style=\"text-align: justify;\"><strong>Per qualcuno, il declino americano<\/strong>, se davvero diventasse irreversibile, non dovrebbe spaventarci. Non sar\u00e0 forse l\u2019Europa, un giorno, a provvedere alla nostra sicurezza? Qualunque cosa accada \u00abun giorno\u00bb, al momento, di questa Europa non v\u2019\u00e8 traccia. Ci\u00f2 che accade intorno a noi, dovrebbe convincerci di quanto inconsistenti siano le giaculatorie sulla necessit\u00e0 di una \u00abEuropa politica\u00bb, la quale, come \u00e8 noto, viene sempre evocata solo quando si parla di euro e di banche. Si dimentica che le unificazioni politiche non si fanno col burro ma con i cannoni. Sono sempre state guerre e minacce geopolitiche a innescarle.<\/p>\n<p style=\"text-align: justify;\"><strong>Dal Medio Oriente arrivano<\/strong> venti di guerra e minacce per gli europei. Solo il giorno in cui questa diventasse, su richiesta dei governi, la prima preoccupazione dell\u2019Unione, si potrebbe rivedere il giudizio sull\u2019inutilit\u00e0 delle giaculatorie a favore dell\u2019 Europa politica.<\/p>\n","protected":false},"excerpt":{"rendered":"<p>Correre della Sera 14 febbraio 2016 di Angelo Panebianco L\u2019accordo russo-americano per il cessate il fuoco in Siria era scritto sulla sabbia. I russi, grazie alla loro posizione di forza, continueranno ad aiutare, insieme agli iraniani, fino alla vittoria, il dittatore siriano nella lotta contro i \u00abterroristi\u00bb (tutti gli oppositori armati del regime) e l\u2019America, &hellip; <\/p>\n<p><a class=\"more-link btn\" href=\"https:\/\/www.rassegnastampa-totustuus.it\/cattolica\/noi-in-libia-saremo-mai-pronti\/\">Continua a leggere<\/a><\/p>\n","protected":false},"author":6,"featured_media":0,"comment_status":"closed","ping_status":"closed","sticky":false,"template":"","format":"standard","meta":{"footnotes":""},"categories":[14,19,20],"tags":[1915,2307,2278],"class_list":["post-30889","post","type-post","status-publish","format-standard","hentry","category-europa-e-ue","category-politica-internazionale","category-politica-nazionale","tag-libia","tag-sicurezza","tag-stato-islamico","item-wrap"],"yoast_head":"<!-- This site is optimized with the Yoast SEO plugin v27.5 - https:\/\/yoast.com\/product\/yoast-seo-wordpress\/ -->\n<title>Noi in Libia saremo mai pronti? - Rassegna Stampa Cattolica<\/title>\n<meta name=\"description\" content=\"Rassegna Stampa Cattolica - Per una cultura che nasce dalla Rivelazione cristiana in conformit\u00e0 alla tradizione e al Magistero della Chiesa in opposizione ad ogni relativismo e totalitarismo\" \/>\n<meta name=\"robots\" content=\"index, follow, max-snippet:-1, max-image-preview:large, max-video-preview:-1\" \/>\n<link rel=\"canonical\" href=\"https:\/\/www.rassegnastampa-totustuus.it\/cattolica\/noi-in-libia-saremo-mai-pronti\/\" \/>\n<meta property=\"og:locale\" content=\"it_IT\" \/>\n<meta property=\"og:type\" content=\"article\" \/>\n<meta property=\"og:title\" content=\"Noi in Libia saremo mai pronti? - Rassegna Stampa Cattolica\" \/>\n<meta property=\"og:description\" content=\"Rassegna Stampa Cattolica - Per una cultura che nasce dalla Rivelazione cristiana in conformit\u00e0 alla tradizione e al Magistero della Chiesa in opposizione ad ogni relativismo e totalitarismo\" \/>\n<meta property=\"og:url\" content=\"https:\/\/www.rassegnastampa-totustuus.it\/cattolica\/noi-in-libia-saremo-mai-pronti\/\" \/>\n<meta property=\"og:site_name\" content=\"Rassegna Stampa Cattolica\" \/>\n<meta property=\"article:publisher\" content=\"https:\/\/www.facebook.com\/rassegnastampacattolica\" \/>\n<meta property=\"article:published_time\" content=\"2016-02-25T07:24:31+00:00\" \/>\n<meta property=\"og:image\" content=\"http:\/\/www.rassegnastampa-totustuus.it\/cattolica\/wp-content\/uploads\/2016\/02\/Italia_Libia.jpg\" \/>\n<meta name=\"author\" content=\"Redazione\" \/>\n<meta name=\"twitter:card\" content=\"summary_large_image\" \/>\n<meta name=\"twitter:creator\" content=\"@rassegnastampa9\" \/>\n<meta name=\"twitter:site\" content=\"@rassegnastampa9\" \/>\n<meta name=\"twitter:label1\" content=\"Scritto da\" \/>\n\t<meta name=\"twitter:data1\" content=\"Redazione\" \/>\n\t<meta name=\"twitter:label2\" content=\"Tempo di lettura stimato\" \/>\n\t<meta name=\"twitter:data2\" content=\"3 minuti\" \/>\n<script type=\"application\/ld+json\" class=\"yoast-schema-graph\">{\"@context\":\"https:\\\/\\\/schema.org\",\"@graph\":[{\"@type\":\"Article\",\"@id\":\"https:\\\/\\\/www.rassegnastampa-totustuus.it\\\/cattolica\\\/noi-in-libia-saremo-mai-pronti\\\/#article\",\"isPartOf\":{\"@id\":\"https:\\\/\\\/www.rassegnastampa-totustuus.it\\\/cattolica\\\/noi-in-libia-saremo-mai-pronti\\\/\"},\"author\":{\"name\":\"Redazione\",\"@id\":\"https:\\\/\\\/www.rassegnastampa-totustuus.it\\\/cattolica\\\/#\\\/schema\\\/person\\\/08f319d2bd1a0904ad9e2bfb7b15e5c3\"},\"headline\":\"Noi in Libia saremo mai pronti?\",\"datePublished\":\"2016-02-25T07:24:31+00:00\",\"mainEntityOfPage\":{\"@id\":\"https:\\\/\\\/www.rassegnastampa-totustuus.it\\\/cattolica\\\/noi-in-libia-saremo-mai-pronti\\\/\"},\"wordCount\":704,\"publisher\":{\"@id\":\"https:\\\/\\\/www.rassegnastampa-totustuus.it\\\/cattolica\\\/#organization\"},\"image\":{\"@id\":\"https:\\\/\\\/www.rassegnastampa-totustuus.it\\\/cattolica\\\/noi-in-libia-saremo-mai-pronti\\\/#primaryimage\"},\"thumbnailUrl\":\"http:\\\/\\\/www.rassegnastampa-totustuus.it\\\/cattolica\\\/wp-content\\\/uploads\\\/2016\\\/02\\\/Italia_Libia.jpg\",\"keywords\":[\"Libia\",\"sicurezza\",\"stato islamico\"],\"articleSection\":[\"Europa e UE\",\"Politica internazionale\",\"Politica nazionale\"],\"inLanguage\":\"it-IT\"},{\"@type\":\"WebPage\",\"@id\":\"https:\\\/\\\/www.rassegnastampa-totustuus.it\\\/cattolica\\\/noi-in-libia-saremo-mai-pronti\\\/\",\"url\":\"https:\\\/\\\/www.rassegnastampa-totustuus.it\\\/cattolica\\\/noi-in-libia-saremo-mai-pronti\\\/\",\"name\":\"Noi in Libia saremo mai pronti? - Rassegna Stampa Cattolica\",\"isPartOf\":{\"@id\":\"https:\\\/\\\/www.rassegnastampa-totustuus.it\\\/cattolica\\\/#website\"},\"primaryImageOfPage\":{\"@id\":\"https:\\\/\\\/www.rassegnastampa-totustuus.it\\\/cattolica\\\/noi-in-libia-saremo-mai-pronti\\\/#primaryimage\"},\"image\":{\"@id\":\"https:\\\/\\\/www.rassegnastampa-totustuus.it\\\/cattolica\\\/noi-in-libia-saremo-mai-pronti\\\/#primaryimage\"},\"thumbnailUrl\":\"http:\\\/\\\/www.rassegnastampa-totustuus.it\\\/cattolica\\\/wp-content\\\/uploads\\\/2016\\\/02\\\/Italia_Libia.jpg\",\"datePublished\":\"2016-02-25T07:24:31+00:00\",\"description\":\"Rassegna Stampa Cattolica - Per una cultura che nasce dalla Rivelazione cristiana in conformit\u00e0 alla tradizione e al Magistero della Chiesa in opposizione ad ogni relativismo e totalitarismo\",\"breadcrumb\":{\"@id\":\"https:\\\/\\\/www.rassegnastampa-totustuus.it\\\/cattolica\\\/noi-in-libia-saremo-mai-pronti\\\/#breadcrumb\"},\"inLanguage\":\"it-IT\",\"potentialAction\":[{\"@type\":\"ReadAction\",\"target\":[\"https:\\\/\\\/www.rassegnastampa-totustuus.it\\\/cattolica\\\/noi-in-libia-saremo-mai-pronti\\\/\"]}]},{\"@type\":\"ImageObject\",\"inLanguage\":\"it-IT\",\"@id\":\"https:\\\/\\\/www.rassegnastampa-totustuus.it\\\/cattolica\\\/noi-in-libia-saremo-mai-pronti\\\/#primaryimage\",\"url\":\"http:\\\/\\\/www.rassegnastampa-totustuus.it\\\/cattolica\\\/wp-content\\\/uploads\\\/2016\\\/02\\\/Italia_Libia.jpg\",\"contentUrl\":\"http:\\\/\\\/www.rassegnastampa-totustuus.it\\\/cattolica\\\/wp-content\\\/uploads\\\/2016\\\/02\\\/Italia_Libia.jpg\"},{\"@type\":\"BreadcrumbList\",\"@id\":\"https:\\\/\\\/www.rassegnastampa-totustuus.it\\\/cattolica\\\/noi-in-libia-saremo-mai-pronti\\\/#breadcrumb\",\"itemListElement\":[{\"@type\":\"ListItem\",\"position\":1,\"name\":\"Home\",\"item\":\"https:\\\/\\\/www.rassegnastampa-totustuus.it\\\/cattolica\\\/\"},{\"@type\":\"ListItem\",\"position\":2,\"name\":\"Noi in Libia saremo mai pronti?\"}]},{\"@type\":\"WebSite\",\"@id\":\"https:\\\/\\\/www.rassegnastampa-totustuus.it\\\/cattolica\\\/#website\",\"url\":\"https:\\\/\\\/www.rassegnastampa-totustuus.it\\\/cattolica\\\/\",\"name\":\"Rassegna Stampa Cattolica\",\"description\":\"Per una cultura che nasce dalla Rivelazione cristiana in conformit\u00e0 alla tradizione e al Magistero della Chiesa in opposizione ad ogni relativismo e totalitarismo\",\"publisher\":{\"@id\":\"https:\\\/\\\/www.rassegnastampa-totustuus.it\\\/cattolica\\\/#organization\"},\"alternateName\":\"Rass. Cattolica\",\"potentialAction\":[{\"@type\":\"SearchAction\",\"target\":{\"@type\":\"EntryPoint\",\"urlTemplate\":\"https:\\\/\\\/www.rassegnastampa-totustuus.it\\\/cattolica\\\/?s={search_term_string}\"},\"query-input\":{\"@type\":\"PropertyValueSpecification\",\"valueRequired\":true,\"valueName\":\"search_term_string\"}}],\"inLanguage\":\"it-IT\"},{\"@type\":\"Organization\",\"@id\":\"https:\\\/\\\/www.rassegnastampa-totustuus.it\\\/cattolica\\\/#organization\",\"name\":\"Rassegna Stampa Cattolica\",\"url\":\"https:\\\/\\\/www.rassegnastampa-totustuus.it\\\/cattolica\\\/\",\"logo\":{\"@type\":\"ImageObject\",\"inLanguage\":\"it-IT\",\"@id\":\"https:\\\/\\\/www.rassegnastampa-totustuus.it\\\/cattolica\\\/#\\\/schema\\\/logo\\\/image\\\/\",\"url\":\"https:\\\/\\\/www.rassegnastampa-totustuus.it\\\/cattolica\\\/wp-content\\\/uploads\\\/2014\\\/04\\\/logo-rassegna1.gif\",\"contentUrl\":\"https:\\\/\\\/www.rassegnastampa-totustuus.it\\\/cattolica\\\/wp-content\\\/uploads\\\/2014\\\/04\\\/logo-rassegna1.gif\",\"width\":600,\"height\":163,\"caption\":\"Rassegna Stampa Cattolica\"},\"image\":{\"@id\":\"https:\\\/\\\/www.rassegnastampa-totustuus.it\\\/cattolica\\\/#\\\/schema\\\/logo\\\/image\\\/\"},\"sameAs\":[\"https:\\\/\\\/www.facebook.com\\\/rassegnastampacattolica\",\"https:\\\/\\\/x.com\\\/rassegnastampa9\"]},{\"@type\":\"Person\",\"@id\":\"https:\\\/\\\/www.rassegnastampa-totustuus.it\\\/cattolica\\\/#\\\/schema\\\/person\\\/08f319d2bd1a0904ad9e2bfb7b15e5c3\",\"name\":\"Redazione\",\"image\":{\"@type\":\"ImageObject\",\"inLanguage\":\"it-IT\",\"@id\":\"https:\\\/\\\/secure.gravatar.com\\\/avatar\\\/2fcdf27c78ea025fbdb44e914cc63c72249ffec9dc8aafd5c82b26240ef3f346?s=96&d=mm&r=g\",\"url\":\"https:\\\/\\\/secure.gravatar.com\\\/avatar\\\/2fcdf27c78ea025fbdb44e914cc63c72249ffec9dc8aafd5c82b26240ef3f346?s=96&d=mm&r=g\",\"contentUrl\":\"https:\\\/\\\/secure.gravatar.com\\\/avatar\\\/2fcdf27c78ea025fbdb44e914cc63c72249ffec9dc8aafd5c82b26240ef3f346?s=96&d=mm&r=g\",\"caption\":\"Redazione\"},\"url\":\"https:\\\/\\\/www.rassegnastampa-totustuus.it\\\/cattolica\\\/author\\\/pietroelle\\\/\"}]}<\/script>\n<!-- \/ Yoast SEO plugin. -->","yoast_head_json":{"title":"Noi in Libia saremo mai pronti? - Rassegna Stampa Cattolica","description":"Rassegna Stampa Cattolica - Per una cultura che nasce dalla Rivelazione cristiana in conformit\u00e0 alla tradizione e al Magistero della Chiesa in opposizione ad ogni relativismo e totalitarismo","robots":{"index":"index","follow":"follow","max-snippet":"max-snippet:-1","max-image-preview":"max-image-preview:large","max-video-preview":"max-video-preview:-1"},"canonical":"https:\/\/www.rassegnastampa-totustuus.it\/cattolica\/noi-in-libia-saremo-mai-pronti\/","og_locale":"it_IT","og_type":"article","og_title":"Noi in Libia saremo mai pronti? - Rassegna Stampa Cattolica","og_description":"Rassegna Stampa Cattolica - Per una cultura che nasce dalla Rivelazione cristiana in conformit\u00e0 alla tradizione e al Magistero della Chiesa in opposizione ad ogni relativismo e totalitarismo","og_url":"https:\/\/www.rassegnastampa-totustuus.it\/cattolica\/noi-in-libia-saremo-mai-pronti\/","og_site_name":"Rassegna Stampa Cattolica","article_publisher":"https:\/\/www.facebook.com\/rassegnastampacattolica","article_published_time":"2016-02-25T07:24:31+00:00","og_image":[{"url":"http:\/\/www.rassegnastampa-totustuus.it\/cattolica\/wp-content\/uploads\/2016\/02\/Italia_Libia.jpg","type":"","width":"","height":""}],"author":"Redazione","twitter_card":"summary_large_image","twitter_creator":"@rassegnastampa9","twitter_site":"@rassegnastampa9","twitter_misc":{"Scritto da":"Redazione","Tempo di lettura stimato":"3 minuti"},"schema":{"@context":"https:\/\/schema.org","@graph":[{"@type":"Article","@id":"https:\/\/www.rassegnastampa-totustuus.it\/cattolica\/noi-in-libia-saremo-mai-pronti\/#article","isPartOf":{"@id":"https:\/\/www.rassegnastampa-totustuus.it\/cattolica\/noi-in-libia-saremo-mai-pronti\/"},"author":{"name":"Redazione","@id":"https:\/\/www.rassegnastampa-totustuus.it\/cattolica\/#\/schema\/person\/08f319d2bd1a0904ad9e2bfb7b15e5c3"},"headline":"Noi in Libia saremo mai pronti?","datePublished":"2016-02-25T07:24:31+00:00","mainEntityOfPage":{"@id":"https:\/\/www.rassegnastampa-totustuus.it\/cattolica\/noi-in-libia-saremo-mai-pronti\/"},"wordCount":704,"publisher":{"@id":"https:\/\/www.rassegnastampa-totustuus.it\/cattolica\/#organization"},"image":{"@id":"https:\/\/www.rassegnastampa-totustuus.it\/cattolica\/noi-in-libia-saremo-mai-pronti\/#primaryimage"},"thumbnailUrl":"http:\/\/www.rassegnastampa-totustuus.it\/cattolica\/wp-content\/uploads\/2016\/02\/Italia_Libia.jpg","keywords":["Libia","sicurezza","stato islamico"],"articleSection":["Europa e UE","Politica internazionale","Politica nazionale"],"inLanguage":"it-IT"},{"@type":"WebPage","@id":"https:\/\/www.rassegnastampa-totustuus.it\/cattolica\/noi-in-libia-saremo-mai-pronti\/","url":"https:\/\/www.rassegnastampa-totustuus.it\/cattolica\/noi-in-libia-saremo-mai-pronti\/","name":"Noi in Libia saremo mai pronti? - Rassegna Stampa Cattolica","isPartOf":{"@id":"https:\/\/www.rassegnastampa-totustuus.it\/cattolica\/#website"},"primaryImageOfPage":{"@id":"https:\/\/www.rassegnastampa-totustuus.it\/cattolica\/noi-in-libia-saremo-mai-pronti\/#primaryimage"},"image":{"@id":"https:\/\/www.rassegnastampa-totustuus.it\/cattolica\/noi-in-libia-saremo-mai-pronti\/#primaryimage"},"thumbnailUrl":"http:\/\/www.rassegnastampa-totustuus.it\/cattolica\/wp-content\/uploads\/2016\/02\/Italia_Libia.jpg","datePublished":"2016-02-25T07:24:31+00:00","description":"Rassegna Stampa Cattolica - Per una cultura che nasce dalla Rivelazione cristiana in conformit\u00e0 alla tradizione e al Magistero della Chiesa in opposizione ad ogni relativismo e totalitarismo","breadcrumb":{"@id":"https:\/\/www.rassegnastampa-totustuus.it\/cattolica\/noi-in-libia-saremo-mai-pronti\/#breadcrumb"},"inLanguage":"it-IT","potentialAction":[{"@type":"ReadAction","target":["https:\/\/www.rassegnastampa-totustuus.it\/cattolica\/noi-in-libia-saremo-mai-pronti\/"]}]},{"@type":"ImageObject","inLanguage":"it-IT","@id":"https:\/\/www.rassegnastampa-totustuus.it\/cattolica\/noi-in-libia-saremo-mai-pronti\/#primaryimage","url":"http:\/\/www.rassegnastampa-totustuus.it\/cattolica\/wp-content\/uploads\/2016\/02\/Italia_Libia.jpg","contentUrl":"http:\/\/www.rassegnastampa-totustuus.it\/cattolica\/wp-content\/uploads\/2016\/02\/Italia_Libia.jpg"},{"@type":"BreadcrumbList","@id":"https:\/\/www.rassegnastampa-totustuus.it\/cattolica\/noi-in-libia-saremo-mai-pronti\/#breadcrumb","itemListElement":[{"@type":"ListItem","position":1,"name":"Home","item":"https:\/\/www.rassegnastampa-totustuus.it\/cattolica\/"},{"@type":"ListItem","position":2,"name":"Noi in Libia saremo mai pronti?"}]},{"@type":"WebSite","@id":"https:\/\/www.rassegnastampa-totustuus.it\/cattolica\/#website","url":"https:\/\/www.rassegnastampa-totustuus.it\/cattolica\/","name":"Rassegna Stampa Cattolica","description":"Per una cultura che nasce dalla Rivelazione cristiana in conformit\u00e0 alla tradizione e al Magistero della Chiesa in opposizione ad ogni relativismo e totalitarismo","publisher":{"@id":"https:\/\/www.rassegnastampa-totustuus.it\/cattolica\/#organization"},"alternateName":"Rass. Cattolica","potentialAction":[{"@type":"SearchAction","target":{"@type":"EntryPoint","urlTemplate":"https:\/\/www.rassegnastampa-totustuus.it\/cattolica\/?s={search_term_string}"},"query-input":{"@type":"PropertyValueSpecification","valueRequired":true,"valueName":"search_term_string"}}],"inLanguage":"it-IT"},{"@type":"Organization","@id":"https:\/\/www.rassegnastampa-totustuus.it\/cattolica\/#organization","name":"Rassegna Stampa Cattolica","url":"https:\/\/www.rassegnastampa-totustuus.it\/cattolica\/","logo":{"@type":"ImageObject","inLanguage":"it-IT","@id":"https:\/\/www.rassegnastampa-totustuus.it\/cattolica\/#\/schema\/logo\/image\/","url":"https:\/\/www.rassegnastampa-totustuus.it\/cattolica\/wp-content\/uploads\/2014\/04\/logo-rassegna1.gif","contentUrl":"https:\/\/www.rassegnastampa-totustuus.it\/cattolica\/wp-content\/uploads\/2014\/04\/logo-rassegna1.gif","width":600,"height":163,"caption":"Rassegna Stampa Cattolica"},"image":{"@id":"https:\/\/www.rassegnastampa-totustuus.it\/cattolica\/#\/schema\/logo\/image\/"},"sameAs":["https:\/\/www.facebook.com\/rassegnastampacattolica","https:\/\/x.com\/rassegnastampa9"]},{"@type":"Person","@id":"https:\/\/www.rassegnastampa-totustuus.it\/cattolica\/#\/schema\/person\/08f319d2bd1a0904ad9e2bfb7b15e5c3","name":"Redazione","image":{"@type":"ImageObject","inLanguage":"it-IT","@id":"https:\/\/secure.gravatar.com\/avatar\/2fcdf27c78ea025fbdb44e914cc63c72249ffec9dc8aafd5c82b26240ef3f346?s=96&d=mm&r=g","url":"https:\/\/secure.gravatar.com\/avatar\/2fcdf27c78ea025fbdb44e914cc63c72249ffec9dc8aafd5c82b26240ef3f346?s=96&d=mm&r=g","contentUrl":"https:\/\/secure.gravatar.com\/avatar\/2fcdf27c78ea025fbdb44e914cc63c72249ffec9dc8aafd5c82b26240ef3f346?s=96&d=mm&r=g","caption":"Redazione"},"url":"https:\/\/www.rassegnastampa-totustuus.it\/cattolica\/author\/pietroelle\/"}]}},"_links":{"self":[{"href":"https:\/\/www.rassegnastampa-totustuus.it\/cattolica\/wp-json\/wp\/v2\/posts\/30889","targetHints":{"allow":["GET"]}}],"collection":[{"href":"https:\/\/www.rassegnastampa-totustuus.it\/cattolica\/wp-json\/wp\/v2\/posts"}],"about":[{"href":"https:\/\/www.rassegnastampa-totustuus.it\/cattolica\/wp-json\/wp\/v2\/types\/post"}],"author":[{"embeddable":true,"href":"https:\/\/www.rassegnastampa-totustuus.it\/cattolica\/wp-json\/wp\/v2\/users\/6"}],"replies":[{"embeddable":true,"href":"https:\/\/www.rassegnastampa-totustuus.it\/cattolica\/wp-json\/wp\/v2\/comments?post=30889"}],"version-history":[{"count":1,"href":"https:\/\/www.rassegnastampa-totustuus.it\/cattolica\/wp-json\/wp\/v2\/posts\/30889\/revisions"}],"predecessor-version":[{"id":30891,"href":"https:\/\/www.rassegnastampa-totustuus.it\/cattolica\/wp-json\/wp\/v2\/posts\/30889\/revisions\/30891"}],"wp:attachment":[{"href":"https:\/\/www.rassegnastampa-totustuus.it\/cattolica\/wp-json\/wp\/v2\/media?parent=30889"}],"wp:term":[{"taxonomy":"category","embeddable":true,"href":"https:\/\/www.rassegnastampa-totustuus.it\/cattolica\/wp-json\/wp\/v2\/categories?post=30889"},{"taxonomy":"post_tag","embeddable":true,"href":"https:\/\/www.rassegnastampa-totustuus.it\/cattolica\/wp-json\/wp\/v2\/tags?post=30889"}],"curies":[{"name":"wp","href":"https:\/\/api.w.org\/{rel}","templated":true}]}}