{"id":30828,"date":"2016-02-25T00:00:58","date_gmt":"2016-02-24T23:00:58","guid":{"rendered":"http:\/\/www.rassegnastampa-totustuus.it\/cattolica\/?p=30828"},"modified":"2016-02-25T09:15:14","modified_gmt":"2016-02-25T08:15:14","slug":"laltro-islam-lo-sguardo-aperto-del-pensiero-sciita","status":"publish","type":"post","link":"https:\/\/www.rassegnastampa-totustuus.it\/cattolica\/laltro-islam-lo-sguardo-aperto-del-pensiero-sciita\/","title":{"rendered":"L\u2019altro islam. Lo sguardo aperto del pensiero sciita"},"content":{"rendered":"<p style=\"text-align: center;\"><strong><a href=\"https:\/\/www.rassegnastampa-totustuus.it\/cattolica\/wp-content\/uploads\/2016\/02\/sciiti_sunniti.jpg\"><img loading=\"lazy\" decoding=\"async\" class=\"alignright wp-image-30829\" src=\"https:\/\/www.rassegnastampa-totustuus.it\/cattolica\/wp-content\/uploads\/2016\/02\/sciiti_sunniti.jpg\" alt=\"sciiti_sunniti\" width=\"240\" height=\"160\" \/><\/a>Avvenire<\/strong> mercoled\u00ec 17 febbraio 2016<strong>\u00a0<\/strong><\/p>\n<p style=\"text-align: justify;\"><em>Il professore della Sorbona, Mohammad Ali Amir-Moezzi, spiega la mistica e la tradizione della minoranza islamica perseguitata dai jihadisti sunniti e nel mirino dei sanguinari fondamentalisti del Daesh. \u00abNello sciismo esiste una vivace vita intellettuale con numerosi riformatori\u00bb<\/em><\/p>\n<p style=\"text-align: center;\"><strong>Chiara Zappa<\/strong><\/p>\n<p style=\"text-align: center;\"><!--more--><\/p>\n<p style=\"text-align: justify;\">Esiste un altro islam. Poco conosciuto, a tratti persino misterioso. Tradizionalmente discriminato dal mondo musulmano maggioritario sunnita, oggi apertamente nel mirino dei fondamentalisti sanguinari del Daesh e dei loro \u201ccugini\u201d, in Medio Oriente come nel subcontinente indiano. Si tratta dell\u2019islam sciita, corrente religiosa che conta oltre duecento milioni di fedeli in tutto il mondo: dall\u2019Iran \u2013 dov\u2019\u00e8 religione di Stato \u2013 allo Yemen, dall\u2019Azerbaigian al Bahrain, dall\u2019Iraq al Libano fino a India, Pakistan, Bangladesh.<\/p>\n<p style=\"text-align: justify;\">Degli sciiti il grande pubblico ha imparato a conoscere soprattutto le espressioni fanatiche di mullah totalitari e fazioni violentemente anti-israeliane, o tutt\u2019al pi\u00f9 il folklore cruento di rituali di lutto collettivi a base di lamenti e autoflagellazioni. Solo di recente abbiamo cominciato a percepirli anche come una minoranza perseguitata dai jihadisti sunniti. Fenomeni che tuttavia \u00aboccultano il fatto che lo sciismo \u00e8 anche una delle pi\u00f9 ricche tradizioni intellettuali e spirituali dell\u2019islam; che la sua storia annovera migliaia di brillanti teologi, esegeti, filosofi, artisti, eruditi, giuristi, mistici e uomini di lettere; che il corpus degli scritti sciiti \u00e8 uno dei pi\u00f9 ricchi del mondo\u00bb.<\/p>\n<p style=\"text-align: justify;\">Parola di Mohammad Ali Amir-Moezzi, docente di Esegesi e teologia dell\u2019islam sciita all\u2019\u00c9ecole pratique des Hautes \u00c9tudes della Sorbona, che nel suo<em> L\u2019islam degli sciiti. Dalla saggezza mistica alla tentazione politica,<\/em> in uscita per Edb (pagine 86, euro 7,00), rievoca l\u2019origine dello scisma che lacer\u00f2 il mondo musulmano al momento della successione al profeta Muhammad e ripercorre le tappe fondamentali dello sviluppo del pensiero sciita lungo i secoli. Uno studio particolarmente interessante, quello dell\u2019intellettuale iraniano, in un momento in cui lo strappo settario all\u2019interno del mondo musulmano conosce esiti pi\u00f9 che mai\u00a0sanguinosi e preoccupanti.<\/p>\n<p style=\"text-align: justify;\"><strong>Professore, quali sono le specificit\u00e0 della corrente islamica sciita rispetto a quella sunnita?<\/strong><\/p>\n<p style=\"text-align: justify;\">\u00abIn origine, la frattura nella comunit\u00e0 dei seguaci di Muhammad si consum\u00f2 perch\u00e9 una parte di loro giudic\u00f2 illegittima la scelta di Abu Bakr per la successione al profeta, ritenendo che questa spettasse di diritto al genero e cugino Ali. Questo gruppo \u2013 \u201cShi \u2019atu \u2019Ali\u201d,\u201cla fazione di Ali\u201d, da cui \u201csciiti\u201d \u2013, rest\u00f2 fedele ai successivi discendenti della famiglia del profeta, gli imam. Una parola che, nel mondo sciita, non rappresenta semplicemente gli esperti della religione bens\u00ec guide spirituali veneratissime. La specificit\u00e0 di questa corrente, nella sostanza, sta proprio nella profonda devozione agli imam, che d\u00e0 forma alla teologia \u2013 lo sciismo \u00e8 la religione della guida spirituale \u2013 cos\u00ec come alle espressioni di fede popolare, con tutte le forme di venerazione a Muhammad, a Fatima e Ali, ai loro figli Hasan e Husayn e a tutti i discendenti\u00bb.<\/p>\n<p style=\"text-align: justify;\"><strong>Si tratta di un filo conduttore che unisce tutti gli sciiti nel mondo?<\/strong><\/p>\n<p style=\"text-align: justify;\">\u00abEsistono tre grandi branche di sciiti: i duodecimani, gli zayditi, presenti nello Yemen, e gli ismailiti, diffusi soprattutto in India. Tutte condividono la devozione alla figura dell\u2019imam, anche se ci sono delle differenze. Gli iraniani, ad esempio, identificano l\u2019immagine dell\u2019\u201cimam nascosto\u201d nella Guida suprema, mentre gli ismailiti la riconoscono nell\u2019Aga Khan\u00bb.<\/p>\n<p style=\"text-align: justify;\"><strong>Qual \u00e8 l\u2019importanza della tradizione sciita nella storia del pensiero musulmano?<\/strong><\/p>\n<p style=\"text-align: justify;\">\u00ab\u00c8 molto grande. Nel primo secolo dell\u2019islam la questione della successione fu centrale, determin\u00f2 fazioni avverse e relative correnti di pensiero. Questa disputa fu al centro della costituzione della dottrina, e molte dottrine sunnite attuali furono in origine una reazione a movimenti sciiti considerati eretici. Inoltre, gli sciiti hanno sempre coltivato l\u2019ermeneutica, l\u2019esegesi: per loro il Corano ha bisogno di essere interpretato, riconoscono vari livelli di senso, letture differenti dello stesso testo. Non a caso il mondo sciita ha visto prosperare la filosofia e la teologia: i grandi filosofi Farabi e Miskawayh erano sciiti, nell\u2019era Safavide proliferarono famosi pensatori, molti filosofi ismaeliti sono meno noti ma importantissimi, lo stesso Avicenna si form\u00f2 in un contesto sciita. E anche ai giorni nostri, nonostante tutti i limiti che conosciamo, in Iran la filosofia \u00e8 materia di baccalaureato\u00bb.<\/p>\n<p style=\"text-align: justify;\"><strong>Il pensiero sciita ebbe un ruolo anche nella diffusione delle scienze in Occidente?<\/strong><\/p>\n<p style=\"text-align: justify;\">\u00abS\u00ec, indirettamente: le opere di molti di questi sapienti furono tradotte in latino. Non solo il pensiero sciita contribu\u00ec alla formazione della filosofia nel mondo islamico, ma gli intellettuali sunniti stessi sono influenzati dalle dottrine sciite\u00bb.<\/p>\n<p style=\"text-align: justify;\"><strong>Lo sciismo ha una lunga tradizione di studi critici sui testi sacri: il mondo sciita pu\u00f2 essere oggi un attore della modernizzazione del pensiero islamico in generale?<\/strong><\/p>\n<p style=\"text-align: justify;\">\u00abPotrebbe essere un attore di riforma. Anche se pu\u00f2 sembrare paradossale, in Iran, nonostante la strumentalizzazione politica della religione, o forse proprio in reazione ad essa, \u00e8 in atto una vera riflessione sull\u2019islam. Esiste una vivace vita intellettuale (ci\u00f2 che non si verifica in altri Paesi islamici, soprattutto arabi) con numerose figure di riformatori\u00bb.<\/p>\n<p style=\"text-align: justify;\"><strong>Intanto per\u00f2 assistiamo a un pericoloso scontro tra mondo sunnita e sciita: \u00e8 preoccupato?<\/strong><\/p>\n<p style=\"text-align: justify;\">\u00abCerto, si tratta di un fenomeno inquietante. In realt\u00e0, la religione viene strumentalizzata per altri fini, ma la popolazione si sente molto coinvolta perch\u00e9 in questi scontri si fa riferimento a credenze importantissime. La gente viene manipolata e ci\u00f2 crea una violenza estrema, che pu\u00f2 infiammare regioni intere\u00bb.<\/p>\n<p style=\"text-align: justify;\"><strong>Esistono esperimenti interessanti di \u201cecumenismo\u201d tra le diverse correnti<\/strong> <strong>islamiche?<\/strong><\/p>\n<p style=\"text-align: justify;\">\u00abS\u00ec, ne abbiamo avuti alcuni tra la fine del XIX e l\u2019inizio del XX secolo, ma con risultati relativi, perch\u00e9 sul piano religioso esistono elementi inconciliabili. Nonostante ci\u00f2, generalmente le comunit\u00e0 sono arrivate a un equilibrio pragmatico, riuscendo a convivere in pace. I problemi si verificano quando intervengono appunto manipolazioni da parte di regimi corrotti, o provocazioni internazionali. Penso che un dialogo duraturo possa nascere non dal basso, perch\u00e9 le masse di fedeli non sarebbero preparate, bens\u00ec da una classe intellettuale che elabori un\u2019adeguata riflessione teorica e politica\u00bb.<\/p>\n<p style=\"text-align: justify;\"><strong>Lei sostiene che il mondo sciita, rispetto ai sunniti, \u00e8 pi\u00f9 aperto al dialogo con le altre religioni: perch\u00e9?<\/strong><\/p>\n<p style=\"text-align: justify;\">\u00abNello sciismo l\u2019aspetto spirituale e intellettuale sono molto importanti, e tra le \u00e9lite la tradizione razionale \u2013 e quindi anche dialettica \u2013 \u00e8 rimasta molto viva. Con i religiosi sciiti, anche quelli pi\u00f9 rigidi, \u00e8 possibile mettersi attorno a un tavolo e dialogare, cosa impossibile con i fondamentalisti sunniti. E i fatti lo dimostrano\u00bb.<\/p>\n","protected":false},"excerpt":{"rendered":"<p>Avvenire mercoled\u00ec 17 febbraio 2016\u00a0 Il professore della Sorbona, Mohammad Ali Amir-Moezzi, spiega la mistica e la tradizione della minoranza islamica perseguitata dai jihadisti sunniti e nel mirino dei sanguinari fondamentalisti del Daesh. \u00abNello sciismo esiste una vivace vita intellettuale con numerosi riformatori\u00bb Chiara Zappa<\/p><p><a class=\"more-link btn\" href=\"https:\/\/www.rassegnastampa-totustuus.it\/cattolica\/laltro-islam-lo-sguardo-aperto-del-pensiero-sciita\/\">Continua a leggere<\/a><\/p>\n","protected":false},"author":6,"featured_media":30829,"comment_status":"closed","ping_status":"closed","sticky":false,"template":"","format":"standard","meta":{"footnotes":""},"categories":[16],"tags":[783],"class_list":["post-30828","post","type-post","status-publish","format-standard","has-post-thumbnail","hentry","category-islam","tag-sciiti","item-wrap"],"yoast_head":"<!-- This site is optimized with the Yoast SEO plugin v27.5 - https:\/\/yoast.com\/product\/yoast-seo-wordpress\/ -->\n<title>L\u2019altro islam. Lo sguardo aperto del pensiero sciita - Rassegna Stampa Cattolica<\/title>\n<meta name=\"description\" content=\"Rassegna Stampa Cattolica - Per una cultura che nasce dalla Rivelazione cristiana in conformit\u00e0 alla tradizione e al Magistero della Chiesa in opposizione ad ogni relativismo e totalitarismo\" \/>\n<meta name=\"robots\" content=\"index, follow, max-snippet:-1, max-image-preview:large, max-video-preview:-1\" \/>\n<link rel=\"canonical\" href=\"https:\/\/www.rassegnastampa-totustuus.it\/cattolica\/laltro-islam-lo-sguardo-aperto-del-pensiero-sciita\/\" \/>\n<meta property=\"og:locale\" content=\"it_IT\" \/>\n<meta property=\"og:type\" content=\"article\" \/>\n<meta property=\"og:title\" content=\"L\u2019altro islam. Lo sguardo aperto del pensiero sciita - Rassegna Stampa Cattolica\" \/>\n<meta property=\"og:description\" content=\"Rassegna Stampa Cattolica - Per una cultura che nasce dalla Rivelazione cristiana in conformit\u00e0 alla tradizione e al Magistero della Chiesa in opposizione ad ogni relativismo e totalitarismo\" \/>\n<meta property=\"og:url\" content=\"https:\/\/www.rassegnastampa-totustuus.it\/cattolica\/laltro-islam-lo-sguardo-aperto-del-pensiero-sciita\/\" \/>\n<meta property=\"og:site_name\" content=\"Rassegna Stampa Cattolica\" \/>\n<meta property=\"article:publisher\" content=\"https:\/\/www.facebook.com\/rassegnastampacattolica\" \/>\n<meta property=\"article:published_time\" content=\"2016-02-24T23:00:58+00:00\" \/>\n<meta property=\"article:modified_time\" content=\"2016-02-25T08:15:14+00:00\" \/>\n<meta property=\"og:image\" content=\"https:\/\/www.rassegnastampa-totustuus.it\/cattolica\/wp-content\/uploads\/2016\/02\/sciiti_sunniti.jpg\" \/>\n\t<meta property=\"og:image:width\" content=\"275\" \/>\n\t<meta property=\"og:image:height\" content=\"183\" \/>\n\t<meta property=\"og:image:type\" content=\"image\/jpeg\" \/>\n<meta name=\"author\" content=\"Redazione\" \/>\n<meta name=\"twitter:card\" content=\"summary_large_image\" \/>\n<meta name=\"twitter:creator\" content=\"@rassegnastampa9\" \/>\n<meta name=\"twitter:site\" content=\"@rassegnastampa9\" \/>\n<meta name=\"twitter:label1\" content=\"Scritto da\" \/>\n\t<meta name=\"twitter:data1\" content=\"Redazione\" \/>\n\t<meta name=\"twitter:label2\" content=\"Tempo di lettura stimato\" \/>\n\t<meta name=\"twitter:data2\" content=\"5 minuti\" \/>\n<script type=\"application\/ld+json\" class=\"yoast-schema-graph\">{\"@context\":\"https:\\\/\\\/schema.org\",\"@graph\":[{\"@type\":\"Article\",\"@id\":\"https:\\\/\\\/www.rassegnastampa-totustuus.it\\\/cattolica\\\/laltro-islam-lo-sguardo-aperto-del-pensiero-sciita\\\/#article\",\"isPartOf\":{\"@id\":\"https:\\\/\\\/www.rassegnastampa-totustuus.it\\\/cattolica\\\/laltro-islam-lo-sguardo-aperto-del-pensiero-sciita\\\/\"},\"author\":{\"name\":\"Redazione\",\"@id\":\"https:\\\/\\\/www.rassegnastampa-totustuus.it\\\/cattolica\\\/#\\\/schema\\\/person\\\/08f319d2bd1a0904ad9e2bfb7b15e5c3\"},\"headline\":\"L\u2019altro islam. Lo sguardo aperto del pensiero sciita\",\"datePublished\":\"2016-02-24T23:00:58+00:00\",\"dateModified\":\"2016-02-25T08:15:14+00:00\",\"mainEntityOfPage\":{\"@id\":\"https:\\\/\\\/www.rassegnastampa-totustuus.it\\\/cattolica\\\/laltro-islam-lo-sguardo-aperto-del-pensiero-sciita\\\/\"},\"wordCount\":1056,\"publisher\":{\"@id\":\"https:\\\/\\\/www.rassegnastampa-totustuus.it\\\/cattolica\\\/#organization\"},\"image\":{\"@id\":\"https:\\\/\\\/www.rassegnastampa-totustuus.it\\\/cattolica\\\/laltro-islam-lo-sguardo-aperto-del-pensiero-sciita\\\/#primaryimage\"},\"thumbnailUrl\":\"https:\\\/\\\/www.rassegnastampa-totustuus.it\\\/cattolica\\\/wp-content\\\/uploads\\\/2016\\\/02\\\/sciiti_sunniti.jpg\",\"keywords\":[\"sciiti\"],\"articleSection\":[\"Islam\"],\"inLanguage\":\"it-IT\"},{\"@type\":\"WebPage\",\"@id\":\"https:\\\/\\\/www.rassegnastampa-totustuus.it\\\/cattolica\\\/laltro-islam-lo-sguardo-aperto-del-pensiero-sciita\\\/\",\"url\":\"https:\\\/\\\/www.rassegnastampa-totustuus.it\\\/cattolica\\\/laltro-islam-lo-sguardo-aperto-del-pensiero-sciita\\\/\",\"name\":\"L\u2019altro islam. Lo sguardo aperto del pensiero sciita - Rassegna Stampa Cattolica\",\"isPartOf\":{\"@id\":\"https:\\\/\\\/www.rassegnastampa-totustuus.it\\\/cattolica\\\/#website\"},\"primaryImageOfPage\":{\"@id\":\"https:\\\/\\\/www.rassegnastampa-totustuus.it\\\/cattolica\\\/laltro-islam-lo-sguardo-aperto-del-pensiero-sciita\\\/#primaryimage\"},\"image\":{\"@id\":\"https:\\\/\\\/www.rassegnastampa-totustuus.it\\\/cattolica\\\/laltro-islam-lo-sguardo-aperto-del-pensiero-sciita\\\/#primaryimage\"},\"thumbnailUrl\":\"https:\\\/\\\/www.rassegnastampa-totustuus.it\\\/cattolica\\\/wp-content\\\/uploads\\\/2016\\\/02\\\/sciiti_sunniti.jpg\",\"datePublished\":\"2016-02-24T23:00:58+00:00\",\"dateModified\":\"2016-02-25T08:15:14+00:00\",\"description\":\"Rassegna Stampa Cattolica - Per una cultura che nasce dalla Rivelazione cristiana in conformit\u00e0 alla tradizione e al Magistero della Chiesa in opposizione ad ogni relativismo e totalitarismo\",\"breadcrumb\":{\"@id\":\"https:\\\/\\\/www.rassegnastampa-totustuus.it\\\/cattolica\\\/laltro-islam-lo-sguardo-aperto-del-pensiero-sciita\\\/#breadcrumb\"},\"inLanguage\":\"it-IT\",\"potentialAction\":[{\"@type\":\"ReadAction\",\"target\":[\"https:\\\/\\\/www.rassegnastampa-totustuus.it\\\/cattolica\\\/laltro-islam-lo-sguardo-aperto-del-pensiero-sciita\\\/\"]}]},{\"@type\":\"ImageObject\",\"inLanguage\":\"it-IT\",\"@id\":\"https:\\\/\\\/www.rassegnastampa-totustuus.it\\\/cattolica\\\/laltro-islam-lo-sguardo-aperto-del-pensiero-sciita\\\/#primaryimage\",\"url\":\"https:\\\/\\\/www.rassegnastampa-totustuus.it\\\/cattolica\\\/wp-content\\\/uploads\\\/2016\\\/02\\\/sciiti_sunniti.jpg\",\"contentUrl\":\"https:\\\/\\\/www.rassegnastampa-totustuus.it\\\/cattolica\\\/wp-content\\\/uploads\\\/2016\\\/02\\\/sciiti_sunniti.jpg\",\"width\":275,\"height\":183},{\"@type\":\"BreadcrumbList\",\"@id\":\"https:\\\/\\\/www.rassegnastampa-totustuus.it\\\/cattolica\\\/laltro-islam-lo-sguardo-aperto-del-pensiero-sciita\\\/#breadcrumb\",\"itemListElement\":[{\"@type\":\"ListItem\",\"position\":1,\"name\":\"Home\",\"item\":\"https:\\\/\\\/www.rassegnastampa-totustuus.it\\\/cattolica\\\/\"},{\"@type\":\"ListItem\",\"position\":2,\"name\":\"L\u2019altro islam. Lo sguardo aperto del pensiero sciita\"}]},{\"@type\":\"WebSite\",\"@id\":\"https:\\\/\\\/www.rassegnastampa-totustuus.it\\\/cattolica\\\/#website\",\"url\":\"https:\\\/\\\/www.rassegnastampa-totustuus.it\\\/cattolica\\\/\",\"name\":\"Rassegna Stampa Cattolica\",\"description\":\"Per una cultura che nasce dalla Rivelazione cristiana in conformit\u00e0 alla tradizione e al Magistero della Chiesa in opposizione ad ogni relativismo e totalitarismo\",\"publisher\":{\"@id\":\"https:\\\/\\\/www.rassegnastampa-totustuus.it\\\/cattolica\\\/#organization\"},\"alternateName\":\"Rass. Cattolica\",\"potentialAction\":[{\"@type\":\"SearchAction\",\"target\":{\"@type\":\"EntryPoint\",\"urlTemplate\":\"https:\\\/\\\/www.rassegnastampa-totustuus.it\\\/cattolica\\\/?s={search_term_string}\"},\"query-input\":{\"@type\":\"PropertyValueSpecification\",\"valueRequired\":true,\"valueName\":\"search_term_string\"}}],\"inLanguage\":\"it-IT\"},{\"@type\":\"Organization\",\"@id\":\"https:\\\/\\\/www.rassegnastampa-totustuus.it\\\/cattolica\\\/#organization\",\"name\":\"Rassegna Stampa Cattolica\",\"url\":\"https:\\\/\\\/www.rassegnastampa-totustuus.it\\\/cattolica\\\/\",\"logo\":{\"@type\":\"ImageObject\",\"inLanguage\":\"it-IT\",\"@id\":\"https:\\\/\\\/www.rassegnastampa-totustuus.it\\\/cattolica\\\/#\\\/schema\\\/logo\\\/image\\\/\",\"url\":\"https:\\\/\\\/www.rassegnastampa-totustuus.it\\\/cattolica\\\/wp-content\\\/uploads\\\/2014\\\/04\\\/logo-rassegna1.gif\",\"contentUrl\":\"https:\\\/\\\/www.rassegnastampa-totustuus.it\\\/cattolica\\\/wp-content\\\/uploads\\\/2014\\\/04\\\/logo-rassegna1.gif\",\"width\":600,\"height\":163,\"caption\":\"Rassegna Stampa Cattolica\"},\"image\":{\"@id\":\"https:\\\/\\\/www.rassegnastampa-totustuus.it\\\/cattolica\\\/#\\\/schema\\\/logo\\\/image\\\/\"},\"sameAs\":[\"https:\\\/\\\/www.facebook.com\\\/rassegnastampacattolica\",\"https:\\\/\\\/x.com\\\/rassegnastampa9\"]},{\"@type\":\"Person\",\"@id\":\"https:\\\/\\\/www.rassegnastampa-totustuus.it\\\/cattolica\\\/#\\\/schema\\\/person\\\/08f319d2bd1a0904ad9e2bfb7b15e5c3\",\"name\":\"Redazione\",\"image\":{\"@type\":\"ImageObject\",\"inLanguage\":\"it-IT\",\"@id\":\"https:\\\/\\\/secure.gravatar.com\\\/avatar\\\/2fcdf27c78ea025fbdb44e914cc63c72249ffec9dc8aafd5c82b26240ef3f346?s=96&d=mm&r=g\",\"url\":\"https:\\\/\\\/secure.gravatar.com\\\/avatar\\\/2fcdf27c78ea025fbdb44e914cc63c72249ffec9dc8aafd5c82b26240ef3f346?s=96&d=mm&r=g\",\"contentUrl\":\"https:\\\/\\\/secure.gravatar.com\\\/avatar\\\/2fcdf27c78ea025fbdb44e914cc63c72249ffec9dc8aafd5c82b26240ef3f346?s=96&d=mm&r=g\",\"caption\":\"Redazione\"},\"url\":\"https:\\\/\\\/www.rassegnastampa-totustuus.it\\\/cattolica\\\/author\\\/pietroelle\\\/\"}]}<\/script>\n<!-- \/ Yoast SEO plugin. -->","yoast_head_json":{"title":"L\u2019altro islam. Lo sguardo aperto del pensiero sciita - Rassegna Stampa Cattolica","description":"Rassegna Stampa Cattolica - Per una cultura che nasce dalla Rivelazione cristiana in conformit\u00e0 alla tradizione e al Magistero della Chiesa in opposizione ad ogni relativismo e totalitarismo","robots":{"index":"index","follow":"follow","max-snippet":"max-snippet:-1","max-image-preview":"max-image-preview:large","max-video-preview":"max-video-preview:-1"},"canonical":"https:\/\/www.rassegnastampa-totustuus.it\/cattolica\/laltro-islam-lo-sguardo-aperto-del-pensiero-sciita\/","og_locale":"it_IT","og_type":"article","og_title":"L\u2019altro islam. Lo sguardo aperto del pensiero sciita - Rassegna Stampa Cattolica","og_description":"Rassegna Stampa Cattolica - Per una cultura che nasce dalla Rivelazione cristiana in conformit\u00e0 alla tradizione e al Magistero della Chiesa in opposizione ad ogni relativismo e totalitarismo","og_url":"https:\/\/www.rassegnastampa-totustuus.it\/cattolica\/laltro-islam-lo-sguardo-aperto-del-pensiero-sciita\/","og_site_name":"Rassegna Stampa Cattolica","article_publisher":"https:\/\/www.facebook.com\/rassegnastampacattolica","article_published_time":"2016-02-24T23:00:58+00:00","article_modified_time":"2016-02-25T08:15:14+00:00","og_image":[{"width":275,"height":183,"url":"https:\/\/www.rassegnastampa-totustuus.it\/cattolica\/wp-content\/uploads\/2016\/02\/sciiti_sunniti.jpg","type":"image\/jpeg"}],"author":"Redazione","twitter_card":"summary_large_image","twitter_creator":"@rassegnastampa9","twitter_site":"@rassegnastampa9","twitter_misc":{"Scritto da":"Redazione","Tempo di lettura stimato":"5 minuti"},"schema":{"@context":"https:\/\/schema.org","@graph":[{"@type":"Article","@id":"https:\/\/www.rassegnastampa-totustuus.it\/cattolica\/laltro-islam-lo-sguardo-aperto-del-pensiero-sciita\/#article","isPartOf":{"@id":"https:\/\/www.rassegnastampa-totustuus.it\/cattolica\/laltro-islam-lo-sguardo-aperto-del-pensiero-sciita\/"},"author":{"name":"Redazione","@id":"https:\/\/www.rassegnastampa-totustuus.it\/cattolica\/#\/schema\/person\/08f319d2bd1a0904ad9e2bfb7b15e5c3"},"headline":"L\u2019altro islam. Lo sguardo aperto del pensiero sciita","datePublished":"2016-02-24T23:00:58+00:00","dateModified":"2016-02-25T08:15:14+00:00","mainEntityOfPage":{"@id":"https:\/\/www.rassegnastampa-totustuus.it\/cattolica\/laltro-islam-lo-sguardo-aperto-del-pensiero-sciita\/"},"wordCount":1056,"publisher":{"@id":"https:\/\/www.rassegnastampa-totustuus.it\/cattolica\/#organization"},"image":{"@id":"https:\/\/www.rassegnastampa-totustuus.it\/cattolica\/laltro-islam-lo-sguardo-aperto-del-pensiero-sciita\/#primaryimage"},"thumbnailUrl":"https:\/\/www.rassegnastampa-totustuus.it\/cattolica\/wp-content\/uploads\/2016\/02\/sciiti_sunniti.jpg","keywords":["sciiti"],"articleSection":["Islam"],"inLanguage":"it-IT"},{"@type":"WebPage","@id":"https:\/\/www.rassegnastampa-totustuus.it\/cattolica\/laltro-islam-lo-sguardo-aperto-del-pensiero-sciita\/","url":"https:\/\/www.rassegnastampa-totustuus.it\/cattolica\/laltro-islam-lo-sguardo-aperto-del-pensiero-sciita\/","name":"L\u2019altro islam. Lo sguardo aperto del pensiero sciita - Rassegna Stampa Cattolica","isPartOf":{"@id":"https:\/\/www.rassegnastampa-totustuus.it\/cattolica\/#website"},"primaryImageOfPage":{"@id":"https:\/\/www.rassegnastampa-totustuus.it\/cattolica\/laltro-islam-lo-sguardo-aperto-del-pensiero-sciita\/#primaryimage"},"image":{"@id":"https:\/\/www.rassegnastampa-totustuus.it\/cattolica\/laltro-islam-lo-sguardo-aperto-del-pensiero-sciita\/#primaryimage"},"thumbnailUrl":"https:\/\/www.rassegnastampa-totustuus.it\/cattolica\/wp-content\/uploads\/2016\/02\/sciiti_sunniti.jpg","datePublished":"2016-02-24T23:00:58+00:00","dateModified":"2016-02-25T08:15:14+00:00","description":"Rassegna Stampa Cattolica - Per una cultura che nasce dalla Rivelazione cristiana in conformit\u00e0 alla tradizione e al Magistero della Chiesa in opposizione ad ogni relativismo e totalitarismo","breadcrumb":{"@id":"https:\/\/www.rassegnastampa-totustuus.it\/cattolica\/laltro-islam-lo-sguardo-aperto-del-pensiero-sciita\/#breadcrumb"},"inLanguage":"it-IT","potentialAction":[{"@type":"ReadAction","target":["https:\/\/www.rassegnastampa-totustuus.it\/cattolica\/laltro-islam-lo-sguardo-aperto-del-pensiero-sciita\/"]}]},{"@type":"ImageObject","inLanguage":"it-IT","@id":"https:\/\/www.rassegnastampa-totustuus.it\/cattolica\/laltro-islam-lo-sguardo-aperto-del-pensiero-sciita\/#primaryimage","url":"https:\/\/www.rassegnastampa-totustuus.it\/cattolica\/wp-content\/uploads\/2016\/02\/sciiti_sunniti.jpg","contentUrl":"https:\/\/www.rassegnastampa-totustuus.it\/cattolica\/wp-content\/uploads\/2016\/02\/sciiti_sunniti.jpg","width":275,"height":183},{"@type":"BreadcrumbList","@id":"https:\/\/www.rassegnastampa-totustuus.it\/cattolica\/laltro-islam-lo-sguardo-aperto-del-pensiero-sciita\/#breadcrumb","itemListElement":[{"@type":"ListItem","position":1,"name":"Home","item":"https:\/\/www.rassegnastampa-totustuus.it\/cattolica\/"},{"@type":"ListItem","position":2,"name":"L\u2019altro islam. Lo sguardo aperto del pensiero sciita"}]},{"@type":"WebSite","@id":"https:\/\/www.rassegnastampa-totustuus.it\/cattolica\/#website","url":"https:\/\/www.rassegnastampa-totustuus.it\/cattolica\/","name":"Rassegna Stampa Cattolica","description":"Per una cultura che nasce dalla Rivelazione cristiana in conformit\u00e0 alla tradizione e al Magistero della Chiesa in opposizione ad ogni relativismo e totalitarismo","publisher":{"@id":"https:\/\/www.rassegnastampa-totustuus.it\/cattolica\/#organization"},"alternateName":"Rass. Cattolica","potentialAction":[{"@type":"SearchAction","target":{"@type":"EntryPoint","urlTemplate":"https:\/\/www.rassegnastampa-totustuus.it\/cattolica\/?s={search_term_string}"},"query-input":{"@type":"PropertyValueSpecification","valueRequired":true,"valueName":"search_term_string"}}],"inLanguage":"it-IT"},{"@type":"Organization","@id":"https:\/\/www.rassegnastampa-totustuus.it\/cattolica\/#organization","name":"Rassegna Stampa Cattolica","url":"https:\/\/www.rassegnastampa-totustuus.it\/cattolica\/","logo":{"@type":"ImageObject","inLanguage":"it-IT","@id":"https:\/\/www.rassegnastampa-totustuus.it\/cattolica\/#\/schema\/logo\/image\/","url":"https:\/\/www.rassegnastampa-totustuus.it\/cattolica\/wp-content\/uploads\/2014\/04\/logo-rassegna1.gif","contentUrl":"https:\/\/www.rassegnastampa-totustuus.it\/cattolica\/wp-content\/uploads\/2014\/04\/logo-rassegna1.gif","width":600,"height":163,"caption":"Rassegna Stampa Cattolica"},"image":{"@id":"https:\/\/www.rassegnastampa-totustuus.it\/cattolica\/#\/schema\/logo\/image\/"},"sameAs":["https:\/\/www.facebook.com\/rassegnastampacattolica","https:\/\/x.com\/rassegnastampa9"]},{"@type":"Person","@id":"https:\/\/www.rassegnastampa-totustuus.it\/cattolica\/#\/schema\/person\/08f319d2bd1a0904ad9e2bfb7b15e5c3","name":"Redazione","image":{"@type":"ImageObject","inLanguage":"it-IT","@id":"https:\/\/secure.gravatar.com\/avatar\/2fcdf27c78ea025fbdb44e914cc63c72249ffec9dc8aafd5c82b26240ef3f346?s=96&d=mm&r=g","url":"https:\/\/secure.gravatar.com\/avatar\/2fcdf27c78ea025fbdb44e914cc63c72249ffec9dc8aafd5c82b26240ef3f346?s=96&d=mm&r=g","contentUrl":"https:\/\/secure.gravatar.com\/avatar\/2fcdf27c78ea025fbdb44e914cc63c72249ffec9dc8aafd5c82b26240ef3f346?s=96&d=mm&r=g","caption":"Redazione"},"url":"https:\/\/www.rassegnastampa-totustuus.it\/cattolica\/author\/pietroelle\/"}]}},"_links":{"self":[{"href":"https:\/\/www.rassegnastampa-totustuus.it\/cattolica\/wp-json\/wp\/v2\/posts\/30828","targetHints":{"allow":["GET"]}}],"collection":[{"href":"https:\/\/www.rassegnastampa-totustuus.it\/cattolica\/wp-json\/wp\/v2\/posts"}],"about":[{"href":"https:\/\/www.rassegnastampa-totustuus.it\/cattolica\/wp-json\/wp\/v2\/types\/post"}],"author":[{"embeddable":true,"href":"https:\/\/www.rassegnastampa-totustuus.it\/cattolica\/wp-json\/wp\/v2\/users\/6"}],"replies":[{"embeddable":true,"href":"https:\/\/www.rassegnastampa-totustuus.it\/cattolica\/wp-json\/wp\/v2\/comments?post=30828"}],"version-history":[{"count":2,"href":"https:\/\/www.rassegnastampa-totustuus.it\/cattolica\/wp-json\/wp\/v2\/posts\/30828\/revisions"}],"predecessor-version":[{"id":30893,"href":"https:\/\/www.rassegnastampa-totustuus.it\/cattolica\/wp-json\/wp\/v2\/posts\/30828\/revisions\/30893"}],"wp:featuredmedia":[{"embeddable":true,"href":"https:\/\/www.rassegnastampa-totustuus.it\/cattolica\/wp-json\/wp\/v2\/media\/30829"}],"wp:attachment":[{"href":"https:\/\/www.rassegnastampa-totustuus.it\/cattolica\/wp-json\/wp\/v2\/media?parent=30828"}],"wp:term":[{"taxonomy":"category","embeddable":true,"href":"https:\/\/www.rassegnastampa-totustuus.it\/cattolica\/wp-json\/wp\/v2\/categories?post=30828"},{"taxonomy":"post_tag","embeddable":true,"href":"https:\/\/www.rassegnastampa-totustuus.it\/cattolica\/wp-json\/wp\/v2\/tags?post=30828"}],"curies":[{"name":"wp","href":"https:\/\/api.w.org\/{rel}","templated":true}]}}