{"id":3082,"date":"2009-04-20T12:48:38","date_gmt":"2009-04-20T10:48:38","guid":{"rendered":""},"modified":"2015-02-17T11:05:17","modified_gmt":"2015-02-17T10:05:17","slug":"due-o-tre-buone-ragioni-per-limitare-le-moschee","status":"publish","type":"post","link":"https:\/\/www.rassegnastampa-totustuus.it\/cattolica\/due-o-tre-buone-ragioni-per-limitare-le-moschee\/","title":{"rendered":"Due (o tre) buone ragioni per limitare le moschee"},"content":{"rendered":"<div style=\"text-align: center;\"><strong><a href=\"https:\/\/www.rassegnastampa-totustuus.it\/cattolica\/wp-content\/uploads\/2009\/04\/moschea.jpg\"><img loading=\"lazy\" decoding=\"async\" class=\"alignright wp-image-18968\" src=\"https:\/\/www.rassegnastampa-totustuus.it\/cattolica\/wp-content\/uploads\/2009\/04\/moschea.jpg\" alt=\"moschea\" width=\"250\" height=\"157\" \/><\/a>il Giornale della Libert\u00e0<\/strong>,<\/div>\n<div style=\"text-align: center;\">21 settembre 2007<\/div>\n<p style=\"text-align: center;\">\u00a0di <strong>Massimo Introvigne <\/strong><\/p>\n<p style=\"text-align: justify;\">Non ha ragione chi vuole mettere in campo i maiali \u2013 peraltro invano, perch\u00e9 ai musulmani \u00e8 vietato mangiare carne di maiale ma un luogo su cui hanno pascolato suini pu\u00f2 essere purificato e utilizzato. Ha ragione invece chi invita a pensarci due volte \u2013 magari tre \u2013 prima di autorizzare i musulmani a costruire nuove moschee, specie quando chi si propone di costruirle \u00e8 l\u2019Ente di gestione dei beni islamici in Italia (Al Waqf al Islami), che fa capo all\u2019UCOII \u2013 la pi\u00f9 grande ma anche la pi\u00f9 fondamentalista delle organizzazioni islamiche italiane \u2013, anche se l\u2019UCOII afferma che l\u2019Ente \u00e8 un semplice organo di gestione provvisoria, pronto di volta in volta a trasferire il controllo delle moschee ad associazioni private di fedeli.<\/p>\n<p><!--more--><\/p>\n<div style=\"text-align: justify;\">Ma non \u00e8 neppure questo il solo problema. Le recenti controversie riportano alla ribalta tutti gli equivoci insiti nell\u2019espressione \u201cmoschea\u201d. Quando si dice che in Italia ci sono oltre trecento moschee si afferma qualcosa che, per quanto entrato nel linguaggio comune, \u00e8 tecnicamente sbagliato: non si tratta di moschee (masjid o jami) ma di semplici \u201csale di preghiera\u201d (musalla), pi\u00f9 o meno confortevoli.<\/div>\n<p style=\"text-align: justify;\">Sullo statuto giuridico di un paio di edifici si discute, ma le moschee in senso proprio in Italia si contano sulle dita di una mano. Politici ulivisti, studiosi dell\u2019islam buonisti e anche qualche ecclesiastico cattolico bene intenzionato, ma male informato, affermano che i musulmani hanno diritto ai loro luoghi di culto.<\/p>\n<p style=\"text-align: justify;\">Questi sono appunto le sale di preghiera, di cui i musulmani italiani fruiscono con relativa abbondanza e senza troppe difficolt\u00e0 dal Piemonte alla Sicilia. La moschea, invece, non \u00e8 un luogo di culto. Come ha scritto il gesuita padre Khalil Samir, che da anni studia la questione, in un articolo su La Civilt\u00e0 Cattolica \u201cla moschea, in quanto centro socio-politico-culturale musulmano, non pu\u00f2 entrare nella categoria dei \u2018luoghi di culto\u2019, non essendo esclusivamente un luogo di preghiera\u201d.<\/p>\n<p style=\"text-align: justify;\">La moschea \u00e8 un centro dove la comunit\u00e0 si raduna per affrontare questioni culturali, sociali e politiche, oltre che religiose. Nella moschea si trova normalmente, oltre a una scuola islamica, un tribunale coranico che \u2013 come \u00e8 noto \u2013 non si occupa solo di questioni strettamente religiose. Tutta l\u2019azione dell\u2019islam politico parte dalla moschea, e ogni costruzione di moschea \u00e8 percepita e presentata come una \u201cconquista\u201d\u00a0 per i musulmani e un segno del \u201ccedimento\u201d dell\u2019Occidente, tanto pi\u00f9 che secondo il diritto musulmano il territorio dove \u00e8 sorta una moschea acquisisce una sua extra-territorialit\u00e0 e diventa terra islamica per sempre.<\/p>\n<p style=\"text-align: justify;\">Si sarebbe tentati, allora, di concludere che la questione \u00e8 troppo seria per affidarla esclusivamente ai sindaci di grandi e piccoli centri, che nonostante gli ammonimenti degli esperti continuano a considerare la moschea un semplice luogo di culto (il che \u00e8, a rigore, offensivo per gli stessi musulmani). In qualche modo, la costruzione di moschee dovrebbe essere controllata, con la massima prudenza, dallo Stato, come del resto avviene in altri paesi europei. Ecco allora che la discussione dovrebbe allargarsi a una politica dell\u2019islam.<\/p>\n<p style=\"text-align: justify;\">Una politica seria dovrebbe anzitutto identificare chi usa oggi le sale di preghiera \u2013 e domani le moschee \u2013 come spazi per diffondere ideologie ultra-fondamentaliste incompatibili con le nostre tradizioni e con la stessa Costituzione, per non parlare di coloro \u2013 che non mancano \u2013 che le moschee le usano come depositi di armi e centri di reclutamento per il jihad in Iraq o in Cecenia.<\/p>\n<p style=\"text-align: justify;\">A costoro, evidentemente, gli spazi dovrebbero essere ristretti, non ampliati. Per gli altri \u2013 per i musulmani disponibili a riconoscere i valori e la Costituzione della societ\u00e0 che li ospita (e anch\u2019essi non mancano) \u2013 andrebbe esaminato caso per caso se la moschea risponda a un bisogno reale o soltanto a uno simbolico, magari alimentato da cattivi maestri.<\/p>\n<p style=\"text-align: justify;\">La recente deriva del Governo e del ministro Amato verso un allegro multiculturalismo non lascia bene sperare al riguardo. Ma non \u00e8 mai troppo tardi per ravvedersi.<\/p>\n<p style=\"text-align: justify;\">(A.C. Valdera)<\/p>\n","protected":false},"excerpt":{"rendered":"<p>il Giornale della Libert\u00e0, 21 settembre 2007 \u00a0di Massimo Introvigne Non ha ragione chi vuole mettere in campo i maiali \u2013 peraltro invano, perch\u00e9 ai musulmani \u00e8 vietato mangiare carne di maiale ma un luogo su cui hanno pascolato suini pu\u00f2 essere purificato e utilizzato. Ha ragione invece chi invita a pensarci due volte \u2013 &hellip; <\/p>\n<p><a class=\"more-link btn\" href=\"https:\/\/www.rassegnastampa-totustuus.it\/cattolica\/due-o-tre-buone-ragioni-per-limitare-le-moschee\/\">Continua a leggere<\/a><\/p>\n","protected":false},"author":6,"featured_media":18968,"comment_status":"closed","ping_status":"open","sticky":false,"template":"","format":"standard","meta":{"footnotes":""},"categories":[16,35],"tags":[1073],"class_list":["post-3082","post","type-post","status-publish","format-standard","has-post-thumbnail","hentry","category-islam","category-islam-in-italia","tag-moschea","item-wrap"],"yoast_head":"<!-- This site is optimized with the Yoast SEO plugin v27.5 - https:\/\/yoast.com\/product\/yoast-seo-wordpress\/ -->\n<title>Due (o tre) buone ragioni per limitare le moschee - Rassegna Stampa Cattolica<\/title>\n<meta name=\"description\" content=\"Rassegna Stampa Cattolica - Per una cultura che nasce dalla Rivelazione cristiana in conformit\u00e0 alla tradizione e al Magistero della Chiesa in opposizione ad ogni relativismo e totalitarismo\" \/>\n<meta name=\"robots\" content=\"index, follow, max-snippet:-1, max-image-preview:large, max-video-preview:-1\" \/>\n<link rel=\"canonical\" href=\"https:\/\/www.rassegnastampa-totustuus.it\/cattolica\/due-o-tre-buone-ragioni-per-limitare-le-moschee\/\" \/>\n<meta property=\"og:locale\" content=\"it_IT\" \/>\n<meta property=\"og:type\" content=\"article\" \/>\n<meta property=\"og:title\" content=\"Due (o tre) buone ragioni per limitare le moschee - Rassegna Stampa Cattolica\" \/>\n<meta property=\"og:description\" content=\"Rassegna Stampa Cattolica - Per una cultura che nasce dalla Rivelazione cristiana in conformit\u00e0 alla tradizione e al Magistero della Chiesa in opposizione ad ogni relativismo e totalitarismo\" \/>\n<meta property=\"og:url\" content=\"https:\/\/www.rassegnastampa-totustuus.it\/cattolica\/due-o-tre-buone-ragioni-per-limitare-le-moschee\/\" \/>\n<meta property=\"og:site_name\" content=\"Rassegna Stampa Cattolica\" \/>\n<meta property=\"article:publisher\" content=\"https:\/\/www.facebook.com\/rassegnastampacattolica\" \/>\n<meta property=\"article:published_time\" content=\"2009-04-20T10:48:38+00:00\" \/>\n<meta property=\"article:modified_time\" content=\"2015-02-17T10:05:17+00:00\" \/>\n<meta property=\"og:image\" content=\"https:\/\/www.rassegnastampa-totustuus.it\/cattolica\/wp-content\/uploads\/2009\/04\/moschea.jpg\" \/>\n\t<meta property=\"og:image:width\" content=\"284\" \/>\n\t<meta property=\"og:image:height\" content=\"178\" \/>\n\t<meta property=\"og:image:type\" content=\"image\/jpeg\" \/>\n<meta name=\"author\" content=\"Redazione\" \/>\n<meta name=\"twitter:card\" content=\"summary_large_image\" \/>\n<meta name=\"twitter:creator\" content=\"@rassegnastampa9\" \/>\n<meta name=\"twitter:site\" content=\"@rassegnastampa9\" \/>\n<meta name=\"twitter:label1\" content=\"Scritto da\" \/>\n\t<meta name=\"twitter:data1\" content=\"Redazione\" \/>\n\t<meta name=\"twitter:label2\" content=\"Tempo di lettura stimato\" \/>\n\t<meta name=\"twitter:data2\" content=\"3 minuti\" \/>\n<script type=\"application\/ld+json\" class=\"yoast-schema-graph\">{\"@context\":\"https:\\\/\\\/schema.org\",\"@graph\":[{\"@type\":\"Article\",\"@id\":\"https:\\\/\\\/www.rassegnastampa-totustuus.it\\\/cattolica\\\/due-o-tre-buone-ragioni-per-limitare-le-moschee\\\/#article\",\"isPartOf\":{\"@id\":\"https:\\\/\\\/www.rassegnastampa-totustuus.it\\\/cattolica\\\/due-o-tre-buone-ragioni-per-limitare-le-moschee\\\/\"},\"author\":{\"name\":\"Redazione\",\"@id\":\"https:\\\/\\\/www.rassegnastampa-totustuus.it\\\/cattolica\\\/#\\\/schema\\\/person\\\/08f319d2bd1a0904ad9e2bfb7b15e5c3\"},\"headline\":\"Due (o tre) buone ragioni per limitare le moschee\",\"datePublished\":\"2009-04-20T10:48:38+00:00\",\"dateModified\":\"2015-02-17T10:05:17+00:00\",\"mainEntityOfPage\":{\"@id\":\"https:\\\/\\\/www.rassegnastampa-totustuus.it\\\/cattolica\\\/due-o-tre-buone-ragioni-per-limitare-le-moschee\\\/\"},\"wordCount\":653,\"publisher\":{\"@id\":\"https:\\\/\\\/www.rassegnastampa-totustuus.it\\\/cattolica\\\/#organization\"},\"image\":{\"@id\":\"https:\\\/\\\/www.rassegnastampa-totustuus.it\\\/cattolica\\\/due-o-tre-buone-ragioni-per-limitare-le-moschee\\\/#primaryimage\"},\"thumbnailUrl\":\"https:\\\/\\\/www.rassegnastampa-totustuus.it\\\/cattolica\\\/wp-content\\\/uploads\\\/2009\\\/04\\\/moschea.jpg\",\"keywords\":[\"moschea\"],\"articleSection\":[\"Islam\",\"Islam in Italia\"],\"inLanguage\":\"it-IT\"},{\"@type\":\"WebPage\",\"@id\":\"https:\\\/\\\/www.rassegnastampa-totustuus.it\\\/cattolica\\\/due-o-tre-buone-ragioni-per-limitare-le-moschee\\\/\",\"url\":\"https:\\\/\\\/www.rassegnastampa-totustuus.it\\\/cattolica\\\/due-o-tre-buone-ragioni-per-limitare-le-moschee\\\/\",\"name\":\"Due (o tre) buone ragioni per limitare le moschee - Rassegna Stampa Cattolica\",\"isPartOf\":{\"@id\":\"https:\\\/\\\/www.rassegnastampa-totustuus.it\\\/cattolica\\\/#website\"},\"primaryImageOfPage\":{\"@id\":\"https:\\\/\\\/www.rassegnastampa-totustuus.it\\\/cattolica\\\/due-o-tre-buone-ragioni-per-limitare-le-moschee\\\/#primaryimage\"},\"image\":{\"@id\":\"https:\\\/\\\/www.rassegnastampa-totustuus.it\\\/cattolica\\\/due-o-tre-buone-ragioni-per-limitare-le-moschee\\\/#primaryimage\"},\"thumbnailUrl\":\"https:\\\/\\\/www.rassegnastampa-totustuus.it\\\/cattolica\\\/wp-content\\\/uploads\\\/2009\\\/04\\\/moschea.jpg\",\"datePublished\":\"2009-04-20T10:48:38+00:00\",\"dateModified\":\"2015-02-17T10:05:17+00:00\",\"description\":\"Rassegna Stampa Cattolica - Per una cultura che nasce dalla Rivelazione cristiana in conformit\u00e0 alla tradizione e al Magistero della Chiesa in opposizione ad ogni relativismo e totalitarismo\",\"breadcrumb\":{\"@id\":\"https:\\\/\\\/www.rassegnastampa-totustuus.it\\\/cattolica\\\/due-o-tre-buone-ragioni-per-limitare-le-moschee\\\/#breadcrumb\"},\"inLanguage\":\"it-IT\",\"potentialAction\":[{\"@type\":\"ReadAction\",\"target\":[\"https:\\\/\\\/www.rassegnastampa-totustuus.it\\\/cattolica\\\/due-o-tre-buone-ragioni-per-limitare-le-moschee\\\/\"]}]},{\"@type\":\"ImageObject\",\"inLanguage\":\"it-IT\",\"@id\":\"https:\\\/\\\/www.rassegnastampa-totustuus.it\\\/cattolica\\\/due-o-tre-buone-ragioni-per-limitare-le-moschee\\\/#primaryimage\",\"url\":\"https:\\\/\\\/www.rassegnastampa-totustuus.it\\\/cattolica\\\/wp-content\\\/uploads\\\/2009\\\/04\\\/moschea.jpg\",\"contentUrl\":\"https:\\\/\\\/www.rassegnastampa-totustuus.it\\\/cattolica\\\/wp-content\\\/uploads\\\/2009\\\/04\\\/moschea.jpg\",\"width\":284,\"height\":178},{\"@type\":\"BreadcrumbList\",\"@id\":\"https:\\\/\\\/www.rassegnastampa-totustuus.it\\\/cattolica\\\/due-o-tre-buone-ragioni-per-limitare-le-moschee\\\/#breadcrumb\",\"itemListElement\":[{\"@type\":\"ListItem\",\"position\":1,\"name\":\"Home\",\"item\":\"https:\\\/\\\/www.rassegnastampa-totustuus.it\\\/cattolica\\\/\"},{\"@type\":\"ListItem\",\"position\":2,\"name\":\"Due (o tre) buone ragioni per limitare le moschee\"}]},{\"@type\":\"WebSite\",\"@id\":\"https:\\\/\\\/www.rassegnastampa-totustuus.it\\\/cattolica\\\/#website\",\"url\":\"https:\\\/\\\/www.rassegnastampa-totustuus.it\\\/cattolica\\\/\",\"name\":\"Rassegna Stampa Cattolica\",\"description\":\"Per una cultura che nasce dalla Rivelazione cristiana in conformit\u00e0 alla tradizione e al Magistero della Chiesa in opposizione ad ogni relativismo e totalitarismo\",\"publisher\":{\"@id\":\"https:\\\/\\\/www.rassegnastampa-totustuus.it\\\/cattolica\\\/#organization\"},\"alternateName\":\"Rass. Cattolica\",\"potentialAction\":[{\"@type\":\"SearchAction\",\"target\":{\"@type\":\"EntryPoint\",\"urlTemplate\":\"https:\\\/\\\/www.rassegnastampa-totustuus.it\\\/cattolica\\\/?s={search_term_string}\"},\"query-input\":{\"@type\":\"PropertyValueSpecification\",\"valueRequired\":true,\"valueName\":\"search_term_string\"}}],\"inLanguage\":\"it-IT\"},{\"@type\":\"Organization\",\"@id\":\"https:\\\/\\\/www.rassegnastampa-totustuus.it\\\/cattolica\\\/#organization\",\"name\":\"Rassegna Stampa Cattolica\",\"url\":\"https:\\\/\\\/www.rassegnastampa-totustuus.it\\\/cattolica\\\/\",\"logo\":{\"@type\":\"ImageObject\",\"inLanguage\":\"it-IT\",\"@id\":\"https:\\\/\\\/www.rassegnastampa-totustuus.it\\\/cattolica\\\/#\\\/schema\\\/logo\\\/image\\\/\",\"url\":\"https:\\\/\\\/www.rassegnastampa-totustuus.it\\\/cattolica\\\/wp-content\\\/uploads\\\/2014\\\/04\\\/logo-rassegna1.gif\",\"contentUrl\":\"https:\\\/\\\/www.rassegnastampa-totustuus.it\\\/cattolica\\\/wp-content\\\/uploads\\\/2014\\\/04\\\/logo-rassegna1.gif\",\"width\":600,\"height\":163,\"caption\":\"Rassegna Stampa Cattolica\"},\"image\":{\"@id\":\"https:\\\/\\\/www.rassegnastampa-totustuus.it\\\/cattolica\\\/#\\\/schema\\\/logo\\\/image\\\/\"},\"sameAs\":[\"https:\\\/\\\/www.facebook.com\\\/rassegnastampacattolica\",\"https:\\\/\\\/x.com\\\/rassegnastampa9\"]},{\"@type\":\"Person\",\"@id\":\"https:\\\/\\\/www.rassegnastampa-totustuus.it\\\/cattolica\\\/#\\\/schema\\\/person\\\/08f319d2bd1a0904ad9e2bfb7b15e5c3\",\"name\":\"Redazione\",\"image\":{\"@type\":\"ImageObject\",\"inLanguage\":\"it-IT\",\"@id\":\"https:\\\/\\\/secure.gravatar.com\\\/avatar\\\/2fcdf27c78ea025fbdb44e914cc63c72249ffec9dc8aafd5c82b26240ef3f346?s=96&d=mm&r=g\",\"url\":\"https:\\\/\\\/secure.gravatar.com\\\/avatar\\\/2fcdf27c78ea025fbdb44e914cc63c72249ffec9dc8aafd5c82b26240ef3f346?s=96&d=mm&r=g\",\"contentUrl\":\"https:\\\/\\\/secure.gravatar.com\\\/avatar\\\/2fcdf27c78ea025fbdb44e914cc63c72249ffec9dc8aafd5c82b26240ef3f346?s=96&d=mm&r=g\",\"caption\":\"Redazione\"},\"url\":\"https:\\\/\\\/www.rassegnastampa-totustuus.it\\\/cattolica\\\/author\\\/pietroelle\\\/\"}]}<\/script>\n<!-- \/ Yoast SEO plugin. -->","yoast_head_json":{"title":"Due (o tre) buone ragioni per limitare le moschee - Rassegna Stampa Cattolica","description":"Rassegna Stampa Cattolica - Per una cultura che nasce dalla Rivelazione cristiana in conformit\u00e0 alla tradizione e al Magistero della Chiesa in opposizione ad ogni relativismo e totalitarismo","robots":{"index":"index","follow":"follow","max-snippet":"max-snippet:-1","max-image-preview":"max-image-preview:large","max-video-preview":"max-video-preview:-1"},"canonical":"https:\/\/www.rassegnastampa-totustuus.it\/cattolica\/due-o-tre-buone-ragioni-per-limitare-le-moschee\/","og_locale":"it_IT","og_type":"article","og_title":"Due (o tre) buone ragioni per limitare le moschee - Rassegna Stampa Cattolica","og_description":"Rassegna Stampa Cattolica - Per una cultura che nasce dalla Rivelazione cristiana in conformit\u00e0 alla tradizione e al Magistero della Chiesa in opposizione ad ogni relativismo e totalitarismo","og_url":"https:\/\/www.rassegnastampa-totustuus.it\/cattolica\/due-o-tre-buone-ragioni-per-limitare-le-moschee\/","og_site_name":"Rassegna Stampa Cattolica","article_publisher":"https:\/\/www.facebook.com\/rassegnastampacattolica","article_published_time":"2009-04-20T10:48:38+00:00","article_modified_time":"2015-02-17T10:05:17+00:00","og_image":[{"width":284,"height":178,"url":"https:\/\/www.rassegnastampa-totustuus.it\/cattolica\/wp-content\/uploads\/2009\/04\/moschea.jpg","type":"image\/jpeg"}],"author":"Redazione","twitter_card":"summary_large_image","twitter_creator":"@rassegnastampa9","twitter_site":"@rassegnastampa9","twitter_misc":{"Scritto da":"Redazione","Tempo di lettura stimato":"3 minuti"},"schema":{"@context":"https:\/\/schema.org","@graph":[{"@type":"Article","@id":"https:\/\/www.rassegnastampa-totustuus.it\/cattolica\/due-o-tre-buone-ragioni-per-limitare-le-moschee\/#article","isPartOf":{"@id":"https:\/\/www.rassegnastampa-totustuus.it\/cattolica\/due-o-tre-buone-ragioni-per-limitare-le-moschee\/"},"author":{"name":"Redazione","@id":"https:\/\/www.rassegnastampa-totustuus.it\/cattolica\/#\/schema\/person\/08f319d2bd1a0904ad9e2bfb7b15e5c3"},"headline":"Due (o tre) buone ragioni per limitare le moschee","datePublished":"2009-04-20T10:48:38+00:00","dateModified":"2015-02-17T10:05:17+00:00","mainEntityOfPage":{"@id":"https:\/\/www.rassegnastampa-totustuus.it\/cattolica\/due-o-tre-buone-ragioni-per-limitare-le-moschee\/"},"wordCount":653,"publisher":{"@id":"https:\/\/www.rassegnastampa-totustuus.it\/cattolica\/#organization"},"image":{"@id":"https:\/\/www.rassegnastampa-totustuus.it\/cattolica\/due-o-tre-buone-ragioni-per-limitare-le-moschee\/#primaryimage"},"thumbnailUrl":"https:\/\/www.rassegnastampa-totustuus.it\/cattolica\/wp-content\/uploads\/2009\/04\/moschea.jpg","keywords":["moschea"],"articleSection":["Islam","Islam in Italia"],"inLanguage":"it-IT"},{"@type":"WebPage","@id":"https:\/\/www.rassegnastampa-totustuus.it\/cattolica\/due-o-tre-buone-ragioni-per-limitare-le-moschee\/","url":"https:\/\/www.rassegnastampa-totustuus.it\/cattolica\/due-o-tre-buone-ragioni-per-limitare-le-moschee\/","name":"Due (o tre) buone ragioni per limitare le moschee - Rassegna Stampa Cattolica","isPartOf":{"@id":"https:\/\/www.rassegnastampa-totustuus.it\/cattolica\/#website"},"primaryImageOfPage":{"@id":"https:\/\/www.rassegnastampa-totustuus.it\/cattolica\/due-o-tre-buone-ragioni-per-limitare-le-moschee\/#primaryimage"},"image":{"@id":"https:\/\/www.rassegnastampa-totustuus.it\/cattolica\/due-o-tre-buone-ragioni-per-limitare-le-moschee\/#primaryimage"},"thumbnailUrl":"https:\/\/www.rassegnastampa-totustuus.it\/cattolica\/wp-content\/uploads\/2009\/04\/moschea.jpg","datePublished":"2009-04-20T10:48:38+00:00","dateModified":"2015-02-17T10:05:17+00:00","description":"Rassegna Stampa Cattolica - Per una cultura che nasce dalla Rivelazione cristiana in conformit\u00e0 alla tradizione e al Magistero della Chiesa in opposizione ad ogni relativismo e totalitarismo","breadcrumb":{"@id":"https:\/\/www.rassegnastampa-totustuus.it\/cattolica\/due-o-tre-buone-ragioni-per-limitare-le-moschee\/#breadcrumb"},"inLanguage":"it-IT","potentialAction":[{"@type":"ReadAction","target":["https:\/\/www.rassegnastampa-totustuus.it\/cattolica\/due-o-tre-buone-ragioni-per-limitare-le-moschee\/"]}]},{"@type":"ImageObject","inLanguage":"it-IT","@id":"https:\/\/www.rassegnastampa-totustuus.it\/cattolica\/due-o-tre-buone-ragioni-per-limitare-le-moschee\/#primaryimage","url":"https:\/\/www.rassegnastampa-totustuus.it\/cattolica\/wp-content\/uploads\/2009\/04\/moschea.jpg","contentUrl":"https:\/\/www.rassegnastampa-totustuus.it\/cattolica\/wp-content\/uploads\/2009\/04\/moschea.jpg","width":284,"height":178},{"@type":"BreadcrumbList","@id":"https:\/\/www.rassegnastampa-totustuus.it\/cattolica\/due-o-tre-buone-ragioni-per-limitare-le-moschee\/#breadcrumb","itemListElement":[{"@type":"ListItem","position":1,"name":"Home","item":"https:\/\/www.rassegnastampa-totustuus.it\/cattolica\/"},{"@type":"ListItem","position":2,"name":"Due (o tre) buone ragioni per limitare le moschee"}]},{"@type":"WebSite","@id":"https:\/\/www.rassegnastampa-totustuus.it\/cattolica\/#website","url":"https:\/\/www.rassegnastampa-totustuus.it\/cattolica\/","name":"Rassegna Stampa Cattolica","description":"Per una cultura che nasce dalla Rivelazione cristiana in conformit\u00e0 alla tradizione e al Magistero della Chiesa in opposizione ad ogni relativismo e totalitarismo","publisher":{"@id":"https:\/\/www.rassegnastampa-totustuus.it\/cattolica\/#organization"},"alternateName":"Rass. Cattolica","potentialAction":[{"@type":"SearchAction","target":{"@type":"EntryPoint","urlTemplate":"https:\/\/www.rassegnastampa-totustuus.it\/cattolica\/?s={search_term_string}"},"query-input":{"@type":"PropertyValueSpecification","valueRequired":true,"valueName":"search_term_string"}}],"inLanguage":"it-IT"},{"@type":"Organization","@id":"https:\/\/www.rassegnastampa-totustuus.it\/cattolica\/#organization","name":"Rassegna Stampa Cattolica","url":"https:\/\/www.rassegnastampa-totustuus.it\/cattolica\/","logo":{"@type":"ImageObject","inLanguage":"it-IT","@id":"https:\/\/www.rassegnastampa-totustuus.it\/cattolica\/#\/schema\/logo\/image\/","url":"https:\/\/www.rassegnastampa-totustuus.it\/cattolica\/wp-content\/uploads\/2014\/04\/logo-rassegna1.gif","contentUrl":"https:\/\/www.rassegnastampa-totustuus.it\/cattolica\/wp-content\/uploads\/2014\/04\/logo-rassegna1.gif","width":600,"height":163,"caption":"Rassegna Stampa Cattolica"},"image":{"@id":"https:\/\/www.rassegnastampa-totustuus.it\/cattolica\/#\/schema\/logo\/image\/"},"sameAs":["https:\/\/www.facebook.com\/rassegnastampacattolica","https:\/\/x.com\/rassegnastampa9"]},{"@type":"Person","@id":"https:\/\/www.rassegnastampa-totustuus.it\/cattolica\/#\/schema\/person\/08f319d2bd1a0904ad9e2bfb7b15e5c3","name":"Redazione","image":{"@type":"ImageObject","inLanguage":"it-IT","@id":"https:\/\/secure.gravatar.com\/avatar\/2fcdf27c78ea025fbdb44e914cc63c72249ffec9dc8aafd5c82b26240ef3f346?s=96&d=mm&r=g","url":"https:\/\/secure.gravatar.com\/avatar\/2fcdf27c78ea025fbdb44e914cc63c72249ffec9dc8aafd5c82b26240ef3f346?s=96&d=mm&r=g","contentUrl":"https:\/\/secure.gravatar.com\/avatar\/2fcdf27c78ea025fbdb44e914cc63c72249ffec9dc8aafd5c82b26240ef3f346?s=96&d=mm&r=g","caption":"Redazione"},"url":"https:\/\/www.rassegnastampa-totustuus.it\/cattolica\/author\/pietroelle\/"}]}},"_links":{"self":[{"href":"https:\/\/www.rassegnastampa-totustuus.it\/cattolica\/wp-json\/wp\/v2\/posts\/3082","targetHints":{"allow":["GET"]}}],"collection":[{"href":"https:\/\/www.rassegnastampa-totustuus.it\/cattolica\/wp-json\/wp\/v2\/posts"}],"about":[{"href":"https:\/\/www.rassegnastampa-totustuus.it\/cattolica\/wp-json\/wp\/v2\/types\/post"}],"author":[{"embeddable":true,"href":"https:\/\/www.rassegnastampa-totustuus.it\/cattolica\/wp-json\/wp\/v2\/users\/6"}],"replies":[{"embeddable":true,"href":"https:\/\/www.rassegnastampa-totustuus.it\/cattolica\/wp-json\/wp\/v2\/comments?post=3082"}],"version-history":[{"count":3,"href":"https:\/\/www.rassegnastampa-totustuus.it\/cattolica\/wp-json\/wp\/v2\/posts\/3082\/revisions"}],"predecessor-version":[{"id":18969,"href":"https:\/\/www.rassegnastampa-totustuus.it\/cattolica\/wp-json\/wp\/v2\/posts\/3082\/revisions\/18969"}],"wp:featuredmedia":[{"embeddable":true,"href":"https:\/\/www.rassegnastampa-totustuus.it\/cattolica\/wp-json\/wp\/v2\/media\/18968"}],"wp:attachment":[{"href":"https:\/\/www.rassegnastampa-totustuus.it\/cattolica\/wp-json\/wp\/v2\/media?parent=3082"}],"wp:term":[{"taxonomy":"category","embeddable":true,"href":"https:\/\/www.rassegnastampa-totustuus.it\/cattolica\/wp-json\/wp\/v2\/categories?post=3082"},{"taxonomy":"post_tag","embeddable":true,"href":"https:\/\/www.rassegnastampa-totustuus.it\/cattolica\/wp-json\/wp\/v2\/tags?post=3082"}],"curies":[{"name":"wp","href":"https:\/\/api.w.org\/{rel}","templated":true}]}}