{"id":30801,"date":"2016-02-25T00:00:46","date_gmt":"2016-02-24T23:00:46","guid":{"rendered":"http:\/\/www.rassegnastampa-totustuus.it\/cattolica\/?p=30801"},"modified":"2016-02-22T11:15:34","modified_gmt":"2016-02-22T10:15:34","slug":"i-problemi-economici-degli-italiani","status":"publish","type":"post","link":"https:\/\/www.rassegnastampa-totustuus.it\/cattolica\/i-problemi-economici-degli-italiani\/","title":{"rendered":"I problemi economici degli italiani"},"content":{"rendered":"<p style=\"text-align: center;\"><strong><a href=\"https:\/\/www.rassegnastampa-totustuus.it\/cattolica\/wp-content\/uploads\/2016\/02\/centro_commerciale.jpg\"><img loading=\"lazy\" decoding=\"async\" class=\"alignright wp-image-30802\" src=\"https:\/\/www.rassegnastampa-totustuus.it\/cattolica\/wp-content\/uploads\/2016\/02\/centro_commerciale.jpg\" alt=\"centro_commerciale\" width=\"240\" height=\"180\" \/><\/a>La Croce <\/strong>20 febbraio 2016<\/p>\n<p style=\"text-align: justify;\"><em>Alcune idee per le famiglie davanti alla crisi. <\/em><em>Domani conferenza dell\u2019economista Giovanni Vecchi a Roma. Il professore sta anche presentando in Italia il libro del premio Nobel per l&#8217;economia Angus Deaton<\/em><\/p>\n<p style=\"text-align: center;\"><strong>Giuseppe Brienza<\/strong><\/p>\n<p style=\"text-align: center;\"><!--more--><\/p>\n<p style=\"text-align: justify;\">Mancanza di libert\u00e0, secondo Angus Deaton, lo scozzese che ha vinto il Premio Nobel per l\u2019economia nel 2015, significa \u00ab<em>vivere nella povert\u00e0 e nella malattia<\/em>\u00bb e, nonostante oggi, come recita l&#8217;incipit del suo ultimo libro \u201cLa grande fuga\u201d (<em>Il Mulino<\/em>, Bologna 2015), la vita sia \u00ab<em>meno dura di quanto sia forse mai stata nel corso della storia<\/em>\u00bb, il mondo \u00e8 sempre attraversato da \u00ab<em>diseguaglianze straordinariamente profonde<\/em>\u00bb.<\/p>\n<p style=\"text-align: justify;\">Il discorso vale anche per non pochi italiani che, a causa della crisi, fanno fatica ad arrivare alla fine del mese, soprattutto se con due o pi\u00f9 figli. L\u2019Autore della <em>Presentazione<\/em> all\u2019edizione italiana dell\u2019ultima opera di Angus Deaton, \u00e8 il prof. Giovanni Vecchi (pp. 7\u201012), docente di Storia Economica all\u2019Universit\u00e0 di Roma \u201cTor Vergata\u201d e consulente della Banca mondiale.<\/p>\n<p style=\"text-align: justify;\">Domani mattina (alle 11.15), nella serie degli \u201cIncontri di famiglia\u201d organizzati dalla Parrocchia di San Josemaria Escriv\u00e0 a Roma (quartiere EUR, largo Josemaria Escriv\u00e0 7, tel. 06 5191933, e-mail:\u00a0 info@psanjosemaria.it) terr\u00e0 un incontro sul tema \u201cLa crisi economica. Come affrontarla in famiglia\u201d, presentando tendenze e offrendo strade d\u2019uscita sui consumi individuali che stanno compiendo le famiglie, cercando di mantenere il proprio benessere o combattere l\u2019impoverimento.<\/p>\n<p style=\"text-align: justify;\">Seguendo l\u2019impostazione di Deaton, il discorso di Vecchi sottolinea il rapporto esistente tra le decisioni individuali di consumo e gli effetti sull&#8217;insieme dell&#8217;economia, centrale soprattutto in tempi di crisi e nella valutazione dei meccanismi che generano le situazioni di povert\u00e0, soprattutto familiari.<\/p>\n<p style=\"text-align: justify;\">Uno dei contributi pi\u00f9 importanti dell\u2019economista scozzese vincitore dell\u2019ultimo Premio Nobel, al riguardo, \u00e8 l&#8217;individuazione di un meccanismo che spiega come gli individui spendono le loro entrate, quali beni e servizi acquistano e quali sprecano. Questo sistema, sviluppato da Deaton assieme all&#8217;economista John Muellbauer negli anni Ottanta, ha dei riflessi anche sulla politica economica, ad esempio sull&#8217;impatto che una certa decisione di politica fiscale (pensiamo ad una riforma dell&#8217;Iva) pu\u00f2 avere o meno sul benessere di un determinato ceto sociale.<\/p>\n<p style=\"text-align: justify;\">Scozzese di nascita, ma docente negli Stati Uniti a Princeton dal 1983, Deaton \u00e8 stato insignito il 12 ottobre scorso del riconoscimento dell\u2019Accademia di Svezia per i suoi studi su consumi, povert\u00e0 e welfare. Nel 2009 scopr\u00ec che la \u201csoglia della felicit\u00e0\u201d economico-individuale \u00e8 a quota 75mila dollari. In pratica oltre la soglia dei 67mila euro all\u2019anno, la \u201cfelicit\u00e0\u201d delle persone non aumenta perch\u00e9 diminuiscono i desideri da appagare.<\/p>\n<p style=\"text-align: justify;\">Commentando l\u2019assegnazione a lui del Premio Nobel, l\u2019economista di \u201cAffari e Finanza\u201d Eugenio Occorsio ha cos\u00ec definito Deaton: \u00ab<em>\u00c8 un personaggio fuori dagli schemi, un po&#8217; come papa Bergoglio, che parla diretto. Analizza i modelli di consumo dei paesi pi\u00f9 poveri e da questo riesce a capire dove \u00e8 pi\u00f9 urgente intervenire<\/em>\u00bb.<\/p>\n<p style=\"text-align: justify;\">Gli studi di Deaton si sono concentrati su tre aspetti dell&#8217;economia: come i consumatori distribuiscono la loro spesa su prodotti diversi, quanto di ci\u00f2 che guadagna la societ\u00e0 viene speso e quanto risparmiato, qual \u00e8 il modo migliore per valutare e analizzare il benessere e la povert\u00e0.<\/p>\n<p style=\"text-align: justify;\">Il modello cui ricorre sulla base della stessa impostazione di Deaton il Prof. Vecchi nello spiegare l\u2019economia italiana dalla Repubblica ad oggi \u00e8 quello di un processo \u201cdalla ricostruzione al declino\u201d. La globalizzazione, poi, \u00abnon \u00e8 un processo neutrale dal punto di vista distributivo\u00bb, spiega ai suoi studenti di Tor Vergata, e le sue dinamiche economiche ci spiegano anche il \u201cPerch\u00e9 il Sud \u00e8 rimasto indietro\u201d, com\u2019\u00e8 intitolato un libro che adotta nel suo corso di Storia economica, pubblicato nel 2013 per i tipi del <em>Mulino<\/em> da Emanuele Felice.<\/p>\n<p style=\"text-align: justify;\">Secondo Vecchi, poi, il dato del Pil per abitante non restituisce una buona rappresentazione della dinamica del benessere degli italiani la crescita non pu\u00f2 che ripartire dalla famiglia e dal \u201ccapitale umano\u201d. La stagnazione che caratterizza l\u2019economia italiana dall\u2019inizio degli anni Novanta, infatti, non \u00e8 un fenomeno temporaneo e reversibile, ancorch\u00e9 persistente e di grave intensit\u00e0, ma l\u2019espressione di una crisi pi\u00f9 profonda. Quella, cio\u00e8, di una societ\u00e0 vuota, che non crede in s\u00e9 stessa, una societ\u00e0 senza solidit\u00e0, senza passioni e, quindi, senza lavoro n\u00e9 prospettive di futuro.<\/p>\n<p style=\"text-align: justify;\">Per migliorare il \u201cwelfare collettivo\u201d, comunque, \u00e8 necessario comprendere correttamente le modalit\u00e0 di consumo individuali. Questa, insomma, \u00e8 la tesi sostenuta da Deaton e, sulla sua scia, dal Prof. Vecchi: per realizzare una politica economica che promuove il welfare e riduce la povert\u00e0, bisogna innanzitutto comprendere le scelte che stanno dietro i consumi individuali.<\/p>\n<p style=\"text-align: justify;\">In certo modo \u00e8 lo stesso concetto che, dal punto di vista spirituale, il Santo Padre ci ha rivolto nel Messaggio per la cinquantesima giornata mondiale delle comunicazioni: \u00ab<em>L\u2019ascolto ci consente di assumere l\u2019atteggiamento giusto, uscendo dalla tranquilla condizione di spettatori, di utenti, di consumatori. Ascoltare significa anche essere capaci di condividere domande e dubbi, di percorrere un cammino fianco a fianco, di affrancarsi da qualsiasi presunzione di onnipotenza e mettere umilmente le proprie capacit\u00e0 e i propri doni al servizio del bene comune<\/em>\u00bb (Papa Francesco, <em>Comunicazione e misericordia: un incontro fecondo<\/em>, 22 gennaio 2016).<\/p>\n<p style=\"text-align: justify;\">Cos\u00ec come nella comunicazione, anche nelle scelte economiche e di consumo rimane sempre fondamentale, come scrive lo stesso Pontefice, \u00ab<em>il cuore dell\u2019uomo e la sua capacit\u00e0 di usare bene i mezzi a sua disposizione<\/em>\u00bb.<\/p>\n","protected":false},"excerpt":{"rendered":"<p>La Croce 20 febbraio 2016 Alcune idee per le famiglie davanti alla crisi. Domani conferenza dell\u2019economista Giovanni Vecchi a Roma. Il professore sta anche presentando in Italia il libro del premio Nobel per l&#8217;economia Angus Deaton Giuseppe Brienza<\/p><p><a class=\"more-link btn\" href=\"https:\/\/www.rassegnastampa-totustuus.it\/cattolica\/i-problemi-economici-degli-italiani\/\">Continua a leggere<\/a><\/p>\n","protected":false},"author":6,"featured_media":30802,"comment_status":"closed","ping_status":"closed","sticky":false,"template":"","format":"standard","meta":{"footnotes":""},"categories":[13],"tags":[342,156],"class_list":["post-30801","post","type-post","status-publish","format-standard","has-post-thumbnail","hentry","category-economia","tag-crisi-economica","tag-famiglia-2","item-wrap"],"yoast_head":"<!-- This site is optimized with the Yoast SEO plugin v27.5 - https:\/\/yoast.com\/product\/yoast-seo-wordpress\/ -->\n<title>I problemi economici degli italiani - Rassegna Stampa Cattolica<\/title>\n<meta name=\"description\" content=\"Rassegna Stampa Cattolica - Per una cultura che nasce dalla Rivelazione cristiana in conformit\u00e0 alla tradizione e al Magistero della Chiesa in opposizione ad ogni relativismo e totalitarismo\" \/>\n<meta name=\"robots\" content=\"index, follow, max-snippet:-1, max-image-preview:large, max-video-preview:-1\" \/>\n<link rel=\"canonical\" href=\"https:\/\/www.rassegnastampa-totustuus.it\/cattolica\/i-problemi-economici-degli-italiani\/\" \/>\n<meta property=\"og:locale\" content=\"it_IT\" \/>\n<meta property=\"og:type\" content=\"article\" \/>\n<meta property=\"og:title\" content=\"I problemi economici degli italiani - Rassegna Stampa Cattolica\" \/>\n<meta property=\"og:description\" content=\"Rassegna Stampa Cattolica - Per una cultura che nasce dalla Rivelazione cristiana in conformit\u00e0 alla tradizione e al Magistero della Chiesa in opposizione ad ogni relativismo e totalitarismo\" \/>\n<meta property=\"og:url\" content=\"https:\/\/www.rassegnastampa-totustuus.it\/cattolica\/i-problemi-economici-degli-italiani\/\" \/>\n<meta property=\"og:site_name\" content=\"Rassegna Stampa Cattolica\" \/>\n<meta property=\"article:publisher\" content=\"https:\/\/www.facebook.com\/rassegnastampacattolica\" \/>\n<meta property=\"article:published_time\" content=\"2016-02-24T23:00:46+00:00\" \/>\n<meta property=\"og:image\" content=\"https:\/\/www.rassegnastampa-totustuus.it\/cattolica\/wp-content\/uploads\/2016\/02\/centro_commerciale.jpg\" \/>\n\t<meta property=\"og:image:width\" content=\"259\" \/>\n\t<meta property=\"og:image:height\" content=\"194\" \/>\n\t<meta property=\"og:image:type\" content=\"image\/jpeg\" \/>\n<meta name=\"author\" content=\"Redazione\" \/>\n<meta name=\"twitter:card\" content=\"summary_large_image\" \/>\n<meta name=\"twitter:creator\" content=\"@rassegnastampa9\" \/>\n<meta name=\"twitter:site\" content=\"@rassegnastampa9\" \/>\n<meta name=\"twitter:label1\" content=\"Scritto da\" \/>\n\t<meta name=\"twitter:data1\" content=\"Redazione\" \/>\n\t<meta name=\"twitter:label2\" content=\"Tempo di lettura stimato\" \/>\n\t<meta name=\"twitter:data2\" content=\"4 minuti\" \/>\n<script type=\"application\/ld+json\" class=\"yoast-schema-graph\">{\"@context\":\"https:\\\/\\\/schema.org\",\"@graph\":[{\"@type\":\"Article\",\"@id\":\"https:\\\/\\\/www.rassegnastampa-totustuus.it\\\/cattolica\\\/i-problemi-economici-degli-italiani\\\/#article\",\"isPartOf\":{\"@id\":\"https:\\\/\\\/www.rassegnastampa-totustuus.it\\\/cattolica\\\/i-problemi-economici-degli-italiani\\\/\"},\"author\":{\"name\":\"Redazione\",\"@id\":\"https:\\\/\\\/www.rassegnastampa-totustuus.it\\\/cattolica\\\/#\\\/schema\\\/person\\\/08f319d2bd1a0904ad9e2bfb7b15e5c3\"},\"headline\":\"I problemi economici degli italiani\",\"datePublished\":\"2016-02-24T23:00:46+00:00\",\"mainEntityOfPage\":{\"@id\":\"https:\\\/\\\/www.rassegnastampa-totustuus.it\\\/cattolica\\\/i-problemi-economici-degli-italiani\\\/\"},\"wordCount\":887,\"publisher\":{\"@id\":\"https:\\\/\\\/www.rassegnastampa-totustuus.it\\\/cattolica\\\/#organization\"},\"image\":{\"@id\":\"https:\\\/\\\/www.rassegnastampa-totustuus.it\\\/cattolica\\\/i-problemi-economici-degli-italiani\\\/#primaryimage\"},\"thumbnailUrl\":\"https:\\\/\\\/www.rassegnastampa-totustuus.it\\\/cattolica\\\/wp-content\\\/uploads\\\/2016\\\/02\\\/centro_commerciale.jpg\",\"keywords\":[\"crisi economica\",\"famiglia\"],\"articleSection\":[\"Economia\"],\"inLanguage\":\"it-IT\"},{\"@type\":\"WebPage\",\"@id\":\"https:\\\/\\\/www.rassegnastampa-totustuus.it\\\/cattolica\\\/i-problemi-economici-degli-italiani\\\/\",\"url\":\"https:\\\/\\\/www.rassegnastampa-totustuus.it\\\/cattolica\\\/i-problemi-economici-degli-italiani\\\/\",\"name\":\"I problemi economici degli italiani - Rassegna Stampa Cattolica\",\"isPartOf\":{\"@id\":\"https:\\\/\\\/www.rassegnastampa-totustuus.it\\\/cattolica\\\/#website\"},\"primaryImageOfPage\":{\"@id\":\"https:\\\/\\\/www.rassegnastampa-totustuus.it\\\/cattolica\\\/i-problemi-economici-degli-italiani\\\/#primaryimage\"},\"image\":{\"@id\":\"https:\\\/\\\/www.rassegnastampa-totustuus.it\\\/cattolica\\\/i-problemi-economici-degli-italiani\\\/#primaryimage\"},\"thumbnailUrl\":\"https:\\\/\\\/www.rassegnastampa-totustuus.it\\\/cattolica\\\/wp-content\\\/uploads\\\/2016\\\/02\\\/centro_commerciale.jpg\",\"datePublished\":\"2016-02-24T23:00:46+00:00\",\"description\":\"Rassegna Stampa Cattolica - Per una cultura che nasce dalla Rivelazione cristiana in conformit\u00e0 alla tradizione e al Magistero della Chiesa in opposizione ad ogni relativismo e totalitarismo\",\"breadcrumb\":{\"@id\":\"https:\\\/\\\/www.rassegnastampa-totustuus.it\\\/cattolica\\\/i-problemi-economici-degli-italiani\\\/#breadcrumb\"},\"inLanguage\":\"it-IT\",\"potentialAction\":[{\"@type\":\"ReadAction\",\"target\":[\"https:\\\/\\\/www.rassegnastampa-totustuus.it\\\/cattolica\\\/i-problemi-economici-degli-italiani\\\/\"]}]},{\"@type\":\"ImageObject\",\"inLanguage\":\"it-IT\",\"@id\":\"https:\\\/\\\/www.rassegnastampa-totustuus.it\\\/cattolica\\\/i-problemi-economici-degli-italiani\\\/#primaryimage\",\"url\":\"https:\\\/\\\/www.rassegnastampa-totustuus.it\\\/cattolica\\\/wp-content\\\/uploads\\\/2016\\\/02\\\/centro_commerciale.jpg\",\"contentUrl\":\"https:\\\/\\\/www.rassegnastampa-totustuus.it\\\/cattolica\\\/wp-content\\\/uploads\\\/2016\\\/02\\\/centro_commerciale.jpg\",\"width\":259,\"height\":194},{\"@type\":\"BreadcrumbList\",\"@id\":\"https:\\\/\\\/www.rassegnastampa-totustuus.it\\\/cattolica\\\/i-problemi-economici-degli-italiani\\\/#breadcrumb\",\"itemListElement\":[{\"@type\":\"ListItem\",\"position\":1,\"name\":\"Home\",\"item\":\"https:\\\/\\\/www.rassegnastampa-totustuus.it\\\/cattolica\\\/\"},{\"@type\":\"ListItem\",\"position\":2,\"name\":\"I problemi economici degli italiani\"}]},{\"@type\":\"WebSite\",\"@id\":\"https:\\\/\\\/www.rassegnastampa-totustuus.it\\\/cattolica\\\/#website\",\"url\":\"https:\\\/\\\/www.rassegnastampa-totustuus.it\\\/cattolica\\\/\",\"name\":\"Rassegna Stampa Cattolica\",\"description\":\"Per una cultura che nasce dalla Rivelazione cristiana in conformit\u00e0 alla tradizione e al Magistero della Chiesa in opposizione ad ogni relativismo e totalitarismo\",\"publisher\":{\"@id\":\"https:\\\/\\\/www.rassegnastampa-totustuus.it\\\/cattolica\\\/#organization\"},\"alternateName\":\"Rass. Cattolica\",\"potentialAction\":[{\"@type\":\"SearchAction\",\"target\":{\"@type\":\"EntryPoint\",\"urlTemplate\":\"https:\\\/\\\/www.rassegnastampa-totustuus.it\\\/cattolica\\\/?s={search_term_string}\"},\"query-input\":{\"@type\":\"PropertyValueSpecification\",\"valueRequired\":true,\"valueName\":\"search_term_string\"}}],\"inLanguage\":\"it-IT\"},{\"@type\":\"Organization\",\"@id\":\"https:\\\/\\\/www.rassegnastampa-totustuus.it\\\/cattolica\\\/#organization\",\"name\":\"Rassegna Stampa Cattolica\",\"url\":\"https:\\\/\\\/www.rassegnastampa-totustuus.it\\\/cattolica\\\/\",\"logo\":{\"@type\":\"ImageObject\",\"inLanguage\":\"it-IT\",\"@id\":\"https:\\\/\\\/www.rassegnastampa-totustuus.it\\\/cattolica\\\/#\\\/schema\\\/logo\\\/image\\\/\",\"url\":\"https:\\\/\\\/www.rassegnastampa-totustuus.it\\\/cattolica\\\/wp-content\\\/uploads\\\/2014\\\/04\\\/logo-rassegna1.gif\",\"contentUrl\":\"https:\\\/\\\/www.rassegnastampa-totustuus.it\\\/cattolica\\\/wp-content\\\/uploads\\\/2014\\\/04\\\/logo-rassegna1.gif\",\"width\":600,\"height\":163,\"caption\":\"Rassegna Stampa Cattolica\"},\"image\":{\"@id\":\"https:\\\/\\\/www.rassegnastampa-totustuus.it\\\/cattolica\\\/#\\\/schema\\\/logo\\\/image\\\/\"},\"sameAs\":[\"https:\\\/\\\/www.facebook.com\\\/rassegnastampacattolica\",\"https:\\\/\\\/x.com\\\/rassegnastampa9\"]},{\"@type\":\"Person\",\"@id\":\"https:\\\/\\\/www.rassegnastampa-totustuus.it\\\/cattolica\\\/#\\\/schema\\\/person\\\/08f319d2bd1a0904ad9e2bfb7b15e5c3\",\"name\":\"Redazione\",\"image\":{\"@type\":\"ImageObject\",\"inLanguage\":\"it-IT\",\"@id\":\"https:\\\/\\\/secure.gravatar.com\\\/avatar\\\/2fcdf27c78ea025fbdb44e914cc63c72249ffec9dc8aafd5c82b26240ef3f346?s=96&d=mm&r=g\",\"url\":\"https:\\\/\\\/secure.gravatar.com\\\/avatar\\\/2fcdf27c78ea025fbdb44e914cc63c72249ffec9dc8aafd5c82b26240ef3f346?s=96&d=mm&r=g\",\"contentUrl\":\"https:\\\/\\\/secure.gravatar.com\\\/avatar\\\/2fcdf27c78ea025fbdb44e914cc63c72249ffec9dc8aafd5c82b26240ef3f346?s=96&d=mm&r=g\",\"caption\":\"Redazione\"},\"url\":\"https:\\\/\\\/www.rassegnastampa-totustuus.it\\\/cattolica\\\/author\\\/pietroelle\\\/\"}]}<\/script>\n<!-- \/ Yoast SEO plugin. -->","yoast_head_json":{"title":"I problemi economici degli italiani - Rassegna Stampa Cattolica","description":"Rassegna Stampa Cattolica - Per una cultura che nasce dalla Rivelazione cristiana in conformit\u00e0 alla tradizione e al Magistero della Chiesa in opposizione ad ogni relativismo e totalitarismo","robots":{"index":"index","follow":"follow","max-snippet":"max-snippet:-1","max-image-preview":"max-image-preview:large","max-video-preview":"max-video-preview:-1"},"canonical":"https:\/\/www.rassegnastampa-totustuus.it\/cattolica\/i-problemi-economici-degli-italiani\/","og_locale":"it_IT","og_type":"article","og_title":"I problemi economici degli italiani - Rassegna Stampa Cattolica","og_description":"Rassegna Stampa Cattolica - Per una cultura che nasce dalla Rivelazione cristiana in conformit\u00e0 alla tradizione e al Magistero della Chiesa in opposizione ad ogni relativismo e totalitarismo","og_url":"https:\/\/www.rassegnastampa-totustuus.it\/cattolica\/i-problemi-economici-degli-italiani\/","og_site_name":"Rassegna Stampa Cattolica","article_publisher":"https:\/\/www.facebook.com\/rassegnastampacattolica","article_published_time":"2016-02-24T23:00:46+00:00","og_image":[{"width":259,"height":194,"url":"https:\/\/www.rassegnastampa-totustuus.it\/cattolica\/wp-content\/uploads\/2016\/02\/centro_commerciale.jpg","type":"image\/jpeg"}],"author":"Redazione","twitter_card":"summary_large_image","twitter_creator":"@rassegnastampa9","twitter_site":"@rassegnastampa9","twitter_misc":{"Scritto da":"Redazione","Tempo di lettura stimato":"4 minuti"},"schema":{"@context":"https:\/\/schema.org","@graph":[{"@type":"Article","@id":"https:\/\/www.rassegnastampa-totustuus.it\/cattolica\/i-problemi-economici-degli-italiani\/#article","isPartOf":{"@id":"https:\/\/www.rassegnastampa-totustuus.it\/cattolica\/i-problemi-economici-degli-italiani\/"},"author":{"name":"Redazione","@id":"https:\/\/www.rassegnastampa-totustuus.it\/cattolica\/#\/schema\/person\/08f319d2bd1a0904ad9e2bfb7b15e5c3"},"headline":"I problemi economici degli italiani","datePublished":"2016-02-24T23:00:46+00:00","mainEntityOfPage":{"@id":"https:\/\/www.rassegnastampa-totustuus.it\/cattolica\/i-problemi-economici-degli-italiani\/"},"wordCount":887,"publisher":{"@id":"https:\/\/www.rassegnastampa-totustuus.it\/cattolica\/#organization"},"image":{"@id":"https:\/\/www.rassegnastampa-totustuus.it\/cattolica\/i-problemi-economici-degli-italiani\/#primaryimage"},"thumbnailUrl":"https:\/\/www.rassegnastampa-totustuus.it\/cattolica\/wp-content\/uploads\/2016\/02\/centro_commerciale.jpg","keywords":["crisi economica","famiglia"],"articleSection":["Economia"],"inLanguage":"it-IT"},{"@type":"WebPage","@id":"https:\/\/www.rassegnastampa-totustuus.it\/cattolica\/i-problemi-economici-degli-italiani\/","url":"https:\/\/www.rassegnastampa-totustuus.it\/cattolica\/i-problemi-economici-degli-italiani\/","name":"I problemi economici degli italiani - Rassegna Stampa Cattolica","isPartOf":{"@id":"https:\/\/www.rassegnastampa-totustuus.it\/cattolica\/#website"},"primaryImageOfPage":{"@id":"https:\/\/www.rassegnastampa-totustuus.it\/cattolica\/i-problemi-economici-degli-italiani\/#primaryimage"},"image":{"@id":"https:\/\/www.rassegnastampa-totustuus.it\/cattolica\/i-problemi-economici-degli-italiani\/#primaryimage"},"thumbnailUrl":"https:\/\/www.rassegnastampa-totustuus.it\/cattolica\/wp-content\/uploads\/2016\/02\/centro_commerciale.jpg","datePublished":"2016-02-24T23:00:46+00:00","description":"Rassegna Stampa Cattolica - Per una cultura che nasce dalla Rivelazione cristiana in conformit\u00e0 alla tradizione e al Magistero della Chiesa in opposizione ad ogni relativismo e totalitarismo","breadcrumb":{"@id":"https:\/\/www.rassegnastampa-totustuus.it\/cattolica\/i-problemi-economici-degli-italiani\/#breadcrumb"},"inLanguage":"it-IT","potentialAction":[{"@type":"ReadAction","target":["https:\/\/www.rassegnastampa-totustuus.it\/cattolica\/i-problemi-economici-degli-italiani\/"]}]},{"@type":"ImageObject","inLanguage":"it-IT","@id":"https:\/\/www.rassegnastampa-totustuus.it\/cattolica\/i-problemi-economici-degli-italiani\/#primaryimage","url":"https:\/\/www.rassegnastampa-totustuus.it\/cattolica\/wp-content\/uploads\/2016\/02\/centro_commerciale.jpg","contentUrl":"https:\/\/www.rassegnastampa-totustuus.it\/cattolica\/wp-content\/uploads\/2016\/02\/centro_commerciale.jpg","width":259,"height":194},{"@type":"BreadcrumbList","@id":"https:\/\/www.rassegnastampa-totustuus.it\/cattolica\/i-problemi-economici-degli-italiani\/#breadcrumb","itemListElement":[{"@type":"ListItem","position":1,"name":"Home","item":"https:\/\/www.rassegnastampa-totustuus.it\/cattolica\/"},{"@type":"ListItem","position":2,"name":"I problemi economici degli italiani"}]},{"@type":"WebSite","@id":"https:\/\/www.rassegnastampa-totustuus.it\/cattolica\/#website","url":"https:\/\/www.rassegnastampa-totustuus.it\/cattolica\/","name":"Rassegna Stampa Cattolica","description":"Per una cultura che nasce dalla Rivelazione cristiana in conformit\u00e0 alla tradizione e al Magistero della Chiesa in opposizione ad ogni relativismo e totalitarismo","publisher":{"@id":"https:\/\/www.rassegnastampa-totustuus.it\/cattolica\/#organization"},"alternateName":"Rass. Cattolica","potentialAction":[{"@type":"SearchAction","target":{"@type":"EntryPoint","urlTemplate":"https:\/\/www.rassegnastampa-totustuus.it\/cattolica\/?s={search_term_string}"},"query-input":{"@type":"PropertyValueSpecification","valueRequired":true,"valueName":"search_term_string"}}],"inLanguage":"it-IT"},{"@type":"Organization","@id":"https:\/\/www.rassegnastampa-totustuus.it\/cattolica\/#organization","name":"Rassegna Stampa Cattolica","url":"https:\/\/www.rassegnastampa-totustuus.it\/cattolica\/","logo":{"@type":"ImageObject","inLanguage":"it-IT","@id":"https:\/\/www.rassegnastampa-totustuus.it\/cattolica\/#\/schema\/logo\/image\/","url":"https:\/\/www.rassegnastampa-totustuus.it\/cattolica\/wp-content\/uploads\/2014\/04\/logo-rassegna1.gif","contentUrl":"https:\/\/www.rassegnastampa-totustuus.it\/cattolica\/wp-content\/uploads\/2014\/04\/logo-rassegna1.gif","width":600,"height":163,"caption":"Rassegna Stampa Cattolica"},"image":{"@id":"https:\/\/www.rassegnastampa-totustuus.it\/cattolica\/#\/schema\/logo\/image\/"},"sameAs":["https:\/\/www.facebook.com\/rassegnastampacattolica","https:\/\/x.com\/rassegnastampa9"]},{"@type":"Person","@id":"https:\/\/www.rassegnastampa-totustuus.it\/cattolica\/#\/schema\/person\/08f319d2bd1a0904ad9e2bfb7b15e5c3","name":"Redazione","image":{"@type":"ImageObject","inLanguage":"it-IT","@id":"https:\/\/secure.gravatar.com\/avatar\/2fcdf27c78ea025fbdb44e914cc63c72249ffec9dc8aafd5c82b26240ef3f346?s=96&d=mm&r=g","url":"https:\/\/secure.gravatar.com\/avatar\/2fcdf27c78ea025fbdb44e914cc63c72249ffec9dc8aafd5c82b26240ef3f346?s=96&d=mm&r=g","contentUrl":"https:\/\/secure.gravatar.com\/avatar\/2fcdf27c78ea025fbdb44e914cc63c72249ffec9dc8aafd5c82b26240ef3f346?s=96&d=mm&r=g","caption":"Redazione"},"url":"https:\/\/www.rassegnastampa-totustuus.it\/cattolica\/author\/pietroelle\/"}]}},"_links":{"self":[{"href":"https:\/\/www.rassegnastampa-totustuus.it\/cattolica\/wp-json\/wp\/v2\/posts\/30801","targetHints":{"allow":["GET"]}}],"collection":[{"href":"https:\/\/www.rassegnastampa-totustuus.it\/cattolica\/wp-json\/wp\/v2\/posts"}],"about":[{"href":"https:\/\/www.rassegnastampa-totustuus.it\/cattolica\/wp-json\/wp\/v2\/types\/post"}],"author":[{"embeddable":true,"href":"https:\/\/www.rassegnastampa-totustuus.it\/cattolica\/wp-json\/wp\/v2\/users\/6"}],"replies":[{"embeddable":true,"href":"https:\/\/www.rassegnastampa-totustuus.it\/cattolica\/wp-json\/wp\/v2\/comments?post=30801"}],"version-history":[{"count":1,"href":"https:\/\/www.rassegnastampa-totustuus.it\/cattolica\/wp-json\/wp\/v2\/posts\/30801\/revisions"}],"predecessor-version":[{"id":30803,"href":"https:\/\/www.rassegnastampa-totustuus.it\/cattolica\/wp-json\/wp\/v2\/posts\/30801\/revisions\/30803"}],"wp:featuredmedia":[{"embeddable":true,"href":"https:\/\/www.rassegnastampa-totustuus.it\/cattolica\/wp-json\/wp\/v2\/media\/30802"}],"wp:attachment":[{"href":"https:\/\/www.rassegnastampa-totustuus.it\/cattolica\/wp-json\/wp\/v2\/media?parent=30801"}],"wp:term":[{"taxonomy":"category","embeddable":true,"href":"https:\/\/www.rassegnastampa-totustuus.it\/cattolica\/wp-json\/wp\/v2\/categories?post=30801"},{"taxonomy":"post_tag","embeddable":true,"href":"https:\/\/www.rassegnastampa-totustuus.it\/cattolica\/wp-json\/wp\/v2\/tags?post=30801"}],"curies":[{"name":"wp","href":"https:\/\/api.w.org\/{rel}","templated":true}]}}