{"id":30793,"date":"2016-02-25T00:00:35","date_gmt":"2016-02-24T23:00:35","guid":{"rendered":"http:\/\/www.rassegnastampa-totustuus.it\/cattolica\/?p=30793"},"modified":"2016-02-22T10:46:48","modified_gmt":"2016-02-22T09:46:48","slug":"co-genitori-offrensi-per-possedere-figlio-in-multiproprieta","status":"publish","type":"post","link":"https:\/\/www.rassegnastampa-totustuus.it\/cattolica\/co-genitori-offrensi-per-possedere-figlio-in-multiproprieta\/","title":{"rendered":"Co-genitori offrensi per possedere figlio in multipropriet\u00e0"},"content":{"rendered":"<p style=\"text-align: center;\"><strong><a href=\"https:\/\/www.rassegnastampa-totustuus.it\/cattolica\/wp-content\/uploads\/2016\/02\/coparenting.jpg\"><img loading=\"lazy\" decoding=\"async\" class=\"alignleft wp-image-30794\" src=\"https:\/\/www.rassegnastampa-totustuus.it\/cattolica\/wp-content\/uploads\/2016\/02\/coparenting.jpg\" alt=\"coparenting\" width=\"250\" height=\"181\" \/><\/a><a href=\"http:\/\/www.notizieprovita.it\/economia-e-vita\/co-genitori-tu-metti-questo-io-questo-e-ci-costruiamo-il-figlio\/\" target=\"_blank\">Notizie provita<\/a> <\/strong>febbraio 2016<\/p>\n<p style=\"text-align: center;\"><strong>Teresa Moro<\/strong><\/p>\n<p style=\"text-align: justify;\">Per fare un figlio servono un uomo e una donna. Un semino e un ovulino, scrivono nei moderni libretti per bambini. Ebbene<strong>, <\/strong>se si \u00e8 carenti di uno dei due elementi \u00e8 possibile diventare co-genitori o, per dirla all\u2019inglese, ricorrere al <em>co-parenting<\/em>. Di cosa stiamo parlando? Che cosa significa essere co-genitori? <a href=\"http:\/\/www.notizieprovita.it\/economia-e-vita\/e-ora-il-co-parenting\/\" target=\"_blank\">Ne avevamo gi\u00e0 parlato qua<\/a>.<\/p>\n<p style=\"text-align: justify;\"><!--more--><\/p>\n<p style=\"text-align: justify;\">Il <em>coparenting<\/em> \u00e8 un fenomeno nato in Gran Bretagna, che consente a persone slegate da alcun vincolo affettivo di \u201ccollaborare\u201d per realizzare il comune desiderio di avere un figlio.<\/p>\n<p style=\"text-align: justify;\">Oggi \u201cfinalmente\u201d si pu\u00f2 fare anche qui da noi.<\/p>\n<p style=\"text-align: justify;\">Come si pu\u00f2 leggere nell\u2019<em>Home page<\/em> del <a href=\"https:\/\/www.co-genitori.it\/\" target=\"_blank\">sito italiano<\/a>, la co-genitorialit\u00e0 consisterebbe in \u201c<em>Una divisione dei diritti e delle responsabilit\u00e0 dei genitori (omosessuali ed eterosessuali) nei riguardi dei bambini. Un bambino pu\u00f2 essere cresciuto dai suoi genitori sia che siano una coppia o meno, single, sposati o divorziati, o dello stesso sesso. <a href=\"http:\/\/co-genitori.it\/\" target=\"_blank\">Co-Genitori.it<\/a> collega i genitori o futuri genitori che desiderano crescere un bambino. Si rivolgono agli omosessuali (genitori dello stesso sesso) ma anche a tutti coloro che non vogliono (o non vogliono pi\u00f9) vivere in coppia o per altre ragioni<\/em>\u201d.<\/p>\n<p style=\"text-align: justify;\">Insomma: non importa se si ha una relazione di coppia, importa solamente il desiderio di essere genitori. Edonismo allo stato puro. Ovviamente con buona pace dei bambini che ne nasceranno che, al di l\u00e0 dell\u2019essere frutto di desiderio, non vengono minimamente presi in considerazione quali persone portatrici di diritti, tra i quali quello di vivere e crescere con mamma e pap\u00e0 (e, quindi, con la certezza circa la propria identit\u00e0). Verranno palleggiati con turni pi\u00f9 o meno predefiniti tra le due case dove vivono i due genitori biologici. Molto molto raramente, infatti, nel contratto di \u201cmultipropriet\u00e0\u201d \u00e8 previsto di vivere tutti insieme sotto lo stesso tetto.<\/p>\n<p style=\"text-align: justify;\">Sar\u00e0 interessante capire, alla luce delle sorti della <em>stepchild adoption, <\/em>In base al ddl Cirinn\u00e0 o alla sentenza della Corte Costituzionale che dovrebbe uscire sulla materia proprio il prossimo 24 febbraio, se sar\u00e0 poi possibile che il bambino sia adottato dai rispettivi compagni dei genitori biologici e se per legge potr\u00e0, quindi, essere considerato figlio di quattro o pi\u00f9 genitori. In fondo, qualcuno dalla mente eccelsa, potrebbe dire che cos\u00ec il bambino sar\u00e0 pi\u00f9 garantito: se i due biologici dovessero latitare, subentrano gli altri, no?<\/p>\n<p style=\"text-align: justify;\">Ad oggi il sito italiano di <em>co-parenting<\/em> registra i profili di 2670 persone, delle quali 1646 uomini e 1024 donne. Nel dicembre del 2013 i potenziali co-genitori erano 1675. Un numero a prima vista non esorbitante, ma che rappresenta solamente la punta dell\u2019<em>iceberg<\/em> di un fenomeno che, all\u2019estero, assume proporzioni assai pi\u00f9 rilevanti: gli iscritti al sito inglese sono infatti oltre 100.000.<\/p>\n<p style=\"text-align: justify;\">Questo fenomeno va ben oltre l\u2019utero in affitto e la vendita di sperma (sul sito si legge di diversi uomini disposti a dare gratis i propri gameti \u2013 non sempre con l\u2019intento esplicito di mantenere una relazione col bambino. E sappiamo che c\u2019\u00e8 gente che si vanta di avere cetinaia di figli).<\/p>\n<p style=\"text-align: justify;\">E\u2019 davvero preoccupante leggere come i piccoli condivisi dai co-genitori siano spensieratamente trattati alla stregua di cose (o di case, ma qui si tratta di un bambino. Non di una villetta per le vacanze in multipropriet\u00e0).<\/p>\n<p style=\"text-align: justify;\">Insomma, non molto tempo fa si volevano cancellare le parole \u201cmamma\u201d e \u201cpap\u00e0\u201d, sostituendole con \u201cGenitore 1\u201d e \u201cGenitore 2\u201d. Adesso anche questo passaggio sempre essere superato. Sarebbe il caso che i fautori del progresso coniassero i termini \u201cNessuno 1\u201d, \u201cNessuno 2\u201d, \u201cNessuno 3\u201d\u2026 Del resto \u201cUn po\u2019 per uno non fa male a nessuno\u201d (far\u00e0 male al bambino, ma quello pare non essere importante).<\/p>\n<p style=\"text-align: justify;\">Tuttavia, rifacendoci all\u2019omerica memoria, molto probabilmente questo accattivante appellativo si ritorcer\u00e0 poi contro i \u2018ciclopi\u2019 dei nostri giorni, che si credono giganti inattaccabili, ma che hanno la vista obnubilata.<\/p>\n","protected":false},"excerpt":{"rendered":"<p>Notizie provita febbraio 2016 Teresa Moro Per fare un figlio servono un uomo e una donna. Un semino e un ovulino, scrivono nei moderni libretti per bambini. Ebbene, se si \u00e8 carenti di uno dei due elementi \u00e8 possibile diventare co-genitori o, per dirla all\u2019inglese, ricorrere al co-parenting. Di cosa stiamo parlando? Che cosa significa &hellip; <\/p>\n<p><a class=\"more-link btn\" href=\"https:\/\/www.rassegnastampa-totustuus.it\/cattolica\/co-genitori-offrensi-per-possedere-figlio-in-multiproprieta\/\">Continua a leggere<\/a><\/p>\n","protected":false},"author":6,"featured_media":30794,"comment_status":"closed","ping_status":"closed","sticky":false,"template":"","format":"standard","meta":{"footnotes":""},"categories":[15,25],"tags":[2378],"class_list":["post-30793","post","type-post","status-publish","format-standard","has-post-thumbnail","hentry","category-famiglia","category-sguardo-sul-nostro-tempo","tag-co-parenting","item-wrap"],"yoast_head":"<!-- This site is optimized with the Yoast SEO plugin v27.5 - https:\/\/yoast.com\/product\/yoast-seo-wordpress\/ -->\n<title>Co-genitori offrensi per possedere figlio in multipropriet\u00e0 - Rassegna Stampa Cattolica<\/title>\n<meta name=\"description\" content=\"Rassegna Stampa Cattolica - Per una cultura che nasce dalla Rivelazione cristiana in conformit\u00e0 alla tradizione e al Magistero della Chiesa in opposizione ad ogni relativismo e totalitarismo\" \/>\n<meta name=\"robots\" content=\"index, follow, max-snippet:-1, max-image-preview:large, max-video-preview:-1\" \/>\n<link rel=\"canonical\" href=\"https:\/\/www.rassegnastampa-totustuus.it\/cattolica\/co-genitori-offrensi-per-possedere-figlio-in-multiproprieta\/\" \/>\n<meta property=\"og:locale\" content=\"it_IT\" \/>\n<meta property=\"og:type\" content=\"article\" \/>\n<meta property=\"og:title\" content=\"Co-genitori offrensi per possedere figlio in multipropriet\u00e0 - Rassegna Stampa Cattolica\" \/>\n<meta property=\"og:description\" content=\"Rassegna Stampa Cattolica - Per una cultura che nasce dalla Rivelazione cristiana in conformit\u00e0 alla tradizione e al Magistero della Chiesa in opposizione ad ogni relativismo e totalitarismo\" \/>\n<meta property=\"og:url\" content=\"https:\/\/www.rassegnastampa-totustuus.it\/cattolica\/co-genitori-offrensi-per-possedere-figlio-in-multiproprieta\/\" \/>\n<meta property=\"og:site_name\" content=\"Rassegna Stampa Cattolica\" \/>\n<meta property=\"article:publisher\" content=\"https:\/\/www.facebook.com\/rassegnastampacattolica\" \/>\n<meta property=\"article:published_time\" content=\"2016-02-24T23:00:35+00:00\" \/>\n<meta property=\"og:image\" content=\"https:\/\/www.rassegnastampa-totustuus.it\/cattolica\/wp-content\/uploads\/2016\/02\/coparenting.jpg\" \/>\n\t<meta property=\"og:image:width\" content=\"264\" \/>\n\t<meta property=\"og:image:height\" content=\"191\" \/>\n\t<meta property=\"og:image:type\" content=\"image\/jpeg\" \/>\n<meta name=\"author\" content=\"Redazione\" \/>\n<meta name=\"twitter:card\" content=\"summary_large_image\" \/>\n<meta name=\"twitter:creator\" content=\"@rassegnastampa9\" \/>\n<meta name=\"twitter:site\" content=\"@rassegnastampa9\" \/>\n<meta name=\"twitter:label1\" content=\"Scritto da\" \/>\n\t<meta name=\"twitter:data1\" content=\"Redazione\" \/>\n\t<meta name=\"twitter:label2\" content=\"Tempo di lettura stimato\" \/>\n\t<meta name=\"twitter:data2\" content=\"3 minuti\" \/>\n<script type=\"application\/ld+json\" class=\"yoast-schema-graph\">{\"@context\":\"https:\\\/\\\/schema.org\",\"@graph\":[{\"@type\":\"Article\",\"@id\":\"https:\\\/\\\/www.rassegnastampa-totustuus.it\\\/cattolica\\\/co-genitori-offrensi-per-possedere-figlio-in-multiproprieta\\\/#article\",\"isPartOf\":{\"@id\":\"https:\\\/\\\/www.rassegnastampa-totustuus.it\\\/cattolica\\\/co-genitori-offrensi-per-possedere-figlio-in-multiproprieta\\\/\"},\"author\":{\"name\":\"Redazione\",\"@id\":\"https:\\\/\\\/www.rassegnastampa-totustuus.it\\\/cattolica\\\/#\\\/schema\\\/person\\\/08f319d2bd1a0904ad9e2bfb7b15e5c3\"},\"headline\":\"Co-genitori offrensi per possedere figlio in multipropriet\u00e0\",\"datePublished\":\"2016-02-24T23:00:35+00:00\",\"mainEntityOfPage\":{\"@id\":\"https:\\\/\\\/www.rassegnastampa-totustuus.it\\\/cattolica\\\/co-genitori-offrensi-per-possedere-figlio-in-multiproprieta\\\/\"},\"wordCount\":624,\"publisher\":{\"@id\":\"https:\\\/\\\/www.rassegnastampa-totustuus.it\\\/cattolica\\\/#organization\"},\"image\":{\"@id\":\"https:\\\/\\\/www.rassegnastampa-totustuus.it\\\/cattolica\\\/co-genitori-offrensi-per-possedere-figlio-in-multiproprieta\\\/#primaryimage\"},\"thumbnailUrl\":\"https:\\\/\\\/www.rassegnastampa-totustuus.it\\\/cattolica\\\/wp-content\\\/uploads\\\/2016\\\/02\\\/coparenting.jpg\",\"keywords\":[\"co-parenting\"],\"articleSection\":[\"Famiglia\",\"Sguardo sul nostro tempo\"],\"inLanguage\":\"it-IT\"},{\"@type\":\"WebPage\",\"@id\":\"https:\\\/\\\/www.rassegnastampa-totustuus.it\\\/cattolica\\\/co-genitori-offrensi-per-possedere-figlio-in-multiproprieta\\\/\",\"url\":\"https:\\\/\\\/www.rassegnastampa-totustuus.it\\\/cattolica\\\/co-genitori-offrensi-per-possedere-figlio-in-multiproprieta\\\/\",\"name\":\"Co-genitori offrensi per possedere figlio in multipropriet\u00e0 - Rassegna Stampa Cattolica\",\"isPartOf\":{\"@id\":\"https:\\\/\\\/www.rassegnastampa-totustuus.it\\\/cattolica\\\/#website\"},\"primaryImageOfPage\":{\"@id\":\"https:\\\/\\\/www.rassegnastampa-totustuus.it\\\/cattolica\\\/co-genitori-offrensi-per-possedere-figlio-in-multiproprieta\\\/#primaryimage\"},\"image\":{\"@id\":\"https:\\\/\\\/www.rassegnastampa-totustuus.it\\\/cattolica\\\/co-genitori-offrensi-per-possedere-figlio-in-multiproprieta\\\/#primaryimage\"},\"thumbnailUrl\":\"https:\\\/\\\/www.rassegnastampa-totustuus.it\\\/cattolica\\\/wp-content\\\/uploads\\\/2016\\\/02\\\/coparenting.jpg\",\"datePublished\":\"2016-02-24T23:00:35+00:00\",\"description\":\"Rassegna Stampa Cattolica - Per una cultura che nasce dalla Rivelazione cristiana in conformit\u00e0 alla tradizione e al Magistero della Chiesa in opposizione ad ogni relativismo e totalitarismo\",\"breadcrumb\":{\"@id\":\"https:\\\/\\\/www.rassegnastampa-totustuus.it\\\/cattolica\\\/co-genitori-offrensi-per-possedere-figlio-in-multiproprieta\\\/#breadcrumb\"},\"inLanguage\":\"it-IT\",\"potentialAction\":[{\"@type\":\"ReadAction\",\"target\":[\"https:\\\/\\\/www.rassegnastampa-totustuus.it\\\/cattolica\\\/co-genitori-offrensi-per-possedere-figlio-in-multiproprieta\\\/\"]}]},{\"@type\":\"ImageObject\",\"inLanguage\":\"it-IT\",\"@id\":\"https:\\\/\\\/www.rassegnastampa-totustuus.it\\\/cattolica\\\/co-genitori-offrensi-per-possedere-figlio-in-multiproprieta\\\/#primaryimage\",\"url\":\"https:\\\/\\\/www.rassegnastampa-totustuus.it\\\/cattolica\\\/wp-content\\\/uploads\\\/2016\\\/02\\\/coparenting.jpg\",\"contentUrl\":\"https:\\\/\\\/www.rassegnastampa-totustuus.it\\\/cattolica\\\/wp-content\\\/uploads\\\/2016\\\/02\\\/coparenting.jpg\",\"width\":264,\"height\":191},{\"@type\":\"BreadcrumbList\",\"@id\":\"https:\\\/\\\/www.rassegnastampa-totustuus.it\\\/cattolica\\\/co-genitori-offrensi-per-possedere-figlio-in-multiproprieta\\\/#breadcrumb\",\"itemListElement\":[{\"@type\":\"ListItem\",\"position\":1,\"name\":\"Home\",\"item\":\"https:\\\/\\\/www.rassegnastampa-totustuus.it\\\/cattolica\\\/\"},{\"@type\":\"ListItem\",\"position\":2,\"name\":\"Co-genitori offrensi per possedere figlio in multipropriet\u00e0\"}]},{\"@type\":\"WebSite\",\"@id\":\"https:\\\/\\\/www.rassegnastampa-totustuus.it\\\/cattolica\\\/#website\",\"url\":\"https:\\\/\\\/www.rassegnastampa-totustuus.it\\\/cattolica\\\/\",\"name\":\"Rassegna Stampa Cattolica\",\"description\":\"Per una cultura che nasce dalla Rivelazione cristiana in conformit\u00e0 alla tradizione e al Magistero della Chiesa in opposizione ad ogni relativismo e totalitarismo\",\"publisher\":{\"@id\":\"https:\\\/\\\/www.rassegnastampa-totustuus.it\\\/cattolica\\\/#organization\"},\"alternateName\":\"Rass. Cattolica\",\"potentialAction\":[{\"@type\":\"SearchAction\",\"target\":{\"@type\":\"EntryPoint\",\"urlTemplate\":\"https:\\\/\\\/www.rassegnastampa-totustuus.it\\\/cattolica\\\/?s={search_term_string}\"},\"query-input\":{\"@type\":\"PropertyValueSpecification\",\"valueRequired\":true,\"valueName\":\"search_term_string\"}}],\"inLanguage\":\"it-IT\"},{\"@type\":\"Organization\",\"@id\":\"https:\\\/\\\/www.rassegnastampa-totustuus.it\\\/cattolica\\\/#organization\",\"name\":\"Rassegna Stampa Cattolica\",\"url\":\"https:\\\/\\\/www.rassegnastampa-totustuus.it\\\/cattolica\\\/\",\"logo\":{\"@type\":\"ImageObject\",\"inLanguage\":\"it-IT\",\"@id\":\"https:\\\/\\\/www.rassegnastampa-totustuus.it\\\/cattolica\\\/#\\\/schema\\\/logo\\\/image\\\/\",\"url\":\"https:\\\/\\\/www.rassegnastampa-totustuus.it\\\/cattolica\\\/wp-content\\\/uploads\\\/2014\\\/04\\\/logo-rassegna1.gif\",\"contentUrl\":\"https:\\\/\\\/www.rassegnastampa-totustuus.it\\\/cattolica\\\/wp-content\\\/uploads\\\/2014\\\/04\\\/logo-rassegna1.gif\",\"width\":600,\"height\":163,\"caption\":\"Rassegna Stampa Cattolica\"},\"image\":{\"@id\":\"https:\\\/\\\/www.rassegnastampa-totustuus.it\\\/cattolica\\\/#\\\/schema\\\/logo\\\/image\\\/\"},\"sameAs\":[\"https:\\\/\\\/www.facebook.com\\\/rassegnastampacattolica\",\"https:\\\/\\\/x.com\\\/rassegnastampa9\"]},{\"@type\":\"Person\",\"@id\":\"https:\\\/\\\/www.rassegnastampa-totustuus.it\\\/cattolica\\\/#\\\/schema\\\/person\\\/08f319d2bd1a0904ad9e2bfb7b15e5c3\",\"name\":\"Redazione\",\"image\":{\"@type\":\"ImageObject\",\"inLanguage\":\"it-IT\",\"@id\":\"https:\\\/\\\/secure.gravatar.com\\\/avatar\\\/2fcdf27c78ea025fbdb44e914cc63c72249ffec9dc8aafd5c82b26240ef3f346?s=96&d=mm&r=g\",\"url\":\"https:\\\/\\\/secure.gravatar.com\\\/avatar\\\/2fcdf27c78ea025fbdb44e914cc63c72249ffec9dc8aafd5c82b26240ef3f346?s=96&d=mm&r=g\",\"contentUrl\":\"https:\\\/\\\/secure.gravatar.com\\\/avatar\\\/2fcdf27c78ea025fbdb44e914cc63c72249ffec9dc8aafd5c82b26240ef3f346?s=96&d=mm&r=g\",\"caption\":\"Redazione\"},\"url\":\"https:\\\/\\\/www.rassegnastampa-totustuus.it\\\/cattolica\\\/author\\\/pietroelle\\\/\"}]}<\/script>\n<!-- \/ Yoast SEO plugin. -->","yoast_head_json":{"title":"Co-genitori offrensi per possedere figlio in multipropriet\u00e0 - Rassegna Stampa Cattolica","description":"Rassegna Stampa Cattolica - Per una cultura che nasce dalla Rivelazione cristiana in conformit\u00e0 alla tradizione e al Magistero della Chiesa in opposizione ad ogni relativismo e totalitarismo","robots":{"index":"index","follow":"follow","max-snippet":"max-snippet:-1","max-image-preview":"max-image-preview:large","max-video-preview":"max-video-preview:-1"},"canonical":"https:\/\/www.rassegnastampa-totustuus.it\/cattolica\/co-genitori-offrensi-per-possedere-figlio-in-multiproprieta\/","og_locale":"it_IT","og_type":"article","og_title":"Co-genitori offrensi per possedere figlio in multipropriet\u00e0 - Rassegna Stampa Cattolica","og_description":"Rassegna Stampa Cattolica - Per una cultura che nasce dalla Rivelazione cristiana in conformit\u00e0 alla tradizione e al Magistero della Chiesa in opposizione ad ogni relativismo e totalitarismo","og_url":"https:\/\/www.rassegnastampa-totustuus.it\/cattolica\/co-genitori-offrensi-per-possedere-figlio-in-multiproprieta\/","og_site_name":"Rassegna Stampa Cattolica","article_publisher":"https:\/\/www.facebook.com\/rassegnastampacattolica","article_published_time":"2016-02-24T23:00:35+00:00","og_image":[{"width":264,"height":191,"url":"https:\/\/www.rassegnastampa-totustuus.it\/cattolica\/wp-content\/uploads\/2016\/02\/coparenting.jpg","type":"image\/jpeg"}],"author":"Redazione","twitter_card":"summary_large_image","twitter_creator":"@rassegnastampa9","twitter_site":"@rassegnastampa9","twitter_misc":{"Scritto da":"Redazione","Tempo di lettura stimato":"3 minuti"},"schema":{"@context":"https:\/\/schema.org","@graph":[{"@type":"Article","@id":"https:\/\/www.rassegnastampa-totustuus.it\/cattolica\/co-genitori-offrensi-per-possedere-figlio-in-multiproprieta\/#article","isPartOf":{"@id":"https:\/\/www.rassegnastampa-totustuus.it\/cattolica\/co-genitori-offrensi-per-possedere-figlio-in-multiproprieta\/"},"author":{"name":"Redazione","@id":"https:\/\/www.rassegnastampa-totustuus.it\/cattolica\/#\/schema\/person\/08f319d2bd1a0904ad9e2bfb7b15e5c3"},"headline":"Co-genitori offrensi per possedere figlio in multipropriet\u00e0","datePublished":"2016-02-24T23:00:35+00:00","mainEntityOfPage":{"@id":"https:\/\/www.rassegnastampa-totustuus.it\/cattolica\/co-genitori-offrensi-per-possedere-figlio-in-multiproprieta\/"},"wordCount":624,"publisher":{"@id":"https:\/\/www.rassegnastampa-totustuus.it\/cattolica\/#organization"},"image":{"@id":"https:\/\/www.rassegnastampa-totustuus.it\/cattolica\/co-genitori-offrensi-per-possedere-figlio-in-multiproprieta\/#primaryimage"},"thumbnailUrl":"https:\/\/www.rassegnastampa-totustuus.it\/cattolica\/wp-content\/uploads\/2016\/02\/coparenting.jpg","keywords":["co-parenting"],"articleSection":["Famiglia","Sguardo sul nostro tempo"],"inLanguage":"it-IT"},{"@type":"WebPage","@id":"https:\/\/www.rassegnastampa-totustuus.it\/cattolica\/co-genitori-offrensi-per-possedere-figlio-in-multiproprieta\/","url":"https:\/\/www.rassegnastampa-totustuus.it\/cattolica\/co-genitori-offrensi-per-possedere-figlio-in-multiproprieta\/","name":"Co-genitori offrensi per possedere figlio in multipropriet\u00e0 - Rassegna Stampa Cattolica","isPartOf":{"@id":"https:\/\/www.rassegnastampa-totustuus.it\/cattolica\/#website"},"primaryImageOfPage":{"@id":"https:\/\/www.rassegnastampa-totustuus.it\/cattolica\/co-genitori-offrensi-per-possedere-figlio-in-multiproprieta\/#primaryimage"},"image":{"@id":"https:\/\/www.rassegnastampa-totustuus.it\/cattolica\/co-genitori-offrensi-per-possedere-figlio-in-multiproprieta\/#primaryimage"},"thumbnailUrl":"https:\/\/www.rassegnastampa-totustuus.it\/cattolica\/wp-content\/uploads\/2016\/02\/coparenting.jpg","datePublished":"2016-02-24T23:00:35+00:00","description":"Rassegna Stampa Cattolica - Per una cultura che nasce dalla Rivelazione cristiana in conformit\u00e0 alla tradizione e al Magistero della Chiesa in opposizione ad ogni relativismo e totalitarismo","breadcrumb":{"@id":"https:\/\/www.rassegnastampa-totustuus.it\/cattolica\/co-genitori-offrensi-per-possedere-figlio-in-multiproprieta\/#breadcrumb"},"inLanguage":"it-IT","potentialAction":[{"@type":"ReadAction","target":["https:\/\/www.rassegnastampa-totustuus.it\/cattolica\/co-genitori-offrensi-per-possedere-figlio-in-multiproprieta\/"]}]},{"@type":"ImageObject","inLanguage":"it-IT","@id":"https:\/\/www.rassegnastampa-totustuus.it\/cattolica\/co-genitori-offrensi-per-possedere-figlio-in-multiproprieta\/#primaryimage","url":"https:\/\/www.rassegnastampa-totustuus.it\/cattolica\/wp-content\/uploads\/2016\/02\/coparenting.jpg","contentUrl":"https:\/\/www.rassegnastampa-totustuus.it\/cattolica\/wp-content\/uploads\/2016\/02\/coparenting.jpg","width":264,"height":191},{"@type":"BreadcrumbList","@id":"https:\/\/www.rassegnastampa-totustuus.it\/cattolica\/co-genitori-offrensi-per-possedere-figlio-in-multiproprieta\/#breadcrumb","itemListElement":[{"@type":"ListItem","position":1,"name":"Home","item":"https:\/\/www.rassegnastampa-totustuus.it\/cattolica\/"},{"@type":"ListItem","position":2,"name":"Co-genitori offrensi per possedere figlio in multipropriet\u00e0"}]},{"@type":"WebSite","@id":"https:\/\/www.rassegnastampa-totustuus.it\/cattolica\/#website","url":"https:\/\/www.rassegnastampa-totustuus.it\/cattolica\/","name":"Rassegna Stampa Cattolica","description":"Per una cultura che nasce dalla Rivelazione cristiana in conformit\u00e0 alla tradizione e al Magistero della Chiesa in opposizione ad ogni relativismo e totalitarismo","publisher":{"@id":"https:\/\/www.rassegnastampa-totustuus.it\/cattolica\/#organization"},"alternateName":"Rass. Cattolica","potentialAction":[{"@type":"SearchAction","target":{"@type":"EntryPoint","urlTemplate":"https:\/\/www.rassegnastampa-totustuus.it\/cattolica\/?s={search_term_string}"},"query-input":{"@type":"PropertyValueSpecification","valueRequired":true,"valueName":"search_term_string"}}],"inLanguage":"it-IT"},{"@type":"Organization","@id":"https:\/\/www.rassegnastampa-totustuus.it\/cattolica\/#organization","name":"Rassegna Stampa Cattolica","url":"https:\/\/www.rassegnastampa-totustuus.it\/cattolica\/","logo":{"@type":"ImageObject","inLanguage":"it-IT","@id":"https:\/\/www.rassegnastampa-totustuus.it\/cattolica\/#\/schema\/logo\/image\/","url":"https:\/\/www.rassegnastampa-totustuus.it\/cattolica\/wp-content\/uploads\/2014\/04\/logo-rassegna1.gif","contentUrl":"https:\/\/www.rassegnastampa-totustuus.it\/cattolica\/wp-content\/uploads\/2014\/04\/logo-rassegna1.gif","width":600,"height":163,"caption":"Rassegna Stampa Cattolica"},"image":{"@id":"https:\/\/www.rassegnastampa-totustuus.it\/cattolica\/#\/schema\/logo\/image\/"},"sameAs":["https:\/\/www.facebook.com\/rassegnastampacattolica","https:\/\/x.com\/rassegnastampa9"]},{"@type":"Person","@id":"https:\/\/www.rassegnastampa-totustuus.it\/cattolica\/#\/schema\/person\/08f319d2bd1a0904ad9e2bfb7b15e5c3","name":"Redazione","image":{"@type":"ImageObject","inLanguage":"it-IT","@id":"https:\/\/secure.gravatar.com\/avatar\/2fcdf27c78ea025fbdb44e914cc63c72249ffec9dc8aafd5c82b26240ef3f346?s=96&d=mm&r=g","url":"https:\/\/secure.gravatar.com\/avatar\/2fcdf27c78ea025fbdb44e914cc63c72249ffec9dc8aafd5c82b26240ef3f346?s=96&d=mm&r=g","contentUrl":"https:\/\/secure.gravatar.com\/avatar\/2fcdf27c78ea025fbdb44e914cc63c72249ffec9dc8aafd5c82b26240ef3f346?s=96&d=mm&r=g","caption":"Redazione"},"url":"https:\/\/www.rassegnastampa-totustuus.it\/cattolica\/author\/pietroelle\/"}]}},"_links":{"self":[{"href":"https:\/\/www.rassegnastampa-totustuus.it\/cattolica\/wp-json\/wp\/v2\/posts\/30793","targetHints":{"allow":["GET"]}}],"collection":[{"href":"https:\/\/www.rassegnastampa-totustuus.it\/cattolica\/wp-json\/wp\/v2\/posts"}],"about":[{"href":"https:\/\/www.rassegnastampa-totustuus.it\/cattolica\/wp-json\/wp\/v2\/types\/post"}],"author":[{"embeddable":true,"href":"https:\/\/www.rassegnastampa-totustuus.it\/cattolica\/wp-json\/wp\/v2\/users\/6"}],"replies":[{"embeddable":true,"href":"https:\/\/www.rassegnastampa-totustuus.it\/cattolica\/wp-json\/wp\/v2\/comments?post=30793"}],"version-history":[{"count":1,"href":"https:\/\/www.rassegnastampa-totustuus.it\/cattolica\/wp-json\/wp\/v2\/posts\/30793\/revisions"}],"predecessor-version":[{"id":30795,"href":"https:\/\/www.rassegnastampa-totustuus.it\/cattolica\/wp-json\/wp\/v2\/posts\/30793\/revisions\/30795"}],"wp:featuredmedia":[{"embeddable":true,"href":"https:\/\/www.rassegnastampa-totustuus.it\/cattolica\/wp-json\/wp\/v2\/media\/30794"}],"wp:attachment":[{"href":"https:\/\/www.rassegnastampa-totustuus.it\/cattolica\/wp-json\/wp\/v2\/media?parent=30793"}],"wp:term":[{"taxonomy":"category","embeddable":true,"href":"https:\/\/www.rassegnastampa-totustuus.it\/cattolica\/wp-json\/wp\/v2\/categories?post=30793"},{"taxonomy":"post_tag","embeddable":true,"href":"https:\/\/www.rassegnastampa-totustuus.it\/cattolica\/wp-json\/wp\/v2\/tags?post=30793"}],"curies":[{"name":"wp","href":"https:\/\/api.w.org\/{rel}","templated":true}]}}