{"id":30730,"date":"2015-08-16T00:00:50","date_gmt":"2015-08-15T22:00:50","guid":{"rendered":"http:\/\/www.rassegnastampa-totustuus.it\/cattolica\/?p=30730"},"modified":"2018-08-21T13:59:55","modified_gmt":"2018-08-21T11:59:55","slug":"quando-litalia-si-sveglio","status":"publish","type":"post","link":"https:\/\/www.rassegnastampa-totustuus.it\/cattolica\/quando-litalia-si-sveglio\/","title":{"rendered":"Quando l\u2019Italia si svegli\u00f2"},"content":{"rendered":"<p style=\"text-align: center;\"><strong><a href=\"https:\/\/www.rassegnastampa-totustuus.it\/cattolica\/wp-content\/uploads\/2015\/08\/insorgenze_Tirolo.jpg\"><img loading=\"lazy\" decoding=\"async\" class=\"alignleft wp-image-30736\" src=\"https:\/\/www.rassegnastampa-totustuus.it\/cattolica\/wp-content\/uploads\/2015\/08\/insorgenze_Tirolo.jpg\" alt=\"insorgenze_Tirolo\" width=\"250\" height=\"187\" \/><\/a>Il Giornale<\/strong> 19 agosto 1996<\/p>\n<p style=\"text-align: center;\">\u00a0<em>Il fenomeno delle <\/em><em>insorgenze antifrancesi e antigiacobine<\/em><\/p>\n<p style=\"text-align: center;\"><strong>Franco Cardini<\/strong><\/p>\n<p style=\"text-align: justify;\">Con il secondo centenario della campagna del generale Bonaparte in Italia si \u00e8 aperta quest&#8217;anno una lunga fase di occasioni per ripensare il passato. Le vicende connesse con il consolidamento interno e la proiezione esterna della Francia rivoluzionaria, culminate con le campagne d&#8217;Italia e d&#8217;Egitto del Bonaparte, la \u00abSeconda Coalizione\u00bb e il Consolato, furono un periodo nodale per la storia d&#8217;Italia e d&#8217;Europa. Il triennio 1796-99 fu anche quello delle grandi \u00abillusioni giacobine\u00bb, il banco di prova dell&#8217;esportazione nella penisola d&#8217;un radicalismo rivoluzionario che in Francia era gi\u00e0 perdente e della soluzione dei tentativi (che c&#8217;erano stati: e interessanti, da Milano a Firenze a Napoli) di attuare le riforme connesse con il pensiero dei \u00abLumi\u00bb e con il decollo della rivoluzione industriale.<\/p>\n<p style=\"text-align: justify;\"><!--more--><\/p>\n<p style=\"text-align: justify;\">L&#8217;accelerazione imposta a questa dinamica dagli eventi francesi e il corto circuito che essa determin\u00f2 nei rapporti tra vita civile, vita economica e vita religiosa furono come sappiamo causa dell&#8217;esplodere di un disagio che esisteva gi\u00e0 prima che il Bonaparte varcasse le Alpi ma che si trasform\u00f2 a causa dell&#8217;arrivo dei francesi e dell&#8217;imposizione da parte loro delle nuove istituzioni repubblicane in un vero e proprio scontro fra ceti interessati al rinnovamento e ceti ben decisi invece a conservare un ancien regime magari cautamente rivisto o magari ad approfittare della reazione alla calata delle truppe del Bonaparte per eliminare anche gli esiti delle gi\u00e0 avviate riforme settecentesche.<\/p>\n<p style=\"text-align: justify;\">E\u2019 un fatto che anche la questione religioso-civile e quella meridionale, due altri nodi storici dell&#8217;Italia contemporanea, prendono l&#8217;avvio dal 1796. Ragione di pi\u00f9 per ripensarci.<\/p>\n<p style=\"text-align: justify;\">\u00c8 comprensibile che questo nodo di problemi si sia tradotto in una \u00abriscoperta\u00bb di quelle che &#8211; con entusiasmo e con allarme entrambi eccessivi &#8211; si sono definite le \u00abVandee italiane\u00bb, vale a dire i molti episodi d&#8217;insorgenza antifrancese e antigiacobina che nel triennio 1796-99 si verificarono un po&#8217; dappertutto nella penisola, dal Veneto, alle Romagne, alle Marche, alla Toscana, al Merdione. Il rapporto con la tragedia vandeana \u00e8 nato forse spontaneo, anche dato il carattere marcatamente religioso delle ragioni degli insorgenti (o di quelle che essi adducevano) e delle loro insegne e quindi il clima comune che sembra respirarsi nei casi appunto vandeano, italico o in quello spagnolo di qualche anno pi\u00f9 tardo.<\/p>\n<p style=\"text-align: justify;\">Va da s\u00e9 che le somiglianze ci sono, ma che molte di esse sono solo esteriori e che comunque non \u00e8 proponibile fermarsi a esse.<\/p>\n<p style=\"text-align: justify;\">Pi\u00f9 interessante appare l&#8217;interrogarsi sulla natura dei moti antifrancesi.<\/p>\n<p style=\"text-align: justify;\">Spontanea reazione popolare contro le misure antiecclesiastiche degli invasori e l&#8217;appoggio a essi fornito da alcuni intellettuali locali? Sistematica controffensiva dei vecchi ceti dirigenti appoggiati dalle potenze europee in lotta contro la Francia? Esito di antiche e nuove tensioni, di nodi talora secolari esplosivamente \u00abvenuti al pettine\u00bb?<\/p>\n<p style=\"text-align: justify;\">Si sono provati in molti a rispondere. Massimo Viglione, in <em>La \u00abVandea italiana\u00bb<\/em> (Effedieffe), ha tentato un bilancio generale delle insorgenze sottolineando non solo le somiglianze, ma anche le differenze rispetto alla Vandea. Per esempio, mentre l&#8217;aristocrazia francese del nord fu in genere solidale con i moti popolari contro la Repubblica (causati principalmente dalla Costituzione civile del clero e dalla leva obbligatoria), quella italiana fu molto pi\u00f9 cauta e attendista. Un \u00abcarattere originale\u00bb dei nostri ceti dirigenti, storicamente inclini al trasformismo?<\/p>\n<p style=\"text-align: justify;\">Analoghe conclusioni fornisce la bella ricerca<em> Insorgenti marchigiani<\/em> (Sico) di Sandro Petrucci, mentre sull&#8217;ambiguit\u00e0 della situazione toscana alla base del movimento del \u00abV\u00ecva Maria\u00bb (reazione alla violenza anticattolica dei giacobini o esito del diffuso malcontento per quelle ch&#8217;erano gi\u00e0 state le riforme religiose e socioeconomiche dell&#8217;et\u00e0 leopoldina, come aveva sostenuto anni fa in una ricerca fondamentale Gabriele Turi?) si \u00e8 tornati con una pubblicazione del Comune di Montevarchi dedicata all&#8217;eroina dell&#8217;insorgenza in Valdarno, <em>Alessandra e la famiglia Mari di Montevarchi.<\/em><\/p>\n<p style=\"text-align: justify;\">Che il Comune di Montevarchi si sia ricordato della sua Sandrina \u00e8 significativo anche sotto un altro profilo. La storia del giacobinismo e dell&#8217;antigiacobinismo italiani alla fine del Settecento \u00e8 infatti importante come capitolo della storia delle donne. Se ne sono ricordate Cecilia Brogi, che in <em>Per il trono e per l\u2019altare<\/em> (Alberti &amp; C.) ha tracciato il ritratto commosso di alcune eroine di quelle vicende, da Maria Antonietta a Luisa Sanfelice a Lady Hamilton; e Maria Antonietta Macciocchi, che ha riproposto il suo <em>Cara Eleonora<\/em> (Rizzoli)<\/p>\n<p style=\"text-align: justify;\">La vicenda di Eleonora Fonseca Pimentel \u00e8 esemplare: non solo per l&#8217;alta qualit\u00e0 morale e intellettuale del personaggio e le sua tragica fine, ma proprio per i nodi problematici che vi sono sottesi. A questo riguardo, forse, un confronto tra le pagine del Viglione e quelle defla Maciocchi appare illuminan\u00adte. Che in effetti il cattolico e \u00abfilosanfedista\u00bb Viglione non esita a condannare senza mezzi termini l&#8217;atteggiamento sanguinario e vendicativo della regina Maria Carolina: il ch\u00e8 per\u00f2 ridimensiona di parecchio le responsabilit\u00e0 del cardinale Ruffo mentre di pesantissime ne assegna all&#8217;ammiraglio Nelson, sul quale la Macciocchi appare pi\u00f9 elusiva.<\/p>\n<p style=\"text-align: justify;\">Certo \u00e8 che su tutte queste cose dovremo tornare. E dovremo tornare su un movimento che coinvolse personaggi per carattere, cultura e posizione latitudinaria tanto diversi quali Andreas Hofer e Michele Pezza detto \u00abfra Diavolo\u00bb, su cui si sono chinati con simpatia dall&#8217;Ongaro e il Morganti. Le polemiche sulle Insorgenze sono arrivate; ma, al pari delle Idi di Marzo, non trascorse.<\/p>\n<p>____________<\/p>\n<p><strong>Leggi anche:<\/strong><\/p>\n<p><a href=\"https:\/\/www.rassegnastampa-totustuus.it\/cattolica\/?p=38245\" target=\"_blank\" rel=\"noopener\">Rivoluzione, scristianizzazione, insorgenze<\/a><\/p>\n<p><a title=\"PermaLink a Opposizione popolare, insorgenza e brigantaggio nell\u2019Italia napoleonica\" href=\"https:\/\/www.rassegnastampa-totustuus.it\/cattolica\/?p=38187\" target=\"_blank\" rel=\"bookmark noopener\">Opposizione popolare, insorgenza e brigantaggio nell\u2019Italia napoleonica<\/a><\/p>\n<p><a title=\"PermaLink a L\u2019Insorgenza come categoria storico-politica\" href=\"https:\/\/www.rassegnastampa-totustuus.it\/cattolica\/?p=2365\" target=\"_blank\" rel=\"bookmark noopener\">L\u2019Insorgenza come categoria storico-politica<\/a><\/p>\n<p><a title=\"PermaLink a L\u2019Insorgenza italiana, il suo significato, la sua \u00abmodernit\u00e0\u00bb\" href=\"https:\/\/www.rassegnastampa-totustuus.it\/cattolica\/?p=1469\" target=\"_blank\" rel=\"bookmark noopener\">L\u2019Insorgenza italiana, il suo significato, la sua \u00abmodernit\u00e0\u00bb<\/a><\/p>\n<p><a title=\"PermaLink a Le insorgenze ferraresi del 1799 e del 1802-1809\" href=\"https:\/\/www.rassegnastampa-totustuus.it\/cattolica\/?p=1462\" target=\"_blank\" rel=\"bookmark noopener\">Le insorgenze ferraresi del 1799 e del 1802-1809<\/a><\/p>\n<p><a href=\"https:\/\/www.rassegnastampa-totustuus.it\/cattolica\/?p=40861\" target=\"_blank\" rel=\"noopener\">L&#8217;insorgenza della Garfagnana<\/a><\/p>\n","protected":false},"excerpt":{"rendered":"<p>Il Giornale 19 agosto 1996 \u00a0Il fenomeno delle insorgenze antifrancesi e antigiacobine Franco Cardini Con il secondo centenario della campagna del generale Bonaparte in Italia si \u00e8 aperta quest&#8217;anno una lunga fase di occasioni per ripensare il passato. Le vicende connesse con il consolidamento interno e la proiezione esterna della Francia rivoluzionaria, culminate con le &hellip; <\/p>\n<p><a class=\"more-link btn\" href=\"https:\/\/www.rassegnastampa-totustuus.it\/cattolica\/quando-litalia-si-sveglio\/\">Continua a leggere<\/a><\/p>\n","protected":false},"author":6,"featured_media":30736,"comment_status":"closed","ping_status":"closed","sticky":false,"template":"","format":"standard","meta":{"footnotes":""},"categories":[99,24,96],"tags":[1051],"class_list":["post-30730","post","type-post","status-publish","format-standard","has-post-thumbnail","hentry","category-insorgenze","category-storia","category-storia-italiana","tag-insorgenze-2","item-wrap"],"yoast_head":"<!-- This site is optimized with the Yoast SEO plugin v27.5 - https:\/\/yoast.com\/product\/yoast-seo-wordpress\/ -->\n<title>Quando l\u2019Italia si svegli\u00f2 - Rassegna Stampa Cattolica<\/title>\n<meta name=\"description\" content=\"Rassegna Stampa Cattolica - Per una cultura che nasce dalla Rivelazione cristiana in conformit\u00e0 alla tradizione e al Magistero della Chiesa in opposizione ad ogni relativismo e totalitarismo\" \/>\n<meta name=\"robots\" content=\"index, follow, max-snippet:-1, max-image-preview:large, max-video-preview:-1\" \/>\n<link rel=\"canonical\" href=\"https:\/\/www.rassegnastampa-totustuus.it\/cattolica\/quando-litalia-si-sveglio\/\" \/>\n<meta property=\"og:locale\" content=\"it_IT\" \/>\n<meta property=\"og:type\" content=\"article\" \/>\n<meta property=\"og:title\" content=\"Quando l\u2019Italia si svegli\u00f2 - Rassegna Stampa Cattolica\" \/>\n<meta property=\"og:description\" content=\"Rassegna Stampa Cattolica - Per una cultura che nasce dalla Rivelazione cristiana in conformit\u00e0 alla tradizione e al Magistero della Chiesa in opposizione ad ogni relativismo e totalitarismo\" \/>\n<meta property=\"og:url\" content=\"https:\/\/www.rassegnastampa-totustuus.it\/cattolica\/quando-litalia-si-sveglio\/\" \/>\n<meta property=\"og:site_name\" content=\"Rassegna Stampa Cattolica\" \/>\n<meta property=\"article:publisher\" content=\"https:\/\/www.facebook.com\/rassegnastampacattolica\" \/>\n<meta property=\"article:published_time\" content=\"2015-08-15T22:00:50+00:00\" \/>\n<meta property=\"article:modified_time\" content=\"2018-08-21T11:59:55+00:00\" \/>\n<meta property=\"og:image\" content=\"https:\/\/www.rassegnastampa-totustuus.it\/cattolica\/wp-content\/uploads\/2015\/08\/insorgenze_Tirolo.jpg\" \/>\n\t<meta property=\"og:image:width\" content=\"259\" \/>\n\t<meta property=\"og:image:height\" content=\"194\" \/>\n\t<meta property=\"og:image:type\" content=\"image\/jpeg\" \/>\n<meta name=\"author\" content=\"Redazione\" \/>\n<meta name=\"twitter:card\" content=\"summary_large_image\" \/>\n<meta name=\"twitter:creator\" content=\"@rassegnastampa9\" \/>\n<meta name=\"twitter:site\" content=\"@rassegnastampa9\" \/>\n<meta name=\"twitter:label1\" content=\"Scritto da\" \/>\n\t<meta name=\"twitter:data1\" content=\"Redazione\" \/>\n\t<meta name=\"twitter:label2\" content=\"Tempo di lettura stimato\" \/>\n\t<meta name=\"twitter:data2\" content=\"4 minuti\" \/>\n<script type=\"application\/ld+json\" class=\"yoast-schema-graph\">{\"@context\":\"https:\\\/\\\/schema.org\",\"@graph\":[{\"@type\":\"Article\",\"@id\":\"https:\\\/\\\/www.rassegnastampa-totustuus.it\\\/cattolica\\\/quando-litalia-si-sveglio\\\/#article\",\"isPartOf\":{\"@id\":\"https:\\\/\\\/www.rassegnastampa-totustuus.it\\\/cattolica\\\/quando-litalia-si-sveglio\\\/\"},\"author\":{\"name\":\"Redazione\",\"@id\":\"https:\\\/\\\/www.rassegnastampa-totustuus.it\\\/cattolica\\\/#\\\/schema\\\/person\\\/08f319d2bd1a0904ad9e2bfb7b15e5c3\"},\"headline\":\"Quando l\u2019Italia si svegli\u00f2\",\"datePublished\":\"2015-08-15T22:00:50+00:00\",\"dateModified\":\"2018-08-21T11:59:55+00:00\",\"mainEntityOfPage\":{\"@id\":\"https:\\\/\\\/www.rassegnastampa-totustuus.it\\\/cattolica\\\/quando-litalia-si-sveglio\\\/\"},\"wordCount\":933,\"publisher\":{\"@id\":\"https:\\\/\\\/www.rassegnastampa-totustuus.it\\\/cattolica\\\/#organization\"},\"image\":{\"@id\":\"https:\\\/\\\/www.rassegnastampa-totustuus.it\\\/cattolica\\\/quando-litalia-si-sveglio\\\/#primaryimage\"},\"thumbnailUrl\":\"https:\\\/\\\/www.rassegnastampa-totustuus.it\\\/cattolica\\\/wp-content\\\/uploads\\\/2015\\\/08\\\/insorgenze_Tirolo.jpg\",\"keywords\":[\"insorgenze\"],\"articleSection\":[\"Insorgenze\",\"Storia\",\"Storia italiana\"],\"inLanguage\":\"it-IT\"},{\"@type\":\"WebPage\",\"@id\":\"https:\\\/\\\/www.rassegnastampa-totustuus.it\\\/cattolica\\\/quando-litalia-si-sveglio\\\/\",\"url\":\"https:\\\/\\\/www.rassegnastampa-totustuus.it\\\/cattolica\\\/quando-litalia-si-sveglio\\\/\",\"name\":\"Quando l\u2019Italia si svegli\u00f2 - Rassegna Stampa Cattolica\",\"isPartOf\":{\"@id\":\"https:\\\/\\\/www.rassegnastampa-totustuus.it\\\/cattolica\\\/#website\"},\"primaryImageOfPage\":{\"@id\":\"https:\\\/\\\/www.rassegnastampa-totustuus.it\\\/cattolica\\\/quando-litalia-si-sveglio\\\/#primaryimage\"},\"image\":{\"@id\":\"https:\\\/\\\/www.rassegnastampa-totustuus.it\\\/cattolica\\\/quando-litalia-si-sveglio\\\/#primaryimage\"},\"thumbnailUrl\":\"https:\\\/\\\/www.rassegnastampa-totustuus.it\\\/cattolica\\\/wp-content\\\/uploads\\\/2015\\\/08\\\/insorgenze_Tirolo.jpg\",\"datePublished\":\"2015-08-15T22:00:50+00:00\",\"dateModified\":\"2018-08-21T11:59:55+00:00\",\"description\":\"Rassegna Stampa Cattolica - Per una cultura che nasce dalla Rivelazione cristiana in conformit\u00e0 alla tradizione e al Magistero della Chiesa in opposizione ad ogni relativismo e totalitarismo\",\"breadcrumb\":{\"@id\":\"https:\\\/\\\/www.rassegnastampa-totustuus.it\\\/cattolica\\\/quando-litalia-si-sveglio\\\/#breadcrumb\"},\"inLanguage\":\"it-IT\",\"potentialAction\":[{\"@type\":\"ReadAction\",\"target\":[\"https:\\\/\\\/www.rassegnastampa-totustuus.it\\\/cattolica\\\/quando-litalia-si-sveglio\\\/\"]}]},{\"@type\":\"ImageObject\",\"inLanguage\":\"it-IT\",\"@id\":\"https:\\\/\\\/www.rassegnastampa-totustuus.it\\\/cattolica\\\/quando-litalia-si-sveglio\\\/#primaryimage\",\"url\":\"https:\\\/\\\/www.rassegnastampa-totustuus.it\\\/cattolica\\\/wp-content\\\/uploads\\\/2015\\\/08\\\/insorgenze_Tirolo.jpg\",\"contentUrl\":\"https:\\\/\\\/www.rassegnastampa-totustuus.it\\\/cattolica\\\/wp-content\\\/uploads\\\/2015\\\/08\\\/insorgenze_Tirolo.jpg\",\"width\":259,\"height\":194},{\"@type\":\"BreadcrumbList\",\"@id\":\"https:\\\/\\\/www.rassegnastampa-totustuus.it\\\/cattolica\\\/quando-litalia-si-sveglio\\\/#breadcrumb\",\"itemListElement\":[{\"@type\":\"ListItem\",\"position\":1,\"name\":\"Home\",\"item\":\"https:\\\/\\\/www.rassegnastampa-totustuus.it\\\/cattolica\\\/\"},{\"@type\":\"ListItem\",\"position\":2,\"name\":\"Quando l\u2019Italia si svegli\u00f2\"}]},{\"@type\":\"WebSite\",\"@id\":\"https:\\\/\\\/www.rassegnastampa-totustuus.it\\\/cattolica\\\/#website\",\"url\":\"https:\\\/\\\/www.rassegnastampa-totustuus.it\\\/cattolica\\\/\",\"name\":\"Rassegna Stampa Cattolica\",\"description\":\"Per una cultura che nasce dalla Rivelazione cristiana in conformit\u00e0 alla tradizione e al Magistero della Chiesa in opposizione ad ogni relativismo e totalitarismo\",\"publisher\":{\"@id\":\"https:\\\/\\\/www.rassegnastampa-totustuus.it\\\/cattolica\\\/#organization\"},\"alternateName\":\"Rass. Cattolica\",\"potentialAction\":[{\"@type\":\"SearchAction\",\"target\":{\"@type\":\"EntryPoint\",\"urlTemplate\":\"https:\\\/\\\/www.rassegnastampa-totustuus.it\\\/cattolica\\\/?s={search_term_string}\"},\"query-input\":{\"@type\":\"PropertyValueSpecification\",\"valueRequired\":true,\"valueName\":\"search_term_string\"}}],\"inLanguage\":\"it-IT\"},{\"@type\":\"Organization\",\"@id\":\"https:\\\/\\\/www.rassegnastampa-totustuus.it\\\/cattolica\\\/#organization\",\"name\":\"Rassegna Stampa Cattolica\",\"url\":\"https:\\\/\\\/www.rassegnastampa-totustuus.it\\\/cattolica\\\/\",\"logo\":{\"@type\":\"ImageObject\",\"inLanguage\":\"it-IT\",\"@id\":\"https:\\\/\\\/www.rassegnastampa-totustuus.it\\\/cattolica\\\/#\\\/schema\\\/logo\\\/image\\\/\",\"url\":\"https:\\\/\\\/www.rassegnastampa-totustuus.it\\\/cattolica\\\/wp-content\\\/uploads\\\/2014\\\/04\\\/logo-rassegna1.gif\",\"contentUrl\":\"https:\\\/\\\/www.rassegnastampa-totustuus.it\\\/cattolica\\\/wp-content\\\/uploads\\\/2014\\\/04\\\/logo-rassegna1.gif\",\"width\":600,\"height\":163,\"caption\":\"Rassegna Stampa Cattolica\"},\"image\":{\"@id\":\"https:\\\/\\\/www.rassegnastampa-totustuus.it\\\/cattolica\\\/#\\\/schema\\\/logo\\\/image\\\/\"},\"sameAs\":[\"https:\\\/\\\/www.facebook.com\\\/rassegnastampacattolica\",\"https:\\\/\\\/x.com\\\/rassegnastampa9\"]},{\"@type\":\"Person\",\"@id\":\"https:\\\/\\\/www.rassegnastampa-totustuus.it\\\/cattolica\\\/#\\\/schema\\\/person\\\/08f319d2bd1a0904ad9e2bfb7b15e5c3\",\"name\":\"Redazione\",\"image\":{\"@type\":\"ImageObject\",\"inLanguage\":\"it-IT\",\"@id\":\"https:\\\/\\\/secure.gravatar.com\\\/avatar\\\/2fcdf27c78ea025fbdb44e914cc63c72249ffec9dc8aafd5c82b26240ef3f346?s=96&d=mm&r=g\",\"url\":\"https:\\\/\\\/secure.gravatar.com\\\/avatar\\\/2fcdf27c78ea025fbdb44e914cc63c72249ffec9dc8aafd5c82b26240ef3f346?s=96&d=mm&r=g\",\"contentUrl\":\"https:\\\/\\\/secure.gravatar.com\\\/avatar\\\/2fcdf27c78ea025fbdb44e914cc63c72249ffec9dc8aafd5c82b26240ef3f346?s=96&d=mm&r=g\",\"caption\":\"Redazione\"},\"url\":\"https:\\\/\\\/www.rassegnastampa-totustuus.it\\\/cattolica\\\/author\\\/pietroelle\\\/\"}]}<\/script>\n<!-- \/ Yoast SEO plugin. -->","yoast_head_json":{"title":"Quando l\u2019Italia si svegli\u00f2 - Rassegna Stampa Cattolica","description":"Rassegna Stampa Cattolica - Per una cultura che nasce dalla Rivelazione cristiana in conformit\u00e0 alla tradizione e al Magistero della Chiesa in opposizione ad ogni relativismo e totalitarismo","robots":{"index":"index","follow":"follow","max-snippet":"max-snippet:-1","max-image-preview":"max-image-preview:large","max-video-preview":"max-video-preview:-1"},"canonical":"https:\/\/www.rassegnastampa-totustuus.it\/cattolica\/quando-litalia-si-sveglio\/","og_locale":"it_IT","og_type":"article","og_title":"Quando l\u2019Italia si svegli\u00f2 - Rassegna Stampa Cattolica","og_description":"Rassegna Stampa Cattolica - Per una cultura che nasce dalla Rivelazione cristiana in conformit\u00e0 alla tradizione e al Magistero della Chiesa in opposizione ad ogni relativismo e totalitarismo","og_url":"https:\/\/www.rassegnastampa-totustuus.it\/cattolica\/quando-litalia-si-sveglio\/","og_site_name":"Rassegna Stampa Cattolica","article_publisher":"https:\/\/www.facebook.com\/rassegnastampacattolica","article_published_time":"2015-08-15T22:00:50+00:00","article_modified_time":"2018-08-21T11:59:55+00:00","og_image":[{"width":259,"height":194,"url":"https:\/\/www.rassegnastampa-totustuus.it\/cattolica\/wp-content\/uploads\/2015\/08\/insorgenze_Tirolo.jpg","type":"image\/jpeg"}],"author":"Redazione","twitter_card":"summary_large_image","twitter_creator":"@rassegnastampa9","twitter_site":"@rassegnastampa9","twitter_misc":{"Scritto da":"Redazione","Tempo di lettura stimato":"4 minuti"},"schema":{"@context":"https:\/\/schema.org","@graph":[{"@type":"Article","@id":"https:\/\/www.rassegnastampa-totustuus.it\/cattolica\/quando-litalia-si-sveglio\/#article","isPartOf":{"@id":"https:\/\/www.rassegnastampa-totustuus.it\/cattolica\/quando-litalia-si-sveglio\/"},"author":{"name":"Redazione","@id":"https:\/\/www.rassegnastampa-totustuus.it\/cattolica\/#\/schema\/person\/08f319d2bd1a0904ad9e2bfb7b15e5c3"},"headline":"Quando l\u2019Italia si svegli\u00f2","datePublished":"2015-08-15T22:00:50+00:00","dateModified":"2018-08-21T11:59:55+00:00","mainEntityOfPage":{"@id":"https:\/\/www.rassegnastampa-totustuus.it\/cattolica\/quando-litalia-si-sveglio\/"},"wordCount":933,"publisher":{"@id":"https:\/\/www.rassegnastampa-totustuus.it\/cattolica\/#organization"},"image":{"@id":"https:\/\/www.rassegnastampa-totustuus.it\/cattolica\/quando-litalia-si-sveglio\/#primaryimage"},"thumbnailUrl":"https:\/\/www.rassegnastampa-totustuus.it\/cattolica\/wp-content\/uploads\/2015\/08\/insorgenze_Tirolo.jpg","keywords":["insorgenze"],"articleSection":["Insorgenze","Storia","Storia italiana"],"inLanguage":"it-IT"},{"@type":"WebPage","@id":"https:\/\/www.rassegnastampa-totustuus.it\/cattolica\/quando-litalia-si-sveglio\/","url":"https:\/\/www.rassegnastampa-totustuus.it\/cattolica\/quando-litalia-si-sveglio\/","name":"Quando l\u2019Italia si svegli\u00f2 - Rassegna Stampa Cattolica","isPartOf":{"@id":"https:\/\/www.rassegnastampa-totustuus.it\/cattolica\/#website"},"primaryImageOfPage":{"@id":"https:\/\/www.rassegnastampa-totustuus.it\/cattolica\/quando-litalia-si-sveglio\/#primaryimage"},"image":{"@id":"https:\/\/www.rassegnastampa-totustuus.it\/cattolica\/quando-litalia-si-sveglio\/#primaryimage"},"thumbnailUrl":"https:\/\/www.rassegnastampa-totustuus.it\/cattolica\/wp-content\/uploads\/2015\/08\/insorgenze_Tirolo.jpg","datePublished":"2015-08-15T22:00:50+00:00","dateModified":"2018-08-21T11:59:55+00:00","description":"Rassegna Stampa Cattolica - Per una cultura che nasce dalla Rivelazione cristiana in conformit\u00e0 alla tradizione e al Magistero della Chiesa in opposizione ad ogni relativismo e totalitarismo","breadcrumb":{"@id":"https:\/\/www.rassegnastampa-totustuus.it\/cattolica\/quando-litalia-si-sveglio\/#breadcrumb"},"inLanguage":"it-IT","potentialAction":[{"@type":"ReadAction","target":["https:\/\/www.rassegnastampa-totustuus.it\/cattolica\/quando-litalia-si-sveglio\/"]}]},{"@type":"ImageObject","inLanguage":"it-IT","@id":"https:\/\/www.rassegnastampa-totustuus.it\/cattolica\/quando-litalia-si-sveglio\/#primaryimage","url":"https:\/\/www.rassegnastampa-totustuus.it\/cattolica\/wp-content\/uploads\/2015\/08\/insorgenze_Tirolo.jpg","contentUrl":"https:\/\/www.rassegnastampa-totustuus.it\/cattolica\/wp-content\/uploads\/2015\/08\/insorgenze_Tirolo.jpg","width":259,"height":194},{"@type":"BreadcrumbList","@id":"https:\/\/www.rassegnastampa-totustuus.it\/cattolica\/quando-litalia-si-sveglio\/#breadcrumb","itemListElement":[{"@type":"ListItem","position":1,"name":"Home","item":"https:\/\/www.rassegnastampa-totustuus.it\/cattolica\/"},{"@type":"ListItem","position":2,"name":"Quando l\u2019Italia si svegli\u00f2"}]},{"@type":"WebSite","@id":"https:\/\/www.rassegnastampa-totustuus.it\/cattolica\/#website","url":"https:\/\/www.rassegnastampa-totustuus.it\/cattolica\/","name":"Rassegna Stampa Cattolica","description":"Per una cultura che nasce dalla Rivelazione cristiana in conformit\u00e0 alla tradizione e al Magistero della Chiesa in opposizione ad ogni relativismo e totalitarismo","publisher":{"@id":"https:\/\/www.rassegnastampa-totustuus.it\/cattolica\/#organization"},"alternateName":"Rass. Cattolica","potentialAction":[{"@type":"SearchAction","target":{"@type":"EntryPoint","urlTemplate":"https:\/\/www.rassegnastampa-totustuus.it\/cattolica\/?s={search_term_string}"},"query-input":{"@type":"PropertyValueSpecification","valueRequired":true,"valueName":"search_term_string"}}],"inLanguage":"it-IT"},{"@type":"Organization","@id":"https:\/\/www.rassegnastampa-totustuus.it\/cattolica\/#organization","name":"Rassegna Stampa Cattolica","url":"https:\/\/www.rassegnastampa-totustuus.it\/cattolica\/","logo":{"@type":"ImageObject","inLanguage":"it-IT","@id":"https:\/\/www.rassegnastampa-totustuus.it\/cattolica\/#\/schema\/logo\/image\/","url":"https:\/\/www.rassegnastampa-totustuus.it\/cattolica\/wp-content\/uploads\/2014\/04\/logo-rassegna1.gif","contentUrl":"https:\/\/www.rassegnastampa-totustuus.it\/cattolica\/wp-content\/uploads\/2014\/04\/logo-rassegna1.gif","width":600,"height":163,"caption":"Rassegna Stampa Cattolica"},"image":{"@id":"https:\/\/www.rassegnastampa-totustuus.it\/cattolica\/#\/schema\/logo\/image\/"},"sameAs":["https:\/\/www.facebook.com\/rassegnastampacattolica","https:\/\/x.com\/rassegnastampa9"]},{"@type":"Person","@id":"https:\/\/www.rassegnastampa-totustuus.it\/cattolica\/#\/schema\/person\/08f319d2bd1a0904ad9e2bfb7b15e5c3","name":"Redazione","image":{"@type":"ImageObject","inLanguage":"it-IT","@id":"https:\/\/secure.gravatar.com\/avatar\/2fcdf27c78ea025fbdb44e914cc63c72249ffec9dc8aafd5c82b26240ef3f346?s=96&d=mm&r=g","url":"https:\/\/secure.gravatar.com\/avatar\/2fcdf27c78ea025fbdb44e914cc63c72249ffec9dc8aafd5c82b26240ef3f346?s=96&d=mm&r=g","contentUrl":"https:\/\/secure.gravatar.com\/avatar\/2fcdf27c78ea025fbdb44e914cc63c72249ffec9dc8aafd5c82b26240ef3f346?s=96&d=mm&r=g","caption":"Redazione"},"url":"https:\/\/www.rassegnastampa-totustuus.it\/cattolica\/author\/pietroelle\/"}]}},"_links":{"self":[{"href":"https:\/\/www.rassegnastampa-totustuus.it\/cattolica\/wp-json\/wp\/v2\/posts\/30730","targetHints":{"allow":["GET"]}}],"collection":[{"href":"https:\/\/www.rassegnastampa-totustuus.it\/cattolica\/wp-json\/wp\/v2\/posts"}],"about":[{"href":"https:\/\/www.rassegnastampa-totustuus.it\/cattolica\/wp-json\/wp\/v2\/types\/post"}],"author":[{"embeddable":true,"href":"https:\/\/www.rassegnastampa-totustuus.it\/cattolica\/wp-json\/wp\/v2\/users\/6"}],"replies":[{"embeddable":true,"href":"https:\/\/www.rassegnastampa-totustuus.it\/cattolica\/wp-json\/wp\/v2\/comments?post=30730"}],"version-history":[{"count":5,"href":"https:\/\/www.rassegnastampa-totustuus.it\/cattolica\/wp-json\/wp\/v2\/posts\/30730\/revisions"}],"predecessor-version":[{"id":40892,"href":"https:\/\/www.rassegnastampa-totustuus.it\/cattolica\/wp-json\/wp\/v2\/posts\/30730\/revisions\/40892"}],"wp:featuredmedia":[{"embeddable":true,"href":"https:\/\/www.rassegnastampa-totustuus.it\/cattolica\/wp-json\/wp\/v2\/media\/30736"}],"wp:attachment":[{"href":"https:\/\/www.rassegnastampa-totustuus.it\/cattolica\/wp-json\/wp\/v2\/media?parent=30730"}],"wp:term":[{"taxonomy":"category","embeddable":true,"href":"https:\/\/www.rassegnastampa-totustuus.it\/cattolica\/wp-json\/wp\/v2\/categories?post=30730"},{"taxonomy":"post_tag","embeddable":true,"href":"https:\/\/www.rassegnastampa-totustuus.it\/cattolica\/wp-json\/wp\/v2\/tags?post=30730"}],"curies":[{"name":"wp","href":"https:\/\/api.w.org\/{rel}","templated":true}]}}