{"id":30719,"date":"2015-08-16T00:00:29","date_gmt":"2015-08-15T22:00:29","guid":{"rendered":"http:\/\/www.rassegnastampa-totustuus.it\/cattolica\/?p=30719"},"modified":"2016-02-16T10:31:48","modified_gmt":"2016-02-16T09:31:48","slug":"jacques-cathelineau-il-santo-dellanjou-un-combattente-sotto-lo-stendardo-del-re-del-cielo","status":"publish","type":"post","link":"https:\/\/www.rassegnastampa-totustuus.it\/cattolica\/jacques-cathelineau-il-santo-dellanjou-un-combattente-sotto-lo-stendardo-del-re-del-cielo\/","title":{"rendered":"Jacques Cathelineau, &#8216;il Santo dell&#8217;Anjou&#8217;, un combattente sotto lo stendardo del Re del Cielo"},"content":{"rendered":"<div id=\"attachment_30723\" style=\"width: 172px\" class=\"wp-caption alignright\"><a href=\"https:\/\/www.rassegnastampa-totustuus.it\/cattolica\/wp-content\/uploads\/2015\/08\/Jacques_Cathelineau.jpg\"><img loading=\"lazy\" decoding=\"async\" aria-describedby=\"caption-attachment-30723\" class=\"wp-image-30723 size-full\" src=\"https:\/\/www.rassegnastampa-totustuus.it\/cattolica\/wp-content\/uploads\/2015\/08\/Jacques_Cathelineau.jpg\" alt=\"Jacques_Cathelineau\" width=\"172\" height=\"184\" \/><\/a><p id=\"caption-attachment-30723\" class=\"wp-caption-text\">Jacques Cathelineau<\/p><\/div>\n<p style=\"text-align: center;\"><strong>Cristianit\u00e0<\/strong> n. 222 (1993)<\/p>\n<p style=\"text-align: justify;\"><em>Il 18 luglio 1993, a Le Pin-en-Mauges, nella Francia Occidentale, presente il vescovo di Angers, S. E. mons. Jean Orchampt, \u00e8 stato ricordato il primo generalissimo degli insorti vandeani contro la Rivoluzione. Nell\u2019occasione <strong>S. Em. il card. Paul Poupard<\/strong>, presidente del Pontificio Consiglio per la Cultura, ha pronunciato un\u2019allocuzione, comparsa in <\/em>L\u2019Osservatore Romano. \u00c9dition hebdomadaire en langue fran\u00e7aise <em>(anno 44, n. 32, 10-8-1993, pp. 8-9), con il titolo <\/em>Soldat sous l\u2019\u00e9tendard du Roi du ciel <em>e sottotitoli. Il nuovo titolo e la traduzione sono redazionali.<\/em><\/p>\n<p style=\"text-align: justify;\"><!--more--><\/p>\n<p>Caro Monsignore,<\/p>\n<p>Signori Rappresentanti delle Istituzioni Civiche e Amministrative,<\/p>\n<p>Caro Parroco di Le Pin-en-Mauges,<\/p>\n<p>Cari fratelli nel Sacerdozio,<\/p>\n<p>Fratelli e sorelle in Ges\u00f9 Cristo,<\/p>\n<p style=\"text-align: justify;\">\u00e8 una riunione di famiglia quella che oggi ci raccoglie tutti per celebrare con fervore, nel rendimento di grazie, uno dei nostri in questo villaggio dell\u2019Anjou, Le Pin-en-Mauges, dove Jacques Cathelineau \u00e8 stato battezzato il giorno dopo la sua nascita, il 5 gennaio 1759. I suoi resti mortali vi riposano in attesa della risurrezione. Qui \u00e8 presente non solo la Vandea angevina, ma tutta la Vandea, attorno al suo primo generalissimo, Jacques Cathelineau, &#8220;il Santo dell\u2019Anjou&#8221;, e, secondo la bella espressione di monsignor Chappoulie, l\u2019eroe da vetrata.<\/p>\n<p style=\"text-align: justify;\"><strong>Eroe da vetrata<\/strong><\/p>\n<p style=\"text-align: justify;\">Oggi, l\u2019anniversario che ci riunisce, nel fervore del ricordo e nella fedelt\u00e0 della gratitudine, \u00e8 quello della morte di Jacques Cathelineau, a Saint-Florent-Le-Vieil, due secoli fa, il 14 luglio 1793. L\u2019esistenza cos\u00ec breve, esattamente trentaquattro anni, l\u2019infanzia nascosta nel cuore della campagna angevina, il sorgere improvviso di un giovane vetturale senza istruzione militare e senza relazioni politiche, la carica vittoriosa che, in un lampo, fa di contadini senz\u2019armi un esercito temibile, e di un giovane dei Mauges senza preparazione un generale di un esercito d\u2019insorti cattolico e regio per la difesa della fede in Cristo, per la fedelt\u00e0 al Pontefice Romano, e per la libert\u00e0 di professare la religione con i sacerdoti fedeli alla Chiesa di Dio, e non assolutamente a una Repubblica persecutrice: questa epopea, grazie al suo carattere improvviso e alla sua dimensione, alla sua ispirazione e alla sua dedizione, evoca irresistibilmente il mistero di una Giovanna d\u2019Arco.<\/p>\n<p style=\"text-align: justify;\"><strong>Famiglia cristiana<\/strong><\/p>\n<p style=\"text-align: justify;\">Nato da una famiglia di artigiani \u2014 muratori e tagliapietre nella bella stagione, tessitori d\u2019inverno \u2014 il giovane Jacques cresce in una famiglia cristiana, dove impara, com\u2019\u00e8 accaduto a molti di noi nel nostro Anjou, ad amare di uno stesso amore i genitori terreni e il Padre celeste, a recitare la sera il rosario durante la veglia, a non cominciare il pane fatto in casa senza segnarlo con una croce, a non passare davanti a un Crocifisso al crocevia senza salutarlo e segnarsi con rispetto. Fra il padre Jean e la madre Perrine Hudon, il fratello maggiore Jean e la sorella minore Marie-Jeanne trascorre giorni felici, come in tutte le case in cui ci si ama. Ma a dodici anni, nei Mauges, bisogna guadagnarsi la vita.<\/p>\n<p style=\"text-align: justify;\">Il parroco di La Chapelle-du-Gen\u00eat, don Marchais, amico del parroco di Le Pin, lo prende con s\u00e9 al proprio servizio. Fa il cantore e il sacrestano in chiesa, e lavora in canonica e in giardino. In questi cinque anni la sua fede si rafforza, la sua devozione si arricchisce, il suo\u00a0<em>savoir-faire<\/em>\u00a0cresce, e il suo\u00a0<em>faire-savoir<\/em>si sviluppa. A Le Pin ritorna un giovane alto e bello, dagli occhi chiari, con i capelli ricci e che sa parlare, compagnone qualificato nei banchetti di nozze e nelle feste campagnole e cantore trascinante nella chiesa del villaggio. A diciotto anni sposa la sua vicina Louise Godin, di otto anni maggiore di lui, che gli d\u00e0 undici figli, di cui, nel 1793, restano loro solo quattro figlie e un figlio.<\/p>\n<p style=\"text-align: justify;\"><strong>La Rivoluzione<\/strong><\/p>\n<p style=\"text-align: justify;\">Jacques \u00e8 venditore ambulante. Attraversa il paese, i villaggi e le fattorie a vendere pettini e saponette, filo e aghi, lana e fazzoletti di Cholet, zucchero e sale, medaglie e corone del rosario, che vanno a ruba presso i suoi clienti angevini. Gioviale e servizievole, franco e leale, robusto e fine, con il volto vivace e dolce, la voce chiara e conquistante, vende la sua mercanzia e commenta le novit\u00e0. Che sono cattive. La Costituzione Civile del clero vuol separare vescovi e sacerdoti da Roma e imporre loro il giuramento che a Le Pin come a La Chapelle-du- Gen\u00eat rifiutano. \u00c8 l\u2019ora della prova e della persecuzione. Cathelineau moltiplica i pellegrinaggi a Notre-Dame de Charit\u00e9, a Saint-Laurent-de-la-Plaine e a Notre-Dame de Bon Secours a Bellefontaine.<\/p>\n<p style=\"text-align: justify;\">Di notte, con la croce processionale davanti, i parrocchiani supplicano la Vergine di conservare la fede cattolica:<em>&#8220;Confido, Vergine, nel vostro soccorso&#8221;<\/em>. Un suo amico, don Cantiteau, ne \u00e8 testimone:\u00a0<em>&#8220;Spesso solo lui era la guida, il conduttore di centinaia di persone che lo seguivano. Gi\u00e0 sostenuto \u2014 come pare \u2014 da qualcosa di pi\u00f9 che umano, percorreva avanti e indietro, per quindici o diciotto volte, tre leghe, cantando e facendo in questo modo il viaggio&#8221;<\/em>. Oggi non \u00e8 un sacerdote a guidare la processione. Domani non sar\u00e0 un nobile a guidare l\u2019insurrezione. \u00c8 Jacques Cathelineau, un laico, un semplice fedele, fedele alla sua fede e alla sua coscienza davanti a Dio e davanti agli uomini.<\/p>\n<p style=\"text-align: justify;\">Da Parigi non giungono pi\u00f9 solamente cattive notizie, arrivano misure persecutorie. Don Cantiteau si deve nascondere. Cathelineau lo rassicura:\u00a0<em>&#8220;State tranquillo, Signor Parroco, con la mia cassa di mercanzia porter\u00f2 di casa in casa la vera fede&#8221;<\/em>.<\/p>\n<p style=\"text-align: justify;\"><strong>Il combattimento per Dio<\/strong><\/p>\n<p style=\"text-align: justify;\">E questa fu, improvvisamente, la scintilla. La Convenzione decreta l\u2019arruolamento in massa dei cittadini per sbarrare la via dell\u2019Oriente all\u2019invasione straniera, 6.202 volontari per il Maine-et-Loire, dei quali 701 per il solo distretto di Saint-Florent. Sono i giovani del popolo che si sollevano. La piccola nobilt\u00e0, che non \u00e8 potuta emigrare, cerca di farsi dimenticare. Il clero, che non \u00e8 potuto andare in esilio e che rifiuta il giuramento, si nasconde e cerca di calmare gli animi. La gente del popolo, sfinita dai dispiaceri, rosa dalle indignazioni e dalle preoccupazioni, giovani contadini, artigiani e commercianti rifiutano di servire un regime che li disprezza e li perseguita. Un grido unanime solleva i villaggi e le fattorie, sale dalle case e dalle cantine: <em>&#8220;Non partiremo&#8221;<\/em>.<\/p>\n<p style=\"text-align: justify;\">Il 12 marzo 1793, a Saint-Florent, avviene la scaramuccia tante volte descritta e narrata. A partire dal giorno seguente, secondo Jean Blon, suo cugino, la decisione di Cathelineau, lungamente maturata, viene presa. Egli si pulisce le mani dalla pasta per il pane casereccio che sta per cuocere nel forno. La moglie gli si getta al collo, lo supplica di non lasciarla sola con i cinque bimbi inferiori ai dodici anni.\u00a0<em>&#8220;Abbi fiducia\u00a0<\/em>\u2014 risponde \u2014<em>. Dio, per cui vado a combattere, avr\u00e0 cura di voi&#8221;<\/em>. Prende una spada, si mette un rosario al collo, si appunta un Sacro Cuore sul petto e parte, per la causa di Dio, seguito da ventisette uomini senza fucile, con una forca, una falce in mano e, nel cuore, una fede invincibile.<\/p>\n<p style=\"text-align: justify;\">Fra loro non vi sono n\u00e9 ufficiali, n\u00e9 nobili, n\u00e9 sacerdoti. \u00c8 il popolo, il buon popolo dei Mauges, sono laici, brave persone, di modesta condizione, tessitori, carpentieri, calzolai, contadini. Cathelineau fa aprire la chiesa:\u00a0<em>&#8220;Voi non potete combattere<\/em>\u2014 dice ai vecchi, alle donne e ai bambini \u2014<em>, pregate per il successo delle nostre armi&#8221;<\/em>. Gli uomini, che si sono tolti il cappello davanti al Crocifisso, cantano l\u2019inno della Passione con Cathelineau, che li trascina certamente a combattere per il Re, ma si tratta di Cristo Re:<\/p>\n<p style=\"text-align: justify;\"><em>Vexilla regis prodeunt<\/em><\/p>\n<p style=\"text-align: justify;\"><em>Fulget Crucis mysterium<\/em><\/p>\n<p style=\"text-align: justify;\"><em>Qua vita mortem pertulit<\/em><\/p>\n<p style=\"text-align: justify;\"><em>Et morte vita protulit<\/em><\/p>\n<p style=\"text-align: justify;\">Avanzano gli stendardi del Re<\/p>\n<p style=\"text-align: justify;\">Risplende il mistero della Croce<\/p>\n<p style=\"text-align: justify;\">Su cui la vita ha sopportato la morte<\/p>\n<p style=\"text-align: justify;\">e con la sua morte d\u00e0 la vita.<\/p>\n<p style=\"text-align: justify;\">E cos\u00ec si dar\u00e0, sotto lo stendardo del Re del Cielo, la vittoria di questi giovani contadini inesperti e la sconfitta dei repubblicani, battuti dagli irresistibili colpi di raspa del capo pi\u00f9 prestigioso e pi\u00f9 popolare della guerra di Vandea, condotta da uomini e da capi fra i diciotto e i trentaquattro anni. Cathelineau meriter\u00e0 il bel titolo di &#8220;Santo dell\u2019Anjou&#8221;.<\/p>\n<p style=\"text-align: justify;\"><strong>Il soldato di Dio<\/strong><\/p>\n<p style=\"text-align: justify;\">Cathelineau fa un segno di croce e si lancia. Lo seguono tutti. La guerra di Vandea \u00e8 cominciata. Incredibile epopea vittoriosa che porta questi insorti di Dio, da Jallais a Chemill\u00e9, e vola di vittoria in vittoria, da Cholet a Saumur e a Nantes, dove un colpo mortale colpisce al petto il generale in capo. Riportato a Saint-Florent, vi muore il 14 luglio: <em>&#8220;Il Buon Cathelineau <\/em>\u2014 annuncia suo cugino Jean Blon \u2014 <em>ha reso l\u2019anima a Dio, che gliel\u2019aveva data per vendicare la sua gloria&#8221;<\/em>.<\/p>\n<p style=\"text-align: justify;\">Dall\u2019inizio alla fine di questi quattro mesi Cathelineau \u00e8 il soldato di Dio, che fa mettere i propri uomini in ginocchio per chiedere, con il grande scontro di Chemill\u00e9, il soccorso del Dio degli eserciti, e che li lancia in combattimento al grido\u00a0<em>&#8220;Soldati di Ges\u00f9 Cristo, avanti! Con le baionette, le picche, i bastoni!&#8221;<\/em>.<\/p>\n<p style=\"text-align: justify;\">Dal Bois-Grolleau alla chiesa di Saint-Pierre de Cholet, con il loro capo, recitano ininterrottamente il rosario, prima di cantare il <em>Te Deum<\/em>.<\/p>\n<p style=\"text-align: justify;\">A Fontanay Cathelineau porta religiosamente la croce processionale con cui guidava \u2014 come ho detto \u2014 i pellegrinaggi di Notre-Dame de Charit\u00e9 e di Notre-Dame di Bellefontaine. Con la sua voce forte, chiara e trascinante, lancia il suo appello:\u00a0<em>&#8220;Se durante la carica vi ricordate di essere soldati di Ges\u00f9 Cristo, vi avventerete come leoni sui barbari nemici del suo nome e delle vostre famiglie. Coraggiosi Compagni, raccomandate l\u2019anima a Dio&#8221;<\/em>.<\/p>\n<p style=\"text-align: justify;\">Questo fu il carattere popolare della guerra di Vandea, a imitazione del capo, Cathelineau, democraticamente eletto: un combattimento per Dio.<\/p>\n<p style=\"text-align: justify;\"><strong>Come Giovanna d\u2019Arco<\/strong><\/p>\n<p style=\"text-align: justify;\">A Saumur un testimone racconta: <em>&#8220;Tutti i vandeani, sia i capi che i soldati, portavano sul cuore uno scapolare su cui erano le lettere iniziali dei santi nomi di Ges\u00f9 e di Maria, attorno a un cuore fiammeggiante. Moltissimi portavano il rosario&#8221;<\/em>.<\/p>\n<p style=\"text-align: justify;\">Dall\u2019alto, Cathelineau arringa le truppe con la sua bella voce:<em>&#8220;Guardate le torri della fortezza. Presto ne sarete i padroni. Le forze principali della Repubblica sono a Saumur. Questa piazza vi far\u00e0 padroni del corso della Loira. La via verso Parigi sar\u00e0 aperta. Allora rialzeremo gli altari e rimetteremo il re sul suo trono&#8221;<\/em>.<\/p>\n<p style=\"text-align: justify;\">Utopia! diranno gli scettici. Ma Napoleone, che era un esperto di uomini e di soldati, scriver\u00e0 nelle sue <em>Memorie<\/em>: <em>&#8220;Cathelineau aveva ricevuto dalla natura le principali qualit\u00e0 di un capo militare: l\u2019ispirazione a non lasciar mai riposare n\u00e9 i vincitori, n\u00e9 i vinti. Nulla avrebbe potuto fermare la marcia degli eserciti regi. La bandiera bianca avrebbe sventolato sulle torri di Notre-Dame prima che fosse possibile alle armate del Reno correre in aiuto del loro governo&#8221;<\/em>.<\/p>\n<p style=\"text-align: justify;\">In verit\u00e0, Cathelineau, come Giovanna d\u2019Arco, alimentava la sua ispirazione e la sua determinazione a un\u2019altra fonte: <em>&#8220;Il primo movente che lo fece soldato <\/em>\u2014 dir\u00e0 don Cantiteau \u2014 <em>fu la sua devozione: lo zelo ardente per la gloria del suo Dio, il suo attaccamento alla fede cattolica, il desiderio di vedere la monarchia restaurata, ecco i primi e principali motivi che gli hanno fatto prendere le armi e che lo hanno reso intrepido in mezzo ai maggiori pericoli. Nella sua generosa decisione non entrarono assolutamente l\u2019ambizione, il desiderio di fare la propria fortuna, di conquistare gloria e di farsi un nome&#8221;<\/em>.<\/p>\n<p style=\"text-align: justify;\"><strong>Il Santo dell\u2019Anjou<\/strong><\/p>\n<p style=\"text-align: justify;\">Cathelineau comincia la guerra con la forza di un crociato, la conduce come un capo militare di grande sagacia e bravura, con coraggio e con prudenza. Nel momento del consiglio, si fa ascoltare. Nel momento del combattimento, si fa seguire. Tutti hanno una fiducia illimitata nella sua parola. Per tutti \u00e8 &#8220;il Santo dell\u2019Anjou&#8221;. E lo storico lo nota: finch\u00e9 fu alla testa dell\u2019esercito vandeano, lo mantiene sempre all\u2019apogeo della sua grandezza,\u00a0<em>&#8220;un popolo di giganti&#8221;<\/em>, dir\u00e0 il vincitore di Austerlitz, la cui anima di corso comprese la fede dei Mauges e l\u2019ammir\u00f2.<\/p>\n<p style=\"text-align: justify;\">Le testimonianze sono innumerevoli. Secondo la marchesa di Roche de la Rochejacquelein, <em>&#8220;non si \u00e8 mai visto un uomo pi\u00f9 dolce, pi\u00f9 modesto e migliore. Era dotato di un\u2019intelligenza straordinaria, di un\u2019eloquenza trascinante. I contadini l\u2019adoravano e gli portavano un grandissimo rispetto. Da molto tempo aveva una grande fama di devozione e di temperanza, al punto che i suoi soldati lo chiamavano il Santo dell\u2019Anjou&#8221;<\/em>.<\/p>\n<p style=\"text-align: justify;\">Secondo Boutillier de Saint-Andr\u00e9,\u00a0<em>&#8220;il suo valore mirabile, il suo zelo a tutta prova, il suo disinteresse ispiravano una fiducia illimitata ai soldati, che ai suoi ordini facevano miracoli. Era amato dai contadini soprattutto per la sua compassione e perch\u00e9, nato nella loro classe, ne aveva conservato il costume, i modi e il linguaggio. Per questi motivi venne scelto come generalissimo dell\u2019esercito vandeano, e il semplice mercante di filo fu comandante, senza la sia pur minima opposizione, di grandi signori, sottomessi volontariamente alla sua autorit\u00e0&#8221;<\/em>.<\/p>\n<p style=\"text-align: justify;\">Secondo don Cantiteau,\u00a0<em>&#8220;aveva veramente la fede&#8221;<\/em>. L\u2019ultimo messaggio alla moglie fu questo:\u00a0<em>&#8220;Mia cara Louise, alleva i figli nel timor di Dio. Ripeti loro spesso che il loro padre, prendendo le armi, cercava solamente di salvare la religione cattolica nella quale sono stati battezzati. Offro la mia vita perch\u00e9 possano crescere da buoni cristiani nella pace religiosa&#8221;<\/em>. Come dice D. Autichamp, sarebbe impossibile negare che Dio ispir\u00f2 Cathelineau.<\/p>\n<p style=\"text-align: justify;\">La liturgia odierna ci invita a meditare le parabole del Regno dei Cieli. Indubbiamente, Cathelineau, a due secoli di distanza, costituisce per noi una parabola vivente del Regno. Cathelineau fu un cristiano fervente, fedele alla sua coscienza fino all\u2019eroismo, fedele al Dio del Cielo e al Papa di Roma fino all\u2019effusione del sangue. Questo \u00e8 tutto il segreto della sua epopea: sfida le analisi umane, ma realizza il disegno di Dio.<\/p>\n<p style=\"text-align: justify;\"><strong>Il sangue versato per Dio<\/strong><\/p>\n<p style=\"text-align: justify;\">Come Giovanna d\u2019Arco \u2014 Jacques Cathelineau ne era convinto \u2014, la sua ispirazione gli veniva dall\u2019Alto: <em>&#8220;Dio ci ha chiesto di combattere <\/em>\u2014 dice \u2014 <em>perch\u00e9 non avevamo altro mezzo per affermare la nostra fede. Ma non \u00e8 certo che otterremo la pace religiosa con le armi. Il sangue che si versa per Dio non \u00e8 mai perso. Con quello di Cristo serve alla redenzione del mondo&#8221;<\/em>. Non sono le parole di un capobanda, ma di un figlio della Chiesa, di un uomo di fede e di speranza, d\u2019amore e di pace. Oggi, nella nostra Francia, nella nostra Europa, nel nostro mondo, abbiamo tanto bisogno di fede e di speranza, d\u2019amore e di pace. Cathelineau ce ne mostra la sorgente.<\/p>\n<p style=\"text-align: justify;\">Fratelli, come Cathelineau ha fatto tante volte nella sua giovinezza felice e gioiosa, come ha fatto nella sua lotta dolorosa e gloriosa, entriamo nel grande mistero dell\u2019Eucaristia, memoriale del sacrificio della Croce, su cui Cristo ha versato il suo sangue per la salvezza del mondo. Permettetemi, concludendo questa rievocazione troppo breve del Santo dell\u2019Anjou, nel bicentenario del versamento del suo sangue per il diritto della coscienza, per la libert\u00e0 religiosa, per la fedelt\u00e0 alla Chiesa cattolica, di citare quel grande vescovo d\u2019Angers che fu mons. Chappoulie, nell\u2019invito alla commemorazione del 1959: <em>&#8220;L\u2019omaggio che renderemo al &#8220;Santo dell\u2019Anjou&#8221; ci insegner\u00e0 a conservare piamente nei nostri cuori il ricordo di quanti, con lui, lottarono e caddero eroicamente per affermare, di fronte a un potere centrale che trasformava il regime di Francia in una macchina da guerra contro la fede religiosa e contro la fedelt\u00e0 alla Chiesa nostra madre, contro i diritti di Dio e della coscienza.<\/em><\/p>\n<p style=\"text-align: justify;\"><em>&#8220;Venerando Cathelineau, non dimenticheremo che, senza il magnifico sacrificio dei vandeani, Bonaparte non avrebbe reso cos\u00ec rapidamente alla Francia il diritto di cantare il Credo dei suoi padri. Senza la morte di migliaia di loro, le nostre chiese non avrebbero ritrovato in una volta sola i loro sacerdoti e le loro campane. Saremmo colpevoli di ingratitudine non ricordandoci che alla Vandea schiacciata sui campi di battaglia Dio diede la vittoria della causa sacra per cui i suoi figli caddero con Cathelineau&#8221;<\/em>.<\/p>\n<p style=\"text-align: justify;\">Fratelli, dobbiamo avere il suo stesso coraggio della fede, lo stesso ardore della speranza, lo stesso fervore dell\u2019amore.<\/p>\n<p style=\"text-align: justify;\"><em>Amen<\/em>.<\/p>\n<p style=\"text-align: right;\"><strong>+ Card. Paul Poupard<\/strong><\/p>\n<p style=\"text-align: right;\"><em>Presidente del Pontificio Consiglio per la Cultura<\/em><\/p>\n","protected":false},"excerpt":{"rendered":"<p>Cristianit\u00e0 n. 222 (1993) Il 18 luglio 1993, a Le Pin-en-Mauges, nella Francia Occidentale, presente il vescovo di Angers, S. E. mons. Jean Orchampt, \u00e8 stato ricordato il primo generalissimo degli insorti vandeani contro la Rivoluzione. Nell\u2019occasione S. Em. il card. Paul Poupard, presidente del Pontificio Consiglio per la Cultura, ha pronunciato un\u2019allocuzione, comparsa in &hellip; <\/p>\n<p><a class=\"more-link btn\" href=\"https:\/\/www.rassegnastampa-totustuus.it\/cattolica\/jacques-cathelineau-il-santo-dellanjou-un-combattente-sotto-lo-stendardo-del-re-del-cielo\/\">Continua a leggere<\/a><\/p>\n","protected":false},"author":6,"featured_media":30723,"comment_status":"closed","ping_status":"closed","sticky":false,"template":"","format":"standard","meta":{"footnotes":""},"categories":[18,37,24],"tags":[2372,963],"class_list":["post-30719","post","type-post","status-publish","format-standard","has-post-thumbnail","hentry","category-personaggi","category-rivoluzione-francese","category-storia","tag-jacques-cathelineau","tag-vandea","item-wrap"],"yoast_head":"<!-- This site is optimized with the Yoast SEO plugin v27.5 - https:\/\/yoast.com\/product\/yoast-seo-wordpress\/ -->\n<title>Jacques Cathelineau, &#039;il Santo dell&#039;Anjou&#039;, un combattente sotto lo stendardo del Re del Cielo - Rassegna Stampa Cattolica<\/title>\n<meta name=\"description\" content=\"Rassegna Stampa Cattolica - Per una cultura che nasce dalla Rivelazione cristiana in conformit\u00e0 alla tradizione e al Magistero della Chiesa in opposizione ad ogni relativismo e totalitarismo\" \/>\n<meta name=\"robots\" content=\"index, follow, max-snippet:-1, max-image-preview:large, max-video-preview:-1\" \/>\n<link rel=\"canonical\" href=\"https:\/\/www.rassegnastampa-totustuus.it\/cattolica\/jacques-cathelineau-il-santo-dellanjou-un-combattente-sotto-lo-stendardo-del-re-del-cielo\/\" \/>\n<meta property=\"og:locale\" content=\"it_IT\" \/>\n<meta property=\"og:type\" content=\"article\" \/>\n<meta property=\"og:title\" content=\"Jacques Cathelineau, &#039;il Santo dell&#039;Anjou&#039;, un combattente sotto lo stendardo del Re del Cielo - Rassegna Stampa Cattolica\" \/>\n<meta property=\"og:description\" content=\"Rassegna Stampa Cattolica - Per una cultura che nasce dalla Rivelazione cristiana in conformit\u00e0 alla tradizione e al Magistero della Chiesa in opposizione ad ogni relativismo e totalitarismo\" \/>\n<meta property=\"og:url\" content=\"https:\/\/www.rassegnastampa-totustuus.it\/cattolica\/jacques-cathelineau-il-santo-dellanjou-un-combattente-sotto-lo-stendardo-del-re-del-cielo\/\" \/>\n<meta property=\"og:site_name\" content=\"Rassegna Stampa Cattolica\" \/>\n<meta property=\"article:publisher\" content=\"https:\/\/www.facebook.com\/rassegnastampacattolica\" \/>\n<meta property=\"article:published_time\" content=\"2015-08-15T22:00:29+00:00\" \/>\n<meta property=\"article:modified_time\" content=\"2016-02-16T09:31:48+00:00\" \/>\n<meta property=\"og:image\" content=\"https:\/\/www.rassegnastampa-totustuus.it\/cattolica\/wp-content\/uploads\/2015\/08\/Jacques_Cathelineau.jpg\" \/>\n\t<meta property=\"og:image:width\" content=\"172\" \/>\n\t<meta property=\"og:image:height\" content=\"184\" \/>\n\t<meta property=\"og:image:type\" content=\"image\/jpeg\" \/>\n<meta name=\"author\" content=\"Redazione\" \/>\n<meta name=\"twitter:card\" content=\"summary_large_image\" \/>\n<meta name=\"twitter:creator\" content=\"@rassegnastampa9\" \/>\n<meta name=\"twitter:site\" content=\"@rassegnastampa9\" \/>\n<meta name=\"twitter:label1\" content=\"Scritto da\" \/>\n\t<meta name=\"twitter:data1\" content=\"Redazione\" \/>\n\t<meta name=\"twitter:label2\" content=\"Tempo di lettura stimato\" \/>\n\t<meta name=\"twitter:data2\" content=\"13 minuti\" \/>\n<script type=\"application\/ld+json\" class=\"yoast-schema-graph\">{\"@context\":\"https:\\\/\\\/schema.org\",\"@graph\":[{\"@type\":\"Article\",\"@id\":\"https:\\\/\\\/www.rassegnastampa-totustuus.it\\\/cattolica\\\/jacques-cathelineau-il-santo-dellanjou-un-combattente-sotto-lo-stendardo-del-re-del-cielo\\\/#article\",\"isPartOf\":{\"@id\":\"https:\\\/\\\/www.rassegnastampa-totustuus.it\\\/cattolica\\\/jacques-cathelineau-il-santo-dellanjou-un-combattente-sotto-lo-stendardo-del-re-del-cielo\\\/\"},\"author\":{\"name\":\"Redazione\",\"@id\":\"https:\\\/\\\/www.rassegnastampa-totustuus.it\\\/cattolica\\\/#\\\/schema\\\/person\\\/08f319d2bd1a0904ad9e2bfb7b15e5c3\"},\"headline\":\"Jacques Cathelineau, &#8216;il Santo dell&#8217;Anjou&#8217;, un combattente sotto lo stendardo del Re del Cielo\",\"datePublished\":\"2015-08-15T22:00:29+00:00\",\"dateModified\":\"2016-02-16T09:31:48+00:00\",\"mainEntityOfPage\":{\"@id\":\"https:\\\/\\\/www.rassegnastampa-totustuus.it\\\/cattolica\\\/jacques-cathelineau-il-santo-dellanjou-un-combattente-sotto-lo-stendardo-del-re-del-cielo\\\/\"},\"wordCount\":2668,\"publisher\":{\"@id\":\"https:\\\/\\\/www.rassegnastampa-totustuus.it\\\/cattolica\\\/#organization\"},\"image\":{\"@id\":\"https:\\\/\\\/www.rassegnastampa-totustuus.it\\\/cattolica\\\/jacques-cathelineau-il-santo-dellanjou-un-combattente-sotto-lo-stendardo-del-re-del-cielo\\\/#primaryimage\"},\"thumbnailUrl\":\"https:\\\/\\\/www.rassegnastampa-totustuus.it\\\/cattolica\\\/wp-content\\\/uploads\\\/2015\\\/08\\\/Jacques_Cathelineau.jpg\",\"keywords\":[\"Jacques Cathelineau\",\"Vandea\"],\"articleSection\":[\"Personaggi\",\"Rivoluzione francese\",\"Storia\"],\"inLanguage\":\"it-IT\"},{\"@type\":\"WebPage\",\"@id\":\"https:\\\/\\\/www.rassegnastampa-totustuus.it\\\/cattolica\\\/jacques-cathelineau-il-santo-dellanjou-un-combattente-sotto-lo-stendardo-del-re-del-cielo\\\/\",\"url\":\"https:\\\/\\\/www.rassegnastampa-totustuus.it\\\/cattolica\\\/jacques-cathelineau-il-santo-dellanjou-un-combattente-sotto-lo-stendardo-del-re-del-cielo\\\/\",\"name\":\"Jacques Cathelineau, 'il Santo dell'Anjou', un combattente sotto lo stendardo del Re del Cielo - Rassegna Stampa Cattolica\",\"isPartOf\":{\"@id\":\"https:\\\/\\\/www.rassegnastampa-totustuus.it\\\/cattolica\\\/#website\"},\"primaryImageOfPage\":{\"@id\":\"https:\\\/\\\/www.rassegnastampa-totustuus.it\\\/cattolica\\\/jacques-cathelineau-il-santo-dellanjou-un-combattente-sotto-lo-stendardo-del-re-del-cielo\\\/#primaryimage\"},\"image\":{\"@id\":\"https:\\\/\\\/www.rassegnastampa-totustuus.it\\\/cattolica\\\/jacques-cathelineau-il-santo-dellanjou-un-combattente-sotto-lo-stendardo-del-re-del-cielo\\\/#primaryimage\"},\"thumbnailUrl\":\"https:\\\/\\\/www.rassegnastampa-totustuus.it\\\/cattolica\\\/wp-content\\\/uploads\\\/2015\\\/08\\\/Jacques_Cathelineau.jpg\",\"datePublished\":\"2015-08-15T22:00:29+00:00\",\"dateModified\":\"2016-02-16T09:31:48+00:00\",\"description\":\"Rassegna Stampa Cattolica - Per una cultura che nasce dalla Rivelazione cristiana in conformit\u00e0 alla tradizione e al Magistero della Chiesa in opposizione ad ogni relativismo e totalitarismo\",\"breadcrumb\":{\"@id\":\"https:\\\/\\\/www.rassegnastampa-totustuus.it\\\/cattolica\\\/jacques-cathelineau-il-santo-dellanjou-un-combattente-sotto-lo-stendardo-del-re-del-cielo\\\/#breadcrumb\"},\"inLanguage\":\"it-IT\",\"potentialAction\":[{\"@type\":\"ReadAction\",\"target\":[\"https:\\\/\\\/www.rassegnastampa-totustuus.it\\\/cattolica\\\/jacques-cathelineau-il-santo-dellanjou-un-combattente-sotto-lo-stendardo-del-re-del-cielo\\\/\"]}]},{\"@type\":\"ImageObject\",\"inLanguage\":\"it-IT\",\"@id\":\"https:\\\/\\\/www.rassegnastampa-totustuus.it\\\/cattolica\\\/jacques-cathelineau-il-santo-dellanjou-un-combattente-sotto-lo-stendardo-del-re-del-cielo\\\/#primaryimage\",\"url\":\"https:\\\/\\\/www.rassegnastampa-totustuus.it\\\/cattolica\\\/wp-content\\\/uploads\\\/2015\\\/08\\\/Jacques_Cathelineau.jpg\",\"contentUrl\":\"https:\\\/\\\/www.rassegnastampa-totustuus.it\\\/cattolica\\\/wp-content\\\/uploads\\\/2015\\\/08\\\/Jacques_Cathelineau.jpg\",\"width\":172,\"height\":184},{\"@type\":\"BreadcrumbList\",\"@id\":\"https:\\\/\\\/www.rassegnastampa-totustuus.it\\\/cattolica\\\/jacques-cathelineau-il-santo-dellanjou-un-combattente-sotto-lo-stendardo-del-re-del-cielo\\\/#breadcrumb\",\"itemListElement\":[{\"@type\":\"ListItem\",\"position\":1,\"name\":\"Home\",\"item\":\"https:\\\/\\\/www.rassegnastampa-totustuus.it\\\/cattolica\\\/\"},{\"@type\":\"ListItem\",\"position\":2,\"name\":\"Jacques Cathelineau, &#8216;il Santo dell&#8217;Anjou&#8217;, un combattente sotto lo stendardo del Re del Cielo\"}]},{\"@type\":\"WebSite\",\"@id\":\"https:\\\/\\\/www.rassegnastampa-totustuus.it\\\/cattolica\\\/#website\",\"url\":\"https:\\\/\\\/www.rassegnastampa-totustuus.it\\\/cattolica\\\/\",\"name\":\"Rassegna Stampa Cattolica\",\"description\":\"Per una cultura che nasce dalla Rivelazione cristiana in conformit\u00e0 alla tradizione e al Magistero della Chiesa in opposizione ad ogni relativismo e totalitarismo\",\"publisher\":{\"@id\":\"https:\\\/\\\/www.rassegnastampa-totustuus.it\\\/cattolica\\\/#organization\"},\"alternateName\":\"Rass. Cattolica\",\"potentialAction\":[{\"@type\":\"SearchAction\",\"target\":{\"@type\":\"EntryPoint\",\"urlTemplate\":\"https:\\\/\\\/www.rassegnastampa-totustuus.it\\\/cattolica\\\/?s={search_term_string}\"},\"query-input\":{\"@type\":\"PropertyValueSpecification\",\"valueRequired\":true,\"valueName\":\"search_term_string\"}}],\"inLanguage\":\"it-IT\"},{\"@type\":\"Organization\",\"@id\":\"https:\\\/\\\/www.rassegnastampa-totustuus.it\\\/cattolica\\\/#organization\",\"name\":\"Rassegna Stampa Cattolica\",\"url\":\"https:\\\/\\\/www.rassegnastampa-totustuus.it\\\/cattolica\\\/\",\"logo\":{\"@type\":\"ImageObject\",\"inLanguage\":\"it-IT\",\"@id\":\"https:\\\/\\\/www.rassegnastampa-totustuus.it\\\/cattolica\\\/#\\\/schema\\\/logo\\\/image\\\/\",\"url\":\"https:\\\/\\\/www.rassegnastampa-totustuus.it\\\/cattolica\\\/wp-content\\\/uploads\\\/2014\\\/04\\\/logo-rassegna1.gif\",\"contentUrl\":\"https:\\\/\\\/www.rassegnastampa-totustuus.it\\\/cattolica\\\/wp-content\\\/uploads\\\/2014\\\/04\\\/logo-rassegna1.gif\",\"width\":600,\"height\":163,\"caption\":\"Rassegna Stampa Cattolica\"},\"image\":{\"@id\":\"https:\\\/\\\/www.rassegnastampa-totustuus.it\\\/cattolica\\\/#\\\/schema\\\/logo\\\/image\\\/\"},\"sameAs\":[\"https:\\\/\\\/www.facebook.com\\\/rassegnastampacattolica\",\"https:\\\/\\\/x.com\\\/rassegnastampa9\"]},{\"@type\":\"Person\",\"@id\":\"https:\\\/\\\/www.rassegnastampa-totustuus.it\\\/cattolica\\\/#\\\/schema\\\/person\\\/08f319d2bd1a0904ad9e2bfb7b15e5c3\",\"name\":\"Redazione\",\"image\":{\"@type\":\"ImageObject\",\"inLanguage\":\"it-IT\",\"@id\":\"https:\\\/\\\/secure.gravatar.com\\\/avatar\\\/2fcdf27c78ea025fbdb44e914cc63c72249ffec9dc8aafd5c82b26240ef3f346?s=96&d=mm&r=g\",\"url\":\"https:\\\/\\\/secure.gravatar.com\\\/avatar\\\/2fcdf27c78ea025fbdb44e914cc63c72249ffec9dc8aafd5c82b26240ef3f346?s=96&d=mm&r=g\",\"contentUrl\":\"https:\\\/\\\/secure.gravatar.com\\\/avatar\\\/2fcdf27c78ea025fbdb44e914cc63c72249ffec9dc8aafd5c82b26240ef3f346?s=96&d=mm&r=g\",\"caption\":\"Redazione\"},\"url\":\"https:\\\/\\\/www.rassegnastampa-totustuus.it\\\/cattolica\\\/author\\\/pietroelle\\\/\"}]}<\/script>\n<!-- \/ Yoast SEO plugin. -->","yoast_head_json":{"title":"Jacques Cathelineau, 'il Santo dell'Anjou', un combattente sotto lo stendardo del Re del Cielo - Rassegna Stampa Cattolica","description":"Rassegna Stampa Cattolica - Per una cultura che nasce dalla Rivelazione cristiana in conformit\u00e0 alla tradizione e al Magistero della Chiesa in opposizione ad ogni relativismo e totalitarismo","robots":{"index":"index","follow":"follow","max-snippet":"max-snippet:-1","max-image-preview":"max-image-preview:large","max-video-preview":"max-video-preview:-1"},"canonical":"https:\/\/www.rassegnastampa-totustuus.it\/cattolica\/jacques-cathelineau-il-santo-dellanjou-un-combattente-sotto-lo-stendardo-del-re-del-cielo\/","og_locale":"it_IT","og_type":"article","og_title":"Jacques Cathelineau, 'il Santo dell'Anjou', un combattente sotto lo stendardo del Re del Cielo - Rassegna Stampa Cattolica","og_description":"Rassegna Stampa Cattolica - Per una cultura che nasce dalla Rivelazione cristiana in conformit\u00e0 alla tradizione e al Magistero della Chiesa in opposizione ad ogni relativismo e totalitarismo","og_url":"https:\/\/www.rassegnastampa-totustuus.it\/cattolica\/jacques-cathelineau-il-santo-dellanjou-un-combattente-sotto-lo-stendardo-del-re-del-cielo\/","og_site_name":"Rassegna Stampa Cattolica","article_publisher":"https:\/\/www.facebook.com\/rassegnastampacattolica","article_published_time":"2015-08-15T22:00:29+00:00","article_modified_time":"2016-02-16T09:31:48+00:00","og_image":[{"width":172,"height":184,"url":"https:\/\/www.rassegnastampa-totustuus.it\/cattolica\/wp-content\/uploads\/2015\/08\/Jacques_Cathelineau.jpg","type":"image\/jpeg"}],"author":"Redazione","twitter_card":"summary_large_image","twitter_creator":"@rassegnastampa9","twitter_site":"@rassegnastampa9","twitter_misc":{"Scritto da":"Redazione","Tempo di lettura stimato":"13 minuti"},"schema":{"@context":"https:\/\/schema.org","@graph":[{"@type":"Article","@id":"https:\/\/www.rassegnastampa-totustuus.it\/cattolica\/jacques-cathelineau-il-santo-dellanjou-un-combattente-sotto-lo-stendardo-del-re-del-cielo\/#article","isPartOf":{"@id":"https:\/\/www.rassegnastampa-totustuus.it\/cattolica\/jacques-cathelineau-il-santo-dellanjou-un-combattente-sotto-lo-stendardo-del-re-del-cielo\/"},"author":{"name":"Redazione","@id":"https:\/\/www.rassegnastampa-totustuus.it\/cattolica\/#\/schema\/person\/08f319d2bd1a0904ad9e2bfb7b15e5c3"},"headline":"Jacques Cathelineau, &#8216;il Santo dell&#8217;Anjou&#8217;, un combattente sotto lo stendardo del Re del Cielo","datePublished":"2015-08-15T22:00:29+00:00","dateModified":"2016-02-16T09:31:48+00:00","mainEntityOfPage":{"@id":"https:\/\/www.rassegnastampa-totustuus.it\/cattolica\/jacques-cathelineau-il-santo-dellanjou-un-combattente-sotto-lo-stendardo-del-re-del-cielo\/"},"wordCount":2668,"publisher":{"@id":"https:\/\/www.rassegnastampa-totustuus.it\/cattolica\/#organization"},"image":{"@id":"https:\/\/www.rassegnastampa-totustuus.it\/cattolica\/jacques-cathelineau-il-santo-dellanjou-un-combattente-sotto-lo-stendardo-del-re-del-cielo\/#primaryimage"},"thumbnailUrl":"https:\/\/www.rassegnastampa-totustuus.it\/cattolica\/wp-content\/uploads\/2015\/08\/Jacques_Cathelineau.jpg","keywords":["Jacques Cathelineau","Vandea"],"articleSection":["Personaggi","Rivoluzione francese","Storia"],"inLanguage":"it-IT"},{"@type":"WebPage","@id":"https:\/\/www.rassegnastampa-totustuus.it\/cattolica\/jacques-cathelineau-il-santo-dellanjou-un-combattente-sotto-lo-stendardo-del-re-del-cielo\/","url":"https:\/\/www.rassegnastampa-totustuus.it\/cattolica\/jacques-cathelineau-il-santo-dellanjou-un-combattente-sotto-lo-stendardo-del-re-del-cielo\/","name":"Jacques Cathelineau, 'il Santo dell'Anjou', un combattente sotto lo stendardo del Re del Cielo - Rassegna Stampa Cattolica","isPartOf":{"@id":"https:\/\/www.rassegnastampa-totustuus.it\/cattolica\/#website"},"primaryImageOfPage":{"@id":"https:\/\/www.rassegnastampa-totustuus.it\/cattolica\/jacques-cathelineau-il-santo-dellanjou-un-combattente-sotto-lo-stendardo-del-re-del-cielo\/#primaryimage"},"image":{"@id":"https:\/\/www.rassegnastampa-totustuus.it\/cattolica\/jacques-cathelineau-il-santo-dellanjou-un-combattente-sotto-lo-stendardo-del-re-del-cielo\/#primaryimage"},"thumbnailUrl":"https:\/\/www.rassegnastampa-totustuus.it\/cattolica\/wp-content\/uploads\/2015\/08\/Jacques_Cathelineau.jpg","datePublished":"2015-08-15T22:00:29+00:00","dateModified":"2016-02-16T09:31:48+00:00","description":"Rassegna Stampa Cattolica - Per una cultura che nasce dalla Rivelazione cristiana in conformit\u00e0 alla tradizione e al Magistero della Chiesa in opposizione ad ogni relativismo e totalitarismo","breadcrumb":{"@id":"https:\/\/www.rassegnastampa-totustuus.it\/cattolica\/jacques-cathelineau-il-santo-dellanjou-un-combattente-sotto-lo-stendardo-del-re-del-cielo\/#breadcrumb"},"inLanguage":"it-IT","potentialAction":[{"@type":"ReadAction","target":["https:\/\/www.rassegnastampa-totustuus.it\/cattolica\/jacques-cathelineau-il-santo-dellanjou-un-combattente-sotto-lo-stendardo-del-re-del-cielo\/"]}]},{"@type":"ImageObject","inLanguage":"it-IT","@id":"https:\/\/www.rassegnastampa-totustuus.it\/cattolica\/jacques-cathelineau-il-santo-dellanjou-un-combattente-sotto-lo-stendardo-del-re-del-cielo\/#primaryimage","url":"https:\/\/www.rassegnastampa-totustuus.it\/cattolica\/wp-content\/uploads\/2015\/08\/Jacques_Cathelineau.jpg","contentUrl":"https:\/\/www.rassegnastampa-totustuus.it\/cattolica\/wp-content\/uploads\/2015\/08\/Jacques_Cathelineau.jpg","width":172,"height":184},{"@type":"BreadcrumbList","@id":"https:\/\/www.rassegnastampa-totustuus.it\/cattolica\/jacques-cathelineau-il-santo-dellanjou-un-combattente-sotto-lo-stendardo-del-re-del-cielo\/#breadcrumb","itemListElement":[{"@type":"ListItem","position":1,"name":"Home","item":"https:\/\/www.rassegnastampa-totustuus.it\/cattolica\/"},{"@type":"ListItem","position":2,"name":"Jacques Cathelineau, &#8216;il Santo dell&#8217;Anjou&#8217;, un combattente sotto lo stendardo del Re del Cielo"}]},{"@type":"WebSite","@id":"https:\/\/www.rassegnastampa-totustuus.it\/cattolica\/#website","url":"https:\/\/www.rassegnastampa-totustuus.it\/cattolica\/","name":"Rassegna Stampa Cattolica","description":"Per una cultura che nasce dalla Rivelazione cristiana in conformit\u00e0 alla tradizione e al Magistero della Chiesa in opposizione ad ogni relativismo e totalitarismo","publisher":{"@id":"https:\/\/www.rassegnastampa-totustuus.it\/cattolica\/#organization"},"alternateName":"Rass. Cattolica","potentialAction":[{"@type":"SearchAction","target":{"@type":"EntryPoint","urlTemplate":"https:\/\/www.rassegnastampa-totustuus.it\/cattolica\/?s={search_term_string}"},"query-input":{"@type":"PropertyValueSpecification","valueRequired":true,"valueName":"search_term_string"}}],"inLanguage":"it-IT"},{"@type":"Organization","@id":"https:\/\/www.rassegnastampa-totustuus.it\/cattolica\/#organization","name":"Rassegna Stampa Cattolica","url":"https:\/\/www.rassegnastampa-totustuus.it\/cattolica\/","logo":{"@type":"ImageObject","inLanguage":"it-IT","@id":"https:\/\/www.rassegnastampa-totustuus.it\/cattolica\/#\/schema\/logo\/image\/","url":"https:\/\/www.rassegnastampa-totustuus.it\/cattolica\/wp-content\/uploads\/2014\/04\/logo-rassegna1.gif","contentUrl":"https:\/\/www.rassegnastampa-totustuus.it\/cattolica\/wp-content\/uploads\/2014\/04\/logo-rassegna1.gif","width":600,"height":163,"caption":"Rassegna Stampa Cattolica"},"image":{"@id":"https:\/\/www.rassegnastampa-totustuus.it\/cattolica\/#\/schema\/logo\/image\/"},"sameAs":["https:\/\/www.facebook.com\/rassegnastampacattolica","https:\/\/x.com\/rassegnastampa9"]},{"@type":"Person","@id":"https:\/\/www.rassegnastampa-totustuus.it\/cattolica\/#\/schema\/person\/08f319d2bd1a0904ad9e2bfb7b15e5c3","name":"Redazione","image":{"@type":"ImageObject","inLanguage":"it-IT","@id":"https:\/\/secure.gravatar.com\/avatar\/2fcdf27c78ea025fbdb44e914cc63c72249ffec9dc8aafd5c82b26240ef3f346?s=96&d=mm&r=g","url":"https:\/\/secure.gravatar.com\/avatar\/2fcdf27c78ea025fbdb44e914cc63c72249ffec9dc8aafd5c82b26240ef3f346?s=96&d=mm&r=g","contentUrl":"https:\/\/secure.gravatar.com\/avatar\/2fcdf27c78ea025fbdb44e914cc63c72249ffec9dc8aafd5c82b26240ef3f346?s=96&d=mm&r=g","caption":"Redazione"},"url":"https:\/\/www.rassegnastampa-totustuus.it\/cattolica\/author\/pietroelle\/"}]}},"_links":{"self":[{"href":"https:\/\/www.rassegnastampa-totustuus.it\/cattolica\/wp-json\/wp\/v2\/posts\/30719","targetHints":{"allow":["GET"]}}],"collection":[{"href":"https:\/\/www.rassegnastampa-totustuus.it\/cattolica\/wp-json\/wp\/v2\/posts"}],"about":[{"href":"https:\/\/www.rassegnastampa-totustuus.it\/cattolica\/wp-json\/wp\/v2\/types\/post"}],"author":[{"embeddable":true,"href":"https:\/\/www.rassegnastampa-totustuus.it\/cattolica\/wp-json\/wp\/v2\/users\/6"}],"replies":[{"embeddable":true,"href":"https:\/\/www.rassegnastampa-totustuus.it\/cattolica\/wp-json\/wp\/v2\/comments?post=30719"}],"version-history":[{"count":2,"href":"https:\/\/www.rassegnastampa-totustuus.it\/cattolica\/wp-json\/wp\/v2\/posts\/30719\/revisions"}],"predecessor-version":[{"id":30724,"href":"https:\/\/www.rassegnastampa-totustuus.it\/cattolica\/wp-json\/wp\/v2\/posts\/30719\/revisions\/30724"}],"wp:featuredmedia":[{"embeddable":true,"href":"https:\/\/www.rassegnastampa-totustuus.it\/cattolica\/wp-json\/wp\/v2\/media\/30723"}],"wp:attachment":[{"href":"https:\/\/www.rassegnastampa-totustuus.it\/cattolica\/wp-json\/wp\/v2\/media?parent=30719"}],"wp:term":[{"taxonomy":"category","embeddable":true,"href":"https:\/\/www.rassegnastampa-totustuus.it\/cattolica\/wp-json\/wp\/v2\/categories?post=30719"},{"taxonomy":"post_tag","embeddable":true,"href":"https:\/\/www.rassegnastampa-totustuus.it\/cattolica\/wp-json\/wp\/v2\/tags?post=30719"}],"curies":[{"name":"wp","href":"https:\/\/api.w.org\/{rel}","templated":true}]}}