{"id":3070,"date":"2009-04-17T15:16:00","date_gmt":"2009-04-17T13:16:00","guid":{"rendered":""},"modified":"2016-04-11T10:15:20","modified_gmt":"2016-04-11T08:15:20","slug":"cristiani-e-musulmani-vivere-insieme-con-ges-diversi","status":"publish","type":"post","link":"https:\/\/www.rassegnastampa-totustuus.it\/cattolica\/cristiani-e-musulmani-vivere-insieme-con-ges-diversi\/","title":{"rendered":"Cristiani e musulmani: vivere insieme con Ges&ugrave; diversi"},"content":{"rendered":"<div style=\"text-align: center;\"><strong><img loading=\"lazy\" decoding=\"async\" class=\"alignright wp-image-32572\" src=\"https:\/\/www.rassegnastampa-totustuus.it\/cattolica\/wp-content\/uploads\/2009\/04\/cristiani_mussulmani.jpg\" alt=\"cristiani_mussulmani\" width=\"250\" height=\"134\" srcset=\"https:\/\/www.rassegnastampa-totustuus.it\/cattolica\/wp-content\/uploads\/2009\/04\/cristiani_mussulmani.jpg 307w, https:\/\/www.rassegnastampa-totustuus.it\/cattolica\/wp-content\/uploads\/2009\/04\/cristiani_mussulmani-300x160.jpg 300w\" sizes=\"auto, (max-width: 250px) 100vw, 250px\" \/>AsiaNews,<\/strong> 1 aprile 2008<\/div>\n<p style=\"text-align: justify;\"><em>Il Ges\u00f9 del Corano \u00e8 proprio quello dei Vangeli? E i cristiani debbono ritenere Maometto un profeta? Alcuni esperti sauditi vogliono costruire il dialogo sul ricatto (una chiesa in Arabia saudita in cambio della professione di fede sul profeta Muhammad). Ma cristianesimo e islam sono diversi e talvolta opposti. Invece del sincretismo o del ricatto, l\u2019unica via \u00e8 il rispetto reciproco.<\/em><\/p>\n<p style=\"text-align: center;\">di <strong>Samir Khalil Samir<\/strong>, sj<\/p>\n<p><!--more--><\/p>\n<div style=\"text-align: justify;\">Beirut &#8211; Il 20 marzo scorso, diverse agenzie di stampa hanno riportato da Riyadh la seguente notizia: &#8220;Se il Papa non riconoscer\u00e0 la figura del profeta Maometto non potr\u00e0 essere costruita alcuna chiesa in Arabia Saudita&#8221;: sarebbe questa la proposta avanzata da alcuni mediatori di Riyadh impegnati con le autorit\u00e0 vaticane nella trattativa per erigere un luogo di culto cattolico nel regno.<\/div>\n<p style=\"text-align: justify;\">A rivelarlo \u00e8 Anwar Ashiqi, presidente del centro saudita di studi strategici &#8216;Medio Oriente&#8217;, intervistato dalla Tv satellitare &#8216;al-Arabiya&#8217;:<\/p>\n<p style=\"text-align: justify;\">&#8220;Ho partecipato a diversi incontri nell&#8217;ambito del dialogo islamico-cristiano &#8211; spiega &#8211; e ci sono state trattative su questo tema. Noi abbiamo risposto che &#8211; dal momento che la nostra religione riconosce quella cristiana e le figure di Ges\u00f9, di Mos\u00e8 e degli altri profeti &#8211; si potrebbero avviare trattative ufficiali per costruire una chiesa in Arabia Saudita solo dopo che il Papa e tutte le chiese cristiane abbiano riconosciuto il profeta Maometto&#8221; (1)<\/p>\n<p style=\"text-align: justify;\">C\u2019\u00e8 un malinteso da chiarire. Lo sheikh Anwar Ashiqi dice: \u201cDal momento che la nostra religione riconosce quella cristiana e le figure di Ges\u00f9, di Mos\u00e8 e degli altri profeti, \u2026\u201d.<\/p>\n<p style=\"text-align: justify;\"><strong>L\u2019islam riconosce la religione cristiana e la figura di Ges\u00f9?<\/strong><\/p>\n<p style=\"text-align: justify;\">Che significa \u201criconosce quella cristiana\u201d? Se significa \u201criconosce la verit\u00e0 della religione cristiana come si auto-definisce\u201d, allora l\u2019islam non sarebbe pi\u00f9 l\u2019islam. Come farebbe Anwar Ashiqi a riconoscere la Trinit\u00e0, l\u2019Incarnazione, la Redenzione e tutto il dogma cristiano, quando il Corano nega chiaramente questi dogmi?<\/p>\n<p style=\"text-align: justify;\">Nega la Trinit\u00e0 (\u201cO Gente della Scrittura, non eccedete nella vostra religione e non dite su Dio altro che la verit\u00e0. Il Messia Ges\u00f9, figlio di Maria, non \u00e8 altro che un messaggero di Dio, una Sua parola che Egli pose in Maria, uno Spirito da Lui [proveniente]. Credete dunque in Dio e nei Suoi messaggeri. Non dite &#8220;Tre&#8221;, smettete! Sar\u00e0 meglio per voi. Invero Dio \u00e8 un dio unico. Avrebbe un figlio? Gloria a Lui!\u201d = Corano 4:171).<\/p>\n<p style=\"text-align: justify;\">Nega la divinit\u00e0 di Cristo (\u201cO Ges\u00f9, figlio di Maria, sei tu che hai detto alla gente: \u201cPrendete me e mia madre come due divinit\u00e0 all&#8217;infuori di Dio?&#8221; = 5:116). Nega la morte di Cristo in croce (\u201cNon l\u2019hanno ucciso, non l\u2019hanno crocifisso, ma \u00e8 sembrato loro\u201d = Corano 4:157)? Insomma, il Corano e i mussulmani negano i dogmi essenziali del cristianesimo. E questo \u00e8 il loro diritto pi\u00f9 assoluto!<\/p>\n<p style=\"text-align: justify;\">E che significa che l\u2019islam \u201criconosce \u2026 le figure di Ges\u00f9, di Mos\u00e8 e degli altri profeti\u201d? Il Corano presenta una sua figura di Ges\u00f9, che in alcuni punti coincide con quella dei Vangeli, e in altri certamente no. Qualcuno potrebbe addirittura trovare che la figura coranica di Ges\u00f9 \u00e8 pi\u00f9 bella di quella dei Vangeli. Cio\u2019 che importa \u00e8 che non coincide con quella dei Vangeli. E questo \u00e8 il loro diritto pi\u00f9 assoluto, purch\u00e9 sia chiaro che si tratta della figura coranica di Ges\u00f9!<\/p>\n<p style=\"text-align: justify;\">E lo stesso vale per cio\u2019 che chiamano \u201cprofeti\u201d, che sono spesso figure bibliche, non necessariamente dei profeti. Quanto ai grandi profeti della Bibbia (Isaia, Geremia, Zaccharia, ecc) non sono nemmeno menzionati n\u00e9 nel Corano n\u00e9 nella Sunna.<\/p>\n<p style=\"text-align: justify;\"><strong>Il Papa e i cristiani possono riconoscere Muhammad come profeta?<\/strong><\/p>\n<p style=\"text-align: justify;\">E che significa \u201cche il Papa e tutte le chiese cristiane\u201d devono prima riconoscere \u201cil profeta Maometto\u201d? E che c\u2019entra il Papa con \u201ctutte le chiese cristiane\u201d, trattandosi dell\u2019eventuale costruzione di una chiesa per i cattolici, che era la richiesta fatta il 6 dicembre scorso nell\u2019incontro tra il Papa e il re Abdallah? Come se il Papa avesse una qualunque autorit\u00e0 su altre chiese \u2026 o vice versa!<\/p>\n<p style=\"text-align: justify;\">Ma la cosa pi\u00f9 strana \u00e8 che il Papa dovrebbe riconoscere il carattere profetico di Muhammad. E come si fa a riconoscerlo tale? Anzi, a riconoscere che egli \u00e8 \u201cil sigillo dei profeti\u201d secondo l\u2019espressione coranica ripresa da tutta la tradizione musulmana? Come il cristiano pu\u00f2 credere, nello stesso tempo, che Cristo \u00e8 il Verbo di Dio, il messaggio ultimo di Dio all\u2019umanit\u00e0, la Parola divina incarnata, e che dopo di lui Dio suo Padre abbia mandato un altro profeta a chiudere la<\/p>\n<p style=\"text-align: justify;\">Rivelazione, cio\u00e8 a completare, correggere, contraddire ci\u00f2 che di lui si dice nei Vangeli?<\/p>\n<p style=\"text-align: justify;\">C\u2019\u00e8 un principio di coerenza e di non auto-contraddizione, oltre a questioni dogmatiche, che impediscono al Papa come al semplice fedele, di affermare che Muhammad \u00e8 stato mandato da Dio al mondo intero (e non solo agli Arabi) per proclamare il Messaggio divino messo nel cuore di Adamo (che era mussulmano, come lo dice il Corano) e rivelato in plenitudine con lui.<\/p>\n<p style=\"text-align: justify;\">Capisco che il musulmano si sente afflitto dal fatto che nessun cristiano coerente pu\u00f2 proclamare che Dio abbia mandato messaggeri dopo Cristo, se non per seguire Cristo, imitarlo, e proclamare il suo messaggio. Anzi, il mussulmano sente una forma d\u2019ingiustizia: \u201cNoi, pensa, riconosciamo Ges\u00f9 come profeta di Dio, perch\u00e9 voi non riconoscete Muhammad come profeta di Dio?\u201d<\/p>\n<p style=\"text-align: justify;\">La risposta \u00e8 che non si tratta di scambiare dei favori: \u201cTi do questo e tu mi dai quello!\u201d Non siamo al mercato. Si tratta di dire la propria fede, con sincerit\u00e0 e onest\u00e0, non per aggredire o umiliare chiunque, ma per non cadere nell\u2019ipocrisia o il doppio linguaggio. Io cristiano non posso chiedere al mussulmano di riconoscere la divinit\u00e0 di Cristo, in cambio del riconoscimento della profezia di Muhammad. E se il musulmano fosse pronto a farlo, allora dovrebbe farsi battezzare e diventare cristiano.<\/p>\n<p style=\"text-align: justify;\">Ugualmente, se il cristiano riconoscesse che Muhammad \u00e8 profeta, per forza dovrebbe essere riconosciuto come musulmano. Perch\u00e9? Perch\u00e9 \u00e8 musulmano chiunque recita la doppia professione di fede: \u201cRendo testimonianza che non c\u2019\u00e8 Dio al di fuori di Dio, e che Muhammad \u00e8 il messaggero di Dio\u201d. Ora, la prima testimonianza la facciamo tutti i giorni; se aggiungo la seconda, allora sono irrimediabilmente diventato musulmano.<\/p>\n<p style=\"text-align: justify;\"><strong>Si pu\u00f2 essere e musulmano e cristiano?<\/strong><\/p>\n<p style=\"text-align: justify;\">Vorrei tanto poter essere e musulmano e cristiano. Ma non si puo\u2019. Perch\u00e9 su alcuni punti le due religioni, non solo sono diverse, ma sono opposte. E questo non \u00e8 un male. Come dice Muhammad ai pagani, nel Corano: \u201cAvete la vostra religione, e io ho la mia!\u201d. L\u2019importante \u00e8 il rispetto che ci portiamo gli uni agli altri. Pi\u00f9 ancora del rispetto: l\u2019affetto e l\u2019amore.<\/p>\n<p style=\"text-align: justify;\">Caro fratello musulmano, Dio ti ama come ama ogni sua creatura umana. Si fedele alla tua fede, e spingimi ad essere fedele alla mia. Anch\u2019io ho il dovere di essere fedele alla mia fede, e di spingerti ad essere fedele alla tua. Ma non si pu\u00f2 fare un ricatto dicendo: &#8220;Se il Papa non riconoscer\u00e0 la figura del profeta Maometto, non potr\u00e0 essere costruita alcuna chiesa in Arabia Saudita!&#8221;. Ne si pu\u00f2 ricattare dicendo: \u201cSe i musulmani non riconosceranno la figura di Cristo Figlio di Dio, non potr\u00e0 essere costruita alcuna moschea in Occidente!\u201d<\/p>\n<p style=\"text-align: justify;\">La vera tolleranza \u00e8 riconoscere l\u2019altro com\u2019\u00e8, non come vorrei che fosse! Tu non puoi riconoscere la divinit\u00e0 di Cristo (che \u00e8 pure il dogma essenziale dei cristiani), come io non posso riconoscere la profezia di Muhammad (che \u00e8 pure il dogma essenziale dei mussulmani).<\/p>\n<p style=\"text-align: justify;\">Invece, posso provare a capire perch\u00e9 \u00e8 fondamentale per te che Muhammad sia profeta di Dio, anzi il \u201csigillo dei profeti\u201d, e rispettare per questo motivo la figura di Muhammad. E tu puoi provare a capire perch\u00e9 \u00e8 fondamentale per me che Cristo sia il \u201cFiglio di Dio\u201d, e rispettare per questo motivo la figura di Ges\u00f9. Allora si, potremmo vivere insieme da buoni amici o addirittura da fratelli, avendo riconosciuto che siamo diversi ed essendo felici per questa diversit\u00e0.<\/p>\n<p style=\"text-align: justify;\">(1) Vedi\u00a0 <a href=\"http:\/\/www.adnkronos.com\/AKI\/Italiano\/Religione\/?id=1.0.1992874863\" target=\"_blank\">A. Saudita: linea dura degli imam, nessuna chiesa se il Papa non riconosce Maometto<\/a><\/p>\n<p style=\"text-align: justify;\">(A.C. Valdera)<\/p>\n","protected":false},"excerpt":{"rendered":"<p>AsiaNews, 1 aprile 2008 Il Ges\u00f9 del Corano \u00e8 proprio quello dei Vangeli? E i cristiani debbono ritenere Maometto un profeta? Alcuni esperti sauditi vogliono costruire il dialogo sul ricatto (una chiesa in Arabia saudita in cambio della professione di fede sul profeta Muhammad). Ma cristianesimo e islam sono diversi e talvolta opposti. Invece del &hellip; <\/p>\n<p><a class=\"more-link btn\" href=\"https:\/\/www.rassegnastampa-totustuus.it\/cattolica\/cristiani-e-musulmani-vivere-insieme-con-ges-diversi\/\">Continua a leggere<\/a><\/p>\n","protected":false},"author":6,"featured_media":32572,"comment_status":"closed","ping_status":"open","sticky":false,"template":"","format":"standard","meta":{"footnotes":""},"categories":[16,34],"tags":[332],"class_list":["post-3070","post","type-post","status-publish","format-standard","has-post-thumbnail","hentry","category-islam","category-dialogo-con-l-islam","tag-gesu-cristo","item-wrap"],"yoast_head":"<!-- This site is optimized with the Yoast SEO plugin v27.5 - https:\/\/yoast.com\/product\/yoast-seo-wordpress\/ -->\n<title>Cristiani e musulmani: vivere insieme con Ges&ugrave; diversi - Rassegna Stampa Cattolica<\/title>\n<meta name=\"description\" content=\"Rassegna Stampa Cattolica - Per una cultura che nasce dalla Rivelazione cristiana in conformit\u00e0 alla tradizione e al Magistero della Chiesa in opposizione ad ogni relativismo e totalitarismo\" \/>\n<meta name=\"robots\" content=\"index, follow, max-snippet:-1, max-image-preview:large, max-video-preview:-1\" \/>\n<link rel=\"canonical\" href=\"https:\/\/www.rassegnastampa-totustuus.it\/cattolica\/cristiani-e-musulmani-vivere-insieme-con-ges-diversi\/\" \/>\n<meta property=\"og:locale\" content=\"it_IT\" \/>\n<meta property=\"og:type\" content=\"article\" \/>\n<meta property=\"og:title\" content=\"Cristiani e musulmani: vivere insieme con Ges&ugrave; diversi - Rassegna Stampa Cattolica\" \/>\n<meta property=\"og:description\" content=\"Rassegna Stampa Cattolica - Per una cultura che nasce dalla Rivelazione cristiana in conformit\u00e0 alla tradizione e al Magistero della Chiesa in opposizione ad ogni relativismo e totalitarismo\" \/>\n<meta property=\"og:url\" content=\"https:\/\/www.rassegnastampa-totustuus.it\/cattolica\/cristiani-e-musulmani-vivere-insieme-con-ges-diversi\/\" \/>\n<meta property=\"og:site_name\" content=\"Rassegna Stampa Cattolica\" \/>\n<meta property=\"article:publisher\" content=\"https:\/\/www.facebook.com\/rassegnastampacattolica\" \/>\n<meta property=\"article:published_time\" content=\"2009-04-17T13:16:00+00:00\" \/>\n<meta property=\"article:modified_time\" content=\"2016-04-11T08:15:20+00:00\" \/>\n<meta property=\"og:image\" content=\"https:\/\/www.rassegnastampa-totustuus.it\/cattolica\/wp-content\/uploads\/2009\/04\/cristiani_mussulmani.jpg\" \/>\n\t<meta property=\"og:image:width\" content=\"307\" \/>\n\t<meta property=\"og:image:height\" content=\"164\" \/>\n\t<meta property=\"og:image:type\" content=\"image\/jpeg\" \/>\n<meta name=\"author\" content=\"Redazione\" \/>\n<meta name=\"twitter:card\" content=\"summary_large_image\" \/>\n<meta name=\"twitter:creator\" content=\"@rassegnastampa9\" \/>\n<meta name=\"twitter:site\" content=\"@rassegnastampa9\" \/>\n<meta name=\"twitter:label1\" content=\"Scritto da\" \/>\n\t<meta name=\"twitter:data1\" content=\"Redazione\" \/>\n\t<meta name=\"twitter:label2\" content=\"Tempo di lettura stimato\" \/>\n\t<meta name=\"twitter:data2\" content=\"7 minuti\" \/>\n<script type=\"application\/ld+json\" class=\"yoast-schema-graph\">{\"@context\":\"https:\\\/\\\/schema.org\",\"@graph\":[{\"@type\":\"Article\",\"@id\":\"https:\\\/\\\/www.rassegnastampa-totustuus.it\\\/cattolica\\\/cristiani-e-musulmani-vivere-insieme-con-ges-diversi\\\/#article\",\"isPartOf\":{\"@id\":\"https:\\\/\\\/www.rassegnastampa-totustuus.it\\\/cattolica\\\/cristiani-e-musulmani-vivere-insieme-con-ges-diversi\\\/\"},\"author\":{\"name\":\"Redazione\",\"@id\":\"https:\\\/\\\/www.rassegnastampa-totustuus.it\\\/cattolica\\\/#\\\/schema\\\/person\\\/08f319d2bd1a0904ad9e2bfb7b15e5c3\"},\"headline\":\"Cristiani e musulmani: vivere insieme con Ges&ugrave; diversi\",\"datePublished\":\"2009-04-17T13:16:00+00:00\",\"dateModified\":\"2016-04-11T08:15:20+00:00\",\"mainEntityOfPage\":{\"@id\":\"https:\\\/\\\/www.rassegnastampa-totustuus.it\\\/cattolica\\\/cristiani-e-musulmani-vivere-insieme-con-ges-diversi\\\/\"},\"wordCount\":1329,\"publisher\":{\"@id\":\"https:\\\/\\\/www.rassegnastampa-totustuus.it\\\/cattolica\\\/#organization\"},\"image\":{\"@id\":\"https:\\\/\\\/www.rassegnastampa-totustuus.it\\\/cattolica\\\/cristiani-e-musulmani-vivere-insieme-con-ges-diversi\\\/#primaryimage\"},\"thumbnailUrl\":\"https:\\\/\\\/www.rassegnastampa-totustuus.it\\\/cattolica\\\/wp-content\\\/uploads\\\/2009\\\/04\\\/cristiani_mussulmani.jpg\",\"keywords\":[\"Ges\u00f9 Cristo\"],\"articleSection\":[\"Islam\",\"Islam dialogo\"],\"inLanguage\":\"it-IT\"},{\"@type\":\"WebPage\",\"@id\":\"https:\\\/\\\/www.rassegnastampa-totustuus.it\\\/cattolica\\\/cristiani-e-musulmani-vivere-insieme-con-ges-diversi\\\/\",\"url\":\"https:\\\/\\\/www.rassegnastampa-totustuus.it\\\/cattolica\\\/cristiani-e-musulmani-vivere-insieme-con-ges-diversi\\\/\",\"name\":\"Cristiani e musulmani: vivere insieme con Ges&ugrave; diversi - Rassegna Stampa Cattolica\",\"isPartOf\":{\"@id\":\"https:\\\/\\\/www.rassegnastampa-totustuus.it\\\/cattolica\\\/#website\"},\"primaryImageOfPage\":{\"@id\":\"https:\\\/\\\/www.rassegnastampa-totustuus.it\\\/cattolica\\\/cristiani-e-musulmani-vivere-insieme-con-ges-diversi\\\/#primaryimage\"},\"image\":{\"@id\":\"https:\\\/\\\/www.rassegnastampa-totustuus.it\\\/cattolica\\\/cristiani-e-musulmani-vivere-insieme-con-ges-diversi\\\/#primaryimage\"},\"thumbnailUrl\":\"https:\\\/\\\/www.rassegnastampa-totustuus.it\\\/cattolica\\\/wp-content\\\/uploads\\\/2009\\\/04\\\/cristiani_mussulmani.jpg\",\"datePublished\":\"2009-04-17T13:16:00+00:00\",\"dateModified\":\"2016-04-11T08:15:20+00:00\",\"description\":\"Rassegna Stampa Cattolica - Per una cultura che nasce dalla Rivelazione cristiana in conformit\u00e0 alla tradizione e al Magistero della Chiesa in opposizione ad ogni relativismo e totalitarismo\",\"breadcrumb\":{\"@id\":\"https:\\\/\\\/www.rassegnastampa-totustuus.it\\\/cattolica\\\/cristiani-e-musulmani-vivere-insieme-con-ges-diversi\\\/#breadcrumb\"},\"inLanguage\":\"it-IT\",\"potentialAction\":[{\"@type\":\"ReadAction\",\"target\":[\"https:\\\/\\\/www.rassegnastampa-totustuus.it\\\/cattolica\\\/cristiani-e-musulmani-vivere-insieme-con-ges-diversi\\\/\"]}]},{\"@type\":\"ImageObject\",\"inLanguage\":\"it-IT\",\"@id\":\"https:\\\/\\\/www.rassegnastampa-totustuus.it\\\/cattolica\\\/cristiani-e-musulmani-vivere-insieme-con-ges-diversi\\\/#primaryimage\",\"url\":\"https:\\\/\\\/www.rassegnastampa-totustuus.it\\\/cattolica\\\/wp-content\\\/uploads\\\/2009\\\/04\\\/cristiani_mussulmani.jpg\",\"contentUrl\":\"https:\\\/\\\/www.rassegnastampa-totustuus.it\\\/cattolica\\\/wp-content\\\/uploads\\\/2009\\\/04\\\/cristiani_mussulmani.jpg\",\"width\":307,\"height\":164},{\"@type\":\"BreadcrumbList\",\"@id\":\"https:\\\/\\\/www.rassegnastampa-totustuus.it\\\/cattolica\\\/cristiani-e-musulmani-vivere-insieme-con-ges-diversi\\\/#breadcrumb\",\"itemListElement\":[{\"@type\":\"ListItem\",\"position\":1,\"name\":\"Home\",\"item\":\"https:\\\/\\\/www.rassegnastampa-totustuus.it\\\/cattolica\\\/\"},{\"@type\":\"ListItem\",\"position\":2,\"name\":\"Cristiani e musulmani: vivere insieme con Ges&ugrave; diversi\"}]},{\"@type\":\"WebSite\",\"@id\":\"https:\\\/\\\/www.rassegnastampa-totustuus.it\\\/cattolica\\\/#website\",\"url\":\"https:\\\/\\\/www.rassegnastampa-totustuus.it\\\/cattolica\\\/\",\"name\":\"Rassegna Stampa Cattolica\",\"description\":\"Per una cultura che nasce dalla Rivelazione cristiana in conformit\u00e0 alla tradizione e al Magistero della Chiesa in opposizione ad ogni relativismo e totalitarismo\",\"publisher\":{\"@id\":\"https:\\\/\\\/www.rassegnastampa-totustuus.it\\\/cattolica\\\/#organization\"},\"alternateName\":\"Rass. Cattolica\",\"potentialAction\":[{\"@type\":\"SearchAction\",\"target\":{\"@type\":\"EntryPoint\",\"urlTemplate\":\"https:\\\/\\\/www.rassegnastampa-totustuus.it\\\/cattolica\\\/?s={search_term_string}\"},\"query-input\":{\"@type\":\"PropertyValueSpecification\",\"valueRequired\":true,\"valueName\":\"search_term_string\"}}],\"inLanguage\":\"it-IT\"},{\"@type\":\"Organization\",\"@id\":\"https:\\\/\\\/www.rassegnastampa-totustuus.it\\\/cattolica\\\/#organization\",\"name\":\"Rassegna Stampa Cattolica\",\"url\":\"https:\\\/\\\/www.rassegnastampa-totustuus.it\\\/cattolica\\\/\",\"logo\":{\"@type\":\"ImageObject\",\"inLanguage\":\"it-IT\",\"@id\":\"https:\\\/\\\/www.rassegnastampa-totustuus.it\\\/cattolica\\\/#\\\/schema\\\/logo\\\/image\\\/\",\"url\":\"https:\\\/\\\/www.rassegnastampa-totustuus.it\\\/cattolica\\\/wp-content\\\/uploads\\\/2014\\\/04\\\/logo-rassegna1.gif\",\"contentUrl\":\"https:\\\/\\\/www.rassegnastampa-totustuus.it\\\/cattolica\\\/wp-content\\\/uploads\\\/2014\\\/04\\\/logo-rassegna1.gif\",\"width\":600,\"height\":163,\"caption\":\"Rassegna Stampa Cattolica\"},\"image\":{\"@id\":\"https:\\\/\\\/www.rassegnastampa-totustuus.it\\\/cattolica\\\/#\\\/schema\\\/logo\\\/image\\\/\"},\"sameAs\":[\"https:\\\/\\\/www.facebook.com\\\/rassegnastampacattolica\",\"https:\\\/\\\/x.com\\\/rassegnastampa9\"]},{\"@type\":\"Person\",\"@id\":\"https:\\\/\\\/www.rassegnastampa-totustuus.it\\\/cattolica\\\/#\\\/schema\\\/person\\\/08f319d2bd1a0904ad9e2bfb7b15e5c3\",\"name\":\"Redazione\",\"image\":{\"@type\":\"ImageObject\",\"inLanguage\":\"it-IT\",\"@id\":\"https:\\\/\\\/secure.gravatar.com\\\/avatar\\\/2fcdf27c78ea025fbdb44e914cc63c72249ffec9dc8aafd5c82b26240ef3f346?s=96&d=mm&r=g\",\"url\":\"https:\\\/\\\/secure.gravatar.com\\\/avatar\\\/2fcdf27c78ea025fbdb44e914cc63c72249ffec9dc8aafd5c82b26240ef3f346?s=96&d=mm&r=g\",\"contentUrl\":\"https:\\\/\\\/secure.gravatar.com\\\/avatar\\\/2fcdf27c78ea025fbdb44e914cc63c72249ffec9dc8aafd5c82b26240ef3f346?s=96&d=mm&r=g\",\"caption\":\"Redazione\"},\"url\":\"https:\\\/\\\/www.rassegnastampa-totustuus.it\\\/cattolica\\\/author\\\/pietroelle\\\/\"}]}<\/script>\n<!-- \/ Yoast SEO plugin. -->","yoast_head_json":{"title":"Cristiani e musulmani: vivere insieme con Ges&ugrave; diversi - Rassegna Stampa Cattolica","description":"Rassegna Stampa Cattolica - Per una cultura che nasce dalla Rivelazione cristiana in conformit\u00e0 alla tradizione e al Magistero della Chiesa in opposizione ad ogni relativismo e totalitarismo","robots":{"index":"index","follow":"follow","max-snippet":"max-snippet:-1","max-image-preview":"max-image-preview:large","max-video-preview":"max-video-preview:-1"},"canonical":"https:\/\/www.rassegnastampa-totustuus.it\/cattolica\/cristiani-e-musulmani-vivere-insieme-con-ges-diversi\/","og_locale":"it_IT","og_type":"article","og_title":"Cristiani e musulmani: vivere insieme con Ges&ugrave; diversi - Rassegna Stampa Cattolica","og_description":"Rassegna Stampa Cattolica - Per una cultura che nasce dalla Rivelazione cristiana in conformit\u00e0 alla tradizione e al Magistero della Chiesa in opposizione ad ogni relativismo e totalitarismo","og_url":"https:\/\/www.rassegnastampa-totustuus.it\/cattolica\/cristiani-e-musulmani-vivere-insieme-con-ges-diversi\/","og_site_name":"Rassegna Stampa Cattolica","article_publisher":"https:\/\/www.facebook.com\/rassegnastampacattolica","article_published_time":"2009-04-17T13:16:00+00:00","article_modified_time":"2016-04-11T08:15:20+00:00","og_image":[{"width":307,"height":164,"url":"https:\/\/www.rassegnastampa-totustuus.it\/cattolica\/wp-content\/uploads\/2009\/04\/cristiani_mussulmani.jpg","type":"image\/jpeg"}],"author":"Redazione","twitter_card":"summary_large_image","twitter_creator":"@rassegnastampa9","twitter_site":"@rassegnastampa9","twitter_misc":{"Scritto da":"Redazione","Tempo di lettura stimato":"7 minuti"},"schema":{"@context":"https:\/\/schema.org","@graph":[{"@type":"Article","@id":"https:\/\/www.rassegnastampa-totustuus.it\/cattolica\/cristiani-e-musulmani-vivere-insieme-con-ges-diversi\/#article","isPartOf":{"@id":"https:\/\/www.rassegnastampa-totustuus.it\/cattolica\/cristiani-e-musulmani-vivere-insieme-con-ges-diversi\/"},"author":{"name":"Redazione","@id":"https:\/\/www.rassegnastampa-totustuus.it\/cattolica\/#\/schema\/person\/08f319d2bd1a0904ad9e2bfb7b15e5c3"},"headline":"Cristiani e musulmani: vivere insieme con Ges&ugrave; diversi","datePublished":"2009-04-17T13:16:00+00:00","dateModified":"2016-04-11T08:15:20+00:00","mainEntityOfPage":{"@id":"https:\/\/www.rassegnastampa-totustuus.it\/cattolica\/cristiani-e-musulmani-vivere-insieme-con-ges-diversi\/"},"wordCount":1329,"publisher":{"@id":"https:\/\/www.rassegnastampa-totustuus.it\/cattolica\/#organization"},"image":{"@id":"https:\/\/www.rassegnastampa-totustuus.it\/cattolica\/cristiani-e-musulmani-vivere-insieme-con-ges-diversi\/#primaryimage"},"thumbnailUrl":"https:\/\/www.rassegnastampa-totustuus.it\/cattolica\/wp-content\/uploads\/2009\/04\/cristiani_mussulmani.jpg","keywords":["Ges\u00f9 Cristo"],"articleSection":["Islam","Islam dialogo"],"inLanguage":"it-IT"},{"@type":"WebPage","@id":"https:\/\/www.rassegnastampa-totustuus.it\/cattolica\/cristiani-e-musulmani-vivere-insieme-con-ges-diversi\/","url":"https:\/\/www.rassegnastampa-totustuus.it\/cattolica\/cristiani-e-musulmani-vivere-insieme-con-ges-diversi\/","name":"Cristiani e musulmani: vivere insieme con Ges&ugrave; diversi - Rassegna Stampa Cattolica","isPartOf":{"@id":"https:\/\/www.rassegnastampa-totustuus.it\/cattolica\/#website"},"primaryImageOfPage":{"@id":"https:\/\/www.rassegnastampa-totustuus.it\/cattolica\/cristiani-e-musulmani-vivere-insieme-con-ges-diversi\/#primaryimage"},"image":{"@id":"https:\/\/www.rassegnastampa-totustuus.it\/cattolica\/cristiani-e-musulmani-vivere-insieme-con-ges-diversi\/#primaryimage"},"thumbnailUrl":"https:\/\/www.rassegnastampa-totustuus.it\/cattolica\/wp-content\/uploads\/2009\/04\/cristiani_mussulmani.jpg","datePublished":"2009-04-17T13:16:00+00:00","dateModified":"2016-04-11T08:15:20+00:00","description":"Rassegna Stampa Cattolica - Per una cultura che nasce dalla Rivelazione cristiana in conformit\u00e0 alla tradizione e al Magistero della Chiesa in opposizione ad ogni relativismo e totalitarismo","breadcrumb":{"@id":"https:\/\/www.rassegnastampa-totustuus.it\/cattolica\/cristiani-e-musulmani-vivere-insieme-con-ges-diversi\/#breadcrumb"},"inLanguage":"it-IT","potentialAction":[{"@type":"ReadAction","target":["https:\/\/www.rassegnastampa-totustuus.it\/cattolica\/cristiani-e-musulmani-vivere-insieme-con-ges-diversi\/"]}]},{"@type":"ImageObject","inLanguage":"it-IT","@id":"https:\/\/www.rassegnastampa-totustuus.it\/cattolica\/cristiani-e-musulmani-vivere-insieme-con-ges-diversi\/#primaryimage","url":"https:\/\/www.rassegnastampa-totustuus.it\/cattolica\/wp-content\/uploads\/2009\/04\/cristiani_mussulmani.jpg","contentUrl":"https:\/\/www.rassegnastampa-totustuus.it\/cattolica\/wp-content\/uploads\/2009\/04\/cristiani_mussulmani.jpg","width":307,"height":164},{"@type":"BreadcrumbList","@id":"https:\/\/www.rassegnastampa-totustuus.it\/cattolica\/cristiani-e-musulmani-vivere-insieme-con-ges-diversi\/#breadcrumb","itemListElement":[{"@type":"ListItem","position":1,"name":"Home","item":"https:\/\/www.rassegnastampa-totustuus.it\/cattolica\/"},{"@type":"ListItem","position":2,"name":"Cristiani e musulmani: vivere insieme con Ges&ugrave; diversi"}]},{"@type":"WebSite","@id":"https:\/\/www.rassegnastampa-totustuus.it\/cattolica\/#website","url":"https:\/\/www.rassegnastampa-totustuus.it\/cattolica\/","name":"Rassegna Stampa Cattolica","description":"Per una cultura che nasce dalla Rivelazione cristiana in conformit\u00e0 alla tradizione e al Magistero della Chiesa in opposizione ad ogni relativismo e totalitarismo","publisher":{"@id":"https:\/\/www.rassegnastampa-totustuus.it\/cattolica\/#organization"},"alternateName":"Rass. Cattolica","potentialAction":[{"@type":"SearchAction","target":{"@type":"EntryPoint","urlTemplate":"https:\/\/www.rassegnastampa-totustuus.it\/cattolica\/?s={search_term_string}"},"query-input":{"@type":"PropertyValueSpecification","valueRequired":true,"valueName":"search_term_string"}}],"inLanguage":"it-IT"},{"@type":"Organization","@id":"https:\/\/www.rassegnastampa-totustuus.it\/cattolica\/#organization","name":"Rassegna Stampa Cattolica","url":"https:\/\/www.rassegnastampa-totustuus.it\/cattolica\/","logo":{"@type":"ImageObject","inLanguage":"it-IT","@id":"https:\/\/www.rassegnastampa-totustuus.it\/cattolica\/#\/schema\/logo\/image\/","url":"https:\/\/www.rassegnastampa-totustuus.it\/cattolica\/wp-content\/uploads\/2014\/04\/logo-rassegna1.gif","contentUrl":"https:\/\/www.rassegnastampa-totustuus.it\/cattolica\/wp-content\/uploads\/2014\/04\/logo-rassegna1.gif","width":600,"height":163,"caption":"Rassegna Stampa Cattolica"},"image":{"@id":"https:\/\/www.rassegnastampa-totustuus.it\/cattolica\/#\/schema\/logo\/image\/"},"sameAs":["https:\/\/www.facebook.com\/rassegnastampacattolica","https:\/\/x.com\/rassegnastampa9"]},{"@type":"Person","@id":"https:\/\/www.rassegnastampa-totustuus.it\/cattolica\/#\/schema\/person\/08f319d2bd1a0904ad9e2bfb7b15e5c3","name":"Redazione","image":{"@type":"ImageObject","inLanguage":"it-IT","@id":"https:\/\/secure.gravatar.com\/avatar\/2fcdf27c78ea025fbdb44e914cc63c72249ffec9dc8aafd5c82b26240ef3f346?s=96&d=mm&r=g","url":"https:\/\/secure.gravatar.com\/avatar\/2fcdf27c78ea025fbdb44e914cc63c72249ffec9dc8aafd5c82b26240ef3f346?s=96&d=mm&r=g","contentUrl":"https:\/\/secure.gravatar.com\/avatar\/2fcdf27c78ea025fbdb44e914cc63c72249ffec9dc8aafd5c82b26240ef3f346?s=96&d=mm&r=g","caption":"Redazione"},"url":"https:\/\/www.rassegnastampa-totustuus.it\/cattolica\/author\/pietroelle\/"}]}},"_links":{"self":[{"href":"https:\/\/www.rassegnastampa-totustuus.it\/cattolica\/wp-json\/wp\/v2\/posts\/3070","targetHints":{"allow":["GET"]}}],"collection":[{"href":"https:\/\/www.rassegnastampa-totustuus.it\/cattolica\/wp-json\/wp\/v2\/posts"}],"about":[{"href":"https:\/\/www.rassegnastampa-totustuus.it\/cattolica\/wp-json\/wp\/v2\/types\/post"}],"author":[{"embeddable":true,"href":"https:\/\/www.rassegnastampa-totustuus.it\/cattolica\/wp-json\/wp\/v2\/users\/6"}],"replies":[{"embeddable":true,"href":"https:\/\/www.rassegnastampa-totustuus.it\/cattolica\/wp-json\/wp\/v2\/comments?post=3070"}],"version-history":[{"count":4,"href":"https:\/\/www.rassegnastampa-totustuus.it\/cattolica\/wp-json\/wp\/v2\/posts\/3070\/revisions"}],"predecessor-version":[{"id":32573,"href":"https:\/\/www.rassegnastampa-totustuus.it\/cattolica\/wp-json\/wp\/v2\/posts\/3070\/revisions\/32573"}],"wp:featuredmedia":[{"embeddable":true,"href":"https:\/\/www.rassegnastampa-totustuus.it\/cattolica\/wp-json\/wp\/v2\/media\/32572"}],"wp:attachment":[{"href":"https:\/\/www.rassegnastampa-totustuus.it\/cattolica\/wp-json\/wp\/v2\/media?parent=3070"}],"wp:term":[{"taxonomy":"category","embeddable":true,"href":"https:\/\/www.rassegnastampa-totustuus.it\/cattolica\/wp-json\/wp\/v2\/categories?post=3070"},{"taxonomy":"post_tag","embeddable":true,"href":"https:\/\/www.rassegnastampa-totustuus.it\/cattolica\/wp-json\/wp\/v2\/tags?post=3070"}],"curies":[{"name":"wp","href":"https:\/\/api.w.org\/{rel}","templated":true}]}}