{"id":30690,"date":"2015-08-11T00:00:44","date_gmt":"2015-08-10T22:00:44","guid":{"rendered":"http:\/\/www.rassegnastampa-totustuus.it\/cattolica\/?p=30690"},"modified":"2016-02-11T13:41:24","modified_gmt":"2016-02-11T12:41:24","slug":"cosi-la-polonia-cristiana-fermo-lenin","status":"publish","type":"post","link":"https:\/\/www.rassegnastampa-totustuus.it\/cattolica\/cosi-la-polonia-cristiana-fermo-lenin\/","title":{"rendered":"Cos\u00ec la Polonia cristiana ferm\u00f2 Lenin"},"content":{"rendered":"<p style=\"text-align: center;\"><strong><a href=\"https:\/\/www.rassegnastampa-totustuus.it\/cattolica\/wp-content\/uploads\/2016\/02\/polonia.jpg\"><img loading=\"lazy\" decoding=\"async\" class=\"alignleft wp-image-30691 size-full\" src=\"https:\/\/www.rassegnastampa-totustuus.it\/cattolica\/wp-content\/uploads\/2016\/02\/polonia.jpg\" alt=\"polonia\" width=\"240\" height=\"174\" \/><\/a>Il Secolo d\u2019Italia<\/strong> Domenica 13 agosto 1995<\/p>\n<p style=\"text-align: center;\"><strong>Giovanni Cantoni<\/strong><\/p>\n<p style=\"text-align: justify;\">L\u2019IMPERO socialcomunista \u00e8 in via di liquidazione dal punto di vista statuale e di consistente trasformazione da quello culturale; di questa liquidazione anche l&#8217;opinione meno sensibile ai valori religiosi \u00e8 disponibile ad attribuire parte del merito alla nazione polacca e al \u00abPapa polacco\u00bb, il Sommo Pontefice Giovanni Paolo II, cio\u00e8 a considerarla frutto di una lenta ma inesorabile erosione del sia pur minimo consenso sociale del regime instaurato in questo paese all&#8217;ombra dell&#8217;Armata Rossa nel 1945, un&#8217;erosione accompagnata dalla conservazione e dall&#8217;alimentazione del corpo sociale con valori naturali e cristiani.<\/p>\n<p style=\"text-align: justify;\"><!--more--><\/p>\n<p style=\"text-align: justify;\">Con la liquidazione dell&#8217;impero socialcomunista nella sua incarnazione statuale \u00e8 in via di conclusione, sotto i nostri occhi, la \u00abterza guerra mondiale\u00bb, cos\u00ec da poter dire, con Furio Colombo, che stiamo vivendo \u00ab<em>il terzo dopoguerra<\/em>\u00bb.<\/p>\n<p style=\"text-align: justify;\">Il protagonismo riconosciuto della nazione polacca in questa terza guerra mondiale accresce anche l&#8217;interesse per la storia polacca, cio\u00e8 per le premesse della situazione attuale; e, visitando questa storia, si scopre che vi \u00e8 gi\u00e0 stato un altro dopoguerra \u2014 quello seguente la Grande Guerra \u2014, in cui la nazione polacca ha avuto una parte tutt&#8217;altro che insignificante, bench\u00e9 quasi completamente ignorata. A tale dopoguerra \u00e8 dedicata questa ricerca \u2014 ricostruzione, interpretazione e documentazione \u2014, volta a illuminare il passato, ma intesa pure \u2014 confessatamente \u2014 a essere utile anche quanto al presente e al futuro, prossimo e remoto.<\/p>\n<p style=\"text-align: justify;\"><strong>Lo \u00abscaltro sfruttatore\u00bb<\/strong><\/p>\n<p style=\"text-align: justify;\">Il 1 maggio 1917, Papa Benedetto XV, salito sulla Cattedra di Pietro poco dopo l&#8217;esplosione del conflitto, lo qualifica come \u00ab<em>il suicidio dell&#8217;Europa civile<\/em>\u00bb e nota che le \u00ab<em>devastazioni morali della guerra<\/em>\u00bb vengono \u00ab[&#8230;] <em>scaltramente sfruttate da chi spia le sventure e le abiezioni, per volgerle a profitto della irreligione e dell&#8217;abbrutimento sociale<\/em>\u00bb.<\/p>\n<p style=\"text-align: justify;\">E appunto Vladimir Ilyc Lenin si candida come \u00ab<em>scaltro sfruttatore<\/em>\u00bb delle \u00ab<em>devastazioni morali della guerra<\/em>\u00bb con un articolo pubblicato sulla <em>Pravda<\/em> del 2 luglio 1918, nel quale esalta come \u00ab<em>profezia scientifica<\/em>\u00bb un testo di Friedrich Engels del 15 dicembre 1887 \u2014 pi\u00f9 un programma che una \u00ab<em>profezia<\/em>\u00bb, per quanto \u00ab<em>scientifica<\/em>\u00bb \u2014, in cui si osserva che \u00ab<em>infine non \u00e8 possibile altra guerra per la Prussia-Germania che una guerra mondiale, e in verit\u00e0 una guerra mondiale di una ampiezza e di una violenza finora mai viste<\/em>\u00bb, al cui termine vi sar\u00e0 \u00ab[&#8230;] <em>soltanto un risultato assolutamente certo: l&#8217;esaurimento generale e la creazione delle condizioni per la vittoria definitiva della classe operaia<\/em>\u00bb.<\/p>\n<p style=\"text-align: justify;\">Con una \u00ab<em>situazione geopolitica molto diff\u00eccile<\/em>\u00bb come pure con \u00ab<em>una storia molto difficile, specialmente nell&#8217;arco degli ultimi secoli<\/em>\u00bb \u2014 le notazioni sono di Papa Giovanni Paolo II \u2014 \u00ab[&#8230;] <em>dall&#8217;anno 1918<\/em> [&#8230;] l<em>a Polonia come Stato sovrano si ri\u00adtrov\u00f2 sulla carta dell&#8217;Europa<\/em>\u00bb, dalla quale era scomparsa dopo le tre spartizioni, avvenute a opera dei tre imperi confinanti, quello russo, quello germanico e quello austro-ungarico, fra il 1772 e il 1795.<\/p>\n<p style=\"text-align: justify;\">Ma \u00ab<em>il ritorno della Repubblica alla vita dopo una schiavit\u00f9 di pi\u00f9 di un secolo<\/em> \u2014 scrive lo storico polacco Oskar Halecki \u2014 <em>fu il primo atto di un dramma, non ancora concluso, che la Polonia moderna vive pienamente consapevole dell&#8217;importanza storica di esso e con incrollabile fede di un esito felice<\/em>\u00bb. Il rinato Stato polacco infatti venne considerato dalla diplomazia europea come \u00ab<em>un errore di produzione<\/em>\u00bb, una conseguenza non gradita, se non assolutamente \u00ab<em>non prevista<\/em>\u00bb.<\/p>\n<p style=\"text-align: justify;\"><a href=\"https:\/\/www.rassegnastampa-totustuus.it\/cattolica\/wp-content\/uploads\/2010\/05\/Pilsudski.jpg\"><img loading=\"lazy\" decoding=\"async\" class=\"alignright wp-image-20959\" src=\"https:\/\/www.rassegnastampa-totustuus.it\/cattolica\/wp-content\/uploads\/2010\/05\/Pilsudski.jpg\" alt=\"Pilsudski\" width=\"133\" height=\"200\" \/><\/a>Se il Trattato di Versailles, del 28 giugno 1919, ne fissava a grandi linee le frontiere occidentali, secondo il tenore dell&#8217;articolo 87 rimanevano da definire quelle orientali, verso la Russia bolscevica, forse \u2014 come non ipotizzarlo? \u2014 per lasciare aperta la possibilit\u00e0 di eliminare la \u00ab<em>conseguenza non gradita<\/em>\u00bb.<\/p>\n<p style=\"text-align: justify;\">Proprio a questo fine \u2014 nella prospettiva strategica del Weltoktober, dell&#8217;\u00ab<em>Ottobre mondiale<\/em>\u00bb, che apre la via alla Weltrevolution, alla \u00ab<em>Rivoluzione mondiale<\/em>\u00bb \u2014 il maresciallo sovietico Michajl Nikolaevic Tuchacevskij, in un ordine del giorno del 2 luglio 1920 diretto alle forze dell&#8217;Armata Rossa sul Fronte Occidentale e intitolato Verso Occidente!, proclama che \u00ab<em>\u00e8 giunto il momento della resa dei conti<\/em>.<\/p>\n<p style=\"text-align: justify;\">\u00ab<em>L&#8217;esercito della Bandiera Rossa e l&#8217;esercito dell&#8217;Aquila Bianca predatrice stanno l&#8217;uno di fronte all&#8217;altro in uno scontro mortale.<\/em><\/p>\n<p style=\"text-align: justify;\">\u00ab<em>La via della conflagrazione mondiale passa sul cadavere della Polonia Bianca<\/em>\u00bb.<\/p>\n<p style=\"text-align: justify;\">Il 19 febbraio 1919 la dieta costituente polacca affida le funzioni di capo della rinata Repubblica a Jozef Pilsudski, che ha gi\u00e0 guidato sul fronte russo le legioni polacche addestrate in territorio austro-ungarico; il 19 marzo 1920, su richiesta dei capi militari, lo stesso statista assume il grado di maresciallo. In questa veste lancia un esercito in Ucraina, costituito da polacchi e da ucraini comandati dall&#8217;atamano Simon Vasilovic Petljura, capo del governo della Repubblica Popolare d&#8217;Ucraina Indipendente; e questo esercito entra in Kiev il 7 maggio.<\/p>\n<p style=\"text-align: justify;\"><strong>L&#8217;aggressione dell&#8217;Armata Rossa<\/strong><\/p>\n<p style=\"text-align: justify;\"><a href=\"https:\/\/www.rassegnastampa-totustuus.it\/cattolica\/wp-content\/uploads\/2016\/02\/cavalleria-sovietica.jpg\"><img loading=\"lazy\" decoding=\"async\" class=\"alignleft wp-image-30692\" src=\"https:\/\/www.rassegnastampa-totustuus.it\/cattolica\/wp-content\/uploads\/2016\/02\/cavalleria-sovietica.jpg\" alt=\"cavalleria sovietica\" width=\"240\" height=\"165\" \/><\/a>L&#8217;Armata Rossa, che nel 1919 si era limitata a difendere le regioni vitali della Russia contro gli Eserciti Bianchi al comando del generale Anton Ivanovic Denikin, \u00e8 ora in grado di concentrare i suoi sforzi sulla Polonia mentre a Varsavia non manca chi \u00e8 gi\u00e0 pronto ad acclamare un governo sovietico polacco. I polacchi e i loro alleati ucraini vengono respinti alle porte di Leopoli e di Varsavia, mentre sulla Bassa Vistola corpi di cavalleria sovietica, guidati da Ghaia Dmitriyevic Ghai Khan, premono verso Torun.<\/p>\n<p style=\"text-align: justify;\">L&#8217;indifferenza, quando non l&#8217;ostilit\u00e0, dei governi occidentali \u00e8 generale: se si esclude una missione interalleata di cui fa parte il generale Maxime Weygand, ogni aiuto viene rifiutato e quelli da tempo previsti vengono ostacolati o indirettamente da ondate di scioperi nei paesi da cui dovrebbero partire oppure direttamente dai governi stessi, come nel caso di quello cecoslovacco, la cui politica estera \u00e8 guidata da Edvard Benes, che rifiuta il passaggio a truppe ungheresi che il reggente, ammiraglio Miklos Horthy di Nagyb\u00e0nya, vorrebbe inviare a sostegno dell&#8217;esercito polacco in difficolt\u00e0.<\/p>\n<p style=\"text-align: justify;\">Il 24 luglio si costituisce in Polonia un governo di coalizione, di cui \u00e8 primo ministro Wincenty Witos, <em>leader<\/em> del Partito Contadino Piast e pi\u00f9 di cinquecentosettantamila coscritti, pi\u00f9 di centosessantamila volontari sono inviati al fronte. A met\u00e0 del mese di agosto del 1920 \u2014 fra il 14 e il 16, ma \u00e8 decisivo quanto accade il 15, nella solennit\u00e0 dell&#8217;Assunzione della Beata Vergine Maria \u2014 il maresciallo Jozef Pilsudski lancia una controffensiva che, guidata dal generale Jozef Haller, ferma l&#8217;Armata Rossa davanti a Varsavia, mentre sulla Bassa Vistola il generale Wladyslaw Sikorski minaccia di isolare l&#8217;ala marciante dei bolscevichi, che battono in ritirata e firmano a Riga l&#8217;armistizio il 12 ottobre dello stesso anno e la pace il 18 marzo dell&#8217;anno seguente.<\/p>\n<p style=\"text-align: justify;\">L&#8217;episodio bellico va sotto il nome di \u00ab<em>miracolo della Vistola<\/em>\u00bb \u2014 l&#8217;espressione \u00e8 attribuita al generale Jozef Haller, che, prima dell&#8217;offensiva, aveva ordinato un ottavario di preghiere \u2014 per manifestare gratitudine verso la divina Provvidenza per un successo umanamente insperabile, e costituisce il momento pi\u00f9 alto e quasi il coronamento della guerra sovietico-polacca, \u00ab[&#8230;] <em>una delle pagine pi\u00f9 gloriose nella storia della ricostituzione della Repubblica<\/em>\u00bb polacca nonch\u00e9 \u00ab[&#8230;.] <em>un episodio importante per la storia in generale, perch\u00e9<\/em> \u2014 scrive ancora Orkar Haiecki \u2014 <em>questa guerra difensiva salv\u00f2 non solo la Polonia da un annientamento che minacciava di avvenire subito dopo la riconquista della libert\u00e0, ma preserv\u00f2 l&#8217;Europa dal flagello del bolscevismo che, se fosse venuta a mancare la resistenza polacca, avrebbe potuto unirsi ai moti rivoluzionari tedeschi e ungheresi<\/em>\u00bb. Nella stessa campagna merita di essere ricordata, accanto alla battaglia di Varsavia, l&#8217;eroica resistenza degli ucraini a Zamosc, preludio della disfatta della Cavalleria Rossa del ma\u00adresciallo Semen Michajlovic Budenniyj.<\/p>\n<p style=\"text-align: justify;\"><strong>Il coronamento della guerra<\/strong><\/p>\n<p style=\"text-align: justify;\">Circa la portata dell&#8217;accadimento, non mancano conferme dalla parte degli sconfitti, sia dopo che prima della sua realizzazione: Vladimir I. Lenin, conversando con i delegati francesi al II Congresso del Komintern chiuso a Mosca il 7 agosto 1920, afferma in modo categorico: \u00ab<em>S\u00ec, le truppe sovietiche sono a Varsavia. Fra poco avremo anch\u00e9 la Germania. Riconquisteremo l&#8217;Ungheria, e i Balcani si solleveranno contro il capitalismo. L&#8217;Italia tremer\u00e0. L&#8217;Europa borghese scricchiola da tutte le parti, in mezzo a questa tempesta<\/em>\u00bb; nell&#8217;autunno dello stesso anno, invita la militante comunista tedesca Clara Zetkin a \u00ab[&#8230;];\u00a0<em>non<\/em> [&#8230;] <em>ritornare su quanto \u00e8 accaduto in Polonia<\/em>\u00bb: infatti \u2014 confessa \u2014 \u00ab<em>noi abbiamo contato sulla Rivoluzione in Polonia, e questa non si \u00e8 prodotta<\/em>\u00bb.<\/p>\n<p style=\"text-align: justify;\">Nel mese di luglio del 1920, mentre l&#8217;Armata Rossa avanza minacciosamente fino alle porte di Varsavia, i vescovi polacchi indirizzano una lettera pastorale alla nazione e, dopo aver chiesto a Papa Benedetto XV la benedizione per la Polonia, inviano all&#8217;episcopato mondiale una lettera che colpisce per la puntualit\u00e0 e la chiaroveggenza e che anticipa con espressioni di grande efficacia quanto dovranno scrivere i vescovi spagnoli il 1 luglio 1937, dopo l\u2019Alzamiento del 1936, dopo l&#8217;inizio della Cruzada che si protrarr\u00e0 fino al 1939 e in seguito all&#8217;incomprensione di cui \u00e8 fatta oggetto in tutto il mondo, cattolico non escluso.<\/p>\n<p style=\"text-align: justify;\">Alla supplica dell&#8217;episcopato polacco il Pontefice risponde con una lettera, datata 5 agosto 1920 e indirizzata al Cardinale Vicario; n\u00e9 il Santo Padre manca di felicitarsi, dopo la conclusione provvidenziale del dramma, con una nuova lettera, questa volta indirizzata a tutti i presuli polacchi, datata 8 settembre 1920, \u00ab<em>nella festivit\u00e0 della Nativit\u00e0 della Beata Vergine Maria<\/em>\u00bb, documento in cui afferma il carattere straordinario dell&#8217;accadimento.<\/p>\n<p style=\"text-align: justify;\">Dopo il miracolo della Vistola\u00bb nasce di necessit\u00e0 e di fatto la riflessione socialcomunista sulle modalit\u00e0 di conquista del potere in paesi i cui popoli non sono soltanto societ\u00e0 elementari \u2014 dominanti e dominati \u2014 e in qualche modo statiche, ma sono segnate dalla dinamica della storia, cio\u00e8 sono \u00abnazioni\u00bb, e caratterizzate da un&#8217;articolazione pluralistica, quindi sono \u00ab<em>democrazie<\/em>\u00bb; dunque si articola l&#8217;incarnazione culturale dell&#8217;impero socialcomunista.<\/p>\n<p style=\"text-align: justify;\">\u00ab<em>In Oriente lo Stato era tutto, la societ\u00e0 civile era primordiale e gelatinosa: nell&#8217;Occidente fra Stato e societ\u00e0 civile c &#8216;\u00e8 un giusto rapporto e nel tremolio dello Stato si scorgeva subito una robusta struttura della societ\u00e0 civile. Lo Stato era solo una trincea avanzata, dietro cui stava una robusta catena di fortezze e di casematte<\/em>\u00bb: su questa constatazione di Antonio Gramsci si fonda la riflessione che vede all&#8217;avanguardia la Rivoluzione in Italia; riflessione che subir\u00e0 un&#8217;accelerazione dopo la \u00ab<em>l<\/em>ezione spagnola\u00bb del 1936-1939, e il cui frutto sar\u00e0 sperimentato in Cile negli anni di Salvador Allende come \u00abrivoluzione nella libert\u00e0\u00bb e conoscer\u00e0 il suo apice come \u00abeurocomunismo\u00bb nella politica italiana di \u00ab<em>compromesso storico<\/em>\u00bb, arrestata nel 1979 dalla \u00ablezione italiana\u00bb, tutt&#8217;altro che insignificante per il decorso e per l&#8217;esito della Rivoluzione mondiale nell&#8217;intero mondo cattolico ma, soprattutto, in America Latina.<\/p>\n<p style=\"text-align: justify;\">Il <em>tempus meditandi et lugendi<\/em> concesso dalla divina Provvidenza a quanto rimane della Cristianit\u00e0, all&#8217;Europa cristiana, \u00e8 rapidamente cancellato dalla memoria storica e, quindi, messo in condizioni di non esser fatto fruttare adeguatamente; e nel 1939, all&#8217;inizio della seconda guerra mondiale, scocca l&#8217;ora della \u00abvendetta\u00bb sul \u00abmiracolo della Vistola\u00bb e, con il patto Molotov-von Ribbentrop, vengono poste le premesse perch\u00e9 dell&#8217;antemurale polacco non rimanga pietra su pietra.<\/p>\n<p style=\"text-align: justify;\">Anche il dopoguerra della terza guerra mondiale offre a tutti gli occidentali \u2014 in un certo senso a tutti gli uomini \u2014 un , un tempo per riflettere sulla domanda: anzitutto, che cosa hanno fatto gli europei del tempo che \u00e8 stato loro dato dopo la Grande Guerra, attraverso la vittoria polacca, prima dell&#8217;irruzione del socialcomunismo in Europa e nel mondo a partire dalla fine della seconda guerra mondiale?<\/p>\n<p style=\"text-align: justify;\">Quindi: che cosa stiamo facendo del tempo che ci viene concesso dopo l&#8217;implosione dell&#8217;impero socialcomunista, grazie anche alla resistenza polacca e all&#8217;opera del Papa polacco? In quest&#8217;ultimo caso, si tratta di un tempo in cui la promessa di Fatima \u2014 \u00ab<em>Infine, il mio Cuore Immacolato trionfer\u00e0<\/em>\u00bb \u2014 si presenta agli uomini come una meta non solo da attendere e per cui pregare, ma al cui perseguimento e al cui raggiungimento collaborare attivamente. La mancanza di questa collaborazione umana, cio\u00e8 la mancata utilizzazione efficace di questo tempo di riflessione e di conversione, apre per\u00f2 sull&#8217;eventualit\u00e0 che la punizione, in qualche modo sospesa, si realizzi e il giudizio abbia corso.<\/p>\n","protected":false},"excerpt":{"rendered":"<p>Il Secolo d\u2019Italia Domenica 13 agosto 1995 Giovanni Cantoni L\u2019IMPERO socialcomunista \u00e8 in via di liquidazione dal punto di vista statuale e di consistente trasformazione da quello culturale; di questa liquidazione anche l&#8217;opinione meno sensibile ai valori religiosi \u00e8 disponibile ad attribuire parte del merito alla nazione polacca e al \u00abPapa polacco\u00bb, il Sommo Pontefice &hellip; <\/p>\n<p><a class=\"more-link btn\" href=\"https:\/\/www.rassegnastampa-totustuus.it\/cattolica\/cosi-la-polonia-cristiana-fermo-lenin\/\">Continua a leggere<\/a><\/p>\n","protected":false},"author":6,"featured_media":30691,"comment_status":"closed","ping_status":"closed","sticky":false,"template":"","format":"standard","meta":{"footnotes":""},"categories":[14,24],"tags":[966,2370],"class_list":["post-30690","post","type-post","status-publish","format-standard","has-post-thumbnail","hentry","category-europa-e-ue","category-storia","tag-lenin","tag-miracolo-della-vistola","item-wrap"],"yoast_head":"<!-- This site is optimized with the Yoast SEO plugin v27.5 - https:\/\/yoast.com\/product\/yoast-seo-wordpress\/ -->\n<title>Cos\u00ec la Polonia cristiana ferm\u00f2 Lenin - Rassegna Stampa Cattolica<\/title>\n<meta name=\"description\" content=\"Rassegna Stampa Cattolica - Per una cultura che nasce dalla Rivelazione cristiana in conformit\u00e0 alla tradizione e al Magistero della Chiesa in opposizione ad ogni relativismo e totalitarismo\" \/>\n<meta name=\"robots\" content=\"index, follow, max-snippet:-1, max-image-preview:large, max-video-preview:-1\" \/>\n<link rel=\"canonical\" href=\"https:\/\/www.rassegnastampa-totustuus.it\/cattolica\/cosi-la-polonia-cristiana-fermo-lenin\/\" \/>\n<meta property=\"og:locale\" content=\"it_IT\" \/>\n<meta property=\"og:type\" content=\"article\" \/>\n<meta property=\"og:title\" content=\"Cos\u00ec la Polonia cristiana ferm\u00f2 Lenin - Rassegna Stampa Cattolica\" \/>\n<meta property=\"og:description\" content=\"Rassegna Stampa Cattolica - Per una cultura che nasce dalla Rivelazione cristiana in conformit\u00e0 alla tradizione e al Magistero della Chiesa in opposizione ad ogni relativismo e totalitarismo\" \/>\n<meta property=\"og:url\" content=\"https:\/\/www.rassegnastampa-totustuus.it\/cattolica\/cosi-la-polonia-cristiana-fermo-lenin\/\" \/>\n<meta property=\"og:site_name\" content=\"Rassegna Stampa Cattolica\" \/>\n<meta property=\"article:publisher\" content=\"https:\/\/www.facebook.com\/rassegnastampacattolica\" \/>\n<meta property=\"article:published_time\" content=\"2015-08-10T22:00:44+00:00\" \/>\n<meta property=\"article:modified_time\" content=\"2016-02-11T12:41:24+00:00\" \/>\n<meta property=\"og:image\" content=\"https:\/\/www.rassegnastampa-totustuus.it\/cattolica\/wp-content\/uploads\/2016\/02\/polonia.jpg\" \/>\n\t<meta property=\"og:image:width\" content=\"240\" \/>\n\t<meta property=\"og:image:height\" content=\"174\" \/>\n\t<meta property=\"og:image:type\" content=\"image\/jpeg\" \/>\n<meta name=\"author\" content=\"Redazione\" \/>\n<meta name=\"twitter:card\" content=\"summary_large_image\" \/>\n<meta name=\"twitter:creator\" content=\"@rassegnastampa9\" \/>\n<meta name=\"twitter:site\" content=\"@rassegnastampa9\" \/>\n<meta name=\"twitter:label1\" content=\"Scritto da\" \/>\n\t<meta name=\"twitter:data1\" content=\"Redazione\" \/>\n\t<meta name=\"twitter:label2\" content=\"Tempo di lettura stimato\" \/>\n\t<meta name=\"twitter:data2\" content=\"9 minuti\" \/>\n<script type=\"application\/ld+json\" class=\"yoast-schema-graph\">{\"@context\":\"https:\\\/\\\/schema.org\",\"@graph\":[{\"@type\":\"Article\",\"@id\":\"https:\\\/\\\/www.rassegnastampa-totustuus.it\\\/cattolica\\\/cosi-la-polonia-cristiana-fermo-lenin\\\/#article\",\"isPartOf\":{\"@id\":\"https:\\\/\\\/www.rassegnastampa-totustuus.it\\\/cattolica\\\/cosi-la-polonia-cristiana-fermo-lenin\\\/\"},\"author\":{\"name\":\"Redazione\",\"@id\":\"https:\\\/\\\/www.rassegnastampa-totustuus.it\\\/cattolica\\\/#\\\/schema\\\/person\\\/08f319d2bd1a0904ad9e2bfb7b15e5c3\"},\"headline\":\"Cos\u00ec la Polonia cristiana ferm\u00f2 Lenin\",\"datePublished\":\"2015-08-10T22:00:44+00:00\",\"dateModified\":\"2016-02-11T12:41:24+00:00\",\"mainEntityOfPage\":{\"@id\":\"https:\\\/\\\/www.rassegnastampa-totustuus.it\\\/cattolica\\\/cosi-la-polonia-cristiana-fermo-lenin\\\/\"},\"wordCount\":1941,\"publisher\":{\"@id\":\"https:\\\/\\\/www.rassegnastampa-totustuus.it\\\/cattolica\\\/#organization\"},\"image\":{\"@id\":\"https:\\\/\\\/www.rassegnastampa-totustuus.it\\\/cattolica\\\/cosi-la-polonia-cristiana-fermo-lenin\\\/#primaryimage\"},\"thumbnailUrl\":\"https:\\\/\\\/www.rassegnastampa-totustuus.it\\\/cattolica\\\/wp-content\\\/uploads\\\/2016\\\/02\\\/polonia.jpg\",\"keywords\":[\"Lenin\",\"Miracolo della Vistola\"],\"articleSection\":[\"Europa e UE\",\"Storia\"],\"inLanguage\":\"it-IT\"},{\"@type\":\"WebPage\",\"@id\":\"https:\\\/\\\/www.rassegnastampa-totustuus.it\\\/cattolica\\\/cosi-la-polonia-cristiana-fermo-lenin\\\/\",\"url\":\"https:\\\/\\\/www.rassegnastampa-totustuus.it\\\/cattolica\\\/cosi-la-polonia-cristiana-fermo-lenin\\\/\",\"name\":\"Cos\u00ec la Polonia cristiana ferm\u00f2 Lenin - Rassegna Stampa Cattolica\",\"isPartOf\":{\"@id\":\"https:\\\/\\\/www.rassegnastampa-totustuus.it\\\/cattolica\\\/#website\"},\"primaryImageOfPage\":{\"@id\":\"https:\\\/\\\/www.rassegnastampa-totustuus.it\\\/cattolica\\\/cosi-la-polonia-cristiana-fermo-lenin\\\/#primaryimage\"},\"image\":{\"@id\":\"https:\\\/\\\/www.rassegnastampa-totustuus.it\\\/cattolica\\\/cosi-la-polonia-cristiana-fermo-lenin\\\/#primaryimage\"},\"thumbnailUrl\":\"https:\\\/\\\/www.rassegnastampa-totustuus.it\\\/cattolica\\\/wp-content\\\/uploads\\\/2016\\\/02\\\/polonia.jpg\",\"datePublished\":\"2015-08-10T22:00:44+00:00\",\"dateModified\":\"2016-02-11T12:41:24+00:00\",\"description\":\"Rassegna Stampa Cattolica - Per una cultura che nasce dalla Rivelazione cristiana in conformit\u00e0 alla tradizione e al Magistero della Chiesa in opposizione ad ogni relativismo e totalitarismo\",\"breadcrumb\":{\"@id\":\"https:\\\/\\\/www.rassegnastampa-totustuus.it\\\/cattolica\\\/cosi-la-polonia-cristiana-fermo-lenin\\\/#breadcrumb\"},\"inLanguage\":\"it-IT\",\"potentialAction\":[{\"@type\":\"ReadAction\",\"target\":[\"https:\\\/\\\/www.rassegnastampa-totustuus.it\\\/cattolica\\\/cosi-la-polonia-cristiana-fermo-lenin\\\/\"]}]},{\"@type\":\"ImageObject\",\"inLanguage\":\"it-IT\",\"@id\":\"https:\\\/\\\/www.rassegnastampa-totustuus.it\\\/cattolica\\\/cosi-la-polonia-cristiana-fermo-lenin\\\/#primaryimage\",\"url\":\"https:\\\/\\\/www.rassegnastampa-totustuus.it\\\/cattolica\\\/wp-content\\\/uploads\\\/2016\\\/02\\\/polonia.jpg\",\"contentUrl\":\"https:\\\/\\\/www.rassegnastampa-totustuus.it\\\/cattolica\\\/wp-content\\\/uploads\\\/2016\\\/02\\\/polonia.jpg\",\"width\":240,\"height\":174},{\"@type\":\"BreadcrumbList\",\"@id\":\"https:\\\/\\\/www.rassegnastampa-totustuus.it\\\/cattolica\\\/cosi-la-polonia-cristiana-fermo-lenin\\\/#breadcrumb\",\"itemListElement\":[{\"@type\":\"ListItem\",\"position\":1,\"name\":\"Home\",\"item\":\"https:\\\/\\\/www.rassegnastampa-totustuus.it\\\/cattolica\\\/\"},{\"@type\":\"ListItem\",\"position\":2,\"name\":\"Cos\u00ec la Polonia cristiana ferm\u00f2 Lenin\"}]},{\"@type\":\"WebSite\",\"@id\":\"https:\\\/\\\/www.rassegnastampa-totustuus.it\\\/cattolica\\\/#website\",\"url\":\"https:\\\/\\\/www.rassegnastampa-totustuus.it\\\/cattolica\\\/\",\"name\":\"Rassegna Stampa Cattolica\",\"description\":\"Per una cultura che nasce dalla Rivelazione cristiana in conformit\u00e0 alla tradizione e al Magistero della Chiesa in opposizione ad ogni relativismo e totalitarismo\",\"publisher\":{\"@id\":\"https:\\\/\\\/www.rassegnastampa-totustuus.it\\\/cattolica\\\/#organization\"},\"alternateName\":\"Rass. Cattolica\",\"potentialAction\":[{\"@type\":\"SearchAction\",\"target\":{\"@type\":\"EntryPoint\",\"urlTemplate\":\"https:\\\/\\\/www.rassegnastampa-totustuus.it\\\/cattolica\\\/?s={search_term_string}\"},\"query-input\":{\"@type\":\"PropertyValueSpecification\",\"valueRequired\":true,\"valueName\":\"search_term_string\"}}],\"inLanguage\":\"it-IT\"},{\"@type\":\"Organization\",\"@id\":\"https:\\\/\\\/www.rassegnastampa-totustuus.it\\\/cattolica\\\/#organization\",\"name\":\"Rassegna Stampa Cattolica\",\"url\":\"https:\\\/\\\/www.rassegnastampa-totustuus.it\\\/cattolica\\\/\",\"logo\":{\"@type\":\"ImageObject\",\"inLanguage\":\"it-IT\",\"@id\":\"https:\\\/\\\/www.rassegnastampa-totustuus.it\\\/cattolica\\\/#\\\/schema\\\/logo\\\/image\\\/\",\"url\":\"https:\\\/\\\/www.rassegnastampa-totustuus.it\\\/cattolica\\\/wp-content\\\/uploads\\\/2014\\\/04\\\/logo-rassegna1.gif\",\"contentUrl\":\"https:\\\/\\\/www.rassegnastampa-totustuus.it\\\/cattolica\\\/wp-content\\\/uploads\\\/2014\\\/04\\\/logo-rassegna1.gif\",\"width\":600,\"height\":163,\"caption\":\"Rassegna Stampa Cattolica\"},\"image\":{\"@id\":\"https:\\\/\\\/www.rassegnastampa-totustuus.it\\\/cattolica\\\/#\\\/schema\\\/logo\\\/image\\\/\"},\"sameAs\":[\"https:\\\/\\\/www.facebook.com\\\/rassegnastampacattolica\",\"https:\\\/\\\/x.com\\\/rassegnastampa9\"]},{\"@type\":\"Person\",\"@id\":\"https:\\\/\\\/www.rassegnastampa-totustuus.it\\\/cattolica\\\/#\\\/schema\\\/person\\\/08f319d2bd1a0904ad9e2bfb7b15e5c3\",\"name\":\"Redazione\",\"image\":{\"@type\":\"ImageObject\",\"inLanguage\":\"it-IT\",\"@id\":\"https:\\\/\\\/secure.gravatar.com\\\/avatar\\\/2fcdf27c78ea025fbdb44e914cc63c72249ffec9dc8aafd5c82b26240ef3f346?s=96&d=mm&r=g\",\"url\":\"https:\\\/\\\/secure.gravatar.com\\\/avatar\\\/2fcdf27c78ea025fbdb44e914cc63c72249ffec9dc8aafd5c82b26240ef3f346?s=96&d=mm&r=g\",\"contentUrl\":\"https:\\\/\\\/secure.gravatar.com\\\/avatar\\\/2fcdf27c78ea025fbdb44e914cc63c72249ffec9dc8aafd5c82b26240ef3f346?s=96&d=mm&r=g\",\"caption\":\"Redazione\"},\"url\":\"https:\\\/\\\/www.rassegnastampa-totustuus.it\\\/cattolica\\\/author\\\/pietroelle\\\/\"}]}<\/script>\n<!-- \/ Yoast SEO plugin. -->","yoast_head_json":{"title":"Cos\u00ec la Polonia cristiana ferm\u00f2 Lenin - Rassegna Stampa Cattolica","description":"Rassegna Stampa Cattolica - Per una cultura che nasce dalla Rivelazione cristiana in conformit\u00e0 alla tradizione e al Magistero della Chiesa in opposizione ad ogni relativismo e totalitarismo","robots":{"index":"index","follow":"follow","max-snippet":"max-snippet:-1","max-image-preview":"max-image-preview:large","max-video-preview":"max-video-preview:-1"},"canonical":"https:\/\/www.rassegnastampa-totustuus.it\/cattolica\/cosi-la-polonia-cristiana-fermo-lenin\/","og_locale":"it_IT","og_type":"article","og_title":"Cos\u00ec la Polonia cristiana ferm\u00f2 Lenin - Rassegna Stampa Cattolica","og_description":"Rassegna Stampa Cattolica - Per una cultura che nasce dalla Rivelazione cristiana in conformit\u00e0 alla tradizione e al Magistero della Chiesa in opposizione ad ogni relativismo e totalitarismo","og_url":"https:\/\/www.rassegnastampa-totustuus.it\/cattolica\/cosi-la-polonia-cristiana-fermo-lenin\/","og_site_name":"Rassegna Stampa Cattolica","article_publisher":"https:\/\/www.facebook.com\/rassegnastampacattolica","article_published_time":"2015-08-10T22:00:44+00:00","article_modified_time":"2016-02-11T12:41:24+00:00","og_image":[{"width":240,"height":174,"url":"https:\/\/www.rassegnastampa-totustuus.it\/cattolica\/wp-content\/uploads\/2016\/02\/polonia.jpg","type":"image\/jpeg"}],"author":"Redazione","twitter_card":"summary_large_image","twitter_creator":"@rassegnastampa9","twitter_site":"@rassegnastampa9","twitter_misc":{"Scritto da":"Redazione","Tempo di lettura stimato":"9 minuti"},"schema":{"@context":"https:\/\/schema.org","@graph":[{"@type":"Article","@id":"https:\/\/www.rassegnastampa-totustuus.it\/cattolica\/cosi-la-polonia-cristiana-fermo-lenin\/#article","isPartOf":{"@id":"https:\/\/www.rassegnastampa-totustuus.it\/cattolica\/cosi-la-polonia-cristiana-fermo-lenin\/"},"author":{"name":"Redazione","@id":"https:\/\/www.rassegnastampa-totustuus.it\/cattolica\/#\/schema\/person\/08f319d2bd1a0904ad9e2bfb7b15e5c3"},"headline":"Cos\u00ec la Polonia cristiana ferm\u00f2 Lenin","datePublished":"2015-08-10T22:00:44+00:00","dateModified":"2016-02-11T12:41:24+00:00","mainEntityOfPage":{"@id":"https:\/\/www.rassegnastampa-totustuus.it\/cattolica\/cosi-la-polonia-cristiana-fermo-lenin\/"},"wordCount":1941,"publisher":{"@id":"https:\/\/www.rassegnastampa-totustuus.it\/cattolica\/#organization"},"image":{"@id":"https:\/\/www.rassegnastampa-totustuus.it\/cattolica\/cosi-la-polonia-cristiana-fermo-lenin\/#primaryimage"},"thumbnailUrl":"https:\/\/www.rassegnastampa-totustuus.it\/cattolica\/wp-content\/uploads\/2016\/02\/polonia.jpg","keywords":["Lenin","Miracolo della Vistola"],"articleSection":["Europa e UE","Storia"],"inLanguage":"it-IT"},{"@type":"WebPage","@id":"https:\/\/www.rassegnastampa-totustuus.it\/cattolica\/cosi-la-polonia-cristiana-fermo-lenin\/","url":"https:\/\/www.rassegnastampa-totustuus.it\/cattolica\/cosi-la-polonia-cristiana-fermo-lenin\/","name":"Cos\u00ec la Polonia cristiana ferm\u00f2 Lenin - Rassegna Stampa Cattolica","isPartOf":{"@id":"https:\/\/www.rassegnastampa-totustuus.it\/cattolica\/#website"},"primaryImageOfPage":{"@id":"https:\/\/www.rassegnastampa-totustuus.it\/cattolica\/cosi-la-polonia-cristiana-fermo-lenin\/#primaryimage"},"image":{"@id":"https:\/\/www.rassegnastampa-totustuus.it\/cattolica\/cosi-la-polonia-cristiana-fermo-lenin\/#primaryimage"},"thumbnailUrl":"https:\/\/www.rassegnastampa-totustuus.it\/cattolica\/wp-content\/uploads\/2016\/02\/polonia.jpg","datePublished":"2015-08-10T22:00:44+00:00","dateModified":"2016-02-11T12:41:24+00:00","description":"Rassegna Stampa Cattolica - Per una cultura che nasce dalla Rivelazione cristiana in conformit\u00e0 alla tradizione e al Magistero della Chiesa in opposizione ad ogni relativismo e totalitarismo","breadcrumb":{"@id":"https:\/\/www.rassegnastampa-totustuus.it\/cattolica\/cosi-la-polonia-cristiana-fermo-lenin\/#breadcrumb"},"inLanguage":"it-IT","potentialAction":[{"@type":"ReadAction","target":["https:\/\/www.rassegnastampa-totustuus.it\/cattolica\/cosi-la-polonia-cristiana-fermo-lenin\/"]}]},{"@type":"ImageObject","inLanguage":"it-IT","@id":"https:\/\/www.rassegnastampa-totustuus.it\/cattolica\/cosi-la-polonia-cristiana-fermo-lenin\/#primaryimage","url":"https:\/\/www.rassegnastampa-totustuus.it\/cattolica\/wp-content\/uploads\/2016\/02\/polonia.jpg","contentUrl":"https:\/\/www.rassegnastampa-totustuus.it\/cattolica\/wp-content\/uploads\/2016\/02\/polonia.jpg","width":240,"height":174},{"@type":"BreadcrumbList","@id":"https:\/\/www.rassegnastampa-totustuus.it\/cattolica\/cosi-la-polonia-cristiana-fermo-lenin\/#breadcrumb","itemListElement":[{"@type":"ListItem","position":1,"name":"Home","item":"https:\/\/www.rassegnastampa-totustuus.it\/cattolica\/"},{"@type":"ListItem","position":2,"name":"Cos\u00ec la Polonia cristiana ferm\u00f2 Lenin"}]},{"@type":"WebSite","@id":"https:\/\/www.rassegnastampa-totustuus.it\/cattolica\/#website","url":"https:\/\/www.rassegnastampa-totustuus.it\/cattolica\/","name":"Rassegna Stampa Cattolica","description":"Per una cultura che nasce dalla Rivelazione cristiana in conformit\u00e0 alla tradizione e al Magistero della Chiesa in opposizione ad ogni relativismo e totalitarismo","publisher":{"@id":"https:\/\/www.rassegnastampa-totustuus.it\/cattolica\/#organization"},"alternateName":"Rass. Cattolica","potentialAction":[{"@type":"SearchAction","target":{"@type":"EntryPoint","urlTemplate":"https:\/\/www.rassegnastampa-totustuus.it\/cattolica\/?s={search_term_string}"},"query-input":{"@type":"PropertyValueSpecification","valueRequired":true,"valueName":"search_term_string"}}],"inLanguage":"it-IT"},{"@type":"Organization","@id":"https:\/\/www.rassegnastampa-totustuus.it\/cattolica\/#organization","name":"Rassegna Stampa Cattolica","url":"https:\/\/www.rassegnastampa-totustuus.it\/cattolica\/","logo":{"@type":"ImageObject","inLanguage":"it-IT","@id":"https:\/\/www.rassegnastampa-totustuus.it\/cattolica\/#\/schema\/logo\/image\/","url":"https:\/\/www.rassegnastampa-totustuus.it\/cattolica\/wp-content\/uploads\/2014\/04\/logo-rassegna1.gif","contentUrl":"https:\/\/www.rassegnastampa-totustuus.it\/cattolica\/wp-content\/uploads\/2014\/04\/logo-rassegna1.gif","width":600,"height":163,"caption":"Rassegna Stampa Cattolica"},"image":{"@id":"https:\/\/www.rassegnastampa-totustuus.it\/cattolica\/#\/schema\/logo\/image\/"},"sameAs":["https:\/\/www.facebook.com\/rassegnastampacattolica","https:\/\/x.com\/rassegnastampa9"]},{"@type":"Person","@id":"https:\/\/www.rassegnastampa-totustuus.it\/cattolica\/#\/schema\/person\/08f319d2bd1a0904ad9e2bfb7b15e5c3","name":"Redazione","image":{"@type":"ImageObject","inLanguage":"it-IT","@id":"https:\/\/secure.gravatar.com\/avatar\/2fcdf27c78ea025fbdb44e914cc63c72249ffec9dc8aafd5c82b26240ef3f346?s=96&d=mm&r=g","url":"https:\/\/secure.gravatar.com\/avatar\/2fcdf27c78ea025fbdb44e914cc63c72249ffec9dc8aafd5c82b26240ef3f346?s=96&d=mm&r=g","contentUrl":"https:\/\/secure.gravatar.com\/avatar\/2fcdf27c78ea025fbdb44e914cc63c72249ffec9dc8aafd5c82b26240ef3f346?s=96&d=mm&r=g","caption":"Redazione"},"url":"https:\/\/www.rassegnastampa-totustuus.it\/cattolica\/author\/pietroelle\/"}]}},"_links":{"self":[{"href":"https:\/\/www.rassegnastampa-totustuus.it\/cattolica\/wp-json\/wp\/v2\/posts\/30690","targetHints":{"allow":["GET"]}}],"collection":[{"href":"https:\/\/www.rassegnastampa-totustuus.it\/cattolica\/wp-json\/wp\/v2\/posts"}],"about":[{"href":"https:\/\/www.rassegnastampa-totustuus.it\/cattolica\/wp-json\/wp\/v2\/types\/post"}],"author":[{"embeddable":true,"href":"https:\/\/www.rassegnastampa-totustuus.it\/cattolica\/wp-json\/wp\/v2\/users\/6"}],"replies":[{"embeddable":true,"href":"https:\/\/www.rassegnastampa-totustuus.it\/cattolica\/wp-json\/wp\/v2\/comments?post=30690"}],"version-history":[{"count":1,"href":"https:\/\/www.rassegnastampa-totustuus.it\/cattolica\/wp-json\/wp\/v2\/posts\/30690\/revisions"}],"predecessor-version":[{"id":30693,"href":"https:\/\/www.rassegnastampa-totustuus.it\/cattolica\/wp-json\/wp\/v2\/posts\/30690\/revisions\/30693"}],"wp:featuredmedia":[{"embeddable":true,"href":"https:\/\/www.rassegnastampa-totustuus.it\/cattolica\/wp-json\/wp\/v2\/media\/30691"}],"wp:attachment":[{"href":"https:\/\/www.rassegnastampa-totustuus.it\/cattolica\/wp-json\/wp\/v2\/media?parent=30690"}],"wp:term":[{"taxonomy":"category","embeddable":true,"href":"https:\/\/www.rassegnastampa-totustuus.it\/cattolica\/wp-json\/wp\/v2\/categories?post=30690"},{"taxonomy":"post_tag","embeddable":true,"href":"https:\/\/www.rassegnastampa-totustuus.it\/cattolica\/wp-json\/wp\/v2\/tags?post=30690"}],"curies":[{"name":"wp","href":"https:\/\/api.w.org\/{rel}","templated":true}]}}