{"id":3069,"date":"2009-04-17T15:00:41","date_gmt":"2009-04-17T13:00:41","guid":{"rendered":""},"modified":"2015-12-17T12:07:43","modified_gmt":"2015-12-17T11:07:43","slug":"conversioni-di-massa-degli-islamici-al-cristianesimo","status":"publish","type":"post","link":"https:\/\/www.rassegnastampa-totustuus.it\/cattolica\/conversioni-di-massa-degli-islamici-al-cristianesimo\/","title":{"rendered":"Conversioni di massa degli islamici al cristianesimo"},"content":{"rendered":"<div>\n<p style=\"text-align: center;\"><strong><a href=\"https:\/\/www.rassegnastampa-totustuus.it\/cattolica\/wp-content\/uploads\/2009\/04\/battesimo_M.Allam_.jpg\"><img loading=\"lazy\" decoding=\"async\" class=\"alignright wp-image-28877\" src=\"https:\/\/www.rassegnastampa-totustuus.it\/cattolica\/wp-content\/uploads\/2009\/04\/battesimo_M.Allam_.jpg\" alt=\"battesimo_M.Allam\" width=\"250\" height=\"165\" \/><\/a>Il Mascellaro,<\/strong> 28 maggio 2008<\/p>\n<p style=\"text-align: center;\">di <strong>Alessandro Pagano<\/strong><\/p>\n<p style=\"text-align: center;\">e <strong>Domenico Bonvegna<\/strong><\/p>\n<p style=\"text-align: justify;\">Non \u00e8 una bufala, qualche settimana fa il settimanale <em>Il Domenicale<\/em> ha lanciato una notizia veramente sensazionale: \u00abSi fanno cristiani 667 islamici all&#8217;ora, 16mila al giorno, 6 milioni all&#8217;anno. Sono numeri enormi\u00bb. Se i fatti sono questi la preoccupazione per una presunta invasione islamica dell&#8217;Europa per certi versi, pu\u00f2 essere meno preoccupante.<\/p>\n<\/div>\n<p><!--more--><\/p>\n<div style=\"text-align: justify;\">Non \u00e8 facile fare delle stime precise, visto i pericoli cui va incontro chi abbandona la fede islamica, ma le notizie disponibili lasciano intuire un fenomeno rilevante, forse persino in grado di modificare clamorosamente il futuro del mondo.<\/div>\n<p style=\"text-align: justify;\">&#8220;Secondo il <em>London Times<\/em>, il 15% circa dei musulmani residenti in Europa hanno lasciato l&#8217;islam. In Gran Bretagna sono attorno alle 200mila unit\u00e0 e in Francia si calcola che ogni anno 15mila islamici diventino cristiani: pi\u00f9 o meno 10mila cattolici e il resto protestanti&#8221;. (Guglielmo Piombini, <em>Frotte in fuga dall&#8217;islam cercano chiese<\/em>, 3.5.08 <em>Il Domenicale<\/em>).Il numero dei musulmani in Africa \u00e8 diminuito notevolmente rispetto al secolo scorso, mentre i cattolici sono aumentati da un milione del 1902 a circa 330 milioni.<\/p>\n<p style=\"text-align: justify;\">Magdi Cristiano Allam, che \u00e8 stato battezzato nella veglia pasquale direttamente da Benedetto XVI, l&#8217;aveva detto che il fenomeno delle conversioni dall&#8217;islam al cristianesimo \u00e8 abbastanza diffuso.<\/p>\n<p style=\"text-align: justify;\">Nel 2006 lo sceicco Ahmad al-Qataani, intervistato da <em>Al-Jazeera<\/em>, pronunci\u00f2 parole allarmate. &#8220;\u00c8 probabile che al-Qataani abbia gonfiato i numeri per accrescere l&#8217;allarme tra i propri correligionari, &#8211; scrive Piombini &#8211; ma le sue dichiarazioni rivelano un trend sempre pi\u00f9 chiaro: malgrado le minacce di morte e le persecuzioni che subiscono gli &#8220;apostati, nel mondo le conversioni dall&#8217;islam al cristianesimo sono molto pi\u00f9 numerose di quelle in senso contrario&#8221;.<\/p>\n<p style=\"text-align: justify;\">Certamente esiste una crescita numerica dell&#8217;islam (come ha riconosciuto il Vaticano) che ha superato il cattolicesimo come religione pi\u00f9 praticata nel mondo, ma questo si deve perch\u00e9 nei Paesi islamici \u00e8 alta la natalit\u00e0, mentre la crescita del cristianesimo avviene per via delle conversioni adulte.<\/p>\n<p style=\"text-align: justify;\">Il personaggio che le autorit\u00e0 religiose islamiche temono di pi\u00f9 \u00e8 il sacerdote copto Zakaria Botros, definito dal giornale arabo <em>al-Insan al-Jadid<\/em> \u00abil nemico pubblico numero uno dell&#8217;islam\u00bb. I suoi programmi trasmessi via satellite dagli Stati Uniti, nei quali discute da un punto di vista cristiano gli aspetti pi\u00f9 problematici del <em>Corano<\/em> (la guerra santa, l&#8217;inferiorit\u00e0 delle donne, la lapidazione e cos\u00ec via), hanno provocato conversioni clandestine di massa al cristianesimo.<\/p>\n<p style=\"text-align: justify;\">La sua perfetta conoscenza della lingua araba e delle fonti islamiche gli permette di raggiungere un vasto pubblico mediorientale, e gli spettatori rimangono colpiti dalla frequente incapacit\u00e0 degli ulema, che spesso scelgono il silenzio, di rispondere in maniera convincente alle sue osservazioni. La ragione ultima di questo successo \u00e8 che, diversamente da certe controparti occidentali che criticano l&#8217;islam solo da un punto di vista politico, l&#8217;interesse principale di Botros \u00e8 la salvezza delle anime.<\/p>\n<p style=\"text-align: justify;\">In tutto il Medio Oriente c&#8217;\u00e8 un rifiuto per l&#8217;autoritarismo politico, l&#8217;intolleranza, la violenza e il terrorismo legati al fondamentalismo islamico, molti uomini e donne si sono avvicinati al cristianesimo. Perfino in Iran pare che un milione di persone si siano segretamente convertite al cristianesimo evangelicale negli ultimi cinque anni.<\/p>\n<p style=\"text-align: justify;\">Un fenomeno simile si sta ripetendo nell&#8217;Iraq in guerra, dove sempre pi\u00f9 persone, stanche di subire le conseguenze del terrorismo di al Qaida e delle violenze dell&#8217;estremismo religioso, ascoltano con scetticismo crescente i discorsi dei loro capi religiosi. Secondo il pastore protestante Paul Ciniraj, si stanno convertendo al cristianesimo centinaia, migliaia d&#8217;islamici in Afghanistan, in Kazakistan, Uzbekistan, ma anche in Algeria, in Marocco, in Sudan. Conversioni segretissime sembrano verificarsi addirittura tra i palestinesi. Fra le motivazioni principali c&#8217;\u00e8 il disgusto per la violenza islamista.<\/p>\n<p style=\"text-align: justify;\">Quel che colpisce \u00e8 l&#8217;attivismo delle Chiese protestanti, evangelicali e pentecostali che operano per le conversioni mentre pi\u00f9 timida \u00e8 invece l&#8217;attivit\u00e0 missionaria di diversi cattolici. Il padre gesuita Samir Khalil Samir, uno dei massimi esperti cattolici dell&#8217;islam, consigliere del Papa, testimonia, per esperienza personale, che nei Paesi islamici molto clero cattolico, per paura o per un malinteso &#8220;ecumenismo &#8220;, cerca di dissuadere le conversioni.<\/p>\n<p style=\"text-align: justify;\">(A.C. Valdera)<\/p>\n","protected":false},"excerpt":{"rendered":"<p>Il Mascellaro, 28 maggio 2008 di Alessandro Pagano e Domenico Bonvegna Non \u00e8 una bufala, qualche settimana fa il settimanale Il Domenicale ha lanciato una notizia veramente sensazionale: \u00abSi fanno cristiani 667 islamici all&#8217;ora, 16mila al giorno, 6 milioni all&#8217;anno. Sono numeri enormi\u00bb. Se i fatti sono questi la preoccupazione per una presunta invasione islamica &hellip; <\/p>\n<p><a class=\"more-link btn\" href=\"https:\/\/www.rassegnastampa-totustuus.it\/cattolica\/conversioni-di-massa-degli-islamici-al-cristianesimo\/\">Continua a leggere<\/a><\/p>\n","protected":false},"author":6,"featured_media":28877,"comment_status":"closed","ping_status":"open","sticky":false,"template":"","format":"standard","meta":{"footnotes":""},"categories":[5,111],"tags":[259],"class_list":["post-3069","post","type-post","status-publish","format-standard","has-post-thumbnail","hentry","category-chiesa","category-islam-in-europa","tag-conversioni","item-wrap"],"yoast_head":"<!-- This site is optimized with the Yoast SEO plugin v27.5 - https:\/\/yoast.com\/product\/yoast-seo-wordpress\/ -->\n<title>Conversioni di massa degli islamici al cristianesimo - Rassegna Stampa Cattolica<\/title>\n<meta name=\"description\" content=\"Rassegna Stampa Cattolica - Per una cultura che nasce dalla Rivelazione cristiana in conformit\u00e0 alla tradizione e al Magistero della Chiesa in opposizione ad ogni relativismo e totalitarismo\" \/>\n<meta name=\"robots\" content=\"index, follow, max-snippet:-1, max-image-preview:large, max-video-preview:-1\" \/>\n<link rel=\"canonical\" href=\"https:\/\/www.rassegnastampa-totustuus.it\/cattolica\/conversioni-di-massa-degli-islamici-al-cristianesimo\/\" \/>\n<meta property=\"og:locale\" content=\"it_IT\" \/>\n<meta property=\"og:type\" content=\"article\" \/>\n<meta property=\"og:title\" content=\"Conversioni di massa degli islamici al cristianesimo - Rassegna Stampa Cattolica\" \/>\n<meta property=\"og:description\" content=\"Rassegna Stampa Cattolica - Per una cultura che nasce dalla Rivelazione cristiana in conformit\u00e0 alla tradizione e al Magistero della Chiesa in opposizione ad ogni relativismo e totalitarismo\" \/>\n<meta property=\"og:url\" content=\"https:\/\/www.rassegnastampa-totustuus.it\/cattolica\/conversioni-di-massa-degli-islamici-al-cristianesimo\/\" \/>\n<meta property=\"og:site_name\" content=\"Rassegna Stampa Cattolica\" \/>\n<meta property=\"article:publisher\" content=\"https:\/\/www.facebook.com\/rassegnastampacattolica\" \/>\n<meta property=\"article:published_time\" content=\"2009-04-17T13:00:41+00:00\" \/>\n<meta property=\"article:modified_time\" content=\"2015-12-17T11:07:43+00:00\" \/>\n<meta property=\"og:image\" content=\"https:\/\/www.rassegnastampa-totustuus.it\/cattolica\/wp-content\/uploads\/2009\/04\/battesimo_M.Allam_.jpg\" \/>\n\t<meta property=\"og:image:width\" content=\"276\" \/>\n\t<meta property=\"og:image:height\" content=\"182\" \/>\n\t<meta property=\"og:image:type\" content=\"image\/jpeg\" \/>\n<meta name=\"author\" content=\"Redazione\" \/>\n<meta name=\"twitter:card\" content=\"summary_large_image\" \/>\n<meta name=\"twitter:creator\" content=\"@rassegnastampa9\" \/>\n<meta name=\"twitter:site\" content=\"@rassegnastampa9\" \/>\n<meta name=\"twitter:label1\" content=\"Scritto da\" \/>\n\t<meta name=\"twitter:data1\" content=\"Redazione\" \/>\n\t<meta name=\"twitter:label2\" content=\"Tempo di lettura stimato\" \/>\n\t<meta name=\"twitter:data2\" content=\"3 minuti\" \/>\n<script type=\"application\/ld+json\" class=\"yoast-schema-graph\">{\"@context\":\"https:\\\/\\\/schema.org\",\"@graph\":[{\"@type\":\"Article\",\"@id\":\"https:\\\/\\\/www.rassegnastampa-totustuus.it\\\/cattolica\\\/conversioni-di-massa-degli-islamici-al-cristianesimo\\\/#article\",\"isPartOf\":{\"@id\":\"https:\\\/\\\/www.rassegnastampa-totustuus.it\\\/cattolica\\\/conversioni-di-massa-degli-islamici-al-cristianesimo\\\/\"},\"author\":{\"name\":\"Redazione\",\"@id\":\"https:\\\/\\\/www.rassegnastampa-totustuus.it\\\/cattolica\\\/#\\\/schema\\\/person\\\/08f319d2bd1a0904ad9e2bfb7b15e5c3\"},\"headline\":\"Conversioni di massa degli islamici al cristianesimo\",\"datePublished\":\"2009-04-17T13:00:41+00:00\",\"dateModified\":\"2015-12-17T11:07:43+00:00\",\"mainEntityOfPage\":{\"@id\":\"https:\\\/\\\/www.rassegnastampa-totustuus.it\\\/cattolica\\\/conversioni-di-massa-degli-islamici-al-cristianesimo\\\/\"},\"wordCount\":678,\"publisher\":{\"@id\":\"https:\\\/\\\/www.rassegnastampa-totustuus.it\\\/cattolica\\\/#organization\"},\"image\":{\"@id\":\"https:\\\/\\\/www.rassegnastampa-totustuus.it\\\/cattolica\\\/conversioni-di-massa-degli-islamici-al-cristianesimo\\\/#primaryimage\"},\"thumbnailUrl\":\"https:\\\/\\\/www.rassegnastampa-totustuus.it\\\/cattolica\\\/wp-content\\\/uploads\\\/2009\\\/04\\\/battesimo_M.Allam_.jpg\",\"keywords\":[\"conversioni\"],\"articleSection\":[\"Chiesa\",\"Islam in Europa\"],\"inLanguage\":\"it-IT\"},{\"@type\":\"WebPage\",\"@id\":\"https:\\\/\\\/www.rassegnastampa-totustuus.it\\\/cattolica\\\/conversioni-di-massa-degli-islamici-al-cristianesimo\\\/\",\"url\":\"https:\\\/\\\/www.rassegnastampa-totustuus.it\\\/cattolica\\\/conversioni-di-massa-degli-islamici-al-cristianesimo\\\/\",\"name\":\"Conversioni di massa degli islamici al cristianesimo - Rassegna Stampa Cattolica\",\"isPartOf\":{\"@id\":\"https:\\\/\\\/www.rassegnastampa-totustuus.it\\\/cattolica\\\/#website\"},\"primaryImageOfPage\":{\"@id\":\"https:\\\/\\\/www.rassegnastampa-totustuus.it\\\/cattolica\\\/conversioni-di-massa-degli-islamici-al-cristianesimo\\\/#primaryimage\"},\"image\":{\"@id\":\"https:\\\/\\\/www.rassegnastampa-totustuus.it\\\/cattolica\\\/conversioni-di-massa-degli-islamici-al-cristianesimo\\\/#primaryimage\"},\"thumbnailUrl\":\"https:\\\/\\\/www.rassegnastampa-totustuus.it\\\/cattolica\\\/wp-content\\\/uploads\\\/2009\\\/04\\\/battesimo_M.Allam_.jpg\",\"datePublished\":\"2009-04-17T13:00:41+00:00\",\"dateModified\":\"2015-12-17T11:07:43+00:00\",\"description\":\"Rassegna Stampa Cattolica - Per una cultura che nasce dalla Rivelazione cristiana in conformit\u00e0 alla tradizione e al Magistero della Chiesa in opposizione ad ogni relativismo e totalitarismo\",\"breadcrumb\":{\"@id\":\"https:\\\/\\\/www.rassegnastampa-totustuus.it\\\/cattolica\\\/conversioni-di-massa-degli-islamici-al-cristianesimo\\\/#breadcrumb\"},\"inLanguage\":\"it-IT\",\"potentialAction\":[{\"@type\":\"ReadAction\",\"target\":[\"https:\\\/\\\/www.rassegnastampa-totustuus.it\\\/cattolica\\\/conversioni-di-massa-degli-islamici-al-cristianesimo\\\/\"]}]},{\"@type\":\"ImageObject\",\"inLanguage\":\"it-IT\",\"@id\":\"https:\\\/\\\/www.rassegnastampa-totustuus.it\\\/cattolica\\\/conversioni-di-massa-degli-islamici-al-cristianesimo\\\/#primaryimage\",\"url\":\"https:\\\/\\\/www.rassegnastampa-totustuus.it\\\/cattolica\\\/wp-content\\\/uploads\\\/2009\\\/04\\\/battesimo_M.Allam_.jpg\",\"contentUrl\":\"https:\\\/\\\/www.rassegnastampa-totustuus.it\\\/cattolica\\\/wp-content\\\/uploads\\\/2009\\\/04\\\/battesimo_M.Allam_.jpg\",\"width\":276,\"height\":182},{\"@type\":\"BreadcrumbList\",\"@id\":\"https:\\\/\\\/www.rassegnastampa-totustuus.it\\\/cattolica\\\/conversioni-di-massa-degli-islamici-al-cristianesimo\\\/#breadcrumb\",\"itemListElement\":[{\"@type\":\"ListItem\",\"position\":1,\"name\":\"Home\",\"item\":\"https:\\\/\\\/www.rassegnastampa-totustuus.it\\\/cattolica\\\/\"},{\"@type\":\"ListItem\",\"position\":2,\"name\":\"Conversioni di massa degli islamici al cristianesimo\"}]},{\"@type\":\"WebSite\",\"@id\":\"https:\\\/\\\/www.rassegnastampa-totustuus.it\\\/cattolica\\\/#website\",\"url\":\"https:\\\/\\\/www.rassegnastampa-totustuus.it\\\/cattolica\\\/\",\"name\":\"Rassegna Stampa Cattolica\",\"description\":\"Per una cultura che nasce dalla Rivelazione cristiana in conformit\u00e0 alla tradizione e al Magistero della Chiesa in opposizione ad ogni relativismo e totalitarismo\",\"publisher\":{\"@id\":\"https:\\\/\\\/www.rassegnastampa-totustuus.it\\\/cattolica\\\/#organization\"},\"alternateName\":\"Rass. Cattolica\",\"potentialAction\":[{\"@type\":\"SearchAction\",\"target\":{\"@type\":\"EntryPoint\",\"urlTemplate\":\"https:\\\/\\\/www.rassegnastampa-totustuus.it\\\/cattolica\\\/?s={search_term_string}\"},\"query-input\":{\"@type\":\"PropertyValueSpecification\",\"valueRequired\":true,\"valueName\":\"search_term_string\"}}],\"inLanguage\":\"it-IT\"},{\"@type\":\"Organization\",\"@id\":\"https:\\\/\\\/www.rassegnastampa-totustuus.it\\\/cattolica\\\/#organization\",\"name\":\"Rassegna Stampa Cattolica\",\"url\":\"https:\\\/\\\/www.rassegnastampa-totustuus.it\\\/cattolica\\\/\",\"logo\":{\"@type\":\"ImageObject\",\"inLanguage\":\"it-IT\",\"@id\":\"https:\\\/\\\/www.rassegnastampa-totustuus.it\\\/cattolica\\\/#\\\/schema\\\/logo\\\/image\\\/\",\"url\":\"https:\\\/\\\/www.rassegnastampa-totustuus.it\\\/cattolica\\\/wp-content\\\/uploads\\\/2014\\\/04\\\/logo-rassegna1.gif\",\"contentUrl\":\"https:\\\/\\\/www.rassegnastampa-totustuus.it\\\/cattolica\\\/wp-content\\\/uploads\\\/2014\\\/04\\\/logo-rassegna1.gif\",\"width\":600,\"height\":163,\"caption\":\"Rassegna Stampa Cattolica\"},\"image\":{\"@id\":\"https:\\\/\\\/www.rassegnastampa-totustuus.it\\\/cattolica\\\/#\\\/schema\\\/logo\\\/image\\\/\"},\"sameAs\":[\"https:\\\/\\\/www.facebook.com\\\/rassegnastampacattolica\",\"https:\\\/\\\/x.com\\\/rassegnastampa9\"]},{\"@type\":\"Person\",\"@id\":\"https:\\\/\\\/www.rassegnastampa-totustuus.it\\\/cattolica\\\/#\\\/schema\\\/person\\\/08f319d2bd1a0904ad9e2bfb7b15e5c3\",\"name\":\"Redazione\",\"image\":{\"@type\":\"ImageObject\",\"inLanguage\":\"it-IT\",\"@id\":\"https:\\\/\\\/secure.gravatar.com\\\/avatar\\\/2fcdf27c78ea025fbdb44e914cc63c72249ffec9dc8aafd5c82b26240ef3f346?s=96&d=mm&r=g\",\"url\":\"https:\\\/\\\/secure.gravatar.com\\\/avatar\\\/2fcdf27c78ea025fbdb44e914cc63c72249ffec9dc8aafd5c82b26240ef3f346?s=96&d=mm&r=g\",\"contentUrl\":\"https:\\\/\\\/secure.gravatar.com\\\/avatar\\\/2fcdf27c78ea025fbdb44e914cc63c72249ffec9dc8aafd5c82b26240ef3f346?s=96&d=mm&r=g\",\"caption\":\"Redazione\"},\"url\":\"https:\\\/\\\/www.rassegnastampa-totustuus.it\\\/cattolica\\\/author\\\/pietroelle\\\/\"}]}<\/script>\n<!-- \/ Yoast SEO plugin. -->","yoast_head_json":{"title":"Conversioni di massa degli islamici al cristianesimo - Rassegna Stampa Cattolica","description":"Rassegna Stampa Cattolica - Per una cultura che nasce dalla Rivelazione cristiana in conformit\u00e0 alla tradizione e al Magistero della Chiesa in opposizione ad ogni relativismo e totalitarismo","robots":{"index":"index","follow":"follow","max-snippet":"max-snippet:-1","max-image-preview":"max-image-preview:large","max-video-preview":"max-video-preview:-1"},"canonical":"https:\/\/www.rassegnastampa-totustuus.it\/cattolica\/conversioni-di-massa-degli-islamici-al-cristianesimo\/","og_locale":"it_IT","og_type":"article","og_title":"Conversioni di massa degli islamici al cristianesimo - Rassegna Stampa Cattolica","og_description":"Rassegna Stampa Cattolica - Per una cultura che nasce dalla Rivelazione cristiana in conformit\u00e0 alla tradizione e al Magistero della Chiesa in opposizione ad ogni relativismo e totalitarismo","og_url":"https:\/\/www.rassegnastampa-totustuus.it\/cattolica\/conversioni-di-massa-degli-islamici-al-cristianesimo\/","og_site_name":"Rassegna Stampa Cattolica","article_publisher":"https:\/\/www.facebook.com\/rassegnastampacattolica","article_published_time":"2009-04-17T13:00:41+00:00","article_modified_time":"2015-12-17T11:07:43+00:00","og_image":[{"width":276,"height":182,"url":"https:\/\/www.rassegnastampa-totustuus.it\/cattolica\/wp-content\/uploads\/2009\/04\/battesimo_M.Allam_.jpg","type":"image\/jpeg"}],"author":"Redazione","twitter_card":"summary_large_image","twitter_creator":"@rassegnastampa9","twitter_site":"@rassegnastampa9","twitter_misc":{"Scritto da":"Redazione","Tempo di lettura stimato":"3 minuti"},"schema":{"@context":"https:\/\/schema.org","@graph":[{"@type":"Article","@id":"https:\/\/www.rassegnastampa-totustuus.it\/cattolica\/conversioni-di-massa-degli-islamici-al-cristianesimo\/#article","isPartOf":{"@id":"https:\/\/www.rassegnastampa-totustuus.it\/cattolica\/conversioni-di-massa-degli-islamici-al-cristianesimo\/"},"author":{"name":"Redazione","@id":"https:\/\/www.rassegnastampa-totustuus.it\/cattolica\/#\/schema\/person\/08f319d2bd1a0904ad9e2bfb7b15e5c3"},"headline":"Conversioni di massa degli islamici al cristianesimo","datePublished":"2009-04-17T13:00:41+00:00","dateModified":"2015-12-17T11:07:43+00:00","mainEntityOfPage":{"@id":"https:\/\/www.rassegnastampa-totustuus.it\/cattolica\/conversioni-di-massa-degli-islamici-al-cristianesimo\/"},"wordCount":678,"publisher":{"@id":"https:\/\/www.rassegnastampa-totustuus.it\/cattolica\/#organization"},"image":{"@id":"https:\/\/www.rassegnastampa-totustuus.it\/cattolica\/conversioni-di-massa-degli-islamici-al-cristianesimo\/#primaryimage"},"thumbnailUrl":"https:\/\/www.rassegnastampa-totustuus.it\/cattolica\/wp-content\/uploads\/2009\/04\/battesimo_M.Allam_.jpg","keywords":["conversioni"],"articleSection":["Chiesa","Islam in Europa"],"inLanguage":"it-IT"},{"@type":"WebPage","@id":"https:\/\/www.rassegnastampa-totustuus.it\/cattolica\/conversioni-di-massa-degli-islamici-al-cristianesimo\/","url":"https:\/\/www.rassegnastampa-totustuus.it\/cattolica\/conversioni-di-massa-degli-islamici-al-cristianesimo\/","name":"Conversioni di massa degli islamici al cristianesimo - Rassegna Stampa Cattolica","isPartOf":{"@id":"https:\/\/www.rassegnastampa-totustuus.it\/cattolica\/#website"},"primaryImageOfPage":{"@id":"https:\/\/www.rassegnastampa-totustuus.it\/cattolica\/conversioni-di-massa-degli-islamici-al-cristianesimo\/#primaryimage"},"image":{"@id":"https:\/\/www.rassegnastampa-totustuus.it\/cattolica\/conversioni-di-massa-degli-islamici-al-cristianesimo\/#primaryimage"},"thumbnailUrl":"https:\/\/www.rassegnastampa-totustuus.it\/cattolica\/wp-content\/uploads\/2009\/04\/battesimo_M.Allam_.jpg","datePublished":"2009-04-17T13:00:41+00:00","dateModified":"2015-12-17T11:07:43+00:00","description":"Rassegna Stampa Cattolica - Per una cultura che nasce dalla Rivelazione cristiana in conformit\u00e0 alla tradizione e al Magistero della Chiesa in opposizione ad ogni relativismo e totalitarismo","breadcrumb":{"@id":"https:\/\/www.rassegnastampa-totustuus.it\/cattolica\/conversioni-di-massa-degli-islamici-al-cristianesimo\/#breadcrumb"},"inLanguage":"it-IT","potentialAction":[{"@type":"ReadAction","target":["https:\/\/www.rassegnastampa-totustuus.it\/cattolica\/conversioni-di-massa-degli-islamici-al-cristianesimo\/"]}]},{"@type":"ImageObject","inLanguage":"it-IT","@id":"https:\/\/www.rassegnastampa-totustuus.it\/cattolica\/conversioni-di-massa-degli-islamici-al-cristianesimo\/#primaryimage","url":"https:\/\/www.rassegnastampa-totustuus.it\/cattolica\/wp-content\/uploads\/2009\/04\/battesimo_M.Allam_.jpg","contentUrl":"https:\/\/www.rassegnastampa-totustuus.it\/cattolica\/wp-content\/uploads\/2009\/04\/battesimo_M.Allam_.jpg","width":276,"height":182},{"@type":"BreadcrumbList","@id":"https:\/\/www.rassegnastampa-totustuus.it\/cattolica\/conversioni-di-massa-degli-islamici-al-cristianesimo\/#breadcrumb","itemListElement":[{"@type":"ListItem","position":1,"name":"Home","item":"https:\/\/www.rassegnastampa-totustuus.it\/cattolica\/"},{"@type":"ListItem","position":2,"name":"Conversioni di massa degli islamici al cristianesimo"}]},{"@type":"WebSite","@id":"https:\/\/www.rassegnastampa-totustuus.it\/cattolica\/#website","url":"https:\/\/www.rassegnastampa-totustuus.it\/cattolica\/","name":"Rassegna Stampa Cattolica","description":"Per una cultura che nasce dalla Rivelazione cristiana in conformit\u00e0 alla tradizione e al Magistero della Chiesa in opposizione ad ogni relativismo e totalitarismo","publisher":{"@id":"https:\/\/www.rassegnastampa-totustuus.it\/cattolica\/#organization"},"alternateName":"Rass. Cattolica","potentialAction":[{"@type":"SearchAction","target":{"@type":"EntryPoint","urlTemplate":"https:\/\/www.rassegnastampa-totustuus.it\/cattolica\/?s={search_term_string}"},"query-input":{"@type":"PropertyValueSpecification","valueRequired":true,"valueName":"search_term_string"}}],"inLanguage":"it-IT"},{"@type":"Organization","@id":"https:\/\/www.rassegnastampa-totustuus.it\/cattolica\/#organization","name":"Rassegna Stampa Cattolica","url":"https:\/\/www.rassegnastampa-totustuus.it\/cattolica\/","logo":{"@type":"ImageObject","inLanguage":"it-IT","@id":"https:\/\/www.rassegnastampa-totustuus.it\/cattolica\/#\/schema\/logo\/image\/","url":"https:\/\/www.rassegnastampa-totustuus.it\/cattolica\/wp-content\/uploads\/2014\/04\/logo-rassegna1.gif","contentUrl":"https:\/\/www.rassegnastampa-totustuus.it\/cattolica\/wp-content\/uploads\/2014\/04\/logo-rassegna1.gif","width":600,"height":163,"caption":"Rassegna Stampa Cattolica"},"image":{"@id":"https:\/\/www.rassegnastampa-totustuus.it\/cattolica\/#\/schema\/logo\/image\/"},"sameAs":["https:\/\/www.facebook.com\/rassegnastampacattolica","https:\/\/x.com\/rassegnastampa9"]},{"@type":"Person","@id":"https:\/\/www.rassegnastampa-totustuus.it\/cattolica\/#\/schema\/person\/08f319d2bd1a0904ad9e2bfb7b15e5c3","name":"Redazione","image":{"@type":"ImageObject","inLanguage":"it-IT","@id":"https:\/\/secure.gravatar.com\/avatar\/2fcdf27c78ea025fbdb44e914cc63c72249ffec9dc8aafd5c82b26240ef3f346?s=96&d=mm&r=g","url":"https:\/\/secure.gravatar.com\/avatar\/2fcdf27c78ea025fbdb44e914cc63c72249ffec9dc8aafd5c82b26240ef3f346?s=96&d=mm&r=g","contentUrl":"https:\/\/secure.gravatar.com\/avatar\/2fcdf27c78ea025fbdb44e914cc63c72249ffec9dc8aafd5c82b26240ef3f346?s=96&d=mm&r=g","caption":"Redazione"},"url":"https:\/\/www.rassegnastampa-totustuus.it\/cattolica\/author\/pietroelle\/"}]}},"_links":{"self":[{"href":"https:\/\/www.rassegnastampa-totustuus.it\/cattolica\/wp-json\/wp\/v2\/posts\/3069","targetHints":{"allow":["GET"]}}],"collection":[{"href":"https:\/\/www.rassegnastampa-totustuus.it\/cattolica\/wp-json\/wp\/v2\/posts"}],"about":[{"href":"https:\/\/www.rassegnastampa-totustuus.it\/cattolica\/wp-json\/wp\/v2\/types\/post"}],"author":[{"embeddable":true,"href":"https:\/\/www.rassegnastampa-totustuus.it\/cattolica\/wp-json\/wp\/v2\/users\/6"}],"replies":[{"embeddable":true,"href":"https:\/\/www.rassegnastampa-totustuus.it\/cattolica\/wp-json\/wp\/v2\/comments?post=3069"}],"version-history":[{"count":4,"href":"https:\/\/www.rassegnastampa-totustuus.it\/cattolica\/wp-json\/wp\/v2\/posts\/3069\/revisions"}],"predecessor-version":[{"id":28878,"href":"https:\/\/www.rassegnastampa-totustuus.it\/cattolica\/wp-json\/wp\/v2\/posts\/3069\/revisions\/28878"}],"wp:featuredmedia":[{"embeddable":true,"href":"https:\/\/www.rassegnastampa-totustuus.it\/cattolica\/wp-json\/wp\/v2\/media\/28877"}],"wp:attachment":[{"href":"https:\/\/www.rassegnastampa-totustuus.it\/cattolica\/wp-json\/wp\/v2\/media?parent=3069"}],"wp:term":[{"taxonomy":"category","embeddable":true,"href":"https:\/\/www.rassegnastampa-totustuus.it\/cattolica\/wp-json\/wp\/v2\/categories?post=3069"},{"taxonomy":"post_tag","embeddable":true,"href":"https:\/\/www.rassegnastampa-totustuus.it\/cattolica\/wp-json\/wp\/v2\/tags?post=3069"}],"curies":[{"name":"wp","href":"https:\/\/api.w.org\/{rel}","templated":true}]}}