{"id":3049,"date":"2009-04-16T17:08:55","date_gmt":"2009-04-16T15:08:55","guid":{"rendered":""},"modified":"2016-01-23T18:39:37","modified_gmt":"2016-01-23T17:39:37","slug":"basta-alle-messe-spettacolo-dora-in-avanti-sobriet-e-rispetto-d","status":"publish","type":"post","link":"https:\/\/www.rassegnastampa-totustuus.it\/cattolica\/basta-alle-messe-spettacolo-dora-in-avanti-sobriet-e-rispetto-d\/","title":{"rendered":"&laquo;Basta alle Messe-spettacolo, d\u2019ora in avanti sobriet&agrave; e rispetto della liturgia&raquo;"},"content":{"rendered":"<div style=\"text-align: center;\"><strong><a href=\"https:\/\/www.rassegnastampa-totustuus.it\/cattolica\/wp-content\/uploads\/2009\/04\/messa_spettacolo.jpg\"><img loading=\"lazy\" decoding=\"async\" class=\"alignleft wp-image-29737\" src=\"https:\/\/www.rassegnastampa-totustuus.it\/cattolica\/wp-content\/uploads\/2009\/04\/messa_spettacolo.jpg\" alt=\"messa_spettacolo\" width=\"250\" height=\"166\" \/><\/a>Petrus,<\/strong> quotidiano on-line sull\u2019apostolato di Benedetto XVI, 26 ottobre 2007<\/div>\n<p style=\"text-align: center;\"><em>Intervista esclusiva al nuovo cerimoniere del Papa &#8211; Monsignor Guido Marini<br \/>\n<\/em><\/p>\n<p style=\"text-align: center;\">di \u00a0<strong>Bruno Volpe<\/strong><\/p>\n<p><!--more--><\/p>\n<div style=\"text-align: justify;\">CITTA\u2019 DEL VATICANO &#8211; E&#8217; arrivato da poco in Vaticano: accento genovese marcatissimo, 42 anni, cresciuto alla scuola del Cardinale Giuseppe Siri e fidato collaboratore degli Arcivescovi Dionigi Tettamanzi, Tarcisio Bertone e Angelo Bagnasco, il nuovo maestro delle celebrazioni liturgiche del Papa, Monsignor Guido Marini, successore dell\u2019omonimo Piero, parla per la prima volta dopo il conferimento del prestigioso incarico e lo fa con \u2018Petrus\u2019.<\/div>\n<p style=\"text-align: justify;\"><strong>Monsignore, innanzitutto benvenuto e buon lavoro\u2026<\/strong><\/p>\n<p style=\"text-align: justify;\">&#8220;Grazie dell\u2019augurio, ne ho davvero bisogno. Sa, sono a Roma da pochissimo tempo, e mi guardo intorno, studio, sto facendo mente locale: c\u2019\u00e8 tanto da fare e da lavorare, mi creda&#8221;.<\/p>\n<p style=\"text-align: justify;\"><strong>Intanto si passa da un Marini&#8230; all&#8217;altro: che dice a Piero, il suo predecessore?<\/strong><\/p>\n<p style=\"text-align: justify;\">&#8220;Lo ringrazio di cuore. Ha dato tanto alla Chiesa, ha servito due Papi, e io mi trovo soltanto all&#8217;inizio del mio cammino&#8221;.<\/p>\n<p style=\"text-align: justify;\"><strong>E\u2019 stato chiamato ad un compito arduo\u2026<\/strong><\/p>\n<p style=\"text-align: justify;\">&#8220;Chiaro. La vita di ogni capo delle cerimonie liturgiche del Santo Padre \u00e8 cosparsa di problemi. Siamo sotto i riflettori della ribalta, non ci possiamo permettere il lusso di commettere svarioni&#8221;.<\/p>\n<p style=\"text-align: justify;\"><strong>In molti hanno sostenuto che Lei sia stato chiamato perch\u00e9 liturgicamente pi\u00f9 sobrio e tradizionalista di Monsignor Piero Marini. Ma quale \u00e8 la Sua concezione di liturgia?<\/strong><\/p>\n<p style=\"text-align: justify;\">&#8220;Come vuole ed insegna la Chiesa, n\u00e8 pi\u00f9 n\u00e8 meno. Non sono un personaggio che cerca invenzioni e stranezze. Posso anche sembrare banale, ma la liturgia \u00e8 rispetto delle regole dettate dalla Chiesa, e non vedo la ragione per la quale io debba disattenderle&#8221;.<\/p>\n<p style=\"text-align: justify;\"><strong>Si dice appunto che a Genova, dove Lei ha operato sinora, la liturgia fosse ben curata, sobria ed elegante, senza svolazzi fantasiosi&#8230;<\/strong><\/p>\n<p style=\"text-align: justify;\">&#8220;Ma la liturgia \u00e8 per sua natura cos\u00ec. Ripeto: nessuno pu\u00f2 derogare alle norme liturgiche della Chiesa. La Messa \u00e8 dono, grazia, non spettacolo. Quindi nessuna invenzione, ma assoluto rispetto delle norme liturgiche&#8221;.<\/p>\n<p style=\"text-align: justify;\"><strong>Papa Benedetto XVI, oltre che un grandissimo teologo, \u00e8 anche un fine liturgista. Egli attribuisce alla liturgia, correttamente eseguita, notevole importanza\u2026<\/strong><\/p>\n<p style=\"text-align: justify;\">&#8220;Collaborare con il Santo Padre sar\u00e0 per me una grazia. E&#8217; sotto gli occhi di tutti la popolarit\u00e0 del Pontefice, la sua predicazione di verit\u00e0 e di coraggio. In quanto alla liturgia, condivido in pieno le tesi del Papa: la Messa \u00e8 sacrificio&#8221;.<\/p>\n<p style=\"text-align: justify;\"><strong>A Suo avviso, ci sono stati abusi liturgici negli ultimi tempi?<\/strong><\/p>\n<p style=\"text-align: justify;\">&#8220;Sa, la Chiesa \u00e8 grande. Ma, come ha riconosciuto lo stesso Pontefice nella lettera illustrativa al Motu Proprio \u2018Summorum Pontificum\u2019, gli abusi e le interpretazioni stravaganti ci sono state. Quello che posso dire \u00e8 che sicuramente io non sar\u00f2 autore di nessuna\u00a0 invenzione, mi limiter\u00f2 ad applicare con scrupolo le regole oggi esistenti&#8221;.<\/p>\n<p style=\"text-align: justify;\"><strong>A proposito: cosa pensa del Motu Proprio che ha liberalizzato la Messa con rito tridentino?<\/strong><\/p>\n<p style=\"text-align: justify;\">&#8220;Condivido il Motu Proprio al 100%, un atto di buon senso, di giustizia, libert\u00e0 e lungimiranza&#8221;.<\/p>\n<p style=\"text-align: justify;\">(A.C. Valdera)<\/p>\n","protected":false},"excerpt":{"rendered":"<p>Petrus, quotidiano on-line sull\u2019apostolato di Benedetto XVI, 26 ottobre 2007 Intervista esclusiva al nuovo cerimoniere del Papa &#8211; Monsignor Guido Marini di \u00a0Bruno Volpe<\/p><p><a class=\"more-link btn\" href=\"https:\/\/www.rassegnastampa-totustuus.it\/cattolica\/basta-alle-messe-spettacolo-dora-in-avanti-sobriet-e-rispetto-d\/\">Continua a leggere<\/a><\/p>\n","protected":false},"author":6,"featured_media":29737,"comment_status":"closed","ping_status":"open","sticky":false,"template":"","format":"standard","meta":{"footnotes":""},"categories":[5,115],"tags":[1606,1094],"class_list":["post-3049","post","type-post","status-publish","format-standard","has-post-thumbnail","hentry","category-chiesa","category-liturgia","tag-abusi-liturgici","tag-s-messa","item-wrap"],"yoast_head":"<!-- This site is optimized with the Yoast SEO plugin v27.5 - https:\/\/yoast.com\/product\/yoast-seo-wordpress\/ -->\n<title>&laquo;Basta alle Messe-spettacolo, d\u2019ora in avanti sobriet&agrave; e rispetto della liturgia&raquo; - Rassegna Stampa Cattolica<\/title>\n<meta name=\"description\" content=\"Rassegna Stampa Cattolica - Per una cultura che nasce dalla Rivelazione cristiana in conformit\u00e0 alla tradizione e al Magistero della Chiesa in opposizione ad ogni relativismo e totalitarismo\" \/>\n<meta name=\"robots\" content=\"index, follow, max-snippet:-1, max-image-preview:large, max-video-preview:-1\" \/>\n<link rel=\"canonical\" href=\"https:\/\/www.rassegnastampa-totustuus.it\/cattolica\/basta-alle-messe-spettacolo-dora-in-avanti-sobriet-e-rispetto-d\/\" \/>\n<meta property=\"og:locale\" content=\"it_IT\" \/>\n<meta property=\"og:type\" content=\"article\" \/>\n<meta property=\"og:title\" content=\"&laquo;Basta alle Messe-spettacolo, d\u2019ora in avanti sobriet&agrave; e rispetto della liturgia&raquo; - Rassegna Stampa Cattolica\" \/>\n<meta property=\"og:description\" content=\"Rassegna Stampa Cattolica - Per una cultura che nasce dalla Rivelazione cristiana in conformit\u00e0 alla tradizione e al Magistero della Chiesa in opposizione ad ogni relativismo e totalitarismo\" \/>\n<meta property=\"og:url\" content=\"https:\/\/www.rassegnastampa-totustuus.it\/cattolica\/basta-alle-messe-spettacolo-dora-in-avanti-sobriet-e-rispetto-d\/\" \/>\n<meta property=\"og:site_name\" content=\"Rassegna Stampa Cattolica\" \/>\n<meta property=\"article:publisher\" content=\"https:\/\/www.facebook.com\/rassegnastampacattolica\" \/>\n<meta property=\"article:published_time\" content=\"2009-04-16T15:08:55+00:00\" \/>\n<meta property=\"article:modified_time\" content=\"2016-01-23T17:39:37+00:00\" \/>\n<meta property=\"og:image\" content=\"https:\/\/www.rassegnastampa-totustuus.it\/cattolica\/wp-content\/uploads\/2009\/04\/messa_spettacolo.jpg\" \/>\n\t<meta property=\"og:image:width\" content=\"275\" \/>\n\t<meta property=\"og:image:height\" content=\"183\" \/>\n\t<meta property=\"og:image:type\" content=\"image\/jpeg\" \/>\n<meta name=\"author\" content=\"Redazione\" \/>\n<meta name=\"twitter:card\" content=\"summary_large_image\" \/>\n<meta name=\"twitter:creator\" content=\"@rassegnastampa9\" \/>\n<meta name=\"twitter:site\" content=\"@rassegnastampa9\" \/>\n<meta name=\"twitter:label1\" content=\"Scritto da\" \/>\n\t<meta name=\"twitter:data1\" content=\"Redazione\" \/>\n\t<meta name=\"twitter:label2\" content=\"Tempo di lettura stimato\" \/>\n\t<meta name=\"twitter:data2\" content=\"2 minuti\" \/>\n<script type=\"application\/ld+json\" class=\"yoast-schema-graph\">{\"@context\":\"https:\\\/\\\/schema.org\",\"@graph\":[{\"@type\":\"Article\",\"@id\":\"https:\\\/\\\/www.rassegnastampa-totustuus.it\\\/cattolica\\\/basta-alle-messe-spettacolo-dora-in-avanti-sobriet-e-rispetto-d\\\/#article\",\"isPartOf\":{\"@id\":\"https:\\\/\\\/www.rassegnastampa-totustuus.it\\\/cattolica\\\/basta-alle-messe-spettacolo-dora-in-avanti-sobriet-e-rispetto-d\\\/\"},\"author\":{\"name\":\"Redazione\",\"@id\":\"https:\\\/\\\/www.rassegnastampa-totustuus.it\\\/cattolica\\\/#\\\/schema\\\/person\\\/08f319d2bd1a0904ad9e2bfb7b15e5c3\"},\"headline\":\"&laquo;Basta alle Messe-spettacolo, d\u2019ora in avanti sobriet&agrave; e rispetto della liturgia&raquo;\",\"datePublished\":\"2009-04-16T15:08:55+00:00\",\"dateModified\":\"2016-01-23T17:39:37+00:00\",\"mainEntityOfPage\":{\"@id\":\"https:\\\/\\\/www.rassegnastampa-totustuus.it\\\/cattolica\\\/basta-alle-messe-spettacolo-dora-in-avanti-sobriet-e-rispetto-d\\\/\"},\"wordCount\":494,\"publisher\":{\"@id\":\"https:\\\/\\\/www.rassegnastampa-totustuus.it\\\/cattolica\\\/#organization\"},\"image\":{\"@id\":\"https:\\\/\\\/www.rassegnastampa-totustuus.it\\\/cattolica\\\/basta-alle-messe-spettacolo-dora-in-avanti-sobriet-e-rispetto-d\\\/#primaryimage\"},\"thumbnailUrl\":\"https:\\\/\\\/www.rassegnastampa-totustuus.it\\\/cattolica\\\/wp-content\\\/uploads\\\/2009\\\/04\\\/messa_spettacolo.jpg\",\"keywords\":[\"abusi liturgici\",\"S Messa\"],\"articleSection\":[\"Chiesa\",\"Liturgia\"],\"inLanguage\":\"it-IT\"},{\"@type\":\"WebPage\",\"@id\":\"https:\\\/\\\/www.rassegnastampa-totustuus.it\\\/cattolica\\\/basta-alle-messe-spettacolo-dora-in-avanti-sobriet-e-rispetto-d\\\/\",\"url\":\"https:\\\/\\\/www.rassegnastampa-totustuus.it\\\/cattolica\\\/basta-alle-messe-spettacolo-dora-in-avanti-sobriet-e-rispetto-d\\\/\",\"name\":\"&laquo;Basta alle Messe-spettacolo, d\u2019ora in avanti sobriet&agrave; e rispetto della liturgia&raquo; - Rassegna Stampa Cattolica\",\"isPartOf\":{\"@id\":\"https:\\\/\\\/www.rassegnastampa-totustuus.it\\\/cattolica\\\/#website\"},\"primaryImageOfPage\":{\"@id\":\"https:\\\/\\\/www.rassegnastampa-totustuus.it\\\/cattolica\\\/basta-alle-messe-spettacolo-dora-in-avanti-sobriet-e-rispetto-d\\\/#primaryimage\"},\"image\":{\"@id\":\"https:\\\/\\\/www.rassegnastampa-totustuus.it\\\/cattolica\\\/basta-alle-messe-spettacolo-dora-in-avanti-sobriet-e-rispetto-d\\\/#primaryimage\"},\"thumbnailUrl\":\"https:\\\/\\\/www.rassegnastampa-totustuus.it\\\/cattolica\\\/wp-content\\\/uploads\\\/2009\\\/04\\\/messa_spettacolo.jpg\",\"datePublished\":\"2009-04-16T15:08:55+00:00\",\"dateModified\":\"2016-01-23T17:39:37+00:00\",\"description\":\"Rassegna Stampa Cattolica - Per una cultura che nasce dalla Rivelazione cristiana in conformit\u00e0 alla tradizione e al Magistero della Chiesa in opposizione ad ogni relativismo e totalitarismo\",\"breadcrumb\":{\"@id\":\"https:\\\/\\\/www.rassegnastampa-totustuus.it\\\/cattolica\\\/basta-alle-messe-spettacolo-dora-in-avanti-sobriet-e-rispetto-d\\\/#breadcrumb\"},\"inLanguage\":\"it-IT\",\"potentialAction\":[{\"@type\":\"ReadAction\",\"target\":[\"https:\\\/\\\/www.rassegnastampa-totustuus.it\\\/cattolica\\\/basta-alle-messe-spettacolo-dora-in-avanti-sobriet-e-rispetto-d\\\/\"]}]},{\"@type\":\"ImageObject\",\"inLanguage\":\"it-IT\",\"@id\":\"https:\\\/\\\/www.rassegnastampa-totustuus.it\\\/cattolica\\\/basta-alle-messe-spettacolo-dora-in-avanti-sobriet-e-rispetto-d\\\/#primaryimage\",\"url\":\"https:\\\/\\\/www.rassegnastampa-totustuus.it\\\/cattolica\\\/wp-content\\\/uploads\\\/2009\\\/04\\\/messa_spettacolo.jpg\",\"contentUrl\":\"https:\\\/\\\/www.rassegnastampa-totustuus.it\\\/cattolica\\\/wp-content\\\/uploads\\\/2009\\\/04\\\/messa_spettacolo.jpg\",\"width\":275,\"height\":183},{\"@type\":\"BreadcrumbList\",\"@id\":\"https:\\\/\\\/www.rassegnastampa-totustuus.it\\\/cattolica\\\/basta-alle-messe-spettacolo-dora-in-avanti-sobriet-e-rispetto-d\\\/#breadcrumb\",\"itemListElement\":[{\"@type\":\"ListItem\",\"position\":1,\"name\":\"Home\",\"item\":\"https:\\\/\\\/www.rassegnastampa-totustuus.it\\\/cattolica\\\/\"},{\"@type\":\"ListItem\",\"position\":2,\"name\":\"&laquo;Basta alle Messe-spettacolo, d\u2019ora in avanti sobriet&agrave; e rispetto della liturgia&raquo;\"}]},{\"@type\":\"WebSite\",\"@id\":\"https:\\\/\\\/www.rassegnastampa-totustuus.it\\\/cattolica\\\/#website\",\"url\":\"https:\\\/\\\/www.rassegnastampa-totustuus.it\\\/cattolica\\\/\",\"name\":\"Rassegna Stampa Cattolica\",\"description\":\"Per una cultura che nasce dalla Rivelazione cristiana in conformit\u00e0 alla tradizione e al Magistero della Chiesa in opposizione ad ogni relativismo e totalitarismo\",\"publisher\":{\"@id\":\"https:\\\/\\\/www.rassegnastampa-totustuus.it\\\/cattolica\\\/#organization\"},\"alternateName\":\"Rass. Cattolica\",\"potentialAction\":[{\"@type\":\"SearchAction\",\"target\":{\"@type\":\"EntryPoint\",\"urlTemplate\":\"https:\\\/\\\/www.rassegnastampa-totustuus.it\\\/cattolica\\\/?s={search_term_string}\"},\"query-input\":{\"@type\":\"PropertyValueSpecification\",\"valueRequired\":true,\"valueName\":\"search_term_string\"}}],\"inLanguage\":\"it-IT\"},{\"@type\":\"Organization\",\"@id\":\"https:\\\/\\\/www.rassegnastampa-totustuus.it\\\/cattolica\\\/#organization\",\"name\":\"Rassegna Stampa Cattolica\",\"url\":\"https:\\\/\\\/www.rassegnastampa-totustuus.it\\\/cattolica\\\/\",\"logo\":{\"@type\":\"ImageObject\",\"inLanguage\":\"it-IT\",\"@id\":\"https:\\\/\\\/www.rassegnastampa-totustuus.it\\\/cattolica\\\/#\\\/schema\\\/logo\\\/image\\\/\",\"url\":\"https:\\\/\\\/www.rassegnastampa-totustuus.it\\\/cattolica\\\/wp-content\\\/uploads\\\/2014\\\/04\\\/logo-rassegna1.gif\",\"contentUrl\":\"https:\\\/\\\/www.rassegnastampa-totustuus.it\\\/cattolica\\\/wp-content\\\/uploads\\\/2014\\\/04\\\/logo-rassegna1.gif\",\"width\":600,\"height\":163,\"caption\":\"Rassegna Stampa Cattolica\"},\"image\":{\"@id\":\"https:\\\/\\\/www.rassegnastampa-totustuus.it\\\/cattolica\\\/#\\\/schema\\\/logo\\\/image\\\/\"},\"sameAs\":[\"https:\\\/\\\/www.facebook.com\\\/rassegnastampacattolica\",\"https:\\\/\\\/x.com\\\/rassegnastampa9\"]},{\"@type\":\"Person\",\"@id\":\"https:\\\/\\\/www.rassegnastampa-totustuus.it\\\/cattolica\\\/#\\\/schema\\\/person\\\/08f319d2bd1a0904ad9e2bfb7b15e5c3\",\"name\":\"Redazione\",\"image\":{\"@type\":\"ImageObject\",\"inLanguage\":\"it-IT\",\"@id\":\"https:\\\/\\\/secure.gravatar.com\\\/avatar\\\/2fcdf27c78ea025fbdb44e914cc63c72249ffec9dc8aafd5c82b26240ef3f346?s=96&d=mm&r=g\",\"url\":\"https:\\\/\\\/secure.gravatar.com\\\/avatar\\\/2fcdf27c78ea025fbdb44e914cc63c72249ffec9dc8aafd5c82b26240ef3f346?s=96&d=mm&r=g\",\"contentUrl\":\"https:\\\/\\\/secure.gravatar.com\\\/avatar\\\/2fcdf27c78ea025fbdb44e914cc63c72249ffec9dc8aafd5c82b26240ef3f346?s=96&d=mm&r=g\",\"caption\":\"Redazione\"},\"url\":\"https:\\\/\\\/www.rassegnastampa-totustuus.it\\\/cattolica\\\/author\\\/pietroelle\\\/\"}]}<\/script>\n<!-- \/ Yoast SEO plugin. -->","yoast_head_json":{"title":"&laquo;Basta alle Messe-spettacolo, d\u2019ora in avanti sobriet&agrave; e rispetto della liturgia&raquo; - Rassegna Stampa Cattolica","description":"Rassegna Stampa Cattolica - Per una cultura che nasce dalla Rivelazione cristiana in conformit\u00e0 alla tradizione e al Magistero della Chiesa in opposizione ad ogni relativismo e totalitarismo","robots":{"index":"index","follow":"follow","max-snippet":"max-snippet:-1","max-image-preview":"max-image-preview:large","max-video-preview":"max-video-preview:-1"},"canonical":"https:\/\/www.rassegnastampa-totustuus.it\/cattolica\/basta-alle-messe-spettacolo-dora-in-avanti-sobriet-e-rispetto-d\/","og_locale":"it_IT","og_type":"article","og_title":"&laquo;Basta alle Messe-spettacolo, d\u2019ora in avanti sobriet&agrave; e rispetto della liturgia&raquo; - Rassegna Stampa Cattolica","og_description":"Rassegna Stampa Cattolica - Per una cultura che nasce dalla Rivelazione cristiana in conformit\u00e0 alla tradizione e al Magistero della Chiesa in opposizione ad ogni relativismo e totalitarismo","og_url":"https:\/\/www.rassegnastampa-totustuus.it\/cattolica\/basta-alle-messe-spettacolo-dora-in-avanti-sobriet-e-rispetto-d\/","og_site_name":"Rassegna Stampa Cattolica","article_publisher":"https:\/\/www.facebook.com\/rassegnastampacattolica","article_published_time":"2009-04-16T15:08:55+00:00","article_modified_time":"2016-01-23T17:39:37+00:00","og_image":[{"width":275,"height":183,"url":"https:\/\/www.rassegnastampa-totustuus.it\/cattolica\/wp-content\/uploads\/2009\/04\/messa_spettacolo.jpg","type":"image\/jpeg"}],"author":"Redazione","twitter_card":"summary_large_image","twitter_creator":"@rassegnastampa9","twitter_site":"@rassegnastampa9","twitter_misc":{"Scritto da":"Redazione","Tempo di lettura stimato":"2 minuti"},"schema":{"@context":"https:\/\/schema.org","@graph":[{"@type":"Article","@id":"https:\/\/www.rassegnastampa-totustuus.it\/cattolica\/basta-alle-messe-spettacolo-dora-in-avanti-sobriet-e-rispetto-d\/#article","isPartOf":{"@id":"https:\/\/www.rassegnastampa-totustuus.it\/cattolica\/basta-alle-messe-spettacolo-dora-in-avanti-sobriet-e-rispetto-d\/"},"author":{"name":"Redazione","@id":"https:\/\/www.rassegnastampa-totustuus.it\/cattolica\/#\/schema\/person\/08f319d2bd1a0904ad9e2bfb7b15e5c3"},"headline":"&laquo;Basta alle Messe-spettacolo, d\u2019ora in avanti sobriet&agrave; e rispetto della liturgia&raquo;","datePublished":"2009-04-16T15:08:55+00:00","dateModified":"2016-01-23T17:39:37+00:00","mainEntityOfPage":{"@id":"https:\/\/www.rassegnastampa-totustuus.it\/cattolica\/basta-alle-messe-spettacolo-dora-in-avanti-sobriet-e-rispetto-d\/"},"wordCount":494,"publisher":{"@id":"https:\/\/www.rassegnastampa-totustuus.it\/cattolica\/#organization"},"image":{"@id":"https:\/\/www.rassegnastampa-totustuus.it\/cattolica\/basta-alle-messe-spettacolo-dora-in-avanti-sobriet-e-rispetto-d\/#primaryimage"},"thumbnailUrl":"https:\/\/www.rassegnastampa-totustuus.it\/cattolica\/wp-content\/uploads\/2009\/04\/messa_spettacolo.jpg","keywords":["abusi liturgici","S Messa"],"articleSection":["Chiesa","Liturgia"],"inLanguage":"it-IT"},{"@type":"WebPage","@id":"https:\/\/www.rassegnastampa-totustuus.it\/cattolica\/basta-alle-messe-spettacolo-dora-in-avanti-sobriet-e-rispetto-d\/","url":"https:\/\/www.rassegnastampa-totustuus.it\/cattolica\/basta-alle-messe-spettacolo-dora-in-avanti-sobriet-e-rispetto-d\/","name":"&laquo;Basta alle Messe-spettacolo, d\u2019ora in avanti sobriet&agrave; e rispetto della liturgia&raquo; - Rassegna Stampa Cattolica","isPartOf":{"@id":"https:\/\/www.rassegnastampa-totustuus.it\/cattolica\/#website"},"primaryImageOfPage":{"@id":"https:\/\/www.rassegnastampa-totustuus.it\/cattolica\/basta-alle-messe-spettacolo-dora-in-avanti-sobriet-e-rispetto-d\/#primaryimage"},"image":{"@id":"https:\/\/www.rassegnastampa-totustuus.it\/cattolica\/basta-alle-messe-spettacolo-dora-in-avanti-sobriet-e-rispetto-d\/#primaryimage"},"thumbnailUrl":"https:\/\/www.rassegnastampa-totustuus.it\/cattolica\/wp-content\/uploads\/2009\/04\/messa_spettacolo.jpg","datePublished":"2009-04-16T15:08:55+00:00","dateModified":"2016-01-23T17:39:37+00:00","description":"Rassegna Stampa Cattolica - Per una cultura che nasce dalla Rivelazione cristiana in conformit\u00e0 alla tradizione e al Magistero della Chiesa in opposizione ad ogni relativismo e totalitarismo","breadcrumb":{"@id":"https:\/\/www.rassegnastampa-totustuus.it\/cattolica\/basta-alle-messe-spettacolo-dora-in-avanti-sobriet-e-rispetto-d\/#breadcrumb"},"inLanguage":"it-IT","potentialAction":[{"@type":"ReadAction","target":["https:\/\/www.rassegnastampa-totustuus.it\/cattolica\/basta-alle-messe-spettacolo-dora-in-avanti-sobriet-e-rispetto-d\/"]}]},{"@type":"ImageObject","inLanguage":"it-IT","@id":"https:\/\/www.rassegnastampa-totustuus.it\/cattolica\/basta-alle-messe-spettacolo-dora-in-avanti-sobriet-e-rispetto-d\/#primaryimage","url":"https:\/\/www.rassegnastampa-totustuus.it\/cattolica\/wp-content\/uploads\/2009\/04\/messa_spettacolo.jpg","contentUrl":"https:\/\/www.rassegnastampa-totustuus.it\/cattolica\/wp-content\/uploads\/2009\/04\/messa_spettacolo.jpg","width":275,"height":183},{"@type":"BreadcrumbList","@id":"https:\/\/www.rassegnastampa-totustuus.it\/cattolica\/basta-alle-messe-spettacolo-dora-in-avanti-sobriet-e-rispetto-d\/#breadcrumb","itemListElement":[{"@type":"ListItem","position":1,"name":"Home","item":"https:\/\/www.rassegnastampa-totustuus.it\/cattolica\/"},{"@type":"ListItem","position":2,"name":"&laquo;Basta alle Messe-spettacolo, d\u2019ora in avanti sobriet&agrave; e rispetto della liturgia&raquo;"}]},{"@type":"WebSite","@id":"https:\/\/www.rassegnastampa-totustuus.it\/cattolica\/#website","url":"https:\/\/www.rassegnastampa-totustuus.it\/cattolica\/","name":"Rassegna Stampa Cattolica","description":"Per una cultura che nasce dalla Rivelazione cristiana in conformit\u00e0 alla tradizione e al Magistero della Chiesa in opposizione ad ogni relativismo e totalitarismo","publisher":{"@id":"https:\/\/www.rassegnastampa-totustuus.it\/cattolica\/#organization"},"alternateName":"Rass. Cattolica","potentialAction":[{"@type":"SearchAction","target":{"@type":"EntryPoint","urlTemplate":"https:\/\/www.rassegnastampa-totustuus.it\/cattolica\/?s={search_term_string}"},"query-input":{"@type":"PropertyValueSpecification","valueRequired":true,"valueName":"search_term_string"}}],"inLanguage":"it-IT"},{"@type":"Organization","@id":"https:\/\/www.rassegnastampa-totustuus.it\/cattolica\/#organization","name":"Rassegna Stampa Cattolica","url":"https:\/\/www.rassegnastampa-totustuus.it\/cattolica\/","logo":{"@type":"ImageObject","inLanguage":"it-IT","@id":"https:\/\/www.rassegnastampa-totustuus.it\/cattolica\/#\/schema\/logo\/image\/","url":"https:\/\/www.rassegnastampa-totustuus.it\/cattolica\/wp-content\/uploads\/2014\/04\/logo-rassegna1.gif","contentUrl":"https:\/\/www.rassegnastampa-totustuus.it\/cattolica\/wp-content\/uploads\/2014\/04\/logo-rassegna1.gif","width":600,"height":163,"caption":"Rassegna Stampa Cattolica"},"image":{"@id":"https:\/\/www.rassegnastampa-totustuus.it\/cattolica\/#\/schema\/logo\/image\/"},"sameAs":["https:\/\/www.facebook.com\/rassegnastampacattolica","https:\/\/x.com\/rassegnastampa9"]},{"@type":"Person","@id":"https:\/\/www.rassegnastampa-totustuus.it\/cattolica\/#\/schema\/person\/08f319d2bd1a0904ad9e2bfb7b15e5c3","name":"Redazione","image":{"@type":"ImageObject","inLanguage":"it-IT","@id":"https:\/\/secure.gravatar.com\/avatar\/2fcdf27c78ea025fbdb44e914cc63c72249ffec9dc8aafd5c82b26240ef3f346?s=96&d=mm&r=g","url":"https:\/\/secure.gravatar.com\/avatar\/2fcdf27c78ea025fbdb44e914cc63c72249ffec9dc8aafd5c82b26240ef3f346?s=96&d=mm&r=g","contentUrl":"https:\/\/secure.gravatar.com\/avatar\/2fcdf27c78ea025fbdb44e914cc63c72249ffec9dc8aafd5c82b26240ef3f346?s=96&d=mm&r=g","caption":"Redazione"},"url":"https:\/\/www.rassegnastampa-totustuus.it\/cattolica\/author\/pietroelle\/"}]}},"_links":{"self":[{"href":"https:\/\/www.rassegnastampa-totustuus.it\/cattolica\/wp-json\/wp\/v2\/posts\/3049","targetHints":{"allow":["GET"]}}],"collection":[{"href":"https:\/\/www.rassegnastampa-totustuus.it\/cattolica\/wp-json\/wp\/v2\/posts"}],"about":[{"href":"https:\/\/www.rassegnastampa-totustuus.it\/cattolica\/wp-json\/wp\/v2\/types\/post"}],"author":[{"embeddable":true,"href":"https:\/\/www.rassegnastampa-totustuus.it\/cattolica\/wp-json\/wp\/v2\/users\/6"}],"replies":[{"embeddable":true,"href":"https:\/\/www.rassegnastampa-totustuus.it\/cattolica\/wp-json\/wp\/v2\/comments?post=3049"}],"version-history":[{"count":5,"href":"https:\/\/www.rassegnastampa-totustuus.it\/cattolica\/wp-json\/wp\/v2\/posts\/3049\/revisions"}],"predecessor-version":[{"id":29738,"href":"https:\/\/www.rassegnastampa-totustuus.it\/cattolica\/wp-json\/wp\/v2\/posts\/3049\/revisions\/29738"}],"wp:featuredmedia":[{"embeddable":true,"href":"https:\/\/www.rassegnastampa-totustuus.it\/cattolica\/wp-json\/wp\/v2\/media\/29737"}],"wp:attachment":[{"href":"https:\/\/www.rassegnastampa-totustuus.it\/cattolica\/wp-json\/wp\/v2\/media?parent=3049"}],"wp:term":[{"taxonomy":"category","embeddable":true,"href":"https:\/\/www.rassegnastampa-totustuus.it\/cattolica\/wp-json\/wp\/v2\/categories?post=3049"},{"taxonomy":"post_tag","embeddable":true,"href":"https:\/\/www.rassegnastampa-totustuus.it\/cattolica\/wp-json\/wp\/v2\/tags?post=3049"}],"curies":[{"name":"wp","href":"https:\/\/api.w.org\/{rel}","templated":true}]}}