{"id":30356,"date":"2015-08-05T00:00:43","date_gmt":"2015-08-04T22:00:43","guid":{"rendered":"http:\/\/www.rassegnastampa-totustuus.it\/cattolica\/?p=30356"},"modified":"2016-02-05T11:43:10","modified_gmt":"2016-02-05T10:43:10","slug":"una-battaglia-culturale-per-liberare-la-societa","status":"publish","type":"post","link":"https:\/\/www.rassegnastampa-totustuus.it\/cattolica\/una-battaglia-culturale-per-liberare-la-societa\/","title":{"rendered":"Una battaglia culturale per liberare la societ\u00e0"},"content":{"rendered":"<p style=\"text-align: center;\"><strong><a href=\"https:\/\/www.rassegnastampa-totustuus.it\/cattolica\/wp-content\/uploads\/2016\/02\/Gramsci.jpg\"><img loading=\"lazy\" decoding=\"async\" class=\"alignright wp-image-30357\" src=\"https:\/\/www.rassegnastampa-totustuus.it\/cattolica\/wp-content\/uploads\/2016\/02\/Gramsci.jpg\" alt=\"Gramsci\" width=\"250\" height=\"166\" \/><\/a>Il Secolo d\u2019Italia<\/strong> domenica 8 gennaio 1995<\/p>\n<p style=\"text-align: justify;\">L&#8217;egemonia culturale della sinistra: un&#8217;ipoteca da cui affrancarsi<\/p>\n<p style=\"text-align: center;\"><em>La distanza abissale tra una \u00e9lite intellettuale ed il paese reale<\/em><\/p>\n<p style=\"text-align: center;\">di <strong>Roberto De Mattei<\/strong><\/p>\n<p>\u00a0<!--more--><\/p>\n<p style=\"text-align: justify;\">LA principale causa delle difficolt\u00e0 che ha dovuto affrontare il governo di centro-destra negli ultimi sette mesi, non \u00e8 di ordine tecnico e non pu\u00f2 essere risolta da una semplice riforma elettorale che assicuri maggiore stabilit\u00e0 all&#8217;esecutivo. Il vero problema \u00e8 dato dai fatto che non vi pu\u00f2 essere una battaglia politica che non sia accompagnata, o meglio ancora preceduta, da una riconquista culturale e morale della societ\u00e0.<\/p>\n<p style=\"text-align: justify;\">Antonio Gramsci non \u00e8 certo un maestro per la destra, ma resta un avversario da rileggere con attenzione, perch\u00e9 \u00e8 l&#8217;unico teorico che si sia posto con rigore il problema della possibilit\u00e0 di successo del comunismo nei Paesi occidentali. Quasi vent&#8217;anni fa, Augusto Del Noce, in una raccolta di articoli dedicata a L&#8217;eurocomunismo e l&#8217;Italia, lo affermava con preveggente chiarezza: \u00abNon c&#8217;\u00e8 altra linea oltre la gramsciana capace di portare i partiti comunisti al successo nei Paesi occidentali\u00bb.<\/p>\n<p style=\"text-align: justify;\">Il rivoluzionario sardo rovescia la tesi marxleninista classica secondo cui la conquista dello Stato \u00e8 la necessaria condizione della conquista della societ\u00e0. In Occidente, dove a differenza della Russia, esiste una fitta e complessa articolazione sociale, per impadronirsi del potere non basta acquisire la titolarit\u00e0 del governo, ma occorre espugnare prima di tutto la societ\u00e0 civile, che \u00e8 l&#8217;insieme di tutti gli organismi intermedi tra l&#8217;individuo e lo Stato.<\/p>\n<p style=\"text-align: justify;\">Se la dottrina comunista distingue tra strutture economico-materiali e \u00absovrastrutture\u00bb ideologiche e morali, Gramsci, allievo di Gentile, attribuisce un&#8217;importanza decisiva alle seconde (\u00abdottore delle sovrastrutture\u00bb lo definisce Del Noce) e pensa ad un \u00abmarxismo senza economicismo\u00bb (la definizione in questo caso \u00e8 il Bobbio), che eserciti una completa \u00abegemonia\u00bb su quel complesso di relazioni religiose, culturali e morali che forma la trama ideologica e spirituale della nazione.<\/p>\n<p style=\"text-align: justify;\">Da qui la funzione attribuita da Gramsci alla categoria degli intellettuali, il partito visto come \u00abintellettuale collettivo\u00bb, l&#8217;importanza data alla politica di organizzazione cultu\u00adrale. Fedeli a questa linea, in questo dopoguerra, i comunisti hanno progressivamente infiltrato il mondo della cultura, le articolazioni economiche della societ\u00e0, i grandi corpi dello Stato, le stesse strutture ecclesiastiche. Questo progetto di \u00abrivoluzione culturale\u00bb ha orientato la strategia neocomunista anche dopo il fallimento del compromesso storico e la caduta del cosiddetto socialismo reale.<\/p>\n<p style=\"text-align: justify;\">Lo scorso anno di questi tempi, il piano sembrava prossimo al suo coronamento con il definitivo passaggio dal controllo della societ\u00e0 civile alla titolarit\u00e0 del governo. Le elezioni del 27 marzo hanno dimostrato per\u00f2 come la maggioranza del popolo italiano resti categoricamente contraria ad ogni prospettiva di assunzione del governo da parte del neocomunismo.<\/p>\n<p style=\"text-align: justify;\">Il centro-destra ha ottenuto un&#8217;importante vittoria, che gli ha dato la titolarit\u00e0 del governo, ma non l&#8217;esercizio completo del potere. Il controllo della societ\u00e0 civile, dai potentati economici alla magistratura, ai mass-media, \u00e8 restato, e resta, nelle mani della sinistra. E l&#8217;ingovernabilit\u00e0 \u00e8 destinata a rimanere una prospettiva drammatica ma reale, fino a quando non sar\u00e0 risolto il conflitto tra l\u00e0 societ\u00e0 politica e la societ\u00e0 civile, tra la maggioranza che esprime un governo e la minoranza che continua a controllare i gangli vitali della societ\u00e0.<\/p>\n","protected":false},"excerpt":{"rendered":"<p>Il Secolo d\u2019Italia domenica 8 gennaio 1995 L&#8217;egemonia culturale della sinistra: un&#8217;ipoteca da cui affrancarsi La distanza abissale tra una \u00e9lite intellettuale ed il paese reale di Roberto De Mattei \u00a0<\/p><p><a class=\"more-link btn\" href=\"https:\/\/www.rassegnastampa-totustuus.it\/cattolica\/una-battaglia-culturale-per-liberare-la-societa\/\">Continua a leggere<\/a><\/p>\n","protected":false},"author":6,"featured_media":30357,"comment_status":"closed","ping_status":"closed","sticky":false,"template":"","format":"standard","meta":{"footnotes":""},"categories":[82],"tags":[857,1519],"class_list":["post-30356","post","type-post","status-publish","format-standard","has-post-thumbnail","hentry","category-comunismo-in-italia","tag-antonio-gramsci","tag-egemonia-gramsciana","item-wrap"],"yoast_head":"<!-- This site is optimized with the Yoast SEO plugin v27.5 - https:\/\/yoast.com\/product\/yoast-seo-wordpress\/ -->\n<title>Una battaglia culturale per liberare la societ\u00e0 - Rassegna Stampa Cattolica<\/title>\n<meta name=\"description\" content=\"Rassegna Stampa Cattolica - Per una cultura che nasce dalla Rivelazione cristiana in conformit\u00e0 alla tradizione e al Magistero della Chiesa in opposizione ad ogni relativismo e totalitarismo\" \/>\n<meta name=\"robots\" content=\"index, follow, max-snippet:-1, max-image-preview:large, max-video-preview:-1\" \/>\n<link rel=\"canonical\" href=\"https:\/\/www.rassegnastampa-totustuus.it\/cattolica\/una-battaglia-culturale-per-liberare-la-societa\/\" \/>\n<meta property=\"og:locale\" content=\"it_IT\" \/>\n<meta property=\"og:type\" content=\"article\" \/>\n<meta property=\"og:title\" content=\"Una battaglia culturale per liberare la societ\u00e0 - Rassegna Stampa Cattolica\" \/>\n<meta property=\"og:description\" content=\"Rassegna Stampa Cattolica - Per una cultura che nasce dalla Rivelazione cristiana in conformit\u00e0 alla tradizione e al Magistero della Chiesa in opposizione ad ogni relativismo e totalitarismo\" \/>\n<meta property=\"og:url\" content=\"https:\/\/www.rassegnastampa-totustuus.it\/cattolica\/una-battaglia-culturale-per-liberare-la-societa\/\" \/>\n<meta property=\"og:site_name\" content=\"Rassegna Stampa Cattolica\" \/>\n<meta property=\"article:publisher\" content=\"https:\/\/www.facebook.com\/rassegnastampacattolica\" \/>\n<meta property=\"article:published_time\" content=\"2015-08-04T22:00:43+00:00\" \/>\n<meta property=\"article:modified_time\" content=\"2016-02-05T10:43:10+00:00\" \/>\n<meta property=\"og:image\" content=\"https:\/\/www.rassegnastampa-totustuus.it\/cattolica\/wp-content\/uploads\/2016\/02\/Gramsci.jpg\" \/>\n\t<meta property=\"og:image:width\" content=\"275\" \/>\n\t<meta property=\"og:image:height\" content=\"183\" \/>\n\t<meta property=\"og:image:type\" content=\"image\/jpeg\" \/>\n<meta name=\"author\" content=\"Redazione\" \/>\n<meta name=\"twitter:card\" content=\"summary_large_image\" \/>\n<meta name=\"twitter:creator\" content=\"@rassegnastampa9\" \/>\n<meta name=\"twitter:site\" content=\"@rassegnastampa9\" \/>\n<meta name=\"twitter:label1\" content=\"Scritto da\" \/>\n\t<meta name=\"twitter:data1\" content=\"Redazione\" \/>\n\t<meta name=\"twitter:label2\" content=\"Tempo di lettura stimato\" \/>\n\t<meta name=\"twitter:data2\" content=\"3 minuti\" \/>\n<script type=\"application\/ld+json\" class=\"yoast-schema-graph\">{\"@context\":\"https:\\\/\\\/schema.org\",\"@graph\":[{\"@type\":\"Article\",\"@id\":\"https:\\\/\\\/www.rassegnastampa-totustuus.it\\\/cattolica\\\/una-battaglia-culturale-per-liberare-la-societa\\\/#article\",\"isPartOf\":{\"@id\":\"https:\\\/\\\/www.rassegnastampa-totustuus.it\\\/cattolica\\\/una-battaglia-culturale-per-liberare-la-societa\\\/\"},\"author\":{\"name\":\"Redazione\",\"@id\":\"https:\\\/\\\/www.rassegnastampa-totustuus.it\\\/cattolica\\\/#\\\/schema\\\/person\\\/08f319d2bd1a0904ad9e2bfb7b15e5c3\"},\"headline\":\"Una battaglia culturale per liberare la societ\u00e0\",\"datePublished\":\"2015-08-04T22:00:43+00:00\",\"dateModified\":\"2016-02-05T10:43:10+00:00\",\"mainEntityOfPage\":{\"@id\":\"https:\\\/\\\/www.rassegnastampa-totustuus.it\\\/cattolica\\\/una-battaglia-culturale-per-liberare-la-societa\\\/\"},\"wordCount\":541,\"publisher\":{\"@id\":\"https:\\\/\\\/www.rassegnastampa-totustuus.it\\\/cattolica\\\/#organization\"},\"image\":{\"@id\":\"https:\\\/\\\/www.rassegnastampa-totustuus.it\\\/cattolica\\\/una-battaglia-culturale-per-liberare-la-societa\\\/#primaryimage\"},\"thumbnailUrl\":\"https:\\\/\\\/www.rassegnastampa-totustuus.it\\\/cattolica\\\/wp-content\\\/uploads\\\/2016\\\/02\\\/Gramsci.jpg\",\"keywords\":[\"Antonio Gramsci\",\"egemonia gramsciana\"],\"articleSection\":[\"Comunismo in Italia\"],\"inLanguage\":\"it-IT\"},{\"@type\":\"WebPage\",\"@id\":\"https:\\\/\\\/www.rassegnastampa-totustuus.it\\\/cattolica\\\/una-battaglia-culturale-per-liberare-la-societa\\\/\",\"url\":\"https:\\\/\\\/www.rassegnastampa-totustuus.it\\\/cattolica\\\/una-battaglia-culturale-per-liberare-la-societa\\\/\",\"name\":\"Una battaglia culturale per liberare la societ\u00e0 - Rassegna Stampa Cattolica\",\"isPartOf\":{\"@id\":\"https:\\\/\\\/www.rassegnastampa-totustuus.it\\\/cattolica\\\/#website\"},\"primaryImageOfPage\":{\"@id\":\"https:\\\/\\\/www.rassegnastampa-totustuus.it\\\/cattolica\\\/una-battaglia-culturale-per-liberare-la-societa\\\/#primaryimage\"},\"image\":{\"@id\":\"https:\\\/\\\/www.rassegnastampa-totustuus.it\\\/cattolica\\\/una-battaglia-culturale-per-liberare-la-societa\\\/#primaryimage\"},\"thumbnailUrl\":\"https:\\\/\\\/www.rassegnastampa-totustuus.it\\\/cattolica\\\/wp-content\\\/uploads\\\/2016\\\/02\\\/Gramsci.jpg\",\"datePublished\":\"2015-08-04T22:00:43+00:00\",\"dateModified\":\"2016-02-05T10:43:10+00:00\",\"description\":\"Rassegna Stampa Cattolica - Per una cultura che nasce dalla Rivelazione cristiana in conformit\u00e0 alla tradizione e al Magistero della Chiesa in opposizione ad ogni relativismo e totalitarismo\",\"breadcrumb\":{\"@id\":\"https:\\\/\\\/www.rassegnastampa-totustuus.it\\\/cattolica\\\/una-battaglia-culturale-per-liberare-la-societa\\\/#breadcrumb\"},\"inLanguage\":\"it-IT\",\"potentialAction\":[{\"@type\":\"ReadAction\",\"target\":[\"https:\\\/\\\/www.rassegnastampa-totustuus.it\\\/cattolica\\\/una-battaglia-culturale-per-liberare-la-societa\\\/\"]}]},{\"@type\":\"ImageObject\",\"inLanguage\":\"it-IT\",\"@id\":\"https:\\\/\\\/www.rassegnastampa-totustuus.it\\\/cattolica\\\/una-battaglia-culturale-per-liberare-la-societa\\\/#primaryimage\",\"url\":\"https:\\\/\\\/www.rassegnastampa-totustuus.it\\\/cattolica\\\/wp-content\\\/uploads\\\/2016\\\/02\\\/Gramsci.jpg\",\"contentUrl\":\"https:\\\/\\\/www.rassegnastampa-totustuus.it\\\/cattolica\\\/wp-content\\\/uploads\\\/2016\\\/02\\\/Gramsci.jpg\",\"width\":275,\"height\":183},{\"@type\":\"BreadcrumbList\",\"@id\":\"https:\\\/\\\/www.rassegnastampa-totustuus.it\\\/cattolica\\\/una-battaglia-culturale-per-liberare-la-societa\\\/#breadcrumb\",\"itemListElement\":[{\"@type\":\"ListItem\",\"position\":1,\"name\":\"Home\",\"item\":\"https:\\\/\\\/www.rassegnastampa-totustuus.it\\\/cattolica\\\/\"},{\"@type\":\"ListItem\",\"position\":2,\"name\":\"Una battaglia culturale per liberare la societ\u00e0\"}]},{\"@type\":\"WebSite\",\"@id\":\"https:\\\/\\\/www.rassegnastampa-totustuus.it\\\/cattolica\\\/#website\",\"url\":\"https:\\\/\\\/www.rassegnastampa-totustuus.it\\\/cattolica\\\/\",\"name\":\"Rassegna Stampa Cattolica\",\"description\":\"Per una cultura che nasce dalla Rivelazione cristiana in conformit\u00e0 alla tradizione e al Magistero della Chiesa in opposizione ad ogni relativismo e totalitarismo\",\"publisher\":{\"@id\":\"https:\\\/\\\/www.rassegnastampa-totustuus.it\\\/cattolica\\\/#organization\"},\"alternateName\":\"Rass. Cattolica\",\"potentialAction\":[{\"@type\":\"SearchAction\",\"target\":{\"@type\":\"EntryPoint\",\"urlTemplate\":\"https:\\\/\\\/www.rassegnastampa-totustuus.it\\\/cattolica\\\/?s={search_term_string}\"},\"query-input\":{\"@type\":\"PropertyValueSpecification\",\"valueRequired\":true,\"valueName\":\"search_term_string\"}}],\"inLanguage\":\"it-IT\"},{\"@type\":\"Organization\",\"@id\":\"https:\\\/\\\/www.rassegnastampa-totustuus.it\\\/cattolica\\\/#organization\",\"name\":\"Rassegna Stampa Cattolica\",\"url\":\"https:\\\/\\\/www.rassegnastampa-totustuus.it\\\/cattolica\\\/\",\"logo\":{\"@type\":\"ImageObject\",\"inLanguage\":\"it-IT\",\"@id\":\"https:\\\/\\\/www.rassegnastampa-totustuus.it\\\/cattolica\\\/#\\\/schema\\\/logo\\\/image\\\/\",\"url\":\"https:\\\/\\\/www.rassegnastampa-totustuus.it\\\/cattolica\\\/wp-content\\\/uploads\\\/2014\\\/04\\\/logo-rassegna1.gif\",\"contentUrl\":\"https:\\\/\\\/www.rassegnastampa-totustuus.it\\\/cattolica\\\/wp-content\\\/uploads\\\/2014\\\/04\\\/logo-rassegna1.gif\",\"width\":600,\"height\":163,\"caption\":\"Rassegna Stampa Cattolica\"},\"image\":{\"@id\":\"https:\\\/\\\/www.rassegnastampa-totustuus.it\\\/cattolica\\\/#\\\/schema\\\/logo\\\/image\\\/\"},\"sameAs\":[\"https:\\\/\\\/www.facebook.com\\\/rassegnastampacattolica\",\"https:\\\/\\\/x.com\\\/rassegnastampa9\"]},{\"@type\":\"Person\",\"@id\":\"https:\\\/\\\/www.rassegnastampa-totustuus.it\\\/cattolica\\\/#\\\/schema\\\/person\\\/08f319d2bd1a0904ad9e2bfb7b15e5c3\",\"name\":\"Redazione\",\"image\":{\"@type\":\"ImageObject\",\"inLanguage\":\"it-IT\",\"@id\":\"https:\\\/\\\/secure.gravatar.com\\\/avatar\\\/2fcdf27c78ea025fbdb44e914cc63c72249ffec9dc8aafd5c82b26240ef3f346?s=96&d=mm&r=g\",\"url\":\"https:\\\/\\\/secure.gravatar.com\\\/avatar\\\/2fcdf27c78ea025fbdb44e914cc63c72249ffec9dc8aafd5c82b26240ef3f346?s=96&d=mm&r=g\",\"contentUrl\":\"https:\\\/\\\/secure.gravatar.com\\\/avatar\\\/2fcdf27c78ea025fbdb44e914cc63c72249ffec9dc8aafd5c82b26240ef3f346?s=96&d=mm&r=g\",\"caption\":\"Redazione\"},\"url\":\"https:\\\/\\\/www.rassegnastampa-totustuus.it\\\/cattolica\\\/author\\\/pietroelle\\\/\"}]}<\/script>\n<!-- \/ Yoast SEO plugin. -->","yoast_head_json":{"title":"Una battaglia culturale per liberare la societ\u00e0 - Rassegna Stampa Cattolica","description":"Rassegna Stampa Cattolica - Per una cultura che nasce dalla Rivelazione cristiana in conformit\u00e0 alla tradizione e al Magistero della Chiesa in opposizione ad ogni relativismo e totalitarismo","robots":{"index":"index","follow":"follow","max-snippet":"max-snippet:-1","max-image-preview":"max-image-preview:large","max-video-preview":"max-video-preview:-1"},"canonical":"https:\/\/www.rassegnastampa-totustuus.it\/cattolica\/una-battaglia-culturale-per-liberare-la-societa\/","og_locale":"it_IT","og_type":"article","og_title":"Una battaglia culturale per liberare la societ\u00e0 - Rassegna Stampa Cattolica","og_description":"Rassegna Stampa Cattolica - Per una cultura che nasce dalla Rivelazione cristiana in conformit\u00e0 alla tradizione e al Magistero della Chiesa in opposizione ad ogni relativismo e totalitarismo","og_url":"https:\/\/www.rassegnastampa-totustuus.it\/cattolica\/una-battaglia-culturale-per-liberare-la-societa\/","og_site_name":"Rassegna Stampa Cattolica","article_publisher":"https:\/\/www.facebook.com\/rassegnastampacattolica","article_published_time":"2015-08-04T22:00:43+00:00","article_modified_time":"2016-02-05T10:43:10+00:00","og_image":[{"width":275,"height":183,"url":"https:\/\/www.rassegnastampa-totustuus.it\/cattolica\/wp-content\/uploads\/2016\/02\/Gramsci.jpg","type":"image\/jpeg"}],"author":"Redazione","twitter_card":"summary_large_image","twitter_creator":"@rassegnastampa9","twitter_site":"@rassegnastampa9","twitter_misc":{"Scritto da":"Redazione","Tempo di lettura stimato":"3 minuti"},"schema":{"@context":"https:\/\/schema.org","@graph":[{"@type":"Article","@id":"https:\/\/www.rassegnastampa-totustuus.it\/cattolica\/una-battaglia-culturale-per-liberare-la-societa\/#article","isPartOf":{"@id":"https:\/\/www.rassegnastampa-totustuus.it\/cattolica\/una-battaglia-culturale-per-liberare-la-societa\/"},"author":{"name":"Redazione","@id":"https:\/\/www.rassegnastampa-totustuus.it\/cattolica\/#\/schema\/person\/08f319d2bd1a0904ad9e2bfb7b15e5c3"},"headline":"Una battaglia culturale per liberare la societ\u00e0","datePublished":"2015-08-04T22:00:43+00:00","dateModified":"2016-02-05T10:43:10+00:00","mainEntityOfPage":{"@id":"https:\/\/www.rassegnastampa-totustuus.it\/cattolica\/una-battaglia-culturale-per-liberare-la-societa\/"},"wordCount":541,"publisher":{"@id":"https:\/\/www.rassegnastampa-totustuus.it\/cattolica\/#organization"},"image":{"@id":"https:\/\/www.rassegnastampa-totustuus.it\/cattolica\/una-battaglia-culturale-per-liberare-la-societa\/#primaryimage"},"thumbnailUrl":"https:\/\/www.rassegnastampa-totustuus.it\/cattolica\/wp-content\/uploads\/2016\/02\/Gramsci.jpg","keywords":["Antonio Gramsci","egemonia gramsciana"],"articleSection":["Comunismo in Italia"],"inLanguage":"it-IT"},{"@type":"WebPage","@id":"https:\/\/www.rassegnastampa-totustuus.it\/cattolica\/una-battaglia-culturale-per-liberare-la-societa\/","url":"https:\/\/www.rassegnastampa-totustuus.it\/cattolica\/una-battaglia-culturale-per-liberare-la-societa\/","name":"Una battaglia culturale per liberare la societ\u00e0 - Rassegna Stampa Cattolica","isPartOf":{"@id":"https:\/\/www.rassegnastampa-totustuus.it\/cattolica\/#website"},"primaryImageOfPage":{"@id":"https:\/\/www.rassegnastampa-totustuus.it\/cattolica\/una-battaglia-culturale-per-liberare-la-societa\/#primaryimage"},"image":{"@id":"https:\/\/www.rassegnastampa-totustuus.it\/cattolica\/una-battaglia-culturale-per-liberare-la-societa\/#primaryimage"},"thumbnailUrl":"https:\/\/www.rassegnastampa-totustuus.it\/cattolica\/wp-content\/uploads\/2016\/02\/Gramsci.jpg","datePublished":"2015-08-04T22:00:43+00:00","dateModified":"2016-02-05T10:43:10+00:00","description":"Rassegna Stampa Cattolica - Per una cultura che nasce dalla Rivelazione cristiana in conformit\u00e0 alla tradizione e al Magistero della Chiesa in opposizione ad ogni relativismo e totalitarismo","breadcrumb":{"@id":"https:\/\/www.rassegnastampa-totustuus.it\/cattolica\/una-battaglia-culturale-per-liberare-la-societa\/#breadcrumb"},"inLanguage":"it-IT","potentialAction":[{"@type":"ReadAction","target":["https:\/\/www.rassegnastampa-totustuus.it\/cattolica\/una-battaglia-culturale-per-liberare-la-societa\/"]}]},{"@type":"ImageObject","inLanguage":"it-IT","@id":"https:\/\/www.rassegnastampa-totustuus.it\/cattolica\/una-battaglia-culturale-per-liberare-la-societa\/#primaryimage","url":"https:\/\/www.rassegnastampa-totustuus.it\/cattolica\/wp-content\/uploads\/2016\/02\/Gramsci.jpg","contentUrl":"https:\/\/www.rassegnastampa-totustuus.it\/cattolica\/wp-content\/uploads\/2016\/02\/Gramsci.jpg","width":275,"height":183},{"@type":"BreadcrumbList","@id":"https:\/\/www.rassegnastampa-totustuus.it\/cattolica\/una-battaglia-culturale-per-liberare-la-societa\/#breadcrumb","itemListElement":[{"@type":"ListItem","position":1,"name":"Home","item":"https:\/\/www.rassegnastampa-totustuus.it\/cattolica\/"},{"@type":"ListItem","position":2,"name":"Una battaglia culturale per liberare la societ\u00e0"}]},{"@type":"WebSite","@id":"https:\/\/www.rassegnastampa-totustuus.it\/cattolica\/#website","url":"https:\/\/www.rassegnastampa-totustuus.it\/cattolica\/","name":"Rassegna Stampa Cattolica","description":"Per una cultura che nasce dalla Rivelazione cristiana in conformit\u00e0 alla tradizione e al Magistero della Chiesa in opposizione ad ogni relativismo e totalitarismo","publisher":{"@id":"https:\/\/www.rassegnastampa-totustuus.it\/cattolica\/#organization"},"alternateName":"Rass. Cattolica","potentialAction":[{"@type":"SearchAction","target":{"@type":"EntryPoint","urlTemplate":"https:\/\/www.rassegnastampa-totustuus.it\/cattolica\/?s={search_term_string}"},"query-input":{"@type":"PropertyValueSpecification","valueRequired":true,"valueName":"search_term_string"}}],"inLanguage":"it-IT"},{"@type":"Organization","@id":"https:\/\/www.rassegnastampa-totustuus.it\/cattolica\/#organization","name":"Rassegna Stampa Cattolica","url":"https:\/\/www.rassegnastampa-totustuus.it\/cattolica\/","logo":{"@type":"ImageObject","inLanguage":"it-IT","@id":"https:\/\/www.rassegnastampa-totustuus.it\/cattolica\/#\/schema\/logo\/image\/","url":"https:\/\/www.rassegnastampa-totustuus.it\/cattolica\/wp-content\/uploads\/2014\/04\/logo-rassegna1.gif","contentUrl":"https:\/\/www.rassegnastampa-totustuus.it\/cattolica\/wp-content\/uploads\/2014\/04\/logo-rassegna1.gif","width":600,"height":163,"caption":"Rassegna Stampa Cattolica"},"image":{"@id":"https:\/\/www.rassegnastampa-totustuus.it\/cattolica\/#\/schema\/logo\/image\/"},"sameAs":["https:\/\/www.facebook.com\/rassegnastampacattolica","https:\/\/x.com\/rassegnastampa9"]},{"@type":"Person","@id":"https:\/\/www.rassegnastampa-totustuus.it\/cattolica\/#\/schema\/person\/08f319d2bd1a0904ad9e2bfb7b15e5c3","name":"Redazione","image":{"@type":"ImageObject","inLanguage":"it-IT","@id":"https:\/\/secure.gravatar.com\/avatar\/2fcdf27c78ea025fbdb44e914cc63c72249ffec9dc8aafd5c82b26240ef3f346?s=96&d=mm&r=g","url":"https:\/\/secure.gravatar.com\/avatar\/2fcdf27c78ea025fbdb44e914cc63c72249ffec9dc8aafd5c82b26240ef3f346?s=96&d=mm&r=g","contentUrl":"https:\/\/secure.gravatar.com\/avatar\/2fcdf27c78ea025fbdb44e914cc63c72249ffec9dc8aafd5c82b26240ef3f346?s=96&d=mm&r=g","caption":"Redazione"},"url":"https:\/\/www.rassegnastampa-totustuus.it\/cattolica\/author\/pietroelle\/"}]}},"_links":{"self":[{"href":"https:\/\/www.rassegnastampa-totustuus.it\/cattolica\/wp-json\/wp\/v2\/posts\/30356","targetHints":{"allow":["GET"]}}],"collection":[{"href":"https:\/\/www.rassegnastampa-totustuus.it\/cattolica\/wp-json\/wp\/v2\/posts"}],"about":[{"href":"https:\/\/www.rassegnastampa-totustuus.it\/cattolica\/wp-json\/wp\/v2\/types\/post"}],"author":[{"embeddable":true,"href":"https:\/\/www.rassegnastampa-totustuus.it\/cattolica\/wp-json\/wp\/v2\/users\/6"}],"replies":[{"embeddable":true,"href":"https:\/\/www.rassegnastampa-totustuus.it\/cattolica\/wp-json\/wp\/v2\/comments?post=30356"}],"version-history":[{"count":1,"href":"https:\/\/www.rassegnastampa-totustuus.it\/cattolica\/wp-json\/wp\/v2\/posts\/30356\/revisions"}],"predecessor-version":[{"id":30358,"href":"https:\/\/www.rassegnastampa-totustuus.it\/cattolica\/wp-json\/wp\/v2\/posts\/30356\/revisions\/30358"}],"wp:featuredmedia":[{"embeddable":true,"href":"https:\/\/www.rassegnastampa-totustuus.it\/cattolica\/wp-json\/wp\/v2\/media\/30357"}],"wp:attachment":[{"href":"https:\/\/www.rassegnastampa-totustuus.it\/cattolica\/wp-json\/wp\/v2\/media?parent=30356"}],"wp:term":[{"taxonomy":"category","embeddable":true,"href":"https:\/\/www.rassegnastampa-totustuus.it\/cattolica\/wp-json\/wp\/v2\/categories?post=30356"},{"taxonomy":"post_tag","embeddable":true,"href":"https:\/\/www.rassegnastampa-totustuus.it\/cattolica\/wp-json\/wp\/v2\/tags?post=30356"}],"curies":[{"name":"wp","href":"https:\/\/api.w.org\/{rel}","templated":true}]}}