{"id":30113,"date":"2015-08-02T00:00:18","date_gmt":"2015-08-01T22:00:18","guid":{"rendered":"http:\/\/www.rassegnastampa-totustuus.it\/cattolica\/?p=30113"},"modified":"2016-02-02T13:33:34","modified_gmt":"2016-02-02T12:33:34","slug":"il-ritorno-degli-animalisti","status":"publish","type":"post","link":"https:\/\/www.rassegnastampa-totustuus.it\/cattolica\/il-ritorno-degli-animalisti\/","title":{"rendered":"Il ritorno degli animalisti"},"content":{"rendered":"<p style=\"text-align: center;\"><strong><a href=\"https:\/\/www.rassegnastampa-totustuus.it\/cattolica\/wp-content\/uploads\/2016\/02\/animalisti.jpg\"><img loading=\"lazy\" decoding=\"async\" class=\"alignleft wp-image-30114\" src=\"https:\/\/www.rassegnastampa-totustuus.it\/cattolica\/wp-content\/uploads\/2016\/02\/animalisti.jpg\" alt=\"animalisti\" width=\"250\" height=\"166\" \/><\/a><\/strong><strong>Studi Cattolici<\/strong> febbraio 1993<\/p>\n<p style=\"text-align: center;\">di <strong>Paolo Pugni<\/strong><\/p>\n<p style=\"text-align: justify;\">\u00abIo amo l&#8217;umanit\u00e0: sono gli uomini che non riesco a sopportare\u00bb, esclama Linus in una famosa striscia di Charles M. Schulz. \u00abIn ogni angolo della terra c&#8217;\u00e8 qualcosa di troppo: l&#8217;uomo\u00bb, aggiunge una rivista ecologista di qualche anno fa. Purtroppo mentre la prima affermazione \u00e8 carica di simpatica ironia, la seconda \u00e8 solo viziata da una presunzione che origina dall&#8217;ignoranza. L&#8217;uomo \u00e8 davvero di troppo su questo pianeta? L&#8217;uomo \u00e8 solo un animale tra gli animali, anzi il peggiore degli animali? Che rapporto c&#8217;\u00e8 tra l&#8217;uomo e gli animali?<\/p>\n<p style=\"text-align: justify;\"><!--more--><\/p>\n<p style=\"text-align: justify;\">Stiamo assistendo in questi ultimi tempi a una nuova carica da parte degli animalisti, cio\u00e8 di quelle frange del pensiero ecologista che sostengono l&#8217;assoluta uguaglianza tra l&#8217;essere umano e il mondo animale, con tutte le conseguenze, anche giuridiche, che si possono immaginare. Lo scorso mese di novembre un articolo di La Civilt\u00e0 cattolica dedicato alla dignit\u00e0 dell&#8217;uomo e dell&#8217;animale ha sollevato un vespaio di reazioni stizzite anche in \u00e0mbito cattolico.<\/p>\n<p style=\"text-align: justify;\">Sulla rivista<em> Il<\/em> Segno \u2014 mensile della diocesi di Milano &#8211; del settembre &#8217;92 sono state pubblicate tre lettere nelle quali altrettanti lettori si lamentavano di una precedente missiva, pubblicata sul numero di giugno, intitolata Non merita l&#8217;uomo pi\u00f9 rispetto di un cane?. Ecco qualche significativo stralcio: \u00abQuali sono le qualit\u00e0 per cui si ritiene che un uomo abbia pi\u00f9 diritto al rispetto e alla vita di un cane? L&#8217;intelligenza, il sentimento, il dolore? Un cane forse pi\u00f9 dell&#8217;uomo ama il dono della vita, soffre e ha terrore della morte. [&#8230;] Questa assurda prerogativa \u00e8 il frutto della concezione antropocentrica della cultura occidentale propinata per millenni dalla Chiesa cattolica, in cui si d\u00e0 al mondo l&#8217;idea di un Dio parziale e crudele con tutta la creazione ma benigno solo con la specie umana. Tale concetto ha abituato l&#8217;uomo a convivere con la logica dello sfruttamento del pi\u00f9 debole\u00bb.<\/p>\n<p style=\"text-align: justify;\">\u00abSecondo me l&#8217;unica e sola verit\u00e0 \u00e8 che Dio ha creato e conservato per mezzo del Verbo tutte le cose offrendo agli uomini nelle cose create una perenne testimonianza di s\u00e9, anche negli animali\u00bb. La risposta de Il Segno \u00e8 ferma e limpida: non confondiamo l&#8217;uomo con gli animali.<\/p>\n<p style=\"text-align: justify;\"><strong>Parit\u00e0 di diritti?<\/strong><\/p>\n<p style=\"text-align: justify;\">Ci\u00f2 che preoccupa \u00e8 che pare di veder nascere una nuova forma di lotta di classe, di intolleranza politica: quasi che gli orfani del comunismo, impossibilitati a proseguire nella marcia verso la dittatura del proletariato, vogliano imporre una lotta dell&#8217;animale contro l&#8217;uomo: sfruttamento del pi\u00f9 debole, concezione antropocentrica e simili sono concetti presi di peso dall&#8217;ideologia marxista e trasferiti al conflitto tra l&#8217;uomo e gli animali. Ci\u00f2 \u00e8 ancor pi\u00f9 grave, perch\u00e9 se il marxismo opponeva proletari a borghesi, pur sempre di uomini si trattava. L&#8217;animalismo invece attacca l&#8217;uomo per difendere l&#8217;animale.<\/p>\n<p style=\"text-align: justify;\">Queste lettere sono solo la spia di un nuovo modo di pensare che sta infiltrandosi nella nostra cultura. Il primo numero della rivista Alisei (ottobre 92), il nuovo mensile del Touring Club Italiano, discute di questa posizione in un interessante articolo a firma di Michele Farina, presentando le filosofie di Peter Singer e Tom Regan. \u00abNon dobbiamo pi\u00f9 pensare, come Cartesio, che gli animali siano macchine naturali, n\u00e9 considerarli, come fa la mentalit\u00e0 commerciale, come oggetti d&#8217;uso e risorse rinnovabili. La menzogna sempre in agguato \u00e8 che gli animali siano &#8220;qualitativamente&#8221; diversi da noi\u00bb, scrive Regan nel suo libro <em>I <\/em>diritti degli animali, pubblicato in Italia da Garzanti.<\/p>\n<p style=\"text-align: justify;\">Il concetto che sta alla base di questa supposta parit\u00e0 di diritti &#8211; ma nessun animalista parla di doveri e responsabilit\u00e0 &#8211; \u00e8 la capacit\u00e0 di soffrire che accomuna uomini e animali. Ma sono le sensazioni, le emozioni, i sentimenti, il dolore che contraddistinguono la persona umana? Se \u00e8 vero che anche gli animali soffrono e che nulla autorizza gli uomini a far soffrire gratuitamente le bestie, possiamo per questo concludere che l&#8217;uomo \u00e8 solo un animale tra gli altri? Che cosa contraddistingue l&#8217;essere umano dalla bestia? Esaminiamo dapprima la questione da un punto di vista &#8211; ci si passi l&#8217;aggettivo &#8211; laico, per poi prendere in considerazione le Sacre Scritture.<\/p>\n<p><strong>Secondo ragione<\/strong><\/p>\n<p style=\"text-align: justify;\">L&#8217;uomo \u00e8 una persona, cio\u00e8 un essere unico e irripetibile dotato &#8211; in ordine di importanza &#8211; di ragione, volont\u00e0, sentimenti e istinti. Sicuramente gli istinti e forse anche, in un certo qual modo, i sentimenti sono comuni anche agli animali. Ora, l&#8217;uomo &#8211; persona &#8211; fruisce, grazie a ragione e volont\u00e0, della libert\u00e0, cio\u00e8 della capacit\u00e0 di orientare le proprie azioni verso un fine ultimo che \u00e8 la sua felicit\u00e0 ovvero la piena realizzazione del suo essere uomo e persona. Ci\u00f2 che guida l&#8217;uomo in questo suo libero viaggio verso la felicit\u00e0 \u00e8 la ragione, che l&#8217;animale non possiede.<\/p>\n<p style=\"text-align: justify;\">Com&#8217;\u00e8 evidente, non pu\u00f2 esistere libert\u00e0 &#8211; che si esprime nella scelta &#8211; senza responsabilit\u00e0 per le conseguenze delle scelte compiute: ci\u00f2 che differenzia l&#8217;uomo dalla bestia \u00e8 quindi la libert\u00e0 di compiere degli atti e la responsabilit\u00e0 di questi. Che l&#8217;uomo possegga questa caratteristica che lo distingue in maniera netta dagli animali lo riconoscono implicitamente anche gli animalisti, i quali proclamano il verbo dell&#8217;alimentazione vegetariana solo per l&#8217;uomo.<\/p>\n<p style=\"text-align: justify;\">Se infatti questi \u00e8 un animale tra gli altri, perch\u00e9 vietargli di mangiare carne cos\u00ec come fa il leone, che sbrana la gazzella, o lo squalo che divora il delfino? Perch\u00e9 non impedire parimenti alla tigre di cibarsi di altri animali? Perch\u00e9 gli animali non possono scegliere, quello \u00e8 il loro istinto, l&#8217;uomo invece pu\u00f2 scegliere. Infatti. Allo stesso modo all&#8217;uomo gli ecologisti rinfacciano, anche a ragione, di aver deturpato il pianeta con le industrie, con gli scarichi, con i rifiuti: nessuno se la prende con le cavallette per le loro invasioni, con gli elefanti che distruggono la savana o con altri animali per lo scempio che fanno del loro ecosistema. Non ne sono responsabili. Infatti, non possedendo la libert\u00e0 non possono neppure essere indicati come responsabili delle loro \u00abcattive\u00bb azioni.<\/p>\n<p style=\"text-align: justify;\">Un cane morde un uomo? E&#8217; il padrone a venir chiamato in giudizio, non l&#8217;animale. Dunque appare evidente che l&#8217;uomo, libero e responsabile, \u00e8 non solo diverso, ma superiore agli altri animali poich\u00e9 \u00e8 chiamato a ordinare la natura compiendo delle scelte e assumendone responsabilmente le conseguenze.<\/p>\n<p style=\"text-align: justify;\">Se ci\u00f2 esclude lo sfruttamento selvaggio di ambienti e animali, non toglie tuttavia la possibilit\u00e0 all&#8217;uomo di far ricorso agli animali per le sue necessit\u00e0 reali. Approvare l&#8217;uso delle cavie di laboratorio, perch\u00e9 la vita di un uomo \u00e8 decisamente superiore a quella di un animale, non esclude peraltro che si debba condannare la violenza gratuita, a tini sadici o anche commerciali, sulle bestie. La scala di priorit\u00e0 non va per\u00f2 mai smarrita: l&#8217;uomo \u00e8 pi\u00f9 importante degli animali.<\/p>\n<p style=\"text-align: justify;\"><strong>Neppure san Francesco<\/strong><\/p>\n<p style=\"text-align: justify;\">Se ci spostiamo poi sul piano religioso, la distanza tra uomini e animali diventa abissale. Nel libro della Genesi \u00e8 praticamente contenuto tutto quanto e necessario per capire la relazione tra uomo e animale. Innanzitutto solo dell&#8217;uomo \u00e8 scritto che fu fatto a immagine e somiglianza di Dio. Non solo, ma il Sacro Testo \u00e8 chiaro: \u00abquanto striscia sul suolo e tutti i pesci del mare sono messi in vostro potere. Quanto si muove e ha vita vi servir\u00e0 da cibo: vi do tutto questo, come gi\u00e0 le verdi erbe\u00bb (Gn 9, 2-3).<\/p>\n<p style=\"text-align: justify;\">Solo del sangue dell&#8217;uomo Dio chiede conto: \u00abChi sparge il sangue dell&#8217;uomo dall&#8217;uomo il suo sangue sar\u00e0 sparso, perch\u00e9 a immagine di Dio Egli ha fatto l&#8217;uomo\u00bb (Gn 9, 6). L&#8217;Eden, il Creato, e tutto quanto in esso \u00e8 contenuto, \u00e8 affidato da Dio all&#8217;uomo. San Tommaso, nella Somma teologica ribadisce questo concetto: \u00abNessuno pecca per il fatto che ci si serve di un essere per lo scopo per cui \u00e8 stato creato. Ora, nella gerarchia degli esseri quelli meno perfetti sono fatti per quelli pi\u00f9 perfetti [&#8230;]. Dunque \u00e8 lecito sopprimere le piante per uso degli animali e gli animali per uso dell&#8217;uomo in forza dell&#8217;ordine stesso dato da Dio\u00bb (II-II, q. 64, a. 1).<\/p>\n<p style=\"text-align: justify;\">E&#8217; evidente che ci\u00f2 non significa che sia lecito uccidere o distruggere per il mero gusto di farlo, senza uno scopo, ma che quando il fine \u00e8 valido, \u00e8 lecito usufruire degli animali, esseri meno perfetti. A questo proposito \u00e8 significativo l&#8217;episodio evangelico degli indemoniati di Gadara (Mt 8, 28-34): pur di liberare dai demoni due uomini Ges\u00f9 permette che sia sacrificata una intera mandria di porci.<\/p>\n<p style=\"text-align: justify;\">E san Francesco? E&#8217; proprio vero che questo splendido santo \u00e8 stato quell&#8217;ecologista ante litteram che si vuol far credere? Sebbene tanti verdi, laici e religiosi, ne siano convinti, non sembra proprio. Due brevi cenni prima di rimandare alla bella e decisiva biografia del poverello di Assisi compilata alcuni anni fa da Franco Cardini per la Mondadori.<\/p>\n<p style=\"text-align: justify;\">Innanzitutto nella sua opera pi\u00f9 famosa, il Cantico delle Creature, accanto a fuoco, gelo e rugiada non compare nessun animale: strana dimenticanza per chi \u00e8 supposto ritenere che gli animali siano consanguinei dell&#8217;uomo. Inoltre Francesco non rifiuta le carni come cibo con motivazione animalista, ma come mortificazione da offrire a Dio, tant&#8217;\u00e8 che non nega questo tipo di alimento ai confratelli. Francesco si sente solo vicino al creato perch\u00e9 \u00e8 la strada per salire verso Dio. Non nega ceno l&#8217;evidenza della creazione. L&#8217;uomo \u00e8 superiore all&#8217;animale e al creato e proprio per questo \u00e8 chiamato a ordinarlo, a \u00abcoltivarlo e custodirlo\u00bb, com&#8217;\u00e8 ancora spiegato nel secondo capitolo della Genesi: ci\u00f2 comporta un doveroso ed esemplare rispetto per gli animali e per l&#8217;ambiente, ma anche la chiara consapevolezza della preminenza dell&#8217;uomo su ogni altro essere vivente.<\/p>\n","protected":false},"excerpt":{"rendered":"<p>Studi Cattolici febbraio 1993 di Paolo Pugni \u00abIo amo l&#8217;umanit\u00e0: sono gli uomini che non riesco a sopportare\u00bb, esclama Linus in una famosa striscia di Charles M. Schulz. \u00abIn ogni angolo della terra c&#8217;\u00e8 qualcosa di troppo: l&#8217;uomo\u00bb, aggiunge una rivista ecologista di qualche anno fa. Purtroppo mentre la prima affermazione \u00e8 carica di simpatica &hellip; <\/p>\n<p><a class=\"more-link btn\" href=\"https:\/\/www.rassegnastampa-totustuus.it\/cattolica\/il-ritorno-degli-animalisti\/\">Continua a leggere<\/a><\/p>\n","protected":false},"author":6,"featured_media":30114,"comment_status":"closed","ping_status":"closed","sticky":false,"template":"","format":"standard","meta":{"footnotes":""},"categories":[3,7],"tags":[247,198],"class_list":["post-30113","post","type-post","status-publish","format-standard","has-post-thumbnail","hentry","category-ambientalismo","category-costume","tag-animalismo","tag-animalisti","item-wrap"],"yoast_head":"<!-- This site is optimized with the Yoast SEO plugin v27.5 - https:\/\/yoast.com\/product\/yoast-seo-wordpress\/ -->\n<title>Il ritorno degli animalisti - Rassegna Stampa Cattolica<\/title>\n<meta name=\"description\" content=\"Rassegna Stampa Cattolica - Per una cultura che nasce dalla Rivelazione cristiana in conformit\u00e0 alla tradizione e al Magistero della Chiesa in opposizione ad ogni relativismo e totalitarismo\" \/>\n<meta name=\"robots\" content=\"index, follow, max-snippet:-1, max-image-preview:large, max-video-preview:-1\" \/>\n<link rel=\"canonical\" href=\"https:\/\/www.rassegnastampa-totustuus.it\/cattolica\/il-ritorno-degli-animalisti\/\" \/>\n<meta property=\"og:locale\" content=\"it_IT\" \/>\n<meta property=\"og:type\" content=\"article\" \/>\n<meta property=\"og:title\" content=\"Il ritorno degli animalisti - Rassegna Stampa Cattolica\" \/>\n<meta property=\"og:description\" content=\"Rassegna Stampa Cattolica - Per una cultura che nasce dalla Rivelazione cristiana in conformit\u00e0 alla tradizione e al Magistero della Chiesa in opposizione ad ogni relativismo e totalitarismo\" \/>\n<meta property=\"og:url\" content=\"https:\/\/www.rassegnastampa-totustuus.it\/cattolica\/il-ritorno-degli-animalisti\/\" \/>\n<meta property=\"og:site_name\" content=\"Rassegna Stampa Cattolica\" \/>\n<meta property=\"article:publisher\" content=\"https:\/\/www.facebook.com\/rassegnastampacattolica\" \/>\n<meta property=\"article:published_time\" content=\"2015-08-01T22:00:18+00:00\" \/>\n<meta property=\"article:modified_time\" content=\"2016-02-02T12:33:34+00:00\" \/>\n<meta property=\"og:image\" content=\"https:\/\/www.rassegnastampa-totustuus.it\/cattolica\/wp-content\/uploads\/2016\/02\/animalisti.jpg\" \/>\n\t<meta property=\"og:image:width\" content=\"275\" \/>\n\t<meta property=\"og:image:height\" content=\"183\" \/>\n\t<meta property=\"og:image:type\" content=\"image\/jpeg\" \/>\n<meta name=\"author\" content=\"Redazione\" \/>\n<meta name=\"twitter:card\" content=\"summary_large_image\" \/>\n<meta name=\"twitter:creator\" content=\"@rassegnastampa9\" \/>\n<meta name=\"twitter:site\" content=\"@rassegnastampa9\" \/>\n<meta name=\"twitter:label1\" content=\"Scritto da\" \/>\n\t<meta name=\"twitter:data1\" content=\"Redazione\" \/>\n\t<meta name=\"twitter:label2\" content=\"Tempo di lettura stimato\" \/>\n\t<meta name=\"twitter:data2\" content=\"8 minuti\" \/>\n<script type=\"application\/ld+json\" class=\"yoast-schema-graph\">{\"@context\":\"https:\\\/\\\/schema.org\",\"@graph\":[{\"@type\":\"Article\",\"@id\":\"https:\\\/\\\/www.rassegnastampa-totustuus.it\\\/cattolica\\\/il-ritorno-degli-animalisti\\\/#article\",\"isPartOf\":{\"@id\":\"https:\\\/\\\/www.rassegnastampa-totustuus.it\\\/cattolica\\\/il-ritorno-degli-animalisti\\\/\"},\"author\":{\"name\":\"Redazione\",\"@id\":\"https:\\\/\\\/www.rassegnastampa-totustuus.it\\\/cattolica\\\/#\\\/schema\\\/person\\\/08f319d2bd1a0904ad9e2bfb7b15e5c3\"},\"headline\":\"Il ritorno degli animalisti\",\"datePublished\":\"2015-08-01T22:00:18+00:00\",\"dateModified\":\"2016-02-02T12:33:34+00:00\",\"mainEntityOfPage\":{\"@id\":\"https:\\\/\\\/www.rassegnastampa-totustuus.it\\\/cattolica\\\/il-ritorno-degli-animalisti\\\/\"},\"wordCount\":1590,\"publisher\":{\"@id\":\"https:\\\/\\\/www.rassegnastampa-totustuus.it\\\/cattolica\\\/#organization\"},\"image\":{\"@id\":\"https:\\\/\\\/www.rassegnastampa-totustuus.it\\\/cattolica\\\/il-ritorno-degli-animalisti\\\/#primaryimage\"},\"thumbnailUrl\":\"https:\\\/\\\/www.rassegnastampa-totustuus.it\\\/cattolica\\\/wp-content\\\/uploads\\\/2016\\\/02\\\/animalisti.jpg\",\"keywords\":[\"animalismo\",\"animalisti\"],\"articleSection\":[\"Ambientalismo\",\"Costume\"],\"inLanguage\":\"it-IT\"},{\"@type\":\"WebPage\",\"@id\":\"https:\\\/\\\/www.rassegnastampa-totustuus.it\\\/cattolica\\\/il-ritorno-degli-animalisti\\\/\",\"url\":\"https:\\\/\\\/www.rassegnastampa-totustuus.it\\\/cattolica\\\/il-ritorno-degli-animalisti\\\/\",\"name\":\"Il ritorno degli animalisti - Rassegna Stampa Cattolica\",\"isPartOf\":{\"@id\":\"https:\\\/\\\/www.rassegnastampa-totustuus.it\\\/cattolica\\\/#website\"},\"primaryImageOfPage\":{\"@id\":\"https:\\\/\\\/www.rassegnastampa-totustuus.it\\\/cattolica\\\/il-ritorno-degli-animalisti\\\/#primaryimage\"},\"image\":{\"@id\":\"https:\\\/\\\/www.rassegnastampa-totustuus.it\\\/cattolica\\\/il-ritorno-degli-animalisti\\\/#primaryimage\"},\"thumbnailUrl\":\"https:\\\/\\\/www.rassegnastampa-totustuus.it\\\/cattolica\\\/wp-content\\\/uploads\\\/2016\\\/02\\\/animalisti.jpg\",\"datePublished\":\"2015-08-01T22:00:18+00:00\",\"dateModified\":\"2016-02-02T12:33:34+00:00\",\"description\":\"Rassegna Stampa Cattolica - Per una cultura che nasce dalla Rivelazione cristiana in conformit\u00e0 alla tradizione e al Magistero della Chiesa in opposizione ad ogni relativismo e totalitarismo\",\"breadcrumb\":{\"@id\":\"https:\\\/\\\/www.rassegnastampa-totustuus.it\\\/cattolica\\\/il-ritorno-degli-animalisti\\\/#breadcrumb\"},\"inLanguage\":\"it-IT\",\"potentialAction\":[{\"@type\":\"ReadAction\",\"target\":[\"https:\\\/\\\/www.rassegnastampa-totustuus.it\\\/cattolica\\\/il-ritorno-degli-animalisti\\\/\"]}]},{\"@type\":\"ImageObject\",\"inLanguage\":\"it-IT\",\"@id\":\"https:\\\/\\\/www.rassegnastampa-totustuus.it\\\/cattolica\\\/il-ritorno-degli-animalisti\\\/#primaryimage\",\"url\":\"https:\\\/\\\/www.rassegnastampa-totustuus.it\\\/cattolica\\\/wp-content\\\/uploads\\\/2016\\\/02\\\/animalisti.jpg\",\"contentUrl\":\"https:\\\/\\\/www.rassegnastampa-totustuus.it\\\/cattolica\\\/wp-content\\\/uploads\\\/2016\\\/02\\\/animalisti.jpg\",\"width\":275,\"height\":183},{\"@type\":\"BreadcrumbList\",\"@id\":\"https:\\\/\\\/www.rassegnastampa-totustuus.it\\\/cattolica\\\/il-ritorno-degli-animalisti\\\/#breadcrumb\",\"itemListElement\":[{\"@type\":\"ListItem\",\"position\":1,\"name\":\"Home\",\"item\":\"https:\\\/\\\/www.rassegnastampa-totustuus.it\\\/cattolica\\\/\"},{\"@type\":\"ListItem\",\"position\":2,\"name\":\"Il ritorno degli animalisti\"}]},{\"@type\":\"WebSite\",\"@id\":\"https:\\\/\\\/www.rassegnastampa-totustuus.it\\\/cattolica\\\/#website\",\"url\":\"https:\\\/\\\/www.rassegnastampa-totustuus.it\\\/cattolica\\\/\",\"name\":\"Rassegna Stampa Cattolica\",\"description\":\"Per una cultura che nasce dalla Rivelazione cristiana in conformit\u00e0 alla tradizione e al Magistero della Chiesa in opposizione ad ogni relativismo e totalitarismo\",\"publisher\":{\"@id\":\"https:\\\/\\\/www.rassegnastampa-totustuus.it\\\/cattolica\\\/#organization\"},\"alternateName\":\"Rass. Cattolica\",\"potentialAction\":[{\"@type\":\"SearchAction\",\"target\":{\"@type\":\"EntryPoint\",\"urlTemplate\":\"https:\\\/\\\/www.rassegnastampa-totustuus.it\\\/cattolica\\\/?s={search_term_string}\"},\"query-input\":{\"@type\":\"PropertyValueSpecification\",\"valueRequired\":true,\"valueName\":\"search_term_string\"}}],\"inLanguage\":\"it-IT\"},{\"@type\":\"Organization\",\"@id\":\"https:\\\/\\\/www.rassegnastampa-totustuus.it\\\/cattolica\\\/#organization\",\"name\":\"Rassegna Stampa Cattolica\",\"url\":\"https:\\\/\\\/www.rassegnastampa-totustuus.it\\\/cattolica\\\/\",\"logo\":{\"@type\":\"ImageObject\",\"inLanguage\":\"it-IT\",\"@id\":\"https:\\\/\\\/www.rassegnastampa-totustuus.it\\\/cattolica\\\/#\\\/schema\\\/logo\\\/image\\\/\",\"url\":\"https:\\\/\\\/www.rassegnastampa-totustuus.it\\\/cattolica\\\/wp-content\\\/uploads\\\/2014\\\/04\\\/logo-rassegna1.gif\",\"contentUrl\":\"https:\\\/\\\/www.rassegnastampa-totustuus.it\\\/cattolica\\\/wp-content\\\/uploads\\\/2014\\\/04\\\/logo-rassegna1.gif\",\"width\":600,\"height\":163,\"caption\":\"Rassegna Stampa Cattolica\"},\"image\":{\"@id\":\"https:\\\/\\\/www.rassegnastampa-totustuus.it\\\/cattolica\\\/#\\\/schema\\\/logo\\\/image\\\/\"},\"sameAs\":[\"https:\\\/\\\/www.facebook.com\\\/rassegnastampacattolica\",\"https:\\\/\\\/x.com\\\/rassegnastampa9\"]},{\"@type\":\"Person\",\"@id\":\"https:\\\/\\\/www.rassegnastampa-totustuus.it\\\/cattolica\\\/#\\\/schema\\\/person\\\/08f319d2bd1a0904ad9e2bfb7b15e5c3\",\"name\":\"Redazione\",\"image\":{\"@type\":\"ImageObject\",\"inLanguage\":\"it-IT\",\"@id\":\"https:\\\/\\\/secure.gravatar.com\\\/avatar\\\/2fcdf27c78ea025fbdb44e914cc63c72249ffec9dc8aafd5c82b26240ef3f346?s=96&d=mm&r=g\",\"url\":\"https:\\\/\\\/secure.gravatar.com\\\/avatar\\\/2fcdf27c78ea025fbdb44e914cc63c72249ffec9dc8aafd5c82b26240ef3f346?s=96&d=mm&r=g\",\"contentUrl\":\"https:\\\/\\\/secure.gravatar.com\\\/avatar\\\/2fcdf27c78ea025fbdb44e914cc63c72249ffec9dc8aafd5c82b26240ef3f346?s=96&d=mm&r=g\",\"caption\":\"Redazione\"},\"url\":\"https:\\\/\\\/www.rassegnastampa-totustuus.it\\\/cattolica\\\/author\\\/pietroelle\\\/\"}]}<\/script>\n<!-- \/ Yoast SEO plugin. -->","yoast_head_json":{"title":"Il ritorno degli animalisti - Rassegna Stampa Cattolica","description":"Rassegna Stampa Cattolica - Per una cultura che nasce dalla Rivelazione cristiana in conformit\u00e0 alla tradizione e al Magistero della Chiesa in opposizione ad ogni relativismo e totalitarismo","robots":{"index":"index","follow":"follow","max-snippet":"max-snippet:-1","max-image-preview":"max-image-preview:large","max-video-preview":"max-video-preview:-1"},"canonical":"https:\/\/www.rassegnastampa-totustuus.it\/cattolica\/il-ritorno-degli-animalisti\/","og_locale":"it_IT","og_type":"article","og_title":"Il ritorno degli animalisti - Rassegna Stampa Cattolica","og_description":"Rassegna Stampa Cattolica - Per una cultura che nasce dalla Rivelazione cristiana in conformit\u00e0 alla tradizione e al Magistero della Chiesa in opposizione ad ogni relativismo e totalitarismo","og_url":"https:\/\/www.rassegnastampa-totustuus.it\/cattolica\/il-ritorno-degli-animalisti\/","og_site_name":"Rassegna Stampa Cattolica","article_publisher":"https:\/\/www.facebook.com\/rassegnastampacattolica","article_published_time":"2015-08-01T22:00:18+00:00","article_modified_time":"2016-02-02T12:33:34+00:00","og_image":[{"width":275,"height":183,"url":"https:\/\/www.rassegnastampa-totustuus.it\/cattolica\/wp-content\/uploads\/2016\/02\/animalisti.jpg","type":"image\/jpeg"}],"author":"Redazione","twitter_card":"summary_large_image","twitter_creator":"@rassegnastampa9","twitter_site":"@rassegnastampa9","twitter_misc":{"Scritto da":"Redazione","Tempo di lettura stimato":"8 minuti"},"schema":{"@context":"https:\/\/schema.org","@graph":[{"@type":"Article","@id":"https:\/\/www.rassegnastampa-totustuus.it\/cattolica\/il-ritorno-degli-animalisti\/#article","isPartOf":{"@id":"https:\/\/www.rassegnastampa-totustuus.it\/cattolica\/il-ritorno-degli-animalisti\/"},"author":{"name":"Redazione","@id":"https:\/\/www.rassegnastampa-totustuus.it\/cattolica\/#\/schema\/person\/08f319d2bd1a0904ad9e2bfb7b15e5c3"},"headline":"Il ritorno degli animalisti","datePublished":"2015-08-01T22:00:18+00:00","dateModified":"2016-02-02T12:33:34+00:00","mainEntityOfPage":{"@id":"https:\/\/www.rassegnastampa-totustuus.it\/cattolica\/il-ritorno-degli-animalisti\/"},"wordCount":1590,"publisher":{"@id":"https:\/\/www.rassegnastampa-totustuus.it\/cattolica\/#organization"},"image":{"@id":"https:\/\/www.rassegnastampa-totustuus.it\/cattolica\/il-ritorno-degli-animalisti\/#primaryimage"},"thumbnailUrl":"https:\/\/www.rassegnastampa-totustuus.it\/cattolica\/wp-content\/uploads\/2016\/02\/animalisti.jpg","keywords":["animalismo","animalisti"],"articleSection":["Ambientalismo","Costume"],"inLanguage":"it-IT"},{"@type":"WebPage","@id":"https:\/\/www.rassegnastampa-totustuus.it\/cattolica\/il-ritorno-degli-animalisti\/","url":"https:\/\/www.rassegnastampa-totustuus.it\/cattolica\/il-ritorno-degli-animalisti\/","name":"Il ritorno degli animalisti - Rassegna Stampa Cattolica","isPartOf":{"@id":"https:\/\/www.rassegnastampa-totustuus.it\/cattolica\/#website"},"primaryImageOfPage":{"@id":"https:\/\/www.rassegnastampa-totustuus.it\/cattolica\/il-ritorno-degli-animalisti\/#primaryimage"},"image":{"@id":"https:\/\/www.rassegnastampa-totustuus.it\/cattolica\/il-ritorno-degli-animalisti\/#primaryimage"},"thumbnailUrl":"https:\/\/www.rassegnastampa-totustuus.it\/cattolica\/wp-content\/uploads\/2016\/02\/animalisti.jpg","datePublished":"2015-08-01T22:00:18+00:00","dateModified":"2016-02-02T12:33:34+00:00","description":"Rassegna Stampa Cattolica - Per una cultura che nasce dalla Rivelazione cristiana in conformit\u00e0 alla tradizione e al Magistero della Chiesa in opposizione ad ogni relativismo e totalitarismo","breadcrumb":{"@id":"https:\/\/www.rassegnastampa-totustuus.it\/cattolica\/il-ritorno-degli-animalisti\/#breadcrumb"},"inLanguage":"it-IT","potentialAction":[{"@type":"ReadAction","target":["https:\/\/www.rassegnastampa-totustuus.it\/cattolica\/il-ritorno-degli-animalisti\/"]}]},{"@type":"ImageObject","inLanguage":"it-IT","@id":"https:\/\/www.rassegnastampa-totustuus.it\/cattolica\/il-ritorno-degli-animalisti\/#primaryimage","url":"https:\/\/www.rassegnastampa-totustuus.it\/cattolica\/wp-content\/uploads\/2016\/02\/animalisti.jpg","contentUrl":"https:\/\/www.rassegnastampa-totustuus.it\/cattolica\/wp-content\/uploads\/2016\/02\/animalisti.jpg","width":275,"height":183},{"@type":"BreadcrumbList","@id":"https:\/\/www.rassegnastampa-totustuus.it\/cattolica\/il-ritorno-degli-animalisti\/#breadcrumb","itemListElement":[{"@type":"ListItem","position":1,"name":"Home","item":"https:\/\/www.rassegnastampa-totustuus.it\/cattolica\/"},{"@type":"ListItem","position":2,"name":"Il ritorno degli animalisti"}]},{"@type":"WebSite","@id":"https:\/\/www.rassegnastampa-totustuus.it\/cattolica\/#website","url":"https:\/\/www.rassegnastampa-totustuus.it\/cattolica\/","name":"Rassegna Stampa Cattolica","description":"Per una cultura che nasce dalla Rivelazione cristiana in conformit\u00e0 alla tradizione e al Magistero della Chiesa in opposizione ad ogni relativismo e totalitarismo","publisher":{"@id":"https:\/\/www.rassegnastampa-totustuus.it\/cattolica\/#organization"},"alternateName":"Rass. Cattolica","potentialAction":[{"@type":"SearchAction","target":{"@type":"EntryPoint","urlTemplate":"https:\/\/www.rassegnastampa-totustuus.it\/cattolica\/?s={search_term_string}"},"query-input":{"@type":"PropertyValueSpecification","valueRequired":true,"valueName":"search_term_string"}}],"inLanguage":"it-IT"},{"@type":"Organization","@id":"https:\/\/www.rassegnastampa-totustuus.it\/cattolica\/#organization","name":"Rassegna Stampa Cattolica","url":"https:\/\/www.rassegnastampa-totustuus.it\/cattolica\/","logo":{"@type":"ImageObject","inLanguage":"it-IT","@id":"https:\/\/www.rassegnastampa-totustuus.it\/cattolica\/#\/schema\/logo\/image\/","url":"https:\/\/www.rassegnastampa-totustuus.it\/cattolica\/wp-content\/uploads\/2014\/04\/logo-rassegna1.gif","contentUrl":"https:\/\/www.rassegnastampa-totustuus.it\/cattolica\/wp-content\/uploads\/2014\/04\/logo-rassegna1.gif","width":600,"height":163,"caption":"Rassegna Stampa Cattolica"},"image":{"@id":"https:\/\/www.rassegnastampa-totustuus.it\/cattolica\/#\/schema\/logo\/image\/"},"sameAs":["https:\/\/www.facebook.com\/rassegnastampacattolica","https:\/\/x.com\/rassegnastampa9"]},{"@type":"Person","@id":"https:\/\/www.rassegnastampa-totustuus.it\/cattolica\/#\/schema\/person\/08f319d2bd1a0904ad9e2bfb7b15e5c3","name":"Redazione","image":{"@type":"ImageObject","inLanguage":"it-IT","@id":"https:\/\/secure.gravatar.com\/avatar\/2fcdf27c78ea025fbdb44e914cc63c72249ffec9dc8aafd5c82b26240ef3f346?s=96&d=mm&r=g","url":"https:\/\/secure.gravatar.com\/avatar\/2fcdf27c78ea025fbdb44e914cc63c72249ffec9dc8aafd5c82b26240ef3f346?s=96&d=mm&r=g","contentUrl":"https:\/\/secure.gravatar.com\/avatar\/2fcdf27c78ea025fbdb44e914cc63c72249ffec9dc8aafd5c82b26240ef3f346?s=96&d=mm&r=g","caption":"Redazione"},"url":"https:\/\/www.rassegnastampa-totustuus.it\/cattolica\/author\/pietroelle\/"}]}},"_links":{"self":[{"href":"https:\/\/www.rassegnastampa-totustuus.it\/cattolica\/wp-json\/wp\/v2\/posts\/30113","targetHints":{"allow":["GET"]}}],"collection":[{"href":"https:\/\/www.rassegnastampa-totustuus.it\/cattolica\/wp-json\/wp\/v2\/posts"}],"about":[{"href":"https:\/\/www.rassegnastampa-totustuus.it\/cattolica\/wp-json\/wp\/v2\/types\/post"}],"author":[{"embeddable":true,"href":"https:\/\/www.rassegnastampa-totustuus.it\/cattolica\/wp-json\/wp\/v2\/users\/6"}],"replies":[{"embeddable":true,"href":"https:\/\/www.rassegnastampa-totustuus.it\/cattolica\/wp-json\/wp\/v2\/comments?post=30113"}],"version-history":[{"count":1,"href":"https:\/\/www.rassegnastampa-totustuus.it\/cattolica\/wp-json\/wp\/v2\/posts\/30113\/revisions"}],"predecessor-version":[{"id":30115,"href":"https:\/\/www.rassegnastampa-totustuus.it\/cattolica\/wp-json\/wp\/v2\/posts\/30113\/revisions\/30115"}],"wp:featuredmedia":[{"embeddable":true,"href":"https:\/\/www.rassegnastampa-totustuus.it\/cattolica\/wp-json\/wp\/v2\/media\/30114"}],"wp:attachment":[{"href":"https:\/\/www.rassegnastampa-totustuus.it\/cattolica\/wp-json\/wp\/v2\/media?parent=30113"}],"wp:term":[{"taxonomy":"category","embeddable":true,"href":"https:\/\/www.rassegnastampa-totustuus.it\/cattolica\/wp-json\/wp\/v2\/categories?post=30113"},{"taxonomy":"post_tag","embeddable":true,"href":"https:\/\/www.rassegnastampa-totustuus.it\/cattolica\/wp-json\/wp\/v2\/tags?post=30113"}],"curies":[{"name":"wp","href":"https:\/\/api.w.org\/{rel}","templated":true}]}}