{"id":30109,"date":"2015-08-01T00:00:06","date_gmt":"2015-07-31T22:00:06","guid":{"rendered":"http:\/\/www.rassegnastampa-totustuus.it\/cattolica\/?p=30109"},"modified":"2016-02-09T11:30:57","modified_gmt":"2016-02-09T10:30:57","slug":"guerra-civile-nellisla","status":"publish","type":"post","link":"https:\/\/www.rassegnastampa-totustuus.it\/cattolica\/guerra-civile-nellisla\/","title":{"rendered":"Guerra civile nell&#8217;Islam"},"content":{"rendered":"<p><a href=\"https:\/\/www.rassegnastampa-totustuus.it\/cattolica\/wp-content\/uploads\/2016\/02\/islam_divisioni.jpg\"><img loading=\"lazy\" decoding=\"async\" class=\"alignright wp-image-30110 size-full\" src=\"https:\/\/www.rassegnastampa-totustuus.it\/cattolica\/wp-content\/uploads\/2016\/02\/islam_divisioni.jpg\" alt=\"islam_divisioni\" width=\"260\" height=\"194\" \/><\/a><\/p>\n<p style=\"text-align: center;\"><strong>Il Sole 24 Ore<\/strong> sabato 20 marzo 1993<\/p>\n<p style=\"text-align: justify;\">Le ultime esplosioni di violenza tra musulmani si spiegano con le divisioni religiose<\/p>\n<p style=\"text-align: center;\">\u00a0<em>L&#8217;Occidente \u00e8 solo l&#8217;ultimo avversario esterno ma la resa dei conti \u00e8<\/em><em> tra i \u00abfedeli\u00bb<\/em><\/p>\n<p style=\"text-align: center;\">di <strong>Alessandro Corneli<\/strong><\/p>\n<p style=\"text-align: center;\"><!--more--><\/p>\n<p style=\"text-align: justify;\">L a nuova ondata di terrorismo a matrice islamica \u2014 che nelle ultime settimane ha colpito dagli Stati Uniti all&#8217;India, dall&#8217;Algeria all&#8217;Egitto, dalla striscia di Gaza all&#8217;Italia \u2014 suggerisce interpretazioni diverse che, pur non escludendosi a vicenda, devono anzitutto tener conto della novit\u00e0 geopolitica degli ultimi anni: l&#8217;implosione del sistema comunista russo-europeo. Prima di questo evento, infatti, l&#8217;interpretazione prevalente in Occidente era quella di un terrorismo islamico essenzialmente antioccidentale e, quindi, alleato e complice occasionale o strategico dell&#8217;Urss e di alcuni Paesi dell&#8217;Europa dell&#8217;Est.<\/p>\n<p style=\"text-align: justify;\">Ronald Reagan non aveva dubbi a definire come Stati terroristici \u2014 cio\u00e8 Stati i cui apparati ufficiali si servivano di gruppi terroristici o fornivano a essi aiuti e appoggi logistici \u2014 la Libia, l&#8217;Irak e la Siria. Ma come collocare in questo schema anche l&#8217;Iran, il cui fondamentalismo khomeinista preoccupava i dirigenti del Cremlino? In ogni caso, il mutamento di politica di Mosca e dei suoi satelliti fa cadere, almeno per questa nuova fase di terrorismo, quella spiegazione.<\/p>\n<p style=\"text-align: justify;\">Ogni atto terroristico ha una sua dinamica e, dopo una storia lunga pi\u00f9 di vent&#8217;anni con migliaia di episodi, \u00e8 impossibile trovare una spiegazione esauriente. L&#8217;assassinio avvenuto a Roma di un dirigente dell&#8217;opposizione iraniana ha rilanciato la tesi del regolamento di conti \u2014 come anni fa era accaduto per episodi analoghi che coinvolgevano i servizi libici alla caccia degli oppositori di Gheddaf\u00ec \u2014, ma essa \u00e8 riduttiva o comunque vale solo per alcuni casi. Sempre valida \u00e8 la tesi della matrice palestinese, che innesta il terrorismo nella lotta arabo-israeliana, soprattutto quando si profilano negoziati. Infine, c&#8217;\u00e8 la spiegazione del Grande Vecchio, dello stratega che ha dichiarato guerra mortale \u2014 e santa \u2014 all&#8217;Occidente e a tutti i suoi valori, dopo che \u00e8 venuta meno anche la possibilit\u00e0 di un&#8217;alleanza tattica con il comunismo.<\/p>\n<p style=\"text-align: justify;\">Eppure il fenomeno del terrorismo islamico ha una storia cos\u00ec lunga che finisce per superare tutte le varianti occasionali e ora ci si chiede in quale direzione si stia muovendo. Xavier Ranfer, in una scrupolosa indagine sulla &#8220;nebulosa&#8221; del terrorismo mediorientale, condotta cinque anni fa senza particolari tesi preconcette, ponendosi la domanda relativa a quali fossero le forze creatrici del fenomeno, rispose escludendo gli Stati della regione per il motivo che essi non hanno in generale n\u00e9 la coesione n\u00e9 la durata sufficienti per far nascere, addestrare e pilotare delle entit\u00e0 terroristiche con la discrezione necessaria e soprattutto sul lungo periodo. E\u2019 vero che molti di questi Stati hanno fatto ricorso al terrorismo e talvolta l&#8217;hanno eretto a elemento della loro politica estera, ma, scriveva Raufer, \u00absembra tuttavia difficile vedere in essi, a priori, le matrici dei gruppi terroristici attivi\u00bb.<\/p>\n<p style=\"text-align: justify;\">La risposta di questo studioso era un&#8217;altra: il terrorismo mediorientale \u00e8 l&#8217;emanazione diretta di comunit\u00e0 regionali di diversa natura. Soprattutto nelle sue varianti rivoluzionarie, esso \u00e8 \u00abil prodotto di una cultura\u00bb e a \u00abuna vocazione transnazionale\u00bb. Il quadro globale cambia di prospettiva: utilizzati talvolta, e anche spesso, in operazioni antioccidentali, funzionali magari a interessi governativi contingenti, i gruppi terroristici islamici si muovono all&#8217;interno della loro cultura, cio\u00e8 della problematica stessa del mondo islamico, la religione e la Umma o comunit\u00e0 dei fedeli, sulla quale si proiettano i riflessi degli atti terroristici stessi. ,<\/p>\n<p style=\"text-align: justify;\">Un rapido sguardo alla situazione politico-religiosa, dei Paesi a dominanza islamica lo conferma. La comunit\u00e0 musulmana \u00e8 in realt\u00e0 frazionata orizzontalmente in parecchi Stati e verticalmente secondo varianti confessionali. Queste ultime sono di due specie: divisioni propriamente religiose e divisioni riguardanti i riti<\/p>\n<p style=\"text-align: justify;\">La principale divisione religiosa passa tra i Sunniti (90% di un totale che sfiora i 900 milioni di fedeli nel mondo) e gli Sciiti (9%). I Sunniti seguono la Sunna (Tradizione dei detti e dei fatti del Profeta) e ritengono in generale che sia possibile adattare il Corano alle diverse situazioni delle varie epoche. Gli Sciiti, invece, presenti soprattutto in Iran, India, Pakistan, Afghanistan, Irak e Yemen, sono i legittimisti di Ali, cugino e genero del Profeta, che si opposero al califfato elettivo sostenendo quello ereditario per cui attendono il ritorno del legittimo erede che ristabilir\u00e0 il regno della giustizia. Nel frattempo, gli Sciiti si affidano agli imam, depositari dei segreti di Maometto e della luce divina.<\/p>\n<p style=\"text-align: justify;\">Quanto alle divisioni secondo i riti, si distinguono quattro scuole: malechita, hanafita, sciafiita e hanbalita.<\/p>\n<p style=\"text-align: justify;\">Le differenze tra le scuole sono importanti e hanno sempre creato scontri violenti. Il rito malechita \u00e8 il pi\u00f9 formalista e tende a impregnare di sacro la vita giuridica e sociale: \u00e8 diffuso soprattutto in Africa del Nord. Il rito hanafita, anch&#8217;esso diffuso in Africa del Nord, privilegia invece le disposizioni meno rigide della Sunna. Il rito sciafiita, diffuso in Egitto, parte dell&#8217;Arabia, Malesia e Costa orientale dell&#8217;Africa, privilegia la tradizione giurisprudenziale, la quale \u00e8 lungi dall&#8217;essere unanime, ci\u00f2 che consente una certa tolleranza. Il rito hanbalita \u00e8 estremamente formalista e interpreta alla lettera la Chari&#8217;a (Legge); sottoposto a persecuzioni, ha dato origine al Wahabismo che si \u00e8 diffuso in Palestina, Siria e Oman.<\/p>\n<p style=\"text-align: justify;\">Fuori dalle due grandi ortodossie ci sono poi le eresie, cha hanno prodotto negli ultimi anni anche il Khomeinismo. Sia le divisioni religiose sia quelle relative ai riti sono poi spaccate verticalmente tra modernisti e tradizionalisti. Le applicazioni pratiche, politiche, danno quindi origine a una grande variet\u00e0 di situazioni. Solo la Turchia, la cui Costituzione del 1982 ne fa uno \u00abStato democratico, laico e sociale\u00bb, sfugge, ma dopo il crollo dei comunismo in Urss in modo sempre pi\u00f9 difficoltoso, al richiamo islamico.<\/p>\n<p style=\"text-align: justify;\">In Marocco, il re, &#8220;guida dei credenti&#8221;, \u00e8 finora riuscito a comporre abilmente la monarchia costituzionale (con l&#8217;aiuto di una forte polizia) e la religione di Stato rispettosa delle credenze popolari. In Tunisia, dal 1956, il Codice dello statuto personale autorizza il matrimonio civile. In Algeria, trent\u2019anni di dittatura del Fronte di liberazione nazionale hanno portato all&#8217;esplosione dell&#8217;integralismo del Fronte islamico di salvezza, bloccato nel gennaio dello scorso anno da un colpo di Stato. In Libia, Gheddaf\u00ec separa la rivelazione coranica, l&#8217;appartenenza al mondo arabo e una legislazione che rifiata la legge islamica, ma la sintesi \u00e8 sempre approssimativa e variabile.<\/p>\n<p style=\"text-align: justify;\">In Egitto, Mubarak cerca di mantenere un difficile equilibrio tra uno Stato che si definisce moderno e democratico e le forze islamiche dei Fratelli musulmani L&#8217;Arabia Saudita, deposi\u00adtaria spesso contestata dei Luoghi santi, applica un rigoroso puritanesimo. La Siria e l&#8217;Irak sono rispettosi tanto dell&#8217;Islam che ispira la loro legislazione quanto di un certo pluralismo religioso. In Africa, il Sudan \u00e8 uno Stato islamico che perseguita le minoranze del Sud. In Pakistan e in Bangladesh l\u2019slam \u00e8 religione di Stato. L&#8217;India, dopo l&#8217;uccisione di Rajiv Gandhi, vede ogni giorno crescere contrasti sanguinosi tra induisti, preda anch&#8217;essi di fondamentalismo, e musulmani.<\/p>\n<p style=\"text-align: justify;\">L&#8217;Afghanistan \u00e8 diviso tra una vecchia tendenza laicizzante e l&#8217;islamismo esaltato dalla resistenza all&#8217;invasione sovietica. Solo l&#8217;Indonesia, che \u00e8 il Paese musulmano pi\u00f9 popoloso con 170 milioni di abitanti, pratica un Islam tranquillo. La sorte delle repubbliche islamiche dell&#8217;ex Urss, attirate competitivamente dalla Turchia e dall&#8217;Iran, \u00e8 ancora incerta.<\/p>\n<p style=\"text-align: justify;\">Ma di fronte a tutta questa variet\u00e0 permane l&#8217;esigenza fondamentale del mondo islamico all&#8217;unit\u00e0. Essa deriva dall&#8217;unicit\u00e0 di Dio e dai precetto che i suoi fedeli debbano formare un&#8217;unica comunit\u00e0: la Umma, secondo le parole del Profeta \u00abi credenti sono tutti fratelli\u00bb.<\/p>\n<p style=\"text-align: justify;\">Qui si innesta l&#8217;analisi di Raufer, che pu\u00f2 essere aggiornata alla fase successiva alla caduta del comunismo. Esaurite le lotte per l&#8217;indipendenza, falliti i nazionalsocialismi, scomparsa l&#8217;alleanza tattica con l&#8217;Urss e i suoi satelliti, a una parte almeno del mondo islamico sembra sia rimasto un solo nemico: l&#8217;Occidente. Ma esso non lo vede soltanto fuori da se stesso, cio\u00e8 nei Paesi occidentali da colpire e umiliare (si pensi alle invettive di Khomeini, di Gheddaf\u00ec, di Saddam Hussein), ma soprattutto in se stesso.<\/p>\n<p style=\"text-align: justify;\">I pi\u00f9 accesi accusano i pi\u00f9 moderati, siano essi al Governo o comunque organizzati, e questi ultimi a loro volta si difendono. In altre parole, la nuova esplosione di quello che in termini occidentali appare come terrorismo potrebbe in realt\u00e0 essere la manifestazione di una guerra civile che non conosce frontiere all&#8217;interno della Umma con centinaia di gruppi organizzati che si battono senza quartiere, in quanto ciascuno si sente depositario della vera fede. Una fede che deve poter trionfare in tutta l\u2019Umma.<\/p>\n<p style=\"text-align: center;\"><strong>Si estende l&#8217;influenza sciita e Teheran guida la riscossa<\/strong><\/p>\n<p style=\"text-align: justify;\">L\u2019attenzione \u00e8 tornata a concentrarsi sull&#8217;Iran come la centrale, o almeno il principale centro, di irradiazione del nuovo terrorismo islamico. L&#8217;Iran \u00e8 prevalentemente sciita e gli Sciiti, diversamente dai Sunniti, attribuiscono un grande valore alla sofferenza, coltivando l&#8217;idea della passione come necessaria e liberatrice. Spesso perseguitati, inoltre, gli Sciiti sono diventati particolarmente sensibili alle questioni di giustizia sociale. Ma anche gli Sciiti non sono compatti. Essi si dividono a seconda della fede che portano all&#8217;ultimo imam.<\/p>\n<p style=\"text-align: justify;\">Coloro che si riferiscono al XII della serie, scomparso nell&#8217;anno 873, sono detti Duodecimani o Imamiti e sono concentrati in Iran; coloro che si arrestano al VII Ismail sono detti Ismaeliani o Settimani. Ma vi sono anche Sciiti zaiditi (i pi\u00f9 moderati, numerosi in Yemen del Nord) e Giafanti (si fermano al VI imam e sono diffusi in Siria, ma Hafez el-Assad \u00e8 Alauita o Nosairita, contestando il decimo, profeta) ed altri ancora.<\/p>\n<p style=\"text-align: justify;\">La caratteristica degli sciiti \u00e8 la loro fede negli imam, discendenti diretti di Ali e guide &#8220;impeccabili e infallibili&#8221;. Mentre l&#8217;imam sunnita dirige nella moschea la preghiera dei fedeli, l&#8217;imam sciita \u00e8 tale grazie a una emanazione misteriosa che, da Adamo in poi, passa da un imam all&#8217;altro. Questa emanazione divina lo rende infallibile e lo garantisce contro ogni colpa. Ogni imam designa per testamento il suo successore, che deve appartenere alla discendenza di Ali. Le discussioni sulla legittimit\u00e0 della discendenza sono alla base delle divisioni fra gli sciiti.<\/p>\n<p style=\"text-align: justify;\">I Duodecimali credono che l&#8217;ultimo imam, scomparso all&#8217;et\u00e0 di 7 o 8 anni, torner\u00e0 alla fine dei tempi per far regnare la giustizia per mille anni e per il momento \u00e8 &#8220;nascosto&#8221;. Dal 1501 lo sciismo duodecimale \u00e8 la religione della Perla, oggi Iran. Queste fede comune agli sciiti dell&#8217;\u00ecrak (circa met\u00e0 della popolazione) e del Libano meridionale. Gli Ismaeliani, combattuti dai Duodedmani, si sono scissi nel corso dei tempi in vari gruppi come i Fatimidi egiziani, gli indiani Khojas i Drusi, ecc.<\/p>\n<p style=\"text-align: justify;\">Dall&#8217;infallibilit\u00e0 degli Imam deriva una conseguenza importante: i fedeli devono obbedire ciecamente, fino al sacrificio della vita, agli Imam poich\u00e9 questo non possono mai peccare n\u00e9 sbagliarsi Mentre il sunnismo fa appello alla ragione umana, lo sciismo ne proclama l&#8217;impotenza. Ci\u00f2 ha conseguenze politiche poich\u00e9 l&#8217;adesione assoluta alla parola degli imam crea un conflitto con il potere temporale. Per questo gli Stati sunniti hanno sempre perseguitato gli sciiti (e Saddam Hussein lo fa ancora), \u00ec quali ne hanno tratto per s\u00e9 l&#8217;immagine di sofferenti e perseguitati ma fino a rovesciarla ed esaltarla.<\/p>\n<p style=\"text-align: justify;\">Perseguitati, gli Sciiti sono anche persecutori, ad esempio nei confronti dei mistici del sufismo che rifiutano gli imam mediatori. Con l&#8217;avvento di Khomeini, gli Sciiti hanno rappresentato l&#8217;Islam trionfante dei poveri e degli oppressi e hanno ripreso con maggior vigore la loro battaglia contro i dissidenti, attenuando per\u00f2 i contrasti con i fratelli mussulmani e soprattutto contro i sunniti, in qualsiasi parte del mondo.<\/p>\n<p style=\"text-align: right;\"><strong>AI.C.<\/strong><\/p>\n","protected":false},"excerpt":{"rendered":"<p>Il Sole 24 Ore sabato 20 marzo 1993 Le ultime esplosioni di violenza tra musulmani si spiegano con le divisioni religiose \u00a0L&#8217;Occidente \u00e8 solo l&#8217;ultimo avversario esterno ma la resa dei conti \u00e8 tra i \u00abfedeli\u00bb di Alessandro Corneli<\/p><p><a class=\"more-link btn\" href=\"https:\/\/www.rassegnastampa-totustuus.it\/cattolica\/guerra-civile-nellisla\/\">Continua a leggere<\/a><\/p>\n","protected":false},"author":6,"featured_media":30110,"comment_status":"closed","ping_status":"closed","sticky":false,"template":"","format":"standard","meta":{"footnotes":""},"categories":[16],"tags":[1109,783],"class_list":["post-30109","post","type-post","status-publish","format-standard","has-post-thumbnail","hentry","category-islam","tag-islam-cose","tag-sciiti","item-wrap"],"yoast_head":"<!-- This site is optimized with the Yoast SEO plugin v27.5 - https:\/\/yoast.com\/product\/yoast-seo-wordpress\/ -->\n<title>Guerra civile nell&#039;Islam - Rassegna Stampa Cattolica<\/title>\n<meta name=\"description\" content=\"Rassegna Stampa Cattolica - Per una cultura che nasce dalla Rivelazione cristiana in conformit\u00e0 alla tradizione e al Magistero della Chiesa in opposizione ad ogni relativismo e totalitarismo\" \/>\n<meta name=\"robots\" content=\"index, follow, max-snippet:-1, max-image-preview:large, max-video-preview:-1\" \/>\n<link rel=\"canonical\" href=\"https:\/\/www.rassegnastampa-totustuus.it\/cattolica\/guerra-civile-nellisla\/\" \/>\n<meta property=\"og:locale\" content=\"it_IT\" \/>\n<meta property=\"og:type\" content=\"article\" \/>\n<meta property=\"og:title\" content=\"Guerra civile nell&#039;Islam - Rassegna Stampa Cattolica\" \/>\n<meta property=\"og:description\" content=\"Rassegna Stampa Cattolica - Per una cultura che nasce dalla Rivelazione cristiana in conformit\u00e0 alla tradizione e al Magistero della Chiesa in opposizione ad ogni relativismo e totalitarismo\" \/>\n<meta property=\"og:url\" content=\"https:\/\/www.rassegnastampa-totustuus.it\/cattolica\/guerra-civile-nellisla\/\" \/>\n<meta property=\"og:site_name\" content=\"Rassegna Stampa Cattolica\" \/>\n<meta property=\"article:publisher\" content=\"https:\/\/www.facebook.com\/rassegnastampacattolica\" \/>\n<meta property=\"article:published_time\" content=\"2015-07-31T22:00:06+00:00\" \/>\n<meta property=\"article:modified_time\" content=\"2016-02-09T10:30:57+00:00\" \/>\n<meta property=\"og:image\" content=\"https:\/\/www.rassegnastampa-totustuus.it\/cattolica\/wp-content\/uploads\/2016\/02\/islam_divisioni.jpg\" \/>\n\t<meta property=\"og:image:width\" content=\"260\" \/>\n\t<meta property=\"og:image:height\" content=\"194\" \/>\n\t<meta property=\"og:image:type\" content=\"image\/jpeg\" \/>\n<meta name=\"author\" content=\"Redazione\" \/>\n<meta name=\"twitter:card\" content=\"summary_large_image\" \/>\n<meta name=\"twitter:creator\" content=\"@rassegnastampa9\" \/>\n<meta name=\"twitter:site\" content=\"@rassegnastampa9\" \/>\n<meta name=\"twitter:label1\" content=\"Scritto da\" \/>\n\t<meta name=\"twitter:data1\" content=\"Redazione\" \/>\n\t<meta name=\"twitter:label2\" content=\"Tempo di lettura stimato\" \/>\n\t<meta name=\"twitter:data2\" content=\"9 minuti\" \/>\n<script type=\"application\/ld+json\" class=\"yoast-schema-graph\">{\"@context\":\"https:\\\/\\\/schema.org\",\"@graph\":[{\"@type\":\"Article\",\"@id\":\"https:\\\/\\\/www.rassegnastampa-totustuus.it\\\/cattolica\\\/guerra-civile-nellisla\\\/#article\",\"isPartOf\":{\"@id\":\"https:\\\/\\\/www.rassegnastampa-totustuus.it\\\/cattolica\\\/guerra-civile-nellisla\\\/\"},\"author\":{\"name\":\"Redazione\",\"@id\":\"https:\\\/\\\/www.rassegnastampa-totustuus.it\\\/cattolica\\\/#\\\/schema\\\/person\\\/08f319d2bd1a0904ad9e2bfb7b15e5c3\"},\"headline\":\"Guerra civile nell&#8217;Islam\",\"datePublished\":\"2015-07-31T22:00:06+00:00\",\"dateModified\":\"2016-02-09T10:30:57+00:00\",\"mainEntityOfPage\":{\"@id\":\"https:\\\/\\\/www.rassegnastampa-totustuus.it\\\/cattolica\\\/guerra-civile-nellisla\\\/\"},\"wordCount\":1911,\"publisher\":{\"@id\":\"https:\\\/\\\/www.rassegnastampa-totustuus.it\\\/cattolica\\\/#organization\"},\"image\":{\"@id\":\"https:\\\/\\\/www.rassegnastampa-totustuus.it\\\/cattolica\\\/guerra-civile-nellisla\\\/#primaryimage\"},\"thumbnailUrl\":\"https:\\\/\\\/www.rassegnastampa-totustuus.it\\\/cattolica\\\/wp-content\\\/uploads\\\/2016\\\/02\\\/islam_divisioni.jpg\",\"keywords\":[\"islam cos'\u00e8\",\"sciiti\"],\"articleSection\":[\"Islam\"],\"inLanguage\":\"it-IT\"},{\"@type\":\"WebPage\",\"@id\":\"https:\\\/\\\/www.rassegnastampa-totustuus.it\\\/cattolica\\\/guerra-civile-nellisla\\\/\",\"url\":\"https:\\\/\\\/www.rassegnastampa-totustuus.it\\\/cattolica\\\/guerra-civile-nellisla\\\/\",\"name\":\"Guerra civile nell'Islam - Rassegna Stampa Cattolica\",\"isPartOf\":{\"@id\":\"https:\\\/\\\/www.rassegnastampa-totustuus.it\\\/cattolica\\\/#website\"},\"primaryImageOfPage\":{\"@id\":\"https:\\\/\\\/www.rassegnastampa-totustuus.it\\\/cattolica\\\/guerra-civile-nellisla\\\/#primaryimage\"},\"image\":{\"@id\":\"https:\\\/\\\/www.rassegnastampa-totustuus.it\\\/cattolica\\\/guerra-civile-nellisla\\\/#primaryimage\"},\"thumbnailUrl\":\"https:\\\/\\\/www.rassegnastampa-totustuus.it\\\/cattolica\\\/wp-content\\\/uploads\\\/2016\\\/02\\\/islam_divisioni.jpg\",\"datePublished\":\"2015-07-31T22:00:06+00:00\",\"dateModified\":\"2016-02-09T10:30:57+00:00\",\"description\":\"Rassegna Stampa Cattolica - Per una cultura che nasce dalla Rivelazione cristiana in conformit\u00e0 alla tradizione e al Magistero della Chiesa in opposizione ad ogni relativismo e totalitarismo\",\"breadcrumb\":{\"@id\":\"https:\\\/\\\/www.rassegnastampa-totustuus.it\\\/cattolica\\\/guerra-civile-nellisla\\\/#breadcrumb\"},\"inLanguage\":\"it-IT\",\"potentialAction\":[{\"@type\":\"ReadAction\",\"target\":[\"https:\\\/\\\/www.rassegnastampa-totustuus.it\\\/cattolica\\\/guerra-civile-nellisla\\\/\"]}]},{\"@type\":\"ImageObject\",\"inLanguage\":\"it-IT\",\"@id\":\"https:\\\/\\\/www.rassegnastampa-totustuus.it\\\/cattolica\\\/guerra-civile-nellisla\\\/#primaryimage\",\"url\":\"https:\\\/\\\/www.rassegnastampa-totustuus.it\\\/cattolica\\\/wp-content\\\/uploads\\\/2016\\\/02\\\/islam_divisioni.jpg\",\"contentUrl\":\"https:\\\/\\\/www.rassegnastampa-totustuus.it\\\/cattolica\\\/wp-content\\\/uploads\\\/2016\\\/02\\\/islam_divisioni.jpg\",\"width\":260,\"height\":194},{\"@type\":\"BreadcrumbList\",\"@id\":\"https:\\\/\\\/www.rassegnastampa-totustuus.it\\\/cattolica\\\/guerra-civile-nellisla\\\/#breadcrumb\",\"itemListElement\":[{\"@type\":\"ListItem\",\"position\":1,\"name\":\"Home\",\"item\":\"https:\\\/\\\/www.rassegnastampa-totustuus.it\\\/cattolica\\\/\"},{\"@type\":\"ListItem\",\"position\":2,\"name\":\"Guerra civile nell&#8217;Islam\"}]},{\"@type\":\"WebSite\",\"@id\":\"https:\\\/\\\/www.rassegnastampa-totustuus.it\\\/cattolica\\\/#website\",\"url\":\"https:\\\/\\\/www.rassegnastampa-totustuus.it\\\/cattolica\\\/\",\"name\":\"Rassegna Stampa Cattolica\",\"description\":\"Per una cultura che nasce dalla Rivelazione cristiana in conformit\u00e0 alla tradizione e al Magistero della Chiesa in opposizione ad ogni relativismo e totalitarismo\",\"publisher\":{\"@id\":\"https:\\\/\\\/www.rassegnastampa-totustuus.it\\\/cattolica\\\/#organization\"},\"alternateName\":\"Rass. Cattolica\",\"potentialAction\":[{\"@type\":\"SearchAction\",\"target\":{\"@type\":\"EntryPoint\",\"urlTemplate\":\"https:\\\/\\\/www.rassegnastampa-totustuus.it\\\/cattolica\\\/?s={search_term_string}\"},\"query-input\":{\"@type\":\"PropertyValueSpecification\",\"valueRequired\":true,\"valueName\":\"search_term_string\"}}],\"inLanguage\":\"it-IT\"},{\"@type\":\"Organization\",\"@id\":\"https:\\\/\\\/www.rassegnastampa-totustuus.it\\\/cattolica\\\/#organization\",\"name\":\"Rassegna Stampa Cattolica\",\"url\":\"https:\\\/\\\/www.rassegnastampa-totustuus.it\\\/cattolica\\\/\",\"logo\":{\"@type\":\"ImageObject\",\"inLanguage\":\"it-IT\",\"@id\":\"https:\\\/\\\/www.rassegnastampa-totustuus.it\\\/cattolica\\\/#\\\/schema\\\/logo\\\/image\\\/\",\"url\":\"https:\\\/\\\/www.rassegnastampa-totustuus.it\\\/cattolica\\\/wp-content\\\/uploads\\\/2014\\\/04\\\/logo-rassegna1.gif\",\"contentUrl\":\"https:\\\/\\\/www.rassegnastampa-totustuus.it\\\/cattolica\\\/wp-content\\\/uploads\\\/2014\\\/04\\\/logo-rassegna1.gif\",\"width\":600,\"height\":163,\"caption\":\"Rassegna Stampa Cattolica\"},\"image\":{\"@id\":\"https:\\\/\\\/www.rassegnastampa-totustuus.it\\\/cattolica\\\/#\\\/schema\\\/logo\\\/image\\\/\"},\"sameAs\":[\"https:\\\/\\\/www.facebook.com\\\/rassegnastampacattolica\",\"https:\\\/\\\/x.com\\\/rassegnastampa9\"]},{\"@type\":\"Person\",\"@id\":\"https:\\\/\\\/www.rassegnastampa-totustuus.it\\\/cattolica\\\/#\\\/schema\\\/person\\\/08f319d2bd1a0904ad9e2bfb7b15e5c3\",\"name\":\"Redazione\",\"image\":{\"@type\":\"ImageObject\",\"inLanguage\":\"it-IT\",\"@id\":\"https:\\\/\\\/secure.gravatar.com\\\/avatar\\\/2fcdf27c78ea025fbdb44e914cc63c72249ffec9dc8aafd5c82b26240ef3f346?s=96&d=mm&r=g\",\"url\":\"https:\\\/\\\/secure.gravatar.com\\\/avatar\\\/2fcdf27c78ea025fbdb44e914cc63c72249ffec9dc8aafd5c82b26240ef3f346?s=96&d=mm&r=g\",\"contentUrl\":\"https:\\\/\\\/secure.gravatar.com\\\/avatar\\\/2fcdf27c78ea025fbdb44e914cc63c72249ffec9dc8aafd5c82b26240ef3f346?s=96&d=mm&r=g\",\"caption\":\"Redazione\"},\"url\":\"https:\\\/\\\/www.rassegnastampa-totustuus.it\\\/cattolica\\\/author\\\/pietroelle\\\/\"}]}<\/script>\n<!-- \/ Yoast SEO plugin. -->","yoast_head_json":{"title":"Guerra civile nell'Islam - Rassegna Stampa Cattolica","description":"Rassegna Stampa Cattolica - Per una cultura che nasce dalla Rivelazione cristiana in conformit\u00e0 alla tradizione e al Magistero della Chiesa in opposizione ad ogni relativismo e totalitarismo","robots":{"index":"index","follow":"follow","max-snippet":"max-snippet:-1","max-image-preview":"max-image-preview:large","max-video-preview":"max-video-preview:-1"},"canonical":"https:\/\/www.rassegnastampa-totustuus.it\/cattolica\/guerra-civile-nellisla\/","og_locale":"it_IT","og_type":"article","og_title":"Guerra civile nell'Islam - Rassegna Stampa Cattolica","og_description":"Rassegna Stampa Cattolica - Per una cultura che nasce dalla Rivelazione cristiana in conformit\u00e0 alla tradizione e al Magistero della Chiesa in opposizione ad ogni relativismo e totalitarismo","og_url":"https:\/\/www.rassegnastampa-totustuus.it\/cattolica\/guerra-civile-nellisla\/","og_site_name":"Rassegna Stampa Cattolica","article_publisher":"https:\/\/www.facebook.com\/rassegnastampacattolica","article_published_time":"2015-07-31T22:00:06+00:00","article_modified_time":"2016-02-09T10:30:57+00:00","og_image":[{"width":260,"height":194,"url":"https:\/\/www.rassegnastampa-totustuus.it\/cattolica\/wp-content\/uploads\/2016\/02\/islam_divisioni.jpg","type":"image\/jpeg"}],"author":"Redazione","twitter_card":"summary_large_image","twitter_creator":"@rassegnastampa9","twitter_site":"@rassegnastampa9","twitter_misc":{"Scritto da":"Redazione","Tempo di lettura stimato":"9 minuti"},"schema":{"@context":"https:\/\/schema.org","@graph":[{"@type":"Article","@id":"https:\/\/www.rassegnastampa-totustuus.it\/cattolica\/guerra-civile-nellisla\/#article","isPartOf":{"@id":"https:\/\/www.rassegnastampa-totustuus.it\/cattolica\/guerra-civile-nellisla\/"},"author":{"name":"Redazione","@id":"https:\/\/www.rassegnastampa-totustuus.it\/cattolica\/#\/schema\/person\/08f319d2bd1a0904ad9e2bfb7b15e5c3"},"headline":"Guerra civile nell&#8217;Islam","datePublished":"2015-07-31T22:00:06+00:00","dateModified":"2016-02-09T10:30:57+00:00","mainEntityOfPage":{"@id":"https:\/\/www.rassegnastampa-totustuus.it\/cattolica\/guerra-civile-nellisla\/"},"wordCount":1911,"publisher":{"@id":"https:\/\/www.rassegnastampa-totustuus.it\/cattolica\/#organization"},"image":{"@id":"https:\/\/www.rassegnastampa-totustuus.it\/cattolica\/guerra-civile-nellisla\/#primaryimage"},"thumbnailUrl":"https:\/\/www.rassegnastampa-totustuus.it\/cattolica\/wp-content\/uploads\/2016\/02\/islam_divisioni.jpg","keywords":["islam cos'\u00e8","sciiti"],"articleSection":["Islam"],"inLanguage":"it-IT"},{"@type":"WebPage","@id":"https:\/\/www.rassegnastampa-totustuus.it\/cattolica\/guerra-civile-nellisla\/","url":"https:\/\/www.rassegnastampa-totustuus.it\/cattolica\/guerra-civile-nellisla\/","name":"Guerra civile nell'Islam - Rassegna Stampa Cattolica","isPartOf":{"@id":"https:\/\/www.rassegnastampa-totustuus.it\/cattolica\/#website"},"primaryImageOfPage":{"@id":"https:\/\/www.rassegnastampa-totustuus.it\/cattolica\/guerra-civile-nellisla\/#primaryimage"},"image":{"@id":"https:\/\/www.rassegnastampa-totustuus.it\/cattolica\/guerra-civile-nellisla\/#primaryimage"},"thumbnailUrl":"https:\/\/www.rassegnastampa-totustuus.it\/cattolica\/wp-content\/uploads\/2016\/02\/islam_divisioni.jpg","datePublished":"2015-07-31T22:00:06+00:00","dateModified":"2016-02-09T10:30:57+00:00","description":"Rassegna Stampa Cattolica - Per una cultura che nasce dalla Rivelazione cristiana in conformit\u00e0 alla tradizione e al Magistero della Chiesa in opposizione ad ogni relativismo e totalitarismo","breadcrumb":{"@id":"https:\/\/www.rassegnastampa-totustuus.it\/cattolica\/guerra-civile-nellisla\/#breadcrumb"},"inLanguage":"it-IT","potentialAction":[{"@type":"ReadAction","target":["https:\/\/www.rassegnastampa-totustuus.it\/cattolica\/guerra-civile-nellisla\/"]}]},{"@type":"ImageObject","inLanguage":"it-IT","@id":"https:\/\/www.rassegnastampa-totustuus.it\/cattolica\/guerra-civile-nellisla\/#primaryimage","url":"https:\/\/www.rassegnastampa-totustuus.it\/cattolica\/wp-content\/uploads\/2016\/02\/islam_divisioni.jpg","contentUrl":"https:\/\/www.rassegnastampa-totustuus.it\/cattolica\/wp-content\/uploads\/2016\/02\/islam_divisioni.jpg","width":260,"height":194},{"@type":"BreadcrumbList","@id":"https:\/\/www.rassegnastampa-totustuus.it\/cattolica\/guerra-civile-nellisla\/#breadcrumb","itemListElement":[{"@type":"ListItem","position":1,"name":"Home","item":"https:\/\/www.rassegnastampa-totustuus.it\/cattolica\/"},{"@type":"ListItem","position":2,"name":"Guerra civile nell&#8217;Islam"}]},{"@type":"WebSite","@id":"https:\/\/www.rassegnastampa-totustuus.it\/cattolica\/#website","url":"https:\/\/www.rassegnastampa-totustuus.it\/cattolica\/","name":"Rassegna Stampa Cattolica","description":"Per una cultura che nasce dalla Rivelazione cristiana in conformit\u00e0 alla tradizione e al Magistero della Chiesa in opposizione ad ogni relativismo e totalitarismo","publisher":{"@id":"https:\/\/www.rassegnastampa-totustuus.it\/cattolica\/#organization"},"alternateName":"Rass. Cattolica","potentialAction":[{"@type":"SearchAction","target":{"@type":"EntryPoint","urlTemplate":"https:\/\/www.rassegnastampa-totustuus.it\/cattolica\/?s={search_term_string}"},"query-input":{"@type":"PropertyValueSpecification","valueRequired":true,"valueName":"search_term_string"}}],"inLanguage":"it-IT"},{"@type":"Organization","@id":"https:\/\/www.rassegnastampa-totustuus.it\/cattolica\/#organization","name":"Rassegna Stampa Cattolica","url":"https:\/\/www.rassegnastampa-totustuus.it\/cattolica\/","logo":{"@type":"ImageObject","inLanguage":"it-IT","@id":"https:\/\/www.rassegnastampa-totustuus.it\/cattolica\/#\/schema\/logo\/image\/","url":"https:\/\/www.rassegnastampa-totustuus.it\/cattolica\/wp-content\/uploads\/2014\/04\/logo-rassegna1.gif","contentUrl":"https:\/\/www.rassegnastampa-totustuus.it\/cattolica\/wp-content\/uploads\/2014\/04\/logo-rassegna1.gif","width":600,"height":163,"caption":"Rassegna Stampa Cattolica"},"image":{"@id":"https:\/\/www.rassegnastampa-totustuus.it\/cattolica\/#\/schema\/logo\/image\/"},"sameAs":["https:\/\/www.facebook.com\/rassegnastampacattolica","https:\/\/x.com\/rassegnastampa9"]},{"@type":"Person","@id":"https:\/\/www.rassegnastampa-totustuus.it\/cattolica\/#\/schema\/person\/08f319d2bd1a0904ad9e2bfb7b15e5c3","name":"Redazione","image":{"@type":"ImageObject","inLanguage":"it-IT","@id":"https:\/\/secure.gravatar.com\/avatar\/2fcdf27c78ea025fbdb44e914cc63c72249ffec9dc8aafd5c82b26240ef3f346?s=96&d=mm&r=g","url":"https:\/\/secure.gravatar.com\/avatar\/2fcdf27c78ea025fbdb44e914cc63c72249ffec9dc8aafd5c82b26240ef3f346?s=96&d=mm&r=g","contentUrl":"https:\/\/secure.gravatar.com\/avatar\/2fcdf27c78ea025fbdb44e914cc63c72249ffec9dc8aafd5c82b26240ef3f346?s=96&d=mm&r=g","caption":"Redazione"},"url":"https:\/\/www.rassegnastampa-totustuus.it\/cattolica\/author\/pietroelle\/"}]}},"_links":{"self":[{"href":"https:\/\/www.rassegnastampa-totustuus.it\/cattolica\/wp-json\/wp\/v2\/posts\/30109","targetHints":{"allow":["GET"]}}],"collection":[{"href":"https:\/\/www.rassegnastampa-totustuus.it\/cattolica\/wp-json\/wp\/v2\/posts"}],"about":[{"href":"https:\/\/www.rassegnastampa-totustuus.it\/cattolica\/wp-json\/wp\/v2\/types\/post"}],"author":[{"embeddable":true,"href":"https:\/\/www.rassegnastampa-totustuus.it\/cattolica\/wp-json\/wp\/v2\/users\/6"}],"replies":[{"embeddable":true,"href":"https:\/\/www.rassegnastampa-totustuus.it\/cattolica\/wp-json\/wp\/v2\/comments?post=30109"}],"version-history":[{"count":2,"href":"https:\/\/www.rassegnastampa-totustuus.it\/cattolica\/wp-json\/wp\/v2\/posts\/30109\/revisions"}],"predecessor-version":[{"id":30586,"href":"https:\/\/www.rassegnastampa-totustuus.it\/cattolica\/wp-json\/wp\/v2\/posts\/30109\/revisions\/30586"}],"wp:featuredmedia":[{"embeddable":true,"href":"https:\/\/www.rassegnastampa-totustuus.it\/cattolica\/wp-json\/wp\/v2\/media\/30110"}],"wp:attachment":[{"href":"https:\/\/www.rassegnastampa-totustuus.it\/cattolica\/wp-json\/wp\/v2\/media?parent=30109"}],"wp:term":[{"taxonomy":"category","embeddable":true,"href":"https:\/\/www.rassegnastampa-totustuus.it\/cattolica\/wp-json\/wp\/v2\/categories?post=30109"},{"taxonomy":"post_tag","embeddable":true,"href":"https:\/\/www.rassegnastampa-totustuus.it\/cattolica\/wp-json\/wp\/v2\/tags?post=30109"}],"curies":[{"name":"wp","href":"https:\/\/api.w.org\/{rel}","templated":true}]}}