{"id":30046,"date":"2015-08-29T00:00:24","date_gmt":"2015-08-28T22:00:24","guid":{"rendered":"http:\/\/www.rassegnastampa-totustuus.it\/cattolica\/?p=30046"},"modified":"2016-01-29T11:06:48","modified_gmt":"2016-01-29T10:06:48","slug":"missa-da-requiem","status":"publish","type":"post","link":"https:\/\/www.rassegnastampa-totustuus.it\/cattolica\/missa-da-requiem\/","title":{"rendered":"Missa da requiem?"},"content":{"rendered":"<p style=\"text-align: center;\"><strong><a href=\"https:\/\/www.rassegnastampa-totustuus.it\/cattolica\/wp-content\/uploads\/2016\/01\/corale.jpg\"><img loading=\"lazy\" decoding=\"async\" class=\"alignleft wp-image-30047\" src=\"https:\/\/www.rassegnastampa-totustuus.it\/cattolica\/wp-content\/uploads\/2016\/01\/corale.jpg\" alt=\"corale\" width=\"250\" height=\"187\" \/><\/a>Avvenire <\/strong>22 settembre 1992<\/p>\n<p style=\"text-align: center;\"><em>Alla ricerca dei motivi d<\/em><em>ella \u00abcrisi\u00bb, parlano compositori<\/em><em> e direttori<\/em><\/p>\n<p style=\"text-align: center;\">di <strong>Massimo Iondini<\/strong><\/p>\n<p style=\"text-align: center;\"><!--more--><\/p>\n<p style=\"text-align: justify;\">Grandi titoli sui giornali, all&#8217;indomani della presentazione del Congresso nazionale di musica sacra di Bologna, conclusosi domenica: Mozart \u00abcacciato\u00bb dalle chiese, le sue note bandite dai &#8220;controriformatori&#8221; della musica sacra.<\/p>\n<p style=\"text-align: justify;\">Titoli anche accattivanti, ma niente pi\u00f9. A parte la solita deprimente superficialit\u00e0 di fondo: \u00abIn tutti i grandi compositori \u2014 precisa infatti monsignor <strong>Luciano Migliavacca,<\/strong> da anni maestro di cappella del Duomo di Milano e presidente del comitato organiz\u00adzatore del Congresso di Bologna \u2014 si possono trovare degli splendidi brani piena\u00admente inseribili in ambito liturgico: come, ad esempio, l&#8217;Ave verum di Mozart. Del quale, comunque, \u00e8 legittimo supporre una non profonda concezione della liturgia eucaristica\u00bb.<\/p>\n<p style=\"text-align: justify;\">A &#8220;riabilitare&#8221; Mozart dunque, ci pensa proprio uno dei veterani della musica sacra contemporanea, compagno di scuderia (anche lui infatti fa parte dell&#8217;Associazione Santa Cecilia, sorta nel 1880 per riformare la musica sacra a quel tempo fortemente condizionata dalla lirica) di colui che, con le sue dichiarazioni di due settimane or sono, aveva in qualche modo innescato la miccia della presunta polemica: don <strong>Franco Baggiani<\/strong>, maestro di Cappella del Duomo di Pisa e direttore del segretariato di organologia della \u00abSanta Cecilia\u00bb.<\/p>\n<p style=\"text-align: justify;\">\u00abSui giornali \u2014 chiarisce subito don Baggiani \u2014 si \u00e8 avuta l&#8217;impressione di una sorta di crociata restauratrice, ma non \u00e8 cos\u00ec. Non si pu\u00f2 dire che la &#8220;Santa Cecilia&#8221; sia arroccata su posizioni vecchie: ma, essendo l&#8217;unica associazione di compositori e musicisti di genere sacro, vogliamo che si mantenga un certo equilibrio. La musica sacra deve entrare nella liturgia, non deve quindi essere genericamente religiosa, come quella che, invece, pu\u00f2 ben trovare spazio in concerto o anche nei luoghi di culto, ma fuori dalla liturgia\u00bb.<\/p>\n<p style=\"text-align: justify;\">Rimandata cosi ai mittenti l&#8217;infondata accusa di escludere certi autori per la loro inadeguatezza \u2014 per cos\u00ec dire \u2014 \u00abideologica\u00bb, don Baggiani mette per\u00f2 il dito in una piaga che si \u00e8 aperta successivamente alle &#8220;concessioni&#8221; post-conciliari: \u00abDal concilio Vaticano II c&#8217;\u00e8 una nuova realt\u00e0 che prima non esisteva, vale a dire il canto del &#8220;popolo&#8221;. Ma, purtroppo, questo ipotetico passaggio dal canto delle corali a quello di tutta l&#8217;assemblea \u00e8 stato in balia della pi\u00f9 totale improvvisazione. Cos\u00ec \u00e8 successo che la gente, il popolo, rimaneva in silenzio come prima e hanno via via cominciato a prendere il sopravvento strumenti e stili giovanili quasi pop\u00bb.<\/p>\n<p style=\"text-align: justify;\">\u00abOra, \u00e8 da decenni che non si compone vera musica sacra perch\u00e9 chiunque si sente in diritto di comporre per la liturgia. Sbagliano quei vescovi che dicono: noi dobbiamo andare incontro ai giovani. Perch\u00e9, se \u00e8 cosi, allora noi musicisti e compositori sacri usciti dal conservatorio, accusati di fare soltanto il gregoriano e la polifonia, dovremmo abdicare al nostro ruolo e lasciarci invece trascinare dalle mode facili\u00bb.<\/p>\n<p style=\"text-align: justify;\">Il giornalista musicofilo <strong>Michele Straniero<\/strong> sembra d&#8217;accordo. Alcuni anni fa pubblic\u00f2 un volume che esemplificava il cammino della musica liturgica, dal gregoriano alle chitarre, intitolato provocatoriamente Mira il tuo pop: \u00abLa tesi di fondo che mi proponevo \u2014 spiega \u2014 \u00e8 che le recenti composizioni che accompagnano la celebrazione eucaristica sono oggettivamente povere rispetto a quelle del passato e rappresentano a mio giudizio il segno di una decadenza, di un progressivo immiserimento della sacralit\u00e0 della musica liturgica. Ma, forse, questo \u00e8 piuttosto un segno del nostro tempo. Viviamo, infatti, una fase di grande degradazione formalistica ed espressiva in tutti i campi della comunicazione. Non credo, comunque, che la colpa della cattiva qualit\u00e0 di molta musica liturgica d&#8217;oggi sia in qualche modo da addebitare ad una mancata direttiva dall&#8217;alto\u00bb.<\/p>\n<p style=\"text-align: justify;\">L&#8217;attacco pi\u00f9 duro alle schiere dei pi\u00f9 o meno ispirati menestrelli delle Messe domenicali viene comunque dalla montagna, ma senza mazzolini di fiori. Non c&#8217;\u00e8 riconciliazione per <strong>Bepi De Marzi<\/strong>, cinquantasettenne organista dei \u00abSolisti veneti\u00bb nonch\u00e9 italico \u00abnumero uno\u00bb nella composizione di canti popolari e di montagna. Attacca duro: \u00abGran parte della musica liturgica sfornata in Italia negli ultimi anni da improvvisati dilettanti \u00e8 semplicemente orrenda, inudibile: come orrendi sono molti testi. La musica nella liturgia deve essere creativa, non ricreativa\u00bb.<\/p>\n<p style=\"text-align: justify;\">\u00abOggi questo tipo di musica \u00e8 purtroppo nelle mani di chi improvvisa un motivetto e per questo crede di essere un compositore. \u00c8 necessario, invece, che chi scrive per la Chiesa, faccia letteratura profonda, sia testuale che musicale. Non si devono sentire brani in stile &#8220;sanremese&#8221;. Per porre fine, per\u00f2, all\u2019effetto campeggio&#8221; di certe Messe bisogna che si ritorni alla grande musica, che deve servire ai giovani musicisti e compositori veri affinch\u00e9 ritrovino la vena. Io, comunque, non sono, pessimista. Occorre recuperare i testi della tradizione come, ad esempio, i Salmi. Diceva padre Turoldo (di cui De Marzi, assieme a Ismaele Passoni, ha musicato molte composizioni liriche, ndr): &#8220;Il salmo \u00e8 la poesia che Dio ha piacere di sentire&#8221;\u00bb.<\/p>\n<p style=\"text-align: justify;\">Insomma, pare di capire che a molta della musica che accompagna ultimamente la liturgia manchi proprio il carattere essenziale della sacert\u00e0. \u00abLa bellezza e la levit\u00e0 spirituale di certe partiture le renderebbe di per s\u00e9 adatte alla Liturgia \u2014 chiarisce monsignor Migliavacca \u2014, ma ad esse si devono sposare con naturalezza e grazia i testi sacri, che non necessariamente devono essere presi dal Messale. Comunque, la parola giusta l&#8217;aveva pronunciata Paolo VI: discernimento. \u00c8 questa la vera qualit\u00e0 che ci deve ispirare nello scegliere le forme musicali per la liturgia\u00bb.<\/p>\n<p style=\"text-align: justify;\">E\u2019 naturale: dopo ogni \u00abrivoluzione\u00bb (qual \u00e8 stata, nella fattispecie, quella post-conciliare) viene un periodo di sbandamento e di ricerca di nuovi equilibri. \u00abLa musica sacra nella tradizione occidentale \u2014 osserva infatti monsignor <strong>Pierangelo Sequeri<\/strong>, viceprefetto della Biblioteca Ambrosiana di Milano e compositore di larga fama \u2014 si \u00e8 storicamente modellata sul latino della Bibbia, che \u00e8 una lingua con una sua musicalit\u00e0 sulla quale si sono plasmate le forme compositive liturgiche. Ve\u00adnendo meno, dopo il Concilio, la lingua che ha governato tre quarti della stona musicale e il 90% di quella sacra, si \u00e8 creato un vero e proprio squarcio\u00bb.<\/p>\n<p style=\"text-align: justify;\">\u00abOra, quel che noi compositori dobbiamo fare \u00e8 cominciare a studiare il rapporto tra la lingua italiana della liturgia e la nuova struttura della frase musicale, affinch\u00e9 anche l&#8217;italiano diventi una lingua liturgica: Se per il latino questo processo non \u00e8 avvenuto in un lampo, non pu\u00f2 essere diverso per l&#8217;italiano. Intanto, per\u00f2, noi musicisti e compositori dobbiamo cercare di contrastare l&#8217;azzeramento, in atto in questi anni, della ricchezza di forme musicali che la nostra tradizione ha acquisito nei secoli\u00bb.<\/p>\n<p style=\"text-align: justify;\">Credito ai musicisti veri, dunque, forgiati dallo studio e dalla pratica musicale e compositiva perch\u00e9 l&#8217;impero delle canzonette non finisca per alimentare l&#8217;arte vera. \u00ab\u00c8 il solito discorso del nova et vetera \u2014 conferma <strong>Gian Nicola Vessia<\/strong>, direttore editoriale delle edizioni musicali Carrara, l&#8217;unica casa editrice italiana di musica sacra (che tra l&#8217;altro quest&#8217;anno compie 80 anni) \u2014. Occorre equilibrio tra ci\u00f2 che irrompe sulla scena e ci\u00f2 che fa parte della tradizione. Per questo vogliamo dare spazio, sulla nostra rivista Celebriamo, a composizioni di giovani musicisti, dai 24 ai 35 anni di et\u00e0, accanto alle quali per\u00f2 pubblicheremo musiche sacre del 700 e &#8216;800. Per non dimenticare la traccia lasciata da quei maestri. La musica, anche quella sacra, si alimenta cosi\u00bb.<\/p>\n","protected":false},"excerpt":{"rendered":"<p>Avvenire 22 settembre 1992 Alla ricerca dei motivi della \u00abcrisi\u00bb, parlano compositori e direttori di Massimo Iondini<\/p><p><a class=\"more-link btn\" href=\"https:\/\/www.rassegnastampa-totustuus.it\/cattolica\/missa-da-requiem\/\">Continua a leggere<\/a><\/p>\n","protected":false},"author":6,"featured_media":30047,"comment_status":"closed","ping_status":"closed","sticky":false,"template":"","format":"standard","meta":{"footnotes":""},"categories":[5,115],"tags":[1325],"class_list":["post-30046","post","type-post","status-publish","format-standard","has-post-thumbnail","hentry","category-chiesa","category-liturgia","tag-musica-sacra","item-wrap"],"yoast_head":"<!-- This site is optimized with the Yoast SEO plugin v27.5 - https:\/\/yoast.com\/product\/yoast-seo-wordpress\/ -->\n<title>Missa da requiem? - Rassegna Stampa Cattolica<\/title>\n<meta name=\"description\" content=\"Rassegna Stampa Cattolica - Per una cultura che nasce dalla Rivelazione cristiana in conformit\u00e0 alla tradizione e al Magistero della Chiesa in opposizione ad ogni relativismo e totalitarismo\" \/>\n<meta name=\"robots\" content=\"index, follow, max-snippet:-1, max-image-preview:large, max-video-preview:-1\" \/>\n<link rel=\"canonical\" href=\"https:\/\/www.rassegnastampa-totustuus.it\/cattolica\/missa-da-requiem\/\" \/>\n<meta property=\"og:locale\" content=\"it_IT\" \/>\n<meta property=\"og:type\" content=\"article\" \/>\n<meta property=\"og:title\" content=\"Missa da requiem? - Rassegna Stampa Cattolica\" \/>\n<meta property=\"og:description\" content=\"Rassegna Stampa Cattolica - Per una cultura che nasce dalla Rivelazione cristiana in conformit\u00e0 alla tradizione e al Magistero della Chiesa in opposizione ad ogni relativismo e totalitarismo\" \/>\n<meta property=\"og:url\" content=\"https:\/\/www.rassegnastampa-totustuus.it\/cattolica\/missa-da-requiem\/\" \/>\n<meta property=\"og:site_name\" content=\"Rassegna Stampa Cattolica\" \/>\n<meta property=\"article:publisher\" content=\"https:\/\/www.facebook.com\/rassegnastampacattolica\" \/>\n<meta property=\"article:published_time\" content=\"2015-08-28T22:00:24+00:00\" \/>\n<meta property=\"article:modified_time\" content=\"2016-01-29T10:06:48+00:00\" \/>\n<meta property=\"og:image\" content=\"https:\/\/www.rassegnastampa-totustuus.it\/cattolica\/wp-content\/uploads\/2016\/01\/corale.jpg\" \/>\n\t<meta property=\"og:image:width\" content=\"259\" \/>\n\t<meta property=\"og:image:height\" content=\"194\" \/>\n\t<meta property=\"og:image:type\" content=\"image\/jpeg\" \/>\n<meta name=\"author\" content=\"Redazione\" \/>\n<meta name=\"twitter:card\" content=\"summary_large_image\" \/>\n<meta name=\"twitter:creator\" content=\"@rassegnastampa9\" \/>\n<meta name=\"twitter:site\" content=\"@rassegnastampa9\" \/>\n<meta name=\"twitter:label1\" content=\"Scritto da\" \/>\n\t<meta name=\"twitter:data1\" content=\"Redazione\" \/>\n\t<meta name=\"twitter:label2\" content=\"Tempo di lettura stimato\" \/>\n\t<meta name=\"twitter:data2\" content=\"6 minuti\" \/>\n<script type=\"application\/ld+json\" class=\"yoast-schema-graph\">{\"@context\":\"https:\\\/\\\/schema.org\",\"@graph\":[{\"@type\":\"Article\",\"@id\":\"https:\\\/\\\/www.rassegnastampa-totustuus.it\\\/cattolica\\\/missa-da-requiem\\\/#article\",\"isPartOf\":{\"@id\":\"https:\\\/\\\/www.rassegnastampa-totustuus.it\\\/cattolica\\\/missa-da-requiem\\\/\"},\"author\":{\"name\":\"Redazione\",\"@id\":\"https:\\\/\\\/www.rassegnastampa-totustuus.it\\\/cattolica\\\/#\\\/schema\\\/person\\\/08f319d2bd1a0904ad9e2bfb7b15e5c3\"},\"headline\":\"Missa da requiem?\",\"datePublished\":\"2015-08-28T22:00:24+00:00\",\"dateModified\":\"2016-01-29T10:06:48+00:00\",\"mainEntityOfPage\":{\"@id\":\"https:\\\/\\\/www.rassegnastampa-totustuus.it\\\/cattolica\\\/missa-da-requiem\\\/\"},\"wordCount\":1166,\"publisher\":{\"@id\":\"https:\\\/\\\/www.rassegnastampa-totustuus.it\\\/cattolica\\\/#organization\"},\"image\":{\"@id\":\"https:\\\/\\\/www.rassegnastampa-totustuus.it\\\/cattolica\\\/missa-da-requiem\\\/#primaryimage\"},\"thumbnailUrl\":\"https:\\\/\\\/www.rassegnastampa-totustuus.it\\\/cattolica\\\/wp-content\\\/uploads\\\/2016\\\/01\\\/corale.jpg\",\"keywords\":[\"musica sacra\"],\"articleSection\":[\"Chiesa\",\"Liturgia\"],\"inLanguage\":\"it-IT\"},{\"@type\":\"WebPage\",\"@id\":\"https:\\\/\\\/www.rassegnastampa-totustuus.it\\\/cattolica\\\/missa-da-requiem\\\/\",\"url\":\"https:\\\/\\\/www.rassegnastampa-totustuus.it\\\/cattolica\\\/missa-da-requiem\\\/\",\"name\":\"Missa da requiem? - Rassegna Stampa Cattolica\",\"isPartOf\":{\"@id\":\"https:\\\/\\\/www.rassegnastampa-totustuus.it\\\/cattolica\\\/#website\"},\"primaryImageOfPage\":{\"@id\":\"https:\\\/\\\/www.rassegnastampa-totustuus.it\\\/cattolica\\\/missa-da-requiem\\\/#primaryimage\"},\"image\":{\"@id\":\"https:\\\/\\\/www.rassegnastampa-totustuus.it\\\/cattolica\\\/missa-da-requiem\\\/#primaryimage\"},\"thumbnailUrl\":\"https:\\\/\\\/www.rassegnastampa-totustuus.it\\\/cattolica\\\/wp-content\\\/uploads\\\/2016\\\/01\\\/corale.jpg\",\"datePublished\":\"2015-08-28T22:00:24+00:00\",\"dateModified\":\"2016-01-29T10:06:48+00:00\",\"description\":\"Rassegna Stampa Cattolica - Per una cultura che nasce dalla Rivelazione cristiana in conformit\u00e0 alla tradizione e al Magistero della Chiesa in opposizione ad ogni relativismo e totalitarismo\",\"breadcrumb\":{\"@id\":\"https:\\\/\\\/www.rassegnastampa-totustuus.it\\\/cattolica\\\/missa-da-requiem\\\/#breadcrumb\"},\"inLanguage\":\"it-IT\",\"potentialAction\":[{\"@type\":\"ReadAction\",\"target\":[\"https:\\\/\\\/www.rassegnastampa-totustuus.it\\\/cattolica\\\/missa-da-requiem\\\/\"]}]},{\"@type\":\"ImageObject\",\"inLanguage\":\"it-IT\",\"@id\":\"https:\\\/\\\/www.rassegnastampa-totustuus.it\\\/cattolica\\\/missa-da-requiem\\\/#primaryimage\",\"url\":\"https:\\\/\\\/www.rassegnastampa-totustuus.it\\\/cattolica\\\/wp-content\\\/uploads\\\/2016\\\/01\\\/corale.jpg\",\"contentUrl\":\"https:\\\/\\\/www.rassegnastampa-totustuus.it\\\/cattolica\\\/wp-content\\\/uploads\\\/2016\\\/01\\\/corale.jpg\",\"width\":259,\"height\":194},{\"@type\":\"BreadcrumbList\",\"@id\":\"https:\\\/\\\/www.rassegnastampa-totustuus.it\\\/cattolica\\\/missa-da-requiem\\\/#breadcrumb\",\"itemListElement\":[{\"@type\":\"ListItem\",\"position\":1,\"name\":\"Home\",\"item\":\"https:\\\/\\\/www.rassegnastampa-totustuus.it\\\/cattolica\\\/\"},{\"@type\":\"ListItem\",\"position\":2,\"name\":\"Missa da requiem?\"}]},{\"@type\":\"WebSite\",\"@id\":\"https:\\\/\\\/www.rassegnastampa-totustuus.it\\\/cattolica\\\/#website\",\"url\":\"https:\\\/\\\/www.rassegnastampa-totustuus.it\\\/cattolica\\\/\",\"name\":\"Rassegna Stampa Cattolica\",\"description\":\"Per una cultura che nasce dalla Rivelazione cristiana in conformit\u00e0 alla tradizione e al Magistero della Chiesa in opposizione ad ogni relativismo e totalitarismo\",\"publisher\":{\"@id\":\"https:\\\/\\\/www.rassegnastampa-totustuus.it\\\/cattolica\\\/#organization\"},\"alternateName\":\"Rass. Cattolica\",\"potentialAction\":[{\"@type\":\"SearchAction\",\"target\":{\"@type\":\"EntryPoint\",\"urlTemplate\":\"https:\\\/\\\/www.rassegnastampa-totustuus.it\\\/cattolica\\\/?s={search_term_string}\"},\"query-input\":{\"@type\":\"PropertyValueSpecification\",\"valueRequired\":true,\"valueName\":\"search_term_string\"}}],\"inLanguage\":\"it-IT\"},{\"@type\":\"Organization\",\"@id\":\"https:\\\/\\\/www.rassegnastampa-totustuus.it\\\/cattolica\\\/#organization\",\"name\":\"Rassegna Stampa Cattolica\",\"url\":\"https:\\\/\\\/www.rassegnastampa-totustuus.it\\\/cattolica\\\/\",\"logo\":{\"@type\":\"ImageObject\",\"inLanguage\":\"it-IT\",\"@id\":\"https:\\\/\\\/www.rassegnastampa-totustuus.it\\\/cattolica\\\/#\\\/schema\\\/logo\\\/image\\\/\",\"url\":\"https:\\\/\\\/www.rassegnastampa-totustuus.it\\\/cattolica\\\/wp-content\\\/uploads\\\/2014\\\/04\\\/logo-rassegna1.gif\",\"contentUrl\":\"https:\\\/\\\/www.rassegnastampa-totustuus.it\\\/cattolica\\\/wp-content\\\/uploads\\\/2014\\\/04\\\/logo-rassegna1.gif\",\"width\":600,\"height\":163,\"caption\":\"Rassegna Stampa Cattolica\"},\"image\":{\"@id\":\"https:\\\/\\\/www.rassegnastampa-totustuus.it\\\/cattolica\\\/#\\\/schema\\\/logo\\\/image\\\/\"},\"sameAs\":[\"https:\\\/\\\/www.facebook.com\\\/rassegnastampacattolica\",\"https:\\\/\\\/x.com\\\/rassegnastampa9\"]},{\"@type\":\"Person\",\"@id\":\"https:\\\/\\\/www.rassegnastampa-totustuus.it\\\/cattolica\\\/#\\\/schema\\\/person\\\/08f319d2bd1a0904ad9e2bfb7b15e5c3\",\"name\":\"Redazione\",\"image\":{\"@type\":\"ImageObject\",\"inLanguage\":\"it-IT\",\"@id\":\"https:\\\/\\\/secure.gravatar.com\\\/avatar\\\/2fcdf27c78ea025fbdb44e914cc63c72249ffec9dc8aafd5c82b26240ef3f346?s=96&d=mm&r=g\",\"url\":\"https:\\\/\\\/secure.gravatar.com\\\/avatar\\\/2fcdf27c78ea025fbdb44e914cc63c72249ffec9dc8aafd5c82b26240ef3f346?s=96&d=mm&r=g\",\"contentUrl\":\"https:\\\/\\\/secure.gravatar.com\\\/avatar\\\/2fcdf27c78ea025fbdb44e914cc63c72249ffec9dc8aafd5c82b26240ef3f346?s=96&d=mm&r=g\",\"caption\":\"Redazione\"},\"url\":\"https:\\\/\\\/www.rassegnastampa-totustuus.it\\\/cattolica\\\/author\\\/pietroelle\\\/\"}]}<\/script>\n<!-- \/ Yoast SEO plugin. -->","yoast_head_json":{"title":"Missa da requiem? - Rassegna Stampa Cattolica","description":"Rassegna Stampa Cattolica - Per una cultura che nasce dalla Rivelazione cristiana in conformit\u00e0 alla tradizione e al Magistero della Chiesa in opposizione ad ogni relativismo e totalitarismo","robots":{"index":"index","follow":"follow","max-snippet":"max-snippet:-1","max-image-preview":"max-image-preview:large","max-video-preview":"max-video-preview:-1"},"canonical":"https:\/\/www.rassegnastampa-totustuus.it\/cattolica\/missa-da-requiem\/","og_locale":"it_IT","og_type":"article","og_title":"Missa da requiem? - Rassegna Stampa Cattolica","og_description":"Rassegna Stampa Cattolica - Per una cultura che nasce dalla Rivelazione cristiana in conformit\u00e0 alla tradizione e al Magistero della Chiesa in opposizione ad ogni relativismo e totalitarismo","og_url":"https:\/\/www.rassegnastampa-totustuus.it\/cattolica\/missa-da-requiem\/","og_site_name":"Rassegna Stampa Cattolica","article_publisher":"https:\/\/www.facebook.com\/rassegnastampacattolica","article_published_time":"2015-08-28T22:00:24+00:00","article_modified_time":"2016-01-29T10:06:48+00:00","og_image":[{"width":259,"height":194,"url":"https:\/\/www.rassegnastampa-totustuus.it\/cattolica\/wp-content\/uploads\/2016\/01\/corale.jpg","type":"image\/jpeg"}],"author":"Redazione","twitter_card":"summary_large_image","twitter_creator":"@rassegnastampa9","twitter_site":"@rassegnastampa9","twitter_misc":{"Scritto da":"Redazione","Tempo di lettura stimato":"6 minuti"},"schema":{"@context":"https:\/\/schema.org","@graph":[{"@type":"Article","@id":"https:\/\/www.rassegnastampa-totustuus.it\/cattolica\/missa-da-requiem\/#article","isPartOf":{"@id":"https:\/\/www.rassegnastampa-totustuus.it\/cattolica\/missa-da-requiem\/"},"author":{"name":"Redazione","@id":"https:\/\/www.rassegnastampa-totustuus.it\/cattolica\/#\/schema\/person\/08f319d2bd1a0904ad9e2bfb7b15e5c3"},"headline":"Missa da requiem?","datePublished":"2015-08-28T22:00:24+00:00","dateModified":"2016-01-29T10:06:48+00:00","mainEntityOfPage":{"@id":"https:\/\/www.rassegnastampa-totustuus.it\/cattolica\/missa-da-requiem\/"},"wordCount":1166,"publisher":{"@id":"https:\/\/www.rassegnastampa-totustuus.it\/cattolica\/#organization"},"image":{"@id":"https:\/\/www.rassegnastampa-totustuus.it\/cattolica\/missa-da-requiem\/#primaryimage"},"thumbnailUrl":"https:\/\/www.rassegnastampa-totustuus.it\/cattolica\/wp-content\/uploads\/2016\/01\/corale.jpg","keywords":["musica sacra"],"articleSection":["Chiesa","Liturgia"],"inLanguage":"it-IT"},{"@type":"WebPage","@id":"https:\/\/www.rassegnastampa-totustuus.it\/cattolica\/missa-da-requiem\/","url":"https:\/\/www.rassegnastampa-totustuus.it\/cattolica\/missa-da-requiem\/","name":"Missa da requiem? - Rassegna Stampa Cattolica","isPartOf":{"@id":"https:\/\/www.rassegnastampa-totustuus.it\/cattolica\/#website"},"primaryImageOfPage":{"@id":"https:\/\/www.rassegnastampa-totustuus.it\/cattolica\/missa-da-requiem\/#primaryimage"},"image":{"@id":"https:\/\/www.rassegnastampa-totustuus.it\/cattolica\/missa-da-requiem\/#primaryimage"},"thumbnailUrl":"https:\/\/www.rassegnastampa-totustuus.it\/cattolica\/wp-content\/uploads\/2016\/01\/corale.jpg","datePublished":"2015-08-28T22:00:24+00:00","dateModified":"2016-01-29T10:06:48+00:00","description":"Rassegna Stampa Cattolica - Per una cultura che nasce dalla Rivelazione cristiana in conformit\u00e0 alla tradizione e al Magistero della Chiesa in opposizione ad ogni relativismo e totalitarismo","breadcrumb":{"@id":"https:\/\/www.rassegnastampa-totustuus.it\/cattolica\/missa-da-requiem\/#breadcrumb"},"inLanguage":"it-IT","potentialAction":[{"@type":"ReadAction","target":["https:\/\/www.rassegnastampa-totustuus.it\/cattolica\/missa-da-requiem\/"]}]},{"@type":"ImageObject","inLanguage":"it-IT","@id":"https:\/\/www.rassegnastampa-totustuus.it\/cattolica\/missa-da-requiem\/#primaryimage","url":"https:\/\/www.rassegnastampa-totustuus.it\/cattolica\/wp-content\/uploads\/2016\/01\/corale.jpg","contentUrl":"https:\/\/www.rassegnastampa-totustuus.it\/cattolica\/wp-content\/uploads\/2016\/01\/corale.jpg","width":259,"height":194},{"@type":"BreadcrumbList","@id":"https:\/\/www.rassegnastampa-totustuus.it\/cattolica\/missa-da-requiem\/#breadcrumb","itemListElement":[{"@type":"ListItem","position":1,"name":"Home","item":"https:\/\/www.rassegnastampa-totustuus.it\/cattolica\/"},{"@type":"ListItem","position":2,"name":"Missa da requiem?"}]},{"@type":"WebSite","@id":"https:\/\/www.rassegnastampa-totustuus.it\/cattolica\/#website","url":"https:\/\/www.rassegnastampa-totustuus.it\/cattolica\/","name":"Rassegna Stampa Cattolica","description":"Per una cultura che nasce dalla Rivelazione cristiana in conformit\u00e0 alla tradizione e al Magistero della Chiesa in opposizione ad ogni relativismo e totalitarismo","publisher":{"@id":"https:\/\/www.rassegnastampa-totustuus.it\/cattolica\/#organization"},"alternateName":"Rass. Cattolica","potentialAction":[{"@type":"SearchAction","target":{"@type":"EntryPoint","urlTemplate":"https:\/\/www.rassegnastampa-totustuus.it\/cattolica\/?s={search_term_string}"},"query-input":{"@type":"PropertyValueSpecification","valueRequired":true,"valueName":"search_term_string"}}],"inLanguage":"it-IT"},{"@type":"Organization","@id":"https:\/\/www.rassegnastampa-totustuus.it\/cattolica\/#organization","name":"Rassegna Stampa Cattolica","url":"https:\/\/www.rassegnastampa-totustuus.it\/cattolica\/","logo":{"@type":"ImageObject","inLanguage":"it-IT","@id":"https:\/\/www.rassegnastampa-totustuus.it\/cattolica\/#\/schema\/logo\/image\/","url":"https:\/\/www.rassegnastampa-totustuus.it\/cattolica\/wp-content\/uploads\/2014\/04\/logo-rassegna1.gif","contentUrl":"https:\/\/www.rassegnastampa-totustuus.it\/cattolica\/wp-content\/uploads\/2014\/04\/logo-rassegna1.gif","width":600,"height":163,"caption":"Rassegna Stampa Cattolica"},"image":{"@id":"https:\/\/www.rassegnastampa-totustuus.it\/cattolica\/#\/schema\/logo\/image\/"},"sameAs":["https:\/\/www.facebook.com\/rassegnastampacattolica","https:\/\/x.com\/rassegnastampa9"]},{"@type":"Person","@id":"https:\/\/www.rassegnastampa-totustuus.it\/cattolica\/#\/schema\/person\/08f319d2bd1a0904ad9e2bfb7b15e5c3","name":"Redazione","image":{"@type":"ImageObject","inLanguage":"it-IT","@id":"https:\/\/secure.gravatar.com\/avatar\/2fcdf27c78ea025fbdb44e914cc63c72249ffec9dc8aafd5c82b26240ef3f346?s=96&d=mm&r=g","url":"https:\/\/secure.gravatar.com\/avatar\/2fcdf27c78ea025fbdb44e914cc63c72249ffec9dc8aafd5c82b26240ef3f346?s=96&d=mm&r=g","contentUrl":"https:\/\/secure.gravatar.com\/avatar\/2fcdf27c78ea025fbdb44e914cc63c72249ffec9dc8aafd5c82b26240ef3f346?s=96&d=mm&r=g","caption":"Redazione"},"url":"https:\/\/www.rassegnastampa-totustuus.it\/cattolica\/author\/pietroelle\/"}]}},"_links":{"self":[{"href":"https:\/\/www.rassegnastampa-totustuus.it\/cattolica\/wp-json\/wp\/v2\/posts\/30046","targetHints":{"allow":["GET"]}}],"collection":[{"href":"https:\/\/www.rassegnastampa-totustuus.it\/cattolica\/wp-json\/wp\/v2\/posts"}],"about":[{"href":"https:\/\/www.rassegnastampa-totustuus.it\/cattolica\/wp-json\/wp\/v2\/types\/post"}],"author":[{"embeddable":true,"href":"https:\/\/www.rassegnastampa-totustuus.it\/cattolica\/wp-json\/wp\/v2\/users\/6"}],"replies":[{"embeddable":true,"href":"https:\/\/www.rassegnastampa-totustuus.it\/cattolica\/wp-json\/wp\/v2\/comments?post=30046"}],"version-history":[{"count":1,"href":"https:\/\/www.rassegnastampa-totustuus.it\/cattolica\/wp-json\/wp\/v2\/posts\/30046\/revisions"}],"predecessor-version":[{"id":30048,"href":"https:\/\/www.rassegnastampa-totustuus.it\/cattolica\/wp-json\/wp\/v2\/posts\/30046\/revisions\/30048"}],"wp:featuredmedia":[{"embeddable":true,"href":"https:\/\/www.rassegnastampa-totustuus.it\/cattolica\/wp-json\/wp\/v2\/media\/30047"}],"wp:attachment":[{"href":"https:\/\/www.rassegnastampa-totustuus.it\/cattolica\/wp-json\/wp\/v2\/media?parent=30046"}],"wp:term":[{"taxonomy":"category","embeddable":true,"href":"https:\/\/www.rassegnastampa-totustuus.it\/cattolica\/wp-json\/wp\/v2\/categories?post=30046"},{"taxonomy":"post_tag","embeddable":true,"href":"https:\/\/www.rassegnastampa-totustuus.it\/cattolica\/wp-json\/wp\/v2\/tags?post=30046"}],"curies":[{"name":"wp","href":"https:\/\/api.w.org\/{rel}","templated":true}]}}