{"id":3000,"date":"2009-04-01T08:21:27","date_gmt":"2009-04-01T06:21:27","guid":{"rendered":""},"modified":"2015-12-21T12:17:05","modified_gmt":"2015-12-21T11:17:05","slug":"il-jihad-si-combatte-non-solo-con-le-armi-ma-anche-nei-tribunali","status":"publish","type":"post","link":"https:\/\/www.rassegnastampa-totustuus.it\/cattolica\/il-jihad-si-combatte-non-solo-con-le-armi-ma-anche-nei-tribunali\/","title":{"rendered":"Il Jihad si combatte non solo con le armi ma anche nei tribunali"},"content":{"rendered":"<div style=\"text-align: center;\"><strong><a href=\"https:\/\/www.rassegnastampa-totustuus.it\/cattolica\/wp-content\/uploads\/2009\/04\/islam_tribunali.jpg\"><img loading=\"lazy\" decoding=\"async\" class=\"alignleft wp-image-28950\" src=\"https:\/\/www.rassegnastampa-totustuus.it\/cattolica\/wp-content\/uploads\/2009\/04\/islam_tribunali.jpg\" alt=\"islam_tribunali\" width=\"231\" height=\"148\" \/><\/a>L&#8217;Occidentale,<\/strong> 29 marzo 2009<\/div>\n<p style=\"text-align: center;\"><em>Islam, istruzioni per l&#8217;uso<\/em><\/p>\n<p style=\"text-align: center;\">di <strong>Valentina Colombo<\/strong><\/p>\n<p style=\"text-align: justify;\">\u201cL\u2019UOIF [Unione delle organizzazioni islamiche di Francia] perseguir\u00e0 tutte le procedure legali per porre fine all\u2019accanimento contro il Profeta Maometto \u2013 pace su di lui \u2013 e alla stigmatizzazione sistematica dell\u2019islam e dei musulmani\u201d (Comunicato dell\u2019UOIF, 20 marzo 2008).<\/p>\n<p style=\"text-align: justify;\"><!--more--><\/p>\n<p style=\"text-align: justify;\">Uno dei vantaggi del jihad con le armi \u00e8 quello di essere palese e quindi di essere facilmente riconoscibile. Si cercano armi, cellule di predicatori del jihad. Tuttavia negli ultimi anni ha preso piede, soprattutto in quell\u2019islam vicino al movimento dei Fratelli musulmani, un altro tipo di jihad ben pi\u00f9 subdolo: quello che si svolge nei tribunali. Chiunque, giornalista, politico o avvocato che sia, si occupi di islam rischia di venire citato in tribunale per \u201coltraggio nei confronti di un gruppo di persone in ragione della loro religione\u201d.<\/p>\n<p style=\"text-align: justify;\">Uno degli ultimi esempi \u00e8 stato il processo intentato in Francia dall\u2019Unione delle Organizzazioni islamiche di Francia e dalla Grande moschea di Parigi contro la rivista satirica \u201cCharlie Hebdo\u201d per avere ripubblicato le vignette danesi su Maometto. Nel marzo 2008 la corte d\u2019appello di Parigi ha respinto ogni capo d\u2019accusa poich\u00e9 le caricature \u201cche si riferiscono chiaramente a una frazione e non all\u2019insieme della comunit\u00e0 islamica, non costituiscono un oltraggio, n\u00e9 un attacco personale e diretto contro un gruppo di persone in virt\u00f9 della loro appartenenza religiosa e non valicano il limite ammesso della libert\u00e0 di espressione\u201d.<\/p>\n<p style=\"text-align: justify;\">Il tribunale francese ha agito in maniera saggia e sensata, ma la situazione deve fare riflettere per almeno due motivi: in primo luogo, l\u2019attacco non viene da tutti musulmani, ma da sedicenti \u201ccomunit\u00e0 e organizzazioni islamiche\u201d che non sono per nulla rappresentative, e in secondo luogo perch\u00e9 esiste una strategia che mira a mettere il bavaglio alla libert\u00e0 d\u2019espressione, in secondo luogo, a dimostrazione del fatto che l\u2019islam ha vari volti, l\u2019avvocato della rivista francese. Esistono avvocati, solitamente occidentali conniventi dal punto vista ideologico, preposti solo a questo.<\/p>\n<p style=\"text-align: justify;\">Un esempio lampante di jihad in tribunale \u00e8 quanto ha denunciato Magdi Cristiano Allam in un suo articolo comparso sul <em>Corriere della Sera<\/em> l\u201911 marzo 2008. E\u2019 un testo lungo, ma merita di essere citato per esteso: \u201cVenerd\u00ec 7 marzo 2008 ricevo per posta nell\u2019ordine: 1) Richiesta risarcimento danni da parte dell\u2019avvocato Luca Bauccio per conto di Rachid Kherigi al-Ghannouchi, con riferimento a quanto ho scritto sul suo conto nel mio ultimo libro \u201cViva Israele\u201d.<\/p>\n<p style=\"text-align: justify;\">2) Richiesta risarcimento danni da parte dell\u2019avvocato Luca Bauccio per conto dell\u2019Ucoii (Unione delle Comunit\u00e0 e Organizzazioni Islamiche in Italia), con riferimento al mio articolo pubblicato sul <em>Corriere della Sera<\/em> il 4 settembre 2007 dal titolo \u201cQuei predatori d\u2019odio contro gli apostati sono arrivati in Italia\u201d. 3) Richiesta risarcimento danni da parte dell\u2019avv. Luca Bauccio per conto dell\u2019Ucoii con riferimento a ben 9 miei articoli pubblicati sul <em>Corriere della Sera<\/em> dal 14 settembre 2007 al 25 febbraio 2008.<\/p>\n<p style=\"text-align: justify;\">Nella stessa giornata mi arriva via fax una quarta comunicazione, una richiesta di pubblicazione di rettifica rivolta al Corriere, direttamente da parte del presidente dell\u2019Ucoii, Mohamed Nour Dachan, con riferimento al mio articolo del 25 febbraio 2008 dal titolo \u201cLe nozze islamiche e il rischio di copiare Brown\u201d. Sabato 8 marzo scarico dalla mia mail una quinta comunicazione, una richiesta da parte dell\u2019Ufficio Legale del <em>Corriere della Sera<\/em> di una relazione circa la causa civile intentata da al-Ghannouchi per tre miei articoli pubblicati sul giornale.<\/p>\n<p style=\"text-align: justify;\">Mentre per posta mi arriva una sesta comunicazione, un \u201cdecreto che dispone il giudizio\u201d emesso dall\u2019Ufficio del Giudice per le indagini preliminari del Tribunale di Milano, per una causa intentata da Abdellah Labdidi, imam della moschea Er Rahma di Fermo, in riferimento a un mio articolo pubblicato sul <em>Corriere della Sera<\/em> il 30 novembre 2003 dal titolo \u201cVenerd\u00ec d\u2019odio in alcune moschee\u201d.<\/p>\n<p style=\"text-align: justify;\">Sempre di sabato ho sentito telefonicamente uno dei miei avvocati, Gabriele Gatti, circa un settimo caso giudiziario, una causa intentata contro di me dai responsabili della Grande Moschea di Roma per una dichiarazione resa nel corso di una puntata della trasmissione &#8220;Otto e mezzo&#8221; su <em>La7<\/em>.<\/p>\n<p style=\"text-align: justify;\">La domenica per fortuna l\u2019ho passata indenne. Ma nella prima mattinata di luned\u00ec 10 marzo ho ricevuto un\u2019ottava comunicazione, una telefonata da parte di Bruno Tucci, presidente dell\u2019Ordine dei Giornalisti del Lazio, di convocazione per una denuncia inoltrata da Hamza Roberto Piccardo, ex segretario nazionale dell\u2019Ucoii, circa un mio articolo pubblicato sul <em>Corriere della Sera<\/em> il 16 gennaio 2007, con il titolo \u201cPoligamia, la moglie che accusa il capo Ucoii\u201d.<\/p>\n<p style=\"text-align: justify;\">Non \u00e8 un caso che in Italia Ucoii, Rached Ghannouchi, Tariq Ramadan e Yusuf al-Qaradawi siano tutti difesi dallo stesso studio legale che \u00e8 poi lo stesso che difende l\u2019ex imam di Varese dall\u2019accusa di terrorismo.<\/p>\n<p style=\"text-align: justify;\">E\u2019 proprio per rispondere a questo attacco frontale che negli Stati Uniti \u00e8 nato il \u201cMiddle East Forum Legal Project\u201d. Un jihad che ha visto la giornalista Rachel Ehrenfeld portata in un tribunale da Khalid bin Mahfouz per avere sostenuto che costui aveva legami finaziari con Al Qaeda e Hamas e condannata a un\u2019ammenda di 30.000 sterline e a pubbliche scuse; il Cair (Consiglio per le relazioni americano-islamiche) accusare Andrew Whitehead, responsabile del sito Anti-Cair, per avere diffuso false notizie a danno della reputazione dell\u2019Associazione, per poi ritirare l\u2019accusa due anni dopo; la Islamic Society di Boston accusare di diffamazione diciassette persone nel maggio 2005 anche in questo caso per ritirare l\u2019accusa due anni dopo.<\/p>\n<p style=\"text-align: justify;\">Il sito del \u201cLegal Project\u201d \u00e8 molto chiaro e lucido nel definire questa tattica: \u201cSiffatte cause sono spesso predatorie, avviate senza una seria aspettativa di successo, ma intraprese per causare la bancarotta, per distrarre, intimidire e demoralizzare gli accusati. Non si cerca tanto di vincere in tribunale, quanto di portare allo sfinimento ricercatori e analisti\u201d.<\/p>\n<p style=\"text-align: justify;\">Vengono riportati anche dati ben precisi riguardo all\u2019estrema attenzione rivolta dalle associazioni islamiche a questa battaglia: \u201cIl Cair ha annunciato nell\u2019ottobre 2005 di avere raccolto in un mese un milione di dollari, in parte per \u2018difendere gli attacchi diffamatori ai musulmani e all\u2019islam. \u201d<\/p>\n<p style=\"text-align: justify;\">Il jihad in tribunale \u00e8 stato dichiarato e merita un contrattacco. Il Legal Project americano meriterebbe di essere imitato in ogni dove perch\u00e9 solo cos\u00ec l\u2019occidente potr\u00e0 mantenere intatta la sua tanto cara libert\u00e0 d\u2019espressione di cui fruiscono gli integralisti islamici nostrani.<\/p>\n<p style=\"text-align: justify;\">(A.C. Valdera)<\/p>\n","protected":false},"excerpt":{"rendered":"<p>L&#8217;Occidentale, 29 marzo 2009 Islam, istruzioni per l&#8217;uso di Valentina Colombo \u201cL\u2019UOIF [Unione delle organizzazioni islamiche di Francia] perseguir\u00e0 tutte le procedure legali per porre fine all\u2019accanimento contro il Profeta Maometto \u2013 pace su di lui \u2013 e alla stigmatizzazione sistematica dell\u2019islam e dei musulmani\u201d (Comunicato dell\u2019UOIF, 20 marzo 2008).<\/p><p><a class=\"more-link btn\" href=\"https:\/\/www.rassegnastampa-totustuus.it\/cattolica\/il-jihad-si-combatte-non-solo-con-le-armi-ma-anche-nei-tribunali\/\">Continua a leggere<\/a><\/p>\n","protected":false},"author":6,"featured_media":28950,"comment_status":"closed","ping_status":"open","sticky":false,"template":"","format":"standard","meta":{"footnotes":""},"categories":[16,35],"tags":[2391],"class_list":["post-3000","post","type-post","status-publish","format-standard","has-post-thumbnail","hentry","category-islam","category-islam-in-italia","tag-islam-in-italia","item-wrap"],"yoast_head":"<!-- This site is optimized with the Yoast SEO plugin v27.5 - https:\/\/yoast.com\/product\/yoast-seo-wordpress\/ -->\n<title>Il Jihad si combatte non solo con le armi ma anche nei tribunali - Rassegna Stampa Cattolica<\/title>\n<meta name=\"description\" content=\"Rassegna Stampa Cattolica - Per una cultura che nasce dalla Rivelazione cristiana in conformit\u00e0 alla tradizione e al Magistero della Chiesa in opposizione ad ogni relativismo e totalitarismo\" \/>\n<meta name=\"robots\" content=\"index, follow, max-snippet:-1, max-image-preview:large, max-video-preview:-1\" \/>\n<link rel=\"canonical\" href=\"https:\/\/www.rassegnastampa-totustuus.it\/cattolica\/il-jihad-si-combatte-non-solo-con-le-armi-ma-anche-nei-tribunali\/\" \/>\n<meta property=\"og:locale\" content=\"it_IT\" \/>\n<meta property=\"og:type\" content=\"article\" \/>\n<meta property=\"og:title\" content=\"Il Jihad si combatte non solo con le armi ma anche nei tribunali - Rassegna Stampa Cattolica\" \/>\n<meta property=\"og:description\" content=\"Rassegna Stampa Cattolica - Per una cultura che nasce dalla Rivelazione cristiana in conformit\u00e0 alla tradizione e al Magistero della Chiesa in opposizione ad ogni relativismo e totalitarismo\" \/>\n<meta property=\"og:url\" content=\"https:\/\/www.rassegnastampa-totustuus.it\/cattolica\/il-jihad-si-combatte-non-solo-con-le-armi-ma-anche-nei-tribunali\/\" \/>\n<meta property=\"og:site_name\" content=\"Rassegna Stampa Cattolica\" \/>\n<meta property=\"article:publisher\" content=\"https:\/\/www.facebook.com\/rassegnastampacattolica\" \/>\n<meta property=\"article:published_time\" content=\"2009-04-01T06:21:27+00:00\" \/>\n<meta property=\"article:modified_time\" content=\"2015-12-21T11:17:05+00:00\" \/>\n<meta property=\"og:image\" content=\"https:\/\/www.rassegnastampa-totustuus.it\/cattolica\/wp-content\/uploads\/2009\/04\/islam_tribunali.jpg\" \/>\n\t<meta property=\"og:image:width\" content=\"281\" \/>\n\t<meta property=\"og:image:height\" content=\"180\" \/>\n\t<meta property=\"og:image:type\" content=\"image\/jpeg\" \/>\n<meta name=\"author\" content=\"Redazione\" \/>\n<meta name=\"twitter:card\" content=\"summary_large_image\" \/>\n<meta name=\"twitter:creator\" content=\"@rassegnastampa9\" \/>\n<meta name=\"twitter:site\" content=\"@rassegnastampa9\" \/>\n<meta name=\"twitter:label1\" content=\"Scritto da\" \/>\n\t<meta name=\"twitter:data1\" content=\"Redazione\" \/>\n\t<meta name=\"twitter:label2\" content=\"Tempo di lettura stimato\" \/>\n\t<meta name=\"twitter:data2\" content=\"5 minuti\" \/>\n<script type=\"application\/ld+json\" class=\"yoast-schema-graph\">{\"@context\":\"https:\\\/\\\/schema.org\",\"@graph\":[{\"@type\":\"Article\",\"@id\":\"https:\\\/\\\/www.rassegnastampa-totustuus.it\\\/cattolica\\\/il-jihad-si-combatte-non-solo-con-le-armi-ma-anche-nei-tribunali\\\/#article\",\"isPartOf\":{\"@id\":\"https:\\\/\\\/www.rassegnastampa-totustuus.it\\\/cattolica\\\/il-jihad-si-combatte-non-solo-con-le-armi-ma-anche-nei-tribunali\\\/\"},\"author\":{\"name\":\"Redazione\",\"@id\":\"https:\\\/\\\/www.rassegnastampa-totustuus.it\\\/cattolica\\\/#\\\/schema\\\/person\\\/08f319d2bd1a0904ad9e2bfb7b15e5c3\"},\"headline\":\"Il Jihad si combatte non solo con le armi ma anche nei tribunali\",\"datePublished\":\"2009-04-01T06:21:27+00:00\",\"dateModified\":\"2015-12-21T11:17:05+00:00\",\"mainEntityOfPage\":{\"@id\":\"https:\\\/\\\/www.rassegnastampa-totustuus.it\\\/cattolica\\\/il-jihad-si-combatte-non-solo-con-le-armi-ma-anche-nei-tribunali\\\/\"},\"wordCount\":1048,\"publisher\":{\"@id\":\"https:\\\/\\\/www.rassegnastampa-totustuus.it\\\/cattolica\\\/#organization\"},\"image\":{\"@id\":\"https:\\\/\\\/www.rassegnastampa-totustuus.it\\\/cattolica\\\/il-jihad-si-combatte-non-solo-con-le-armi-ma-anche-nei-tribunali\\\/#primaryimage\"},\"thumbnailUrl\":\"https:\\\/\\\/www.rassegnastampa-totustuus.it\\\/cattolica\\\/wp-content\\\/uploads\\\/2009\\\/04\\\/islam_tribunali.jpg\",\"keywords\":[\"Islam in Italia\"],\"articleSection\":[\"Islam\",\"Islam in Italia\"],\"inLanguage\":\"it-IT\"},{\"@type\":\"WebPage\",\"@id\":\"https:\\\/\\\/www.rassegnastampa-totustuus.it\\\/cattolica\\\/il-jihad-si-combatte-non-solo-con-le-armi-ma-anche-nei-tribunali\\\/\",\"url\":\"https:\\\/\\\/www.rassegnastampa-totustuus.it\\\/cattolica\\\/il-jihad-si-combatte-non-solo-con-le-armi-ma-anche-nei-tribunali\\\/\",\"name\":\"Il Jihad si combatte non solo con le armi ma anche nei tribunali - Rassegna Stampa Cattolica\",\"isPartOf\":{\"@id\":\"https:\\\/\\\/www.rassegnastampa-totustuus.it\\\/cattolica\\\/#website\"},\"primaryImageOfPage\":{\"@id\":\"https:\\\/\\\/www.rassegnastampa-totustuus.it\\\/cattolica\\\/il-jihad-si-combatte-non-solo-con-le-armi-ma-anche-nei-tribunali\\\/#primaryimage\"},\"image\":{\"@id\":\"https:\\\/\\\/www.rassegnastampa-totustuus.it\\\/cattolica\\\/il-jihad-si-combatte-non-solo-con-le-armi-ma-anche-nei-tribunali\\\/#primaryimage\"},\"thumbnailUrl\":\"https:\\\/\\\/www.rassegnastampa-totustuus.it\\\/cattolica\\\/wp-content\\\/uploads\\\/2009\\\/04\\\/islam_tribunali.jpg\",\"datePublished\":\"2009-04-01T06:21:27+00:00\",\"dateModified\":\"2015-12-21T11:17:05+00:00\",\"description\":\"Rassegna Stampa Cattolica - Per una cultura che nasce dalla Rivelazione cristiana in conformit\u00e0 alla tradizione e al Magistero della Chiesa in opposizione ad ogni relativismo e totalitarismo\",\"breadcrumb\":{\"@id\":\"https:\\\/\\\/www.rassegnastampa-totustuus.it\\\/cattolica\\\/il-jihad-si-combatte-non-solo-con-le-armi-ma-anche-nei-tribunali\\\/#breadcrumb\"},\"inLanguage\":\"it-IT\",\"potentialAction\":[{\"@type\":\"ReadAction\",\"target\":[\"https:\\\/\\\/www.rassegnastampa-totustuus.it\\\/cattolica\\\/il-jihad-si-combatte-non-solo-con-le-armi-ma-anche-nei-tribunali\\\/\"]}]},{\"@type\":\"ImageObject\",\"inLanguage\":\"it-IT\",\"@id\":\"https:\\\/\\\/www.rassegnastampa-totustuus.it\\\/cattolica\\\/il-jihad-si-combatte-non-solo-con-le-armi-ma-anche-nei-tribunali\\\/#primaryimage\",\"url\":\"https:\\\/\\\/www.rassegnastampa-totustuus.it\\\/cattolica\\\/wp-content\\\/uploads\\\/2009\\\/04\\\/islam_tribunali.jpg\",\"contentUrl\":\"https:\\\/\\\/www.rassegnastampa-totustuus.it\\\/cattolica\\\/wp-content\\\/uploads\\\/2009\\\/04\\\/islam_tribunali.jpg\",\"width\":281,\"height\":180},{\"@type\":\"BreadcrumbList\",\"@id\":\"https:\\\/\\\/www.rassegnastampa-totustuus.it\\\/cattolica\\\/il-jihad-si-combatte-non-solo-con-le-armi-ma-anche-nei-tribunali\\\/#breadcrumb\",\"itemListElement\":[{\"@type\":\"ListItem\",\"position\":1,\"name\":\"Home\",\"item\":\"https:\\\/\\\/www.rassegnastampa-totustuus.it\\\/cattolica\\\/\"},{\"@type\":\"ListItem\",\"position\":2,\"name\":\"Il Jihad si combatte non solo con le armi ma anche nei tribunali\"}]},{\"@type\":\"WebSite\",\"@id\":\"https:\\\/\\\/www.rassegnastampa-totustuus.it\\\/cattolica\\\/#website\",\"url\":\"https:\\\/\\\/www.rassegnastampa-totustuus.it\\\/cattolica\\\/\",\"name\":\"Rassegna Stampa Cattolica\",\"description\":\"Per una cultura che nasce dalla Rivelazione cristiana in conformit\u00e0 alla tradizione e al Magistero della Chiesa in opposizione ad ogni relativismo e totalitarismo\",\"publisher\":{\"@id\":\"https:\\\/\\\/www.rassegnastampa-totustuus.it\\\/cattolica\\\/#organization\"},\"alternateName\":\"Rass. Cattolica\",\"potentialAction\":[{\"@type\":\"SearchAction\",\"target\":{\"@type\":\"EntryPoint\",\"urlTemplate\":\"https:\\\/\\\/www.rassegnastampa-totustuus.it\\\/cattolica\\\/?s={search_term_string}\"},\"query-input\":{\"@type\":\"PropertyValueSpecification\",\"valueRequired\":true,\"valueName\":\"search_term_string\"}}],\"inLanguage\":\"it-IT\"},{\"@type\":\"Organization\",\"@id\":\"https:\\\/\\\/www.rassegnastampa-totustuus.it\\\/cattolica\\\/#organization\",\"name\":\"Rassegna Stampa Cattolica\",\"url\":\"https:\\\/\\\/www.rassegnastampa-totustuus.it\\\/cattolica\\\/\",\"logo\":{\"@type\":\"ImageObject\",\"inLanguage\":\"it-IT\",\"@id\":\"https:\\\/\\\/www.rassegnastampa-totustuus.it\\\/cattolica\\\/#\\\/schema\\\/logo\\\/image\\\/\",\"url\":\"https:\\\/\\\/www.rassegnastampa-totustuus.it\\\/cattolica\\\/wp-content\\\/uploads\\\/2014\\\/04\\\/logo-rassegna1.gif\",\"contentUrl\":\"https:\\\/\\\/www.rassegnastampa-totustuus.it\\\/cattolica\\\/wp-content\\\/uploads\\\/2014\\\/04\\\/logo-rassegna1.gif\",\"width\":600,\"height\":163,\"caption\":\"Rassegna Stampa Cattolica\"},\"image\":{\"@id\":\"https:\\\/\\\/www.rassegnastampa-totustuus.it\\\/cattolica\\\/#\\\/schema\\\/logo\\\/image\\\/\"},\"sameAs\":[\"https:\\\/\\\/www.facebook.com\\\/rassegnastampacattolica\",\"https:\\\/\\\/x.com\\\/rassegnastampa9\"]},{\"@type\":\"Person\",\"@id\":\"https:\\\/\\\/www.rassegnastampa-totustuus.it\\\/cattolica\\\/#\\\/schema\\\/person\\\/08f319d2bd1a0904ad9e2bfb7b15e5c3\",\"name\":\"Redazione\",\"image\":{\"@type\":\"ImageObject\",\"inLanguage\":\"it-IT\",\"@id\":\"https:\\\/\\\/secure.gravatar.com\\\/avatar\\\/2fcdf27c78ea025fbdb44e914cc63c72249ffec9dc8aafd5c82b26240ef3f346?s=96&d=mm&r=g\",\"url\":\"https:\\\/\\\/secure.gravatar.com\\\/avatar\\\/2fcdf27c78ea025fbdb44e914cc63c72249ffec9dc8aafd5c82b26240ef3f346?s=96&d=mm&r=g\",\"contentUrl\":\"https:\\\/\\\/secure.gravatar.com\\\/avatar\\\/2fcdf27c78ea025fbdb44e914cc63c72249ffec9dc8aafd5c82b26240ef3f346?s=96&d=mm&r=g\",\"caption\":\"Redazione\"},\"url\":\"https:\\\/\\\/www.rassegnastampa-totustuus.it\\\/cattolica\\\/author\\\/pietroelle\\\/\"}]}<\/script>\n<!-- \/ Yoast SEO plugin. -->","yoast_head_json":{"title":"Il Jihad si combatte non solo con le armi ma anche nei tribunali - Rassegna Stampa Cattolica","description":"Rassegna Stampa Cattolica - Per una cultura che nasce dalla Rivelazione cristiana in conformit\u00e0 alla tradizione e al Magistero della Chiesa in opposizione ad ogni relativismo e totalitarismo","robots":{"index":"index","follow":"follow","max-snippet":"max-snippet:-1","max-image-preview":"max-image-preview:large","max-video-preview":"max-video-preview:-1"},"canonical":"https:\/\/www.rassegnastampa-totustuus.it\/cattolica\/il-jihad-si-combatte-non-solo-con-le-armi-ma-anche-nei-tribunali\/","og_locale":"it_IT","og_type":"article","og_title":"Il Jihad si combatte non solo con le armi ma anche nei tribunali - Rassegna Stampa Cattolica","og_description":"Rassegna Stampa Cattolica - Per una cultura che nasce dalla Rivelazione cristiana in conformit\u00e0 alla tradizione e al Magistero della Chiesa in opposizione ad ogni relativismo e totalitarismo","og_url":"https:\/\/www.rassegnastampa-totustuus.it\/cattolica\/il-jihad-si-combatte-non-solo-con-le-armi-ma-anche-nei-tribunali\/","og_site_name":"Rassegna Stampa Cattolica","article_publisher":"https:\/\/www.facebook.com\/rassegnastampacattolica","article_published_time":"2009-04-01T06:21:27+00:00","article_modified_time":"2015-12-21T11:17:05+00:00","og_image":[{"width":281,"height":180,"url":"https:\/\/www.rassegnastampa-totustuus.it\/cattolica\/wp-content\/uploads\/2009\/04\/islam_tribunali.jpg","type":"image\/jpeg"}],"author":"Redazione","twitter_card":"summary_large_image","twitter_creator":"@rassegnastampa9","twitter_site":"@rassegnastampa9","twitter_misc":{"Scritto da":"Redazione","Tempo di lettura stimato":"5 minuti"},"schema":{"@context":"https:\/\/schema.org","@graph":[{"@type":"Article","@id":"https:\/\/www.rassegnastampa-totustuus.it\/cattolica\/il-jihad-si-combatte-non-solo-con-le-armi-ma-anche-nei-tribunali\/#article","isPartOf":{"@id":"https:\/\/www.rassegnastampa-totustuus.it\/cattolica\/il-jihad-si-combatte-non-solo-con-le-armi-ma-anche-nei-tribunali\/"},"author":{"name":"Redazione","@id":"https:\/\/www.rassegnastampa-totustuus.it\/cattolica\/#\/schema\/person\/08f319d2bd1a0904ad9e2bfb7b15e5c3"},"headline":"Il Jihad si combatte non solo con le armi ma anche nei tribunali","datePublished":"2009-04-01T06:21:27+00:00","dateModified":"2015-12-21T11:17:05+00:00","mainEntityOfPage":{"@id":"https:\/\/www.rassegnastampa-totustuus.it\/cattolica\/il-jihad-si-combatte-non-solo-con-le-armi-ma-anche-nei-tribunali\/"},"wordCount":1048,"publisher":{"@id":"https:\/\/www.rassegnastampa-totustuus.it\/cattolica\/#organization"},"image":{"@id":"https:\/\/www.rassegnastampa-totustuus.it\/cattolica\/il-jihad-si-combatte-non-solo-con-le-armi-ma-anche-nei-tribunali\/#primaryimage"},"thumbnailUrl":"https:\/\/www.rassegnastampa-totustuus.it\/cattolica\/wp-content\/uploads\/2009\/04\/islam_tribunali.jpg","keywords":["Islam in Italia"],"articleSection":["Islam","Islam in Italia"],"inLanguage":"it-IT"},{"@type":"WebPage","@id":"https:\/\/www.rassegnastampa-totustuus.it\/cattolica\/il-jihad-si-combatte-non-solo-con-le-armi-ma-anche-nei-tribunali\/","url":"https:\/\/www.rassegnastampa-totustuus.it\/cattolica\/il-jihad-si-combatte-non-solo-con-le-armi-ma-anche-nei-tribunali\/","name":"Il Jihad si combatte non solo con le armi ma anche nei tribunali - Rassegna Stampa Cattolica","isPartOf":{"@id":"https:\/\/www.rassegnastampa-totustuus.it\/cattolica\/#website"},"primaryImageOfPage":{"@id":"https:\/\/www.rassegnastampa-totustuus.it\/cattolica\/il-jihad-si-combatte-non-solo-con-le-armi-ma-anche-nei-tribunali\/#primaryimage"},"image":{"@id":"https:\/\/www.rassegnastampa-totustuus.it\/cattolica\/il-jihad-si-combatte-non-solo-con-le-armi-ma-anche-nei-tribunali\/#primaryimage"},"thumbnailUrl":"https:\/\/www.rassegnastampa-totustuus.it\/cattolica\/wp-content\/uploads\/2009\/04\/islam_tribunali.jpg","datePublished":"2009-04-01T06:21:27+00:00","dateModified":"2015-12-21T11:17:05+00:00","description":"Rassegna Stampa Cattolica - Per una cultura che nasce dalla Rivelazione cristiana in conformit\u00e0 alla tradizione e al Magistero della Chiesa in opposizione ad ogni relativismo e totalitarismo","breadcrumb":{"@id":"https:\/\/www.rassegnastampa-totustuus.it\/cattolica\/il-jihad-si-combatte-non-solo-con-le-armi-ma-anche-nei-tribunali\/#breadcrumb"},"inLanguage":"it-IT","potentialAction":[{"@type":"ReadAction","target":["https:\/\/www.rassegnastampa-totustuus.it\/cattolica\/il-jihad-si-combatte-non-solo-con-le-armi-ma-anche-nei-tribunali\/"]}]},{"@type":"ImageObject","inLanguage":"it-IT","@id":"https:\/\/www.rassegnastampa-totustuus.it\/cattolica\/il-jihad-si-combatte-non-solo-con-le-armi-ma-anche-nei-tribunali\/#primaryimage","url":"https:\/\/www.rassegnastampa-totustuus.it\/cattolica\/wp-content\/uploads\/2009\/04\/islam_tribunali.jpg","contentUrl":"https:\/\/www.rassegnastampa-totustuus.it\/cattolica\/wp-content\/uploads\/2009\/04\/islam_tribunali.jpg","width":281,"height":180},{"@type":"BreadcrumbList","@id":"https:\/\/www.rassegnastampa-totustuus.it\/cattolica\/il-jihad-si-combatte-non-solo-con-le-armi-ma-anche-nei-tribunali\/#breadcrumb","itemListElement":[{"@type":"ListItem","position":1,"name":"Home","item":"https:\/\/www.rassegnastampa-totustuus.it\/cattolica\/"},{"@type":"ListItem","position":2,"name":"Il Jihad si combatte non solo con le armi ma anche nei tribunali"}]},{"@type":"WebSite","@id":"https:\/\/www.rassegnastampa-totustuus.it\/cattolica\/#website","url":"https:\/\/www.rassegnastampa-totustuus.it\/cattolica\/","name":"Rassegna Stampa Cattolica","description":"Per una cultura che nasce dalla Rivelazione cristiana in conformit\u00e0 alla tradizione e al Magistero della Chiesa in opposizione ad ogni relativismo e totalitarismo","publisher":{"@id":"https:\/\/www.rassegnastampa-totustuus.it\/cattolica\/#organization"},"alternateName":"Rass. Cattolica","potentialAction":[{"@type":"SearchAction","target":{"@type":"EntryPoint","urlTemplate":"https:\/\/www.rassegnastampa-totustuus.it\/cattolica\/?s={search_term_string}"},"query-input":{"@type":"PropertyValueSpecification","valueRequired":true,"valueName":"search_term_string"}}],"inLanguage":"it-IT"},{"@type":"Organization","@id":"https:\/\/www.rassegnastampa-totustuus.it\/cattolica\/#organization","name":"Rassegna Stampa Cattolica","url":"https:\/\/www.rassegnastampa-totustuus.it\/cattolica\/","logo":{"@type":"ImageObject","inLanguage":"it-IT","@id":"https:\/\/www.rassegnastampa-totustuus.it\/cattolica\/#\/schema\/logo\/image\/","url":"https:\/\/www.rassegnastampa-totustuus.it\/cattolica\/wp-content\/uploads\/2014\/04\/logo-rassegna1.gif","contentUrl":"https:\/\/www.rassegnastampa-totustuus.it\/cattolica\/wp-content\/uploads\/2014\/04\/logo-rassegna1.gif","width":600,"height":163,"caption":"Rassegna Stampa Cattolica"},"image":{"@id":"https:\/\/www.rassegnastampa-totustuus.it\/cattolica\/#\/schema\/logo\/image\/"},"sameAs":["https:\/\/www.facebook.com\/rassegnastampacattolica","https:\/\/x.com\/rassegnastampa9"]},{"@type":"Person","@id":"https:\/\/www.rassegnastampa-totustuus.it\/cattolica\/#\/schema\/person\/08f319d2bd1a0904ad9e2bfb7b15e5c3","name":"Redazione","image":{"@type":"ImageObject","inLanguage":"it-IT","@id":"https:\/\/secure.gravatar.com\/avatar\/2fcdf27c78ea025fbdb44e914cc63c72249ffec9dc8aafd5c82b26240ef3f346?s=96&d=mm&r=g","url":"https:\/\/secure.gravatar.com\/avatar\/2fcdf27c78ea025fbdb44e914cc63c72249ffec9dc8aafd5c82b26240ef3f346?s=96&d=mm&r=g","contentUrl":"https:\/\/secure.gravatar.com\/avatar\/2fcdf27c78ea025fbdb44e914cc63c72249ffec9dc8aafd5c82b26240ef3f346?s=96&d=mm&r=g","caption":"Redazione"},"url":"https:\/\/www.rassegnastampa-totustuus.it\/cattolica\/author\/pietroelle\/"}]}},"_links":{"self":[{"href":"https:\/\/www.rassegnastampa-totustuus.it\/cattolica\/wp-json\/wp\/v2\/posts\/3000","targetHints":{"allow":["GET"]}}],"collection":[{"href":"https:\/\/www.rassegnastampa-totustuus.it\/cattolica\/wp-json\/wp\/v2\/posts"}],"about":[{"href":"https:\/\/www.rassegnastampa-totustuus.it\/cattolica\/wp-json\/wp\/v2\/types\/post"}],"author":[{"embeddable":true,"href":"https:\/\/www.rassegnastampa-totustuus.it\/cattolica\/wp-json\/wp\/v2\/users\/6"}],"replies":[{"embeddable":true,"href":"https:\/\/www.rassegnastampa-totustuus.it\/cattolica\/wp-json\/wp\/v2\/comments?post=3000"}],"version-history":[{"count":4,"href":"https:\/\/www.rassegnastampa-totustuus.it\/cattolica\/wp-json\/wp\/v2\/posts\/3000\/revisions"}],"predecessor-version":[{"id":28951,"href":"https:\/\/www.rassegnastampa-totustuus.it\/cattolica\/wp-json\/wp\/v2\/posts\/3000\/revisions\/28951"}],"wp:featuredmedia":[{"embeddable":true,"href":"https:\/\/www.rassegnastampa-totustuus.it\/cattolica\/wp-json\/wp\/v2\/media\/28950"}],"wp:attachment":[{"href":"https:\/\/www.rassegnastampa-totustuus.it\/cattolica\/wp-json\/wp\/v2\/media?parent=3000"}],"wp:term":[{"taxonomy":"category","embeddable":true,"href":"https:\/\/www.rassegnastampa-totustuus.it\/cattolica\/wp-json\/wp\/v2\/categories?post=3000"},{"taxonomy":"post_tag","embeddable":true,"href":"https:\/\/www.rassegnastampa-totustuus.it\/cattolica\/wp-json\/wp\/v2\/tags?post=3000"}],"curies":[{"name":"wp","href":"https:\/\/api.w.org\/{rel}","templated":true}]}}