{"id":2955,"date":"2009-03-25T16:41:14","date_gmt":"2009-03-25T15:41:14","guid":{"rendered":""},"modified":"2016-03-10T16:28:10","modified_gmt":"2016-03-10T15:28:10","slug":"spaolo-e-la-lettera-ai-romani","status":"publish","type":"post","link":"https:\/\/www.rassegnastampa-totustuus.it\/cattolica\/spaolo-e-la-lettera-ai-romani\/","title":{"rendered":"S.Paolo e la lettera ai romani"},"content":{"rendered":"<div style=\"text-align: justify;\"><em><img loading=\"lazy\" decoding=\"async\" class=\"alignleft wp-image-31601\" src=\"https:\/\/www.rassegnastampa-totustuus.it\/cattolica\/wp-content\/uploads\/2009\/03\/San_Paolo.jpg\" alt=\"San_Paolo\" width=\"150\" height=\"200\" \/>29 giugno si\u00e8 aperto\u00a0l&#8217;Anno Paolino.\u00a0In occasione del bimillenario della nascita dell&#8217;Apostolo delle genti\u00a0(avvenuta tra il 7 e il 10 d.C.), Benedetto XVI ha voluto promuovere,\u00a0 per la durata di dodici mesi, la conoscenza della figura di Paolo nonch\u00e9 un rinnovamento spirituale, missionario ed ecumenico della Chiesa, improntato al suo straordinario slancio apostolico. Per l&#8217;occasione proponiamo un assaggio del libro:<\/em><\/div>\n<p style=\"text-align: center;\"><strong>INTRODUZIONE ALLA LETTERA AI ROMANI<\/strong><\/p>\n<p style=\"text-align: center;\"><strong>Walter Schmithals<\/strong><\/p>\n<p style=\"text-align: center;\">Ed. Lindau &#8211; Collana I Pellicani, pag. 192 \u2013 19 euro<\/p>\n<p style=\"text-align: center;\"><!--more--><\/p>\n<p style=\"text-align: center;\">\u00a0<strong>Capitolo I<\/strong><\/p>\n<p style=\"text-align: center;\">Paolo, l\u00b4autore della\u00a0Lettera ai Romani<\/p>\n<p style=\"text-align: justify;\">La <em>Lettera ai Romani<\/em> inizia con il nome del suo autore: \u00abPaolo, servo di Cristo Ges\u00f9\u00bb (1). Non c\u00b4\u00e8 dunque alcun dubbio: la\u00a0Lettera ai Romani\u00a0non \u00e8 uno scritto pseudonimo, ma \u00e8 stata effettivamente redatta da Paolo.<\/p>\n<p style=\"text-align: justify;\">Paolo \u00e8 la figura del cristianesimo primitivo che conosciamo meglio. Le sue lettere &#8211; nelle quali i dati autobiografici sono molto numerosi &#8211; contengono una massa di informazioni che \u00e8 straordinariamente ricca se paragonata con quanto avviene di solito nel caso degli autori antichi. Inoltre gli Atti degli Apostoli &#8211; il cui autore, Luca, non sembra aver utilizzato le lettere di Paolo &#8211; danno su di lui altre preziose notizie. Va per\u00f2 tenuto presente che l\u00b4immagine di Paolo che emerge dagli Atti degli Apostoli riflette soprattutto la specifica prospettiva di Luca, e quindi richiede di essere valutata attentamente.<\/p>\n<p style=\"text-align: justify;\">La cultura di Paolo era quella del giudaismo ellenistico, e la sua lingua madre era il greco. Paolo faceva risalire il suo albero genealogico a Beniamino, uno dei dodici capostipiti di Israele (2), e, come afferma esplicitamente, non si vergogn\u00f2 mai della sua appartenenza al popolo ebraico (3). L\u00b4anno della sua nascita non \u00e8 noto, ma dovette cadere nei primi anni dell\u00b4era volgare.<\/p>\n<p style=\"text-align: justify;\">Il suo luogo di nascita \u00e8 Tarso (4), la capitale della provincia romana della Cilicia, una polis dall\u00b4intensa vita commerciale, non lontana dal Mediterraneo, sulle pendici dei monti del Tauro che separano, e contemporaneamente uniscono, Oriente e Occidente.<\/p>\n<p style=\"text-align: justify;\">Tarso era un centro della cultura ellenistica, e, come in quasi tutte le citt\u00e0 dell\u00b4Oriente, non vi mancava una cospicua minoranza ebraica &#8211; che godeva di notevoli diritti &#8211; organizzata intorno alla sinagoga. Tutti i suoi membri pagavano regolarmente un tributo per il mantenimento del tempio di Gerusalemme, e testimoniavano in questo modo della loro appartenenza al popolo ebraico. Erano esonerati dal culto all\u00b4imperatore ed erano soggetti a una loro giurisdizione autonoma, che anche Paolo ebbe occasione di conoscere (5).<\/p>\n<p style=\"text-align: justify;\">Come molti altri ebrei in et\u00e0 ellenistica, Paolo portava un doppio nome, e cio\u00e8 quello ebraico di Saulo accanto a quello greco di Paolo; nelle sue lettere usa esclusivamente quest\u00b4ultimo (6). Alla base della solida cultura che la sinagoga forniva ai suoi membri erano l\u00b4Antico Testamento &#8211; nella traduzione greca dei Settanta &#8211; e la letteratura, pi\u00f9 o meno strettamente religiosa, che si richiamava ad esso. Era inoltre una cultura alla quale non erano estranee n\u00e9 la filosofia stoica, n\u00e9 la mentalit\u00e0 propria della retorica ellenistica.<\/p>\n<p style=\"text-align: justify;\">Come \u00e8 evidente dalle sue lettere, Paolo aveva una buona conoscenza della cultura greca (seppur nella riformulazione che la sinagoga ne aveva proposto) e si moveva in essa perfettamente a suo agio. \u00c8 invece probabilmente una pia leggenda la notizia secondo cui avrebbe studiato a Gerusalemme presso Gamaliele, un famoso maestro (7). Inoltre \u00e8 da ritenere che non conoscesse in maniera approfondita l\u00b4ebraico dell\u00b4Antico Testamento e l\u00b4aramaico che si parlava in Palestina.<\/p>\n<p style=\"text-align: justify;\">Saulo-Paolo era un artigiano, ma non siamo in grado di precisare quale attivit\u00e0 svolgesse, per quanto parli di s\u00e9 come di un \u00abfabbricante di tende\u00bb\u00a0(8). Continu\u00f2 comunque a praticarla anche dopo che divenne apostolo (9), per sfuggire all\u00b4accusa di esser mosso da motivi di interesse.<\/p>\n<p style=\"text-align: justify;\">Era sempre stato vicino alle posizioni del farisaismo, e cio\u00e8 a una corrente all\u00b4interno dell\u00b4ebraismo diffusasi nella diaspora soprattutto tra gli artigiani: essa attribuiva un\u00b4importanza centrale alle regole della purit\u00e0 rituale, e quindi rivendicava la netta separazione tra ebrei e pagani. In questo senso Paolo si definisce un seguace zelante delle tradizioni dei padri (10).<\/p>\n<p style=\"text-align: justify;\">Il suo zelo per la legge ebraica lo fece anche diventare il primo persecutore del cristianesimo del quale abbiamo notizie precise, e Paolo ricorse a tutti i mezzi che la sinagoga gli metteva a disposizione per contrastarne la diffusione nel mondo pagano. Paolo stesso fa pi\u00f9 volte riferimento a questa sua attivit\u00e0, nella quale non esitava ad adottare le misure pi\u00f9 drastiche (11).<\/p>\n<p style=\"text-align: justify;\">Nella sua fase pi\u00f9 antica il cristianesimo era tollerato se rispettava almeno le regole essenziali della legge ebraica, e di conseguenza, fino allo scoppio della guerra giudaica dell\u00b4anno 66, ci furono anche in Palestina comunit\u00e0 giudeocristiane. Ma i giudeocristiani potevano anche smettere di vivere da ebrei, per unirsi ai cristiani convertiti dal paganesimo che avevano fondato comunit\u00e0 senza alcun rapporto con l\u00b4istituto sinagogale (12). Costoro, i cosiddetti \u00abellenisti\u00bb, diventavano allora passibili di persecuzione (13): Stefano, il primo martire cristiano di cui conosciamo il nome, era appunto uno di essi (14).<\/p>\n<p style=\"text-align: justify;\">Paolo si convert\u00ec improvvisamente alla fede che prima perseguitava (15) e divenne ben presto il pi\u00f9 efficace missionario della religione cristiana. La conversione e la vocazione a svolgere la sua attivit\u00e0 presso i pagani si datano di solito intorno agli anni 30-32, ma va tenuto presente che l\u00b4intera cronologia paolina \u00e8 molto incerta. Paolo oper\u00f2 per molti anni in Siria, dove collabor\u00f2 all\u00b4attivit\u00e0 missionaria che stava svolgendo, tra gli altri, Barnaba (16). In seguito intraprese da solo viaggi missionari in Asia Minore, in Grecia e in Italia, sui quali la Lettera ai Romani d\u00e0 alcune informazioni. Probabilmente sub\u00ec il martirio a Roma nell\u00b4anno 65, sotto l\u00b4imperatore Nerone (54-68).<\/p>\n<p style=\"text-align: justify;\">La costruzione di una rete di comunit\u00e0 di cristiani convertiti dal paganesimo, estesa in vaste aree dell\u00b4impero romano, \u00e8 merito personale di Paolo, che impieg\u00f2 tutta la passione della sua fede cristiana, il suo vigore intellettuale, le sue capacit\u00e0 organizzative e la sua attitudine a dirigere le comunit\u00e0. La\u00a0Lettera ai Romani\u00a0\u00e8, tra le lettere di Paolo, la pi\u00f9 ampia, ma soprattutto quella che esercit\u00f2 maggior influenza sulla storia della Chiesa. Essa fa conoscere ci\u00f2 che \u00e8 pi\u00f9 caratteristico della vita, della personalit\u00e0, del pensiero e dell\u00b4opera di Paolo.<\/p>\n<p style=\"text-align: justify;\">Un lettore contemporaneo pu\u00f2 comprendere la sua prospettiva teologica soltanto attraverso un\u00b4analisi approfondita. La presentazione della Lettera ai Romani che segue si limita a mettere in luce i presupposti storici e letterari che possono condurre all\u00b4interpretazione dei suoi contenuti, e quindi ad avvicinare al testo paolino come esso si present\u00f2 ai suoi primi lettori.<\/p>\n<p style=\"text-align: justify;\"><strong>1<\/strong> Romani (Rom.) 1, 1<br \/>\n<strong>2<\/strong> Lettera ai Filippesi (Fil.) 3, 5-6<br \/>\n<strong>3<\/strong> Fil. 3, 5-6; II Lettera ai Corinti (Cor.) 11, 22<br \/>\n<strong>4<\/strong> Atti degli Apostoli (Atti) 22, 3<br \/>\n<strong>5<\/strong> II Cor. 11, 24-25<br \/>\n<strong>6<\/strong> Atti 7, 58; 8, 1.2; 9, 1.8<br \/>\n<strong>7<\/strong> Atti 22, 3<br \/>\n<strong>8<\/strong> Atti 18, 3<br \/>\n<strong>9<\/strong> I Cor. 4, 12; II Cor. 11, 27; I Lettera ai Tessalonicesi (Tess.) 2, 9<br \/>\n<strong>10<\/strong> Lettera ai Galati (Gal.) 1, 14; Fil. 3, 5-6<br \/>\n<strong>11<\/strong> Gal. 1, 13-14; Fil. 3, 6<br \/>\n<strong>12<\/strong> Gal. 2, 1-10; Atti 6, 8-15<br \/>\n<strong>13<\/strong> Atti 8, 1-3; 9, 1-2<br \/>\n<strong>14<\/strong> Atti 7, 54-60<br \/>\n<strong>15<\/strong> Gal. 1, 13-14; Fil. 3, 7<\/p>\n<div><strong>16 <\/strong>Gal. 1, 21<\/div>\n","protected":false},"excerpt":{"rendered":"<p>29 giugno si\u00e8 aperto\u00a0l&#8217;Anno Paolino.\u00a0In occasione del bimillenario della nascita dell&#8217;Apostolo delle genti\u00a0(avvenuta tra il 7 e il 10 d.C.), Benedetto XVI ha voluto promuovere,\u00a0 per la durata di dodici mesi, la conoscenza della figura di Paolo nonch\u00e9 un rinnovamento spirituale, missionario ed ecumenico della Chiesa, improntato al suo straordinario slancio apostolico. Per l&#8217;occasione proponiamo &hellip; <\/p>\n<p><a class=\"more-link btn\" href=\"https:\/\/www.rassegnastampa-totustuus.it\/cattolica\/spaolo-e-la-lettera-ai-romani\/\">Continua a leggere<\/a><\/p>\n","protected":false},"author":6,"featured_media":31601,"comment_status":"closed","ping_status":"open","sticky":false,"template":"","format":"standard","meta":{"footnotes":""},"categories":[5,42,17],"tags":[1588],"class_list":["post-2955","post","type-post","status-publish","format-standard","has-post-thumbnail","hentry","category-chiesa","category-dottrina-e-morale","category-libri","tag-s-paolo","item-wrap"],"yoast_head":"<!-- This site is optimized with the Yoast SEO plugin v27.5 - https:\/\/yoast.com\/product\/yoast-seo-wordpress\/ -->\n<title>S.Paolo e la lettera ai romani - Rassegna Stampa Cattolica<\/title>\n<meta name=\"description\" content=\"Rassegna Stampa Cattolica - Per una cultura che nasce dalla Rivelazione cristiana in conformit\u00e0 alla tradizione e al Magistero della Chiesa in opposizione ad ogni relativismo e totalitarismo\" \/>\n<meta name=\"robots\" content=\"index, follow, max-snippet:-1, max-image-preview:large, max-video-preview:-1\" \/>\n<link rel=\"canonical\" href=\"https:\/\/www.rassegnastampa-totustuus.it\/cattolica\/spaolo-e-la-lettera-ai-romani\/\" \/>\n<meta property=\"og:locale\" content=\"it_IT\" \/>\n<meta property=\"og:type\" content=\"article\" \/>\n<meta property=\"og:title\" content=\"S.Paolo e la lettera ai romani - Rassegna Stampa Cattolica\" \/>\n<meta property=\"og:description\" content=\"Rassegna Stampa Cattolica - Per una cultura che nasce dalla Rivelazione cristiana in conformit\u00e0 alla tradizione e al Magistero della Chiesa in opposizione ad ogni relativismo e totalitarismo\" \/>\n<meta property=\"og:url\" content=\"https:\/\/www.rassegnastampa-totustuus.it\/cattolica\/spaolo-e-la-lettera-ai-romani\/\" \/>\n<meta property=\"og:site_name\" content=\"Rassegna Stampa Cattolica\" \/>\n<meta property=\"article:publisher\" content=\"https:\/\/www.facebook.com\/rassegnastampacattolica\" \/>\n<meta property=\"article:published_time\" content=\"2009-03-25T15:41:14+00:00\" \/>\n<meta property=\"article:modified_time\" content=\"2016-03-10T15:28:10+00:00\" \/>\n<meta property=\"og:image\" content=\"https:\/\/www.rassegnastampa-totustuus.it\/cattolica\/wp-content\/uploads\/2009\/03\/San_Paolo.jpg\" \/>\n\t<meta property=\"og:image:width\" content=\"155\" \/>\n\t<meta property=\"og:image:height\" content=\"207\" \/>\n\t<meta property=\"og:image:type\" content=\"image\/jpeg\" \/>\n<meta name=\"author\" content=\"Redazione\" \/>\n<meta name=\"twitter:card\" content=\"summary_large_image\" \/>\n<meta name=\"twitter:creator\" content=\"@rassegnastampa9\" \/>\n<meta name=\"twitter:site\" content=\"@rassegnastampa9\" \/>\n<meta name=\"twitter:label1\" content=\"Scritto da\" \/>\n\t<meta name=\"twitter:data1\" content=\"Redazione\" \/>\n\t<meta name=\"twitter:label2\" content=\"Tempo di lettura stimato\" \/>\n\t<meta name=\"twitter:data2\" content=\"6 minuti\" \/>\n<script type=\"application\/ld+json\" class=\"yoast-schema-graph\">{\"@context\":\"https:\\\/\\\/schema.org\",\"@graph\":[{\"@type\":\"Article\",\"@id\":\"https:\\\/\\\/www.rassegnastampa-totustuus.it\\\/cattolica\\\/spaolo-e-la-lettera-ai-romani\\\/#article\",\"isPartOf\":{\"@id\":\"https:\\\/\\\/www.rassegnastampa-totustuus.it\\\/cattolica\\\/spaolo-e-la-lettera-ai-romani\\\/\"},\"author\":{\"name\":\"Redazione\",\"@id\":\"https:\\\/\\\/www.rassegnastampa-totustuus.it\\\/cattolica\\\/#\\\/schema\\\/person\\\/08f319d2bd1a0904ad9e2bfb7b15e5c3\"},\"headline\":\"S.Paolo e la lettera ai romani\",\"datePublished\":\"2009-03-25T15:41:14+00:00\",\"dateModified\":\"2016-03-10T15:28:10+00:00\",\"mainEntityOfPage\":{\"@id\":\"https:\\\/\\\/www.rassegnastampa-totustuus.it\\\/cattolica\\\/spaolo-e-la-lettera-ai-romani\\\/\"},\"wordCount\":1124,\"publisher\":{\"@id\":\"https:\\\/\\\/www.rassegnastampa-totustuus.it\\\/cattolica\\\/#organization\"},\"image\":{\"@id\":\"https:\\\/\\\/www.rassegnastampa-totustuus.it\\\/cattolica\\\/spaolo-e-la-lettera-ai-romani\\\/#primaryimage\"},\"thumbnailUrl\":\"https:\\\/\\\/www.rassegnastampa-totustuus.it\\\/cattolica\\\/wp-content\\\/uploads\\\/2009\\\/03\\\/San_Paolo.jpg\",\"keywords\":[\"S Paolo\"],\"articleSection\":[\"Chiesa\",\"Dottrina e morale\",\"Libri\"],\"inLanguage\":\"it-IT\"},{\"@type\":\"WebPage\",\"@id\":\"https:\\\/\\\/www.rassegnastampa-totustuus.it\\\/cattolica\\\/spaolo-e-la-lettera-ai-romani\\\/\",\"url\":\"https:\\\/\\\/www.rassegnastampa-totustuus.it\\\/cattolica\\\/spaolo-e-la-lettera-ai-romani\\\/\",\"name\":\"S.Paolo e la lettera ai romani - Rassegna Stampa Cattolica\",\"isPartOf\":{\"@id\":\"https:\\\/\\\/www.rassegnastampa-totustuus.it\\\/cattolica\\\/#website\"},\"primaryImageOfPage\":{\"@id\":\"https:\\\/\\\/www.rassegnastampa-totustuus.it\\\/cattolica\\\/spaolo-e-la-lettera-ai-romani\\\/#primaryimage\"},\"image\":{\"@id\":\"https:\\\/\\\/www.rassegnastampa-totustuus.it\\\/cattolica\\\/spaolo-e-la-lettera-ai-romani\\\/#primaryimage\"},\"thumbnailUrl\":\"https:\\\/\\\/www.rassegnastampa-totustuus.it\\\/cattolica\\\/wp-content\\\/uploads\\\/2009\\\/03\\\/San_Paolo.jpg\",\"datePublished\":\"2009-03-25T15:41:14+00:00\",\"dateModified\":\"2016-03-10T15:28:10+00:00\",\"description\":\"Rassegna Stampa Cattolica - Per una cultura che nasce dalla Rivelazione cristiana in conformit\u00e0 alla tradizione e al Magistero della Chiesa in opposizione ad ogni relativismo e totalitarismo\",\"breadcrumb\":{\"@id\":\"https:\\\/\\\/www.rassegnastampa-totustuus.it\\\/cattolica\\\/spaolo-e-la-lettera-ai-romani\\\/#breadcrumb\"},\"inLanguage\":\"it-IT\",\"potentialAction\":[{\"@type\":\"ReadAction\",\"target\":[\"https:\\\/\\\/www.rassegnastampa-totustuus.it\\\/cattolica\\\/spaolo-e-la-lettera-ai-romani\\\/\"]}]},{\"@type\":\"ImageObject\",\"inLanguage\":\"it-IT\",\"@id\":\"https:\\\/\\\/www.rassegnastampa-totustuus.it\\\/cattolica\\\/spaolo-e-la-lettera-ai-romani\\\/#primaryimage\",\"url\":\"https:\\\/\\\/www.rassegnastampa-totustuus.it\\\/cattolica\\\/wp-content\\\/uploads\\\/2009\\\/03\\\/San_Paolo.jpg\",\"contentUrl\":\"https:\\\/\\\/www.rassegnastampa-totustuus.it\\\/cattolica\\\/wp-content\\\/uploads\\\/2009\\\/03\\\/San_Paolo.jpg\",\"width\":155,\"height\":207},{\"@type\":\"BreadcrumbList\",\"@id\":\"https:\\\/\\\/www.rassegnastampa-totustuus.it\\\/cattolica\\\/spaolo-e-la-lettera-ai-romani\\\/#breadcrumb\",\"itemListElement\":[{\"@type\":\"ListItem\",\"position\":1,\"name\":\"Home\",\"item\":\"https:\\\/\\\/www.rassegnastampa-totustuus.it\\\/cattolica\\\/\"},{\"@type\":\"ListItem\",\"position\":2,\"name\":\"S.Paolo e la lettera ai romani\"}]},{\"@type\":\"WebSite\",\"@id\":\"https:\\\/\\\/www.rassegnastampa-totustuus.it\\\/cattolica\\\/#website\",\"url\":\"https:\\\/\\\/www.rassegnastampa-totustuus.it\\\/cattolica\\\/\",\"name\":\"Rassegna Stampa Cattolica\",\"description\":\"Per una cultura che nasce dalla Rivelazione cristiana in conformit\u00e0 alla tradizione e al Magistero della Chiesa in opposizione ad ogni relativismo e totalitarismo\",\"publisher\":{\"@id\":\"https:\\\/\\\/www.rassegnastampa-totustuus.it\\\/cattolica\\\/#organization\"},\"alternateName\":\"Rass. Cattolica\",\"potentialAction\":[{\"@type\":\"SearchAction\",\"target\":{\"@type\":\"EntryPoint\",\"urlTemplate\":\"https:\\\/\\\/www.rassegnastampa-totustuus.it\\\/cattolica\\\/?s={search_term_string}\"},\"query-input\":{\"@type\":\"PropertyValueSpecification\",\"valueRequired\":true,\"valueName\":\"search_term_string\"}}],\"inLanguage\":\"it-IT\"},{\"@type\":\"Organization\",\"@id\":\"https:\\\/\\\/www.rassegnastampa-totustuus.it\\\/cattolica\\\/#organization\",\"name\":\"Rassegna Stampa Cattolica\",\"url\":\"https:\\\/\\\/www.rassegnastampa-totustuus.it\\\/cattolica\\\/\",\"logo\":{\"@type\":\"ImageObject\",\"inLanguage\":\"it-IT\",\"@id\":\"https:\\\/\\\/www.rassegnastampa-totustuus.it\\\/cattolica\\\/#\\\/schema\\\/logo\\\/image\\\/\",\"url\":\"https:\\\/\\\/www.rassegnastampa-totustuus.it\\\/cattolica\\\/wp-content\\\/uploads\\\/2014\\\/04\\\/logo-rassegna1.gif\",\"contentUrl\":\"https:\\\/\\\/www.rassegnastampa-totustuus.it\\\/cattolica\\\/wp-content\\\/uploads\\\/2014\\\/04\\\/logo-rassegna1.gif\",\"width\":600,\"height\":163,\"caption\":\"Rassegna Stampa Cattolica\"},\"image\":{\"@id\":\"https:\\\/\\\/www.rassegnastampa-totustuus.it\\\/cattolica\\\/#\\\/schema\\\/logo\\\/image\\\/\"},\"sameAs\":[\"https:\\\/\\\/www.facebook.com\\\/rassegnastampacattolica\",\"https:\\\/\\\/x.com\\\/rassegnastampa9\"]},{\"@type\":\"Person\",\"@id\":\"https:\\\/\\\/www.rassegnastampa-totustuus.it\\\/cattolica\\\/#\\\/schema\\\/person\\\/08f319d2bd1a0904ad9e2bfb7b15e5c3\",\"name\":\"Redazione\",\"image\":{\"@type\":\"ImageObject\",\"inLanguage\":\"it-IT\",\"@id\":\"https:\\\/\\\/secure.gravatar.com\\\/avatar\\\/2fcdf27c78ea025fbdb44e914cc63c72249ffec9dc8aafd5c82b26240ef3f346?s=96&d=mm&r=g\",\"url\":\"https:\\\/\\\/secure.gravatar.com\\\/avatar\\\/2fcdf27c78ea025fbdb44e914cc63c72249ffec9dc8aafd5c82b26240ef3f346?s=96&d=mm&r=g\",\"contentUrl\":\"https:\\\/\\\/secure.gravatar.com\\\/avatar\\\/2fcdf27c78ea025fbdb44e914cc63c72249ffec9dc8aafd5c82b26240ef3f346?s=96&d=mm&r=g\",\"caption\":\"Redazione\"},\"url\":\"https:\\\/\\\/www.rassegnastampa-totustuus.it\\\/cattolica\\\/author\\\/pietroelle\\\/\"}]}<\/script>\n<!-- \/ Yoast SEO plugin. -->","yoast_head_json":{"title":"S.Paolo e la lettera ai romani - Rassegna Stampa Cattolica","description":"Rassegna Stampa Cattolica - Per una cultura che nasce dalla Rivelazione cristiana in conformit\u00e0 alla tradizione e al Magistero della Chiesa in opposizione ad ogni relativismo e totalitarismo","robots":{"index":"index","follow":"follow","max-snippet":"max-snippet:-1","max-image-preview":"max-image-preview:large","max-video-preview":"max-video-preview:-1"},"canonical":"https:\/\/www.rassegnastampa-totustuus.it\/cattolica\/spaolo-e-la-lettera-ai-romani\/","og_locale":"it_IT","og_type":"article","og_title":"S.Paolo e la lettera ai romani - Rassegna Stampa Cattolica","og_description":"Rassegna Stampa Cattolica - Per una cultura che nasce dalla Rivelazione cristiana in conformit\u00e0 alla tradizione e al Magistero della Chiesa in opposizione ad ogni relativismo e totalitarismo","og_url":"https:\/\/www.rassegnastampa-totustuus.it\/cattolica\/spaolo-e-la-lettera-ai-romani\/","og_site_name":"Rassegna Stampa Cattolica","article_publisher":"https:\/\/www.facebook.com\/rassegnastampacattolica","article_published_time":"2009-03-25T15:41:14+00:00","article_modified_time":"2016-03-10T15:28:10+00:00","og_image":[{"width":155,"height":207,"url":"https:\/\/www.rassegnastampa-totustuus.it\/cattolica\/wp-content\/uploads\/2009\/03\/San_Paolo.jpg","type":"image\/jpeg"}],"author":"Redazione","twitter_card":"summary_large_image","twitter_creator":"@rassegnastampa9","twitter_site":"@rassegnastampa9","twitter_misc":{"Scritto da":"Redazione","Tempo di lettura stimato":"6 minuti"},"schema":{"@context":"https:\/\/schema.org","@graph":[{"@type":"Article","@id":"https:\/\/www.rassegnastampa-totustuus.it\/cattolica\/spaolo-e-la-lettera-ai-romani\/#article","isPartOf":{"@id":"https:\/\/www.rassegnastampa-totustuus.it\/cattolica\/spaolo-e-la-lettera-ai-romani\/"},"author":{"name":"Redazione","@id":"https:\/\/www.rassegnastampa-totustuus.it\/cattolica\/#\/schema\/person\/08f319d2bd1a0904ad9e2bfb7b15e5c3"},"headline":"S.Paolo e la lettera ai romani","datePublished":"2009-03-25T15:41:14+00:00","dateModified":"2016-03-10T15:28:10+00:00","mainEntityOfPage":{"@id":"https:\/\/www.rassegnastampa-totustuus.it\/cattolica\/spaolo-e-la-lettera-ai-romani\/"},"wordCount":1124,"publisher":{"@id":"https:\/\/www.rassegnastampa-totustuus.it\/cattolica\/#organization"},"image":{"@id":"https:\/\/www.rassegnastampa-totustuus.it\/cattolica\/spaolo-e-la-lettera-ai-romani\/#primaryimage"},"thumbnailUrl":"https:\/\/www.rassegnastampa-totustuus.it\/cattolica\/wp-content\/uploads\/2009\/03\/San_Paolo.jpg","keywords":["S Paolo"],"articleSection":["Chiesa","Dottrina e morale","Libri"],"inLanguage":"it-IT"},{"@type":"WebPage","@id":"https:\/\/www.rassegnastampa-totustuus.it\/cattolica\/spaolo-e-la-lettera-ai-romani\/","url":"https:\/\/www.rassegnastampa-totustuus.it\/cattolica\/spaolo-e-la-lettera-ai-romani\/","name":"S.Paolo e la lettera ai romani - Rassegna Stampa Cattolica","isPartOf":{"@id":"https:\/\/www.rassegnastampa-totustuus.it\/cattolica\/#website"},"primaryImageOfPage":{"@id":"https:\/\/www.rassegnastampa-totustuus.it\/cattolica\/spaolo-e-la-lettera-ai-romani\/#primaryimage"},"image":{"@id":"https:\/\/www.rassegnastampa-totustuus.it\/cattolica\/spaolo-e-la-lettera-ai-romani\/#primaryimage"},"thumbnailUrl":"https:\/\/www.rassegnastampa-totustuus.it\/cattolica\/wp-content\/uploads\/2009\/03\/San_Paolo.jpg","datePublished":"2009-03-25T15:41:14+00:00","dateModified":"2016-03-10T15:28:10+00:00","description":"Rassegna Stampa Cattolica - Per una cultura che nasce dalla Rivelazione cristiana in conformit\u00e0 alla tradizione e al Magistero della Chiesa in opposizione ad ogni relativismo e totalitarismo","breadcrumb":{"@id":"https:\/\/www.rassegnastampa-totustuus.it\/cattolica\/spaolo-e-la-lettera-ai-romani\/#breadcrumb"},"inLanguage":"it-IT","potentialAction":[{"@type":"ReadAction","target":["https:\/\/www.rassegnastampa-totustuus.it\/cattolica\/spaolo-e-la-lettera-ai-romani\/"]}]},{"@type":"ImageObject","inLanguage":"it-IT","@id":"https:\/\/www.rassegnastampa-totustuus.it\/cattolica\/spaolo-e-la-lettera-ai-romani\/#primaryimage","url":"https:\/\/www.rassegnastampa-totustuus.it\/cattolica\/wp-content\/uploads\/2009\/03\/San_Paolo.jpg","contentUrl":"https:\/\/www.rassegnastampa-totustuus.it\/cattolica\/wp-content\/uploads\/2009\/03\/San_Paolo.jpg","width":155,"height":207},{"@type":"BreadcrumbList","@id":"https:\/\/www.rassegnastampa-totustuus.it\/cattolica\/spaolo-e-la-lettera-ai-romani\/#breadcrumb","itemListElement":[{"@type":"ListItem","position":1,"name":"Home","item":"https:\/\/www.rassegnastampa-totustuus.it\/cattolica\/"},{"@type":"ListItem","position":2,"name":"S.Paolo e la lettera ai romani"}]},{"@type":"WebSite","@id":"https:\/\/www.rassegnastampa-totustuus.it\/cattolica\/#website","url":"https:\/\/www.rassegnastampa-totustuus.it\/cattolica\/","name":"Rassegna Stampa Cattolica","description":"Per una cultura che nasce dalla Rivelazione cristiana in conformit\u00e0 alla tradizione e al Magistero della Chiesa in opposizione ad ogni relativismo e totalitarismo","publisher":{"@id":"https:\/\/www.rassegnastampa-totustuus.it\/cattolica\/#organization"},"alternateName":"Rass. Cattolica","potentialAction":[{"@type":"SearchAction","target":{"@type":"EntryPoint","urlTemplate":"https:\/\/www.rassegnastampa-totustuus.it\/cattolica\/?s={search_term_string}"},"query-input":{"@type":"PropertyValueSpecification","valueRequired":true,"valueName":"search_term_string"}}],"inLanguage":"it-IT"},{"@type":"Organization","@id":"https:\/\/www.rassegnastampa-totustuus.it\/cattolica\/#organization","name":"Rassegna Stampa Cattolica","url":"https:\/\/www.rassegnastampa-totustuus.it\/cattolica\/","logo":{"@type":"ImageObject","inLanguage":"it-IT","@id":"https:\/\/www.rassegnastampa-totustuus.it\/cattolica\/#\/schema\/logo\/image\/","url":"https:\/\/www.rassegnastampa-totustuus.it\/cattolica\/wp-content\/uploads\/2014\/04\/logo-rassegna1.gif","contentUrl":"https:\/\/www.rassegnastampa-totustuus.it\/cattolica\/wp-content\/uploads\/2014\/04\/logo-rassegna1.gif","width":600,"height":163,"caption":"Rassegna Stampa Cattolica"},"image":{"@id":"https:\/\/www.rassegnastampa-totustuus.it\/cattolica\/#\/schema\/logo\/image\/"},"sameAs":["https:\/\/www.facebook.com\/rassegnastampacattolica","https:\/\/x.com\/rassegnastampa9"]},{"@type":"Person","@id":"https:\/\/www.rassegnastampa-totustuus.it\/cattolica\/#\/schema\/person\/08f319d2bd1a0904ad9e2bfb7b15e5c3","name":"Redazione","image":{"@type":"ImageObject","inLanguage":"it-IT","@id":"https:\/\/secure.gravatar.com\/avatar\/2fcdf27c78ea025fbdb44e914cc63c72249ffec9dc8aafd5c82b26240ef3f346?s=96&d=mm&r=g","url":"https:\/\/secure.gravatar.com\/avatar\/2fcdf27c78ea025fbdb44e914cc63c72249ffec9dc8aafd5c82b26240ef3f346?s=96&d=mm&r=g","contentUrl":"https:\/\/secure.gravatar.com\/avatar\/2fcdf27c78ea025fbdb44e914cc63c72249ffec9dc8aafd5c82b26240ef3f346?s=96&d=mm&r=g","caption":"Redazione"},"url":"https:\/\/www.rassegnastampa-totustuus.it\/cattolica\/author\/pietroelle\/"}]}},"_links":{"self":[{"href":"https:\/\/www.rassegnastampa-totustuus.it\/cattolica\/wp-json\/wp\/v2\/posts\/2955","targetHints":{"allow":["GET"]}}],"collection":[{"href":"https:\/\/www.rassegnastampa-totustuus.it\/cattolica\/wp-json\/wp\/v2\/posts"}],"about":[{"href":"https:\/\/www.rassegnastampa-totustuus.it\/cattolica\/wp-json\/wp\/v2\/types\/post"}],"author":[{"embeddable":true,"href":"https:\/\/www.rassegnastampa-totustuus.it\/cattolica\/wp-json\/wp\/v2\/users\/6"}],"replies":[{"embeddable":true,"href":"https:\/\/www.rassegnastampa-totustuus.it\/cattolica\/wp-json\/wp\/v2\/comments?post=2955"}],"version-history":[{"count":4,"href":"https:\/\/www.rassegnastampa-totustuus.it\/cattolica\/wp-json\/wp\/v2\/posts\/2955\/revisions"}],"predecessor-version":[{"id":31602,"href":"https:\/\/www.rassegnastampa-totustuus.it\/cattolica\/wp-json\/wp\/v2\/posts\/2955\/revisions\/31602"}],"wp:featuredmedia":[{"embeddable":true,"href":"https:\/\/www.rassegnastampa-totustuus.it\/cattolica\/wp-json\/wp\/v2\/media\/31601"}],"wp:attachment":[{"href":"https:\/\/www.rassegnastampa-totustuus.it\/cattolica\/wp-json\/wp\/v2\/media?parent=2955"}],"wp:term":[{"taxonomy":"category","embeddable":true,"href":"https:\/\/www.rassegnastampa-totustuus.it\/cattolica\/wp-json\/wp\/v2\/categories?post=2955"},{"taxonomy":"post_tag","embeddable":true,"href":"https:\/\/www.rassegnastampa-totustuus.it\/cattolica\/wp-json\/wp\/v2\/tags?post=2955"}],"curies":[{"name":"wp","href":"https:\/\/api.w.org\/{rel}","templated":true}]}}