{"id":2954,"date":"2009-03-25T16:32:52","date_gmt":"2009-03-25T15:32:52","guid":{"rendered":""},"modified":"2015-02-14T13:30:24","modified_gmt":"2015-02-14T12:30:24","slug":"1917-rivoluzione-di-febbraio-e-rivoluzione-dottobre","status":"publish","type":"post","link":"https:\/\/www.rassegnastampa-totustuus.it\/cattolica\/1917-rivoluzione-di-febbraio-e-rivoluzione-dottobre\/","title":{"rendered":"1917: Rivoluzione di Febbraio e Rivoluzione d\u2019Ottobre"},"content":{"rendered":"<div style=\"text-align: center;\"><strong>Corrispondenza Romana<\/strong> n.982 del 3 marzo 2007<\/div>\n<p style=\"text-align: justify;\"><em>A novant\u2019anni di distanza la Rivoluzione del febbraio-marzo 1917, che precedette quella di Ottobre e che ebbe in Kerensky il suo protagonista, non va dimenticata, perch\u00e9 ci insegna come nella storia non c\u2019\u00e8 vittoria degli estremisti senza i cedimenti e le complicit\u00e0 dei moderati.<\/em><\/p>\n<p><!--more--><\/p>\n<div style=\"text-align: justify;\">Tra le date simboliche della storia mondiale, il 1917 occupa, per molte ragioni, un posto di rilievo. Con la Rivoluzione di Ottobre, la tesi di Marx, secondo cui il compito dei filosofi non era quello di conoscere il mondo, ma di trasformarlo, trov\u00f2 la sua realizzazione in Lenin. Ma con i nomi di Marx, il profeta, e di Lenin il rivoluzionario, il 1917 ne ha consegnato alla storia un altro: quello di Aleksandr Fedorovic Kerensky, l\u2019uomo che, tra il febbraio e l\u2019ottobre del 1917, apr\u00ec ai bolscevichi la strada del potere.<\/div>\n<p style=\"text-align: justify;\">A novant\u2019anni di distanza la Rivoluzione del febbraio-marzo 1917, che precedette quella di Ottobre e che ebbe in Kerensky il suo protagonista, non va dimenticata, perch\u00e9 ci insegna come nella storia non c\u2019\u00e8 vittoria degli estremisti senza i cedimenti e le complicit\u00e0 dei moderati.<\/p>\n<p style=\"text-align: justify;\">In Russia, l\u2019inverno del 1917, il terzo di guerra, era stato eccezionalmente duro. Il freddo aveva raggiunto punte di quaranta gradi sotto zero, bloccando il traffico ferroviario verso la capitale che dal 1914 aveva mutato il nome di San Pietroburgo, considerato troppo germanico, in quello di Pietrogrado.<\/p>\n<p style=\"text-align: justify;\">Le trincee traboccavano di cadaveri e le agitazioni si propagavano nel Paese. Lo Zar Nicola II seguiva gli eventi dal suo quartier generale di Mohilev, sul Dniepr, mentre la famiglia imperiale era riunita nella sontuosa residenza di Tsarkoe Selo, a ventisette chilometri da Pietrogrado. Il 23 febbraio fu proclamato lo sciopero generale.<\/p>\n<p style=\"text-align: justify;\">Il 26 il reggimento Volynia apr\u00ec il fuoco sui dimostranti ammassati sulla Prospettiva Nevski. Nicola quella sera annot\u00f2 sul suo diario: \u00ab<em>Ci sono stati disordini a Pietrogrado durante questi ultimi giorni e, con mia grande angustia, le truppe vi hanno partecipato<\/em>\u00bb.Quando, il 27 febbraio, la sede della Duma fu occupata da soldati e da operai armati, le sommosse divennero Rivoluzione.<\/p>\n<p style=\"text-align: justify;\">La sera si riun\u00ec il primo Soviet di Pietrogrado, mentre anche a Mosca divampava l\u2019insurrezione. Il giorno successivo lo Zar decise di lasciare Mohilev e di raggiungere la capitale ma il treno imperiale fu bloccato dai rivoltosi e dirottato verso la citt\u00e0 di Pskov nella Russia Bianca.<\/p>\n<p style=\"text-align: justify;\">Aleksander Kerensky, giovane leader socialista della Duma, appoggiato dagli influenti circoli massonici del Paese, si pose abilmente alla testa del movimento. Il mattino del 2 marzo fu costituito un governo provvisorio che invi\u00f2 a Pskov due parlamentari per negoziare con lo Zar. Nicola dichiar\u00f2 di non riuscire a concepire la posizione di un monarca costituzionale che regna ma non governa. Egli preferiva l\u2019abdicazione a quello che considerava il tradimento del proprio dovere di sovrano.<\/p>\n<p style=\"text-align: justify;\">Decise dunque di rinunziare al trono per s\u00e9 e per il figlio Alessio, gravemente malato, affidando la successione al fratello Michele, senza immaginare che questi avrebbe abdicato a sua volta consegnando il potere nelle mani della Repubblica. Quello stesso giorno infatti, un gruppo di emissari della Duma, tra i quali Kerensky, convinsero il granduca Michele che se avesse accettato il trono, avrebbe regnato soltanto poche ore sufficienti per scatenare una guerra civile in cui egli sarebbe stato ucciso con tutti i suoi partigiani.<\/p>\n<p style=\"text-align: justify;\">Quando Michele si arrese alle pressioni, Kerensky balz\u00f2 in piedi e si precipit\u00f2 verso di lui dichiarando: \u00ab<em>Altezza, lei \u00e8 un animo nobile<\/em>\u00bb (il che, ricorda lo storico George Katkov, non imped\u00ec che, quattro mesi dopo, lo stesso Kerensky ordinasse l\u2019arresto del granduca). La rinunzia al trono di Michele di Russia suggell\u00f2 la fine della monarchia. Lo Zar per ordine del Soviet di Pietrogrado venne trasferito a Tsarkoe Selo e il 13 agosto 1917 deportato con tutta la famiglia imperiale in Siberia. Manc\u00f2 di energia ma non di una dignitosa rassegnazione che caratterizz\u00f2 gli ultimi mesi della sua vita, fino al massacro di Ekaterinburg, il 13 giugno 1918.<\/p>\n<p style=\"text-align: justify;\">La Francia e l\u2019Inghilterra salutarono con soddisfazione la caduta dell\u2019autocrate russo, con una incomprensione degli avvenimenti non minore di quella dei Paesi della Triplice Alleanza. Fu grazie all\u2019appoggio della Germania, infatti, che Lenin torn\u00f2 in patria sul celebre \u201cvagone piombato\u201d e da Pietrogrado, il giorno seguente al suo arrivo, il 4 aprile 1917, reclam\u00f2 \u00ab<em>tutto il potere ai Soviet<\/em>\u00bb.<\/p>\n<p style=\"text-align: justify;\">Il primo ordine del giorno del nuovo governo, diretto al presidio militare di Pietrogrado disponeva che fossero creati Soviet in tutte le unit\u00e0 dell\u2019esercito e della marina. Si trattava dell\u2019inizio del disfacimento delle forze armate. Un secondo decreto proclamava l\u2019amnistia generale, spalancando le porte delle prigioni ad agitatori politici e detenuti comuni. Il terzo provvedimento, il 14 aprile, introduceva una riforma agraria che prevedeva la confisca di tutte le propriet\u00e0 terriere eccedenti un certo numero di ettari.<\/p>\n<p style=\"text-align: justify;\">La situazione al fronte intanto precipitava, malgrado i proclami incendiari di Kerensky, che dopo essere divenuto ministro della Guerra, assunse in luglio la guida del governo. Le potenze occidentali lo consideravano un socialista moderato che avrebbe potuto arrestare il corso della Rivoluzione, ma Kerensky, come tutti i progressisti, odiava i conservatori pi\u00f9 dei rivoluzionari.<\/p>\n<p style=\"text-align: justify;\">Quando nel settembre 1917, il generale Kornilov, comandante delle forze armate, prepar\u00f2 un piano di azione per rovesciare Lenin, il tentativo fall\u00ec perch\u00e9 Kerensky si appell\u00f2 ai bolscevichi, armandoli e incitandoli contro il comune nemico controrivoluzionario. Grazie alla disfatta di Kornilov, il movimento bolscevico si rafforz\u00f2 in tutta la Russia e, a partire dai primi di ottobre, si prepar\u00f2 ad eliminare Kerensky che aveva ormai svolto il suo ruolo di battistrada.<\/p>\n<p style=\"text-align: justify;\">Kerensky si accorse di essere solo: aveva liquidato tutte le forze che avrebbero potuto resistere ai bolscevichi e ormai non poteva contare che sugli allievi delle scuole militari di Pietrogrado e su qualche battaglione di donne che in un accesso di esaltazione patriottica avevano indossato l\u2019uniforme.<\/p>\n<p style=\"text-align: justify;\">Quando la sera del 24 ottobre Lenin prese il potere, Kerensky fugg\u00ec da Pietrogrado mentre tutti i suoi ministri furono arrestati. Il potere pass\u00f2 alla Repubblica dei Soviet. Uno dei pi\u00f9 attenti osservatori e seguaci della Rivoluzione russa, Antonio Gramsci, critic\u00f2 Lenin per aver conquistato il potere con un colpo di Stato senza aver preliminarmente guadagnato a s\u00e9 la societ\u00e0 civile.<\/p>\n<p style=\"text-align: justify;\">In Italia, Gramsci riteneva necessaria la collaborazione dei cattolici che, negli anni Venti, si erano raccolti nelle fila del nascente Partito Popolare: \u00ab<em>I popolari<\/em> \u2013 scrisse nella rivista \u201cL\u2019Ordine Nuovo\u201d \u2013 <em>rappresentano una fase necessaria del processo di sviluppo del proletariato italiano verso il comunismo. Il cattolicesimo democratico fa ci\u00f2 che il comunismo non potrebbe: amalgama, ordina, vivifica e si suicida. I popolari stanno ai socialisti come Kerensky a Lenin<\/em>\u00bb.<\/p>\n<p style=\"text-align: justify;\">Negli anni Settanta del Novecento, in un <em>best-seller<\/em> dell\u2019America Latina, Fabio Vidigal Xavier da Silveira defin\u00ec Eduardo Frei, l\u2019uomo politico democristiano che precedette Salvador Allende, come \u00ab<em>il Kerensky cileno<\/em>\u00bb. Nel 1996, il Centro Culturale Lepanto, in un manifesto pubblicato all\u2019indomani della vittoria elettorale della Sinistra, denomin\u00f2 Romano Prodi come \u00ab<em>il Kerenski italiano<\/em>\u00bb.<\/p>\n<p style=\"text-align: justify;\">Il vero Kerensky, quello nato a Simbirsk, in Russia, nel 1881, era morto a New York il 2 maggio del 1970, tentando di accreditare fino all\u2019ultimo la leggenda secondo cui esiste una \u201cRivoluzione buona\u201d da contrapporre ad una \u201cRivoluzione cattiva\u201d.<\/p>\n<p style=\"text-align: justify;\">La storia lo aveva smentito e continua a dargli torto.<\/p>\n","protected":false},"excerpt":{"rendered":"<p>Corrispondenza Romana n.982 del 3 marzo 2007 A novant\u2019anni di distanza la Rivoluzione del febbraio-marzo 1917, che precedette quella di Ottobre e che ebbe in Kerensky il suo protagonista, non va dimenticata, perch\u00e9 ci insegna come nella storia non c\u2019\u00e8 vittoria degli estremisti senza i cedimenti e le complicit\u00e0 dei moderati.<\/p><p><a class=\"more-link btn\" href=\"https:\/\/www.rassegnastampa-totustuus.it\/cattolica\/1917-rivoluzione-di-febbraio-e-rivoluzione-dottobre\/\">Continua a leggere<\/a><\/p>\n","protected":false},"author":6,"featured_media":33642,"comment_status":"closed","ping_status":"open","sticky":false,"template":"","format":"standard","meta":{"footnotes":""},"categories":[32,24,84],"tags":[1583],"class_list":["post-2954","post","type-post","status-publish","format-standard","has-post-thumbnail","hentry","category-filosofia-del-comunismo","category-storia","category-urss","tag-rivoluzione-dottobre","item-wrap"],"yoast_head":"<!-- This site is optimized with the Yoast SEO plugin v27.5 - https:\/\/yoast.com\/product\/yoast-seo-wordpress\/ -->\n<title>1917: Rivoluzione di Febbraio e Rivoluzione d\u2019Ottobre - Rassegna Stampa Cattolica<\/title>\n<meta name=\"description\" content=\"Rassegna Stampa Cattolica - Per una cultura che nasce dalla Rivelazione cristiana in conformit\u00e0 alla tradizione e al Magistero della Chiesa in opposizione ad ogni relativismo e totalitarismo\" \/>\n<meta name=\"robots\" content=\"index, follow, max-snippet:-1, max-image-preview:large, max-video-preview:-1\" \/>\n<link rel=\"canonical\" href=\"https:\/\/www.rassegnastampa-totustuus.it\/cattolica\/1917-rivoluzione-di-febbraio-e-rivoluzione-dottobre\/\" \/>\n<meta property=\"og:locale\" content=\"it_IT\" \/>\n<meta property=\"og:type\" content=\"article\" \/>\n<meta property=\"og:title\" content=\"1917: Rivoluzione di Febbraio e Rivoluzione d\u2019Ottobre - Rassegna Stampa Cattolica\" \/>\n<meta property=\"og:description\" content=\"Rassegna Stampa Cattolica - Per una cultura che nasce dalla Rivelazione cristiana in conformit\u00e0 alla tradizione e al Magistero della Chiesa in opposizione ad ogni relativismo e totalitarismo\" \/>\n<meta property=\"og:url\" content=\"https:\/\/www.rassegnastampa-totustuus.it\/cattolica\/1917-rivoluzione-di-febbraio-e-rivoluzione-dottobre\/\" \/>\n<meta property=\"og:site_name\" content=\"Rassegna Stampa Cattolica\" \/>\n<meta property=\"article:publisher\" content=\"https:\/\/www.facebook.com\/rassegnastampacattolica\" \/>\n<meta property=\"article:published_time\" content=\"2009-03-25T15:32:52+00:00\" \/>\n<meta property=\"article:modified_time\" content=\"2015-02-14T12:30:24+00:00\" \/>\n<meta property=\"og:image\" content=\"https:\/\/www.rassegnastampa-totustuus.it\/cattolica\/wp-content\/uploads\/2009\/03\/Rivoluzione_1917.jpg\" \/>\n\t<meta property=\"og:image:width\" content=\"289\" \/>\n\t<meta property=\"og:image:height\" content=\"174\" \/>\n\t<meta property=\"og:image:type\" content=\"image\/jpeg\" \/>\n<meta name=\"author\" content=\"Redazione\" \/>\n<meta name=\"twitter:card\" content=\"summary_large_image\" \/>\n<meta name=\"twitter:creator\" content=\"@rassegnastampa9\" \/>\n<meta name=\"twitter:site\" content=\"@rassegnastampa9\" \/>\n<meta name=\"twitter:label1\" content=\"Scritto da\" \/>\n\t<meta name=\"twitter:data1\" content=\"Redazione\" \/>\n\t<meta name=\"twitter:label2\" content=\"Tempo di lettura stimato\" \/>\n\t<meta name=\"twitter:data2\" content=\"6 minuti\" \/>\n<script type=\"application\/ld+json\" class=\"yoast-schema-graph\">{\"@context\":\"https:\\\/\\\/schema.org\",\"@graph\":[{\"@type\":\"Article\",\"@id\":\"https:\\\/\\\/www.rassegnastampa-totustuus.it\\\/cattolica\\\/1917-rivoluzione-di-febbraio-e-rivoluzione-dottobre\\\/#article\",\"isPartOf\":{\"@id\":\"https:\\\/\\\/www.rassegnastampa-totustuus.it\\\/cattolica\\\/1917-rivoluzione-di-febbraio-e-rivoluzione-dottobre\\\/\"},\"author\":{\"name\":\"Redazione\",\"@id\":\"https:\\\/\\\/www.rassegnastampa-totustuus.it\\\/cattolica\\\/#\\\/schema\\\/person\\\/08f319d2bd1a0904ad9e2bfb7b15e5c3\"},\"headline\":\"1917: Rivoluzione di Febbraio e Rivoluzione d\u2019Ottobre\",\"datePublished\":\"2009-03-25T15:32:52+00:00\",\"dateModified\":\"2015-02-14T12:30:24+00:00\",\"mainEntityOfPage\":{\"@id\":\"https:\\\/\\\/www.rassegnastampa-totustuus.it\\\/cattolica\\\/1917-rivoluzione-di-febbraio-e-rivoluzione-dottobre\\\/\"},\"wordCount\":1196,\"publisher\":{\"@id\":\"https:\\\/\\\/www.rassegnastampa-totustuus.it\\\/cattolica\\\/#organization\"},\"image\":{\"@id\":\"https:\\\/\\\/www.rassegnastampa-totustuus.it\\\/cattolica\\\/1917-rivoluzione-di-febbraio-e-rivoluzione-dottobre\\\/#primaryimage\"},\"thumbnailUrl\":\"https:\\\/\\\/www.rassegnastampa-totustuus.it\\\/cattolica\\\/wp-content\\\/uploads\\\/2009\\\/03\\\/Rivoluzione_1917.jpg\",\"keywords\":[\"Rivoluzione d'Ottobre\"],\"articleSection\":[\"Comunismo\",\"Storia\",\"URSS\"],\"inLanguage\":\"it-IT\"},{\"@type\":\"WebPage\",\"@id\":\"https:\\\/\\\/www.rassegnastampa-totustuus.it\\\/cattolica\\\/1917-rivoluzione-di-febbraio-e-rivoluzione-dottobre\\\/\",\"url\":\"https:\\\/\\\/www.rassegnastampa-totustuus.it\\\/cattolica\\\/1917-rivoluzione-di-febbraio-e-rivoluzione-dottobre\\\/\",\"name\":\"1917: Rivoluzione di Febbraio e Rivoluzione d\u2019Ottobre - Rassegna Stampa Cattolica\",\"isPartOf\":{\"@id\":\"https:\\\/\\\/www.rassegnastampa-totustuus.it\\\/cattolica\\\/#website\"},\"primaryImageOfPage\":{\"@id\":\"https:\\\/\\\/www.rassegnastampa-totustuus.it\\\/cattolica\\\/1917-rivoluzione-di-febbraio-e-rivoluzione-dottobre\\\/#primaryimage\"},\"image\":{\"@id\":\"https:\\\/\\\/www.rassegnastampa-totustuus.it\\\/cattolica\\\/1917-rivoluzione-di-febbraio-e-rivoluzione-dottobre\\\/#primaryimage\"},\"thumbnailUrl\":\"https:\\\/\\\/www.rassegnastampa-totustuus.it\\\/cattolica\\\/wp-content\\\/uploads\\\/2009\\\/03\\\/Rivoluzione_1917.jpg\",\"datePublished\":\"2009-03-25T15:32:52+00:00\",\"dateModified\":\"2015-02-14T12:30:24+00:00\",\"description\":\"Rassegna Stampa Cattolica - Per una cultura che nasce dalla Rivelazione cristiana in conformit\u00e0 alla tradizione e al Magistero della Chiesa in opposizione ad ogni relativismo e totalitarismo\",\"breadcrumb\":{\"@id\":\"https:\\\/\\\/www.rassegnastampa-totustuus.it\\\/cattolica\\\/1917-rivoluzione-di-febbraio-e-rivoluzione-dottobre\\\/#breadcrumb\"},\"inLanguage\":\"it-IT\",\"potentialAction\":[{\"@type\":\"ReadAction\",\"target\":[\"https:\\\/\\\/www.rassegnastampa-totustuus.it\\\/cattolica\\\/1917-rivoluzione-di-febbraio-e-rivoluzione-dottobre\\\/\"]}]},{\"@type\":\"ImageObject\",\"inLanguage\":\"it-IT\",\"@id\":\"https:\\\/\\\/www.rassegnastampa-totustuus.it\\\/cattolica\\\/1917-rivoluzione-di-febbraio-e-rivoluzione-dottobre\\\/#primaryimage\",\"url\":\"https:\\\/\\\/www.rassegnastampa-totustuus.it\\\/cattolica\\\/wp-content\\\/uploads\\\/2009\\\/03\\\/Rivoluzione_1917.jpg\",\"contentUrl\":\"https:\\\/\\\/www.rassegnastampa-totustuus.it\\\/cattolica\\\/wp-content\\\/uploads\\\/2009\\\/03\\\/Rivoluzione_1917.jpg\",\"width\":289,\"height\":174},{\"@type\":\"BreadcrumbList\",\"@id\":\"https:\\\/\\\/www.rassegnastampa-totustuus.it\\\/cattolica\\\/1917-rivoluzione-di-febbraio-e-rivoluzione-dottobre\\\/#breadcrumb\",\"itemListElement\":[{\"@type\":\"ListItem\",\"position\":1,\"name\":\"Home\",\"item\":\"https:\\\/\\\/www.rassegnastampa-totustuus.it\\\/cattolica\\\/\"},{\"@type\":\"ListItem\",\"position\":2,\"name\":\"1917: Rivoluzione di Febbraio e Rivoluzione d\u2019Ottobre\"}]},{\"@type\":\"WebSite\",\"@id\":\"https:\\\/\\\/www.rassegnastampa-totustuus.it\\\/cattolica\\\/#website\",\"url\":\"https:\\\/\\\/www.rassegnastampa-totustuus.it\\\/cattolica\\\/\",\"name\":\"Rassegna Stampa Cattolica\",\"description\":\"Per una cultura che nasce dalla Rivelazione cristiana in conformit\u00e0 alla tradizione e al Magistero della Chiesa in opposizione ad ogni relativismo e totalitarismo\",\"publisher\":{\"@id\":\"https:\\\/\\\/www.rassegnastampa-totustuus.it\\\/cattolica\\\/#organization\"},\"alternateName\":\"Rass. Cattolica\",\"potentialAction\":[{\"@type\":\"SearchAction\",\"target\":{\"@type\":\"EntryPoint\",\"urlTemplate\":\"https:\\\/\\\/www.rassegnastampa-totustuus.it\\\/cattolica\\\/?s={search_term_string}\"},\"query-input\":{\"@type\":\"PropertyValueSpecification\",\"valueRequired\":true,\"valueName\":\"search_term_string\"}}],\"inLanguage\":\"it-IT\"},{\"@type\":\"Organization\",\"@id\":\"https:\\\/\\\/www.rassegnastampa-totustuus.it\\\/cattolica\\\/#organization\",\"name\":\"Rassegna Stampa Cattolica\",\"url\":\"https:\\\/\\\/www.rassegnastampa-totustuus.it\\\/cattolica\\\/\",\"logo\":{\"@type\":\"ImageObject\",\"inLanguage\":\"it-IT\",\"@id\":\"https:\\\/\\\/www.rassegnastampa-totustuus.it\\\/cattolica\\\/#\\\/schema\\\/logo\\\/image\\\/\",\"url\":\"https:\\\/\\\/www.rassegnastampa-totustuus.it\\\/cattolica\\\/wp-content\\\/uploads\\\/2014\\\/04\\\/logo-rassegna1.gif\",\"contentUrl\":\"https:\\\/\\\/www.rassegnastampa-totustuus.it\\\/cattolica\\\/wp-content\\\/uploads\\\/2014\\\/04\\\/logo-rassegna1.gif\",\"width\":600,\"height\":163,\"caption\":\"Rassegna Stampa Cattolica\"},\"image\":{\"@id\":\"https:\\\/\\\/www.rassegnastampa-totustuus.it\\\/cattolica\\\/#\\\/schema\\\/logo\\\/image\\\/\"},\"sameAs\":[\"https:\\\/\\\/www.facebook.com\\\/rassegnastampacattolica\",\"https:\\\/\\\/x.com\\\/rassegnastampa9\"]},{\"@type\":\"Person\",\"@id\":\"https:\\\/\\\/www.rassegnastampa-totustuus.it\\\/cattolica\\\/#\\\/schema\\\/person\\\/08f319d2bd1a0904ad9e2bfb7b15e5c3\",\"name\":\"Redazione\",\"image\":{\"@type\":\"ImageObject\",\"inLanguage\":\"it-IT\",\"@id\":\"https:\\\/\\\/secure.gravatar.com\\\/avatar\\\/2fcdf27c78ea025fbdb44e914cc63c72249ffec9dc8aafd5c82b26240ef3f346?s=96&d=mm&r=g\",\"url\":\"https:\\\/\\\/secure.gravatar.com\\\/avatar\\\/2fcdf27c78ea025fbdb44e914cc63c72249ffec9dc8aafd5c82b26240ef3f346?s=96&d=mm&r=g\",\"contentUrl\":\"https:\\\/\\\/secure.gravatar.com\\\/avatar\\\/2fcdf27c78ea025fbdb44e914cc63c72249ffec9dc8aafd5c82b26240ef3f346?s=96&d=mm&r=g\",\"caption\":\"Redazione\"},\"url\":\"https:\\\/\\\/www.rassegnastampa-totustuus.it\\\/cattolica\\\/author\\\/pietroelle\\\/\"}]}<\/script>\n<!-- \/ Yoast SEO plugin. -->","yoast_head_json":{"title":"1917: Rivoluzione di Febbraio e Rivoluzione d\u2019Ottobre - Rassegna Stampa Cattolica","description":"Rassegna Stampa Cattolica - Per una cultura che nasce dalla Rivelazione cristiana in conformit\u00e0 alla tradizione e al Magistero della Chiesa in opposizione ad ogni relativismo e totalitarismo","robots":{"index":"index","follow":"follow","max-snippet":"max-snippet:-1","max-image-preview":"max-image-preview:large","max-video-preview":"max-video-preview:-1"},"canonical":"https:\/\/www.rassegnastampa-totustuus.it\/cattolica\/1917-rivoluzione-di-febbraio-e-rivoluzione-dottobre\/","og_locale":"it_IT","og_type":"article","og_title":"1917: Rivoluzione di Febbraio e Rivoluzione d\u2019Ottobre - Rassegna Stampa Cattolica","og_description":"Rassegna Stampa Cattolica - Per una cultura che nasce dalla Rivelazione cristiana in conformit\u00e0 alla tradizione e al Magistero della Chiesa in opposizione ad ogni relativismo e totalitarismo","og_url":"https:\/\/www.rassegnastampa-totustuus.it\/cattolica\/1917-rivoluzione-di-febbraio-e-rivoluzione-dottobre\/","og_site_name":"Rassegna Stampa Cattolica","article_publisher":"https:\/\/www.facebook.com\/rassegnastampacattolica","article_published_time":"2009-03-25T15:32:52+00:00","article_modified_time":"2015-02-14T12:30:24+00:00","og_image":[{"width":289,"height":174,"url":"https:\/\/www.rassegnastampa-totustuus.it\/cattolica\/wp-content\/uploads\/2009\/03\/Rivoluzione_1917.jpg","type":"image\/jpeg"}],"author":"Redazione","twitter_card":"summary_large_image","twitter_creator":"@rassegnastampa9","twitter_site":"@rassegnastampa9","twitter_misc":{"Scritto da":"Redazione","Tempo di lettura stimato":"6 minuti"},"schema":{"@context":"https:\/\/schema.org","@graph":[{"@type":"Article","@id":"https:\/\/www.rassegnastampa-totustuus.it\/cattolica\/1917-rivoluzione-di-febbraio-e-rivoluzione-dottobre\/#article","isPartOf":{"@id":"https:\/\/www.rassegnastampa-totustuus.it\/cattolica\/1917-rivoluzione-di-febbraio-e-rivoluzione-dottobre\/"},"author":{"name":"Redazione","@id":"https:\/\/www.rassegnastampa-totustuus.it\/cattolica\/#\/schema\/person\/08f319d2bd1a0904ad9e2bfb7b15e5c3"},"headline":"1917: Rivoluzione di Febbraio e Rivoluzione d\u2019Ottobre","datePublished":"2009-03-25T15:32:52+00:00","dateModified":"2015-02-14T12:30:24+00:00","mainEntityOfPage":{"@id":"https:\/\/www.rassegnastampa-totustuus.it\/cattolica\/1917-rivoluzione-di-febbraio-e-rivoluzione-dottobre\/"},"wordCount":1196,"publisher":{"@id":"https:\/\/www.rassegnastampa-totustuus.it\/cattolica\/#organization"},"image":{"@id":"https:\/\/www.rassegnastampa-totustuus.it\/cattolica\/1917-rivoluzione-di-febbraio-e-rivoluzione-dottobre\/#primaryimage"},"thumbnailUrl":"https:\/\/www.rassegnastampa-totustuus.it\/cattolica\/wp-content\/uploads\/2009\/03\/Rivoluzione_1917.jpg","keywords":["Rivoluzione d'Ottobre"],"articleSection":["Comunismo","Storia","URSS"],"inLanguage":"it-IT"},{"@type":"WebPage","@id":"https:\/\/www.rassegnastampa-totustuus.it\/cattolica\/1917-rivoluzione-di-febbraio-e-rivoluzione-dottobre\/","url":"https:\/\/www.rassegnastampa-totustuus.it\/cattolica\/1917-rivoluzione-di-febbraio-e-rivoluzione-dottobre\/","name":"1917: Rivoluzione di Febbraio e Rivoluzione d\u2019Ottobre - Rassegna Stampa Cattolica","isPartOf":{"@id":"https:\/\/www.rassegnastampa-totustuus.it\/cattolica\/#website"},"primaryImageOfPage":{"@id":"https:\/\/www.rassegnastampa-totustuus.it\/cattolica\/1917-rivoluzione-di-febbraio-e-rivoluzione-dottobre\/#primaryimage"},"image":{"@id":"https:\/\/www.rassegnastampa-totustuus.it\/cattolica\/1917-rivoluzione-di-febbraio-e-rivoluzione-dottobre\/#primaryimage"},"thumbnailUrl":"https:\/\/www.rassegnastampa-totustuus.it\/cattolica\/wp-content\/uploads\/2009\/03\/Rivoluzione_1917.jpg","datePublished":"2009-03-25T15:32:52+00:00","dateModified":"2015-02-14T12:30:24+00:00","description":"Rassegna Stampa Cattolica - Per una cultura che nasce dalla Rivelazione cristiana in conformit\u00e0 alla tradizione e al Magistero della Chiesa in opposizione ad ogni relativismo e totalitarismo","breadcrumb":{"@id":"https:\/\/www.rassegnastampa-totustuus.it\/cattolica\/1917-rivoluzione-di-febbraio-e-rivoluzione-dottobre\/#breadcrumb"},"inLanguage":"it-IT","potentialAction":[{"@type":"ReadAction","target":["https:\/\/www.rassegnastampa-totustuus.it\/cattolica\/1917-rivoluzione-di-febbraio-e-rivoluzione-dottobre\/"]}]},{"@type":"ImageObject","inLanguage":"it-IT","@id":"https:\/\/www.rassegnastampa-totustuus.it\/cattolica\/1917-rivoluzione-di-febbraio-e-rivoluzione-dottobre\/#primaryimage","url":"https:\/\/www.rassegnastampa-totustuus.it\/cattolica\/wp-content\/uploads\/2009\/03\/Rivoluzione_1917.jpg","contentUrl":"https:\/\/www.rassegnastampa-totustuus.it\/cattolica\/wp-content\/uploads\/2009\/03\/Rivoluzione_1917.jpg","width":289,"height":174},{"@type":"BreadcrumbList","@id":"https:\/\/www.rassegnastampa-totustuus.it\/cattolica\/1917-rivoluzione-di-febbraio-e-rivoluzione-dottobre\/#breadcrumb","itemListElement":[{"@type":"ListItem","position":1,"name":"Home","item":"https:\/\/www.rassegnastampa-totustuus.it\/cattolica\/"},{"@type":"ListItem","position":2,"name":"1917: Rivoluzione di Febbraio e Rivoluzione d\u2019Ottobre"}]},{"@type":"WebSite","@id":"https:\/\/www.rassegnastampa-totustuus.it\/cattolica\/#website","url":"https:\/\/www.rassegnastampa-totustuus.it\/cattolica\/","name":"Rassegna Stampa Cattolica","description":"Per una cultura che nasce dalla Rivelazione cristiana in conformit\u00e0 alla tradizione e al Magistero della Chiesa in opposizione ad ogni relativismo e totalitarismo","publisher":{"@id":"https:\/\/www.rassegnastampa-totustuus.it\/cattolica\/#organization"},"alternateName":"Rass. Cattolica","potentialAction":[{"@type":"SearchAction","target":{"@type":"EntryPoint","urlTemplate":"https:\/\/www.rassegnastampa-totustuus.it\/cattolica\/?s={search_term_string}"},"query-input":{"@type":"PropertyValueSpecification","valueRequired":true,"valueName":"search_term_string"}}],"inLanguage":"it-IT"},{"@type":"Organization","@id":"https:\/\/www.rassegnastampa-totustuus.it\/cattolica\/#organization","name":"Rassegna Stampa Cattolica","url":"https:\/\/www.rassegnastampa-totustuus.it\/cattolica\/","logo":{"@type":"ImageObject","inLanguage":"it-IT","@id":"https:\/\/www.rassegnastampa-totustuus.it\/cattolica\/#\/schema\/logo\/image\/","url":"https:\/\/www.rassegnastampa-totustuus.it\/cattolica\/wp-content\/uploads\/2014\/04\/logo-rassegna1.gif","contentUrl":"https:\/\/www.rassegnastampa-totustuus.it\/cattolica\/wp-content\/uploads\/2014\/04\/logo-rassegna1.gif","width":600,"height":163,"caption":"Rassegna Stampa Cattolica"},"image":{"@id":"https:\/\/www.rassegnastampa-totustuus.it\/cattolica\/#\/schema\/logo\/image\/"},"sameAs":["https:\/\/www.facebook.com\/rassegnastampacattolica","https:\/\/x.com\/rassegnastampa9"]},{"@type":"Person","@id":"https:\/\/www.rassegnastampa-totustuus.it\/cattolica\/#\/schema\/person\/08f319d2bd1a0904ad9e2bfb7b15e5c3","name":"Redazione","image":{"@type":"ImageObject","inLanguage":"it-IT","@id":"https:\/\/secure.gravatar.com\/avatar\/2fcdf27c78ea025fbdb44e914cc63c72249ffec9dc8aafd5c82b26240ef3f346?s=96&d=mm&r=g","url":"https:\/\/secure.gravatar.com\/avatar\/2fcdf27c78ea025fbdb44e914cc63c72249ffec9dc8aafd5c82b26240ef3f346?s=96&d=mm&r=g","contentUrl":"https:\/\/secure.gravatar.com\/avatar\/2fcdf27c78ea025fbdb44e914cc63c72249ffec9dc8aafd5c82b26240ef3f346?s=96&d=mm&r=g","caption":"Redazione"},"url":"https:\/\/www.rassegnastampa-totustuus.it\/cattolica\/author\/pietroelle\/"}]}},"_links":{"self":[{"href":"https:\/\/www.rassegnastampa-totustuus.it\/cattolica\/wp-json\/wp\/v2\/posts\/2954","targetHints":{"allow":["GET"]}}],"collection":[{"href":"https:\/\/www.rassegnastampa-totustuus.it\/cattolica\/wp-json\/wp\/v2\/posts"}],"about":[{"href":"https:\/\/www.rassegnastampa-totustuus.it\/cattolica\/wp-json\/wp\/v2\/types\/post"}],"author":[{"embeddable":true,"href":"https:\/\/www.rassegnastampa-totustuus.it\/cattolica\/wp-json\/wp\/v2\/users\/6"}],"replies":[{"embeddable":true,"href":"https:\/\/www.rassegnastampa-totustuus.it\/cattolica\/wp-json\/wp\/v2\/comments?post=2954"}],"version-history":[{"count":3,"href":"https:\/\/www.rassegnastampa-totustuus.it\/cattolica\/wp-json\/wp\/v2\/posts\/2954\/revisions"}],"predecessor-version":[{"id":18673,"href":"https:\/\/www.rassegnastampa-totustuus.it\/cattolica\/wp-json\/wp\/v2\/posts\/2954\/revisions\/18673"}],"wp:featuredmedia":[{"embeddable":true,"href":"https:\/\/www.rassegnastampa-totustuus.it\/cattolica\/wp-json\/wp\/v2\/media\/33642"}],"wp:attachment":[{"href":"https:\/\/www.rassegnastampa-totustuus.it\/cattolica\/wp-json\/wp\/v2\/media?parent=2954"}],"wp:term":[{"taxonomy":"category","embeddable":true,"href":"https:\/\/www.rassegnastampa-totustuus.it\/cattolica\/wp-json\/wp\/v2\/categories?post=2954"},{"taxonomy":"post_tag","embeddable":true,"href":"https:\/\/www.rassegnastampa-totustuus.it\/cattolica\/wp-json\/wp\/v2\/tags?post=2954"}],"curies":[{"name":"wp","href":"https:\/\/api.w.org\/{rel}","templated":true}]}}