{"id":29523,"date":"2015-08-21T00:00:00","date_gmt":"2015-08-20T22:00:00","guid":{"rendered":"http:\/\/www.rassegnastampa-totustuus.it\/cattolica\/?p=29523"},"modified":"2016-01-21T15:47:37","modified_gmt":"2016-01-21T14:47:37","slug":"per-favore-finiamola-con-darwin","status":"publish","type":"post","link":"https:\/\/www.rassegnastampa-totustuus.it\/cattolica\/per-favore-finiamola-con-darwin\/","title":{"rendered":"Per favore, finiamola con Darwin"},"content":{"rendered":"<div id=\"attachment_29524\" style=\"width: 157px\" class=\"wp-caption alignleft\"><a href=\"https:\/\/www.rassegnastampa-totustuus.it\/cattolica\/wp-content\/uploads\/2016\/01\/Giuseppe-Sermonti.jpg\"><img loading=\"lazy\" decoding=\"async\" aria-describedby=\"caption-attachment-29524\" class=\"wp-image-29524\" src=\"https:\/\/www.rassegnastampa-totustuus.it\/cattolica\/wp-content\/uploads\/2016\/01\/Giuseppe-Sermonti.jpg\" alt=\"Giuseppe Sermonti\" width=\"157\" height=\"200\" \/><\/a><p id=\"caption-attachment-29524\" class=\"wp-caption-text\">Giuseppe Sermonti<\/p><\/div>\n<p style=\"text-align: center;\">Settimanale <strong>Gente<\/strong><\/p>\n<p style=\"text-align: justify;\"><em>Giuseppe Sermonti, lo scienziato di fama internazionale che contesta l&#8217;evoluzionismo, spie<\/em><em>ga per<\/em><em>ch\u00e9 oggi la teoria di D<\/em><em>arwin non \u00e8 pi\u00f9 sostenibile &#8211; \u00ab<\/em><em>La presunta scientificit\u00e0 dell&#8217;evoluzio<\/em><em>ne<\/em><em> \u00e8 tu<\/em><em>tta nel suo ateismo di partenza\u00bb &#8211; \u00ab<\/em><em>Ci si attacca a Darwin per non ammettere l&#8217;esiste<\/em><em>nza di un Dio creatore\u00bb &#8211; \u00ab<\/em><em>La scienza ha dimostrato che non \u00e8 possibile la generazione spontane<\/em><em>a della vita\u00bb &#8211; \u00ab<\/em><em>Il mondo \u00e8 intessuto con la stoffa del mistero: u<\/em><em>n mistero che noi dobbiamo accettare.<\/em><\/p>\n<p style=\"text-align: center;\">di<strong> Giuseppe Grieco<\/strong><\/p>\n<p style=\"text-align: center;\"><!--more--><\/p>\n<p style=\"text-align: justify;\"><em>Roma, giugno<\/em><\/p>\n<p style=\"text-align: justify;\">A colloquio con Giuseppe Sermonti, il biologo che contesta uno dei grandi miti del nostro tempo: quello della scienza che assolutizza se stessa come forma di conoscenza. Nella &#8220;Prefazione&#8221; al suo libro <em>Il <\/em>crepuscolo dello scientismo, egli scrive: &#8220;Assegnare dei limiti alla scienza non significa screditarla. Ogni cosa ha i suoi limiti entro i quali si muove, si identifica e si riconosce. Se mai bisogna fare una critica alla scienza moderna, essa riguarda la sua pretesa di non avere limiti, cio\u00e8 di comprendere entro i propri confini tutto l&#8217;universo. Un simile atteggiamento sar\u00e0 definito&#8230; col termine di scientismo&#8221;. E quali sono le conseguenze negative dello scientismo? La &#8220;fabbrica&#8221; di &#8220;scienziati assolutisti&#8221; che trasformano la scienza in ideologia, diventando cos\u00ec gli ideologi di &#8220;una sorta di clericalismo scientista che in fin dei conti piace pi\u00f9 ai politici e ai filosofi che agli scienziati&#8221;.<\/p>\n<p style=\"text-align: justify;\"><strong>&#8220;IL PROGRESSISMO&#8221;<\/strong><\/p>\n<p style=\"text-align: justify;\">Sempre nella citata &#8220;Prefazione&#8221;, Sermonti scrive ancora: &#8220;&#8230; ho cercato di trovare delle posizioni erronee non tra le opinioni che incontrano generale riprovazione, ma proprio tra quelle che appaiono maggiormente difendibili, o addirittura cos\u00ec completamente pacifiche che nel loro contrario non sembra possa trovarsi neppure una traccia di verit\u00e0 da cui organizzare una controffensiva. Poich\u00e9 mi oppongo a ideologie che sono nate rivoluzionarie (come il materialismo ingenuo, il progressismo, il positivismo scientifico, ecc.), correr\u00f2 il rischio di passare per reazionario. Ma debbo dire che, a mio avviso, si tratta di rivoluzioni del tutto particolari, che, arrivate al potere, si sono imposte come tiranni pi\u00f9 intolleranti e assolutisti dello stesso monarca decapitato&#8221;.<\/p>\n<p style=\"text-align: justify;\">Tra queste &#8220;rivoluzioni&#8221; arrivate al potere e diventate via via sempre pi\u00f9 tiranniche e intolleranti, Giuseppe Sermonti ne ha scelta una in modo particolare e contro di essa ha ingaggiato una battaglia che Io vede impegnato proprio come un &#8220;cavaliere antico&#8221;. Il &#8220;nemico&#8221; che egli cerca di abbattere, attaccandolo da tutti i lati e senza esclusioni di colpi, \u00e8 l&#8217;evoluzionismo. Su di esso, in collaborazione con il paleontologo Roberto Fondi, ha pubblicato un libro (Dopo Darwin &#8211; Critica dell&#8217;evoluzionismo) che ha suscitato e suscita discussioni e polemiche a ogni livello.<\/p>\n<p style=\"text-align: justify;\">\u00abIl suo attacco all&#8217;evoluzionismo\u00bb, domando a Giuseppe Sermonti \u00ab\u00e8 dettato solo da motivi scientifici o \u00e8 collegato anche al problema di Dio?\u00bb.<\/p>\n<p style=\"text-align: justify;\">\u00abQuello di Darwin \u00bb, risponde il biologo \u00ab \u00e8 un mondo senza Dio. E&#8217; ovvio, quindi, che Dio rispunta all&#8217;orizzonte appena si dimostra la inconsistenza della teoria evoluzionistica. In definitiva, la presunta scientificit\u00e0 dell&#8217;evoluzionismo \u00e8 tutta nel suo ateismo, che \u00e8 poi la premessa, non la conclusione di una ricerca\u00bb.<\/p>\n<p style=\"text-align: justify;\"><strong>RAZZISMO E CINISMO<\/strong><\/p>\n<p style=\"text-align: justify;\">\u00abCio\u00e8?\u00bb.<\/p>\n<p style=\"text-align: justify;\">\u00abDarwin \u00e8 insieme figlio e padre di miti e ideologie che ancora oggi, nonostante gli scossoni che hanno ricevuto, non si decidono a sgombrare il campo. Tra essi, basta citare, per esempio, l&#8217;economicismo, il dominio sulla natura, l&#8217;ottimismo progressista, la morte di Dio. Non a caso il suo pensiero matur\u00f2 nel filone borghese capitalista ed egli sostenne la lotta tra gli uomini, lo sterminio delle razze inferiori, il peggiore colonialismo. Tanto per non lasciar dubbi in proposito, ecco cosa egli scriveva: &#8220;Tra tutti gli uomini ci deve essere lotta aperta; e non si deve impedire con leggi e costumi ai migliori di aver successo e di allevare il maggior numero di figli. Tra qualche tempo a venire, non molto lontano se misurato nei secoli, \u00e8 quasi certo che le razze umane pi\u00f9 civili stermineranno e si sostituiranno in tutto il mondo a quelle selvagge&#8221;\u00bb.<\/p>\n<p style=\"text-align: justify;\">\u00abUna prospettiva davvero allucinante\u00bb.<\/p>\n<p style=\"text-align: justify;\">\u00abII cinismo di Darwin \u00e8 la conseguenza logica di una concezione della vita in cui tutto \u00e8 ricondotto al gioco delle forze cieche della natura, al meccanismo della selezione naturale che favorisce, ovviamente, sempre il pi\u00f9 forte. Infatti, se la vita si sviluppa per germinazione spontanea non ha senso porsi il problema della sua origine e dei suoi eventuali fini: in assoluto, essa avrebbe potuto &#8220;costituirsi&#8221; in qualsiasi altro modo o non cominciare addirittura il suo ciclo. L&#8217;evoluzionismo, ridotto a moneta spicciola sul piano morale, corrisponde al famoso &#8220;tutto \u00e8 permesso&#8221; di Ivan Karamazov. Del resto, questo lo aveva capito benissimo George Bernard Shaw quando identificava la sua fortuna con l&#8217;esplosione del pi\u00f9 aggressivo capitalismo\u00bb.<\/p>\n<p style=\"text-align: justify;\">Le parole con cui Shaw identifica evoluzionismo e capitalismo sono citate all&#8217;inizio del volume Dopo Darwin. Eccole: &#8220;Mai nella storia, per quanto ne sappiamo, c&#8217;\u00e8 stato un tentativo cos\u00ec determinato, riccamente sovvenzionato, politicamente organizzato di persuadere il genere umano che tutto il progresso, tutta la prosperit\u00e0, tutta la salvezza, individuale e sociale, dipende da un conflitto indiscriminato per il cibo e il denaro, dalla soppressione ed eliminazione del debole da parte del forte, dal Libero Commercio, dal Libero Contratto, dalla Libera Competizione, dalla Libert\u00e0 Naturale, dal Laisserfaire : in breve, dall&#8217;abbattere il nostro simile impunemente&#8221;.<\/p>\n<p style=\"text-align: justify;\">\u00abDa scienziato\u00bb, domando a Giuseppe Sermonti \u00ablei dunque fa sue le critiche all&#8217;evoluzionismo avanzate dal commediografo anticonformista George Bertrand Shaw?\u00bb.<\/p>\n<p style=\"text-align: justify;\">\u00abIn un certo senso, s\u00ec. Con questa differenza, per\u00f2: che Shaw conduceva la sua battaglia sul piano morale, mentre io attacco l&#8217;evoluzionismo sul piano scientifico\u00bb.<\/p>\n<p style=\"text-align: justify;\"><strong>SEGUITO SILENZIOSO<\/strong><\/p>\n<p style=\"text-align: justify;\">\u00abE come \u00e8 accolta la sua battaglia?\u00bb.<\/p>\n<p style=\"text-align: justify;\">\u00abLa mia \u00e8 una posizione di rottura. In genere, sono accolto come un guastafeste che viene a turbare il dominante conformismo degli ambienti accademici\u00bb.<\/p>\n<p style=\"text-align: justify;\">\u00abCos\u00ec \u00e8 un isolato?\u00bb.<\/p>\n<p style=\"text-align: justify;\">\u00abDiciamo che, almeno in Italia, ho un seguito silenzioso di moltissimi scienziati che sono costretti a seguire la corrente che ancora oggi prevale, e cio\u00e8 quella che si ispira a un generico materialismo\u00bb.<\/p>\n<p style=\"text-align: justify;\">\u00abQuesta corrente \u00e8 cos\u00ec forte da mettere il bavaglio anche a chi non \u00e8 d&#8217;accordo con le sue posizioni?\u00bb.<\/p>\n<p style=\"text-align: justify;\">\u00abPer me, \u00e8 pi\u00f9 potente oggi che ieri, quando nelle universit\u00e0 imperavano i cosiddetti &#8220;baroni&#8221;. Il fatto \u00e8 che si \u00e8 politicizzata l&#8217;universit\u00e0 e che questa politicizzazione \u00e8 stata attuata tutta a vantaggio della sinistra. E il dominio della sinistra significa un generale laicismo che equivale a un generale ateismo\u00bb.<\/p>\n<p style=\"text-align: justify;\">\u00abPer\u00f2 anche lei \u00e8 un cattedratico, essendo ordinario di Genetica all&#8217;universit\u00e0 di Perugia\u00bb.<\/p>\n<p style=\"text-align: justify;\">\u00abE&#8217; vero che insegno a Perugia, dove tra l&#8217;altro mi trovo benissimo\u00bb, risponde Giuseppe Sermonti \u00abma \u00e8 anche vero che ho tentato inutilmente, io che sono romano, di avere una cattedra alla universit\u00e0 di Roma. A questo proposito, ho fatto anzi ben due tentativi, tutti e due andati a vuoto: una volta di venire a Roma per trasferimento, un&#8217;altra volta per concorso. Ho partecipato al concorso quando gi\u00e0 ero in cattedra da otto anni ed ero gi\u00e0 stato presidente dell\u2019Associazione Genetica Italiana. Ebbene, sono stato dichiarato &#8220;non idoneo&#8221; da due commissioni: una cosa che fece un certo scalpore perch\u00e9 a molti sembr\u00f2 assurdo che un cattedratico venisse bocciato dai suoi colleghi\u00bb.<\/p>\n<p style=\"text-align: justify;\">\u00abCos\u00ec la sua fu una bocciatura &#8220;politica&#8221;\u00bb.<\/p>\n<p style=\"text-align: justify;\">\u00abDiciamo che fu una bocciatura &#8220;ideologica&#8221;. Insomma, fui respinto a causa delle mie posizioni contro lo scientismo e contro l&#8217;evoluzionismo\u00bb.<\/p>\n<p style=\"text-align: justify;\">\u00abA proposito dell&#8217;evoluzione, lei \u00e8 proprio convinto che non esiste?\u00bb.<\/p>\n<p style=\"text-align: justify;\">\u00abL&#8217;evoluzione \u00e8 come la favolosa Araba Fenice: che ci sia ciascun lo dice, dove sia nessun lo sa. La prima critica che io faccio alla teoria evoluzionistica \u00e8 che nessuno l&#8217;ha mai veramente definita. Cio\u00e8: non esiste di essa una definizione scientifica. Cosi accade che, contraddetta in alcune sue affermazioni, ricompare in altre come se niente fosse successo. Ma ormai siamo al punto che una sua riedizione non \u00e8 pi\u00f9 possibile perch\u00e9 troppe delle sue &#8220;leggi&#8221; fondamentali sono state smentite dalle stesse ricerche scientifiche\u00bb.<\/p>\n<p style=\"text-align: justify;\">\u00abE allora?\u00bb.<\/p>\n<p style=\"text-align: justify;\">\u00abOggi come oggi siamo in questi termini: non \u00e8 che ci sia stata una teoria che qualcuno abbia poi confutato. Al contrario: c&#8217;\u00e8 una formulazione generica con tante affermazioni che sono cadute una per una. Il risultato ultimo \u00e8 che siamo arrivati in sala di rianimazione, con gli uomini politici che tentano con tutti i mezzi di tenere in vita una teoria scientifica che \u00e8 irrimediabilmente decaduta al rango di un&#8217;ideologia\u00bb.<\/p>\n<p style=\"text-align: justify;\"><strong>LA VERA ALTERNATIVA<\/strong><\/p>\n<p style=\"text-align: justify;\">\u00abMa se scartiamo l&#8217;evoluzionismo, abbiamo una teoria alternativa da proporre?\u00bb.<\/p>\n<p style=\"text-align: justify;\">\u00abL&#8217;evoluzionismo esclude la divinit\u00e0 del creato. Se mi si chiede un&#8217;altra teoria basata sull&#8217;ateismo rispondo che la cosa non mi interessa. La vera alternativa \u00e8, a mio avviso, il riconoscimento di un fondamentale mistero della realt\u00e0 vivente: una realt\u00e0 entro la quale l&#8217;uomo pu\u00f2 cercare le sue leggi, l&#8217;armonia, l&#8217;ordine, ma non come una semplice teoria che riduca tutta la realt\u00e0 stessa nei termini dell&#8217;immediatamente verificabile, del razionalmente esprimibile. In questo senso, si pu\u00f2 infatti anche dire che l&#8217;evoluzionismo ha impoverito la realt\u00e0. L&#8217;alternativa consiste quindi nell&#8217;accettare la grande ricchezza della realt\u00e0, anche se non sappiamo darle una spiegazione\u00bb.<\/p>\n<p style=\"text-align: justify;\">\u00abQuesto significa che lei, mentre respinge l&#8217;evoluzionismo, non crede nemmeno al &#8220;finalismo&#8221; per cui tutto ci\u00f2 che vive tende a realizzare un fine stabilito da Dio?\u00bb.<\/p>\n<p style=\"text-align: justify;\">\u00abIl finalismo \u00e8 un&#8217;altra forma di riduzionismo che consente di interpretare alcuni aspetti della realt\u00e0 biologica, ma ne oscura infiniti altri. Certe bellezze, certe armonie, certe regolarit\u00e0 che si osservano in natura non sono spiegabili col finalismo ma possono in termini di creazione\u00bb<\/p>\n<p style=\"text-align: justify;\">\u00abCos\u00ec Dio sarebbe innanzitutto un artista?\u00bb.<\/p>\n<p style=\"text-align: justify;\">\u00abA questa domanda rispondo con le parole di una scrittrice che amo, la straordinaria Karen Blixen. In quello stupendo racconto che \u00e8 Ehrengard, essa scrive: &#8220;I fiori del castagno si tengono diritti come i ceri degli altari, i fiori del lill\u00e0 sembrano erompere in tutte le direzioni dal tronco e dai rami, dando a tutto l&#8217;arbusto l&#8217;aspetto di un lussureggiante bouquet, e i fiori del citiso si inchinano penduli come dorati ghiaccioli estivi nell&#8217;aria di un pallido azzurro. Ma i fiori del biancospino si spandono lungo i rami come fragili strati di neve bianca e rosa. Non \u00e8 possibile che una variet\u00e0 cos\u00ec infinita sia necessaria all&#8217;economia della Natura, dev&#8217;essere per forza la manifestazione di uno spirito universale inventivo, ottimista e giocondo all&#8217;estremo, incapace di trattenere i suoi scherzosi torrenti di felicit\u00e0. E davvero, davvero: &#8220;Domine, non sum dignus&#8221;. Ecco, io faccio mio il &#8220;Domine, noit sum\u00a0 dignus&#8221; della Blixen\u00bb.<\/p>\n<p style=\"text-align: justify;\"><strong>NESSUN CATECHISMO<\/strong><\/p>\n<p style=\"text-align: justify;\">\u00abAllora, in pratica, lei si arrende al mistero?\u00bb.<\/p>\n<p style=\"text-align: justify;\">\u00abDiciamo che riconosco i miei limiti d&#8217;uomo. La verit\u00e0 \u00e8 che il mondo, nonostante le pretese dello scientismo, rimarr\u00e0 sostanzialmente intessuto con la stoffa del mistero: un mistero che nemmeno la religione riesce a scalfire. Le faccio un esempio: la Rivelazione cristiana non esclude affatto il mistero. Infatti, una volta che si \u00e8 annunciata la Trinit\u00e0, ecco che si impone alle coscienze proprio il mistero della Trinit\u00e0, che non si pu\u00f2 certo risolvere razionalmente. Io non sono un teologo. Io non voglio addentrarmi in un terreno che non \u00e8 mio e che non mi \u00e8 ovviamente congeniale. Come biologo sento per\u00f2 il dovere di dire che se la scienza non deve fare di se stessa un catechismo per risolvere l&#8217;enigma dei viventi, cos\u00ec la religione non deve fare un catechismo opposto da imporre ai fedeli come la chiave che spiega l&#8217;universo\u00bb.<\/p>\n<p style=\"text-align: justify;\">\u00abLei \u00e8 un credente?\u00bb.<\/p>\n<p style=\"text-align: justify;\">\u00abMi pare che a questo punto la risposta sia ovvia: si\u00bb.<\/p>\n<p style=\"text-align: justify;\">\u00abE mi dica: se a un certo punto delle sue ricerche si venisse a trovare di fronte a un qualcosa che rischierebbe perlomeno di mettere in crisi la sua fede, accetterebbe di fermarsi come fece Galilei, o proseguirebbe?\u00bb.<\/p>\n<p style=\"text-align: justify;\">\u00abIo penso che non mi fermerei, anche se non credo che lo scienziato sia un uomo esente da quei doveri civici cui si sottopongono, o vengono sottoposti, i suoi simili. Del resto, e proprio come biologo, io non posso ignorare che oggi l&#8217;uomo corre un serio pericolo di essere manipolato, e quindi condizionato, sia chimicamente che psicologicamente.<\/p>\n<p style=\"text-align: justify;\">\u00abA proposito: c&#8217;\u00e8 davvero il pericolo che la cosiddetta &#8220;ingegneria genetica&#8221; intervenga sull&#8217;uomo fino al punto di trasformarlo praticamente in un robot?\u00bb.<\/p>\n<p style=\"text-align: justify;\">\u00abQuesta \u00e8 fantascienza\u00bb. risponde Giuseppe Sermonti. \u00abSe c&#8217;\u00e8 un campo in cui l&#8217;uomo \u00e8 sicuro da ogni tipo di manipolazione esterna, questo campo \u00e8 proprio la genetica. La struttura genetica dell&#8217;uomo, infatti, \u00e8 cos\u00ec complessa che ogni intervento su di essa risulterebbe vano. Si pu\u00f2 fare del razzismo, ma non si pu\u00f2 modificare la biologia molecolare. La tecnica, in questi ultimi decenni, ha realizzato l&#8217;imprevedibile, come per esempio l&#8217;isolamento del gene, la fissione dell&#8217;atomo, ma questo non significa affatto, come alcuni pensano, che una cosa sia di prossima attuazione perch\u00e9 imprevedibile. Un simile modo di pensare vuol dire schizofrenia, follia\u00bb.<\/p>\n<p style=\"text-align: justify;\"><strong>DIO CREATORE<\/strong><\/p>\n<p style=\"text-align: justify;\">\u00abPerch\u00e9?\u00bb.<\/p>\n<p style=\"text-align: justify;\">\u00abMa perch\u00e9, intanto, la tecnica che ha realizzato l&#8217;imprevedibile non ha poi realizzato proprio quello che era invece prevedibilissimo, come per esempio la cura del raffreddore e del mal di denti. La verit\u00e0 \u00e8 che la scienza non incontra mai quello che aspetta, mentre incontra sempre quello che non aspetta, salvo poi, per salvare la faccia, a dire all&#8217;uomo che ha incontrato proprio quello che cercava, vedi la penicillina o l&#8217;energia atomica. Il fatto \u00e8 che anche l&#8217;orgogliosa scienza moderna ha dei limiti che non pu\u00f2 valicare. Non \u00e8 un caso che noi non siamo riusciti a realizzare una nuova specie di animali o di piante coltivate\u00bb.<\/p>\n<p style=\"text-align: justify;\">\u00abE cos\u00ec?\u00bb.<\/p>\n<p style=\"text-align: justify;\">\u00abCi dobbiamo tenere gli animali che abbiamo &#8220;ereditato&#8221; dal neolitico. E non \u00e8 tutto. Proprio uno scienziato ateo, Jacques Monod, nel suo fin troppo famoso libro Caso e necessit\u00e0 ci avverte che le conoscenze moderne della vita escludono quella nascita spontanea che pure costituisce uno dei princ\u00ecpi fondamentali dell&#8217;evoluzionismo\u00bb.<\/p>\n<p style=\"text-align: justify;\">\u00abE allora?\u00bb.<\/p>\n<p style=\"text-align: justify;\">\u00abMi consenta di passare la parola a un poeta, Rainer Maria Rilke. In uno dei racconti riuniti nel volume Storie del buon Dio, e precisamente nel racconto \/\/ mendicante e l&#8217;orgogliosa donzella, Rilke scrive: &#8220;I bimbi hanno risaputo anche questa storia. E pretendono (a marcio dispetto del signor maestro) che vi figuri il buon Dio. Io stesso, ne sono un po&#8217; sorpreso. Perch\u00e9 avevo assicurato al signor maestro di raccontargli una storia senza Dio. Ma che farci? I bimbi, le sanno meglio di noi, certe cose&#8221;\u00bb.<\/p>\n<p style=\"text-align: justify;\">\u00abMa chi \u00e8 Dio per lei?\u00bb.<\/p>\n<p style=\"text-align: justify;\">Per me, Dio \u00e8 essenzialmente il creatore dell\u2019universo. Ecco perch\u00e9, se proprio voglio opporre una teoria all&#8217;evoluzionismo, mi riporto al &#8220;fissismo&#8221; sostenuto dalla religione, e cio\u00e8 all&#8217;immobilit\u00e0 del creato. Per la religione, infatti, la natura \u00e8 nata perfetta, si spiega in vista delle sue finalit\u00e0 ed \u00e8 espressione di un disegno divino. Di conseguenza, non ci sono &#8220;nascite spontanee&#8221;, ma solo esseri creati da Dio\u00bb.<\/p>\n<p style=\"text-align: justify;\">\u00abLei \u00e8 cattolico?\u00bb.<\/p>\n<p style=\"text-align: justify;\">\u00abIo sono credente e veramente non ho altra maniera di essere credente che attraverso il cattolicesimo. Per me, le due cose coincidono\u00bb.<\/p>\n<p style=\"text-align: justify;\">\u00abE&#8217; praticante?\u00bb.<\/p>\n<p style=\"text-align: justify;\">\u00abNo\u00bb.<\/p>\n<p style=\"text-align: justify;\">\u00abDa bambino ha avuto una educazione religiosa?\u00bb.<\/p>\n<p style=\"text-align: justify;\">\u00abSono stato educato nella religione cattolica, ma senza bigotterie. Mia madre era una cattolica praticante; mio padre non lo era anche se coltivava una sua profonda religiosit\u00e0. In qualche modo io ho preso da lui. Del catto\u00adlicesimo, per esempio, mi affascina molto la figura di San Francesco: il santo della povert\u00e0 e dell&#8217;amore per gli animali e per la natura\u00bb.<\/p>\n<p style=\"text-align: justify;\">\u00abCrede nella sopravvivenza dopo la morte?\u00bb.<\/p>\n<p style=\"text-align: justify;\">\u00abIo credo che non morir\u00f2. Credo, cio\u00e8, che il momento della mia dipartita sia un momento di trasformazione, di trapasso, non di scomparsa. Gli altri, certo, mi vedranno morire, ma io non conoscer\u00f2 l&#8217;esperienza della morte. Voglio dire: della &#8220;mia&#8221; morte\u00bb.<\/p>\n<p style=\"text-align: justify;\">\u00abNe \u00e8 propio sicuro?\u00bb.<\/p>\n<p style=\"text-align: justify;\">\u00abQuesta \u00e8 la mia convinzione. La morte \u00e8 un assurdo. Io credo fermamente nella continuit\u00e0 della vita personale nell&#8217;aldil\u00e0: un aldil\u00e0 che, ovviamente, \u00e8 un mistero\u00bb.<\/p>\n<p style=\"text-align: justify;\">\u00abSu che cosa basa questa sua convinzione?\u00bb.<\/p>\n<p style=\"text-align: justify;\">\u00abDiciamo che essa deriva da un sentimento vitale che \u00e8 in me. Certo non si tratta di una enunciazione teologica\u00bb.<\/p>\n<p style=\"text-align: justify;\">Come uomo e come scienziato, al di l\u00e0 della sua battaglia contro lo scientismo e l&#8217;evoluzionismo, c&#8217;\u00e8 una meta che si prefigge di raggiungere?\u00bb.<\/p>\n<p style=\"text-align: justify;\">\u00abCerto che c&#8217;\u00e8\u00bb, risponde Giuseppe Sermonti. \u00abCon tutte le mie forze, io mi oppongo a quello che Max Weber ha chiamato il &#8220;disincantamento&#8221; del mondo. Tra le accuse che faccio allo scientismo, c&#8217;\u00e8 anche quella di aver tolto all&#8217;uomo il senso del mistero e di averlo fatto sprofondare nel pi\u00f9 arido cinismo. Se vogliamo veramente uscire dal vicolo cieco in cui ci siamo cacciati, dobbiamo infatti ritrovare a ogni costo l&#8217;incanto della vita, la poesia della vita. C&#8217;\u00e8 un rapporto tra la scienza e la favola che troppi hanno dimenticato o dimenticano. Proprio questo rapporto, che \u00e8 ben lontano dall&#8217;invenzione gratuita e dalla ciarlataneria di certa fantascienza oggi di moda, mi ha suggerito l&#8217;idea di scrivere un libro di favole che ho pubblicato qualche anno fa. Il libro si intitola <em>Il <\/em>ragno, il filo e la vespa e, mi creda, \u00e8 l&#8217;opera mia a cui, in assoluto, tengo di pi\u00f9\u00bb.<\/p>\n","protected":false},"excerpt":{"rendered":"<p>Settimanale Gente Giuseppe Sermonti, lo scienziato di fama internazionale che contesta l&#8217;evoluzionismo, spiega perch\u00e9 oggi la teoria di Darwin non \u00e8 pi\u00f9 sostenibile &#8211; \u00abLa presunta scientificit\u00e0 dell&#8217;evoluzione \u00e8 tutta nel suo ateismo di partenza\u00bb &#8211; \u00abCi si attacca a Darwin per non ammettere l&#8217;esistenza di un Dio creatore\u00bb &#8211; \u00abLa scienza ha dimostrato che &hellip; <\/p>\n<p><a class=\"more-link btn\" href=\"https:\/\/www.rassegnastampa-totustuus.it\/cattolica\/per-favore-finiamola-con-darwin\/\">Continua a leggere<\/a><\/p>\n","protected":false},"author":6,"featured_media":29524,"comment_status":"closed","ping_status":"closed","sticky":false,"template":"","format":"standard","meta":{"footnotes":""},"categories":[51],"tags":[2273],"class_list":["post-29523","post","type-post","status-publish","format-standard","has-post-thumbnail","hentry","category-evoluzionismo","tag-giuseppe-sermonti","item-wrap"],"yoast_head":"<!-- This site is optimized with the Yoast SEO plugin v27.5 - https:\/\/yoast.com\/product\/yoast-seo-wordpress\/ -->\n<title>Per favore, finiamola con Darwin - Rassegna Stampa Cattolica<\/title>\n<meta name=\"description\" content=\"Rassegna Stampa Cattolica - Per una cultura che nasce dalla Rivelazione cristiana in conformit\u00e0 alla tradizione e al Magistero della Chiesa in opposizione ad ogni relativismo e totalitarismo\" \/>\n<meta name=\"robots\" content=\"index, follow, max-snippet:-1, max-image-preview:large, max-video-preview:-1\" \/>\n<link rel=\"canonical\" href=\"https:\/\/www.rassegnastampa-totustuus.it\/cattolica\/per-favore-finiamola-con-darwin\/\" \/>\n<meta property=\"og:locale\" content=\"it_IT\" \/>\n<meta property=\"og:type\" content=\"article\" \/>\n<meta property=\"og:title\" content=\"Per favore, finiamola con Darwin - Rassegna Stampa Cattolica\" \/>\n<meta property=\"og:description\" content=\"Rassegna Stampa Cattolica - Per una cultura che nasce dalla Rivelazione cristiana in conformit\u00e0 alla tradizione e al Magistero della Chiesa in opposizione ad ogni relativismo e totalitarismo\" \/>\n<meta property=\"og:url\" content=\"https:\/\/www.rassegnastampa-totustuus.it\/cattolica\/per-favore-finiamola-con-darwin\/\" \/>\n<meta property=\"og:site_name\" content=\"Rassegna Stampa Cattolica\" \/>\n<meta property=\"article:publisher\" content=\"https:\/\/www.facebook.com\/rassegnastampacattolica\" \/>\n<meta property=\"article:published_time\" content=\"2015-08-20T22:00:00+00:00\" \/>\n<meta property=\"article:modified_time\" content=\"2016-01-21T14:47:37+00:00\" \/>\n<meta property=\"og:image\" content=\"https:\/\/www.rassegnastampa-totustuus.it\/cattolica\/wp-content\/uploads\/2016\/01\/Giuseppe-Sermonti.jpg\" \/>\n\t<meta property=\"og:image:width\" content=\"160\" \/>\n\t<meta property=\"og:image:height\" content=\"204\" \/>\n\t<meta property=\"og:image:type\" content=\"image\/jpeg\" \/>\n<meta name=\"author\" content=\"Redazione\" \/>\n<meta name=\"twitter:card\" content=\"summary_large_image\" \/>\n<meta name=\"twitter:creator\" content=\"@rassegnastampa9\" \/>\n<meta name=\"twitter:site\" content=\"@rassegnastampa9\" \/>\n<meta name=\"twitter:label1\" content=\"Scritto da\" \/>\n\t<meta name=\"twitter:data1\" content=\"Redazione\" \/>\n\t<meta name=\"twitter:label2\" content=\"Tempo di lettura stimato\" \/>\n\t<meta name=\"twitter:data2\" content=\"14 minuti\" \/>\n<script type=\"application\/ld+json\" class=\"yoast-schema-graph\">{\"@context\":\"https:\\\/\\\/schema.org\",\"@graph\":[{\"@type\":\"Article\",\"@id\":\"https:\\\/\\\/www.rassegnastampa-totustuus.it\\\/cattolica\\\/per-favore-finiamola-con-darwin\\\/#article\",\"isPartOf\":{\"@id\":\"https:\\\/\\\/www.rassegnastampa-totustuus.it\\\/cattolica\\\/per-favore-finiamola-con-darwin\\\/\"},\"author\":{\"name\":\"Redazione\",\"@id\":\"https:\\\/\\\/www.rassegnastampa-totustuus.it\\\/cattolica\\\/#\\\/schema\\\/person\\\/08f319d2bd1a0904ad9e2bfb7b15e5c3\"},\"headline\":\"Per favore, finiamola con Darwin\",\"datePublished\":\"2015-08-20T22:00:00+00:00\",\"dateModified\":\"2016-01-21T14:47:37+00:00\",\"mainEntityOfPage\":{\"@id\":\"https:\\\/\\\/www.rassegnastampa-totustuus.it\\\/cattolica\\\/per-favore-finiamola-con-darwin\\\/\"},\"wordCount\":2810,\"publisher\":{\"@id\":\"https:\\\/\\\/www.rassegnastampa-totustuus.it\\\/cattolica\\\/#organization\"},\"image\":{\"@id\":\"https:\\\/\\\/www.rassegnastampa-totustuus.it\\\/cattolica\\\/per-favore-finiamola-con-darwin\\\/#primaryimage\"},\"thumbnailUrl\":\"https:\\\/\\\/www.rassegnastampa-totustuus.it\\\/cattolica\\\/wp-content\\\/uploads\\\/2016\\\/01\\\/Giuseppe-Sermonti.jpg\",\"keywords\":[\"Giuseppe Sermonti\"],\"articleSection\":[\"Evoluzionismo\"],\"inLanguage\":\"it-IT\"},{\"@type\":\"WebPage\",\"@id\":\"https:\\\/\\\/www.rassegnastampa-totustuus.it\\\/cattolica\\\/per-favore-finiamola-con-darwin\\\/\",\"url\":\"https:\\\/\\\/www.rassegnastampa-totustuus.it\\\/cattolica\\\/per-favore-finiamola-con-darwin\\\/\",\"name\":\"Per favore, finiamola con Darwin - Rassegna Stampa Cattolica\",\"isPartOf\":{\"@id\":\"https:\\\/\\\/www.rassegnastampa-totustuus.it\\\/cattolica\\\/#website\"},\"primaryImageOfPage\":{\"@id\":\"https:\\\/\\\/www.rassegnastampa-totustuus.it\\\/cattolica\\\/per-favore-finiamola-con-darwin\\\/#primaryimage\"},\"image\":{\"@id\":\"https:\\\/\\\/www.rassegnastampa-totustuus.it\\\/cattolica\\\/per-favore-finiamola-con-darwin\\\/#primaryimage\"},\"thumbnailUrl\":\"https:\\\/\\\/www.rassegnastampa-totustuus.it\\\/cattolica\\\/wp-content\\\/uploads\\\/2016\\\/01\\\/Giuseppe-Sermonti.jpg\",\"datePublished\":\"2015-08-20T22:00:00+00:00\",\"dateModified\":\"2016-01-21T14:47:37+00:00\",\"description\":\"Rassegna Stampa Cattolica - Per una cultura che nasce dalla Rivelazione cristiana in conformit\u00e0 alla tradizione e al Magistero della Chiesa in opposizione ad ogni relativismo e totalitarismo\",\"breadcrumb\":{\"@id\":\"https:\\\/\\\/www.rassegnastampa-totustuus.it\\\/cattolica\\\/per-favore-finiamola-con-darwin\\\/#breadcrumb\"},\"inLanguage\":\"it-IT\",\"potentialAction\":[{\"@type\":\"ReadAction\",\"target\":[\"https:\\\/\\\/www.rassegnastampa-totustuus.it\\\/cattolica\\\/per-favore-finiamola-con-darwin\\\/\"]}]},{\"@type\":\"ImageObject\",\"inLanguage\":\"it-IT\",\"@id\":\"https:\\\/\\\/www.rassegnastampa-totustuus.it\\\/cattolica\\\/per-favore-finiamola-con-darwin\\\/#primaryimage\",\"url\":\"https:\\\/\\\/www.rassegnastampa-totustuus.it\\\/cattolica\\\/wp-content\\\/uploads\\\/2016\\\/01\\\/Giuseppe-Sermonti.jpg\",\"contentUrl\":\"https:\\\/\\\/www.rassegnastampa-totustuus.it\\\/cattolica\\\/wp-content\\\/uploads\\\/2016\\\/01\\\/Giuseppe-Sermonti.jpg\",\"width\":160,\"height\":204},{\"@type\":\"BreadcrumbList\",\"@id\":\"https:\\\/\\\/www.rassegnastampa-totustuus.it\\\/cattolica\\\/per-favore-finiamola-con-darwin\\\/#breadcrumb\",\"itemListElement\":[{\"@type\":\"ListItem\",\"position\":1,\"name\":\"Home\",\"item\":\"https:\\\/\\\/www.rassegnastampa-totustuus.it\\\/cattolica\\\/\"},{\"@type\":\"ListItem\",\"position\":2,\"name\":\"Per favore, finiamola con Darwin\"}]},{\"@type\":\"WebSite\",\"@id\":\"https:\\\/\\\/www.rassegnastampa-totustuus.it\\\/cattolica\\\/#website\",\"url\":\"https:\\\/\\\/www.rassegnastampa-totustuus.it\\\/cattolica\\\/\",\"name\":\"Rassegna Stampa Cattolica\",\"description\":\"Per una cultura che nasce dalla Rivelazione cristiana in conformit\u00e0 alla tradizione e al Magistero della Chiesa in opposizione ad ogni relativismo e totalitarismo\",\"publisher\":{\"@id\":\"https:\\\/\\\/www.rassegnastampa-totustuus.it\\\/cattolica\\\/#organization\"},\"alternateName\":\"Rass. Cattolica\",\"potentialAction\":[{\"@type\":\"SearchAction\",\"target\":{\"@type\":\"EntryPoint\",\"urlTemplate\":\"https:\\\/\\\/www.rassegnastampa-totustuus.it\\\/cattolica\\\/?s={search_term_string}\"},\"query-input\":{\"@type\":\"PropertyValueSpecification\",\"valueRequired\":true,\"valueName\":\"search_term_string\"}}],\"inLanguage\":\"it-IT\"},{\"@type\":\"Organization\",\"@id\":\"https:\\\/\\\/www.rassegnastampa-totustuus.it\\\/cattolica\\\/#organization\",\"name\":\"Rassegna Stampa Cattolica\",\"url\":\"https:\\\/\\\/www.rassegnastampa-totustuus.it\\\/cattolica\\\/\",\"logo\":{\"@type\":\"ImageObject\",\"inLanguage\":\"it-IT\",\"@id\":\"https:\\\/\\\/www.rassegnastampa-totustuus.it\\\/cattolica\\\/#\\\/schema\\\/logo\\\/image\\\/\",\"url\":\"https:\\\/\\\/www.rassegnastampa-totustuus.it\\\/cattolica\\\/wp-content\\\/uploads\\\/2014\\\/04\\\/logo-rassegna1.gif\",\"contentUrl\":\"https:\\\/\\\/www.rassegnastampa-totustuus.it\\\/cattolica\\\/wp-content\\\/uploads\\\/2014\\\/04\\\/logo-rassegna1.gif\",\"width\":600,\"height\":163,\"caption\":\"Rassegna Stampa Cattolica\"},\"image\":{\"@id\":\"https:\\\/\\\/www.rassegnastampa-totustuus.it\\\/cattolica\\\/#\\\/schema\\\/logo\\\/image\\\/\"},\"sameAs\":[\"https:\\\/\\\/www.facebook.com\\\/rassegnastampacattolica\",\"https:\\\/\\\/x.com\\\/rassegnastampa9\"]},{\"@type\":\"Person\",\"@id\":\"https:\\\/\\\/www.rassegnastampa-totustuus.it\\\/cattolica\\\/#\\\/schema\\\/person\\\/08f319d2bd1a0904ad9e2bfb7b15e5c3\",\"name\":\"Redazione\",\"image\":{\"@type\":\"ImageObject\",\"inLanguage\":\"it-IT\",\"@id\":\"https:\\\/\\\/secure.gravatar.com\\\/avatar\\\/2fcdf27c78ea025fbdb44e914cc63c72249ffec9dc8aafd5c82b26240ef3f346?s=96&d=mm&r=g\",\"url\":\"https:\\\/\\\/secure.gravatar.com\\\/avatar\\\/2fcdf27c78ea025fbdb44e914cc63c72249ffec9dc8aafd5c82b26240ef3f346?s=96&d=mm&r=g\",\"contentUrl\":\"https:\\\/\\\/secure.gravatar.com\\\/avatar\\\/2fcdf27c78ea025fbdb44e914cc63c72249ffec9dc8aafd5c82b26240ef3f346?s=96&d=mm&r=g\",\"caption\":\"Redazione\"},\"url\":\"https:\\\/\\\/www.rassegnastampa-totustuus.it\\\/cattolica\\\/author\\\/pietroelle\\\/\"}]}<\/script>\n<!-- \/ Yoast SEO plugin. -->","yoast_head_json":{"title":"Per favore, finiamola con Darwin - Rassegna Stampa Cattolica","description":"Rassegna Stampa Cattolica - Per una cultura che nasce dalla Rivelazione cristiana in conformit\u00e0 alla tradizione e al Magistero della Chiesa in opposizione ad ogni relativismo e totalitarismo","robots":{"index":"index","follow":"follow","max-snippet":"max-snippet:-1","max-image-preview":"max-image-preview:large","max-video-preview":"max-video-preview:-1"},"canonical":"https:\/\/www.rassegnastampa-totustuus.it\/cattolica\/per-favore-finiamola-con-darwin\/","og_locale":"it_IT","og_type":"article","og_title":"Per favore, finiamola con Darwin - Rassegna Stampa Cattolica","og_description":"Rassegna Stampa Cattolica - Per una cultura che nasce dalla Rivelazione cristiana in conformit\u00e0 alla tradizione e al Magistero della Chiesa in opposizione ad ogni relativismo e totalitarismo","og_url":"https:\/\/www.rassegnastampa-totustuus.it\/cattolica\/per-favore-finiamola-con-darwin\/","og_site_name":"Rassegna Stampa Cattolica","article_publisher":"https:\/\/www.facebook.com\/rassegnastampacattolica","article_published_time":"2015-08-20T22:00:00+00:00","article_modified_time":"2016-01-21T14:47:37+00:00","og_image":[{"width":160,"height":204,"url":"https:\/\/www.rassegnastampa-totustuus.it\/cattolica\/wp-content\/uploads\/2016\/01\/Giuseppe-Sermonti.jpg","type":"image\/jpeg"}],"author":"Redazione","twitter_card":"summary_large_image","twitter_creator":"@rassegnastampa9","twitter_site":"@rassegnastampa9","twitter_misc":{"Scritto da":"Redazione","Tempo di lettura stimato":"14 minuti"},"schema":{"@context":"https:\/\/schema.org","@graph":[{"@type":"Article","@id":"https:\/\/www.rassegnastampa-totustuus.it\/cattolica\/per-favore-finiamola-con-darwin\/#article","isPartOf":{"@id":"https:\/\/www.rassegnastampa-totustuus.it\/cattolica\/per-favore-finiamola-con-darwin\/"},"author":{"name":"Redazione","@id":"https:\/\/www.rassegnastampa-totustuus.it\/cattolica\/#\/schema\/person\/08f319d2bd1a0904ad9e2bfb7b15e5c3"},"headline":"Per favore, finiamola con Darwin","datePublished":"2015-08-20T22:00:00+00:00","dateModified":"2016-01-21T14:47:37+00:00","mainEntityOfPage":{"@id":"https:\/\/www.rassegnastampa-totustuus.it\/cattolica\/per-favore-finiamola-con-darwin\/"},"wordCount":2810,"publisher":{"@id":"https:\/\/www.rassegnastampa-totustuus.it\/cattolica\/#organization"},"image":{"@id":"https:\/\/www.rassegnastampa-totustuus.it\/cattolica\/per-favore-finiamola-con-darwin\/#primaryimage"},"thumbnailUrl":"https:\/\/www.rassegnastampa-totustuus.it\/cattolica\/wp-content\/uploads\/2016\/01\/Giuseppe-Sermonti.jpg","keywords":["Giuseppe Sermonti"],"articleSection":["Evoluzionismo"],"inLanguage":"it-IT"},{"@type":"WebPage","@id":"https:\/\/www.rassegnastampa-totustuus.it\/cattolica\/per-favore-finiamola-con-darwin\/","url":"https:\/\/www.rassegnastampa-totustuus.it\/cattolica\/per-favore-finiamola-con-darwin\/","name":"Per favore, finiamola con Darwin - Rassegna Stampa Cattolica","isPartOf":{"@id":"https:\/\/www.rassegnastampa-totustuus.it\/cattolica\/#website"},"primaryImageOfPage":{"@id":"https:\/\/www.rassegnastampa-totustuus.it\/cattolica\/per-favore-finiamola-con-darwin\/#primaryimage"},"image":{"@id":"https:\/\/www.rassegnastampa-totustuus.it\/cattolica\/per-favore-finiamola-con-darwin\/#primaryimage"},"thumbnailUrl":"https:\/\/www.rassegnastampa-totustuus.it\/cattolica\/wp-content\/uploads\/2016\/01\/Giuseppe-Sermonti.jpg","datePublished":"2015-08-20T22:00:00+00:00","dateModified":"2016-01-21T14:47:37+00:00","description":"Rassegna Stampa Cattolica - Per una cultura che nasce dalla Rivelazione cristiana in conformit\u00e0 alla tradizione e al Magistero della Chiesa in opposizione ad ogni relativismo e totalitarismo","breadcrumb":{"@id":"https:\/\/www.rassegnastampa-totustuus.it\/cattolica\/per-favore-finiamola-con-darwin\/#breadcrumb"},"inLanguage":"it-IT","potentialAction":[{"@type":"ReadAction","target":["https:\/\/www.rassegnastampa-totustuus.it\/cattolica\/per-favore-finiamola-con-darwin\/"]}]},{"@type":"ImageObject","inLanguage":"it-IT","@id":"https:\/\/www.rassegnastampa-totustuus.it\/cattolica\/per-favore-finiamola-con-darwin\/#primaryimage","url":"https:\/\/www.rassegnastampa-totustuus.it\/cattolica\/wp-content\/uploads\/2016\/01\/Giuseppe-Sermonti.jpg","contentUrl":"https:\/\/www.rassegnastampa-totustuus.it\/cattolica\/wp-content\/uploads\/2016\/01\/Giuseppe-Sermonti.jpg","width":160,"height":204},{"@type":"BreadcrumbList","@id":"https:\/\/www.rassegnastampa-totustuus.it\/cattolica\/per-favore-finiamola-con-darwin\/#breadcrumb","itemListElement":[{"@type":"ListItem","position":1,"name":"Home","item":"https:\/\/www.rassegnastampa-totustuus.it\/cattolica\/"},{"@type":"ListItem","position":2,"name":"Per favore, finiamola con Darwin"}]},{"@type":"WebSite","@id":"https:\/\/www.rassegnastampa-totustuus.it\/cattolica\/#website","url":"https:\/\/www.rassegnastampa-totustuus.it\/cattolica\/","name":"Rassegna Stampa Cattolica","description":"Per una cultura che nasce dalla Rivelazione cristiana in conformit\u00e0 alla tradizione e al Magistero della Chiesa in opposizione ad ogni relativismo e totalitarismo","publisher":{"@id":"https:\/\/www.rassegnastampa-totustuus.it\/cattolica\/#organization"},"alternateName":"Rass. Cattolica","potentialAction":[{"@type":"SearchAction","target":{"@type":"EntryPoint","urlTemplate":"https:\/\/www.rassegnastampa-totustuus.it\/cattolica\/?s={search_term_string}"},"query-input":{"@type":"PropertyValueSpecification","valueRequired":true,"valueName":"search_term_string"}}],"inLanguage":"it-IT"},{"@type":"Organization","@id":"https:\/\/www.rassegnastampa-totustuus.it\/cattolica\/#organization","name":"Rassegna Stampa Cattolica","url":"https:\/\/www.rassegnastampa-totustuus.it\/cattolica\/","logo":{"@type":"ImageObject","inLanguage":"it-IT","@id":"https:\/\/www.rassegnastampa-totustuus.it\/cattolica\/#\/schema\/logo\/image\/","url":"https:\/\/www.rassegnastampa-totustuus.it\/cattolica\/wp-content\/uploads\/2014\/04\/logo-rassegna1.gif","contentUrl":"https:\/\/www.rassegnastampa-totustuus.it\/cattolica\/wp-content\/uploads\/2014\/04\/logo-rassegna1.gif","width":600,"height":163,"caption":"Rassegna Stampa Cattolica"},"image":{"@id":"https:\/\/www.rassegnastampa-totustuus.it\/cattolica\/#\/schema\/logo\/image\/"},"sameAs":["https:\/\/www.facebook.com\/rassegnastampacattolica","https:\/\/x.com\/rassegnastampa9"]},{"@type":"Person","@id":"https:\/\/www.rassegnastampa-totustuus.it\/cattolica\/#\/schema\/person\/08f319d2bd1a0904ad9e2bfb7b15e5c3","name":"Redazione","image":{"@type":"ImageObject","inLanguage":"it-IT","@id":"https:\/\/secure.gravatar.com\/avatar\/2fcdf27c78ea025fbdb44e914cc63c72249ffec9dc8aafd5c82b26240ef3f346?s=96&d=mm&r=g","url":"https:\/\/secure.gravatar.com\/avatar\/2fcdf27c78ea025fbdb44e914cc63c72249ffec9dc8aafd5c82b26240ef3f346?s=96&d=mm&r=g","contentUrl":"https:\/\/secure.gravatar.com\/avatar\/2fcdf27c78ea025fbdb44e914cc63c72249ffec9dc8aafd5c82b26240ef3f346?s=96&d=mm&r=g","caption":"Redazione"},"url":"https:\/\/www.rassegnastampa-totustuus.it\/cattolica\/author\/pietroelle\/"}]}},"_links":{"self":[{"href":"https:\/\/www.rassegnastampa-totustuus.it\/cattolica\/wp-json\/wp\/v2\/posts\/29523","targetHints":{"allow":["GET"]}}],"collection":[{"href":"https:\/\/www.rassegnastampa-totustuus.it\/cattolica\/wp-json\/wp\/v2\/posts"}],"about":[{"href":"https:\/\/www.rassegnastampa-totustuus.it\/cattolica\/wp-json\/wp\/v2\/types\/post"}],"author":[{"embeddable":true,"href":"https:\/\/www.rassegnastampa-totustuus.it\/cattolica\/wp-json\/wp\/v2\/users\/6"}],"replies":[{"embeddable":true,"href":"https:\/\/www.rassegnastampa-totustuus.it\/cattolica\/wp-json\/wp\/v2\/comments?post=29523"}],"version-history":[{"count":1,"href":"https:\/\/www.rassegnastampa-totustuus.it\/cattolica\/wp-json\/wp\/v2\/posts\/29523\/revisions"}],"predecessor-version":[{"id":29525,"href":"https:\/\/www.rassegnastampa-totustuus.it\/cattolica\/wp-json\/wp\/v2\/posts\/29523\/revisions\/29525"}],"wp:featuredmedia":[{"embeddable":true,"href":"https:\/\/www.rassegnastampa-totustuus.it\/cattolica\/wp-json\/wp\/v2\/media\/29524"}],"wp:attachment":[{"href":"https:\/\/www.rassegnastampa-totustuus.it\/cattolica\/wp-json\/wp\/v2\/media?parent=29523"}],"wp:term":[{"taxonomy":"category","embeddable":true,"href":"https:\/\/www.rassegnastampa-totustuus.it\/cattolica\/wp-json\/wp\/v2\/categories?post=29523"},{"taxonomy":"post_tag","embeddable":true,"href":"https:\/\/www.rassegnastampa-totustuus.it\/cattolica\/wp-json\/wp\/v2\/tags?post=29523"}],"curies":[{"name":"wp","href":"https:\/\/api.w.org\/{rel}","templated":true}]}}