{"id":29496,"date":"2015-08-21T00:00:41","date_gmt":"2015-08-20T22:00:41","guid":{"rendered":"http:\/\/www.rassegnastampa-totustuus.it\/cattolica\/?p=29496"},"modified":"2016-01-21T11:55:46","modified_gmt":"2016-01-21T10:55:46","slug":"le-menzogne-di-cernobil","status":"publish","type":"post","link":"https:\/\/www.rassegnastampa-totustuus.it\/cattolica\/le-menzogne-di-cernobil\/","title":{"rendered":"Le menzogne di Cernobil"},"content":{"rendered":"<p style=\"text-align: center;\"><strong><a href=\"https:\/\/www.rassegnastampa-totustuus.it\/cattolica\/wp-content\/uploads\/2016\/01\/Cernobil.jpg\"><img loading=\"lazy\" decoding=\"async\" class=\"alignright wp-image-29497\" src=\"https:\/\/www.rassegnastampa-totustuus.it\/cattolica\/wp-content\/uploads\/2016\/01\/Cernobil.jpg\" alt=\"Cernobil\" width=\"250\" height=\"172\" \/><\/a>Il Giornale<\/strong> sabato 25 aprile 1992<\/p>\n<p style=\"text-align: justify;\">Clamorose rivelazioni sul comportamento dei leader sovietici durante la sciagura atomica<\/p>\n<p style=\"text-align: center;\"><em>Cosi Gorbaciov ment\u00ec deliberatamente all&#8217;Occidente<\/em><\/p>\n<p style=\"text-align: center;\"><strong><em>Dal nostro inviato<\/em><\/strong><\/p>\n<p style=\"text-align: center;\"><!--more--><\/p>\n<p style=\"text-align: justify;\">Mosca &#8211; A sei anni di distanza dalla tragedia di Cernobil, il cui anniversario cade proprio domani, vengono finalmente alla luce i reati da codice penale commessi dalla classe politica sovietica nel celare, minimizzare e distorcere le informazioni sulla reale entit\u00e0 della sciagura che ha provocato fra i 6 e gli 8.000 morti. Se Eltsin e i suoi cercavano un appiglio per mandare in galera i loro predecessori, con in testa Gorbaciov e il primo ministro Ryzhkov, da ieri questo appiglio l&#8217;hanno trovato grazie ad uno scoop giornalistico, sicuramente pilotato, del quotidiano del pomeriggio \u00abIzvestia\u00bb.<\/p>\n<p style=\"text-align: justify;\">Il giornale moscovita ha pubblicato infatti i passi principali dei verbali di uno speciale gruppo operativo creato da Gorbaciov all&#8217;interno del Politburo del comitato centrale. Questo groppo operativo era presieduto dallo stesso primo ministro dell&#8217;epoca, Nikolai Ryzhkov, ne facevano parte gli esponenti pi\u00f9 in vista della nomenklatura e si riun\u00ec quotidianamente dal 29 aprile, cio\u00e8 tre giorni dopo la catastrofe. I verbali delle sedute sono divisi in protocolli, ciascuno preceduto dalla sigla \u00absegretissimo\u00bb e in alcuni passi, come vedremo, sono di un cinismo che nessuna ragion di Stato potr\u00e0 mai giustificare. Ne elenchiamo quelli pi\u00f9 tristemente significativi.<\/p>\n<p style=\"text-align: justify;\">Protocollo n. 5 del 4 maggio 1986: fino ad oggi sono state ricoverate in ospedale 1.882 persone mentre sono 38.000 quelle che hanno dovuto ricorrere ai medici.<\/p>\n<p style=\"text-align: justify;\">Protocollo n. 7 del 6 maggio: dalle informazioni ricevute dal viceministro della Sanit\u00e0, i ricoverati in ospedale sono fino ad oggi 3.454.<\/p>\n<p style=\"text-align: justify;\">Protocollo n. 8 del 7 maggio (a questa seduta prese parte anche Gorbaciov): nelle ultime 24 ore ricoverate 1.821 persone, e il totale dei bambini \u00e8 salito a 1.351.<\/p>\n<p style=\"text-align: justify;\">Protocollo n. 12 del 12 maggio: nelle ultime 24 ore ricoverati 2.703 cittadini, che portano il totale a 10.199.<\/p>\n<p style=\"text-align: justify;\">Protocollo n. 21 del 4 giugno: alle autorit\u00e0 che stavano per tenere una conferenza stampa a scienziati sovietici e stranieri, oltre che ovviamente ai giornalisti, si raccomanda di fornire i seguenti dati: \u00abFinora sono state contaminate dalla radioattivit\u00e0 solo 187 persone, tutte dipendenti della centrale atomica, e di loro 24 sono morte. Non ci sono tracce di contaminazione fra la cittadinanza\u00bb.<\/p>\n<p style=\"text-align: justify;\">Protocollo n. 9 dell&#8217;8 maggio. \u00abIl ministero della Sanit\u00e0 ha adottato dei nuovi ammissibili livelli di radiazione, da ottenere moltiplicando per 10, e in alcuni casi anche per 50, i livelli precedenti\u00bb. Il che significava in pratica che, con questi nuovi parametri, persone contaminate sono state dichiarate perfettamente sane senza ricevere alcuna assistenza.<\/p>\n<p style=\"text-align: justify;\">Protocollo n. 32 del 22 agosto. \u00abPer evitare che le popolazioni, specie quelle pi\u00f9 vicine all&#8217;area di Cernobil, mangino carne eccessivamente contaminata dobbiamo fare in modo che queste partite di carne vengano distribuite in tutto il Paese, e siano anche mischiate con quella non contaminata per la preparazione degli alimenti in scatola Lo stesso dicasi per il latte\u00bb. Solo cinque anni dopo Cernobil la procura generale apri un&#8217;inchiesta sulla vendita di cibo contaminato ed emerse che \u00abnel periodo 1986-1989 sono state prodotte nelle zone radioattive oltre 47.500 tonnellate di carne e 2 milioni di tonnellate di latte. Ci\u00f2 induce a ritenere che in pratica l&#8217;intera Unione Sovietica ha mangiato cibi contaminati\u00bb.<\/p>\n<p style=\"text-align: justify;\">Protocollo n. 3 del 1\u00b0 maggio. \u00abInviare nelle zone vicine a Cernobil un groppo di corrispondenti sovietici perch\u00e9 raccolgano materiale che di\u00admostri l&#8217;assoluta normalit\u00e0 delle condizioni di vita in quelle zone\u00bb.<\/p>\n<p style=\"text-align: justify;\">Postilla al protocollo n. 21 del 4 giugno. \u00abIn occasione di conferenze stampa per giornalisti sovietici e stranieri cercare di sottolineare l&#8217;inesattezza dei dati e delle informazioni fornite dalle autorit\u00e0 e dai media occidentali, secondo i quali la situazione sarebbe molto seria a causa dei venti che trasportano in altre regioni le particelle radioattive fuoriuscite da Cernobil\u00bb.<\/p>\n<p style=\"text-align: justify;\">Abbiamo volutamente tenuto per ultimo il primo di questi protocolli, datato 29 aprile. \u00abConfermare il rapporto governativo ad uso della nostra stampa. Confermare il testo delle informazioni sull&#8217;incidente di Cernobil e sulle misure da noi prese ad uso dei leader di alcuni Paesi capitalisti Confermare il testo sulla neutralizzazione delle conseguenze dell&#8217;incidente per i leader di alcuni Paesi socialisti\u00bb. Il che, come fanno amaramente osservare le \u00abIzvestia\u00bb, significa che \u00abfin dal primo giorno erano state battezzate tre verit\u00e0: una per uso interno, una per i fratelli socialisti ed una per i maledetti capitalisti\u00bb.<\/p>\n<p style=\"text-align: justify;\"><strong>r.pe.<\/strong><\/p>\n","protected":false},"excerpt":{"rendered":"<p>Il Giornale sabato 25 aprile 1992 Clamorose rivelazioni sul comportamento dei leader sovietici durante la sciagura atomica Cosi Gorbaciov ment\u00ec deliberatamente all&#8217;Occidente Dal nostro inviato<\/p><p><a class=\"more-link btn\" href=\"https:\/\/www.rassegnastampa-totustuus.it\/cattolica\/le-menzogne-di-cernobil\/\">Continua a leggere<\/a><\/p>\n","protected":false},"author":6,"featured_media":29497,"comment_status":"closed","ping_status":"closed","sticky":false,"template":"","format":"standard","meta":{"footnotes":""},"categories":[84],"tags":[1932],"class_list":["post-29496","post","type-post","status-publish","format-standard","has-post-thumbnail","hentry","category-urss","tag-chernobyl","item-wrap"],"yoast_head":"<!-- This site is optimized with the Yoast SEO plugin v27.5 - https:\/\/yoast.com\/product\/yoast-seo-wordpress\/ -->\n<title>Le menzogne di Cernobil - Rassegna Stampa Cattolica<\/title>\n<meta name=\"description\" content=\"Rassegna Stampa Cattolica - Per una cultura che nasce dalla Rivelazione cristiana in conformit\u00e0 alla tradizione e al Magistero della Chiesa in opposizione ad ogni relativismo e totalitarismo\" \/>\n<meta name=\"robots\" content=\"index, follow, max-snippet:-1, max-image-preview:large, max-video-preview:-1\" \/>\n<link rel=\"canonical\" href=\"https:\/\/www.rassegnastampa-totustuus.it\/cattolica\/le-menzogne-di-cernobil\/\" \/>\n<meta property=\"og:locale\" content=\"it_IT\" \/>\n<meta property=\"og:type\" content=\"article\" \/>\n<meta property=\"og:title\" content=\"Le menzogne di Cernobil - Rassegna Stampa Cattolica\" \/>\n<meta property=\"og:description\" content=\"Rassegna Stampa Cattolica - Per una cultura che nasce dalla Rivelazione cristiana in conformit\u00e0 alla tradizione e al Magistero della Chiesa in opposizione ad ogni relativismo e totalitarismo\" \/>\n<meta property=\"og:url\" content=\"https:\/\/www.rassegnastampa-totustuus.it\/cattolica\/le-menzogne-di-cernobil\/\" \/>\n<meta property=\"og:site_name\" content=\"Rassegna Stampa Cattolica\" \/>\n<meta property=\"article:publisher\" content=\"https:\/\/www.facebook.com\/rassegnastampacattolica\" \/>\n<meta property=\"article:published_time\" content=\"2015-08-20T22:00:41+00:00\" \/>\n<meta property=\"article:modified_time\" content=\"2016-01-21T10:55:46+00:00\" \/>\n<meta property=\"og:image\" content=\"https:\/\/www.rassegnastampa-totustuus.it\/cattolica\/wp-content\/uploads\/2016\/01\/Cernobil.jpg\" \/>\n\t<meta property=\"og:image:width\" content=\"271\" \/>\n\t<meta property=\"og:image:height\" content=\"186\" \/>\n\t<meta property=\"og:image:type\" content=\"image\/jpeg\" \/>\n<meta name=\"author\" content=\"Redazione\" \/>\n<meta name=\"twitter:card\" content=\"summary_large_image\" \/>\n<meta name=\"twitter:creator\" content=\"@rassegnastampa9\" \/>\n<meta name=\"twitter:site\" content=\"@rassegnastampa9\" \/>\n<meta name=\"twitter:label1\" content=\"Scritto da\" \/>\n\t<meta name=\"twitter:data1\" content=\"Redazione\" \/>\n\t<meta name=\"twitter:label2\" content=\"Tempo di lettura stimato\" \/>\n\t<meta name=\"twitter:data2\" content=\"3 minuti\" \/>\n<script type=\"application\/ld+json\" class=\"yoast-schema-graph\">{\"@context\":\"https:\\\/\\\/schema.org\",\"@graph\":[{\"@type\":\"Article\",\"@id\":\"https:\\\/\\\/www.rassegnastampa-totustuus.it\\\/cattolica\\\/le-menzogne-di-cernobil\\\/#article\",\"isPartOf\":{\"@id\":\"https:\\\/\\\/www.rassegnastampa-totustuus.it\\\/cattolica\\\/le-menzogne-di-cernobil\\\/\"},\"author\":{\"name\":\"Redazione\",\"@id\":\"https:\\\/\\\/www.rassegnastampa-totustuus.it\\\/cattolica\\\/#\\\/schema\\\/person\\\/08f319d2bd1a0904ad9e2bfb7b15e5c3\"},\"headline\":\"Le menzogne di Cernobil\",\"datePublished\":\"2015-08-20T22:00:41+00:00\",\"dateModified\":\"2016-01-21T10:55:46+00:00\",\"mainEntityOfPage\":{\"@id\":\"https:\\\/\\\/www.rassegnastampa-totustuus.it\\\/cattolica\\\/le-menzogne-di-cernobil\\\/\"},\"wordCount\":698,\"publisher\":{\"@id\":\"https:\\\/\\\/www.rassegnastampa-totustuus.it\\\/cattolica\\\/#organization\"},\"image\":{\"@id\":\"https:\\\/\\\/www.rassegnastampa-totustuus.it\\\/cattolica\\\/le-menzogne-di-cernobil\\\/#primaryimage\"},\"thumbnailUrl\":\"https:\\\/\\\/www.rassegnastampa-totustuus.it\\\/cattolica\\\/wp-content\\\/uploads\\\/2016\\\/01\\\/Cernobil.jpg\",\"keywords\":[\"Chernobyl\"],\"articleSection\":[\"URSS\"],\"inLanguage\":\"it-IT\"},{\"@type\":\"WebPage\",\"@id\":\"https:\\\/\\\/www.rassegnastampa-totustuus.it\\\/cattolica\\\/le-menzogne-di-cernobil\\\/\",\"url\":\"https:\\\/\\\/www.rassegnastampa-totustuus.it\\\/cattolica\\\/le-menzogne-di-cernobil\\\/\",\"name\":\"Le menzogne di Cernobil - Rassegna Stampa Cattolica\",\"isPartOf\":{\"@id\":\"https:\\\/\\\/www.rassegnastampa-totustuus.it\\\/cattolica\\\/#website\"},\"primaryImageOfPage\":{\"@id\":\"https:\\\/\\\/www.rassegnastampa-totustuus.it\\\/cattolica\\\/le-menzogne-di-cernobil\\\/#primaryimage\"},\"image\":{\"@id\":\"https:\\\/\\\/www.rassegnastampa-totustuus.it\\\/cattolica\\\/le-menzogne-di-cernobil\\\/#primaryimage\"},\"thumbnailUrl\":\"https:\\\/\\\/www.rassegnastampa-totustuus.it\\\/cattolica\\\/wp-content\\\/uploads\\\/2016\\\/01\\\/Cernobil.jpg\",\"datePublished\":\"2015-08-20T22:00:41+00:00\",\"dateModified\":\"2016-01-21T10:55:46+00:00\",\"description\":\"Rassegna Stampa Cattolica - Per una cultura che nasce dalla Rivelazione cristiana in conformit\u00e0 alla tradizione e al Magistero della Chiesa in opposizione ad ogni relativismo e totalitarismo\",\"breadcrumb\":{\"@id\":\"https:\\\/\\\/www.rassegnastampa-totustuus.it\\\/cattolica\\\/le-menzogne-di-cernobil\\\/#breadcrumb\"},\"inLanguage\":\"it-IT\",\"potentialAction\":[{\"@type\":\"ReadAction\",\"target\":[\"https:\\\/\\\/www.rassegnastampa-totustuus.it\\\/cattolica\\\/le-menzogne-di-cernobil\\\/\"]}]},{\"@type\":\"ImageObject\",\"inLanguage\":\"it-IT\",\"@id\":\"https:\\\/\\\/www.rassegnastampa-totustuus.it\\\/cattolica\\\/le-menzogne-di-cernobil\\\/#primaryimage\",\"url\":\"https:\\\/\\\/www.rassegnastampa-totustuus.it\\\/cattolica\\\/wp-content\\\/uploads\\\/2016\\\/01\\\/Cernobil.jpg\",\"contentUrl\":\"https:\\\/\\\/www.rassegnastampa-totustuus.it\\\/cattolica\\\/wp-content\\\/uploads\\\/2016\\\/01\\\/Cernobil.jpg\",\"width\":271,\"height\":186},{\"@type\":\"BreadcrumbList\",\"@id\":\"https:\\\/\\\/www.rassegnastampa-totustuus.it\\\/cattolica\\\/le-menzogne-di-cernobil\\\/#breadcrumb\",\"itemListElement\":[{\"@type\":\"ListItem\",\"position\":1,\"name\":\"Home\",\"item\":\"https:\\\/\\\/www.rassegnastampa-totustuus.it\\\/cattolica\\\/\"},{\"@type\":\"ListItem\",\"position\":2,\"name\":\"Le menzogne di Cernobil\"}]},{\"@type\":\"WebSite\",\"@id\":\"https:\\\/\\\/www.rassegnastampa-totustuus.it\\\/cattolica\\\/#website\",\"url\":\"https:\\\/\\\/www.rassegnastampa-totustuus.it\\\/cattolica\\\/\",\"name\":\"Rassegna Stampa Cattolica\",\"description\":\"Per una cultura che nasce dalla Rivelazione cristiana in conformit\u00e0 alla tradizione e al Magistero della Chiesa in opposizione ad ogni relativismo e totalitarismo\",\"publisher\":{\"@id\":\"https:\\\/\\\/www.rassegnastampa-totustuus.it\\\/cattolica\\\/#organization\"},\"alternateName\":\"Rass. Cattolica\",\"potentialAction\":[{\"@type\":\"SearchAction\",\"target\":{\"@type\":\"EntryPoint\",\"urlTemplate\":\"https:\\\/\\\/www.rassegnastampa-totustuus.it\\\/cattolica\\\/?s={search_term_string}\"},\"query-input\":{\"@type\":\"PropertyValueSpecification\",\"valueRequired\":true,\"valueName\":\"search_term_string\"}}],\"inLanguage\":\"it-IT\"},{\"@type\":\"Organization\",\"@id\":\"https:\\\/\\\/www.rassegnastampa-totustuus.it\\\/cattolica\\\/#organization\",\"name\":\"Rassegna Stampa Cattolica\",\"url\":\"https:\\\/\\\/www.rassegnastampa-totustuus.it\\\/cattolica\\\/\",\"logo\":{\"@type\":\"ImageObject\",\"inLanguage\":\"it-IT\",\"@id\":\"https:\\\/\\\/www.rassegnastampa-totustuus.it\\\/cattolica\\\/#\\\/schema\\\/logo\\\/image\\\/\",\"url\":\"https:\\\/\\\/www.rassegnastampa-totustuus.it\\\/cattolica\\\/wp-content\\\/uploads\\\/2014\\\/04\\\/logo-rassegna1.gif\",\"contentUrl\":\"https:\\\/\\\/www.rassegnastampa-totustuus.it\\\/cattolica\\\/wp-content\\\/uploads\\\/2014\\\/04\\\/logo-rassegna1.gif\",\"width\":600,\"height\":163,\"caption\":\"Rassegna Stampa Cattolica\"},\"image\":{\"@id\":\"https:\\\/\\\/www.rassegnastampa-totustuus.it\\\/cattolica\\\/#\\\/schema\\\/logo\\\/image\\\/\"},\"sameAs\":[\"https:\\\/\\\/www.facebook.com\\\/rassegnastampacattolica\",\"https:\\\/\\\/x.com\\\/rassegnastampa9\"]},{\"@type\":\"Person\",\"@id\":\"https:\\\/\\\/www.rassegnastampa-totustuus.it\\\/cattolica\\\/#\\\/schema\\\/person\\\/08f319d2bd1a0904ad9e2bfb7b15e5c3\",\"name\":\"Redazione\",\"image\":{\"@type\":\"ImageObject\",\"inLanguage\":\"it-IT\",\"@id\":\"https:\\\/\\\/secure.gravatar.com\\\/avatar\\\/2fcdf27c78ea025fbdb44e914cc63c72249ffec9dc8aafd5c82b26240ef3f346?s=96&d=mm&r=g\",\"url\":\"https:\\\/\\\/secure.gravatar.com\\\/avatar\\\/2fcdf27c78ea025fbdb44e914cc63c72249ffec9dc8aafd5c82b26240ef3f346?s=96&d=mm&r=g\",\"contentUrl\":\"https:\\\/\\\/secure.gravatar.com\\\/avatar\\\/2fcdf27c78ea025fbdb44e914cc63c72249ffec9dc8aafd5c82b26240ef3f346?s=96&d=mm&r=g\",\"caption\":\"Redazione\"},\"url\":\"https:\\\/\\\/www.rassegnastampa-totustuus.it\\\/cattolica\\\/author\\\/pietroelle\\\/\"}]}<\/script>\n<!-- \/ Yoast SEO plugin. -->","yoast_head_json":{"title":"Le menzogne di Cernobil - Rassegna Stampa Cattolica","description":"Rassegna Stampa Cattolica - Per una cultura che nasce dalla Rivelazione cristiana in conformit\u00e0 alla tradizione e al Magistero della Chiesa in opposizione ad ogni relativismo e totalitarismo","robots":{"index":"index","follow":"follow","max-snippet":"max-snippet:-1","max-image-preview":"max-image-preview:large","max-video-preview":"max-video-preview:-1"},"canonical":"https:\/\/www.rassegnastampa-totustuus.it\/cattolica\/le-menzogne-di-cernobil\/","og_locale":"it_IT","og_type":"article","og_title":"Le menzogne di Cernobil - Rassegna Stampa Cattolica","og_description":"Rassegna Stampa Cattolica - Per una cultura che nasce dalla Rivelazione cristiana in conformit\u00e0 alla tradizione e al Magistero della Chiesa in opposizione ad ogni relativismo e totalitarismo","og_url":"https:\/\/www.rassegnastampa-totustuus.it\/cattolica\/le-menzogne-di-cernobil\/","og_site_name":"Rassegna Stampa Cattolica","article_publisher":"https:\/\/www.facebook.com\/rassegnastampacattolica","article_published_time":"2015-08-20T22:00:41+00:00","article_modified_time":"2016-01-21T10:55:46+00:00","og_image":[{"width":271,"height":186,"url":"https:\/\/www.rassegnastampa-totustuus.it\/cattolica\/wp-content\/uploads\/2016\/01\/Cernobil.jpg","type":"image\/jpeg"}],"author":"Redazione","twitter_card":"summary_large_image","twitter_creator":"@rassegnastampa9","twitter_site":"@rassegnastampa9","twitter_misc":{"Scritto da":"Redazione","Tempo di lettura stimato":"3 minuti"},"schema":{"@context":"https:\/\/schema.org","@graph":[{"@type":"Article","@id":"https:\/\/www.rassegnastampa-totustuus.it\/cattolica\/le-menzogne-di-cernobil\/#article","isPartOf":{"@id":"https:\/\/www.rassegnastampa-totustuus.it\/cattolica\/le-menzogne-di-cernobil\/"},"author":{"name":"Redazione","@id":"https:\/\/www.rassegnastampa-totustuus.it\/cattolica\/#\/schema\/person\/08f319d2bd1a0904ad9e2bfb7b15e5c3"},"headline":"Le menzogne di Cernobil","datePublished":"2015-08-20T22:00:41+00:00","dateModified":"2016-01-21T10:55:46+00:00","mainEntityOfPage":{"@id":"https:\/\/www.rassegnastampa-totustuus.it\/cattolica\/le-menzogne-di-cernobil\/"},"wordCount":698,"publisher":{"@id":"https:\/\/www.rassegnastampa-totustuus.it\/cattolica\/#organization"},"image":{"@id":"https:\/\/www.rassegnastampa-totustuus.it\/cattolica\/le-menzogne-di-cernobil\/#primaryimage"},"thumbnailUrl":"https:\/\/www.rassegnastampa-totustuus.it\/cattolica\/wp-content\/uploads\/2016\/01\/Cernobil.jpg","keywords":["Chernobyl"],"articleSection":["URSS"],"inLanguage":"it-IT"},{"@type":"WebPage","@id":"https:\/\/www.rassegnastampa-totustuus.it\/cattolica\/le-menzogne-di-cernobil\/","url":"https:\/\/www.rassegnastampa-totustuus.it\/cattolica\/le-menzogne-di-cernobil\/","name":"Le menzogne di Cernobil - Rassegna Stampa Cattolica","isPartOf":{"@id":"https:\/\/www.rassegnastampa-totustuus.it\/cattolica\/#website"},"primaryImageOfPage":{"@id":"https:\/\/www.rassegnastampa-totustuus.it\/cattolica\/le-menzogne-di-cernobil\/#primaryimage"},"image":{"@id":"https:\/\/www.rassegnastampa-totustuus.it\/cattolica\/le-menzogne-di-cernobil\/#primaryimage"},"thumbnailUrl":"https:\/\/www.rassegnastampa-totustuus.it\/cattolica\/wp-content\/uploads\/2016\/01\/Cernobil.jpg","datePublished":"2015-08-20T22:00:41+00:00","dateModified":"2016-01-21T10:55:46+00:00","description":"Rassegna Stampa Cattolica - Per una cultura che nasce dalla Rivelazione cristiana in conformit\u00e0 alla tradizione e al Magistero della Chiesa in opposizione ad ogni relativismo e totalitarismo","breadcrumb":{"@id":"https:\/\/www.rassegnastampa-totustuus.it\/cattolica\/le-menzogne-di-cernobil\/#breadcrumb"},"inLanguage":"it-IT","potentialAction":[{"@type":"ReadAction","target":["https:\/\/www.rassegnastampa-totustuus.it\/cattolica\/le-menzogne-di-cernobil\/"]}]},{"@type":"ImageObject","inLanguage":"it-IT","@id":"https:\/\/www.rassegnastampa-totustuus.it\/cattolica\/le-menzogne-di-cernobil\/#primaryimage","url":"https:\/\/www.rassegnastampa-totustuus.it\/cattolica\/wp-content\/uploads\/2016\/01\/Cernobil.jpg","contentUrl":"https:\/\/www.rassegnastampa-totustuus.it\/cattolica\/wp-content\/uploads\/2016\/01\/Cernobil.jpg","width":271,"height":186},{"@type":"BreadcrumbList","@id":"https:\/\/www.rassegnastampa-totustuus.it\/cattolica\/le-menzogne-di-cernobil\/#breadcrumb","itemListElement":[{"@type":"ListItem","position":1,"name":"Home","item":"https:\/\/www.rassegnastampa-totustuus.it\/cattolica\/"},{"@type":"ListItem","position":2,"name":"Le menzogne di Cernobil"}]},{"@type":"WebSite","@id":"https:\/\/www.rassegnastampa-totustuus.it\/cattolica\/#website","url":"https:\/\/www.rassegnastampa-totustuus.it\/cattolica\/","name":"Rassegna Stampa Cattolica","description":"Per una cultura che nasce dalla Rivelazione cristiana in conformit\u00e0 alla tradizione e al Magistero della Chiesa in opposizione ad ogni relativismo e totalitarismo","publisher":{"@id":"https:\/\/www.rassegnastampa-totustuus.it\/cattolica\/#organization"},"alternateName":"Rass. Cattolica","potentialAction":[{"@type":"SearchAction","target":{"@type":"EntryPoint","urlTemplate":"https:\/\/www.rassegnastampa-totustuus.it\/cattolica\/?s={search_term_string}"},"query-input":{"@type":"PropertyValueSpecification","valueRequired":true,"valueName":"search_term_string"}}],"inLanguage":"it-IT"},{"@type":"Organization","@id":"https:\/\/www.rassegnastampa-totustuus.it\/cattolica\/#organization","name":"Rassegna Stampa Cattolica","url":"https:\/\/www.rassegnastampa-totustuus.it\/cattolica\/","logo":{"@type":"ImageObject","inLanguage":"it-IT","@id":"https:\/\/www.rassegnastampa-totustuus.it\/cattolica\/#\/schema\/logo\/image\/","url":"https:\/\/www.rassegnastampa-totustuus.it\/cattolica\/wp-content\/uploads\/2014\/04\/logo-rassegna1.gif","contentUrl":"https:\/\/www.rassegnastampa-totustuus.it\/cattolica\/wp-content\/uploads\/2014\/04\/logo-rassegna1.gif","width":600,"height":163,"caption":"Rassegna Stampa Cattolica"},"image":{"@id":"https:\/\/www.rassegnastampa-totustuus.it\/cattolica\/#\/schema\/logo\/image\/"},"sameAs":["https:\/\/www.facebook.com\/rassegnastampacattolica","https:\/\/x.com\/rassegnastampa9"]},{"@type":"Person","@id":"https:\/\/www.rassegnastampa-totustuus.it\/cattolica\/#\/schema\/person\/08f319d2bd1a0904ad9e2bfb7b15e5c3","name":"Redazione","image":{"@type":"ImageObject","inLanguage":"it-IT","@id":"https:\/\/secure.gravatar.com\/avatar\/2fcdf27c78ea025fbdb44e914cc63c72249ffec9dc8aafd5c82b26240ef3f346?s=96&d=mm&r=g","url":"https:\/\/secure.gravatar.com\/avatar\/2fcdf27c78ea025fbdb44e914cc63c72249ffec9dc8aafd5c82b26240ef3f346?s=96&d=mm&r=g","contentUrl":"https:\/\/secure.gravatar.com\/avatar\/2fcdf27c78ea025fbdb44e914cc63c72249ffec9dc8aafd5c82b26240ef3f346?s=96&d=mm&r=g","caption":"Redazione"},"url":"https:\/\/www.rassegnastampa-totustuus.it\/cattolica\/author\/pietroelle\/"}]}},"_links":{"self":[{"href":"https:\/\/www.rassegnastampa-totustuus.it\/cattolica\/wp-json\/wp\/v2\/posts\/29496","targetHints":{"allow":["GET"]}}],"collection":[{"href":"https:\/\/www.rassegnastampa-totustuus.it\/cattolica\/wp-json\/wp\/v2\/posts"}],"about":[{"href":"https:\/\/www.rassegnastampa-totustuus.it\/cattolica\/wp-json\/wp\/v2\/types\/post"}],"author":[{"embeddable":true,"href":"https:\/\/www.rassegnastampa-totustuus.it\/cattolica\/wp-json\/wp\/v2\/users\/6"}],"replies":[{"embeddable":true,"href":"https:\/\/www.rassegnastampa-totustuus.it\/cattolica\/wp-json\/wp\/v2\/comments?post=29496"}],"version-history":[{"count":1,"href":"https:\/\/www.rassegnastampa-totustuus.it\/cattolica\/wp-json\/wp\/v2\/posts\/29496\/revisions"}],"predecessor-version":[{"id":29498,"href":"https:\/\/www.rassegnastampa-totustuus.it\/cattolica\/wp-json\/wp\/v2\/posts\/29496\/revisions\/29498"}],"wp:featuredmedia":[{"embeddable":true,"href":"https:\/\/www.rassegnastampa-totustuus.it\/cattolica\/wp-json\/wp\/v2\/media\/29497"}],"wp:attachment":[{"href":"https:\/\/www.rassegnastampa-totustuus.it\/cattolica\/wp-json\/wp\/v2\/media?parent=29496"}],"wp:term":[{"taxonomy":"category","embeddable":true,"href":"https:\/\/www.rassegnastampa-totustuus.it\/cattolica\/wp-json\/wp\/v2\/categories?post=29496"},{"taxonomy":"post_tag","embeddable":true,"href":"https:\/\/www.rassegnastampa-totustuus.it\/cattolica\/wp-json\/wp\/v2\/tags?post=29496"}],"curies":[{"name":"wp","href":"https:\/\/api.w.org\/{rel}","templated":true}]}}