{"id":2944,"date":"2009-03-25T14:09:33","date_gmt":"2009-03-25T13:09:33","guid":{"rendered":""},"modified":"2015-11-11T12:53:14","modified_gmt":"2015-11-11T11:53:14","slug":"cari-progressisti-libertari-com-che-i-pedofili-vi-fanno-schifo","status":"publish","type":"post","link":"https:\/\/www.rassegnastampa-totustuus.it\/cattolica\/cari-progressisti-libertari-com-che-i-pedofili-vi-fanno-schifo\/","title":{"rendered":"Cari progressisti libertari, com&#8217;&egrave; che i pedofili vi fanno schifo?"},"content":{"rendered":"<div style=\"text-align: center;\"><strong>\u00a0<a href=\"https:\/\/www.rassegnastampa-totustuus.it\/cattolica\/wp-content\/uploads\/2009\/03\/pedofilia.jpg\"><img loading=\"lazy\" decoding=\"async\" class=\"alignleft wp-image-27416\" src=\"https:\/\/www.rassegnastampa-totustuus.it\/cattolica\/wp-content\/uploads\/2009\/03\/pedofilia.jpg\" alt=\"pedofilia\" width=\"250\" height=\"162\" \/><\/a>Il Foglio,<\/strong> 26 maggio 2007<\/div>\n<p style=\"text-align: center;\"><em>Invettiva contro i moralisti teorici dell\u2019amoralit\u00e0<\/em><\/p>\n<p style=\"text-align: center;\">di <strong>Francesco Agnoli<\/strong><\/p>\n<p><!--more--><\/p>\n<div style=\"text-align: justify;\">E allora parliamo di pedofilia! Visto che i sostenitori dell\u2019eugenetica, i fautori dell\u2019aborto, i paladini delle mamme-nonne, degli ibridi e delle chimere, della poligamia come \u201cfatto biologico\u201d, si scandalizzano, sbuffano e si sbracciano contro i pedofili ecclesiastici&#8230;<\/div>\n<p style=\"text-align: justify;\">S\u00ec, tra gli uomini di chiesa, vi sono dei pedofili, e anche dei briganti, dei ladri, dei bugiardi, dei simoniaci&#8230; tutta gente che Dante metterebbe all\u2019Inferno. Tutta gente che a mio parere passer\u00e0 davanti, in Paradiso, a Santoro, Augias, Odifreddi e a tanti altri.<\/p>\n<p style=\"text-align: justify;\">\u201cLadri e prostitute \u2013 ha detto Ges\u00f9 \u2013 vi precederanno nel Regno dei Cieli\u201d. Noi cattolici lo sappiamo, di essere peccatori, temiamo l\u2019inferno, ci confessiamo e ci battiamo il petto. Per\u00f2 viva ladri e prostitute, viva i pedofili, quelli che lo fanno di nascosto, che se ne vergognano, e che poi, giustamente, pagano.<\/p>\n<p style=\"text-align: justify;\">Meglio loro, nel segreto delle loro stanze, nel putridume del loro cuore, nell\u2019abominio del loro segreto vizio, degli intellettuali progressisti e farisei che negano per iscritto il diritto naturale, che avversano il matrimonio dalle loro cattedre ben pagate, che esaltano ogni tipo di libertinaggio, per divenire improvvisamente acidi moralisti.<\/p>\n<p style=\"text-align: justify;\">In nome di cosa condannano la pedofilia? I greci non erano spesso pedofili? Il relativismo culturale non \u00e8 necessario, per essere al passo coi tempi? La morale naturale non \u00e8 una invenzione della chiesa?<\/p>\n<p style=\"text-align: justify;\">Se i sessi sono cinque, perch\u00e9 non possono diventare sei? Se il bambino \u00e8 un \u201cperverso polimorfo\u201d, perch\u00e9 non pu\u00f2 da subito soddisfare i suoi istinti? Se l\u2019incesto non \u00e8 contro natura, come sostiene Dacia Maraini, sulla scia di filosofi illuministi che lo praticavano persino con i figli, in base a cosa, per Dio, la pedofilia sarebbe cattiva?<\/p>\n<p style=\"text-align: justify;\">Non ci avete insegnato questo, in tanti anni? Non ci avete detto, a partire dal 1968, che l\u2019unica regola \u00e8 che non ci sono regole, che \u00e8 \u201cvietato vietare\u201d? Non avete clamorosamente taciuto di fronte alla nascita del partito pedofilo in Olanda? Perch\u00e9 diventate ora, a un tratto, cos\u00ec reazionari, bigotti, oscurantisti?<\/p>\n<p style=\"text-align: justify;\">Suvvia riscoprite altre radici, riabbracciate un passato pi\u00f9 laico. La chiesa non pu\u00f2 vantare, tra le sue file, teorici della pedofilia, il pensiero progressista s\u00ec. Ricordate la rivoluzione del 1968?<\/p>\n<p style=\"text-align: justify;\">Ricordate Gerd Koenen? Scriveva: \u201cNegli asili infantili pi\u00f9 radicali le attivit\u00e0 sessuali divennero parte integrante dei giochi\u201d. In quegli stessi anni Jean-Paul Sartre, Simone de Beauvoir, Michel Foucault, Jack Lang, futuro ministro francese, firmarono una petizione in cui si reclamava la legalizzazione dei rapporti sessuali coi minori. Daniel Cohn-Bendit, capogruppo dei Verdi a Bruxelles, raccont\u00f2 addirittura di avere sperimentato e favorito la pedofilia e il sesso coi minori a scuola, come insegnante.<\/p>\n<p style=\"text-align: justify;\">Oggi Aldo Busi, forse il pi\u00f9 venduto autore omosessuale italiano, spesso ospite di programmi televisivi e radiofonici, candidato nelle liste radicali, scrive: \u201cE\u2019 probabile che nella mia omosessualit\u00e0 ci sia una forma di attrazione non verso i maschi, ma verso l\u2019odio che mi suscitano tutti gli uomini, odio che il fare sesso con loro non fa che aumentare&#8230;\u201d.<\/p>\n<p style=\"text-align: justify;\">Dopo di che spiega che l\u2019et\u00e0 per rapporti omosessuali che lui ritiene lecita \u00e8 a partire dai tredici anni, in quanto a questa et\u00e0 un ragazzo, secondo lui, sarebbe adulto, e libero di decidere di avere rapporti con un altro uomo (\u201cManuale per il perfetto pap\u00e0\u201d, Mondadori).<\/p>\n<p style=\"text-align: justify;\">Il grande Nichi Vendola, governatore della Puglia, in una intervista del 1985 a Repubblica affermava: \u201cNon \u00e8 facile affrontare un tema come quello della pedofilia ad esempio, cio\u00e8 del diritto dei bambini ad avere una loro sessualit\u00e0, ad avere rapporti tra loro, o con gli adulti, e trattarne con chi la sessualit\u00e0 l\u2019ha vista sempre in funzione della famiglia\u2026\u201d.<\/p>\n<p style=\"text-align: justify;\">Caro Santoro, facci vedere il filmato ciofeca sui preti pedofili, dicci che \u00e8 tutto vero, e spiegaci quello che pensi: che per una volta sei d\u2019accordo con la chiesa, che si \u00e8 finalmente aperta, che \u00e8 divenuta comprensiva\u00a0e spiega ai cattolici progressisti che, per fortuna, i preti non sono tutti come Ruini e Bagnasco. Poi tornatene a Strasburgo, dove ti eri fatto eleggere.<\/p>\n","protected":false},"excerpt":{"rendered":"<p>\u00a0Il Foglio, 26 maggio 2007 Invettiva contro i moralisti teorici dell\u2019amoralit\u00e0 di Francesco Agnoli<\/p><p><a class=\"more-link btn\" href=\"https:\/\/www.rassegnastampa-totustuus.it\/cattolica\/cari-progressisti-libertari-com-che-i-pedofili-vi-fanno-schifo\/\">Continua a leggere<\/a><\/p>\n","protected":false},"author":6,"featured_media":27416,"comment_status":"closed","ping_status":"open","sticky":false,"template":"","format":"standard","meta":{"footnotes":""},"categories":[25],"tags":[454],"class_list":["post-2944","post","type-post","status-publish","format-standard","has-post-thumbnail","hentry","category-sguardo-sul-nostro-tempo","tag-pedofilia","item-wrap"],"yoast_head":"<!-- This site is optimized with the Yoast SEO plugin v27.5 - https:\/\/yoast.com\/product\/yoast-seo-wordpress\/ -->\n<title>Cari progressisti libertari, com&#039;&egrave; che i pedofili vi fanno schifo? - Rassegna Stampa Cattolica<\/title>\n<meta name=\"description\" content=\"Rassegna Stampa Cattolica - Per una cultura che nasce dalla Rivelazione cristiana in conformit\u00e0 alla tradizione e al Magistero della Chiesa in opposizione ad ogni relativismo e totalitarismo\" \/>\n<meta name=\"robots\" content=\"index, follow, max-snippet:-1, max-image-preview:large, max-video-preview:-1\" \/>\n<link rel=\"canonical\" href=\"https:\/\/www.rassegnastampa-totustuus.it\/cattolica\/cari-progressisti-libertari-com-che-i-pedofili-vi-fanno-schifo\/\" \/>\n<meta property=\"og:locale\" content=\"it_IT\" \/>\n<meta property=\"og:type\" content=\"article\" \/>\n<meta property=\"og:title\" content=\"Cari progressisti libertari, com&#039;&egrave; che i pedofili vi fanno schifo? - Rassegna Stampa Cattolica\" \/>\n<meta property=\"og:description\" content=\"Rassegna Stampa Cattolica - Per una cultura che nasce dalla Rivelazione cristiana in conformit\u00e0 alla tradizione e al Magistero della Chiesa in opposizione ad ogni relativismo e totalitarismo\" \/>\n<meta property=\"og:url\" content=\"https:\/\/www.rassegnastampa-totustuus.it\/cattolica\/cari-progressisti-libertari-com-che-i-pedofili-vi-fanno-schifo\/\" \/>\n<meta property=\"og:site_name\" content=\"Rassegna Stampa Cattolica\" \/>\n<meta property=\"article:publisher\" content=\"https:\/\/www.facebook.com\/rassegnastampacattolica\" \/>\n<meta property=\"article:published_time\" content=\"2009-03-25T13:09:33+00:00\" \/>\n<meta property=\"article:modified_time\" content=\"2015-11-11T11:53:14+00:00\" \/>\n<meta property=\"og:image\" content=\"https:\/\/www.rassegnastampa-totustuus.it\/cattolica\/wp-content\/uploads\/2009\/03\/pedofilia.jpg\" \/>\n\t<meta property=\"og:image:width\" content=\"279\" \/>\n\t<meta property=\"og:image:height\" content=\"181\" \/>\n\t<meta property=\"og:image:type\" content=\"image\/jpeg\" \/>\n<meta name=\"author\" content=\"Redazione\" \/>\n<meta name=\"twitter:card\" content=\"summary_large_image\" \/>\n<meta name=\"twitter:creator\" content=\"@rassegnastampa9\" \/>\n<meta name=\"twitter:site\" content=\"@rassegnastampa9\" \/>\n<meta name=\"twitter:label1\" content=\"Scritto da\" \/>\n\t<meta name=\"twitter:data1\" content=\"Redazione\" \/>\n\t<meta name=\"twitter:label2\" content=\"Tempo di lettura stimato\" \/>\n\t<meta name=\"twitter:data2\" content=\"3 minuti\" \/>\n<script type=\"application\/ld+json\" class=\"yoast-schema-graph\">{\"@context\":\"https:\\\/\\\/schema.org\",\"@graph\":[{\"@type\":\"Article\",\"@id\":\"https:\\\/\\\/www.rassegnastampa-totustuus.it\\\/cattolica\\\/cari-progressisti-libertari-com-che-i-pedofili-vi-fanno-schifo\\\/#article\",\"isPartOf\":{\"@id\":\"https:\\\/\\\/www.rassegnastampa-totustuus.it\\\/cattolica\\\/cari-progressisti-libertari-com-che-i-pedofili-vi-fanno-schifo\\\/\"},\"author\":{\"name\":\"Redazione\",\"@id\":\"https:\\\/\\\/www.rassegnastampa-totustuus.it\\\/cattolica\\\/#\\\/schema\\\/person\\\/08f319d2bd1a0904ad9e2bfb7b15e5c3\"},\"headline\":\"Cari progressisti libertari, com&#8217;&egrave; che i pedofili vi fanno schifo?\",\"datePublished\":\"2009-03-25T13:09:33+00:00\",\"dateModified\":\"2015-11-11T11:53:14+00:00\",\"mainEntityOfPage\":{\"@id\":\"https:\\\/\\\/www.rassegnastampa-totustuus.it\\\/cattolica\\\/cari-progressisti-libertari-com-che-i-pedofili-vi-fanno-schifo\\\/\"},\"wordCount\":676,\"publisher\":{\"@id\":\"https:\\\/\\\/www.rassegnastampa-totustuus.it\\\/cattolica\\\/#organization\"},\"image\":{\"@id\":\"https:\\\/\\\/www.rassegnastampa-totustuus.it\\\/cattolica\\\/cari-progressisti-libertari-com-che-i-pedofili-vi-fanno-schifo\\\/#primaryimage\"},\"thumbnailUrl\":\"https:\\\/\\\/www.rassegnastampa-totustuus.it\\\/cattolica\\\/wp-content\\\/uploads\\\/2009\\\/03\\\/pedofilia.jpg\",\"keywords\":[\"pedofilia\"],\"articleSection\":[\"Sguardo sul nostro tempo\"],\"inLanguage\":\"it-IT\"},{\"@type\":\"WebPage\",\"@id\":\"https:\\\/\\\/www.rassegnastampa-totustuus.it\\\/cattolica\\\/cari-progressisti-libertari-com-che-i-pedofili-vi-fanno-schifo\\\/\",\"url\":\"https:\\\/\\\/www.rassegnastampa-totustuus.it\\\/cattolica\\\/cari-progressisti-libertari-com-che-i-pedofili-vi-fanno-schifo\\\/\",\"name\":\"Cari progressisti libertari, com'&egrave; che i pedofili vi fanno schifo? - Rassegna Stampa Cattolica\",\"isPartOf\":{\"@id\":\"https:\\\/\\\/www.rassegnastampa-totustuus.it\\\/cattolica\\\/#website\"},\"primaryImageOfPage\":{\"@id\":\"https:\\\/\\\/www.rassegnastampa-totustuus.it\\\/cattolica\\\/cari-progressisti-libertari-com-che-i-pedofili-vi-fanno-schifo\\\/#primaryimage\"},\"image\":{\"@id\":\"https:\\\/\\\/www.rassegnastampa-totustuus.it\\\/cattolica\\\/cari-progressisti-libertari-com-che-i-pedofili-vi-fanno-schifo\\\/#primaryimage\"},\"thumbnailUrl\":\"https:\\\/\\\/www.rassegnastampa-totustuus.it\\\/cattolica\\\/wp-content\\\/uploads\\\/2009\\\/03\\\/pedofilia.jpg\",\"datePublished\":\"2009-03-25T13:09:33+00:00\",\"dateModified\":\"2015-11-11T11:53:14+00:00\",\"description\":\"Rassegna Stampa Cattolica - Per una cultura che nasce dalla Rivelazione cristiana in conformit\u00e0 alla tradizione e al Magistero della Chiesa in opposizione ad ogni relativismo e totalitarismo\",\"breadcrumb\":{\"@id\":\"https:\\\/\\\/www.rassegnastampa-totustuus.it\\\/cattolica\\\/cari-progressisti-libertari-com-che-i-pedofili-vi-fanno-schifo\\\/#breadcrumb\"},\"inLanguage\":\"it-IT\",\"potentialAction\":[{\"@type\":\"ReadAction\",\"target\":[\"https:\\\/\\\/www.rassegnastampa-totustuus.it\\\/cattolica\\\/cari-progressisti-libertari-com-che-i-pedofili-vi-fanno-schifo\\\/\"]}]},{\"@type\":\"ImageObject\",\"inLanguage\":\"it-IT\",\"@id\":\"https:\\\/\\\/www.rassegnastampa-totustuus.it\\\/cattolica\\\/cari-progressisti-libertari-com-che-i-pedofili-vi-fanno-schifo\\\/#primaryimage\",\"url\":\"https:\\\/\\\/www.rassegnastampa-totustuus.it\\\/cattolica\\\/wp-content\\\/uploads\\\/2009\\\/03\\\/pedofilia.jpg\",\"contentUrl\":\"https:\\\/\\\/www.rassegnastampa-totustuus.it\\\/cattolica\\\/wp-content\\\/uploads\\\/2009\\\/03\\\/pedofilia.jpg\",\"width\":279,\"height\":181},{\"@type\":\"BreadcrumbList\",\"@id\":\"https:\\\/\\\/www.rassegnastampa-totustuus.it\\\/cattolica\\\/cari-progressisti-libertari-com-che-i-pedofili-vi-fanno-schifo\\\/#breadcrumb\",\"itemListElement\":[{\"@type\":\"ListItem\",\"position\":1,\"name\":\"Home\",\"item\":\"https:\\\/\\\/www.rassegnastampa-totustuus.it\\\/cattolica\\\/\"},{\"@type\":\"ListItem\",\"position\":2,\"name\":\"Cari progressisti libertari, com&#8217;&egrave; che i pedofili vi fanno schifo?\"}]},{\"@type\":\"WebSite\",\"@id\":\"https:\\\/\\\/www.rassegnastampa-totustuus.it\\\/cattolica\\\/#website\",\"url\":\"https:\\\/\\\/www.rassegnastampa-totustuus.it\\\/cattolica\\\/\",\"name\":\"Rassegna Stampa Cattolica\",\"description\":\"Per una cultura che nasce dalla Rivelazione cristiana in conformit\u00e0 alla tradizione e al Magistero della Chiesa in opposizione ad ogni relativismo e totalitarismo\",\"publisher\":{\"@id\":\"https:\\\/\\\/www.rassegnastampa-totustuus.it\\\/cattolica\\\/#organization\"},\"alternateName\":\"Rass. Cattolica\",\"potentialAction\":[{\"@type\":\"SearchAction\",\"target\":{\"@type\":\"EntryPoint\",\"urlTemplate\":\"https:\\\/\\\/www.rassegnastampa-totustuus.it\\\/cattolica\\\/?s={search_term_string}\"},\"query-input\":{\"@type\":\"PropertyValueSpecification\",\"valueRequired\":true,\"valueName\":\"search_term_string\"}}],\"inLanguage\":\"it-IT\"},{\"@type\":\"Organization\",\"@id\":\"https:\\\/\\\/www.rassegnastampa-totustuus.it\\\/cattolica\\\/#organization\",\"name\":\"Rassegna Stampa Cattolica\",\"url\":\"https:\\\/\\\/www.rassegnastampa-totustuus.it\\\/cattolica\\\/\",\"logo\":{\"@type\":\"ImageObject\",\"inLanguage\":\"it-IT\",\"@id\":\"https:\\\/\\\/www.rassegnastampa-totustuus.it\\\/cattolica\\\/#\\\/schema\\\/logo\\\/image\\\/\",\"url\":\"https:\\\/\\\/www.rassegnastampa-totustuus.it\\\/cattolica\\\/wp-content\\\/uploads\\\/2014\\\/04\\\/logo-rassegna1.gif\",\"contentUrl\":\"https:\\\/\\\/www.rassegnastampa-totustuus.it\\\/cattolica\\\/wp-content\\\/uploads\\\/2014\\\/04\\\/logo-rassegna1.gif\",\"width\":600,\"height\":163,\"caption\":\"Rassegna Stampa Cattolica\"},\"image\":{\"@id\":\"https:\\\/\\\/www.rassegnastampa-totustuus.it\\\/cattolica\\\/#\\\/schema\\\/logo\\\/image\\\/\"},\"sameAs\":[\"https:\\\/\\\/www.facebook.com\\\/rassegnastampacattolica\",\"https:\\\/\\\/x.com\\\/rassegnastampa9\"]},{\"@type\":\"Person\",\"@id\":\"https:\\\/\\\/www.rassegnastampa-totustuus.it\\\/cattolica\\\/#\\\/schema\\\/person\\\/08f319d2bd1a0904ad9e2bfb7b15e5c3\",\"name\":\"Redazione\",\"image\":{\"@type\":\"ImageObject\",\"inLanguage\":\"it-IT\",\"@id\":\"https:\\\/\\\/secure.gravatar.com\\\/avatar\\\/2fcdf27c78ea025fbdb44e914cc63c72249ffec9dc8aafd5c82b26240ef3f346?s=96&d=mm&r=g\",\"url\":\"https:\\\/\\\/secure.gravatar.com\\\/avatar\\\/2fcdf27c78ea025fbdb44e914cc63c72249ffec9dc8aafd5c82b26240ef3f346?s=96&d=mm&r=g\",\"contentUrl\":\"https:\\\/\\\/secure.gravatar.com\\\/avatar\\\/2fcdf27c78ea025fbdb44e914cc63c72249ffec9dc8aafd5c82b26240ef3f346?s=96&d=mm&r=g\",\"caption\":\"Redazione\"},\"url\":\"https:\\\/\\\/www.rassegnastampa-totustuus.it\\\/cattolica\\\/author\\\/pietroelle\\\/\"}]}<\/script>\n<!-- \/ Yoast SEO plugin. -->","yoast_head_json":{"title":"Cari progressisti libertari, com'&egrave; che i pedofili vi fanno schifo? - Rassegna Stampa Cattolica","description":"Rassegna Stampa Cattolica - Per una cultura che nasce dalla Rivelazione cristiana in conformit\u00e0 alla tradizione e al Magistero della Chiesa in opposizione ad ogni relativismo e totalitarismo","robots":{"index":"index","follow":"follow","max-snippet":"max-snippet:-1","max-image-preview":"max-image-preview:large","max-video-preview":"max-video-preview:-1"},"canonical":"https:\/\/www.rassegnastampa-totustuus.it\/cattolica\/cari-progressisti-libertari-com-che-i-pedofili-vi-fanno-schifo\/","og_locale":"it_IT","og_type":"article","og_title":"Cari progressisti libertari, com'&egrave; che i pedofili vi fanno schifo? - Rassegna Stampa Cattolica","og_description":"Rassegna Stampa Cattolica - Per una cultura che nasce dalla Rivelazione cristiana in conformit\u00e0 alla tradizione e al Magistero della Chiesa in opposizione ad ogni relativismo e totalitarismo","og_url":"https:\/\/www.rassegnastampa-totustuus.it\/cattolica\/cari-progressisti-libertari-com-che-i-pedofili-vi-fanno-schifo\/","og_site_name":"Rassegna Stampa Cattolica","article_publisher":"https:\/\/www.facebook.com\/rassegnastampacattolica","article_published_time":"2009-03-25T13:09:33+00:00","article_modified_time":"2015-11-11T11:53:14+00:00","og_image":[{"width":279,"height":181,"url":"https:\/\/www.rassegnastampa-totustuus.it\/cattolica\/wp-content\/uploads\/2009\/03\/pedofilia.jpg","type":"image\/jpeg"}],"author":"Redazione","twitter_card":"summary_large_image","twitter_creator":"@rassegnastampa9","twitter_site":"@rassegnastampa9","twitter_misc":{"Scritto da":"Redazione","Tempo di lettura stimato":"3 minuti"},"schema":{"@context":"https:\/\/schema.org","@graph":[{"@type":"Article","@id":"https:\/\/www.rassegnastampa-totustuus.it\/cattolica\/cari-progressisti-libertari-com-che-i-pedofili-vi-fanno-schifo\/#article","isPartOf":{"@id":"https:\/\/www.rassegnastampa-totustuus.it\/cattolica\/cari-progressisti-libertari-com-che-i-pedofili-vi-fanno-schifo\/"},"author":{"name":"Redazione","@id":"https:\/\/www.rassegnastampa-totustuus.it\/cattolica\/#\/schema\/person\/08f319d2bd1a0904ad9e2bfb7b15e5c3"},"headline":"Cari progressisti libertari, com&#8217;&egrave; che i pedofili vi fanno schifo?","datePublished":"2009-03-25T13:09:33+00:00","dateModified":"2015-11-11T11:53:14+00:00","mainEntityOfPage":{"@id":"https:\/\/www.rassegnastampa-totustuus.it\/cattolica\/cari-progressisti-libertari-com-che-i-pedofili-vi-fanno-schifo\/"},"wordCount":676,"publisher":{"@id":"https:\/\/www.rassegnastampa-totustuus.it\/cattolica\/#organization"},"image":{"@id":"https:\/\/www.rassegnastampa-totustuus.it\/cattolica\/cari-progressisti-libertari-com-che-i-pedofili-vi-fanno-schifo\/#primaryimage"},"thumbnailUrl":"https:\/\/www.rassegnastampa-totustuus.it\/cattolica\/wp-content\/uploads\/2009\/03\/pedofilia.jpg","keywords":["pedofilia"],"articleSection":["Sguardo sul nostro tempo"],"inLanguage":"it-IT"},{"@type":"WebPage","@id":"https:\/\/www.rassegnastampa-totustuus.it\/cattolica\/cari-progressisti-libertari-com-che-i-pedofili-vi-fanno-schifo\/","url":"https:\/\/www.rassegnastampa-totustuus.it\/cattolica\/cari-progressisti-libertari-com-che-i-pedofili-vi-fanno-schifo\/","name":"Cari progressisti libertari, com'&egrave; che i pedofili vi fanno schifo? - Rassegna Stampa Cattolica","isPartOf":{"@id":"https:\/\/www.rassegnastampa-totustuus.it\/cattolica\/#website"},"primaryImageOfPage":{"@id":"https:\/\/www.rassegnastampa-totustuus.it\/cattolica\/cari-progressisti-libertari-com-che-i-pedofili-vi-fanno-schifo\/#primaryimage"},"image":{"@id":"https:\/\/www.rassegnastampa-totustuus.it\/cattolica\/cari-progressisti-libertari-com-che-i-pedofili-vi-fanno-schifo\/#primaryimage"},"thumbnailUrl":"https:\/\/www.rassegnastampa-totustuus.it\/cattolica\/wp-content\/uploads\/2009\/03\/pedofilia.jpg","datePublished":"2009-03-25T13:09:33+00:00","dateModified":"2015-11-11T11:53:14+00:00","description":"Rassegna Stampa Cattolica - Per una cultura che nasce dalla Rivelazione cristiana in conformit\u00e0 alla tradizione e al Magistero della Chiesa in opposizione ad ogni relativismo e totalitarismo","breadcrumb":{"@id":"https:\/\/www.rassegnastampa-totustuus.it\/cattolica\/cari-progressisti-libertari-com-che-i-pedofili-vi-fanno-schifo\/#breadcrumb"},"inLanguage":"it-IT","potentialAction":[{"@type":"ReadAction","target":["https:\/\/www.rassegnastampa-totustuus.it\/cattolica\/cari-progressisti-libertari-com-che-i-pedofili-vi-fanno-schifo\/"]}]},{"@type":"ImageObject","inLanguage":"it-IT","@id":"https:\/\/www.rassegnastampa-totustuus.it\/cattolica\/cari-progressisti-libertari-com-che-i-pedofili-vi-fanno-schifo\/#primaryimage","url":"https:\/\/www.rassegnastampa-totustuus.it\/cattolica\/wp-content\/uploads\/2009\/03\/pedofilia.jpg","contentUrl":"https:\/\/www.rassegnastampa-totustuus.it\/cattolica\/wp-content\/uploads\/2009\/03\/pedofilia.jpg","width":279,"height":181},{"@type":"BreadcrumbList","@id":"https:\/\/www.rassegnastampa-totustuus.it\/cattolica\/cari-progressisti-libertari-com-che-i-pedofili-vi-fanno-schifo\/#breadcrumb","itemListElement":[{"@type":"ListItem","position":1,"name":"Home","item":"https:\/\/www.rassegnastampa-totustuus.it\/cattolica\/"},{"@type":"ListItem","position":2,"name":"Cari progressisti libertari, com&#8217;&egrave; che i pedofili vi fanno schifo?"}]},{"@type":"WebSite","@id":"https:\/\/www.rassegnastampa-totustuus.it\/cattolica\/#website","url":"https:\/\/www.rassegnastampa-totustuus.it\/cattolica\/","name":"Rassegna Stampa Cattolica","description":"Per una cultura che nasce dalla Rivelazione cristiana in conformit\u00e0 alla tradizione e al Magistero della Chiesa in opposizione ad ogni relativismo e totalitarismo","publisher":{"@id":"https:\/\/www.rassegnastampa-totustuus.it\/cattolica\/#organization"},"alternateName":"Rass. Cattolica","potentialAction":[{"@type":"SearchAction","target":{"@type":"EntryPoint","urlTemplate":"https:\/\/www.rassegnastampa-totustuus.it\/cattolica\/?s={search_term_string}"},"query-input":{"@type":"PropertyValueSpecification","valueRequired":true,"valueName":"search_term_string"}}],"inLanguage":"it-IT"},{"@type":"Organization","@id":"https:\/\/www.rassegnastampa-totustuus.it\/cattolica\/#organization","name":"Rassegna Stampa Cattolica","url":"https:\/\/www.rassegnastampa-totustuus.it\/cattolica\/","logo":{"@type":"ImageObject","inLanguage":"it-IT","@id":"https:\/\/www.rassegnastampa-totustuus.it\/cattolica\/#\/schema\/logo\/image\/","url":"https:\/\/www.rassegnastampa-totustuus.it\/cattolica\/wp-content\/uploads\/2014\/04\/logo-rassegna1.gif","contentUrl":"https:\/\/www.rassegnastampa-totustuus.it\/cattolica\/wp-content\/uploads\/2014\/04\/logo-rassegna1.gif","width":600,"height":163,"caption":"Rassegna Stampa Cattolica"},"image":{"@id":"https:\/\/www.rassegnastampa-totustuus.it\/cattolica\/#\/schema\/logo\/image\/"},"sameAs":["https:\/\/www.facebook.com\/rassegnastampacattolica","https:\/\/x.com\/rassegnastampa9"]},{"@type":"Person","@id":"https:\/\/www.rassegnastampa-totustuus.it\/cattolica\/#\/schema\/person\/08f319d2bd1a0904ad9e2bfb7b15e5c3","name":"Redazione","image":{"@type":"ImageObject","inLanguage":"it-IT","@id":"https:\/\/secure.gravatar.com\/avatar\/2fcdf27c78ea025fbdb44e914cc63c72249ffec9dc8aafd5c82b26240ef3f346?s=96&d=mm&r=g","url":"https:\/\/secure.gravatar.com\/avatar\/2fcdf27c78ea025fbdb44e914cc63c72249ffec9dc8aafd5c82b26240ef3f346?s=96&d=mm&r=g","contentUrl":"https:\/\/secure.gravatar.com\/avatar\/2fcdf27c78ea025fbdb44e914cc63c72249ffec9dc8aafd5c82b26240ef3f346?s=96&d=mm&r=g","caption":"Redazione"},"url":"https:\/\/www.rassegnastampa-totustuus.it\/cattolica\/author\/pietroelle\/"}]}},"_links":{"self":[{"href":"https:\/\/www.rassegnastampa-totustuus.it\/cattolica\/wp-json\/wp\/v2\/posts\/2944","targetHints":{"allow":["GET"]}}],"collection":[{"href":"https:\/\/www.rassegnastampa-totustuus.it\/cattolica\/wp-json\/wp\/v2\/posts"}],"about":[{"href":"https:\/\/www.rassegnastampa-totustuus.it\/cattolica\/wp-json\/wp\/v2\/types\/post"}],"author":[{"embeddable":true,"href":"https:\/\/www.rassegnastampa-totustuus.it\/cattolica\/wp-json\/wp\/v2\/users\/6"}],"replies":[{"embeddable":true,"href":"https:\/\/www.rassegnastampa-totustuus.it\/cattolica\/wp-json\/wp\/v2\/comments?post=2944"}],"version-history":[{"count":4,"href":"https:\/\/www.rassegnastampa-totustuus.it\/cattolica\/wp-json\/wp\/v2\/posts\/2944\/revisions"}],"predecessor-version":[{"id":27417,"href":"https:\/\/www.rassegnastampa-totustuus.it\/cattolica\/wp-json\/wp\/v2\/posts\/2944\/revisions\/27417"}],"wp:featuredmedia":[{"embeddable":true,"href":"https:\/\/www.rassegnastampa-totustuus.it\/cattolica\/wp-json\/wp\/v2\/media\/27416"}],"wp:attachment":[{"href":"https:\/\/www.rassegnastampa-totustuus.it\/cattolica\/wp-json\/wp\/v2\/media?parent=2944"}],"wp:term":[{"taxonomy":"category","embeddable":true,"href":"https:\/\/www.rassegnastampa-totustuus.it\/cattolica\/wp-json\/wp\/v2\/categories?post=2944"},{"taxonomy":"post_tag","embeddable":true,"href":"https:\/\/www.rassegnastampa-totustuus.it\/cattolica\/wp-json\/wp\/v2\/tags?post=2944"}],"curies":[{"name":"wp","href":"https:\/\/api.w.org\/{rel}","templated":true}]}}