{"id":29425,"date":"2015-08-19T00:00:55","date_gmt":"2015-08-18T22:00:55","guid":{"rendered":"http:\/\/www.rassegnastampa-totustuus.it\/cattolica\/?p=29425"},"modified":"2018-08-21T13:59:23","modified_gmt":"2018-08-21T11:59:23","slug":"storia-la-controrivoluzione-in-italia","status":"publish","type":"post","link":"https:\/\/www.rassegnastampa-totustuus.it\/cattolica\/storia-la-controrivoluzione-in-italia\/","title":{"rendered":"Storia \/ La controrivoluzione in Italia"},"content":{"rendered":"<p style=\"text-align: center;\"><strong><a href=\"https:\/\/www.rassegnastampa-totustuus.it\/cattolica\/wp-content\/uploads\/2015\/08\/esercito_santa_fede.jpg\"><img loading=\"lazy\" decoding=\"async\" class=\"alignright wp-image-30030 size-full\" src=\"https:\/\/www.rassegnastampa-totustuus.it\/cattolica\/wp-content\/uploads\/2015\/08\/esercito_santa_fede.jpg\" alt=\"esercito_santa_fede\" width=\"240\" height=\"175\" \/><\/a>St<\/strong><strong>udi Cattolici<\/strong>\u00a0gennaio 1989<\/p>\n<p style=\"text-align: center;\">di <strong>Francesco Mario Agnoli<\/strong><\/p>\n<p style=\"text-align: justify;\">Le celebrazioni &#8211; praticamente gi\u00e0 in corso anche se manca ancora qualche mese alla data fatidica &#8211; del bicentenario della Rivoluzione francese rendono inevitabile che si pensi anche al suo contrario, la controrivoluzione, e che se ne parli e discuta, sicch\u00e9 gli organizzatori del grande spettacolo rivoluzionario hanno ritenuto opportuno prendere l&#8217;ini\u00adziativa occupando lo spazio dei loro possibili contraddittori.<\/p>\n<p><!--more--><\/p>\n<p style=\"text-align: justify;\">Ecco apparire cos\u00ec in libreria, per i caratteri dell&#8217;editore Mursia, La Controrivoluzione, di Jacques Godechot, pubblicato in Francia nel 1961, che riprende, come annota in premessa l&#8217;autore, un corso di lezioni tenute negli anni 1958-59 a studenti che avevano nel loro programma di storia il periodo 1789-1804 (il che spiega l&#8217;insolita scelta del termine finale del 1804, nonostante che la controrivoluzione si sia protratta alquanto oltre tale data) (1).<\/p>\n<p style=\"text-align: justify;\"><a href=\"https:\/\/www.rassegnastampa-totustuus.it\/cattolica\/wp-content\/uploads\/2005\/09\/insorgenti.jpg\"><img loading=\"lazy\" decoding=\"async\" class=\"alignleft wp-image-40875\" src=\"https:\/\/www.rassegnastampa-totustuus.it\/cattolica\/wp-content\/uploads\/2005\/09\/insorgenti.jpg\" alt=\"\" width=\"248\" height=\"200\" \/><\/a>Opera non recente, quindi, ma la cui pubblicazione in Italia si giustifica da un lato con la scarsit\u00e0 di studi sull&#8217;argomento, dall&#8217;altro con il fatto che, a dispetto del tono scientifico e asettico, si tratta di una controrivoluzione vista con gli occhi di uno studioso rivoluzionario, che, del resto, non sempre riesce a nascondere le sue simpatie e le sue convinzioni e a volte, specie quando all&#8217;ideologia si aggiunge il tradizionale nazionalismo francese, si abbandona, a conforto delle proprie tesi, a vere e proprie manipolazioni della storia.<\/p>\n<p style=\"text-align: justify;\">Indubbiamente l&#8217;ideologia controrivoluzionaria non abbonda di teorici e ideologhi, e le difficolt\u00e0 di precisarne confini e contenuti sono accresciute dal fatto che in tempi recenti si sono attribuiti alla controrivoluzione movimenti politici (basti pensare al fascismo c al nazismo), scrittori e pensatori (2) che sono invece discendenti diretti e legittimi dell&#8217;ideologia rivoluzionaria, anche se \u00e8 vero che non pochi dei loro seguaci si ritengono in buona fede dei controrivoluzionari e in diritto di richiamarsi ai valori della tradizione (3).<\/p>\n<p style=\"text-align: justify;\"><strong>In nome <\/strong><strong>del cristianesimo<\/strong><\/p>\n<p style=\"text-align: justify;\">Tuttavia non \u00e8 consentito a chi vuole fare opera di autentica ricerca e di chiarificazione mescolare, come fa invece Godechot, veri e fondamentali pensatori controrivoluzionari, quali, primi fra tutti, Edmund Burke e Joseph de Maistre, e scrittori, oltre che modesti e superficiali, imbevuti in realt\u00e0 di cultura illuministica e di spirito sostanzialmente rivoluzionario come S\u00e9nac de Meilhan (4) o personaggi che nell&#8217;ultimo decennio del secolo XVIII e nel primo del XIX si batterono effettivamente, magari non solo con la penna, ma sul campo, a favore della dinastia dei Borboni di Francia, come Mallet du Pan, ideatore e direttore di una vasta rete spionistica filomonarchica, e, quindi, contro il fenomeno storico della Rivoluzione, della quale per\u00f2, in definitiva, non ripudiavano i princ\u00ecpi fondamentali, a cominciare dal pregiudizio anticristiano, ma soltanto gli eccessi o, al limite, le frettolose imprudenze (5).<\/p>\n<p style=\"text-align: justify;\">\u00c8 possibile che il numero dei pensatori realmente controrivoluzionari sia in realt\u00e0 cos\u00ec modesto da ridurre a uno smilzo libretto un&#8217;opera, quale \u00e8 in definitiva quella di Godechot, che miri pi\u00f9 a divulgare che ad approfondire, ma ci\u00f2 non giustifica che si travestano, per esempio, da controrivoluzionari i fautori del dispotismo illuminato o che si faccia passare per tale qualunque sostenitore della monarchia (6). Come si \u00e8 appena avuto occasione di dire (cfr nota 5), dal momento che l&#8217;ideologia e l&#8217;azione rivoluzionarie erano e sono essenzialmente e radicalmente an\u00adticristiane, controrivoluzionario \u00e8 chi alla Rivoluzione si oppone non a difesa di interessi, di un trono o di una dinastia, ma in nome degli eterni princ\u00ecpi del cristianesimo.<\/p>\n<p style=\"text-align: justify;\"><a href=\"https:\/\/www.rassegnastampa-totustuus.it\/cattolica\/wp-content\/uploads\/2006\/12\/Viva_Maria.jpg\"><img loading=\"lazy\" decoding=\"async\" class=\"alignright wp-image-16917\" src=\"https:\/\/www.rassegnastampa-totustuus.it\/cattolica\/wp-content\/uploads\/2006\/12\/Viva_Maria-206x300.jpg\" alt=\"\" width=\"137\" height=\"200\" srcset=\"https:\/\/www.rassegnastampa-totustuus.it\/cattolica\/wp-content\/uploads\/2006\/12\/Viva_Maria-206x300.jpg 206w, https:\/\/www.rassegnastampa-totustuus.it\/cattolica\/wp-content\/uploads\/2006\/12\/Viva_Maria.jpg 250w\" sizes=\"auto, (max-width: 137px) 100vw, 137px\" \/><\/a>Ovviamente non vi \u00e8 ragione di non riconoscere, nonostante la fermezza delle nostre opinioni sul punto, che fin qui ci si muove (come sempre avviene nel dominio delle idee la cui verit\u00e0 non \u00e8 suscettibile di dimostrazioni matematiche) nel territorio dell&#8217;opinabile e che agli occhi del lettore il nostro concetto di controrivoluzione vale quello, essenzial\u00admente diverso, di Godechot; ma la situazione muta quando si passa agli avvenimenti storici, ai &#8220;fatti&#8221;, suscettibili anch&#8217;essi di valutazioni diverse e di divergenti interpretazioni, ma indiscutibili nella loro realt\u00e0, nel loro essersi o no storicamente realizzati. Ed \u00e8 su questo punto che si rivela in pieno il carattere settario dell&#8217;opera di Godechot, che, mescolando rivoluzionarismo e sciovinismo, altera completamente, almeno per quanto riguarda la controrivoluzione italiana, la realt\u00e0 dei fatti.<\/p>\n<p style=\"text-align: justify;\">Non unicamente quando parla dell&#8217;Italia (ma solo a questa ci atterremo) Godechot, nell&#8217;evidente intento di negarne la spontaneit\u00e0 e l&#8217;origine nella fede cristiana delle popolazioni, cerca di trovare alle &#8220;insorgenze&#8221; contro francesi e giacobini cause e motivazioni variabili da luogo a luogo e in molti casi fondate, per darvi un&#8217;apparente consistenza, su vere e proprie falsificazioni della storia.<\/p>\n<p style=\"text-align: justify;\">Cos\u00ec l&#8217;insorgenza di Lugo di Romagna del 1796 viene spiegata principalmente con il desiderio della popolazione lughese di non essere sottoposta a Ferrara. Scrive a questo proposito Godechot: \u00abLugo aveva un lungo passato d&#8217;indipendenza, era una cittadina, ma essa si era sempre considerata pari a Ferrara e perfino sua rivale. Ora i Francesi avevano stabilito un&#8217;Intendenza di finanza a Ferrara e non a Lugo. L&#8217;Intendenza di Ferrara aveva ripartito i tributi imposti dai Francesi In tutta la regione; di modo che, per la prima volta nella sua esistenza, indubbiamente. Lugo si trovava sottomessa a Ferrara. Gli abitanti di Lugo si mostrarono molto irritati per essere stati sottomessi ai Ferraresi. La rivolta di Lugo si spiega quindi non solo con l&#8217;ostilit\u00e0 nei confronti dei Francesi e delle idee rivolu\u00adzionarie, ma anche con una circostanza particolare: la subordinazione a Ferrara\u00bb.<\/p>\n<p style=\"text-align: justify;\"><strong>Occasione, non causa<\/strong><\/p>\n<p style=\"text-align: justify;\"><a href=\"https:\/\/www.rassegnastampa-totustuus.it\/cattolica\/wp-content\/uploads\/2017\/07\/insorgenze-1.jpg\"><img loading=\"lazy\" decoding=\"async\" class=\"alignleft wp-image-38189\" src=\"https:\/\/www.rassegnastampa-totustuus.it\/cattolica\/wp-content\/uploads\/2017\/07\/insorgenze-1.jpg\" alt=\"\" width=\"250\" height=\"172\" \/><\/a>Ora \u00e8 ben vero che Lugo aveva sempre mal sopportato la supremazia ferrarese e che l&#8217;occasione (l&#8217;occasione, non la causa) dell&#8217;insorgenza del 1796 fu data dalla pretesa di Ferrara, incaricata dai Francesi di procedere all&#8217;odiosa esazione, di raccogliere a Lugo e negli altri paesi della Legazione buona parte dei tributi imposti dai conquistatori, ma non era affatto la prima volta che Lugo si trovava soggetta a Ferrara, dal momento che era da secoli in questa situazione, avendo fatto parte dapprima del ducato estense, poi. fino al giorno dell&#8217;invasione, della Legazione di Fer\u00adrara, che, appunto per questa ragione, e non per particolari simpatie dei Francesi, era stata incaricata della &#8220;raccolta&#8221; delle contribuzioni (per di pi\u00f9 la stessa affermazione che a Ferrara fosse stata istituita un&#8217;Intendenza di finanza \u00e8 un piacevole eufemismo per descrivere la ben diversa situazione di un contributo di guerra imposto ai ferraresi, che avrebbero risposto in proprio di quanto non fossero riusciti a raccogliere nel territorio della Legazione ).<\/p>\n<p style=\"text-align: justify;\">Infine non manca, a discapito degli insorgenti, la nota di colore, naturalmente falsa, con la quale l&#8217;autore cerca in qualche modo di compensare le malefatte dei suoi compatrioti, affermando che, partiti i soldati, &#8220;i contadini che erano insorti in precedenza contro i Francesi penetrarono nella citt\u00e0 e continuarono il saccheggio iniziato dai soldati&#8221;, un saccheggio del quale non si trova traccia nei documenti dell&#8217;epoca, che riferiscono invece con ampiezza delle devastazioni e delle uccisioni consumate dai &#8220;liberatori&#8221;.<\/p>\n<p style=\"text-align: justify;\">Del resto simili imprecisioni caratterizzano tutta la ricostruzione della controrivoluzione italiana fatta da Godechot, che giunge perfino a contraddirsi quando, dopo avere attribuito all&#8217;insor\u00adgenza carattere esclusivamente contadino, nell&#8217;evidente tentativo di assimilarla alle antiche jacquerics del suo Paese, conferendole, in sostanza, natura di lotta di classe ante litteram, riferisce poi che tanto a Lugo come a Pavia (altro epicentro di una rivolta antifrancese e antigiacobina nel 1796) i moti ebbero &#8220;come istigatori piccoli artigiani e contadini appoggiati da alcuni nobili dei dintorni, forse anche da qualche parroco&#8221;, senza accorgersi che in tal modo smentisce il proprio assunto, dal momento che contadini e artigiani costituivano la totalit\u00e0 delle classi popolari, gli uni delle campagne e gli altri delle citt\u00e0.<\/p>\n<p style=\"text-align: justify;\">Ugualmente esatto che modesta fu la partecipazione dei nobili all&#8217;insurrezione, anche se a Lugo pi\u00f9 elevata che altrove, e che gran parte del clero, soprattutto della gerarchia, non solo non appoggi\u00f2 i moti popolari, ma tent\u00f2 di indurre le popolazioni alla calma e all&#8217;ordine. Particolari questi (ridotta presenza dei nobili e atteggiamenti delle gerarchie ecclesiastiche) che giocano a favore di una assoluta spontaneit\u00e0 dei moti, che Godechot tenta invece di mettere quanto meno in dubbio. Ovviamente in tutte o quasi le insorgenze (ma vi \u00e8, per esempio, l&#8217;importante eccezione delle &#8220;Pasque veronesi&#8221;, che ebbero soprattutto carattere cittadino) i contadini recitarono un ruolo preponderante, ma unicamente perch\u00e9 alla fine del secolo XVIII costituivano ancora la componente di gran lunga pi\u00f9 numerosa delle classi popolari.<\/p>\n<p style=\"text-align: justify;\"><a href=\"https:\/\/www.rassegnastampa-totustuus.it\/cattolica\/wp-content\/uploads\/2005\/09\/viva-maria.jpg\"><img loading=\"lazy\" decoding=\"async\" class=\"size-full wp-image-40877 alignright\" src=\"https:\/\/www.rassegnastampa-totustuus.it\/cattolica\/wp-content\/uploads\/2005\/09\/viva-maria.jpg\" alt=\"\" width=\"192\" height=\"144\" \/><\/a>Comunque la tecnica &#8220;giacobina&#8221; del nostro autore \u00e8 quella di scartare la nota religiosa, comune in tutti i moti popolari di quegli anni, per ricercarne e sottolinearne gli elementi di differenziazione, sempre rintracciabili nelle insorgenze, specie quando volutamente o no si confonde l&#8217;occasione con la causa, come conseguenza del loro carattere spontaneo in un&#8217;epoca di difficili comunicazioni, quando pressoch\u00e9 ogni paese, a causa del suo relativo isolamento, conservava le proprie peculiari caratteristiche: fenomeno accentuato in Italia dalla frammentazione politica e, quindi, dalla mancanza di un centro, come in Francia Parigi, capace di dettare mode e costumi.<\/p>\n<p style=\"text-align: justify;\">Cos\u00ec a proposito delle Pasque veronesi viene sopravvalutata l&#8217;efficacia causale dell&#8217;attivit\u00e0 provocatoria dei servizi segreti dell&#8217;esercito francese, che senza dubbio si adoperarono per fornire a Napoleone il pretesto di cui andava in cerca al fine di impossessarsi, nonostante la sua proclamata neutralit\u00e0, della Repubblica di Venezia della quale intendeva servirsi come merce di scambio per compensare l&#8217;Austria della perdita della Lombardia e indurla alla pace, ma altrettanto certamente \u00e8 eccessivo affermare che senza tale intervento probabilmente non vi sarebbe stata alcuna rivolta, pur se il particolare \u00e8 in realt\u00e0 irrilevante per chi non confonde l&#8217;occasione con la causa. E che nella rivolta veronese l&#8217;attivit\u00e0 degli agenti provocatori costituisse nulla pi\u00f9 dell&#8217;occasione di una insurrezione che sarebbe potuta scoppiare in qualunque momento per qualunque altro motivo \u00e8 riconosciuto fra le righe dallo stesso Godechot, costretto dalla realt\u00e0 dei fatti ad ammettere che questa ebbe &#8220;di gran lunga una maggiore rilevanza di quanto si pensasse&#8221; (evidentemente anche gli 007 napoleonici, a somiglianza del loro tardo compatriota, non avevano capito che la collera dei veronesi, profondamente offesi nella loro fede cristiana e nel loro attaccamento alla Serenissima, sarebbe esplosa alla prima occasione, fosse questa l&#8217;ipocrita suggerimento di un agente provocatore, una menzogna fatta circolare ad arte, il divieto di una processione o la spoliazione di una chiesa).<\/p>\n<p style=\"text-align: justify;\"><strong>L&#8217;insurrezione dei &#8220;Viva Maria&#8221;<\/strong><\/p>\n<div id=\"attachment_40889\" style=\"width: 150px\" class=\"wp-caption alignleft\"><a href=\"https:\/\/www.rassegnastampa-totustuus.it\/cattolica\/wp-content\/uploads\/2015\/08\/card_Ruffo.jpg\"><img loading=\"lazy\" decoding=\"async\" aria-describedby=\"caption-attachment-40889\" class=\"wp-image-40889\" src=\"https:\/\/www.rassegnastampa-totustuus.it\/cattolica\/wp-content\/uploads\/2015\/08\/card_Ruffo.jpg\" alt=\"\" width=\"150\" height=\"200\" \/><\/a><p id=\"caption-attachment-40889\" class=\"wp-caption-text\">card. Fabrizio Ruffo<\/p><\/div>\n<p style=\"text-align: justify;\">Persuaso forse di essere riuscito a spezzettare in episodi isolati un fenomeno che ebbe invece rilievo nazionale, anzi europeo, pur nell&#8217;assenza di un unico centro direttivo, come identica reazione di un popolo a identiche (nella loro vera sostanza) sollecitazioni, Godechot si spinge ad affermare che, in fondo, si tratt\u00f2, anche in una valutazione complessiva, di un fenomeno di scarsa importanza per la sua breve estensione sia nel tempo che nello spazio. \u00abSi rilevano soltanto &#8211; scrive &#8211; quattro centri insurrezionali, per giunta limitati geograficamente: uno nella regione di Pavia, un altro nella regione di Lugo-Imola, un terzo nella zona di Verona, un quarto in Liguria. Infine, queste quattro rivolte furono represse assai facilmente. Ritroveremo suppergi\u00f9 gli stessi caratteri nelle insurrezioni che si sarebbero verificate nel 1798.\u00bb<\/p>\n<p style=\"text-align: justify;\">In realt\u00e0 le insorgenze interessarono tutti i territori toccati dall&#8217;invasione francese: la Lombardia, il Veneto, la Liguria e quella parte della Romagna che fece conoscenza con i &#8220;liberatori&#8221; gi\u00e0 nel 1796 (si rammenti che in questa occasione i Francesi non giunsero a Rimini e che anche a Lugo, e, in genere, nelle Legazioni di Ferrara e di Ravenna, la loro presenza fu, dapprima, limitata a un breve periodo) (7). Se, per esempio, l&#8217;insurrezione dei &#8220;Viva Maria&#8221; toscani si manifest\u00f2 solo nel 1799, ci\u00f2 accadde perch\u00e9 solo in quell&#8217;anno i Francesi posero fine all&#8217;esistenza del granducato, che fino a quel momento aveva, \u00e8 vero, vivacchiato in un limbo da Stato vassallo, in condizioni di solo parziale indipendenza, che tuttavia, in un&#8217;epoca nella quale non era ancora vivo il sentimento nazionale come poi lo si intese, bastava a garantire ai suoi abitanti ci\u00f2 che loro importava: il diritto di vivere secondo le loro tradizioni e costumanze e, soprattutto, di professare liberamente la propria fede con i riti cari al loro cuore, che, a differenza di quanto si \u00e8 oggi portati a credere, non avevano soltanto un valore esteriore, come quei nostri remoti antenati seppero dimostrare affrontando, per assicurarne il rispetto, ogni disagio e la morte.<\/p>\n<p style=\"text-align: justify;\"><strong>Contro il vescovo giansenista<\/strong><\/p>\n<p style=\"text-align: justify;\"><a href=\"https:\/\/www.rassegnastampa-totustuus.it\/cattolica\/wp-content\/uploads\/2016\/02\/insorgenze.jpg\"><img loading=\"lazy\" decoding=\"async\" class=\"wp-image-30086 alignright\" src=\"https:\/\/www.rassegnastampa-totustuus.it\/cattolica\/wp-content\/uploads\/2016\/02\/insorgenze.jpg\" alt=\"\" width=\"250\" height=\"173\" \/><\/a>Del resto anche prima del 1799 il popolo toscano era insorto non appena aveva avvertito l&#8217;addensarsi di nubi minacciose sulla religione cattolica. A Prato nel 1787 e a Pistoia nel 1790 vi erano stati tumulti (a Pistoia avevano preso l&#8217;aspetto di una vera e propria insurrezione) contro il vescovo giansenista Scipione de&#8217; Ricci, che, favorito dal granduca Pietro Leopoldo, aveva tentato di realizzare una Chiesa nazionale toscana, separata da Roma (forse il popolo non capiva molto di teologia, ma aveva giudicato con certezza delle intenzioni del vescovo quando questi aveva fatto abbattere un&#8217;altare nell&#8217;oratorio della soppressa Compagnia della Misericordia). Per di pi\u00f9 simili tumulti, precedenti alla grande insorgenza del 1799, non avevano mancato di coinvolgere i Francesi allorch\u00e9 costoro avevano imposto al debole Ferdinando III \u00a11 loro &#8220;temporaneo&#8221; insediamento a Livorno, occupata il 26 giugno 1796.<\/p>\n<p style=\"text-align: justify;\">Emerge, quindi, in tutte le insurrezioni il dato costante di una spontanea sollevazione popolare in coincidenza con l&#8217;occupazione francese e l&#8217;instaurazione di governi giacobini non appena se ne offre l&#8217;occasione e quando i provvedimenti antireligiosi rendono evidente l&#8217;esistenza di un programma di scristianizzazione. La trascuratezza di Godechot per questo fondamentale e veramente caratteristico elemento delle insorgenze non pu\u00f2, d&#8217;altronde, spiegarsi con la scarsa conoscenza (comunque ingiustificabile in chi si accinge a scriverne) che di quelle vicende italiane si ha in Francia (e, per il vero, a causa del voluto velo di oblio con il quale si \u00e8 tentato di nasconderle, anche in Italia), dal momento che le affermazioni pi\u00f9 singolari e pi\u00f9 remote da una realt\u00e0, almeno questa, universalmente riconosciuta si riferiscono all&#8217;unico episodio della resistenza antifrancese e antigiacobina che, per la sua importanza, si \u00e8 potuto demonizzare, ma non celare: la riconquista del Sud ad opera del\u00adl&#8217;Armata della Santa Fede condotta dal cardinale Ruffo.<\/p>\n<p style=\"text-align: justify;\"><a href=\"https:\/\/www.rassegnastampa-totustuus.it\/cattolica\/wp-content\/uploads\/2015\/08\/repubblica_partenopea.jpg\"><img loading=\"lazy\" decoding=\"async\" class=\"alignleft wp-image-40890\" src=\"https:\/\/www.rassegnastampa-totustuus.it\/cattolica\/wp-content\/uploads\/2015\/08\/repubblica_partenopea.jpg\" alt=\"\" width=\"250\" height=\"157\" \/><\/a>Si legge, difatti, nelle pagine dedicate alla nascita e all&#8217;effimera esistenza della Repubblica Partenopea, installata a seguito della conquista militare francese subito dopo l&#8217;ingresso a Napoli, il 23 gennaio 1799, delle truppe del generale Championnet: \u00abE\u2019 indubbio tuttavia che, nonostante l&#8217;assenza di provvedimenti favorevoli alle masse contadine [da parte del neonato governo repubblicano] l&#8217;adesione delle stesse alla repubblica al momento della proclamazione del nuovo regime, sia stata generale. All&#8217;inizio ci fu solo un piccolissimo numero di oppositori rimasti fedeli ai Borboni\u00bb. E ancora: \u00abPer quel che attiene al lealismo dinastico, non esisteva pi\u00f9. Ferdinando III (8) era figlio di Don Carlos, il primo dei Borboni che aveva regnato su Napoli. Nel corso dell&#8217;epoca moderna a Napoli si erano frequentemente alternate l&#8217;una all&#8217;altra le dinastie: nessuna aveva destato profondi sentimenti di simpatia nella popolazione\u00bb.<\/p>\n<p style=\"text-align: justify;\">Sembra di sognare e si stenta a credere che queste parole siano state scritte da uno storico che si picca di sapere qualcosa delle vicende italiane. Personalmente sono propenso a pensare che, in quel momento storico, i personaggi che incarnavano la dinastia dei Borboni di Napoli non meri\u00adtassero la fedelt\u00e0 delle popolazioni meridionali: Ferdinando IV era sovrano imbelle anche se i suoi atteggiamenti e i suoi modi autenticamente popolareschi gli attiravano molte simpatie: la regina Maria Carolina si era atteggiata con singolare incoscienza a protettrice dei liberi pensatori, degli illuminati e della massoneria al punto che l&#8217;abate Jerocades nel 1782 l&#8217;aveva elogiata quale patrona delle logge di Napoli con questi orribili versi:<\/p>\n<p style=\"text-align: justify;\">\u00abVenne al Tempio l&#8217;augusta regina<\/p>\n<p style=\"text-align: justify;\">e ci disse: miei figli cantate,<\/p>\n<p style=\"text-align: justify;\">ma la legge, ma il rito serbate<\/p>\n<p style=\"text-align: justify;\">ma si accresca del soglio l&#8217;onor.<\/p>\n<p style=\"text-align: justify;\">Io vi salvo dall&#8217;alta ruina<\/p>\n<p style=\"text-align: justify;\">io distruggo le frodi, gli inganni:<\/p>\n<p style=\"text-align: justify;\">io vi tolgo dal petto gli affanni<\/p>\n<p style=\"text-align: justify;\">io vi rendo la pace del cor\u00bb.<\/p>\n<p style=\"text-align: justify;\">Con simili precedenti si poteva supporre che il popolo assistesse indifferente al crollo del regime mentre l&#8217;esercito regolare napoletano si squagliava come neve al sole e la Corte si affrettava a imbarcarsi per la Sicilia, ma ci\u00f2 non avvenne e i fatti sono pi\u00f9 forti di qualunque ragionevole logica.<\/p>\n<p style=\"text-align: justify;\">A smentire Godechot basterebbe la fulminea riconquista del Regno a opera dell&#8217;Armata della Santa Fede compiuta sulle ali di un entusiasmo popolare cos\u00ec dirompente che il cardinale Ruffo, sbarcato il 7 febbraio 1799 praticamente solo a Pezzo, sulla costa calabrese, poteva pochi giorni dopo contare sopra un grosso esercito, anche se assai male armato, il cui rapido formarsi lo storico francese, non potendone ignorare consistenza e imprese, attribuisce all&#8217;incapacit\u00e0 del governo repubblicano di sfruttare l&#8217;iniziale benevolenza dei contadini e l&#8217;adesione delle masse, per quanto &#8220;non profonda&#8221;, che si sarebbero consolidate &#8220;se fossero stati rapidamente presi dei provvedimenti a favore dei contadini, al fine di migliorare la loro situazione sociale ed economi\u00adca&#8221;.<\/p>\n<p style=\"text-align: justify;\"><a href=\"https:\/\/www.rassegnastampa-totustuus.it\/cattolica\/wp-content\/uploads\/2005\/09\/insorgenze1.jpg\"><img loading=\"lazy\" decoding=\"async\" class=\"size-full wp-image-30808 alignright\" src=\"https:\/\/www.rassegnastampa-totustuus.it\/cattolica\/wp-content\/uploads\/2005\/09\/insorgenze1.jpg\" alt=\"\" width=\"256\" height=\"169\" \/><\/a>Ennesima dimostrazione dell&#8217;incapacit\u00e0 degli storici giacobini e dei loro epigoni di comprendere che le azioni umane hanno spesso cause e fini assai pi\u00f9 profondi di quelli economici e di intuire l&#8217;importanza del sentimento religioso, del quale Godechot si sbriga assai rapidamente con l&#8217;affermare che &#8220;una disamina approfondita dei problemi religiosi in Calabria dimostra che i repubblicani non avevano assolutamente messo le mani nelle questioni di carattere religioso durante i sei mesi nei quali essi erano restati al potere&#8221;, per concludere che la rivolta ebbe il carattere di &#8220;una lotta contro i ricchi per impossessarsi delle loro propriet\u00e0&#8221; (9).<\/p>\n<p style=\"text-align: justify;\">Ma anche a volere accettare le tesi del nostro autore per quanto riguarda il periodo della riconquista, rimane inesplicabile il suo silenzio sugli avvenimenti che caratterizzarono la fase della conquista francese, a cominciare dalle insorgenze abruzzesi e, soprattutto, dalla resistenza disperata opposta dai &#8220;lazzari&#8221; alle armate del generale Championnet, e che dimostrano, aldil\u00e0 di ogni ragionevole dubbio, quanto sia sbagliata la categorica affermazione sull&#8217;assenza nel Regno di Napoli di un lealismo monarchico e sulla presenza esclusivamente di &#8220;un piccolissimo gruppo di oppositori rimasti fedeli ai Borboni&#8221;.<\/p>\n<p style=\"text-align: justify;\">Evidentemente Godechot non ha mai letto nemmeno Croce, certo non sospetto di simpatie controrivoluzionarie e anzi notoriamente ammiratore degli intellettuali che costituivano il nucleo e la quasi totalit\u00e0 della Repubblica Partenopea, il quale, senza esitazione, identifica i pretesi &#8220;pochissimi&#8221; che avevano preso le armi contemporaneamente all&#8217;ingresso nel Regno delle truppe dello Championnet provenienti dallo Stato Pontificio e alla rotta dell&#8217;esercito napoletano malamente guidato dal generale Mack, con &#8220;la maggior parte della popolazione del Regno, i contadini e pastori, i quali non avevano altro barlume d&#8217;idea politica che la potenza del Re, presente in persona alla plebe della capitale e a lei caro per affinit\u00e0 di carattere e costume, splendente di lontano all&#8217;immaginazione del popolo delle provincie [&#8230;]. La monarchia napoletana, senza che se l&#8217;aspettasse, senza che l&#8217;avesse messo nei suoi calcoli, vide da ogni parte levarsi difenditrici in suo favore le plebi di campagna e di citt\u00e0, che si gettavano nella guerra animose a combattere e morire per la religione e pel re e furono denominate, allora per la prima volta, bande della Santa Fede&#8221; (10).<\/p>\n<p style=\"text-align: justify;\"><strong>Ritorno in Romagna<\/strong><\/p>\n<p style=\"text-align: justify;\">Si potrebbe continuare a lungo, perch\u00e8 la storia della controrivoluzione in Italia, anche a limitarla al periodo 1796-1804, esigerebbe ben pi\u00f9 ampi spazi (11), tuttavia quanto si \u00e8 fin qui detto appare pi\u00f9 che bastevole a dare conto della scarsa attendibilit\u00e0 del lavoro di Godechot e delle probabili ragioni ideologiche che stanno alla base della sua tanto sollecita pubblicazione in Italia a preferenza di altre opere (come quella di Leoni), forse meno accademicamente autorevoli, ma certo pi\u00f9 significative e pi\u00f9 utili a chi desideri un quadro non deformato della realt\u00e0 storica.<\/p>\n<p style=\"text-align: justify;\">Mi sia solo consentito di chiudere questo excursus storico, che ci ha portati dal nord al sud della Penisola, con un ritorno alla Romagna attraverso la citazione di un autore, in giovent\u00f9 rivoluzionario e componente della municipalit\u00e0 giacobina di Cesena e nei suoi anni maturi ministro liberal-moderato di Pio IX, in preparazione del ministero riformatore di Pellegrino Rossi, Eduardo Fabbri, il quale nelle sue memorie cos\u00ec rammenta l&#8217;insorgenza antifrancese del Cesenate e dell&#8217;Urbinate del marzo 1797 (naturalmente del tutto ignota a Godechot, come, del resto, avevano cercato di trascurarla e nasconderla gli storici dell&#8217;epoca): \u00abI Francesi, coi vocaboli di libert\u00e0 ed uguaglianza, male interpretati e peggio applicati, capovolsero ogni ordine antico. In Romagna ebbero fieramente avversi clero e plebe. Bella e onorata fu a quei giorni la sollevazione di Urbino e non s&#8217;intende perch\u00e9 il valentissimo Botta non ne abbia ai posteri tramandata la memoria\u00bb (12).<\/p>\n<p style=\"text-align: justify;\"><strong>_______________________<\/strong><\/p>\n<p style=\"text-align: justify;\"><strong>1)<\/strong> Per l&#8217;esattezza, come fenomeno politico-culturale, continua ancora oggi, come, d&#8217;altronde, la Rivoluzione.<\/p>\n<p style=\"text-align: justify;\"><strong>2)<\/strong> Si pensi, tanto per fare un nome, al filosofo Julius Evola.<\/p>\n<p style=\"text-align: justify;\"><strong>3)<\/strong> In realt\u00e0 il termine &#8220;tradizione&#8221; si pu\u00f2 prestare a equivoci e sarebbe necessario aggiungervi la specificazione &#8220;cristiana&#8221;. Non si vuole con questo intendere che la religione cristiana debba necessariamente e totalmente coincidere con il cosiddetto &#8220;tradizionalismo&#8221;, in quanto questo ha contenuti politici e sociali che non sono coessenziali al cristianesimo, ma appartengono piuttosto alla sua storica realizzazione in un periodo, il Medioevo, nel quale, secondo i tradizionalisti, si realizz\u00f2 meglio che in ogni altra epoca una societas Christiana.<\/p>\n<p style=\"text-align: justify;\"><strong>4)<\/strong> Nel suo libro Des principes et des causes de la R\u00e9volution fran\u00e7aise S\u00e9nac pone si l&#8217;illuminismo fra le cause della Rivoluzione, ma afferma trattarsi di un illuminismo (sul quale esprime giudizio positivo) male interpretato da persone impreparate a riceverlo e a capirlo.<\/p>\n<p style=\"text-align: justify;\"><strong>5)<\/strong> Occorre usare i termini con precisione. Di conseguenza non \u00e8 possibile qualificare come controrivoluzionari, nel senso che qui si intende, tutti coloro che di fatto si batterono contro la Rivoluzione e che molte volte furono mossi semplicemente da interessi personali, attaccamento ai privilegi nobiliari, fedelt\u00e0 dinastica. Se (come si potrebbe dimostrare anche se non \u00e8 questa la sede per farlo, considerato il pi\u00f9 modesto oggetto che ci si \u00e8 proposti) l&#8217;essenza della Rivoluzione fu l&#8217;anticristianesimo e il suo scopo principale quello di cancellare la Chiesa dalla faccia della terra, \u00e8 ovvio che il primo requisito che si deve richiedere a un autentico controrivoluzionario \u00e8 la fede cristiana. Per questo nel primo periodo della fase violenta della Rivoluzione &#8211; nel quale si possono includere anche l&#8217;impero e le conquiste napoleoniche &#8211; i veri controrivoluzionari furono soprattutto i contadini e gli artigiani, gli umili appartenenti alle classi popolari, insorti in armi contro un&#8217;opera di scristianizzazione della quale essi, con una sensibilit\u00e0 a volte molto maggiore dei loro pastori, av\u00advertivano tutta la pericolosit\u00e0.<\/p>\n<p style=\"text-align: justify;\"><strong>6)<\/strong> Erano. per esempio, certamente controrivoluzionari i cittadini della Repubblica di Venezia (la Serenissima, non la sua effimera parodia della Repubblica Democratica messa in piedi da Napoleone, che poi si affrett\u00f2 a distruggerla cedendola all&#8217;Austria, a conferma di quello sprezzante cinismo che lo aveva indotto a scrivere al Direttorio il 26 maggio 1797: \u00abDifficilmente Venezia pu\u00f2 sopravvivere [\u2026] Popolazione inetta, vile e del tutto inadatta alla libert\u00e0\u00bb, che a Verona eroicamente insorsero contro l&#8217;occupante francese e i suoi scarsi amici giacobini nelle cosiddette &#8220;Pasque veronesi&#8221;.<\/p>\n<p style=\"text-align: justify;\">7) L&#8217;occupazione di Ravenna ad opera delle truppe del generale divisionario Augereau si protrasse solo per nove giorni e la stessa Lugo venne abbandonata dai Francesi subito dopo il sacco. Il 30 luglio 1796 Napoleone dovette richiamare anche le truppe francesi dall&#8217;assedio di Mantova e il contingente che, al comando del colonnello Yann, presidiava Ferrara, per fronteggiare gli austriaci del maresciallo Wurmser. I Francesi rientrarono poi in Ravenna il 18 agosto di quello stesso anno, ma questa citt\u00e0 venne restituita al Papa e l&#8217;occupazione fu circoscritta &#8211; fino alla battaglia del Senio del 2 febbraio 1798, che diede ai repubblicani il dominio dell&#8217;intera Romagna &#8211; a Ferrara e alla Bassa Romagna (o Romagnola), che aveva in Lugo il suo centr\u00f2 principale. L&#8217;estendersi dell&#8217;occupazione francese e il crollo delle speranze in una vittoria delle armate pontificie, che si erano radunate a Faenza e avevano avuto l&#8217;appoggio entusiastico di numerosissimi volontari o arruolatisi nell&#8217;esercito regolare o a questo unitisi in occasione della battaglia sotto il comando dei &#8220;capimassa&#8221;, fece quasi immediatamente scattare nuove, violentissime insurrezioni che coinvolsero, a cominciare dal marzo 1797, tutta la zona montana del Cesenate, del Forlivese e dell&#8217;Urbinate (famoso l&#8217;episodio dell&#8217;incendio, ad opera delle truppe del generale Sahuguet, del paese di Tavoleto), delle quali Godechot non fa menzione nonostante avessero tale importanza, consistenza ed estensione che i Francesi, anche dopo le vittorie conquistate sul campo, dove la loro superiorit\u00e0 in armamenti e organizzazione era schiacciante, non ebbero mai, fino al 1801 e anche oltre, il controllo delle campagne, restando confinati nella cerchia delle mura cittadine, che lasciavano solo intruppati in ben armate colonne. Successivamente, nel febbraio del 1798, la conquista di Roma e l&#8217;instaurazione della Repubblica Romana determinarono l&#8217;insurrezione dell&#8217;intera Italia centrale, che venne repressa sanguinosamente, ma mai interamente domata.<\/p>\n<p style=\"text-align: justify;\"><strong>8)<\/strong> In realt\u00e0 Ferdinando IV.<\/p>\n<p style=\"text-align: justify;\"><strong>9)<\/strong> Indubbiamente nella insurrezione del Sud fu presente anche un aspetto sociale, non riscontrabile invece nelle insorgenze del Norditalia (basti ricordare il detto &#8220;E se tiene pane e vino ha da esser giacobino&#8221;), pur se in parte motivato, pi\u00f9 che da brama di possesso, dallo sdegno per l&#8217;irreligiosit\u00e0 della ricca borghesia e della nobilt\u00e0 soprattutto della capita- le.<\/p>\n<p style=\"text-align: justify;\"><strong>10)<\/strong> B. CROCE, Storia del Regno di Napoli, Bari 1972. Per il vero le stesse affermazioni di Croce non sono del tutto esatte, in quanto, se non forse quella dei &#8220;lazzari&#8221; napoletani, dei quali nulla si sa a questo proposito, la monarchia aveva messo nel calcolo la resistenza delle popolazioni abruzzesi se Ferdinando IV, l&#8217;8 dicembre 1798, quando si apprestava a riparare in Sicilia sotto la protezione della flotta inglese, aveva rivolto ai montanari d&#8217;Abruzzo un appello per spingerli a prendere le armi contro gli invasori.<\/p>\n<p style=\"text-align: justify;\"><strong>11)<\/strong> Per un quadro schematico, ma sufficientemente completo, si pu\u00f2 suggerire la lettura di F. LEONI, Storia della controrivoluzione in Italia (1789\/1859), Napoli 1975.<\/p>\n<p style=\"text-align: justify;\"><strong>12)<\/strong> E. FABBRI, Sei anni e due mesi della mia vita, a cura di N. TROVANELLI, Cesena 1915<\/p>\n<p>____________<\/p>\n<p><strong>Leggi anche:<\/strong><\/p>\n<p><a href=\"https:\/\/www.rassegnastampa-totustuus.it\/cattolica\/?p=38245\" target=\"_blank\" rel=\"noopener\">Rivoluzione, scristianizzazione, insorgenze<\/a><\/p>\n<p><a title=\"PermaLink a Opposizione popolare, insorgenza e brigantaggio nell\u2019Italia napoleonica\" href=\"https:\/\/www.rassegnastampa-totustuus.it\/cattolica\/?p=38187\" target=\"_blank\" rel=\"bookmark noopener\">Opposizione popolare, insorgenza e brigantaggio nell\u2019Italia napoleonica<\/a><\/p>\n<p><a title=\"PermaLink a L\u2019Insorgenza come categoria storico-politica\" href=\"https:\/\/www.rassegnastampa-totustuus.it\/cattolica\/?p=2365\" target=\"_blank\" rel=\"bookmark noopener\">L\u2019Insorgenza come categoria storico-politica<\/a><\/p>\n<p><a title=\"PermaLink a L\u2019Insorgenza italiana, il suo significato, la sua \u00abmodernit\u00e0\u00bb\" href=\"https:\/\/www.rassegnastampa-totustuus.it\/cattolica\/?p=1469\" target=\"_blank\" rel=\"bookmark noopener\">L\u2019Insorgenza italiana, il suo significato, la sua \u00abmodernit\u00e0\u00bb<\/a><\/p>\n<p><a title=\"PermaLink a Le insorgenze ferraresi del 1799 e del 1802-1809\" href=\"https:\/\/www.rassegnastampa-totustuus.it\/cattolica\/?p=1462\" target=\"_blank\" rel=\"bookmark noopener\">Le insorgenze ferraresi del 1799 e del 1802-1809<\/a><\/p>\n<p><a title=\"PermaLink a Quando l\u2019Italia si svegli\u00f2\" href=\"https:\/\/www.rassegnastampa-totustuus.it\/cattolica\/?p=30730\" target=\"_blank\" rel=\"bookmark noopener\">Quando l\u2019Italia si svegli\u00f2<\/a><\/p>\n<p><a href=\"https:\/\/www.rassegnastampa-totustuus.it\/cattolica\/?p=40861\" target=\"_blank\" rel=\"noopener\">L&#8217;insorgenza della Garfagnana<\/a><\/p>\n<p style=\"text-align: justify;\">.<\/p>\n","protected":false},"excerpt":{"rendered":"<p>Studi Cattolici\u00a0gennaio 1989 di Francesco Mario Agnoli Le celebrazioni &#8211; praticamente gi\u00e0 in corso anche se manca ancora qualche mese alla data fatidica &#8211; del bicentenario della Rivoluzione francese rendono inevitabile che si pensi anche al suo contrario, la controrivoluzione, e che se ne parli e discuta, sicch\u00e9 gli organizzatori del grande spettacolo rivoluzionario hanno &hellip; <\/p>\n<p><a class=\"more-link btn\" href=\"https:\/\/www.rassegnastampa-totustuus.it\/cattolica\/storia-la-controrivoluzione-in-italia\/\">Continua a leggere<\/a><\/p>\n","protected":false},"author":6,"featured_media":30030,"comment_status":"closed","ping_status":"closed","sticky":false,"template":"","format":"standard","meta":{"footnotes":""},"categories":[99,24,96],"tags":[2332,1054,2333],"class_list":["post-29425","post","type-post","status-publish","format-standard","has-post-thumbnail","hentry","category-insorgenze","category-storia","category-storia-italiana","tag-cardinale-ruffo","tag-pasque-veronesi","tag-viva-maria","item-wrap"],"yoast_head":"<!-- This site is optimized with the Yoast SEO plugin v27.5 - https:\/\/yoast.com\/product\/yoast-seo-wordpress\/ -->\n<title>Storia \/ La controrivoluzione in Italia - Rassegna Stampa Cattolica<\/title>\n<meta name=\"description\" content=\"Rassegna Stampa Cattolica - Per una cultura che nasce dalla Rivelazione cristiana in conformit\u00e0 alla tradizione e al Magistero della Chiesa in opposizione ad ogni relativismo e totalitarismo\" \/>\n<meta name=\"robots\" content=\"index, follow, max-snippet:-1, max-image-preview:large, max-video-preview:-1\" \/>\n<link rel=\"canonical\" href=\"https:\/\/www.rassegnastampa-totustuus.it\/cattolica\/storia-la-controrivoluzione-in-italia\/\" \/>\n<meta property=\"og:locale\" content=\"it_IT\" \/>\n<meta property=\"og:type\" content=\"article\" \/>\n<meta property=\"og:title\" content=\"Storia \/ La controrivoluzione in Italia - Rassegna Stampa Cattolica\" \/>\n<meta property=\"og:description\" content=\"Rassegna Stampa Cattolica - Per una cultura che nasce dalla Rivelazione cristiana in conformit\u00e0 alla tradizione e al Magistero della Chiesa in opposizione ad ogni relativismo e totalitarismo\" \/>\n<meta property=\"og:url\" content=\"https:\/\/www.rassegnastampa-totustuus.it\/cattolica\/storia-la-controrivoluzione-in-italia\/\" \/>\n<meta property=\"og:site_name\" content=\"Rassegna Stampa Cattolica\" \/>\n<meta property=\"article:publisher\" content=\"https:\/\/www.facebook.com\/rassegnastampacattolica\" \/>\n<meta property=\"article:published_time\" content=\"2015-08-18T22:00:55+00:00\" \/>\n<meta property=\"article:modified_time\" content=\"2018-08-21T11:59:23+00:00\" \/>\n<meta property=\"og:image\" content=\"https:\/\/www.rassegnastampa-totustuus.it\/cattolica\/wp-content\/uploads\/2015\/08\/esercito_santa_fede.jpg\" \/>\n\t<meta property=\"og:image:width\" content=\"240\" \/>\n\t<meta property=\"og:image:height\" content=\"175\" \/>\n\t<meta property=\"og:image:type\" content=\"image\/jpeg\" \/>\n<meta name=\"author\" content=\"Redazione\" \/>\n<meta name=\"twitter:card\" content=\"summary_large_image\" \/>\n<meta name=\"twitter:creator\" content=\"@rassegnastampa9\" \/>\n<meta name=\"twitter:site\" content=\"@rassegnastampa9\" \/>\n<meta name=\"twitter:label1\" content=\"Scritto da\" \/>\n\t<meta name=\"twitter:data1\" content=\"Redazione\" \/>\n\t<meta name=\"twitter:label2\" content=\"Tempo di lettura stimato\" \/>\n\t<meta name=\"twitter:data2\" content=\"21 minuti\" \/>\n<script type=\"application\/ld+json\" class=\"yoast-schema-graph\">{\"@context\":\"https:\\\/\\\/schema.org\",\"@graph\":[{\"@type\":\"Article\",\"@id\":\"https:\\\/\\\/www.rassegnastampa-totustuus.it\\\/cattolica\\\/storia-la-controrivoluzione-in-italia\\\/#article\",\"isPartOf\":{\"@id\":\"https:\\\/\\\/www.rassegnastampa-totustuus.it\\\/cattolica\\\/storia-la-controrivoluzione-in-italia\\\/\"},\"author\":{\"name\":\"Redazione\",\"@id\":\"https:\\\/\\\/www.rassegnastampa-totustuus.it\\\/cattolica\\\/#\\\/schema\\\/person\\\/08f319d2bd1a0904ad9e2bfb7b15e5c3\"},\"headline\":\"Storia \\\/ La controrivoluzione in Italia\",\"datePublished\":\"2015-08-18T22:00:55+00:00\",\"dateModified\":\"2018-08-21T11:59:23+00:00\",\"mainEntityOfPage\":{\"@id\":\"https:\\\/\\\/www.rassegnastampa-totustuus.it\\\/cattolica\\\/storia-la-controrivoluzione-in-italia\\\/\"},\"wordCount\":4346,\"publisher\":{\"@id\":\"https:\\\/\\\/www.rassegnastampa-totustuus.it\\\/cattolica\\\/#organization\"},\"image\":{\"@id\":\"https:\\\/\\\/www.rassegnastampa-totustuus.it\\\/cattolica\\\/storia-la-controrivoluzione-in-italia\\\/#primaryimage\"},\"thumbnailUrl\":\"https:\\\/\\\/www.rassegnastampa-totustuus.it\\\/cattolica\\\/wp-content\\\/uploads\\\/2015\\\/08\\\/esercito_santa_fede.jpg\",\"keywords\":[\"cardinale Ruffo\",\"Pasque veronesi\",\"Viva Maria\"],\"articleSection\":[\"Insorgenze\",\"Storia\",\"Storia italiana\"],\"inLanguage\":\"it-IT\"},{\"@type\":\"WebPage\",\"@id\":\"https:\\\/\\\/www.rassegnastampa-totustuus.it\\\/cattolica\\\/storia-la-controrivoluzione-in-italia\\\/\",\"url\":\"https:\\\/\\\/www.rassegnastampa-totustuus.it\\\/cattolica\\\/storia-la-controrivoluzione-in-italia\\\/\",\"name\":\"Storia \\\/ La controrivoluzione in Italia - Rassegna Stampa Cattolica\",\"isPartOf\":{\"@id\":\"https:\\\/\\\/www.rassegnastampa-totustuus.it\\\/cattolica\\\/#website\"},\"primaryImageOfPage\":{\"@id\":\"https:\\\/\\\/www.rassegnastampa-totustuus.it\\\/cattolica\\\/storia-la-controrivoluzione-in-italia\\\/#primaryimage\"},\"image\":{\"@id\":\"https:\\\/\\\/www.rassegnastampa-totustuus.it\\\/cattolica\\\/storia-la-controrivoluzione-in-italia\\\/#primaryimage\"},\"thumbnailUrl\":\"https:\\\/\\\/www.rassegnastampa-totustuus.it\\\/cattolica\\\/wp-content\\\/uploads\\\/2015\\\/08\\\/esercito_santa_fede.jpg\",\"datePublished\":\"2015-08-18T22:00:55+00:00\",\"dateModified\":\"2018-08-21T11:59:23+00:00\",\"description\":\"Rassegna Stampa Cattolica - Per una cultura che nasce dalla Rivelazione cristiana in conformit\u00e0 alla tradizione e al Magistero della Chiesa in opposizione ad ogni relativismo e totalitarismo\",\"breadcrumb\":{\"@id\":\"https:\\\/\\\/www.rassegnastampa-totustuus.it\\\/cattolica\\\/storia-la-controrivoluzione-in-italia\\\/#breadcrumb\"},\"inLanguage\":\"it-IT\",\"potentialAction\":[{\"@type\":\"ReadAction\",\"target\":[\"https:\\\/\\\/www.rassegnastampa-totustuus.it\\\/cattolica\\\/storia-la-controrivoluzione-in-italia\\\/\"]}]},{\"@type\":\"ImageObject\",\"inLanguage\":\"it-IT\",\"@id\":\"https:\\\/\\\/www.rassegnastampa-totustuus.it\\\/cattolica\\\/storia-la-controrivoluzione-in-italia\\\/#primaryimage\",\"url\":\"https:\\\/\\\/www.rassegnastampa-totustuus.it\\\/cattolica\\\/wp-content\\\/uploads\\\/2015\\\/08\\\/esercito_santa_fede.jpg\",\"contentUrl\":\"https:\\\/\\\/www.rassegnastampa-totustuus.it\\\/cattolica\\\/wp-content\\\/uploads\\\/2015\\\/08\\\/esercito_santa_fede.jpg\",\"width\":240,\"height\":175},{\"@type\":\"BreadcrumbList\",\"@id\":\"https:\\\/\\\/www.rassegnastampa-totustuus.it\\\/cattolica\\\/storia-la-controrivoluzione-in-italia\\\/#breadcrumb\",\"itemListElement\":[{\"@type\":\"ListItem\",\"position\":1,\"name\":\"Home\",\"item\":\"https:\\\/\\\/www.rassegnastampa-totustuus.it\\\/cattolica\\\/\"},{\"@type\":\"ListItem\",\"position\":2,\"name\":\"Storia \\\/ La controrivoluzione in Italia\"}]},{\"@type\":\"WebSite\",\"@id\":\"https:\\\/\\\/www.rassegnastampa-totustuus.it\\\/cattolica\\\/#website\",\"url\":\"https:\\\/\\\/www.rassegnastampa-totustuus.it\\\/cattolica\\\/\",\"name\":\"Rassegna Stampa Cattolica\",\"description\":\"Per una cultura che nasce dalla Rivelazione cristiana in conformit\u00e0 alla tradizione e al Magistero della Chiesa in opposizione ad ogni relativismo e totalitarismo\",\"publisher\":{\"@id\":\"https:\\\/\\\/www.rassegnastampa-totustuus.it\\\/cattolica\\\/#organization\"},\"alternateName\":\"Rass. Cattolica\",\"potentialAction\":[{\"@type\":\"SearchAction\",\"target\":{\"@type\":\"EntryPoint\",\"urlTemplate\":\"https:\\\/\\\/www.rassegnastampa-totustuus.it\\\/cattolica\\\/?s={search_term_string}\"},\"query-input\":{\"@type\":\"PropertyValueSpecification\",\"valueRequired\":true,\"valueName\":\"search_term_string\"}}],\"inLanguage\":\"it-IT\"},{\"@type\":\"Organization\",\"@id\":\"https:\\\/\\\/www.rassegnastampa-totustuus.it\\\/cattolica\\\/#organization\",\"name\":\"Rassegna Stampa Cattolica\",\"url\":\"https:\\\/\\\/www.rassegnastampa-totustuus.it\\\/cattolica\\\/\",\"logo\":{\"@type\":\"ImageObject\",\"inLanguage\":\"it-IT\",\"@id\":\"https:\\\/\\\/www.rassegnastampa-totustuus.it\\\/cattolica\\\/#\\\/schema\\\/logo\\\/image\\\/\",\"url\":\"https:\\\/\\\/www.rassegnastampa-totustuus.it\\\/cattolica\\\/wp-content\\\/uploads\\\/2014\\\/04\\\/logo-rassegna1.gif\",\"contentUrl\":\"https:\\\/\\\/www.rassegnastampa-totustuus.it\\\/cattolica\\\/wp-content\\\/uploads\\\/2014\\\/04\\\/logo-rassegna1.gif\",\"width\":600,\"height\":163,\"caption\":\"Rassegna Stampa Cattolica\"},\"image\":{\"@id\":\"https:\\\/\\\/www.rassegnastampa-totustuus.it\\\/cattolica\\\/#\\\/schema\\\/logo\\\/image\\\/\"},\"sameAs\":[\"https:\\\/\\\/www.facebook.com\\\/rassegnastampacattolica\",\"https:\\\/\\\/x.com\\\/rassegnastampa9\"]},{\"@type\":\"Person\",\"@id\":\"https:\\\/\\\/www.rassegnastampa-totustuus.it\\\/cattolica\\\/#\\\/schema\\\/person\\\/08f319d2bd1a0904ad9e2bfb7b15e5c3\",\"name\":\"Redazione\",\"image\":{\"@type\":\"ImageObject\",\"inLanguage\":\"it-IT\",\"@id\":\"https:\\\/\\\/secure.gravatar.com\\\/avatar\\\/2fcdf27c78ea025fbdb44e914cc63c72249ffec9dc8aafd5c82b26240ef3f346?s=96&d=mm&r=g\",\"url\":\"https:\\\/\\\/secure.gravatar.com\\\/avatar\\\/2fcdf27c78ea025fbdb44e914cc63c72249ffec9dc8aafd5c82b26240ef3f346?s=96&d=mm&r=g\",\"contentUrl\":\"https:\\\/\\\/secure.gravatar.com\\\/avatar\\\/2fcdf27c78ea025fbdb44e914cc63c72249ffec9dc8aafd5c82b26240ef3f346?s=96&d=mm&r=g\",\"caption\":\"Redazione\"},\"url\":\"https:\\\/\\\/www.rassegnastampa-totustuus.it\\\/cattolica\\\/author\\\/pietroelle\\\/\"}]}<\/script>\n<!-- \/ Yoast SEO plugin. -->","yoast_head_json":{"title":"Storia \/ La controrivoluzione in Italia - Rassegna Stampa Cattolica","description":"Rassegna Stampa Cattolica - Per una cultura che nasce dalla Rivelazione cristiana in conformit\u00e0 alla tradizione e al Magistero della Chiesa in opposizione ad ogni relativismo e totalitarismo","robots":{"index":"index","follow":"follow","max-snippet":"max-snippet:-1","max-image-preview":"max-image-preview:large","max-video-preview":"max-video-preview:-1"},"canonical":"https:\/\/www.rassegnastampa-totustuus.it\/cattolica\/storia-la-controrivoluzione-in-italia\/","og_locale":"it_IT","og_type":"article","og_title":"Storia \/ La controrivoluzione in Italia - Rassegna Stampa Cattolica","og_description":"Rassegna Stampa Cattolica - Per una cultura che nasce dalla Rivelazione cristiana in conformit\u00e0 alla tradizione e al Magistero della Chiesa in opposizione ad ogni relativismo e totalitarismo","og_url":"https:\/\/www.rassegnastampa-totustuus.it\/cattolica\/storia-la-controrivoluzione-in-italia\/","og_site_name":"Rassegna Stampa Cattolica","article_publisher":"https:\/\/www.facebook.com\/rassegnastampacattolica","article_published_time":"2015-08-18T22:00:55+00:00","article_modified_time":"2018-08-21T11:59:23+00:00","og_image":[{"width":240,"height":175,"url":"https:\/\/www.rassegnastampa-totustuus.it\/cattolica\/wp-content\/uploads\/2015\/08\/esercito_santa_fede.jpg","type":"image\/jpeg"}],"author":"Redazione","twitter_card":"summary_large_image","twitter_creator":"@rassegnastampa9","twitter_site":"@rassegnastampa9","twitter_misc":{"Scritto da":"Redazione","Tempo di lettura stimato":"21 minuti"},"schema":{"@context":"https:\/\/schema.org","@graph":[{"@type":"Article","@id":"https:\/\/www.rassegnastampa-totustuus.it\/cattolica\/storia-la-controrivoluzione-in-italia\/#article","isPartOf":{"@id":"https:\/\/www.rassegnastampa-totustuus.it\/cattolica\/storia-la-controrivoluzione-in-italia\/"},"author":{"name":"Redazione","@id":"https:\/\/www.rassegnastampa-totustuus.it\/cattolica\/#\/schema\/person\/08f319d2bd1a0904ad9e2bfb7b15e5c3"},"headline":"Storia \/ La controrivoluzione in Italia","datePublished":"2015-08-18T22:00:55+00:00","dateModified":"2018-08-21T11:59:23+00:00","mainEntityOfPage":{"@id":"https:\/\/www.rassegnastampa-totustuus.it\/cattolica\/storia-la-controrivoluzione-in-italia\/"},"wordCount":4346,"publisher":{"@id":"https:\/\/www.rassegnastampa-totustuus.it\/cattolica\/#organization"},"image":{"@id":"https:\/\/www.rassegnastampa-totustuus.it\/cattolica\/storia-la-controrivoluzione-in-italia\/#primaryimage"},"thumbnailUrl":"https:\/\/www.rassegnastampa-totustuus.it\/cattolica\/wp-content\/uploads\/2015\/08\/esercito_santa_fede.jpg","keywords":["cardinale Ruffo","Pasque veronesi","Viva Maria"],"articleSection":["Insorgenze","Storia","Storia italiana"],"inLanguage":"it-IT"},{"@type":"WebPage","@id":"https:\/\/www.rassegnastampa-totustuus.it\/cattolica\/storia-la-controrivoluzione-in-italia\/","url":"https:\/\/www.rassegnastampa-totustuus.it\/cattolica\/storia-la-controrivoluzione-in-italia\/","name":"Storia \/ La controrivoluzione in Italia - Rassegna Stampa Cattolica","isPartOf":{"@id":"https:\/\/www.rassegnastampa-totustuus.it\/cattolica\/#website"},"primaryImageOfPage":{"@id":"https:\/\/www.rassegnastampa-totustuus.it\/cattolica\/storia-la-controrivoluzione-in-italia\/#primaryimage"},"image":{"@id":"https:\/\/www.rassegnastampa-totustuus.it\/cattolica\/storia-la-controrivoluzione-in-italia\/#primaryimage"},"thumbnailUrl":"https:\/\/www.rassegnastampa-totustuus.it\/cattolica\/wp-content\/uploads\/2015\/08\/esercito_santa_fede.jpg","datePublished":"2015-08-18T22:00:55+00:00","dateModified":"2018-08-21T11:59:23+00:00","description":"Rassegna Stampa Cattolica - Per una cultura che nasce dalla Rivelazione cristiana in conformit\u00e0 alla tradizione e al Magistero della Chiesa in opposizione ad ogni relativismo e totalitarismo","breadcrumb":{"@id":"https:\/\/www.rassegnastampa-totustuus.it\/cattolica\/storia-la-controrivoluzione-in-italia\/#breadcrumb"},"inLanguage":"it-IT","potentialAction":[{"@type":"ReadAction","target":["https:\/\/www.rassegnastampa-totustuus.it\/cattolica\/storia-la-controrivoluzione-in-italia\/"]}]},{"@type":"ImageObject","inLanguage":"it-IT","@id":"https:\/\/www.rassegnastampa-totustuus.it\/cattolica\/storia-la-controrivoluzione-in-italia\/#primaryimage","url":"https:\/\/www.rassegnastampa-totustuus.it\/cattolica\/wp-content\/uploads\/2015\/08\/esercito_santa_fede.jpg","contentUrl":"https:\/\/www.rassegnastampa-totustuus.it\/cattolica\/wp-content\/uploads\/2015\/08\/esercito_santa_fede.jpg","width":240,"height":175},{"@type":"BreadcrumbList","@id":"https:\/\/www.rassegnastampa-totustuus.it\/cattolica\/storia-la-controrivoluzione-in-italia\/#breadcrumb","itemListElement":[{"@type":"ListItem","position":1,"name":"Home","item":"https:\/\/www.rassegnastampa-totustuus.it\/cattolica\/"},{"@type":"ListItem","position":2,"name":"Storia \/ La controrivoluzione in Italia"}]},{"@type":"WebSite","@id":"https:\/\/www.rassegnastampa-totustuus.it\/cattolica\/#website","url":"https:\/\/www.rassegnastampa-totustuus.it\/cattolica\/","name":"Rassegna Stampa Cattolica","description":"Per una cultura che nasce dalla Rivelazione cristiana in conformit\u00e0 alla tradizione e al Magistero della Chiesa in opposizione ad ogni relativismo e totalitarismo","publisher":{"@id":"https:\/\/www.rassegnastampa-totustuus.it\/cattolica\/#organization"},"alternateName":"Rass. Cattolica","potentialAction":[{"@type":"SearchAction","target":{"@type":"EntryPoint","urlTemplate":"https:\/\/www.rassegnastampa-totustuus.it\/cattolica\/?s={search_term_string}"},"query-input":{"@type":"PropertyValueSpecification","valueRequired":true,"valueName":"search_term_string"}}],"inLanguage":"it-IT"},{"@type":"Organization","@id":"https:\/\/www.rassegnastampa-totustuus.it\/cattolica\/#organization","name":"Rassegna Stampa Cattolica","url":"https:\/\/www.rassegnastampa-totustuus.it\/cattolica\/","logo":{"@type":"ImageObject","inLanguage":"it-IT","@id":"https:\/\/www.rassegnastampa-totustuus.it\/cattolica\/#\/schema\/logo\/image\/","url":"https:\/\/www.rassegnastampa-totustuus.it\/cattolica\/wp-content\/uploads\/2014\/04\/logo-rassegna1.gif","contentUrl":"https:\/\/www.rassegnastampa-totustuus.it\/cattolica\/wp-content\/uploads\/2014\/04\/logo-rassegna1.gif","width":600,"height":163,"caption":"Rassegna Stampa Cattolica"},"image":{"@id":"https:\/\/www.rassegnastampa-totustuus.it\/cattolica\/#\/schema\/logo\/image\/"},"sameAs":["https:\/\/www.facebook.com\/rassegnastampacattolica","https:\/\/x.com\/rassegnastampa9"]},{"@type":"Person","@id":"https:\/\/www.rassegnastampa-totustuus.it\/cattolica\/#\/schema\/person\/08f319d2bd1a0904ad9e2bfb7b15e5c3","name":"Redazione","image":{"@type":"ImageObject","inLanguage":"it-IT","@id":"https:\/\/secure.gravatar.com\/avatar\/2fcdf27c78ea025fbdb44e914cc63c72249ffec9dc8aafd5c82b26240ef3f346?s=96&d=mm&r=g","url":"https:\/\/secure.gravatar.com\/avatar\/2fcdf27c78ea025fbdb44e914cc63c72249ffec9dc8aafd5c82b26240ef3f346?s=96&d=mm&r=g","contentUrl":"https:\/\/secure.gravatar.com\/avatar\/2fcdf27c78ea025fbdb44e914cc63c72249ffec9dc8aafd5c82b26240ef3f346?s=96&d=mm&r=g","caption":"Redazione"},"url":"https:\/\/www.rassegnastampa-totustuus.it\/cattolica\/author\/pietroelle\/"}]}},"_links":{"self":[{"href":"https:\/\/www.rassegnastampa-totustuus.it\/cattolica\/wp-json\/wp\/v2\/posts\/29425","targetHints":{"allow":["GET"]}}],"collection":[{"href":"https:\/\/www.rassegnastampa-totustuus.it\/cattolica\/wp-json\/wp\/v2\/posts"}],"about":[{"href":"https:\/\/www.rassegnastampa-totustuus.it\/cattolica\/wp-json\/wp\/v2\/types\/post"}],"author":[{"embeddable":true,"href":"https:\/\/www.rassegnastampa-totustuus.it\/cattolica\/wp-json\/wp\/v2\/users\/6"}],"replies":[{"embeddable":true,"href":"https:\/\/www.rassegnastampa-totustuus.it\/cattolica\/wp-json\/wp\/v2\/comments?post=29425"}],"version-history":[{"count":4,"href":"https:\/\/www.rassegnastampa-totustuus.it\/cattolica\/wp-json\/wp\/v2\/posts\/29425\/revisions"}],"predecessor-version":[{"id":40891,"href":"https:\/\/www.rassegnastampa-totustuus.it\/cattolica\/wp-json\/wp\/v2\/posts\/29425\/revisions\/40891"}],"wp:featuredmedia":[{"embeddable":true,"href":"https:\/\/www.rassegnastampa-totustuus.it\/cattolica\/wp-json\/wp\/v2\/media\/30030"}],"wp:attachment":[{"href":"https:\/\/www.rassegnastampa-totustuus.it\/cattolica\/wp-json\/wp\/v2\/media?parent=29425"}],"wp:term":[{"taxonomy":"category","embeddable":true,"href":"https:\/\/www.rassegnastampa-totustuus.it\/cattolica\/wp-json\/wp\/v2\/categories?post=29425"},{"taxonomy":"post_tag","embeddable":true,"href":"https:\/\/www.rassegnastampa-totustuus.it\/cattolica\/wp-json\/wp\/v2\/tags?post=29425"}],"curies":[{"name":"wp","href":"https:\/\/api.w.org\/{rel}","templated":true}]}}