{"id":2942,"date":"2009-03-25T12:29:15","date_gmt":"2009-03-25T11:29:15","guid":{"rendered":""},"modified":"2015-02-14T16:28:29","modified_gmt":"2015-02-14T15:28:29","slug":"la-menzogna-italiana-sulla-sanit-usa","status":"publish","type":"post","link":"https:\/\/www.rassegnastampa-totustuus.it\/cattolica\/la-menzogna-italiana-sulla-sanit-usa\/","title":{"rendered":"La menzogna italiana sulla sanit&agrave; Usa"},"content":{"rendered":"<div style=\"text-align: center;\"><strong>Il Giornale,<\/strong> 3 settembre 2007<\/div>\n<p style=\"text-align: justify;\"><em>&#8220;Sicko&#8221; del regista\u00a0 Michael Moore &#8220;denuncia&#8221; la sanit\u00e0 americana e il ministro Livia Turco non perde l&#8217;occasione per criticare la pagliuzza altrui dimenticamdo la trave che opprime il sistema sanitario nazionale<br \/>\n<\/em><\/p>\n<p style=\"text-align: center;\">di <strong>Maria Giovanna Maglie<\/strong><\/p>\n<p><!--more--><\/p>\n<div style=\"text-align: justify;\">La verit\u00e0 \u00e8 che ancora non mi capacito, non solo che al ministro Livia Turco sia caduta cos\u00ec completamente e malamente la maschera, ma anche che nessuno abbia ritenuto di far diventare il suo comportamento e le sue dichiarazioni uno scandalo.<\/div>\n<p style=\"text-align: justify;\">Pesco dai resoconti di agenzie e giornali. \u00abConsiglio di vedere \u201cSicko\u201d per tre ragioni. Primo: parla della salute, della malattia e della morte, che la nostra societ\u00e0 spesso dimentica. Secondo: in modo preciso e rigoroso, racconta cos&#8217;\u00e8 un sistema sanitario governato dalle assicurazioni. Terzo: fa vedere agli italiani che tesoro \u00e8, malgrado i tanti problemi che anch&#8217;io affronto ogni giorno, il nostro sistema sanitario\u00bb.<\/p>\n<p style=\"text-align: justify;\">Cos\u00ec il ministro della Salute Livia Turco commenta l&#8217;ultima fatica del regista di \u00abBowling for Columbine\u00bb e \u00abFahrenheit 9\/11\u00bb, che giudica \u00abun film importante\u00bb. Il ministro, che ha visto \u00abSicko\u00bb in anteprima, ha voluto essere presente, a Roma, alla conferenza stampa del regista statunitense.<\/p>\n<p style=\"text-align: justify;\">Per la Turco, il film, che \u00able \u00e8 piaciuto tanto e che consiglia agli italiani\u00bb, ha tre grandi meriti: \u00abInnanzitutto affronta un tema come quello della salute e del sistema sanitario che ci fa ricordare come anche in una societ\u00e0 futile o ricca ci siano malattie e fragilit\u00e0 che possono colpire tutti, anche ricchi, potenti o belli. E in questi casi tutti, poveri o ricchi, hanno bisogno di qualcuno che li curi\u00bb.<\/p>\n<p style=\"text-align: justify;\">Secondo merito del film, sottolinea la Turco, \u00e8 di evidenziare \u00abcome le assicurazioni abbiano come unico obiettivo il profitto, che esclude chi non pu\u00f2 pagare, ma anche seleziona la presa in carico di alcune patologie solo se non sono troppo costose. Molti cittadini non conoscono neanche come funziona un sistema basato sulle assicurazioni sanitarie. In questo film viene spiattellato brutalmente il fatto che senza soldi si pu\u00f2 morire\u00bb. Il terzo punto importante, per il ministro, \u00e8 la riflessione che gli italiani potranno fare dopo aver visto \u00abSicko\u00bb. \u00abSpero &#8211; afferma &#8211; che si rendano conto del tesoro che hanno, il nostro Ssn\u00bb.<\/p>\n<p style=\"text-align: justify;\">E per questo al ministro Turco piacerebbe che fosse fatto un film sulla sanit\u00e0 italiana che invita \u00abun regista, possibilmente italiano, che abbia curiosit\u00e0, passione civile e senso civico, a girare una pellicola per parlare della nostra sanit\u00e0 e del nostro Sistema\u00bb.<\/p>\n<p style=\"text-align: justify;\">Con un film forse si riuscirebbe, secondo la Turco, a mostrare agli italiani la dedizione e la capacit\u00e0 di tanti professionisti, oltre alle tante eccellenze che il nostro Paese pu\u00f2 vantare. \u00abBasta con la retorica sulla malasanit\u00e0 &#8211; ammonisce il ministro &#8211; che ha provocato gravi danni, difficili da recuperare\u00bb. L&#8217;articolo a questo punto potrebbe terminare.<\/p>\n<p style=\"text-align: justify;\">Livia Turco potrebbe andare a fare il ministro di Fidel Castro, oppure arringare le plebi contro il profitto e l&#8217;imperialismo yankee. Decidete voi che giudizio si possa esprimere su un pubblico rappresentante di una nazione della Nato che si accoppia con uno dei pi\u00f9 sgradevoli e insignificanti nemici degli Stati Uniti.<\/p>\n<p style=\"text-align: justify;\">Da spettatrice pu\u00f2 dire quel che le pare, da ministro andrebbe rimossa. Resta che in Italia \u00abblame America first\u00bb, prenditela sempre e comunque con l&#8217;America, funziona tanto bene che la seguono, consapevoli o no, praticamente tutti, magari nascondendosi dietro la qualit\u00e0 del cineasta.<\/p>\n<p style=\"text-align: justify;\">Peccato che Moore faccia documentari, e se ricordo bene dovrebbe contare anche il rigore e l&#8217;aderenza ai fatti! Perci\u00f2, nella convinzione che non servir\u00e0 a niente, vorrei spendere due parole su come veramente funzioni l&#8217;assistenza sanitaria negli Stati Uniti.<\/p>\n<p style=\"text-align: justify;\">Negli Stati Uniti, gli ospedali pubblici forniscono gratuitamente le cure necessarie a chi non \u00e8 assicurato o non ha i mezzi per pagarsele, e dal 1986, presidente Ronald Reagan, con l&#8217;Emergency medical treatment and active labor act, anche le cliniche private devono fornire gratuitamente tutte le cure di emergenza di cui dispongono a chiunque si presenti, fino al momento in cui pu\u00f2 essere trasferito in sicurezza alle strutture pubbliche.<\/p>\n<p style=\"text-align: justify;\">Questo vale anche per gli immigrati clandestini, che non pagano tasse e costano cifre folli, tanto che la Hospital association calcola che la spesa per mancati pagamenti e assistenza gratuita sia di alcuni miliardi di dollari. Solo nei quattro Stati che confinano con il Messico, le cure mediche gratuite sono oltre i 200 milioni di dollari l&#8217;anno. Molte donne arrivano da oltre confine, pronte a partorire, al costo medio di 5mila dollari a bambino. Chiunque nasca negli Stati Uniti, a differenza che da noi, \u00e8 cittadino americano.<\/p>\n<p style=\"text-align: justify;\">La differenza dunque sta solo nel fatto che lo Stato assiste chi non ha i mezzi per curarsi, o non pu\u00f2 pagarsi una copertura assicurativa. Basta un impiego qualunque fisso per farsi pagare l&#8217;assicurazione dal datore di lavoro, i pi\u00f9 abbienti se la scelgono da soli, delle migliori, e la detraggono dalle tasse. I poveri, infine, hanno un programma gratuito che si chiama \u00abMedicaid\u00bb.<\/p>\n<p style=\"text-align: justify;\">Alla fine della storia rimangono 44 milioni di cittadini, il quindici per cento pi\u00f9 o meno, che non hanno copertura assicurativa. Sono i clandestini, 15 milioni almeno, sono una frangia di irregolari che avrebbero diritto al Medicaid, ma non si iscrivono. Infine, c&#8217;\u00e8 una categoria di giovani professionisti, che guadagna tra i 50mila e i 75mila dollari l&#8217;anno, ma che non ne vuole sapere di preoccuparsi del futuro, e non stipula assicurazioni anche se potrebbe. Almeno per ora.<\/p>\n<p style=\"text-align: justify;\">Potrei parlarvi delle code, spaventose in Europa, e inesistenti negli States; dei feti scambiati, delle gambe sane operate, dei tanti episodi di incuria, fretta, scarsa igiene, che qua sono molto frequenti, laggi\u00f9 pressoch\u00e9 inesistenti; potrei parlare della ricerca scientifica, iniziata quando John Kennedy disse: \u00abLa lotta al cancro deve essere al primo posto, come l&#8217;avventura nello spazio\u00bb; potrei raccontare dei bambini italiani salvati in posti benedetti come lo Sloan Kettering Center di Manhattan, le loro madri ospitate per mesi nelle residenze, senza nemmeno un dollaro di garanzia, solo la stretta di mano e la promessa che a casa si stavano raccogliendo soldi.<\/p>\n<p style=\"text-align: justify;\">Ma non vorrei scuotere le certezze cos\u00ec dolorosamente acquisite degli italiani. Meglio andare a vedere \u00abSicko\u00bb, meglio credere a quell&#8217;imbroglione di Michael Moore.<\/p>\n","protected":false},"excerpt":{"rendered":"<p>Il Giornale, 3 settembre 2007 &#8220;Sicko&#8221; del regista\u00a0 Michael Moore &#8220;denuncia&#8221; la sanit\u00e0 americana e il ministro Livia Turco non perde l&#8217;occasione per criticare la pagliuzza altrui dimenticamdo la trave che opprime il sistema sanitario nazionale di Maria Giovanna Maglie<\/p><p><a class=\"more-link btn\" href=\"https:\/\/www.rassegnastampa-totustuus.it\/cattolica\/la-menzogna-italiana-sulla-sanit-usa\/\">Continua a leggere<\/a><\/p>\n","protected":false},"author":6,"featured_media":35919,"comment_status":"closed","ping_status":"open","sticky":false,"template":"","format":"standard","meta":{"footnotes":""},"categories":[108,76],"tags":[1591],"class_list":["post-2942","post","type-post","status-publish","format-standard","has-post-thumbnail","hentry","category-paesi-e-continenti","category-stati-uniti","tag-sanita-usa","item-wrap"],"yoast_head":"<!-- This site is optimized with the Yoast SEO plugin v27.5 - https:\/\/yoast.com\/product\/yoast-seo-wordpress\/ -->\n<title>La menzogna italiana sulla sanit&agrave; Usa - Rassegna Stampa Cattolica<\/title>\n<meta name=\"description\" content=\"Rassegna Stampa Cattolica - Per una cultura che nasce dalla Rivelazione cristiana in conformit\u00e0 alla tradizione e al Magistero della Chiesa in opposizione ad ogni relativismo e totalitarismo\" \/>\n<meta name=\"robots\" content=\"index, follow, max-snippet:-1, max-image-preview:large, max-video-preview:-1\" \/>\n<link rel=\"canonical\" href=\"https:\/\/www.rassegnastampa-totustuus.it\/cattolica\/la-menzogna-italiana-sulla-sanit-usa\/\" \/>\n<meta property=\"og:locale\" content=\"it_IT\" \/>\n<meta property=\"og:type\" content=\"article\" \/>\n<meta property=\"og:title\" content=\"La menzogna italiana sulla sanit&agrave; Usa - Rassegna Stampa Cattolica\" \/>\n<meta property=\"og:description\" content=\"Rassegna Stampa Cattolica - Per una cultura che nasce dalla Rivelazione cristiana in conformit\u00e0 alla tradizione e al Magistero della Chiesa in opposizione ad ogni relativismo e totalitarismo\" \/>\n<meta property=\"og:url\" content=\"https:\/\/www.rassegnastampa-totustuus.it\/cattolica\/la-menzogna-italiana-sulla-sanit-usa\/\" \/>\n<meta property=\"og:site_name\" content=\"Rassegna Stampa Cattolica\" \/>\n<meta property=\"article:publisher\" content=\"https:\/\/www.facebook.com\/rassegnastampacattolica\" \/>\n<meta property=\"article:published_time\" content=\"2009-03-25T11:29:15+00:00\" \/>\n<meta property=\"article:modified_time\" content=\"2015-02-14T15:28:29+00:00\" \/>\n<meta property=\"og:image\" content=\"https:\/\/www.rassegnastampa-totustuus.it\/cattolica\/wp-content\/uploads\/2009\/03\/sanit\u00e0_Usa.jpg\" \/>\n\t<meta property=\"og:image:width\" content=\"244\" \/>\n\t<meta property=\"og:image:height\" content=\"160\" \/>\n\t<meta property=\"og:image:type\" content=\"image\/jpeg\" \/>\n<meta name=\"author\" content=\"Redazione\" \/>\n<meta name=\"twitter:card\" content=\"summary_large_image\" \/>\n<meta name=\"twitter:creator\" content=\"@rassegnastampa9\" \/>\n<meta name=\"twitter:site\" content=\"@rassegnastampa9\" \/>\n<meta name=\"twitter:label1\" content=\"Scritto da\" \/>\n\t<meta name=\"twitter:data1\" content=\"Redazione\" \/>\n\t<meta name=\"twitter:label2\" content=\"Tempo di lettura stimato\" \/>\n\t<meta name=\"twitter:data2\" content=\"5 minuti\" \/>\n<script type=\"application\/ld+json\" class=\"yoast-schema-graph\">{\"@context\":\"https:\\\/\\\/schema.org\",\"@graph\":[{\"@type\":\"Article\",\"@id\":\"https:\\\/\\\/www.rassegnastampa-totustuus.it\\\/cattolica\\\/la-menzogna-italiana-sulla-sanit-usa\\\/#article\",\"isPartOf\":{\"@id\":\"https:\\\/\\\/www.rassegnastampa-totustuus.it\\\/cattolica\\\/la-menzogna-italiana-sulla-sanit-usa\\\/\"},\"author\":{\"name\":\"Redazione\",\"@id\":\"https:\\\/\\\/www.rassegnastampa-totustuus.it\\\/cattolica\\\/#\\\/schema\\\/person\\\/08f319d2bd1a0904ad9e2bfb7b15e5c3\"},\"headline\":\"La menzogna italiana sulla sanit&agrave; Usa\",\"datePublished\":\"2009-03-25T11:29:15+00:00\",\"dateModified\":\"2015-02-14T15:28:29+00:00\",\"mainEntityOfPage\":{\"@id\":\"https:\\\/\\\/www.rassegnastampa-totustuus.it\\\/cattolica\\\/la-menzogna-italiana-sulla-sanit-usa\\\/\"},\"wordCount\":1024,\"publisher\":{\"@id\":\"https:\\\/\\\/www.rassegnastampa-totustuus.it\\\/cattolica\\\/#organization\"},\"image\":{\"@id\":\"https:\\\/\\\/www.rassegnastampa-totustuus.it\\\/cattolica\\\/la-menzogna-italiana-sulla-sanit-usa\\\/#primaryimage\"},\"thumbnailUrl\":\"https:\\\/\\\/www.rassegnastampa-totustuus.it\\\/cattolica\\\/wp-content\\\/uploads\\\/2009\\\/03\\\/sanit\u00e0_Usa.jpg\",\"keywords\":[\"sanit\u00e0 Usa\"],\"articleSection\":[\"Paesi e continenti\",\"Stati Uniti\"],\"inLanguage\":\"it-IT\"},{\"@type\":\"WebPage\",\"@id\":\"https:\\\/\\\/www.rassegnastampa-totustuus.it\\\/cattolica\\\/la-menzogna-italiana-sulla-sanit-usa\\\/\",\"url\":\"https:\\\/\\\/www.rassegnastampa-totustuus.it\\\/cattolica\\\/la-menzogna-italiana-sulla-sanit-usa\\\/\",\"name\":\"La menzogna italiana sulla sanit&agrave; Usa - Rassegna Stampa Cattolica\",\"isPartOf\":{\"@id\":\"https:\\\/\\\/www.rassegnastampa-totustuus.it\\\/cattolica\\\/#website\"},\"primaryImageOfPage\":{\"@id\":\"https:\\\/\\\/www.rassegnastampa-totustuus.it\\\/cattolica\\\/la-menzogna-italiana-sulla-sanit-usa\\\/#primaryimage\"},\"image\":{\"@id\":\"https:\\\/\\\/www.rassegnastampa-totustuus.it\\\/cattolica\\\/la-menzogna-italiana-sulla-sanit-usa\\\/#primaryimage\"},\"thumbnailUrl\":\"https:\\\/\\\/www.rassegnastampa-totustuus.it\\\/cattolica\\\/wp-content\\\/uploads\\\/2009\\\/03\\\/sanit\u00e0_Usa.jpg\",\"datePublished\":\"2009-03-25T11:29:15+00:00\",\"dateModified\":\"2015-02-14T15:28:29+00:00\",\"description\":\"Rassegna Stampa Cattolica - Per una cultura che nasce dalla Rivelazione cristiana in conformit\u00e0 alla tradizione e al Magistero della Chiesa in opposizione ad ogni relativismo e totalitarismo\",\"breadcrumb\":{\"@id\":\"https:\\\/\\\/www.rassegnastampa-totustuus.it\\\/cattolica\\\/la-menzogna-italiana-sulla-sanit-usa\\\/#breadcrumb\"},\"inLanguage\":\"it-IT\",\"potentialAction\":[{\"@type\":\"ReadAction\",\"target\":[\"https:\\\/\\\/www.rassegnastampa-totustuus.it\\\/cattolica\\\/la-menzogna-italiana-sulla-sanit-usa\\\/\"]}]},{\"@type\":\"ImageObject\",\"inLanguage\":\"it-IT\",\"@id\":\"https:\\\/\\\/www.rassegnastampa-totustuus.it\\\/cattolica\\\/la-menzogna-italiana-sulla-sanit-usa\\\/#primaryimage\",\"url\":\"https:\\\/\\\/www.rassegnastampa-totustuus.it\\\/cattolica\\\/wp-content\\\/uploads\\\/2009\\\/03\\\/sanit\u00e0_Usa.jpg\",\"contentUrl\":\"https:\\\/\\\/www.rassegnastampa-totustuus.it\\\/cattolica\\\/wp-content\\\/uploads\\\/2009\\\/03\\\/sanit\u00e0_Usa.jpg\",\"width\":244,\"height\":160},{\"@type\":\"BreadcrumbList\",\"@id\":\"https:\\\/\\\/www.rassegnastampa-totustuus.it\\\/cattolica\\\/la-menzogna-italiana-sulla-sanit-usa\\\/#breadcrumb\",\"itemListElement\":[{\"@type\":\"ListItem\",\"position\":1,\"name\":\"Home\",\"item\":\"https:\\\/\\\/www.rassegnastampa-totustuus.it\\\/cattolica\\\/\"},{\"@type\":\"ListItem\",\"position\":2,\"name\":\"La menzogna italiana sulla sanit&agrave; Usa\"}]},{\"@type\":\"WebSite\",\"@id\":\"https:\\\/\\\/www.rassegnastampa-totustuus.it\\\/cattolica\\\/#website\",\"url\":\"https:\\\/\\\/www.rassegnastampa-totustuus.it\\\/cattolica\\\/\",\"name\":\"Rassegna Stampa Cattolica\",\"description\":\"Per una cultura che nasce dalla Rivelazione cristiana in conformit\u00e0 alla tradizione e al Magistero della Chiesa in opposizione ad ogni relativismo e totalitarismo\",\"publisher\":{\"@id\":\"https:\\\/\\\/www.rassegnastampa-totustuus.it\\\/cattolica\\\/#organization\"},\"alternateName\":\"Rass. Cattolica\",\"potentialAction\":[{\"@type\":\"SearchAction\",\"target\":{\"@type\":\"EntryPoint\",\"urlTemplate\":\"https:\\\/\\\/www.rassegnastampa-totustuus.it\\\/cattolica\\\/?s={search_term_string}\"},\"query-input\":{\"@type\":\"PropertyValueSpecification\",\"valueRequired\":true,\"valueName\":\"search_term_string\"}}],\"inLanguage\":\"it-IT\"},{\"@type\":\"Organization\",\"@id\":\"https:\\\/\\\/www.rassegnastampa-totustuus.it\\\/cattolica\\\/#organization\",\"name\":\"Rassegna Stampa Cattolica\",\"url\":\"https:\\\/\\\/www.rassegnastampa-totustuus.it\\\/cattolica\\\/\",\"logo\":{\"@type\":\"ImageObject\",\"inLanguage\":\"it-IT\",\"@id\":\"https:\\\/\\\/www.rassegnastampa-totustuus.it\\\/cattolica\\\/#\\\/schema\\\/logo\\\/image\\\/\",\"url\":\"https:\\\/\\\/www.rassegnastampa-totustuus.it\\\/cattolica\\\/wp-content\\\/uploads\\\/2014\\\/04\\\/logo-rassegna1.gif\",\"contentUrl\":\"https:\\\/\\\/www.rassegnastampa-totustuus.it\\\/cattolica\\\/wp-content\\\/uploads\\\/2014\\\/04\\\/logo-rassegna1.gif\",\"width\":600,\"height\":163,\"caption\":\"Rassegna Stampa Cattolica\"},\"image\":{\"@id\":\"https:\\\/\\\/www.rassegnastampa-totustuus.it\\\/cattolica\\\/#\\\/schema\\\/logo\\\/image\\\/\"},\"sameAs\":[\"https:\\\/\\\/www.facebook.com\\\/rassegnastampacattolica\",\"https:\\\/\\\/x.com\\\/rassegnastampa9\"]},{\"@type\":\"Person\",\"@id\":\"https:\\\/\\\/www.rassegnastampa-totustuus.it\\\/cattolica\\\/#\\\/schema\\\/person\\\/08f319d2bd1a0904ad9e2bfb7b15e5c3\",\"name\":\"Redazione\",\"image\":{\"@type\":\"ImageObject\",\"inLanguage\":\"it-IT\",\"@id\":\"https:\\\/\\\/secure.gravatar.com\\\/avatar\\\/2fcdf27c78ea025fbdb44e914cc63c72249ffec9dc8aafd5c82b26240ef3f346?s=96&d=mm&r=g\",\"url\":\"https:\\\/\\\/secure.gravatar.com\\\/avatar\\\/2fcdf27c78ea025fbdb44e914cc63c72249ffec9dc8aafd5c82b26240ef3f346?s=96&d=mm&r=g\",\"contentUrl\":\"https:\\\/\\\/secure.gravatar.com\\\/avatar\\\/2fcdf27c78ea025fbdb44e914cc63c72249ffec9dc8aafd5c82b26240ef3f346?s=96&d=mm&r=g\",\"caption\":\"Redazione\"},\"url\":\"https:\\\/\\\/www.rassegnastampa-totustuus.it\\\/cattolica\\\/author\\\/pietroelle\\\/\"}]}<\/script>\n<!-- \/ Yoast SEO plugin. -->","yoast_head_json":{"title":"La menzogna italiana sulla sanit&agrave; Usa - Rassegna Stampa Cattolica","description":"Rassegna Stampa Cattolica - Per una cultura che nasce dalla Rivelazione cristiana in conformit\u00e0 alla tradizione e al Magistero della Chiesa in opposizione ad ogni relativismo e totalitarismo","robots":{"index":"index","follow":"follow","max-snippet":"max-snippet:-1","max-image-preview":"max-image-preview:large","max-video-preview":"max-video-preview:-1"},"canonical":"https:\/\/www.rassegnastampa-totustuus.it\/cattolica\/la-menzogna-italiana-sulla-sanit-usa\/","og_locale":"it_IT","og_type":"article","og_title":"La menzogna italiana sulla sanit&agrave; Usa - Rassegna Stampa Cattolica","og_description":"Rassegna Stampa Cattolica - Per una cultura che nasce dalla Rivelazione cristiana in conformit\u00e0 alla tradizione e al Magistero della Chiesa in opposizione ad ogni relativismo e totalitarismo","og_url":"https:\/\/www.rassegnastampa-totustuus.it\/cattolica\/la-menzogna-italiana-sulla-sanit-usa\/","og_site_name":"Rassegna Stampa Cattolica","article_publisher":"https:\/\/www.facebook.com\/rassegnastampacattolica","article_published_time":"2009-03-25T11:29:15+00:00","article_modified_time":"2015-02-14T15:28:29+00:00","og_image":[{"width":244,"height":160,"url":"https:\/\/www.rassegnastampa-totustuus.it\/cattolica\/wp-content\/uploads\/2009\/03\/sanit\u00e0_Usa.jpg","type":"image\/jpeg"}],"author":"Redazione","twitter_card":"summary_large_image","twitter_creator":"@rassegnastampa9","twitter_site":"@rassegnastampa9","twitter_misc":{"Scritto da":"Redazione","Tempo di lettura stimato":"5 minuti"},"schema":{"@context":"https:\/\/schema.org","@graph":[{"@type":"Article","@id":"https:\/\/www.rassegnastampa-totustuus.it\/cattolica\/la-menzogna-italiana-sulla-sanit-usa\/#article","isPartOf":{"@id":"https:\/\/www.rassegnastampa-totustuus.it\/cattolica\/la-menzogna-italiana-sulla-sanit-usa\/"},"author":{"name":"Redazione","@id":"https:\/\/www.rassegnastampa-totustuus.it\/cattolica\/#\/schema\/person\/08f319d2bd1a0904ad9e2bfb7b15e5c3"},"headline":"La menzogna italiana sulla sanit&agrave; Usa","datePublished":"2009-03-25T11:29:15+00:00","dateModified":"2015-02-14T15:28:29+00:00","mainEntityOfPage":{"@id":"https:\/\/www.rassegnastampa-totustuus.it\/cattolica\/la-menzogna-italiana-sulla-sanit-usa\/"},"wordCount":1024,"publisher":{"@id":"https:\/\/www.rassegnastampa-totustuus.it\/cattolica\/#organization"},"image":{"@id":"https:\/\/www.rassegnastampa-totustuus.it\/cattolica\/la-menzogna-italiana-sulla-sanit-usa\/#primaryimage"},"thumbnailUrl":"https:\/\/www.rassegnastampa-totustuus.it\/cattolica\/wp-content\/uploads\/2009\/03\/sanit\u00e0_Usa.jpg","keywords":["sanit\u00e0 Usa"],"articleSection":["Paesi e continenti","Stati Uniti"],"inLanguage":"it-IT"},{"@type":"WebPage","@id":"https:\/\/www.rassegnastampa-totustuus.it\/cattolica\/la-menzogna-italiana-sulla-sanit-usa\/","url":"https:\/\/www.rassegnastampa-totustuus.it\/cattolica\/la-menzogna-italiana-sulla-sanit-usa\/","name":"La menzogna italiana sulla sanit&agrave; Usa - Rassegna Stampa Cattolica","isPartOf":{"@id":"https:\/\/www.rassegnastampa-totustuus.it\/cattolica\/#website"},"primaryImageOfPage":{"@id":"https:\/\/www.rassegnastampa-totustuus.it\/cattolica\/la-menzogna-italiana-sulla-sanit-usa\/#primaryimage"},"image":{"@id":"https:\/\/www.rassegnastampa-totustuus.it\/cattolica\/la-menzogna-italiana-sulla-sanit-usa\/#primaryimage"},"thumbnailUrl":"https:\/\/www.rassegnastampa-totustuus.it\/cattolica\/wp-content\/uploads\/2009\/03\/sanit\u00e0_Usa.jpg","datePublished":"2009-03-25T11:29:15+00:00","dateModified":"2015-02-14T15:28:29+00:00","description":"Rassegna Stampa Cattolica - Per una cultura che nasce dalla Rivelazione cristiana in conformit\u00e0 alla tradizione e al Magistero della Chiesa in opposizione ad ogni relativismo e totalitarismo","breadcrumb":{"@id":"https:\/\/www.rassegnastampa-totustuus.it\/cattolica\/la-menzogna-italiana-sulla-sanit-usa\/#breadcrumb"},"inLanguage":"it-IT","potentialAction":[{"@type":"ReadAction","target":["https:\/\/www.rassegnastampa-totustuus.it\/cattolica\/la-menzogna-italiana-sulla-sanit-usa\/"]}]},{"@type":"ImageObject","inLanguage":"it-IT","@id":"https:\/\/www.rassegnastampa-totustuus.it\/cattolica\/la-menzogna-italiana-sulla-sanit-usa\/#primaryimage","url":"https:\/\/www.rassegnastampa-totustuus.it\/cattolica\/wp-content\/uploads\/2009\/03\/sanit\u00e0_Usa.jpg","contentUrl":"https:\/\/www.rassegnastampa-totustuus.it\/cattolica\/wp-content\/uploads\/2009\/03\/sanit\u00e0_Usa.jpg","width":244,"height":160},{"@type":"BreadcrumbList","@id":"https:\/\/www.rassegnastampa-totustuus.it\/cattolica\/la-menzogna-italiana-sulla-sanit-usa\/#breadcrumb","itemListElement":[{"@type":"ListItem","position":1,"name":"Home","item":"https:\/\/www.rassegnastampa-totustuus.it\/cattolica\/"},{"@type":"ListItem","position":2,"name":"La menzogna italiana sulla sanit&agrave; Usa"}]},{"@type":"WebSite","@id":"https:\/\/www.rassegnastampa-totustuus.it\/cattolica\/#website","url":"https:\/\/www.rassegnastampa-totustuus.it\/cattolica\/","name":"Rassegna Stampa Cattolica","description":"Per una cultura che nasce dalla Rivelazione cristiana in conformit\u00e0 alla tradizione e al Magistero della Chiesa in opposizione ad ogni relativismo e totalitarismo","publisher":{"@id":"https:\/\/www.rassegnastampa-totustuus.it\/cattolica\/#organization"},"alternateName":"Rass. Cattolica","potentialAction":[{"@type":"SearchAction","target":{"@type":"EntryPoint","urlTemplate":"https:\/\/www.rassegnastampa-totustuus.it\/cattolica\/?s={search_term_string}"},"query-input":{"@type":"PropertyValueSpecification","valueRequired":true,"valueName":"search_term_string"}}],"inLanguage":"it-IT"},{"@type":"Organization","@id":"https:\/\/www.rassegnastampa-totustuus.it\/cattolica\/#organization","name":"Rassegna Stampa Cattolica","url":"https:\/\/www.rassegnastampa-totustuus.it\/cattolica\/","logo":{"@type":"ImageObject","inLanguage":"it-IT","@id":"https:\/\/www.rassegnastampa-totustuus.it\/cattolica\/#\/schema\/logo\/image\/","url":"https:\/\/www.rassegnastampa-totustuus.it\/cattolica\/wp-content\/uploads\/2014\/04\/logo-rassegna1.gif","contentUrl":"https:\/\/www.rassegnastampa-totustuus.it\/cattolica\/wp-content\/uploads\/2014\/04\/logo-rassegna1.gif","width":600,"height":163,"caption":"Rassegna Stampa Cattolica"},"image":{"@id":"https:\/\/www.rassegnastampa-totustuus.it\/cattolica\/#\/schema\/logo\/image\/"},"sameAs":["https:\/\/www.facebook.com\/rassegnastampacattolica","https:\/\/x.com\/rassegnastampa9"]},{"@type":"Person","@id":"https:\/\/www.rassegnastampa-totustuus.it\/cattolica\/#\/schema\/person\/08f319d2bd1a0904ad9e2bfb7b15e5c3","name":"Redazione","image":{"@type":"ImageObject","inLanguage":"it-IT","@id":"https:\/\/secure.gravatar.com\/avatar\/2fcdf27c78ea025fbdb44e914cc63c72249ffec9dc8aafd5c82b26240ef3f346?s=96&d=mm&r=g","url":"https:\/\/secure.gravatar.com\/avatar\/2fcdf27c78ea025fbdb44e914cc63c72249ffec9dc8aafd5c82b26240ef3f346?s=96&d=mm&r=g","contentUrl":"https:\/\/secure.gravatar.com\/avatar\/2fcdf27c78ea025fbdb44e914cc63c72249ffec9dc8aafd5c82b26240ef3f346?s=96&d=mm&r=g","caption":"Redazione"},"url":"https:\/\/www.rassegnastampa-totustuus.it\/cattolica\/author\/pietroelle\/"}]}},"_links":{"self":[{"href":"https:\/\/www.rassegnastampa-totustuus.it\/cattolica\/wp-json\/wp\/v2\/posts\/2942","targetHints":{"allow":["GET"]}}],"collection":[{"href":"https:\/\/www.rassegnastampa-totustuus.it\/cattolica\/wp-json\/wp\/v2\/posts"}],"about":[{"href":"https:\/\/www.rassegnastampa-totustuus.it\/cattolica\/wp-json\/wp\/v2\/types\/post"}],"author":[{"embeddable":true,"href":"https:\/\/www.rassegnastampa-totustuus.it\/cattolica\/wp-json\/wp\/v2\/users\/6"}],"replies":[{"embeddable":true,"href":"https:\/\/www.rassegnastampa-totustuus.it\/cattolica\/wp-json\/wp\/v2\/comments?post=2942"}],"version-history":[{"count":3,"href":"https:\/\/www.rassegnastampa-totustuus.it\/cattolica\/wp-json\/wp\/v2\/posts\/2942\/revisions"}],"predecessor-version":[{"id":18709,"href":"https:\/\/www.rassegnastampa-totustuus.it\/cattolica\/wp-json\/wp\/v2\/posts\/2942\/revisions\/18709"}],"wp:featuredmedia":[{"embeddable":true,"href":"https:\/\/www.rassegnastampa-totustuus.it\/cattolica\/wp-json\/wp\/v2\/media\/35919"}],"wp:attachment":[{"href":"https:\/\/www.rassegnastampa-totustuus.it\/cattolica\/wp-json\/wp\/v2\/media?parent=2942"}],"wp:term":[{"taxonomy":"category","embeddable":true,"href":"https:\/\/www.rassegnastampa-totustuus.it\/cattolica\/wp-json\/wp\/v2\/categories?post=2942"},{"taxonomy":"post_tag","embeddable":true,"href":"https:\/\/www.rassegnastampa-totustuus.it\/cattolica\/wp-json\/wp\/v2\/tags?post=2942"}],"curies":[{"name":"wp","href":"https:\/\/api.w.org\/{rel}","templated":true}]}}