{"id":2938,"date":"2009-03-25T10:41:32","date_gmt":"2009-03-25T09:41:32","guid":{"rendered":""},"modified":"2016-03-16T17:00:24","modified_gmt":"2016-03-16T16:00:24","slug":"dalla-ue-unaltra-spallata-a-padri-e-madri","status":"publish","type":"post","link":"https:\/\/www.rassegnastampa-totustuus.it\/cattolica\/dalla-ue-unaltra-spallata-a-padri-e-madri\/","title":{"rendered":"Dalla Ue un&#8217;altra spallata a padri e madri"},"content":{"rendered":"<div style=\"text-align: center;\"><strong><img loading=\"lazy\" decoding=\"async\" class=\"alignleft wp-image-31881\" src=\"https:\/\/www.rassegnastampa-totustuus.it\/cattolica\/wp-content\/uploads\/2009\/03\/omosex.jpg\" alt=\"omosex\" width=\"250\" height=\"164\" \/>Avvenire<\/strong>, 19 giugno 2005<\/div>\n<p style=\"text-align: center;\">di <strong>Riccardo Cascioli\u00a0\u00a0<\/strong><\/p>\n<p style=\"text-align: justify;\">Un&#8217;altra spallata alla famiglia \u00e8 stata data nei giorni scorsi dal Parlamento europeo con l&#8217;approvazione della \u00abRisoluzione sulla protezione delle minoranze e le politiche contro la discriminazione\u00bb (Rapporto Moraes).<\/p>\n<p><!--more--><\/p>\n<div style=\"text-align: justify;\">Il documento &#8211; approvato con 360 voti a favore, 272 contrari e 20 astenuti &#8211; nell&#8217;includere gli omosessuali tra le categorie particolarmente oggetto di discriminazione, si spinge fino a chiedere la ridefinizione del concetto di famiglia nei singoli Paesi membri e a limitare la libert\u00e0 religiosa.<\/div>\n<p style=\"text-align: justify;\">Gli articoli discussi sono quelli dal 22 al 24, dove viene anzitutto descritta una improbabile situazione drammatica che vede in Europa un clima fortemente violento nei confronti degli omosessuali, incluso \u00abil rilascio di dichiarazioni piene di odio da parte di esponenti religiosi e politici\u00bb oltre che sistematiche \u00abintimidazioni a scuola e sul luogo di lavoro\u00bb.<\/p>\n<p style=\"text-align: justify;\">La risoluzione dell&#8217;Europarlamento chiede quindi che la libert\u00e0 religiosa non diventi un modo per giustificare \u00able discriminazioni, ad esempio, nel campo dell&#8217;istruzione\u00bb (art. 22) e di assicurare \u00abla libera circolazione nell&#8217;Unione Europea delle coppie omosessuali sposate o legalmente riconosciute\u00bb (art. 24).<\/p>\n<p style=\"text-align: justify;\">Con quest&#8217;ultimo articolo non solo vengono riconosciuti per la prima volta a livello comunitario matrimoni e unioni tra persone dello stesso sesso, ma si chiede anche che tali matrimoni siano riconosciuti nei loro effetti giuridici e sociali in tutta la Ue, inclusi i Paesi ospitanti che non riconoscono queste unioni nel loro ordinamento.<\/p>\n<p style=\"text-align: justify;\">Per capire la conseguenza di questa novit\u00e0, basta notare che l&#8217;eurodeputato italiano Vittorio Agnoletto (Sinistra unitaria) ha immediatamente chiesto che l&#8217;Italia si adegui, citando il caso dei due cittadini italiani residenti a Latina che si sono vista respinta la richiesta di trascrivere in Italia il matrimonio contratto in Olanda.<\/p>\n<p style=\"text-align: justify;\">In questo modo si intende anche forzare il diritto comunitario che considera la famiglia &#8211; quindi anche la sua definizione giuridica &#8211; come argomento proprio di ogni singolo Paese membro. Importante anche l&#8217;approvazione dell&#8217;emendamento all&#8217;articolo 22, riguardante i limiti alla libert\u00e0 religiosa nel campo dell&#8217;educazione.<\/p>\n<p style=\"text-align: justify;\">In questo modo la risoluzione intende colpire anzitutto la libert\u00e0 &#8211; in primis della Chiesa cattolica &#8211; di affermare il proprio magistero riguardo all&#8217;omosessualit\u00e0, ma c&#8217;\u00e8 anche il tentativo di sopprimere il diritto dei genitori a scegliere il tipo di educazione che vogliono per i loro figli nonch\u00e9 il diritto di scegliere di lavorare con persone che condividono la stessa fede.<\/p>\n<p style=\"text-align: justify;\">Il Rapporto Moraes \u00e8 stato approvato &#8211; oltre che dalle sinistre in generale, come previsto &#8211; anche dai deputati italiani della Margherita presenti (Lapo Pistelli, Luigi Cocilovo, Enrico Letta, Vittorio Prodi, Paolo Costa), che hanno detto \u00abs\u00ec\u00bb anche all&#8217;emendamento specifico sull&#8217;articolo 22. Voto favorevole al Rapporto anche dall&#8217;europopolare Paolo Cirino Pomicino.<\/p>\n<p style=\"text-align: justify;\">Un fatto da tener presente \u00e8 che l&#8217;introduzione di questi temi nella Risoluzione sulla protezione delle minoranze fa parte di una strategia di lungo termine, in cui rientra anche la discussa iniziativa all&#8217;Onu del rappresentante olandese Dick Jan Van Den Berg.<\/p>\n<p style=\"text-align: justify;\">Questi, nell&#8217;ultima Assemblea generale, ha ritirato l&#8217;adesione della Ue alla Dichiarazione di Doha che, nell&#8217;anno internazionale della Famiglia, ribadiva i princ\u00ecpi gi\u00e0 espressi della Dichiarazione Universale dei diritti umani del 1948. Motivo: la mancata inclusione del riconoscimento delle unioni omosessuali.<\/p>\n<p style=\"text-align: justify;\">Tale questione sar\u00e0 di nuovo discussa nell&#8217;Europarlamento nelle prossime settimane. In ogni caso il vero protagonista di questa strategia nell&#8217;Europarlamento \u00e8 l&#8217;Intergruppo per i diritti di Gay e Lesbiche, formato da parlamentari di diversi schieramenti e strettamente legato all&#8217;Ilga (International Lesbian and Gay Association). Questa ha definito la sua strategia in un rapporto del 2003 titolato \u00abFamiglie, partner, bambini e l&#8217;Unione Europea\u00bb<\/p>\n<p style=\"text-align: justify;\">(versione in inglese: <a href=\"http:\/\/www.ilga-europe.org\/docs\/policypapers\/2003-1.pdf\" target=\"_blank\">http:\/\/www.ilga-europe.org\/docs\/policypapers\/2003-1.pdf <\/a>).<\/p>\n","protected":false},"excerpt":{"rendered":"<p>Avvenire, 19 giugno 2005 di Riccardo Cascioli\u00a0\u00a0 Un&#8217;altra spallata alla famiglia \u00e8 stata data nei giorni scorsi dal Parlamento europeo con l&#8217;approvazione della \u00abRisoluzione sulla protezione delle minoranze e le politiche contro la discriminazione\u00bb (Rapporto Moraes).<\/p><p><a class=\"more-link btn\" href=\"https:\/\/www.rassegnastampa-totustuus.it\/cattolica\/dalla-ue-unaltra-spallata-a-padri-e-madri\/\">Continua a leggere<\/a><\/p>\n","protected":false},"author":6,"featured_media":31881,"comment_status":"closed","ping_status":"open","sticky":false,"template":"","format":"standard","meta":{"footnotes":""},"categories":[14,125],"tags":[156,1584],"class_list":["post-2938","post","type-post","status-publish","format-standard","has-post-thumbnail","hentry","category-europa-e-ue","category-ideologia-del-gender","tag-famiglia-2","tag-rapporto-morales","item-wrap"],"yoast_head":"<!-- This site is optimized with the Yoast SEO plugin v27.5 - https:\/\/yoast.com\/product\/yoast-seo-wordpress\/ -->\n<title>Dalla Ue un&#039;altra spallata a padri e madri - Rassegna Stampa Cattolica<\/title>\n<meta name=\"description\" content=\"Rassegna Stampa Cattolica - Per una cultura che nasce dalla Rivelazione cristiana in conformit\u00e0 alla tradizione e al Magistero della Chiesa in opposizione ad ogni relativismo e totalitarismo\" \/>\n<meta name=\"robots\" content=\"index, follow, max-snippet:-1, max-image-preview:large, max-video-preview:-1\" \/>\n<link rel=\"canonical\" href=\"https:\/\/www.rassegnastampa-totustuus.it\/cattolica\/dalla-ue-unaltra-spallata-a-padri-e-madri\/\" \/>\n<meta property=\"og:locale\" content=\"it_IT\" \/>\n<meta property=\"og:type\" content=\"article\" \/>\n<meta property=\"og:title\" content=\"Dalla Ue un&#039;altra spallata a padri e madri - Rassegna Stampa Cattolica\" \/>\n<meta property=\"og:description\" content=\"Rassegna Stampa Cattolica - Per una cultura che nasce dalla Rivelazione cristiana in conformit\u00e0 alla tradizione e al Magistero della Chiesa in opposizione ad ogni relativismo e totalitarismo\" \/>\n<meta property=\"og:url\" content=\"https:\/\/www.rassegnastampa-totustuus.it\/cattolica\/dalla-ue-unaltra-spallata-a-padri-e-madri\/\" \/>\n<meta property=\"og:site_name\" content=\"Rassegna Stampa Cattolica\" \/>\n<meta property=\"article:publisher\" content=\"https:\/\/www.facebook.com\/rassegnastampacattolica\" \/>\n<meta property=\"article:published_time\" content=\"2009-03-25T09:41:32+00:00\" \/>\n<meta property=\"article:modified_time\" content=\"2016-03-16T16:00:24+00:00\" \/>\n<meta property=\"og:image\" content=\"https:\/\/www.rassegnastampa-totustuus.it\/cattolica\/wp-content\/uploads\/2009\/03\/omosex.jpg\" \/>\n\t<meta property=\"og:image:width\" content=\"278\" \/>\n\t<meta property=\"og:image:height\" content=\"182\" \/>\n\t<meta property=\"og:image:type\" content=\"image\/jpeg\" \/>\n<meta name=\"author\" content=\"Redazione\" \/>\n<meta name=\"twitter:card\" content=\"summary_large_image\" \/>\n<meta name=\"twitter:creator\" content=\"@rassegnastampa9\" \/>\n<meta name=\"twitter:site\" content=\"@rassegnastampa9\" \/>\n<meta name=\"twitter:label1\" content=\"Scritto da\" \/>\n\t<meta name=\"twitter:data1\" content=\"Redazione\" \/>\n\t<meta name=\"twitter:label2\" content=\"Tempo di lettura stimato\" \/>\n\t<meta name=\"twitter:data2\" content=\"3 minuti\" \/>\n<script type=\"application\/ld+json\" class=\"yoast-schema-graph\">{\"@context\":\"https:\\\/\\\/schema.org\",\"@graph\":[{\"@type\":\"Article\",\"@id\":\"https:\\\/\\\/www.rassegnastampa-totustuus.it\\\/cattolica\\\/dalla-ue-unaltra-spallata-a-padri-e-madri\\\/#article\",\"isPartOf\":{\"@id\":\"https:\\\/\\\/www.rassegnastampa-totustuus.it\\\/cattolica\\\/dalla-ue-unaltra-spallata-a-padri-e-madri\\\/\"},\"author\":{\"name\":\"Redazione\",\"@id\":\"https:\\\/\\\/www.rassegnastampa-totustuus.it\\\/cattolica\\\/#\\\/schema\\\/person\\\/08f319d2bd1a0904ad9e2bfb7b15e5c3\"},\"headline\":\"Dalla Ue un&#8217;altra spallata a padri e madri\",\"datePublished\":\"2009-03-25T09:41:32+00:00\",\"dateModified\":\"2016-03-16T16:00:24+00:00\",\"mainEntityOfPage\":{\"@id\":\"https:\\\/\\\/www.rassegnastampa-totustuus.it\\\/cattolica\\\/dalla-ue-unaltra-spallata-a-padri-e-madri\\\/\"},\"wordCount\":611,\"publisher\":{\"@id\":\"https:\\\/\\\/www.rassegnastampa-totustuus.it\\\/cattolica\\\/#organization\"},\"image\":{\"@id\":\"https:\\\/\\\/www.rassegnastampa-totustuus.it\\\/cattolica\\\/dalla-ue-unaltra-spallata-a-padri-e-madri\\\/#primaryimage\"},\"thumbnailUrl\":\"https:\\\/\\\/www.rassegnastampa-totustuus.it\\\/cattolica\\\/wp-content\\\/uploads\\\/2009\\\/03\\\/omosex.jpg\",\"keywords\":[\"famiglia\",\"Rapporto Morales\"],\"articleSection\":[\"Europa e UE\",\"Ideologia del gender\"],\"inLanguage\":\"it-IT\"},{\"@type\":\"WebPage\",\"@id\":\"https:\\\/\\\/www.rassegnastampa-totustuus.it\\\/cattolica\\\/dalla-ue-unaltra-spallata-a-padri-e-madri\\\/\",\"url\":\"https:\\\/\\\/www.rassegnastampa-totustuus.it\\\/cattolica\\\/dalla-ue-unaltra-spallata-a-padri-e-madri\\\/\",\"name\":\"Dalla Ue un'altra spallata a padri e madri - Rassegna Stampa Cattolica\",\"isPartOf\":{\"@id\":\"https:\\\/\\\/www.rassegnastampa-totustuus.it\\\/cattolica\\\/#website\"},\"primaryImageOfPage\":{\"@id\":\"https:\\\/\\\/www.rassegnastampa-totustuus.it\\\/cattolica\\\/dalla-ue-unaltra-spallata-a-padri-e-madri\\\/#primaryimage\"},\"image\":{\"@id\":\"https:\\\/\\\/www.rassegnastampa-totustuus.it\\\/cattolica\\\/dalla-ue-unaltra-spallata-a-padri-e-madri\\\/#primaryimage\"},\"thumbnailUrl\":\"https:\\\/\\\/www.rassegnastampa-totustuus.it\\\/cattolica\\\/wp-content\\\/uploads\\\/2009\\\/03\\\/omosex.jpg\",\"datePublished\":\"2009-03-25T09:41:32+00:00\",\"dateModified\":\"2016-03-16T16:00:24+00:00\",\"description\":\"Rassegna Stampa Cattolica - Per una cultura che nasce dalla Rivelazione cristiana in conformit\u00e0 alla tradizione e al Magistero della Chiesa in opposizione ad ogni relativismo e totalitarismo\",\"breadcrumb\":{\"@id\":\"https:\\\/\\\/www.rassegnastampa-totustuus.it\\\/cattolica\\\/dalla-ue-unaltra-spallata-a-padri-e-madri\\\/#breadcrumb\"},\"inLanguage\":\"it-IT\",\"potentialAction\":[{\"@type\":\"ReadAction\",\"target\":[\"https:\\\/\\\/www.rassegnastampa-totustuus.it\\\/cattolica\\\/dalla-ue-unaltra-spallata-a-padri-e-madri\\\/\"]}]},{\"@type\":\"ImageObject\",\"inLanguage\":\"it-IT\",\"@id\":\"https:\\\/\\\/www.rassegnastampa-totustuus.it\\\/cattolica\\\/dalla-ue-unaltra-spallata-a-padri-e-madri\\\/#primaryimage\",\"url\":\"https:\\\/\\\/www.rassegnastampa-totustuus.it\\\/cattolica\\\/wp-content\\\/uploads\\\/2009\\\/03\\\/omosex.jpg\",\"contentUrl\":\"https:\\\/\\\/www.rassegnastampa-totustuus.it\\\/cattolica\\\/wp-content\\\/uploads\\\/2009\\\/03\\\/omosex.jpg\",\"width\":278,\"height\":182},{\"@type\":\"BreadcrumbList\",\"@id\":\"https:\\\/\\\/www.rassegnastampa-totustuus.it\\\/cattolica\\\/dalla-ue-unaltra-spallata-a-padri-e-madri\\\/#breadcrumb\",\"itemListElement\":[{\"@type\":\"ListItem\",\"position\":1,\"name\":\"Home\",\"item\":\"https:\\\/\\\/www.rassegnastampa-totustuus.it\\\/cattolica\\\/\"},{\"@type\":\"ListItem\",\"position\":2,\"name\":\"Dalla Ue un&#8217;altra spallata a padri e madri\"}]},{\"@type\":\"WebSite\",\"@id\":\"https:\\\/\\\/www.rassegnastampa-totustuus.it\\\/cattolica\\\/#website\",\"url\":\"https:\\\/\\\/www.rassegnastampa-totustuus.it\\\/cattolica\\\/\",\"name\":\"Rassegna Stampa Cattolica\",\"description\":\"Per una cultura che nasce dalla Rivelazione cristiana in conformit\u00e0 alla tradizione e al Magistero della Chiesa in opposizione ad ogni relativismo e totalitarismo\",\"publisher\":{\"@id\":\"https:\\\/\\\/www.rassegnastampa-totustuus.it\\\/cattolica\\\/#organization\"},\"alternateName\":\"Rass. Cattolica\",\"potentialAction\":[{\"@type\":\"SearchAction\",\"target\":{\"@type\":\"EntryPoint\",\"urlTemplate\":\"https:\\\/\\\/www.rassegnastampa-totustuus.it\\\/cattolica\\\/?s={search_term_string}\"},\"query-input\":{\"@type\":\"PropertyValueSpecification\",\"valueRequired\":true,\"valueName\":\"search_term_string\"}}],\"inLanguage\":\"it-IT\"},{\"@type\":\"Organization\",\"@id\":\"https:\\\/\\\/www.rassegnastampa-totustuus.it\\\/cattolica\\\/#organization\",\"name\":\"Rassegna Stampa Cattolica\",\"url\":\"https:\\\/\\\/www.rassegnastampa-totustuus.it\\\/cattolica\\\/\",\"logo\":{\"@type\":\"ImageObject\",\"inLanguage\":\"it-IT\",\"@id\":\"https:\\\/\\\/www.rassegnastampa-totustuus.it\\\/cattolica\\\/#\\\/schema\\\/logo\\\/image\\\/\",\"url\":\"https:\\\/\\\/www.rassegnastampa-totustuus.it\\\/cattolica\\\/wp-content\\\/uploads\\\/2014\\\/04\\\/logo-rassegna1.gif\",\"contentUrl\":\"https:\\\/\\\/www.rassegnastampa-totustuus.it\\\/cattolica\\\/wp-content\\\/uploads\\\/2014\\\/04\\\/logo-rassegna1.gif\",\"width\":600,\"height\":163,\"caption\":\"Rassegna Stampa Cattolica\"},\"image\":{\"@id\":\"https:\\\/\\\/www.rassegnastampa-totustuus.it\\\/cattolica\\\/#\\\/schema\\\/logo\\\/image\\\/\"},\"sameAs\":[\"https:\\\/\\\/www.facebook.com\\\/rassegnastampacattolica\",\"https:\\\/\\\/x.com\\\/rassegnastampa9\"]},{\"@type\":\"Person\",\"@id\":\"https:\\\/\\\/www.rassegnastampa-totustuus.it\\\/cattolica\\\/#\\\/schema\\\/person\\\/08f319d2bd1a0904ad9e2bfb7b15e5c3\",\"name\":\"Redazione\",\"image\":{\"@type\":\"ImageObject\",\"inLanguage\":\"it-IT\",\"@id\":\"https:\\\/\\\/secure.gravatar.com\\\/avatar\\\/2fcdf27c78ea025fbdb44e914cc63c72249ffec9dc8aafd5c82b26240ef3f346?s=96&d=mm&r=g\",\"url\":\"https:\\\/\\\/secure.gravatar.com\\\/avatar\\\/2fcdf27c78ea025fbdb44e914cc63c72249ffec9dc8aafd5c82b26240ef3f346?s=96&d=mm&r=g\",\"contentUrl\":\"https:\\\/\\\/secure.gravatar.com\\\/avatar\\\/2fcdf27c78ea025fbdb44e914cc63c72249ffec9dc8aafd5c82b26240ef3f346?s=96&d=mm&r=g\",\"caption\":\"Redazione\"},\"url\":\"https:\\\/\\\/www.rassegnastampa-totustuus.it\\\/cattolica\\\/author\\\/pietroelle\\\/\"}]}<\/script>\n<!-- \/ Yoast SEO plugin. -->","yoast_head_json":{"title":"Dalla Ue un'altra spallata a padri e madri - Rassegna Stampa Cattolica","description":"Rassegna Stampa Cattolica - Per una cultura che nasce dalla Rivelazione cristiana in conformit\u00e0 alla tradizione e al Magistero della Chiesa in opposizione ad ogni relativismo e totalitarismo","robots":{"index":"index","follow":"follow","max-snippet":"max-snippet:-1","max-image-preview":"max-image-preview:large","max-video-preview":"max-video-preview:-1"},"canonical":"https:\/\/www.rassegnastampa-totustuus.it\/cattolica\/dalla-ue-unaltra-spallata-a-padri-e-madri\/","og_locale":"it_IT","og_type":"article","og_title":"Dalla Ue un'altra spallata a padri e madri - Rassegna Stampa Cattolica","og_description":"Rassegna Stampa Cattolica - Per una cultura che nasce dalla Rivelazione cristiana in conformit\u00e0 alla tradizione e al Magistero della Chiesa in opposizione ad ogni relativismo e totalitarismo","og_url":"https:\/\/www.rassegnastampa-totustuus.it\/cattolica\/dalla-ue-unaltra-spallata-a-padri-e-madri\/","og_site_name":"Rassegna Stampa Cattolica","article_publisher":"https:\/\/www.facebook.com\/rassegnastampacattolica","article_published_time":"2009-03-25T09:41:32+00:00","article_modified_time":"2016-03-16T16:00:24+00:00","og_image":[{"width":278,"height":182,"url":"https:\/\/www.rassegnastampa-totustuus.it\/cattolica\/wp-content\/uploads\/2009\/03\/omosex.jpg","type":"image\/jpeg"}],"author":"Redazione","twitter_card":"summary_large_image","twitter_creator":"@rassegnastampa9","twitter_site":"@rassegnastampa9","twitter_misc":{"Scritto da":"Redazione","Tempo di lettura stimato":"3 minuti"},"schema":{"@context":"https:\/\/schema.org","@graph":[{"@type":"Article","@id":"https:\/\/www.rassegnastampa-totustuus.it\/cattolica\/dalla-ue-unaltra-spallata-a-padri-e-madri\/#article","isPartOf":{"@id":"https:\/\/www.rassegnastampa-totustuus.it\/cattolica\/dalla-ue-unaltra-spallata-a-padri-e-madri\/"},"author":{"name":"Redazione","@id":"https:\/\/www.rassegnastampa-totustuus.it\/cattolica\/#\/schema\/person\/08f319d2bd1a0904ad9e2bfb7b15e5c3"},"headline":"Dalla Ue un&#8217;altra spallata a padri e madri","datePublished":"2009-03-25T09:41:32+00:00","dateModified":"2016-03-16T16:00:24+00:00","mainEntityOfPage":{"@id":"https:\/\/www.rassegnastampa-totustuus.it\/cattolica\/dalla-ue-unaltra-spallata-a-padri-e-madri\/"},"wordCount":611,"publisher":{"@id":"https:\/\/www.rassegnastampa-totustuus.it\/cattolica\/#organization"},"image":{"@id":"https:\/\/www.rassegnastampa-totustuus.it\/cattolica\/dalla-ue-unaltra-spallata-a-padri-e-madri\/#primaryimage"},"thumbnailUrl":"https:\/\/www.rassegnastampa-totustuus.it\/cattolica\/wp-content\/uploads\/2009\/03\/omosex.jpg","keywords":["famiglia","Rapporto Morales"],"articleSection":["Europa e UE","Ideologia del gender"],"inLanguage":"it-IT"},{"@type":"WebPage","@id":"https:\/\/www.rassegnastampa-totustuus.it\/cattolica\/dalla-ue-unaltra-spallata-a-padri-e-madri\/","url":"https:\/\/www.rassegnastampa-totustuus.it\/cattolica\/dalla-ue-unaltra-spallata-a-padri-e-madri\/","name":"Dalla Ue un'altra spallata a padri e madri - Rassegna Stampa Cattolica","isPartOf":{"@id":"https:\/\/www.rassegnastampa-totustuus.it\/cattolica\/#website"},"primaryImageOfPage":{"@id":"https:\/\/www.rassegnastampa-totustuus.it\/cattolica\/dalla-ue-unaltra-spallata-a-padri-e-madri\/#primaryimage"},"image":{"@id":"https:\/\/www.rassegnastampa-totustuus.it\/cattolica\/dalla-ue-unaltra-spallata-a-padri-e-madri\/#primaryimage"},"thumbnailUrl":"https:\/\/www.rassegnastampa-totustuus.it\/cattolica\/wp-content\/uploads\/2009\/03\/omosex.jpg","datePublished":"2009-03-25T09:41:32+00:00","dateModified":"2016-03-16T16:00:24+00:00","description":"Rassegna Stampa Cattolica - Per una cultura che nasce dalla Rivelazione cristiana in conformit\u00e0 alla tradizione e al Magistero della Chiesa in opposizione ad ogni relativismo e totalitarismo","breadcrumb":{"@id":"https:\/\/www.rassegnastampa-totustuus.it\/cattolica\/dalla-ue-unaltra-spallata-a-padri-e-madri\/#breadcrumb"},"inLanguage":"it-IT","potentialAction":[{"@type":"ReadAction","target":["https:\/\/www.rassegnastampa-totustuus.it\/cattolica\/dalla-ue-unaltra-spallata-a-padri-e-madri\/"]}]},{"@type":"ImageObject","inLanguage":"it-IT","@id":"https:\/\/www.rassegnastampa-totustuus.it\/cattolica\/dalla-ue-unaltra-spallata-a-padri-e-madri\/#primaryimage","url":"https:\/\/www.rassegnastampa-totustuus.it\/cattolica\/wp-content\/uploads\/2009\/03\/omosex.jpg","contentUrl":"https:\/\/www.rassegnastampa-totustuus.it\/cattolica\/wp-content\/uploads\/2009\/03\/omosex.jpg","width":278,"height":182},{"@type":"BreadcrumbList","@id":"https:\/\/www.rassegnastampa-totustuus.it\/cattolica\/dalla-ue-unaltra-spallata-a-padri-e-madri\/#breadcrumb","itemListElement":[{"@type":"ListItem","position":1,"name":"Home","item":"https:\/\/www.rassegnastampa-totustuus.it\/cattolica\/"},{"@type":"ListItem","position":2,"name":"Dalla Ue un&#8217;altra spallata a padri e madri"}]},{"@type":"WebSite","@id":"https:\/\/www.rassegnastampa-totustuus.it\/cattolica\/#website","url":"https:\/\/www.rassegnastampa-totustuus.it\/cattolica\/","name":"Rassegna Stampa Cattolica","description":"Per una cultura che nasce dalla Rivelazione cristiana in conformit\u00e0 alla tradizione e al Magistero della Chiesa in opposizione ad ogni relativismo e totalitarismo","publisher":{"@id":"https:\/\/www.rassegnastampa-totustuus.it\/cattolica\/#organization"},"alternateName":"Rass. Cattolica","potentialAction":[{"@type":"SearchAction","target":{"@type":"EntryPoint","urlTemplate":"https:\/\/www.rassegnastampa-totustuus.it\/cattolica\/?s={search_term_string}"},"query-input":{"@type":"PropertyValueSpecification","valueRequired":true,"valueName":"search_term_string"}}],"inLanguage":"it-IT"},{"@type":"Organization","@id":"https:\/\/www.rassegnastampa-totustuus.it\/cattolica\/#organization","name":"Rassegna Stampa Cattolica","url":"https:\/\/www.rassegnastampa-totustuus.it\/cattolica\/","logo":{"@type":"ImageObject","inLanguage":"it-IT","@id":"https:\/\/www.rassegnastampa-totustuus.it\/cattolica\/#\/schema\/logo\/image\/","url":"https:\/\/www.rassegnastampa-totustuus.it\/cattolica\/wp-content\/uploads\/2014\/04\/logo-rassegna1.gif","contentUrl":"https:\/\/www.rassegnastampa-totustuus.it\/cattolica\/wp-content\/uploads\/2014\/04\/logo-rassegna1.gif","width":600,"height":163,"caption":"Rassegna Stampa Cattolica"},"image":{"@id":"https:\/\/www.rassegnastampa-totustuus.it\/cattolica\/#\/schema\/logo\/image\/"},"sameAs":["https:\/\/www.facebook.com\/rassegnastampacattolica","https:\/\/x.com\/rassegnastampa9"]},{"@type":"Person","@id":"https:\/\/www.rassegnastampa-totustuus.it\/cattolica\/#\/schema\/person\/08f319d2bd1a0904ad9e2bfb7b15e5c3","name":"Redazione","image":{"@type":"ImageObject","inLanguage":"it-IT","@id":"https:\/\/secure.gravatar.com\/avatar\/2fcdf27c78ea025fbdb44e914cc63c72249ffec9dc8aafd5c82b26240ef3f346?s=96&d=mm&r=g","url":"https:\/\/secure.gravatar.com\/avatar\/2fcdf27c78ea025fbdb44e914cc63c72249ffec9dc8aafd5c82b26240ef3f346?s=96&d=mm&r=g","contentUrl":"https:\/\/secure.gravatar.com\/avatar\/2fcdf27c78ea025fbdb44e914cc63c72249ffec9dc8aafd5c82b26240ef3f346?s=96&d=mm&r=g","caption":"Redazione"},"url":"https:\/\/www.rassegnastampa-totustuus.it\/cattolica\/author\/pietroelle\/"}]}},"_links":{"self":[{"href":"https:\/\/www.rassegnastampa-totustuus.it\/cattolica\/wp-json\/wp\/v2\/posts\/2938","targetHints":{"allow":["GET"]}}],"collection":[{"href":"https:\/\/www.rassegnastampa-totustuus.it\/cattolica\/wp-json\/wp\/v2\/posts"}],"about":[{"href":"https:\/\/www.rassegnastampa-totustuus.it\/cattolica\/wp-json\/wp\/v2\/types\/post"}],"author":[{"embeddable":true,"href":"https:\/\/www.rassegnastampa-totustuus.it\/cattolica\/wp-json\/wp\/v2\/users\/6"}],"replies":[{"embeddable":true,"href":"https:\/\/www.rassegnastampa-totustuus.it\/cattolica\/wp-json\/wp\/v2\/comments?post=2938"}],"version-history":[{"count":4,"href":"https:\/\/www.rassegnastampa-totustuus.it\/cattolica\/wp-json\/wp\/v2\/posts\/2938\/revisions"}],"predecessor-version":[{"id":31882,"href":"https:\/\/www.rassegnastampa-totustuus.it\/cattolica\/wp-json\/wp\/v2\/posts\/2938\/revisions\/31882"}],"wp:featuredmedia":[{"embeddable":true,"href":"https:\/\/www.rassegnastampa-totustuus.it\/cattolica\/wp-json\/wp\/v2\/media\/31881"}],"wp:attachment":[{"href":"https:\/\/www.rassegnastampa-totustuus.it\/cattolica\/wp-json\/wp\/v2\/media?parent=2938"}],"wp:term":[{"taxonomy":"category","embeddable":true,"href":"https:\/\/www.rassegnastampa-totustuus.it\/cattolica\/wp-json\/wp\/v2\/categories?post=2938"},{"taxonomy":"post_tag","embeddable":true,"href":"https:\/\/www.rassegnastampa-totustuus.it\/cattolica\/wp-json\/wp\/v2\/tags?post=2938"}],"curies":[{"name":"wp","href":"https:\/\/api.w.org\/{rel}","templated":true}]}}