{"id":29341,"date":"2015-08-14T00:00:20","date_gmt":"2015-08-13T22:00:20","guid":{"rendered":"http:\/\/www.rassegnastampa-totustuus.it\/cattolica\/?p=29341"},"modified":"2018-09-11T17:27:00","modified_gmt":"2018-09-11T15:27:00","slug":"se-il-male-vien-dallanima","status":"publish","type":"post","link":"https:\/\/www.rassegnastampa-totustuus.it\/cattolica\/se-il-male-vien-dallanima\/","title":{"rendered":"Se il male vien dall&#8217;anima"},"content":{"rendered":"<p style=\"text-align: center;\"><strong><a href=\"https:\/\/www.rassegnastampa-totustuus.it\/cattolica\/wp-content\/uploads\/2016\/01\/oncologia.jpg\"><img loading=\"lazy\" decoding=\"async\" class=\"alignleft wp-image-29342\" src=\"https:\/\/www.rassegnastampa-totustuus.it\/cattolica\/wp-content\/uploads\/2016\/01\/oncologia.jpg\" alt=\"oncologia\" width=\"184\" height=\"200\" \/><\/a>Avvenire,<\/strong> gioved\u00ec 27 ottobre 1988<\/p>\n<p style=\"text-align: center;\">\u00a0Si apre oggi a Milano il convegno internazionale di \u00abpsicooncologia\u00bb<\/p>\n<p style=\"text-align: center;\"><em>\u00a0\u00abL&#8217;infelicit\u00e0 \u00e8 la causa del cancro\u00bb. E il medico si scopre inutile<\/em><\/p>\n<p style=\"text-align: center;\">di <strong>Maurizio Blondet<\/strong><\/p>\n<p style=\"text-align: center;\"><!--more--><\/p>\n<p style=\"text-align: justify;\">Processato e condannato ingiustamente, Enzo Tortora fu in seguito colpito da un cancro inarrestabile, che lo uccise in pochi mesi. Il buon senso popolare ha visto nella tragedia una relazione tra l&#8217;umiliazione morale e la malattia mortale del popolare presentatore. Ma non \u00e8 il caso. Quello di Aleksandr Solgenitsyn \u00e8 stato felice: liberato dai lager staliniani nel &#8217;56 perch\u00e9 morente per un cancro gastrico sviluppato negli otto anni di prigionia, lo scrittore ud\u00ec dalla radio, pochi giorni dopo la sua liberazione, la notizia della morte di Stalin. Il suo tumore, gi\u00e0 ad uno stadio avanzatissimo, spar\u00ec in pochi giorni.<\/p>\n<p style=\"text-align: justify;\">Il \u00abmale del secolo\u00bb pu\u00f2 avere una causa psicologica? E\u2019 una \u00abmalattia dell&#8217;anima\u00bb che, pur colpendo il corpo, appare sensibile agli stati emotivi del malato? \u00c8 questo il tema centrale del settimo Convegno internazionale di psicooncologia, che si tiene a Milano tra oggi e il 30 ottobre.<\/p>\n<p style=\"text-align: justify;\"><a href=\"https:\/\/www.rassegnastampa-totustuus.it\/cattolica\/wp-content\/uploads\/2006\/11\/medici.jpg\"><img loading=\"lazy\" decoding=\"async\" class=\"alignright wp-image-29800\" src=\"https:\/\/www.rassegnastampa-totustuus.it\/cattolica\/wp-content\/uploads\/2006\/11\/medici.jpg\" alt=\"\" width=\"250\" height=\"172\" \/><\/a>Non si tratta di un qualunque raduno di medicina \u00abalternativa\u00bb; i membri del gruppo Eupsyca (gruppo di lavoro europeo per la ricerca psicosomatica sul cancro) che organizza il convegno, composta di medici con lauree ufficiali e dotati dei crismi della legalit\u00e0 scientifica; fra gli invitati, sono ufficialissimi docenti universitari e psicosomatici famosi come Ferruccio Antonelli. Ci\u00f2 non toglie che questo filone di ricerca sia ignorato e persino censurato, e si capisce il perch\u00e9: l&#8217;approccio \u00abscientifico\u00bb alla malattia, quello che si ostina a cercare nelle patologie delle cellule e in anomalie del Dna l&#8217;origine del cancro, mobilita finanziamenti per la ricerca valutabili in miliardi di dollari; i tentativi di trovare il farmaco curativo coinvolgono enormi interessi industriali, gli studi sulle frontiere della bioingegneria e della farmacologia fruttano cattedre ambite e premi Nobel.<\/p>\n<p style=\"text-align: justify;\">Nell&#8217;attesa, il cancro \u2014 seconda causa di morte dopo le malattie cardiache, 120 mila vittime l&#8217;anno in Italia \u2014 continua ad essere \u00abcurato\u00bb come un male puramente organico e locale (localizzato in un organo), con metodi che i medici di due secoli fa chiamavano \u00aberoici\u00bb: bisturi, radiazioni, chemioterapici.<\/p>\n<p style=\"text-align: justify;\">Ossia, per continuare ad usare il linguaggio di due secoli fa, con \u00abferro, fuoco, veleno\u00bb.<\/p>\n<p style=\"text-align: justify;\"><strong>Effetto placebo<\/strong><\/p>\n<p style=\"text-align: justify;\">Eppure il sospetto che il cancro sia piuttosto una malattia \u00abcentrale\u00bb (del sistema nervoso centrale) e psicosomatica, \u00e8 antico. \u00abSono cos\u00ec frequenti i casi\u00bb, scriveva nel 1870 il grande clinico James Paget, \u00abin cui l&#8217;angoscia, la speranza delusa, la delusione sono seguite dalla crescita e dell&#8217;aumento del tumore, che non si pu\u00f2 pi\u00f9 dubitare che la depressione mentale \u00e8 un&#8217;aggiunta potente ad altri influssi che favoriscono lo sviluppo del male\u00bb. Anche pi\u00f9 antica \u00e8 la constatazione che gli schizofrenici catatonici (cio\u00e8 quei malati mentali che hanno rotto ogni relazione col mondo esterno) non si ammalano mai di cancro: fenomeno che ha fatto dire a certi psicologi che la \u00abpazzia\u00bb della mente possa essere un&#8217;alternativa alla \u00abpazzia\u00bb delle cellule.<\/p>\n<p style=\"text-align: justify;\"><a href=\"https:\/\/www.rassegnastampa-totustuus.it\/cattolica\/wp-content\/uploads\/2005\/05\/eutanasia1.jpg\"><img loading=\"lazy\" decoding=\"async\" class=\"alignleft wp-image-29810\" src=\"https:\/\/www.rassegnastampa-totustuus.it\/cattolica\/wp-content\/uploads\/2005\/05\/eutanasia1.jpg\" alt=\"\" width=\"250\" height=\"183\" \/><\/a>Nella letteratura medica sono noti casi in cui il tumore \u00e8 regredito rapidamente sotto il cosiddetto \u00abeffetto placebo\u00bb. Nel 1950, in America ebbe larga pubblicit\u00e0 un farmaco in corso di sperimentazione, chiamato Krebiozen, presentato come la \u00abcura risolutiva\u00bb del cancro.<\/p>\n<p style=\"text-align: justify;\">Uno dei medici che partecipavano alla ricerca. Bruno Klopfer, aveva un paziente con linfosarcoma avanzatissimo: masse tumorali enormi, necessit\u00e0 di maschera d&#8217;ossigeno, dolorose iniezioni peritoneali quotidiane per prosciugare il liquido infetto che si formava. Saputo che il suo medico lavorava al Krebiozen, di cui aveva letto sui giornali, il paziente insist\u00e8 per sottoporsi come cavia alla cura. In poche settimane, pot\u00e9 riprendere la sua vita normale e persino guidare il suo aereo privato.<\/p>\n<p style=\"text-align: justify;\">Poi, il pa\u00adziente lesse alcuni articoli in cui il Fda (l&#8217;ente nazionale statunitense che controlla e prova i nuovi farmaci) lanciava un dubbio sull&#8217;efficacia del Krebiozen: e, di colpo, riapparvero le grandi masse tumorali e i gravissimi disturbi. Il dottor Klopfer ricorse ai rimedi estremi: disse al paziente di aver ottenuto un super-Krebiozen molto raffinato e pi\u00f9 potente, e gli iniett\u00f2 acqua distillata, il paziente \u00abguar\u00ec\u00bb, e pot\u00e8 con\u00addurre una vita normale per due mesi. Fino a quando fu pubblicato il responso definitivo del Fda: dove il Krebiozen veniva definito \u00abun medicamento senza valore\u00bb. In pochi giorni il malato mor\u00ec.<\/p>\n<p style=\"text-align: justify;\"><strong>Lo stress uccide<\/strong><\/p>\n<p style=\"text-align: justify;\">\u00abLo studioso americano Vernon Riley\u00bb, dice il professor Carlo Sirtori. \u00abha stressato in vario modo dei topi di laboratorio (con scosse elettriche, appendendoli per la coda e cos\u00ec via) e poi ha iniettato loro il virus di Bittner, che d\u00e0 il cancro alla mammella. Un anno dopo, il 90% dei topi stressati aveva contratto il cancro, contro solo il 10 per cento dei topi &#8220;di controllo&#8221;, non stressati\u00bb. Che esista un legame tra lo stress e il sorgere di malattie lo stabil\u00ec gi\u00e0 negli anni Venti il medico praghese, poi trasferitosi in Canada, Hans Selye; del resto era da tempo osservazione di clinica comune che le persone che avevano subito un lutto familiare cadevano pi\u00f9 facilmente vittima di malattie infettive. Selye cap\u00ec il meccanismo per cui ci\u00f2 avveniva: uno stress prolungato stimola, da parte delle ghiandole surrenali, la superproduzione di cortisone, l&#8217;ormone che inibisce il sistema immunitario.<\/p>\n<p style=\"text-align: justify;\"><a href=\"https:\/\/www.rassegnastampa-totustuus.it\/cattolica\/wp-content\/uploads\/2005\/05\/depressione_giovanile.jpg\"><img loading=\"lazy\" decoding=\"async\" class=\"size-full wp-image-34076 alignright\" src=\"https:\/\/www.rassegnastampa-totustuus.it\/cattolica\/wp-content\/uploads\/2005\/05\/depressione_giovanile.jpg\" alt=\"\" width=\"240\" height=\"160\" \/><\/a>Il sistema immunitario \u00e8 l&#8217;apparato di \u00absorveglianza e repressione\u00bb dell&#8217;organismo: un complicatissimo sistema neuroormonale, governato dalle zone profonde del cervello, che \u00abriconosce\u00bb le cellule estranee (i batteri, per esempio) e le aggredisce. In un certo senso, il sistema immunitario \u00e8 una struttura dell&#8217;Io, che combatte le in\u00adtrusioni di \u00abnon-Io\u00bb nell&#8217;organismo.<\/p>\n<p style=\"text-align: justify;\">Nel corpo umano, composto di 60 milioni di mi\u00adliardi di cellule che muoiono e rinascono al ritmo di 18 mila miliardi al minuto e si rinnovano completamente circa 50 volte nel corso della vita, il sistema immunitario compie l&#8217;incredibile miracolo di mantenere a questo ammasso in continua mutazione la sua \u00abidentit\u00e0\u00bb: ogni minuto, 900 milioni di cellule del nostro corpo (circa il 5% del totale) che nascono \u00absbagliate\u00bb, scarti di fabbrica, vengono \u00abriconosciute\u00bb e di\u00adstrutte. Senza questa \u00abrepressione sociale\u00bb, quelle cellule potrebbero proliferare dando origine a cellule tutte uguali. Ossia creando le \u00abmasse amorfe e indiffe\u00adrenziate\u00bb in cui consiste il tumore.<\/p>\n<p style=\"text-align: justify;\"><strong>Curare l&#8217;uomo<\/strong><\/p>\n<p style=\"text-align: justify;\">Luigi Oreste Speciani, un medico milanese scomparso pochi anni fa, avanz\u00f2 l&#8217;ipotesi che l&#8217;apparato immunitario sia uno dei meccanismi somatici di un \u00abprincipio organizzatore immateriale\u00bb, che non \u00absi trova nelle cellule, ma nel &#8220;centro&#8221;, ossia nell&#8217;uomo intero\u00bb. \u00abQuesto misterioso principio organizzatore \u2014 diceva Speciani \u2014 ha un nome tecnico, ancorch\u00e9 tab\u00f9: anima\u00bb. L&#8217;anima vegetativa della Scolastica, quella che San Tommaso chiam\u00f2 forma corporis. Il \u00abcentro di comando\u00bb corporeo dell&#8217;anima, sarebbe per Speciani, l&#8217;ipofisi: minuscolo organello situato in posizione super-protetta sotto il cervello, per met\u00e0 tessuto nervoso e per met\u00e0 ghiandola endocrina che secerne una dozzina di ormoni diversi, chiamati \u00abrealeasing factors\u00bb (fattori scatenanti) perch\u00e9 la loro increzione, anche in dosi minime, provoca la secrezione delle ghiandole ormonali propriamente dette (testicoli, surreni, tiroide e cos\u00ec via).<\/p>\n<p style=\"text-align: justify;\"><a href=\"https:\/\/www.rassegnastampa-totustuus.it\/cattolica\/wp-content\/uploads\/2017\/09\/assistenza_anziani.jpg\"><img loading=\"lazy\" decoding=\"async\" class=\"alignleft wp-image-38453\" src=\"https:\/\/www.rassegnastampa-totustuus.it\/cattolica\/wp-content\/uploads\/2017\/09\/assistenza_anziani.jpg\" alt=\"\" width=\"250\" height=\"175\" \/><\/a>Si ammette comunemente che l&#8217;ipofisi regoli anche il sistema immunitario. Ma quel che conta, per Speciani, \u00e8 che la piccola ghiandola \u00abtraduce\u00bb in modulazioni biochimiche e ormonali le emozioni, i messaggi psicoemotivi che giungono dal cer\u00advello.<\/p>\n<p style=\"text-align: justify;\">\u00c8 noto che intensi stress negativi rende pi\u00f9 vulnerabili a qualunque malattia, dal raffreddore al cancro. I medici Holmes e Roche hanno addirittura predisposto una scala di \u00abeventi stressanti\u00bb cui hanno assegnato un \u00abpunteggio\u00bb: si va dai 100 punti per \u00abla perdita di una persona amata\u00bb, ai 63 per \u00abincarcerazione\u00bb, ai 31 per \u00abipoteca di pi\u00f9 di 10 milioni\u00bb, fino a 11 per \u00abcontravvenzione\u00bb. Chi, nell&#8217;arco di un anno, supera la somma di 300 punti, pu\u00f2 pi\u00f9 facilmente cadere vittima di una qualunque malattia, dall&#8217;influenza al cancro.<\/p>\n<p style=\"text-align: justify;\"><strong>La disperazione esistenziale<\/strong><\/p>\n<p style=\"text-align: justify;\">Ci\u00f2 avviene, spiegava Speciani, perch\u00e9 l&#8217;Organizzatore, sotto lo stress prolungato, si \u00absmarrisce\u00bb, perde la sua capacit\u00e0 di sorveglianza. E il pi\u00f9 insidioso \u00e8 lo \u00abstress cronico di cui la societ\u00e0 del benessere fornisce quantit\u00e0 intollerabili\u00bb: lo scadimento delle relazioni tra persone, la competitivit\u00e0 esasperata delle \u00abistanze collettive\u00bb, il disadattamento, ma soprattutto \u00abla tipica chiusura dell&#8217;uomo moderno alla speranza\u00bb.<\/p>\n<p style=\"text-align: justify;\">Ma cos&#8217;\u00e8 \u00abchiusura alla speranza\u00bb cosi \u00abtipica\u00bb dell&#8217;uomo contemporaneo? Un grande oncologo, Le Shan, in una ricerca condotta su 500 cancerosi, ha stilato una specie di identikit della personalit\u00e0 predisposta alla malattia: \u00abQuesti pazienti hanno una vita particolarmente isolata, autocondannante e autocolpevolizzante, e nonostante la loro disperazione continuano a portare avanti la loro attivit\u00e0 di routine, senza soddisfazione, anzi svuotandosi\u00bb. Cos\u00ec, cominciamo forse a capire: quella che Le Shan descrive \u00e8 la disperazione dell&#8217;uomo secolarizzato, lo stoicismo \u00abborghese\u00bb, tutto chiuso nell&#8217;al di qua, che non offre una prospettiva di speranza dentro le sconfitte della vita. Per contro, diceva Speciani: \u00abChi pu\u00f2 dire quanti cancri vengono evitati dalla preghiera, dalla rassegnazione al proprio stato, da un&#8217;assoluzione ottenuta dal sacerdote, una capacit\u00e0 di sublimare la sofferenza in aiuto?\u00bb.<\/p>\n<p style=\"text-align: justify;\"><a href=\"https:\/\/www.rassegnastampa-totustuus.it\/cattolica\/wp-content\/uploads\/2009\/05\/suore_ospedale.jpg\"><img loading=\"lazy\" decoding=\"async\" class=\"alignright wp-image-32155\" src=\"https:\/\/www.rassegnastampa-totustuus.it\/cattolica\/wp-content\/uploads\/2009\/05\/suore_ospedale.jpg\" alt=\"\" width=\"250\" height=\"187\" \/><\/a>E una verit\u00e0 di cui hanno fatto esperienza, stupendosene, due cancerologi statuni\u00adtensi dell&#8217;ospedale di Fort Worth, Texas: Cari Simonton, radioterapista, e sua moglie Stephanie, psicologa, esperta nelle \u00abpsicoterapie d&#8217;appoggio\u00bb ai malati di cancro. Uno dei loro pazienti, un uomo d&#8217;affari americano, sembrava smentire l&#8217;identikit psicologico stilato da Le Shan: un uomo energico, di successo, marito e padre felice. Eppure, s&#8217;era ammalato di cancro. Stimolato dai medici a ricordare il suo stato emotivo nei mesi precedenti l&#8217;apparizione della malattia, infine, il paziente disse: \u00abAvevo la sensazione di aver raggiunto ormai, a quarant&#8217;anni, tutti gli scopi della mia vita: un ottimo lavoro, una bella casa, moglie e figli adorabili. Ma nello stesso tempo, mi chiedevo: \u00e8 tutto qui? Ed ho continuato a lavorare chiedendomi: \u00e8 tutto qui?\u00bb.<\/p>\n<p style=\"text-align: justify;\">E\u2019, come si pu\u00f2 capire, la domanda religiosa. Quella che ad un certo punto ha colto tutti i grandi convertiti. Quella che si pose il figlio di Bernardone d&#8217;Assisi, ricco mercante, e lo indusse ad abbandonare tutto per diventare San Francesco. E, anche, la sola domanda cui il nostro mondo \u00abtollerante\u00bb non ammetta risposta Senza quella risposta, l&#8217;uomo che ha scoperto la vanit\u00e0 della vita continua a lavorare per \u00abquesta\u00bb vita, \u00absvuotandosi). Fino alla malattia mortale.<\/p>\n<p style=\"text-align: justify;\">Su questa base, Carl e Stephanie Simonton hanno messo a punto una curiosa psicoterapia del cancro. Invitano i pazienti a pensare ai \u00abvantaggi\u00bb che la malattia procura loro: avere il cancro e un male, ma pu\u00f2 essere sentito come una tregua necessaria dalla corsa al successo, sentita come vana. O pu\u00f2 dare occasione di esprimere emozioni, che ad un \u00absano\u00bb non sono permesse. O, ancora, pu\u00f2 sollecitare l&#8217;affetto dei propri cari, sepolto da anni di indifferenza.<\/p>\n<p style=\"text-align: justify;\"><strong>Perdonare per guarire<\/strong><\/p>\n<p style=\"text-align: justify;\"><a href=\"https:\/\/www.rassegnastampa-totustuus.it\/cattolica\/wp-content\/uploads\/2007\/02\/perdono.jpg\"><img loading=\"lazy\" decoding=\"async\" class=\"alignleft wp-image-28510\" src=\"https:\/\/www.rassegnastampa-totustuus.it\/cattolica\/wp-content\/uploads\/2007\/02\/perdono-300x146.jpg\" alt=\"\" width=\"250\" height=\"122\" srcset=\"https:\/\/www.rassegnastampa-totustuus.it\/cattolica\/wp-content\/uploads\/2007\/02\/perdono-300x146.jpg 300w, https:\/\/www.rassegnastampa-totustuus.it\/cattolica\/wp-content\/uploads\/2007\/02\/perdono.jpg 321w\" sizes=\"auto, (max-width: 250px) 100vw, 250px\" \/><\/a>In secondo luogo, i coniugi Simonton istruiscono il malato ad immaginare un \u00abconsigliere interiore\u00bb, con cui parlare, cui far le domande che stanno a cuore: e tale \u00abconsigliere\u00bb somiglia molto all&#8217;angelo custode, relegato nelle illusioni infantili. Infine, i due medici americani insegnano ai malati a raggiungere la pacificazione interiore. In un modo: superando il risentimento, \u00abperdonando ai propri nemici\u00bb. \u00abIl metodo l\u2019abbiamo tratto da un vecchio libretto di devozione capitatoci in mano per caso, &#8220;Il Sermone della Montagna &#8220;\u00bb,\u00a0 racconta Carl Simonton: \u00abE un metodo di orazione molto usato dai religiosi Si immagina di avere davanti la persona per cui si ha risentimento, e si immagina che le accadano delle cose buone e piacevoli Sembra difficile, anzi impossibile: ma con l&#8217;esercizio, si scopre che si pu\u00f2, e ci\u00f2 aiuta ad avere relazioni pi\u00f9 serene con gli altri\u00bb.<\/p>\n<p style=\"text-align: justify;\">Pu\u00f2 sembrare ingenuo. Ma Cari e Stephanie Simonton (che hanno pubblicato le loro esperienze m un libro, \u00abStar bene nuovamente\u00bb, edito in Italia dalle Edizioni Nordovest) ottengono per i loro pazienti un prolungamento medio delle speranze di vita di cinque anni, una diminuzione imponente dei dolori, e talora remissioni che paiono miracolose. I metodi dei Simonton, ha riconosciuto lo stesso Hans Selye, \u00abmobilitano positivamente il sistema immunitario dei malati, lottando contro lo stress negativo\u00bb. Che sia questa la risposta giusta?<\/p>\n","protected":false},"excerpt":{"rendered":"<p>Avvenire, gioved\u00ec 27 ottobre 1988 \u00a0Si apre oggi a Milano il convegno internazionale di \u00abpsicooncologia\u00bb \u00a0\u00abL&#8217;infelicit\u00e0 \u00e8 la causa del cancro\u00bb. E il medico si scopre inutile di Maurizio Blondet<\/p><p><a class=\"more-link btn\" href=\"https:\/\/www.rassegnastampa-totustuus.it\/cattolica\/se-il-male-vien-dallanima\/\">Continua a leggere<\/a><\/p>\n","protected":false},"author":6,"featured_media":29342,"comment_status":"closed","ping_status":"closed","sticky":false,"template":"","format":"standard","meta":{"footnotes":""},"categories":[22,25],"tags":[2330,311,2329],"class_list":["post-29341","post","type-post","status-publish","format-standard","has-post-thumbnail","hentry","category-scienza","category-sguardo-sul-nostro-tempo","tag-anima","tag-medicina","tag-tumori","item-wrap"],"yoast_head":"<!-- This site is optimized with the Yoast SEO plugin v27.5 - https:\/\/yoast.com\/product\/yoast-seo-wordpress\/ -->\n<title>Se il male vien dall&#039;anima - Rassegna Stampa Cattolica<\/title>\n<meta name=\"description\" content=\"Rassegna Stampa Cattolica - Per una cultura che nasce dalla Rivelazione cristiana in conformit\u00e0 alla tradizione e al Magistero della Chiesa in opposizione ad ogni relativismo e totalitarismo\" \/>\n<meta name=\"robots\" content=\"index, follow, max-snippet:-1, max-image-preview:large, max-video-preview:-1\" \/>\n<link rel=\"canonical\" href=\"https:\/\/www.rassegnastampa-totustuus.it\/cattolica\/se-il-male-vien-dallanima\/\" \/>\n<meta property=\"og:locale\" content=\"it_IT\" \/>\n<meta property=\"og:type\" content=\"article\" \/>\n<meta property=\"og:title\" content=\"Se il male vien dall&#039;anima - Rassegna Stampa Cattolica\" \/>\n<meta property=\"og:description\" content=\"Rassegna Stampa Cattolica - Per una cultura che nasce dalla Rivelazione cristiana in conformit\u00e0 alla tradizione e al Magistero della Chiesa in opposizione ad ogni relativismo e totalitarismo\" \/>\n<meta property=\"og:url\" content=\"https:\/\/www.rassegnastampa-totustuus.it\/cattolica\/se-il-male-vien-dallanima\/\" \/>\n<meta property=\"og:site_name\" content=\"Rassegna Stampa Cattolica\" \/>\n<meta property=\"article:publisher\" content=\"https:\/\/www.facebook.com\/rassegnastampacattolica\" \/>\n<meta property=\"article:published_time\" content=\"2015-08-13T22:00:20+00:00\" \/>\n<meta property=\"article:modified_time\" content=\"2018-09-11T15:27:00+00:00\" \/>\n<meta property=\"og:image\" content=\"https:\/\/www.rassegnastampa-totustuus.it\/cattolica\/wp-content\/uploads\/2016\/01\/oncologia.jpg\" \/>\n\t<meta property=\"og:image:width\" content=\"215\" \/>\n\t<meta property=\"og:image:height\" content=\"234\" \/>\n\t<meta property=\"og:image:type\" content=\"image\/jpeg\" \/>\n<meta name=\"author\" content=\"Redazione\" \/>\n<meta name=\"twitter:card\" content=\"summary_large_image\" \/>\n<meta name=\"twitter:creator\" content=\"@rassegnastampa9\" \/>\n<meta name=\"twitter:site\" content=\"@rassegnastampa9\" \/>\n<meta name=\"twitter:label1\" content=\"Scritto da\" \/>\n\t<meta name=\"twitter:data1\" content=\"Redazione\" \/>\n\t<meta name=\"twitter:label2\" content=\"Tempo di lettura stimato\" \/>\n\t<meta name=\"twitter:data2\" content=\"10 minuti\" \/>\n<script type=\"application\/ld+json\" class=\"yoast-schema-graph\">{\"@context\":\"https:\\\/\\\/schema.org\",\"@graph\":[{\"@type\":\"Article\",\"@id\":\"https:\\\/\\\/www.rassegnastampa-totustuus.it\\\/cattolica\\\/se-il-male-vien-dallanima\\\/#article\",\"isPartOf\":{\"@id\":\"https:\\\/\\\/www.rassegnastampa-totustuus.it\\\/cattolica\\\/se-il-male-vien-dallanima\\\/\"},\"author\":{\"name\":\"Redazione\",\"@id\":\"https:\\\/\\\/www.rassegnastampa-totustuus.it\\\/cattolica\\\/#\\\/schema\\\/person\\\/08f319d2bd1a0904ad9e2bfb7b15e5c3\"},\"headline\":\"Se il male vien dall&#8217;anima\",\"datePublished\":\"2015-08-13T22:00:20+00:00\",\"dateModified\":\"2018-09-11T15:27:00+00:00\",\"mainEntityOfPage\":{\"@id\":\"https:\\\/\\\/www.rassegnastampa-totustuus.it\\\/cattolica\\\/se-il-male-vien-dallanima\\\/\"},\"wordCount\":1959,\"publisher\":{\"@id\":\"https:\\\/\\\/www.rassegnastampa-totustuus.it\\\/cattolica\\\/#organization\"},\"image\":{\"@id\":\"https:\\\/\\\/www.rassegnastampa-totustuus.it\\\/cattolica\\\/se-il-male-vien-dallanima\\\/#primaryimage\"},\"thumbnailUrl\":\"https:\\\/\\\/www.rassegnastampa-totustuus.it\\\/cattolica\\\/wp-content\\\/uploads\\\/2016\\\/01\\\/oncologia.jpg\",\"keywords\":[\"anima\",\"medicina\",\"tumori\"],\"articleSection\":[\"Scienza\",\"Sguardo sul nostro tempo\"],\"inLanguage\":\"it-IT\"},{\"@type\":\"WebPage\",\"@id\":\"https:\\\/\\\/www.rassegnastampa-totustuus.it\\\/cattolica\\\/se-il-male-vien-dallanima\\\/\",\"url\":\"https:\\\/\\\/www.rassegnastampa-totustuus.it\\\/cattolica\\\/se-il-male-vien-dallanima\\\/\",\"name\":\"Se il male vien dall'anima - Rassegna Stampa Cattolica\",\"isPartOf\":{\"@id\":\"https:\\\/\\\/www.rassegnastampa-totustuus.it\\\/cattolica\\\/#website\"},\"primaryImageOfPage\":{\"@id\":\"https:\\\/\\\/www.rassegnastampa-totustuus.it\\\/cattolica\\\/se-il-male-vien-dallanima\\\/#primaryimage\"},\"image\":{\"@id\":\"https:\\\/\\\/www.rassegnastampa-totustuus.it\\\/cattolica\\\/se-il-male-vien-dallanima\\\/#primaryimage\"},\"thumbnailUrl\":\"https:\\\/\\\/www.rassegnastampa-totustuus.it\\\/cattolica\\\/wp-content\\\/uploads\\\/2016\\\/01\\\/oncologia.jpg\",\"datePublished\":\"2015-08-13T22:00:20+00:00\",\"dateModified\":\"2018-09-11T15:27:00+00:00\",\"description\":\"Rassegna Stampa Cattolica - Per una cultura che nasce dalla Rivelazione cristiana in conformit\u00e0 alla tradizione e al Magistero della Chiesa in opposizione ad ogni relativismo e totalitarismo\",\"breadcrumb\":{\"@id\":\"https:\\\/\\\/www.rassegnastampa-totustuus.it\\\/cattolica\\\/se-il-male-vien-dallanima\\\/#breadcrumb\"},\"inLanguage\":\"it-IT\",\"potentialAction\":[{\"@type\":\"ReadAction\",\"target\":[\"https:\\\/\\\/www.rassegnastampa-totustuus.it\\\/cattolica\\\/se-il-male-vien-dallanima\\\/\"]}]},{\"@type\":\"ImageObject\",\"inLanguage\":\"it-IT\",\"@id\":\"https:\\\/\\\/www.rassegnastampa-totustuus.it\\\/cattolica\\\/se-il-male-vien-dallanima\\\/#primaryimage\",\"url\":\"https:\\\/\\\/www.rassegnastampa-totustuus.it\\\/cattolica\\\/wp-content\\\/uploads\\\/2016\\\/01\\\/oncologia.jpg\",\"contentUrl\":\"https:\\\/\\\/www.rassegnastampa-totustuus.it\\\/cattolica\\\/wp-content\\\/uploads\\\/2016\\\/01\\\/oncologia.jpg\",\"width\":215,\"height\":234},{\"@type\":\"BreadcrumbList\",\"@id\":\"https:\\\/\\\/www.rassegnastampa-totustuus.it\\\/cattolica\\\/se-il-male-vien-dallanima\\\/#breadcrumb\",\"itemListElement\":[{\"@type\":\"ListItem\",\"position\":1,\"name\":\"Home\",\"item\":\"https:\\\/\\\/www.rassegnastampa-totustuus.it\\\/cattolica\\\/\"},{\"@type\":\"ListItem\",\"position\":2,\"name\":\"Se il male vien dall&#8217;anima\"}]},{\"@type\":\"WebSite\",\"@id\":\"https:\\\/\\\/www.rassegnastampa-totustuus.it\\\/cattolica\\\/#website\",\"url\":\"https:\\\/\\\/www.rassegnastampa-totustuus.it\\\/cattolica\\\/\",\"name\":\"Rassegna Stampa Cattolica\",\"description\":\"Per una cultura che nasce dalla Rivelazione cristiana in conformit\u00e0 alla tradizione e al Magistero della Chiesa in opposizione ad ogni relativismo e totalitarismo\",\"publisher\":{\"@id\":\"https:\\\/\\\/www.rassegnastampa-totustuus.it\\\/cattolica\\\/#organization\"},\"alternateName\":\"Rass. Cattolica\",\"potentialAction\":[{\"@type\":\"SearchAction\",\"target\":{\"@type\":\"EntryPoint\",\"urlTemplate\":\"https:\\\/\\\/www.rassegnastampa-totustuus.it\\\/cattolica\\\/?s={search_term_string}\"},\"query-input\":{\"@type\":\"PropertyValueSpecification\",\"valueRequired\":true,\"valueName\":\"search_term_string\"}}],\"inLanguage\":\"it-IT\"},{\"@type\":\"Organization\",\"@id\":\"https:\\\/\\\/www.rassegnastampa-totustuus.it\\\/cattolica\\\/#organization\",\"name\":\"Rassegna Stampa Cattolica\",\"url\":\"https:\\\/\\\/www.rassegnastampa-totustuus.it\\\/cattolica\\\/\",\"logo\":{\"@type\":\"ImageObject\",\"inLanguage\":\"it-IT\",\"@id\":\"https:\\\/\\\/www.rassegnastampa-totustuus.it\\\/cattolica\\\/#\\\/schema\\\/logo\\\/image\\\/\",\"url\":\"https:\\\/\\\/www.rassegnastampa-totustuus.it\\\/cattolica\\\/wp-content\\\/uploads\\\/2014\\\/04\\\/logo-rassegna1.gif\",\"contentUrl\":\"https:\\\/\\\/www.rassegnastampa-totustuus.it\\\/cattolica\\\/wp-content\\\/uploads\\\/2014\\\/04\\\/logo-rassegna1.gif\",\"width\":600,\"height\":163,\"caption\":\"Rassegna Stampa Cattolica\"},\"image\":{\"@id\":\"https:\\\/\\\/www.rassegnastampa-totustuus.it\\\/cattolica\\\/#\\\/schema\\\/logo\\\/image\\\/\"},\"sameAs\":[\"https:\\\/\\\/www.facebook.com\\\/rassegnastampacattolica\",\"https:\\\/\\\/x.com\\\/rassegnastampa9\"]},{\"@type\":\"Person\",\"@id\":\"https:\\\/\\\/www.rassegnastampa-totustuus.it\\\/cattolica\\\/#\\\/schema\\\/person\\\/08f319d2bd1a0904ad9e2bfb7b15e5c3\",\"name\":\"Redazione\",\"image\":{\"@type\":\"ImageObject\",\"inLanguage\":\"it-IT\",\"@id\":\"https:\\\/\\\/secure.gravatar.com\\\/avatar\\\/2fcdf27c78ea025fbdb44e914cc63c72249ffec9dc8aafd5c82b26240ef3f346?s=96&d=mm&r=g\",\"url\":\"https:\\\/\\\/secure.gravatar.com\\\/avatar\\\/2fcdf27c78ea025fbdb44e914cc63c72249ffec9dc8aafd5c82b26240ef3f346?s=96&d=mm&r=g\",\"contentUrl\":\"https:\\\/\\\/secure.gravatar.com\\\/avatar\\\/2fcdf27c78ea025fbdb44e914cc63c72249ffec9dc8aafd5c82b26240ef3f346?s=96&d=mm&r=g\",\"caption\":\"Redazione\"},\"url\":\"https:\\\/\\\/www.rassegnastampa-totustuus.it\\\/cattolica\\\/author\\\/pietroelle\\\/\"}]}<\/script>\n<!-- \/ Yoast SEO plugin. -->","yoast_head_json":{"title":"Se il male vien dall'anima - Rassegna Stampa Cattolica","description":"Rassegna Stampa Cattolica - Per una cultura che nasce dalla Rivelazione cristiana in conformit\u00e0 alla tradizione e al Magistero della Chiesa in opposizione ad ogni relativismo e totalitarismo","robots":{"index":"index","follow":"follow","max-snippet":"max-snippet:-1","max-image-preview":"max-image-preview:large","max-video-preview":"max-video-preview:-1"},"canonical":"https:\/\/www.rassegnastampa-totustuus.it\/cattolica\/se-il-male-vien-dallanima\/","og_locale":"it_IT","og_type":"article","og_title":"Se il male vien dall'anima - Rassegna Stampa Cattolica","og_description":"Rassegna Stampa Cattolica - Per una cultura che nasce dalla Rivelazione cristiana in conformit\u00e0 alla tradizione e al Magistero della Chiesa in opposizione ad ogni relativismo e totalitarismo","og_url":"https:\/\/www.rassegnastampa-totustuus.it\/cattolica\/se-il-male-vien-dallanima\/","og_site_name":"Rassegna Stampa Cattolica","article_publisher":"https:\/\/www.facebook.com\/rassegnastampacattolica","article_published_time":"2015-08-13T22:00:20+00:00","article_modified_time":"2018-09-11T15:27:00+00:00","og_image":[{"width":215,"height":234,"url":"https:\/\/www.rassegnastampa-totustuus.it\/cattolica\/wp-content\/uploads\/2016\/01\/oncologia.jpg","type":"image\/jpeg"}],"author":"Redazione","twitter_card":"summary_large_image","twitter_creator":"@rassegnastampa9","twitter_site":"@rassegnastampa9","twitter_misc":{"Scritto da":"Redazione","Tempo di lettura stimato":"10 minuti"},"schema":{"@context":"https:\/\/schema.org","@graph":[{"@type":"Article","@id":"https:\/\/www.rassegnastampa-totustuus.it\/cattolica\/se-il-male-vien-dallanima\/#article","isPartOf":{"@id":"https:\/\/www.rassegnastampa-totustuus.it\/cattolica\/se-il-male-vien-dallanima\/"},"author":{"name":"Redazione","@id":"https:\/\/www.rassegnastampa-totustuus.it\/cattolica\/#\/schema\/person\/08f319d2bd1a0904ad9e2bfb7b15e5c3"},"headline":"Se il male vien dall&#8217;anima","datePublished":"2015-08-13T22:00:20+00:00","dateModified":"2018-09-11T15:27:00+00:00","mainEntityOfPage":{"@id":"https:\/\/www.rassegnastampa-totustuus.it\/cattolica\/se-il-male-vien-dallanima\/"},"wordCount":1959,"publisher":{"@id":"https:\/\/www.rassegnastampa-totustuus.it\/cattolica\/#organization"},"image":{"@id":"https:\/\/www.rassegnastampa-totustuus.it\/cattolica\/se-il-male-vien-dallanima\/#primaryimage"},"thumbnailUrl":"https:\/\/www.rassegnastampa-totustuus.it\/cattolica\/wp-content\/uploads\/2016\/01\/oncologia.jpg","keywords":["anima","medicina","tumori"],"articleSection":["Scienza","Sguardo sul nostro tempo"],"inLanguage":"it-IT"},{"@type":"WebPage","@id":"https:\/\/www.rassegnastampa-totustuus.it\/cattolica\/se-il-male-vien-dallanima\/","url":"https:\/\/www.rassegnastampa-totustuus.it\/cattolica\/se-il-male-vien-dallanima\/","name":"Se il male vien dall'anima - Rassegna Stampa Cattolica","isPartOf":{"@id":"https:\/\/www.rassegnastampa-totustuus.it\/cattolica\/#website"},"primaryImageOfPage":{"@id":"https:\/\/www.rassegnastampa-totustuus.it\/cattolica\/se-il-male-vien-dallanima\/#primaryimage"},"image":{"@id":"https:\/\/www.rassegnastampa-totustuus.it\/cattolica\/se-il-male-vien-dallanima\/#primaryimage"},"thumbnailUrl":"https:\/\/www.rassegnastampa-totustuus.it\/cattolica\/wp-content\/uploads\/2016\/01\/oncologia.jpg","datePublished":"2015-08-13T22:00:20+00:00","dateModified":"2018-09-11T15:27:00+00:00","description":"Rassegna Stampa Cattolica - Per una cultura che nasce dalla Rivelazione cristiana in conformit\u00e0 alla tradizione e al Magistero della Chiesa in opposizione ad ogni relativismo e totalitarismo","breadcrumb":{"@id":"https:\/\/www.rassegnastampa-totustuus.it\/cattolica\/se-il-male-vien-dallanima\/#breadcrumb"},"inLanguage":"it-IT","potentialAction":[{"@type":"ReadAction","target":["https:\/\/www.rassegnastampa-totustuus.it\/cattolica\/se-il-male-vien-dallanima\/"]}]},{"@type":"ImageObject","inLanguage":"it-IT","@id":"https:\/\/www.rassegnastampa-totustuus.it\/cattolica\/se-il-male-vien-dallanima\/#primaryimage","url":"https:\/\/www.rassegnastampa-totustuus.it\/cattolica\/wp-content\/uploads\/2016\/01\/oncologia.jpg","contentUrl":"https:\/\/www.rassegnastampa-totustuus.it\/cattolica\/wp-content\/uploads\/2016\/01\/oncologia.jpg","width":215,"height":234},{"@type":"BreadcrumbList","@id":"https:\/\/www.rassegnastampa-totustuus.it\/cattolica\/se-il-male-vien-dallanima\/#breadcrumb","itemListElement":[{"@type":"ListItem","position":1,"name":"Home","item":"https:\/\/www.rassegnastampa-totustuus.it\/cattolica\/"},{"@type":"ListItem","position":2,"name":"Se il male vien dall&#8217;anima"}]},{"@type":"WebSite","@id":"https:\/\/www.rassegnastampa-totustuus.it\/cattolica\/#website","url":"https:\/\/www.rassegnastampa-totustuus.it\/cattolica\/","name":"Rassegna Stampa Cattolica","description":"Per una cultura che nasce dalla Rivelazione cristiana in conformit\u00e0 alla tradizione e al Magistero della Chiesa in opposizione ad ogni relativismo e totalitarismo","publisher":{"@id":"https:\/\/www.rassegnastampa-totustuus.it\/cattolica\/#organization"},"alternateName":"Rass. Cattolica","potentialAction":[{"@type":"SearchAction","target":{"@type":"EntryPoint","urlTemplate":"https:\/\/www.rassegnastampa-totustuus.it\/cattolica\/?s={search_term_string}"},"query-input":{"@type":"PropertyValueSpecification","valueRequired":true,"valueName":"search_term_string"}}],"inLanguage":"it-IT"},{"@type":"Organization","@id":"https:\/\/www.rassegnastampa-totustuus.it\/cattolica\/#organization","name":"Rassegna Stampa Cattolica","url":"https:\/\/www.rassegnastampa-totustuus.it\/cattolica\/","logo":{"@type":"ImageObject","inLanguage":"it-IT","@id":"https:\/\/www.rassegnastampa-totustuus.it\/cattolica\/#\/schema\/logo\/image\/","url":"https:\/\/www.rassegnastampa-totustuus.it\/cattolica\/wp-content\/uploads\/2014\/04\/logo-rassegna1.gif","contentUrl":"https:\/\/www.rassegnastampa-totustuus.it\/cattolica\/wp-content\/uploads\/2014\/04\/logo-rassegna1.gif","width":600,"height":163,"caption":"Rassegna Stampa Cattolica"},"image":{"@id":"https:\/\/www.rassegnastampa-totustuus.it\/cattolica\/#\/schema\/logo\/image\/"},"sameAs":["https:\/\/www.facebook.com\/rassegnastampacattolica","https:\/\/x.com\/rassegnastampa9"]},{"@type":"Person","@id":"https:\/\/www.rassegnastampa-totustuus.it\/cattolica\/#\/schema\/person\/08f319d2bd1a0904ad9e2bfb7b15e5c3","name":"Redazione","image":{"@type":"ImageObject","inLanguage":"it-IT","@id":"https:\/\/secure.gravatar.com\/avatar\/2fcdf27c78ea025fbdb44e914cc63c72249ffec9dc8aafd5c82b26240ef3f346?s=96&d=mm&r=g","url":"https:\/\/secure.gravatar.com\/avatar\/2fcdf27c78ea025fbdb44e914cc63c72249ffec9dc8aafd5c82b26240ef3f346?s=96&d=mm&r=g","contentUrl":"https:\/\/secure.gravatar.com\/avatar\/2fcdf27c78ea025fbdb44e914cc63c72249ffec9dc8aafd5c82b26240ef3f346?s=96&d=mm&r=g","caption":"Redazione"},"url":"https:\/\/www.rassegnastampa-totustuus.it\/cattolica\/author\/pietroelle\/"}]}},"_links":{"self":[{"href":"https:\/\/www.rassegnastampa-totustuus.it\/cattolica\/wp-json\/wp\/v2\/posts\/29341","targetHints":{"allow":["GET"]}}],"collection":[{"href":"https:\/\/www.rassegnastampa-totustuus.it\/cattolica\/wp-json\/wp\/v2\/posts"}],"about":[{"href":"https:\/\/www.rassegnastampa-totustuus.it\/cattolica\/wp-json\/wp\/v2\/types\/post"}],"author":[{"embeddable":true,"href":"https:\/\/www.rassegnastampa-totustuus.it\/cattolica\/wp-json\/wp\/v2\/users\/6"}],"replies":[{"embeddable":true,"href":"https:\/\/www.rassegnastampa-totustuus.it\/cattolica\/wp-json\/wp\/v2\/comments?post=29341"}],"version-history":[{"count":3,"href":"https:\/\/www.rassegnastampa-totustuus.it\/cattolica\/wp-json\/wp\/v2\/posts\/29341\/revisions"}],"predecessor-version":[{"id":41059,"href":"https:\/\/www.rassegnastampa-totustuus.it\/cattolica\/wp-json\/wp\/v2\/posts\/29341\/revisions\/41059"}],"wp:featuredmedia":[{"embeddable":true,"href":"https:\/\/www.rassegnastampa-totustuus.it\/cattolica\/wp-json\/wp\/v2\/media\/29342"}],"wp:attachment":[{"href":"https:\/\/www.rassegnastampa-totustuus.it\/cattolica\/wp-json\/wp\/v2\/media?parent=29341"}],"wp:term":[{"taxonomy":"category","embeddable":true,"href":"https:\/\/www.rassegnastampa-totustuus.it\/cattolica\/wp-json\/wp\/v2\/categories?post=29341"},{"taxonomy":"post_tag","embeddable":true,"href":"https:\/\/www.rassegnastampa-totustuus.it\/cattolica\/wp-json\/wp\/v2\/tags?post=29341"}],"curies":[{"name":"wp","href":"https:\/\/api.w.org\/{rel}","templated":true}]}}