{"id":29266,"date":"2015-08-07T00:00:38","date_gmt":"2015-08-06T22:00:38","guid":{"rendered":"http:\/\/www.rassegnastampa-totustuus.it\/cattolica\/?p=29266"},"modified":"2016-01-07T14:35:30","modified_gmt":"2016-01-07T13:35:30","slug":"il-giorno-che-la-famiglia-rockefeller-decise-di-frenare-le-nascite-nel-mondo","status":"publish","type":"post","link":"https:\/\/www.rassegnastampa-totustuus.it\/cattolica\/il-giorno-che-la-famiglia-rockefeller-decise-di-frenare-le-nascite-nel-mondo\/","title":{"rendered":"Il giorno che la famiglia Rockefeller decise di frenare le nascite nel mondo"},"content":{"rendered":"<p style=\"text-align: center;\"><strong><a href=\"https:\/\/www.rassegnastampa-totustuus.it\/cattolica\/wp-content\/uploads\/2016\/01\/fondazione_Rockefeller.jpg\"><img loading=\"lazy\" decoding=\"async\" class=\"alignright wp-image-29267 size-full\" src=\"https:\/\/www.rassegnastampa-totustuus.it\/cattolica\/wp-content\/uploads\/2016\/01\/fondazione_Rockefeller.jpg\" alt=\"fondazione_Rockefeller\" width=\"187\" height=\"180\" \/><\/a>Avvenire,<\/strong> 10 gennaio 1988<\/p>\n<p style=\"text-align: center;\"><em>Chi pianifica le politiche di \u00abcrescita zero\u00bb<\/em><\/p>\n<p style=\"text-align: center;\">\u00a0di<strong> Aleksander Minak<\/strong><\/p>\n<p style=\"text-align: justify;\">\u00abI settori pubblici e privati devono operare insieme per accelerare negli Usa lo sviluppo degli aborti legali. Da 1,2 milioni all&#8217;anno, essi devono salire a 1,8 milioni\u00bb. Era il 14 marzo 1973 quando J.H. Knowles, presidente della Fondazione Rockefeller, enunci\u00f2 questo programma a New York, davanti al Consiglio nazionale sviluppo pianificazione familiare. Nel &#8217;73 la Corte suprema aveva appena depenalizzato l&#8217;aborto, ma per Knowles la politica &#8220;permissiva&#8221; non era sufficiente: occorreva una \u00abpromozione attiva\u00bb dell&#8217;aborto di massa.<\/p>\n<p style=\"text-align: justify;\"><!--more--><\/p>\n<p style=\"text-align: justify;\">La cosa fu organizzata come se si trattasse di promuovere un maggior consumo di Coca Cola. Vi si impegn\u00f2, anima corpo e portafogli, Nelson Rockefeller, capo della dinastia che possiede la Standard Oil e la Chase Manhattan Bank, controlla giornali e network televisivi (Abc, Cbs), che ha fondato il club dei supermiliardari del mondo noto come Commissione trilaterale. Nelson (\u00e8 morto nel &#8217;79) \u00e8 stato inoltre governatore dello Stato di New York e vicepresidente degli Usa<\/p>\n<p style=\"text-align: justify;\">Una famiglia potente. Che ha promosso l&#8217;aborto in America con la fondazione, gi\u00e0 dal 1952, del &#8220;Population council&#8221;, condotto da uomini della Fondazione Rockefeller.<\/p>\n<p style=\"text-align: justify;\">Ente privato, il Council gode per\u00f2 di entrate pubbliche, in quanto finanziato dal ministero della Sanit\u00e0 e dall&#8217;Agenzia internazionale per lo sviluppo (Aid). Per ammissione degli stessi Rockefeller, ogni dollaro da loro versato al Council ha &#8220;attivato&#8221; 24 dollari &#8220;pubblici&#8221; per propagandare &#8211; attraverso 22mila centri di base \u00abper la pianificazione familiare\u00bb \u2014 l&#8217;aborto e le pratiche contraccettive.<\/p>\n<p style=\"text-align: justify;\">Ma gli Stati Uniti sono solo uno dei Paesi in cui si svolge la \u00abpromozione attiva\u00bb della famiglia Rockefeller per questa, l&#8217;aborto \u00e8 soprattutto un genere d&#8217;esportazione, desti\u00adnato in particolare al Terzo Mondo. Attraverso i canali dell&#8217;Aid e le solidariet\u00e0 occulte della Trilaterale e della massoneria americana, l&#8217;ideologia abortista dei Rockefeller ha informato da gran tempo i vertici dell&#8217;Onu. L&#8217;ex segretario U&#8217;Thant \u00e8 stato amministratore del \u00abPopulation council\u00bb.<\/p>\n<p style=\"text-align: justify;\">Un&#8217;ottantina di sezioni della Pianificazione familiare operano in altrettanti Stati sotto l&#8217;egida degli organismi Onu, i quali condizionano la concessione di aiuti ai Paesi poveri al fatto che questi accettino di adottare politiche di contenimento della popolazione.<\/p>\n<p style=\"text-align: justify;\">Perch\u00e9 questa volont\u00e0 dei clan supercapitalisti di promuovere aborto e contraccezione? Alla base ci sono visibili interessi concreti dei supercapitalisti stessi: le famiglie con figli non sono buone &#8220;consumatrici&#8221;, non cambiano l&#8217;auto o il frigorifero con la frequenza che pare necessaria ai fabbricanti di beni di consumo. Il Fondo monetario internazionale inoltre, che \u00e8 l&#8217;organo supernazionale che unisce le banche creditrici (di cui la Chase Manhattan \u00e8 la maggiore) dei Paesi del Terzo Mondo, impone a questi Paesi severe misure di &#8220;austerit\u00e0&#8221; perch\u00e9 essi possano pagare ai banchieri gli interessi sui debiti: e questa &#8220;austerit\u00e0&#8221; comprendono la necessit\u00e0 di bloccare il numero di \u00abbocche da sfamare\u00bb in questi Paesi, secondo idee di neocolonialismo malthusiano che hanno trovato espressione persino in un progetto (Global 2000) elaborato dall&#8217;amministrazione Carter, nota &#8220;creatura&#8221; dei laboratori della Trilaterale.<\/p>\n<p style=\"text-align: justify;\">Global 2000 non riusc\u00ec a nascondere la vera preoccupazione dei miliardari, che \u00e8 questa: l&#8217;aumento della popolazione \u00e8 in realt\u00e0 un fattore potentissimo di cambiamento e di innovazione; \u00e8 stato sotto l&#8217;impulso demografico che l&#8217;umanit\u00e0 ha imparato, ad esempio, a sfruttare pi\u00f9 efficienti forme di energia, dalla legna al carbone e poi al petrolio. Ma ogni &#8220;innovazione&#8221; epocale ha comportato il tramonto di vecchi centri di potere a favore di nuovi centri di potere, per esempio la fine dei signori del carbone e l&#8217;ascesa dei signori del petrolio.<\/p>\n<p style=\"text-align: justify;\">Di qui la necessit\u00e0 di bloccare la demografia per conservare l&#8217;attuale sistema di potere economico mondiale.<\/p>\n<p style=\"text-align: justify;\">Perci\u00f2 si \u00e8 cercato di bandire un&#8217;ideologia della \u00abcrescita zero\u00bb, come quella a cui il Mit americano (finanziato dai Rockefeller) e il Club di Roma (Rockefeller e Agnelli) hanno cercato di dare una coloritura &#8220;scientifica&#8221;: le risorse della Terra \u00absi stanno esaurendo\u00bb, dunque bisogna frenare la crescita della popolazione.<\/p>\n<p style=\"text-align: justify;\">Di qui nascono tutti i movimenti ecologisti e &#8220;verdi&#8221; del mondo, sulle cui fonti di finanziamento sarebbe interessante indagare. Una fonte massonica certa, il ginecologo israelita Pierre Simon, gi\u00e0 gran maestro della Gran Loggia di Francia, ha rivendicato alle Logge il merito di aver promosso la legislazione abortista in Francia. Secondo lui, gi\u00e0 nel &#8217;53, in una riunione segreta a Ginevra, fu formulata l&#8217;idea motrice: \u00abPorre il principio secondo cui la vita \u00e8 un <em>materiale<\/em> nel senso <em>ecologico <\/em>del termine, e che ci spetta gestirlo\u00bb; \u00abla civilt\u00e0 moderna, siccome \u00e8 in condizione di controllare il processo biologico, far\u00e0 sempre meno riferimento al fatto fisico della vita che alla sua qualit\u00e0 (&#8230;) Guardiamo le cose in faccia: un mongoloide entra in questo quadro?\u00bb.<\/p>\n<p style=\"text-align: justify;\">E&#8217; qui la radice del nazismo legalizzato e razionalista, del genocidio banalizzato, quoti\u00addiano e di massa, in cui tutti viviamo senza vergogna.<\/p>\n<p style=\"text-align: center;\">______________________<\/p>\n<p style=\"text-align: justify;\">(<strong>P. Pir.<\/strong>) L&#8217;aborto procurato, bench\u00e9 la legge italiana affermi il contrario, \u00e8 uno strumento di controllo delle nascite, \u00e8 cio\u00e8 uno strumento finalizzato a quella \u00abcrescita zero\u00bb predicata dalle multinazionali della pianificazione familiare (contraccezione, aborto, sterilizzazione) che si riconducono, tra l&#8217;altro, alla statunitense Fondazione Rockefeller. E l&#8217;aborto procurato \u00e8 una vera e propria industria.<\/p>\n<p style=\"text-align: justify;\">E&#8217; quindi del tutto logico che una ragnatela di mostruosi interessi economici e finanziari come \u00e8 quella che si cela dietro gli slogan del \u00abbambino desiderato\u00bb e della \u00ablibert\u00e0 di scelta\u00bb cerchi di massimizzare sempre pi\u00f9 i propri spazi di mercato e i profitti.<\/p>\n<p style=\"text-align: justify;\">In quest&#8217;ottica la piovra Rockefeller con i suoi numerosi tentacoli (Population Council, International Planned Parenthood Federation, Pathfinder Found, Club di Roma, ecc.) conduce un&#8217;incessante azione per rimuovere tutti gli ostacoli culturali all&#8217;espansione dei suoi profitti. E a livello internazionale un \u00abostacolo\u00bb di tutto rilievo \u00e8 proprio quella di\u00adchiarazione universale dei diritti del fanciullo, con la quale le Nazioni unite sancirono che il bambino ha diritto \u00aba un&#8217;adeguata protezione giuridica, sia prima che dopo la nascita\u00bb.<\/p>\n<p style=\"text-align: justify;\">Perfidamente \u00ablogico\u00bb quindi, ma profondamente disumano, il tentativo che i fautori della \u00abcrescita zero\u00bb stanno facendo per arrivare all&#8217;approvazione da parte dell&#8217;assemblea generale delle Nazioni unite di una nuova Convenzione internazionale sui diritti del fanciullo, ma solo del fanciullo gi\u00e0 nato.<\/p>\n<p style=\"text-align: justify;\">I potenti autori di questo tentativo, infatti, ce la metteranno certamente tutta per prendersi una solenne rivincita, dopo la sconfitta subita nel 1984 in un&#8217;altra sede Onu, alla Conferenza mondiale sulla popolazione di Citt\u00e0 del Messico. Anche allora la bozza della Dichiarazione finale aveva \u00abdimenticato\u00bb la Dichiarazione universale dei diritti del fanciullo, che venne ripescata<\/p>\n<p style=\"text-align: justify;\">A Citt\u00e0 del Messico si percep\u00ec chiaramente che la piovra-Rockefeller controllava, come ancora controlla, con i suoi uomini, i posti-chiave del Fondo delle Nazioni Unite per le attivit\u00e0 in materia di popolazione, anche se alla fine l&#8217;aborto risult\u00f2 messo al bando<\/p>\n","protected":false},"excerpt":{"rendered":"<p>Avvenire, 10 gennaio 1988 Chi pianifica le politiche di \u00abcrescita zero\u00bb \u00a0di Aleksander Minak \u00abI settori pubblici e privati devono operare insieme per accelerare negli Usa lo sviluppo degli aborti legali. Da 1,2 milioni all&#8217;anno, essi devono salire a 1,8 milioni\u00bb. Era il 14 marzo 1973 quando J.H. Knowles, presidente della Fondazione Rockefeller, enunci\u00f2 questo &hellip; <\/p>\n<p><a class=\"more-link btn\" href=\"https:\/\/www.rassegnastampa-totustuus.it\/cattolica\/il-giorno-che-la-famiglia-rockefeller-decise-di-frenare-le-nascite-nel-mondo\/\">Continua a leggere<\/a><\/p>\n","protected":false},"author":6,"featured_media":29267,"comment_status":"closed","ping_status":"closed","sticky":false,"template":"","format":"standard","meta":{"footnotes":""},"categories":[2,9],"tags":[2323,2324,2322,664],"class_list":["post-29266","post","type-post","status-publish","format-standard","has-post-thumbnail","hentry","category-aborto","category-demografia","tag-crescita-zero","tag-dematalita","tag-fondazione-rockefeller","tag-trilaterale","item-wrap"],"yoast_head":"<!-- This site is optimized with the Yoast SEO plugin v27.5 - https:\/\/yoast.com\/product\/yoast-seo-wordpress\/ -->\n<title>Il giorno che la famiglia Rockefeller decise di frenare le nascite nel mondo - Rassegna Stampa Cattolica<\/title>\n<meta name=\"description\" content=\"Rassegna Stampa Cattolica - Per una cultura che nasce dalla Rivelazione cristiana in conformit\u00e0 alla tradizione e al Magistero della Chiesa in opposizione ad ogni relativismo e totalitarismo\" \/>\n<meta name=\"robots\" content=\"index, follow, max-snippet:-1, max-image-preview:large, max-video-preview:-1\" \/>\n<link rel=\"canonical\" href=\"https:\/\/www.rassegnastampa-totustuus.it\/cattolica\/il-giorno-che-la-famiglia-rockefeller-decise-di-frenare-le-nascite-nel-mondo\/\" \/>\n<meta property=\"og:locale\" content=\"it_IT\" \/>\n<meta property=\"og:type\" content=\"article\" \/>\n<meta property=\"og:title\" content=\"Il giorno che la famiglia Rockefeller decise di frenare le nascite nel mondo - Rassegna Stampa Cattolica\" \/>\n<meta property=\"og:description\" content=\"Rassegna Stampa Cattolica - Per una cultura che nasce dalla Rivelazione cristiana in conformit\u00e0 alla tradizione e al Magistero della Chiesa in opposizione ad ogni relativismo e totalitarismo\" \/>\n<meta property=\"og:url\" content=\"https:\/\/www.rassegnastampa-totustuus.it\/cattolica\/il-giorno-che-la-famiglia-rockefeller-decise-di-frenare-le-nascite-nel-mondo\/\" \/>\n<meta property=\"og:site_name\" content=\"Rassegna Stampa Cattolica\" \/>\n<meta property=\"article:publisher\" content=\"https:\/\/www.facebook.com\/rassegnastampacattolica\" \/>\n<meta property=\"article:published_time\" content=\"2015-08-06T22:00:38+00:00\" \/>\n<meta property=\"article:modified_time\" content=\"2016-01-07T13:35:30+00:00\" \/>\n<meta property=\"og:image\" content=\"https:\/\/www.rassegnastampa-totustuus.it\/cattolica\/wp-content\/uploads\/2016\/01\/fondazione_Rockefeller.jpg\" \/>\n\t<meta property=\"og:image:width\" content=\"187\" \/>\n\t<meta property=\"og:image:height\" content=\"180\" \/>\n\t<meta property=\"og:image:type\" content=\"image\/jpeg\" \/>\n<meta name=\"author\" content=\"Redazione\" \/>\n<meta name=\"twitter:card\" content=\"summary_large_image\" \/>\n<meta name=\"twitter:creator\" content=\"@rassegnastampa9\" \/>\n<meta name=\"twitter:site\" content=\"@rassegnastampa9\" \/>\n<meta name=\"twitter:label1\" content=\"Scritto da\" \/>\n\t<meta name=\"twitter:data1\" content=\"Redazione\" \/>\n\t<meta name=\"twitter:label2\" content=\"Tempo di lettura stimato\" \/>\n\t<meta name=\"twitter:data2\" content=\"5 minuti\" \/>\n<script type=\"application\/ld+json\" class=\"yoast-schema-graph\">{\"@context\":\"https:\\\/\\\/schema.org\",\"@graph\":[{\"@type\":\"Article\",\"@id\":\"https:\\\/\\\/www.rassegnastampa-totustuus.it\\\/cattolica\\\/il-giorno-che-la-famiglia-rockefeller-decise-di-frenare-le-nascite-nel-mondo\\\/#article\",\"isPartOf\":{\"@id\":\"https:\\\/\\\/www.rassegnastampa-totustuus.it\\\/cattolica\\\/il-giorno-che-la-famiglia-rockefeller-decise-di-frenare-le-nascite-nel-mondo\\\/\"},\"author\":{\"name\":\"Redazione\",\"@id\":\"https:\\\/\\\/www.rassegnastampa-totustuus.it\\\/cattolica\\\/#\\\/schema\\\/person\\\/08f319d2bd1a0904ad9e2bfb7b15e5c3\"},\"headline\":\"Il giorno che la famiglia Rockefeller decise di frenare le nascite nel mondo\",\"datePublished\":\"2015-08-06T22:00:38+00:00\",\"dateModified\":\"2016-01-07T13:35:30+00:00\",\"mainEntityOfPage\":{\"@id\":\"https:\\\/\\\/www.rassegnastampa-totustuus.it\\\/cattolica\\\/il-giorno-che-la-famiglia-rockefeller-decise-di-frenare-le-nascite-nel-mondo\\\/\"},\"wordCount\":1114,\"publisher\":{\"@id\":\"https:\\\/\\\/www.rassegnastampa-totustuus.it\\\/cattolica\\\/#organization\"},\"image\":{\"@id\":\"https:\\\/\\\/www.rassegnastampa-totustuus.it\\\/cattolica\\\/il-giorno-che-la-famiglia-rockefeller-decise-di-frenare-le-nascite-nel-mondo\\\/#primaryimage\"},\"thumbnailUrl\":\"https:\\\/\\\/www.rassegnastampa-totustuus.it\\\/cattolica\\\/wp-content\\\/uploads\\\/2016\\\/01\\\/fondazione_Rockefeller.jpg\",\"keywords\":[\"crescita zero\",\"dematalit\u00e0\",\"Fondazione Rockefeller\",\"Trilaterale\"],\"articleSection\":[\"Aborto\",\"Demografia\"],\"inLanguage\":\"it-IT\"},{\"@type\":\"WebPage\",\"@id\":\"https:\\\/\\\/www.rassegnastampa-totustuus.it\\\/cattolica\\\/il-giorno-che-la-famiglia-rockefeller-decise-di-frenare-le-nascite-nel-mondo\\\/\",\"url\":\"https:\\\/\\\/www.rassegnastampa-totustuus.it\\\/cattolica\\\/il-giorno-che-la-famiglia-rockefeller-decise-di-frenare-le-nascite-nel-mondo\\\/\",\"name\":\"Il giorno che la famiglia Rockefeller decise di frenare le nascite nel mondo - Rassegna Stampa Cattolica\",\"isPartOf\":{\"@id\":\"https:\\\/\\\/www.rassegnastampa-totustuus.it\\\/cattolica\\\/#website\"},\"primaryImageOfPage\":{\"@id\":\"https:\\\/\\\/www.rassegnastampa-totustuus.it\\\/cattolica\\\/il-giorno-che-la-famiglia-rockefeller-decise-di-frenare-le-nascite-nel-mondo\\\/#primaryimage\"},\"image\":{\"@id\":\"https:\\\/\\\/www.rassegnastampa-totustuus.it\\\/cattolica\\\/il-giorno-che-la-famiglia-rockefeller-decise-di-frenare-le-nascite-nel-mondo\\\/#primaryimage\"},\"thumbnailUrl\":\"https:\\\/\\\/www.rassegnastampa-totustuus.it\\\/cattolica\\\/wp-content\\\/uploads\\\/2016\\\/01\\\/fondazione_Rockefeller.jpg\",\"datePublished\":\"2015-08-06T22:00:38+00:00\",\"dateModified\":\"2016-01-07T13:35:30+00:00\",\"description\":\"Rassegna Stampa Cattolica - Per una cultura che nasce dalla Rivelazione cristiana in conformit\u00e0 alla tradizione e al Magistero della Chiesa in opposizione ad ogni relativismo e totalitarismo\",\"breadcrumb\":{\"@id\":\"https:\\\/\\\/www.rassegnastampa-totustuus.it\\\/cattolica\\\/il-giorno-che-la-famiglia-rockefeller-decise-di-frenare-le-nascite-nel-mondo\\\/#breadcrumb\"},\"inLanguage\":\"it-IT\",\"potentialAction\":[{\"@type\":\"ReadAction\",\"target\":[\"https:\\\/\\\/www.rassegnastampa-totustuus.it\\\/cattolica\\\/il-giorno-che-la-famiglia-rockefeller-decise-di-frenare-le-nascite-nel-mondo\\\/\"]}]},{\"@type\":\"ImageObject\",\"inLanguage\":\"it-IT\",\"@id\":\"https:\\\/\\\/www.rassegnastampa-totustuus.it\\\/cattolica\\\/il-giorno-che-la-famiglia-rockefeller-decise-di-frenare-le-nascite-nel-mondo\\\/#primaryimage\",\"url\":\"https:\\\/\\\/www.rassegnastampa-totustuus.it\\\/cattolica\\\/wp-content\\\/uploads\\\/2016\\\/01\\\/fondazione_Rockefeller.jpg\",\"contentUrl\":\"https:\\\/\\\/www.rassegnastampa-totustuus.it\\\/cattolica\\\/wp-content\\\/uploads\\\/2016\\\/01\\\/fondazione_Rockefeller.jpg\",\"width\":187,\"height\":180},{\"@type\":\"BreadcrumbList\",\"@id\":\"https:\\\/\\\/www.rassegnastampa-totustuus.it\\\/cattolica\\\/il-giorno-che-la-famiglia-rockefeller-decise-di-frenare-le-nascite-nel-mondo\\\/#breadcrumb\",\"itemListElement\":[{\"@type\":\"ListItem\",\"position\":1,\"name\":\"Home\",\"item\":\"https:\\\/\\\/www.rassegnastampa-totustuus.it\\\/cattolica\\\/\"},{\"@type\":\"ListItem\",\"position\":2,\"name\":\"Il giorno che la famiglia Rockefeller decise di frenare le nascite nel mondo\"}]},{\"@type\":\"WebSite\",\"@id\":\"https:\\\/\\\/www.rassegnastampa-totustuus.it\\\/cattolica\\\/#website\",\"url\":\"https:\\\/\\\/www.rassegnastampa-totustuus.it\\\/cattolica\\\/\",\"name\":\"Rassegna Stampa Cattolica\",\"description\":\"Per una cultura che nasce dalla Rivelazione cristiana in conformit\u00e0 alla tradizione e al Magistero della Chiesa in opposizione ad ogni relativismo e totalitarismo\",\"publisher\":{\"@id\":\"https:\\\/\\\/www.rassegnastampa-totustuus.it\\\/cattolica\\\/#organization\"},\"alternateName\":\"Rass. Cattolica\",\"potentialAction\":[{\"@type\":\"SearchAction\",\"target\":{\"@type\":\"EntryPoint\",\"urlTemplate\":\"https:\\\/\\\/www.rassegnastampa-totustuus.it\\\/cattolica\\\/?s={search_term_string}\"},\"query-input\":{\"@type\":\"PropertyValueSpecification\",\"valueRequired\":true,\"valueName\":\"search_term_string\"}}],\"inLanguage\":\"it-IT\"},{\"@type\":\"Organization\",\"@id\":\"https:\\\/\\\/www.rassegnastampa-totustuus.it\\\/cattolica\\\/#organization\",\"name\":\"Rassegna Stampa Cattolica\",\"url\":\"https:\\\/\\\/www.rassegnastampa-totustuus.it\\\/cattolica\\\/\",\"logo\":{\"@type\":\"ImageObject\",\"inLanguage\":\"it-IT\",\"@id\":\"https:\\\/\\\/www.rassegnastampa-totustuus.it\\\/cattolica\\\/#\\\/schema\\\/logo\\\/image\\\/\",\"url\":\"https:\\\/\\\/www.rassegnastampa-totustuus.it\\\/cattolica\\\/wp-content\\\/uploads\\\/2014\\\/04\\\/logo-rassegna1.gif\",\"contentUrl\":\"https:\\\/\\\/www.rassegnastampa-totustuus.it\\\/cattolica\\\/wp-content\\\/uploads\\\/2014\\\/04\\\/logo-rassegna1.gif\",\"width\":600,\"height\":163,\"caption\":\"Rassegna Stampa Cattolica\"},\"image\":{\"@id\":\"https:\\\/\\\/www.rassegnastampa-totustuus.it\\\/cattolica\\\/#\\\/schema\\\/logo\\\/image\\\/\"},\"sameAs\":[\"https:\\\/\\\/www.facebook.com\\\/rassegnastampacattolica\",\"https:\\\/\\\/x.com\\\/rassegnastampa9\"]},{\"@type\":\"Person\",\"@id\":\"https:\\\/\\\/www.rassegnastampa-totustuus.it\\\/cattolica\\\/#\\\/schema\\\/person\\\/08f319d2bd1a0904ad9e2bfb7b15e5c3\",\"name\":\"Redazione\",\"image\":{\"@type\":\"ImageObject\",\"inLanguage\":\"it-IT\",\"@id\":\"https:\\\/\\\/secure.gravatar.com\\\/avatar\\\/2fcdf27c78ea025fbdb44e914cc63c72249ffec9dc8aafd5c82b26240ef3f346?s=96&d=mm&r=g\",\"url\":\"https:\\\/\\\/secure.gravatar.com\\\/avatar\\\/2fcdf27c78ea025fbdb44e914cc63c72249ffec9dc8aafd5c82b26240ef3f346?s=96&d=mm&r=g\",\"contentUrl\":\"https:\\\/\\\/secure.gravatar.com\\\/avatar\\\/2fcdf27c78ea025fbdb44e914cc63c72249ffec9dc8aafd5c82b26240ef3f346?s=96&d=mm&r=g\",\"caption\":\"Redazione\"},\"url\":\"https:\\\/\\\/www.rassegnastampa-totustuus.it\\\/cattolica\\\/author\\\/pietroelle\\\/\"}]}<\/script>\n<!-- \/ Yoast SEO plugin. -->","yoast_head_json":{"title":"Il giorno che la famiglia Rockefeller decise di frenare le nascite nel mondo - Rassegna Stampa Cattolica","description":"Rassegna Stampa Cattolica - Per una cultura che nasce dalla Rivelazione cristiana in conformit\u00e0 alla tradizione e al Magistero della Chiesa in opposizione ad ogni relativismo e totalitarismo","robots":{"index":"index","follow":"follow","max-snippet":"max-snippet:-1","max-image-preview":"max-image-preview:large","max-video-preview":"max-video-preview:-1"},"canonical":"https:\/\/www.rassegnastampa-totustuus.it\/cattolica\/il-giorno-che-la-famiglia-rockefeller-decise-di-frenare-le-nascite-nel-mondo\/","og_locale":"it_IT","og_type":"article","og_title":"Il giorno che la famiglia Rockefeller decise di frenare le nascite nel mondo - Rassegna Stampa Cattolica","og_description":"Rassegna Stampa Cattolica - Per una cultura che nasce dalla Rivelazione cristiana in conformit\u00e0 alla tradizione e al Magistero della Chiesa in opposizione ad ogni relativismo e totalitarismo","og_url":"https:\/\/www.rassegnastampa-totustuus.it\/cattolica\/il-giorno-che-la-famiglia-rockefeller-decise-di-frenare-le-nascite-nel-mondo\/","og_site_name":"Rassegna Stampa Cattolica","article_publisher":"https:\/\/www.facebook.com\/rassegnastampacattolica","article_published_time":"2015-08-06T22:00:38+00:00","article_modified_time":"2016-01-07T13:35:30+00:00","og_image":[{"width":187,"height":180,"url":"https:\/\/www.rassegnastampa-totustuus.it\/cattolica\/wp-content\/uploads\/2016\/01\/fondazione_Rockefeller.jpg","type":"image\/jpeg"}],"author":"Redazione","twitter_card":"summary_large_image","twitter_creator":"@rassegnastampa9","twitter_site":"@rassegnastampa9","twitter_misc":{"Scritto da":"Redazione","Tempo di lettura stimato":"5 minuti"},"schema":{"@context":"https:\/\/schema.org","@graph":[{"@type":"Article","@id":"https:\/\/www.rassegnastampa-totustuus.it\/cattolica\/il-giorno-che-la-famiglia-rockefeller-decise-di-frenare-le-nascite-nel-mondo\/#article","isPartOf":{"@id":"https:\/\/www.rassegnastampa-totustuus.it\/cattolica\/il-giorno-che-la-famiglia-rockefeller-decise-di-frenare-le-nascite-nel-mondo\/"},"author":{"name":"Redazione","@id":"https:\/\/www.rassegnastampa-totustuus.it\/cattolica\/#\/schema\/person\/08f319d2bd1a0904ad9e2bfb7b15e5c3"},"headline":"Il giorno che la famiglia Rockefeller decise di frenare le nascite nel mondo","datePublished":"2015-08-06T22:00:38+00:00","dateModified":"2016-01-07T13:35:30+00:00","mainEntityOfPage":{"@id":"https:\/\/www.rassegnastampa-totustuus.it\/cattolica\/il-giorno-che-la-famiglia-rockefeller-decise-di-frenare-le-nascite-nel-mondo\/"},"wordCount":1114,"publisher":{"@id":"https:\/\/www.rassegnastampa-totustuus.it\/cattolica\/#organization"},"image":{"@id":"https:\/\/www.rassegnastampa-totustuus.it\/cattolica\/il-giorno-che-la-famiglia-rockefeller-decise-di-frenare-le-nascite-nel-mondo\/#primaryimage"},"thumbnailUrl":"https:\/\/www.rassegnastampa-totustuus.it\/cattolica\/wp-content\/uploads\/2016\/01\/fondazione_Rockefeller.jpg","keywords":["crescita zero","dematalit\u00e0","Fondazione Rockefeller","Trilaterale"],"articleSection":["Aborto","Demografia"],"inLanguage":"it-IT"},{"@type":"WebPage","@id":"https:\/\/www.rassegnastampa-totustuus.it\/cattolica\/il-giorno-che-la-famiglia-rockefeller-decise-di-frenare-le-nascite-nel-mondo\/","url":"https:\/\/www.rassegnastampa-totustuus.it\/cattolica\/il-giorno-che-la-famiglia-rockefeller-decise-di-frenare-le-nascite-nel-mondo\/","name":"Il giorno che la famiglia Rockefeller decise di frenare le nascite nel mondo - Rassegna Stampa Cattolica","isPartOf":{"@id":"https:\/\/www.rassegnastampa-totustuus.it\/cattolica\/#website"},"primaryImageOfPage":{"@id":"https:\/\/www.rassegnastampa-totustuus.it\/cattolica\/il-giorno-che-la-famiglia-rockefeller-decise-di-frenare-le-nascite-nel-mondo\/#primaryimage"},"image":{"@id":"https:\/\/www.rassegnastampa-totustuus.it\/cattolica\/il-giorno-che-la-famiglia-rockefeller-decise-di-frenare-le-nascite-nel-mondo\/#primaryimage"},"thumbnailUrl":"https:\/\/www.rassegnastampa-totustuus.it\/cattolica\/wp-content\/uploads\/2016\/01\/fondazione_Rockefeller.jpg","datePublished":"2015-08-06T22:00:38+00:00","dateModified":"2016-01-07T13:35:30+00:00","description":"Rassegna Stampa Cattolica - Per una cultura che nasce dalla Rivelazione cristiana in conformit\u00e0 alla tradizione e al Magistero della Chiesa in opposizione ad ogni relativismo e totalitarismo","breadcrumb":{"@id":"https:\/\/www.rassegnastampa-totustuus.it\/cattolica\/il-giorno-che-la-famiglia-rockefeller-decise-di-frenare-le-nascite-nel-mondo\/#breadcrumb"},"inLanguage":"it-IT","potentialAction":[{"@type":"ReadAction","target":["https:\/\/www.rassegnastampa-totustuus.it\/cattolica\/il-giorno-che-la-famiglia-rockefeller-decise-di-frenare-le-nascite-nel-mondo\/"]}]},{"@type":"ImageObject","inLanguage":"it-IT","@id":"https:\/\/www.rassegnastampa-totustuus.it\/cattolica\/il-giorno-che-la-famiglia-rockefeller-decise-di-frenare-le-nascite-nel-mondo\/#primaryimage","url":"https:\/\/www.rassegnastampa-totustuus.it\/cattolica\/wp-content\/uploads\/2016\/01\/fondazione_Rockefeller.jpg","contentUrl":"https:\/\/www.rassegnastampa-totustuus.it\/cattolica\/wp-content\/uploads\/2016\/01\/fondazione_Rockefeller.jpg","width":187,"height":180},{"@type":"BreadcrumbList","@id":"https:\/\/www.rassegnastampa-totustuus.it\/cattolica\/il-giorno-che-la-famiglia-rockefeller-decise-di-frenare-le-nascite-nel-mondo\/#breadcrumb","itemListElement":[{"@type":"ListItem","position":1,"name":"Home","item":"https:\/\/www.rassegnastampa-totustuus.it\/cattolica\/"},{"@type":"ListItem","position":2,"name":"Il giorno che la famiglia Rockefeller decise di frenare le nascite nel mondo"}]},{"@type":"WebSite","@id":"https:\/\/www.rassegnastampa-totustuus.it\/cattolica\/#website","url":"https:\/\/www.rassegnastampa-totustuus.it\/cattolica\/","name":"Rassegna Stampa Cattolica","description":"Per una cultura che nasce dalla Rivelazione cristiana in conformit\u00e0 alla tradizione e al Magistero della Chiesa in opposizione ad ogni relativismo e totalitarismo","publisher":{"@id":"https:\/\/www.rassegnastampa-totustuus.it\/cattolica\/#organization"},"alternateName":"Rass. Cattolica","potentialAction":[{"@type":"SearchAction","target":{"@type":"EntryPoint","urlTemplate":"https:\/\/www.rassegnastampa-totustuus.it\/cattolica\/?s={search_term_string}"},"query-input":{"@type":"PropertyValueSpecification","valueRequired":true,"valueName":"search_term_string"}}],"inLanguage":"it-IT"},{"@type":"Organization","@id":"https:\/\/www.rassegnastampa-totustuus.it\/cattolica\/#organization","name":"Rassegna Stampa Cattolica","url":"https:\/\/www.rassegnastampa-totustuus.it\/cattolica\/","logo":{"@type":"ImageObject","inLanguage":"it-IT","@id":"https:\/\/www.rassegnastampa-totustuus.it\/cattolica\/#\/schema\/logo\/image\/","url":"https:\/\/www.rassegnastampa-totustuus.it\/cattolica\/wp-content\/uploads\/2014\/04\/logo-rassegna1.gif","contentUrl":"https:\/\/www.rassegnastampa-totustuus.it\/cattolica\/wp-content\/uploads\/2014\/04\/logo-rassegna1.gif","width":600,"height":163,"caption":"Rassegna Stampa Cattolica"},"image":{"@id":"https:\/\/www.rassegnastampa-totustuus.it\/cattolica\/#\/schema\/logo\/image\/"},"sameAs":["https:\/\/www.facebook.com\/rassegnastampacattolica","https:\/\/x.com\/rassegnastampa9"]},{"@type":"Person","@id":"https:\/\/www.rassegnastampa-totustuus.it\/cattolica\/#\/schema\/person\/08f319d2bd1a0904ad9e2bfb7b15e5c3","name":"Redazione","image":{"@type":"ImageObject","inLanguage":"it-IT","@id":"https:\/\/secure.gravatar.com\/avatar\/2fcdf27c78ea025fbdb44e914cc63c72249ffec9dc8aafd5c82b26240ef3f346?s=96&d=mm&r=g","url":"https:\/\/secure.gravatar.com\/avatar\/2fcdf27c78ea025fbdb44e914cc63c72249ffec9dc8aafd5c82b26240ef3f346?s=96&d=mm&r=g","contentUrl":"https:\/\/secure.gravatar.com\/avatar\/2fcdf27c78ea025fbdb44e914cc63c72249ffec9dc8aafd5c82b26240ef3f346?s=96&d=mm&r=g","caption":"Redazione"},"url":"https:\/\/www.rassegnastampa-totustuus.it\/cattolica\/author\/pietroelle\/"}]}},"_links":{"self":[{"href":"https:\/\/www.rassegnastampa-totustuus.it\/cattolica\/wp-json\/wp\/v2\/posts\/29266","targetHints":{"allow":["GET"]}}],"collection":[{"href":"https:\/\/www.rassegnastampa-totustuus.it\/cattolica\/wp-json\/wp\/v2\/posts"}],"about":[{"href":"https:\/\/www.rassegnastampa-totustuus.it\/cattolica\/wp-json\/wp\/v2\/types\/post"}],"author":[{"embeddable":true,"href":"https:\/\/www.rassegnastampa-totustuus.it\/cattolica\/wp-json\/wp\/v2\/users\/6"}],"replies":[{"embeddable":true,"href":"https:\/\/www.rassegnastampa-totustuus.it\/cattolica\/wp-json\/wp\/v2\/comments?post=29266"}],"version-history":[{"count":1,"href":"https:\/\/www.rassegnastampa-totustuus.it\/cattolica\/wp-json\/wp\/v2\/posts\/29266\/revisions"}],"predecessor-version":[{"id":29268,"href":"https:\/\/www.rassegnastampa-totustuus.it\/cattolica\/wp-json\/wp\/v2\/posts\/29266\/revisions\/29268"}],"wp:featuredmedia":[{"embeddable":true,"href":"https:\/\/www.rassegnastampa-totustuus.it\/cattolica\/wp-json\/wp\/v2\/media\/29267"}],"wp:attachment":[{"href":"https:\/\/www.rassegnastampa-totustuus.it\/cattolica\/wp-json\/wp\/v2\/media?parent=29266"}],"wp:term":[{"taxonomy":"category","embeddable":true,"href":"https:\/\/www.rassegnastampa-totustuus.it\/cattolica\/wp-json\/wp\/v2\/categories?post=29266"},{"taxonomy":"post_tag","embeddable":true,"href":"https:\/\/www.rassegnastampa-totustuus.it\/cattolica\/wp-json\/wp\/v2\/tags?post=29266"}],"curies":[{"name":"wp","href":"https:\/\/api.w.org\/{rel}","templated":true}]}}