{"id":29260,"date":"2016-01-14T00:00:11","date_gmt":"2016-01-13T23:00:11","guid":{"rendered":"http:\/\/www.rassegnastampa-totustuus.it\/cattolica\/?p=29260"},"modified":"2016-01-14T08:35:59","modified_gmt":"2016-01-14T07:35:59","slug":"lembrione-e-persona-a-tutti-gli-effetti","status":"publish","type":"post","link":"https:\/\/www.rassegnastampa-totustuus.it\/cattolica\/lembrione-e-persona-a-tutti-gli-effetti\/","title":{"rendered":"L&#8217;embrione \u00e8 persona a tutti gli effetti"},"content":{"rendered":"<p style=\"text-align: center;\"><strong>\u00a0<a href=\"https:\/\/www.rassegnastampa-totustuus.it\/cattolica\/wp-content\/uploads\/2016\/01\/Carbone_cover.jpg\"><img loading=\"lazy\" decoding=\"async\" class=\"alignright wp-image-29261\" src=\"https:\/\/www.rassegnastampa-totustuus.it\/cattolica\/wp-content\/uploads\/2016\/01\/Carbone_cover.jpg\" alt=\"Carbone_cover\" width=\"119\" height=\"200\" srcset=\"https:\/\/www.rassegnastampa-totustuus.it\/cattolica\/wp-content\/uploads\/2016\/01\/Carbone_cover.jpg 200w, https:\/\/www.rassegnastampa-totustuus.it\/cattolica\/wp-content\/uploads\/2016\/01\/Carbone_cover-178x300.jpg 178w\" sizes=\"auto, (max-width: 119px) 100vw, 119px\" \/><\/a>Studi Cattolici <\/strong>n.653-654 luglio-agosto 2015<\/p>\n<p style=\"text-align: center;\">di <strong>Matteo Andolfo<\/strong><\/p>\n<p style=\"text-align: justify;\">Domandarsi se l&#8217;embrione sia qualcosa o qualcuno non dovrebbe interessare solo gli antiabortisti, che necessitano di dare alla propria posizione un adegualo fondamento filosofico, scientifico e giuridico, ma tutti gli uomini, nessuno escluso. Per comprenderlo basta pensare che l\u2019interrogativo \u00e8 cos\u00ec riformulabile: quando ho iniziato a esistere? Da quando sono diventato una persona umana?<\/p>\n<p style=\"text-align: justify;\"><!--more--><\/p>\n<p style=\"text-align: justify;\">\u00c8 evidente che dalla risposta a questa domanda dipende la disamina dei diritti che mi spettano in quanto persona. Il tema dell&#8217;identit\u00e0 individuale dell&#8217;embrione umano \u00e8 oggetto di vivace discussione non solo tra gli specialisti di biologia e di bioetica, ma anche da parte dell&#8217;opinione pubblica all&#8217;interno del dibattito, fortunatamente sempre vivo in Italia, sull&#8217;aborto (la legge 194), sulla fecondazione extracorporea, sulle diagnosi prenatali (la legge 40) e sulla clonazione.<\/p>\n<p style=\"text-align: justify;\">Recentemente \u00e8 stato pubblicato uno studio di padre Giorgio Mariti Carbone, domenicano, docente di Bioetica alla Facolt\u00e0 di Teologia di Bologna, il quale, attraverso un&#8217;esposizione che cerca di essere quanto pi\u00f9 agile e chiara e nel contempo precisa e completa, ricerca la risposta a tale domanda muovendosi con competenza multi e interdisciplinare su tre piani: scientifico, filosofico e giuridico. Il libro si intitola:<em> L&#8217;embrione umano. Qualcosa o qualcuno?<\/em> (ESD<strong>, <\/strong>Bologna 2014. pp. 128, euro 10). Siccome si tratta di tematiche che, da un lato, richiedono una preparazione non superficiale nei tre ambiti suddetti per poter essere affrontate con rigore e oggettivit\u00e0, ma che, dall\u2019altro si prestano facilmente a essere ricondotte in modo semplicistico a prese di posizioni pregiudiziali, \u00e8 importante poter fare riferimento a testi affidabili che suppliscano la mancanza, nei pi\u00f9, di tale formazione specialistica.<\/p>\n<p style=\"text-align: justify;\"><strong>La lettura filosofica dei dati della scienza<\/strong><\/p>\n<p style=\"text-align: justify;\">In primo luogo, l&#8217;autore ripercorre il processo di fecondazione nelle sue diverse fasi biologiche, della durata complessiva di circa 12 ore, individuando nella sesta fase, in cui avviene la fusione del citoplasma (nucleo, mitocondri e\u00a0centriolo) dello spermatozoo con quello dell&#8217;ovocita femminile, il salto qualitativo irreversibile da due sistemi cellulari indipendenti (i due gameti genitoriali) a un nuovo organismo della specie umana definito <em>zigote<\/em> o <em>embrione unicellulare<\/em> (come prova la sequenza del suo DNA che lo accomuna a tutti gli altri uomini e lo distingue dalle altre specie), che \u00e8 morfologicamente, geneticamente e citologicamente differente dai gameti.<\/p>\n<p style=\"text-align: justify;\">Quest&#8217;ultimo inizia una catena di attivit\u00e0 molecolari e cellulari rivelando di essere intrinsecamente determinato a un preciso processo di sviluppo e di differenziazione finalisticamente orientati, in cui ogni stadio \u00e8 totalmente dipendente da quello precedente, senza soluzione di continuit\u00e0. Infatti, il <em>corredo cromosomico<\/em> o <em>genoma<\/em> o <em>genotipo<\/em> dello zigote \u00e8 totalmente distinto da quello dei genitori e conserver\u00e0 la propria singolarit\u00e0 genetica nelle successive fasi del suo sviluppo sia prima sia dopo la nascita.<\/p>\n<p style=\"text-align: justify;\">Ci\u00f2 significa che tale corredo, sorto con la sesta fase, funge da disegno-progetto che contiene <em>tutta<\/em> l&#8217;informazione essenziale per lo sviluppo dello zigote e ne dirige <em>tutte<\/em> le funzioni vitali, ossia l&#8217;embrione unicellulare non si comporta come un mero aggregato di cellule (per esempio un grumo di sangue), ma come il primo stadio ilei ciclo vitale di un individuo, nel nostro caso umano, anche se non ha ancora l&#8217;attivit\u00e0 cerebrale. In secondo luogo. Carbone interpreta questi dati biologici sul pia\u00adno dell&#8217;antropologia filosofica rispondendo alle obiezioni di ehi nega che l&#8217;embrione sia un individuo umano nonostante il suo nuovo patrimonio genetico e il suo svilupparsi conformemente a questo mediante attivit\u00e0 chimico-molecolari strettamente coordinate e continue che esigono l&#8217;unit\u00e0 e unicit\u00e0 del soggetto che si sta sviluppando.<\/p>\n<p style=\"text-align: justify;\">L&#8217;embrione non sarebbe un individuo, sostengono alcuni, perch\u00e9 le cellule embrionali sono <em>totipotenti<\/em> e permettono la scissione dall&#8217;embrione di un embrione gemello monozigote, che \u00e8 un nuovo individuo. Chi asserisce questo trascura, per\u00f2, il fatto che il distacco dell&#8217;embrione gemello non muta l&#8217;identit\u00e0 fisica, organismica, biologica e ontologica di quello originario e semmai ne conferma il carattere di organismo vivente in grado di riprodursi per gemmazione. E\u2019 vero che senza l&#8217;annidamento dell&#8217;embrione nell&#8217;utero (tra il sesto e il quattordicesimo giorno <em>dopo<\/em> la fecondazione), l&#8217;individuo non sopravvive, ma non bisogna confondere una condizione indispensabile alla sopravvivenza dell&#8217;embrione<em> gi\u00e0 costituito<\/em> (cos\u00ec come lo \u00e8 l&#8217;alimentazione nel caso del neonato) &#8211; che perci\u00f2 non incide sul suo <em>status<\/em> di essere umano (si \u00e8 uomini in qualsiasi luogo si viva) &#8211; con la condizione del formarsi di un individuo.<\/p>\n<p style=\"text-align: justify;\">C&#8217;\u00e8 chi collega l&#8217;individualit\u00e0 all&#8217;attivit\u00e0 cerebrale (che compare nell&#8217;ottava settimana), dato che la morte dell&#8217;individuo \u00e8 connessa alla morte cerebrale, ma in tal modo si dimentica che la nascita cerebrale consiste in un incremento graduale e progressivo dell&#8217;interazione neurologica, connessa alla comparsa del sistema nervoso centrale, che \u00e8 programmata e guidata sempre dall&#8217;embrione stesso in quanto potenzialit\u00e0 gi\u00e0 inscritta nello zigote, mentre la morte cerebrale \u00e8 la cessazione irreversibile dell&#8217;unit\u00e0 morfologica e funzionale coordinata dell&#8217;organismo. Non si pu\u00f2 comparare la differenziazione delle strutture cerebrali quale parte integrante di un processo dinamico unitario di sviluppo del soggetto umano con la disintegrazione dell&#8217;individuo.<\/p>\n<p style=\"text-align: justify;\">Alcuni studiosi sostengono, invece, che l&#8217;embrione \u00e8 <em>uomo solo in potenza<\/em> e che perci\u00f2 apparterrebbe a una categoria intermedia tra le cose e gli individui umani, godendo di minore dignit\u00e0 rispetto a questi ultimi. Il loro errore, rileva Carbone, consiste nel confondere la potenzialit\u00e0 attiva intrinseca all&#8217;embrione, ossia la sua capacit\u00e0 di svilupparsi, con la potenzialit\u00e0 del suo essere individuale. L&#8217;embrione ha gi\u00e0 il patrimonio genetico di 46 cromosomi che caratterizza indiscutibilmente la specie umana, sicch\u00e9 il suo essere individuale (il suo essere uomo) \u00e8 <em>gi\u00e0 in atto<\/em> e pertanto gode degli stessi diritti dell&#8217;uomo appena nato. Mentre una statua \u00e8 solamente in potenza in un blocco di marmo, poich\u00e9 quest&#8217;ultimo resta inerte se una causa estrinseca non trae da esso la statua, l&#8217;embrione \u00e8 <em>causa intrinseca<\/em> del proprio sviluppo, ossia ha in s\u00e9 <em>in atto<\/em> il potere di l&#8217;arsi passare dalla potenza all&#8217;atto.<\/p>\n<p style=\"text-align: justify;\">Altri studiosi considerano l\u2019embrione un <em>individuo<\/em> della specie umana, ma non una <em>persona<\/em> in quanto ancora incapace di esercitare le funzioni umane superiori. Si tratta di un concetto funzionalista di <em>persona,<\/em> che ne limita l&#8217;attribuzione solo a chi esercita le funzioni superiori (razionalit\u00e0, memoria, giudizio morale ecc.), ma lo stesso Comitato nazionale per la Bioetica nel 1996 \u00abha riconosciuto all&#8217;unanimit\u00e0 che individuo umano e persona umana sono concetti che si identificano e ha scartato le varie concezioni funzionaliste della persona umana proprio perch\u00e9 introducono di fatto, surrettiziamente, la legittimit\u00e0 di una <em>discriminazione<\/em> fra gli esseri umani, sulla base del possesso di certe capacit\u00e0 o funzioni\u00bb (p. 58).<\/p>\n<p style=\"text-align: justify;\"><strong>L\u2019individuo \u00e8 un\u2019unit\u00e0 ontologica<\/strong><\/p>\n<p style=\"text-align: justify;\">La massima parte di queste obiezioni si fonda, rileva Carbone, su una concezione semplicistica dell\u2019<em>individualit\u00e0<\/em>: essa non \u00e8 sinonimo di indivisibilit\u00e0, perch\u00e9 anche l&#8217;individuo adulto, in quanto corporeo, \u00e8 divisibile, n\u00e9 di mera unit\u00e0 numerica e neanche di mera identit\u00e0 genetica (del genotipo), che \u00e8 solo una nota individuante, effetto dell&#8217;individuazione. Non solo occorre riconoscere costitutivo dell&#8217;individuo umano anche il fenotipo, che ne manifesta il genoma e che proprio nel caso dei gemelli monozigoti, aventi il medesimo DNA, permette di distinguerli in quanto l&#8217;uno ha cellule, tessuti e organi inconfondibili con quelli dell&#8217;altro gemello, ma si deve riconoscere che l&#8217;individuo \u00e8 un&#8217;<em>unit\u00e0 ontologica<\/em> e perci\u00f2 \u00e8 una nozione primariamente<em> filosofica<\/em> anzich\u00e9 biologica.<\/p>\n<p style=\"text-align: justify;\">Si giunge, cos\u00ec, a quello che io considero il \u00abcuore\u00bb del libro, in cui si richiama come la definizione filosofica di persona sia in ragione di quello che essa \u00e8, ossia di membro della specie umana. Solo su questa base ontologica, secondo cui ogni essere umano \u00e8 persona, diviene evidente l&#8217;errore delle tesi funzionaliste, che confondono le facolt\u00e0 o atti primi (secondo la terminologia aristotelica) della persona con quest&#8217;ultima nella sua sussistenza ipostatica o sostanziale e con la sua natura-essenza, e riceve piena giustificazione il tanto declamato principio di uguaglianza tra gli esseri umani con l&#8217;annessa titolarit\u00e0 dei diritti inalienabili, tra i quali, \u00e8 bene non dimenticarlo, vi \u00e8 quello alla vita. Inoltre, trattandosi di concezioni filosofiche, ossia conseguibili con la sola ragione, cade anche l&#8217;opzione semplicistica di metterle da parte in quanto scaturenti dalla fede in una religione rivelata non accolta da tutti.<\/p>\n<p style=\"text-align: justify;\">Dato che l&#8217;antropologia filosofica a cui l&#8217;autore si riferisce \u00e8 quella aristotelico-tomista, che concepisce l&#8217;anima quale principio formale animante la corporeit\u00e0, Carbone si sofferma su una teoria sostenuta proprio da Aristotele e da Tommaso d&#8217;Aquino: quella <em>animazione <\/em><em>ritardata <\/em><em>o <\/em><em>successiva<\/em>, secondo cui l&#8217;anima razionale verrebbe infusa nel coipo soltanto quando quest&#8217;ultimo \u00e8 sufficiente\u00admente organizzato, mentre prima sarebbero presenti solo l&#8217;anima vegetativa (al momento della fecondazione) e poi quella sensitiva. Tuttavia, Carbone osserva come i due filosofi suddetti affermino che l&#8217;anima umana \u00e8 una sola, quella razionale, che esercita anche le funzioni sensitivo-vegetative, e che essa \u00e8 forma sostanziale del corpo, ossia \u00e8 il principio che determina e struttura il corpo vivente (nozione eminentemente filosofica senza connotati religiosi).<\/p>\n<p style=\"text-align: justify;\">Infatti, queste tesi conducono direttamente a sostenere l\u2019<em>animazione immediata dell\u2019embrione<\/em>, che \u00e8 e vive in ragione della sua unica anima, quella razionale. Ora, mentre il concetto di forma sostanziale \u00e8 ontologico, quello di animazione ritardata dipende dalle evidenze scientifico-sperimentali possibili nelle epoche dei due pensatori, sicch\u00e9, mentre il primo mantiene il suo valore, il secondo \u00e9 superato dalle attuali evidenze scientifiche.<\/p>\n<p style=\"text-align: justify;\">L&#8217;ultima sezione del libro studia se il concepito possa essere titolare di diritti non in astratto, ma in riferimento agli ordinamenti giuridici sia italiani sia internazionali. A proposito dei primi Carbone rileva come il Codice Civile del 1942 abbia un&#8217;impostazione patrimonialistica (considera l&#8217;uomo soprattutto come titolare di diritti patrimoniali e commerciali), mentre la Costituzione della Repubblica del 1948 si ispira a una concezione personalista del diritto (considera l&#8217;uomo in quanto uomo), e pone in evidenza l&#8217;atteggiamento contraddittorio della Corte costituzionale che, da un lato, sottolinea come la discrezionalit\u00e0 del legislatore in materia di bioetica trovi dei limiti nei dati scientifici (cos\u00ec come in materia di costruzioni edilizie non pu\u00f2 prescindere dalle leggi della statica), mentre, dall&#8217;altro, deroga a questo suo stesso richiamo quando si tratta dell&#8217;identit\u00e0 dell&#8217;essere umano di vita embrionale o fetale.<\/p>\n<p style=\"text-align: justify;\">Riguardo ai secondi (raccomandazioni, risoluzioni, dichiarazioni e convenzioni sia internazionali sia europee) Carbone rileva come le loro determinazioni siano incoraggianti, ma ancora insufficienti, anche perch\u00e9 non basta l&#8217;intervento legislativo, bens\u00ec ci vuole un \u00abcambiamento di civilt\u00e0\u00bb (p. 116): bisogna educare le coscienze al rispetto assoluto della dignit\u00e0 umana attraverso l&#8217;assunzione di uno \u00absguardo contemplativo\u00bb sulla realt\u00e0 quale antidoto a considerare tutte cerne un mero artefatto producibile o trasformabile a piacimento.<\/p>\n<p style=\"text-align: justify;\"><strong>Essere &amp; persona<\/strong><\/p>\n<p style=\"text-align: justify;\">In conclusione, vorrei evidenziare che l&#8217;esame dell&#8217;aspetto giuridico della questione e delle basi biologiche obsolete della teoria dell&#8217;animazione ritardata inducono a cogliere come <em>alla <\/em><em>filosofia resti un ruolo <\/em><em>imprescindibile<\/em>: se la politica non pu\u00f2 arbitrariamente stabilire quando inizi la vita e che cosa sia un embrione, ma deve riconoscere i risultati delle scienze sperimentali (biologia e medicina) competenti in proposito, il ritmo elevato di progresso di queste ultime, strutturalmente confutabili, dovrebbe indurre alla cautela e manifestare la necessit\u00e0 che sia la filosofia a interpretare razionalmente i dati offerti dalla scienza in tali \u00e0mbiti, tanto pi\u00f9 in rapporto a temi cos\u00ec complessi, oltre che eticamente sensibili e socio-politicamente rilevanti.<\/p>\n<p style=\"text-align: justify;\">Inoltre, la scienza si serve di nozioni (come quelle di individuo e di persona) che sono metascientif\u00ecche, perch\u00e9 riguardano l\u2019<em>essere<\/em> dell&#8217;uomo, su cui proprio la filo\u00adsofia, quale scienza dell&#8217;essere in quanto essere, ha competenza. Del resto, anche la filosofia parte dall&#8217;esperienza, pur considerandola nella prospettiva dell&#8217;essere, ossia dell&#8217;intero, sicch\u00e9 ha titolo a interpretare i dati scientifici mantenendosi fedele all&#8217;esperienza, tanto pi\u00f9 qualora con questi si vogliano o debbano trarre conclusioni su questioni (come quella della definizione di individualit\u00e0) anche filosofiche.<\/p>\n<p style=\"text-align: justify;\">A questo stesso esito perviene la riflessione esposta nella miscellanea <em>La vita e l<\/em><em>&#8216;essere.<\/em> <em>L &#8216;embrione: grumo di cellule o persona&#8217;<\/em>? (Marcianum Press, Venezia 2013, pp. 128, euro 13), frutto del confronto tra vari studiosi, filosofi (Enrico Berti. Vittorio Possenti, Leopoldo Sandon\u00e0) e non (Giovanni Cappellari, Renzo Pecoraro, Remo Realdon): non \u00e8 sufficiente la biologia a stabilire se l&#8217;embrione sia persona, perch\u00e9 \u00e8 necessario riferirsi all&#8217;indagine sulla vita <em>nella <\/em><em>prospettiva <\/em><em>dell&#8217;intero<\/em>, ossia del\u00adl&#8217;antropologia filosofica nel suo nucleo metafisico. Infatti, la stessa esistenza di enti indipendenti da noi richiama la nozione dell&#8217;essere come intero di cui essi sono parte con noi.<\/p>\n<p style=\"text-align: justify;\">Ci\u00f2 significa che \u00abil rapporto tra la persona e l&#8217;essere \u00e8 fondativo dell&#8217;identificazione tra uomo e persona\u00bb (p. 18). Inoltre, l&#8217;esperienza che abbiamo della realt\u00e0 implica la conoscenza immediata anche delle dimensioni metafisiche (l&#8217;esistenza, l&#8217;individualit\u00e0 sostanziale, la natura e le relazioni) degli enti percepiti dai sensi, ossia della struttura razionale, di senso, dell&#8217;esperienza che si offre alla comprensione umana. Questa si traduce nella determinazione delle cause delle realt\u00e0, sino alla Causa prima a cui rinvia il concetto di intero dell&#8217;essere, superando l&#8217;impostazione scientista che riduce la scienza alla mera verificabilit\u00e0 dei fatti empirici<\/p>\n","protected":false},"excerpt":{"rendered":"<p>\u00a0Studi Cattolici n.653-654 luglio-agosto 2015 di Matteo Andolfo Domandarsi se l&#8217;embrione sia qualcosa o qualcuno non dovrebbe interessare solo gli antiabortisti, che necessitano di dare alla propria posizione un adegualo fondamento filosofico, scientifico e giuridico, ma tutti gli uomini, nessuno escluso. Per comprenderlo basta pensare che l\u2019interrogativo \u00e8 cos\u00ec riformulabile: quando ho iniziato a esistere? &hellip; <\/p>\n<p><a class=\"more-link btn\" href=\"https:\/\/www.rassegnastampa-totustuus.it\/cattolica\/lembrione-e-persona-a-tutti-gli-effetti\/\">Continua a leggere<\/a><\/p>\n","protected":false},"author":6,"featured_media":29261,"comment_status":"closed","ping_status":"closed","sticky":false,"template":"","format":"standard","meta":{"footnotes":""},"categories":[4,17],"tags":[2321,1870],"class_list":["post-29260","post","type-post","status-publish","format-standard","has-post-thumbnail","hentry","category-bioetica","category-libri","tag-embrione","tag-persona","item-wrap"],"yoast_head":"<!-- This site is optimized with the Yoast SEO plugin v27.5 - https:\/\/yoast.com\/product\/yoast-seo-wordpress\/ -->\n<title>L&#039;embrione \u00e8 persona a tutti gli effetti - Rassegna Stampa Cattolica<\/title>\n<meta name=\"description\" content=\"Rassegna Stampa Cattolica - Per una cultura che nasce dalla Rivelazione cristiana in conformit\u00e0 alla tradizione e al Magistero della Chiesa in opposizione ad ogni relativismo e totalitarismo\" \/>\n<meta name=\"robots\" content=\"index, follow, max-snippet:-1, max-image-preview:large, max-video-preview:-1\" \/>\n<link rel=\"canonical\" href=\"https:\/\/www.rassegnastampa-totustuus.it\/cattolica\/lembrione-e-persona-a-tutti-gli-effetti\/\" \/>\n<meta property=\"og:locale\" content=\"it_IT\" \/>\n<meta property=\"og:type\" content=\"article\" \/>\n<meta property=\"og:title\" content=\"L&#039;embrione \u00e8 persona a tutti gli effetti - Rassegna Stampa Cattolica\" \/>\n<meta property=\"og:description\" content=\"Rassegna Stampa Cattolica - Per una cultura che nasce dalla Rivelazione cristiana in conformit\u00e0 alla tradizione e al Magistero della Chiesa in opposizione ad ogni relativismo e totalitarismo\" \/>\n<meta property=\"og:url\" content=\"https:\/\/www.rassegnastampa-totustuus.it\/cattolica\/lembrione-e-persona-a-tutti-gli-effetti\/\" \/>\n<meta property=\"og:site_name\" content=\"Rassegna Stampa Cattolica\" \/>\n<meta property=\"article:publisher\" content=\"https:\/\/www.facebook.com\/rassegnastampacattolica\" \/>\n<meta property=\"article:published_time\" content=\"2016-01-13T23:00:11+00:00\" \/>\n<meta property=\"article:modified_time\" content=\"2016-01-14T07:35:59+00:00\" \/>\n<meta property=\"og:image\" content=\"https:\/\/www.rassegnastampa-totustuus.it\/cattolica\/wp-content\/uploads\/2016\/01\/Carbone_cover.jpg\" \/>\n\t<meta property=\"og:image:width\" content=\"200\" \/>\n\t<meta property=\"og:image:height\" content=\"336\" \/>\n\t<meta property=\"og:image:type\" content=\"image\/jpeg\" \/>\n<meta name=\"author\" content=\"Redazione\" \/>\n<meta name=\"twitter:card\" content=\"summary_large_image\" \/>\n<meta name=\"twitter:creator\" content=\"@rassegnastampa9\" \/>\n<meta name=\"twitter:site\" content=\"@rassegnastampa9\" \/>\n<meta name=\"twitter:label1\" content=\"Scritto da\" \/>\n\t<meta name=\"twitter:data1\" content=\"Redazione\" \/>\n\t<meta name=\"twitter:label2\" content=\"Tempo di lettura stimato\" \/>\n\t<meta name=\"twitter:data2\" content=\"10 minuti\" \/>\n<script type=\"application\/ld+json\" class=\"yoast-schema-graph\">{\"@context\":\"https:\\\/\\\/schema.org\",\"@graph\":[{\"@type\":\"Article\",\"@id\":\"https:\\\/\\\/www.rassegnastampa-totustuus.it\\\/cattolica\\\/lembrione-e-persona-a-tutti-gli-effetti\\\/#article\",\"isPartOf\":{\"@id\":\"https:\\\/\\\/www.rassegnastampa-totustuus.it\\\/cattolica\\\/lembrione-e-persona-a-tutti-gli-effetti\\\/\"},\"author\":{\"name\":\"Redazione\",\"@id\":\"https:\\\/\\\/www.rassegnastampa-totustuus.it\\\/cattolica\\\/#\\\/schema\\\/person\\\/08f319d2bd1a0904ad9e2bfb7b15e5c3\"},\"headline\":\"L&#8217;embrione \u00e8 persona a tutti gli effetti\",\"datePublished\":\"2016-01-13T23:00:11+00:00\",\"dateModified\":\"2016-01-14T07:35:59+00:00\",\"mainEntityOfPage\":{\"@id\":\"https:\\\/\\\/www.rassegnastampa-totustuus.it\\\/cattolica\\\/lembrione-e-persona-a-tutti-gli-effetti\\\/\"},\"wordCount\":2147,\"publisher\":{\"@id\":\"https:\\\/\\\/www.rassegnastampa-totustuus.it\\\/cattolica\\\/#organization\"},\"image\":{\"@id\":\"https:\\\/\\\/www.rassegnastampa-totustuus.it\\\/cattolica\\\/lembrione-e-persona-a-tutti-gli-effetti\\\/#primaryimage\"},\"thumbnailUrl\":\"https:\\\/\\\/www.rassegnastampa-totustuus.it\\\/cattolica\\\/wp-content\\\/uploads\\\/2016\\\/01\\\/Carbone_cover.jpg\",\"keywords\":[\"embrione\",\"persona\"],\"articleSection\":[\"Bioetica\",\"Libri\"],\"inLanguage\":\"it-IT\"},{\"@type\":\"WebPage\",\"@id\":\"https:\\\/\\\/www.rassegnastampa-totustuus.it\\\/cattolica\\\/lembrione-e-persona-a-tutti-gli-effetti\\\/\",\"url\":\"https:\\\/\\\/www.rassegnastampa-totustuus.it\\\/cattolica\\\/lembrione-e-persona-a-tutti-gli-effetti\\\/\",\"name\":\"L'embrione \u00e8 persona a tutti gli effetti - Rassegna Stampa Cattolica\",\"isPartOf\":{\"@id\":\"https:\\\/\\\/www.rassegnastampa-totustuus.it\\\/cattolica\\\/#website\"},\"primaryImageOfPage\":{\"@id\":\"https:\\\/\\\/www.rassegnastampa-totustuus.it\\\/cattolica\\\/lembrione-e-persona-a-tutti-gli-effetti\\\/#primaryimage\"},\"image\":{\"@id\":\"https:\\\/\\\/www.rassegnastampa-totustuus.it\\\/cattolica\\\/lembrione-e-persona-a-tutti-gli-effetti\\\/#primaryimage\"},\"thumbnailUrl\":\"https:\\\/\\\/www.rassegnastampa-totustuus.it\\\/cattolica\\\/wp-content\\\/uploads\\\/2016\\\/01\\\/Carbone_cover.jpg\",\"datePublished\":\"2016-01-13T23:00:11+00:00\",\"dateModified\":\"2016-01-14T07:35:59+00:00\",\"description\":\"Rassegna Stampa Cattolica - Per una cultura che nasce dalla Rivelazione cristiana in conformit\u00e0 alla tradizione e al Magistero della Chiesa in opposizione ad ogni relativismo e totalitarismo\",\"breadcrumb\":{\"@id\":\"https:\\\/\\\/www.rassegnastampa-totustuus.it\\\/cattolica\\\/lembrione-e-persona-a-tutti-gli-effetti\\\/#breadcrumb\"},\"inLanguage\":\"it-IT\",\"potentialAction\":[{\"@type\":\"ReadAction\",\"target\":[\"https:\\\/\\\/www.rassegnastampa-totustuus.it\\\/cattolica\\\/lembrione-e-persona-a-tutti-gli-effetti\\\/\"]}]},{\"@type\":\"ImageObject\",\"inLanguage\":\"it-IT\",\"@id\":\"https:\\\/\\\/www.rassegnastampa-totustuus.it\\\/cattolica\\\/lembrione-e-persona-a-tutti-gli-effetti\\\/#primaryimage\",\"url\":\"https:\\\/\\\/www.rassegnastampa-totustuus.it\\\/cattolica\\\/wp-content\\\/uploads\\\/2016\\\/01\\\/Carbone_cover.jpg\",\"contentUrl\":\"https:\\\/\\\/www.rassegnastampa-totustuus.it\\\/cattolica\\\/wp-content\\\/uploads\\\/2016\\\/01\\\/Carbone_cover.jpg\",\"width\":200,\"height\":336},{\"@type\":\"BreadcrumbList\",\"@id\":\"https:\\\/\\\/www.rassegnastampa-totustuus.it\\\/cattolica\\\/lembrione-e-persona-a-tutti-gli-effetti\\\/#breadcrumb\",\"itemListElement\":[{\"@type\":\"ListItem\",\"position\":1,\"name\":\"Home\",\"item\":\"https:\\\/\\\/www.rassegnastampa-totustuus.it\\\/cattolica\\\/\"},{\"@type\":\"ListItem\",\"position\":2,\"name\":\"L&#8217;embrione \u00e8 persona a tutti gli effetti\"}]},{\"@type\":\"WebSite\",\"@id\":\"https:\\\/\\\/www.rassegnastampa-totustuus.it\\\/cattolica\\\/#website\",\"url\":\"https:\\\/\\\/www.rassegnastampa-totustuus.it\\\/cattolica\\\/\",\"name\":\"Rassegna Stampa Cattolica\",\"description\":\"Per una cultura che nasce dalla Rivelazione cristiana in conformit\u00e0 alla tradizione e al Magistero della Chiesa in opposizione ad ogni relativismo e totalitarismo\",\"publisher\":{\"@id\":\"https:\\\/\\\/www.rassegnastampa-totustuus.it\\\/cattolica\\\/#organization\"},\"alternateName\":\"Rass. Cattolica\",\"potentialAction\":[{\"@type\":\"SearchAction\",\"target\":{\"@type\":\"EntryPoint\",\"urlTemplate\":\"https:\\\/\\\/www.rassegnastampa-totustuus.it\\\/cattolica\\\/?s={search_term_string}\"},\"query-input\":{\"@type\":\"PropertyValueSpecification\",\"valueRequired\":true,\"valueName\":\"search_term_string\"}}],\"inLanguage\":\"it-IT\"},{\"@type\":\"Organization\",\"@id\":\"https:\\\/\\\/www.rassegnastampa-totustuus.it\\\/cattolica\\\/#organization\",\"name\":\"Rassegna Stampa Cattolica\",\"url\":\"https:\\\/\\\/www.rassegnastampa-totustuus.it\\\/cattolica\\\/\",\"logo\":{\"@type\":\"ImageObject\",\"inLanguage\":\"it-IT\",\"@id\":\"https:\\\/\\\/www.rassegnastampa-totustuus.it\\\/cattolica\\\/#\\\/schema\\\/logo\\\/image\\\/\",\"url\":\"https:\\\/\\\/www.rassegnastampa-totustuus.it\\\/cattolica\\\/wp-content\\\/uploads\\\/2014\\\/04\\\/logo-rassegna1.gif\",\"contentUrl\":\"https:\\\/\\\/www.rassegnastampa-totustuus.it\\\/cattolica\\\/wp-content\\\/uploads\\\/2014\\\/04\\\/logo-rassegna1.gif\",\"width\":600,\"height\":163,\"caption\":\"Rassegna Stampa Cattolica\"},\"image\":{\"@id\":\"https:\\\/\\\/www.rassegnastampa-totustuus.it\\\/cattolica\\\/#\\\/schema\\\/logo\\\/image\\\/\"},\"sameAs\":[\"https:\\\/\\\/www.facebook.com\\\/rassegnastampacattolica\",\"https:\\\/\\\/x.com\\\/rassegnastampa9\"]},{\"@type\":\"Person\",\"@id\":\"https:\\\/\\\/www.rassegnastampa-totustuus.it\\\/cattolica\\\/#\\\/schema\\\/person\\\/08f319d2bd1a0904ad9e2bfb7b15e5c3\",\"name\":\"Redazione\",\"image\":{\"@type\":\"ImageObject\",\"inLanguage\":\"it-IT\",\"@id\":\"https:\\\/\\\/secure.gravatar.com\\\/avatar\\\/2fcdf27c78ea025fbdb44e914cc63c72249ffec9dc8aafd5c82b26240ef3f346?s=96&d=mm&r=g\",\"url\":\"https:\\\/\\\/secure.gravatar.com\\\/avatar\\\/2fcdf27c78ea025fbdb44e914cc63c72249ffec9dc8aafd5c82b26240ef3f346?s=96&d=mm&r=g\",\"contentUrl\":\"https:\\\/\\\/secure.gravatar.com\\\/avatar\\\/2fcdf27c78ea025fbdb44e914cc63c72249ffec9dc8aafd5c82b26240ef3f346?s=96&d=mm&r=g\",\"caption\":\"Redazione\"},\"url\":\"https:\\\/\\\/www.rassegnastampa-totustuus.it\\\/cattolica\\\/author\\\/pietroelle\\\/\"}]}<\/script>\n<!-- \/ Yoast SEO plugin. -->","yoast_head_json":{"title":"L'embrione \u00e8 persona a tutti gli effetti - Rassegna Stampa Cattolica","description":"Rassegna Stampa Cattolica - Per una cultura che nasce dalla Rivelazione cristiana in conformit\u00e0 alla tradizione e al Magistero della Chiesa in opposizione ad ogni relativismo e totalitarismo","robots":{"index":"index","follow":"follow","max-snippet":"max-snippet:-1","max-image-preview":"max-image-preview:large","max-video-preview":"max-video-preview:-1"},"canonical":"https:\/\/www.rassegnastampa-totustuus.it\/cattolica\/lembrione-e-persona-a-tutti-gli-effetti\/","og_locale":"it_IT","og_type":"article","og_title":"L'embrione \u00e8 persona a tutti gli effetti - Rassegna Stampa Cattolica","og_description":"Rassegna Stampa Cattolica - Per una cultura che nasce dalla Rivelazione cristiana in conformit\u00e0 alla tradizione e al Magistero della Chiesa in opposizione ad ogni relativismo e totalitarismo","og_url":"https:\/\/www.rassegnastampa-totustuus.it\/cattolica\/lembrione-e-persona-a-tutti-gli-effetti\/","og_site_name":"Rassegna Stampa Cattolica","article_publisher":"https:\/\/www.facebook.com\/rassegnastampacattolica","article_published_time":"2016-01-13T23:00:11+00:00","article_modified_time":"2016-01-14T07:35:59+00:00","og_image":[{"width":200,"height":336,"url":"https:\/\/www.rassegnastampa-totustuus.it\/cattolica\/wp-content\/uploads\/2016\/01\/Carbone_cover.jpg","type":"image\/jpeg"}],"author":"Redazione","twitter_card":"summary_large_image","twitter_creator":"@rassegnastampa9","twitter_site":"@rassegnastampa9","twitter_misc":{"Scritto da":"Redazione","Tempo di lettura stimato":"10 minuti"},"schema":{"@context":"https:\/\/schema.org","@graph":[{"@type":"Article","@id":"https:\/\/www.rassegnastampa-totustuus.it\/cattolica\/lembrione-e-persona-a-tutti-gli-effetti\/#article","isPartOf":{"@id":"https:\/\/www.rassegnastampa-totustuus.it\/cattolica\/lembrione-e-persona-a-tutti-gli-effetti\/"},"author":{"name":"Redazione","@id":"https:\/\/www.rassegnastampa-totustuus.it\/cattolica\/#\/schema\/person\/08f319d2bd1a0904ad9e2bfb7b15e5c3"},"headline":"L&#8217;embrione \u00e8 persona a tutti gli effetti","datePublished":"2016-01-13T23:00:11+00:00","dateModified":"2016-01-14T07:35:59+00:00","mainEntityOfPage":{"@id":"https:\/\/www.rassegnastampa-totustuus.it\/cattolica\/lembrione-e-persona-a-tutti-gli-effetti\/"},"wordCount":2147,"publisher":{"@id":"https:\/\/www.rassegnastampa-totustuus.it\/cattolica\/#organization"},"image":{"@id":"https:\/\/www.rassegnastampa-totustuus.it\/cattolica\/lembrione-e-persona-a-tutti-gli-effetti\/#primaryimage"},"thumbnailUrl":"https:\/\/www.rassegnastampa-totustuus.it\/cattolica\/wp-content\/uploads\/2016\/01\/Carbone_cover.jpg","keywords":["embrione","persona"],"articleSection":["Bioetica","Libri"],"inLanguage":"it-IT"},{"@type":"WebPage","@id":"https:\/\/www.rassegnastampa-totustuus.it\/cattolica\/lembrione-e-persona-a-tutti-gli-effetti\/","url":"https:\/\/www.rassegnastampa-totustuus.it\/cattolica\/lembrione-e-persona-a-tutti-gli-effetti\/","name":"L'embrione \u00e8 persona a tutti gli effetti - Rassegna Stampa Cattolica","isPartOf":{"@id":"https:\/\/www.rassegnastampa-totustuus.it\/cattolica\/#website"},"primaryImageOfPage":{"@id":"https:\/\/www.rassegnastampa-totustuus.it\/cattolica\/lembrione-e-persona-a-tutti-gli-effetti\/#primaryimage"},"image":{"@id":"https:\/\/www.rassegnastampa-totustuus.it\/cattolica\/lembrione-e-persona-a-tutti-gli-effetti\/#primaryimage"},"thumbnailUrl":"https:\/\/www.rassegnastampa-totustuus.it\/cattolica\/wp-content\/uploads\/2016\/01\/Carbone_cover.jpg","datePublished":"2016-01-13T23:00:11+00:00","dateModified":"2016-01-14T07:35:59+00:00","description":"Rassegna Stampa Cattolica - Per una cultura che nasce dalla Rivelazione cristiana in conformit\u00e0 alla tradizione e al Magistero della Chiesa in opposizione ad ogni relativismo e totalitarismo","breadcrumb":{"@id":"https:\/\/www.rassegnastampa-totustuus.it\/cattolica\/lembrione-e-persona-a-tutti-gli-effetti\/#breadcrumb"},"inLanguage":"it-IT","potentialAction":[{"@type":"ReadAction","target":["https:\/\/www.rassegnastampa-totustuus.it\/cattolica\/lembrione-e-persona-a-tutti-gli-effetti\/"]}]},{"@type":"ImageObject","inLanguage":"it-IT","@id":"https:\/\/www.rassegnastampa-totustuus.it\/cattolica\/lembrione-e-persona-a-tutti-gli-effetti\/#primaryimage","url":"https:\/\/www.rassegnastampa-totustuus.it\/cattolica\/wp-content\/uploads\/2016\/01\/Carbone_cover.jpg","contentUrl":"https:\/\/www.rassegnastampa-totustuus.it\/cattolica\/wp-content\/uploads\/2016\/01\/Carbone_cover.jpg","width":200,"height":336},{"@type":"BreadcrumbList","@id":"https:\/\/www.rassegnastampa-totustuus.it\/cattolica\/lembrione-e-persona-a-tutti-gli-effetti\/#breadcrumb","itemListElement":[{"@type":"ListItem","position":1,"name":"Home","item":"https:\/\/www.rassegnastampa-totustuus.it\/cattolica\/"},{"@type":"ListItem","position":2,"name":"L&#8217;embrione \u00e8 persona a tutti gli effetti"}]},{"@type":"WebSite","@id":"https:\/\/www.rassegnastampa-totustuus.it\/cattolica\/#website","url":"https:\/\/www.rassegnastampa-totustuus.it\/cattolica\/","name":"Rassegna Stampa Cattolica","description":"Per una cultura che nasce dalla Rivelazione cristiana in conformit\u00e0 alla tradizione e al Magistero della Chiesa in opposizione ad ogni relativismo e totalitarismo","publisher":{"@id":"https:\/\/www.rassegnastampa-totustuus.it\/cattolica\/#organization"},"alternateName":"Rass. Cattolica","potentialAction":[{"@type":"SearchAction","target":{"@type":"EntryPoint","urlTemplate":"https:\/\/www.rassegnastampa-totustuus.it\/cattolica\/?s={search_term_string}"},"query-input":{"@type":"PropertyValueSpecification","valueRequired":true,"valueName":"search_term_string"}}],"inLanguage":"it-IT"},{"@type":"Organization","@id":"https:\/\/www.rassegnastampa-totustuus.it\/cattolica\/#organization","name":"Rassegna Stampa Cattolica","url":"https:\/\/www.rassegnastampa-totustuus.it\/cattolica\/","logo":{"@type":"ImageObject","inLanguage":"it-IT","@id":"https:\/\/www.rassegnastampa-totustuus.it\/cattolica\/#\/schema\/logo\/image\/","url":"https:\/\/www.rassegnastampa-totustuus.it\/cattolica\/wp-content\/uploads\/2014\/04\/logo-rassegna1.gif","contentUrl":"https:\/\/www.rassegnastampa-totustuus.it\/cattolica\/wp-content\/uploads\/2014\/04\/logo-rassegna1.gif","width":600,"height":163,"caption":"Rassegna Stampa Cattolica"},"image":{"@id":"https:\/\/www.rassegnastampa-totustuus.it\/cattolica\/#\/schema\/logo\/image\/"},"sameAs":["https:\/\/www.facebook.com\/rassegnastampacattolica","https:\/\/x.com\/rassegnastampa9"]},{"@type":"Person","@id":"https:\/\/www.rassegnastampa-totustuus.it\/cattolica\/#\/schema\/person\/08f319d2bd1a0904ad9e2bfb7b15e5c3","name":"Redazione","image":{"@type":"ImageObject","inLanguage":"it-IT","@id":"https:\/\/secure.gravatar.com\/avatar\/2fcdf27c78ea025fbdb44e914cc63c72249ffec9dc8aafd5c82b26240ef3f346?s=96&d=mm&r=g","url":"https:\/\/secure.gravatar.com\/avatar\/2fcdf27c78ea025fbdb44e914cc63c72249ffec9dc8aafd5c82b26240ef3f346?s=96&d=mm&r=g","contentUrl":"https:\/\/secure.gravatar.com\/avatar\/2fcdf27c78ea025fbdb44e914cc63c72249ffec9dc8aafd5c82b26240ef3f346?s=96&d=mm&r=g","caption":"Redazione"},"url":"https:\/\/www.rassegnastampa-totustuus.it\/cattolica\/author\/pietroelle\/"}]}},"_links":{"self":[{"href":"https:\/\/www.rassegnastampa-totustuus.it\/cattolica\/wp-json\/wp\/v2\/posts\/29260","targetHints":{"allow":["GET"]}}],"collection":[{"href":"https:\/\/www.rassegnastampa-totustuus.it\/cattolica\/wp-json\/wp\/v2\/posts"}],"about":[{"href":"https:\/\/www.rassegnastampa-totustuus.it\/cattolica\/wp-json\/wp\/v2\/types\/post"}],"author":[{"embeddable":true,"href":"https:\/\/www.rassegnastampa-totustuus.it\/cattolica\/wp-json\/wp\/v2\/users\/6"}],"replies":[{"embeddable":true,"href":"https:\/\/www.rassegnastampa-totustuus.it\/cattolica\/wp-json\/wp\/v2\/comments?post=29260"}],"version-history":[{"count":1,"href":"https:\/\/www.rassegnastampa-totustuus.it\/cattolica\/wp-json\/wp\/v2\/posts\/29260\/revisions"}],"predecessor-version":[{"id":29262,"href":"https:\/\/www.rassegnastampa-totustuus.it\/cattolica\/wp-json\/wp\/v2\/posts\/29260\/revisions\/29262"}],"wp:featuredmedia":[{"embeddable":true,"href":"https:\/\/www.rassegnastampa-totustuus.it\/cattolica\/wp-json\/wp\/v2\/media\/29261"}],"wp:attachment":[{"href":"https:\/\/www.rassegnastampa-totustuus.it\/cattolica\/wp-json\/wp\/v2\/media?parent=29260"}],"wp:term":[{"taxonomy":"category","embeddable":true,"href":"https:\/\/www.rassegnastampa-totustuus.it\/cattolica\/wp-json\/wp\/v2\/categories?post=29260"},{"taxonomy":"post_tag","embeddable":true,"href":"https:\/\/www.rassegnastampa-totustuus.it\/cattolica\/wp-json\/wp\/v2\/tags?post=29260"}],"curies":[{"name":"wp","href":"https:\/\/api.w.org\/{rel}","templated":true}]}}