{"id":29226,"date":"2016-01-07T00:00:24","date_gmt":"2016-01-06T23:00:24","guid":{"rendered":"http:\/\/www.rassegnastampa-totustuus.it\/cattolica\/?p=29226"},"modified":"2016-01-07T08:24:23","modified_gmt":"2016-01-07T07:24:23","slug":"guerre-di-religione-guerre-alla-religione","status":"publish","type":"post","link":"https:\/\/www.rassegnastampa-totustuus.it\/cattolica\/guerre-di-religione-guerre-alla-religione\/","title":{"rendered":"Guerre di religione. Guerre alla religione"},"content":{"rendered":"<p style=\"text-align: center;\"><strong>Osservatorio Internazionale Cardinale Van Thu\u00e2n<\/strong> &#8211; Newsletter n.649 del 22 dicembre 2015<\/p>\n<p style=\"text-align: center;\">(Editoriale del bollettino n.4-2015)<\/p>\n<p style=\"text-align: center;\"><a href=\"https:\/\/www.rassegnastampa-totustuus.it\/cattolica\/wp-content\/uploads\/2016\/01\/Van_Thuan_cover.jpg\"><img loading=\"lazy\" decoding=\"async\" class=\"aligncenter wp-image-29227\" src=\"https:\/\/www.rassegnastampa-totustuus.it\/cattolica\/wp-content\/uploads\/2016\/01\/Van_Thuan_cover.jpg\" alt=\"Van_Thuan_cover\" width=\"142\" height=\"200\" \/><\/a><\/p>\n<p style=\"text-align: center;\">S.E. Mons.<strong>Giampaolo Crepaldi<\/strong><\/p>\n<p style=\"text-align: center;\">Presidente dell\u2019Osservatorio<\/p>\n<p style=\"text-align: center;\"><!--more--><\/p>\n<p style=\"text-align: justify;\">Questo anno 2015 \u00e8 stato caratterizzato in Europa da due gravissimi attentati terroristici di matrice islamista. Il 7 gennaio 2015 c\u2019\u00e8 stato l\u2019attentato al giornale satirico francese <em>Charlie Hebdo<\/em>. Il 13 novembre 2015 c\u2019\u00e8 stato l\u2019altro attentato multiplo al teatro Bataclan, allo <em>Stade de France<\/em> e a tre ristoranti parigini. Nello stesso anno una grande quantit\u00e0 di atti di violenza e di persecuzione sono stati messi in atto da <em>Boko Haram<\/em> in Nigeria. Sono stata fatte esplodere chiese cristiane con uccisione di un gran numero di fedeli, sono state rapite ragazze cristiane, sono stati uccisi molti fedeli.<\/p>\n<p style=\"text-align: justify;\">Si tratta di un evidente ritorno delle guerre di religione. Si sa che dietro, o sotto, ci sono anche altre cause, ma rimane indubbio che oggi, in questi casi acuti, il fattore religioso \u00e8 quello che fa da sintesi a tutti gli altri. Quando si parla di guerre di religione non si vuole infatti sostenere che il fattore religioso sia l\u2019unico in campo, ma che \u00e8 quello che riassume tutti gli altri, coordinandoli data la sua supremazia quanto a capacit\u00e0 di mobilitare le persone. Anche nel Cinquecento o nel Seicento le guerre di religione non erano solo di religione, ma ciononostante il fattore religioso faceva da coagulo di tutti gli altri. Cos\u00ec accade oggi in questi drammatici rigurgiti di guerre di religione.<\/p>\n<p style=\"text-align: justify;\">Esaminando i fatti di questo anno 2015, tuttavia, ci si accorge anche che non ci sono solo le guerre di religione ma anche la guerra alla religione e, in particolare, alla religione cattolica. Non si tratta di una guerra dichiarata, convenzionale, con uso di armi e strategie militari. E\u2019 possibile chiamarla guerra solo in senso traslato. E\u2019 un conflitto, una lotta tramite leggi, politiche, interventi degli organismi internazionali, licenziamenti, intimidazioni, l\u2019uso dei media, la destinazione di ingenti risorse alla propaganda contro la religione cattolica e i suoi presupposti.<\/p>\n<p style=\"text-align: justify;\">Mentre le guerre di religione sono dislocate nelle aree caratterizzate dai Califfati, questa guerra alla religione \u00e8 attuata soprattutto nell\u2019Occidente e, in particolare, in Europa. Il vecchio continente, tuttavia, \u00e8 anche interessato alle ripercussioni dentro i propri confini delle guerre di religione, dato il fenomeno del terrorismo e il reclutamento delle milizie islamiche nei sobborghi delle grandi citt\u00e0 europee (soprattutto a Bruxelles ma non solo) tra gli immigrati di seconda o di terza generazione. L\u2019Europa \u00e8 l\u2019epicentro di ambedue le tendenze di cui stiamo parlando: delle guerre di religione e della guerra alla religione.<\/p>\n<p style=\"text-align: justify;\">Tra questi due aspetti ci sono profondi collegamenti. L\u2019Occidente \u00e8 troppo preso dalla sua guerra interna alla religione per potersi occupare delle guerre di religione in Siria o in Nigeria. E\u2019 troppo preoccupato di recidere i propri legami con la religione proclamando l\u2019indifferenza alle religioni, indebolendosi e rendendosi non pi\u00f9 capace di difendere nel mondo nemmeno il diritto alla libert\u00e0 di religione, che in un certo senso \u00e8 una sua invenzione. L\u2019Occidente non dice una parola verso le persecuzioni dei cristiani che raggiungono ormai cifre da genocidio e non ha trovato finora la spinta morale per intervenire a proteggere le popolazioni vittime dei Califfati o dei regimi dispotici a fondamento religioso. L\u2019Occidente \u00e8 sempre pi\u00f9 stanco, e l\u2019Europa in particolare, dissanguato nel morale dalla sua ostinata guerra contro la religione.<\/p>\n<p style=\"text-align: justify;\">Si nota una certa inversione di tendenza nei Paesi dell\u2019Europa orientale. Questi, dopo il lungo gelo del comunismo, ritornano, in modo ancora incerto e confuso, non solo all\u2019etica ma anche alla religione. E\u2019 questo un fenomeno che lascia ben sperare, se adeguatamente convogliato. Ed infatti, proprio in questi Paesi emergono atteggiamenti di intervento nella grande arena internazionale fuori dagli schemi ingessati delle convenienze della politica istituzionale con una rinnovata capacit\u00e0 di guardare in faccia la religione e le religioni, senza metterle tutte sullo steso piano, il che equivale a privarle della loro diversa rilevanza pubblica.<\/p>\n<p style=\"text-align: justify;\">L\u2019Occidente \u00e8 ancora troppo legato al suo proprio concetto di libert\u00e0 religiosa, un concetto riduttivo, individualista, che valuta nelle religioni solo il sentimento dell\u2019adesione individuale e non il significato oggettivo delle loro credenze. Un concetto relativista, che non permette di individuare, nelle religioni, aspetti da contenere o da combattere, comunque da rifiutare in nome della ragione e della vera religione. E che non permette, quindi, di trovare la forza di intervenire quando in nome della religione si producono violenze disumane e si negano gli stessi diritti umani fondamentali su cui si basa lo stesso diritto alla libert\u00e0 religiosa, nato in Occidente.<\/p>\n<p style=\"text-align: justify;\">I Paesi occidentali importano religioni ed esportano relativismo. Gli altri lo percepiscono come un ambito in cui entrare ma dal quale non imparare nulla. Se un Paese come l\u2019Inghilterra, di cos\u00ec lunga ed alta tradizione giuridica occidentale, ammette istituti giuridici propri della sharia islamica, compresa la presenza di tribunali islamici, significa che l\u2019Occidente ha disimparato l\u2019uso della ragione cui il Cristianesimo lo aveva educato.<\/p>\n<p style=\"text-align: justify;\">Queste considerazioni devono riguardare anche la gestione delle immigrazioni. Le guerre di religione, che penetrano fin nelle strade delle citt\u00e0 occidentali, come dimostrano gli attentati terroristici, trovano un terreno favorevole in quanto proprio l\u00ec \u00e8 stata fatta una guerra alla religione.<\/p>\n<p style=\"text-align: justify;\">Non \u00e8 permesso prevedere oggi se le religioni presenti in Occidente si alleeranno tra loro contro la guerra alla religione, o se vi si accomoderanno cercando di lucrare propri vantaggi di corporativismo religioso. Questo potrebbe essere anche il disegno dell\u2019Islam in Occidente. Come non si pu\u00f2 ancora prevedere se sulle religioni prevarr\u00e0 il secolarismo della guerra alla religione o se avverr\u00e0 il contrario. Molto dipender\u00e0 da un altro aspetto di queste nuove guerre, l\u2019aspetto demografico.<\/p>\n<p style=\"text-align: justify;\">L\u2019indice di natalit\u00e0 degli immigrati in Occidente ancora legati alla loro religione, \u00e8 molto pi\u00f9 alto di quello dei Paesi occidentali. Tra qualche decennio in qualche Paese europeo ci sar\u00e0 il sorpasso. E\u2019 vero che, a contatto con la vita occidentale, anche la natalit\u00e0 delle famiglie islamiche \u2013 per fare l\u2019esempio pi\u00f9 interessante \u2013 tende a diminuire e forse certe previsioni di un sorpasso massiccio e precoce dovranno essere corrette, ma il gap rimane comunque molto significativo. La vita non pu\u00f2 essere una forma di guerra. Eppure, come nelle guerre ad alta identit\u00e0 religiosa ci sono i tristi fenomeni degli stupri di massa, anche la procreazione pu\u00f2 avere uno scopo competitivo. Molti musulmani europei non lo nascondono: si tratta di un conflitto portato avanti anche in quella forma.<\/p>\n<p style=\"text-align: justify;\">Di fronte a questi complessi problemi, la Dottrina sociale della Chiesa deve dare un contributo non generico, moralistico, semplicistico, ma realistico. I termini pace, accoglienza, solidariet\u00e0 possono essere caricati di deformazioni ideologiche se non tengono conto della verit\u00e0 e della realt\u00e0 delle cose. La Dottrina sociale della Chiesa non \u00e8 un sapere astratto. Esso \u00e8 concreto non solo perch\u00e9 offre anche piste di soluzione, ma prima di tutto perch\u00e9 \u00e8 realista, vede l\u2019uomo nella luce di Cristo, concreto in tutti i suoi veri bisogni, mentre le ideologie, comprese quelle del pacifismo, lo deformano secondo schemi calati dall\u2019altro e funzionali a qualche interesse.<\/p>\n<p style=\"text-align: justify;\">La via d\u2019uscita alle guerre di religione e alla guerra alla religione \u00e8 che, una volta colto il nesso tra le due dimensioni, si operi per una revisione sostanziale di come l\u2019Occidente vuole guardare alla religione e in particolare alla religione cristiana, come a lungo ha insegnato Benedetto XVI, perch\u00e9 da questo dipende anche il modo con cui esso guarder\u00e0 alle altre religioni e come queste guarderanno ad esso, all\u2019Occidente.<\/p>\n","protected":false},"excerpt":{"rendered":"<p>Osservatorio Internazionale Cardinale Van Thu\u00e2n &#8211; Newsletter n.649 del 22 dicembre 2015 (Editoriale del bollettino n.4-2015) S.E. Mons.Giampaolo Crepaldi Presidente dell\u2019Osservatorio<\/p><p><a class=\"more-link btn\" href=\"https:\/\/www.rassegnastampa-totustuus.it\/cattolica\/guerre-di-religione-guerre-alla-religione\/\">Continua a leggere<\/a><\/p>\n","protected":false},"author":6,"featured_media":29227,"comment_status":"closed","ping_status":"closed","sticky":false,"template":"","format":"standard","meta":{"footnotes":""},"categories":[5,11],"tags":[166,164],"class_list":["post-29226","post","type-post","status-publish","format-standard","has-post-thumbnail","hentry","category-chiesa","category-dottrina-sociale","tag-europa","tag-religioni","item-wrap"],"yoast_head":"<!-- This site is optimized with the Yoast SEO plugin v27.4 - https:\/\/yoast.com\/product\/yoast-seo-wordpress\/ -->\n<title>Guerre di religione. Guerre alla religione - Rassegna Stampa Cattolica<\/title>\n<meta name=\"description\" content=\"Rassegna Stampa Cattolica - Per una cultura che nasce dalla Rivelazione cristiana in conformit\u00e0 alla tradizione e al Magistero della Chiesa in opposizione ad ogni relativismo e totalitarismo\" \/>\n<meta name=\"robots\" content=\"index, follow, max-snippet:-1, max-image-preview:large, max-video-preview:-1\" \/>\n<link rel=\"canonical\" href=\"https:\/\/www.rassegnastampa-totustuus.it\/cattolica\/guerre-di-religione-guerre-alla-religione\/\" \/>\n<meta property=\"og:locale\" content=\"it_IT\" \/>\n<meta property=\"og:type\" content=\"article\" \/>\n<meta property=\"og:title\" content=\"Guerre di religione. Guerre alla religione - Rassegna Stampa Cattolica\" \/>\n<meta property=\"og:description\" content=\"Rassegna Stampa Cattolica - Per una cultura che nasce dalla Rivelazione cristiana in conformit\u00e0 alla tradizione e al Magistero della Chiesa in opposizione ad ogni relativismo e totalitarismo\" \/>\n<meta property=\"og:url\" content=\"https:\/\/www.rassegnastampa-totustuus.it\/cattolica\/guerre-di-religione-guerre-alla-religione\/\" \/>\n<meta property=\"og:site_name\" content=\"Rassegna Stampa Cattolica\" \/>\n<meta property=\"article:publisher\" content=\"https:\/\/www.facebook.com\/rassegnastampacattolica\" \/>\n<meta property=\"article:published_time\" content=\"2016-01-06T23:00:24+00:00\" \/>\n<meta property=\"article:modified_time\" content=\"2016-01-07T07:24:23+00:00\" \/>\n<meta property=\"og:image\" content=\"https:\/\/www.rassegnastampa-totustuus.it\/cattolica\/wp-content\/uploads\/2016\/01\/Van_Thuan_cover.jpg\" \/>\n\t<meta property=\"og:image:width\" content=\"160\" \/>\n\t<meta property=\"og:image:height\" content=\"226\" \/>\n\t<meta property=\"og:image:type\" content=\"image\/jpeg\" \/>\n<meta name=\"author\" content=\"Redazione\" \/>\n<meta name=\"twitter:card\" content=\"summary_large_image\" \/>\n<meta name=\"twitter:creator\" content=\"@rassegnastampa9\" \/>\n<meta name=\"twitter:site\" content=\"@rassegnastampa9\" \/>\n<meta name=\"twitter:label1\" content=\"Scritto da\" \/>\n\t<meta name=\"twitter:data1\" content=\"Redazione\" \/>\n\t<meta name=\"twitter:label2\" content=\"Tempo di lettura stimato\" \/>\n\t<meta name=\"twitter:data2\" content=\"6 minuti\" \/>\n<script type=\"application\/ld+json\" class=\"yoast-schema-graph\">{\"@context\":\"https:\\\/\\\/schema.org\",\"@graph\":[{\"@type\":\"Article\",\"@id\":\"https:\\\/\\\/www.rassegnastampa-totustuus.it\\\/cattolica\\\/guerre-di-religione-guerre-alla-religione\\\/#article\",\"isPartOf\":{\"@id\":\"https:\\\/\\\/www.rassegnastampa-totustuus.it\\\/cattolica\\\/guerre-di-religione-guerre-alla-religione\\\/\"},\"author\":{\"name\":\"Redazione\",\"@id\":\"https:\\\/\\\/www.rassegnastampa-totustuus.it\\\/cattolica\\\/#\\\/schema\\\/person\\\/08f319d2bd1a0904ad9e2bfb7b15e5c3\"},\"headline\":\"Guerre di religione. Guerre alla religione\",\"datePublished\":\"2016-01-06T23:00:24+00:00\",\"dateModified\":\"2016-01-07T07:24:23+00:00\",\"mainEntityOfPage\":{\"@id\":\"https:\\\/\\\/www.rassegnastampa-totustuus.it\\\/cattolica\\\/guerre-di-religione-guerre-alla-religione\\\/\"},\"wordCount\":1240,\"publisher\":{\"@id\":\"https:\\\/\\\/www.rassegnastampa-totustuus.it\\\/cattolica\\\/#organization\"},\"image\":{\"@id\":\"https:\\\/\\\/www.rassegnastampa-totustuus.it\\\/cattolica\\\/guerre-di-religione-guerre-alla-religione\\\/#primaryimage\"},\"thumbnailUrl\":\"https:\\\/\\\/www.rassegnastampa-totustuus.it\\\/cattolica\\\/wp-content\\\/uploads\\\/2016\\\/01\\\/Van_Thuan_cover.jpg\",\"keywords\":[\"Europa\",\"religioni\"],\"articleSection\":[\"Chiesa\",\"Dottrina sociale\"],\"inLanguage\":\"it-IT\"},{\"@type\":\"WebPage\",\"@id\":\"https:\\\/\\\/www.rassegnastampa-totustuus.it\\\/cattolica\\\/guerre-di-religione-guerre-alla-religione\\\/\",\"url\":\"https:\\\/\\\/www.rassegnastampa-totustuus.it\\\/cattolica\\\/guerre-di-religione-guerre-alla-religione\\\/\",\"name\":\"Guerre di religione. Guerre alla religione - Rassegna Stampa Cattolica\",\"isPartOf\":{\"@id\":\"https:\\\/\\\/www.rassegnastampa-totustuus.it\\\/cattolica\\\/#website\"},\"primaryImageOfPage\":{\"@id\":\"https:\\\/\\\/www.rassegnastampa-totustuus.it\\\/cattolica\\\/guerre-di-religione-guerre-alla-religione\\\/#primaryimage\"},\"image\":{\"@id\":\"https:\\\/\\\/www.rassegnastampa-totustuus.it\\\/cattolica\\\/guerre-di-religione-guerre-alla-religione\\\/#primaryimage\"},\"thumbnailUrl\":\"https:\\\/\\\/www.rassegnastampa-totustuus.it\\\/cattolica\\\/wp-content\\\/uploads\\\/2016\\\/01\\\/Van_Thuan_cover.jpg\",\"datePublished\":\"2016-01-06T23:00:24+00:00\",\"dateModified\":\"2016-01-07T07:24:23+00:00\",\"description\":\"Rassegna Stampa Cattolica - Per una cultura che nasce dalla Rivelazione cristiana in conformit\u00e0 alla tradizione e al Magistero della Chiesa in opposizione ad ogni relativismo e totalitarismo\",\"breadcrumb\":{\"@id\":\"https:\\\/\\\/www.rassegnastampa-totustuus.it\\\/cattolica\\\/guerre-di-religione-guerre-alla-religione\\\/#breadcrumb\"},\"inLanguage\":\"it-IT\",\"potentialAction\":[{\"@type\":\"ReadAction\",\"target\":[\"https:\\\/\\\/www.rassegnastampa-totustuus.it\\\/cattolica\\\/guerre-di-religione-guerre-alla-religione\\\/\"]}]},{\"@type\":\"ImageObject\",\"inLanguage\":\"it-IT\",\"@id\":\"https:\\\/\\\/www.rassegnastampa-totustuus.it\\\/cattolica\\\/guerre-di-religione-guerre-alla-religione\\\/#primaryimage\",\"url\":\"https:\\\/\\\/www.rassegnastampa-totustuus.it\\\/cattolica\\\/wp-content\\\/uploads\\\/2016\\\/01\\\/Van_Thuan_cover.jpg\",\"contentUrl\":\"https:\\\/\\\/www.rassegnastampa-totustuus.it\\\/cattolica\\\/wp-content\\\/uploads\\\/2016\\\/01\\\/Van_Thuan_cover.jpg\",\"width\":160,\"height\":226},{\"@type\":\"BreadcrumbList\",\"@id\":\"https:\\\/\\\/www.rassegnastampa-totustuus.it\\\/cattolica\\\/guerre-di-religione-guerre-alla-religione\\\/#breadcrumb\",\"itemListElement\":[{\"@type\":\"ListItem\",\"position\":1,\"name\":\"Home\",\"item\":\"https:\\\/\\\/www.rassegnastampa-totustuus.it\\\/cattolica\\\/\"},{\"@type\":\"ListItem\",\"position\":2,\"name\":\"Guerre di religione. Guerre alla religione\"}]},{\"@type\":\"WebSite\",\"@id\":\"https:\\\/\\\/www.rassegnastampa-totustuus.it\\\/cattolica\\\/#website\",\"url\":\"https:\\\/\\\/www.rassegnastampa-totustuus.it\\\/cattolica\\\/\",\"name\":\"Rassegna Stampa Cattolica\",\"description\":\"Per una cultura che nasce dalla Rivelazione cristiana in conformit\u00e0 alla tradizione e al Magistero della Chiesa in opposizione ad ogni relativismo e totalitarismo\",\"publisher\":{\"@id\":\"https:\\\/\\\/www.rassegnastampa-totustuus.it\\\/cattolica\\\/#organization\"},\"alternateName\":\"Rass. Cattolica\",\"potentialAction\":[{\"@type\":\"SearchAction\",\"target\":{\"@type\":\"EntryPoint\",\"urlTemplate\":\"https:\\\/\\\/www.rassegnastampa-totustuus.it\\\/cattolica\\\/?s={search_term_string}\"},\"query-input\":{\"@type\":\"PropertyValueSpecification\",\"valueRequired\":true,\"valueName\":\"search_term_string\"}}],\"inLanguage\":\"it-IT\"},{\"@type\":\"Organization\",\"@id\":\"https:\\\/\\\/www.rassegnastampa-totustuus.it\\\/cattolica\\\/#organization\",\"name\":\"Rassegna Stampa Cattolica\",\"url\":\"https:\\\/\\\/www.rassegnastampa-totustuus.it\\\/cattolica\\\/\",\"logo\":{\"@type\":\"ImageObject\",\"inLanguage\":\"it-IT\",\"@id\":\"https:\\\/\\\/www.rassegnastampa-totustuus.it\\\/cattolica\\\/#\\\/schema\\\/logo\\\/image\\\/\",\"url\":\"https:\\\/\\\/www.rassegnastampa-totustuus.it\\\/cattolica\\\/wp-content\\\/uploads\\\/2014\\\/04\\\/logo-rassegna1.gif\",\"contentUrl\":\"https:\\\/\\\/www.rassegnastampa-totustuus.it\\\/cattolica\\\/wp-content\\\/uploads\\\/2014\\\/04\\\/logo-rassegna1.gif\",\"width\":600,\"height\":163,\"caption\":\"Rassegna Stampa Cattolica\"},\"image\":{\"@id\":\"https:\\\/\\\/www.rassegnastampa-totustuus.it\\\/cattolica\\\/#\\\/schema\\\/logo\\\/image\\\/\"},\"sameAs\":[\"https:\\\/\\\/www.facebook.com\\\/rassegnastampacattolica\",\"https:\\\/\\\/x.com\\\/rassegnastampa9\"]},{\"@type\":\"Person\",\"@id\":\"https:\\\/\\\/www.rassegnastampa-totustuus.it\\\/cattolica\\\/#\\\/schema\\\/person\\\/08f319d2bd1a0904ad9e2bfb7b15e5c3\",\"name\":\"Redazione\",\"image\":{\"@type\":\"ImageObject\",\"inLanguage\":\"it-IT\",\"@id\":\"https:\\\/\\\/secure.gravatar.com\\\/avatar\\\/2fcdf27c78ea025fbdb44e914cc63c72249ffec9dc8aafd5c82b26240ef3f346?s=96&d=mm&r=g\",\"url\":\"https:\\\/\\\/secure.gravatar.com\\\/avatar\\\/2fcdf27c78ea025fbdb44e914cc63c72249ffec9dc8aafd5c82b26240ef3f346?s=96&d=mm&r=g\",\"contentUrl\":\"https:\\\/\\\/secure.gravatar.com\\\/avatar\\\/2fcdf27c78ea025fbdb44e914cc63c72249ffec9dc8aafd5c82b26240ef3f346?s=96&d=mm&r=g\",\"caption\":\"Redazione\"},\"url\":\"https:\\\/\\\/www.rassegnastampa-totustuus.it\\\/cattolica\\\/author\\\/pietroelle\\\/\"}]}<\/script>\n<!-- \/ Yoast SEO plugin. -->","yoast_head_json":{"title":"Guerre di religione. Guerre alla religione - Rassegna Stampa Cattolica","description":"Rassegna Stampa Cattolica - Per una cultura che nasce dalla Rivelazione cristiana in conformit\u00e0 alla tradizione e al Magistero della Chiesa in opposizione ad ogni relativismo e totalitarismo","robots":{"index":"index","follow":"follow","max-snippet":"max-snippet:-1","max-image-preview":"max-image-preview:large","max-video-preview":"max-video-preview:-1"},"canonical":"https:\/\/www.rassegnastampa-totustuus.it\/cattolica\/guerre-di-religione-guerre-alla-religione\/","og_locale":"it_IT","og_type":"article","og_title":"Guerre di religione. Guerre alla religione - Rassegna Stampa Cattolica","og_description":"Rassegna Stampa Cattolica - Per una cultura che nasce dalla Rivelazione cristiana in conformit\u00e0 alla tradizione e al Magistero della Chiesa in opposizione ad ogni relativismo e totalitarismo","og_url":"https:\/\/www.rassegnastampa-totustuus.it\/cattolica\/guerre-di-religione-guerre-alla-religione\/","og_site_name":"Rassegna Stampa Cattolica","article_publisher":"https:\/\/www.facebook.com\/rassegnastampacattolica","article_published_time":"2016-01-06T23:00:24+00:00","article_modified_time":"2016-01-07T07:24:23+00:00","og_image":[{"width":160,"height":226,"url":"https:\/\/www.rassegnastampa-totustuus.it\/cattolica\/wp-content\/uploads\/2016\/01\/Van_Thuan_cover.jpg","type":"image\/jpeg"}],"author":"Redazione","twitter_card":"summary_large_image","twitter_creator":"@rassegnastampa9","twitter_site":"@rassegnastampa9","twitter_misc":{"Scritto da":"Redazione","Tempo di lettura stimato":"6 minuti"},"schema":{"@context":"https:\/\/schema.org","@graph":[{"@type":"Article","@id":"https:\/\/www.rassegnastampa-totustuus.it\/cattolica\/guerre-di-religione-guerre-alla-religione\/#article","isPartOf":{"@id":"https:\/\/www.rassegnastampa-totustuus.it\/cattolica\/guerre-di-religione-guerre-alla-religione\/"},"author":{"name":"Redazione","@id":"https:\/\/www.rassegnastampa-totustuus.it\/cattolica\/#\/schema\/person\/08f319d2bd1a0904ad9e2bfb7b15e5c3"},"headline":"Guerre di religione. Guerre alla religione","datePublished":"2016-01-06T23:00:24+00:00","dateModified":"2016-01-07T07:24:23+00:00","mainEntityOfPage":{"@id":"https:\/\/www.rassegnastampa-totustuus.it\/cattolica\/guerre-di-religione-guerre-alla-religione\/"},"wordCount":1240,"publisher":{"@id":"https:\/\/www.rassegnastampa-totustuus.it\/cattolica\/#organization"},"image":{"@id":"https:\/\/www.rassegnastampa-totustuus.it\/cattolica\/guerre-di-religione-guerre-alla-religione\/#primaryimage"},"thumbnailUrl":"https:\/\/www.rassegnastampa-totustuus.it\/cattolica\/wp-content\/uploads\/2016\/01\/Van_Thuan_cover.jpg","keywords":["Europa","religioni"],"articleSection":["Chiesa","Dottrina sociale"],"inLanguage":"it-IT"},{"@type":"WebPage","@id":"https:\/\/www.rassegnastampa-totustuus.it\/cattolica\/guerre-di-religione-guerre-alla-religione\/","url":"https:\/\/www.rassegnastampa-totustuus.it\/cattolica\/guerre-di-religione-guerre-alla-religione\/","name":"Guerre di religione. Guerre alla religione - Rassegna Stampa Cattolica","isPartOf":{"@id":"https:\/\/www.rassegnastampa-totustuus.it\/cattolica\/#website"},"primaryImageOfPage":{"@id":"https:\/\/www.rassegnastampa-totustuus.it\/cattolica\/guerre-di-religione-guerre-alla-religione\/#primaryimage"},"image":{"@id":"https:\/\/www.rassegnastampa-totustuus.it\/cattolica\/guerre-di-religione-guerre-alla-religione\/#primaryimage"},"thumbnailUrl":"https:\/\/www.rassegnastampa-totustuus.it\/cattolica\/wp-content\/uploads\/2016\/01\/Van_Thuan_cover.jpg","datePublished":"2016-01-06T23:00:24+00:00","dateModified":"2016-01-07T07:24:23+00:00","description":"Rassegna Stampa Cattolica - Per una cultura che nasce dalla Rivelazione cristiana in conformit\u00e0 alla tradizione e al Magistero della Chiesa in opposizione ad ogni relativismo e totalitarismo","breadcrumb":{"@id":"https:\/\/www.rassegnastampa-totustuus.it\/cattolica\/guerre-di-religione-guerre-alla-religione\/#breadcrumb"},"inLanguage":"it-IT","potentialAction":[{"@type":"ReadAction","target":["https:\/\/www.rassegnastampa-totustuus.it\/cattolica\/guerre-di-religione-guerre-alla-religione\/"]}]},{"@type":"ImageObject","inLanguage":"it-IT","@id":"https:\/\/www.rassegnastampa-totustuus.it\/cattolica\/guerre-di-religione-guerre-alla-religione\/#primaryimage","url":"https:\/\/www.rassegnastampa-totustuus.it\/cattolica\/wp-content\/uploads\/2016\/01\/Van_Thuan_cover.jpg","contentUrl":"https:\/\/www.rassegnastampa-totustuus.it\/cattolica\/wp-content\/uploads\/2016\/01\/Van_Thuan_cover.jpg","width":160,"height":226},{"@type":"BreadcrumbList","@id":"https:\/\/www.rassegnastampa-totustuus.it\/cattolica\/guerre-di-religione-guerre-alla-religione\/#breadcrumb","itemListElement":[{"@type":"ListItem","position":1,"name":"Home","item":"https:\/\/www.rassegnastampa-totustuus.it\/cattolica\/"},{"@type":"ListItem","position":2,"name":"Guerre di religione. Guerre alla religione"}]},{"@type":"WebSite","@id":"https:\/\/www.rassegnastampa-totustuus.it\/cattolica\/#website","url":"https:\/\/www.rassegnastampa-totustuus.it\/cattolica\/","name":"Rassegna Stampa Cattolica","description":"Per una cultura che nasce dalla Rivelazione cristiana in conformit\u00e0 alla tradizione e al Magistero della Chiesa in opposizione ad ogni relativismo e totalitarismo","publisher":{"@id":"https:\/\/www.rassegnastampa-totustuus.it\/cattolica\/#organization"},"alternateName":"Rass. Cattolica","potentialAction":[{"@type":"SearchAction","target":{"@type":"EntryPoint","urlTemplate":"https:\/\/www.rassegnastampa-totustuus.it\/cattolica\/?s={search_term_string}"},"query-input":{"@type":"PropertyValueSpecification","valueRequired":true,"valueName":"search_term_string"}}],"inLanguage":"it-IT"},{"@type":"Organization","@id":"https:\/\/www.rassegnastampa-totustuus.it\/cattolica\/#organization","name":"Rassegna Stampa Cattolica","url":"https:\/\/www.rassegnastampa-totustuus.it\/cattolica\/","logo":{"@type":"ImageObject","inLanguage":"it-IT","@id":"https:\/\/www.rassegnastampa-totustuus.it\/cattolica\/#\/schema\/logo\/image\/","url":"https:\/\/www.rassegnastampa-totustuus.it\/cattolica\/wp-content\/uploads\/2014\/04\/logo-rassegna1.gif","contentUrl":"https:\/\/www.rassegnastampa-totustuus.it\/cattolica\/wp-content\/uploads\/2014\/04\/logo-rassegna1.gif","width":600,"height":163,"caption":"Rassegna Stampa Cattolica"},"image":{"@id":"https:\/\/www.rassegnastampa-totustuus.it\/cattolica\/#\/schema\/logo\/image\/"},"sameAs":["https:\/\/www.facebook.com\/rassegnastampacattolica","https:\/\/x.com\/rassegnastampa9"]},{"@type":"Person","@id":"https:\/\/www.rassegnastampa-totustuus.it\/cattolica\/#\/schema\/person\/08f319d2bd1a0904ad9e2bfb7b15e5c3","name":"Redazione","image":{"@type":"ImageObject","inLanguage":"it-IT","@id":"https:\/\/secure.gravatar.com\/avatar\/2fcdf27c78ea025fbdb44e914cc63c72249ffec9dc8aafd5c82b26240ef3f346?s=96&d=mm&r=g","url":"https:\/\/secure.gravatar.com\/avatar\/2fcdf27c78ea025fbdb44e914cc63c72249ffec9dc8aafd5c82b26240ef3f346?s=96&d=mm&r=g","contentUrl":"https:\/\/secure.gravatar.com\/avatar\/2fcdf27c78ea025fbdb44e914cc63c72249ffec9dc8aafd5c82b26240ef3f346?s=96&d=mm&r=g","caption":"Redazione"},"url":"https:\/\/www.rassegnastampa-totustuus.it\/cattolica\/author\/pietroelle\/"}]}},"_links":{"self":[{"href":"https:\/\/www.rassegnastampa-totustuus.it\/cattolica\/wp-json\/wp\/v2\/posts\/29226","targetHints":{"allow":["GET"]}}],"collection":[{"href":"https:\/\/www.rassegnastampa-totustuus.it\/cattolica\/wp-json\/wp\/v2\/posts"}],"about":[{"href":"https:\/\/www.rassegnastampa-totustuus.it\/cattolica\/wp-json\/wp\/v2\/types\/post"}],"author":[{"embeddable":true,"href":"https:\/\/www.rassegnastampa-totustuus.it\/cattolica\/wp-json\/wp\/v2\/users\/6"}],"replies":[{"embeddable":true,"href":"https:\/\/www.rassegnastampa-totustuus.it\/cattolica\/wp-json\/wp\/v2\/comments?post=29226"}],"version-history":[{"count":2,"href":"https:\/\/www.rassegnastampa-totustuus.it\/cattolica\/wp-json\/wp\/v2\/posts\/29226\/revisions"}],"predecessor-version":[{"id":29250,"href":"https:\/\/www.rassegnastampa-totustuus.it\/cattolica\/wp-json\/wp\/v2\/posts\/29226\/revisions\/29250"}],"wp:featuredmedia":[{"embeddable":true,"href":"https:\/\/www.rassegnastampa-totustuus.it\/cattolica\/wp-json\/wp\/v2\/media\/29227"}],"wp:attachment":[{"href":"https:\/\/www.rassegnastampa-totustuus.it\/cattolica\/wp-json\/wp\/v2\/media?parent=29226"}],"wp:term":[{"taxonomy":"category","embeddable":true,"href":"https:\/\/www.rassegnastampa-totustuus.it\/cattolica\/wp-json\/wp\/v2\/categories?post=29226"},{"taxonomy":"post_tag","embeddable":true,"href":"https:\/\/www.rassegnastampa-totustuus.it\/cattolica\/wp-json\/wp\/v2\/tags?post=29226"}],"curies":[{"name":"wp","href":"https:\/\/api.w.org\/{rel}","templated":true}]}}