{"id":2902,"date":"2009-03-19T00:00:00","date_gmt":"2009-03-18T23:00:00","guid":{"rendered":""},"modified":"2016-06-15T10:28:01","modified_gmt":"2016-06-15T08:28:01","slug":"barack-obama-speriamo","status":"publish","type":"post","link":"https:\/\/www.rassegnastampa-totustuus.it\/cattolica\/barack-obama-speriamo\/","title":{"rendered":"Barack Obama: speriamo"},"content":{"rendered":"<div style=\"text-align: center;\"><strong><img loading=\"lazy\" decoding=\"async\" class=\"alignleft wp-image-34813\" src=\"https:\/\/www.rassegnastampa-totustuus.it\/cattolica\/wp-content\/uploads\/2009\/03\/Obama.jpg\" alt=\"Obama\" width=\"240\" height=\"158\" \/>Studi Cattolici<\/strong> n.576 febbraio 2009<\/div>\n<p style=\"text-align: justify;\"><em>Insediato il 20 gennaio, il presidente Barack Obama non ha perso tempo. Tre giorni dopo ha firmato un <\/em>executive order<em> che cancella il divieto di finanziare con fondi federali le associazioni e i gruppi Internazionali che praticano o promuovono l&#8217;aborto all&#8217;estero. Il divieto, introdotto da Reagan nel 1984, era stato confermato da Bush senior nel 1988, cancellato da Clinton nel 1993 e ripristinato da Bush Junior nel 2001. La decisione di Obama \u00e8 stata severamente criticata dall&#8217;episcopato statunitense e ha provocato una presa di posizione dell&#8217;Osservatore romano. Mauro della Porta Raffo, espertissimo di storia americana, autore del <\/em>volume I Signori della Casa Bianca<em> (Edizioni Ares), ridimensiona in questo ritratto alcuni luoghi comuni sul nuovo presidente.<br \/>\n<\/em><\/p>\n<p style=\"text-align: center;\">di<strong> Mauro della Porta Raffo<\/strong><\/p>\n<p><!--more--><\/p>\n<div style=\"text-align: justify;\">Non sono un razzista (lo dimostra tutta la mia vita e, nel particolare, il fatto che a suo tempo ho fondato e presieduto il Comitato che proponeva per la presidenza americana l&#8217;allora segretario di Stato Condoleezza Rice, signora di altissime qualit\u00e0 in primo luogo culturali). Il colore della pelle non mi interessa: bado, invece, con grande attenzione alla religione, all&#8217;educazione, alla per molti versi conseguente cultura, al ceto sociale. Sono questi, difatti, i temi fondamentali sui quali e in ragione dei quali gli uomini si confrontano e si sfidano.<\/div>\n<p style=\"text-align: justify;\">Ci\u00f2 detto, guardando <em>obtorlo collo<\/em> specificamente e preliminarmente a Barack Hussein Obama dal punto di vista dell&#8217;appartenenza, impossibile non rilevare come il quarantaquattresimo capo dello Stato Usa, se non per il colore, sia tutt&#8217;altro che \u00abun nero afroamericano\u00bb quale dai media viene definito.<\/p>\n<p style=\"text-align: justify;\">Per cominciare e a parte la madre bianca, non discende in nessun modo da schiavi essendo il genitore nato, ovviamente libero, in Kenia e di nazionalit\u00e0 keniota. Dei neri americani (quasi tutti eredi di africani appartenenti a regioni della costa occidentale del continente nero e quindi strutturalmente molto diversi dai keniani) non possiede alcuna caratteristica fisica e in primo luogo non \u00e8 grosso e tendente al grasso. Pare, poi (e non si rida: conta), che non sappia ballare e che sia un cantante mediocre se non stonato.<\/p>\n<p style=\"text-align: justify;\">Di pi\u00f9, e passando alla pregressa esistenza, ha avuto modo di crescere e di studiare in maniera ben differente: non \u00e8 nato e non \u00e8 vissuto in una degradata e misera periferia urbana, \u00e8 stato ammesso nelle migliori scuole che ha frequentato fino alla laurea. Per inciso, ritengo che anche questa \u00abdiversit\u00e0\u00bb rispetto al \u00abnormale\u00bb afroamericano abbia contribuito non poco alla sua elezione convincendo un buon numero di bianchi a sostenerlo.<\/p>\n<p style=\"text-align: justify;\">Quanto al resto e lasciando da parte \u00abla politica degli annunci a effetto\u00bb che fa impazzire le sinistre come sempre alla ricerca di una guida che poco dopo le deluder\u00e0, lasciano decisamente basiti gli accadimenti di questi primi giorni a White House. Anche se se ne vuole addossare la responsabilit\u00e0 al Chief della Corte Suprema John Roberts, il giuramento ripetuto (mai successo prima se non nel caso dei vicepresidenti Chester Arthur e Calvin Colidge e in ragione non di un errore, ma di una prima cerimonia troppo poco formale: Colidge, per esempio, aveva giurato in pigiama nelle mani del padre, giudice, mentre la madre impugnava un lume) perch\u00e9 si era impappinato nella cerimonia ufficiale non pronunciandolo correttamente, l&#8217;errore storico macroscopico contenuto all&#8217;inizio del secondo capoverso del discorso inaugurale e da me denunciato sul <em>Foglio<\/em> (si veda il riquadro a p. 131), denota l&#8217;evidente incertezza nei pubblici atteggiamenti.<\/p>\n<p style=\"text-align: justify;\"><strong>Il vero potere del Presidente<\/strong><\/p>\n<p style=\"text-align: justify;\">Considerando che i trascorsi politici del neopresidente sono praticamente impalpabili, che \u00e8 assolutamente privo di ogni esperienza amministrativa di livello (quasi tutti i recenti predecessori erano stati prima governatori), che viene dal senato (storicamente, pessimi i presidenti approdati alla Casa Bianca direttamente da l\u00ec), che \u00e8 democratico (e tutti i capi dello Stato Usa, Jimmy Carter escluso, appartenenti a quel partito a partire da Woodrow Wilson hanno portato il Paese in guerra), che il suo staffe composto in gran parte da reduci dell&#8217;era Clinton, che il suo segretario di Stato ha nel campo di spettanza un&#8217;esperienza che, al di l\u00e0 delle storielle messe in giro durante le primarie, consiste essenzialmente nell&#8217;aver bevuto infinite tazze di le con le consorti dei pi\u00f9 importanti uomini politici degli anni Novanta quando il marito Bill governava, non resta a tutti noi &#8211; non certamente solo agli americani &#8211; che sperare che Obama sia un uomo fortunato e che, per conseguenza, nulla di straordinario accada nei prossimi quattro anni.<\/p>\n<p style=\"text-align: justify;\">Del resto &#8211; oso sbilanciarmi &#8211; \u00e8 la trascorsa campagna elettorale a far ritenere che cosi sia, visto che &#8211; a causa del perverso meccanismo elettorale (\u00ab<em>W\u00ecnner take <\/em><em>all<\/em>\u00bb) usato dai repubblicani nel corso delle primarie \u2014, suo rivale \u00e8 stato il mediocre John McCain, avversato e alla fine abbandonato dalla determinante destra \u00abdura e pura\u00bb del suo partito, e, soprattutto, visto che la prevista e gravissima crisi economica \u00e8 scoppiata non a giochi fatti, ma prima delle votazioni novembrine, cambiando radicalmente le carte in tavola. (Al riguardo, rammento agli smemorati che, avanti che il prezzo del petrolio impazzisse salvo subito dopo crollare &#8211; evidente, un&#8217;attenta regia alle spalle! &#8211; con le conseguenze che conosciamo, Obama era indietro nei sondaggi rispetto al pur debolissimo avversario).<\/p>\n<p style=\"text-align: justify;\">Come, infine, ho pi\u00f9 volte scritto e detto, il presidente Usa, da solo, non va da nessuna parte (Gerald Ford, esagerando ma non troppo, sosteneva che al massimo pu\u00f2 decidere quando andare al gabinetto) visto che il sistema americano prevede infiniti controlli democratici e che la Costituzione non fa dell&#8217;inquilino di White House assolutamente un despota.<\/p>\n<p style=\"text-align: justify;\">Per quanto inconsistente possa essere, quindi, un capo dello Stato americano pu\u00f2 anche cavarsela e gli esempi non mancano. Tornando alla buona sorte, Bismarck, uno che se ne intendeva, ai suoi tempi, scrisse che \u00abgli ubriachi, i pazzi e gli Stati Uniti d&#8217;America hanno una loro particolare e attivissima Provvidenza\u00bb. Preghiamo cos\u00ec che tale asserzione valga anche nel nostro futuro!<\/p>\n<p style=\"text-align: center;\">* * *<\/p>\n<p style=\"text-align: center;\"><strong>La gaffe nel discorso <\/strong><\/p>\n<p style=\"text-align: justify;\"><strong>M.d.P.R<\/strong>. &#8211; So bene che Barack Obama non \u00e8 assolutamente il solo responsabile del clamoroso errore contenuto nel discorso inaugurale da lui pronunciato. Chiss\u00e0, infatti, quanti membri del suo staff hanno contribuito alla stesura dello stesso. \u00e8, per\u00f2, che l&#8217;accusa di ignoranza della storia americana (non del Nicaragua o del Buriana Faso) che qui avanzo va estesa anche a lui che necessariamente non pu\u00f2 non sapere!<\/p>\n<p style=\"text-align: justify;\">Fatto \u00e8 che il secondo capoverso del predetto indirizzo -declamato, rammento, dopo aver posto solennemente le mani sulla Bibbia a suo tempo usata per la bisogna da Abramo Lincoln \u2014 inizia testualmente con queste parole: \u00abSono oramai quarantaquattro gli americani che hanno fatto il giuramento presidenziale\u00bb.<\/p>\n<p style=\"text-align: justify;\">Ora, per la Storia con la esse maiuscola, Obama \u00e8 il quarantatreesimo e non il quarantaquattresimo \u00abamericano\u00bb a giurare da presidente. Grover Cleveland, difatti, eletto due volte &#8211; 1884 e 1892 &#8211; ma non consecutivamente, \u00e8 ufficialmente conteggiato sia quale ventidues\u00ecmo che quale ventiquattresimo capo dello Stato Usa. Ci\u00f2 nonostante, di tutta evidenza, resta una persona (un \u00abamericano\u00bb) sola! Nello staff democratico, tutti &#8211; Obama compreso &#8211; sono all\u2019oscuro di una particolarit\u00e0 storica che in America si studia alle elementari.<\/p>\n<p style=\"text-align: justify;\">Che dire, considerando altres\u00ec il fatto che tempo fa, in campagna elettorale, il medesimo presidente, allora candidato, ebbe a dichiarare di aver fatto tappa \u00abin tutti i cinquantacinque Stati dell\u2019Unione\u00bb quando gli Usa sono cinquanta e anche a voler aggiungere Washington Dc (dove, effettivamente, nel caso, si vota), Guam, Porto Rico (dove si tengono solo le primarie), mai si potr\u00e0 raggiungere il da lui citato numero?<\/p>\n<p style=\"text-align: justify;\"><em>Da <\/em>II Foglio<em>, p. 2, 21 gennaio 2009, rubrica <\/em>Pignolerie<\/p>\n","protected":false},"excerpt":{"rendered":"<p>Studi Cattolici n.576 febbraio 2009 Insediato il 20 gennaio, il presidente Barack Obama non ha perso tempo. Tre giorni dopo ha firmato un executive order che cancella il divieto di finanziare con fondi federali le associazioni e i gruppi Internazionali che praticano o promuovono l&#8217;aborto all&#8217;estero. Il divieto, introdotto da Reagan nel 1984, era stato &hellip; <\/p>\n<p><a class=\"more-link btn\" href=\"https:\/\/www.rassegnastampa-totustuus.it\/cattolica\/barack-obama-speriamo\/\">Continua a leggere<\/a><\/p>\n","protected":false},"author":6,"featured_media":34813,"comment_status":"closed","ping_status":"open","sticky":false,"template":"","format":"standard","meta":{"footnotes":""},"categories":[108,76],"tags":[1582],"class_list":["post-2902","post","type-post","status-publish","format-standard","has-post-thumbnail","hentry","category-paesi-e-continenti","category-stati-uniti","tag-barak-obama","item-wrap"],"yoast_head":"<!-- This site is optimized with the Yoast SEO plugin v27.5 - https:\/\/yoast.com\/product\/yoast-seo-wordpress\/ -->\n<title>Barack Obama: speriamo - Rassegna Stampa Cattolica<\/title>\n<meta name=\"description\" content=\"Rassegna Stampa Cattolica - Per una cultura che nasce dalla Rivelazione cristiana in conformit\u00e0 alla tradizione e al Magistero della Chiesa in opposizione ad ogni relativismo e totalitarismo\" \/>\n<meta name=\"robots\" content=\"index, follow, max-snippet:-1, max-image-preview:large, max-video-preview:-1\" \/>\n<link rel=\"canonical\" href=\"https:\/\/www.rassegnastampa-totustuus.it\/cattolica\/barack-obama-speriamo\/\" \/>\n<meta property=\"og:locale\" content=\"it_IT\" \/>\n<meta property=\"og:type\" content=\"article\" \/>\n<meta property=\"og:title\" content=\"Barack Obama: speriamo - Rassegna Stampa Cattolica\" \/>\n<meta property=\"og:description\" content=\"Rassegna Stampa Cattolica - Per una cultura che nasce dalla Rivelazione cristiana in conformit\u00e0 alla tradizione e al Magistero della Chiesa in opposizione ad ogni relativismo e totalitarismo\" \/>\n<meta property=\"og:url\" content=\"https:\/\/www.rassegnastampa-totustuus.it\/cattolica\/barack-obama-speriamo\/\" \/>\n<meta property=\"og:site_name\" content=\"Rassegna Stampa Cattolica\" \/>\n<meta property=\"article:publisher\" content=\"https:\/\/www.facebook.com\/rassegnastampacattolica\" \/>\n<meta property=\"article:published_time\" content=\"2009-03-18T23:00:00+00:00\" \/>\n<meta property=\"article:modified_time\" content=\"2016-06-15T08:28:01+00:00\" \/>\n<meta property=\"og:image\" content=\"https:\/\/www.rassegnastampa-totustuus.it\/cattolica\/wp-content\/uploads\/2009\/03\/Obama.jpg\" \/>\n\t<meta property=\"og:image:width\" content=\"277\" \/>\n\t<meta property=\"og:image:height\" content=\"182\" \/>\n\t<meta property=\"og:image:type\" content=\"image\/jpeg\" \/>\n<meta name=\"author\" content=\"Redazione\" \/>\n<meta name=\"twitter:card\" content=\"summary_large_image\" \/>\n<meta name=\"twitter:creator\" content=\"@rassegnastampa9\" \/>\n<meta name=\"twitter:site\" content=\"@rassegnastampa9\" \/>\n<meta name=\"twitter:label1\" content=\"Scritto da\" \/>\n\t<meta name=\"twitter:data1\" content=\"Redazione\" \/>\n\t<meta name=\"twitter:label2\" content=\"Tempo di lettura stimato\" \/>\n\t<meta name=\"twitter:data2\" content=\"6 minuti\" \/>\n<script type=\"application\/ld+json\" class=\"yoast-schema-graph\">{\"@context\":\"https:\\\/\\\/schema.org\",\"@graph\":[{\"@type\":\"Article\",\"@id\":\"https:\\\/\\\/www.rassegnastampa-totustuus.it\\\/cattolica\\\/barack-obama-speriamo\\\/#article\",\"isPartOf\":{\"@id\":\"https:\\\/\\\/www.rassegnastampa-totustuus.it\\\/cattolica\\\/barack-obama-speriamo\\\/\"},\"author\":{\"name\":\"Redazione\",\"@id\":\"https:\\\/\\\/www.rassegnastampa-totustuus.it\\\/cattolica\\\/#\\\/schema\\\/person\\\/08f319d2bd1a0904ad9e2bfb7b15e5c3\"},\"headline\":\"Barack Obama: speriamo\",\"datePublished\":\"2009-03-18T23:00:00+00:00\",\"dateModified\":\"2016-06-15T08:28:01+00:00\",\"mainEntityOfPage\":{\"@id\":\"https:\\\/\\\/www.rassegnastampa-totustuus.it\\\/cattolica\\\/barack-obama-speriamo\\\/\"},\"wordCount\":1243,\"publisher\":{\"@id\":\"https:\\\/\\\/www.rassegnastampa-totustuus.it\\\/cattolica\\\/#organization\"},\"image\":{\"@id\":\"https:\\\/\\\/www.rassegnastampa-totustuus.it\\\/cattolica\\\/barack-obama-speriamo\\\/#primaryimage\"},\"thumbnailUrl\":\"https:\\\/\\\/www.rassegnastampa-totustuus.it\\\/cattolica\\\/wp-content\\\/uploads\\\/2009\\\/03\\\/Obama.jpg\",\"keywords\":[\"Barak Obama\"],\"articleSection\":[\"Paesi e continenti\",\"Stati Uniti\"],\"inLanguage\":\"it-IT\"},{\"@type\":\"WebPage\",\"@id\":\"https:\\\/\\\/www.rassegnastampa-totustuus.it\\\/cattolica\\\/barack-obama-speriamo\\\/\",\"url\":\"https:\\\/\\\/www.rassegnastampa-totustuus.it\\\/cattolica\\\/barack-obama-speriamo\\\/\",\"name\":\"Barack Obama: speriamo - Rassegna Stampa Cattolica\",\"isPartOf\":{\"@id\":\"https:\\\/\\\/www.rassegnastampa-totustuus.it\\\/cattolica\\\/#website\"},\"primaryImageOfPage\":{\"@id\":\"https:\\\/\\\/www.rassegnastampa-totustuus.it\\\/cattolica\\\/barack-obama-speriamo\\\/#primaryimage\"},\"image\":{\"@id\":\"https:\\\/\\\/www.rassegnastampa-totustuus.it\\\/cattolica\\\/barack-obama-speriamo\\\/#primaryimage\"},\"thumbnailUrl\":\"https:\\\/\\\/www.rassegnastampa-totustuus.it\\\/cattolica\\\/wp-content\\\/uploads\\\/2009\\\/03\\\/Obama.jpg\",\"datePublished\":\"2009-03-18T23:00:00+00:00\",\"dateModified\":\"2016-06-15T08:28:01+00:00\",\"description\":\"Rassegna Stampa Cattolica - Per una cultura che nasce dalla Rivelazione cristiana in conformit\u00e0 alla tradizione e al Magistero della Chiesa in opposizione ad ogni relativismo e totalitarismo\",\"breadcrumb\":{\"@id\":\"https:\\\/\\\/www.rassegnastampa-totustuus.it\\\/cattolica\\\/barack-obama-speriamo\\\/#breadcrumb\"},\"inLanguage\":\"it-IT\",\"potentialAction\":[{\"@type\":\"ReadAction\",\"target\":[\"https:\\\/\\\/www.rassegnastampa-totustuus.it\\\/cattolica\\\/barack-obama-speriamo\\\/\"]}]},{\"@type\":\"ImageObject\",\"inLanguage\":\"it-IT\",\"@id\":\"https:\\\/\\\/www.rassegnastampa-totustuus.it\\\/cattolica\\\/barack-obama-speriamo\\\/#primaryimage\",\"url\":\"https:\\\/\\\/www.rassegnastampa-totustuus.it\\\/cattolica\\\/wp-content\\\/uploads\\\/2009\\\/03\\\/Obama.jpg\",\"contentUrl\":\"https:\\\/\\\/www.rassegnastampa-totustuus.it\\\/cattolica\\\/wp-content\\\/uploads\\\/2009\\\/03\\\/Obama.jpg\",\"width\":277,\"height\":182},{\"@type\":\"BreadcrumbList\",\"@id\":\"https:\\\/\\\/www.rassegnastampa-totustuus.it\\\/cattolica\\\/barack-obama-speriamo\\\/#breadcrumb\",\"itemListElement\":[{\"@type\":\"ListItem\",\"position\":1,\"name\":\"Home\",\"item\":\"https:\\\/\\\/www.rassegnastampa-totustuus.it\\\/cattolica\\\/\"},{\"@type\":\"ListItem\",\"position\":2,\"name\":\"Barack Obama: speriamo\"}]},{\"@type\":\"WebSite\",\"@id\":\"https:\\\/\\\/www.rassegnastampa-totustuus.it\\\/cattolica\\\/#website\",\"url\":\"https:\\\/\\\/www.rassegnastampa-totustuus.it\\\/cattolica\\\/\",\"name\":\"Rassegna Stampa Cattolica\",\"description\":\"Per una cultura che nasce dalla Rivelazione cristiana in conformit\u00e0 alla tradizione e al Magistero della Chiesa in opposizione ad ogni relativismo e totalitarismo\",\"publisher\":{\"@id\":\"https:\\\/\\\/www.rassegnastampa-totustuus.it\\\/cattolica\\\/#organization\"},\"alternateName\":\"Rass. Cattolica\",\"potentialAction\":[{\"@type\":\"SearchAction\",\"target\":{\"@type\":\"EntryPoint\",\"urlTemplate\":\"https:\\\/\\\/www.rassegnastampa-totustuus.it\\\/cattolica\\\/?s={search_term_string}\"},\"query-input\":{\"@type\":\"PropertyValueSpecification\",\"valueRequired\":true,\"valueName\":\"search_term_string\"}}],\"inLanguage\":\"it-IT\"},{\"@type\":\"Organization\",\"@id\":\"https:\\\/\\\/www.rassegnastampa-totustuus.it\\\/cattolica\\\/#organization\",\"name\":\"Rassegna Stampa Cattolica\",\"url\":\"https:\\\/\\\/www.rassegnastampa-totustuus.it\\\/cattolica\\\/\",\"logo\":{\"@type\":\"ImageObject\",\"inLanguage\":\"it-IT\",\"@id\":\"https:\\\/\\\/www.rassegnastampa-totustuus.it\\\/cattolica\\\/#\\\/schema\\\/logo\\\/image\\\/\",\"url\":\"https:\\\/\\\/www.rassegnastampa-totustuus.it\\\/cattolica\\\/wp-content\\\/uploads\\\/2014\\\/04\\\/logo-rassegna1.gif\",\"contentUrl\":\"https:\\\/\\\/www.rassegnastampa-totustuus.it\\\/cattolica\\\/wp-content\\\/uploads\\\/2014\\\/04\\\/logo-rassegna1.gif\",\"width\":600,\"height\":163,\"caption\":\"Rassegna Stampa Cattolica\"},\"image\":{\"@id\":\"https:\\\/\\\/www.rassegnastampa-totustuus.it\\\/cattolica\\\/#\\\/schema\\\/logo\\\/image\\\/\"},\"sameAs\":[\"https:\\\/\\\/www.facebook.com\\\/rassegnastampacattolica\",\"https:\\\/\\\/x.com\\\/rassegnastampa9\"]},{\"@type\":\"Person\",\"@id\":\"https:\\\/\\\/www.rassegnastampa-totustuus.it\\\/cattolica\\\/#\\\/schema\\\/person\\\/08f319d2bd1a0904ad9e2bfb7b15e5c3\",\"name\":\"Redazione\",\"image\":{\"@type\":\"ImageObject\",\"inLanguage\":\"it-IT\",\"@id\":\"https:\\\/\\\/secure.gravatar.com\\\/avatar\\\/2fcdf27c78ea025fbdb44e914cc63c72249ffec9dc8aafd5c82b26240ef3f346?s=96&d=mm&r=g\",\"url\":\"https:\\\/\\\/secure.gravatar.com\\\/avatar\\\/2fcdf27c78ea025fbdb44e914cc63c72249ffec9dc8aafd5c82b26240ef3f346?s=96&d=mm&r=g\",\"contentUrl\":\"https:\\\/\\\/secure.gravatar.com\\\/avatar\\\/2fcdf27c78ea025fbdb44e914cc63c72249ffec9dc8aafd5c82b26240ef3f346?s=96&d=mm&r=g\",\"caption\":\"Redazione\"},\"url\":\"https:\\\/\\\/www.rassegnastampa-totustuus.it\\\/cattolica\\\/author\\\/pietroelle\\\/\"}]}<\/script>\n<!-- \/ Yoast SEO plugin. -->","yoast_head_json":{"title":"Barack Obama: speriamo - Rassegna Stampa Cattolica","description":"Rassegna Stampa Cattolica - Per una cultura che nasce dalla Rivelazione cristiana in conformit\u00e0 alla tradizione e al Magistero della Chiesa in opposizione ad ogni relativismo e totalitarismo","robots":{"index":"index","follow":"follow","max-snippet":"max-snippet:-1","max-image-preview":"max-image-preview:large","max-video-preview":"max-video-preview:-1"},"canonical":"https:\/\/www.rassegnastampa-totustuus.it\/cattolica\/barack-obama-speriamo\/","og_locale":"it_IT","og_type":"article","og_title":"Barack Obama: speriamo - Rassegna Stampa Cattolica","og_description":"Rassegna Stampa Cattolica - Per una cultura che nasce dalla Rivelazione cristiana in conformit\u00e0 alla tradizione e al Magistero della Chiesa in opposizione ad ogni relativismo e totalitarismo","og_url":"https:\/\/www.rassegnastampa-totustuus.it\/cattolica\/barack-obama-speriamo\/","og_site_name":"Rassegna Stampa Cattolica","article_publisher":"https:\/\/www.facebook.com\/rassegnastampacattolica","article_published_time":"2009-03-18T23:00:00+00:00","article_modified_time":"2016-06-15T08:28:01+00:00","og_image":[{"width":277,"height":182,"url":"https:\/\/www.rassegnastampa-totustuus.it\/cattolica\/wp-content\/uploads\/2009\/03\/Obama.jpg","type":"image\/jpeg"}],"author":"Redazione","twitter_card":"summary_large_image","twitter_creator":"@rassegnastampa9","twitter_site":"@rassegnastampa9","twitter_misc":{"Scritto da":"Redazione","Tempo di lettura stimato":"6 minuti"},"schema":{"@context":"https:\/\/schema.org","@graph":[{"@type":"Article","@id":"https:\/\/www.rassegnastampa-totustuus.it\/cattolica\/barack-obama-speriamo\/#article","isPartOf":{"@id":"https:\/\/www.rassegnastampa-totustuus.it\/cattolica\/barack-obama-speriamo\/"},"author":{"name":"Redazione","@id":"https:\/\/www.rassegnastampa-totustuus.it\/cattolica\/#\/schema\/person\/08f319d2bd1a0904ad9e2bfb7b15e5c3"},"headline":"Barack Obama: speriamo","datePublished":"2009-03-18T23:00:00+00:00","dateModified":"2016-06-15T08:28:01+00:00","mainEntityOfPage":{"@id":"https:\/\/www.rassegnastampa-totustuus.it\/cattolica\/barack-obama-speriamo\/"},"wordCount":1243,"publisher":{"@id":"https:\/\/www.rassegnastampa-totustuus.it\/cattolica\/#organization"},"image":{"@id":"https:\/\/www.rassegnastampa-totustuus.it\/cattolica\/barack-obama-speriamo\/#primaryimage"},"thumbnailUrl":"https:\/\/www.rassegnastampa-totustuus.it\/cattolica\/wp-content\/uploads\/2009\/03\/Obama.jpg","keywords":["Barak Obama"],"articleSection":["Paesi e continenti","Stati Uniti"],"inLanguage":"it-IT"},{"@type":"WebPage","@id":"https:\/\/www.rassegnastampa-totustuus.it\/cattolica\/barack-obama-speriamo\/","url":"https:\/\/www.rassegnastampa-totustuus.it\/cattolica\/barack-obama-speriamo\/","name":"Barack Obama: speriamo - Rassegna Stampa Cattolica","isPartOf":{"@id":"https:\/\/www.rassegnastampa-totustuus.it\/cattolica\/#website"},"primaryImageOfPage":{"@id":"https:\/\/www.rassegnastampa-totustuus.it\/cattolica\/barack-obama-speriamo\/#primaryimage"},"image":{"@id":"https:\/\/www.rassegnastampa-totustuus.it\/cattolica\/barack-obama-speriamo\/#primaryimage"},"thumbnailUrl":"https:\/\/www.rassegnastampa-totustuus.it\/cattolica\/wp-content\/uploads\/2009\/03\/Obama.jpg","datePublished":"2009-03-18T23:00:00+00:00","dateModified":"2016-06-15T08:28:01+00:00","description":"Rassegna Stampa Cattolica - Per una cultura che nasce dalla Rivelazione cristiana in conformit\u00e0 alla tradizione e al Magistero della Chiesa in opposizione ad ogni relativismo e totalitarismo","breadcrumb":{"@id":"https:\/\/www.rassegnastampa-totustuus.it\/cattolica\/barack-obama-speriamo\/#breadcrumb"},"inLanguage":"it-IT","potentialAction":[{"@type":"ReadAction","target":["https:\/\/www.rassegnastampa-totustuus.it\/cattolica\/barack-obama-speriamo\/"]}]},{"@type":"ImageObject","inLanguage":"it-IT","@id":"https:\/\/www.rassegnastampa-totustuus.it\/cattolica\/barack-obama-speriamo\/#primaryimage","url":"https:\/\/www.rassegnastampa-totustuus.it\/cattolica\/wp-content\/uploads\/2009\/03\/Obama.jpg","contentUrl":"https:\/\/www.rassegnastampa-totustuus.it\/cattolica\/wp-content\/uploads\/2009\/03\/Obama.jpg","width":277,"height":182},{"@type":"BreadcrumbList","@id":"https:\/\/www.rassegnastampa-totustuus.it\/cattolica\/barack-obama-speriamo\/#breadcrumb","itemListElement":[{"@type":"ListItem","position":1,"name":"Home","item":"https:\/\/www.rassegnastampa-totustuus.it\/cattolica\/"},{"@type":"ListItem","position":2,"name":"Barack Obama: speriamo"}]},{"@type":"WebSite","@id":"https:\/\/www.rassegnastampa-totustuus.it\/cattolica\/#website","url":"https:\/\/www.rassegnastampa-totustuus.it\/cattolica\/","name":"Rassegna Stampa Cattolica","description":"Per una cultura che nasce dalla Rivelazione cristiana in conformit\u00e0 alla tradizione e al Magistero della Chiesa in opposizione ad ogni relativismo e totalitarismo","publisher":{"@id":"https:\/\/www.rassegnastampa-totustuus.it\/cattolica\/#organization"},"alternateName":"Rass. Cattolica","potentialAction":[{"@type":"SearchAction","target":{"@type":"EntryPoint","urlTemplate":"https:\/\/www.rassegnastampa-totustuus.it\/cattolica\/?s={search_term_string}"},"query-input":{"@type":"PropertyValueSpecification","valueRequired":true,"valueName":"search_term_string"}}],"inLanguage":"it-IT"},{"@type":"Organization","@id":"https:\/\/www.rassegnastampa-totustuus.it\/cattolica\/#organization","name":"Rassegna Stampa Cattolica","url":"https:\/\/www.rassegnastampa-totustuus.it\/cattolica\/","logo":{"@type":"ImageObject","inLanguage":"it-IT","@id":"https:\/\/www.rassegnastampa-totustuus.it\/cattolica\/#\/schema\/logo\/image\/","url":"https:\/\/www.rassegnastampa-totustuus.it\/cattolica\/wp-content\/uploads\/2014\/04\/logo-rassegna1.gif","contentUrl":"https:\/\/www.rassegnastampa-totustuus.it\/cattolica\/wp-content\/uploads\/2014\/04\/logo-rassegna1.gif","width":600,"height":163,"caption":"Rassegna Stampa Cattolica"},"image":{"@id":"https:\/\/www.rassegnastampa-totustuus.it\/cattolica\/#\/schema\/logo\/image\/"},"sameAs":["https:\/\/www.facebook.com\/rassegnastampacattolica","https:\/\/x.com\/rassegnastampa9"]},{"@type":"Person","@id":"https:\/\/www.rassegnastampa-totustuus.it\/cattolica\/#\/schema\/person\/08f319d2bd1a0904ad9e2bfb7b15e5c3","name":"Redazione","image":{"@type":"ImageObject","inLanguage":"it-IT","@id":"https:\/\/secure.gravatar.com\/avatar\/2fcdf27c78ea025fbdb44e914cc63c72249ffec9dc8aafd5c82b26240ef3f346?s=96&d=mm&r=g","url":"https:\/\/secure.gravatar.com\/avatar\/2fcdf27c78ea025fbdb44e914cc63c72249ffec9dc8aafd5c82b26240ef3f346?s=96&d=mm&r=g","contentUrl":"https:\/\/secure.gravatar.com\/avatar\/2fcdf27c78ea025fbdb44e914cc63c72249ffec9dc8aafd5c82b26240ef3f346?s=96&d=mm&r=g","caption":"Redazione"},"url":"https:\/\/www.rassegnastampa-totustuus.it\/cattolica\/author\/pietroelle\/"}]}},"_links":{"self":[{"href":"https:\/\/www.rassegnastampa-totustuus.it\/cattolica\/wp-json\/wp\/v2\/posts\/2902","targetHints":{"allow":["GET"]}}],"collection":[{"href":"https:\/\/www.rassegnastampa-totustuus.it\/cattolica\/wp-json\/wp\/v2\/posts"}],"about":[{"href":"https:\/\/www.rassegnastampa-totustuus.it\/cattolica\/wp-json\/wp\/v2\/types\/post"}],"author":[{"embeddable":true,"href":"https:\/\/www.rassegnastampa-totustuus.it\/cattolica\/wp-json\/wp\/v2\/users\/6"}],"replies":[{"embeddable":true,"href":"https:\/\/www.rassegnastampa-totustuus.it\/cattolica\/wp-json\/wp\/v2\/comments?post=2902"}],"version-history":[{"count":4,"href":"https:\/\/www.rassegnastampa-totustuus.it\/cattolica\/wp-json\/wp\/v2\/posts\/2902\/revisions"}],"predecessor-version":[{"id":34814,"href":"https:\/\/www.rassegnastampa-totustuus.it\/cattolica\/wp-json\/wp\/v2\/posts\/2902\/revisions\/34814"}],"wp:featuredmedia":[{"embeddable":true,"href":"https:\/\/www.rassegnastampa-totustuus.it\/cattolica\/wp-json\/wp\/v2\/media\/34813"}],"wp:attachment":[{"href":"https:\/\/www.rassegnastampa-totustuus.it\/cattolica\/wp-json\/wp\/v2\/media?parent=2902"}],"wp:term":[{"taxonomy":"category","embeddable":true,"href":"https:\/\/www.rassegnastampa-totustuus.it\/cattolica\/wp-json\/wp\/v2\/categories?post=2902"},{"taxonomy":"post_tag","embeddable":true,"href":"https:\/\/www.rassegnastampa-totustuus.it\/cattolica\/wp-json\/wp\/v2\/tags?post=2902"}],"curies":[{"name":"wp","href":"https:\/\/api.w.org\/{rel}","templated":true}]}}