{"id":28940,"date":"2016-01-07T00:00:21","date_gmt":"2016-01-06T23:00:21","guid":{"rendered":"http:\/\/www.rassegnastampa-totustuus.it\/cattolica\/?p=28940"},"modified":"2015-12-21T09:04:37","modified_gmt":"2015-12-21T08:04:37","slug":"io-musulmana-e-fiera-di-essere-stata-la-madonna-nel-presepe","status":"publish","type":"post","link":"https:\/\/www.rassegnastampa-totustuus.it\/cattolica\/io-musulmana-e-fiera-di-essere-stata-la-madonna-nel-presepe\/","title":{"rendered":"\u00abIo, musulmana e fiera di essere stata la madonna nel presepe\u00bb"},"content":{"rendered":"<p style=\"text-align: center;\"><strong><a href=\"https:\/\/www.rassegnastampa-totustuus.it\/cattolica\/wp-content\/uploads\/2015\/12\/presepe-vivente.jpg\"><img loading=\"lazy\" decoding=\"async\" class=\"alignright wp-image-28941\" src=\"https:\/\/www.rassegnastampa-totustuus.it\/cattolica\/wp-content\/uploads\/2015\/12\/presepe-vivente.jpg\" alt=\"presepe vivente\" width=\"250\" height=\"166\" \/><\/a>Corriere.it\/scuola<\/strong> 19 dicembre 2015<\/p>\n<p style=\"text-align: justify;\"><em>Fatou Gaye, studentessa 19enne originaria del Senegal, innamorata di Justin Bieber e dell\u2019informatica, scelta per interpretare Maria nel presepe vivente di Pescara : \u00abHo chiesto l\u2019autorizzazione a pap\u00e0 e lui mi ha detto s\u00ec: l\u2019amore appartiene a tutti\u00bb<\/em><\/p>\n<p style=\"text-align: center;\">di<strong> Nicola Catenaro<\/strong><\/p>\n<p style=\"text-align: center;\"><!--more--><\/p>\n<p style=\"text-align: justify;\">PESCARA &#8211; \u00abLa scuola me lo ha chiesto e io ho accettato, ma non c\u2019entra niente la religione. \u00c8 un fatto culturale\u00bb, ripete Fatou Gaye, una studentessa musulmana di quasi diciannove anni (li compir\u00e0 a febbraio) proveniente dal Senegal. Quest\u2019anno \u00e8 stata lei a vestire i panni della Madonna nel presepe vivente organizzato a Pescara dall\u2019istituto tecnico Aterno-Manthon\u00e9 con la partecipazione di altre scuole locali.<\/p>\n<p style=\"text-align: justify;\">L\u2019anno scorso aveva gi\u00e0 partecipato nel ruolo di una figurante al seguito dei re Magi e, quando la sua foto era finita sui giornali locali, l\u2019aveva nascosto al padre, che appartiene a una famiglia molto rispettata nella comunit\u00e0 religiosa d\u2019origine e ha un imam tra i suoi parenti stretti. \u00abL\u2019avevo detto alla mamma ma non a pap\u00e0 \u2013 precisa Fatou \u2013 ma perch\u00e9 non pensavo n\u00e9 volevo che la mia partecipazione al presepe richiamasse tanta attenzione o suscitasse polemiche. Quest\u2019anno la coordinatrice, Franca Minnucci, mi ha chiesto di interpretare la Madonna, una figura positiva. Io ho accettato, anche con il consenso di mio padre, per lo stesso motivo. \u00c8 un fatto culturale e la pace e l\u2019amore appartengono a tutti, musulmani e cristiani\u00bb.<\/p>\n<p style=\"text-align: justify;\"><strong>Le passioni di Fatou? Justin Bieber e l\u2019informatica<\/strong><\/p>\n<p style=\"text-align: justify;\">Fatou studia da cinque anni in Italia, da quando insieme alla mamma e ai fratelli \u00e8 riuscita a ricongiungersi con il padre, arrivato a Pescara nel 2004 in cerca di un lavoro migliore. Una volta preso il diploma, la ragazza vuole fare l\u2019informatica. Per ora studia e, nel tempo libero, gioca a pallavolo, frequenta un corso di karate ed esce con le amiche. Le piace Justin Bieber e ascolta Alessandra Amoroso. Ha occhi intelligenti che analizzano con ironia ci\u00f2 che avviene intorno a lei.<\/p>\n<p style=\"text-align: justify;\">Forse non parla ancora in maniera perfetta l\u2019italiano ma sul valore della solidariet\u00e0 non ha incertezze: \u00abPenso che gli altri sono un bene prezioso, per questo \u00e8 importante l\u2019accoglienza\u00bb dice spazzando via idealmente tutti gli esempi di intolleranza e di odio che ci circondano. Su di lei si posa lo sguardo protettivo della preside dell\u2019Aterno-Manthon\u00e9, Antonella Sanvitale, e della vice preside, Marina Di Crescenzo. La scuola confina con il quartiere Rancitelli, il pi\u00f9 difficile della citt\u00e0. \u00abConoscere la realt\u00e0 in tutti i suoi fattori \u2013 dice la dirigente Sanvitale \u2013 fa diventare i ragazzi portatori di pace e civilt\u00e0 e quindi anche di libert\u00e0\u00bb.<\/p>\n<p style=\"text-align: justify;\"><strong>La \u00abbenedizione\u00bb dell\u2019imam<\/strong><\/p>\n<p style=\"text-align: justify;\">\u00abLa scelta di Fatou \u2013 interviene Mustapha Baztami, imam segretario della Comunit\u00e0 islamica abruzzese, il quale in occasione del Natale ha voluto far visita ai bambini degli asili nido, a Teramo, insieme al vescovo Michele Seccia \u2013 \u00e8 importante per il suo valore simbolico. Ci ricorda che dobbiamo promuovere i valori dell\u2019integrazione e della solidariet\u00e0 reciproca e rispettarci e volerci bene come membri di un\u2019unica famiglia: la famiglia umana\u00bb.<\/p>\n<p style=\"text-align: justify;\">Il presepe vivente \u00e8 stato allestito venerd\u00ec 18 dicembre nei pressi del molo nord del porto di Pescara, dove \u00e8 stata montata la capanna e si sono svolte le scene principali. La scenografia intorno ricordava un paese abruzzese con le sue tradizioni e i suoi mestieri. Anche le istituzioni hanno partecipato. Nel ruolo dei re Magi, il sindaco Marco Alessandrini, l\u2019assessore regionale all\u2019Istruzione Marinella Sclocco e il comandante della Direzione marittima della Guardia costiera, Enrico Moretti.<\/p>\n","protected":false},"excerpt":{"rendered":"<p>Corriere.it\/scuola 19 dicembre 2015 Fatou Gaye, studentessa 19enne originaria del Senegal, innamorata di Justin Bieber e dell\u2019informatica, scelta per interpretare Maria nel presepe vivente di Pescara : \u00abHo chiesto l\u2019autorizzazione a pap\u00e0 e lui mi ha detto s\u00ec: l\u2019amore appartiene a tutti\u00bb di Nicola Catenaro<\/p><p><a class=\"more-link btn\" href=\"https:\/\/www.rassegnastampa-totustuus.it\/cattolica\/io-musulmana-e-fiera-di-essere-stata-la-madonna-nel-presepe\/\">Continua a leggere<\/a><\/p>\n","protected":false},"author":6,"featured_media":28941,"comment_status":"closed","ping_status":"closed","sticky":false,"template":"","format":"standard","meta":{"footnotes":""},"categories":[34,35],"tags":[1063],"class_list":["post-28940","post","type-post","status-publish","format-standard","has-post-thumbnail","hentry","category-dialogo-con-l-islam","category-islam-in-italia","tag-presepe","item-wrap"],"yoast_head":"<!-- This site is optimized with the Yoast SEO plugin v27.5 - https:\/\/yoast.com\/product\/yoast-seo-wordpress\/ -->\n<title>\u00abIo, musulmana e fiera di essere stata la madonna nel presepe\u00bb - Rassegna Stampa Cattolica<\/title>\n<meta name=\"description\" content=\"Rassegna Stampa Cattolica - Per una cultura che nasce dalla Rivelazione cristiana in conformit\u00e0 alla tradizione e al Magistero della Chiesa in opposizione ad ogni relativismo e totalitarismo\" \/>\n<meta name=\"robots\" content=\"index, follow, max-snippet:-1, max-image-preview:large, max-video-preview:-1\" \/>\n<link rel=\"canonical\" href=\"https:\/\/www.rassegnastampa-totustuus.it\/cattolica\/io-musulmana-e-fiera-di-essere-stata-la-madonna-nel-presepe\/\" \/>\n<meta property=\"og:locale\" content=\"it_IT\" \/>\n<meta property=\"og:type\" content=\"article\" \/>\n<meta property=\"og:title\" content=\"\u00abIo, musulmana e fiera di essere stata la madonna nel presepe\u00bb - Rassegna Stampa Cattolica\" \/>\n<meta property=\"og:description\" content=\"Rassegna Stampa Cattolica - Per una cultura che nasce dalla Rivelazione cristiana in conformit\u00e0 alla tradizione e al Magistero della Chiesa in opposizione ad ogni relativismo e totalitarismo\" \/>\n<meta property=\"og:url\" content=\"https:\/\/www.rassegnastampa-totustuus.it\/cattolica\/io-musulmana-e-fiera-di-essere-stata-la-madonna-nel-presepe\/\" \/>\n<meta property=\"og:site_name\" content=\"Rassegna Stampa Cattolica\" \/>\n<meta property=\"article:publisher\" content=\"https:\/\/www.facebook.com\/rassegnastampacattolica\" \/>\n<meta property=\"article:published_time\" content=\"2016-01-06T23:00:21+00:00\" \/>\n<meta property=\"og:image\" content=\"https:\/\/www.rassegnastampa-totustuus.it\/cattolica\/wp-content\/uploads\/2015\/12\/presepe-vivente.jpg\" \/>\n\t<meta property=\"og:image:width\" content=\"275\" \/>\n\t<meta property=\"og:image:height\" content=\"183\" \/>\n\t<meta property=\"og:image:type\" content=\"image\/jpeg\" \/>\n<meta name=\"author\" content=\"Redazione\" \/>\n<meta name=\"twitter:card\" content=\"summary_large_image\" \/>\n<meta name=\"twitter:creator\" content=\"@rassegnastampa9\" \/>\n<meta name=\"twitter:site\" content=\"@rassegnastampa9\" \/>\n<meta name=\"twitter:label1\" content=\"Scritto da\" \/>\n\t<meta name=\"twitter:data1\" content=\"Redazione\" \/>\n\t<meta name=\"twitter:label2\" content=\"Tempo di lettura stimato\" \/>\n\t<meta name=\"twitter:data2\" content=\"3 minuti\" \/>\n<script type=\"application\/ld+json\" class=\"yoast-schema-graph\">{\"@context\":\"https:\\\/\\\/schema.org\",\"@graph\":[{\"@type\":\"Article\",\"@id\":\"https:\\\/\\\/www.rassegnastampa-totustuus.it\\\/cattolica\\\/io-musulmana-e-fiera-di-essere-stata-la-madonna-nel-presepe\\\/#article\",\"isPartOf\":{\"@id\":\"https:\\\/\\\/www.rassegnastampa-totustuus.it\\\/cattolica\\\/io-musulmana-e-fiera-di-essere-stata-la-madonna-nel-presepe\\\/\"},\"author\":{\"name\":\"Redazione\",\"@id\":\"https:\\\/\\\/www.rassegnastampa-totustuus.it\\\/cattolica\\\/#\\\/schema\\\/person\\\/08f319d2bd1a0904ad9e2bfb7b15e5c3\"},\"headline\":\"\u00abIo, musulmana e fiera di essere stata la madonna nel presepe\u00bb\",\"datePublished\":\"2016-01-06T23:00:21+00:00\",\"mainEntityOfPage\":{\"@id\":\"https:\\\/\\\/www.rassegnastampa-totustuus.it\\\/cattolica\\\/io-musulmana-e-fiera-di-essere-stata-la-madonna-nel-presepe\\\/\"},\"wordCount\":593,\"publisher\":{\"@id\":\"https:\\\/\\\/www.rassegnastampa-totustuus.it\\\/cattolica\\\/#organization\"},\"image\":{\"@id\":\"https:\\\/\\\/www.rassegnastampa-totustuus.it\\\/cattolica\\\/io-musulmana-e-fiera-di-essere-stata-la-madonna-nel-presepe\\\/#primaryimage\"},\"thumbnailUrl\":\"https:\\\/\\\/www.rassegnastampa-totustuus.it\\\/cattolica\\\/wp-content\\\/uploads\\\/2015\\\/12\\\/presepe-vivente.jpg\",\"keywords\":[\"presepe\"],\"articleSection\":[\"Islam dialogo\",\"Islam in Italia\"],\"inLanguage\":\"it-IT\"},{\"@type\":\"WebPage\",\"@id\":\"https:\\\/\\\/www.rassegnastampa-totustuus.it\\\/cattolica\\\/io-musulmana-e-fiera-di-essere-stata-la-madonna-nel-presepe\\\/\",\"url\":\"https:\\\/\\\/www.rassegnastampa-totustuus.it\\\/cattolica\\\/io-musulmana-e-fiera-di-essere-stata-la-madonna-nel-presepe\\\/\",\"name\":\"\u00abIo, musulmana e fiera di essere stata la madonna nel presepe\u00bb - Rassegna Stampa Cattolica\",\"isPartOf\":{\"@id\":\"https:\\\/\\\/www.rassegnastampa-totustuus.it\\\/cattolica\\\/#website\"},\"primaryImageOfPage\":{\"@id\":\"https:\\\/\\\/www.rassegnastampa-totustuus.it\\\/cattolica\\\/io-musulmana-e-fiera-di-essere-stata-la-madonna-nel-presepe\\\/#primaryimage\"},\"image\":{\"@id\":\"https:\\\/\\\/www.rassegnastampa-totustuus.it\\\/cattolica\\\/io-musulmana-e-fiera-di-essere-stata-la-madonna-nel-presepe\\\/#primaryimage\"},\"thumbnailUrl\":\"https:\\\/\\\/www.rassegnastampa-totustuus.it\\\/cattolica\\\/wp-content\\\/uploads\\\/2015\\\/12\\\/presepe-vivente.jpg\",\"datePublished\":\"2016-01-06T23:00:21+00:00\",\"description\":\"Rassegna Stampa Cattolica - Per una cultura che nasce dalla Rivelazione cristiana in conformit\u00e0 alla tradizione e al Magistero della Chiesa in opposizione ad ogni relativismo e totalitarismo\",\"breadcrumb\":{\"@id\":\"https:\\\/\\\/www.rassegnastampa-totustuus.it\\\/cattolica\\\/io-musulmana-e-fiera-di-essere-stata-la-madonna-nel-presepe\\\/#breadcrumb\"},\"inLanguage\":\"it-IT\",\"potentialAction\":[{\"@type\":\"ReadAction\",\"target\":[\"https:\\\/\\\/www.rassegnastampa-totustuus.it\\\/cattolica\\\/io-musulmana-e-fiera-di-essere-stata-la-madonna-nel-presepe\\\/\"]}]},{\"@type\":\"ImageObject\",\"inLanguage\":\"it-IT\",\"@id\":\"https:\\\/\\\/www.rassegnastampa-totustuus.it\\\/cattolica\\\/io-musulmana-e-fiera-di-essere-stata-la-madonna-nel-presepe\\\/#primaryimage\",\"url\":\"https:\\\/\\\/www.rassegnastampa-totustuus.it\\\/cattolica\\\/wp-content\\\/uploads\\\/2015\\\/12\\\/presepe-vivente.jpg\",\"contentUrl\":\"https:\\\/\\\/www.rassegnastampa-totustuus.it\\\/cattolica\\\/wp-content\\\/uploads\\\/2015\\\/12\\\/presepe-vivente.jpg\",\"width\":275,\"height\":183},{\"@type\":\"BreadcrumbList\",\"@id\":\"https:\\\/\\\/www.rassegnastampa-totustuus.it\\\/cattolica\\\/io-musulmana-e-fiera-di-essere-stata-la-madonna-nel-presepe\\\/#breadcrumb\",\"itemListElement\":[{\"@type\":\"ListItem\",\"position\":1,\"name\":\"Home\",\"item\":\"https:\\\/\\\/www.rassegnastampa-totustuus.it\\\/cattolica\\\/\"},{\"@type\":\"ListItem\",\"position\":2,\"name\":\"\u00abIo, musulmana e fiera di essere stata la madonna nel presepe\u00bb\"}]},{\"@type\":\"WebSite\",\"@id\":\"https:\\\/\\\/www.rassegnastampa-totustuus.it\\\/cattolica\\\/#website\",\"url\":\"https:\\\/\\\/www.rassegnastampa-totustuus.it\\\/cattolica\\\/\",\"name\":\"Rassegna Stampa Cattolica\",\"description\":\"Per una cultura che nasce dalla Rivelazione cristiana in conformit\u00e0 alla tradizione e al Magistero della Chiesa in opposizione ad ogni relativismo e totalitarismo\",\"publisher\":{\"@id\":\"https:\\\/\\\/www.rassegnastampa-totustuus.it\\\/cattolica\\\/#organization\"},\"alternateName\":\"Rass. Cattolica\",\"potentialAction\":[{\"@type\":\"SearchAction\",\"target\":{\"@type\":\"EntryPoint\",\"urlTemplate\":\"https:\\\/\\\/www.rassegnastampa-totustuus.it\\\/cattolica\\\/?s={search_term_string}\"},\"query-input\":{\"@type\":\"PropertyValueSpecification\",\"valueRequired\":true,\"valueName\":\"search_term_string\"}}],\"inLanguage\":\"it-IT\"},{\"@type\":\"Organization\",\"@id\":\"https:\\\/\\\/www.rassegnastampa-totustuus.it\\\/cattolica\\\/#organization\",\"name\":\"Rassegna Stampa Cattolica\",\"url\":\"https:\\\/\\\/www.rassegnastampa-totustuus.it\\\/cattolica\\\/\",\"logo\":{\"@type\":\"ImageObject\",\"inLanguage\":\"it-IT\",\"@id\":\"https:\\\/\\\/www.rassegnastampa-totustuus.it\\\/cattolica\\\/#\\\/schema\\\/logo\\\/image\\\/\",\"url\":\"https:\\\/\\\/www.rassegnastampa-totustuus.it\\\/cattolica\\\/wp-content\\\/uploads\\\/2014\\\/04\\\/logo-rassegna1.gif\",\"contentUrl\":\"https:\\\/\\\/www.rassegnastampa-totustuus.it\\\/cattolica\\\/wp-content\\\/uploads\\\/2014\\\/04\\\/logo-rassegna1.gif\",\"width\":600,\"height\":163,\"caption\":\"Rassegna Stampa Cattolica\"},\"image\":{\"@id\":\"https:\\\/\\\/www.rassegnastampa-totustuus.it\\\/cattolica\\\/#\\\/schema\\\/logo\\\/image\\\/\"},\"sameAs\":[\"https:\\\/\\\/www.facebook.com\\\/rassegnastampacattolica\",\"https:\\\/\\\/x.com\\\/rassegnastampa9\"]},{\"@type\":\"Person\",\"@id\":\"https:\\\/\\\/www.rassegnastampa-totustuus.it\\\/cattolica\\\/#\\\/schema\\\/person\\\/08f319d2bd1a0904ad9e2bfb7b15e5c3\",\"name\":\"Redazione\",\"image\":{\"@type\":\"ImageObject\",\"inLanguage\":\"it-IT\",\"@id\":\"https:\\\/\\\/secure.gravatar.com\\\/avatar\\\/2fcdf27c78ea025fbdb44e914cc63c72249ffec9dc8aafd5c82b26240ef3f346?s=96&d=mm&r=g\",\"url\":\"https:\\\/\\\/secure.gravatar.com\\\/avatar\\\/2fcdf27c78ea025fbdb44e914cc63c72249ffec9dc8aafd5c82b26240ef3f346?s=96&d=mm&r=g\",\"contentUrl\":\"https:\\\/\\\/secure.gravatar.com\\\/avatar\\\/2fcdf27c78ea025fbdb44e914cc63c72249ffec9dc8aafd5c82b26240ef3f346?s=96&d=mm&r=g\",\"caption\":\"Redazione\"},\"url\":\"https:\\\/\\\/www.rassegnastampa-totustuus.it\\\/cattolica\\\/author\\\/pietroelle\\\/\"}]}<\/script>\n<!-- \/ Yoast SEO plugin. -->","yoast_head_json":{"title":"\u00abIo, musulmana e fiera di essere stata la madonna nel presepe\u00bb - Rassegna Stampa Cattolica","description":"Rassegna Stampa Cattolica - Per una cultura che nasce dalla Rivelazione cristiana in conformit\u00e0 alla tradizione e al Magistero della Chiesa in opposizione ad ogni relativismo e totalitarismo","robots":{"index":"index","follow":"follow","max-snippet":"max-snippet:-1","max-image-preview":"max-image-preview:large","max-video-preview":"max-video-preview:-1"},"canonical":"https:\/\/www.rassegnastampa-totustuus.it\/cattolica\/io-musulmana-e-fiera-di-essere-stata-la-madonna-nel-presepe\/","og_locale":"it_IT","og_type":"article","og_title":"\u00abIo, musulmana e fiera di essere stata la madonna nel presepe\u00bb - Rassegna Stampa Cattolica","og_description":"Rassegna Stampa Cattolica - Per una cultura che nasce dalla Rivelazione cristiana in conformit\u00e0 alla tradizione e al Magistero della Chiesa in opposizione ad ogni relativismo e totalitarismo","og_url":"https:\/\/www.rassegnastampa-totustuus.it\/cattolica\/io-musulmana-e-fiera-di-essere-stata-la-madonna-nel-presepe\/","og_site_name":"Rassegna Stampa Cattolica","article_publisher":"https:\/\/www.facebook.com\/rassegnastampacattolica","article_published_time":"2016-01-06T23:00:21+00:00","og_image":[{"width":275,"height":183,"url":"https:\/\/www.rassegnastampa-totustuus.it\/cattolica\/wp-content\/uploads\/2015\/12\/presepe-vivente.jpg","type":"image\/jpeg"}],"author":"Redazione","twitter_card":"summary_large_image","twitter_creator":"@rassegnastampa9","twitter_site":"@rassegnastampa9","twitter_misc":{"Scritto da":"Redazione","Tempo di lettura stimato":"3 minuti"},"schema":{"@context":"https:\/\/schema.org","@graph":[{"@type":"Article","@id":"https:\/\/www.rassegnastampa-totustuus.it\/cattolica\/io-musulmana-e-fiera-di-essere-stata-la-madonna-nel-presepe\/#article","isPartOf":{"@id":"https:\/\/www.rassegnastampa-totustuus.it\/cattolica\/io-musulmana-e-fiera-di-essere-stata-la-madonna-nel-presepe\/"},"author":{"name":"Redazione","@id":"https:\/\/www.rassegnastampa-totustuus.it\/cattolica\/#\/schema\/person\/08f319d2bd1a0904ad9e2bfb7b15e5c3"},"headline":"\u00abIo, musulmana e fiera di essere stata la madonna nel presepe\u00bb","datePublished":"2016-01-06T23:00:21+00:00","mainEntityOfPage":{"@id":"https:\/\/www.rassegnastampa-totustuus.it\/cattolica\/io-musulmana-e-fiera-di-essere-stata-la-madonna-nel-presepe\/"},"wordCount":593,"publisher":{"@id":"https:\/\/www.rassegnastampa-totustuus.it\/cattolica\/#organization"},"image":{"@id":"https:\/\/www.rassegnastampa-totustuus.it\/cattolica\/io-musulmana-e-fiera-di-essere-stata-la-madonna-nel-presepe\/#primaryimage"},"thumbnailUrl":"https:\/\/www.rassegnastampa-totustuus.it\/cattolica\/wp-content\/uploads\/2015\/12\/presepe-vivente.jpg","keywords":["presepe"],"articleSection":["Islam dialogo","Islam in Italia"],"inLanguage":"it-IT"},{"@type":"WebPage","@id":"https:\/\/www.rassegnastampa-totustuus.it\/cattolica\/io-musulmana-e-fiera-di-essere-stata-la-madonna-nel-presepe\/","url":"https:\/\/www.rassegnastampa-totustuus.it\/cattolica\/io-musulmana-e-fiera-di-essere-stata-la-madonna-nel-presepe\/","name":"\u00abIo, musulmana e fiera di essere stata la madonna nel presepe\u00bb - Rassegna Stampa Cattolica","isPartOf":{"@id":"https:\/\/www.rassegnastampa-totustuus.it\/cattolica\/#website"},"primaryImageOfPage":{"@id":"https:\/\/www.rassegnastampa-totustuus.it\/cattolica\/io-musulmana-e-fiera-di-essere-stata-la-madonna-nel-presepe\/#primaryimage"},"image":{"@id":"https:\/\/www.rassegnastampa-totustuus.it\/cattolica\/io-musulmana-e-fiera-di-essere-stata-la-madonna-nel-presepe\/#primaryimage"},"thumbnailUrl":"https:\/\/www.rassegnastampa-totustuus.it\/cattolica\/wp-content\/uploads\/2015\/12\/presepe-vivente.jpg","datePublished":"2016-01-06T23:00:21+00:00","description":"Rassegna Stampa Cattolica - Per una cultura che nasce dalla Rivelazione cristiana in conformit\u00e0 alla tradizione e al Magistero della Chiesa in opposizione ad ogni relativismo e totalitarismo","breadcrumb":{"@id":"https:\/\/www.rassegnastampa-totustuus.it\/cattolica\/io-musulmana-e-fiera-di-essere-stata-la-madonna-nel-presepe\/#breadcrumb"},"inLanguage":"it-IT","potentialAction":[{"@type":"ReadAction","target":["https:\/\/www.rassegnastampa-totustuus.it\/cattolica\/io-musulmana-e-fiera-di-essere-stata-la-madonna-nel-presepe\/"]}]},{"@type":"ImageObject","inLanguage":"it-IT","@id":"https:\/\/www.rassegnastampa-totustuus.it\/cattolica\/io-musulmana-e-fiera-di-essere-stata-la-madonna-nel-presepe\/#primaryimage","url":"https:\/\/www.rassegnastampa-totustuus.it\/cattolica\/wp-content\/uploads\/2015\/12\/presepe-vivente.jpg","contentUrl":"https:\/\/www.rassegnastampa-totustuus.it\/cattolica\/wp-content\/uploads\/2015\/12\/presepe-vivente.jpg","width":275,"height":183},{"@type":"BreadcrumbList","@id":"https:\/\/www.rassegnastampa-totustuus.it\/cattolica\/io-musulmana-e-fiera-di-essere-stata-la-madonna-nel-presepe\/#breadcrumb","itemListElement":[{"@type":"ListItem","position":1,"name":"Home","item":"https:\/\/www.rassegnastampa-totustuus.it\/cattolica\/"},{"@type":"ListItem","position":2,"name":"\u00abIo, musulmana e fiera di essere stata la madonna nel presepe\u00bb"}]},{"@type":"WebSite","@id":"https:\/\/www.rassegnastampa-totustuus.it\/cattolica\/#website","url":"https:\/\/www.rassegnastampa-totustuus.it\/cattolica\/","name":"Rassegna Stampa Cattolica","description":"Per una cultura che nasce dalla Rivelazione cristiana in conformit\u00e0 alla tradizione e al Magistero della Chiesa in opposizione ad ogni relativismo e totalitarismo","publisher":{"@id":"https:\/\/www.rassegnastampa-totustuus.it\/cattolica\/#organization"},"alternateName":"Rass. Cattolica","potentialAction":[{"@type":"SearchAction","target":{"@type":"EntryPoint","urlTemplate":"https:\/\/www.rassegnastampa-totustuus.it\/cattolica\/?s={search_term_string}"},"query-input":{"@type":"PropertyValueSpecification","valueRequired":true,"valueName":"search_term_string"}}],"inLanguage":"it-IT"},{"@type":"Organization","@id":"https:\/\/www.rassegnastampa-totustuus.it\/cattolica\/#organization","name":"Rassegna Stampa Cattolica","url":"https:\/\/www.rassegnastampa-totustuus.it\/cattolica\/","logo":{"@type":"ImageObject","inLanguage":"it-IT","@id":"https:\/\/www.rassegnastampa-totustuus.it\/cattolica\/#\/schema\/logo\/image\/","url":"https:\/\/www.rassegnastampa-totustuus.it\/cattolica\/wp-content\/uploads\/2014\/04\/logo-rassegna1.gif","contentUrl":"https:\/\/www.rassegnastampa-totustuus.it\/cattolica\/wp-content\/uploads\/2014\/04\/logo-rassegna1.gif","width":600,"height":163,"caption":"Rassegna Stampa Cattolica"},"image":{"@id":"https:\/\/www.rassegnastampa-totustuus.it\/cattolica\/#\/schema\/logo\/image\/"},"sameAs":["https:\/\/www.facebook.com\/rassegnastampacattolica","https:\/\/x.com\/rassegnastampa9"]},{"@type":"Person","@id":"https:\/\/www.rassegnastampa-totustuus.it\/cattolica\/#\/schema\/person\/08f319d2bd1a0904ad9e2bfb7b15e5c3","name":"Redazione","image":{"@type":"ImageObject","inLanguage":"it-IT","@id":"https:\/\/secure.gravatar.com\/avatar\/2fcdf27c78ea025fbdb44e914cc63c72249ffec9dc8aafd5c82b26240ef3f346?s=96&d=mm&r=g","url":"https:\/\/secure.gravatar.com\/avatar\/2fcdf27c78ea025fbdb44e914cc63c72249ffec9dc8aafd5c82b26240ef3f346?s=96&d=mm&r=g","contentUrl":"https:\/\/secure.gravatar.com\/avatar\/2fcdf27c78ea025fbdb44e914cc63c72249ffec9dc8aafd5c82b26240ef3f346?s=96&d=mm&r=g","caption":"Redazione"},"url":"https:\/\/www.rassegnastampa-totustuus.it\/cattolica\/author\/pietroelle\/"}]}},"_links":{"self":[{"href":"https:\/\/www.rassegnastampa-totustuus.it\/cattolica\/wp-json\/wp\/v2\/posts\/28940","targetHints":{"allow":["GET"]}}],"collection":[{"href":"https:\/\/www.rassegnastampa-totustuus.it\/cattolica\/wp-json\/wp\/v2\/posts"}],"about":[{"href":"https:\/\/www.rassegnastampa-totustuus.it\/cattolica\/wp-json\/wp\/v2\/types\/post"}],"author":[{"embeddable":true,"href":"https:\/\/www.rassegnastampa-totustuus.it\/cattolica\/wp-json\/wp\/v2\/users\/6"}],"replies":[{"embeddable":true,"href":"https:\/\/www.rassegnastampa-totustuus.it\/cattolica\/wp-json\/wp\/v2\/comments?post=28940"}],"version-history":[{"count":1,"href":"https:\/\/www.rassegnastampa-totustuus.it\/cattolica\/wp-json\/wp\/v2\/posts\/28940\/revisions"}],"predecessor-version":[{"id":28942,"href":"https:\/\/www.rassegnastampa-totustuus.it\/cattolica\/wp-json\/wp\/v2\/posts\/28940\/revisions\/28942"}],"wp:featuredmedia":[{"embeddable":true,"href":"https:\/\/www.rassegnastampa-totustuus.it\/cattolica\/wp-json\/wp\/v2\/media\/28941"}],"wp:attachment":[{"href":"https:\/\/www.rassegnastampa-totustuus.it\/cattolica\/wp-json\/wp\/v2\/media?parent=28940"}],"wp:term":[{"taxonomy":"category","embeddable":true,"href":"https:\/\/www.rassegnastampa-totustuus.it\/cattolica\/wp-json\/wp\/v2\/categories?post=28940"},{"taxonomy":"post_tag","embeddable":true,"href":"https:\/\/www.rassegnastampa-totustuus.it\/cattolica\/wp-json\/wp\/v2\/tags?post=28940"}],"curies":[{"name":"wp","href":"https:\/\/api.w.org\/{rel}","templated":true}]}}