{"id":2888,"date":"2009-03-18T11:19:55","date_gmt":"2009-03-18T10:19:55","guid":{"rendered":""},"modified":"2015-09-15T11:19:27","modified_gmt":"2015-09-15T09:19:27","slug":"laborto-non-salvaguarda-la-salute-della-donna","status":"publish","type":"post","link":"https:\/\/www.rassegnastampa-totustuus.it\/cattolica\/laborto-non-salvaguarda-la-salute-della-donna\/","title":{"rendered":"L\u2019aborto non salvaguarda la salute della donna"},"content":{"rendered":"<div style=\"text-align: center;\"><strong><a href=\"https:\/\/www.rassegnastampa-totustuus.it\/cattolica\/wp-content\/uploads\/2009\/03\/salute_donna.jpg\"><img loading=\"lazy\" decoding=\"async\" class=\"alignright wp-image-26817\" src=\"https:\/\/www.rassegnastampa-totustuus.it\/cattolica\/wp-content\/uploads\/2009\/03\/salute_donna.jpg\" alt=\"salute_donna\" width=\"250\" height=\"166\" \/><\/a>Agenzia Zenit<\/strong> domenica, 19 agosto 2007<\/div>\n<p style=\"text-align: justify;\"><em>ROMA _ Pubblichiamo di seguito per la rubrica di Bioetica l\u2019intervento del dottor Carlo Valerio Bellieni, Dirigente del Dipartimento Terapia Intensiva Neonatale del Policlinico Universitario &#8220;Le Scotte&#8221; di Siena e membro della Pontificia Accademia Pro Vita.<\/em><\/p>\n<div><!--more--><\/div>\n<div style=\"text-align: justify;\">Di recente la posizione della Chiesa in tema di aborto \u00e8 stata oggetto di attacco, specialmente da quando ha puntato il dito verso certe organizzazioni internazionali che proclamano l\u2019aborto come un diritto da diffondere al pari del diritto all\u2019acqua o ai farmaci salvavita.Il fatto che non viene compreso \u00e8 che la condanna non nasce unicamente da valutazioni morali (la vita \u00e8 sacra dal momento del concepimento) che tuttavia hanno un indiscutibile fondamento scientifico (l\u2019analisi del DNA attesta che dal concepimento \u00e8 presente e vivo un essere umano diverso dalla madre), ma riguarda anche l\u2019impatto psicologico e talora negativo sul piano fisico che l\u2019aborto ha su chi lo compie.<\/div>\n<p style=\"text-align: justify;\">Vediamo di capire dunque due punti: primo, se permettere l\u2019aborto sia un passo a favore della salute della donna, e secondo, se la definizione di \u201csalute\u201d che implica il diritto all\u2019aborto ci soddisfa.<\/p>\n<p style=\"text-align: justify;\">Salute della donna: Varie legislazioni permettono l\u2019aborto in base all\u2019idea che la nascita di un bambino non voluto sia un rischio per la salute della donna. In realt\u00e0 questo \u00e8 l\u2019unico caso in tutta la medicina in cui il paziente (in questo caso la donna) si autodiagnostica la malattia (il fatto che la nascita sia pericolosa per la sua salute) e fa le sue scelte \u201cterapeutiche\u201d in totale autonomia dal medico, almeno nei primi mesi. Quante sbagliano \u201cdiagnosi\u201d? Possono esserci soluzioni \u201cterapeutiche\u201d alternative? L\u2019assoluta discrezionalit\u00e0 della scelta ci impedisce di saperlo.<\/p>\n<p style=\"text-align: justify;\">Ma \u00e8 il bambino un pericolo per la salute della madre oppure \u00e8 l\u2019aborto ad essere pericoloso per la donna? Il <em>Journal of Child Psychology &amp; Psychiatry<\/em> del 2006, riporta che le donne che abortiscono sono a <a href=\"http:\/\/www.blackwell-synergy.com\/doi\/abs\/10.1111\/j.1469-7610.2005.01538.x\" target=\"_blank\">maggior rischio di problemi mentali<\/a> (depressione, ansia, comportamenti suicidi) rispetto alle altre; e gi\u00e0 molti studiosi hanno parlato dei rischi da aborto chimico (Ann Pharmacother. 2005 Sep;39 (9):1483-8).<\/p>\n<p style=\"text-align: justify;\">Non solo, ma una <a href=\"http:\/\/www.ncbi.nlm.nih.gov\/sites\/entrez?cmd=Retrieve&amp;db=pubmed&amp;dopt=AbstractPlus&amp;list_uids=16257993&amp;query_hl=9&amp;itool=pubmed_docsum\" target=\"_blank\">recente ricerca<\/a> pubblicata dal <em>British Medical Journal<\/em> mostra che portare a termine senza abortire una gravidanza non desiderata ha lo stesso livello di rischio di depressione per la madre che l\u2019aborto di una gravidanza non desiderata, dunque l\u2019argomento che abortendo si preserva la madre da patologie depressive legate alla nascita indesiderata viene meno.<\/p>\n<p style=\"text-align: justify;\">Ma ancora, uno <a href=\"http:\/\/www.biomedcentral.com\/1741-7015\/3\/18\/abstract\" target=\"_blank\">studio norvegese<\/a> mostra che le donne che hanno avuto un aborto spontaneo mostrano problemi psicologici maggiori di quelle che hanno avuto un aborto volontario, ma solo nei primi giorni; a distanza di 2 e poi di 5 anni, i problemi delle prime scompaiono, mentre persistono i disagi psicologici di quelle che hanno avuto un aborto volontario. Dunque, ci\u00f2 che secondo questa ricerca provoca disagio mentale profondo non \u00e8 la perdita del figlio, ma averlo fatto volontariamente. E\u2019 dunque l\u2019aborto una maniera per preservare la salute della donna? Esistono motivi per dubitarne.<\/p>\n<p style=\"text-align: justify;\">Forse \u00e8 per questo che i medici inglesi sono sempre pi\u00f9 restii a praticare aborti, come recentemente segnala il quotidiano britannico <em>Independent<\/em>; anche perch\u00e9 ormai si sa bene che dalla 20\u00b0 settimana il feto ha la possibilit\u00e0 di provare dolore durante l\u2019intervento e perch\u00e9 con le ecografie possiamo chiaramente renderci conto della sua umanit\u00e0. Per esempio possiamo vedere il <a href=\"http:\/\/carlobellieni.splinder.com\/post\/5748478\" target=\"_blank\">feto piangere<\/a> o <a href=\"http:\/\/carlobellieni.splinder.com\/post\/5816635\">camminare<\/a><\/p>\n<p style=\"text-align: justify;\">Ma il problema nasce quando si domanda cosa \u00e8 la salute che con l\u2019aborto si vorrebbe tutelare. Perch\u00e9 in questo caso ci si rif\u00e0 sempre alla criticatissima definizione dell\u2019Organizzazione Mondiale della Sanit\u00e0 del 1948 secondo cui la salute sarebbe il \u201ccompleto benessere psico-fisico-sociale\u201d. Capiamo bene come questo \u201cpieno benessere\u201d non esiste: chi di noi non ha qualche piccola o grande contrariet\u00e0 o allergia?<\/p>\n<p style=\"text-align: justify;\">Ma capiamo anche che con questo criterio chiunque potrebbe compiere atti lesivi verso altre persone, giustificandole con il fatto che se non li avesse compiuti la sua \u201csalute\u201d ne avrebbe avuto un danno. Pensiamo per esempio ad un marito che picchiasse la moglie dicendo che altrimenti avrebbe avuto un imprecisato nocumento per la salute psico-fisica.<\/p>\n<p style=\"text-align: justify;\">La giustificazione del perch\u00e9 con un adulto questo non sia possibile e con un feto s\u00ec, \u00e8 data correntemente dal fatto che il feto non \u00e8 nato, dunque non sarebbe una persona e avrebbe per questo meno diritti. E\u2019 una posizione difficilmente sostenibile oggi che gli studi moderni ci mostrano non solo l\u2019umanit\u00e0 del feto, ma tutta la sua sensibilit\u00e0, e anche le ragioni biologiche per non reputarlo un\u2019appendice della madre. Dunque, tutto l\u2019impianto del diritto all\u2019aborto si regge su una definizione zoppicante.<\/p>\n<p style=\"text-align: justify;\">La tutela della salute della donna basata sulla diffusione dell\u2019accesso all\u2019aborto ha mostrato i suoi limiti. Essa, infatti, invece che avere come oggetto la cancellazione della vita nascente, dovrebbe partire da un aiuto sociale ed economico prioritario ed obbligatorio per gli Stati verso le donne in difficolt\u00e0; ma anche da un impulso culturale verso una maggiore conoscenza dei propri diritti di gestante e della crescita psico-fisiologica propria e del bambino in utero.<\/p>\n<p style=\"text-align: justify;\"><em>[I lettori sono invitati a porre domande sui differenti temi di bioetica scrivendo all\u2019indirizzo: \u00a0<span style=\"text-decoration: underline;\"><a href=\"mailto:bioetica@zenit.org\">bioetica@zenit.org<\/a><\/span>\u00a0 . Si prega di indicare il nome, le iniziali del cognome e la citt\u00e0 di provenienza]<\/em><\/p>\n","protected":false},"excerpt":{"rendered":"<p>Agenzia Zenit domenica, 19 agosto 2007 ROMA _ Pubblichiamo di seguito per la rubrica di Bioetica l\u2019intervento del dottor Carlo Valerio Bellieni, Dirigente del Dipartimento Terapia Intensiva Neonatale del Policlinico Universitario &#8220;Le Scotte&#8221; di Siena e membro della Pontificia Accademia Pro Vita.<\/p><p><a class=\"more-link btn\" href=\"https:\/\/www.rassegnastampa-totustuus.it\/cattolica\/laborto-non-salvaguarda-la-salute-della-donna\/\">Continua a leggere<\/a><\/p>\n","protected":false},"author":6,"featured_media":26817,"comment_status":"closed","ping_status":"open","sticky":false,"template":"","format":"standard","meta":{"footnotes":""},"categories":[2],"tags":[2386,1479],"class_list":["post-2888","post","type-post","status-publish","format-standard","has-post-thumbnail","hentry","category-aborto","tag-aborto","tag-sindrome-post-aborto","item-wrap"],"yoast_head":"<!-- This site is optimized with the Yoast SEO plugin v27.4 - https:\/\/yoast.com\/product\/yoast-seo-wordpress\/ -->\n<title>L\u2019aborto non salvaguarda la salute della donna - Rassegna Stampa Cattolica<\/title>\n<meta name=\"description\" content=\"Rassegna Stampa Cattolica - Per una cultura che nasce dalla Rivelazione cristiana in conformit\u00e0 alla tradizione e al Magistero della Chiesa in opposizione ad ogni relativismo e totalitarismo\" \/>\n<meta name=\"robots\" content=\"index, follow, max-snippet:-1, max-image-preview:large, max-video-preview:-1\" \/>\n<link rel=\"canonical\" href=\"https:\/\/www.rassegnastampa-totustuus.it\/cattolica\/laborto-non-salvaguarda-la-salute-della-donna\/\" \/>\n<meta property=\"og:locale\" content=\"it_IT\" \/>\n<meta property=\"og:type\" content=\"article\" \/>\n<meta property=\"og:title\" content=\"L\u2019aborto non salvaguarda la salute della donna - Rassegna Stampa Cattolica\" \/>\n<meta property=\"og:description\" content=\"Rassegna Stampa Cattolica - Per una cultura che nasce dalla Rivelazione cristiana in conformit\u00e0 alla tradizione e al Magistero della Chiesa in opposizione ad ogni relativismo e totalitarismo\" \/>\n<meta property=\"og:url\" content=\"https:\/\/www.rassegnastampa-totustuus.it\/cattolica\/laborto-non-salvaguarda-la-salute-della-donna\/\" \/>\n<meta property=\"og:site_name\" content=\"Rassegna Stampa Cattolica\" \/>\n<meta property=\"article:publisher\" content=\"https:\/\/www.facebook.com\/rassegnastampacattolica\" \/>\n<meta property=\"article:published_time\" content=\"2009-03-18T10:19:55+00:00\" \/>\n<meta property=\"article:modified_time\" content=\"2015-09-15T09:19:27+00:00\" \/>\n<meta property=\"og:image\" content=\"https:\/\/www.rassegnastampa-totustuus.it\/cattolica\/wp-content\/uploads\/2009\/03\/salute_donna.jpg\" \/>\n\t<meta property=\"og:image:width\" content=\"275\" \/>\n\t<meta property=\"og:image:height\" content=\"183\" \/>\n\t<meta property=\"og:image:type\" content=\"image\/jpeg\" \/>\n<meta name=\"author\" content=\"Redazione\" \/>\n<meta name=\"twitter:card\" content=\"summary_large_image\" \/>\n<meta name=\"twitter:creator\" content=\"@rassegnastampa9\" \/>\n<meta name=\"twitter:site\" content=\"@rassegnastampa9\" \/>\n<meta name=\"twitter:label1\" content=\"Scritto da\" \/>\n\t<meta name=\"twitter:data1\" content=\"Redazione\" \/>\n\t<meta name=\"twitter:label2\" content=\"Tempo di lettura stimato\" \/>\n\t<meta name=\"twitter:data2\" content=\"4 minuti\" \/>\n<script type=\"application\/ld+json\" class=\"yoast-schema-graph\">{\"@context\":\"https:\\\/\\\/schema.org\",\"@graph\":[{\"@type\":\"Article\",\"@id\":\"https:\\\/\\\/www.rassegnastampa-totustuus.it\\\/cattolica\\\/laborto-non-salvaguarda-la-salute-della-donna\\\/#article\",\"isPartOf\":{\"@id\":\"https:\\\/\\\/www.rassegnastampa-totustuus.it\\\/cattolica\\\/laborto-non-salvaguarda-la-salute-della-donna\\\/\"},\"author\":{\"name\":\"Redazione\",\"@id\":\"https:\\\/\\\/www.rassegnastampa-totustuus.it\\\/cattolica\\\/#\\\/schema\\\/person\\\/08f319d2bd1a0904ad9e2bfb7b15e5c3\"},\"headline\":\"L\u2019aborto non salvaguarda la salute della donna\",\"datePublished\":\"2009-03-18T10:19:55+00:00\",\"dateModified\":\"2015-09-15T09:19:27+00:00\",\"mainEntityOfPage\":{\"@id\":\"https:\\\/\\\/www.rassegnastampa-totustuus.it\\\/cattolica\\\/laborto-non-salvaguarda-la-salute-della-donna\\\/\"},\"wordCount\":872,\"publisher\":{\"@id\":\"https:\\\/\\\/www.rassegnastampa-totustuus.it\\\/cattolica\\\/#organization\"},\"image\":{\"@id\":\"https:\\\/\\\/www.rassegnastampa-totustuus.it\\\/cattolica\\\/laborto-non-salvaguarda-la-salute-della-donna\\\/#primaryimage\"},\"thumbnailUrl\":\"https:\\\/\\\/www.rassegnastampa-totustuus.it\\\/cattolica\\\/wp-content\\\/uploads\\\/2009\\\/03\\\/salute_donna.jpg\",\"keywords\":[\"Aborto\",\"sindrome post aborto\"],\"articleSection\":[\"Aborto\"],\"inLanguage\":\"it-IT\"},{\"@type\":\"WebPage\",\"@id\":\"https:\\\/\\\/www.rassegnastampa-totustuus.it\\\/cattolica\\\/laborto-non-salvaguarda-la-salute-della-donna\\\/\",\"url\":\"https:\\\/\\\/www.rassegnastampa-totustuus.it\\\/cattolica\\\/laborto-non-salvaguarda-la-salute-della-donna\\\/\",\"name\":\"L\u2019aborto non salvaguarda la salute della donna - Rassegna Stampa Cattolica\",\"isPartOf\":{\"@id\":\"https:\\\/\\\/www.rassegnastampa-totustuus.it\\\/cattolica\\\/#website\"},\"primaryImageOfPage\":{\"@id\":\"https:\\\/\\\/www.rassegnastampa-totustuus.it\\\/cattolica\\\/laborto-non-salvaguarda-la-salute-della-donna\\\/#primaryimage\"},\"image\":{\"@id\":\"https:\\\/\\\/www.rassegnastampa-totustuus.it\\\/cattolica\\\/laborto-non-salvaguarda-la-salute-della-donna\\\/#primaryimage\"},\"thumbnailUrl\":\"https:\\\/\\\/www.rassegnastampa-totustuus.it\\\/cattolica\\\/wp-content\\\/uploads\\\/2009\\\/03\\\/salute_donna.jpg\",\"datePublished\":\"2009-03-18T10:19:55+00:00\",\"dateModified\":\"2015-09-15T09:19:27+00:00\",\"description\":\"Rassegna Stampa Cattolica - Per una cultura che nasce dalla Rivelazione cristiana in conformit\u00e0 alla tradizione e al Magistero della Chiesa in opposizione ad ogni relativismo e totalitarismo\",\"breadcrumb\":{\"@id\":\"https:\\\/\\\/www.rassegnastampa-totustuus.it\\\/cattolica\\\/laborto-non-salvaguarda-la-salute-della-donna\\\/#breadcrumb\"},\"inLanguage\":\"it-IT\",\"potentialAction\":[{\"@type\":\"ReadAction\",\"target\":[\"https:\\\/\\\/www.rassegnastampa-totustuus.it\\\/cattolica\\\/laborto-non-salvaguarda-la-salute-della-donna\\\/\"]}]},{\"@type\":\"ImageObject\",\"inLanguage\":\"it-IT\",\"@id\":\"https:\\\/\\\/www.rassegnastampa-totustuus.it\\\/cattolica\\\/laborto-non-salvaguarda-la-salute-della-donna\\\/#primaryimage\",\"url\":\"https:\\\/\\\/www.rassegnastampa-totustuus.it\\\/cattolica\\\/wp-content\\\/uploads\\\/2009\\\/03\\\/salute_donna.jpg\",\"contentUrl\":\"https:\\\/\\\/www.rassegnastampa-totustuus.it\\\/cattolica\\\/wp-content\\\/uploads\\\/2009\\\/03\\\/salute_donna.jpg\",\"width\":275,\"height\":183},{\"@type\":\"BreadcrumbList\",\"@id\":\"https:\\\/\\\/www.rassegnastampa-totustuus.it\\\/cattolica\\\/laborto-non-salvaguarda-la-salute-della-donna\\\/#breadcrumb\",\"itemListElement\":[{\"@type\":\"ListItem\",\"position\":1,\"name\":\"Home\",\"item\":\"https:\\\/\\\/www.rassegnastampa-totustuus.it\\\/cattolica\\\/\"},{\"@type\":\"ListItem\",\"position\":2,\"name\":\"L\u2019aborto non salvaguarda la salute della donna\"}]},{\"@type\":\"WebSite\",\"@id\":\"https:\\\/\\\/www.rassegnastampa-totustuus.it\\\/cattolica\\\/#website\",\"url\":\"https:\\\/\\\/www.rassegnastampa-totustuus.it\\\/cattolica\\\/\",\"name\":\"Rassegna Stampa Cattolica\",\"description\":\"Per una cultura che nasce dalla Rivelazione cristiana in conformit\u00e0 alla tradizione e al Magistero della Chiesa in opposizione ad ogni relativismo e totalitarismo\",\"publisher\":{\"@id\":\"https:\\\/\\\/www.rassegnastampa-totustuus.it\\\/cattolica\\\/#organization\"},\"alternateName\":\"Rass. Cattolica\",\"potentialAction\":[{\"@type\":\"SearchAction\",\"target\":{\"@type\":\"EntryPoint\",\"urlTemplate\":\"https:\\\/\\\/www.rassegnastampa-totustuus.it\\\/cattolica\\\/?s={search_term_string}\"},\"query-input\":{\"@type\":\"PropertyValueSpecification\",\"valueRequired\":true,\"valueName\":\"search_term_string\"}}],\"inLanguage\":\"it-IT\"},{\"@type\":\"Organization\",\"@id\":\"https:\\\/\\\/www.rassegnastampa-totustuus.it\\\/cattolica\\\/#organization\",\"name\":\"Rassegna Stampa Cattolica\",\"url\":\"https:\\\/\\\/www.rassegnastampa-totustuus.it\\\/cattolica\\\/\",\"logo\":{\"@type\":\"ImageObject\",\"inLanguage\":\"it-IT\",\"@id\":\"https:\\\/\\\/www.rassegnastampa-totustuus.it\\\/cattolica\\\/#\\\/schema\\\/logo\\\/image\\\/\",\"url\":\"https:\\\/\\\/www.rassegnastampa-totustuus.it\\\/cattolica\\\/wp-content\\\/uploads\\\/2014\\\/04\\\/logo-rassegna1.gif\",\"contentUrl\":\"https:\\\/\\\/www.rassegnastampa-totustuus.it\\\/cattolica\\\/wp-content\\\/uploads\\\/2014\\\/04\\\/logo-rassegna1.gif\",\"width\":600,\"height\":163,\"caption\":\"Rassegna Stampa Cattolica\"},\"image\":{\"@id\":\"https:\\\/\\\/www.rassegnastampa-totustuus.it\\\/cattolica\\\/#\\\/schema\\\/logo\\\/image\\\/\"},\"sameAs\":[\"https:\\\/\\\/www.facebook.com\\\/rassegnastampacattolica\",\"https:\\\/\\\/x.com\\\/rassegnastampa9\"]},{\"@type\":\"Person\",\"@id\":\"https:\\\/\\\/www.rassegnastampa-totustuus.it\\\/cattolica\\\/#\\\/schema\\\/person\\\/08f319d2bd1a0904ad9e2bfb7b15e5c3\",\"name\":\"Redazione\",\"image\":{\"@type\":\"ImageObject\",\"inLanguage\":\"it-IT\",\"@id\":\"https:\\\/\\\/secure.gravatar.com\\\/avatar\\\/2fcdf27c78ea025fbdb44e914cc63c72249ffec9dc8aafd5c82b26240ef3f346?s=96&d=mm&r=g\",\"url\":\"https:\\\/\\\/secure.gravatar.com\\\/avatar\\\/2fcdf27c78ea025fbdb44e914cc63c72249ffec9dc8aafd5c82b26240ef3f346?s=96&d=mm&r=g\",\"contentUrl\":\"https:\\\/\\\/secure.gravatar.com\\\/avatar\\\/2fcdf27c78ea025fbdb44e914cc63c72249ffec9dc8aafd5c82b26240ef3f346?s=96&d=mm&r=g\",\"caption\":\"Redazione\"},\"url\":\"https:\\\/\\\/www.rassegnastampa-totustuus.it\\\/cattolica\\\/author\\\/pietroelle\\\/\"}]}<\/script>\n<!-- \/ Yoast SEO plugin. -->","yoast_head_json":{"title":"L\u2019aborto non salvaguarda la salute della donna - Rassegna Stampa Cattolica","description":"Rassegna Stampa Cattolica - Per una cultura che nasce dalla Rivelazione cristiana in conformit\u00e0 alla tradizione e al Magistero della Chiesa in opposizione ad ogni relativismo e totalitarismo","robots":{"index":"index","follow":"follow","max-snippet":"max-snippet:-1","max-image-preview":"max-image-preview:large","max-video-preview":"max-video-preview:-1"},"canonical":"https:\/\/www.rassegnastampa-totustuus.it\/cattolica\/laborto-non-salvaguarda-la-salute-della-donna\/","og_locale":"it_IT","og_type":"article","og_title":"L\u2019aborto non salvaguarda la salute della donna - Rassegna Stampa Cattolica","og_description":"Rassegna Stampa Cattolica - Per una cultura che nasce dalla Rivelazione cristiana in conformit\u00e0 alla tradizione e al Magistero della Chiesa in opposizione ad ogni relativismo e totalitarismo","og_url":"https:\/\/www.rassegnastampa-totustuus.it\/cattolica\/laborto-non-salvaguarda-la-salute-della-donna\/","og_site_name":"Rassegna Stampa Cattolica","article_publisher":"https:\/\/www.facebook.com\/rassegnastampacattolica","article_published_time":"2009-03-18T10:19:55+00:00","article_modified_time":"2015-09-15T09:19:27+00:00","og_image":[{"width":275,"height":183,"url":"https:\/\/www.rassegnastampa-totustuus.it\/cattolica\/wp-content\/uploads\/2009\/03\/salute_donna.jpg","type":"image\/jpeg"}],"author":"Redazione","twitter_card":"summary_large_image","twitter_creator":"@rassegnastampa9","twitter_site":"@rassegnastampa9","twitter_misc":{"Scritto da":"Redazione","Tempo di lettura stimato":"4 minuti"},"schema":{"@context":"https:\/\/schema.org","@graph":[{"@type":"Article","@id":"https:\/\/www.rassegnastampa-totustuus.it\/cattolica\/laborto-non-salvaguarda-la-salute-della-donna\/#article","isPartOf":{"@id":"https:\/\/www.rassegnastampa-totustuus.it\/cattolica\/laborto-non-salvaguarda-la-salute-della-donna\/"},"author":{"name":"Redazione","@id":"https:\/\/www.rassegnastampa-totustuus.it\/cattolica\/#\/schema\/person\/08f319d2bd1a0904ad9e2bfb7b15e5c3"},"headline":"L\u2019aborto non salvaguarda la salute della donna","datePublished":"2009-03-18T10:19:55+00:00","dateModified":"2015-09-15T09:19:27+00:00","mainEntityOfPage":{"@id":"https:\/\/www.rassegnastampa-totustuus.it\/cattolica\/laborto-non-salvaguarda-la-salute-della-donna\/"},"wordCount":872,"publisher":{"@id":"https:\/\/www.rassegnastampa-totustuus.it\/cattolica\/#organization"},"image":{"@id":"https:\/\/www.rassegnastampa-totustuus.it\/cattolica\/laborto-non-salvaguarda-la-salute-della-donna\/#primaryimage"},"thumbnailUrl":"https:\/\/www.rassegnastampa-totustuus.it\/cattolica\/wp-content\/uploads\/2009\/03\/salute_donna.jpg","keywords":["Aborto","sindrome post aborto"],"articleSection":["Aborto"],"inLanguage":"it-IT"},{"@type":"WebPage","@id":"https:\/\/www.rassegnastampa-totustuus.it\/cattolica\/laborto-non-salvaguarda-la-salute-della-donna\/","url":"https:\/\/www.rassegnastampa-totustuus.it\/cattolica\/laborto-non-salvaguarda-la-salute-della-donna\/","name":"L\u2019aborto non salvaguarda la salute della donna - Rassegna Stampa Cattolica","isPartOf":{"@id":"https:\/\/www.rassegnastampa-totustuus.it\/cattolica\/#website"},"primaryImageOfPage":{"@id":"https:\/\/www.rassegnastampa-totustuus.it\/cattolica\/laborto-non-salvaguarda-la-salute-della-donna\/#primaryimage"},"image":{"@id":"https:\/\/www.rassegnastampa-totustuus.it\/cattolica\/laborto-non-salvaguarda-la-salute-della-donna\/#primaryimage"},"thumbnailUrl":"https:\/\/www.rassegnastampa-totustuus.it\/cattolica\/wp-content\/uploads\/2009\/03\/salute_donna.jpg","datePublished":"2009-03-18T10:19:55+00:00","dateModified":"2015-09-15T09:19:27+00:00","description":"Rassegna Stampa Cattolica - Per una cultura che nasce dalla Rivelazione cristiana in conformit\u00e0 alla tradizione e al Magistero della Chiesa in opposizione ad ogni relativismo e totalitarismo","breadcrumb":{"@id":"https:\/\/www.rassegnastampa-totustuus.it\/cattolica\/laborto-non-salvaguarda-la-salute-della-donna\/#breadcrumb"},"inLanguage":"it-IT","potentialAction":[{"@type":"ReadAction","target":["https:\/\/www.rassegnastampa-totustuus.it\/cattolica\/laborto-non-salvaguarda-la-salute-della-donna\/"]}]},{"@type":"ImageObject","inLanguage":"it-IT","@id":"https:\/\/www.rassegnastampa-totustuus.it\/cattolica\/laborto-non-salvaguarda-la-salute-della-donna\/#primaryimage","url":"https:\/\/www.rassegnastampa-totustuus.it\/cattolica\/wp-content\/uploads\/2009\/03\/salute_donna.jpg","contentUrl":"https:\/\/www.rassegnastampa-totustuus.it\/cattolica\/wp-content\/uploads\/2009\/03\/salute_donna.jpg","width":275,"height":183},{"@type":"BreadcrumbList","@id":"https:\/\/www.rassegnastampa-totustuus.it\/cattolica\/laborto-non-salvaguarda-la-salute-della-donna\/#breadcrumb","itemListElement":[{"@type":"ListItem","position":1,"name":"Home","item":"https:\/\/www.rassegnastampa-totustuus.it\/cattolica\/"},{"@type":"ListItem","position":2,"name":"L\u2019aborto non salvaguarda la salute della donna"}]},{"@type":"WebSite","@id":"https:\/\/www.rassegnastampa-totustuus.it\/cattolica\/#website","url":"https:\/\/www.rassegnastampa-totustuus.it\/cattolica\/","name":"Rassegna Stampa Cattolica","description":"Per una cultura che nasce dalla Rivelazione cristiana in conformit\u00e0 alla tradizione e al Magistero della Chiesa in opposizione ad ogni relativismo e totalitarismo","publisher":{"@id":"https:\/\/www.rassegnastampa-totustuus.it\/cattolica\/#organization"},"alternateName":"Rass. Cattolica","potentialAction":[{"@type":"SearchAction","target":{"@type":"EntryPoint","urlTemplate":"https:\/\/www.rassegnastampa-totustuus.it\/cattolica\/?s={search_term_string}"},"query-input":{"@type":"PropertyValueSpecification","valueRequired":true,"valueName":"search_term_string"}}],"inLanguage":"it-IT"},{"@type":"Organization","@id":"https:\/\/www.rassegnastampa-totustuus.it\/cattolica\/#organization","name":"Rassegna Stampa Cattolica","url":"https:\/\/www.rassegnastampa-totustuus.it\/cattolica\/","logo":{"@type":"ImageObject","inLanguage":"it-IT","@id":"https:\/\/www.rassegnastampa-totustuus.it\/cattolica\/#\/schema\/logo\/image\/","url":"https:\/\/www.rassegnastampa-totustuus.it\/cattolica\/wp-content\/uploads\/2014\/04\/logo-rassegna1.gif","contentUrl":"https:\/\/www.rassegnastampa-totustuus.it\/cattolica\/wp-content\/uploads\/2014\/04\/logo-rassegna1.gif","width":600,"height":163,"caption":"Rassegna Stampa Cattolica"},"image":{"@id":"https:\/\/www.rassegnastampa-totustuus.it\/cattolica\/#\/schema\/logo\/image\/"},"sameAs":["https:\/\/www.facebook.com\/rassegnastampacattolica","https:\/\/x.com\/rassegnastampa9"]},{"@type":"Person","@id":"https:\/\/www.rassegnastampa-totustuus.it\/cattolica\/#\/schema\/person\/08f319d2bd1a0904ad9e2bfb7b15e5c3","name":"Redazione","image":{"@type":"ImageObject","inLanguage":"it-IT","@id":"https:\/\/secure.gravatar.com\/avatar\/2fcdf27c78ea025fbdb44e914cc63c72249ffec9dc8aafd5c82b26240ef3f346?s=96&d=mm&r=g","url":"https:\/\/secure.gravatar.com\/avatar\/2fcdf27c78ea025fbdb44e914cc63c72249ffec9dc8aafd5c82b26240ef3f346?s=96&d=mm&r=g","contentUrl":"https:\/\/secure.gravatar.com\/avatar\/2fcdf27c78ea025fbdb44e914cc63c72249ffec9dc8aafd5c82b26240ef3f346?s=96&d=mm&r=g","caption":"Redazione"},"url":"https:\/\/www.rassegnastampa-totustuus.it\/cattolica\/author\/pietroelle\/"}]}},"_links":{"self":[{"href":"https:\/\/www.rassegnastampa-totustuus.it\/cattolica\/wp-json\/wp\/v2\/posts\/2888","targetHints":{"allow":["GET"]}}],"collection":[{"href":"https:\/\/www.rassegnastampa-totustuus.it\/cattolica\/wp-json\/wp\/v2\/posts"}],"about":[{"href":"https:\/\/www.rassegnastampa-totustuus.it\/cattolica\/wp-json\/wp\/v2\/types\/post"}],"author":[{"embeddable":true,"href":"https:\/\/www.rassegnastampa-totustuus.it\/cattolica\/wp-json\/wp\/v2\/users\/6"}],"replies":[{"embeddable":true,"href":"https:\/\/www.rassegnastampa-totustuus.it\/cattolica\/wp-json\/wp\/v2\/comments?post=2888"}],"version-history":[{"count":5,"href":"https:\/\/www.rassegnastampa-totustuus.it\/cattolica\/wp-json\/wp\/v2\/posts\/2888\/revisions"}],"predecessor-version":[{"id":26818,"href":"https:\/\/www.rassegnastampa-totustuus.it\/cattolica\/wp-json\/wp\/v2\/posts\/2888\/revisions\/26818"}],"wp:featuredmedia":[{"embeddable":true,"href":"https:\/\/www.rassegnastampa-totustuus.it\/cattolica\/wp-json\/wp\/v2\/media\/26817"}],"wp:attachment":[{"href":"https:\/\/www.rassegnastampa-totustuus.it\/cattolica\/wp-json\/wp\/v2\/media?parent=2888"}],"wp:term":[{"taxonomy":"category","embeddable":true,"href":"https:\/\/www.rassegnastampa-totustuus.it\/cattolica\/wp-json\/wp\/v2\/categories?post=2888"},{"taxonomy":"post_tag","embeddable":true,"href":"https:\/\/www.rassegnastampa-totustuus.it\/cattolica\/wp-json\/wp\/v2\/tags?post=2888"}],"curies":[{"name":"wp","href":"https:\/\/api.w.org\/{rel}","templated":true}]}}