{"id":28777,"date":"2016-01-07T00:00:39","date_gmt":"2016-01-06T23:00:39","guid":{"rendered":"http:\/\/www.rassegnastampa-totustuus.it\/cattolica\/?p=28777"},"modified":"2015-12-15T09:23:47","modified_gmt":"2015-12-15T08:23:47","slug":"ce-lantisemitismo-a-la-page","status":"publish","type":"post","link":"https:\/\/www.rassegnastampa-totustuus.it\/cattolica\/ce-lantisemitismo-a-la-page\/","title":{"rendered":"C\u2019\u00e8 l\u2019antisemitismo \u00e0 la page"},"content":{"rendered":"<p style=\"text-align: center;\"><strong><a href=\"https:\/\/www.rassegnastampa-totustuus.it\/cattolica\/wp-content\/uploads\/2015\/12\/antisemitismo.jpg\"><img loading=\"lazy\" decoding=\"async\" class=\"alignleft wp-image-28778\" src=\"https:\/\/www.rassegnastampa-totustuus.it\/cattolica\/wp-content\/uploads\/2015\/12\/antisemitismo.jpg\" alt=\"antisemitismo\" width=\"250\" height=\"182\" \/><\/a>Italia Oggi<\/strong> marted\u00ec 15 dicembre 2015<\/p>\n<p style=\"text-align: justify;\"><em>Giulio Meotti: \u00e8 un pericoloso sentimento che nasce nelle \u00e8lite, nei media, nelle universit\u00e0<\/em><\/p>\n<p style=\"text-align: center;\"><em>In Europa del Nord e in Francia un ebreo si sente a rischio<\/em><\/p>\n<p style=\"text-align: center;\">di <strong>Goffredo Pistelli<\/strong><\/p>\n<p style=\"text-align: center;\"><!--more--><\/p>\n<p style=\"text-align: justify;\">Il 20 dicembre in libreria uscir\u00e0, per Lindau, il suo nuovo libro, <em>Hanno ucciso Charlie Hebdo<\/em>. \u00abSar\u00e0 un pamphlet, a un anno dalla strage, ricordando tutti quelli che attaccavano i vignettisti ma da vivi. E hanno continuato pure da morti, per niente #jesuisCharlie. Ma sar\u00e0 anche la storia di 30 anni in cui la nostra libert\u00e0 di espressione si \u00e8 ritrovata alle prese con l\u2019intimidazione islamista, da Salman Rushdie a Benedetto XVI, e di come quella libert\u00e0 l\u2019abbiamo perduta\u00bb.<\/p>\n<p style=\"text-align: justify;\">Ma non abbiamo cercato Giulio Meotti, aretino, 36 anni, da 12 al <em>Foglio<\/em>, non per parlare di islamismo quanto, piuttosto, di questo antisemitismo \u00e0 la page, che circola in Europa, in cui \u00e8 maturato l\u2019embargo surrettizio contro i prodotti Israeliani: la Commissione vuol che in etichetta sia indicato se sono prodotti oltre la Linea Verde, aldil\u00e0 della quale ci sono gli insediamenti conquistati con la guerra del 1967.<\/p>\n<p style=\"text-align: justify;\"><strong>Domanda.<\/strong> Che cos\u2019\u00e8 questo sentimento anti-israeliano che si vena sempre pi\u00f9 di antiebraismo? Ce ne sono esempi eclatanti, Dagens Nyheter, il pi\u00f9 sofisticato quotidiano di Svezia, che, come lei ha scritto, \u00abha recentemente pubblicato un editoriale dal titolo \u00ab\u00c8 permesso odiare gli ebrei\u00bb, in cui l\u2019autore, lo storico delle religioni Jan Samuelson, spiega che l\u2019odio islamico per lo stato ebraico \u00e8 giustificato.<\/p>\n<p style=\"text-align: justify;\"><strong>Risposta.<\/strong> S\u00ec questo sentimento nasce dalle \u00e9lite, \u00e8 un fenomeno che oggi trovi soprattutto dal mondo intellettuale, nei giornali, nelle universit\u00e0, nell\u2019editoria, nelle ong, nei ministeri degli Esteri e soprattutto nel Nord Europa. \u00c8 l\u00ec che emerge il partito preso anti-Isreale. Io noto che anche negli anni \u201930 del 900 era gi\u00e0 successo qualcosa del genere.<\/p>\n<p style=\"text-align: justify;\"><strong>\u00a0D.<\/strong> I prodromi del nazismo?<\/p>\n<p style=\"text-align: justify;\"><strong>R.<\/strong> Non solo. Mentre in Germania c\u2019erano le vignette contro i giudei sui giornali nazionalsocialisti, nell\u2019Urss, sempre nei circoli intellettuali, albergava l\u2019odio \u00abal cosmopolitismo degli Ebrei\u00bb. Oggi ovviamente non ci sono i pogrom ma l\u2019odio altoborghese e colto. Sono gli intellettuali i primi a tradire gli ebrei. Non solo oggi, basti ricorda che da Norberto Bobbio a Concetto Marchesi, tutti i padri nobili della sinistra italiana firmarono il questionario fascista sulla \u00abrazza ebraica\u00bb.<\/p>\n<p style=\"text-align: justify;\"><strong>D.<\/strong> Pi\u00f9 pericoloso, perch\u00e9 poi, inevitabilmente, scender\u00e0 dai piani alti gi\u00e0 fin nella strada.<\/p>\n<p style=\"text-align: justify;\"><strong>R.<\/strong> Certo che \u00e8 pi\u00f9 pericoloso. Gi\u00e0 ora, per effetto di questo sentimento, l\u2019opinione pubblica anche italiana non capisce molto di questa terza Intifada, non ha chiaro chi accoltelli chi, chi sia vittima e aggressore. Si \u00e8 creata una confusa equivalenza morale, Israele e i terroristi sono sullo steso piano. Israele diventa ingiusto, iniquo.<\/p>\n<p style=\"text-align: justify;\"><strong>D.<\/strong> Ricordiamo qualche caso?<\/p>\n<p><strong>R.<\/strong> Beh, recentissimo quello della ministra degli Esteri svedese, Margot Wallstr\u00f6m: in un\u2019intervista, dopo Parigi, aveva detto che \u00abper contrastare la radicalizzazione dobbiamo tornare alla situazione in Medio oriente, dove i palestinesi vedono che non c\u2019\u00e8 futuro per loro e devono accettare una situazione disperata o ricorrere alla violenza\u00bb. Mentre il premier, Stefan L\u00f6fven, ha spiegato che gli accoltellamenti non sono terrorismo ma un\u2019altra cosa: resistenza, risposta all\u2019occupazione. Del resto anche Francois Hollande\u2026<\/p>\n<p style=\"text-align: justify;\"><strong>D.<\/strong> Anche Hollande?<\/p>\n<p style=\"text-align: justify;\"><strong>R.<\/strong> Nella commemorazione del 13 novembre, ha citato tutti gli attacchi, dalle Twin Towers, alle metro britannica e spagnole, a Bruxelles e a Parigi ma non ha menzionato Gerusalemme. Facendo una scelta morale: la Citt\u00e0 Santa o Tel Aviv sono sacrificabili e pure Israele lo \u00e8. Si va facendo strada l\u2019idea che, eliminando il problema Israele, si risolver\u00e0 il problema del mondo islamico.<\/p>\n<p style=\"text-align: justify;\"><strong>D.<\/strong> Che non mi pare sia in cima ai problemi dell\u2019Isis: anche la loro propaganda punta ai paesi islamici moderati o al cuore dell\u2019Europa. O, ancora, a Roma.<\/p>\n<p style=\"text-align: justify;\"><strong>R.<\/strong> Certo. A loro interessa distruggere i nostri valori e le nostre democrazie. E noi, invece, a chi quei valori li pratica nel cuore del Medioriente, non guardiamo con un grande alleato ma come un problema, un fastidio.<\/p>\n<p style=\"text-align: justify;\"><strong>D.<\/strong> Facciamo altri esempi, Meotti.<\/p>\n<p style=\"text-align: justify;\"><strong>R.<\/strong> C\u2019\u00e8 l\u2019appello, sul<em> Guardian<\/em>, dei 300 accademici che, in occasione della terza Intifada, hanno dichiarato di interrompere ogni rapporto con le universit\u00e0 israeliane e l\u2019hanno fatto. Poi c\u2019\u00e8 la grande organizzazione di femministe americane che boicotta Israele, quasi fosse il pi\u00f9 grande violentatore di donne del mondo. E, ancora, ci sarebbe Amnesty International, che non ha mai preso una posizione chiara sul terrorismo in Israele. E insiste sull\u2019equivoco di fondo della risposta spropositata da parte di Gerusalemme. Per non parlare del rapper ebreo americano Matisyahu, cacciato da un festival di musica in Spagna.<\/p>\n<p style=\"text-align: justify;\"><strong>D.<\/strong> Lei diceva che i pi\u00f9 duri stanno nel Nord Europa.<\/p>\n<p style=\"text-align: justify;\">R. Nei Paesi scandinavi soprattutto, per una serie di motivi, ma soprattutto per la presenza di comunit\u00e0 islamiche molto forti, che fanno pressioni e ricattano, anche se loro, gli intellettuali, i giornali, gli universitari, non lo ammetteranno mai. Laddove l\u2019integrazione \u00e8 alla prova, si pensa di cavarsela scaricando Israele.<\/p>\n<p style=\"text-align: justify;\"><strong>D.<\/strong> Citava il <em>Guardian<\/em>. In Gran Bretagna come va? C\u2019\u00e8 un problema storico, perch\u00e9 i sionisti fecero terrorismo durante l\u2019occupazione inglese in Palestina e ci fu la strage dell\u2019Hotel King David di Gerusalemme, nel 1946.<\/p>\n<p style=\"text-align: justify;\"><strong>R.<\/strong> S\u00ec, \u00e8 vero ma le pare possibile che n\u00e9 la Regina Elisabetta n\u00e9 il Principe Carlo abbiano mai messo piede in Israele? In compenso vanno spesso in Paesi meravigliosi, dal punto di vista dei diritti umani, tipo l\u2019Arabia Saudita. Per\u00f2 Oltremanica, pur col multiculturalismo spinto e problemi di estremismo islamista, gli ebrei non scappano come dalla Francia.<\/p>\n<p style=\"text-align: justify;\"><strong>D.<\/strong> In Francia, c\u2019era un brutto clima molto prima degli attentati: cimiteri profanati e il rapimento e la barbara uccisione di un cittadino Ilan Halimi.<\/p>\n<p style=\"text-align: justify;\"><strong>R.\u00a0<\/strong>\u00c8 vero che sono la comunit\u00e0 pi\u00f9 grande, 250mila persone ma da l\u00ec fuggono 6mila israeliti all\u2019anno. L\u2019ali\u00e0, come si chiama l\u2019emigrazione verso Israele, gli costa moltissimo, amano l\u2019Europa, ci vivono da secoli. Ma la storia d\u2019amore fra ebrei e la Francia \u00e8 finita da quando c\u2019\u00e8 stata la strage alla scuola ebraica di Tolosa nel 2012.<\/p>\n<p style=\"text-align: justify;\"><strong>D.<\/strong> E da noi?<\/p>\n<p style=\"text-align: justify;\"><strong>R.<\/strong> No, in Italia, si ama e si odia meno intensamente e in modo meno ideologico che altrove. E forse conta che gli ebrei siano poco pi\u00f9 di 30mila. Certo, abbiamo le folli esternazioni di Gianni Vattimo e Piergiorgio Odifreddi, sui giornali e nelle universit\u00e0, gli editoriali di <em>Repubblica<\/em>, ma la gente \u00e8 lontana da questo sentimento. Se uno va in giro in kippah (il copricapo israelitico, ndr), nessuno ha da dire qualcosa. L\u2019Italia non ha conosciuto il fenomeno di delazione e collaborazionismo di Vichy, per intendersi.<\/p>\n<p style=\"text-align: justify;\"><strong>D.<\/strong> E la politica? Una volta a sinistra, addirittura nel Pci, c\u2019era un nucleo filoisraeliano molto forte.<\/p>\n<p style=\"text-align: justify;\"><strong>R.<\/strong> S\u00ec fino al 1967. Un sentimento che veniva da lontano, una simpatia verso l\u2019ideale del kibbutz, perch\u00e9 Israele \u00e8 stato a lungo un esperimento collettivista di successo. E poi se, non fosse stato per l\u2019Urss, nel 1948, non sarebbe neppure nato.<\/p>\n<p style=\"text-align: justify;\"><strong>D.<\/strong> E con la Guerra dei sei giorni cosa succede?<\/p>\n<p style=\"text-align: justify;\"><strong>R.<\/strong> Che l\u2019intellinghentzja di sinistra la inquadra come una guerra di espansione, un peccato originale, un corpo estraneo. Si guarda agli Israeliani come occupanti, associati all\u2019Occidente. Da allora si \u00e8 andati peggiorando, fino a una passeggiata di Massimo D\u2019Alema, ministro degli Esteri del Prodi II, che a Beirut, nel 2006, si fece fotografare a braccetto con un dirigente di Hezbollah, mentre era in corso la guerra del Libano. Ma non siamo arrivati agli eccessi di Jeremy Corbyn.<\/p>\n<p style=\"text-align: justify;\"><strong>D.<\/strong> Il leader laburista \u00e8 un tantino filopalestinese\u2026<\/p>\n<p style=\"text-align: justify;\"><strong>R.<\/strong> Amico della peggiore canaglie di Hamas e di Hezbollah, senza vergognarsene affatto. \u00c8 la sinistra che si accompagna agli imam dell\u2019odio.<\/p>\n<p style=\"text-align: justify;\"><strong>D.<\/strong> Matteo Renzi \u00e8 stato accusato di essere filoisraeliano fin dalle primarie del 2012, in cui si ricordavano gli interessi del suo amico Marco Carrai in quel Paese.<\/p>\n<p style=\"text-align: justify;\"><strong>R.<\/strong> Quando \u00e8 andato in Israele ha parlato alla Knesseth facendo un bel discorso, ma quella di parlare bene \u00e8 un po\u2019 una sua inclinazione&#8230;<\/p>\n<p style=\"text-align: justify;\"><strong>D.<\/strong> Beh, disse \u00abChi pensa di boicottare Israele non si rende conto di boicottare se stesso, di tradire il proprio futuro\u00bb.<\/p>\n<p style=\"text-align: justify;\"><strong>R.<\/strong> Infatti. Un discorso alto, da amico.<\/p>\n<p style=\"text-align: justify;\"><strong>D.<\/strong> Ma veniamo al boicottaggio contro il quale, voi del<em> Foglio<\/em>, il direttore Claudio Cerasa in testa, avete lanciato una campagna a comprare israeliano.<\/p>\n<p style=\"text-align: justify;\"><strong>R.<\/strong> Una cosa assurda, paradossale&#8230; Nelle stesse settimane in cui veniva tolto l\u2019embargo all\u2019Iran, si \u00e8 introdotto questa marchiature dei prodotti israeliani fabbricati nei Territori. Una cosa vigliacca.<\/p>\n<p style=\"text-align: justify;\"><strong>D.<\/strong> Perch\u00e9?<\/p>\n<p style=\"text-align: justify;\"><strong>R.<\/strong> Ci sono 200 conflitti nel mondo e, per nessuno di questi, Bruxelles sente il bisogno di far scegliere il consumatore. Nessuno pretende che sulle merci cinesi prodotte nel Tibet occupato, ci sia scritto \u00abmade in Tibet, under Chinese occupation\u00bb, ossia \u00abfatto in Tibet sotto occupazione cinese\u00bb, eppure quando viene il Dalai Lama, tutti si commuovono un sacco. La marchiatura europea di Israele \u00e8 il primo passo verso un boicottaggio vero e proprio. Il pi\u00f9 grande magazzino di Berlino, la KaDeWe, aveva gi\u00e0 cominciato, poi, per le proteste, sono tornati indietro. Benjamin Netanyau ha telefonato personalmente ad Angela Merkel. Una citt\u00e0 irlandese, Kinwara, come quella inglese di Leicester, sono \u00abIsrael free\u00bb, si vantano di aver eliminato prodotti israeliani. Del resto la marchiatura europea ha un precedente proprio in Germania, 70 anni prima, con la \u00abJu\u00bb di juden, ebreo. Anche allora si cominci\u00f2 dai prodotti.<\/p>\n<p style=\"text-align: justify;\"><strong>D.<\/strong> Mi ricordavo i negozi.<\/p>\n<p style=\"text-align: justify;\"><strong>R.<\/strong> Prima Goebbels obblig\u00f2 la marchiatura dei prodotti ebrei. Ma per tornare al boicottaggio, ci sono fondi pensione norvegesi che non investono in aziende israeliane, supermercati olandesi, svedesi, inglesi che non vendono prodotti \u00abmade in Israel\u00bb. Da noi circola una petizione per chiedere ad Acea di non stringere accordi con la societ\u00e0 idrica Mekorot.<\/p>\n<p style=\"text-align: justify;\"><strong>D.<\/strong> A cosa punta questa guerra dell\u2019etichetta?<\/p>\n<p style=\"text-align: justify;\"><strong>R.<\/strong> L\u2019interscambio pi\u00f9 forte \u00e8 con l\u2019Europa: si vuole arrecare un danno economico, si vuol colpire la vitalit\u00e0 di quel paese, che \u00e8 forte perch\u00e9 ha un\u2019economia forte, un Pil alto, che attrae investimenti. Lo si vuole trasformare in un luogo chiuso, isolato, meno appetibile.<\/p>\n<p style=\"text-align: justify;\"><strong>D.<\/strong> L\u2019Europa prima del boicottaggio ha una lunga storia di sostegno economico ai palestinesi.<\/p>\n<p style=\"text-align: justify;\"><strong>R.<\/strong> Un buco nero: rovesciamo fra la Cisgiordania e Gaza miliardi di euro ogni anno e nessuno sa dove vanno.<\/p>\n<p style=\"text-align: justify;\"><strong>D.<\/strong> Paradossale, perch\u00e9 se c\u2019\u00e8 un mantra europeo si chiama \u00abrendicontazione\u00bb.<\/p>\n<p style=\"text-align: justify;\"><strong>R.<\/strong> Vero. Volevano far fallire la Grecia per un punto percentuale e qui abbiamo un fiume carsico di euro.<\/p>\n<p style=\"text-align: justify;\"><strong>D.<\/strong> Per fare?<\/p>\n<p style=\"text-align: justify;\"><strong>R.<\/strong> Un tempo quei soldi finanziavano le ville dei gerarchi dell\u2019Olp e le loro corruttele ideologiche, oggi vanno all\u2019Autorit\u00e0 nazionale palestinese-Anp ma nessun controllo su come vengano spese. Per esempio su che cosa si scriva nei libri di testo, stampati grazie a quei finanziamenti, che invece contengono spesso incitamento all\u2019odio anti-israeliano.<\/p>\n<p style=\"text-align: justify;\"><strong>D.<\/strong> E i soldi vanno anche a Gaza.<\/p>\n<p style=\"text-align: justify;\"><strong>R.<\/strong> Certo. E non si pu\u00f2 escludere che il cemento per costruire i tunnel con cui Hamas entra in Israele per fare i suoi attentati venga da l\u00ec.<\/p>\n<p style=\"text-align: justify;\"><b>D.\u00a0<\/b>Non fa specie la natura islamista di Hamas.<\/p>\n<p style=\"text-align: justify;\"><strong>R.<\/strong> Hamas \u00e8 stata tolta dalla lista delle organizzazioni terroriste, dove era entrata nel 2003, merito, va detto, di Silvio Berlusconi, durante il semestre a guida italiana. \u00c8 stato detto che l\u2019esclusione di Hamas dalla black list \u00e8 avvenuta \u00abper un errore tecnico\u00bb.<\/p>\n<p style=\"text-align: justify;\"><strong>D.<\/strong> Una manina, qualcuno potrebbe pensare\u2026<\/p>\n<p style=\"text-align: justify;\"><strong>R.<\/strong> Ma non mi sorprende: dialoghiamo apertamente con Hamas ed Hezbollah. E si continua a parlare di occupazione israeliana, quando a Gaza non c\u2019\u00e8 pi\u00f9 un soldato di Tsahal, l\u2019esercito israeliano.<\/p>\n<p style=\"text-align: justify;\"><strong>D.<\/strong> Perch\u00e9 l\u2019Europa ha assunto negli anni questa posizione? Un contraccolpo emotivo alla creazione dello stato di Israele?<\/p>\n<p style=\"text-align: justify;\"><strong>R.<\/strong> Una sorta di complesso di colpa. Di cui il finanziamento a fondo perduto di uno Stato palestinese che per\u00f2 non ha dato frutti se non la perpetuazione del conflitto. L\u2019Europa ha messo sullo stesso piano la Shoah e la \u00abNakba\u00bb, la catastrofe della nascita di Israele come la chiamano i palestinesi.<\/p>\n<p style=\"text-align: justify;\"><strong>D.<\/strong> E ora, nel pieno della minaccia terrorista Isis, paradossalmente si arriva anche al boicottagio.<\/p>\n<p style=\"text-align: justify;\"><strong>R.<\/strong> Israele \u00e8 diventato una foglia di fico per le classi dirigenti europee per parlare d\u2019altro. E i terroristi di Hamas diventano, con tutte le sfumature semantiche, combattenti, partigiani, resistenti. Eppure i kamikaze, le bombe umane, li hanno inventati loro. Gi\u00e0 ai tempi dei dirottamenti aerei e delle stragi degli anni \u201970: quelli dell\u2019Olp si facevano ammazzare col kalashnikov in mano ma erano votati alla morte.<\/p>\n<p style=\"text-align: justify;\"><strong>D.<\/strong> Ma cosa pensa Giulio Meotti di questo problema? Come si risolve? Non si pu\u00f2 negare che, anche certi israeliani, con la loro radicalit\u00e0, abbiano le loro colpe. Lei non ha fiducia nella formula \u00abdue popoli, due Stati\u00bb?<\/p>\n<p style=\"text-align: justify;\"><strong>R.<\/strong> \u00c8 difficile applicare un\u2019utopia, bella e sfuggente, alla realt\u00e0. Secondo me imporre dall\u2019alto una soluzione a Israele \u00e8 un rischio. Sarebbe chiedergli di suicidarsi. Chiedere di riconsegnare i territori del \u201967 non avrebbe precedenti.<\/p>\n<p style=\"text-align: justify;\"><strong>D.<\/strong> S\u00ec perch\u00e9 poi ci furono anche quelli annessi con la guerra del Kippur del 1973, poi riconsegnati.<\/p>\n<p style=\"text-align: justify;\"><strong>R.<\/strong> Oltre a Gaza e la Cisgiordania, Israele si \u00e8 ritirato dal Golan, dal Sinai, dal Sud Libano. Ma \u00abterra in cambio di pace\u00bb non ha funzionato: spesso, proprio da quelle terre, sono partiti e partono gli attacchi.<\/p>\n<p style=\"text-align: justify;\"><strong>D.<\/strong> Insomma come ne usciamo?<\/p>\n<p style=\"text-align: justify;\"><strong>R.<\/strong> I miei amici israeliani, quando glielo chiedo, mi dicono che \u00e8 importante gestire il conflitto, minimizzare i danni e aumentare il benessere dei palestinesi.<\/p>\n<p style=\"text-align: justify;\"><strong>D.<\/strong> Il benessere contro le sirene del terrorismo&#8230;<\/p>\n<p style=\"text-align: justify;\"><strong>R.<\/strong> Oggi a Ramallah, a Nablus, a Jenin si vive meglio che al Cairo, a Riad e a Tunisi. Soluzioni politiche non ne vedo, anche perch\u00e9 non vedo palestinesi disposti a fare scelte impopolari come fece Anwar el Sadat, che pag\u00f2 con la vita l\u2019aver messo piede in Israele.<\/p>\n<p style=\"text-align: justify;\"><strong>D.<\/strong> Anche Yitzhak Rabin pag\u00f2 con la morte, per mezzo di un terrorista ebreo, l\u2019aver firmato la pace.<\/p>\n<p style=\"text-align: justify;\"><strong>R.<\/strong> \u00c8 vero. Ma Abu Mazen, che pure non \u00e8 una figura negativa, non pare disposto a firmare accordi. Il punto \u00e8 che il massimo che Israele pu\u00f2 offrire \u00e8 meno del minimo di quanto chiedono i Palestinesi. Il conflitto \u00e8 sul 1948 e non sul 1967, \u00e8 sull\u2019esistenza stessa di Israele.<\/p>\n<p style=\"text-align: justify;\"><strong>D.<\/strong> La sua citazione di Sadat mi fa venire in mente che i principali nemici della causa palestinese sono stati spesso i Paesi arabi: il re di Giordania li cacci\u00f2 con le baionette nel famoso Settembre nero.<\/p>\n<p style=\"text-align: justify;\"><strong>R.<\/strong> I paesi arabi hanno sempre strumentalizzato la Palestina. Saddam, per esempio, finanziava i kamikaze e usava la questione palestinese. Ma le pare che potrebbero tenerli come li tengono da decenni nei campi profughi? Dal 1948 agli anni Sessanta, 800mila ebrei scapparono dal Medio Oriente e dall\u2019Africa del Nord.<\/p>\n<p style=\"text-align: justify;\"><strong>D.<\/strong> Dallo stesso Iraq, con l\u2019operazione Tappeto volante\u2026<\/p>\n<p style=\"text-align: justify;\"><strong>R.<\/strong> Esatto. Ma nessuno in Europa \u00e8 finito in un campo profughi. La comunit\u00e0 internazionale ha le sue colpe, a cominciare dall\u2019Onu, che ha dedicato ai palestinesi una specifica agenzia, unico popolo al mondo, la Unrwa che sta per \u00abUnited Nations Relief and Works Agency for Palestine Refugees\u00bb. Durante l\u2019ultima guerra a Gaza si \u00e8 scoperto che nelle scuole e negli ospedali gestiti dall\u2019agenzia, Hamas aveva ammassato missili. Pensi l\u2019ironia: proprio contro Israele, nato sul voto dell\u2019Onu\u2026<\/p>\n<p style=\"text-align: justify;\"><strong>D.<\/strong> Che fare allora?<\/p>\n<p style=\"text-align: justify;\"><strong>R.<\/strong> Solidariet\u00e0. \u00c8 l\u2019unica arma che abbiamo noi occidentali a favore di Israele, la frontiera che tutti gli uomini civili dovrebbero difendere.<\/p>\n","protected":false},"excerpt":{"rendered":"<p>Italia Oggi marted\u00ec 15 dicembre 2015 Giulio Meotti: \u00e8 un pericoloso sentimento che nasce nelle \u00e8lite, nei media, nelle universit\u00e0 In Europa del Nord e in Francia un ebreo si sente a rischio di Goffredo Pistelli<\/p><p><a class=\"more-link btn\" href=\"https:\/\/www.rassegnastampa-totustuus.it\/cattolica\/ce-lantisemitismo-a-la-page\/\">Continua a leggere<\/a><\/p>\n","protected":false},"author":6,"featured_media":28778,"comment_status":"closed","ping_status":"closed","sticky":false,"template":"","format":"standard","meta":{"footnotes":""},"categories":[14,25],"tags":[831,2400],"class_list":["post-28777","post","type-post","status-publish","format-standard","has-post-thumbnail","hentry","category-europa-e-ue","category-sguardo-sul-nostro-tempo","tag-antisemitismo","tag-israele","item-wrap"],"yoast_head":"<!-- This site is optimized with the Yoast SEO plugin v27.5 - https:\/\/yoast.com\/product\/yoast-seo-wordpress\/ -->\n<title>C\u2019\u00e8 l\u2019antisemitismo \u00e0 la page - Rassegna Stampa Cattolica<\/title>\n<meta name=\"description\" content=\"Rassegna Stampa Cattolica - Per una cultura che nasce dalla Rivelazione cristiana in conformit\u00e0 alla tradizione e al Magistero della Chiesa in opposizione ad ogni relativismo e totalitarismo\" \/>\n<meta name=\"robots\" content=\"index, follow, max-snippet:-1, max-image-preview:large, max-video-preview:-1\" \/>\n<link rel=\"canonical\" href=\"https:\/\/www.rassegnastampa-totustuus.it\/cattolica\/ce-lantisemitismo-a-la-page\/\" \/>\n<meta property=\"og:locale\" content=\"it_IT\" \/>\n<meta property=\"og:type\" content=\"article\" \/>\n<meta property=\"og:title\" content=\"C\u2019\u00e8 l\u2019antisemitismo \u00e0 la page - Rassegna Stampa Cattolica\" \/>\n<meta property=\"og:description\" content=\"Rassegna Stampa Cattolica - Per una cultura che nasce dalla Rivelazione cristiana in conformit\u00e0 alla tradizione e al Magistero della Chiesa in opposizione ad ogni relativismo e totalitarismo\" \/>\n<meta property=\"og:url\" content=\"https:\/\/www.rassegnastampa-totustuus.it\/cattolica\/ce-lantisemitismo-a-la-page\/\" \/>\n<meta property=\"og:site_name\" content=\"Rassegna Stampa Cattolica\" \/>\n<meta property=\"article:publisher\" content=\"https:\/\/www.facebook.com\/rassegnastampacattolica\" \/>\n<meta property=\"article:published_time\" content=\"2016-01-06T23:00:39+00:00\" \/>\n<meta property=\"og:image\" content=\"https:\/\/www.rassegnastampa-totustuus.it\/cattolica\/wp-content\/uploads\/2015\/12\/antisemitismo.jpg\" \/>\n\t<meta property=\"og:image:width\" content=\"263\" \/>\n\t<meta property=\"og:image:height\" content=\"191\" \/>\n\t<meta property=\"og:image:type\" content=\"image\/jpeg\" \/>\n<meta name=\"author\" content=\"Redazione\" \/>\n<meta name=\"twitter:card\" content=\"summary_large_image\" \/>\n<meta name=\"twitter:creator\" content=\"@rassegnastampa9\" \/>\n<meta name=\"twitter:site\" content=\"@rassegnastampa9\" \/>\n<meta name=\"twitter:label1\" content=\"Scritto da\" \/>\n\t<meta name=\"twitter:data1\" content=\"Redazione\" \/>\n\t<meta name=\"twitter:label2\" content=\"Tempo di lettura stimato\" \/>\n\t<meta name=\"twitter:data2\" content=\"13 minuti\" \/>\n<script type=\"application\/ld+json\" class=\"yoast-schema-graph\">{\"@context\":\"https:\\\/\\\/schema.org\",\"@graph\":[{\"@type\":\"Article\",\"@id\":\"https:\\\/\\\/www.rassegnastampa-totustuus.it\\\/cattolica\\\/ce-lantisemitismo-a-la-page\\\/#article\",\"isPartOf\":{\"@id\":\"https:\\\/\\\/www.rassegnastampa-totustuus.it\\\/cattolica\\\/ce-lantisemitismo-a-la-page\\\/\"},\"author\":{\"name\":\"Redazione\",\"@id\":\"https:\\\/\\\/www.rassegnastampa-totustuus.it\\\/cattolica\\\/#\\\/schema\\\/person\\\/08f319d2bd1a0904ad9e2bfb7b15e5c3\"},\"headline\":\"C\u2019\u00e8 l\u2019antisemitismo \u00e0 la page\",\"datePublished\":\"2016-01-06T23:00:39+00:00\",\"mainEntityOfPage\":{\"@id\":\"https:\\\/\\\/www.rassegnastampa-totustuus.it\\\/cattolica\\\/ce-lantisemitismo-a-la-page\\\/\"},\"wordCount\":2529,\"publisher\":{\"@id\":\"https:\\\/\\\/www.rassegnastampa-totustuus.it\\\/cattolica\\\/#organization\"},\"image\":{\"@id\":\"https:\\\/\\\/www.rassegnastampa-totustuus.it\\\/cattolica\\\/ce-lantisemitismo-a-la-page\\\/#primaryimage\"},\"thumbnailUrl\":\"https:\\\/\\\/www.rassegnastampa-totustuus.it\\\/cattolica\\\/wp-content\\\/uploads\\\/2015\\\/12\\\/antisemitismo.jpg\",\"keywords\":[\"antisemitismo\",\"Israele\"],\"articleSection\":[\"Europa e UE\",\"Sguardo sul nostro tempo\"],\"inLanguage\":\"it-IT\"},{\"@type\":\"WebPage\",\"@id\":\"https:\\\/\\\/www.rassegnastampa-totustuus.it\\\/cattolica\\\/ce-lantisemitismo-a-la-page\\\/\",\"url\":\"https:\\\/\\\/www.rassegnastampa-totustuus.it\\\/cattolica\\\/ce-lantisemitismo-a-la-page\\\/\",\"name\":\"C\u2019\u00e8 l\u2019antisemitismo \u00e0 la page - Rassegna Stampa Cattolica\",\"isPartOf\":{\"@id\":\"https:\\\/\\\/www.rassegnastampa-totustuus.it\\\/cattolica\\\/#website\"},\"primaryImageOfPage\":{\"@id\":\"https:\\\/\\\/www.rassegnastampa-totustuus.it\\\/cattolica\\\/ce-lantisemitismo-a-la-page\\\/#primaryimage\"},\"image\":{\"@id\":\"https:\\\/\\\/www.rassegnastampa-totustuus.it\\\/cattolica\\\/ce-lantisemitismo-a-la-page\\\/#primaryimage\"},\"thumbnailUrl\":\"https:\\\/\\\/www.rassegnastampa-totustuus.it\\\/cattolica\\\/wp-content\\\/uploads\\\/2015\\\/12\\\/antisemitismo.jpg\",\"datePublished\":\"2016-01-06T23:00:39+00:00\",\"description\":\"Rassegna Stampa Cattolica - Per una cultura che nasce dalla Rivelazione cristiana in conformit\u00e0 alla tradizione e al Magistero della Chiesa in opposizione ad ogni relativismo e totalitarismo\",\"breadcrumb\":{\"@id\":\"https:\\\/\\\/www.rassegnastampa-totustuus.it\\\/cattolica\\\/ce-lantisemitismo-a-la-page\\\/#breadcrumb\"},\"inLanguage\":\"it-IT\",\"potentialAction\":[{\"@type\":\"ReadAction\",\"target\":[\"https:\\\/\\\/www.rassegnastampa-totustuus.it\\\/cattolica\\\/ce-lantisemitismo-a-la-page\\\/\"]}]},{\"@type\":\"ImageObject\",\"inLanguage\":\"it-IT\",\"@id\":\"https:\\\/\\\/www.rassegnastampa-totustuus.it\\\/cattolica\\\/ce-lantisemitismo-a-la-page\\\/#primaryimage\",\"url\":\"https:\\\/\\\/www.rassegnastampa-totustuus.it\\\/cattolica\\\/wp-content\\\/uploads\\\/2015\\\/12\\\/antisemitismo.jpg\",\"contentUrl\":\"https:\\\/\\\/www.rassegnastampa-totustuus.it\\\/cattolica\\\/wp-content\\\/uploads\\\/2015\\\/12\\\/antisemitismo.jpg\",\"width\":263,\"height\":191},{\"@type\":\"BreadcrumbList\",\"@id\":\"https:\\\/\\\/www.rassegnastampa-totustuus.it\\\/cattolica\\\/ce-lantisemitismo-a-la-page\\\/#breadcrumb\",\"itemListElement\":[{\"@type\":\"ListItem\",\"position\":1,\"name\":\"Home\",\"item\":\"https:\\\/\\\/www.rassegnastampa-totustuus.it\\\/cattolica\\\/\"},{\"@type\":\"ListItem\",\"position\":2,\"name\":\"C\u2019\u00e8 l\u2019antisemitismo \u00e0 la page\"}]},{\"@type\":\"WebSite\",\"@id\":\"https:\\\/\\\/www.rassegnastampa-totustuus.it\\\/cattolica\\\/#website\",\"url\":\"https:\\\/\\\/www.rassegnastampa-totustuus.it\\\/cattolica\\\/\",\"name\":\"Rassegna Stampa Cattolica\",\"description\":\"Per una cultura che nasce dalla Rivelazione cristiana in conformit\u00e0 alla tradizione e al Magistero della Chiesa in opposizione ad ogni relativismo e totalitarismo\",\"publisher\":{\"@id\":\"https:\\\/\\\/www.rassegnastampa-totustuus.it\\\/cattolica\\\/#organization\"},\"alternateName\":\"Rass. Cattolica\",\"potentialAction\":[{\"@type\":\"SearchAction\",\"target\":{\"@type\":\"EntryPoint\",\"urlTemplate\":\"https:\\\/\\\/www.rassegnastampa-totustuus.it\\\/cattolica\\\/?s={search_term_string}\"},\"query-input\":{\"@type\":\"PropertyValueSpecification\",\"valueRequired\":true,\"valueName\":\"search_term_string\"}}],\"inLanguage\":\"it-IT\"},{\"@type\":\"Organization\",\"@id\":\"https:\\\/\\\/www.rassegnastampa-totustuus.it\\\/cattolica\\\/#organization\",\"name\":\"Rassegna Stampa Cattolica\",\"url\":\"https:\\\/\\\/www.rassegnastampa-totustuus.it\\\/cattolica\\\/\",\"logo\":{\"@type\":\"ImageObject\",\"inLanguage\":\"it-IT\",\"@id\":\"https:\\\/\\\/www.rassegnastampa-totustuus.it\\\/cattolica\\\/#\\\/schema\\\/logo\\\/image\\\/\",\"url\":\"https:\\\/\\\/www.rassegnastampa-totustuus.it\\\/cattolica\\\/wp-content\\\/uploads\\\/2014\\\/04\\\/logo-rassegna1.gif\",\"contentUrl\":\"https:\\\/\\\/www.rassegnastampa-totustuus.it\\\/cattolica\\\/wp-content\\\/uploads\\\/2014\\\/04\\\/logo-rassegna1.gif\",\"width\":600,\"height\":163,\"caption\":\"Rassegna Stampa Cattolica\"},\"image\":{\"@id\":\"https:\\\/\\\/www.rassegnastampa-totustuus.it\\\/cattolica\\\/#\\\/schema\\\/logo\\\/image\\\/\"},\"sameAs\":[\"https:\\\/\\\/www.facebook.com\\\/rassegnastampacattolica\",\"https:\\\/\\\/x.com\\\/rassegnastampa9\"]},{\"@type\":\"Person\",\"@id\":\"https:\\\/\\\/www.rassegnastampa-totustuus.it\\\/cattolica\\\/#\\\/schema\\\/person\\\/08f319d2bd1a0904ad9e2bfb7b15e5c3\",\"name\":\"Redazione\",\"image\":{\"@type\":\"ImageObject\",\"inLanguage\":\"it-IT\",\"@id\":\"https:\\\/\\\/secure.gravatar.com\\\/avatar\\\/2fcdf27c78ea025fbdb44e914cc63c72249ffec9dc8aafd5c82b26240ef3f346?s=96&d=mm&r=g\",\"url\":\"https:\\\/\\\/secure.gravatar.com\\\/avatar\\\/2fcdf27c78ea025fbdb44e914cc63c72249ffec9dc8aafd5c82b26240ef3f346?s=96&d=mm&r=g\",\"contentUrl\":\"https:\\\/\\\/secure.gravatar.com\\\/avatar\\\/2fcdf27c78ea025fbdb44e914cc63c72249ffec9dc8aafd5c82b26240ef3f346?s=96&d=mm&r=g\",\"caption\":\"Redazione\"},\"url\":\"https:\\\/\\\/www.rassegnastampa-totustuus.it\\\/cattolica\\\/author\\\/pietroelle\\\/\"}]}<\/script>\n<!-- \/ Yoast SEO plugin. -->","yoast_head_json":{"title":"C\u2019\u00e8 l\u2019antisemitismo \u00e0 la page - Rassegna Stampa Cattolica","description":"Rassegna Stampa Cattolica - Per una cultura che nasce dalla Rivelazione cristiana in conformit\u00e0 alla tradizione e al Magistero della Chiesa in opposizione ad ogni relativismo e totalitarismo","robots":{"index":"index","follow":"follow","max-snippet":"max-snippet:-1","max-image-preview":"max-image-preview:large","max-video-preview":"max-video-preview:-1"},"canonical":"https:\/\/www.rassegnastampa-totustuus.it\/cattolica\/ce-lantisemitismo-a-la-page\/","og_locale":"it_IT","og_type":"article","og_title":"C\u2019\u00e8 l\u2019antisemitismo \u00e0 la page - Rassegna Stampa Cattolica","og_description":"Rassegna Stampa Cattolica - Per una cultura che nasce dalla Rivelazione cristiana in conformit\u00e0 alla tradizione e al Magistero della Chiesa in opposizione ad ogni relativismo e totalitarismo","og_url":"https:\/\/www.rassegnastampa-totustuus.it\/cattolica\/ce-lantisemitismo-a-la-page\/","og_site_name":"Rassegna Stampa Cattolica","article_publisher":"https:\/\/www.facebook.com\/rassegnastampacattolica","article_published_time":"2016-01-06T23:00:39+00:00","og_image":[{"width":263,"height":191,"url":"https:\/\/www.rassegnastampa-totustuus.it\/cattolica\/wp-content\/uploads\/2015\/12\/antisemitismo.jpg","type":"image\/jpeg"}],"author":"Redazione","twitter_card":"summary_large_image","twitter_creator":"@rassegnastampa9","twitter_site":"@rassegnastampa9","twitter_misc":{"Scritto da":"Redazione","Tempo di lettura stimato":"13 minuti"},"schema":{"@context":"https:\/\/schema.org","@graph":[{"@type":"Article","@id":"https:\/\/www.rassegnastampa-totustuus.it\/cattolica\/ce-lantisemitismo-a-la-page\/#article","isPartOf":{"@id":"https:\/\/www.rassegnastampa-totustuus.it\/cattolica\/ce-lantisemitismo-a-la-page\/"},"author":{"name":"Redazione","@id":"https:\/\/www.rassegnastampa-totustuus.it\/cattolica\/#\/schema\/person\/08f319d2bd1a0904ad9e2bfb7b15e5c3"},"headline":"C\u2019\u00e8 l\u2019antisemitismo \u00e0 la page","datePublished":"2016-01-06T23:00:39+00:00","mainEntityOfPage":{"@id":"https:\/\/www.rassegnastampa-totustuus.it\/cattolica\/ce-lantisemitismo-a-la-page\/"},"wordCount":2529,"publisher":{"@id":"https:\/\/www.rassegnastampa-totustuus.it\/cattolica\/#organization"},"image":{"@id":"https:\/\/www.rassegnastampa-totustuus.it\/cattolica\/ce-lantisemitismo-a-la-page\/#primaryimage"},"thumbnailUrl":"https:\/\/www.rassegnastampa-totustuus.it\/cattolica\/wp-content\/uploads\/2015\/12\/antisemitismo.jpg","keywords":["antisemitismo","Israele"],"articleSection":["Europa e UE","Sguardo sul nostro tempo"],"inLanguage":"it-IT"},{"@type":"WebPage","@id":"https:\/\/www.rassegnastampa-totustuus.it\/cattolica\/ce-lantisemitismo-a-la-page\/","url":"https:\/\/www.rassegnastampa-totustuus.it\/cattolica\/ce-lantisemitismo-a-la-page\/","name":"C\u2019\u00e8 l\u2019antisemitismo \u00e0 la page - Rassegna Stampa Cattolica","isPartOf":{"@id":"https:\/\/www.rassegnastampa-totustuus.it\/cattolica\/#website"},"primaryImageOfPage":{"@id":"https:\/\/www.rassegnastampa-totustuus.it\/cattolica\/ce-lantisemitismo-a-la-page\/#primaryimage"},"image":{"@id":"https:\/\/www.rassegnastampa-totustuus.it\/cattolica\/ce-lantisemitismo-a-la-page\/#primaryimage"},"thumbnailUrl":"https:\/\/www.rassegnastampa-totustuus.it\/cattolica\/wp-content\/uploads\/2015\/12\/antisemitismo.jpg","datePublished":"2016-01-06T23:00:39+00:00","description":"Rassegna Stampa Cattolica - Per una cultura che nasce dalla Rivelazione cristiana in conformit\u00e0 alla tradizione e al Magistero della Chiesa in opposizione ad ogni relativismo e totalitarismo","breadcrumb":{"@id":"https:\/\/www.rassegnastampa-totustuus.it\/cattolica\/ce-lantisemitismo-a-la-page\/#breadcrumb"},"inLanguage":"it-IT","potentialAction":[{"@type":"ReadAction","target":["https:\/\/www.rassegnastampa-totustuus.it\/cattolica\/ce-lantisemitismo-a-la-page\/"]}]},{"@type":"ImageObject","inLanguage":"it-IT","@id":"https:\/\/www.rassegnastampa-totustuus.it\/cattolica\/ce-lantisemitismo-a-la-page\/#primaryimage","url":"https:\/\/www.rassegnastampa-totustuus.it\/cattolica\/wp-content\/uploads\/2015\/12\/antisemitismo.jpg","contentUrl":"https:\/\/www.rassegnastampa-totustuus.it\/cattolica\/wp-content\/uploads\/2015\/12\/antisemitismo.jpg","width":263,"height":191},{"@type":"BreadcrumbList","@id":"https:\/\/www.rassegnastampa-totustuus.it\/cattolica\/ce-lantisemitismo-a-la-page\/#breadcrumb","itemListElement":[{"@type":"ListItem","position":1,"name":"Home","item":"https:\/\/www.rassegnastampa-totustuus.it\/cattolica\/"},{"@type":"ListItem","position":2,"name":"C\u2019\u00e8 l\u2019antisemitismo \u00e0 la page"}]},{"@type":"WebSite","@id":"https:\/\/www.rassegnastampa-totustuus.it\/cattolica\/#website","url":"https:\/\/www.rassegnastampa-totustuus.it\/cattolica\/","name":"Rassegna Stampa Cattolica","description":"Per una cultura che nasce dalla Rivelazione cristiana in conformit\u00e0 alla tradizione e al Magistero della Chiesa in opposizione ad ogni relativismo e totalitarismo","publisher":{"@id":"https:\/\/www.rassegnastampa-totustuus.it\/cattolica\/#organization"},"alternateName":"Rass. Cattolica","potentialAction":[{"@type":"SearchAction","target":{"@type":"EntryPoint","urlTemplate":"https:\/\/www.rassegnastampa-totustuus.it\/cattolica\/?s={search_term_string}"},"query-input":{"@type":"PropertyValueSpecification","valueRequired":true,"valueName":"search_term_string"}}],"inLanguage":"it-IT"},{"@type":"Organization","@id":"https:\/\/www.rassegnastampa-totustuus.it\/cattolica\/#organization","name":"Rassegna Stampa Cattolica","url":"https:\/\/www.rassegnastampa-totustuus.it\/cattolica\/","logo":{"@type":"ImageObject","inLanguage":"it-IT","@id":"https:\/\/www.rassegnastampa-totustuus.it\/cattolica\/#\/schema\/logo\/image\/","url":"https:\/\/www.rassegnastampa-totustuus.it\/cattolica\/wp-content\/uploads\/2014\/04\/logo-rassegna1.gif","contentUrl":"https:\/\/www.rassegnastampa-totustuus.it\/cattolica\/wp-content\/uploads\/2014\/04\/logo-rassegna1.gif","width":600,"height":163,"caption":"Rassegna Stampa Cattolica"},"image":{"@id":"https:\/\/www.rassegnastampa-totustuus.it\/cattolica\/#\/schema\/logo\/image\/"},"sameAs":["https:\/\/www.facebook.com\/rassegnastampacattolica","https:\/\/x.com\/rassegnastampa9"]},{"@type":"Person","@id":"https:\/\/www.rassegnastampa-totustuus.it\/cattolica\/#\/schema\/person\/08f319d2bd1a0904ad9e2bfb7b15e5c3","name":"Redazione","image":{"@type":"ImageObject","inLanguage":"it-IT","@id":"https:\/\/secure.gravatar.com\/avatar\/2fcdf27c78ea025fbdb44e914cc63c72249ffec9dc8aafd5c82b26240ef3f346?s=96&d=mm&r=g","url":"https:\/\/secure.gravatar.com\/avatar\/2fcdf27c78ea025fbdb44e914cc63c72249ffec9dc8aafd5c82b26240ef3f346?s=96&d=mm&r=g","contentUrl":"https:\/\/secure.gravatar.com\/avatar\/2fcdf27c78ea025fbdb44e914cc63c72249ffec9dc8aafd5c82b26240ef3f346?s=96&d=mm&r=g","caption":"Redazione"},"url":"https:\/\/www.rassegnastampa-totustuus.it\/cattolica\/author\/pietroelle\/"}]}},"_links":{"self":[{"href":"https:\/\/www.rassegnastampa-totustuus.it\/cattolica\/wp-json\/wp\/v2\/posts\/28777","targetHints":{"allow":["GET"]}}],"collection":[{"href":"https:\/\/www.rassegnastampa-totustuus.it\/cattolica\/wp-json\/wp\/v2\/posts"}],"about":[{"href":"https:\/\/www.rassegnastampa-totustuus.it\/cattolica\/wp-json\/wp\/v2\/types\/post"}],"author":[{"embeddable":true,"href":"https:\/\/www.rassegnastampa-totustuus.it\/cattolica\/wp-json\/wp\/v2\/users\/6"}],"replies":[{"embeddable":true,"href":"https:\/\/www.rassegnastampa-totustuus.it\/cattolica\/wp-json\/wp\/v2\/comments?post=28777"}],"version-history":[{"count":1,"href":"https:\/\/www.rassegnastampa-totustuus.it\/cattolica\/wp-json\/wp\/v2\/posts\/28777\/revisions"}],"predecessor-version":[{"id":28779,"href":"https:\/\/www.rassegnastampa-totustuus.it\/cattolica\/wp-json\/wp\/v2\/posts\/28777\/revisions\/28779"}],"wp:featuredmedia":[{"embeddable":true,"href":"https:\/\/www.rassegnastampa-totustuus.it\/cattolica\/wp-json\/wp\/v2\/media\/28778"}],"wp:attachment":[{"href":"https:\/\/www.rassegnastampa-totustuus.it\/cattolica\/wp-json\/wp\/v2\/media?parent=28777"}],"wp:term":[{"taxonomy":"category","embeddable":true,"href":"https:\/\/www.rassegnastampa-totustuus.it\/cattolica\/wp-json\/wp\/v2\/categories?post=28777"},{"taxonomy":"post_tag","embeddable":true,"href":"https:\/\/www.rassegnastampa-totustuus.it\/cattolica\/wp-json\/wp\/v2\/tags?post=28777"}],"curies":[{"name":"wp","href":"https:\/\/api.w.org\/{rel}","templated":true}]}}