{"id":2874,"date":"2009-03-17T15:53:54","date_gmt":"2009-03-17T14:53:54","guid":{"rendered":""},"modified":"2016-04-27T11:36:05","modified_gmt":"2016-04-27T09:36:05","slug":"passi-da-giganti-ma-con-qualche-cautela","status":"publish","type":"post","link":"https:\/\/www.rassegnastampa-totustuus.it\/cattolica\/passi-da-giganti-ma-con-qualche-cautela\/","title":{"rendered":"Passi da giganti . Ma con qualche cautela"},"content":{"rendered":"<div style=\"text-align: center;\">\n<div id=\"attachment_33491\" style=\"width: 250px\" class=\"wp-caption alignleft\"><img loading=\"lazy\" decoding=\"async\" aria-describedby=\"caption-attachment-33491\" class=\"wp-image-33491\" src=\"https:\/\/www.rassegnastampa-totustuus.it\/cattolica\/wp-content\/uploads\/2009\/03\/staminali_amniotico.jpg\" alt=\"staminali_amniotico\" width=\"250\" height=\"116\" srcset=\"https:\/\/www.rassegnastampa-totustuus.it\/cattolica\/wp-content\/uploads\/2009\/03\/staminali_amniotico.jpg 330w, https:\/\/www.rassegnastampa-totustuus.it\/cattolica\/wp-content\/uploads\/2009\/03\/staminali_amniotico-300x139.jpg 300w\" sizes=\"auto, (max-width: 250px) 100vw, 250px\" \/><p id=\"caption-attachment-33491\" class=\"wp-caption-text\">cellule staminali da liquido amniotico<\/p><\/div>\n<p><strong>Avvenire,<\/strong> 9 gennaio 2007<\/div>\n<p style=\"text-align: center;\"><em>A proposito delle staminali tratte dal liquido amniotico<\/em><\/p>\n<p style=\"text-align: center;\">di <strong>Marina Corradi<\/strong><\/p>\n<p><!--more--><\/p>\n<div style=\"text-align: justify;\">Sui topi, funzionano. Sui topi sono riuscite a riparare danni alle cellule del cervello, e del fegato, e delle ossa. Tra cinque anni le staminali tratte dal liquido amniotico potranno essere sperimentate sull&#8217;uomo. La strada \u00e8 lunga e non priva di difficolt\u00e0, ma la notizia annunciata dalle universit\u00e0 di Harvard, Padova e Wake Forest \u00e8 una grande speranza.<\/div>\n<p style=\"text-align: justify;\">Nel liquido che protegge il nascituro dentro il ventre materno c&#8217;\u00e8 una scorta, piccola ma capace di rapidissima riproduzione, di staminali pluripotenti: cellule in grado di riprodurre i diversi tessuti senza la incontrollabilit\u00e0 proliferativa che rende potenzialmente cancerogene le staminali embrionali. E, soprattutto, la strada del liquido amniotico potrebbe portare a accantonare quella della distruzione degli embrioni, da dieci anni sacrificati sull&#8217;altare di una ricerca che non ha prodotto, ad oggi, una sola applicazione terapeutica.<\/p>\n<p style=\"text-align: justify;\">Per la certezza che non solo sui topi, ma anche sugli uomini &#8220;funziona&#8221;, ci vorr\u00e0 tempo. Ma, intanto, gi\u00e0 c&#8217;\u00e8 abbastanza perch\u00e9 si possa parlare di una svolta, di un &#8220;giant step&#8221;, un passo da gigante, come hanno detto negli Usa; e per farsi qualche domanda.<\/p>\n<p style=\"text-align: justify;\">Per esempio, se in questa alternativa americana non abbia avuto parte alcuna il veto posto dall&#8217;amministrazione Bush nel 2001, quando fu bloccato il finanziamento pubblico alla ricerca comportante distruzione di embrioni. Se, insomma, una politica che non consideri in questo ambito l&#8217;etica una variabile secondaria non abbia &#8211; alle volte &#8211; la possibilit\u00e0 di indirizzare le capacit\u00e0 collettive verso un fine pi\u00f9 condivisibile, e umanamente accettabile.<\/p>\n<p style=\"text-align: justify;\">Pare, alla luce di questa ricerca, gi\u00e0 cos\u00ec vecchia la battaglia del nostro ministro per la Ricerca per sottrarre l&#8217;Italia alla minoranza di blocco che impediva in Europa il finanziamento alla ricerca sugli embrioni.<\/p>\n<p style=\"text-align: justify;\">Il 30 novembre Strasburgo ha detto s\u00ec a quella ricerca, e oggi da Harvard annunciano un&#8217;alternativa pi\u00f9 promettente. Considerando che i primi studi sull&#8217;argomento giravan o nella comunit\u00e0 scientifica gi\u00e0 dal 2001, al ministero della Ricerca prima di rimuovere blocchi ci si poteva aggiornare.<\/p>\n<p style=\"text-align: justify;\">Ma forse la posizione del Governo in proposito \u00e8 quella sintetizzata da Ignazio Marino, medico e presidente della Commissione Sanit\u00e0 del Senato, che rallegrandosi per le staminali &#8220;amniotiche&#8221; commenta: \u00abFinanziamo la scienza, sar\u00e0 lei con i suoi progressi a farci superare anche quei problemi che al momento ci sembrano insormontabili\u00bb.<\/p>\n<p style=\"text-align: justify;\">Gi\u00e0, finanziamo tutto ed ogni cosa, con entusiasmo neo positivista fidiamoci di Mamma Scienza, ch\u00e9 sa lei il nostro bene, e non facciamole perdere tempo con sciocche esitazioni etiche. Largo alla Scienza, che supera tutti i problemi: sia lei, e nessun altro, a indicarci la strada. Intanto, nella speranza che nei laboratori di Harvard e Wake Forest quella scorta di cellule invisibili misteriosamente lasciateci dalla natura mostri di funzionare, lasciateci dire di un dubbio. Le staminali &#8220;amniotiche&#8221; devono essere compatibili al ricevente, per non generare rigetto.<\/p>\n<p style=\"text-align: justify;\">Ci saranno allora banche delle staminali, e come rifornite? Sui giornali, ieri, gli studiosi ventilavano un futuro in cui ogni bambino, previa amniocentesi, verr\u00e0 al mondo con la sua riserva di cellule, per guarire da ogni malattia.<\/p>\n<p style=\"text-align: justify;\">Tuttavia, l&#8217;amniocentesi comporta l&#8217;1% di rischio di aborto. Cosicch\u00e9 la scelta fra qualche anno potrebbe essere far nascere un figlio con la &#8220;garanzia&#8221; della salute, al prezzo del rischio &#8211; 1 su 100 &#8211; di non farlo nascere affatto. Chi farebbe allora un bambino senza &#8220;garanzia&#8221;? I poveri, l&#8217;Africa &#8211; e quei pochi forse che si fideranno ancora prima di tutto di Dio.<\/p>\n","protected":false},"excerpt":{"rendered":"<p>Avvenire, 9 gennaio 2007 A proposito delle staminali tratte dal liquido amniotico di Marina Corradi<\/p><p><a class=\"more-link btn\" href=\"https:\/\/www.rassegnastampa-totustuus.it\/cattolica\/passi-da-giganti-ma-con-qualche-cautela\/\">Continua a leggere<\/a><\/p>\n","protected":false},"author":6,"featured_media":33491,"comment_status":"closed","ping_status":"open","sticky":false,"template":"","format":"standard","meta":{"footnotes":""},"categories":[4,22],"tags":[1019],"class_list":["post-2874","post","type-post","status-publish","format-standard","has-post-thumbnail","hentry","category-bioetica","category-scienza","tag-cellule-staminali","item-wrap"],"yoast_head":"<!-- This site is optimized with the Yoast SEO plugin v27.5 - https:\/\/yoast.com\/product\/yoast-seo-wordpress\/ -->\n<title>Passi da giganti . Ma con qualche cautela - Rassegna Stampa Cattolica<\/title>\n<meta name=\"description\" content=\"Rassegna Stampa Cattolica - Per una cultura che nasce dalla Rivelazione cristiana in conformit\u00e0 alla tradizione e al Magistero della Chiesa in opposizione ad ogni relativismo e totalitarismo\" \/>\n<meta name=\"robots\" content=\"index, follow, max-snippet:-1, max-image-preview:large, max-video-preview:-1\" \/>\n<link rel=\"canonical\" href=\"https:\/\/www.rassegnastampa-totustuus.it\/cattolica\/passi-da-giganti-ma-con-qualche-cautela\/\" \/>\n<meta property=\"og:locale\" content=\"it_IT\" \/>\n<meta property=\"og:type\" content=\"article\" \/>\n<meta property=\"og:title\" content=\"Passi da giganti . Ma con qualche cautela - Rassegna Stampa Cattolica\" \/>\n<meta property=\"og:description\" content=\"Rassegna Stampa Cattolica - Per una cultura che nasce dalla Rivelazione cristiana in conformit\u00e0 alla tradizione e al Magistero della Chiesa in opposizione ad ogni relativismo e totalitarismo\" \/>\n<meta property=\"og:url\" content=\"https:\/\/www.rassegnastampa-totustuus.it\/cattolica\/passi-da-giganti-ma-con-qualche-cautela\/\" \/>\n<meta property=\"og:site_name\" content=\"Rassegna Stampa Cattolica\" \/>\n<meta property=\"article:publisher\" content=\"https:\/\/www.facebook.com\/rassegnastampacattolica\" \/>\n<meta property=\"article:published_time\" content=\"2009-03-17T14:53:54+00:00\" \/>\n<meta property=\"article:modified_time\" content=\"2016-04-27T09:36:05+00:00\" \/>\n<meta property=\"og:image\" content=\"https:\/\/www.rassegnastampa-totustuus.it\/cattolica\/wp-content\/uploads\/2009\/03\/staminali_amniotico.jpg\" \/>\n\t<meta property=\"og:image:width\" content=\"330\" \/>\n\t<meta property=\"og:image:height\" content=\"153\" \/>\n\t<meta property=\"og:image:type\" content=\"image\/jpeg\" \/>\n<meta name=\"author\" content=\"Redazione\" \/>\n<meta name=\"twitter:card\" content=\"summary_large_image\" \/>\n<meta name=\"twitter:creator\" content=\"@rassegnastampa9\" \/>\n<meta name=\"twitter:site\" content=\"@rassegnastampa9\" \/>\n<meta name=\"twitter:label1\" content=\"Scritto da\" \/>\n\t<meta name=\"twitter:data1\" content=\"Redazione\" \/>\n\t<meta name=\"twitter:label2\" content=\"Tempo di lettura stimato\" \/>\n\t<meta name=\"twitter:data2\" content=\"3 minuti\" \/>\n<script type=\"application\/ld+json\" class=\"yoast-schema-graph\">{\"@context\":\"https:\\\/\\\/schema.org\",\"@graph\":[{\"@type\":\"Article\",\"@id\":\"https:\\\/\\\/www.rassegnastampa-totustuus.it\\\/cattolica\\\/passi-da-giganti-ma-con-qualche-cautela\\\/#article\",\"isPartOf\":{\"@id\":\"https:\\\/\\\/www.rassegnastampa-totustuus.it\\\/cattolica\\\/passi-da-giganti-ma-con-qualche-cautela\\\/\"},\"author\":{\"name\":\"Redazione\",\"@id\":\"https:\\\/\\\/www.rassegnastampa-totustuus.it\\\/cattolica\\\/#\\\/schema\\\/person\\\/08f319d2bd1a0904ad9e2bfb7b15e5c3\"},\"headline\":\"Passi da giganti . Ma con qualche cautela\",\"datePublished\":\"2009-03-17T14:53:54+00:00\",\"dateModified\":\"2016-04-27T09:36:05+00:00\",\"mainEntityOfPage\":{\"@id\":\"https:\\\/\\\/www.rassegnastampa-totustuus.it\\\/cattolica\\\/passi-da-giganti-ma-con-qualche-cautela\\\/\"},\"wordCount\":592,\"publisher\":{\"@id\":\"https:\\\/\\\/www.rassegnastampa-totustuus.it\\\/cattolica\\\/#organization\"},\"image\":{\"@id\":\"https:\\\/\\\/www.rassegnastampa-totustuus.it\\\/cattolica\\\/passi-da-giganti-ma-con-qualche-cautela\\\/#primaryimage\"},\"thumbnailUrl\":\"https:\\\/\\\/www.rassegnastampa-totustuus.it\\\/cattolica\\\/wp-content\\\/uploads\\\/2009\\\/03\\\/staminali_amniotico.jpg\",\"keywords\":[\"cellule staminali\"],\"articleSection\":[\"Bioetica\",\"Scienza\"],\"inLanguage\":\"it-IT\"},{\"@type\":\"WebPage\",\"@id\":\"https:\\\/\\\/www.rassegnastampa-totustuus.it\\\/cattolica\\\/passi-da-giganti-ma-con-qualche-cautela\\\/\",\"url\":\"https:\\\/\\\/www.rassegnastampa-totustuus.it\\\/cattolica\\\/passi-da-giganti-ma-con-qualche-cautela\\\/\",\"name\":\"Passi da giganti . Ma con qualche cautela - Rassegna Stampa Cattolica\",\"isPartOf\":{\"@id\":\"https:\\\/\\\/www.rassegnastampa-totustuus.it\\\/cattolica\\\/#website\"},\"primaryImageOfPage\":{\"@id\":\"https:\\\/\\\/www.rassegnastampa-totustuus.it\\\/cattolica\\\/passi-da-giganti-ma-con-qualche-cautela\\\/#primaryimage\"},\"image\":{\"@id\":\"https:\\\/\\\/www.rassegnastampa-totustuus.it\\\/cattolica\\\/passi-da-giganti-ma-con-qualche-cautela\\\/#primaryimage\"},\"thumbnailUrl\":\"https:\\\/\\\/www.rassegnastampa-totustuus.it\\\/cattolica\\\/wp-content\\\/uploads\\\/2009\\\/03\\\/staminali_amniotico.jpg\",\"datePublished\":\"2009-03-17T14:53:54+00:00\",\"dateModified\":\"2016-04-27T09:36:05+00:00\",\"description\":\"Rassegna Stampa Cattolica - Per una cultura che nasce dalla Rivelazione cristiana in conformit\u00e0 alla tradizione e al Magistero della Chiesa in opposizione ad ogni relativismo e totalitarismo\",\"breadcrumb\":{\"@id\":\"https:\\\/\\\/www.rassegnastampa-totustuus.it\\\/cattolica\\\/passi-da-giganti-ma-con-qualche-cautela\\\/#breadcrumb\"},\"inLanguage\":\"it-IT\",\"potentialAction\":[{\"@type\":\"ReadAction\",\"target\":[\"https:\\\/\\\/www.rassegnastampa-totustuus.it\\\/cattolica\\\/passi-da-giganti-ma-con-qualche-cautela\\\/\"]}]},{\"@type\":\"ImageObject\",\"inLanguage\":\"it-IT\",\"@id\":\"https:\\\/\\\/www.rassegnastampa-totustuus.it\\\/cattolica\\\/passi-da-giganti-ma-con-qualche-cautela\\\/#primaryimage\",\"url\":\"https:\\\/\\\/www.rassegnastampa-totustuus.it\\\/cattolica\\\/wp-content\\\/uploads\\\/2009\\\/03\\\/staminali_amniotico.jpg\",\"contentUrl\":\"https:\\\/\\\/www.rassegnastampa-totustuus.it\\\/cattolica\\\/wp-content\\\/uploads\\\/2009\\\/03\\\/staminali_amniotico.jpg\",\"width\":330,\"height\":153},{\"@type\":\"BreadcrumbList\",\"@id\":\"https:\\\/\\\/www.rassegnastampa-totustuus.it\\\/cattolica\\\/passi-da-giganti-ma-con-qualche-cautela\\\/#breadcrumb\",\"itemListElement\":[{\"@type\":\"ListItem\",\"position\":1,\"name\":\"Home\",\"item\":\"https:\\\/\\\/www.rassegnastampa-totustuus.it\\\/cattolica\\\/\"},{\"@type\":\"ListItem\",\"position\":2,\"name\":\"Passi da giganti . Ma con qualche cautela\"}]},{\"@type\":\"WebSite\",\"@id\":\"https:\\\/\\\/www.rassegnastampa-totustuus.it\\\/cattolica\\\/#website\",\"url\":\"https:\\\/\\\/www.rassegnastampa-totustuus.it\\\/cattolica\\\/\",\"name\":\"Rassegna Stampa Cattolica\",\"description\":\"Per una cultura che nasce dalla Rivelazione cristiana in conformit\u00e0 alla tradizione e al Magistero della Chiesa in opposizione ad ogni relativismo e totalitarismo\",\"publisher\":{\"@id\":\"https:\\\/\\\/www.rassegnastampa-totustuus.it\\\/cattolica\\\/#organization\"},\"alternateName\":\"Rass. Cattolica\",\"potentialAction\":[{\"@type\":\"SearchAction\",\"target\":{\"@type\":\"EntryPoint\",\"urlTemplate\":\"https:\\\/\\\/www.rassegnastampa-totustuus.it\\\/cattolica\\\/?s={search_term_string}\"},\"query-input\":{\"@type\":\"PropertyValueSpecification\",\"valueRequired\":true,\"valueName\":\"search_term_string\"}}],\"inLanguage\":\"it-IT\"},{\"@type\":\"Organization\",\"@id\":\"https:\\\/\\\/www.rassegnastampa-totustuus.it\\\/cattolica\\\/#organization\",\"name\":\"Rassegna Stampa Cattolica\",\"url\":\"https:\\\/\\\/www.rassegnastampa-totustuus.it\\\/cattolica\\\/\",\"logo\":{\"@type\":\"ImageObject\",\"inLanguage\":\"it-IT\",\"@id\":\"https:\\\/\\\/www.rassegnastampa-totustuus.it\\\/cattolica\\\/#\\\/schema\\\/logo\\\/image\\\/\",\"url\":\"https:\\\/\\\/www.rassegnastampa-totustuus.it\\\/cattolica\\\/wp-content\\\/uploads\\\/2014\\\/04\\\/logo-rassegna1.gif\",\"contentUrl\":\"https:\\\/\\\/www.rassegnastampa-totustuus.it\\\/cattolica\\\/wp-content\\\/uploads\\\/2014\\\/04\\\/logo-rassegna1.gif\",\"width\":600,\"height\":163,\"caption\":\"Rassegna Stampa Cattolica\"},\"image\":{\"@id\":\"https:\\\/\\\/www.rassegnastampa-totustuus.it\\\/cattolica\\\/#\\\/schema\\\/logo\\\/image\\\/\"},\"sameAs\":[\"https:\\\/\\\/www.facebook.com\\\/rassegnastampacattolica\",\"https:\\\/\\\/x.com\\\/rassegnastampa9\"]},{\"@type\":\"Person\",\"@id\":\"https:\\\/\\\/www.rassegnastampa-totustuus.it\\\/cattolica\\\/#\\\/schema\\\/person\\\/08f319d2bd1a0904ad9e2bfb7b15e5c3\",\"name\":\"Redazione\",\"image\":{\"@type\":\"ImageObject\",\"inLanguage\":\"it-IT\",\"@id\":\"https:\\\/\\\/secure.gravatar.com\\\/avatar\\\/2fcdf27c78ea025fbdb44e914cc63c72249ffec9dc8aafd5c82b26240ef3f346?s=96&d=mm&r=g\",\"url\":\"https:\\\/\\\/secure.gravatar.com\\\/avatar\\\/2fcdf27c78ea025fbdb44e914cc63c72249ffec9dc8aafd5c82b26240ef3f346?s=96&d=mm&r=g\",\"contentUrl\":\"https:\\\/\\\/secure.gravatar.com\\\/avatar\\\/2fcdf27c78ea025fbdb44e914cc63c72249ffec9dc8aafd5c82b26240ef3f346?s=96&d=mm&r=g\",\"caption\":\"Redazione\"},\"url\":\"https:\\\/\\\/www.rassegnastampa-totustuus.it\\\/cattolica\\\/author\\\/pietroelle\\\/\"}]}<\/script>\n<!-- \/ Yoast SEO plugin. -->","yoast_head_json":{"title":"Passi da giganti . Ma con qualche cautela - Rassegna Stampa Cattolica","description":"Rassegna Stampa Cattolica - Per una cultura che nasce dalla Rivelazione cristiana in conformit\u00e0 alla tradizione e al Magistero della Chiesa in opposizione ad ogni relativismo e totalitarismo","robots":{"index":"index","follow":"follow","max-snippet":"max-snippet:-1","max-image-preview":"max-image-preview:large","max-video-preview":"max-video-preview:-1"},"canonical":"https:\/\/www.rassegnastampa-totustuus.it\/cattolica\/passi-da-giganti-ma-con-qualche-cautela\/","og_locale":"it_IT","og_type":"article","og_title":"Passi da giganti . Ma con qualche cautela - Rassegna Stampa Cattolica","og_description":"Rassegna Stampa Cattolica - Per una cultura che nasce dalla Rivelazione cristiana in conformit\u00e0 alla tradizione e al Magistero della Chiesa in opposizione ad ogni relativismo e totalitarismo","og_url":"https:\/\/www.rassegnastampa-totustuus.it\/cattolica\/passi-da-giganti-ma-con-qualche-cautela\/","og_site_name":"Rassegna Stampa Cattolica","article_publisher":"https:\/\/www.facebook.com\/rassegnastampacattolica","article_published_time":"2009-03-17T14:53:54+00:00","article_modified_time":"2016-04-27T09:36:05+00:00","og_image":[{"width":330,"height":153,"url":"https:\/\/www.rassegnastampa-totustuus.it\/cattolica\/wp-content\/uploads\/2009\/03\/staminali_amniotico.jpg","type":"image\/jpeg"}],"author":"Redazione","twitter_card":"summary_large_image","twitter_creator":"@rassegnastampa9","twitter_site":"@rassegnastampa9","twitter_misc":{"Scritto da":"Redazione","Tempo di lettura stimato":"3 minuti"},"schema":{"@context":"https:\/\/schema.org","@graph":[{"@type":"Article","@id":"https:\/\/www.rassegnastampa-totustuus.it\/cattolica\/passi-da-giganti-ma-con-qualche-cautela\/#article","isPartOf":{"@id":"https:\/\/www.rassegnastampa-totustuus.it\/cattolica\/passi-da-giganti-ma-con-qualche-cautela\/"},"author":{"name":"Redazione","@id":"https:\/\/www.rassegnastampa-totustuus.it\/cattolica\/#\/schema\/person\/08f319d2bd1a0904ad9e2bfb7b15e5c3"},"headline":"Passi da giganti . Ma con qualche cautela","datePublished":"2009-03-17T14:53:54+00:00","dateModified":"2016-04-27T09:36:05+00:00","mainEntityOfPage":{"@id":"https:\/\/www.rassegnastampa-totustuus.it\/cattolica\/passi-da-giganti-ma-con-qualche-cautela\/"},"wordCount":592,"publisher":{"@id":"https:\/\/www.rassegnastampa-totustuus.it\/cattolica\/#organization"},"image":{"@id":"https:\/\/www.rassegnastampa-totustuus.it\/cattolica\/passi-da-giganti-ma-con-qualche-cautela\/#primaryimage"},"thumbnailUrl":"https:\/\/www.rassegnastampa-totustuus.it\/cattolica\/wp-content\/uploads\/2009\/03\/staminali_amniotico.jpg","keywords":["cellule staminali"],"articleSection":["Bioetica","Scienza"],"inLanguage":"it-IT"},{"@type":"WebPage","@id":"https:\/\/www.rassegnastampa-totustuus.it\/cattolica\/passi-da-giganti-ma-con-qualche-cautela\/","url":"https:\/\/www.rassegnastampa-totustuus.it\/cattolica\/passi-da-giganti-ma-con-qualche-cautela\/","name":"Passi da giganti . Ma con qualche cautela - Rassegna Stampa Cattolica","isPartOf":{"@id":"https:\/\/www.rassegnastampa-totustuus.it\/cattolica\/#website"},"primaryImageOfPage":{"@id":"https:\/\/www.rassegnastampa-totustuus.it\/cattolica\/passi-da-giganti-ma-con-qualche-cautela\/#primaryimage"},"image":{"@id":"https:\/\/www.rassegnastampa-totustuus.it\/cattolica\/passi-da-giganti-ma-con-qualche-cautela\/#primaryimage"},"thumbnailUrl":"https:\/\/www.rassegnastampa-totustuus.it\/cattolica\/wp-content\/uploads\/2009\/03\/staminali_amniotico.jpg","datePublished":"2009-03-17T14:53:54+00:00","dateModified":"2016-04-27T09:36:05+00:00","description":"Rassegna Stampa Cattolica - Per una cultura che nasce dalla Rivelazione cristiana in conformit\u00e0 alla tradizione e al Magistero della Chiesa in opposizione ad ogni relativismo e totalitarismo","breadcrumb":{"@id":"https:\/\/www.rassegnastampa-totustuus.it\/cattolica\/passi-da-giganti-ma-con-qualche-cautela\/#breadcrumb"},"inLanguage":"it-IT","potentialAction":[{"@type":"ReadAction","target":["https:\/\/www.rassegnastampa-totustuus.it\/cattolica\/passi-da-giganti-ma-con-qualche-cautela\/"]}]},{"@type":"ImageObject","inLanguage":"it-IT","@id":"https:\/\/www.rassegnastampa-totustuus.it\/cattolica\/passi-da-giganti-ma-con-qualche-cautela\/#primaryimage","url":"https:\/\/www.rassegnastampa-totustuus.it\/cattolica\/wp-content\/uploads\/2009\/03\/staminali_amniotico.jpg","contentUrl":"https:\/\/www.rassegnastampa-totustuus.it\/cattolica\/wp-content\/uploads\/2009\/03\/staminali_amniotico.jpg","width":330,"height":153},{"@type":"BreadcrumbList","@id":"https:\/\/www.rassegnastampa-totustuus.it\/cattolica\/passi-da-giganti-ma-con-qualche-cautela\/#breadcrumb","itemListElement":[{"@type":"ListItem","position":1,"name":"Home","item":"https:\/\/www.rassegnastampa-totustuus.it\/cattolica\/"},{"@type":"ListItem","position":2,"name":"Passi da giganti . Ma con qualche cautela"}]},{"@type":"WebSite","@id":"https:\/\/www.rassegnastampa-totustuus.it\/cattolica\/#website","url":"https:\/\/www.rassegnastampa-totustuus.it\/cattolica\/","name":"Rassegna Stampa Cattolica","description":"Per una cultura che nasce dalla Rivelazione cristiana in conformit\u00e0 alla tradizione e al Magistero della Chiesa in opposizione ad ogni relativismo e totalitarismo","publisher":{"@id":"https:\/\/www.rassegnastampa-totustuus.it\/cattolica\/#organization"},"alternateName":"Rass. Cattolica","potentialAction":[{"@type":"SearchAction","target":{"@type":"EntryPoint","urlTemplate":"https:\/\/www.rassegnastampa-totustuus.it\/cattolica\/?s={search_term_string}"},"query-input":{"@type":"PropertyValueSpecification","valueRequired":true,"valueName":"search_term_string"}}],"inLanguage":"it-IT"},{"@type":"Organization","@id":"https:\/\/www.rassegnastampa-totustuus.it\/cattolica\/#organization","name":"Rassegna Stampa Cattolica","url":"https:\/\/www.rassegnastampa-totustuus.it\/cattolica\/","logo":{"@type":"ImageObject","inLanguage":"it-IT","@id":"https:\/\/www.rassegnastampa-totustuus.it\/cattolica\/#\/schema\/logo\/image\/","url":"https:\/\/www.rassegnastampa-totustuus.it\/cattolica\/wp-content\/uploads\/2014\/04\/logo-rassegna1.gif","contentUrl":"https:\/\/www.rassegnastampa-totustuus.it\/cattolica\/wp-content\/uploads\/2014\/04\/logo-rassegna1.gif","width":600,"height":163,"caption":"Rassegna Stampa Cattolica"},"image":{"@id":"https:\/\/www.rassegnastampa-totustuus.it\/cattolica\/#\/schema\/logo\/image\/"},"sameAs":["https:\/\/www.facebook.com\/rassegnastampacattolica","https:\/\/x.com\/rassegnastampa9"]},{"@type":"Person","@id":"https:\/\/www.rassegnastampa-totustuus.it\/cattolica\/#\/schema\/person\/08f319d2bd1a0904ad9e2bfb7b15e5c3","name":"Redazione","image":{"@type":"ImageObject","inLanguage":"it-IT","@id":"https:\/\/secure.gravatar.com\/avatar\/2fcdf27c78ea025fbdb44e914cc63c72249ffec9dc8aafd5c82b26240ef3f346?s=96&d=mm&r=g","url":"https:\/\/secure.gravatar.com\/avatar\/2fcdf27c78ea025fbdb44e914cc63c72249ffec9dc8aafd5c82b26240ef3f346?s=96&d=mm&r=g","contentUrl":"https:\/\/secure.gravatar.com\/avatar\/2fcdf27c78ea025fbdb44e914cc63c72249ffec9dc8aafd5c82b26240ef3f346?s=96&d=mm&r=g","caption":"Redazione"},"url":"https:\/\/www.rassegnastampa-totustuus.it\/cattolica\/author\/pietroelle\/"}]}},"_links":{"self":[{"href":"https:\/\/www.rassegnastampa-totustuus.it\/cattolica\/wp-json\/wp\/v2\/posts\/2874","targetHints":{"allow":["GET"]}}],"collection":[{"href":"https:\/\/www.rassegnastampa-totustuus.it\/cattolica\/wp-json\/wp\/v2\/posts"}],"about":[{"href":"https:\/\/www.rassegnastampa-totustuus.it\/cattolica\/wp-json\/wp\/v2\/types\/post"}],"author":[{"embeddable":true,"href":"https:\/\/www.rassegnastampa-totustuus.it\/cattolica\/wp-json\/wp\/v2\/users\/6"}],"replies":[{"embeddable":true,"href":"https:\/\/www.rassegnastampa-totustuus.it\/cattolica\/wp-json\/wp\/v2\/comments?post=2874"}],"version-history":[{"count":4,"href":"https:\/\/www.rassegnastampa-totustuus.it\/cattolica\/wp-json\/wp\/v2\/posts\/2874\/revisions"}],"predecessor-version":[{"id":33492,"href":"https:\/\/www.rassegnastampa-totustuus.it\/cattolica\/wp-json\/wp\/v2\/posts\/2874\/revisions\/33492"}],"wp:featuredmedia":[{"embeddable":true,"href":"https:\/\/www.rassegnastampa-totustuus.it\/cattolica\/wp-json\/wp\/v2\/media\/33491"}],"wp:attachment":[{"href":"https:\/\/www.rassegnastampa-totustuus.it\/cattolica\/wp-json\/wp\/v2\/media?parent=2874"}],"wp:term":[{"taxonomy":"category","embeddable":true,"href":"https:\/\/www.rassegnastampa-totustuus.it\/cattolica\/wp-json\/wp\/v2\/categories?post=2874"},{"taxonomy":"post_tag","embeddable":true,"href":"https:\/\/www.rassegnastampa-totustuus.it\/cattolica\/wp-json\/wp\/v2\/tags?post=2874"}],"curies":[{"name":"wp","href":"https:\/\/api.w.org\/{rel}","templated":true}]}}