{"id":28726,"date":"2015-12-17T00:00:16","date_gmt":"2015-12-16T23:00:16","guid":{"rendered":"http:\/\/www.rassegnastampa-totustuus.it\/cattolica\/?p=28726"},"modified":"2015-12-10T14:51:02","modified_gmt":"2015-12-10T13:51:02","slug":"renzi-e-la-cultura","status":"publish","type":"post","link":"https:\/\/www.rassegnastampa-totustuus.it\/cattolica\/renzi-e-la-cultura\/","title":{"rendered":"Renzi e la cultura"},"content":{"rendered":"<p style=\"text-align: center;\"><strong><a href=\"https:\/\/www.rassegnastampa-totustuus.it\/cattolica\/wp-content\/uploads\/2015\/12\/Renzi.jpg\"><img loading=\"lazy\" decoding=\"async\" class=\"alignleft wp-image-28727\" src=\"https:\/\/www.rassegnastampa-totustuus.it\/cattolica\/wp-content\/uploads\/2015\/12\/Renzi.jpg\" alt=\"Renzi\" width=\"200\" height=\"136\" \/><\/a>Italiani. Rivista che ignora il politicamente corretto<\/strong> n. 174- del 30 Novembre 2015<\/p>\n<p style=\"text-align: center;\">Di <strong>Luigi Fressoia<\/strong><\/p>\n<p style=\"text-align: center;\">(<a href=\"mailto:archifress@tiscali.it\">archifress@tiscali.it<\/a>)<\/p>\n<p style=\"text-align: center;\"><!--more--><\/p>\n<p style=\"text-align: justify;\">Prendo alla lettera il premier Renzi quando dice che il terrorismo islamista va affrontato coniugando sicurezza e cultura. Pur facendomi tra i denti le solite risate (mentre gli altri agiscono noi torniamo a cincischiare rafforzando l\u2019antica diceria sugli italiani furbastri e infingardi, cui mai basteranno a rimediare tutti i partigiani o i repubblichini di questo mondo), decido di condividere. Ma con un piccolo distinguo: Renzi per cultura intende che i fanatici dell\u2019estremismo islamista debbano in qualche modo (misterioso) essere raggiunti e \u201ctoccati\u201d da nostre azioni e parole di cultura, io al contrario penso che siamo noi italiani e europei a necessitare di una profonda modifica culturale.<\/p>\n<p style=\"text-align: justify;\">Mi d\u00e0 ragione ci\u00f2 che scrive \u2013si legge nei giornali- un magistrato di nome Balsamo in forza in qualche tribunale di Pisa; respinge l\u2019idea di un collega che il terrorismo islamista sia di origine religiosa e argomenta che gli attentati di Parigi non sono diversi dalle stragi che i colonialisti hanno perpetrato nei paesi via via soggiogati. Forse intendendo che s\u00ec, gli attentatori hanno in bocca parole di religione (\u201cinfedeli\u201d), ma la vera motivazione \u00e8 la ritorsione per torti subiti. Ritorsione che dunque avrebbe tutti i crismi della giustificazione se non giudiziaria, almeno storica e morale.<\/p>\n<p style=\"text-align: justify;\">Il magistrato non \u00e8 solo, gli fanno eco con argomenti simili fior di intellettuali; tale Piketty aggiunge che le differenze (presumo economiche) alimentano il deprecabile terrorismo. Fa eco anche il Pontefice che accomuna nei suoi discorsi terrorismo e povert\u00e0 (cio\u00e8 che ad essere poveri ci si dispone fatalmente a gesti disperati, penso ai nostri nonni e scuoto la mia testa). Non \u00e8 la prima volta, da una vita sentiamo spiegare\/giustificare il terrorismo (delle brigate rosse, dell\u2019ira, dei separatisti corsi, catalani\u2026) con questo tipo di argomenti storici o sociali, tutti accomunati senza distinguo.<\/p>\n<p style=\"text-align: justify;\">Altri si rifanno al disagio delle periferie, le famose banlieue, la disoccupazione, il lavoro precario, forse anche la ragazza che ti ha lasciato (chiss\u00e0 quante bombe nei ristoranti di Napoli e Roma dovrebbero mettere i giovinastri di Scampia\u2026). 2 Se potessi incontrare il magistrato Balsamo gli chiederei: se io mettessi bombe a Vienna, potrei giustificarmi dicendo che mio nonno dovette combattere la prima guerra mondiale? Gli spagnoli tennero diversi secoli buona parte d\u2019Italia, posso menare strage a Madrid? I francesi non potrebbero vendicare l\u2019occupazione tedesca del 1940-44? Perch\u00e9 i sudamericani non piazzano bombe a New York? Gli indiani non potrebbero terrorizzare Londra? Gli stessi libici, i marocchini, gli egiziani e tutto il nord Africa, non potrebbero vendicare le conquiste araba prima e turca poi?<\/p>\n<p style=\"text-align: justify;\">Chiederei inoltre: ha mai avuto notizia di come la religione islamica si espanse e conquist\u00f2 a fil di spada tutto il nord Africa, il medio Oriente e parte dell\u2019Europa a partire dal 632 dopo Cristo? Gli spagnoli che impiegarono otto secoli per liberarsene, sono autorizzati a gesti di ripicca vero paesi arabi e\/o mussulmani? I greci che ne impiegarono quattro, sospinti tra molti altri dal nostro Ugo Foscolo, possono anch\u2019essi legittimamente vendicarsi? I siciliani che ebbero dominazione Fenicia, Greca, Romana, Araba, Normanna, Spagnola, Francese e piemontese, con quanti se le possono\/devono prendere? Io umbro dell\u2019ex Stato Pontificio posso cavarmi lo sfizio di piazzare una mina al Vaticano?<\/p>\n<p style=\"text-align: justify;\">Ha cognizione il magistrato che tornando indietro nella storia tutti hanno motivo di avercela con tutti? Perch\u00e9 si ferma al solo \u201ccolonialismo\u201d? Qui presumo il magistrato esiterebbe un po\u2019 frastornato, al che gli fornirei io stesso la risposta: lei si limita al colonialismo ottocentesco (che coincide grossomodo con la rivoluzione industriale, fine Settecento pi\u00f9 tutto l\u2019Ottocento) perch\u00e9 per Marx la Storia comincia col formarsi della classe operaia e tutto ci\u00f2 che viene prima \u00e8 \u201cpreistoria\u201d ovvero conta poco o nulla nel senso che non inferisce sul presente, quindi non vale prenderlo in considerazione se non come erudizione. Invece l\u2019eterno ritorno pesa eccome sulle vicende umane, pi\u00f9 di tutto il resto.<\/p>\n<p style=\"text-align: justify;\">Ha mai saputo che nel mondo islamico la pulsione alla conquista del mondo \u00e8 consustanziale e fortissima fin dall\u2019inizio? Ha mai sentito parlare di Poitiers? Di Lepanto, di Vienna, di Giovanni Sobiesky e tanti altri? Ha mai saputo a cosa servivano oltre 2.000 torri militari disseminate lungo le coste italiane? E\u2019 cos\u00ec difficile vederne analogie colle rinnovate pulsioni contemporanee, dai Fratelli Mussulmani (1922) in avanti ai giorni nostri, le Torri Gemelle eccetera fino all\u2019aereo russo del mese scorso le stragi di studenti in Mali e nel Kenia?<\/p>\n<p style=\"text-align: justify;\">Ha mai notato il magistrato quanti degli attentati del fanatismo islamista sono rivolti contro ambienti mussulmani per\u00f2 non \u201cortodossi\u201d ? E le eventuali \u201cragioni\u201d degli attentatori bastano a giustificare, a giustificare la remissivit\u00e0 europea? Forse la Germania di Hitler non aveva le sue buone ragioni sui torti subiti nella pace di Versailles? E poi perch\u00e9 solo adesso tale terrorismo islamista presunto anticoloniale, ora che il colonialismo \u00e8 finito da settant\u2019anni, perch\u00e9 non prima, quando c\u2019era davvero? Quanto alle \u201cdifferenze\u201d evocate dal sig. Piketty, dal momento che un operaio della Wolfswagen guadagna tra \u20ac 2.500 e 2.700\/mese e uno italiano oscilla tra 900 e 1.700 (il che mi pare una bella differenza), possiamo noi italiani piazzare bombe a Berlino? E qualora non arrivassimo a tanto, \u00e8 giusto avere rancore coi tedeschi oppure quella differenza \u00e8 solo colpa nostra?<\/p>\n<p style=\"text-align: justify;\">E ci sono pi\u00f9 differenze (non solo economica ma anche giuridica) all\u2019interno delle societ\u00e0 occidentali oppure dentro societ\u00e0 di altra impronta culturale, indiana, islamica, etc? Di disuguaglianza (come fosse un disvalore, addirittura una colpa di qualcuno) ve n\u2019\u00e8 tante pel mondo, perch\u00e9 in questa fase storica solo i fanatici islamisti armano un terrorismo di cos\u00ec vasta scala? Anzi, proprio tantissimi popoli arabi e mussulmani ricchi di petrolio da noi occidentali scoperto, lavorato e profumatamente pagato, non potrebbero essere ricchi pi\u00f9 di molti europei solo che avessero un senso sociale (cristiano?) come il nostro? Se le loro monarchie petrolifere non diffondono ricchezza tra le popolazioni, cosa dobbiamo fare 3 noi occidentali acquirenti del carissimo petrolio, riprendere la dottrina Bush circa \u201cl\u2019esportazione della democrazia\u201d?<\/p>\n<p style=\"text-align: justify;\">Fine del colloquio immaginario con l\u2019algido magistrato, torniamo a noi, gente normalmente avveduta. Come spiegare tanta sconcertante dabbenaggine? Donde tanta ignoranza storica, grossolana superficialit\u00e0, ottusit\u00e0 logico-razionale, da parte di gente (i marxisti, i progressisti, quelli di sinistra) peraltro adusi a spaccare il capello in quattro? Cos\u2019\u00e8 quest\u2019evidente Chernobyl culturale? La risposta \u00e8 duplice, il marxismo e l\u2019amor proprio. Il marxismo come dice un mio conoscente \u201cintacca la sostanza\u201d ovvero \u00e8 come un virus del computer, rende invalidi, inverte gli elettrodi dell\u2019intelligenza, abolisce i basamenti logico-razionali del discorso inducendo straordinarie inversioni della realt\u00e0, come quell\u2019automobilista ubriaco che infila contromano l\u2019autostrada e sterzando convulso ad ogni auto che gli viene addosso, esclama: \u201coggi tutti matti sull\u2019autostrada!\u201d.<\/p>\n<p style=\"text-align: justify;\">Poi c\u2019\u00e8 l\u2019amor proprio. Come rinnegare pur a fronte dell\u2019evidenza storica un\u2019intera vita passata con idee storte? Per di pi\u00f9 rivestendo ruoli istituzionali dietro una cattedra, uno scranno, una tribuna di tribunale, dietro un altare? L\u2019amor proprio \u00e8 peraltro il motore dello stesso fanatismo islamista. Non \u00e8 difficile immaginare in quei deficienti fanatizzati (gi\u00e0 \u201ccittadini francesi\u201d o \u201cbelgi\u201d o \u201cinglesi\u201d) -come fu per Bin Laden ex studente gaudente nelle universit\u00e0 americane, un sentimento incontrollabile di frustrazione, di inferiorit\u00e0, riferite alla propria origine, civilt\u00e0, provocato proprio dal contatto pi\u00f9 profondo e inclusivo con le societ\u00e0 occidentali (viverci dentro, studiare, lavorare, divertirsi), delle quali non pu\u00f2 balzargli agli occhi il palese primato scientifico, tecnologico, filosofico, culturale, artistico, sociale, solidaristico, creativo, sportivo.<\/p>\n<p style=\"text-align: justify;\">Moltissimi immigrati da paesi arabi e mussulmani si sono fatti una ragione delle grandi differenze, lavorano e investono sia qui sia nei paesi d\u2019origine, e -volendo- trovano comunque nel proprio intimo le ragioni dell\u2019orgoglio delle proprie origini. Per\u00f2 altri pur pochissimi in percentuale ma devastanti in cifra assoluta, reagiscono male e prendono strade di morte e gli viene bene prendere a pretesto una religione che gi\u00e0 di suo scherza poco, insomma reagiscono con l&#8217;unica (remota) soluzione per colmare il gap: distruggere la nostra civilt\u00e0, cosa teoricamente molto pi\u00f9 facile che far progredire le loro.<\/p>\n<p style=\"text-align: justify;\">E\u2019 facile capire questi meccanismi psicologici elementari ma sempre presenti in ciascuno di noi perfino nei rapporti interpersonali. Il guaio \u2013tornando al terrorismo islamista- \u00e8 questo: come si comporterebbe la massa degli immigrati islamici a fronte di eventuali \u201cvittorie\u201d e \u201cavanzamenti\u201d delle armate islamiste? Rifarsi alle stragi dei \u201ccolonialisti\u201d oppure vedervi il disperato tentativo di distruzione e jihad, sono due letture completamente opposte, inconciliabili. Ma a un esame appena approfondito non c\u2019\u00e8 partita.<\/p>\n<p style=\"text-align: justify;\">E\u2019 curioso al riguardo vedere la reazione mezzo disperata &#8211; questa s\u00ec- di tutti i progressisti adusi alla falsa lettura del terrorismo islamista, si veda in particolare il ruolo estremo da ultimo assegnato al comico Crozza, nonch\u00e9 -si osservi- la funzione preziosa, insostituibile della Tv. Ottimo quando imita Razzi o DellaValle, il comico subito dopo sente il dovere civico e morale (ma in verit\u00e0 politico, puramente politicoideologico) di fungere da ultima spiaggia accidiosa e insonne della \u201clettura\u201d di sinistra e si accolla l\u2019onere eroico e solitario, prometeico, di confutare l\u2019evidenza della violenza etnicoreligiosa dei giovani deficienti islamisti, cosa impossibile ai partiti di sinistra pure estrema: solo il contesto \u201ccomico\u201d consente forzature altrimenti inaccettabili, ma ci\u00f2 basta a salvare psichicamente la baracca.<\/p>\n<p style=\"text-align: justify;\">Giorni fa \u00e8 arrivato a dire che Oriana Fallaci non \u00e8 stato profeta inascoltato bens\u00ec ascoltatissimo poich\u00e9 \u201cvoleva bombardare l\u2019islam\u201d e noi abbiamo bombardato Bagdad con le guerre di Bush, il che \u00e8 come dire che il golpe in Cile del \u201973 gli americani lo ordirono poich\u00e9 Allende era mormone, o massone, o evangelico\u2026 Ben invece sia in Cile che in Iraq gli interventi militari si fanno prosaicamente, come dalla guerra di Troia, per interessi vari.<\/p>\n<p style=\"text-align: justify;\">Si pensi al ruolo preziosissimo e insostituibile della tv: senza di essa il vasto popolo progressista sarebbe sperso, calpesto e ormai deriso; il comico ha in questo momento il compito carismatico di ripassare tutti i \u201cbuoni argomenti\u201d di cui il mattino dopo, al bar e al lavoro, i disperati di sinistra hanno un disperato bisogno. Gli altri invece, quelli che la pensano all\u2019opposto della sinistra, non hanno bisogno della Tv per vedere il propagarsi della propria lettura, anzi, la Tv n\u00e9 il maggior freno e diga. Potenza dell\u2019amor proprio.<\/p>\n<p style=\"text-align: justify;\">Quei giovani deficienti assassini e suicidi hanno ammazzato decine di ragazze che avrebbero potuto addirittura flirtare sol che avessero amato andare al bar pure loro. E invece no, hanno preferito la morte, perfino la propria. V\u2019\u00e8 conferma del sospetto che il vero motore degli umani non sia la ragione bens\u00ec umori e passioni di cui la ragione \u00e8 lo strumento pi\u00f9 acuminato. La ragione per studiare nei minimi dettagli l\u2019efficacia di un attentato. Ne danno prova \u2013di tale oscuro pozzo nero della natura umana- sia i fanatici dell\u2019islamismo che gli orgogliosi progressisti, protesi senza se e senza ma a chiudere le orecchie per impedirsi di udire il sogno folle di \u201cconquistare Roma e riprendersi l\u2019Andalusia\u2026\u201d.<\/p>\n<p style=\"text-align: justify;\">Ecco premier Renzi l\u2019offensiva culturale di cui abbiamo bisogno. Se fosse l\u2019altra, offrire la cultura ai fanatici deficienti, la lascio volentieri da solo in compagnia del suo ministro armato di \u201cmediazioni culturali\u201d.<\/p>\n","protected":false},"excerpt":{"rendered":"<p>Italiani. Rivista che ignora il politicamente corretto n. 174- del 30 Novembre 2015 Di Luigi Fressoia (archifress@tiscali.it)<\/p><p><a class=\"more-link btn\" href=\"https:\/\/www.rassegnastampa-totustuus.it\/cattolica\/renzi-e-la-cultura\/\">Continua a leggere<\/a><\/p>\n","protected":false},"author":6,"featured_media":28727,"comment_status":"closed","ping_status":"closed","sticky":false,"template":"","format":"standard","meta":{"footnotes":""},"categories":[34,83],"tags":[877],"class_list":["post-28726","post","type-post","status-publish","format-standard","has-post-thumbnail","hentry","category-dialogo-con-l-islam","category-post-comunismo","tag-sinistra-italiana","item-wrap"],"yoast_head":"<!-- This site is optimized with the Yoast SEO plugin v27.5 - https:\/\/yoast.com\/product\/yoast-seo-wordpress\/ -->\n<title>Renzi e la cultura - Rassegna Stampa Cattolica<\/title>\n<meta name=\"description\" content=\"Rassegna Stampa Cattolica - Per una cultura che nasce dalla Rivelazione cristiana in conformit\u00e0 alla tradizione e al Magistero della Chiesa in opposizione ad ogni relativismo e totalitarismo\" \/>\n<meta name=\"robots\" content=\"index, follow, max-snippet:-1, max-image-preview:large, max-video-preview:-1\" \/>\n<link rel=\"canonical\" href=\"https:\/\/www.rassegnastampa-totustuus.it\/cattolica\/renzi-e-la-cultura\/\" \/>\n<meta property=\"og:locale\" content=\"it_IT\" \/>\n<meta property=\"og:type\" content=\"article\" \/>\n<meta property=\"og:title\" content=\"Renzi e la cultura - Rassegna Stampa Cattolica\" \/>\n<meta property=\"og:description\" content=\"Rassegna Stampa Cattolica - Per una cultura che nasce dalla Rivelazione cristiana in conformit\u00e0 alla tradizione e al Magistero della Chiesa in opposizione ad ogni relativismo e totalitarismo\" \/>\n<meta property=\"og:url\" content=\"https:\/\/www.rassegnastampa-totustuus.it\/cattolica\/renzi-e-la-cultura\/\" \/>\n<meta property=\"og:site_name\" content=\"Rassegna Stampa Cattolica\" \/>\n<meta property=\"article:publisher\" content=\"https:\/\/www.facebook.com\/rassegnastampacattolica\" \/>\n<meta property=\"article:published_time\" content=\"2015-12-16T23:00:16+00:00\" \/>\n<meta property=\"og:image\" content=\"https:\/\/www.rassegnastampa-totustuus.it\/cattolica\/wp-content\/uploads\/2015\/12\/Renzi.jpg\" \/>\n\t<meta property=\"og:image:width\" content=\"272\" \/>\n\t<meta property=\"og:image:height\" content=\"185\" \/>\n\t<meta property=\"og:image:type\" content=\"image\/jpeg\" \/>\n<meta name=\"author\" content=\"Redazione\" \/>\n<meta name=\"twitter:card\" content=\"summary_large_image\" \/>\n<meta name=\"twitter:creator\" content=\"@rassegnastampa9\" \/>\n<meta name=\"twitter:site\" content=\"@rassegnastampa9\" \/>\n<meta name=\"twitter:label1\" content=\"Scritto da\" \/>\n\t<meta name=\"twitter:data1\" content=\"Redazione\" \/>\n\t<meta name=\"twitter:label2\" content=\"Tempo di lettura stimato\" \/>\n\t<meta name=\"twitter:data2\" content=\"9 minuti\" \/>\n<script type=\"application\/ld+json\" class=\"yoast-schema-graph\">{\"@context\":\"https:\\\/\\\/schema.org\",\"@graph\":[{\"@type\":\"Article\",\"@id\":\"https:\\\/\\\/www.rassegnastampa-totustuus.it\\\/cattolica\\\/renzi-e-la-cultura\\\/#article\",\"isPartOf\":{\"@id\":\"https:\\\/\\\/www.rassegnastampa-totustuus.it\\\/cattolica\\\/renzi-e-la-cultura\\\/\"},\"author\":{\"name\":\"Redazione\",\"@id\":\"https:\\\/\\\/www.rassegnastampa-totustuus.it\\\/cattolica\\\/#\\\/schema\\\/person\\\/08f319d2bd1a0904ad9e2bfb7b15e5c3\"},\"headline\":\"Renzi e la cultura\",\"datePublished\":\"2015-12-16T23:00:16+00:00\",\"mainEntityOfPage\":{\"@id\":\"https:\\\/\\\/www.rassegnastampa-totustuus.it\\\/cattolica\\\/renzi-e-la-cultura\\\/\"},\"wordCount\":1852,\"publisher\":{\"@id\":\"https:\\\/\\\/www.rassegnastampa-totustuus.it\\\/cattolica\\\/#organization\"},\"image\":{\"@id\":\"https:\\\/\\\/www.rassegnastampa-totustuus.it\\\/cattolica\\\/renzi-e-la-cultura\\\/#primaryimage\"},\"thumbnailUrl\":\"https:\\\/\\\/www.rassegnastampa-totustuus.it\\\/cattolica\\\/wp-content\\\/uploads\\\/2015\\\/12\\\/Renzi.jpg\",\"keywords\":[\"sinistra italiana\"],\"articleSection\":[\"Islam dialogo\",\"Post-comunismo\"],\"inLanguage\":\"it-IT\"},{\"@type\":\"WebPage\",\"@id\":\"https:\\\/\\\/www.rassegnastampa-totustuus.it\\\/cattolica\\\/renzi-e-la-cultura\\\/\",\"url\":\"https:\\\/\\\/www.rassegnastampa-totustuus.it\\\/cattolica\\\/renzi-e-la-cultura\\\/\",\"name\":\"Renzi e la cultura - Rassegna Stampa Cattolica\",\"isPartOf\":{\"@id\":\"https:\\\/\\\/www.rassegnastampa-totustuus.it\\\/cattolica\\\/#website\"},\"primaryImageOfPage\":{\"@id\":\"https:\\\/\\\/www.rassegnastampa-totustuus.it\\\/cattolica\\\/renzi-e-la-cultura\\\/#primaryimage\"},\"image\":{\"@id\":\"https:\\\/\\\/www.rassegnastampa-totustuus.it\\\/cattolica\\\/renzi-e-la-cultura\\\/#primaryimage\"},\"thumbnailUrl\":\"https:\\\/\\\/www.rassegnastampa-totustuus.it\\\/cattolica\\\/wp-content\\\/uploads\\\/2015\\\/12\\\/Renzi.jpg\",\"datePublished\":\"2015-12-16T23:00:16+00:00\",\"description\":\"Rassegna Stampa Cattolica - Per una cultura che nasce dalla Rivelazione cristiana in conformit\u00e0 alla tradizione e al Magistero della Chiesa in opposizione ad ogni relativismo e totalitarismo\",\"breadcrumb\":{\"@id\":\"https:\\\/\\\/www.rassegnastampa-totustuus.it\\\/cattolica\\\/renzi-e-la-cultura\\\/#breadcrumb\"},\"inLanguage\":\"it-IT\",\"potentialAction\":[{\"@type\":\"ReadAction\",\"target\":[\"https:\\\/\\\/www.rassegnastampa-totustuus.it\\\/cattolica\\\/renzi-e-la-cultura\\\/\"]}]},{\"@type\":\"ImageObject\",\"inLanguage\":\"it-IT\",\"@id\":\"https:\\\/\\\/www.rassegnastampa-totustuus.it\\\/cattolica\\\/renzi-e-la-cultura\\\/#primaryimage\",\"url\":\"https:\\\/\\\/www.rassegnastampa-totustuus.it\\\/cattolica\\\/wp-content\\\/uploads\\\/2015\\\/12\\\/Renzi.jpg\",\"contentUrl\":\"https:\\\/\\\/www.rassegnastampa-totustuus.it\\\/cattolica\\\/wp-content\\\/uploads\\\/2015\\\/12\\\/Renzi.jpg\",\"width\":272,\"height\":185},{\"@type\":\"BreadcrumbList\",\"@id\":\"https:\\\/\\\/www.rassegnastampa-totustuus.it\\\/cattolica\\\/renzi-e-la-cultura\\\/#breadcrumb\",\"itemListElement\":[{\"@type\":\"ListItem\",\"position\":1,\"name\":\"Home\",\"item\":\"https:\\\/\\\/www.rassegnastampa-totustuus.it\\\/cattolica\\\/\"},{\"@type\":\"ListItem\",\"position\":2,\"name\":\"Renzi e la cultura\"}]},{\"@type\":\"WebSite\",\"@id\":\"https:\\\/\\\/www.rassegnastampa-totustuus.it\\\/cattolica\\\/#website\",\"url\":\"https:\\\/\\\/www.rassegnastampa-totustuus.it\\\/cattolica\\\/\",\"name\":\"Rassegna Stampa Cattolica\",\"description\":\"Per una cultura che nasce dalla Rivelazione cristiana in conformit\u00e0 alla tradizione e al Magistero della Chiesa in opposizione ad ogni relativismo e totalitarismo\",\"publisher\":{\"@id\":\"https:\\\/\\\/www.rassegnastampa-totustuus.it\\\/cattolica\\\/#organization\"},\"alternateName\":\"Rass. Cattolica\",\"potentialAction\":[{\"@type\":\"SearchAction\",\"target\":{\"@type\":\"EntryPoint\",\"urlTemplate\":\"https:\\\/\\\/www.rassegnastampa-totustuus.it\\\/cattolica\\\/?s={search_term_string}\"},\"query-input\":{\"@type\":\"PropertyValueSpecification\",\"valueRequired\":true,\"valueName\":\"search_term_string\"}}],\"inLanguage\":\"it-IT\"},{\"@type\":\"Organization\",\"@id\":\"https:\\\/\\\/www.rassegnastampa-totustuus.it\\\/cattolica\\\/#organization\",\"name\":\"Rassegna Stampa Cattolica\",\"url\":\"https:\\\/\\\/www.rassegnastampa-totustuus.it\\\/cattolica\\\/\",\"logo\":{\"@type\":\"ImageObject\",\"inLanguage\":\"it-IT\",\"@id\":\"https:\\\/\\\/www.rassegnastampa-totustuus.it\\\/cattolica\\\/#\\\/schema\\\/logo\\\/image\\\/\",\"url\":\"https:\\\/\\\/www.rassegnastampa-totustuus.it\\\/cattolica\\\/wp-content\\\/uploads\\\/2014\\\/04\\\/logo-rassegna1.gif\",\"contentUrl\":\"https:\\\/\\\/www.rassegnastampa-totustuus.it\\\/cattolica\\\/wp-content\\\/uploads\\\/2014\\\/04\\\/logo-rassegna1.gif\",\"width\":600,\"height\":163,\"caption\":\"Rassegna Stampa Cattolica\"},\"image\":{\"@id\":\"https:\\\/\\\/www.rassegnastampa-totustuus.it\\\/cattolica\\\/#\\\/schema\\\/logo\\\/image\\\/\"},\"sameAs\":[\"https:\\\/\\\/www.facebook.com\\\/rassegnastampacattolica\",\"https:\\\/\\\/x.com\\\/rassegnastampa9\"]},{\"@type\":\"Person\",\"@id\":\"https:\\\/\\\/www.rassegnastampa-totustuus.it\\\/cattolica\\\/#\\\/schema\\\/person\\\/08f319d2bd1a0904ad9e2bfb7b15e5c3\",\"name\":\"Redazione\",\"image\":{\"@type\":\"ImageObject\",\"inLanguage\":\"it-IT\",\"@id\":\"https:\\\/\\\/secure.gravatar.com\\\/avatar\\\/2fcdf27c78ea025fbdb44e914cc63c72249ffec9dc8aafd5c82b26240ef3f346?s=96&d=mm&r=g\",\"url\":\"https:\\\/\\\/secure.gravatar.com\\\/avatar\\\/2fcdf27c78ea025fbdb44e914cc63c72249ffec9dc8aafd5c82b26240ef3f346?s=96&d=mm&r=g\",\"contentUrl\":\"https:\\\/\\\/secure.gravatar.com\\\/avatar\\\/2fcdf27c78ea025fbdb44e914cc63c72249ffec9dc8aafd5c82b26240ef3f346?s=96&d=mm&r=g\",\"caption\":\"Redazione\"},\"url\":\"https:\\\/\\\/www.rassegnastampa-totustuus.it\\\/cattolica\\\/author\\\/pietroelle\\\/\"}]}<\/script>\n<!-- \/ Yoast SEO plugin. -->","yoast_head_json":{"title":"Renzi e la cultura - Rassegna Stampa Cattolica","description":"Rassegna Stampa Cattolica - Per una cultura che nasce dalla Rivelazione cristiana in conformit\u00e0 alla tradizione e al Magistero della Chiesa in opposizione ad ogni relativismo e totalitarismo","robots":{"index":"index","follow":"follow","max-snippet":"max-snippet:-1","max-image-preview":"max-image-preview:large","max-video-preview":"max-video-preview:-1"},"canonical":"https:\/\/www.rassegnastampa-totustuus.it\/cattolica\/renzi-e-la-cultura\/","og_locale":"it_IT","og_type":"article","og_title":"Renzi e la cultura - Rassegna Stampa Cattolica","og_description":"Rassegna Stampa Cattolica - Per una cultura che nasce dalla Rivelazione cristiana in conformit\u00e0 alla tradizione e al Magistero della Chiesa in opposizione ad ogni relativismo e totalitarismo","og_url":"https:\/\/www.rassegnastampa-totustuus.it\/cattolica\/renzi-e-la-cultura\/","og_site_name":"Rassegna Stampa Cattolica","article_publisher":"https:\/\/www.facebook.com\/rassegnastampacattolica","article_published_time":"2015-12-16T23:00:16+00:00","og_image":[{"width":272,"height":185,"url":"https:\/\/www.rassegnastampa-totustuus.it\/cattolica\/wp-content\/uploads\/2015\/12\/Renzi.jpg","type":"image\/jpeg"}],"author":"Redazione","twitter_card":"summary_large_image","twitter_creator":"@rassegnastampa9","twitter_site":"@rassegnastampa9","twitter_misc":{"Scritto da":"Redazione","Tempo di lettura stimato":"9 minuti"},"schema":{"@context":"https:\/\/schema.org","@graph":[{"@type":"Article","@id":"https:\/\/www.rassegnastampa-totustuus.it\/cattolica\/renzi-e-la-cultura\/#article","isPartOf":{"@id":"https:\/\/www.rassegnastampa-totustuus.it\/cattolica\/renzi-e-la-cultura\/"},"author":{"name":"Redazione","@id":"https:\/\/www.rassegnastampa-totustuus.it\/cattolica\/#\/schema\/person\/08f319d2bd1a0904ad9e2bfb7b15e5c3"},"headline":"Renzi e la cultura","datePublished":"2015-12-16T23:00:16+00:00","mainEntityOfPage":{"@id":"https:\/\/www.rassegnastampa-totustuus.it\/cattolica\/renzi-e-la-cultura\/"},"wordCount":1852,"publisher":{"@id":"https:\/\/www.rassegnastampa-totustuus.it\/cattolica\/#organization"},"image":{"@id":"https:\/\/www.rassegnastampa-totustuus.it\/cattolica\/renzi-e-la-cultura\/#primaryimage"},"thumbnailUrl":"https:\/\/www.rassegnastampa-totustuus.it\/cattolica\/wp-content\/uploads\/2015\/12\/Renzi.jpg","keywords":["sinistra italiana"],"articleSection":["Islam dialogo","Post-comunismo"],"inLanguage":"it-IT"},{"@type":"WebPage","@id":"https:\/\/www.rassegnastampa-totustuus.it\/cattolica\/renzi-e-la-cultura\/","url":"https:\/\/www.rassegnastampa-totustuus.it\/cattolica\/renzi-e-la-cultura\/","name":"Renzi e la cultura - Rassegna Stampa Cattolica","isPartOf":{"@id":"https:\/\/www.rassegnastampa-totustuus.it\/cattolica\/#website"},"primaryImageOfPage":{"@id":"https:\/\/www.rassegnastampa-totustuus.it\/cattolica\/renzi-e-la-cultura\/#primaryimage"},"image":{"@id":"https:\/\/www.rassegnastampa-totustuus.it\/cattolica\/renzi-e-la-cultura\/#primaryimage"},"thumbnailUrl":"https:\/\/www.rassegnastampa-totustuus.it\/cattolica\/wp-content\/uploads\/2015\/12\/Renzi.jpg","datePublished":"2015-12-16T23:00:16+00:00","description":"Rassegna Stampa Cattolica - Per una cultura che nasce dalla Rivelazione cristiana in conformit\u00e0 alla tradizione e al Magistero della Chiesa in opposizione ad ogni relativismo e totalitarismo","breadcrumb":{"@id":"https:\/\/www.rassegnastampa-totustuus.it\/cattolica\/renzi-e-la-cultura\/#breadcrumb"},"inLanguage":"it-IT","potentialAction":[{"@type":"ReadAction","target":["https:\/\/www.rassegnastampa-totustuus.it\/cattolica\/renzi-e-la-cultura\/"]}]},{"@type":"ImageObject","inLanguage":"it-IT","@id":"https:\/\/www.rassegnastampa-totustuus.it\/cattolica\/renzi-e-la-cultura\/#primaryimage","url":"https:\/\/www.rassegnastampa-totustuus.it\/cattolica\/wp-content\/uploads\/2015\/12\/Renzi.jpg","contentUrl":"https:\/\/www.rassegnastampa-totustuus.it\/cattolica\/wp-content\/uploads\/2015\/12\/Renzi.jpg","width":272,"height":185},{"@type":"BreadcrumbList","@id":"https:\/\/www.rassegnastampa-totustuus.it\/cattolica\/renzi-e-la-cultura\/#breadcrumb","itemListElement":[{"@type":"ListItem","position":1,"name":"Home","item":"https:\/\/www.rassegnastampa-totustuus.it\/cattolica\/"},{"@type":"ListItem","position":2,"name":"Renzi e la cultura"}]},{"@type":"WebSite","@id":"https:\/\/www.rassegnastampa-totustuus.it\/cattolica\/#website","url":"https:\/\/www.rassegnastampa-totustuus.it\/cattolica\/","name":"Rassegna Stampa Cattolica","description":"Per una cultura che nasce dalla Rivelazione cristiana in conformit\u00e0 alla tradizione e al Magistero della Chiesa in opposizione ad ogni relativismo e totalitarismo","publisher":{"@id":"https:\/\/www.rassegnastampa-totustuus.it\/cattolica\/#organization"},"alternateName":"Rass. Cattolica","potentialAction":[{"@type":"SearchAction","target":{"@type":"EntryPoint","urlTemplate":"https:\/\/www.rassegnastampa-totustuus.it\/cattolica\/?s={search_term_string}"},"query-input":{"@type":"PropertyValueSpecification","valueRequired":true,"valueName":"search_term_string"}}],"inLanguage":"it-IT"},{"@type":"Organization","@id":"https:\/\/www.rassegnastampa-totustuus.it\/cattolica\/#organization","name":"Rassegna Stampa Cattolica","url":"https:\/\/www.rassegnastampa-totustuus.it\/cattolica\/","logo":{"@type":"ImageObject","inLanguage":"it-IT","@id":"https:\/\/www.rassegnastampa-totustuus.it\/cattolica\/#\/schema\/logo\/image\/","url":"https:\/\/www.rassegnastampa-totustuus.it\/cattolica\/wp-content\/uploads\/2014\/04\/logo-rassegna1.gif","contentUrl":"https:\/\/www.rassegnastampa-totustuus.it\/cattolica\/wp-content\/uploads\/2014\/04\/logo-rassegna1.gif","width":600,"height":163,"caption":"Rassegna Stampa Cattolica"},"image":{"@id":"https:\/\/www.rassegnastampa-totustuus.it\/cattolica\/#\/schema\/logo\/image\/"},"sameAs":["https:\/\/www.facebook.com\/rassegnastampacattolica","https:\/\/x.com\/rassegnastampa9"]},{"@type":"Person","@id":"https:\/\/www.rassegnastampa-totustuus.it\/cattolica\/#\/schema\/person\/08f319d2bd1a0904ad9e2bfb7b15e5c3","name":"Redazione","image":{"@type":"ImageObject","inLanguage":"it-IT","@id":"https:\/\/secure.gravatar.com\/avatar\/2fcdf27c78ea025fbdb44e914cc63c72249ffec9dc8aafd5c82b26240ef3f346?s=96&d=mm&r=g","url":"https:\/\/secure.gravatar.com\/avatar\/2fcdf27c78ea025fbdb44e914cc63c72249ffec9dc8aafd5c82b26240ef3f346?s=96&d=mm&r=g","contentUrl":"https:\/\/secure.gravatar.com\/avatar\/2fcdf27c78ea025fbdb44e914cc63c72249ffec9dc8aafd5c82b26240ef3f346?s=96&d=mm&r=g","caption":"Redazione"},"url":"https:\/\/www.rassegnastampa-totustuus.it\/cattolica\/author\/pietroelle\/"}]}},"_links":{"self":[{"href":"https:\/\/www.rassegnastampa-totustuus.it\/cattolica\/wp-json\/wp\/v2\/posts\/28726","targetHints":{"allow":["GET"]}}],"collection":[{"href":"https:\/\/www.rassegnastampa-totustuus.it\/cattolica\/wp-json\/wp\/v2\/posts"}],"about":[{"href":"https:\/\/www.rassegnastampa-totustuus.it\/cattolica\/wp-json\/wp\/v2\/types\/post"}],"author":[{"embeddable":true,"href":"https:\/\/www.rassegnastampa-totustuus.it\/cattolica\/wp-json\/wp\/v2\/users\/6"}],"replies":[{"embeddable":true,"href":"https:\/\/www.rassegnastampa-totustuus.it\/cattolica\/wp-json\/wp\/v2\/comments?post=28726"}],"version-history":[{"count":1,"href":"https:\/\/www.rassegnastampa-totustuus.it\/cattolica\/wp-json\/wp\/v2\/posts\/28726\/revisions"}],"predecessor-version":[{"id":28728,"href":"https:\/\/www.rassegnastampa-totustuus.it\/cattolica\/wp-json\/wp\/v2\/posts\/28726\/revisions\/28728"}],"wp:featuredmedia":[{"embeddable":true,"href":"https:\/\/www.rassegnastampa-totustuus.it\/cattolica\/wp-json\/wp\/v2\/media\/28727"}],"wp:attachment":[{"href":"https:\/\/www.rassegnastampa-totustuus.it\/cattolica\/wp-json\/wp\/v2\/media?parent=28726"}],"wp:term":[{"taxonomy":"category","embeddable":true,"href":"https:\/\/www.rassegnastampa-totustuus.it\/cattolica\/wp-json\/wp\/v2\/categories?post=28726"},{"taxonomy":"post_tag","embeddable":true,"href":"https:\/\/www.rassegnastampa-totustuus.it\/cattolica\/wp-json\/wp\/v2\/tags?post=28726"}],"curies":[{"name":"wp","href":"https:\/\/api.w.org\/{rel}","templated":true}]}}