{"id":28704,"date":"2015-12-17T00:00:46","date_gmt":"2015-12-16T23:00:46","guid":{"rendered":"http:\/\/www.rassegnastampa-totustuus.it\/cattolica\/?p=28704"},"modified":"2015-12-10T11:24:17","modified_gmt":"2015-12-10T10:24:17","slug":"presentato-armi-e-bagagli-il-diario-dalle-br-di-enrico-fenzi","status":"publish","type":"post","link":"https:\/\/www.rassegnastampa-totustuus.it\/cattolica\/presentato-armi-e-bagagli-il-diario-dalle-br-di-enrico-fenzi\/","title":{"rendered":"Presentato Armi e bagagli, il \u201cdiario dalle BR\u201d di Enrico Fenzi"},"content":{"rendered":"<p style=\"text-align: center;\"><strong><a href=\"https:\/\/www.rassegnastampa-totustuus.it\/cattolica\/wp-content\/uploads\/2015\/12\/Fenzi_cover.jpg\"><img loading=\"lazy\" decoding=\"async\" class=\"alignright wp-image-28705\" src=\"https:\/\/www.rassegnastampa-totustuus.it\/cattolica\/wp-content\/uploads\/2015\/12\/Fenzi_cover.jpg\" alt=\"Fenzi_cover\" width=\"118\" height=\"200\" \/><\/a>La Croce quotidiano &#8211; <\/strong>5 dicembre 2015<\/p>\n<p style=\"text-align: center;\"><em>L\u2019ex terrorista rosso ripercorre le tappe di un cammino verso la redenzione ancora da terminare<\/em><\/p>\n<p style=\"text-align: center;\">di <strong>Giuseppe Brienza<\/strong><\/p>\n<p style=\"text-align: justify;\">Questo articolo \u00e8 dedicato a chi non vuole limitarsi per conoscere la nostra storia e le vicende che hanno dato vita all\u2019identit\u00e0 collettiva italiana facendo ricorso solo ai libri, ai film, agli amarcord, alle canzoni, insomma a tutto quell\u2019armamentario retorico ed irresponsabilmente idealistico che disancora totalmente dalla realt\u00e0. \u00ab<em>Le parole sono parole, ma solo i fatti ci parlano chiaro. Non bisogna rimanere nell\u2019astratto quando descriviamo anni tragici della nostra storia<\/em>\u00bb.<\/p>\n<p style=\"text-align: justify;\"><!--more--><\/p>\n<p style=\"text-align: justify;\">A dire questa frase \u00e8 davanti a me Enrico Fenzi, un signore distinto di 76 anni, nativo di un piccolo comune, Bardolino, in provincia di Verona che, di professione docente di filologia e storico della letteratura (in particolare di Dante Alighieri e Francesco Petrarca), \u00e8 stato anche un terrorista di primo piano nelle fila delle <em>Brigate rosse<\/em>. Ieri pomeriggio c\u2019\u00e8 stata a Roma, al Palazzo dei Congressi all&#8217;Eur, nell\u2019ambito della fiera della piccola e media editoria \u201cPi\u00f9 libri pi\u00f9 liberi\u201d, la presentazione del suo libro\/memoir <em>Armi e bagagli. Un diario dalle Brigate rosse<\/em>, appena ripubblicato da una nuova piccola casa editrice sarda, la \u201cEgg\u201d di San Gavino Monreale.<\/p>\n<div id=\"attachment_28706\" style=\"width: 240px\" class=\"wp-caption alignleft\"><a href=\"https:\/\/www.rassegnastampa-totustuus.it\/cattolica\/wp-content\/uploads\/2015\/12\/Enrico-Fenzi.jpg\"><img loading=\"lazy\" decoding=\"async\" aria-describedby=\"caption-attachment-28706\" class=\"wp-image-28706 size-full\" src=\"https:\/\/www.rassegnastampa-totustuus.it\/cattolica\/wp-content\/uploads\/2015\/12\/Enrico-Fenzi.jpg\" alt=\"Enrico Fenzi\" width=\"240\" height=\"159\" \/><\/a><p id=\"caption-attachment-28706\" class=\"wp-caption-text\">Enrico Fenzi<\/p><\/div>\n<p style=\"text-align: justify;\">Alla conferenza, davanti ad una cinquantina di persone, sono intervenuti oltre a Fenzi il critico letterario e scrittore Emanuele Trevi, gi\u00e0 direttore creativo della <em>Fazi editore<\/em> e collaboratore della Radio 3, il quale aveva curato la prefazione della prima edizione del libro (cfr. <em>Armi e bagagli. Un diario dalle Brigate rosse<\/em>, <em>Costa &amp; Nolan<\/em>, Genova 1987) ed il giornalista Rai Paolo Piras.<\/p>\n<p style=\"text-align: justify;\">Il volume si presenta come una testimonianza resa dall&#8217;interno sulla stagione del terrorismo, utile a rileggere a distanza di tempo quegli avvenimenti da parte di chi li ha vissuti, ma di particolare interesse anche per quanti ne hanno solo sentito parlare o straparlare. Quando inizi\u00f2 la sua \u201cmilitanza rivoluzionaria\u201d Enrico Fenzi? Da quando, docente di Letteratura italiana presso l\u2019Universit\u00e0 di Genova, a motivo della sua credenza comunista fin\u00ec nel 1979 per aderire all\u2019allora fiorente struttura delle Brigate Rosse di Genova. Prese quindi parte con un ruolo di copertura, insieme ad altri tre brigatisti, al ferimento del dirigente dell&#8217;Ansaldo e membro del PCI Carlo Castellano.<\/p>\n<p style=\"text-align: justify;\">Arrestato una prima volta a Genova il 17 maggio 1979, fu assolto nel 1980 per insufficienza di prove. Fu nuovamente arrestato a Milano il 4 aprile 1981, assieme ad altri brigatisti fra cui Mario Moretti, uno dei fondatori delle BR, organizzatore delle colonne brigatiste di Genova e di Roma. Parliamo di un uomo che non ha mai collaborato alle indagini, non si \u00e8 mai pentito n\u00e9 dissociato, del quale Fenzi ci testimonia che, anche per lui, quello cui avevano dato luogo, in particolare dopo l\u2019assassinio di Guido Rossa (1934-1979), sindacalista e operaio all&#8217;Italsider prima gambizzato e poi brutalmente ucciso dalle Brigate rosse, \u00ab<em>era uno schifo<\/em>\u00bb.<\/p>\n<p style=\"text-align: justify;\">Non pi\u00f9 politici, magistrati, dirigenti, giornalisti e forze dell\u2019ordine, il 24 gennaio 1979 segna il passaggio alla violenza indiscriminata nella storia delle BR: sotto il fuoco dei terroristi cade un operaio metalmeccanico, militante comunista e delegato sindacale, accusato di aver denunciato Francesco Berardi, un fiancheggiatore delle BR all\u2019interno dell\u2019Italsider. Lo stesso Berardi che, il 24 ottobre 1979, in una cella nel carcere di Cuneo vicina a quella di Fenzi, cedette all&#8217;angoscia del buio e del rimorso impiccandosi con le lenzuola tagliate.<\/p>\n<p style=\"text-align: justify;\">La descrizione della prima azione vera e propria -una distribuzione di volantini- cui Fenzi \u00e8 stato destinato dopo una serie di prese di contatto occupa molte pagine del libro. Fenzi descrive poi i sostanziali mutamenti della sua militanza avvenuti con l&#8217;autunno del 1977, in mezzo a persone \u00ab<em>segnate dal destino che si erano scelto: un destino orribile, pieno di colpe \u2013 questo l&#8217;ho avvertito, sempre \u2013 ma un destino scritto con lettere di fuoco nella storia della loro classe<\/em>\u00bb.<\/p>\n<p style=\"text-align: justify;\">Nel novembre del 1977 Enrico Fenzi prese parte all&#8217;azione con cui fu ferito alle gambe un dirigente della Ansaldo; in <em>Armi e bagagli<\/em> la vicenda \u00e8 narrata a partire dai suoi esiti, dalla sua natura di passo definitivo e corruttore seguito da una diluizione di ogni contatto con gli altri terroristi che in capo a qualche mese, nonostante la colonna genovese delle Brigate Rosse fosse pi\u00f9 che mai attiva, riport\u00f2 Fenzi ad una vita sociale e lavorativa pressoch\u00e9 normale.<\/p>\n<p style=\"text-align: justify;\">Le vendette, i linciaggi e le esecuzioni sommarie di delatori o di presunti tali -sono citati per esteso i casi di Giorgio Soldati e di Roberto Peci- erano divenuti frequenti, distruggendo la solidariet\u00e0 tra prigionieri. \u00ab<em>Il gruppo esisteva solo come minaccia, attraverso chi emergeva in esso per la sua capacit\u00e0 di uccidere e di far uccidere<\/em>\u00bb. Il 21 luglio 1981 anche Fenzi, assieme a Mario Moretti, fu vittima di un tentativo di omicidio da parte di un detenuto comune. Un altro capitolo descrive infine le circostanze in cui Fenzi decide di dissociarsi e le precauzioni messe in atto per ridurre al minimo i rischi che questa scelta comportava.<\/p>\n<p style=\"text-align: justify;\">L&#8217;ultimo capitolo del libro \u00e8 intitolato <em>Vent&#8217;anni dopo<\/em>: Fenzi chiude citando alcune surreali vicende capitategli durante la detenzione e prendendone spunto per tornare sul tema -ricorrente in molte pagine- della storia dell&#8217;estrema sinistra nella penisola italiana e dei continui tentativi di scriverla espellendone delle \u201cformazioni combattenti\u201d, delineando in essa l&#8217;esistenza di una componente buona e quella di una componente cattiva colpevole di tutto. La sua opinione \u00e8 che questa operazione \u00e8 sempre servita, essenzialmente, a \u00ab<em>trovare una soluzione di comodo intorno alla quale ci possa essere un largo accordo, in nome di una rilettura parziale e consolatoria del passato<\/em>\u00bb.<\/p>\n<p style=\"text-align: justify;\">Durante la sua prima detenzione Fenzi ebbe modo di entrare in contatto con i pi\u00f9 importanti esponenti del cos\u00ec detto &#8220;nucleo storico&#8221; delle Brigate Rosse, ed in particolar modo con Renato Curcio e Alberto Franceschini.<\/p>\n<p style=\"text-align: justify;\"><em>Armi e bagagli &#8211; Un diario dalle Brigate Rosse<\/em> \u00e8 considerato, per il valore della scrittura, la biografia sull&#8217;argomento di maggior valore letterario. Enrico Fenzi \u00e8 stato spesso indicato come l&#8217;unico intellettuale passato alle Brigate Rosse, insieme al cognato Giovanni Senzani. Nel 1995 ha partecipato al documentario di Marco Bellocchio \u201cSogni infranti\u201d. Dissociatosi dalla lotta armata gi\u00e0 nel 1982, \u00e8 stato in libert\u00e0 provvisoria dal 1985 fino al 1994.<\/p>\n<p style=\"text-align: justify;\">Il suo libro non ha alcuna pretesa di testo specialistico ed \u00e8 fitto di aneddoti, di considerazioni personali, di debolezze umanissime risultando, cos\u00ec, accessibile anche a chi non possiede alcuna nozione sull&#8217;argomento della violenza politica rossa in Italia.<\/p>\n<p style=\"text-align: justify;\">Dopo le prime pagine che descrivono il viaggio in treno di un Enrico Fenzi armato e circospetto, il testo si immerge prima in un primo flashback nella Genova degli anni Settanta descrivendo i primi contatti dell&#8217;autore con le Brigate Rosse, avvenuti tramite un \u201camico\u201d genovese e, poi, tramite un altro nella Milano del 1981.<\/p>\n<p style=\"text-align: justify;\">La descrizione accurata di questo scenario \u00e8 occasione per alcune riflessioni sul perch\u00e9 dell&#8217;adesione alle Brigate Rosse: di tutti i motivi che possono portare qualcuno ad unirsi ad una formazione terroristica Fenzi indica il principale nell&#8217;attrazione che un&#8217;esperienza di vita concreta pu\u00f2 esercitare su un altro percorso esistenziale.<\/p>\n<p style=\"text-align: justify;\">Il racconto torna al 1976: l\u2019autore narra dell&#8217;uccisione del magistrato Francesco Coco (1908-1976) avvenuta l&#8217;otto giugno di quell&#8217;anno a poche decine di metri dalla facolt\u00e0 universitaria in cui Fenzi lavorava e del genere di considerazioni che essa suscit\u00f2. Secondo la testimonianza diretta del \u201cdocente rivoluzionario\u201d quell&#8217;azione delle Brigate Rosse non suscit\u00f2 universale sdegno in un contesto sociale che preparava evidentemente l\u2019attuale era del \u201cpost-umano\u201d, nella quale non c\u2019\u00e8 n\u00e9 vita n\u00e9 morte, n\u00e9 padre n\u00e9 madre, n\u00e9 maschio n\u00e9 femmina, n\u00e9 amore n\u00e9 solidariet\u00e0, ma solo desiderio, piacere individualistico e nichilismo. Si tratta di una disintegrazione dell\u2019umano che, assieme a tutte le altre utopie anti-cristiane, \u00e8 stata preparata anche dalla stessa violenza comunista degli anni Settanta.<\/p>\n<p style=\"text-align: justify;\">Fenzi \u00e8 un uomo che, davanti allo \u201cschifo\u201d della morte, si \u00e8 dissociato dalle BR gi\u00e0 nel 1982, ma ci fa un paragone fra la violenza rivoluzionaria di allora e quella di oggi (ad es. quella dei \u201cNo Tav\u201d o \u201cNo Expo\u201d) che gela il sangue nelle vene. \u00ab<em>A differenza di quella di ieri, questa di oggi \u00e8 una violenza senza speranza<\/em>\u00bb. Ci pare, cos\u00ec, il suo, ancora oggi un cammino solo dimezzato verso la redenzione.<\/p>\n","protected":false},"excerpt":{"rendered":"<p>La Croce quotidiano &#8211; 5 dicembre 2015 L\u2019ex terrorista rosso ripercorre le tappe di un cammino verso la redenzione ancora da terminare di Giuseppe Brienza Questo articolo \u00e8 dedicato a chi non vuole limitarsi per conoscere la nostra storia e le vicende che hanno dato vita all\u2019identit\u00e0 collettiva italiana facendo ricorso solo ai libri, ai &hellip; <\/p>\n<p><a class=\"more-link btn\" href=\"https:\/\/www.rassegnastampa-totustuus.it\/cattolica\/presentato-armi-e-bagagli-il-diario-dalle-br-di-enrico-fenzi\/\">Continua a leggere<\/a><\/p>\n","protected":false},"author":6,"featured_media":28706,"comment_status":"closed","ping_status":"closed","sticky":false,"template":"","format":"standard","meta":{"footnotes":""},"categories":[82,17],"tags":[865],"class_list":["post-28704","post","type-post","status-publish","format-standard","has-post-thumbnail","hentry","category-comunismo-in-italia","category-libri","tag-brigate-rosse","item-wrap"],"yoast_head":"<!-- This site is optimized with the Yoast SEO plugin v27.4 - https:\/\/yoast.com\/product\/yoast-seo-wordpress\/ -->\n<title>Presentato Armi e bagagli, il \u201cdiario dalle BR\u201d di Enrico Fenzi - Rassegna Stampa Cattolica<\/title>\n<meta name=\"description\" content=\"Rassegna Stampa Cattolica - Per una cultura che nasce dalla Rivelazione cristiana in conformit\u00e0 alla tradizione e al Magistero della Chiesa in opposizione ad ogni relativismo e totalitarismo\" \/>\n<meta name=\"robots\" content=\"index, follow, max-snippet:-1, max-image-preview:large, max-video-preview:-1\" \/>\n<link rel=\"canonical\" href=\"https:\/\/www.rassegnastampa-totustuus.it\/cattolica\/presentato-armi-e-bagagli-il-diario-dalle-br-di-enrico-fenzi\/\" \/>\n<meta property=\"og:locale\" content=\"it_IT\" \/>\n<meta property=\"og:type\" content=\"article\" \/>\n<meta property=\"og:title\" content=\"Presentato Armi e bagagli, il \u201cdiario dalle BR\u201d di Enrico Fenzi - Rassegna Stampa Cattolica\" \/>\n<meta property=\"og:description\" content=\"Rassegna Stampa Cattolica - Per una cultura che nasce dalla Rivelazione cristiana in conformit\u00e0 alla tradizione e al Magistero della Chiesa in opposizione ad ogni relativismo e totalitarismo\" \/>\n<meta property=\"og:url\" content=\"https:\/\/www.rassegnastampa-totustuus.it\/cattolica\/presentato-armi-e-bagagli-il-diario-dalle-br-di-enrico-fenzi\/\" \/>\n<meta property=\"og:site_name\" content=\"Rassegna Stampa Cattolica\" \/>\n<meta property=\"article:publisher\" content=\"https:\/\/www.facebook.com\/rassegnastampacattolica\" \/>\n<meta property=\"article:published_time\" content=\"2015-12-16T23:00:46+00:00\" \/>\n<meta property=\"og:image\" content=\"https:\/\/www.rassegnastampa-totustuus.it\/cattolica\/wp-content\/uploads\/2015\/12\/Enrico-Fenzi.jpg\" \/>\n\t<meta property=\"og:image:width\" content=\"240\" \/>\n\t<meta property=\"og:image:height\" content=\"159\" \/>\n\t<meta property=\"og:image:type\" content=\"image\/jpeg\" \/>\n<meta name=\"author\" content=\"Redazione\" \/>\n<meta name=\"twitter:card\" content=\"summary_large_image\" \/>\n<meta name=\"twitter:creator\" content=\"@rassegnastampa9\" \/>\n<meta name=\"twitter:site\" content=\"@rassegnastampa9\" \/>\n<meta name=\"twitter:label1\" content=\"Scritto da\" \/>\n\t<meta name=\"twitter:data1\" content=\"Redazione\" \/>\n\t<meta name=\"twitter:label2\" content=\"Tempo di lettura stimato\" \/>\n\t<meta name=\"twitter:data2\" content=\"7 minuti\" \/>\n<script type=\"application\/ld+json\" class=\"yoast-schema-graph\">{\"@context\":\"https:\\\/\\\/schema.org\",\"@graph\":[{\"@type\":\"Article\",\"@id\":\"https:\\\/\\\/www.rassegnastampa-totustuus.it\\\/cattolica\\\/presentato-armi-e-bagagli-il-diario-dalle-br-di-enrico-fenzi\\\/#article\",\"isPartOf\":{\"@id\":\"https:\\\/\\\/www.rassegnastampa-totustuus.it\\\/cattolica\\\/presentato-armi-e-bagagli-il-diario-dalle-br-di-enrico-fenzi\\\/\"},\"author\":{\"name\":\"Redazione\",\"@id\":\"https:\\\/\\\/www.rassegnastampa-totustuus.it\\\/cattolica\\\/#\\\/schema\\\/person\\\/08f319d2bd1a0904ad9e2bfb7b15e5c3\"},\"headline\":\"Presentato Armi e bagagli, il \u201cdiario dalle BR\u201d di Enrico Fenzi\",\"datePublished\":\"2015-12-16T23:00:46+00:00\",\"mainEntityOfPage\":{\"@id\":\"https:\\\/\\\/www.rassegnastampa-totustuus.it\\\/cattolica\\\/presentato-armi-e-bagagli-il-diario-dalle-br-di-enrico-fenzi\\\/\"},\"wordCount\":1368,\"publisher\":{\"@id\":\"https:\\\/\\\/www.rassegnastampa-totustuus.it\\\/cattolica\\\/#organization\"},\"image\":{\"@id\":\"https:\\\/\\\/www.rassegnastampa-totustuus.it\\\/cattolica\\\/presentato-armi-e-bagagli-il-diario-dalle-br-di-enrico-fenzi\\\/#primaryimage\"},\"thumbnailUrl\":\"https:\\\/\\\/www.rassegnastampa-totustuus.it\\\/cattolica\\\/wp-content\\\/uploads\\\/2015\\\/12\\\/Enrico-Fenzi.jpg\",\"keywords\":[\"Brigate Rosse\"],\"articleSection\":[\"Comunismo in Italia\",\"Libri\"],\"inLanguage\":\"it-IT\"},{\"@type\":\"WebPage\",\"@id\":\"https:\\\/\\\/www.rassegnastampa-totustuus.it\\\/cattolica\\\/presentato-armi-e-bagagli-il-diario-dalle-br-di-enrico-fenzi\\\/\",\"url\":\"https:\\\/\\\/www.rassegnastampa-totustuus.it\\\/cattolica\\\/presentato-armi-e-bagagli-il-diario-dalle-br-di-enrico-fenzi\\\/\",\"name\":\"Presentato Armi e bagagli, il \u201cdiario dalle BR\u201d di Enrico Fenzi - Rassegna Stampa Cattolica\",\"isPartOf\":{\"@id\":\"https:\\\/\\\/www.rassegnastampa-totustuus.it\\\/cattolica\\\/#website\"},\"primaryImageOfPage\":{\"@id\":\"https:\\\/\\\/www.rassegnastampa-totustuus.it\\\/cattolica\\\/presentato-armi-e-bagagli-il-diario-dalle-br-di-enrico-fenzi\\\/#primaryimage\"},\"image\":{\"@id\":\"https:\\\/\\\/www.rassegnastampa-totustuus.it\\\/cattolica\\\/presentato-armi-e-bagagli-il-diario-dalle-br-di-enrico-fenzi\\\/#primaryimage\"},\"thumbnailUrl\":\"https:\\\/\\\/www.rassegnastampa-totustuus.it\\\/cattolica\\\/wp-content\\\/uploads\\\/2015\\\/12\\\/Enrico-Fenzi.jpg\",\"datePublished\":\"2015-12-16T23:00:46+00:00\",\"description\":\"Rassegna Stampa Cattolica - Per una cultura che nasce dalla Rivelazione cristiana in conformit\u00e0 alla tradizione e al Magistero della Chiesa in opposizione ad ogni relativismo e totalitarismo\",\"breadcrumb\":{\"@id\":\"https:\\\/\\\/www.rassegnastampa-totustuus.it\\\/cattolica\\\/presentato-armi-e-bagagli-il-diario-dalle-br-di-enrico-fenzi\\\/#breadcrumb\"},\"inLanguage\":\"it-IT\",\"potentialAction\":[{\"@type\":\"ReadAction\",\"target\":[\"https:\\\/\\\/www.rassegnastampa-totustuus.it\\\/cattolica\\\/presentato-armi-e-bagagli-il-diario-dalle-br-di-enrico-fenzi\\\/\"]}]},{\"@type\":\"ImageObject\",\"inLanguage\":\"it-IT\",\"@id\":\"https:\\\/\\\/www.rassegnastampa-totustuus.it\\\/cattolica\\\/presentato-armi-e-bagagli-il-diario-dalle-br-di-enrico-fenzi\\\/#primaryimage\",\"url\":\"https:\\\/\\\/www.rassegnastampa-totustuus.it\\\/cattolica\\\/wp-content\\\/uploads\\\/2015\\\/12\\\/Enrico-Fenzi.jpg\",\"contentUrl\":\"https:\\\/\\\/www.rassegnastampa-totustuus.it\\\/cattolica\\\/wp-content\\\/uploads\\\/2015\\\/12\\\/Enrico-Fenzi.jpg\",\"width\":240,\"height\":159},{\"@type\":\"BreadcrumbList\",\"@id\":\"https:\\\/\\\/www.rassegnastampa-totustuus.it\\\/cattolica\\\/presentato-armi-e-bagagli-il-diario-dalle-br-di-enrico-fenzi\\\/#breadcrumb\",\"itemListElement\":[{\"@type\":\"ListItem\",\"position\":1,\"name\":\"Home\",\"item\":\"https:\\\/\\\/www.rassegnastampa-totustuus.it\\\/cattolica\\\/\"},{\"@type\":\"ListItem\",\"position\":2,\"name\":\"Presentato Armi e bagagli, il \u201cdiario dalle BR\u201d di Enrico Fenzi\"}]},{\"@type\":\"WebSite\",\"@id\":\"https:\\\/\\\/www.rassegnastampa-totustuus.it\\\/cattolica\\\/#website\",\"url\":\"https:\\\/\\\/www.rassegnastampa-totustuus.it\\\/cattolica\\\/\",\"name\":\"Rassegna Stampa Cattolica\",\"description\":\"Per una cultura che nasce dalla Rivelazione cristiana in conformit\u00e0 alla tradizione e al Magistero della Chiesa in opposizione ad ogni relativismo e totalitarismo\",\"publisher\":{\"@id\":\"https:\\\/\\\/www.rassegnastampa-totustuus.it\\\/cattolica\\\/#organization\"},\"alternateName\":\"Rass. Cattolica\",\"potentialAction\":[{\"@type\":\"SearchAction\",\"target\":{\"@type\":\"EntryPoint\",\"urlTemplate\":\"https:\\\/\\\/www.rassegnastampa-totustuus.it\\\/cattolica\\\/?s={search_term_string}\"},\"query-input\":{\"@type\":\"PropertyValueSpecification\",\"valueRequired\":true,\"valueName\":\"search_term_string\"}}],\"inLanguage\":\"it-IT\"},{\"@type\":\"Organization\",\"@id\":\"https:\\\/\\\/www.rassegnastampa-totustuus.it\\\/cattolica\\\/#organization\",\"name\":\"Rassegna Stampa Cattolica\",\"url\":\"https:\\\/\\\/www.rassegnastampa-totustuus.it\\\/cattolica\\\/\",\"logo\":{\"@type\":\"ImageObject\",\"inLanguage\":\"it-IT\",\"@id\":\"https:\\\/\\\/www.rassegnastampa-totustuus.it\\\/cattolica\\\/#\\\/schema\\\/logo\\\/image\\\/\",\"url\":\"https:\\\/\\\/www.rassegnastampa-totustuus.it\\\/cattolica\\\/wp-content\\\/uploads\\\/2014\\\/04\\\/logo-rassegna1.gif\",\"contentUrl\":\"https:\\\/\\\/www.rassegnastampa-totustuus.it\\\/cattolica\\\/wp-content\\\/uploads\\\/2014\\\/04\\\/logo-rassegna1.gif\",\"width\":600,\"height\":163,\"caption\":\"Rassegna Stampa Cattolica\"},\"image\":{\"@id\":\"https:\\\/\\\/www.rassegnastampa-totustuus.it\\\/cattolica\\\/#\\\/schema\\\/logo\\\/image\\\/\"},\"sameAs\":[\"https:\\\/\\\/www.facebook.com\\\/rassegnastampacattolica\",\"https:\\\/\\\/x.com\\\/rassegnastampa9\"]},{\"@type\":\"Person\",\"@id\":\"https:\\\/\\\/www.rassegnastampa-totustuus.it\\\/cattolica\\\/#\\\/schema\\\/person\\\/08f319d2bd1a0904ad9e2bfb7b15e5c3\",\"name\":\"Redazione\",\"image\":{\"@type\":\"ImageObject\",\"inLanguage\":\"it-IT\",\"@id\":\"https:\\\/\\\/secure.gravatar.com\\\/avatar\\\/2fcdf27c78ea025fbdb44e914cc63c72249ffec9dc8aafd5c82b26240ef3f346?s=96&d=mm&r=g\",\"url\":\"https:\\\/\\\/secure.gravatar.com\\\/avatar\\\/2fcdf27c78ea025fbdb44e914cc63c72249ffec9dc8aafd5c82b26240ef3f346?s=96&d=mm&r=g\",\"contentUrl\":\"https:\\\/\\\/secure.gravatar.com\\\/avatar\\\/2fcdf27c78ea025fbdb44e914cc63c72249ffec9dc8aafd5c82b26240ef3f346?s=96&d=mm&r=g\",\"caption\":\"Redazione\"},\"url\":\"https:\\\/\\\/www.rassegnastampa-totustuus.it\\\/cattolica\\\/author\\\/pietroelle\\\/\"}]}<\/script>\n<!-- \/ Yoast SEO plugin. -->","yoast_head_json":{"title":"Presentato Armi e bagagli, il \u201cdiario dalle BR\u201d di Enrico Fenzi - Rassegna Stampa Cattolica","description":"Rassegna Stampa Cattolica - Per una cultura che nasce dalla Rivelazione cristiana in conformit\u00e0 alla tradizione e al Magistero della Chiesa in opposizione ad ogni relativismo e totalitarismo","robots":{"index":"index","follow":"follow","max-snippet":"max-snippet:-1","max-image-preview":"max-image-preview:large","max-video-preview":"max-video-preview:-1"},"canonical":"https:\/\/www.rassegnastampa-totustuus.it\/cattolica\/presentato-armi-e-bagagli-il-diario-dalle-br-di-enrico-fenzi\/","og_locale":"it_IT","og_type":"article","og_title":"Presentato Armi e bagagli, il \u201cdiario dalle BR\u201d di Enrico Fenzi - Rassegna Stampa Cattolica","og_description":"Rassegna Stampa Cattolica - Per una cultura che nasce dalla Rivelazione cristiana in conformit\u00e0 alla tradizione e al Magistero della Chiesa in opposizione ad ogni relativismo e totalitarismo","og_url":"https:\/\/www.rassegnastampa-totustuus.it\/cattolica\/presentato-armi-e-bagagli-il-diario-dalle-br-di-enrico-fenzi\/","og_site_name":"Rassegna Stampa Cattolica","article_publisher":"https:\/\/www.facebook.com\/rassegnastampacattolica","article_published_time":"2015-12-16T23:00:46+00:00","og_image":[{"width":240,"height":159,"url":"https:\/\/www.rassegnastampa-totustuus.it\/cattolica\/wp-content\/uploads\/2015\/12\/Enrico-Fenzi.jpg","type":"image\/jpeg"}],"author":"Redazione","twitter_card":"summary_large_image","twitter_creator":"@rassegnastampa9","twitter_site":"@rassegnastampa9","twitter_misc":{"Scritto da":"Redazione","Tempo di lettura stimato":"7 minuti"},"schema":{"@context":"https:\/\/schema.org","@graph":[{"@type":"Article","@id":"https:\/\/www.rassegnastampa-totustuus.it\/cattolica\/presentato-armi-e-bagagli-il-diario-dalle-br-di-enrico-fenzi\/#article","isPartOf":{"@id":"https:\/\/www.rassegnastampa-totustuus.it\/cattolica\/presentato-armi-e-bagagli-il-diario-dalle-br-di-enrico-fenzi\/"},"author":{"name":"Redazione","@id":"https:\/\/www.rassegnastampa-totustuus.it\/cattolica\/#\/schema\/person\/08f319d2bd1a0904ad9e2bfb7b15e5c3"},"headline":"Presentato Armi e bagagli, il \u201cdiario dalle BR\u201d di Enrico Fenzi","datePublished":"2015-12-16T23:00:46+00:00","mainEntityOfPage":{"@id":"https:\/\/www.rassegnastampa-totustuus.it\/cattolica\/presentato-armi-e-bagagli-il-diario-dalle-br-di-enrico-fenzi\/"},"wordCount":1368,"publisher":{"@id":"https:\/\/www.rassegnastampa-totustuus.it\/cattolica\/#organization"},"image":{"@id":"https:\/\/www.rassegnastampa-totustuus.it\/cattolica\/presentato-armi-e-bagagli-il-diario-dalle-br-di-enrico-fenzi\/#primaryimage"},"thumbnailUrl":"https:\/\/www.rassegnastampa-totustuus.it\/cattolica\/wp-content\/uploads\/2015\/12\/Enrico-Fenzi.jpg","keywords":["Brigate Rosse"],"articleSection":["Comunismo in Italia","Libri"],"inLanguage":"it-IT"},{"@type":"WebPage","@id":"https:\/\/www.rassegnastampa-totustuus.it\/cattolica\/presentato-armi-e-bagagli-il-diario-dalle-br-di-enrico-fenzi\/","url":"https:\/\/www.rassegnastampa-totustuus.it\/cattolica\/presentato-armi-e-bagagli-il-diario-dalle-br-di-enrico-fenzi\/","name":"Presentato Armi e bagagli, il \u201cdiario dalle BR\u201d di Enrico Fenzi - Rassegna Stampa Cattolica","isPartOf":{"@id":"https:\/\/www.rassegnastampa-totustuus.it\/cattolica\/#website"},"primaryImageOfPage":{"@id":"https:\/\/www.rassegnastampa-totustuus.it\/cattolica\/presentato-armi-e-bagagli-il-diario-dalle-br-di-enrico-fenzi\/#primaryimage"},"image":{"@id":"https:\/\/www.rassegnastampa-totustuus.it\/cattolica\/presentato-armi-e-bagagli-il-diario-dalle-br-di-enrico-fenzi\/#primaryimage"},"thumbnailUrl":"https:\/\/www.rassegnastampa-totustuus.it\/cattolica\/wp-content\/uploads\/2015\/12\/Enrico-Fenzi.jpg","datePublished":"2015-12-16T23:00:46+00:00","description":"Rassegna Stampa Cattolica - Per una cultura che nasce dalla Rivelazione cristiana in conformit\u00e0 alla tradizione e al Magistero della Chiesa in opposizione ad ogni relativismo e totalitarismo","breadcrumb":{"@id":"https:\/\/www.rassegnastampa-totustuus.it\/cattolica\/presentato-armi-e-bagagli-il-diario-dalle-br-di-enrico-fenzi\/#breadcrumb"},"inLanguage":"it-IT","potentialAction":[{"@type":"ReadAction","target":["https:\/\/www.rassegnastampa-totustuus.it\/cattolica\/presentato-armi-e-bagagli-il-diario-dalle-br-di-enrico-fenzi\/"]}]},{"@type":"ImageObject","inLanguage":"it-IT","@id":"https:\/\/www.rassegnastampa-totustuus.it\/cattolica\/presentato-armi-e-bagagli-il-diario-dalle-br-di-enrico-fenzi\/#primaryimage","url":"https:\/\/www.rassegnastampa-totustuus.it\/cattolica\/wp-content\/uploads\/2015\/12\/Enrico-Fenzi.jpg","contentUrl":"https:\/\/www.rassegnastampa-totustuus.it\/cattolica\/wp-content\/uploads\/2015\/12\/Enrico-Fenzi.jpg","width":240,"height":159},{"@type":"BreadcrumbList","@id":"https:\/\/www.rassegnastampa-totustuus.it\/cattolica\/presentato-armi-e-bagagli-il-diario-dalle-br-di-enrico-fenzi\/#breadcrumb","itemListElement":[{"@type":"ListItem","position":1,"name":"Home","item":"https:\/\/www.rassegnastampa-totustuus.it\/cattolica\/"},{"@type":"ListItem","position":2,"name":"Presentato Armi e bagagli, il \u201cdiario dalle BR\u201d di Enrico Fenzi"}]},{"@type":"WebSite","@id":"https:\/\/www.rassegnastampa-totustuus.it\/cattolica\/#website","url":"https:\/\/www.rassegnastampa-totustuus.it\/cattolica\/","name":"Rassegna Stampa Cattolica","description":"Per una cultura che nasce dalla Rivelazione cristiana in conformit\u00e0 alla tradizione e al Magistero della Chiesa in opposizione ad ogni relativismo e totalitarismo","publisher":{"@id":"https:\/\/www.rassegnastampa-totustuus.it\/cattolica\/#organization"},"alternateName":"Rass. Cattolica","potentialAction":[{"@type":"SearchAction","target":{"@type":"EntryPoint","urlTemplate":"https:\/\/www.rassegnastampa-totustuus.it\/cattolica\/?s={search_term_string}"},"query-input":{"@type":"PropertyValueSpecification","valueRequired":true,"valueName":"search_term_string"}}],"inLanguage":"it-IT"},{"@type":"Organization","@id":"https:\/\/www.rassegnastampa-totustuus.it\/cattolica\/#organization","name":"Rassegna Stampa Cattolica","url":"https:\/\/www.rassegnastampa-totustuus.it\/cattolica\/","logo":{"@type":"ImageObject","inLanguage":"it-IT","@id":"https:\/\/www.rassegnastampa-totustuus.it\/cattolica\/#\/schema\/logo\/image\/","url":"https:\/\/www.rassegnastampa-totustuus.it\/cattolica\/wp-content\/uploads\/2014\/04\/logo-rassegna1.gif","contentUrl":"https:\/\/www.rassegnastampa-totustuus.it\/cattolica\/wp-content\/uploads\/2014\/04\/logo-rassegna1.gif","width":600,"height":163,"caption":"Rassegna Stampa Cattolica"},"image":{"@id":"https:\/\/www.rassegnastampa-totustuus.it\/cattolica\/#\/schema\/logo\/image\/"},"sameAs":["https:\/\/www.facebook.com\/rassegnastampacattolica","https:\/\/x.com\/rassegnastampa9"]},{"@type":"Person","@id":"https:\/\/www.rassegnastampa-totustuus.it\/cattolica\/#\/schema\/person\/08f319d2bd1a0904ad9e2bfb7b15e5c3","name":"Redazione","image":{"@type":"ImageObject","inLanguage":"it-IT","@id":"https:\/\/secure.gravatar.com\/avatar\/2fcdf27c78ea025fbdb44e914cc63c72249ffec9dc8aafd5c82b26240ef3f346?s=96&d=mm&r=g","url":"https:\/\/secure.gravatar.com\/avatar\/2fcdf27c78ea025fbdb44e914cc63c72249ffec9dc8aafd5c82b26240ef3f346?s=96&d=mm&r=g","contentUrl":"https:\/\/secure.gravatar.com\/avatar\/2fcdf27c78ea025fbdb44e914cc63c72249ffec9dc8aafd5c82b26240ef3f346?s=96&d=mm&r=g","caption":"Redazione"},"url":"https:\/\/www.rassegnastampa-totustuus.it\/cattolica\/author\/pietroelle\/"}]}},"_links":{"self":[{"href":"https:\/\/www.rassegnastampa-totustuus.it\/cattolica\/wp-json\/wp\/v2\/posts\/28704","targetHints":{"allow":["GET"]}}],"collection":[{"href":"https:\/\/www.rassegnastampa-totustuus.it\/cattolica\/wp-json\/wp\/v2\/posts"}],"about":[{"href":"https:\/\/www.rassegnastampa-totustuus.it\/cattolica\/wp-json\/wp\/v2\/types\/post"}],"author":[{"embeddable":true,"href":"https:\/\/www.rassegnastampa-totustuus.it\/cattolica\/wp-json\/wp\/v2\/users\/6"}],"replies":[{"embeddable":true,"href":"https:\/\/www.rassegnastampa-totustuus.it\/cattolica\/wp-json\/wp\/v2\/comments?post=28704"}],"version-history":[{"count":1,"href":"https:\/\/www.rassegnastampa-totustuus.it\/cattolica\/wp-json\/wp\/v2\/posts\/28704\/revisions"}],"predecessor-version":[{"id":28707,"href":"https:\/\/www.rassegnastampa-totustuus.it\/cattolica\/wp-json\/wp\/v2\/posts\/28704\/revisions\/28707"}],"wp:featuredmedia":[{"embeddable":true,"href":"https:\/\/www.rassegnastampa-totustuus.it\/cattolica\/wp-json\/wp\/v2\/media\/28706"}],"wp:attachment":[{"href":"https:\/\/www.rassegnastampa-totustuus.it\/cattolica\/wp-json\/wp\/v2\/media?parent=28704"}],"wp:term":[{"taxonomy":"category","embeddable":true,"href":"https:\/\/www.rassegnastampa-totustuus.it\/cattolica\/wp-json\/wp\/v2\/categories?post=28704"},{"taxonomy":"post_tag","embeddable":true,"href":"https:\/\/www.rassegnastampa-totustuus.it\/cattolica\/wp-json\/wp\/v2\/tags?post=28704"}],"curies":[{"name":"wp","href":"https:\/\/api.w.org\/{rel}","templated":true}]}}