{"id":28693,"date":"2015-12-10T00:00:51","date_gmt":"2015-12-09T23:00:51","guid":{"rendered":"http:\/\/www.rassegnastampa-totustuus.it\/cattolica\/?p=28693"},"modified":"2015-12-09T18:37:45","modified_gmt":"2015-12-09T17:37:45","slug":"dove-puo-trovare-felicita-luomo-se-non-in-chi-lha-creato","status":"publish","type":"post","link":"https:\/\/www.rassegnastampa-totustuus.it\/cattolica\/dove-puo-trovare-felicita-luomo-se-non-in-chi-lha-creato\/","title":{"rendered":"Dove pu\u00f2 trovare felicit\u00e0 l\u2019uomo, se non in Chi l\u2019ha creato?"},"content":{"rendered":"<p style=\"text-align: center;\"><strong><a href=\"https:\/\/www.rassegnastampa-totustuus.it\/cattolica\/wp-content\/uploads\/2015\/12\/Dio.jpg\"><img loading=\"lazy\" decoding=\"async\" class=\"alignleft wp-image-28694 size-full\" src=\"https:\/\/www.rassegnastampa-totustuus.it\/cattolica\/wp-content\/uploads\/2015\/12\/Dio.jpg\" alt=\"Dio\" width=\"261\" height=\"193\" \/><\/a>Ag Zenit<\/strong> (Zenit.org) 7 dicembre 2015<\/p>\n<p style=\"text-align: justify;\"><em>Il Giubileo della Misericordia \u00e8 un\u2019occasione importante per cambiare prospettiva e mettere al centro Dio<\/em><\/p>\n<p style=\"text-align: center;\">di <strong>Alessio Biagioni<\/strong><\/p>\n<p style=\"text-align: justify;\">La crisi della famiglia, l\u2019attacco delle ideologie, le tendenze disordinate promosse dalla nostra cultura sono certamente fatti che ci scuotono dal torpore, che ci interrogano, che ci incitano ad agire.<\/p>\n<p style=\"text-align: justify;\"><!--more--><\/p>\n<p style=\"text-align: justify;\">Vengono date, anche all\u2019interno della Chiesa tante soluzioni ma, troppo spesso, con una prospettiva essenzialmente centrata sull\u2019uomo. In realt\u00e0 sappiamo bene che noi ci siamo perch\u00e9 Dio ci ha chiamati all\u2019esistenza e se ci ha messi qui \u00e8 innanzitutto per dare gloria a Lui, poi per la nostra felicit\u00e0. Le due cose vanno insieme perch\u00e9 se do gloria a Dio vivr\u00f2 felicemente in questa vita e nella vita eterna.<\/p>\n<p style=\"text-align: justify;\">Questo lo comprendiamo leggendo la vita di qualsiasi santo. I santi sono felici anche in questa valle di lacrime perch\u00e9 le Beatitudini sono promesse che valgono anche qui, ora. Infatti \u201cquando le tue facolt\u00e0, servendosi delle loro naturali inclinazioni, trovano l\u2019oggetto che loro conviene, gli si uniscono, e quest&#8217;oggetto le riempie e le soddisfa; e questa pienezza per l&#8217;appunto \u00e8 la felicit\u00e0. Perci\u00f2 la felicit\u00e0 \u00e8 il riposo delle tue facolt\u00e0 nell&#8217;oggetto che le soddisfa e le riempie\u201d (Fran\u00e7ois-de-Sales Pollien, <em>Cristianesimo vissuto<\/em>, Edizioni Kolbe, 2015).<\/p>\n<p style=\"text-align: justify;\">L\u2019oggetto di cui stiamo parlando \u00e8 Dio. Sempre il Pollien dice che tutte le creature sono strumenti che ci sono dati per la gloria di Dio e per questo vanno utilizzati. Dio \u00e8 il primo ed \u00e8 al centro di ogni nostro interesse. Perfino la nostra salvezza non \u00e8 lo scopo essenziale.<\/p>\n<p style=\"text-align: justify;\">Se io glorifico Dio mi salvo: questa \u00e8 la prospettiva, non che per salvarmi devo glorificare Dio. Al centro di ogni nostro interesse c\u2019\u00e8 Dio. Il comandamento dell\u2019Amore fa riferimento a Dio per primo: \u201camare \u00e8 voler bene. Se vuoi il bene di Dio, che \u00e8 la sua gloria, tu ami Dio. Se vuoi il tuo bene, tu ami te stesso. Quando amerai il bene di Dio prima del tuo?\u201d.<\/p>\n<p style=\"text-align: justify;\">La vocazione \u00e8 il modo in cui sono chiamato a glorificare Dio. Non scelgo stato o vocazione per una questione di piacere o simpatia. La mancanza di centralit\u00e0 di Dio porta a scelte sbagliate in ambito lavorativo, matrimoniale, vocazionale.<\/p>\n<p style=\"text-align: justify;\">Per questo, \u00e8 necessaria la direzione spirituale e sono molto consigliabili gli Esercizi Spirituali di Sant\u2019Ignazio. Perfino la preghiera non \u00e8 un momento \u201cdi stacco\u201d dal quotidiano per cercare consolazioni spirituali. Quando prego io cerco il Dio delle consolazioni non le consolazioni di Dio.<\/p>\n<p style=\"text-align: justify;\">In questa prospettiva, nella nuova evangelizzazione, la preghiera \u00e8 essenziale perch\u00e9 l\u2019apostolato, per non essere mera ricerca di consolazione o mondanit\u00e0 spirituale, non \u00e8 che il traboccare dell\u2019amore che abbiamo per Dio sul nostro prossimo e questo amore si alimenta attraverso la preghiera (<em>L<\/em>&#8216;<em>anima di ogni apostolato<\/em> di Dom Jean-Baptiste Gustave <em>Chautard).<\/em><\/p>\n<p style=\"text-align: justify;\">I problemi menzionati all\u2019inizio possono essere risolti cambiando prospettiva ma non tanto a parole, quanto nei fatti. \u00c8 necessaria la riforma della nostra vita, pensate alla valenza evangelizzatrice di una persona le cui azioni dai doveri di stato ai divertimenti siano per la gloria di Dio. Questa riforma incomincia nel confessionale e si alimenta attraverso la preghiera e la direzione spirituale.<\/p>\n<p style=\"text-align: justify;\">Il Giubileo della Misericordia \u00e8 un\u2019occasione importante per cambiare prospettiva e mettere al centro Dio. Gloria di Dio e felicit\u00e0 dell\u2019uomo non vanno mai scisse. Dove pu\u00f2 trovare felicit\u00e0 l\u2019uomo se non in Chi l\u2019ha creato e in Colui da cui dovr\u00e0 tornare? Certo anche le creature possono darci piaceri ma sono loro che ce li donano?<\/p>\n<p style=\"text-align: justify;\"><em>Dio \u201c<\/em>ti affida un magnifico incarico: quello di glorificar Lui e di render te beato. Per questo ti d\u00e0 un numero infinito di strumenti che sono le creature: Per facilitarti l\u2019uso di questi strumenti, in ognuno di essi mette un piacere: ecco il piacere creato&#8230;\u00a0\u00c8 dunque un piacere strumentale, una semplice facilitazione di lavoro, e non mai un fine\u201d.<\/p>\n<p style=\"text-align: justify;\">Pensiamo a cosa sarebbe alimentarsi, riprodursi, come se fossero solo cose meccaniche. Ma Dio ci ha concesso di fare queste cose con piacere. Il piacere perci\u00f2 non \u00e8 un fine, ma un\u2019accortezza di Dio. Cos\u00ec anche il nostro lavoro, il nostro impegno sociale non \u00e8 fatto per se stesso, ma sono tutti strumenti per fare la gloria di Dio.<\/p>\n<p style=\"text-align: justify;\">Certo \u00e8 difficile, ci sono tanti stimoli negativi ma Dio ci ha dato Maria a cui possiamo chiedere l\u2019intercessione e affidare noi stessi, i nostri cari e la societ\u00e0. Ci ha dato la Chiesa da cui possiamo ricevere i Sacramenti e la retta Dottrina. Non bisogna adeguarci ai tempi, ma raddrizzare la nostra vita ed essere pienamente cristiani e saranno i tempi ad adeguarsi alla Chiesa.<\/p>\n","protected":false},"excerpt":{"rendered":"<p>Ag Zenit (Zenit.org) 7 dicembre 2015 Il Giubileo della Misericordia \u00e8 un\u2019occasione importante per cambiare prospettiva e mettere al centro Dio di Alessio Biagioni La crisi della famiglia, l\u2019attacco delle ideologie, le tendenze disordinate promosse dalla nostra cultura sono certamente fatti che ci scuotono dal torpore, che ci interrogano, che ci incitano ad agire.<\/p><p><a class=\"more-link btn\" href=\"https:\/\/www.rassegnastampa-totustuus.it\/cattolica\/dove-puo-trovare-felicita-luomo-se-non-in-chi-lha-creato\/\">Continua a leggere<\/a><\/p>\n","protected":false},"author":6,"featured_media":28694,"comment_status":"closed","ping_status":"closed","sticky":false,"template":"","format":"standard","meta":{"footnotes":""},"categories":[5],"tags":[157,1855,2041],"class_list":["post-28693","post","type-post","status-publish","format-standard","has-post-thumbnail","hentry","category-chiesa","tag-chiesa-2","tag-giubileo","tag-misericordia","item-wrap"],"yoast_head":"<!-- This site is optimized with the Yoast SEO plugin v27.5 - https:\/\/yoast.com\/product\/yoast-seo-wordpress\/ -->\n<title>Dove pu\u00f2 trovare felicit\u00e0 l\u2019uomo, se non in Chi l\u2019ha creato? - Rassegna Stampa Cattolica<\/title>\n<meta name=\"description\" content=\"Rassegna Stampa Cattolica - Per una cultura che nasce dalla Rivelazione cristiana in conformit\u00e0 alla tradizione e al Magistero della Chiesa in opposizione ad ogni relativismo e totalitarismo\" \/>\n<meta name=\"robots\" content=\"index, follow, max-snippet:-1, max-image-preview:large, max-video-preview:-1\" \/>\n<link rel=\"canonical\" href=\"https:\/\/www.rassegnastampa-totustuus.it\/cattolica\/dove-puo-trovare-felicita-luomo-se-non-in-chi-lha-creato\/\" \/>\n<meta property=\"og:locale\" content=\"it_IT\" \/>\n<meta property=\"og:type\" content=\"article\" \/>\n<meta property=\"og:title\" content=\"Dove pu\u00f2 trovare felicit\u00e0 l\u2019uomo, se non in Chi l\u2019ha creato? - Rassegna Stampa Cattolica\" \/>\n<meta property=\"og:description\" content=\"Rassegna Stampa Cattolica - Per una cultura che nasce dalla Rivelazione cristiana in conformit\u00e0 alla tradizione e al Magistero della Chiesa in opposizione ad ogni relativismo e totalitarismo\" \/>\n<meta property=\"og:url\" content=\"https:\/\/www.rassegnastampa-totustuus.it\/cattolica\/dove-puo-trovare-felicita-luomo-se-non-in-chi-lha-creato\/\" \/>\n<meta property=\"og:site_name\" content=\"Rassegna Stampa Cattolica\" \/>\n<meta property=\"article:publisher\" content=\"https:\/\/www.facebook.com\/rassegnastampacattolica\" \/>\n<meta property=\"article:published_time\" content=\"2015-12-09T23:00:51+00:00\" \/>\n<meta property=\"og:image\" content=\"https:\/\/www.rassegnastampa-totustuus.it\/cattolica\/wp-content\/uploads\/2015\/12\/Dio.jpg\" \/>\n\t<meta property=\"og:image:width\" content=\"261\" \/>\n\t<meta property=\"og:image:height\" content=\"193\" \/>\n\t<meta property=\"og:image:type\" content=\"image\/jpeg\" \/>\n<meta name=\"author\" content=\"Redazione\" \/>\n<meta name=\"twitter:card\" content=\"summary_large_image\" \/>\n<meta name=\"twitter:creator\" content=\"@rassegnastampa9\" \/>\n<meta name=\"twitter:site\" content=\"@rassegnastampa9\" \/>\n<meta name=\"twitter:label1\" content=\"Scritto da\" \/>\n\t<meta name=\"twitter:data1\" content=\"Redazione\" \/>\n\t<meta name=\"twitter:label2\" content=\"Tempo di lettura stimato\" \/>\n\t<meta name=\"twitter:data2\" content=\"4 minuti\" \/>\n<script type=\"application\/ld+json\" class=\"yoast-schema-graph\">{\"@context\":\"https:\\\/\\\/schema.org\",\"@graph\":[{\"@type\":\"Article\",\"@id\":\"https:\\\/\\\/www.rassegnastampa-totustuus.it\\\/cattolica\\\/dove-puo-trovare-felicita-luomo-se-non-in-chi-lha-creato\\\/#article\",\"isPartOf\":{\"@id\":\"https:\\\/\\\/www.rassegnastampa-totustuus.it\\\/cattolica\\\/dove-puo-trovare-felicita-luomo-se-non-in-chi-lha-creato\\\/\"},\"author\":{\"name\":\"Redazione\",\"@id\":\"https:\\\/\\\/www.rassegnastampa-totustuus.it\\\/cattolica\\\/#\\\/schema\\\/person\\\/08f319d2bd1a0904ad9e2bfb7b15e5c3\"},\"headline\":\"Dove pu\u00f2 trovare felicit\u00e0 l\u2019uomo, se non in Chi l\u2019ha creato?\",\"datePublished\":\"2015-12-09T23:00:51+00:00\",\"mainEntityOfPage\":{\"@id\":\"https:\\\/\\\/www.rassegnastampa-totustuus.it\\\/cattolica\\\/dove-puo-trovare-felicita-luomo-se-non-in-chi-lha-creato\\\/\"},\"wordCount\":781,\"publisher\":{\"@id\":\"https:\\\/\\\/www.rassegnastampa-totustuus.it\\\/cattolica\\\/#organization\"},\"image\":{\"@id\":\"https:\\\/\\\/www.rassegnastampa-totustuus.it\\\/cattolica\\\/dove-puo-trovare-felicita-luomo-se-non-in-chi-lha-creato\\\/#primaryimage\"},\"thumbnailUrl\":\"https:\\\/\\\/www.rassegnastampa-totustuus.it\\\/cattolica\\\/wp-content\\\/uploads\\\/2015\\\/12\\\/Dio.jpg\",\"keywords\":[\"chiesa\",\"giubileo\",\"Misericordia\"],\"articleSection\":[\"Chiesa\"],\"inLanguage\":\"it-IT\"},{\"@type\":\"WebPage\",\"@id\":\"https:\\\/\\\/www.rassegnastampa-totustuus.it\\\/cattolica\\\/dove-puo-trovare-felicita-luomo-se-non-in-chi-lha-creato\\\/\",\"url\":\"https:\\\/\\\/www.rassegnastampa-totustuus.it\\\/cattolica\\\/dove-puo-trovare-felicita-luomo-se-non-in-chi-lha-creato\\\/\",\"name\":\"Dove pu\u00f2 trovare felicit\u00e0 l\u2019uomo, se non in Chi l\u2019ha creato? - Rassegna Stampa Cattolica\",\"isPartOf\":{\"@id\":\"https:\\\/\\\/www.rassegnastampa-totustuus.it\\\/cattolica\\\/#website\"},\"primaryImageOfPage\":{\"@id\":\"https:\\\/\\\/www.rassegnastampa-totustuus.it\\\/cattolica\\\/dove-puo-trovare-felicita-luomo-se-non-in-chi-lha-creato\\\/#primaryimage\"},\"image\":{\"@id\":\"https:\\\/\\\/www.rassegnastampa-totustuus.it\\\/cattolica\\\/dove-puo-trovare-felicita-luomo-se-non-in-chi-lha-creato\\\/#primaryimage\"},\"thumbnailUrl\":\"https:\\\/\\\/www.rassegnastampa-totustuus.it\\\/cattolica\\\/wp-content\\\/uploads\\\/2015\\\/12\\\/Dio.jpg\",\"datePublished\":\"2015-12-09T23:00:51+00:00\",\"description\":\"Rassegna Stampa Cattolica - Per una cultura che nasce dalla Rivelazione cristiana in conformit\u00e0 alla tradizione e al Magistero della Chiesa in opposizione ad ogni relativismo e totalitarismo\",\"breadcrumb\":{\"@id\":\"https:\\\/\\\/www.rassegnastampa-totustuus.it\\\/cattolica\\\/dove-puo-trovare-felicita-luomo-se-non-in-chi-lha-creato\\\/#breadcrumb\"},\"inLanguage\":\"it-IT\",\"potentialAction\":[{\"@type\":\"ReadAction\",\"target\":[\"https:\\\/\\\/www.rassegnastampa-totustuus.it\\\/cattolica\\\/dove-puo-trovare-felicita-luomo-se-non-in-chi-lha-creato\\\/\"]}]},{\"@type\":\"ImageObject\",\"inLanguage\":\"it-IT\",\"@id\":\"https:\\\/\\\/www.rassegnastampa-totustuus.it\\\/cattolica\\\/dove-puo-trovare-felicita-luomo-se-non-in-chi-lha-creato\\\/#primaryimage\",\"url\":\"https:\\\/\\\/www.rassegnastampa-totustuus.it\\\/cattolica\\\/wp-content\\\/uploads\\\/2015\\\/12\\\/Dio.jpg\",\"contentUrl\":\"https:\\\/\\\/www.rassegnastampa-totustuus.it\\\/cattolica\\\/wp-content\\\/uploads\\\/2015\\\/12\\\/Dio.jpg\",\"width\":261,\"height\":193},{\"@type\":\"BreadcrumbList\",\"@id\":\"https:\\\/\\\/www.rassegnastampa-totustuus.it\\\/cattolica\\\/dove-puo-trovare-felicita-luomo-se-non-in-chi-lha-creato\\\/#breadcrumb\",\"itemListElement\":[{\"@type\":\"ListItem\",\"position\":1,\"name\":\"Home\",\"item\":\"https:\\\/\\\/www.rassegnastampa-totustuus.it\\\/cattolica\\\/\"},{\"@type\":\"ListItem\",\"position\":2,\"name\":\"Dove pu\u00f2 trovare felicit\u00e0 l\u2019uomo, se non in Chi l\u2019ha creato?\"}]},{\"@type\":\"WebSite\",\"@id\":\"https:\\\/\\\/www.rassegnastampa-totustuus.it\\\/cattolica\\\/#website\",\"url\":\"https:\\\/\\\/www.rassegnastampa-totustuus.it\\\/cattolica\\\/\",\"name\":\"Rassegna Stampa Cattolica\",\"description\":\"Per una cultura che nasce dalla Rivelazione cristiana in conformit\u00e0 alla tradizione e al Magistero della Chiesa in opposizione ad ogni relativismo e totalitarismo\",\"publisher\":{\"@id\":\"https:\\\/\\\/www.rassegnastampa-totustuus.it\\\/cattolica\\\/#organization\"},\"alternateName\":\"Rass. Cattolica\",\"potentialAction\":[{\"@type\":\"SearchAction\",\"target\":{\"@type\":\"EntryPoint\",\"urlTemplate\":\"https:\\\/\\\/www.rassegnastampa-totustuus.it\\\/cattolica\\\/?s={search_term_string}\"},\"query-input\":{\"@type\":\"PropertyValueSpecification\",\"valueRequired\":true,\"valueName\":\"search_term_string\"}}],\"inLanguage\":\"it-IT\"},{\"@type\":\"Organization\",\"@id\":\"https:\\\/\\\/www.rassegnastampa-totustuus.it\\\/cattolica\\\/#organization\",\"name\":\"Rassegna Stampa Cattolica\",\"url\":\"https:\\\/\\\/www.rassegnastampa-totustuus.it\\\/cattolica\\\/\",\"logo\":{\"@type\":\"ImageObject\",\"inLanguage\":\"it-IT\",\"@id\":\"https:\\\/\\\/www.rassegnastampa-totustuus.it\\\/cattolica\\\/#\\\/schema\\\/logo\\\/image\\\/\",\"url\":\"https:\\\/\\\/www.rassegnastampa-totustuus.it\\\/cattolica\\\/wp-content\\\/uploads\\\/2014\\\/04\\\/logo-rassegna1.gif\",\"contentUrl\":\"https:\\\/\\\/www.rassegnastampa-totustuus.it\\\/cattolica\\\/wp-content\\\/uploads\\\/2014\\\/04\\\/logo-rassegna1.gif\",\"width\":600,\"height\":163,\"caption\":\"Rassegna Stampa Cattolica\"},\"image\":{\"@id\":\"https:\\\/\\\/www.rassegnastampa-totustuus.it\\\/cattolica\\\/#\\\/schema\\\/logo\\\/image\\\/\"},\"sameAs\":[\"https:\\\/\\\/www.facebook.com\\\/rassegnastampacattolica\",\"https:\\\/\\\/x.com\\\/rassegnastampa9\"]},{\"@type\":\"Person\",\"@id\":\"https:\\\/\\\/www.rassegnastampa-totustuus.it\\\/cattolica\\\/#\\\/schema\\\/person\\\/08f319d2bd1a0904ad9e2bfb7b15e5c3\",\"name\":\"Redazione\",\"image\":{\"@type\":\"ImageObject\",\"inLanguage\":\"it-IT\",\"@id\":\"https:\\\/\\\/secure.gravatar.com\\\/avatar\\\/2fcdf27c78ea025fbdb44e914cc63c72249ffec9dc8aafd5c82b26240ef3f346?s=96&d=mm&r=g\",\"url\":\"https:\\\/\\\/secure.gravatar.com\\\/avatar\\\/2fcdf27c78ea025fbdb44e914cc63c72249ffec9dc8aafd5c82b26240ef3f346?s=96&d=mm&r=g\",\"contentUrl\":\"https:\\\/\\\/secure.gravatar.com\\\/avatar\\\/2fcdf27c78ea025fbdb44e914cc63c72249ffec9dc8aafd5c82b26240ef3f346?s=96&d=mm&r=g\",\"caption\":\"Redazione\"},\"url\":\"https:\\\/\\\/www.rassegnastampa-totustuus.it\\\/cattolica\\\/author\\\/pietroelle\\\/\"}]}<\/script>\n<!-- \/ Yoast SEO plugin. -->","yoast_head_json":{"title":"Dove pu\u00f2 trovare felicit\u00e0 l\u2019uomo, se non in Chi l\u2019ha creato? - Rassegna Stampa Cattolica","description":"Rassegna Stampa Cattolica - Per una cultura che nasce dalla Rivelazione cristiana in conformit\u00e0 alla tradizione e al Magistero della Chiesa in opposizione ad ogni relativismo e totalitarismo","robots":{"index":"index","follow":"follow","max-snippet":"max-snippet:-1","max-image-preview":"max-image-preview:large","max-video-preview":"max-video-preview:-1"},"canonical":"https:\/\/www.rassegnastampa-totustuus.it\/cattolica\/dove-puo-trovare-felicita-luomo-se-non-in-chi-lha-creato\/","og_locale":"it_IT","og_type":"article","og_title":"Dove pu\u00f2 trovare felicit\u00e0 l\u2019uomo, se non in Chi l\u2019ha creato? - Rassegna Stampa Cattolica","og_description":"Rassegna Stampa Cattolica - Per una cultura che nasce dalla Rivelazione cristiana in conformit\u00e0 alla tradizione e al Magistero della Chiesa in opposizione ad ogni relativismo e totalitarismo","og_url":"https:\/\/www.rassegnastampa-totustuus.it\/cattolica\/dove-puo-trovare-felicita-luomo-se-non-in-chi-lha-creato\/","og_site_name":"Rassegna Stampa Cattolica","article_publisher":"https:\/\/www.facebook.com\/rassegnastampacattolica","article_published_time":"2015-12-09T23:00:51+00:00","og_image":[{"width":261,"height":193,"url":"https:\/\/www.rassegnastampa-totustuus.it\/cattolica\/wp-content\/uploads\/2015\/12\/Dio.jpg","type":"image\/jpeg"}],"author":"Redazione","twitter_card":"summary_large_image","twitter_creator":"@rassegnastampa9","twitter_site":"@rassegnastampa9","twitter_misc":{"Scritto da":"Redazione","Tempo di lettura stimato":"4 minuti"},"schema":{"@context":"https:\/\/schema.org","@graph":[{"@type":"Article","@id":"https:\/\/www.rassegnastampa-totustuus.it\/cattolica\/dove-puo-trovare-felicita-luomo-se-non-in-chi-lha-creato\/#article","isPartOf":{"@id":"https:\/\/www.rassegnastampa-totustuus.it\/cattolica\/dove-puo-trovare-felicita-luomo-se-non-in-chi-lha-creato\/"},"author":{"name":"Redazione","@id":"https:\/\/www.rassegnastampa-totustuus.it\/cattolica\/#\/schema\/person\/08f319d2bd1a0904ad9e2bfb7b15e5c3"},"headline":"Dove pu\u00f2 trovare felicit\u00e0 l\u2019uomo, se non in Chi l\u2019ha creato?","datePublished":"2015-12-09T23:00:51+00:00","mainEntityOfPage":{"@id":"https:\/\/www.rassegnastampa-totustuus.it\/cattolica\/dove-puo-trovare-felicita-luomo-se-non-in-chi-lha-creato\/"},"wordCount":781,"publisher":{"@id":"https:\/\/www.rassegnastampa-totustuus.it\/cattolica\/#organization"},"image":{"@id":"https:\/\/www.rassegnastampa-totustuus.it\/cattolica\/dove-puo-trovare-felicita-luomo-se-non-in-chi-lha-creato\/#primaryimage"},"thumbnailUrl":"https:\/\/www.rassegnastampa-totustuus.it\/cattolica\/wp-content\/uploads\/2015\/12\/Dio.jpg","keywords":["chiesa","giubileo","Misericordia"],"articleSection":["Chiesa"],"inLanguage":"it-IT"},{"@type":"WebPage","@id":"https:\/\/www.rassegnastampa-totustuus.it\/cattolica\/dove-puo-trovare-felicita-luomo-se-non-in-chi-lha-creato\/","url":"https:\/\/www.rassegnastampa-totustuus.it\/cattolica\/dove-puo-trovare-felicita-luomo-se-non-in-chi-lha-creato\/","name":"Dove pu\u00f2 trovare felicit\u00e0 l\u2019uomo, se non in Chi l\u2019ha creato? - Rassegna Stampa Cattolica","isPartOf":{"@id":"https:\/\/www.rassegnastampa-totustuus.it\/cattolica\/#website"},"primaryImageOfPage":{"@id":"https:\/\/www.rassegnastampa-totustuus.it\/cattolica\/dove-puo-trovare-felicita-luomo-se-non-in-chi-lha-creato\/#primaryimage"},"image":{"@id":"https:\/\/www.rassegnastampa-totustuus.it\/cattolica\/dove-puo-trovare-felicita-luomo-se-non-in-chi-lha-creato\/#primaryimage"},"thumbnailUrl":"https:\/\/www.rassegnastampa-totustuus.it\/cattolica\/wp-content\/uploads\/2015\/12\/Dio.jpg","datePublished":"2015-12-09T23:00:51+00:00","description":"Rassegna Stampa Cattolica - Per una cultura che nasce dalla Rivelazione cristiana in conformit\u00e0 alla tradizione e al Magistero della Chiesa in opposizione ad ogni relativismo e totalitarismo","breadcrumb":{"@id":"https:\/\/www.rassegnastampa-totustuus.it\/cattolica\/dove-puo-trovare-felicita-luomo-se-non-in-chi-lha-creato\/#breadcrumb"},"inLanguage":"it-IT","potentialAction":[{"@type":"ReadAction","target":["https:\/\/www.rassegnastampa-totustuus.it\/cattolica\/dove-puo-trovare-felicita-luomo-se-non-in-chi-lha-creato\/"]}]},{"@type":"ImageObject","inLanguage":"it-IT","@id":"https:\/\/www.rassegnastampa-totustuus.it\/cattolica\/dove-puo-trovare-felicita-luomo-se-non-in-chi-lha-creato\/#primaryimage","url":"https:\/\/www.rassegnastampa-totustuus.it\/cattolica\/wp-content\/uploads\/2015\/12\/Dio.jpg","contentUrl":"https:\/\/www.rassegnastampa-totustuus.it\/cattolica\/wp-content\/uploads\/2015\/12\/Dio.jpg","width":261,"height":193},{"@type":"BreadcrumbList","@id":"https:\/\/www.rassegnastampa-totustuus.it\/cattolica\/dove-puo-trovare-felicita-luomo-se-non-in-chi-lha-creato\/#breadcrumb","itemListElement":[{"@type":"ListItem","position":1,"name":"Home","item":"https:\/\/www.rassegnastampa-totustuus.it\/cattolica\/"},{"@type":"ListItem","position":2,"name":"Dove pu\u00f2 trovare felicit\u00e0 l\u2019uomo, se non in Chi l\u2019ha creato?"}]},{"@type":"WebSite","@id":"https:\/\/www.rassegnastampa-totustuus.it\/cattolica\/#website","url":"https:\/\/www.rassegnastampa-totustuus.it\/cattolica\/","name":"Rassegna Stampa Cattolica","description":"Per una cultura che nasce dalla Rivelazione cristiana in conformit\u00e0 alla tradizione e al Magistero della Chiesa in opposizione ad ogni relativismo e totalitarismo","publisher":{"@id":"https:\/\/www.rassegnastampa-totustuus.it\/cattolica\/#organization"},"alternateName":"Rass. Cattolica","potentialAction":[{"@type":"SearchAction","target":{"@type":"EntryPoint","urlTemplate":"https:\/\/www.rassegnastampa-totustuus.it\/cattolica\/?s={search_term_string}"},"query-input":{"@type":"PropertyValueSpecification","valueRequired":true,"valueName":"search_term_string"}}],"inLanguage":"it-IT"},{"@type":"Organization","@id":"https:\/\/www.rassegnastampa-totustuus.it\/cattolica\/#organization","name":"Rassegna Stampa Cattolica","url":"https:\/\/www.rassegnastampa-totustuus.it\/cattolica\/","logo":{"@type":"ImageObject","inLanguage":"it-IT","@id":"https:\/\/www.rassegnastampa-totustuus.it\/cattolica\/#\/schema\/logo\/image\/","url":"https:\/\/www.rassegnastampa-totustuus.it\/cattolica\/wp-content\/uploads\/2014\/04\/logo-rassegna1.gif","contentUrl":"https:\/\/www.rassegnastampa-totustuus.it\/cattolica\/wp-content\/uploads\/2014\/04\/logo-rassegna1.gif","width":600,"height":163,"caption":"Rassegna Stampa Cattolica"},"image":{"@id":"https:\/\/www.rassegnastampa-totustuus.it\/cattolica\/#\/schema\/logo\/image\/"},"sameAs":["https:\/\/www.facebook.com\/rassegnastampacattolica","https:\/\/x.com\/rassegnastampa9"]},{"@type":"Person","@id":"https:\/\/www.rassegnastampa-totustuus.it\/cattolica\/#\/schema\/person\/08f319d2bd1a0904ad9e2bfb7b15e5c3","name":"Redazione","image":{"@type":"ImageObject","inLanguage":"it-IT","@id":"https:\/\/secure.gravatar.com\/avatar\/2fcdf27c78ea025fbdb44e914cc63c72249ffec9dc8aafd5c82b26240ef3f346?s=96&d=mm&r=g","url":"https:\/\/secure.gravatar.com\/avatar\/2fcdf27c78ea025fbdb44e914cc63c72249ffec9dc8aafd5c82b26240ef3f346?s=96&d=mm&r=g","contentUrl":"https:\/\/secure.gravatar.com\/avatar\/2fcdf27c78ea025fbdb44e914cc63c72249ffec9dc8aafd5c82b26240ef3f346?s=96&d=mm&r=g","caption":"Redazione"},"url":"https:\/\/www.rassegnastampa-totustuus.it\/cattolica\/author\/pietroelle\/"}]}},"_links":{"self":[{"href":"https:\/\/www.rassegnastampa-totustuus.it\/cattolica\/wp-json\/wp\/v2\/posts\/28693","targetHints":{"allow":["GET"]}}],"collection":[{"href":"https:\/\/www.rassegnastampa-totustuus.it\/cattolica\/wp-json\/wp\/v2\/posts"}],"about":[{"href":"https:\/\/www.rassegnastampa-totustuus.it\/cattolica\/wp-json\/wp\/v2\/types\/post"}],"author":[{"embeddable":true,"href":"https:\/\/www.rassegnastampa-totustuus.it\/cattolica\/wp-json\/wp\/v2\/users\/6"}],"replies":[{"embeddable":true,"href":"https:\/\/www.rassegnastampa-totustuus.it\/cattolica\/wp-json\/wp\/v2\/comments?post=28693"}],"version-history":[{"count":1,"href":"https:\/\/www.rassegnastampa-totustuus.it\/cattolica\/wp-json\/wp\/v2\/posts\/28693\/revisions"}],"predecessor-version":[{"id":28695,"href":"https:\/\/www.rassegnastampa-totustuus.it\/cattolica\/wp-json\/wp\/v2\/posts\/28693\/revisions\/28695"}],"wp:featuredmedia":[{"embeddable":true,"href":"https:\/\/www.rassegnastampa-totustuus.it\/cattolica\/wp-json\/wp\/v2\/media\/28694"}],"wp:attachment":[{"href":"https:\/\/www.rassegnastampa-totustuus.it\/cattolica\/wp-json\/wp\/v2\/media?parent=28693"}],"wp:term":[{"taxonomy":"category","embeddable":true,"href":"https:\/\/www.rassegnastampa-totustuus.it\/cattolica\/wp-json\/wp\/v2\/categories?post=28693"},{"taxonomy":"post_tag","embeddable":true,"href":"https:\/\/www.rassegnastampa-totustuus.it\/cattolica\/wp-json\/wp\/v2\/tags?post=28693"}],"curies":[{"name":"wp","href":"https:\/\/api.w.org\/{rel}","templated":true}]}}