{"id":2859,"date":"2009-03-17T08:44:13","date_gmt":"2009-03-17T07:44:13","guid":{"rendered":""},"modified":"2016-04-27T11:38:35","modified_gmt":"2016-04-27T09:38:35","slug":"flew-c-un-dio-nelluniverso","status":"publish","type":"post","link":"https:\/\/www.rassegnastampa-totustuus.it\/cattolica\/flew-c-un-dio-nelluniverso\/","title":{"rendered":"Flew: c\u2019&egrave; un Dio nell\u2019universo"},"content":{"rendered":"<div style=\"text-align: center;\">\n<div id=\"attachment_33493\" style=\"width: 234px\" class=\"wp-caption alignright\"><img loading=\"lazy\" decoding=\"async\" aria-describedby=\"caption-attachment-33493\" class=\"wp-image-33493 size-full\" src=\"https:\/\/www.rassegnastampa-totustuus.it\/cattolica\/wp-content\/uploads\/2009\/03\/Antony-Flew.jpg\" alt=\"Antony Flew\" width=\"234\" height=\"216\" \/><p id=\"caption-attachment-33493\" class=\"wp-caption-text\">Antony Flew,<\/p><\/div>\n<p><strong>Avvenire,<\/strong> 6 dicembre 2007<\/div>\n<p style=\"text-align: justify;\"><em>Il famoso filosofo della scienza inglese, che gi\u00e0 fece scalpore tre anni fa dichiarandosi \u00abex ateo\u00bb, ora ribadisce che l\u2019origine della vita e l\u2019esistenza dell\u2019uomo sulla Terra non possono essere spiegate solo con la biologia<\/em><\/p>\n<p style=\"text-align: center;\">di <strong>Lorenzo Fazzini<\/strong><\/p>\n<p><!--more--><\/p>\n<div style=\"text-align: justify;\">Era universalmente riconosciuto come il \u201ccampione\u201d mondiale dell\u2019ateismo, padrino di quella schiera di divulgatori dell\u2019inesistenza di Dio &#8211; Richard Dawkins in primis &#8211; che affollano le librerie di mezzo mondo. Ma ora ha messo nero su bianco, in un volume che di certo far\u00e0 discutere, il suo approdo intellettuale al riconoscimento che \u201cc\u2019\u00e8 un Dio\u201d.<\/div>\n<p style=\"text-align: justify;\">Antony Flew, 84 anni, filosofo della scienza di Oxford, autore di saggi in cui per decenni ha propugnato il pi\u00f9 ferreo ateismo intellettuale, ha ammesso di aver \u201ccapitolato\u201d di fronte all\u2019evidenza e di credere in una Divinit\u00e0. <em>There Is a God<\/em> \u00e8 il titolo del volume scritto a quattro mani insieme a Roy Abraham Varghese, il pensatore cattolico i cui libri furono per il cattedratico oxfordiano il punto di partenza, gi\u00e0 nel 2004, per una rivisitazione dei propri enunciati.<\/p>\n<p style=\"text-align: justify;\">Fu appunto tre anni orsono che Flew afferm\u00f2 per la prima volta di non credere pi\u00f9 come un tempo al fatto che Dio non esistesse. Si tratt\u00f2 allora della prima scalfittura del proprio pensiero espresso nel monumentale <em>God and Philosophy<\/em> del 1966, pi\u00f9 volte riedito. Ora, con <em>There Is a God,<\/em> Flew compie l\u2019abiura completa del suo passato ateismo scientifico.<\/p>\n<p style=\"text-align: justify;\">Nel testo appena uscito negli Stati Uniti per Harper Collins, il filosofo britannico d\u00e0 conto del modo in cui sia arrivato a quella fede che egli definisce \u201cdeistica\u201d, come ha dichiarato in un\u2019intervista per la rivista <em>To The Source.<\/em> In questo iter intellettuale, asserisce l\u2019autore, \u00abci sono stati due fattori decisivi. Il primo, la mia crescente empatia verso lo sguardo di Einstein e altri noti scienziati secondo i quali ci deve essere stata un\u2019Intelligenza dietro la complessit\u00e0 integrata dell\u2019universo fisico\u00bb.<\/p>\n<p style=\"text-align: justify;\">In seconda battuta, a convincere l\u2019ex ateo di Oxford ci ha pensato \u00abil mio sguardo personale che ha integrato questa medesima complessit\u00e0. Credo che l\u2019origine della vita e la riproduzione non possono essere semplicemente spiegate da un punto di vista biologico, nonostante i numerosi tentativi che sono stati fatti in questo senso\u00bb.<\/p>\n<p style=\"text-align: justify;\">Per Flew non \u00e8 valida l\u2019equazione che \u201cpi\u00f9 scienza\u201d vorrebbe dire \u201cmeno fede\u201d in un Principio originante la vita: \u00abMentre facciamo sempre pi\u00f9 scoperte sulla ricchezza e l\u2019intelligenza della vita, pare sempre meno plausibile che un brodo chimico abbia potuto generare in maniera magica il codice genetico. Penso che le origini delle leggi della natura e della vita, nonch\u00e9 quelle dell\u2019universo, portano chiaramente verso una Sorgente intelligente\u00bb.<\/p>\n<p style=\"text-align: justify;\">Ma \u00e8 soprattutto il procedimento intellettuale di Flew &#8211; lo anticipa il sottotitolo di <em>There Is a God,<\/em> ossia \u201cCome il pi\u00f9 famoso ateo del mondo ha cambiato idea\u201d- che merita di essere approfondito: \u00e8 stata \u201cevidenza\u201ddel Creatore del cosmo a \u201ccondurre\u201d il pensatore britannico ad affermarne l\u2019esistenza: \u00abNon ho sentito nessuna voce. \u00c8 stata la stessa evidenza che mi ha condotto a questa conclusione\u00bb.<\/p>\n<p style=\"text-align: justify;\">Quella, cio\u00e8, di \u00abessere un deista\u00bb il quale crede \u00abche Dio \u00e8 una persona ma non un soggetto con cui si pu\u00f2 avere una discussione. \u00c8 l\u2019essere eterno, il Creatore dell\u2019universo. Accetto il Dio di Aristotele\u00bb la sua lapidaria ammissione.<\/p>\n<p style=\"text-align: justify;\">C\u2019\u00e8 poi una postilla, nel ragionamento di Flew, che merita una segnalazione: sebbene affermi che questo libro rappresenti il suo \u201ctestamento\u201d, annota: \u00abNon accetto nessun tipo di rivevazione divina sebbene sarei felice di studiarne un\u2019attestazione\u00bb. Ed \u00e8 alla fede cristiana che l\u2019ex negatore di Dio assegna il maggior credito di fiducia: \u00abSto continuando a studiare il cristianesimo\u00bb.<\/p>\n<p style=\"text-align: justify;\">Nell\u2019intervista rilasciata a Benjamin Wiker, Flew stigmatizza poi l\u2019ateismo dogmatico di Richard Dawkins. Rifacendosi alle recenti critiche del filosofo agnostico Anthony Kenny, afferma che l\u2019autore de <em>La delusione di Dio<\/em> ha \u00abmancato nell\u2019affrontare tre principali argomenti quando ha argomentato razionalmente la questione di Dio. Sono proprio gli stessi temi che mi hanno portato ad accettare l\u2019esistenza di un Dio: le leggi della natura, la vita con la sua organizzazione teleologica e l\u2019esistenza dell\u2019Universo\u00bb.<\/p>\n<p style=\"text-align: justify;\">Non solo: Flew bolla come \u00absforzo comico\u00bb la modalit\u00e0 con cui Dawkins ha provato a spiegare l\u2019origine della vita, parlando di \u00aboccasione fortunata\u00bb: \u00abSe questo \u00e8 il miglior argomento che si pu\u00f2 avere su questo tema &#8211; \u00e8 stato il giudizio sferzante dell\u2019ottuagenario di Oxford &#8211; la questione \u00e8 chiusa\u00bb. Ma per l\u2019ex ateo di Oxford la vicenda- Dio si \u00e8 appena aperta.<\/p>\n<p style=\"text-align: justify;\">Lo studioso polemizza anche con Richard Dawkins e con i suoi attacchi a ogni ipotesi di Creazione: \u00ab\u00c8 uno sforzo comico\u00bb<\/p>\n","protected":false},"excerpt":{"rendered":"<p>Avvenire, 6 dicembre 2007 Il famoso filosofo della scienza inglese, che gi\u00e0 fece scalpore tre anni fa dichiarandosi \u00abex ateo\u00bb, ora ribadisce che l\u2019origine della vita e l\u2019esistenza dell\u2019uomo sulla Terra non possono essere spiegate solo con la biologia di Lorenzo Fazzini<\/p><p><a class=\"more-link btn\" href=\"https:\/\/www.rassegnastampa-totustuus.it\/cattolica\/flew-c-un-dio-nelluniverso\/\">Continua a leggere<\/a><\/p>\n","protected":false},"author":6,"featured_media":33493,"comment_status":"closed","ping_status":"open","sticky":false,"template":"","format":"standard","meta":{"footnotes":""},"categories":[22],"tags":[1229],"class_list":["post-2859","post","type-post","status-publish","format-standard","has-post-thumbnail","hentry","category-scienza","tag-scienza-e-fede","item-wrap"],"yoast_head":"<!-- This site is optimized with the Yoast SEO plugin v27.5 - https:\/\/yoast.com\/product\/yoast-seo-wordpress\/ -->\n<title>Flew: c\u2019&egrave; un Dio nell\u2019universo - Rassegna Stampa Cattolica<\/title>\n<meta name=\"description\" content=\"Rassegna Stampa Cattolica - Per una cultura che nasce dalla Rivelazione cristiana in conformit\u00e0 alla tradizione e al Magistero della Chiesa in opposizione ad ogni relativismo e totalitarismo\" \/>\n<meta name=\"robots\" content=\"index, follow, max-snippet:-1, max-image-preview:large, max-video-preview:-1\" \/>\n<link rel=\"canonical\" href=\"https:\/\/www.rassegnastampa-totustuus.it\/cattolica\/flew-c-un-dio-nelluniverso\/\" \/>\n<meta property=\"og:locale\" content=\"it_IT\" \/>\n<meta property=\"og:type\" content=\"article\" \/>\n<meta property=\"og:title\" content=\"Flew: c\u2019&egrave; un Dio nell\u2019universo - Rassegna Stampa Cattolica\" \/>\n<meta property=\"og:description\" content=\"Rassegna Stampa Cattolica - Per una cultura che nasce dalla Rivelazione cristiana in conformit\u00e0 alla tradizione e al Magistero della Chiesa in opposizione ad ogni relativismo e totalitarismo\" \/>\n<meta property=\"og:url\" content=\"https:\/\/www.rassegnastampa-totustuus.it\/cattolica\/flew-c-un-dio-nelluniverso\/\" \/>\n<meta property=\"og:site_name\" content=\"Rassegna Stampa Cattolica\" \/>\n<meta property=\"article:publisher\" content=\"https:\/\/www.facebook.com\/rassegnastampacattolica\" \/>\n<meta property=\"article:published_time\" content=\"2009-03-17T07:44:13+00:00\" \/>\n<meta property=\"article:modified_time\" content=\"2016-04-27T09:38:35+00:00\" \/>\n<meta property=\"og:image\" content=\"https:\/\/www.rassegnastampa-totustuus.it\/cattolica\/wp-content\/uploads\/2009\/03\/Antony-Flew.jpg\" \/>\n\t<meta property=\"og:image:width\" content=\"234\" \/>\n\t<meta property=\"og:image:height\" content=\"216\" \/>\n\t<meta property=\"og:image:type\" content=\"image\/jpeg\" \/>\n<meta name=\"author\" content=\"Redazione\" \/>\n<meta name=\"twitter:card\" content=\"summary_large_image\" \/>\n<meta name=\"twitter:creator\" content=\"@rassegnastampa9\" \/>\n<meta name=\"twitter:site\" content=\"@rassegnastampa9\" \/>\n<meta name=\"twitter:label1\" content=\"Scritto da\" \/>\n\t<meta name=\"twitter:data1\" content=\"Redazione\" \/>\n\t<meta name=\"twitter:label2\" content=\"Tempo di lettura stimato\" \/>\n\t<meta name=\"twitter:data2\" content=\"4 minuti\" \/>\n<script type=\"application\/ld+json\" class=\"yoast-schema-graph\">{\"@context\":\"https:\\\/\\\/schema.org\",\"@graph\":[{\"@type\":\"Article\",\"@id\":\"https:\\\/\\\/www.rassegnastampa-totustuus.it\\\/cattolica\\\/flew-c-un-dio-nelluniverso\\\/#article\",\"isPartOf\":{\"@id\":\"https:\\\/\\\/www.rassegnastampa-totustuus.it\\\/cattolica\\\/flew-c-un-dio-nelluniverso\\\/\"},\"author\":{\"name\":\"Redazione\",\"@id\":\"https:\\\/\\\/www.rassegnastampa-totustuus.it\\\/cattolica\\\/#\\\/schema\\\/person\\\/08f319d2bd1a0904ad9e2bfb7b15e5c3\"},\"headline\":\"Flew: c\u2019&egrave; un Dio nell\u2019universo\",\"datePublished\":\"2009-03-17T07:44:13+00:00\",\"dateModified\":\"2016-04-27T09:38:35+00:00\",\"mainEntityOfPage\":{\"@id\":\"https:\\\/\\\/www.rassegnastampa-totustuus.it\\\/cattolica\\\/flew-c-un-dio-nelluniverso\\\/\"},\"wordCount\":785,\"publisher\":{\"@id\":\"https:\\\/\\\/www.rassegnastampa-totustuus.it\\\/cattolica\\\/#organization\"},\"image\":{\"@id\":\"https:\\\/\\\/www.rassegnastampa-totustuus.it\\\/cattolica\\\/flew-c-un-dio-nelluniverso\\\/#primaryimage\"},\"thumbnailUrl\":\"https:\\\/\\\/www.rassegnastampa-totustuus.it\\\/cattolica\\\/wp-content\\\/uploads\\\/2009\\\/03\\\/Antony-Flew.jpg\",\"keywords\":[\"scienza e fede\"],\"articleSection\":[\"Scienza\"],\"inLanguage\":\"it-IT\"},{\"@type\":\"WebPage\",\"@id\":\"https:\\\/\\\/www.rassegnastampa-totustuus.it\\\/cattolica\\\/flew-c-un-dio-nelluniverso\\\/\",\"url\":\"https:\\\/\\\/www.rassegnastampa-totustuus.it\\\/cattolica\\\/flew-c-un-dio-nelluniverso\\\/\",\"name\":\"Flew: c\u2019&egrave; un Dio nell\u2019universo - Rassegna Stampa Cattolica\",\"isPartOf\":{\"@id\":\"https:\\\/\\\/www.rassegnastampa-totustuus.it\\\/cattolica\\\/#website\"},\"primaryImageOfPage\":{\"@id\":\"https:\\\/\\\/www.rassegnastampa-totustuus.it\\\/cattolica\\\/flew-c-un-dio-nelluniverso\\\/#primaryimage\"},\"image\":{\"@id\":\"https:\\\/\\\/www.rassegnastampa-totustuus.it\\\/cattolica\\\/flew-c-un-dio-nelluniverso\\\/#primaryimage\"},\"thumbnailUrl\":\"https:\\\/\\\/www.rassegnastampa-totustuus.it\\\/cattolica\\\/wp-content\\\/uploads\\\/2009\\\/03\\\/Antony-Flew.jpg\",\"datePublished\":\"2009-03-17T07:44:13+00:00\",\"dateModified\":\"2016-04-27T09:38:35+00:00\",\"description\":\"Rassegna Stampa Cattolica - Per una cultura che nasce dalla Rivelazione cristiana in conformit\u00e0 alla tradizione e al Magistero della Chiesa in opposizione ad ogni relativismo e totalitarismo\",\"breadcrumb\":{\"@id\":\"https:\\\/\\\/www.rassegnastampa-totustuus.it\\\/cattolica\\\/flew-c-un-dio-nelluniverso\\\/#breadcrumb\"},\"inLanguage\":\"it-IT\",\"potentialAction\":[{\"@type\":\"ReadAction\",\"target\":[\"https:\\\/\\\/www.rassegnastampa-totustuus.it\\\/cattolica\\\/flew-c-un-dio-nelluniverso\\\/\"]}]},{\"@type\":\"ImageObject\",\"inLanguage\":\"it-IT\",\"@id\":\"https:\\\/\\\/www.rassegnastampa-totustuus.it\\\/cattolica\\\/flew-c-un-dio-nelluniverso\\\/#primaryimage\",\"url\":\"https:\\\/\\\/www.rassegnastampa-totustuus.it\\\/cattolica\\\/wp-content\\\/uploads\\\/2009\\\/03\\\/Antony-Flew.jpg\",\"contentUrl\":\"https:\\\/\\\/www.rassegnastampa-totustuus.it\\\/cattolica\\\/wp-content\\\/uploads\\\/2009\\\/03\\\/Antony-Flew.jpg\",\"width\":234,\"height\":216},{\"@type\":\"BreadcrumbList\",\"@id\":\"https:\\\/\\\/www.rassegnastampa-totustuus.it\\\/cattolica\\\/flew-c-un-dio-nelluniverso\\\/#breadcrumb\",\"itemListElement\":[{\"@type\":\"ListItem\",\"position\":1,\"name\":\"Home\",\"item\":\"https:\\\/\\\/www.rassegnastampa-totustuus.it\\\/cattolica\\\/\"},{\"@type\":\"ListItem\",\"position\":2,\"name\":\"Flew: c\u2019&egrave; un Dio nell\u2019universo\"}]},{\"@type\":\"WebSite\",\"@id\":\"https:\\\/\\\/www.rassegnastampa-totustuus.it\\\/cattolica\\\/#website\",\"url\":\"https:\\\/\\\/www.rassegnastampa-totustuus.it\\\/cattolica\\\/\",\"name\":\"Rassegna Stampa Cattolica\",\"description\":\"Per una cultura che nasce dalla Rivelazione cristiana in conformit\u00e0 alla tradizione e al Magistero della Chiesa in opposizione ad ogni relativismo e totalitarismo\",\"publisher\":{\"@id\":\"https:\\\/\\\/www.rassegnastampa-totustuus.it\\\/cattolica\\\/#organization\"},\"alternateName\":\"Rass. Cattolica\",\"potentialAction\":[{\"@type\":\"SearchAction\",\"target\":{\"@type\":\"EntryPoint\",\"urlTemplate\":\"https:\\\/\\\/www.rassegnastampa-totustuus.it\\\/cattolica\\\/?s={search_term_string}\"},\"query-input\":{\"@type\":\"PropertyValueSpecification\",\"valueRequired\":true,\"valueName\":\"search_term_string\"}}],\"inLanguage\":\"it-IT\"},{\"@type\":\"Organization\",\"@id\":\"https:\\\/\\\/www.rassegnastampa-totustuus.it\\\/cattolica\\\/#organization\",\"name\":\"Rassegna Stampa Cattolica\",\"url\":\"https:\\\/\\\/www.rassegnastampa-totustuus.it\\\/cattolica\\\/\",\"logo\":{\"@type\":\"ImageObject\",\"inLanguage\":\"it-IT\",\"@id\":\"https:\\\/\\\/www.rassegnastampa-totustuus.it\\\/cattolica\\\/#\\\/schema\\\/logo\\\/image\\\/\",\"url\":\"https:\\\/\\\/www.rassegnastampa-totustuus.it\\\/cattolica\\\/wp-content\\\/uploads\\\/2014\\\/04\\\/logo-rassegna1.gif\",\"contentUrl\":\"https:\\\/\\\/www.rassegnastampa-totustuus.it\\\/cattolica\\\/wp-content\\\/uploads\\\/2014\\\/04\\\/logo-rassegna1.gif\",\"width\":600,\"height\":163,\"caption\":\"Rassegna Stampa Cattolica\"},\"image\":{\"@id\":\"https:\\\/\\\/www.rassegnastampa-totustuus.it\\\/cattolica\\\/#\\\/schema\\\/logo\\\/image\\\/\"},\"sameAs\":[\"https:\\\/\\\/www.facebook.com\\\/rassegnastampacattolica\",\"https:\\\/\\\/x.com\\\/rassegnastampa9\"]},{\"@type\":\"Person\",\"@id\":\"https:\\\/\\\/www.rassegnastampa-totustuus.it\\\/cattolica\\\/#\\\/schema\\\/person\\\/08f319d2bd1a0904ad9e2bfb7b15e5c3\",\"name\":\"Redazione\",\"image\":{\"@type\":\"ImageObject\",\"inLanguage\":\"it-IT\",\"@id\":\"https:\\\/\\\/secure.gravatar.com\\\/avatar\\\/2fcdf27c78ea025fbdb44e914cc63c72249ffec9dc8aafd5c82b26240ef3f346?s=96&d=mm&r=g\",\"url\":\"https:\\\/\\\/secure.gravatar.com\\\/avatar\\\/2fcdf27c78ea025fbdb44e914cc63c72249ffec9dc8aafd5c82b26240ef3f346?s=96&d=mm&r=g\",\"contentUrl\":\"https:\\\/\\\/secure.gravatar.com\\\/avatar\\\/2fcdf27c78ea025fbdb44e914cc63c72249ffec9dc8aafd5c82b26240ef3f346?s=96&d=mm&r=g\",\"caption\":\"Redazione\"},\"url\":\"https:\\\/\\\/www.rassegnastampa-totustuus.it\\\/cattolica\\\/author\\\/pietroelle\\\/\"}]}<\/script>\n<!-- \/ Yoast SEO plugin. -->","yoast_head_json":{"title":"Flew: c\u2019&egrave; un Dio nell\u2019universo - Rassegna Stampa Cattolica","description":"Rassegna Stampa Cattolica - Per una cultura che nasce dalla Rivelazione cristiana in conformit\u00e0 alla tradizione e al Magistero della Chiesa in opposizione ad ogni relativismo e totalitarismo","robots":{"index":"index","follow":"follow","max-snippet":"max-snippet:-1","max-image-preview":"max-image-preview:large","max-video-preview":"max-video-preview:-1"},"canonical":"https:\/\/www.rassegnastampa-totustuus.it\/cattolica\/flew-c-un-dio-nelluniverso\/","og_locale":"it_IT","og_type":"article","og_title":"Flew: c\u2019&egrave; un Dio nell\u2019universo - Rassegna Stampa Cattolica","og_description":"Rassegna Stampa Cattolica - Per una cultura che nasce dalla Rivelazione cristiana in conformit\u00e0 alla tradizione e al Magistero della Chiesa in opposizione ad ogni relativismo e totalitarismo","og_url":"https:\/\/www.rassegnastampa-totustuus.it\/cattolica\/flew-c-un-dio-nelluniverso\/","og_site_name":"Rassegna Stampa Cattolica","article_publisher":"https:\/\/www.facebook.com\/rassegnastampacattolica","article_published_time":"2009-03-17T07:44:13+00:00","article_modified_time":"2016-04-27T09:38:35+00:00","og_image":[{"width":234,"height":216,"url":"https:\/\/www.rassegnastampa-totustuus.it\/cattolica\/wp-content\/uploads\/2009\/03\/Antony-Flew.jpg","type":"image\/jpeg"}],"author":"Redazione","twitter_card":"summary_large_image","twitter_creator":"@rassegnastampa9","twitter_site":"@rassegnastampa9","twitter_misc":{"Scritto da":"Redazione","Tempo di lettura stimato":"4 minuti"},"schema":{"@context":"https:\/\/schema.org","@graph":[{"@type":"Article","@id":"https:\/\/www.rassegnastampa-totustuus.it\/cattolica\/flew-c-un-dio-nelluniverso\/#article","isPartOf":{"@id":"https:\/\/www.rassegnastampa-totustuus.it\/cattolica\/flew-c-un-dio-nelluniverso\/"},"author":{"name":"Redazione","@id":"https:\/\/www.rassegnastampa-totustuus.it\/cattolica\/#\/schema\/person\/08f319d2bd1a0904ad9e2bfb7b15e5c3"},"headline":"Flew: c\u2019&egrave; un Dio nell\u2019universo","datePublished":"2009-03-17T07:44:13+00:00","dateModified":"2016-04-27T09:38:35+00:00","mainEntityOfPage":{"@id":"https:\/\/www.rassegnastampa-totustuus.it\/cattolica\/flew-c-un-dio-nelluniverso\/"},"wordCount":785,"publisher":{"@id":"https:\/\/www.rassegnastampa-totustuus.it\/cattolica\/#organization"},"image":{"@id":"https:\/\/www.rassegnastampa-totustuus.it\/cattolica\/flew-c-un-dio-nelluniverso\/#primaryimage"},"thumbnailUrl":"https:\/\/www.rassegnastampa-totustuus.it\/cattolica\/wp-content\/uploads\/2009\/03\/Antony-Flew.jpg","keywords":["scienza e fede"],"articleSection":["Scienza"],"inLanguage":"it-IT"},{"@type":"WebPage","@id":"https:\/\/www.rassegnastampa-totustuus.it\/cattolica\/flew-c-un-dio-nelluniverso\/","url":"https:\/\/www.rassegnastampa-totustuus.it\/cattolica\/flew-c-un-dio-nelluniverso\/","name":"Flew: c\u2019&egrave; un Dio nell\u2019universo - Rassegna Stampa Cattolica","isPartOf":{"@id":"https:\/\/www.rassegnastampa-totustuus.it\/cattolica\/#website"},"primaryImageOfPage":{"@id":"https:\/\/www.rassegnastampa-totustuus.it\/cattolica\/flew-c-un-dio-nelluniverso\/#primaryimage"},"image":{"@id":"https:\/\/www.rassegnastampa-totustuus.it\/cattolica\/flew-c-un-dio-nelluniverso\/#primaryimage"},"thumbnailUrl":"https:\/\/www.rassegnastampa-totustuus.it\/cattolica\/wp-content\/uploads\/2009\/03\/Antony-Flew.jpg","datePublished":"2009-03-17T07:44:13+00:00","dateModified":"2016-04-27T09:38:35+00:00","description":"Rassegna Stampa Cattolica - Per una cultura che nasce dalla Rivelazione cristiana in conformit\u00e0 alla tradizione e al Magistero della Chiesa in opposizione ad ogni relativismo e totalitarismo","breadcrumb":{"@id":"https:\/\/www.rassegnastampa-totustuus.it\/cattolica\/flew-c-un-dio-nelluniverso\/#breadcrumb"},"inLanguage":"it-IT","potentialAction":[{"@type":"ReadAction","target":["https:\/\/www.rassegnastampa-totustuus.it\/cattolica\/flew-c-un-dio-nelluniverso\/"]}]},{"@type":"ImageObject","inLanguage":"it-IT","@id":"https:\/\/www.rassegnastampa-totustuus.it\/cattolica\/flew-c-un-dio-nelluniverso\/#primaryimage","url":"https:\/\/www.rassegnastampa-totustuus.it\/cattolica\/wp-content\/uploads\/2009\/03\/Antony-Flew.jpg","contentUrl":"https:\/\/www.rassegnastampa-totustuus.it\/cattolica\/wp-content\/uploads\/2009\/03\/Antony-Flew.jpg","width":234,"height":216},{"@type":"BreadcrumbList","@id":"https:\/\/www.rassegnastampa-totustuus.it\/cattolica\/flew-c-un-dio-nelluniverso\/#breadcrumb","itemListElement":[{"@type":"ListItem","position":1,"name":"Home","item":"https:\/\/www.rassegnastampa-totustuus.it\/cattolica\/"},{"@type":"ListItem","position":2,"name":"Flew: c\u2019&egrave; un Dio nell\u2019universo"}]},{"@type":"WebSite","@id":"https:\/\/www.rassegnastampa-totustuus.it\/cattolica\/#website","url":"https:\/\/www.rassegnastampa-totustuus.it\/cattolica\/","name":"Rassegna Stampa Cattolica","description":"Per una cultura che nasce dalla Rivelazione cristiana in conformit\u00e0 alla tradizione e al Magistero della Chiesa in opposizione ad ogni relativismo e totalitarismo","publisher":{"@id":"https:\/\/www.rassegnastampa-totustuus.it\/cattolica\/#organization"},"alternateName":"Rass. Cattolica","potentialAction":[{"@type":"SearchAction","target":{"@type":"EntryPoint","urlTemplate":"https:\/\/www.rassegnastampa-totustuus.it\/cattolica\/?s={search_term_string}"},"query-input":{"@type":"PropertyValueSpecification","valueRequired":true,"valueName":"search_term_string"}}],"inLanguage":"it-IT"},{"@type":"Organization","@id":"https:\/\/www.rassegnastampa-totustuus.it\/cattolica\/#organization","name":"Rassegna Stampa Cattolica","url":"https:\/\/www.rassegnastampa-totustuus.it\/cattolica\/","logo":{"@type":"ImageObject","inLanguage":"it-IT","@id":"https:\/\/www.rassegnastampa-totustuus.it\/cattolica\/#\/schema\/logo\/image\/","url":"https:\/\/www.rassegnastampa-totustuus.it\/cattolica\/wp-content\/uploads\/2014\/04\/logo-rassegna1.gif","contentUrl":"https:\/\/www.rassegnastampa-totustuus.it\/cattolica\/wp-content\/uploads\/2014\/04\/logo-rassegna1.gif","width":600,"height":163,"caption":"Rassegna Stampa Cattolica"},"image":{"@id":"https:\/\/www.rassegnastampa-totustuus.it\/cattolica\/#\/schema\/logo\/image\/"},"sameAs":["https:\/\/www.facebook.com\/rassegnastampacattolica","https:\/\/x.com\/rassegnastampa9"]},{"@type":"Person","@id":"https:\/\/www.rassegnastampa-totustuus.it\/cattolica\/#\/schema\/person\/08f319d2bd1a0904ad9e2bfb7b15e5c3","name":"Redazione","image":{"@type":"ImageObject","inLanguage":"it-IT","@id":"https:\/\/secure.gravatar.com\/avatar\/2fcdf27c78ea025fbdb44e914cc63c72249ffec9dc8aafd5c82b26240ef3f346?s=96&d=mm&r=g","url":"https:\/\/secure.gravatar.com\/avatar\/2fcdf27c78ea025fbdb44e914cc63c72249ffec9dc8aafd5c82b26240ef3f346?s=96&d=mm&r=g","contentUrl":"https:\/\/secure.gravatar.com\/avatar\/2fcdf27c78ea025fbdb44e914cc63c72249ffec9dc8aafd5c82b26240ef3f346?s=96&d=mm&r=g","caption":"Redazione"},"url":"https:\/\/www.rassegnastampa-totustuus.it\/cattolica\/author\/pietroelle\/"}]}},"_links":{"self":[{"href":"https:\/\/www.rassegnastampa-totustuus.it\/cattolica\/wp-json\/wp\/v2\/posts\/2859","targetHints":{"allow":["GET"]}}],"collection":[{"href":"https:\/\/www.rassegnastampa-totustuus.it\/cattolica\/wp-json\/wp\/v2\/posts"}],"about":[{"href":"https:\/\/www.rassegnastampa-totustuus.it\/cattolica\/wp-json\/wp\/v2\/types\/post"}],"author":[{"embeddable":true,"href":"https:\/\/www.rassegnastampa-totustuus.it\/cattolica\/wp-json\/wp\/v2\/users\/6"}],"replies":[{"embeddable":true,"href":"https:\/\/www.rassegnastampa-totustuus.it\/cattolica\/wp-json\/wp\/v2\/comments?post=2859"}],"version-history":[{"count":4,"href":"https:\/\/www.rassegnastampa-totustuus.it\/cattolica\/wp-json\/wp\/v2\/posts\/2859\/revisions"}],"predecessor-version":[{"id":33494,"href":"https:\/\/www.rassegnastampa-totustuus.it\/cattolica\/wp-json\/wp\/v2\/posts\/2859\/revisions\/33494"}],"wp:featuredmedia":[{"embeddable":true,"href":"https:\/\/www.rassegnastampa-totustuus.it\/cattolica\/wp-json\/wp\/v2\/media\/33493"}],"wp:attachment":[{"href":"https:\/\/www.rassegnastampa-totustuus.it\/cattolica\/wp-json\/wp\/v2\/media?parent=2859"}],"wp:term":[{"taxonomy":"category","embeddable":true,"href":"https:\/\/www.rassegnastampa-totustuus.it\/cattolica\/wp-json\/wp\/v2\/categories?post=2859"},{"taxonomy":"post_tag","embeddable":true,"href":"https:\/\/www.rassegnastampa-totustuus.it\/cattolica\/wp-json\/wp\/v2\/tags?post=2859"}],"curies":[{"name":"wp","href":"https:\/\/api.w.org\/{rel}","templated":true}]}}