{"id":2854,"date":"2009-03-16T08:45:47","date_gmt":"2009-03-16T07:45:47","guid":{"rendered":""},"modified":"2016-03-04T11:43:55","modified_gmt":"2016-03-04T10:43:55","slug":"il-valore-universale-della-ragione-da-ankara-a-ratisbona-e-ritorno","status":"publish","type":"post","link":"https:\/\/www.rassegnastampa-totustuus.it\/cattolica\/il-valore-universale-della-ragione-da-ankara-a-ratisbona-e-ritorno\/","title":{"rendered":"Il valore universale della ragione: da Ankara a Ratisbona e ritorno"},"content":{"rendered":"<div style=\"text-align: center;\">\n<div id=\"attachment_31450\" style=\"width: 250px\" class=\"wp-caption alignleft\"><img loading=\"lazy\" decoding=\"async\" aria-describedby=\"caption-attachment-31450\" class=\"wp-image-31450\" src=\"https:\/\/www.rassegnastampa-totustuus.it\/cattolica\/wp-content\/uploads\/2009\/03\/Benedetto-XVI_Ratisbona.jpg\" alt=\"Benedetto XVI_Ratisbona\" width=\"250\" height=\"166\" \/><p id=\"caption-attachment-31450\" class=\"wp-caption-text\">Benedetto XVI a Ratisbona<\/p><\/div>\n<p><em><strong>Nuntium.<\/strong><\/em> <em>Rivista quadrimestrale della Pontificia Universit\u00e0 Lateranense<\/em>, nuova serie, anno XIX, n. 35-36, maggio-dicembre 2008<\/div>\n<p style=\"text-align: center;\">di <strong>Massimo Introvigne <\/strong><\/p>\n<p style=\"text-align: justify;\">Il discorso di Ratisbona \u00e8 spesso ricordato come un discorso sull\u2019islam, ma l\u2019islam \u2013 cui sono dedicati solo i primi paragrafi del testo \u2013 serve al Papa soprattutto come elemento di confronto, per fare emergere che cosa l\u2019Europa dovrebbe essere e purtroppo non \u00e8.<\/p>\n<p><!--more--><\/p>\n<div style=\"text-align: justify;\">A Ratisbona il Papa parte da un dialogo che vede contrapposti nel 1391 ad Ankara l\u2019imperatore bizantino Manuele II Paleologo (1350-1425) e un saggio musulmano. L\u2019imperatore ha ricevuto un invito che non pu\u00f2 rifiutare ad accompagnarlo in una partita di caccia dal sultano turco Bayazet I (1360-1403), il cui minaccioso esercito \u00e8 molto pi\u00f9 potente del suo. Sulla passione per la caccia di Bayazet, Manuele si permette anche qualche battuta: il sultano si aspetta, dice, di trovare in Paradiso non solo le famose vergini, ma anche un buon numero di cani da caccia (Manuele II Paleologo 2007, 46).<\/div>\n<p style=\"text-align: justify;\">Notiamo, di passaggio, che bench\u00e9 Bayazet I sia passato alla storia come un sovrano piuttosto crudele, da certi punti di vista la tolleranza di questi musulmani turchi del XIV secolo regge favorevolmente il paragone con quella di alcuni musulmani moderni. Manuele pu\u00f2 permettersi \u2013 in un Paese musulmano e in pubblico \u2013 non solo la battuta sui cani paradisiaci, ma anche quelle aspre critiche a Muhammad (<em>c.<\/em>\u00a0570-632) la cui semplice citazione (precisando che si trattava di parole che il Papa non intendeva fare sue) da parte di Benedetto XVI ha indotto l\u2019islam ultra-fondamentalista (che, certo, non va confuso con\u00a0<em>tutto<\/em>\u00a0l\u2019islam) a proteste, manifestazioni di piazza e purtroppo perfino omicidi nel 2006.<\/p>\n<p style=\"text-align: justify;\">Tuttavia nel 1391 certamente Manuele non pu\u00f2 invocare il Vangelo o la teologia di fronte a un pubblico musulmano: propone allora al suo interlocutore di discutere non sulla base della fede, ma della ragione. L\u2019islamico accetta, ma il dialogo non va da nessuna parte perch\u00e9 Manuele e il musulmano hanno due idee diverse della ragione. Per l\u2019imperatore greco la ragione \u00e8 il fondamento filosofico di tutte le cose.<\/p>\n<p style=\"text-align: justify;\">Per il musulmano questo fondamento non esiste \u2013 il suo Dio, Allah, \u00abnon dipende da nessuno dei suoi atti\u00bb (Manuele II Paleologo 2007, 54) e pu\u00f2 cambiare ogni minuto le leggi che regolano il mondo, cos\u00ec che ogni conoscenza razionale \u00e8 incerta e provvisoria. Per l\u2019islamico argomentare in base alla ragione significa semplicemente citare fatti empirici. La sua nozione di ragione \u00e8 meramente strumentale.<\/p>\n<p style=\"text-align: justify;\">Da questo punto di vista il quarto dei ventisei dialoghi fra l\u2019imperatore e il saggio islamico, apparentemente una disputa \u2013 precisamente \u2013 \u00abbizantina\u00bb, ha invece la sua importanza. Manuele II contesta l\u2019opinione di alcuni musulmani secondo cui, dal punto di vista della capacit\u00e0 di conoscere con certezza la verit\u00e0 l\u2019anima dell\u2019uomo e quella degli animali non sono poi cos\u00ec diverse (cfr.\u00a0<em>ibid<\/em>., 33-34). Niente affatto, ribatte Manuele: l\u2019uomo ha la ragione, che gli animali non hanno. Ed \u00e8 evidente che importanti qui non sono tanto gli animali, ma la possibilit\u00e0 della ragione umana di conoscere la verit\u00e0.<\/p>\n<p style=\"text-align: justify;\">Munito della sua nozione meramente strumentale di ragione, il musulmano usa nel quinto dialogo (cfr.\u00a0<em>ibid<\/em>., 34-35) l\u2019argomento che pensa chiuda la discussione: la prova della superiorit\u00e0 dell\u2019islam sul cristianesimo \u00e8 che le armate del Profeta stanno vincendo ovunque, e lo stesso impero di Bisanzio \u00e8 ridotto a uno staterello. Naturalmente tre secoli dopo, quando a partire dalla sconfitta di Vienna nel 1683 i musulmani cominceranno a perdere le battaglie e le guerre, l\u2019argomento potr\u00e0 essere rovesciato. Ma non \u00e8 questo il punto.<\/p>\n<p style=\"text-align: justify;\">Per Manuele II \u2013 e per Benedetto XVI \u2013 la vita, i diritti umani e la possibilit\u00e0 di convivere fra religioni diverse sono garantite solo da una fiducia nella ragione come strumento capace di conoscere la verit\u00e0. Se manca questa fiducia, quale sia la verit\u00e0 \u00e8 deciso da quali eserciti vincano, e oggi da chi sia pi\u00f9 capace di fare esplodere bombe. La verit\u00e0 \u2013 e Dio stesso, che \u00e8 verit\u00e0 \u2013 diventano semplici funzioni della violenza.<\/p>\n<p style=\"text-align: justify;\">Nel suo viaggio del settembre 2007 in Austria Benedetto XVI \u00e8 idealmente tornato a Ratisbona. La \u00abquestione essenziale\u00bb per Benedetto XVI oggi non riguarda anzitutto la fede. Non si tratta di una precedenza ontologica \u2013 la fede, che salva, verrebbe prima della ragione \u2013 ma cronologica. Se non crediamo che alcune proposizioni possano essere vere, se anzi sosteniamo che non esistono in assoluto affermazioni vere, allora anche tesi come \u00abDio ci salva\u00bb o \u00abGes\u00f9 \u00e8 Dio\u00bb non possono essere vere, perch\u00e9 nessuna tesi lo \u00e8.<\/p>\n<p style=\"text-align: justify;\">Ecco dunque perch\u00e9 si deve partire dalla ragione, e perch\u00e9 ci si trova oggi in una situazione paradossale in cui \u00e8 la Chiesa a doversi fare carico di difendere la ragione. La grande domanda \u00e8, come il Papa ha ricordato a Vienna, se la ragione \u00abstia al principio di tutte le cose e a loro fondamento o no\u00bb (Benedetto XVI 2007a). Sulla base della risposta positiva a questa domanda, che nasce dall\u2019eredit\u00e0 greca, dall\u2019ebraismo e dal cristianesimo, si costruiscono propriamente l\u2019Europa e l\u2019Occidente.<\/p>\n<p style=\"text-align: justify;\">E si costruisce anche il vero dialogo delle culture e delle religioni. Solo se si crede che la ragione sia un principio e fondamento universale si pu\u00f2 credere nella verit\u00e0 e trovare un terreno comune di dialogo, ritenendo appunto che alcune norme e valori siano veri per tutti gli uomini in quanto tali.<\/p>\n<p style=\"text-align: justify;\">Nello stesso viaggio in Austria, a Mariazell, il Papa ha sottolineato come l\u2019abbandono del primato della ragione porta a una \u00abrassegnazione che considera l\u2019uomo incapace della verit\u00e0\u00bb (Benedetto XVI 2007b). Se non esiste \u00abla\u00bb verit\u00e0, non esistono \u00able\u00bb verit\u00e0, n\u00e9 valori universali. Al contrario \u2013 tornando sul luogo dell\u2019antico dibattito di Manuele II Paleologo, ad Ankara, e incontrando il rappresentante del Direttorato degli Affari Religiosi turco, il\u00a0<em>Diyanet<\/em>\u00a0\u2013 il Papa ricordava che, dove comuni \u00abvalori morali\u00bb sono condivisi, l\u00ec in un \u00abun dialogo autentico fra cristiani e musulmani\u00bb \u00abpossiamo offrire una risposta credibile alla questione che emerge chiaramente dalla societ\u00e0 odierna, anche se essa \u00e8 spesso messa da parte, la questione, cio\u00e8, riguardante il significato e lo scopo della vita, per ogni individuo e per l&#8217;intera umanit\u00e0\u00bb (Benedetto XVI 2006).<\/p>\n<p style=\"text-align: justify;\">I valori e le verit\u00e0 accessibili alla ragione sono le regole del gioco chiamato societ\u00e0, dopo avere convenuto sulle quali ognuno \u2013 cristiano, musulmano o ateo \u2013 potr\u00e0 giocare la sua partita e cercare di vincerla. Ma senza regole non ci sar\u00e0 nessuna partita. O c\u2019\u00e8 una verit\u00e0 condivisa da tutti \u2013 una verit\u00e0 che non \u00e8 cristiana, musulmana o atea, ma \u00e8 semplicemente di ragione \u2013 o si torna allo scoglio su cui s\u2019infrange il dialogo fra Manuele II Paleologo e il musulmano: quale sia la verit\u00e0 lo decidono le armi.<\/p>\n<p style=\"text-align: justify;\">\u00c8 questo il dramma, ricordato da Benedetto XVI anche nell\u2019enciclica\u00a0<em>Spe salvi<\/em>\u00a0del 2007, delle ideologie moderne, che attraverso la riduzione della ragione a una semplice \u00abragione del potere e del fare\u00bb (Benedetto XVI 2007c, n. 23) preparano un mondo dove il dialogo \u00e8 impossibile e, per dirla con Karl Marx (1818-1883), l\u2019arma della critica cede progressivamente il posto alla critica delle armi.\u00a0 Il relativismo, il rifiuto di riconoscere verit\u00e0 e regole del gioco valide per tutti non prepara cos\u00ec la pace, come molti credono, ma la guerra.<\/p>\n<p style=\"text-align: justify;\"><strong>Riferimenti<\/strong><\/p>\n<p style=\"text-align: justify;\">Benedetto XVI. 2006.\u00a0<em>Incontro con il presidente del Direttorato degli Affari Religiosi<\/em>\u00a0ad Ankara, 28-11-2006.<\/p>\n<p style=\"text-align: justify;\">Benedetto XVI. 2007a.\u00a0<em>Incontro con le autorit\u00e0 e con il corpo diplomatico di Vienna<\/em>, 7-9-2007.<\/p>\n<p style=\"text-align: justify;\">Benedetto XVI. 2007b.\u00a0<em>Omelia della Santa Messa per l\u2019850\u00b0 anniversario della fondazione del Santuario di Mariazell<\/em>, Mariazell (Austria), 8-9-2007.<\/p>\n<p style=\"text-align: justify;\">Benedetto XVI. 2007c. Enciclica\u00a0<em>Spe salvi<\/em>, 30-11-2007.<\/p>\n<p style=\"text-align: justify;\">Manuele II Paleologo. 2007.\u00a0<em>Dialoghi con un musulmano. VII discussione<\/em>. Testo critico greco e note a cura di Th\u00e9odore Khoury, con traduzione italiana di Federica Artioli a fronte. Edizioni Studio Domenicano &#8211; Edizioni San Clemente, Bologna &#8211; Roma.<\/p>\n<p style=\"text-align: justify;\">(A.C. Valdera)<\/p>\n","protected":false},"excerpt":{"rendered":"<p>Nuntium. Rivista quadrimestrale della Pontificia Universit\u00e0 Lateranense, nuova serie, anno XIX, n. 35-36, maggio-dicembre 2008 di Massimo Introvigne Il discorso di Ratisbona \u00e8 spesso ricordato come un discorso sull\u2019islam, ma l\u2019islam \u2013 cui sono dedicati solo i primi paragrafi del testo \u2013 serve al Papa soprattutto come elemento di confronto, per fare emergere che cosa &hellip; <\/p>\n<p><a class=\"more-link btn\" href=\"https:\/\/www.rassegnastampa-totustuus.it\/cattolica\/il-valore-universale-della-ragione-da-ankara-a-ratisbona-e-ritorno\/\">Continua a leggere<\/a><\/p>\n","protected":false},"author":6,"featured_media":31450,"comment_status":"closed","ping_status":"open","sticky":false,"template":"","format":"standard","meta":{"footnotes":""},"categories":[110,5,41],"tags":[1352],"class_list":["post-2854","post","type-post","status-publish","format-standard","has-post-thumbnail","hentry","category-benedetto-xvi","category-chiesa","category-dialogo-ecumenico","tag-ratisbona","item-wrap"],"yoast_head":"<!-- This site is optimized with the Yoast SEO plugin v27.5 - https:\/\/yoast.com\/product\/yoast-seo-wordpress\/ -->\n<title>Il valore universale della ragione: da Ankara a Ratisbona e ritorno - Rassegna Stampa Cattolica<\/title>\n<meta name=\"description\" content=\"Rassegna Stampa Cattolica - Per una cultura che nasce dalla Rivelazione cristiana in conformit\u00e0 alla tradizione e al Magistero della Chiesa in opposizione ad ogni relativismo e totalitarismo\" \/>\n<meta name=\"robots\" content=\"index, follow, max-snippet:-1, max-image-preview:large, max-video-preview:-1\" \/>\n<link rel=\"canonical\" href=\"https:\/\/www.rassegnastampa-totustuus.it\/cattolica\/il-valore-universale-della-ragione-da-ankara-a-ratisbona-e-ritorno\/\" \/>\n<meta property=\"og:locale\" content=\"it_IT\" \/>\n<meta property=\"og:type\" content=\"article\" \/>\n<meta property=\"og:title\" content=\"Il valore universale della ragione: da Ankara a Ratisbona e ritorno - Rassegna Stampa Cattolica\" \/>\n<meta property=\"og:description\" content=\"Rassegna Stampa Cattolica - Per una cultura che nasce dalla Rivelazione cristiana in conformit\u00e0 alla tradizione e al Magistero della Chiesa in opposizione ad ogni relativismo e totalitarismo\" \/>\n<meta property=\"og:url\" content=\"https:\/\/www.rassegnastampa-totustuus.it\/cattolica\/il-valore-universale-della-ragione-da-ankara-a-ratisbona-e-ritorno\/\" \/>\n<meta property=\"og:site_name\" content=\"Rassegna Stampa Cattolica\" \/>\n<meta property=\"article:publisher\" content=\"https:\/\/www.facebook.com\/rassegnastampacattolica\" \/>\n<meta property=\"article:published_time\" content=\"2009-03-16T07:45:47+00:00\" \/>\n<meta property=\"article:modified_time\" content=\"2016-03-04T10:43:55+00:00\" \/>\n<meta property=\"og:image\" content=\"https:\/\/www.rassegnastampa-totustuus.it\/cattolica\/wp-content\/uploads\/2009\/03\/Benedetto-XVI_Ratisbona.jpg\" \/>\n\t<meta property=\"og:image:width\" content=\"275\" \/>\n\t<meta property=\"og:image:height\" content=\"183\" \/>\n\t<meta property=\"og:image:type\" content=\"image\/jpeg\" \/>\n<meta name=\"author\" content=\"Redazione\" \/>\n<meta name=\"twitter:card\" content=\"summary_large_image\" \/>\n<meta name=\"twitter:creator\" content=\"@rassegnastampa9\" \/>\n<meta name=\"twitter:site\" content=\"@rassegnastampa9\" \/>\n<meta name=\"twitter:label1\" content=\"Scritto da\" \/>\n\t<meta name=\"twitter:data1\" content=\"Redazione\" \/>\n\t<meta name=\"twitter:label2\" content=\"Tempo di lettura stimato\" \/>\n\t<meta name=\"twitter:data2\" content=\"6 minuti\" \/>\n<script type=\"application\/ld+json\" class=\"yoast-schema-graph\">{\"@context\":\"https:\\\/\\\/schema.org\",\"@graph\":[{\"@type\":\"Article\",\"@id\":\"https:\\\/\\\/www.rassegnastampa-totustuus.it\\\/cattolica\\\/il-valore-universale-della-ragione-da-ankara-a-ratisbona-e-ritorno\\\/#article\",\"isPartOf\":{\"@id\":\"https:\\\/\\\/www.rassegnastampa-totustuus.it\\\/cattolica\\\/il-valore-universale-della-ragione-da-ankara-a-ratisbona-e-ritorno\\\/\"},\"author\":{\"name\":\"Redazione\",\"@id\":\"https:\\\/\\\/www.rassegnastampa-totustuus.it\\\/cattolica\\\/#\\\/schema\\\/person\\\/08f319d2bd1a0904ad9e2bfb7b15e5c3\"},\"headline\":\"Il valore universale della ragione: da Ankara a Ratisbona e ritorno\",\"datePublished\":\"2009-03-16T07:45:47+00:00\",\"dateModified\":\"2016-03-04T10:43:55+00:00\",\"mainEntityOfPage\":{\"@id\":\"https:\\\/\\\/www.rassegnastampa-totustuus.it\\\/cattolica\\\/il-valore-universale-della-ragione-da-ankara-a-ratisbona-e-ritorno\\\/\"},\"wordCount\":1292,\"publisher\":{\"@id\":\"https:\\\/\\\/www.rassegnastampa-totustuus.it\\\/cattolica\\\/#organization\"},\"image\":{\"@id\":\"https:\\\/\\\/www.rassegnastampa-totustuus.it\\\/cattolica\\\/il-valore-universale-della-ragione-da-ankara-a-ratisbona-e-ritorno\\\/#primaryimage\"},\"thumbnailUrl\":\"https:\\\/\\\/www.rassegnastampa-totustuus.it\\\/cattolica\\\/wp-content\\\/uploads\\\/2009\\\/03\\\/Benedetto-XVI_Ratisbona.jpg\",\"keywords\":[\"Ratisbona\"],\"articleSection\":[\"Benedetto XVI\",\"Chiesa\",\"Dialogo ecumenico\"],\"inLanguage\":\"it-IT\"},{\"@type\":\"WebPage\",\"@id\":\"https:\\\/\\\/www.rassegnastampa-totustuus.it\\\/cattolica\\\/il-valore-universale-della-ragione-da-ankara-a-ratisbona-e-ritorno\\\/\",\"url\":\"https:\\\/\\\/www.rassegnastampa-totustuus.it\\\/cattolica\\\/il-valore-universale-della-ragione-da-ankara-a-ratisbona-e-ritorno\\\/\",\"name\":\"Il valore universale della ragione: da Ankara a Ratisbona e ritorno - Rassegna Stampa Cattolica\",\"isPartOf\":{\"@id\":\"https:\\\/\\\/www.rassegnastampa-totustuus.it\\\/cattolica\\\/#website\"},\"primaryImageOfPage\":{\"@id\":\"https:\\\/\\\/www.rassegnastampa-totustuus.it\\\/cattolica\\\/il-valore-universale-della-ragione-da-ankara-a-ratisbona-e-ritorno\\\/#primaryimage\"},\"image\":{\"@id\":\"https:\\\/\\\/www.rassegnastampa-totustuus.it\\\/cattolica\\\/il-valore-universale-della-ragione-da-ankara-a-ratisbona-e-ritorno\\\/#primaryimage\"},\"thumbnailUrl\":\"https:\\\/\\\/www.rassegnastampa-totustuus.it\\\/cattolica\\\/wp-content\\\/uploads\\\/2009\\\/03\\\/Benedetto-XVI_Ratisbona.jpg\",\"datePublished\":\"2009-03-16T07:45:47+00:00\",\"dateModified\":\"2016-03-04T10:43:55+00:00\",\"description\":\"Rassegna Stampa Cattolica - Per una cultura che nasce dalla Rivelazione cristiana in conformit\u00e0 alla tradizione e al Magistero della Chiesa in opposizione ad ogni relativismo e totalitarismo\",\"breadcrumb\":{\"@id\":\"https:\\\/\\\/www.rassegnastampa-totustuus.it\\\/cattolica\\\/il-valore-universale-della-ragione-da-ankara-a-ratisbona-e-ritorno\\\/#breadcrumb\"},\"inLanguage\":\"it-IT\",\"potentialAction\":[{\"@type\":\"ReadAction\",\"target\":[\"https:\\\/\\\/www.rassegnastampa-totustuus.it\\\/cattolica\\\/il-valore-universale-della-ragione-da-ankara-a-ratisbona-e-ritorno\\\/\"]}]},{\"@type\":\"ImageObject\",\"inLanguage\":\"it-IT\",\"@id\":\"https:\\\/\\\/www.rassegnastampa-totustuus.it\\\/cattolica\\\/il-valore-universale-della-ragione-da-ankara-a-ratisbona-e-ritorno\\\/#primaryimage\",\"url\":\"https:\\\/\\\/www.rassegnastampa-totustuus.it\\\/cattolica\\\/wp-content\\\/uploads\\\/2009\\\/03\\\/Benedetto-XVI_Ratisbona.jpg\",\"contentUrl\":\"https:\\\/\\\/www.rassegnastampa-totustuus.it\\\/cattolica\\\/wp-content\\\/uploads\\\/2009\\\/03\\\/Benedetto-XVI_Ratisbona.jpg\",\"width\":275,\"height\":183},{\"@type\":\"BreadcrumbList\",\"@id\":\"https:\\\/\\\/www.rassegnastampa-totustuus.it\\\/cattolica\\\/il-valore-universale-della-ragione-da-ankara-a-ratisbona-e-ritorno\\\/#breadcrumb\",\"itemListElement\":[{\"@type\":\"ListItem\",\"position\":1,\"name\":\"Home\",\"item\":\"https:\\\/\\\/www.rassegnastampa-totustuus.it\\\/cattolica\\\/\"},{\"@type\":\"ListItem\",\"position\":2,\"name\":\"Il valore universale della ragione: da Ankara a Ratisbona e ritorno\"}]},{\"@type\":\"WebSite\",\"@id\":\"https:\\\/\\\/www.rassegnastampa-totustuus.it\\\/cattolica\\\/#website\",\"url\":\"https:\\\/\\\/www.rassegnastampa-totustuus.it\\\/cattolica\\\/\",\"name\":\"Rassegna Stampa Cattolica\",\"description\":\"Per una cultura che nasce dalla Rivelazione cristiana in conformit\u00e0 alla tradizione e al Magistero della Chiesa in opposizione ad ogni relativismo e totalitarismo\",\"publisher\":{\"@id\":\"https:\\\/\\\/www.rassegnastampa-totustuus.it\\\/cattolica\\\/#organization\"},\"alternateName\":\"Rass. Cattolica\",\"potentialAction\":[{\"@type\":\"SearchAction\",\"target\":{\"@type\":\"EntryPoint\",\"urlTemplate\":\"https:\\\/\\\/www.rassegnastampa-totustuus.it\\\/cattolica\\\/?s={search_term_string}\"},\"query-input\":{\"@type\":\"PropertyValueSpecification\",\"valueRequired\":true,\"valueName\":\"search_term_string\"}}],\"inLanguage\":\"it-IT\"},{\"@type\":\"Organization\",\"@id\":\"https:\\\/\\\/www.rassegnastampa-totustuus.it\\\/cattolica\\\/#organization\",\"name\":\"Rassegna Stampa Cattolica\",\"url\":\"https:\\\/\\\/www.rassegnastampa-totustuus.it\\\/cattolica\\\/\",\"logo\":{\"@type\":\"ImageObject\",\"inLanguage\":\"it-IT\",\"@id\":\"https:\\\/\\\/www.rassegnastampa-totustuus.it\\\/cattolica\\\/#\\\/schema\\\/logo\\\/image\\\/\",\"url\":\"https:\\\/\\\/www.rassegnastampa-totustuus.it\\\/cattolica\\\/wp-content\\\/uploads\\\/2014\\\/04\\\/logo-rassegna1.gif\",\"contentUrl\":\"https:\\\/\\\/www.rassegnastampa-totustuus.it\\\/cattolica\\\/wp-content\\\/uploads\\\/2014\\\/04\\\/logo-rassegna1.gif\",\"width\":600,\"height\":163,\"caption\":\"Rassegna Stampa Cattolica\"},\"image\":{\"@id\":\"https:\\\/\\\/www.rassegnastampa-totustuus.it\\\/cattolica\\\/#\\\/schema\\\/logo\\\/image\\\/\"},\"sameAs\":[\"https:\\\/\\\/www.facebook.com\\\/rassegnastampacattolica\",\"https:\\\/\\\/x.com\\\/rassegnastampa9\"]},{\"@type\":\"Person\",\"@id\":\"https:\\\/\\\/www.rassegnastampa-totustuus.it\\\/cattolica\\\/#\\\/schema\\\/person\\\/08f319d2bd1a0904ad9e2bfb7b15e5c3\",\"name\":\"Redazione\",\"image\":{\"@type\":\"ImageObject\",\"inLanguage\":\"it-IT\",\"@id\":\"https:\\\/\\\/secure.gravatar.com\\\/avatar\\\/2fcdf27c78ea025fbdb44e914cc63c72249ffec9dc8aafd5c82b26240ef3f346?s=96&d=mm&r=g\",\"url\":\"https:\\\/\\\/secure.gravatar.com\\\/avatar\\\/2fcdf27c78ea025fbdb44e914cc63c72249ffec9dc8aafd5c82b26240ef3f346?s=96&d=mm&r=g\",\"contentUrl\":\"https:\\\/\\\/secure.gravatar.com\\\/avatar\\\/2fcdf27c78ea025fbdb44e914cc63c72249ffec9dc8aafd5c82b26240ef3f346?s=96&d=mm&r=g\",\"caption\":\"Redazione\"},\"url\":\"https:\\\/\\\/www.rassegnastampa-totustuus.it\\\/cattolica\\\/author\\\/pietroelle\\\/\"}]}<\/script>\n<!-- \/ Yoast SEO plugin. -->","yoast_head_json":{"title":"Il valore universale della ragione: da Ankara a Ratisbona e ritorno - Rassegna Stampa Cattolica","description":"Rassegna Stampa Cattolica - Per una cultura che nasce dalla Rivelazione cristiana in conformit\u00e0 alla tradizione e al Magistero della Chiesa in opposizione ad ogni relativismo e totalitarismo","robots":{"index":"index","follow":"follow","max-snippet":"max-snippet:-1","max-image-preview":"max-image-preview:large","max-video-preview":"max-video-preview:-1"},"canonical":"https:\/\/www.rassegnastampa-totustuus.it\/cattolica\/il-valore-universale-della-ragione-da-ankara-a-ratisbona-e-ritorno\/","og_locale":"it_IT","og_type":"article","og_title":"Il valore universale della ragione: da Ankara a Ratisbona e ritorno - Rassegna Stampa Cattolica","og_description":"Rassegna Stampa Cattolica - Per una cultura che nasce dalla Rivelazione cristiana in conformit\u00e0 alla tradizione e al Magistero della Chiesa in opposizione ad ogni relativismo e totalitarismo","og_url":"https:\/\/www.rassegnastampa-totustuus.it\/cattolica\/il-valore-universale-della-ragione-da-ankara-a-ratisbona-e-ritorno\/","og_site_name":"Rassegna Stampa Cattolica","article_publisher":"https:\/\/www.facebook.com\/rassegnastampacattolica","article_published_time":"2009-03-16T07:45:47+00:00","article_modified_time":"2016-03-04T10:43:55+00:00","og_image":[{"width":275,"height":183,"url":"https:\/\/www.rassegnastampa-totustuus.it\/cattolica\/wp-content\/uploads\/2009\/03\/Benedetto-XVI_Ratisbona.jpg","type":"image\/jpeg"}],"author":"Redazione","twitter_card":"summary_large_image","twitter_creator":"@rassegnastampa9","twitter_site":"@rassegnastampa9","twitter_misc":{"Scritto da":"Redazione","Tempo di lettura stimato":"6 minuti"},"schema":{"@context":"https:\/\/schema.org","@graph":[{"@type":"Article","@id":"https:\/\/www.rassegnastampa-totustuus.it\/cattolica\/il-valore-universale-della-ragione-da-ankara-a-ratisbona-e-ritorno\/#article","isPartOf":{"@id":"https:\/\/www.rassegnastampa-totustuus.it\/cattolica\/il-valore-universale-della-ragione-da-ankara-a-ratisbona-e-ritorno\/"},"author":{"name":"Redazione","@id":"https:\/\/www.rassegnastampa-totustuus.it\/cattolica\/#\/schema\/person\/08f319d2bd1a0904ad9e2bfb7b15e5c3"},"headline":"Il valore universale della ragione: da Ankara a Ratisbona e ritorno","datePublished":"2009-03-16T07:45:47+00:00","dateModified":"2016-03-04T10:43:55+00:00","mainEntityOfPage":{"@id":"https:\/\/www.rassegnastampa-totustuus.it\/cattolica\/il-valore-universale-della-ragione-da-ankara-a-ratisbona-e-ritorno\/"},"wordCount":1292,"publisher":{"@id":"https:\/\/www.rassegnastampa-totustuus.it\/cattolica\/#organization"},"image":{"@id":"https:\/\/www.rassegnastampa-totustuus.it\/cattolica\/il-valore-universale-della-ragione-da-ankara-a-ratisbona-e-ritorno\/#primaryimage"},"thumbnailUrl":"https:\/\/www.rassegnastampa-totustuus.it\/cattolica\/wp-content\/uploads\/2009\/03\/Benedetto-XVI_Ratisbona.jpg","keywords":["Ratisbona"],"articleSection":["Benedetto XVI","Chiesa","Dialogo ecumenico"],"inLanguage":"it-IT"},{"@type":"WebPage","@id":"https:\/\/www.rassegnastampa-totustuus.it\/cattolica\/il-valore-universale-della-ragione-da-ankara-a-ratisbona-e-ritorno\/","url":"https:\/\/www.rassegnastampa-totustuus.it\/cattolica\/il-valore-universale-della-ragione-da-ankara-a-ratisbona-e-ritorno\/","name":"Il valore universale della ragione: da Ankara a Ratisbona e ritorno - Rassegna Stampa Cattolica","isPartOf":{"@id":"https:\/\/www.rassegnastampa-totustuus.it\/cattolica\/#website"},"primaryImageOfPage":{"@id":"https:\/\/www.rassegnastampa-totustuus.it\/cattolica\/il-valore-universale-della-ragione-da-ankara-a-ratisbona-e-ritorno\/#primaryimage"},"image":{"@id":"https:\/\/www.rassegnastampa-totustuus.it\/cattolica\/il-valore-universale-della-ragione-da-ankara-a-ratisbona-e-ritorno\/#primaryimage"},"thumbnailUrl":"https:\/\/www.rassegnastampa-totustuus.it\/cattolica\/wp-content\/uploads\/2009\/03\/Benedetto-XVI_Ratisbona.jpg","datePublished":"2009-03-16T07:45:47+00:00","dateModified":"2016-03-04T10:43:55+00:00","description":"Rassegna Stampa Cattolica - Per una cultura che nasce dalla Rivelazione cristiana in conformit\u00e0 alla tradizione e al Magistero della Chiesa in opposizione ad ogni relativismo e totalitarismo","breadcrumb":{"@id":"https:\/\/www.rassegnastampa-totustuus.it\/cattolica\/il-valore-universale-della-ragione-da-ankara-a-ratisbona-e-ritorno\/#breadcrumb"},"inLanguage":"it-IT","potentialAction":[{"@type":"ReadAction","target":["https:\/\/www.rassegnastampa-totustuus.it\/cattolica\/il-valore-universale-della-ragione-da-ankara-a-ratisbona-e-ritorno\/"]}]},{"@type":"ImageObject","inLanguage":"it-IT","@id":"https:\/\/www.rassegnastampa-totustuus.it\/cattolica\/il-valore-universale-della-ragione-da-ankara-a-ratisbona-e-ritorno\/#primaryimage","url":"https:\/\/www.rassegnastampa-totustuus.it\/cattolica\/wp-content\/uploads\/2009\/03\/Benedetto-XVI_Ratisbona.jpg","contentUrl":"https:\/\/www.rassegnastampa-totustuus.it\/cattolica\/wp-content\/uploads\/2009\/03\/Benedetto-XVI_Ratisbona.jpg","width":275,"height":183},{"@type":"BreadcrumbList","@id":"https:\/\/www.rassegnastampa-totustuus.it\/cattolica\/il-valore-universale-della-ragione-da-ankara-a-ratisbona-e-ritorno\/#breadcrumb","itemListElement":[{"@type":"ListItem","position":1,"name":"Home","item":"https:\/\/www.rassegnastampa-totustuus.it\/cattolica\/"},{"@type":"ListItem","position":2,"name":"Il valore universale della ragione: da Ankara a Ratisbona e ritorno"}]},{"@type":"WebSite","@id":"https:\/\/www.rassegnastampa-totustuus.it\/cattolica\/#website","url":"https:\/\/www.rassegnastampa-totustuus.it\/cattolica\/","name":"Rassegna Stampa Cattolica","description":"Per una cultura che nasce dalla Rivelazione cristiana in conformit\u00e0 alla tradizione e al Magistero della Chiesa in opposizione ad ogni relativismo e totalitarismo","publisher":{"@id":"https:\/\/www.rassegnastampa-totustuus.it\/cattolica\/#organization"},"alternateName":"Rass. Cattolica","potentialAction":[{"@type":"SearchAction","target":{"@type":"EntryPoint","urlTemplate":"https:\/\/www.rassegnastampa-totustuus.it\/cattolica\/?s={search_term_string}"},"query-input":{"@type":"PropertyValueSpecification","valueRequired":true,"valueName":"search_term_string"}}],"inLanguage":"it-IT"},{"@type":"Organization","@id":"https:\/\/www.rassegnastampa-totustuus.it\/cattolica\/#organization","name":"Rassegna Stampa Cattolica","url":"https:\/\/www.rassegnastampa-totustuus.it\/cattolica\/","logo":{"@type":"ImageObject","inLanguage":"it-IT","@id":"https:\/\/www.rassegnastampa-totustuus.it\/cattolica\/#\/schema\/logo\/image\/","url":"https:\/\/www.rassegnastampa-totustuus.it\/cattolica\/wp-content\/uploads\/2014\/04\/logo-rassegna1.gif","contentUrl":"https:\/\/www.rassegnastampa-totustuus.it\/cattolica\/wp-content\/uploads\/2014\/04\/logo-rassegna1.gif","width":600,"height":163,"caption":"Rassegna Stampa Cattolica"},"image":{"@id":"https:\/\/www.rassegnastampa-totustuus.it\/cattolica\/#\/schema\/logo\/image\/"},"sameAs":["https:\/\/www.facebook.com\/rassegnastampacattolica","https:\/\/x.com\/rassegnastampa9"]},{"@type":"Person","@id":"https:\/\/www.rassegnastampa-totustuus.it\/cattolica\/#\/schema\/person\/08f319d2bd1a0904ad9e2bfb7b15e5c3","name":"Redazione","image":{"@type":"ImageObject","inLanguage":"it-IT","@id":"https:\/\/secure.gravatar.com\/avatar\/2fcdf27c78ea025fbdb44e914cc63c72249ffec9dc8aafd5c82b26240ef3f346?s=96&d=mm&r=g","url":"https:\/\/secure.gravatar.com\/avatar\/2fcdf27c78ea025fbdb44e914cc63c72249ffec9dc8aafd5c82b26240ef3f346?s=96&d=mm&r=g","contentUrl":"https:\/\/secure.gravatar.com\/avatar\/2fcdf27c78ea025fbdb44e914cc63c72249ffec9dc8aafd5c82b26240ef3f346?s=96&d=mm&r=g","caption":"Redazione"},"url":"https:\/\/www.rassegnastampa-totustuus.it\/cattolica\/author\/pietroelle\/"}]}},"_links":{"self":[{"href":"https:\/\/www.rassegnastampa-totustuus.it\/cattolica\/wp-json\/wp\/v2\/posts\/2854","targetHints":{"allow":["GET"]}}],"collection":[{"href":"https:\/\/www.rassegnastampa-totustuus.it\/cattolica\/wp-json\/wp\/v2\/posts"}],"about":[{"href":"https:\/\/www.rassegnastampa-totustuus.it\/cattolica\/wp-json\/wp\/v2\/types\/post"}],"author":[{"embeddable":true,"href":"https:\/\/www.rassegnastampa-totustuus.it\/cattolica\/wp-json\/wp\/v2\/users\/6"}],"replies":[{"embeddable":true,"href":"https:\/\/www.rassegnastampa-totustuus.it\/cattolica\/wp-json\/wp\/v2\/comments?post=2854"}],"version-history":[{"count":5,"href":"https:\/\/www.rassegnastampa-totustuus.it\/cattolica\/wp-json\/wp\/v2\/posts\/2854\/revisions"}],"predecessor-version":[{"id":31451,"href":"https:\/\/www.rassegnastampa-totustuus.it\/cattolica\/wp-json\/wp\/v2\/posts\/2854\/revisions\/31451"}],"wp:featuredmedia":[{"embeddable":true,"href":"https:\/\/www.rassegnastampa-totustuus.it\/cattolica\/wp-json\/wp\/v2\/media\/31450"}],"wp:attachment":[{"href":"https:\/\/www.rassegnastampa-totustuus.it\/cattolica\/wp-json\/wp\/v2\/media?parent=2854"}],"wp:term":[{"taxonomy":"category","embeddable":true,"href":"https:\/\/www.rassegnastampa-totustuus.it\/cattolica\/wp-json\/wp\/v2\/categories?post=2854"},{"taxonomy":"post_tag","embeddable":true,"href":"https:\/\/www.rassegnastampa-totustuus.it\/cattolica\/wp-json\/wp\/v2\/tags?post=2854"}],"curies":[{"name":"wp","href":"https:\/\/api.w.org\/{rel}","templated":true}]}}