{"id":2843,"date":"2009-03-13T10:19:41","date_gmt":"2009-03-13T09:19:41","guid":{"rendered":""},"modified":"2015-09-04T11:39:01","modified_gmt":"2015-09-04T09:39:01","slug":"quarantanni-di-multiculturalismo-ovvero-il-fallimento-di-unutopia","status":"publish","type":"post","link":"https:\/\/www.rassegnastampa-totustuus.it\/cattolica\/quarantanni-di-multiculturalismo-ovvero-il-fallimento-di-unutopia\/","title":{"rendered":"Quarant&#8217;anni di multiculturalismo ovvero il fallimento di un&#8217;utopia"},"content":{"rendered":"<div style=\"text-align: center;\"><strong><a href=\"https:\/\/www.rassegnastampa-totustuus.it\/cattolica\/wp-content\/uploads\/2009\/03\/multiculturalismo.jpg\"><img loading=\"lazy\" decoding=\"async\" class=\"alignright wp-image-26762\" src=\"https:\/\/www.rassegnastampa-totustuus.it\/cattolica\/wp-content\/uploads\/2009\/03\/multiculturalismo.jpg\" alt=\"multiculturalismo\" width=\"244\" height=\"207\" \/><\/a>L\u2019Occidentale <\/strong>11 novembre 2007<\/div>\n<p style=\"text-align: justify;\"><em>Gli articoli apparsi su L&#8217;Occidentale a firma di Sergio Belardinelli (28 settembre) e Daniela Coli (14 ottobre) mostrano con ricchezza di argomentazioni la difficolt\u00e0 italiana, che \u00e8 anche quella di buona parte del mondo occidentale, di capire esattamente che cosa sia il multiculturalismo.<\/em><\/p>\n<p style=\"text-align: center;\">di <strong>Luca Codignola <\/strong><\/p>\n<p><!--more--><\/p>\n<div style=\"text-align: justify;\">Tale parola ormai circola nel linguaggio corrente almeno dagli anni sessanta.\u00a0 Se proprio vogliamo trovare al multiculturalismo una data di partenza istituzionale, possiamo ricordare che il governo del Canada ne fece un suo obiettivo politico gi\u00e0 nel 1971, per poi approvarlo sotto forma di legge federale (<em>Canadian Multiculturalism Act<\/em>) qualche anno dopo (1988).<\/div>\n<p style=\"text-align: justify;\">Insomma, come anche per il Sessantotto, anche per quanto riguarda il multiculturalismo siamo ormai all&#8217;alba dei quarant&#8217;anni. Ma mentre del Sessantotto si parla ormai soltanto come di un evento del passato come pu\u00f2 esserlo il Risorgimento (con la differenza che molti reduci del Sessantotto non sono ancora morti), il multiculturalismo viene tirato in ballo a ogni pi\u00e9 sospinto per indicarvi la causa di tutti i mali (di solito in coppia con &#8220;relativismo&#8221;) o il motore immobile dell&#8217;ineluttabile progresso dell&#8217;umanit\u00e0 (e qui la coppia logica viene fatta con la &#8220;tolleranza&#8221;).<\/p>\n<p style=\"text-align: justify;\">In realt\u00e0 ci\u00f2 che sembrava molto semplice e molto bello all&#8217;inizio, vale a dire quarant&#8217;anni fa, si \u00e8 terribilmente complicato e imbruttito nel corso di questi suoi quarant&#8217;anni di vita, un po&#8217; come il bel bambino che a cinque anni \u00e8 una stella del pianoforte nell&#8217;Orchesta Suzuki e che poi, invece di diventare un nuovo Glenn Gould, a quarant&#8217;anni suona in un piano-bar e supplisce alla delusione del mondo tirando cocaina.<\/p>\n<p style=\"text-align: justify;\">Multiculturalismo, dunque, semplice e bello all&#8217;inizio: come ci si poteva dire contrari al fatto che le comunit\u00e0 etniche &#8220;nuove&#8221;, cio\u00e8 non fondatrici dell&#8217;identit\u00e0 nazionale, potessero non soltanto contribuire e partecipare alle opportunit\u00e0 offerte dal paese d&#8217;adozione, ma nel contempo conservare l&#8217;identit\u00e0 culturale di origine?<\/p>\n<p style=\"text-align: justify;\">L&#8217;idea di fondo era sostanzialmente la stessa che sottintendeva la politica di favoritismo nei confronti sia delle donne che delle &#8220;minoranze visibili&#8221;, nata anch&#8217;essa in quegli stessi anni: quella che sostituiva l&#8217;ormai antica idea di &#8220;equal opportunity&#8221; con quella apparentemente pi\u00f9 moderna di &#8220;affirmative action&#8221;.<\/p>\n<p style=\"text-align: justify;\">Multiculturalismo, invece, molto complicato e imbruttito in et\u00e0 adulta: come negare che le comunit\u00e0 &#8220;nuove&#8221; siano spesso rimaste delle entit\u00e0 separate all&#8217;interno del paese di adozione? Che quelle stesse comunit\u00e0 abbiano prodotto dei meccanismi di conflitto generazionale al loro interno proprio rispetto al livello accettabile di integrazione\u00a0 nella nuova cultura o di mantenimento di quella di origine?<\/p>\n<p style=\"text-align: justify;\">Come negare, come ricorda Daniela Coli nel suo articolo, che quelle stesse comunit\u00e0 &#8220;nuove&#8221; abbiano prodotto\u00a0 al loro interno gruppi violenti ed intolleranti proprio nei confronti di quella societ\u00e0 che non soltanto ne tollerava le differenze, ma anche ne apprezzava la &#8220;diversit\u00e0&#8221;? E, ultimo ma non per importanza, come mai il paese occidentale in cui oggi \u00e8 pi\u00f9 alta la sintesi tra tolleranza del diverso e integrazione sociale sono quegli Stati Uniti nei quali tradizionalmente l&#8217;unica strada che si apriva davanti a ogni nuovo arrivato era quella dell&#8217;americanizzazione forzata a livello culturale (il <em>melting pot<\/em>), e quella del &#8220;rimboccarsi le maniche&#8221; a livello economico?<\/p>\n<p style=\"text-align: justify;\">In effetti il Canada, nonostante il suo multiculturalismo conclamato e a suo tempo pionieristico, sta tornando rapidamente sui suoi passi. Il governo federale sta rapidamente sposando la vecchia tesi, un tempo propria soltanto dei quebecchesi della Confederazione, dei &#8220;due popoli fondatori&#8221; (quello francofono e quello anglofono), per negare la tesi della societ\u00e0 \u201cdalle molte culture\u201d, <em>inclusa<\/em> quella di origine francese.<\/p>\n<p style=\"text-align: justify;\">Anzi, quello stesso governo ha recentemente riconosciuto alla provincia del Qu\u00e9bec lo status di &#8220;nazione&#8221; &#8212; una nazione che, vale la pena di ricordarlo, \u00e8 al 70 per cento contraria al togliere i crocefissi dagli istituti pubblici, all&#8217;uso pubblico dell&#8217;<em>hijab<\/em> islamico, nonch\u00e8, naturalmente, a cambiare il nome alle centinaia di cittadine che sono state battezzate con il nome di un santo cattolico (Saint-Jean, Saint-Hubert, etc.).<\/p>\n<p style=\"text-align: justify;\">Non che i quebecchesi siano improvvisamente tornati cattolici come prima della Rivoluzione Tranquilla degli anni sessanta. Semplicemente essi rifiutano di riscrivere la loro storia a uso delle minoranze islamiche che hanno accolto a casa loro (di queste infatti soprattutto si tratta).<\/p>\n<p style=\"text-align: justify;\">L&#8217;Australia, altro paese tradizionalmente aperto e tollerante (un quarto dei suoi abitanti sono nati altrove), si sta muovendo nella stessa direzione del Canada. Gli scontri della marina di Sydney del 2005 hanno convinto il governo della necessit\u00e0 di imporre ai nuovi arrivati l&#8217;adesione a un certo numero di &#8220;valori australiani&#8221;, quali la tolleranza, la parit\u00e0 tra i sessi e la libert\u00e0 di espressione, nonch\u00e9 di verificare il loro grado di conoscenza della lingua inglese e dei fatti basilari della vita del paese da effettuarsi tramite questionari a risposta multipla.<\/p>\n<p style=\"text-align: justify;\">Per rimanere nell&#8217;ambito dei paesi di lunga tradizione di accoglienza, la Gran Bretagna, com&#8217;\u00e8 noto, sta cercando soluzioni ai suoi non piccoli problemi lungo percorsi consimili a quelli delle sue due grandi ex colonie. Ma anche in questo caso \u00e8 pi\u00f9 che evidente la concomitanza, apparentemente paradossale, tra multiculturalismo inteso come politica governativa propositiva e normativa, e intolleranza nei confronti del paese di adozione da parte di gruppi che provengono dalle comunit\u00e0 &#8220;nuove&#8221; e che propongono soluzioni nichiliste (anche qui la matrice islamica \u00e8 fondamentale, senza per\u00f2 dimenticare altre minoranze variamente attive quali i Sikh e i Tamil).<\/p>\n<p style=\"text-align: justify;\">Le stesse comunit\u00e0 etniche e religiose a cui appartengono questi gruppi nichilisti hanno un atteggiamento spesso giustificatorio e comunque contradditorio. Eppure la Gran Bretagna ha una lunghissima tradizione di accoglienza delle minoranze&#8221;visibili&#8221;, provenienti soprattutto dalle sue ex-colonie, il cui livello di &#8220;integrazione&#8221; \u00e8 stato certamente superiore a quello delle minoranze arrivate in epoca di multiculturalismo.<\/p>\n<p style=\"text-align: justify;\">Quanto all&#8217;Italia, basti qui dire che nonostante il <em>bla-bla-bla<\/em> sulla bellezza del multiculturalismo e sulla cittadinanza universale di cui nessun esponente politico ha il coraggio di fare a meno, se un amico dell&#8217;ex Terzo Mondo chiedesse il nostro parere, gli consiglieremmo sinceramente di non venire. Gli diremmo che non troverebbe che difficolt\u00e0 di inserimento nel mondo del lavoro, nessuna tradizione o struttura di accoglienza (se non da parte della Chiesa cattolica), una burocrazia spaventosa, un mercato immobiliare impossibile, un sistema bancario antiquato.<\/p>\n<p style=\"text-align: justify;\">Soprattutto, lo metteremmo in guardia nei confronti di quel mondo illegale, parallelo e alternativo rispetto a quello istituzionale, che senza dubbio gli aprirebbe la strada verso la ghettizzazione e la criminalizzazione. Forse consiglieremmo al nostro amico la via dell&#8217;Italia soltanto perch\u00e9 \u00e8 qui \u00e8 pi\u00f9 facile entrare (o quantomeno rimanere), per poi eventualmente proseguire verso gli altri paesi dell&#8217;Unione Europea.<\/p>\n<p style=\"text-align: justify;\">Peraltro nell\u2019Unione Europea non \u00e8 che la situazione complessiva sia sostanzialmente diversa dall&#8217;Italia &#8212; Scandinavia inclusa ed escluso forse il Portogallo &#8212; anche se per la vita di una persona proveniente da chiss\u00e0 quali sofferenze anche differenze apparentemente impercettibili ll\u2019occhio occidentale possono essere\u00a0 molto apprezzate da chi le sperimenta su di s\u00e9.<\/p>\n<p style=\"text-align: justify;\">Si potrebbe obiettare che \u00e8 sempre stato cos\u00ec; che nella storia del mondo qualunque comunit\u00e0 &#8220;nuova&#8221; ha pagato il suo prezzo iniziale di violenza e disumanit\u00e0, nonch\u00e9 di razzismo e di diseguaglianza, per preparare la strada all&#8217;integrazione delle generazioni future. Ci\u00f2 \u00e8 senz&#8217;altro vero. Ma tra il passato e il presente c&#8217;\u00e8 una differenza importante, per non dire sostanziale: quella tra multietnicit\u00e0 e multiculturalismo.<\/p>\n<p style=\"text-align: justify;\">Con multietnicit\u00e0 intendiamo la contemporanea presenza in uno stesso luogo di comunit\u00e0 di origine etnica diversa. In questo senso, dunque, la multietnicit\u00e0 \u00e8 sempre esistita &#8212; nella Genova del Duecento cos\u00ec come nella New York dell&#8217;Ottocento o nella Milano del Duemila. Si tratta di uno di quei fenomeni &#8220;ineluttabili&#8221; della storia dell&#8217;umanit\u00e0 che (al pari del fenomeno delle migrazioni, individuali o di massa, o di quello pi\u00f9 recente della globalizzazione), non \u00e8 mai stato prevedibile, pianificabile, e ancor meno controllabile. La multietnicit\u00e0, dunque, \u00e8 un dato di fatto.<\/p>\n<p style=\"text-align: justify;\">Con multiculturalismo invece intendiamo una politica, vale a dire una scelta cosciente operata dalla classe dirigente, la quale vorrebbe affrontare la realt\u00e0 della multietnicit\u00e0 per risolverne i problemi sul terreno culturale (qual \u00e8 quello dell&#8217;identit\u00e0). La logica politica del multiculturalismo \u00e8 per\u00f2 intrinsecamente contraddittoria. Da una parte, i problemi delle societ\u00e0 multietniche vengono attribuiti, quasi non ce ne fossero altre, a cause &#8220;economico-sociali&#8221; (o &#8220;economiche e sociali&#8221;), secondo lo il classico schema ideologico proposto dal marxismo ormai ampiamente condiviso nonch\u00e9 banalizzato.<\/p>\n<p style=\"text-align: justify;\">Dall&#8217;altra, poich\u00e9 nessuno ha ancora trovato il modo di eliminare rapidamente tali cause economico-sociali &#8211; e chi ha provato a farlo con utopie rigeneratrici ha provocato soltanto ulteriori e ancor pi\u00f9 gravi disastri &#8211; ecco che con altrettanto utopismo i leader &#8220;progressisti&#8221; del mondo occidentale si sono inventati la soluzione &#8220;multiculturalista&#8221;.<\/p>\n<p style=\"text-align: justify;\">Il multiculturalismo, dunque, non \u00e8 un dato di fatto, ma una scelta cosciente.<\/p>\n<p style=\"text-align: justify;\">Ma se si tratta di una politica cosciente e non di un evento incontrollabile, fino a che punto il multiculturalismo \u00e8 stato utile ad alleviare i problemi delle comunit\u00e0 multietniche? La mia personale opinione \u00e8 che la funzione del multiculturalismo nei paesi che per primi l&#8217;hanno adottato non sia stata negativa, ma nemmeno fondamentale. Nella pratica, quei paesi che non hanno adottato quella politica sono arrivati sostanzialmente agli stessi risultati.<\/p>\n<p style=\"text-align: justify;\">Nessuna &#8220;causa&#8221; \u00e8 stata rimossa. Nessun problema \u00e8 stato eliminato. In effetti, Canada e Australia stanno abbandonando il multiculturalismo. Stati Uniti e Gran Bretagna (quest&#8217;ultima soprattutto con il primo ministro Gordon Brown) ci stanno ripensando. In Europa, paesi socialmente &#8220;avanzati&#8221; come quelli scandinavi o i Paesi Bassi da tempo si chiedono dove mai abbiano sbagliato.<\/p>\n<p style=\"text-align: justify;\">L&#8217;Italia \u00e8 arrivata buona ultima al multiculturalismo. (Il centro-sinistra, ora incarnato soprattutto dal Partito Democratico, ne ha fatto uno dei suoi cavalli di battaglia.) Ma l&#8217;Italia arriva al multiculturalismo soprattutto per via ideologica, confondendo cio\u00e8 il lato morale (&#8220;nessuna cultura deve essere discriminata&#8221;) con il lato pragmatico (&#8220;il multiculturalismo migliora la vita delle persone?). \u00c8 questa tra morale e pratica un&#8217;ulteriore confusione che si va ad aggiungere a quella tra multietnicit\u00e0 e multiculturalismo.<\/p>\n<p style=\"text-align: justify;\">Quarant&#8217;anni di esperienza ci consentono invece di fare chiarezza su due punti fondamentali che dovranno essere tenuti presenti dal prossimo governo. Il primo punto \u00e8 che, per quanto riguarda la multietnicit\u00e0, bisogner\u00e0 impegnarsi non tanto a &#8220;pianificare l&#8217;avvenire&#8221; (altra utopia deleteria), quanto piuttosto a far fronte a quelle crisi che periodicamente si verificano e che derivano da eventi e movimenti che, bisogna avere il coraggio di ammetterlo, sono nel loro complesso tanto incontrollabili quanto lo \u00e8 l&#8217;eruzione di un vulcano.<\/p>\n<p style=\"text-align: justify;\">Il secondo punto \u00e8 che il multiculturalismo, in quanto politica cosciente, va abbandonato, sia perch\u00e9 non serve pi\u00f9 a soddisfare le nuovi crisi nelle quali si dibatte l\u2019Italia insieme al resto del mondo occidentale, sia perch\u00e9 la sua presenza impedisce di voltare pagina e di aprire nuovi spazi. Questi consentiranno di immaginare soluzioni volte non tanto a rimuovere utopisticamente le &#8220;cause dei problemi&#8221;, quanto piuttosto ad alleviarne le conseguenze.<\/p>\n<p style=\"text-align: justify;\">In fondo, il multiculturalismo \u00e8 stato immaginato quarant&#8217;anni fa proprio per il bisogno di voltare pagina. Se \u00e8 stato utile, ora non lo \u00e8 pi\u00f9. Giriamo la pagina, e inventiamo qualcosa di nuovo.<\/p>\n","protected":false},"excerpt":{"rendered":"<p>L\u2019Occidentale 11 novembre 2007 Gli articoli apparsi su L&#8217;Occidentale a firma di Sergio Belardinelli (28 settembre) e Daniela Coli (14 ottobre) mostrano con ricchezza di argomentazioni la difficolt\u00e0 italiana, che \u00e8 anche quella di buona parte del mondo occidentale, di capire esattamente che cosa sia il multiculturalismo. di Luca Codignola<\/p><p><a class=\"more-link btn\" href=\"https:\/\/www.rassegnastampa-totustuus.it\/cattolica\/quarantanni-di-multiculturalismo-ovvero-il-fallimento-di-unutopia\/\">Continua a leggere<\/a><\/p>\n","protected":false},"author":6,"featured_media":26762,"comment_status":"closed","ping_status":"open","sticky":false,"template":"","format":"standard","meta":{"footnotes":""},"categories":[38],"tags":[633],"class_list":["post-2843","post","type-post","status-publish","format-standard","has-post-thumbnail","hentry","category-immigrazione","tag-multiculturalismo","item-wrap"],"yoast_head":"<!-- This site is optimized with the Yoast SEO plugin v27.5 - https:\/\/yoast.com\/product\/yoast-seo-wordpress\/ -->\n<title>Quarant&#039;anni di multiculturalismo ovvero il fallimento di un&#039;utopia - Rassegna Stampa Cattolica<\/title>\n<meta name=\"description\" content=\"Rassegna Stampa Cattolica - Per una cultura che nasce dalla Rivelazione cristiana in conformit\u00e0 alla tradizione e al Magistero della Chiesa in opposizione ad ogni relativismo e totalitarismo\" \/>\n<meta name=\"robots\" content=\"index, follow, max-snippet:-1, max-image-preview:large, max-video-preview:-1\" \/>\n<link rel=\"canonical\" href=\"https:\/\/www.rassegnastampa-totustuus.it\/cattolica\/quarantanni-di-multiculturalismo-ovvero-il-fallimento-di-unutopia\/\" \/>\n<meta property=\"og:locale\" content=\"it_IT\" \/>\n<meta property=\"og:type\" content=\"article\" \/>\n<meta property=\"og:title\" content=\"Quarant&#039;anni di multiculturalismo ovvero il fallimento di un&#039;utopia - Rassegna Stampa Cattolica\" \/>\n<meta property=\"og:description\" content=\"Rassegna Stampa Cattolica - Per una cultura che nasce dalla Rivelazione cristiana in conformit\u00e0 alla tradizione e al Magistero della Chiesa in opposizione ad ogni relativismo e totalitarismo\" \/>\n<meta property=\"og:url\" content=\"https:\/\/www.rassegnastampa-totustuus.it\/cattolica\/quarantanni-di-multiculturalismo-ovvero-il-fallimento-di-unutopia\/\" \/>\n<meta property=\"og:site_name\" content=\"Rassegna Stampa Cattolica\" \/>\n<meta property=\"article:publisher\" content=\"https:\/\/www.facebook.com\/rassegnastampacattolica\" \/>\n<meta property=\"article:published_time\" content=\"2009-03-13T09:19:41+00:00\" \/>\n<meta property=\"article:modified_time\" content=\"2015-09-04T09:39:01+00:00\" \/>\n<meta property=\"og:image\" content=\"https:\/\/www.rassegnastampa-totustuus.it\/cattolica\/wp-content\/uploads\/2009\/03\/multiculturalismo.jpg\" \/>\n\t<meta property=\"og:image:width\" content=\"244\" \/>\n\t<meta property=\"og:image:height\" content=\"207\" \/>\n\t<meta property=\"og:image:type\" content=\"image\/jpeg\" \/>\n<meta name=\"author\" content=\"Redazione\" \/>\n<meta name=\"twitter:card\" content=\"summary_large_image\" \/>\n<meta name=\"twitter:creator\" content=\"@rassegnastampa9\" \/>\n<meta name=\"twitter:site\" content=\"@rassegnastampa9\" \/>\n<meta name=\"twitter:label1\" content=\"Scritto da\" \/>\n\t<meta name=\"twitter:data1\" content=\"Redazione\" \/>\n\t<meta name=\"twitter:label2\" content=\"Tempo di lettura stimato\" \/>\n\t<meta name=\"twitter:data2\" content=\"9 minuti\" \/>\n<script type=\"application\/ld+json\" class=\"yoast-schema-graph\">{\"@context\":\"https:\\\/\\\/schema.org\",\"@graph\":[{\"@type\":\"Article\",\"@id\":\"https:\\\/\\\/www.rassegnastampa-totustuus.it\\\/cattolica\\\/quarantanni-di-multiculturalismo-ovvero-il-fallimento-di-unutopia\\\/#article\",\"isPartOf\":{\"@id\":\"https:\\\/\\\/www.rassegnastampa-totustuus.it\\\/cattolica\\\/quarantanni-di-multiculturalismo-ovvero-il-fallimento-di-unutopia\\\/\"},\"author\":{\"name\":\"Redazione\",\"@id\":\"https:\\\/\\\/www.rassegnastampa-totustuus.it\\\/cattolica\\\/#\\\/schema\\\/person\\\/08f319d2bd1a0904ad9e2bfb7b15e5c3\"},\"headline\":\"Quarant&#8217;anni di multiculturalismo ovvero il fallimento di un&#8217;utopia\",\"datePublished\":\"2009-03-13T09:19:41+00:00\",\"dateModified\":\"2015-09-04T09:39:01+00:00\",\"mainEntityOfPage\":{\"@id\":\"https:\\\/\\\/www.rassegnastampa-totustuus.it\\\/cattolica\\\/quarantanni-di-multiculturalismo-ovvero-il-fallimento-di-unutopia\\\/\"},\"wordCount\":1814,\"publisher\":{\"@id\":\"https:\\\/\\\/www.rassegnastampa-totustuus.it\\\/cattolica\\\/#organization\"},\"image\":{\"@id\":\"https:\\\/\\\/www.rassegnastampa-totustuus.it\\\/cattolica\\\/quarantanni-di-multiculturalismo-ovvero-il-fallimento-di-unutopia\\\/#primaryimage\"},\"thumbnailUrl\":\"https:\\\/\\\/www.rassegnastampa-totustuus.it\\\/cattolica\\\/wp-content\\\/uploads\\\/2009\\\/03\\\/multiculturalismo.jpg\",\"keywords\":[\"multiculturalismo\"],\"articleSection\":[\"Immigrazione\"],\"inLanguage\":\"it-IT\"},{\"@type\":\"WebPage\",\"@id\":\"https:\\\/\\\/www.rassegnastampa-totustuus.it\\\/cattolica\\\/quarantanni-di-multiculturalismo-ovvero-il-fallimento-di-unutopia\\\/\",\"url\":\"https:\\\/\\\/www.rassegnastampa-totustuus.it\\\/cattolica\\\/quarantanni-di-multiculturalismo-ovvero-il-fallimento-di-unutopia\\\/\",\"name\":\"Quarant'anni di multiculturalismo ovvero il fallimento di un'utopia - Rassegna Stampa Cattolica\",\"isPartOf\":{\"@id\":\"https:\\\/\\\/www.rassegnastampa-totustuus.it\\\/cattolica\\\/#website\"},\"primaryImageOfPage\":{\"@id\":\"https:\\\/\\\/www.rassegnastampa-totustuus.it\\\/cattolica\\\/quarantanni-di-multiculturalismo-ovvero-il-fallimento-di-unutopia\\\/#primaryimage\"},\"image\":{\"@id\":\"https:\\\/\\\/www.rassegnastampa-totustuus.it\\\/cattolica\\\/quarantanni-di-multiculturalismo-ovvero-il-fallimento-di-unutopia\\\/#primaryimage\"},\"thumbnailUrl\":\"https:\\\/\\\/www.rassegnastampa-totustuus.it\\\/cattolica\\\/wp-content\\\/uploads\\\/2009\\\/03\\\/multiculturalismo.jpg\",\"datePublished\":\"2009-03-13T09:19:41+00:00\",\"dateModified\":\"2015-09-04T09:39:01+00:00\",\"description\":\"Rassegna Stampa Cattolica - Per una cultura che nasce dalla Rivelazione cristiana in conformit\u00e0 alla tradizione e al Magistero della Chiesa in opposizione ad ogni relativismo e totalitarismo\",\"breadcrumb\":{\"@id\":\"https:\\\/\\\/www.rassegnastampa-totustuus.it\\\/cattolica\\\/quarantanni-di-multiculturalismo-ovvero-il-fallimento-di-unutopia\\\/#breadcrumb\"},\"inLanguage\":\"it-IT\",\"potentialAction\":[{\"@type\":\"ReadAction\",\"target\":[\"https:\\\/\\\/www.rassegnastampa-totustuus.it\\\/cattolica\\\/quarantanni-di-multiculturalismo-ovvero-il-fallimento-di-unutopia\\\/\"]}]},{\"@type\":\"ImageObject\",\"inLanguage\":\"it-IT\",\"@id\":\"https:\\\/\\\/www.rassegnastampa-totustuus.it\\\/cattolica\\\/quarantanni-di-multiculturalismo-ovvero-il-fallimento-di-unutopia\\\/#primaryimage\",\"url\":\"https:\\\/\\\/www.rassegnastampa-totustuus.it\\\/cattolica\\\/wp-content\\\/uploads\\\/2009\\\/03\\\/multiculturalismo.jpg\",\"contentUrl\":\"https:\\\/\\\/www.rassegnastampa-totustuus.it\\\/cattolica\\\/wp-content\\\/uploads\\\/2009\\\/03\\\/multiculturalismo.jpg\",\"width\":244,\"height\":207},{\"@type\":\"BreadcrumbList\",\"@id\":\"https:\\\/\\\/www.rassegnastampa-totustuus.it\\\/cattolica\\\/quarantanni-di-multiculturalismo-ovvero-il-fallimento-di-unutopia\\\/#breadcrumb\",\"itemListElement\":[{\"@type\":\"ListItem\",\"position\":1,\"name\":\"Home\",\"item\":\"https:\\\/\\\/www.rassegnastampa-totustuus.it\\\/cattolica\\\/\"},{\"@type\":\"ListItem\",\"position\":2,\"name\":\"Quarant&#8217;anni di multiculturalismo ovvero il fallimento di un&#8217;utopia\"}]},{\"@type\":\"WebSite\",\"@id\":\"https:\\\/\\\/www.rassegnastampa-totustuus.it\\\/cattolica\\\/#website\",\"url\":\"https:\\\/\\\/www.rassegnastampa-totustuus.it\\\/cattolica\\\/\",\"name\":\"Rassegna Stampa Cattolica\",\"description\":\"Per una cultura che nasce dalla Rivelazione cristiana in conformit\u00e0 alla tradizione e al Magistero della Chiesa in opposizione ad ogni relativismo e totalitarismo\",\"publisher\":{\"@id\":\"https:\\\/\\\/www.rassegnastampa-totustuus.it\\\/cattolica\\\/#organization\"},\"alternateName\":\"Rass. Cattolica\",\"potentialAction\":[{\"@type\":\"SearchAction\",\"target\":{\"@type\":\"EntryPoint\",\"urlTemplate\":\"https:\\\/\\\/www.rassegnastampa-totustuus.it\\\/cattolica\\\/?s={search_term_string}\"},\"query-input\":{\"@type\":\"PropertyValueSpecification\",\"valueRequired\":true,\"valueName\":\"search_term_string\"}}],\"inLanguage\":\"it-IT\"},{\"@type\":\"Organization\",\"@id\":\"https:\\\/\\\/www.rassegnastampa-totustuus.it\\\/cattolica\\\/#organization\",\"name\":\"Rassegna Stampa Cattolica\",\"url\":\"https:\\\/\\\/www.rassegnastampa-totustuus.it\\\/cattolica\\\/\",\"logo\":{\"@type\":\"ImageObject\",\"inLanguage\":\"it-IT\",\"@id\":\"https:\\\/\\\/www.rassegnastampa-totustuus.it\\\/cattolica\\\/#\\\/schema\\\/logo\\\/image\\\/\",\"url\":\"https:\\\/\\\/www.rassegnastampa-totustuus.it\\\/cattolica\\\/wp-content\\\/uploads\\\/2014\\\/04\\\/logo-rassegna1.gif\",\"contentUrl\":\"https:\\\/\\\/www.rassegnastampa-totustuus.it\\\/cattolica\\\/wp-content\\\/uploads\\\/2014\\\/04\\\/logo-rassegna1.gif\",\"width\":600,\"height\":163,\"caption\":\"Rassegna Stampa Cattolica\"},\"image\":{\"@id\":\"https:\\\/\\\/www.rassegnastampa-totustuus.it\\\/cattolica\\\/#\\\/schema\\\/logo\\\/image\\\/\"},\"sameAs\":[\"https:\\\/\\\/www.facebook.com\\\/rassegnastampacattolica\",\"https:\\\/\\\/x.com\\\/rassegnastampa9\"]},{\"@type\":\"Person\",\"@id\":\"https:\\\/\\\/www.rassegnastampa-totustuus.it\\\/cattolica\\\/#\\\/schema\\\/person\\\/08f319d2bd1a0904ad9e2bfb7b15e5c3\",\"name\":\"Redazione\",\"image\":{\"@type\":\"ImageObject\",\"inLanguage\":\"it-IT\",\"@id\":\"https:\\\/\\\/secure.gravatar.com\\\/avatar\\\/2fcdf27c78ea025fbdb44e914cc63c72249ffec9dc8aafd5c82b26240ef3f346?s=96&d=mm&r=g\",\"url\":\"https:\\\/\\\/secure.gravatar.com\\\/avatar\\\/2fcdf27c78ea025fbdb44e914cc63c72249ffec9dc8aafd5c82b26240ef3f346?s=96&d=mm&r=g\",\"contentUrl\":\"https:\\\/\\\/secure.gravatar.com\\\/avatar\\\/2fcdf27c78ea025fbdb44e914cc63c72249ffec9dc8aafd5c82b26240ef3f346?s=96&d=mm&r=g\",\"caption\":\"Redazione\"},\"url\":\"https:\\\/\\\/www.rassegnastampa-totustuus.it\\\/cattolica\\\/author\\\/pietroelle\\\/\"}]}<\/script>\n<!-- \/ Yoast SEO plugin. -->","yoast_head_json":{"title":"Quarant'anni di multiculturalismo ovvero il fallimento di un'utopia - Rassegna Stampa Cattolica","description":"Rassegna Stampa Cattolica - Per una cultura che nasce dalla Rivelazione cristiana in conformit\u00e0 alla tradizione e al Magistero della Chiesa in opposizione ad ogni relativismo e totalitarismo","robots":{"index":"index","follow":"follow","max-snippet":"max-snippet:-1","max-image-preview":"max-image-preview:large","max-video-preview":"max-video-preview:-1"},"canonical":"https:\/\/www.rassegnastampa-totustuus.it\/cattolica\/quarantanni-di-multiculturalismo-ovvero-il-fallimento-di-unutopia\/","og_locale":"it_IT","og_type":"article","og_title":"Quarant'anni di multiculturalismo ovvero il fallimento di un'utopia - Rassegna Stampa Cattolica","og_description":"Rassegna Stampa Cattolica - Per una cultura che nasce dalla Rivelazione cristiana in conformit\u00e0 alla tradizione e al Magistero della Chiesa in opposizione ad ogni relativismo e totalitarismo","og_url":"https:\/\/www.rassegnastampa-totustuus.it\/cattolica\/quarantanni-di-multiculturalismo-ovvero-il-fallimento-di-unutopia\/","og_site_name":"Rassegna Stampa Cattolica","article_publisher":"https:\/\/www.facebook.com\/rassegnastampacattolica","article_published_time":"2009-03-13T09:19:41+00:00","article_modified_time":"2015-09-04T09:39:01+00:00","og_image":[{"width":244,"height":207,"url":"https:\/\/www.rassegnastampa-totustuus.it\/cattolica\/wp-content\/uploads\/2009\/03\/multiculturalismo.jpg","type":"image\/jpeg"}],"author":"Redazione","twitter_card":"summary_large_image","twitter_creator":"@rassegnastampa9","twitter_site":"@rassegnastampa9","twitter_misc":{"Scritto da":"Redazione","Tempo di lettura stimato":"9 minuti"},"schema":{"@context":"https:\/\/schema.org","@graph":[{"@type":"Article","@id":"https:\/\/www.rassegnastampa-totustuus.it\/cattolica\/quarantanni-di-multiculturalismo-ovvero-il-fallimento-di-unutopia\/#article","isPartOf":{"@id":"https:\/\/www.rassegnastampa-totustuus.it\/cattolica\/quarantanni-di-multiculturalismo-ovvero-il-fallimento-di-unutopia\/"},"author":{"name":"Redazione","@id":"https:\/\/www.rassegnastampa-totustuus.it\/cattolica\/#\/schema\/person\/08f319d2bd1a0904ad9e2bfb7b15e5c3"},"headline":"Quarant&#8217;anni di multiculturalismo ovvero il fallimento di un&#8217;utopia","datePublished":"2009-03-13T09:19:41+00:00","dateModified":"2015-09-04T09:39:01+00:00","mainEntityOfPage":{"@id":"https:\/\/www.rassegnastampa-totustuus.it\/cattolica\/quarantanni-di-multiculturalismo-ovvero-il-fallimento-di-unutopia\/"},"wordCount":1814,"publisher":{"@id":"https:\/\/www.rassegnastampa-totustuus.it\/cattolica\/#organization"},"image":{"@id":"https:\/\/www.rassegnastampa-totustuus.it\/cattolica\/quarantanni-di-multiculturalismo-ovvero-il-fallimento-di-unutopia\/#primaryimage"},"thumbnailUrl":"https:\/\/www.rassegnastampa-totustuus.it\/cattolica\/wp-content\/uploads\/2009\/03\/multiculturalismo.jpg","keywords":["multiculturalismo"],"articleSection":["Immigrazione"],"inLanguage":"it-IT"},{"@type":"WebPage","@id":"https:\/\/www.rassegnastampa-totustuus.it\/cattolica\/quarantanni-di-multiculturalismo-ovvero-il-fallimento-di-unutopia\/","url":"https:\/\/www.rassegnastampa-totustuus.it\/cattolica\/quarantanni-di-multiculturalismo-ovvero-il-fallimento-di-unutopia\/","name":"Quarant'anni di multiculturalismo ovvero il fallimento di un'utopia - Rassegna Stampa Cattolica","isPartOf":{"@id":"https:\/\/www.rassegnastampa-totustuus.it\/cattolica\/#website"},"primaryImageOfPage":{"@id":"https:\/\/www.rassegnastampa-totustuus.it\/cattolica\/quarantanni-di-multiculturalismo-ovvero-il-fallimento-di-unutopia\/#primaryimage"},"image":{"@id":"https:\/\/www.rassegnastampa-totustuus.it\/cattolica\/quarantanni-di-multiculturalismo-ovvero-il-fallimento-di-unutopia\/#primaryimage"},"thumbnailUrl":"https:\/\/www.rassegnastampa-totustuus.it\/cattolica\/wp-content\/uploads\/2009\/03\/multiculturalismo.jpg","datePublished":"2009-03-13T09:19:41+00:00","dateModified":"2015-09-04T09:39:01+00:00","description":"Rassegna Stampa Cattolica - Per una cultura che nasce dalla Rivelazione cristiana in conformit\u00e0 alla tradizione e al Magistero della Chiesa in opposizione ad ogni relativismo e totalitarismo","breadcrumb":{"@id":"https:\/\/www.rassegnastampa-totustuus.it\/cattolica\/quarantanni-di-multiculturalismo-ovvero-il-fallimento-di-unutopia\/#breadcrumb"},"inLanguage":"it-IT","potentialAction":[{"@type":"ReadAction","target":["https:\/\/www.rassegnastampa-totustuus.it\/cattolica\/quarantanni-di-multiculturalismo-ovvero-il-fallimento-di-unutopia\/"]}]},{"@type":"ImageObject","inLanguage":"it-IT","@id":"https:\/\/www.rassegnastampa-totustuus.it\/cattolica\/quarantanni-di-multiculturalismo-ovvero-il-fallimento-di-unutopia\/#primaryimage","url":"https:\/\/www.rassegnastampa-totustuus.it\/cattolica\/wp-content\/uploads\/2009\/03\/multiculturalismo.jpg","contentUrl":"https:\/\/www.rassegnastampa-totustuus.it\/cattolica\/wp-content\/uploads\/2009\/03\/multiculturalismo.jpg","width":244,"height":207},{"@type":"BreadcrumbList","@id":"https:\/\/www.rassegnastampa-totustuus.it\/cattolica\/quarantanni-di-multiculturalismo-ovvero-il-fallimento-di-unutopia\/#breadcrumb","itemListElement":[{"@type":"ListItem","position":1,"name":"Home","item":"https:\/\/www.rassegnastampa-totustuus.it\/cattolica\/"},{"@type":"ListItem","position":2,"name":"Quarant&#8217;anni di multiculturalismo ovvero il fallimento di un&#8217;utopia"}]},{"@type":"WebSite","@id":"https:\/\/www.rassegnastampa-totustuus.it\/cattolica\/#website","url":"https:\/\/www.rassegnastampa-totustuus.it\/cattolica\/","name":"Rassegna Stampa Cattolica","description":"Per una cultura che nasce dalla Rivelazione cristiana in conformit\u00e0 alla tradizione e al Magistero della Chiesa in opposizione ad ogni relativismo e totalitarismo","publisher":{"@id":"https:\/\/www.rassegnastampa-totustuus.it\/cattolica\/#organization"},"alternateName":"Rass. Cattolica","potentialAction":[{"@type":"SearchAction","target":{"@type":"EntryPoint","urlTemplate":"https:\/\/www.rassegnastampa-totustuus.it\/cattolica\/?s={search_term_string}"},"query-input":{"@type":"PropertyValueSpecification","valueRequired":true,"valueName":"search_term_string"}}],"inLanguage":"it-IT"},{"@type":"Organization","@id":"https:\/\/www.rassegnastampa-totustuus.it\/cattolica\/#organization","name":"Rassegna Stampa Cattolica","url":"https:\/\/www.rassegnastampa-totustuus.it\/cattolica\/","logo":{"@type":"ImageObject","inLanguage":"it-IT","@id":"https:\/\/www.rassegnastampa-totustuus.it\/cattolica\/#\/schema\/logo\/image\/","url":"https:\/\/www.rassegnastampa-totustuus.it\/cattolica\/wp-content\/uploads\/2014\/04\/logo-rassegna1.gif","contentUrl":"https:\/\/www.rassegnastampa-totustuus.it\/cattolica\/wp-content\/uploads\/2014\/04\/logo-rassegna1.gif","width":600,"height":163,"caption":"Rassegna Stampa Cattolica"},"image":{"@id":"https:\/\/www.rassegnastampa-totustuus.it\/cattolica\/#\/schema\/logo\/image\/"},"sameAs":["https:\/\/www.facebook.com\/rassegnastampacattolica","https:\/\/x.com\/rassegnastampa9"]},{"@type":"Person","@id":"https:\/\/www.rassegnastampa-totustuus.it\/cattolica\/#\/schema\/person\/08f319d2bd1a0904ad9e2bfb7b15e5c3","name":"Redazione","image":{"@type":"ImageObject","inLanguage":"it-IT","@id":"https:\/\/secure.gravatar.com\/avatar\/2fcdf27c78ea025fbdb44e914cc63c72249ffec9dc8aafd5c82b26240ef3f346?s=96&d=mm&r=g","url":"https:\/\/secure.gravatar.com\/avatar\/2fcdf27c78ea025fbdb44e914cc63c72249ffec9dc8aafd5c82b26240ef3f346?s=96&d=mm&r=g","contentUrl":"https:\/\/secure.gravatar.com\/avatar\/2fcdf27c78ea025fbdb44e914cc63c72249ffec9dc8aafd5c82b26240ef3f346?s=96&d=mm&r=g","caption":"Redazione"},"url":"https:\/\/www.rassegnastampa-totustuus.it\/cattolica\/author\/pietroelle\/"}]}},"_links":{"self":[{"href":"https:\/\/www.rassegnastampa-totustuus.it\/cattolica\/wp-json\/wp\/v2\/posts\/2843","targetHints":{"allow":["GET"]}}],"collection":[{"href":"https:\/\/www.rassegnastampa-totustuus.it\/cattolica\/wp-json\/wp\/v2\/posts"}],"about":[{"href":"https:\/\/www.rassegnastampa-totustuus.it\/cattolica\/wp-json\/wp\/v2\/types\/post"}],"author":[{"embeddable":true,"href":"https:\/\/www.rassegnastampa-totustuus.it\/cattolica\/wp-json\/wp\/v2\/users\/6"}],"replies":[{"embeddable":true,"href":"https:\/\/www.rassegnastampa-totustuus.it\/cattolica\/wp-json\/wp\/v2\/comments?post=2843"}],"version-history":[{"count":4,"href":"https:\/\/www.rassegnastampa-totustuus.it\/cattolica\/wp-json\/wp\/v2\/posts\/2843\/revisions"}],"predecessor-version":[{"id":26763,"href":"https:\/\/www.rassegnastampa-totustuus.it\/cattolica\/wp-json\/wp\/v2\/posts\/2843\/revisions\/26763"}],"wp:featuredmedia":[{"embeddable":true,"href":"https:\/\/www.rassegnastampa-totustuus.it\/cattolica\/wp-json\/wp\/v2\/media\/26762"}],"wp:attachment":[{"href":"https:\/\/www.rassegnastampa-totustuus.it\/cattolica\/wp-json\/wp\/v2\/media?parent=2843"}],"wp:term":[{"taxonomy":"category","embeddable":true,"href":"https:\/\/www.rassegnastampa-totustuus.it\/cattolica\/wp-json\/wp\/v2\/categories?post=2843"},{"taxonomy":"post_tag","embeddable":true,"href":"https:\/\/www.rassegnastampa-totustuus.it\/cattolica\/wp-json\/wp\/v2\/tags?post=2843"}],"curies":[{"name":"wp","href":"https:\/\/api.w.org\/{rel}","templated":true}]}}